{"id":627,"date":"2016-05-26T18:23:56","date_gmt":"2016-05-26T16:23:56","guid":{"rendered":"https:\/\/nowa.polowiec.pl\/legal-bulletin-of-the-law-office-of-adam-polowiec-14-20-march-2016\/"},"modified":"2019-04-18T19:35:57","modified_gmt":"2019-04-18T17:35:57","slug":"legal-bulletin-of-the-law-office-of-adam-polowiec-14-20-march-2016","status":"publish","type":"post","link":"https:\/\/polowiec.pl\/en\/legal-bulletin-of-the-law-office-of-adam-polowiec-14-20-march-2016\/","title":{"rendered":"Legal Bulletin Of The Law Office Of Adam Polowiec (14 &#8211; 20 March 2016)"},"content":{"rendered":"<p>We would like to present the next issue of legal bulletin of the Law Office of Adam Polowiec.<br \/>What you will find here is some information about the new provisions of law and the projects of amendments to acts, but also case-laws including the case laws of Supreme Court, Constitutional Tribunal and European Court of Justice.<\/p>\n<p>  <!--more-->  <\/p>\n<p class=\"NowePrawo\" style=\"text-align: justify;\"><span style=\"font-size: 12pt;\"><strong><span style=\"font-family: 'Calibri',sans-serif;\">_____Nowe Prawo<\/span><\/strong><\/span><\/p>\n<p class=\"Dziedzinaprawa\" style=\"text-align: justify;\"><span style=\"font-size: 12pt;\"><strong><span style=\"font-family: 'Calibri',sans-serif;\">DZIA\u0141ALNO\u015a\u0106 LECZNICZA<\/span><\/strong><\/span><\/p>\n<p class=\"Tekstpraswki\" style=\"text-align: justify;\"><span style=\"font-size: 12pt;\"><strong><span style=\"font-family: 'Calibri',sans-serif;\">Rozporz\u0105dzenie<\/span><\/strong><span style=\"font-family: 'Calibri',sans-serif;\"> Ministra Zdrowia <\/span><span style=\"font-family: 'Calibri',sans-serif;\">z dnia 3 marca 2016 r.<\/span><span style=\"font-family: 'Calibri',sans-serif;\">zmieniaj\u0105ce rozporz\u0105dzenie w<\/span><span style=\"font-family: 'Calibri',sans-serif;\">sprawie warunk&oacute;w wynagradzania za prac\u0119 pracownik&oacute;w podmiot&oacute;w leczniczych dzia\u0142aj\u0105cych w&nbsp;formie jednostki bud\u017cetowej<\/span><span style=\"font-family: 'Calibri',sans-serif;\"> (Dz. U. z&nbsp;2016 r., poz. 305)<strong> &#8211; wejdzie w&nbsp;\u017cycie z&nbsp;dniem 25 marca 2016 r.<\/strong><\/span><\/span><\/p>\n<p class=\"Omwienie\" style=\"text-align: justify;\"><span style=\"font-size: 12pt;\"><span style=\"font-family: 'Calibri',sans-serif;\">W rozporz\u0105dzeniu Ministra Zdrowia z&nbsp;dnia 17 lipca 2014 r. w&nbsp;sprawie warunk&oacute;w wynagradzania za prac\u0119 pracownik&oacute;w podmiot&oacute;w leczniczych dzia\u0142aj\u0105cych w&nbsp;formie jednostki bud\u017cetowej (Dz. U. poz. 954)<\/span><span style=\"font-family: 'Calibri',sans-serif;\"> zmianie ulegnie brzmienie za\u0142\u0105cznika nr 1, za\u0142\u0105cznika nr 2 do rozporz\u0105dzenia w&nbsp;cz\u0119\u015bci I&nbsp;&#8220;Pracownicy wykonuj\u0105cy zaw&oacute;d medyczny oraz inni pracownicy, kt&oacute;rych praca pozostaje w&nbsp;zwi\u0105zku z&nbsp;udzielaniem \u015bwiadcze\u0144 zdrowotnych&#8221;, za\u0142\u0105cznika nr 3 do rozporz\u0105dzenia cz\u0119\u015b\u0107 II &#8220;Pracownicy ekonomiczno-administracyjno-techniczni i&nbsp;obs\u0142ugi&#8221;, za\u0142\u0105cznika nr 4 do rozporz\u0105dzenia w&nbsp;cz\u0119\u015bci&nbsp;II&nbsp;&#8220;Pracownicy techniczni, ekonomiczni i&nbsp;administracyjni&#8221;.<\/span><\/span><\/p>\n<p>&nbsp;<\/p>\n<p class=\"Dziedzinaprawa\" style=\"text-align: justify;\"><span style=\"font-size: 12pt;\"><strong><span style=\"font-family: 'Calibri',sans-serif;\">KSI\u0118GI WIECZYSTE<\/span><\/strong><\/span><\/p>\n<p class=\"Tekstpraswki\" style=\"text-align: justify;\"><span style=\"font-size: 12pt;\"><strong><span style=\"font-family: 'Calibri',sans-serif;\">Rozporz\u0105dzenie<\/span><\/strong><span style=\"font-family: 'Calibri',sans-serif;\"> Ministra Sprawiedliwo\u015bci <\/span><span style=\"font-family: 'Calibri',sans-serif;\">z dnia 15 lutego 2016 r.<\/span><span style=\"font-family: 'Calibri',sans-serif;\">w sprawie zak\u0142adania i&nbsp;prowadzenia ksi\u0105g wieczystych w&nbsp;systemie teleinformatycznym<\/span><span style=\"font-family: 'Calibri',sans-serif;\"> (Dz.&nbsp;U.&nbsp;z&nbsp;2016&nbsp;r.,&nbsp;poz.&nbsp;312)<strong> &#8211; wejdzie w&nbsp;\u017cycie z&nbsp;dniem 1 kwietnia 2016 r.<\/strong><\/span><\/span><\/p>\n<p>&nbsp;<\/p>\n<p class=\"Dziedzinaprawa\" style=\"text-align: justify;\"><span style=\"font-size: 12pt;\"><strong><span style=\"font-family: 'Calibri',sans-serif;\">CUDZOZIEMCY<\/span><\/strong><\/span><\/p>\n<p class=\"Tekstpraswki\" style=\"text-align: justify;\"><span style=\"font-size: 12pt;\"><strong><span style=\"font-family: 'Calibri',sans-serif;\">R<\/span><\/strong><strong><span style=\"font-family: 'Calibri',sans-serif;\">ozporz\u0105dzenie<\/span><\/strong><span style=\"font-family: 'Calibri',sans-serif;\"> Ministra Spraw Wewn\u0119trznych i&nbsp;Administracji <\/span><span style=\"font-family: 'Calibri',sans-serif;\">z dnia 19 lutego 2016 r.<\/span><span style=\"font-family: 'Calibri',sans-serif;\">w sprawie wysoko\u015bci pomocy dla cudzoziemc&oacute;w ubiegaj\u0105cych si\u0119 o&nbsp;udzielenie ochrony mi\u0119dzynarodowej<\/span><span style=\"font-family: 'Calibri',sans-serif;\"> (Dz. U. z&nbsp;2016 r., poz. 311)<strong> &#8211; wejdzie w&nbsp;\u017cycie z&nbsp;dniem 26&nbsp;marca&nbsp;2016 r.<\/strong><\/span><\/span><\/p>\n<p>&nbsp;<\/p>\n<p class=\"Dziedzinaprawa\" style=\"text-align: justify;\"><span style=\"font-size: 12pt;\"><strong><span style=\"font-family: 'Calibri',sans-serif;\">PRAWO BUDOWLANE<\/span><\/strong><\/span><\/p>\n<p class=\"Tekstpraswki\" style=\"text-align: justify;\"><span style=\"font-size: 12pt;\"><strong><span style=\"font-family: 'Calibri',sans-serif;\">Rozporz\u0105dzenie<\/span><\/strong><span style=\"font-family: 'Calibri',sans-serif;\"> Ministra Infrastruktury i&nbsp;Budownictwa <\/span><span style=\"font-family: 'Calibri',sans-serif;\">z dnia 23 lutego 2016 r.<\/span><span style=\"font-family: 'Calibri',sans-serif;\">w<\/span><span style=\"font-family: 'Calibri',sans-serif;\">sprawie sposobu prowadzenia rejestr&oacute;w wniosk&oacute;w o&nbsp;pozwolenie na budow\u0119 i&nbsp;decyzji o<\/span><span style=\"font-family: 'Calibri',sans-serif;\">pozwoleniu na budow\u0119 oraz rejestr&oacute;w zg\u0142osze\u0144 dotycz\u0105cych budowy, o&nbsp;kt&oacute;rej mowa w<\/span><span style=\"font-family: 'Calibri',sans-serif;\">art. 29 ust. 1 pkt 1a, 2b i&nbsp;19a ustawy &#8211; Prawo budowlane<\/span><span style=\"font-family: 'Calibri',sans-serif;\"> (Dz. U. z&nbsp;2016 r., poz. 306)<strong> &#8211; wesz\u0142o w&nbsp;\u017cycie z&nbsp;dniem 18 marca 2016 r.<\/strong><\/span><\/span><\/p>\n<p>&nbsp;<\/p>\n<p class=\"Dziedzinaprawa\" style=\"text-align: justify;\"><span style=\"font-size: 12pt;\"><strong><span style=\"font-family: 'Calibri',sans-serif;\">OCHRONA ZDROWIA<\/span><\/strong><\/span><\/p>\n<p class=\"Tekstpraswki\" style=\"text-align: justify;\"><span style=\"font-size: 12pt;\"><strong><span style=\"font-family: 'Calibri',sans-serif;\">Rozporz\u0105dzenie<\/span><\/strong><span style=\"font-family: 'Calibri',sans-serif;\"> Ministra Zdrowia <\/span><span style=\"font-family: 'Calibri',sans-serif;\">z dnia 4 marca 2016 r. <\/span><span style=\"font-family: 'Calibri',sans-serif;\">w sprawie Og&oacute;lnopolskiego Rejestru Ostrych Zespo\u0142&oacute;w Wie\u0144cowych<\/span><span style=\"font-family: 'Calibri',sans-serif;\"> (Dz. U. z&nbsp;2016 r., poz. 320)<strong> &ndash; wesz\u0142o w&nbsp;\u017cycie z&nbsp;dniem 12 marca 2016 r.<\/strong><\/span><\/span><\/p>\n<p class=\"Tekstpraswki\" style=\"text-align: justify;\"><span style=\"font-size: 12pt;\"><strong><span style=\"font-family: 'Calibri',sans-serif;\">Rozporz\u0105dzenie<\/span><\/strong><span style=\"font-family: 'Calibri',sans-serif;\"> Ministra Zdrowia z&nbsp;dnia 4 marca 2016 r. w&nbsp;sprawie Krajowego Rejestru Operacji Kardiochirurgicznych (Dz. U. z&nbsp;2016 r., poz. 317)<strong> &ndash; wesz\u0142o w&nbsp;\u017cycie z&nbsp;dniem 12 marca 2016 r.<\/strong><\/span><\/span><\/p>\n<p class=\"Tekstpraswki\" style=\"text-align: justify;\"><span style=\"font-size: 12pt;\"><strong><span style=\"font-family: 'Calibri',sans-serif;\">Rozporz\u0105dzenie<\/span><\/strong><span style=\"font-family: 'Calibri',sans-serif;\"> Ministra Zdrowia z&nbsp;dnia 7 marca 2016 r. w&nbsp;sprawie Rejestru Medycznie Wspomaganej Prokreacji (Dz. U. z&nbsp;2016 r., poz. 316)<strong> &ndash; wesz\u0142o w&nbsp;\u017cycie z&nbsp;dniem 12&nbsp;marca 2016 r.<\/strong><\/span><\/span><\/p>\n<p>&nbsp;<\/p>\n<p class=\"Dziedzinaprawa\" style=\"text-align: justify;\"><span style=\"font-size: 12pt;\"><strong><span style=\"font-family: 'Calibri',sans-serif;\">PROKURATORIA GENERALNA SKARBU PA\u0143STWA<\/span><\/strong><\/span><\/p>\n<p class=\"Tekstpraswki\" style=\"text-align: justify;\"><span style=\"font-size: 12pt;\"><strong><span style=\"font-family: 'Calibri',sans-serif;\">Rozporz\u0105dzenie<\/span><\/strong><span style=\"font-family: 'Calibri',sans-serif;\"> Ministra Skarbu Pa\u0144stwa <\/span><span style=\"font-family: 'Calibri',sans-serif;\">z dnia 2 marca 2016 r.<\/span><span style=\"font-family: 'Calibri',sans-serif;\">w sprawie kryteri&oacute;w i<\/span><span style=\"font-family: 'Calibri',sans-serif;\">trybu dokonywania oceny kwalifikacyjnej radc&oacute;w i&nbsp;starszych radc&oacute;w Prokuratorii Generalnej Skarbu Pa\u0144stwa<\/span><span style=\"font-family: 'Calibri',sans-serif;\"> (Dz. U. z&nbsp;2016 r., poz. 355)<strong> &#8211; wejdzie w&nbsp;\u017cycie z&nbsp;dniem 31&nbsp;marca 2016 r.<\/strong><\/span><\/span><\/p>\n<p>&nbsp;<\/p>\n<p class=\"Dziedzinaprawa\" style=\"text-align: justify;\"><span style=\"font-size: 12pt;\"><strong><span style=\"font-family: 'Calibri',sans-serif;\">PRAWO O&nbsp;RUCHU DROGOWYM<\/span><\/strong><\/span><\/p>\n<p class=\"Tekstpraswki\" style=\"text-align: justify;\"><span style=\"font-size: 12pt;\"><strong><span style=\"font-family: 'Calibri',sans-serif;\">Rozporz\u0105dzenie<\/span><\/strong><span style=\"font-family: 'Calibri',sans-serif;\"> Ministra Infrastruktury i&nbsp;Budownictwa <\/span><span style=\"font-family: 'Calibri',sans-serif;\">z dnia 18 lutego 2016 r.<\/span><span style=\"font-family: 'Calibri',sans-serif;\">zmieniaj\u0105ce rozporz\u0105dzenie w&nbsp;sprawie szczeg&oacute;\u0142owych warunk&oacute;w zarz\u0105dzania ruchem na drogach oraz wykonywania nadzoru nad tym zarz\u0105dzaniem<\/span><span style=\"font-family: 'Calibri',sans-serif;\"> (Dz. U. z&nbsp;2016 r., poz. 314) <strong>&#8211; wejdzie w&nbsp;\u017cycie z&nbsp;dniem 1 lipca 2016 r.<\/strong><\/span><\/span><\/p>\n<p class=\"Omwienie\" style=\"text-align: justify;\"><span style=\"font-size: 12pt;\"><span style=\"font-family: 'Calibri',sans-serif;\">W rozporz\u0105dzeniu Ministra Infrastruktury z&nbsp;dnia 23 wrze\u015bnia 2003 r. w&nbsp;sprawie szczeg&oacute;\u0142owych warunk&oacute;w zarz\u0105dzania ruchem na drogach oraz wykonywania nadzoru nad tym zarz\u0105dzaniem (Dz. U. poz. 1729)<\/span><span style=\"font-family: 'Calibri',sans-serif;\"> zmianie ulegnie brzmienie &sect; 1, &sect; 2, &sect; 3, &sect; 4, &sect;&nbsp;5 ust. 2, &sect; 6 ust. 1, &sect; 7 ust. 3, &sect; 8, &sect; 9 ust. 4, &sect; 10 ust. 2, dodany zostanie &sect; 12a.<\/span><\/span><\/p>\n<p class=\"Tekstpraswki\" style=\"text-align: justify;\"><span style=\"font-size: 12pt;\"><strong><span style=\"font-family: 'Calibri',sans-serif;\">Rozporz\u0105dzenie<\/span><\/strong><span style=\"font-family: 'Calibri',sans-serif;\"> Ministra Infrastruktury i&nbsp;Budownictwa <\/span><span style=\"font-family: 'Calibri',sans-serif;\">z dnia 7 marca 2016 r.<\/span><span style=\"font-family: 'Calibri',sans-serif;\">zmieniaj\u0105ce rozporz\u0105dzenie w&nbsp;sprawie kurs&oacute;w dla kierowc&oacute;w pojazd&oacute;w uprzywilejowanych i&nbsp;pojazd&oacute;w przewo\u017c\u0105cych warto\u015bci pieni\u0119\u017cne<\/span><span style=\"font-family: 'Calibri',sans-serif;\"> (Dz. U. z&nbsp;2016 r., poz. 318) <strong>&#8211; wesz\u0142o w&nbsp;\u017cycie z&nbsp;dniem 12 marca 2016 r.<\/strong><\/span><\/span><\/p>\n<p class=\"Omwienie\" style=\"text-align: justify;\"><span style=\"font-size: 12pt;\"><span style=\"font-family: 'Calibri',sans-serif;\">W rozporz\u0105dzeniu Ministra Transportu, Budownictwa i&nbsp;Gospodarki Morskiej z&nbsp;dnia 15<\/span><span style=\"font-family: 'Calibri',sans-serif;\">maja 2013 r. w&nbsp;sprawie kurs&oacute;w dla kierowc&oacute;w pojazd&oacute;w uprzywilejowanych i <\/span><span style=\"font-family: 'Calibri',sans-serif;\">pojazd&oacute;w przewo\u017c\u0105cych warto\u015bci pieni\u0119\u017cne (Dz. U. z&nbsp;2014 r. poz. 1706) <\/span><span style=\"font-family: 'Calibri',sans-serif;\">zmianie uleg\u0142o brzmienie<\/span><span style=\"font-family: 'Calibri',sans-serif;\"> &sect; 12<\/span><span style=\"font-family: 'Calibri',sans-serif;\">.<\/span><\/span><\/p>\n<p class=\"Tekstpraswki\" style=\"text-align: justify;\"><span style=\"font-size: 12pt;\"><strong><span style=\"font-family: 'Calibri',sans-serif;\">Rozporz\u0105dzenie<\/span><\/strong><span style=\"font-family: 'Calibri',sans-serif;\"> Ministra Infrastruktury i&nbsp;Budownictwa <\/span><span style=\"font-family: 'Calibri',sans-serif;\">z dnia 7 marca 2016 r.<\/span><span style=\"font-family: 'Calibri',sans-serif;\">w<\/span><span style=\"font-family: 'Calibri',sans-serif;\">sprawie numeru ewidencyjnego o\u015brodka szkolenia kierowc&oacute;w i&nbsp;innego podmiotu prowadz\u0105cego szkolenie, wzor&oacute;w dokument&oacute;w i&nbsp;piecz\u0119ci zwi\u0105zanych z&nbsp;utworzeniem i<\/span><span style=\"font-family: 'Calibri',sans-serif;\">dzia\u0142alno\u015bci\u0105 o\u015brodka szkolenia kierowc&oacute;w oraz wysoko\u015bci op\u0142aty za wpis do rejestru przedsi\u0119biorc&oacute;w prowadz\u0105cych o\u015brodek szkolenia kierowc&oacute;w i&nbsp;op\u0142aty za wydanie po\u015bwiadczenia potwierdzaj\u0105cego spe\u0142nianie dodatkowych wymaga\u0144 przez o\u015brodek szkolenia kierowc&oacute;w<\/span><span style=\"font-family: 'Calibri',sans-serif;\"> (Dz. U. z&nbsp;2016 r., poz. 327) <strong>&#8211; wesz\u0142o w&nbsp;\u017cycie z&nbsp;dniem 12&nbsp;marca&nbsp;2016 r.<\/strong><\/span><\/span><\/p>\n<p>&nbsp;<\/p>\n<p class=\"Dziedzinaprawa\" style=\"text-align: justify;\"><span style=\"font-size: 12pt;\"><strong><span style=\"font-family: 'Calibri',sans-serif;\">PRZEW&Oacute;Z TOWAR&Oacute;W NIEBEZPIECZNYCH<\/span><\/strong><\/span><\/p>\n<p class=\"Tekstpraswki\" style=\"text-align: justify;\"><span style=\"font-size: 12pt;\"><strong><span style=\"font-family: 'Calibri',sans-serif;\">Rozporz\u0105dzenie<\/span><\/strong><span style=\"font-family: 'Calibri',sans-serif;\"> Ministra Infrastruktury i&nbsp;Budownictwa <\/span><span style=\"font-family: 'Calibri',sans-serif;\">z dnia 23 lutego 2016 r.<\/span><span style=\"font-family: 'Calibri',sans-serif;\">zmieniaj\u0105ce rozporz\u0105dzenie w&nbsp;sprawie prowadzenia kurs&oacute;w z&nbsp;zakresu przewozu towar&oacute;w niebezpiecznych<\/span><span style=\"font-family: 'Calibri',sans-serif;\"> (Dz. U. z&nbsp;2016 r., poz. 315)<strong> &#8211; wejdzie w&nbsp;\u017cycie z&nbsp;dniem 26&nbsp;marca&nbsp;2016 r.<\/strong><\/span><\/span><\/p>\n<p class=\"Omwienie\" style=\"text-align: justify;\"><span style=\"font-size: 12pt;\"><span style=\"font-family: 'Calibri',sans-serif;\">W rozporz\u0105dzeniu Ministra Transportu, Budownictwa i&nbsp;Gospodarki Morskiej z&nbsp;dnia 29<\/span><span style=\"font-family: 'Calibri',sans-serif;\">maja 2012 r. w&nbsp;sprawie prowadzenia kurs&oacute;w z&nbsp;zakresu przewozu towar&oacute;w niebezpiecznych (Dz. U. poz. 619) <\/span><span style=\"font-family: 'Calibri',sans-serif;\">zmianie ulegnie brzmienie <\/span><span style=\"font-family: 'Calibri',sans-serif;\">za\u0142\u0105cznik<\/span><span style=\"font-family: 'Calibri',sans-serif;\">a<\/span><span style=\"font-family: 'Calibri',sans-serif;\"> nr 2<\/span><span style=\"font-family: 'Calibri',sans-serif;\">.<\/span><\/span><\/p>\n<p>&nbsp;<\/p>\n<p class=\"Dziedzinaprawa\" style=\"text-align: justify;\"><span style=\"font-size: 12pt;\"><strong><span style=\"font-family: 'Calibri',sans-serif;\">INFORMACJE SEKTORA PUBLICZNEGO<\/span><\/strong><\/span><\/p>\n<p class=\"Tekstpraswki\" style=\"text-align: justify;\"><span style=\"font-size: 12pt;\"><strong><span style=\"font-family: 'Calibri',sans-serif;\">Ustawa <\/span><\/strong><span style=\"font-family: 'Calibri',sans-serif;\">z dnia 25 lutego 2016 r. o&nbsp;ponownym wykorzystywaniu informacji sektora publicznego (Dz. U. z&nbsp;2016 r., poz. 352)<strong> &#8211; wejdzie w&nbsp;\u017cycie z&nbsp;dniem 16&nbsp;czerwca&nbsp;2016&nbsp;r., z&nbsp;wyj\u0105tkiem art. 4 ust. 1 pkt 3 lit. b i&nbsp;c oraz art. 31 w&nbsp;zakresie art. 110 ust. 3-8, kt&oacute;re wchodz\u0105 w&nbsp;\u017cycie z&nbsp;dniem 1 stycznia 2017 r.<\/strong><\/span><\/span><\/p>\n<p>&nbsp;<\/p>\n<p class=\"Dziedzinaprawa\" style=\"text-align: justify;\"><span style=\"font-size: 12pt;\"><strong><span style=\"font-family: 'Calibri',sans-serif;\">KONTROLA INWESTYCJI<\/span><\/strong><\/span><\/p>\n<p class=\"Tekstpraswki\" style=\"text-align: justify;\"><span style=\"font-size: 12pt;\"><strong><span style=\"font-family: 'Calibri',sans-serif;\">Rozporz\u0105dzenie<\/span><\/strong><span style=\"font-family: 'Calibri',sans-serif;\"> Rady Ministr&oacute;w <\/span><span style=\"font-family: 'Calibri',sans-serif;\">z dnia 25 lutego 2016 r.<\/span><span style=\"font-family: 'Calibri',sans-serif;\">w sprawie dokument&oacute;w za\u0142\u0105czanych do zawiadomie\u0144 o&nbsp;zamiarze nabycia lub osi\u0105gni\u0119cia istotnego uczestnictwa albo nabycia dominacji w&nbsp;podmiocie podlegaj\u0105cym ochronie<\/span><span style=\"font-family: 'Calibri',sans-serif;\"> (Dz. U. z&nbsp;2016 r., poz. 324)<strong> &#8211; wejdzie w&nbsp;\u017cycie z&nbsp;dniem 26 marca 2016 r.<\/strong><\/span><\/span><\/p>\n<p>&nbsp;<\/p>\n<p class=\"Dziedzinaprawa\" style=\"text-align: justify;\"><span style=\"font-size: 12pt;\"><strong><span style=\"font-family: 'Calibri',sans-serif;\">SYSTEM O\u015aWIATY I&nbsp;ZASADY FINANSOWANIA NAUKI<\/span><\/strong><\/span><\/p>\n<p class=\"Tekstpraswki\" style=\"text-align: justify;\"><span style=\"font-size: 12pt;\"><strong><span style=\"font-family: 'Calibri',sans-serif;\">Rozporz\u0105dzenie<\/span><\/strong><span style=\"font-family: 'Calibri',sans-serif;\"> Ministra Nauki i&nbsp;Szkolnictwa Wy\u017cszego <\/span><span style=\"font-family: 'Calibri',sans-serif;\">z dnia 26 lutego 2016 r.<\/span><span style=\"font-family: 'Calibri',sans-serif;\">zmieniaj\u0105ce rozporz\u0105dzenie w&nbsp;sprawie Systemu Informacji o&nbsp;Nauce<\/span><span style=\"font-family: 'Calibri',sans-serif;\"> (Dz. U. z&nbsp;2016 r., poz. 309)<strong> &#8211; wejdzie w&nbsp;\u017cycie z&nbsp;dniem 26 marca 2016 r.<\/strong><\/span><\/span><\/p>\n<p class=\"Omwienie\" style=\"text-align: justify;\"><span style=\"font-size: 12pt;\"><span style=\"font-family: 'Calibri',sans-serif;\">W rozporz\u0105dzeniu Ministra Nauki i&nbsp;Szkolnictwa Wy\u017cszego z&nbsp;dnia 29 czerwca 2015 r. w<\/span><span style=\"font-family: 'Calibri',sans-serif;\">sprawie Systemu Informacji o&nbsp;Nauce (Dz. U. poz. 944) <\/span><span style=\"font-family: 'Calibri',sans-serif;\">zmianie ulegnie brzmienie <\/span><span style=\"font-family: 'Calibri',sans-serif;\">&sect; 3<\/span><span style=\"font-family: 'Calibri',sans-serif;\">.<\/span><\/span><\/p>\n<p class=\"Tekstpraswki\" style=\"text-align: justify;\"><span style=\"font-size: 12pt;\"><strong><span style=\"font-family: 'Calibri',sans-serif;\">Rozporz\u0105dzenie<\/span><\/strong><span style=\"font-family: 'Calibri',sans-serif;\"> Ministra Edukacji Narodowej <\/span><span style=\"font-family: 'Calibri',sans-serif;\">z dnia 2 marca 2016 r.<\/span><span style=\"font-family: 'Calibri',sans-serif;\">w sprawie udzielania dotacji celowej na wyposa\u017cenie szk&oacute;\u0142 w&nbsp;podr\u0119czniki, materia\u0142y edukacyjne i<\/span><span style=\"font-family: 'Calibri',sans-serif;\">materia\u0142y \u0107wiczeniowe<\/span><span style=\"font-family: 'Calibri',sans-serif;\"> (Dz. U. z&nbsp;2016 r., poz. 339)<strong> &#8211; wesz\u0142o w&nbsp;\u017cycie z&nbsp;dniem 15&nbsp;marca 2016 r.<\/strong><\/span><\/span><\/p>\n<p class=\"Tekstpraswki\" style=\"text-align: justify;\"><span style=\"font-size: 12pt;\"><strong><span style=\"font-family: 'Calibri',sans-serif;\">Rozporz\u0105dzenie<\/span><\/strong><span style=\"font-family: 'Calibri',sans-serif;\"> Ministra Obrony Narodowej z&nbsp;dnia 8 marca 2016 r. w&nbsp;sprawie limit&oacute;w miejsc na kierunki studi&oacute;w dla kandydat&oacute;w na \u017co\u0142nierzy zawodowych w&nbsp;poszczeg&oacute;lnych uczelniach wojskowych (Dz. U. z&nbsp;2016 r., poz. 349)<strong> &#8211; wesz\u0142o w&nbsp;\u017cycie z&nbsp;dniem 16&nbsp;marca 2016 r.<\/strong><\/span><\/span><\/p>\n<p>&nbsp;<\/p>\n<p class=\"Dziedzinaprawa\" style=\"text-align: justify;\"><span style=\"font-size: 12pt;\"><strong><span style=\"font-family: 'Calibri',sans-serif;\">SYSTEMY WSPARCIA BEZPO\u015aREDNIEGO<\/span><\/strong><\/span><\/p>\n<p class=\"Tekstpraswki\" style=\"text-align: justify;\"><span style=\"font-size: 12pt;\"><strong><span style=\"font-family: 'Calibri',sans-serif;\">Ustawa<\/span><\/strong><span style=\"font-family: 'Calibri',sans-serif;\">z dnia 9 marca 2016 r.<\/span><span style=\"font-family: 'Calibri',sans-serif;\">o zmianie ustawy o&nbsp;p\u0142atno\u015bciach w&nbsp;ramach system&oacute;w wsparcia bezpo\u015bredniego oraz niekt&oacute;rych innych ustaw<\/span><span style=\"font-family: 'Calibri',sans-serif;\"> (Dz. U. z&nbsp;2016 r., poz. 337)<strong> &#8211; wesz\u0142a w&nbsp;\u017cycie z&nbsp;dniem 15 marca 2016 r.<\/strong><\/span><\/span><\/p>\n<p class=\"Omwienie\" style=\"text-align: justify;\"><span style=\"font-size: 12pt;\"><span style=\"font-family: 'Calibri',sans-serif;\">W ustawie z&nbsp;dnia 5 lutego 2015 r. o&nbsp;p\u0142atno\u015bciach w&nbsp;ramach system&oacute;w wsparcia bezpo\u015bredniego (Dz. U. poz. 1551)<\/span><span style=\"font-family: 'Calibri',sans-serif;\"> w&nbsp;art. 18 dodany zosta\u0142 ust. 4, dodany zosta\u0142 art.&nbsp;41a.<\/span><\/span><\/p>\n<p class=\"Omwienie\" style=\"text-align: justify;\"><span style=\"font-size: 12pt;\"><span style=\"font-family: 'Calibri',sans-serif;\">W ustawie z&nbsp;dnia 7 marca 2007 r. o&nbsp;wspieraniu rozwoju obszar&oacute;w wiejskich z&nbsp;udzia\u0142em \u015brodk&oacute;w Europejskiego Funduszu Rolnego na rzecz Rozwoju Obszar&oacute;w Wiejskich w<\/span><span style=\"font-family: 'Calibri',sans-serif;\">ramach Programu Rozwoju Obszar&oacute;w Wiejskich na lata 2007-2013 (Dz.<\/span><span style=\"font-family: 'Calibri',sans-serif;\">U.<\/span><span style=\"font-family: 'Calibri',sans-serif;\">z<\/span><span style=\"font-family: 'Calibri',sans-serif;\">2013<\/span><span style=\"font-family: 'Calibri',sans-serif;\">r.<\/span><span style=\"font-family: 'Calibri',sans-serif;\">poz. 173 oraz z&nbsp;2015 r. poz. 349) w&nbsp;art. 18 doda<\/span><span style=\"font-family: 'Calibri',sans-serif;\">ny zosta\u0142 <\/span><span style=\"font-family: 'Calibri',sans-serif;\">ust. 4<\/span><span style=\"font-family: 'Calibri',sans-serif;\">.<\/span><\/span><\/p>\n<p class=\"Omwienie\" style=\"text-align: justify;\"><span style=\"font-size: 12pt; font-family: 'Calibri',sans-serif;\">W ustawie z&nbsp;dnia 20 lutego 2015 r. o&nbsp;wspieraniu rozwoju obszar&oacute;w wiejskich z&nbsp;udzia\u0142em \u015brodk&oacute;w Europejskiego Funduszu Rolnego na rzecz Rozwoju Obszar&oacute;w Wiejskich w&nbsp;ramach Programu Rozwoju Obszar&oacute;w Wiejskich na lata 2014-2020 (Dz.&nbsp;U.&nbsp;poz.349&nbsp;i&nbsp;1888) w&nbsp;art. 20 dodany zosta\u0142 ust. 4.<\/span><\/p>\n<p class=\"Tekstpraswki\" style=\"text-align: justify;\"><span style=\"font-size: 12pt;\"><strong><span style=\"font-family: 'Calibri',sans-serif;\">Rozporz\u0105dzenie<\/span><\/strong><span style=\"font-family: 'Calibri',sans-serif;\"> Ministra Rolnictwa i&nbsp;Rozwoju Wsi <\/span><span style=\"font-family: 'Calibri',sans-serif;\">z dnia 14 marca 2016 r.<\/span><span style=\"font-family: 'Calibri',sans-serif;\">zmieniaj\u0105ce rozporz\u0105dzenie w&nbsp;sprawie szczeg&oacute;\u0142owych wymaga\u0144, jakie powinny spe\u0142nia\u0107 wnioski w<\/span><span style=\"font-family: 'Calibri',sans-serif;\">sprawach dotycz\u0105cych p\u0142atno\u015bci w&nbsp;ramach system&oacute;w wsparcia bezpo\u015bredniego<\/span><span style=\"font-family: 'Calibri',sans-serif;\"> (Dz.&nbsp;U.&nbsp;z 2016 r., poz. 348)<strong> &#8211; wesz\u0142o w&nbsp;\u017cycie z&nbsp;dniem 15 marca 2016 r.<\/strong><\/span><\/span><\/p>\n<p class=\"Omwienie\" style=\"text-align: justify;\"><span style=\"font-size: 12pt;\"><span style=\"font-family: 'Calibri',sans-serif;\">W rozporz\u0105dzeniu Ministra Rolnictwa i&nbsp;Rozwoju Wsi z&nbsp;dnia 12 marca 2015 r. w&nbsp;sprawie szczeg&oacute;\u0142owych wymaga\u0144, jakie powinny spe\u0142nia\u0107 wnioski w&nbsp;sprawach dotycz\u0105cych p\u0142atno\u015bci w&nbsp;ramach system&oacute;w wsparcia bezpo\u015bredniego (Dz. U. poz. 352) <\/span><span style=\"font-family: 'Calibri',sans-serif;\">zmianie uleg\u0142o brzmienie <\/span><span style=\"font-family: 'Calibri',sans-serif;\">&sect; 3<\/span><span style=\"font-family: 'Calibri',sans-serif;\">.<\/span><\/span><\/p>\n<p>&nbsp;<\/p>\n<p class=\"Dziedzinaprawa\" style=\"text-align: justify;\"><span style=\"font-size: 12pt;\"><strong><span style=\"font-family: 'Calibri',sans-serif;\">PRAWO ROLNE<\/span><\/strong><\/span><\/p>\n<p class=\"Tekstpraswki\" style=\"text-align: justify;\"><span style=\"font-size: 12pt;\"><strong><span style=\"font-family: 'Calibri',sans-serif;\">Rozporz\u0105dzenie<\/span><\/strong><span style=\"font-family: 'Calibri',sans-serif;\"> Ministra Rolnictwa i&nbsp;Rozwoju Wsi <\/span><span style=\"font-family: 'Calibri',sans-serif;\">z dnia 3 marca 2016 r.<\/span><span style=\"font-family: 'Calibri',sans-serif;\">zmieniaj\u0105ce rozporz\u0105dzenie w&nbsp;sprawie norm w&nbsp;zakresie dobrej kultury rolnej zgodnej z&nbsp;ochron\u0105 \u015brodowiska<\/span><span style=\"font-family: 'Calibri',sans-serif;\"> (Dz. U. z&nbsp;2016 r., poz. 330)<strong> &ndash; wesz\u0142o w&nbsp;\u017cycie z&nbsp;dniem 15 marca 2016 r.<\/strong><\/span><\/span><\/p>\n<p class=\"Omwienie\" style=\"text-align: justify;\"><span style=\"font-size: 12pt;\"><span style=\"font-family: 'Calibri',sans-serif;\">W rozporz\u0105dzeniu Ministra Rolnictwa i&nbsp;Rozwoju Wsi z&nbsp;dnia 9 marca 2015 r. w&nbsp;sprawie norm w&nbsp;zakresie dobrej kultury rolnej zgodnej z&nbsp;ochron\u0105 \u015brodowiska (Dz. U. poz. 344) <\/span><span style=\"font-family: 'Calibri',sans-serif;\">zmianie uleg\u0142o brzmienie<\/span><span style=\"font-family: 'Calibri',sans-serif;\"> za\u0142\u0105cznik<\/span><span style=\"font-family: 'Calibri',sans-serif;\">a.<\/span><\/span><\/p>\n<p>&nbsp;<\/p>\n<p class=\"Dziedzinaprawa\" style=\"text-align: justify;\"><span style=\"font-size: 12pt;\"><strong><span style=\"font-family: 'Calibri',sans-serif;\">OCHRONA \u015aRODOWISKA<\/span><\/strong><\/span><\/p>\n<p class=\"Tekstpraswki\" style=\"text-align: justify;\"><span style=\"font-size: 12pt;\"><strong><span style=\"font-family: 'Calibri',sans-serif;\">Rozporz\u0105dzenie<\/span><\/strong><span style=\"font-family: 'Calibri',sans-serif;\"> Ministra Rolnictwa i&nbsp;Rozwoju Wsi <\/span><span style=\"font-family: 'Calibri',sans-serif;\">z dnia 8 marca 2016 r.<\/span><span style=\"font-family: 'Calibri',sans-serif;\">zmieniaj\u0105ce rozporz\u0105dzenie w&nbsp;sprawie wyznaczenia trwa\u0142ych u\u017cytk&oacute;w zielonych warto\u015bciowych pod wzgl\u0119dem \u015brodowiskowym<\/span><span style=\"font-family: 'Calibri',sans-serif;\"> (Dz. U. z&nbsp;2016 r., poz. 313) <strong>&ndash; wesz\u0142o w&nbsp;\u017cycie z&nbsp;dniem 12&nbsp;marca 2016 r.<\/strong><\/span><\/span><\/p>\n<p class=\"Omwienie\" style=\"text-align: justify;\"><span style=\"font-size: 12pt;\"><span style=\"font-family: 'Calibri',sans-serif;\">W rozporz\u0105dzeniu Ministra Rolnictwa i&nbsp;Rozwoju Wsi z&nbsp;dnia 9 marca 2015 r. w&nbsp;sprawie wyznaczenia trwa\u0142ych u\u017cytk&oacute;w zielonych warto\u015bciowych pod wzgl\u0119dem \u015brodowiskowym (Dz. U. poz. 348)<\/span><span style=\"font-family: 'Calibri',sans-serif;\"> zmianie uleg\u0142o brzmienie &sect; 1 wprowadzenie do wyliczenia, za\u0142\u0105cznika do rozporz\u0105dzenia.<\/span><\/span><\/p>\n<p>&nbsp;<\/p>\n<p class=\"Dziedzinaprawa\" style=\"text-align: justify;\"><span style=\"font-size: 12pt;\"><strong><span style=\"font-family: 'Calibri',sans-serif;\">PRAWO WOJSKOWE<\/span><\/strong><\/span><\/p>\n<p class=\"Tekstpraswki\" style=\"text-align: justify;\"><span style=\"font-size: 12pt;\"><strong><span style=\"font-family: 'Calibri',sans-serif;\">U<\/span><\/strong><strong><span style=\"font-family: 'Calibri',sans-serif;\">stawa <\/span><\/strong><span style=\"font-family: 'Calibri',sans-serif;\">z dnia 30 stycznia 2016 r.<\/span><span style=\"font-family: 'Calibri',sans-serif;\">o zmianie ustawy o&nbsp;s\u0142u\u017cbie wojskowej \u017co\u0142nierzy zawodowych<\/span><span style=\"font-family: 'Calibri',sans-serif;\"> (Dz. U. z&nbsp;2016 r., poz. 308) <strong>&#8211; wejdzie w&nbsp;\u017cycie z&nbsp;dniem 25&nbsp;marca&nbsp;2016&nbsp;r.<\/strong><\/span><\/span><\/p>\n<p class=\"Omwienie\" style=\"text-align: justify;\"><span style=\"font-size: 12pt;\"><span style=\"font-family: 'Calibri',sans-serif;\">W ustawie z&nbsp;dnia 11 wrze\u015bnia 2003 r. o&nbsp;s\u0142u\u017cbie wojskowej \u017co\u0142nierzy zawodowych (Dz.<\/span><span style=\"font-family: 'Calibri',sans-serif;\">U.<\/span><span style=\"font-family: 'Calibri',sans-serif;\">z 2014 r. poz. 1414, z&nbsp;p&oacute;\u017an. zm.)<\/span><span style=\"font-family: 'Calibri',sans-serif;\"> zmianie ulegnie brzmienie art. 31 ust. 3, art.&nbsp;80, dodany zostanie art. 42d, w&nbsp;art. 78 dodaje si\u0119 ust. 3a, w&nbsp;art. 13 uchylony zostanie ust. 1.<\/span><\/span><\/p>\n<p class=\"Tekstpraswki\" style=\"text-align: justify;\"><span style=\"font-size: 12pt;\"><strong><span style=\"font-family: 'Calibri',sans-serif;\">Rozporz\u0105dzenie<\/span><\/strong><span style=\"font-family: 'Calibri',sans-serif;\"> Ministra Obrony Narodowej <\/span><span style=\"font-family: 'Calibri',sans-serif;\">z dnia 9 lutego 2016 r.<\/span><span style=\"font-family: 'Calibri',sans-serif;\">w sprawie umundurowania i&nbsp;wyekwipowania \u017co\u0142nierzy w&nbsp;czynnej s\u0142u\u017cbie wojskowej<\/span><span style=\"font-family: 'Calibri',sans-serif;\"> (Dz.&nbsp;U.&nbsp;z&nbsp;2016&nbsp;r., poz. 310)<strong> &#8211; wejdzie w&nbsp;\u017cycie z&nbsp;dniem 26 marca 2016 r.<\/strong><\/span><\/span><\/p>\n<p class=\"Tekstpraswki\" style=\"text-align: justify;\"><span style=\"font-size: 12pt;\"><strong><span style=\"font-family: 'Calibri',sans-serif;\">Rozporz\u0105dzenie<\/span><\/strong><span style=\"font-family: 'Calibri',sans-serif;\"> Rady Ministr&oacute;w <\/span><span style=\"font-family: 'Calibri',sans-serif;\">z dnia 26 lutego 2016 r.<\/span><span style=\"font-family: 'Calibri',sans-serif;\">w sprawie nale\u017cno\u015bci pieni\u0119\u017cnych otrzymywanych przez \u017co\u0142nierzy niezawodowych wyznaczonych do pe\u0142nienia s\u0142u\u017cby poza granicami pa\u0144stwa oraz pracownik&oacute;w wojska zatrudnionych w&nbsp;jednostkach wojskowych wykonuj\u0105cych zadania poza granicami pa\u0144stwa<\/span><span style=\"font-family: 'Calibri',sans-serif;\"> (Dz. U. z&nbsp;2016 r., poz. 351)<strong> &#8211; wejdzie w&nbsp;\u017cycie z&nbsp;dniem 30 marca 2016 r.<\/strong><\/span><\/span><\/p>\n<p class=\"Tekstpraswki\" style=\"text-align: justify;\"><span style=\"font-size: 12pt;\"><strong><span style=\"font-family: 'Calibri',sans-serif;\">Rozporz\u0105dzenie<\/span><\/strong><span style=\"font-family: 'Calibri',sans-serif;\"> Ministra Obrony Narodowej z&nbsp;dnia 29 lutego 2016 r. w&nbsp;sprawie zakazu u\u017cywania munduru wojskowego lub jego cz\u0119\u015bci (Dz. U. z&nbsp;2016 r., poz. 354)<strong> &#8211; wejdzie w&nbsp;\u017cycie z&nbsp;dniem 31 marca 2016 r.<\/strong><\/span><\/span><\/p>\n<p>&nbsp;<\/p>\n<p class=\"Dziedzinaprawa\" style=\"text-align: justify;\"><span style=\"font-size: 12pt;\"><strong><span style=\"font-family: 'Calibri',sans-serif;\">PRAWO MORSKIE<\/span><\/strong><\/span><\/p>\n<p class=\"Tekstpraswki\" style=\"text-align: justify;\"><span style=\"font-size: 12pt;\"><strong><span style=\"font-family: 'Calibri',sans-serif;\">Rozporz\u0105dzenie<\/span><\/strong><span style=\"font-family: 'Calibri',sans-serif;\"> Ministra<\/span><span style=\"font-family: 'Calibri',sans-serif;\">Gospodarki Morskiej i&nbsp;\u017beglugi \u015ar&oacute;dl\u0105dowej <\/span><span style=\"font-family: 'Calibri',sans-serif;\">z dnia 17 lutego 2016 r.<\/span><span style=\"font-family: 'Calibri',sans-serif;\">w sprawie egzamin&oacute;w kwalifikacyjnych oraz wynagradzania cz\u0142onk&oacute;w zespo\u0142u egzaminacyjnego i&nbsp;obs\u0142ugi administracyjnej egzaminu<\/span><span style=\"font-family: 'Calibri',sans-serif;\"> (Dz. U. z&nbsp;2016 r., poz. 323)<strong> &#8211; wesz\u0142o w&nbsp;\u017cycie z&nbsp;dniem 12 marca 2016 r.<\/strong><\/span><\/span><\/p>\n<p class=\"Tekstpraswki\" style=\"text-align: justify;\"><span style=\"font-size: 12pt;\"><strong><span style=\"font-family: 'Calibri',sans-serif;\">Rozporz\u0105dzenie<\/span><\/strong><span style=\"font-family: 'Calibri',sans-serif;\"> Ministra<\/span><span style=\"font-family: 'Calibri',sans-serif;\">Gospodarki Morskiej i&nbsp;\u017beglugi \u015ar&oacute;dl\u0105dowej z&nbsp;dnia 19 lutego 2016 r. zmieniaj\u0105ce rozporz\u0105dzenie w&nbsp;sprawie ramowych program&oacute;w szkole\u0144 i&nbsp;wymaga\u0144 egzaminacyjnych dla marynarzy dzia\u0142u pok\u0142adowego (Dz. U. z&nbsp;2016 r., poz. 338)<strong> &#8211; wejdzie w&nbsp;\u017cycie z&nbsp;dniem 29 marca 2016 r., z&nbsp;wyj\u0105tkiem &sect; 1 pkt 2 i&nbsp;3, kt&oacute;re wchodz\u0105 w&nbsp;\u017cycie z&nbsp;dniem 15 czerwca 2016 r.<\/strong><\/span><\/span><\/p>\n<p class=\"Omwienie\" style=\"text-align: justify;\"><span style=\"font-size: 12pt;\"><span style=\"font-family: 'Calibri',sans-serif;\">W rozporz\u0105dzeniu Ministra Infrastruktury i&nbsp;Rozwoju z&nbsp;dnia 5 lutego 2014 r. w&nbsp;sprawie ramowych program&oacute;w szkole\u0144 i&nbsp;wymaga\u0144 egzaminacyjnych dla marynarzy dzia\u0142u pok\u0142adowego (Dz. U. poz. 258 i&nbsp;1531)<\/span><span style=\"font-family: 'Calibri',sans-serif;\"> zmianie ulegnie brzmienie za\u0142\u0105cznika nr 3, za\u0142\u0105cznika nr 5, w&nbsp;&sect; 1 dodaje si\u0119 ust. 1a, dodany zostanie za\u0142\u0105cznik nr 8a do rozporz\u0105dzenia.<\/span><\/span><\/p>\n<p class=\"Tekstpraswki\" style=\"text-align: justify;\"><span style=\"font-size: 12pt;\"><strong><span style=\"font-family: 'Calibri',sans-serif;\">Rozporz\u0105dzenie<\/span><\/strong><span style=\"font-family: 'Calibri',sans-serif;\"> Ministra<\/span><span style=\"font-family: 'Calibri',sans-serif;\">Gospodarki Morskiej i&nbsp;\u017beglugi \u015ar&oacute;dl\u0105dowej <\/span><span style=\"font-family: 'Calibri',sans-serif;\">z dnia 19 lutego 2016 r.<\/span><span style=\"font-family: 'Calibri',sans-serif;\">zmieniaj\u0105ce rozporz\u0105dzenie w&nbsp;sprawie ramowych program&oacute;w szkole\u0144 i&nbsp;wymaga\u0144 egzaminacyjnych dla marynarzy dzia\u0142u maszynowego<\/span><span style=\"font-family: 'Calibri',sans-serif;\"> (Dz. U. z&nbsp;2016 r., poz. 340) <strong>&#8211; wejdzie w&nbsp;\u017cycie z&nbsp;dniem 29 marca 2016 r.<\/strong><\/span><\/span><\/p>\n<p class=\"Omwienie\" style=\"text-align: justify;\"><span style=\"font-size: 12pt;\"><span style=\"font-family: 'Calibri',sans-serif;\">W rozporz\u0105dzeniu Ministra Infrastruktury i&nbsp;Rozwoju z&nbsp;dnia 28 lutego 2014 r. w&nbsp;sprawie ramowych program&oacute;w szkole\u0144 i&nbsp;wymaga\u0144 egzaminacyjnych dla marynarzy dzia\u0142u maszynowego (Dz. U. poz. 536, 935 i&nbsp;1524)<\/span><span style=\"font-family: 'Calibri',sans-serif;\"> w&nbsp;&sect; 1 dodaje si\u0119 ust. 1a, dodany zostanie za\u0142\u0105cznik nr 7a do rozporz\u0105dzenia.<\/span><\/span><\/p>\n<p class=\"Tekstpraswki\" style=\"text-align: justify;\"><span style=\"font-size: 12pt;\"><strong><span style=\"font-family: 'Calibri',sans-serif;\">Rozporz\u0105dzenie<\/span><\/strong><span style=\"font-family: 'Calibri',sans-serif;\"> Ministra<\/span><span style=\"font-family: 'Calibri',sans-serif;\">Gospodarki Morskiej i&nbsp;\u017beglugi \u015ar&oacute;dl\u0105dowej<\/span><span style=\"font-family: 'Calibri',sans-serif;\"> z&nbsp;dnia 26 lutego 2016 r.<\/span><span style=\"font-family: 'Calibri',sans-serif;\">w sprawie audyt&oacute;w agencji zatrudnienia \u015bwiadcz\u0105cych us\u0142ugi po\u015brednictwa pracy na statkach<\/span><span style=\"font-family: 'Calibri',sans-serif;\"> (Dz. U. z&nbsp;2016 r., poz. 304) <strong>&#8211; wejdzie w&nbsp;\u017cycie z&nbsp;dniem 25 marca 2016 r.<\/strong><\/span><\/span><\/p>\n<p>&nbsp;<\/p>\n<p class=\"Dziedzinaprawa\" style=\"text-align: justify;\"><span style=\"font-size: 12pt;\"><strong><span style=\"font-family: 'Calibri',sans-serif;\">PRAWO PRACY<\/span><\/strong><\/span><\/p>\n<p class=\"Tekstpraswki\" style=\"text-align: justify;\"><span style=\"font-size: 12pt;\"><strong><span style=\"font-family: 'Calibri',sans-serif;\">Rozporz\u0105dzenie <\/span><\/strong><span style=\"font-family: 'Calibri',sans-serif;\">Ministra Rodziny, Pracy i&nbsp;Polityki Spo\u0142ecznej <\/span><span style=\"font-family: 'Calibri',sans-serif;\">z dnia 3 marca 2016 r.<\/span><span style=\"font-family: 'Calibri',sans-serif;\">w<\/span><span style=\"font-family: 'Calibri',sans-serif;\">sprawie ustalenia wysoko\u015bci wynagrodzenia za prac\u0119 i&nbsp;przyznawania innych \u015bwiadcze\u0144 zwi\u0105zanych z&nbsp;prac\u0105 dla pracownik&oacute;w Polskiego Komitetu Normalizacyjnego<\/span><span style=\"font-family: 'Calibri',sans-serif;\"> (Dz.&nbsp;U.&nbsp;z&nbsp;2016 r., poz. 336)<strong> &ndash; wejdzie w&nbsp;\u017cycie z&nbsp;dniem 1 kwietnia 2016 r.<\/strong><\/span><\/span><\/p>\n<p>&nbsp;<\/p>\n<p class=\"NowePrawo\" style=\"text-align: justify;\"><span style=\"font-size: 12pt;\"><strong><span style=\"font-family: 'Calibri',sans-serif;\">_____Orzecznictwo<\/span><\/strong><\/span><\/p>\n<p class=\"SdNajwyszy\" style=\"text-align: justify;\"><span style=\"font-size: 12pt;\"><strong><span style=\"font-family: 'Calibri',sans-serif;\">S\u0105d Najwy\u017cszy<\/span><\/strong><\/span><\/p>\n<p class=\"Dziedzinaprawa\" style=\"text-align: justify;\"><span style=\"font-size: 12pt;\"><strong><span style=\"font-family: 'Calibri',sans-serif;\">POW&Oacute;DZTWO O&nbsp;UCHYLENIE UCHWA\u0141Y WSP&Oacute;LNIK&Oacute;W SP&Oacute;\u0141KI Z&nbsp;ORGANICZON\u0104 ODPOWIEDZIALNO\u015aCI\u0104<\/span><\/strong><\/span><\/p>\n<p class=\"Tekstpraswki\" style=\"text-align: justify;\"><span style=\"font-size: 12pt;\"><span style=\"font-family: 'Calibri',sans-serif;\">Sprzeczno\u015b\u0107 uchwa\u0142y wsp&oacute;lnik&oacute;w sp&oacute;\u0142ki z&nbsp;ograniczon\u0105 odpowiedzialno\u015bci\u0105 z&nbsp;umow\u0105 sp&oacute;\u0142ki nie jest samodzieln\u0105 przes\u0142ank\u0105 uzasadniaj\u0105c\u0105 uwzgl\u0119dnienie pow&oacute;dztwa o&nbsp;uchylenie tej uchwa\u0142y (art. 249 &sect; 1 k.s.h.)<\/span><strong><span style=\"font-family: 'Calibri',sans-serif;\">&#8211; <\/span><\/strong><strong><span style=\"font-family: 'Calibri',sans-serif;\">Uchwa\u0142a<\/span><\/strong><strong><span style=\"font-family: 'Calibri',sans-serif;\">S\u0105du Najwy\u017cszego<\/span><\/strong><strong><span style=\"font-family: 'Calibri',sans-serif;\">z dnia 10<\/span><\/strong><strong><span style=\"font-family: 'Calibri',sans-serif;\">marca<\/span><\/strong><strong><span style=\"font-family: 'Calibri',sans-serif;\">2016<\/span><\/strong><strong><span style=\"font-family: 'Calibri',sans-serif;\">r.<\/span><\/strong><strong><span style=\"font-family: 'Calibri',sans-serif;\">, sygn. akt <\/span><\/strong><strong><span style=\"font-family: 'Calibri',sans-serif;\">III CZP 86\/15<\/span><\/strong><strong><span style=\"font-family: 'Calibri',sans-serif;\">.<\/span><\/strong><\/span><\/p>\n<p>&nbsp;<\/p>\n<p class=\"Dziedzinaprawa\" style=\"text-align: justify;\"><span style=\"font-size: 12pt;\"><strong><span style=\"font-family: 'Calibri',sans-serif;\">WYNAGRODZENIE ZA KORZYSTANIE Z&nbsp;WYNALAZKU<\/span><\/strong><\/span><\/p>\n<p class=\"Tekstpraswki\" style=\"text-align: justify;\"><span style=\"font-size: 12pt; font-family: 'Calibri',sans-serif;\">W sprawie z&nbsp;pow&oacute;dztwa tw&oacute;rcy wynalazku o&nbsp;wynagrodzenie za korzystanie z&nbsp;jego wynalazku o&nbsp;dopuszczalno\u015bci skargi kasacyjnej decyduje warto\u015b\u0107 przedmiotu zaskar\u017cenia przewidziana dla spraw z&nbsp;zakresu prawa pracy (art. 398<sup>2<\/sup> &sect; 1 k.p.c. w&nbsp;zwi\u0105zku z&nbsp;art. 294 ustawy z&nbsp;dnia 30 czerwca 2000 r. &#8211; Prawo w\u0142asno\u015bci przemys\u0142owej, jednolity tekst: Dz.U. z&nbsp;2013 r., poz. 1410 ze zm.) <strong>&#8211; Uchwa\u0142a S\u0105du Najwy\u017cszego z&nbsp;dnia 16 marca 2016 r., sygn. akt III PZP 8\/15.<\/strong><\/span><\/p>\n<p>&nbsp;<\/p>\n","protected":false},"excerpt":{"rendered":"<p>We would like to present the next issue of legal bulletin of the Law Office of Adam Polowiec.What you will find here is some information about the new provisions of law and the projects of amendments to acts, but also case-laws including the case laws of Supreme Court, Constitutional Tribunal and European Court of Justice.<\/p>\n","protected":false},"author":3,"featured_media":0,"comment_status":"closed","ping_status":"open","sticky":false,"template":"","format":"standard","meta":{"footnotes":""},"categories":[2],"tags":[],"class_list":["post-627","post","type-post","status-publish","format-standard","hentry","category-wpisy"],"featured_image_src":{"landsacpe":false,"list":false,"medium":false,"full":false},"yoast_head":"<!-- This site is optimized with the Yoast SEO plugin v27.2 - https:\/\/yoast.com\/product\/yoast-seo-wordpress\/ -->\n<title>Legal Bulletin Of The Law Office Of Adam Polowiec (14 - 20 March 2016) - Polowiec i Wsp\u00f3lnicy - Kancelaria prawna<\/title>\n<meta name=\"robots\" content=\"index, follow, max-snippet:-1, max-image-preview:large, max-video-preview:-1\" \/>\n<link rel=\"canonical\" href=\"https:\/\/polowiec.pl\/en\/legal-bulletin-of-the-law-office-of-adam-polowiec-14-20-march-2016\/\" \/>\n<meta property=\"og:locale\" content=\"en_US\" \/>\n<meta property=\"og:type\" content=\"article\" \/>\n<meta property=\"og:title\" content=\"Legal Bulletin Of The Law Office Of Adam Polowiec (14 - 20 March 2016) - Polowiec i Wsp\u00f3lnicy - Kancelaria prawna\" \/>\n<meta property=\"og:description\" content=\"We would like to present the next issue of legal bulletin of the Law Office of Adam Polowiec.What you will find here is some information about the new provisions of law and the projects of amendments to acts, but also case-laws including the case laws of Supreme Court, Constitutional Tribunal and European Court of Justice.\" \/>\n<meta property=\"og:url\" content=\"https:\/\/polowiec.pl\/en\/legal-bulletin-of-the-law-office-of-adam-polowiec-14-20-march-2016\/\" \/>\n<meta property=\"og:site_name\" content=\"Polowiec i Wsp\u00f3lnicy - Kancelaria prawna\" \/>\n<meta property=\"article:publisher\" content=\"https:\/\/www.facebook.com\/polowieciwspolnicy\/\" \/>\n<meta property=\"article:published_time\" content=\"2016-05-26T16:23:56+00:00\" \/>\n<meta property=\"article:modified_time\" content=\"2019-04-18T17:35:57+00:00\" \/>\n<meta name=\"author\" content=\"Marcin Rusinek\" \/>\n<meta name=\"twitter:card\" content=\"summary_large_image\" \/>\n<meta name=\"twitter:label1\" content=\"Written by\" \/>\n\t<meta name=\"twitter:data1\" content=\"Marcin Rusinek\" \/>\n\t<meta name=\"twitter:label2\" content=\"Est. reading time\" \/>\n\t<meta name=\"twitter:data2\" content=\"13 minutes\" \/>\n<script type=\"application\/ld+json\" class=\"yoast-schema-graph\">{\"@context\":\"https:\/\/schema.org\",\"@graph\":[{\"@type\":\"Article\",\"@id\":\"https:\/\/polowiec.pl\/en\/legal-bulletin-of-the-law-office-of-adam-polowiec-14-20-march-2016\/#article\",\"isPartOf\":{\"@id\":\"https:\/\/polowiec.pl\/en\/legal-bulletin-of-the-law-office-of-adam-polowiec-14-20-march-2016\/\"},\"author\":{\"name\":\"Marcin Rusinek\",\"@id\":\"https:\/\/polowiec.pl\/en\/#\/schema\/person\/74c7526b6f52be5ae94031504f9ffec4\"},\"headline\":\"Legal Bulletin Of The Law Office Of Adam Polowiec (14 &#8211; 20 March 2016)\",\"datePublished\":\"2016-05-26T16:23:56+00:00\",\"dateModified\":\"2019-04-18T17:35:57+00:00\",\"mainEntityOfPage\":{\"@id\":\"https:\/\/polowiec.pl\/en\/legal-bulletin-of-the-law-office-of-adam-polowiec-14-20-march-2016\/\"},\"wordCount\":2658,\"publisher\":{\"@id\":\"https:\/\/polowiec.pl\/en\/#organization\"},\"articleSection\":[\"Wpisy\"],\"inLanguage\":\"en-US\"},{\"@type\":\"WebPage\",\"@id\":\"https:\/\/polowiec.pl\/en\/legal-bulletin-of-the-law-office-of-adam-polowiec-14-20-march-2016\/\",\"url\":\"https:\/\/polowiec.pl\/en\/legal-bulletin-of-the-law-office-of-adam-polowiec-14-20-march-2016\/\",\"name\":\"Legal Bulletin Of The Law Office Of Adam Polowiec (14 - 20 March 2016) - Polowiec i Wsp\u00f3lnicy - Kancelaria prawna\",\"isPartOf\":{\"@id\":\"https:\/\/polowiec.pl\/en\/#website\"},\"datePublished\":\"2016-05-26T16:23:56+00:00\",\"dateModified\":\"2019-04-18T17:35:57+00:00\",\"breadcrumb\":{\"@id\":\"https:\/\/polowiec.pl\/en\/legal-bulletin-of-the-law-office-of-adam-polowiec-14-20-march-2016\/#breadcrumb\"},\"inLanguage\":\"en-US\",\"potentialAction\":[{\"@type\":\"ReadAction\",\"target\":[\"https:\/\/polowiec.pl\/en\/legal-bulletin-of-the-law-office-of-adam-polowiec-14-20-march-2016\/\"]}]},{\"@type\":\"BreadcrumbList\",\"@id\":\"https:\/\/polowiec.pl\/en\/legal-bulletin-of-the-law-office-of-adam-polowiec-14-20-march-2016\/#breadcrumb\",\"itemListElement\":[{\"@type\":\"ListItem\",\"position\":1,\"name\":\"Strona g\u0142\u00f3wna\",\"item\":\"https:\/\/polowiec.pl\/en\/\"},{\"@type\":\"ListItem\",\"position\":2,\"name\":\"Legal Bulletin Of The Law Office Of Adam Polowiec (14 &#8211; 20 March 2016)\"}]},{\"@type\":\"WebSite\",\"@id\":\"https:\/\/polowiec.pl\/en\/#website\",\"url\":\"https:\/\/polowiec.pl\/en\/\",\"name\":\"Polowiec i Wsp\u00f3lnicy - Kancelaria prawna\",\"description\":\"Obs\u0142uga prawna\",\"publisher\":{\"@id\":\"https:\/\/polowiec.pl\/en\/#organization\"},\"potentialAction\":[{\"@type\":\"SearchAction\",\"target\":{\"@type\":\"EntryPoint\",\"urlTemplate\":\"https:\/\/polowiec.pl\/en\/?s={search_term_string}\"},\"query-input\":{\"@type\":\"PropertyValueSpecification\",\"valueRequired\":true,\"valueName\":\"search_term_string\"}}],\"inLanguage\":\"en-US\"},{\"@type\":\"Organization\",\"@id\":\"https:\/\/polowiec.pl\/en\/#organization\",\"name\":\"Polowiec i Wsp\u00f3lnicy - Kancelaria prawna\",\"url\":\"https:\/\/polowiec.pl\/en\/\",\"logo\":{\"@type\":\"ImageObject\",\"inLanguage\":\"en-US\",\"@id\":\"https:\/\/polowiec.pl\/en\/#\/schema\/logo\/image\/\",\"url\":\"https:\/\/polowiec.pl\/wp-content\/uploads\/2018\/10\/polowiec_logo2-1.png\",\"contentUrl\":\"https:\/\/polowiec.pl\/wp-content\/uploads\/2018\/10\/polowiec_logo2-1.png\",\"width\":540,\"height\":381,\"caption\":\"Polowiec i Wsp\u00f3lnicy - Kancelaria prawna\"},\"image\":{\"@id\":\"https:\/\/polowiec.pl\/en\/#\/schema\/logo\/image\/\"},\"sameAs\":[\"https:\/\/www.facebook.com\/polowieciwspolnicy\/\",\"https:\/\/www.linkedin.com\/company\/polowiec-i-wsplnicy-sp.j.\/about\/\"]},{\"@type\":\"Person\",\"@id\":\"https:\/\/polowiec.pl\/en\/#\/schema\/person\/74c7526b6f52be5ae94031504f9ffec4\",\"name\":\"Marcin Rusinek\",\"image\":{\"@type\":\"ImageObject\",\"inLanguage\":\"en-US\",\"@id\":\"https:\/\/secure.gravatar.com\/avatar\/b50a0a5c3e71d904f5e57a757d39977d01c43e075c6bf5b4df909ffbbe004790?s=96&d=mm&r=g\",\"url\":\"https:\/\/secure.gravatar.com\/avatar\/b50a0a5c3e71d904f5e57a757d39977d01c43e075c6bf5b4df909ffbbe004790?s=96&d=mm&r=g\",\"contentUrl\":\"https:\/\/secure.gravatar.com\/avatar\/b50a0a5c3e71d904f5e57a757d39977d01c43e075c6bf5b4df909ffbbe004790?s=96&d=mm&r=g\",\"caption\":\"Marcin Rusinek\"}}]}<\/script>\n<!-- \/ Yoast SEO plugin. -->","yoast_head_json":{"title":"Legal Bulletin Of The Law Office Of Adam Polowiec (14 - 20 March 2016) - Polowiec i Wsp\u00f3lnicy - Kancelaria prawna","robots":{"index":"index","follow":"follow","max-snippet":"max-snippet:-1","max-image-preview":"max-image-preview:large","max-video-preview":"max-video-preview:-1"},"canonical":"https:\/\/polowiec.pl\/en\/legal-bulletin-of-the-law-office-of-adam-polowiec-14-20-march-2016\/","og_locale":"en_US","og_type":"article","og_title":"Legal Bulletin Of The Law Office Of Adam Polowiec (14 - 20 March 2016) - Polowiec i Wsp\u00f3lnicy - Kancelaria prawna","og_description":"We would like to present the next issue of legal bulletin of the Law Office of Adam Polowiec.What you will find here is some information about the new provisions of law and the projects of amendments to acts, but also case-laws including the case laws of Supreme Court, Constitutional Tribunal and European Court of Justice.","og_url":"https:\/\/polowiec.pl\/en\/legal-bulletin-of-the-law-office-of-adam-polowiec-14-20-march-2016\/","og_site_name":"Polowiec i Wsp\u00f3lnicy - Kancelaria prawna","article_publisher":"https:\/\/www.facebook.com\/polowieciwspolnicy\/","article_published_time":"2016-05-26T16:23:56+00:00","article_modified_time":"2019-04-18T17:35:57+00:00","author":"Marcin Rusinek","twitter_card":"summary_large_image","twitter_misc":{"Written by":"Marcin Rusinek","Est. reading time":"13 minutes"},"schema":{"@context":"https:\/\/schema.org","@graph":[{"@type":"Article","@id":"https:\/\/polowiec.pl\/en\/legal-bulletin-of-the-law-office-of-adam-polowiec-14-20-march-2016\/#article","isPartOf":{"@id":"https:\/\/polowiec.pl\/en\/legal-bulletin-of-the-law-office-of-adam-polowiec-14-20-march-2016\/"},"author":{"name":"Marcin Rusinek","@id":"https:\/\/polowiec.pl\/en\/#\/schema\/person\/74c7526b6f52be5ae94031504f9ffec4"},"headline":"Legal Bulletin Of The Law Office Of Adam Polowiec (14 &#8211; 20 March 2016)","datePublished":"2016-05-26T16:23:56+00:00","dateModified":"2019-04-18T17:35:57+00:00","mainEntityOfPage":{"@id":"https:\/\/polowiec.pl\/en\/legal-bulletin-of-the-law-office-of-adam-polowiec-14-20-march-2016\/"},"wordCount":2658,"publisher":{"@id":"https:\/\/polowiec.pl\/en\/#organization"},"articleSection":["Wpisy"],"inLanguage":"en-US"},{"@type":"WebPage","@id":"https:\/\/polowiec.pl\/en\/legal-bulletin-of-the-law-office-of-adam-polowiec-14-20-march-2016\/","url":"https:\/\/polowiec.pl\/en\/legal-bulletin-of-the-law-office-of-adam-polowiec-14-20-march-2016\/","name":"Legal Bulletin Of The Law Office Of Adam Polowiec (14 - 20 March 2016) - Polowiec i Wsp\u00f3lnicy - Kancelaria prawna","isPartOf":{"@id":"https:\/\/polowiec.pl\/en\/#website"},"datePublished":"2016-05-26T16:23:56+00:00","dateModified":"2019-04-18T17:35:57+00:00","breadcrumb":{"@id":"https:\/\/polowiec.pl\/en\/legal-bulletin-of-the-law-office-of-adam-polowiec-14-20-march-2016\/#breadcrumb"},"inLanguage":"en-US","potentialAction":[{"@type":"ReadAction","target":["https:\/\/polowiec.pl\/en\/legal-bulletin-of-the-law-office-of-adam-polowiec-14-20-march-2016\/"]}]},{"@type":"BreadcrumbList","@id":"https:\/\/polowiec.pl\/en\/legal-bulletin-of-the-law-office-of-adam-polowiec-14-20-march-2016\/#breadcrumb","itemListElement":[{"@type":"ListItem","position":1,"name":"Strona g\u0142\u00f3wna","item":"https:\/\/polowiec.pl\/en\/"},{"@type":"ListItem","position":2,"name":"Legal Bulletin Of The Law Office Of Adam Polowiec (14 &#8211; 20 March 2016)"}]},{"@type":"WebSite","@id":"https:\/\/polowiec.pl\/en\/#website","url":"https:\/\/polowiec.pl\/en\/","name":"Polowiec i Wsp\u00f3lnicy - Kancelaria prawna","description":"Obs\u0142uga prawna","publisher":{"@id":"https:\/\/polowiec.pl\/en\/#organization"},"potentialAction":[{"@type":"SearchAction","target":{"@type":"EntryPoint","urlTemplate":"https:\/\/polowiec.pl\/en\/?s={search_term_string}"},"query-input":{"@type":"PropertyValueSpecification","valueRequired":true,"valueName":"search_term_string"}}],"inLanguage":"en-US"},{"@type":"Organization","@id":"https:\/\/polowiec.pl\/en\/#organization","name":"Polowiec i Wsp\u00f3lnicy - Kancelaria prawna","url":"https:\/\/polowiec.pl\/en\/","logo":{"@type":"ImageObject","inLanguage":"en-US","@id":"https:\/\/polowiec.pl\/en\/#\/schema\/logo\/image\/","url":"https:\/\/polowiec.pl\/wp-content\/uploads\/2018\/10\/polowiec_logo2-1.png","contentUrl":"https:\/\/polowiec.pl\/wp-content\/uploads\/2018\/10\/polowiec_logo2-1.png","width":540,"height":381,"caption":"Polowiec i Wsp\u00f3lnicy - Kancelaria prawna"},"image":{"@id":"https:\/\/polowiec.pl\/en\/#\/schema\/logo\/image\/"},"sameAs":["https:\/\/www.facebook.com\/polowieciwspolnicy\/","https:\/\/www.linkedin.com\/company\/polowiec-i-wsplnicy-sp.j.\/about\/"]},{"@type":"Person","@id":"https:\/\/polowiec.pl\/en\/#\/schema\/person\/74c7526b6f52be5ae94031504f9ffec4","name":"Marcin Rusinek","image":{"@type":"ImageObject","inLanguage":"en-US","@id":"https:\/\/secure.gravatar.com\/avatar\/b50a0a5c3e71d904f5e57a757d39977d01c43e075c6bf5b4df909ffbbe004790?s=96&d=mm&r=g","url":"https:\/\/secure.gravatar.com\/avatar\/b50a0a5c3e71d904f5e57a757d39977d01c43e075c6bf5b4df909ffbbe004790?s=96&d=mm&r=g","contentUrl":"https:\/\/secure.gravatar.com\/avatar\/b50a0a5c3e71d904f5e57a757d39977d01c43e075c6bf5b4df909ffbbe004790?s=96&d=mm&r=g","caption":"Marcin Rusinek"}}]}},"_links":{"self":[{"href":"https:\/\/polowiec.pl\/en\/wp-json\/wp\/v2\/posts\/627","targetHints":{"allow":["GET"]}}],"collection":[{"href":"https:\/\/polowiec.pl\/en\/wp-json\/wp\/v2\/posts"}],"about":[{"href":"https:\/\/polowiec.pl\/en\/wp-json\/wp\/v2\/types\/post"}],"author":[{"embeddable":true,"href":"https:\/\/polowiec.pl\/en\/wp-json\/wp\/v2\/users\/3"}],"replies":[{"embeddable":true,"href":"https:\/\/polowiec.pl\/en\/wp-json\/wp\/v2\/comments?post=627"}],"version-history":[{"count":0,"href":"https:\/\/polowiec.pl\/en\/wp-json\/wp\/v2\/posts\/627\/revisions"}],"wp:attachment":[{"href":"https:\/\/polowiec.pl\/en\/wp-json\/wp\/v2\/media?parent=627"}],"wp:term":[{"taxonomy":"category","embeddable":true,"href":"https:\/\/polowiec.pl\/en\/wp-json\/wp\/v2\/categories?post=627"},{"taxonomy":"post_tag","embeddable":true,"href":"https:\/\/polowiec.pl\/en\/wp-json\/wp\/v2\/tags?post=627"}],"curies":[{"name":"wp","href":"https:\/\/api.w.org\/{rel}","templated":true}]}}