{"id":629,"date":"2016-05-26T18:29:38","date_gmt":"2016-05-26T16:29:38","guid":{"rendered":"https:\/\/nowa.polowiec.pl\/legal-bulletin-of-the-law-office-of-adam-polowiec-21-27-march-2016\/"},"modified":"2019-04-18T19:35:14","modified_gmt":"2019-04-18T17:35:14","slug":"legal-bulletin-of-the-law-office-of-adam-polowiec-21-27-march-2016","status":"publish","type":"post","link":"https:\/\/polowiec.pl\/en\/legal-bulletin-of-the-law-office-of-adam-polowiec-21-27-march-2016\/","title":{"rendered":"Legal Bulletin Of The Law Office Of Adam Polowiec (21 &#8211; 27 March 2016)"},"content":{"rendered":"<p>We would like to present the next issue of legal bulletin of the Law Office of Adam Polowiec.<br \/>What you will find here is some information about the new provisions of law and the projects of amendments to acts, but also case-laws including the case laws of Supreme Court, Constitutional Tribunal and European Court of Justice.<\/p>\n<p>  <!--more-->  <\/p>\n<p class=\"NowePrawo\" style=\"text-align: justify;\"><span style=\"font-size: 12pt;\"><strong><span style=\"font-family: 'Calibri',sans-serif;\">_____Nowe Prawo<\/span><\/strong><\/span><\/p>\n<p class=\"Dziedzinaprawa\" style=\"text-align: justify;\"><span style=\"font-size: 12pt;\"><strong><span style=\"font-family: 'Calibri',sans-serif;\">PRAWO BUDOWLANE<\/span><\/strong><\/span><\/p>\n<p class=\"Tekstpraswki\" style=\"text-align: justify;\"><span style=\"font-size: 12pt;\"><strong><span style=\"font-family: 'Calibri',sans-serif;\">Rozporz\u0105dzenie<\/span><\/strong><span style=\"font-family: 'Calibri',sans-serif;\"> Ministra Obrony Narodowej z&nbsp;dnia 13 listopada 2015 r. zmieniaj\u0105ce rozporz\u0105dzenie w&nbsp;sprawie warunk&oacute;w technicznych, jakim powinny odpowiada\u0107 strzelnice garnizonowe oraz ich usytuowanie (Dz. U. z&nbsp;2016 r., poz. 363)<strong> &#8211; wejdzie w&nbsp;\u017cycie z&nbsp;dniem 18 kwietnia 2016 r.<\/strong><\/span><\/span><\/p>\n<p class=\"Omwienie\" style=\"text-align: justify;\"><span style=\"font-size: 12pt;\"><span style=\"font-family: 'Calibri',sans-serif;\">W rozporz\u0105dzeniu Ministra Obrony Narodowej z&nbsp;dnia 4 pa\u017adziernika 2001 r. w&nbsp;sprawie warunk&oacute;w technicznych, jakim powinny odpowiada\u0107 strzelnice garnizonowe oraz ich usytuowanie (Dz. U. Nr 132, poz. 1479 oraz z&nbsp;2008 r. Nr 61, poz. 380)<\/span><span style=\"font-family: 'Calibri',sans-serif;\"> zmianie ulegnie brzmienie &sect; 1, &sect; 2 ust. 1, &sect; 4 ust. 1, &sect; 5, &sect; 7, &sect; 12, &sect; 21, &sect; 28, &sect; 30, &sect; 39, &sect; 40 pkt 2, &sect;&nbsp;44, &sect; 51, &sect; 53, &sect; 54 ust. 2, &sect; 60 ust. 2 pkt 2 lit. d, &sect; 66 ust. 1, &sect; 67 ust. 1, &sect; 68 ust.&nbsp;3&nbsp;i 4, &sect; 70, &sect; 74 ust. 1 pkt 2, &sect; 76 ust. 2, &sect; 79 ust. 2, &sect; 90, &sect; 92, &sect; 93, &sect; 94, &sect; 103 pkt 1 i&nbsp;2, &sect; 104 ust. 1 i&nbsp;2, &sect; 108, za\u0142\u0105cznika nr 1 do rozporz\u0105dzenia, za\u0142\u0105cznika nr 7 do rozporz\u0105dzenia, za\u0142\u0105cznika nr 11 do rozporz\u0105dzenia, w&nbsp;&sect; 36 dodaje si\u0119 ust. 2a, w&nbsp;&sect; 48 w&nbsp;ust. 1 w&nbsp;pkt 2 kropk\u0119 zast\u0119puje si\u0119 przecinkiem i&nbsp;dodaje si\u0119 pkt 3, w&nbsp;&sect; 69 dodaje si\u0119 ust. 3, uchylony zostanie &sect; 75.<\/span><\/span><\/p>\n<p class=\"Tekstpraswki\" style=\"text-align: justify;\"><span style=\"font-size: 12pt;\"><strong><span style=\"font-family: 'Calibri',sans-serif;\">Rozporz\u0105dzenie<\/span><\/strong><span style=\"font-family: 'Calibri',sans-serif;\"> Rady Ministr&oacute;w <\/span><span style=\"font-family: 'Calibri',sans-serif;\">z dnia 10 marca 2016 r.<\/span><span style=\"font-family: 'Calibri',sans-serif;\">w sprawie zniesienia Komisji Kodyfikacyjnej Prawa Budowlanego<\/span><span style=\"font-family: 'Calibri',sans-serif;\"> (Dz. U. z&nbsp;2016 r., poz. 377)<strong> &#8211; wesz\u0142o w&nbsp;\u017cycie z&nbsp;dniem 23 marca 2016 r.<\/strong><\/span><\/span><\/p>\n<p>&nbsp;<\/p>\n<p class=\"Dziedzinaprawa\" style=\"text-align: justify;\"><span style=\"font-size: 12pt;\"><strong><span style=\"font-family: 'Calibri',sans-serif;\">DOBRA PRAKTYKA DYSTRYBUCYJNA<\/span><\/strong><\/span><\/p>\n<p class=\"Tekstpraswki\" style=\"text-align: justify;\"><span style=\"font-size: 12pt;\"><strong><span style=\"font-family: 'Calibri',sans-serif;\">Rozporz\u0105dzenie<\/span><\/strong><span style=\"font-family: 'Calibri',sans-serif;\"> Ministra Zdrowia <\/span><span style=\"font-family: 'Calibri',sans-serif;\">z dnia 17 marca 2016 r.<\/span><span style=\"font-family: 'Calibri',sans-serif;\">zmieniaj\u0105ce rozporz\u0105dzenie w&nbsp;sprawie wymaga\u0144 Dobrej Praktyki Dystrybucyjnej<\/span><span style=\"font-family: 'Calibri',sans-serif;\"> (Dz. U. z&nbsp;2016 r., poz. 361)<strong> &#8211; wesz\u0142o w&nbsp;\u017cycie z&nbsp;dniem 18 marca 2016 r.<\/strong><\/span><\/span><\/p>\n<p class=\"Omwienie\" style=\"text-align: justify;\"><span style=\"font-size: 12pt;\"><span style=\"font-family: 'Calibri',sans-serif;\">W rozporz\u0105dzeniu Ministra Zdrowia z&nbsp;dnia 13 marca 2015 r. w&nbsp;sprawie wymaga\u0144 Dobrej Praktyki Dystrybucyjnej (Dz. U. poz. 381) <\/span><span style=\"font-family: 'Calibri',sans-serif;\">zmianie uleg\u0142o brzmienie <\/span><span style=\"font-family: 'Calibri',sans-serif;\">&sect; 2<\/span><span style=\"font-family: 'Calibri',sans-serif;\">.<\/span><\/span><\/p>\n<p>&nbsp;<\/p>\n<p class=\"Dziedzinaprawa\" style=\"text-align: justify;\"><span style=\"font-size: 12pt;\"><strong><span style=\"font-family: 'Calibri',sans-serif;\">ZABEZPIECZENIE SPO\u0141ECZNE<\/span><\/strong><\/span><\/p>\n<p class=\"Tekstpraswki\" style=\"text-align: justify;\"><span style=\"font-size: 12pt;\"><strong><span style=\"font-family: 'Calibri',sans-serif;\">Ustawa<\/span><\/strong><span style=\"font-family: 'Calibri',sans-serif;\"> z&nbsp;dnia 25 lutego 2016 r. o&nbsp;zmianie ustawy o&nbsp;jednorazowym dodatku pieni\u0119\u017cnym dla niekt&oacute;rych emeryt&oacute;w, rencist&oacute;w i&nbsp;os&oacute;b pobieraj\u0105cych \u015bwiadczenia przedemerytalne, zasi\u0142ki przedemerytalne, emerytury pomostowe albo nauczycielskie \u015bwiadczenia kompensacyjne w&nbsp;2016 r. (Dz. U. z&nbsp;2016 r., poz. 366)<strong> &#8211; wesz\u0142a w&nbsp;\u017cycie z&nbsp;dniem 19&nbsp;marca 2016 r., z&nbsp;moc\u0105 od dnia 1 marca 2016 r.<\/strong><\/span><\/span><\/p>\n<p class=\"Omwienie\" style=\"text-align: justify;\"><span style=\"font-size: 12pt;\"><span style=\"font-family: 'Calibri',sans-serif;\">W ustawie z&nbsp;dnia 15 stycznia 2016 r. o&nbsp;jednorazowym dodatku pieni\u0119\u017cnym dla niekt&oacute;rych emeryt&oacute;w, rencist&oacute;w i&nbsp;os&oacute;b pobieraj\u0105cych \u015bwiadczenia przedemerytalne, zasi\u0142ki przedemerytalne, emerytury pomostowe albo nauczycielskie \u015bwiadczenia kompensacyjne w&nbsp;2016 r. (Dz. U. poz. 188)<\/span><span style=\"font-family: 'Calibri',sans-serif;\"> dodany zosta\u0142 art. 8a.<\/span><\/span><\/p>\n<p>&nbsp;<\/p>\n<p class=\"Dziedzinaprawa\" style=\"text-align: justify;\"><span style=\"font-size: 12pt;\"><strong><span style=\"font-family: 'Calibri',sans-serif;\">DZIA\u0141ALNO\u015a\u0106 KULTURALNA<\/span><\/strong><\/span><\/p>\n<p class=\"Tekstpraswki\" style=\"text-align: justify;\"><span style=\"font-size: 12pt;\"><strong><span style=\"font-family: 'Calibri',sans-serif;\">Rozporz\u0105dzenie<\/span><\/strong><span style=\"font-family: 'Calibri',sans-serif;\"> Ministra Kultury i&nbsp;Dziedzictwa Narodowego <\/span><span style=\"font-family: 'Calibri',sans-serif;\">z dnia 9 marca 2016 r.<\/span><span style=\"font-family: 'Calibri',sans-serif;\">zmieniaj\u0105ce rozporz\u0105dzenie w&nbsp;sprawie wykazu obiekt&oacute;w stanowi\u0105cych w\u0142asno\u015b\u0107 Skarbu Pa\u0144stwa lub jednostek samorz\u0105du terytorialnego, w&nbsp;kt&oacute;rych prowadzona jest, jako podstawowa, dzia\u0142alno\u015b\u0107 kulturalna lub kt&oacute;re dla takiej dzia\u0142alno\u015bci zosta\u0142y wybudowane i<\/span><span style=\"font-family: 'Calibri',sans-serif;\">nie mog\u0105 by\u0107 przeznaczone do prowadzenia wy\u0142\u0105cznie innej dzia\u0142alno\u015bci podstawowej, oraz trybu zg\u0142aszania obiekt&oacute;w w&nbsp;celu wpisania ich do wykazu<\/span><span style=\"font-family: 'Calibri',sans-serif;\"> (Dz.&nbsp;U.&nbsp;z&nbsp;2016&nbsp;r.,&nbsp;poz.&nbsp;368)<strong> &#8211; wejdzie w&nbsp;\u017cycie z&nbsp;dniem 2 kwietnia 2016 r.<\/strong><\/span><\/span><\/p>\n<p class=\"Omwienie\" style=\"text-align: justify;\"><span style=\"font-size: 12pt;\"><span style=\"font-family: 'Calibri',sans-serif;\">W rozporz\u0105dzeniu Ministra Kultury i&nbsp;Dziedzictwa Narodowego z&nbsp;dnia 5 kwietnia 2013 r. w<\/span><span style=\"font-family: 'Calibri',sans-serif;\">sprawie wykazu obiekt&oacute;w stanowi\u0105cych w\u0142asno\u015b\u0107 Skarbu Pa\u0144stwa lub jednostek samorz\u0105du terytorialnego, w&nbsp;kt&oacute;rych prowadzona jest, jako podstawowa, dzia\u0142alno\u015b\u0107 kulturalna lub kt&oacute;re dla takiej dzia\u0142alno\u015bci zosta\u0142y wybudowane i&nbsp;nie mog\u0105 by\u0107 przeznaczone do prowadzenia wy\u0142\u0105cznie innej dzia\u0142alno\u015bci podstawowej, oraz trybu zg\u0142aszania obiekt&oacute;w w&nbsp;celu wpisania ich do wykazu (Dz. U. poz. 507) w&nbsp;za\u0142\u0105czniku w<\/span><span style=\"font-family: 'Calibri',sans-serif;\">cz\u0119\u015bci IV &#8220;WOJEW&Oacute;DZTWO LUBUSKIE&#8221; uchyla si\u0119 pkt 4.<\/span><\/span><\/p>\n<p>&nbsp;<\/p>\n<p class=\"Dziedzinaprawa\" style=\"text-align: justify;\"><span style=\"font-size: 12pt;\"><strong><span style=\"font-family: 'Calibri',sans-serif;\">PROKURATORIA GENERALNA SKARBU PA\u0143STWA<\/span><\/strong><\/span><\/p>\n<p class=\"Tekstpraswki\" style=\"text-align: justify;\"><span style=\"font-size: 12pt;\"><strong><span style=\"font-family: 'Calibri',sans-serif;\">Rozporz\u0105dzenie<\/span><\/strong><span style=\"font-family: 'Calibri',sans-serif;\"> Prezesa Rady Ministr&oacute;w <\/span><span style=\"font-family: 'Calibri',sans-serif;\">z dnia 10 marca 2016 r.<\/span><span style=\"font-family: 'Calibri',sans-serif;\">zmieniaj\u0105ce rozporz\u0105dzenie w&nbsp;sprawie zakresu i&nbsp;trybu wsp&oacute;\u0142dzia\u0142ania Prokuratorii Generalnej Skarbu Pa\u0144stwa z&nbsp;w\u0142a\u015bciwymi podmiotami przy wykonywaniu zast\u0119pstwa procesowego Skarbu Pa\u0144stwa i&nbsp;zast\u0119pstwa Rzeczypospolitej Polskiej oraz przy wydawaniu opinii prawnych<\/span><span style=\"font-family: 'Calibri',sans-serif;\"> (Dz.&nbsp;U. z&nbsp;2016 r., poz. 373)<strong> &#8211; wejdzie w&nbsp;\u017cycie z&nbsp;dniem 5 kwietnia 2016 r.<\/strong><\/span><\/span><\/p>\n<p class=\"Omwienie\" style=\"text-align: justify;\"><span style=\"font-size: 12pt;\"><span style=\"font-family: 'Calibri',sans-serif;\">W rozporz\u0105dzeniu Prezesa Rady Ministr&oacute;w z&nbsp;dnia 4 listopada 2009 r. w&nbsp;sprawie zakresu i<\/span><span style=\"font-family: 'Calibri',sans-serif;\">trybu wsp&oacute;\u0142dzia\u0142ania Prokuratorii Generalnej Skarbu Pa\u0144stwa z&nbsp;w\u0142a\u015bciwymi podmiotami przy wykonywaniu zast\u0119pstwa procesowego Skarbu Pa\u0144stwa i&nbsp;zast\u0119pstwa Rzeczypospolitej Polskiej oraz przy wydawaniu opinii prawnych (Dz. U. poz. 1477)<\/span><span style=\"font-family: 'Calibri',sans-serif;\"> zmianie ulegnie brzmienie &sect; 19, &sect; 20 ust. 1-5, dodany zostanie &sect; 20a.<\/span><\/span><\/p>\n<p>&nbsp;<\/p>\n<p class=\"Dziedzinaprawa\" style=\"text-align: justify;\"><span style=\"font-size: 12pt;\"><strong><span style=\"font-family: 'Calibri',sans-serif;\">PRAWO BANKOWE<\/span><\/strong><\/span><\/p>\n<p class=\"Tekstpraswki\" style=\"text-align: justify;\"><span style=\"font-size: 12pt;\"><strong><span style=\"font-family: 'Calibri',sans-serif;\">Ustawa <\/span><\/strong><span style=\"font-family: 'Calibri',sans-serif;\">z dnia 11 marca 2016 r.<\/span><span style=\"font-family: 'Calibri',sans-serif;\">o zmianie ustawy o&nbsp;Bankowym Funduszu Gwarancyjnym oraz ustawy o&nbsp;funkcjonowaniu bank&oacute;w sp&oacute;\u0142dzielczych, ich zrzeszaniu si\u0119 i&nbsp;<\/span><span style=\"font-family: 'Calibri',sans-serif;\">bankach zrzeszaj\u0105cych<\/span><span style=\"font-family: 'Calibri',sans-serif;\"> (Dz. U. z&nbsp;2016 r., poz. 381) <strong>&#8211; wesz\u0142a w&nbsp;\u017cycie z&nbsp;dniem 23&nbsp;marca 2016 r.<\/strong><\/span><\/span><\/p>\n<p class=\"Omwienie\" style=\"text-align: justify;\"><span style=\"font-size: 12pt; font-family: 'Calibri',sans-serif;\">W ustawie z&nbsp;dnia 14 grudnia 1994 r. o&nbsp;Bankowym Funduszu Gwarancyjnym (Dz.&nbsp;U.&nbsp;z&nbsp;2014 r. poz. 1866 oraz z&nbsp;2015 r. poz. 978, 1166, 1513 i&nbsp;1844) zmianie uleg\u0142o brzmienie art. 4, art. 7, art. 13, art. 13c, art. 14, art. 14a, art. 14b, art. 15 pkt 1, art.&nbsp;16a ust. 7, art. 36, art. 38r ust. 5, art. 42a.<\/span><\/p>\n<p class=\"Omwienie\" style=\"text-align: justify;\"><span style=\"font-size: 12pt; font-family: 'Calibri',sans-serif;\">W ustawie z&nbsp;dnia 7 grudnia 2000 r. o&nbsp;funkcjonowaniu bank&oacute;w sp&oacute;\u0142dzielczych, ich zrzeszaniu si\u0119 i&nbsp;bankach zrzeszaj\u0105cych (Dz. U. z&nbsp;2015 r. poz. 2170) zmianie uleg\u0142o brzmienie art. 22g ust. 2 i&nbsp;3.<\/span><\/p>\n<p>&nbsp;<\/p>\n<p class=\"Dziedzinaprawa\" style=\"text-align: justify;\"><span style=\"font-size: 12pt;\"><strong><span style=\"font-family: 'Calibri',sans-serif;\">S\u0141U\u017bBY MUNDUROWE<\/span><\/strong><\/span><\/p>\n<p class=\"Tekstpraswki\" style=\"text-align: justify;\"><span style=\"font-size: 12pt;\"><strong><span style=\"font-family: 'Calibri',sans-serif;\">Rozporz\u0105dzenie<\/span><\/strong><span style=\"font-family: 'Calibri',sans-serif;\"> Ministra Finans&oacute;w <\/span><span style=\"font-family: 'Calibri',sans-serif;\">z dnia 18 marca 2016 r.<\/span><span style=\"font-family: 'Calibri',sans-serif;\">zmieniaj\u0105ce rozporz\u0105dzenie w&nbsp;sprawie rekrutacji na stanowiska dyrektora i&nbsp;zast\u0119pcy dyrektora izby celnej oraz naczelnika i&nbsp;zast\u0119pcy naczelnika urz\u0119du celnego<\/span><span style=\"font-family: 'Calibri',sans-serif;\"> (Dz. U. z&nbsp;2016 r., poz. 375)<strong> &#8211; wejdzie w&nbsp;\u017cycie z&nbsp;dniem 5 kwietnia 2016 r.<\/strong><\/span><\/span><\/p>\n<p class=\"Omwienie\" style=\"text-align: justify;\"><span style=\"font-size: 12pt;\"><span style=\"font-family: 'Calibri',sans-serif;\">W rozporz\u0105dzeniu Ministra Finans&oacute;w z&nbsp;dnia 5 lutego 2010 r. w&nbsp;sprawie rekrutacji na stanowiska dyrektora i&nbsp;zast\u0119pcy dyrektora izby celnej oraz naczelnika i&nbsp;zast\u0119pcy naczelnika urz\u0119du celnego (Dz. U. poz. 136)<\/span><span style=\"font-family: 'Calibri',sans-serif;\"> zmianie ulegnie brzmienie &sect; 5 ust. 3, &sect;&nbsp;6&nbsp;ust. 2 i&nbsp;3, &sect; 8 ust. 1.<\/span><\/span><\/p>\n<p class=\"Tekstpraswki\" style=\"text-align: justify;\"><span style=\"font-size: 12pt;\"><strong><span style=\"font-family: 'Calibri',sans-serif;\">Rozporz\u0105dzenie<\/span><\/strong><span style=\"font-family: 'Calibri',sans-serif;\"> Ministra Spraw Wewn\u0119trznych i&nbsp;Administracji <\/span><span style=\"font-family: 'Calibri',sans-serif;\">z dnia 22 marca 2016 r.<\/span><span style=\"font-family: 'Calibri',sans-serif;\">zmieniaj\u0105ce rozporz\u0105dzenie w&nbsp;sprawie uposa\u017cenia zasadniczego oraz dodatk&oacute;w do uposa\u017cenia funkcjonariuszy Stra\u017cy Granicznej<\/span><span style=\"font-family: 'Calibri',sans-serif;\"> (Dz. U. z&nbsp;2016 r., poz. 386)<strong> &ndash; wesz\u0142o w&nbsp;\u017cycie z&nbsp;dniem 24 marca 2016 r.<\/strong><\/span><\/span><\/p>\n<p class=\"Omwienie\" style=\"text-align: justify;\"><span style=\"font-size: 12pt;\"><span style=\"font-family: 'Calibri',sans-serif;\">W rozporz\u0105dzeniu Ministra Spraw Wewn\u0119trznych i&nbsp;Administracji z&nbsp;dnia 8 lutego 2008 r. w<\/span><span style=\"font-family: 'Calibri',sans-serif;\">sprawie uposa\u017cenia zasadniczego oraz dodatk&oacute;w do uposa\u017cenia funkcjonariuszy Stra\u017cy Granicznej (Dz. U. poz. 148, z&nbsp;2009 r. poz. 150, z&nbsp;2012 r. poz. 1200, z&nbsp;2014 r. poz. 43 i<\/span><span style=\"font-family: 'Calibri',sans-serif;\">1233 oraz z&nbsp;2015 r. poz. 418)<\/span><span style=\"font-family: 'Calibri',sans-serif;\"> zmianie uleg\u0142o brzmienie &sect; 7 ust. 3, &sect; 8 ust. 3 i&nbsp;3a, za\u0142\u0105cznika nr 3 do rozporz\u0105dzenia.<\/span><\/span><\/p>\n<p class=\"Tekstpraswki\" style=\"text-align: justify;\"><span style=\"font-size: 12pt;\"><strong><span style=\"font-family: 'Calibri',sans-serif;\">Rozporz\u0105dzenie<\/span><\/strong><span style=\"font-family: 'Calibri',sans-serif;\"> Ministra Spraw Wewn\u0119trznych i&nbsp;Administracji <\/span><span style=\"font-family: 'Calibri',sans-serif;\">z dnia 22 marca 2016 r.<\/span><span style=\"font-family: 'Calibri',sans-serif;\">zmieniaj\u0105ce rozporz\u0105dzenie w&nbsp;sprawie szczeg&oacute;\u0142owych zasad otrzymywania i&nbsp;wysoko\u015bci uposa\u017cenia zasadniczego policjant&oacute;w, dodatk&oacute;w do uposa\u017cenia oraz ustalania wys\u0142ugi lat, od kt&oacute;rej jest uzale\u017cniony wzrost uposa\u017cenia zasadniczego<\/span><span style=\"font-family: 'Calibri',sans-serif;\"> (Dz. U. z&nbsp;2016 r., poz. 385)<strong> &ndash; wesz\u0142o w&nbsp;\u017cycie z&nbsp;dniem 24 marca 2016 r.<\/strong><\/span><\/span><\/p>\n<p class=\"Omwienie\" style=\"text-align: justify;\"><span style=\"font-size: 12pt;\"><span style=\"font-family: 'Calibri',sans-serif;\">W rozporz\u0105dzeniu Ministra Spraw Wewn\u0119trznych i&nbsp;Administracji z&nbsp;dnia 6 grudnia 2001 r. w&nbsp;sprawie szczeg&oacute;\u0142owych zasad otrzymywania i&nbsp;wysoko\u015bci uposa\u017cenia zasadniczego policjant&oacute;w, dodatk&oacute;w do uposa\u017cenia oraz ustalania wys\u0142ugi lat, od kt&oacute;rej jest uzale\u017cniony wzrost uposa\u017cania zasadniczego (Dz. U. z&nbsp;2015 r. poz. 1236) <\/span><span style=\"font-family: 'Calibri',sans-serif;\">zmianie uleg\u0142o brzmienie <\/span><span style=\"font-family: 'Calibri',sans-serif;\">za\u0142\u0105cznik<\/span><span style=\"font-family: 'Calibri',sans-serif;\">a<\/span><span style=\"font-family: 'Calibri',sans-serif;\"> nr 3 do rozporz\u0105dzenia<\/span><span style=\"font-family: 'Calibri',sans-serif;\">.<\/span><\/span><\/p>\n<p class=\"Tekstpraswki\" style=\"text-align: justify;\"><span style=\"font-size: 12pt;\"><strong><span style=\"font-family: 'Calibri',sans-serif;\">Rozporz\u0105dzenie<\/span><\/strong><span style=\"font-family: 'Calibri',sans-serif;\"> Ministra Spraw Wewn\u0119trznych i&nbsp;Administracji<\/span><span style=\"font-family: 'Calibri',sans-serif;\"> z&nbsp;dnia 22 marca 2016 r.<\/span><span style=\"font-family: 'Calibri',sans-serif;\">zmieniaj\u0105ce rozporz\u0105dzenie w&nbsp;sprawie stawek uposa\u017cenia zasadniczego funkcjonariuszy Biura Ochrony Rz\u0105du<\/span><span style=\"font-family: 'Calibri',sans-serif;\"> (Dz. U. z&nbsp;2016 r., poz. 384)<strong> &ndash; wesz\u0142o w&nbsp;\u017cycie z&nbsp;dniem 24&nbsp;marca&nbsp;2016 r.<\/strong><\/span><\/span><\/p>\n<p class=\"Omwienie\" style=\"text-align: justify;\"><span style=\"font-size: 12pt;\"><span style=\"font-family: 'Calibri',sans-serif;\">W rozporz\u0105dzeniu Ministra Spraw Wewn\u0119trznych i&nbsp;Administracji z&nbsp;dnia 24 maja 2002 r. w<\/span><span style=\"font-family: 'Calibri',sans-serif;\">sprawie stawek uposa\u017cenia zasadniczego funkcjonariuszy Biura Ochrony Rz\u0105du (Dz.<\/span><span style=\"font-family: 'Calibri',sans-serif;\">U.<\/span><span style=\"font-family: 'Calibri',sans-serif;\">z 2014 r. poz. 315 oraz z&nbsp;2015 r. poz. 484 i&nbsp;1380) <\/span><span style=\"font-family: 'Calibri',sans-serif;\">zmianie uleg\u0142o brzmienie <\/span><span style=\"font-family: 'Calibri',sans-serif;\">za\u0142\u0105cznik<\/span><span style=\"font-family: 'Calibri',sans-serif;\">a<\/span><span style=\"font-family: 'Calibri',sans-serif;\"> nr 1<\/span><span style=\"font-family: 'Calibri',sans-serif;\">.<\/span><\/span><\/p>\n<p class=\"Tekstpraswki\" style=\"text-align: justify;\"><span style=\"font-size: 12pt;\"><strong><span style=\"font-family: 'Calibri',sans-serif;\">Rozporz\u0105dzenie<\/span><\/strong><span style=\"font-family: 'Calibri',sans-serif;\"> Ministra Spraw Wewn\u0119trznych i&nbsp;Administracji<\/span><span style=\"font-family: 'Calibri',sans-serif;\"> z&nbsp;dnia 23 marca 2016 r.<\/span><span style=\"font-family: 'Calibri',sans-serif;\">zmieniaj\u0105ce rozporz\u0105dzenie w&nbsp;sprawie uposa\u017cenia stra\u017cak&oacute;w Pa\u0144stwowej Stra\u017cy Po\u017carnej<\/span><span style=\"font-family: 'Calibri',sans-serif;\"> (Dz. U. z&nbsp;2016 r., poz. 388)<strong> &ndash; wesz\u0142o w&nbsp;\u017cycie z&nbsp;dniem 23 marca 2016 r.<\/strong><\/span><\/span><\/p>\n<p class=\"Omwienie\" style=\"text-align: justify;\"><span style=\"font-size: 12pt;\"><span style=\"font-family: 'Calibri',sans-serif;\">W rozporz\u0105dzeniu Ministra Spraw Wewn\u0119trznych i&nbsp;Administracji z&nbsp;dnia 27 lutego 2008 r. w&nbsp;sprawie uposa\u017cenia stra\u017cak&oacute;w Pa\u0144stwowej Stra\u017cy Po\u017carnej (Dz. U. poz. 212, z&nbsp;2009 r. poz. 352 oraz z&nbsp;2012 r. poz. 1199)<\/span><span style=\"font-family: 'Calibri',sans-serif;\"> zmianie uleg\u0142o brzmienie za\u0142\u0105cznika nr 2, za\u0142\u0105cznika nr 3.<\/span><\/span><\/p>\n<p>&nbsp;<\/p>\n<p class=\"Dziedzinaprawa\" style=\"text-align: justify;\"><span style=\"font-size: 12pt;\"><strong><span style=\"font-family: 'Calibri',sans-serif;\">DZIA\u0141ALNO\u015a\u0106 UBEZPIECZENIOWA I&nbsp;REASEKURACYJNA<\/span><\/strong><\/span><\/p>\n<p class=\"Tekstpraswki\" style=\"text-align: justify;\"><span style=\"font-size: 12pt;\"><strong><span style=\"font-family: 'Calibri',sans-serif;\">Rozporz\u0105dzenie<\/span><\/strong><span style=\"font-family: 'Calibri',sans-serif;\"> Ministra Finans&oacute;w <\/span><span style=\"font-family: 'Calibri',sans-serif;\">z dnia 18 marca 2016 r.<\/span><span style=\"font-family: 'Calibri',sans-serif;\">w sprawie danych gromadzonych przez Polsk\u0105 Izb\u0119 Ubezpiecze\u0144 w&nbsp;zakresie statystyki ubezpieczeniowej<\/span><span style=\"font-family: 'Calibri',sans-serif;\"> (Dz. U. z&nbsp;2016 r., poz. 378)<strong> &#8211; wesz\u0142o w&nbsp;\u017cycie z&nbsp;dniem 23 marca 2016 r.<\/strong><\/span><\/span><\/p>\n<p>&nbsp;<\/p>\n<p class=\"Dziedzinaprawa\" style=\"text-align: justify;\"><span style=\"font-size: 12pt;\"><strong><span style=\"font-family: 'Calibri',sans-serif;\">PRAWO O&nbsp;USTROJU S\u0104D&Oacute;W POWSZECHNYCH<\/span><\/strong><\/span><\/p>\n<p class=\"Tekstpraswki\" style=\"text-align: justify;\"><span style=\"font-size: 12pt;\"><strong><span style=\"font-family: 'Calibri',sans-serif;\">Rozporz\u0105dzenie<\/span><\/strong><span style=\"font-family: 'Calibri',sans-serif;\"> Ministra Sprawiedliwo\u015bci z&nbsp;dnia 11 marca 2016 r. w&nbsp;sprawie konkurs&oacute;w na stanowiska kierownika i&nbsp;specjalisty opiniodawczego zespo\u0142u s\u0105dowych specjalist&oacute;w (Dz. U. z&nbsp;2016 r., poz. 367)<strong> &#8211; wesz\u0142o w&nbsp;\u017cycie z&nbsp;dniem 19 marca 2016 r.<\/strong><\/span><\/span><\/p>\n<p>&nbsp;<\/p>\n<p class=\"Dziedzinaprawa\" style=\"text-align: justify;\"><span style=\"font-size: 12pt;\"><strong><span style=\"font-family: 'Calibri',sans-serif;\">TRANSPORT<\/span><\/strong><\/span><\/p>\n<p class=\"Tekstpraswki\" style=\"text-align: justify;\"><span style=\"font-size: 12pt;\"><strong><span style=\"font-family: 'Calibri',sans-serif;\">Rozporz\u0105dzenie<\/span><\/strong><span style=\"font-family: 'Calibri',sans-serif;\"> Ministra Infrastruktury i&nbsp;Budownictwa <\/span><span style=\"font-family: 'Calibri',sans-serif;\">z dnia 16 marca 2016 r.<\/span><span style=\"font-family: 'Calibri',sans-serif;\">w<\/span><span style=\"font-family: 'Calibri',sans-serif;\">sprawie powa\u017cnych wypadk&oacute;w, wypadk&oacute;w i&nbsp;incydent&oacute;w w&nbsp;transporcie kolejowym<\/span><span style=\"font-family: 'Calibri',sans-serif;\"> (Dz.&nbsp;U. z&nbsp;2016 r., poz. 369)<strong> &#8211; wesz\u0142o w&nbsp;\u017cycie z&nbsp;dniem 19 marca 2016 r.<\/strong><\/span><\/span><\/p>\n<p class=\"Tekstpraswki\" style=\"text-align: justify;\"><span style=\"font-size: 12pt;\"><strong><span style=\"font-family: 'Calibri',sans-serif;\">Rozporz\u0105dzenie<\/span><\/strong><span style=\"font-family: 'Calibri',sans-serif;\"> Ministra Obrony Narodowej <\/span><span style=\"font-family: 'Calibri',sans-serif;\">z dnia 11 marca 2016 r.<\/span><span style=\"font-family: 'Calibri',sans-serif;\">zmieniaj\u0105ce rozporz\u0105dzenie w&nbsp;sprawie wydawania zezwole\u0144 wojskowych na przejazd drogowy pojazd&oacute;w przewo\u017c\u0105cych towary niebezpieczne<\/span><span style=\"font-family: 'Calibri',sans-serif;\"> (Dz. U. z&nbsp;2016 r., poz. 362)<strong> &#8211; wesz\u0142o w&nbsp;\u017cycie z&nbsp;dniem 19 marca 2016 r.<\/strong><\/span><\/span><\/p>\n<p class=\"Omwienie\" style=\"text-align: justify;\"><span style=\"font-size: 12pt;\"><span style=\"font-family: 'Calibri',sans-serif;\">W rozporz\u0105dzeniu Ministra Obrony Narodowej z&nbsp;dnia 28 wrze\u015bnia 2012 r. w&nbsp;sprawie wydawania zezwole\u0144 wojskowych na przejazd drogowy pojazd&oacute;w przewo\u017c\u0105cych towary niebezpieczne (Dz. U. poz. 1257)<\/span><span style=\"font-family: 'Calibri',sans-serif;\"> zmianie uleg\u0142o brzmienie &sect; 6, &sect; 7 pkt 2, &sect; 8.<\/span><\/span><\/p>\n<p>&nbsp;<\/p>\n","protected":false},"excerpt":{"rendered":"<p>We would like to present the next issue of legal bulletin of the Law Office of Adam Polowiec.What you will find here is some information about the new provisions of law and the projects of amendments to acts, but also case-laws including the case laws of Supreme Court, Constitutional Tribunal and European Court of Justice.<\/p>\n","protected":false},"author":3,"featured_media":0,"comment_status":"closed","ping_status":"open","sticky":false,"template":"","format":"standard","meta":{"footnotes":""},"categories":[2],"tags":[],"class_list":["post-629","post","type-post","status-publish","format-standard","hentry","category-wpisy"],"featured_image_src":{"landsacpe":false,"list":false,"medium":false,"full":false},"yoast_head":"<!-- This site is optimized with the Yoast SEO plugin v27.2 - https:\/\/yoast.com\/product\/yoast-seo-wordpress\/ -->\n<title>Legal Bulletin Of The Law Office Of Adam Polowiec (21 - 27 March 2016) - Polowiec i Wsp\u00f3lnicy - Kancelaria prawna<\/title>\n<meta name=\"robots\" content=\"index, follow, max-snippet:-1, max-image-preview:large, max-video-preview:-1\" \/>\n<link rel=\"canonical\" href=\"https:\/\/polowiec.pl\/en\/legal-bulletin-of-the-law-office-of-adam-polowiec-21-27-march-2016\/\" \/>\n<meta property=\"og:locale\" content=\"en_US\" \/>\n<meta property=\"og:type\" content=\"article\" \/>\n<meta property=\"og:title\" content=\"Legal Bulletin Of The Law Office Of Adam Polowiec (21 - 27 March 2016) - Polowiec i Wsp\u00f3lnicy - Kancelaria prawna\" \/>\n<meta property=\"og:description\" content=\"We would like to present the next issue of legal bulletin of the Law Office of Adam Polowiec.What you will find here is some information about the new provisions of law and the projects of amendments to acts, but also case-laws including the case laws of Supreme Court, Constitutional Tribunal and European Court of Justice.\" \/>\n<meta property=\"og:url\" content=\"https:\/\/polowiec.pl\/en\/legal-bulletin-of-the-law-office-of-adam-polowiec-21-27-march-2016\/\" \/>\n<meta property=\"og:site_name\" content=\"Polowiec i Wsp\u00f3lnicy - Kancelaria prawna\" \/>\n<meta property=\"article:publisher\" content=\"https:\/\/www.facebook.com\/polowieciwspolnicy\/\" \/>\n<meta property=\"article:published_time\" content=\"2016-05-26T16:29:38+00:00\" \/>\n<meta property=\"article:modified_time\" content=\"2019-04-18T17:35:14+00:00\" \/>\n<meta name=\"author\" content=\"Marcin Rusinek\" \/>\n<meta name=\"twitter:card\" content=\"summary_large_image\" \/>\n<meta name=\"twitter:label1\" content=\"Written by\" \/>\n\t<meta name=\"twitter:data1\" content=\"Marcin Rusinek\" \/>\n\t<meta name=\"twitter:label2\" content=\"Est. reading time\" \/>\n\t<meta name=\"twitter:data2\" content=\"9 minutes\" \/>\n<script type=\"application\/ld+json\" class=\"yoast-schema-graph\">{\"@context\":\"https:\/\/schema.org\",\"@graph\":[{\"@type\":\"Article\",\"@id\":\"https:\/\/polowiec.pl\/en\/legal-bulletin-of-the-law-office-of-adam-polowiec-21-27-march-2016\/#article\",\"isPartOf\":{\"@id\":\"https:\/\/polowiec.pl\/en\/legal-bulletin-of-the-law-office-of-adam-polowiec-21-27-march-2016\/\"},\"author\":{\"name\":\"Marcin Rusinek\",\"@id\":\"https:\/\/polowiec.pl\/en\/#\/schema\/person\/74c7526b6f52be5ae94031504f9ffec4\"},\"headline\":\"Legal Bulletin Of The Law Office Of Adam Polowiec (21 &#8211; 27 March 2016)\",\"datePublished\":\"2016-05-26T16:29:38+00:00\",\"dateModified\":\"2019-04-18T17:35:14+00:00\",\"mainEntityOfPage\":{\"@id\":\"https:\/\/polowiec.pl\/en\/legal-bulletin-of-the-law-office-of-adam-polowiec-21-27-march-2016\/\"},\"wordCount\":1810,\"publisher\":{\"@id\":\"https:\/\/polowiec.pl\/en\/#organization\"},\"articleSection\":[\"Wpisy\"],\"inLanguage\":\"en-US\"},{\"@type\":\"WebPage\",\"@id\":\"https:\/\/polowiec.pl\/en\/legal-bulletin-of-the-law-office-of-adam-polowiec-21-27-march-2016\/\",\"url\":\"https:\/\/polowiec.pl\/en\/legal-bulletin-of-the-law-office-of-adam-polowiec-21-27-march-2016\/\",\"name\":\"Legal Bulletin Of The Law Office Of Adam Polowiec (21 - 27 March 2016) - Polowiec i Wsp\u00f3lnicy - Kancelaria prawna\",\"isPartOf\":{\"@id\":\"https:\/\/polowiec.pl\/en\/#website\"},\"datePublished\":\"2016-05-26T16:29:38+00:00\",\"dateModified\":\"2019-04-18T17:35:14+00:00\",\"breadcrumb\":{\"@id\":\"https:\/\/polowiec.pl\/en\/legal-bulletin-of-the-law-office-of-adam-polowiec-21-27-march-2016\/#breadcrumb\"},\"inLanguage\":\"en-US\",\"potentialAction\":[{\"@type\":\"ReadAction\",\"target\":[\"https:\/\/polowiec.pl\/en\/legal-bulletin-of-the-law-office-of-adam-polowiec-21-27-march-2016\/\"]}]},{\"@type\":\"BreadcrumbList\",\"@id\":\"https:\/\/polowiec.pl\/en\/legal-bulletin-of-the-law-office-of-adam-polowiec-21-27-march-2016\/#breadcrumb\",\"itemListElement\":[{\"@type\":\"ListItem\",\"position\":1,\"name\":\"Strona g\u0142\u00f3wna\",\"item\":\"https:\/\/polowiec.pl\/en\/\"},{\"@type\":\"ListItem\",\"position\":2,\"name\":\"Legal Bulletin Of The Law Office Of Adam Polowiec (21 &#8211; 27 March 2016)\"}]},{\"@type\":\"WebSite\",\"@id\":\"https:\/\/polowiec.pl\/en\/#website\",\"url\":\"https:\/\/polowiec.pl\/en\/\",\"name\":\"Polowiec i Wsp\u00f3lnicy - Kancelaria prawna\",\"description\":\"Obs\u0142uga prawna\",\"publisher\":{\"@id\":\"https:\/\/polowiec.pl\/en\/#organization\"},\"potentialAction\":[{\"@type\":\"SearchAction\",\"target\":{\"@type\":\"EntryPoint\",\"urlTemplate\":\"https:\/\/polowiec.pl\/en\/?s={search_term_string}\"},\"query-input\":{\"@type\":\"PropertyValueSpecification\",\"valueRequired\":true,\"valueName\":\"search_term_string\"}}],\"inLanguage\":\"en-US\"},{\"@type\":\"Organization\",\"@id\":\"https:\/\/polowiec.pl\/en\/#organization\",\"name\":\"Polowiec i Wsp\u00f3lnicy - Kancelaria prawna\",\"url\":\"https:\/\/polowiec.pl\/en\/\",\"logo\":{\"@type\":\"ImageObject\",\"inLanguage\":\"en-US\",\"@id\":\"https:\/\/polowiec.pl\/en\/#\/schema\/logo\/image\/\",\"url\":\"https:\/\/polowiec.pl\/wp-content\/uploads\/2018\/10\/polowiec_logo2-1.png\",\"contentUrl\":\"https:\/\/polowiec.pl\/wp-content\/uploads\/2018\/10\/polowiec_logo2-1.png\",\"width\":540,\"height\":381,\"caption\":\"Polowiec i Wsp\u00f3lnicy - Kancelaria prawna\"},\"image\":{\"@id\":\"https:\/\/polowiec.pl\/en\/#\/schema\/logo\/image\/\"},\"sameAs\":[\"https:\/\/www.facebook.com\/polowieciwspolnicy\/\",\"https:\/\/www.linkedin.com\/company\/polowiec-i-wsplnicy-sp.j.\/about\/\"]},{\"@type\":\"Person\",\"@id\":\"https:\/\/polowiec.pl\/en\/#\/schema\/person\/74c7526b6f52be5ae94031504f9ffec4\",\"name\":\"Marcin Rusinek\",\"image\":{\"@type\":\"ImageObject\",\"inLanguage\":\"en-US\",\"@id\":\"https:\/\/secure.gravatar.com\/avatar\/b50a0a5c3e71d904f5e57a757d39977d01c43e075c6bf5b4df909ffbbe004790?s=96&d=mm&r=g\",\"url\":\"https:\/\/secure.gravatar.com\/avatar\/b50a0a5c3e71d904f5e57a757d39977d01c43e075c6bf5b4df909ffbbe004790?s=96&d=mm&r=g\",\"contentUrl\":\"https:\/\/secure.gravatar.com\/avatar\/b50a0a5c3e71d904f5e57a757d39977d01c43e075c6bf5b4df909ffbbe004790?s=96&d=mm&r=g\",\"caption\":\"Marcin Rusinek\"}}]}<\/script>\n<!-- \/ Yoast SEO plugin. -->","yoast_head_json":{"title":"Legal Bulletin Of The Law Office Of Adam Polowiec (21 - 27 March 2016) - Polowiec i Wsp\u00f3lnicy - Kancelaria prawna","robots":{"index":"index","follow":"follow","max-snippet":"max-snippet:-1","max-image-preview":"max-image-preview:large","max-video-preview":"max-video-preview:-1"},"canonical":"https:\/\/polowiec.pl\/en\/legal-bulletin-of-the-law-office-of-adam-polowiec-21-27-march-2016\/","og_locale":"en_US","og_type":"article","og_title":"Legal Bulletin Of The Law Office Of Adam Polowiec (21 - 27 March 2016) - Polowiec i Wsp\u00f3lnicy - Kancelaria prawna","og_description":"We would like to present the next issue of legal bulletin of the Law Office of Adam Polowiec.What you will find here is some information about the new provisions of law and the projects of amendments to acts, but also case-laws including the case laws of Supreme Court, Constitutional Tribunal and European Court of Justice.","og_url":"https:\/\/polowiec.pl\/en\/legal-bulletin-of-the-law-office-of-adam-polowiec-21-27-march-2016\/","og_site_name":"Polowiec i Wsp\u00f3lnicy - Kancelaria prawna","article_publisher":"https:\/\/www.facebook.com\/polowieciwspolnicy\/","article_published_time":"2016-05-26T16:29:38+00:00","article_modified_time":"2019-04-18T17:35:14+00:00","author":"Marcin Rusinek","twitter_card":"summary_large_image","twitter_misc":{"Written by":"Marcin Rusinek","Est. reading time":"9 minutes"},"schema":{"@context":"https:\/\/schema.org","@graph":[{"@type":"Article","@id":"https:\/\/polowiec.pl\/en\/legal-bulletin-of-the-law-office-of-adam-polowiec-21-27-march-2016\/#article","isPartOf":{"@id":"https:\/\/polowiec.pl\/en\/legal-bulletin-of-the-law-office-of-adam-polowiec-21-27-march-2016\/"},"author":{"name":"Marcin Rusinek","@id":"https:\/\/polowiec.pl\/en\/#\/schema\/person\/74c7526b6f52be5ae94031504f9ffec4"},"headline":"Legal Bulletin Of The Law Office Of Adam Polowiec (21 &#8211; 27 March 2016)","datePublished":"2016-05-26T16:29:38+00:00","dateModified":"2019-04-18T17:35:14+00:00","mainEntityOfPage":{"@id":"https:\/\/polowiec.pl\/en\/legal-bulletin-of-the-law-office-of-adam-polowiec-21-27-march-2016\/"},"wordCount":1810,"publisher":{"@id":"https:\/\/polowiec.pl\/en\/#organization"},"articleSection":["Wpisy"],"inLanguage":"en-US"},{"@type":"WebPage","@id":"https:\/\/polowiec.pl\/en\/legal-bulletin-of-the-law-office-of-adam-polowiec-21-27-march-2016\/","url":"https:\/\/polowiec.pl\/en\/legal-bulletin-of-the-law-office-of-adam-polowiec-21-27-march-2016\/","name":"Legal Bulletin Of The Law Office Of Adam Polowiec (21 - 27 March 2016) - Polowiec i Wsp\u00f3lnicy - Kancelaria prawna","isPartOf":{"@id":"https:\/\/polowiec.pl\/en\/#website"},"datePublished":"2016-05-26T16:29:38+00:00","dateModified":"2019-04-18T17:35:14+00:00","breadcrumb":{"@id":"https:\/\/polowiec.pl\/en\/legal-bulletin-of-the-law-office-of-adam-polowiec-21-27-march-2016\/#breadcrumb"},"inLanguage":"en-US","potentialAction":[{"@type":"ReadAction","target":["https:\/\/polowiec.pl\/en\/legal-bulletin-of-the-law-office-of-adam-polowiec-21-27-march-2016\/"]}]},{"@type":"BreadcrumbList","@id":"https:\/\/polowiec.pl\/en\/legal-bulletin-of-the-law-office-of-adam-polowiec-21-27-march-2016\/#breadcrumb","itemListElement":[{"@type":"ListItem","position":1,"name":"Strona g\u0142\u00f3wna","item":"https:\/\/polowiec.pl\/en\/"},{"@type":"ListItem","position":2,"name":"Legal Bulletin Of The Law Office Of Adam Polowiec (21 &#8211; 27 March 2016)"}]},{"@type":"WebSite","@id":"https:\/\/polowiec.pl\/en\/#website","url":"https:\/\/polowiec.pl\/en\/","name":"Polowiec i Wsp\u00f3lnicy - Kancelaria prawna","description":"Obs\u0142uga prawna","publisher":{"@id":"https:\/\/polowiec.pl\/en\/#organization"},"potentialAction":[{"@type":"SearchAction","target":{"@type":"EntryPoint","urlTemplate":"https:\/\/polowiec.pl\/en\/?s={search_term_string}"},"query-input":{"@type":"PropertyValueSpecification","valueRequired":true,"valueName":"search_term_string"}}],"inLanguage":"en-US"},{"@type":"Organization","@id":"https:\/\/polowiec.pl\/en\/#organization","name":"Polowiec i Wsp\u00f3lnicy - Kancelaria prawna","url":"https:\/\/polowiec.pl\/en\/","logo":{"@type":"ImageObject","inLanguage":"en-US","@id":"https:\/\/polowiec.pl\/en\/#\/schema\/logo\/image\/","url":"https:\/\/polowiec.pl\/wp-content\/uploads\/2018\/10\/polowiec_logo2-1.png","contentUrl":"https:\/\/polowiec.pl\/wp-content\/uploads\/2018\/10\/polowiec_logo2-1.png","width":540,"height":381,"caption":"Polowiec i Wsp\u00f3lnicy - Kancelaria prawna"},"image":{"@id":"https:\/\/polowiec.pl\/en\/#\/schema\/logo\/image\/"},"sameAs":["https:\/\/www.facebook.com\/polowieciwspolnicy\/","https:\/\/www.linkedin.com\/company\/polowiec-i-wsplnicy-sp.j.\/about\/"]},{"@type":"Person","@id":"https:\/\/polowiec.pl\/en\/#\/schema\/person\/74c7526b6f52be5ae94031504f9ffec4","name":"Marcin Rusinek","image":{"@type":"ImageObject","inLanguage":"en-US","@id":"https:\/\/secure.gravatar.com\/avatar\/b50a0a5c3e71d904f5e57a757d39977d01c43e075c6bf5b4df909ffbbe004790?s=96&d=mm&r=g","url":"https:\/\/secure.gravatar.com\/avatar\/b50a0a5c3e71d904f5e57a757d39977d01c43e075c6bf5b4df909ffbbe004790?s=96&d=mm&r=g","contentUrl":"https:\/\/secure.gravatar.com\/avatar\/b50a0a5c3e71d904f5e57a757d39977d01c43e075c6bf5b4df909ffbbe004790?s=96&d=mm&r=g","caption":"Marcin Rusinek"}}]}},"_links":{"self":[{"href":"https:\/\/polowiec.pl\/en\/wp-json\/wp\/v2\/posts\/629","targetHints":{"allow":["GET"]}}],"collection":[{"href":"https:\/\/polowiec.pl\/en\/wp-json\/wp\/v2\/posts"}],"about":[{"href":"https:\/\/polowiec.pl\/en\/wp-json\/wp\/v2\/types\/post"}],"author":[{"embeddable":true,"href":"https:\/\/polowiec.pl\/en\/wp-json\/wp\/v2\/users\/3"}],"replies":[{"embeddable":true,"href":"https:\/\/polowiec.pl\/en\/wp-json\/wp\/v2\/comments?post=629"}],"version-history":[{"count":0,"href":"https:\/\/polowiec.pl\/en\/wp-json\/wp\/v2\/posts\/629\/revisions"}],"wp:attachment":[{"href":"https:\/\/polowiec.pl\/en\/wp-json\/wp\/v2\/media?parent=629"}],"wp:term":[{"taxonomy":"category","embeddable":true,"href":"https:\/\/polowiec.pl\/en\/wp-json\/wp\/v2\/categories?post=629"},{"taxonomy":"post_tag","embeddable":true,"href":"https:\/\/polowiec.pl\/en\/wp-json\/wp\/v2\/tags?post=629"}],"curies":[{"name":"wp","href":"https:\/\/api.w.org\/{rel}","templated":true}]}}