{"id":631,"date":"2016-05-26T18:39:41","date_gmt":"2016-05-26T16:39:41","guid":{"rendered":"https:\/\/nowa.polowiec.pl\/legal-bulletin-of-the-law-office-of-adam-polowiec-28-march-3-april-2016\/"},"modified":"2019-04-18T19:34:43","modified_gmt":"2019-04-18T17:34:43","slug":"legal-bulletin-of-the-law-office-of-adam-polowiec-28-march-3-april-2016","status":"publish","type":"post","link":"https:\/\/polowiec.pl\/en\/legal-bulletin-of-the-law-office-of-adam-polowiec-28-march-3-april-2016\/","title":{"rendered":"Legal Bulletin Of The Law Office Of Adam Polowiec (28 March &#8211; 3 April 2016)"},"content":{"rendered":"<p>We would like to present the next issue of legal bulletin of the Law Office of Adam Polowiec.<br \/>What you will find here is some information about the new provisions of law and the projects of amendments to acts, but also case-laws including the case laws of Supreme Court, Constitutional Tribunal and European Court of Justice.<\/p>\n<p>  <!--more-->  <\/p>\n<p class=\"NowePrawo\" style=\"text-align: justify;\"><span style=\"font-size: 12pt;\"><strong><span style=\"font-family: 'Calibri',sans-serif;\">_____Nowe Prawo<\/span><\/strong><\/span><\/p>\n<p class=\"Dziedzinaprawa\" style=\"text-align: justify;\"><span style=\"font-size: 12pt;\"><strong><span style=\"font-family: 'Calibri',sans-serif;\">KODEKS RODZINNY I&nbsp;OPIEKU\u0143CZY<\/span><\/strong><\/span><\/p>\n<p class=\"Tekstpraswki\" style=\"text-align: justify;\"><span style=\"font-size: 12pt;\"><strong><span style=\"font-family: 'Calibri',sans-serif;\">Ustawa <\/span><\/strong><span style=\"font-family: 'Calibri',sans-serif;\">z dnia 18 marca 2016 r.<\/span><span style=\"font-family: 'Calibri',sans-serif;\">o zmianie ustawy &#8211; Kodeks rodzinny i&nbsp;opieku\u0144czy<\/span><span style=\"font-family: 'Calibri',sans-serif;\"> (Dz.&nbsp;U. z&nbsp;2016 r., poz. 406)<strong> &ndash; wejdzie w&nbsp;\u017cycie z&nbsp;dniem 30 kwietnia 2016 r.<\/strong><\/span><\/span><\/p>\n<p class=\"Omwienie\" style=\"text-align: justify;\"><span style=\"font-size: 12pt;\"><span style=\"font-family: 'Calibri',sans-serif;\">W ustawie z&nbsp;dnia 25 lutego 1964 r. &#8211; Kodeks rodzinny i&nbsp;opieku\u0144czy (Dz.<\/span><span style=\"font-family: 'Calibri',sans-serif;\">U.<\/span><span style=\"font-family: 'Calibri',sans-serif;\">z<\/span><span style=\"font-family: 'Calibri',sans-serif;\">2015<\/span><span style=\"font-family: 'Calibri',sans-serif;\">r.<\/span><span style=\"font-family: 'Calibri',sans-serif;\">poz.<\/span><span style=\"font-family: 'Calibri',sans-serif;\">2082) <\/span><span style=\"font-family: 'Calibri',sans-serif;\">zmianie ulegnie brzmienie <\/span><span style=\"font-family: 'Calibri',sans-serif;\">art. 112<sup>3<\/sup><\/span><span style=\"font-family: 'Calibri',sans-serif;\">.<\/span><\/span><\/p>\n<p>&nbsp;<\/p>\n<p class=\"Dziedzinaprawa\" style=\"text-align: justify;\"><span style=\"font-size: 12pt;\"><strong><span style=\"font-family: 'Calibri',sans-serif;\">OP\u0141ATY S\u0104DOWE W&nbsp;SPRAWACH CYWILNYCH<\/span><\/strong><\/span><\/p>\n<p class=\"Tekstpraswki\" style=\"text-align: justify;\"><span style=\"font-size: 12pt;\"><strong><span style=\"font-family: 'Calibri',sans-serif;\">Rozporz\u0105dzenie<\/span><\/strong><span style=\"font-family: 'Calibri',sans-serif;\"> Ministra Sprawiedliwo\u015bci z&nbsp;dnia 21 marca 2016 r. w&nbsp;sprawie sposobu uiszczania op\u0142at s\u0105dowych w&nbsp;sprawach cywilnych (Dz. U. z&nbsp;2016 r., poz. 408)<strong> &ndash; wejdzie w&nbsp;\u017cycie z&nbsp;dniem 1 lipca 2016 r.<\/strong><\/span><\/span><\/p>\n<p>&nbsp;<\/p>\n<p class=\"Dziedzinaprawa\" style=\"text-align: justify;\"><span style=\"font-size: 12pt;\"><strong><span style=\"font-family: 'Calibri',sans-serif;\">POST\u0118POWANIE CYWILNE<\/span><\/strong><\/span><\/p>\n<p class=\"Tekstpraswki\" style=\"text-align: justify;\"><span style=\"font-size: 12pt;\"><strong><span style=\"font-family: 'Calibri',sans-serif;\">Rozporz\u0105dzenie<\/span><\/strong><span style=\"font-family: 'Calibri',sans-serif;\"> Ministra Sprawiedliwo\u015bci <\/span><span style=\"font-family: 'Calibri',sans-serif;\">z dnia 25 marca 2016 r.<\/span><span style=\"font-family: 'Calibri',sans-serif;\">zmieniaj\u0105ce rozporz\u0105dzenie zmieniaj\u0105ce rozporz\u0105dzenie w&nbsp;sprawie okre\u015blenia wzor&oacute;w i&nbsp;sposobu udost\u0119pniania urz\u0119dowych formularzy pism procesowych w&nbsp;post\u0119powaniu cywilnym<\/span><span style=\"font-family: 'Calibri',sans-serif;\"> (Dz.&nbsp;U. z&nbsp;2016 r., poz. 416)<strong> &ndash; wesz\u0142o w&nbsp;\u017cycie z&nbsp;dniem 1 kwietnia 2016 r.<\/strong><\/span><\/span><\/p>\n<p class=\"Omwienie\" style=\"text-align: justify;\"><span style=\"font-size: 12pt;\"><span style=\"font-family: 'Calibri',sans-serif;\">W rozporz\u0105dzeniu Ministra Sprawiedliwo\u015bci z&nbsp;dnia 15 lutego 2016 r. zmieniaj\u0105cym rozporz\u0105dzenie w&nbsp;sprawie okre\u015blenia wzor&oacute;w i&nbsp;sposobu udost\u0119pniania urz\u0119dowych formularzy pism procesowych w&nbsp;post\u0119powaniu cywilnym (Dz. U. poz. 269) <\/span><span style=\"font-family: 'Calibri',sans-serif;\">zmianie uleg\u0142o brzmienie <\/span><span style=\"font-family: 'Calibri',sans-serif;\">&sect; 2<\/span><span style=\"font-family: 'Calibri',sans-serif;\">.<\/span><\/span><\/p>\n<p>&nbsp;<\/p>\n<p class=\"Dziedzinaprawa\" style=\"text-align: justify;\"><span style=\"font-size: 12pt;\"><strong><span style=\"font-family: 'Calibri',sans-serif;\">PRAWO KARNE<\/span><\/strong><\/span><\/p>\n<p class=\"Tekstpraswki\" style=\"text-align: justify;\"><span style=\"font-size: 12pt;\"><strong><span style=\"font-family: 'Calibri',sans-serif;\">Rozporz\u0105dzenie<\/span><\/strong><span style=\"font-family: 'Calibri',sans-serif;\"> Ministra Sprawiedliwo\u015bci <\/span><span style=\"font-family: 'Calibri',sans-serif;\">z dnia 18 marca 2016 r.<\/span><span style=\"font-family: 'Calibri',sans-serif;\">zmieniaj\u0105ce rozporz\u0105dzenie w&nbsp;sprawie op\u0142at za wydanie informacji z&nbsp;Krajowego Rejestru Karnego<\/span><span style=\"font-family: 'Calibri',sans-serif;\"> (Dz.&nbsp;U. z&nbsp;2016 r., poz. 390)<strong> &ndash; wejdzie w&nbsp;\u017cycie z&nbsp;dniem 1 lipca 2016 r.<\/strong><\/span><\/span><\/p>\n<p class=\"Omwienie\" style=\"text-align: justify;\"><span style=\"font-size: 12pt;\"><span style=\"font-family: 'Calibri',sans-serif;\">W rozporz\u0105dzeniu Ministra Sprawiedliwo\u015bci z&nbsp;dnia 18 czerwca 2014 r. w&nbsp;sprawie op\u0142at za wydanie informacji z&nbsp;Krajowego Rejestru Karnego (Dz. U. poz. 861) <\/span><span style=\"font-family: 'Calibri',sans-serif;\">zmianie ulegnie brzmienie <\/span><span style=\"font-family: 'Calibri',sans-serif;\">&sect; 5<\/span><span style=\"font-family: 'Calibri',sans-serif;\">.<\/span><\/span><\/p>\n<p class=\"Tekstpraswki\" style=\"text-align: justify;\"><span style=\"font-size: 12pt;\"><strong><span style=\"font-family: 'Calibri',sans-serif;\">Rozporz\u0105dzenie<\/span><\/strong><span style=\"font-family: 'Calibri',sans-serif;\"> Ministra Sprawiedliwo\u015bci <\/span><span style=\"font-family: 'Calibri',sans-serif;\">z dnia 25 marca 2016 r.<\/span><span style=\"font-family: 'Calibri',sans-serif;\">zmieniaj\u0105ce rozporz\u0105dzenie w&nbsp;sprawie udzielania informacji o&nbsp;osobach oraz o&nbsp;podmiotach zbiorowych na podstawie danych zgromadzonych w&nbsp;Krajowym Rejestrze Karnym<\/span><span style=\"font-family: 'Calibri',sans-serif;\"> (Dz.&nbsp;U.&nbsp;z&nbsp;2016&nbsp;r.,&nbsp;poz. 411)<strong> &ndash; wesz\u0142o w&nbsp;\u017cycie z&nbsp;dniem 31 marca 2016 r.<\/strong><\/span><\/span><\/p>\n<p class=\"Omwienie\" style=\"text-align: justify;\"><span style=\"font-size: 12pt;\"><span style=\"font-family: 'Calibri',sans-serif;\">W rozporz\u0105dzeniu Ministra Sprawiedliwo\u015bci z&nbsp;dnia 7 lipca 2015 r. w&nbsp;sprawie udzielania informacji o&nbsp;osobach oraz o&nbsp;podmiotach zbiorowych na podstawie danych zgromadzonych w&nbsp;Krajowym Rejestrze Karnym (Dz. U. poz. 1025) <\/span><span style=\"font-family: 'Calibri',sans-serif;\">zmianie uleg\u0142o brzmienie <\/span><span style=\"font-family: 'Calibri',sans-serif;\">&sect; 2 ust. 3<\/span><span style=\"font-family: 'Calibri',sans-serif;\">.<\/span><\/span><\/p>\n<p>&nbsp;<\/p>\n<p class=\"Dziedzinaprawa\" style=\"text-align: justify;\"><span style=\"font-size: 12pt;\"><strong><span style=\"font-family: 'Calibri',sans-serif;\">PRAWO HANDLOWE<\/span><\/strong><\/span><\/p>\n<p class=\"Tekstpraswki\" style=\"text-align: justify;\"><span style=\"font-size: 12pt;\"><strong><span style=\"font-family: 'Calibri',sans-serif;\">Rozporz\u0105dzenie<\/span><\/strong><span style=\"font-family: 'Calibri',sans-serif;\"> Ministra Sprawiedliwo\u015bci<\/span><span style=\"font-family: 'Calibri',sans-serif;\"> z&nbsp;dnia 22 marca 2016 r.<\/span><span style=\"font-family: 'Calibri',sans-serif;\">w sprawie trybu zak\u0142adania konta w&nbsp;systemie teleinformatycznym, sposobu korzystania z&nbsp;systemu teleinformatycznego i&nbsp;podejmowania w&nbsp;nim czynno\u015bci zwi\u0105zanych z&nbsp;zawi\u0105zaniem sp&oacute;\u0142ki z<\/span><span style=\"font-family: 'Calibri',sans-serif;\">ograniczon\u0105 odpowiedzialno\u015bci\u0105 przy wykorzystaniu wzorca umowy oraz wymaga\u0144 dotycz\u0105cych podpisu elektronicznego<\/span><span style=\"font-family: 'Calibri',sans-serif;\"> (Dz. U. z&nbsp;2016 r., poz. 420) <strong>&ndash; wesz\u0142o w&nbsp;\u017cycie z&nbsp;dniem 1 kwietnia 2016 r.<\/strong><\/span><\/span><\/p>\n<p>&nbsp;<\/p>\n<p class=\"Dziedzinaprawa\" style=\"text-align: justify;\"><span style=\"font-size: 12pt;\"><strong><span style=\"font-family: 'Calibri',sans-serif;\">PRAWO O&nbsp;PROKURATURZE<\/span><\/strong><\/span><\/p>\n<p class=\"Tekstpraswki\" style=\"text-align: justify;\"><span style=\"font-size: 12pt;\"><strong><span style=\"font-family: 'Calibri',sans-serif;\">Rozporz\u0105dzenie<\/span><\/strong><span style=\"font-family: 'Calibri',sans-serif;\"> Ministra Sprawiedliwo\u015bci <\/span><span style=\"font-family: 'Calibri',sans-serif;\">z dnia 22 marca 2016 r.<\/span><span style=\"font-family: 'Calibri',sans-serif;\">w sprawie utworzenia w&nbsp;prokuraturach okr\u0119gowych i&nbsp;prokuraturach rejonowych kom&oacute;rek organizacyjnych do spraw wojskowych, ustalenia ich siedzib i&nbsp;obszar&oacute;w w\u0142a\u015bciwo\u015bci<\/span><span style=\"font-family: 'Calibri',sans-serif;\"> (Dz.&nbsp;U.&nbsp;z&nbsp;2016&nbsp;r.,&nbsp;poz.&nbsp;402)<strong> &ndash; wejdzie w&nbsp;\u017cycie z&nbsp;dniem 4 kwietnia 2016 r.<\/strong><\/span><\/span><\/p>\n<p>&nbsp;<\/p>\n<p class=\"Dziedzinaprawa\" style=\"text-align: justify;\"><span style=\"font-size: 12pt;\"><strong><span style=\"font-family: 'Calibri',sans-serif;\">KSI\u0118GI WIECZYSTE<\/span><\/strong><\/span><\/p>\n<p class=\"Tekstpraswki\" style=\"text-align: justify;\"><span style=\"font-size: 12pt;\"><strong><span style=\"font-family: 'Calibri',sans-serif;\">Rozporz\u0105dzenie<\/span><\/strong><span style=\"font-family: 'Calibri',sans-serif;\"> Ministra Sprawiedliwo\u015bci <\/span><span style=\"font-family: 'Calibri',sans-serif;\">z dnia 25 marca 2016 r.<\/span><span style=\"font-family: 'Calibri',sans-serif;\">zmieniaj\u0105ce rozporz\u0105dzenie w&nbsp;sprawie zak\u0142adania i&nbsp;prowadzenia ksi\u0105g wieczystych w&nbsp;systemie teleinformatycznym<\/span><span style=\"font-family: 'Calibri',sans-serif;\"> (Dz. U. z&nbsp;2016 r., poz. 410)<strong> &ndash; wesz\u0142o w&nbsp;\u017cycie z&nbsp;dniem 1&nbsp;kwietnia&nbsp;2016 r.<\/strong><\/span><\/span><\/p>\n<p class=\"Omwienie\" style=\"text-align: justify;\"><span style=\"font-size: 12pt;\"><span style=\"font-family: 'Calibri',sans-serif;\">W rozporz\u0105dzeniu Ministra Sprawiedliwo\u015bci z&nbsp;dnia 15 lutego 2016 r. w&nbsp;sprawie zak\u0142adania i&nbsp;prowadzenia ksi\u0105g wieczystych w&nbsp;systemie teleinformatycznym (Dz. U. poz. 312) <\/span><span style=\"font-family: 'Calibri',sans-serif;\">zmianie uleg\u0142o brzmienie <\/span><span style=\"font-family: 'Calibri',sans-serif;\">&sect; 136<\/span><span style=\"font-family: 'Calibri',sans-serif;\">.<\/span><\/span><\/p>\n<p>&nbsp;<\/p>\n<p class=\"Dziedzinaprawa\" style=\"text-align: justify;\"><span style=\"font-size: 12pt;\"><strong><span style=\"font-family: 'Calibri',sans-serif;\">PRAWO O&nbsp;RUCHU DROGOWYM<\/span><\/strong><\/span><\/p>\n<p class=\"Tekstpraswki\" style=\"text-align: justify;\"><span style=\"font-size: 12pt;\"><strong><span style=\"font-family: 'Calibri',sans-serif;\">Rozporz\u0105dzenie<\/span><\/strong><span style=\"font-family: 'Calibri',sans-serif;\"> Ministra Cyfryzacji <\/span><span style=\"font-family: 'Calibri',sans-serif;\">z dnia 23 marca 2016 r.<\/span><span style=\"font-family: 'Calibri',sans-serif;\">w sprawie zakresu danych udost\u0119pnianych podmiotom obowi\u0105zanym do przekazywania danych do centralnej ewidencji pojazd&oacute;w<\/span><span style=\"font-family: 'Calibri',sans-serif;\"> (Dz. U. z&nbsp;2016 r., poz. 413)<strong> &ndash; wejdzie w&nbsp;\u017cycie z&nbsp;dniem 1&nbsp;stycznia&nbsp;2017 r.<\/strong><\/span><\/span><\/p>\n<p class=\"Tekstpraswki\" style=\"text-align: justify;\"><span style=\"font-size: 12pt;\"><strong><span style=\"font-family: 'Calibri',sans-serif;\">Rozporz\u0105dzenie<\/span><\/strong><span style=\"font-family: 'Calibri',sans-serif;\"> Ministra Cyfryzacji z&nbsp;dnia 23 marca 2016 r. w&nbsp;sprawie zakresu danych udost\u0119pnianych podmiotom obowi\u0105zanym do przekazywania danych do centralnej ewidencji kierowc&oacute;w (Dz. U. z&nbsp;2016 r., poz. 412)<strong> &ndash; wejdzie w&nbsp;\u017cycie z&nbsp;dniem 1&nbsp;stycznia 2017 r.<\/strong><\/span><\/span><\/p>\n<p>&nbsp;<\/p>\n<p class=\"Dziedzinaprawa\" style=\"text-align: justify;\"><span style=\"font-size: 12pt;\"><strong><span style=\"font-family: 'Calibri',sans-serif;\">PRAWO O&nbsp;NOTARIACIE<\/span><\/strong><\/span><\/p>\n<p class=\"Tekstpraswki\" style=\"text-align: justify;\"><span style=\"font-size: 12pt;\"><strong><span style=\"font-family: 'Calibri',sans-serif;\">Rozporz\u0105dzenie<\/span><\/strong><span style=\"font-family: 'Calibri',sans-serif;\"> Ministra Sprawiedliwo\u015bci <\/span><span style=\"font-family: 'Calibri',sans-serif;\">z dnia 25 marca 2016 r.<\/span><span style=\"font-family: 'Calibri',sans-serif;\">zmieniaj\u0105ce rozporz\u0105dzenie w&nbsp;sprawie pobierania przez notariuszy op\u0142at s\u0105dowych od wniosk&oacute;w o<\/span><span style=\"font-family: 'Calibri',sans-serif;\">wpis w&nbsp;ksi\u0119dze wieczystej i&nbsp;ich przekazywania s\u0105dom oraz prowadzenia ewidencji pobranych op\u0142at s\u0105dowych<\/span><span style=\"font-family: 'Calibri',sans-serif;\"> (Dz. U. z&nbsp;2016 r., poz. 417)<strong> &ndash; wejdzie w&nbsp;\u017cycie z&nbsp;dniem 1&nbsp;kwietnia 2016 r.<\/strong><\/span><\/span><\/p>\n<p class=\"Omwienie\" style=\"text-align: justify;\"><span style=\"font-size: 12pt;\"><span style=\"font-family: 'Calibri',sans-serif;\">W rozporz\u0105dzeniu Ministra Sprawiedliwo\u015bci z&nbsp;dnia 6 pa\u017adziernika 2015 r. w&nbsp;sprawie pobierania przez notariuszy op\u0142at s\u0105dowych od wniosk&oacute;w o&nbsp;wpis w&nbsp;ksi\u0119dze wieczystej i<\/span><span style=\"font-family: 'Calibri',sans-serif;\">ich przekazywania s\u0105dom oraz prowadzenia ewidencji pobranych op\u0142at s\u0105dowych (Dz.<\/span><span style=\"font-family: 'Calibri',sans-serif;\">U.<\/span><span style=\"font-family: 'Calibri',sans-serif;\">poz. 1645)<\/span><span style=\"font-family: 'Calibri',sans-serif;\"> zmianie uleg\u0142o brzmienie<\/span><span style=\"font-family: 'Calibri',sans-serif;\"> &sect; 8<\/span><span style=\"font-family: 'Calibri',sans-serif;\">.<\/span><\/span><\/p>\n<p class=\"Tekstpraswki\" style=\"text-align: justify;\"><span style=\"font-size: 12pt;\"><strong><span style=\"font-family: 'Calibri',sans-serif;\">Rozporz\u0105dzenie<\/span><\/strong><span style=\"font-family: 'Calibri',sans-serif;\"> Ministra Sprawiedliwo\u015bci <\/span><span style=\"font-family: 'Calibri',sans-serif;\">z dnia 25 marca 2016 r.<\/span><span style=\"font-family: 'Calibri',sans-serif;\">zmieniaj\u0105ce rozporz\u0105dzenie w&nbsp;sprawie minimalnej funkcjonalno\u015bci oraz warunk&oacute;w organizacyjno-technicznych funkcjonowania systemu teleinformatycznego, w&nbsp;kt&oacute;rym Krajowa Rada Notarialna prowadzi list\u0119 notariuszy oraz zast\u0119pc&oacute;w notarialnych<\/span><span style=\"font-family: 'Calibri',sans-serif;\"> (Dz. U. z&nbsp;2016 r., poz.&nbsp;409)<strong> &ndash; wesz\u0142o w&nbsp;\u017cycie z&nbsp;dniem 1 kwietnia 2016 r.<\/strong><\/span><\/span><\/p>\n<p class=\"Omwienie\" style=\"text-align: justify;\"><span style=\"font-size: 12pt;\"><span style=\"font-family: 'Calibri',sans-serif;\">W rozporz\u0105dzeniu Ministra Sprawiedliwo\u015bci z&nbsp;dnia 4 grudnia 2015 r. w&nbsp;sprawie minimalnej funkcjonalno\u015bci oraz warunk&oacute;w organizacyjno-technicznych funkcjonowania systemu teleinformatycznego, w&nbsp;kt&oacute;rym Krajowa Rada Notarialna prowadzi list\u0119 notariuszy oraz zast\u0119pc&oacute;w notarialnych (Dz. U. poz. 2132) <\/span><span style=\"font-family: 'Calibri',sans-serif;\">zmianie uleg\u0142o brzmienie <\/span><span style=\"font-family: 'Calibri',sans-serif;\">&sect; 4<\/span><span style=\"font-family: 'Calibri',sans-serif;\">.<\/span><\/span><\/p>\n<p>&nbsp;<\/p>\n<p class=\"Dziedzinaprawa\" style=\"text-align: justify;\"><span style=\"font-size: 12pt;\"><strong><span style=\"font-family: 'Calibri',sans-serif;\">KOMORNICY S\u0104DOWI I&nbsp;EGZEKUCJA<\/span><\/strong><\/span><\/p>\n<p class=\"Tekstpraswki\" style=\"text-align: justify;\"><span style=\"font-size: 12pt;\"><strong><span style=\"font-family: 'Calibri',sans-serif;\">Rozporz\u0105dzenie<\/span><\/strong><span style=\"font-family: 'Calibri',sans-serif;\"> Ministra Sprawiedliwo\u015bci <\/span><span style=\"font-family: 'Calibri',sans-serif;\">z dnia 25 marca 2016 r.<\/span><span style=\"font-family: 'Calibri',sans-serif;\">zmieniaj\u0105ce rozporz\u0105dzenie w&nbsp;sprawie pobierania przez komornik&oacute;w op\u0142at s\u0105dowych od wniosk&oacute;w o<\/span><span style=\"font-family: 'Calibri',sans-serif;\">wpis w&nbsp;ksi\u0119dze wieczystej i&nbsp;ich przekazywania s\u0105dom oraz prowadzenia ewidencji pobranych op\u0142at s\u0105dowych<\/span><span style=\"font-family: 'Calibri',sans-serif;\"> (Dz. U. z&nbsp;2016 r., poz. 415)<strong> &ndash; wesz\u0142o w&nbsp;\u017cycie z&nbsp;dniem 1&nbsp;kwietnia 2016 r.<\/strong><\/span><\/span><\/p>\n<p class=\"Omwienie\" style=\"text-align: justify;\"><span style=\"font-size: 12pt;\"><span style=\"font-family: 'Calibri',sans-serif;\">W rozporz\u0105dzeniu Ministra Sprawiedliwo\u015bci z&nbsp;dnia 6 pa\u017adziernika 2015 r. w&nbsp;sprawie pobierania przez komornik&oacute;w op\u0142at s\u0105dowych od wniosk&oacute;w o&nbsp;wpis w&nbsp;ksi\u0119dze wieczystej i<\/span><span style=\"font-family: 'Calibri',sans-serif;\">ich przekazywania s\u0105dom oraz prowadzenia ewidencji pobranych op\u0142at s\u0105dowych (Dz.<\/span><span style=\"font-family: 'Calibri',sans-serif;\">U.<\/span><span style=\"font-family: 'Calibri',sans-serif;\">poz. 1646) <\/span><span style=\"font-family: 'Calibri',sans-serif;\">zmianie uleg\u0142o brzmienie <\/span><span style=\"font-family: 'Calibri',sans-serif;\">&sect; 7<\/span><span style=\"font-family: 'Calibri',sans-serif;\">.<\/span><\/span><\/p>\n<p>&nbsp;<\/p>\n<p class=\"Dziedzinaprawa\" style=\"text-align: justify;\"><span style=\"font-size: 12pt;\"><strong><span style=\"font-family: 'Calibri',sans-serif;\">OCHRONA ZDROWIA<\/span><\/strong><\/span><\/p>\n<p class=\"Tekstpraswki\" style=\"text-align: justify;\"><span style=\"font-size: 12pt;\"><strong><span style=\"font-family: 'Calibri',sans-serif;\">Rozporz\u0105dzenie<\/span><\/strong><span style=\"font-family: 'Calibri',sans-serif;\"> Ministra Zdrowia <\/span><span style=\"font-family: 'Calibri',sans-serif;\">z dnia 23 marca 2016 r.<\/span><span style=\"font-family: 'Calibri',sans-serif;\">w sprawie Rejestru Nowotwor&oacute;w Niez\u0142o\u015bliwych Du\u017cych Gruczo\u0142&oacute;w \u015alinowych<\/span><span style=\"font-family: 'Calibri',sans-serif;\"> (Dz. U. z&nbsp;2016 r., poz. 404)<strong> &ndash; wesz\u0142o w&nbsp;\u017cycie z&nbsp;dniem 30 marca 2016 r.<\/strong><\/span><\/span><\/p>\n<p>&nbsp;<\/p>\n<p class=\"Dziedzinaprawa\" style=\"text-align: justify;\"><span style=\"font-size: 12pt;\"><strong><span style=\"font-family: 'Calibri',sans-serif;\">J\u0118ZYK POLSKI<\/span><\/strong><\/span><\/p>\n<p class=\"Tekstpraswki\" style=\"text-align: justify;\"><span style=\"font-size: 12pt;\"><strong><span style=\"font-family: 'Calibri',sans-serif;\">Rozporz\u0105dzenie<\/span><\/strong><span style=\"font-family: 'Calibri',sans-serif;\"> Ministra Nauki i&nbsp;Szkolnictwa Wy\u017cszego z&nbsp;dnia 26 lutego 2016 r. w&nbsp;sprawie egzamin&oacute;w z&nbsp;j\u0119zyka polskiego jako obcego (Dz. U. z&nbsp;2016 r., poz. 405) <strong>&ndash; wejdzie w&nbsp;\u017cycie z&nbsp;dniem 14 kwietnia 2016 r.<\/strong><\/span><\/span><\/p>\n<p>&nbsp;<\/p>\n<p class=\"Dziedzinaprawa\" style=\"text-align: justify;\"><span style=\"font-size: 12pt;\"><strong><span style=\"font-family: 'Calibri',sans-serif;\">PRAWO ROLNE<\/span><\/strong><\/span><\/p>\n<p class=\"Tekstpraswki\" style=\"text-align: justify;\"><span style=\"font-size: 12pt;\"><strong><span style=\"font-family: 'Calibri',sans-serif;\">Rozporz\u0105dzenie<\/span><\/strong><span style=\"font-family: 'Calibri',sans-serif;\"> Ministra Rolnictwa i&nbsp;Rozwoju Wsi z&nbsp;dnia 15 marca 2016 r. zmieniaj\u0105ce rozporz\u0105dzenie w&nbsp;sprawie upowa\u017cnienia zwi\u0105zk&oacute;w hodowc&oacute;w lub innych podmiot&oacute;w do wykonywania zada\u0144 z&nbsp;zakresu prowadzenia oceny warto\u015bci u\u017cytkowej lub hodowlanej zwierz\u0105t (Dz. U. z&nbsp;2016 r., poz. 389)<strong> &ndash; wejdzie w&nbsp;\u017cycie z&nbsp;dniem 8 kwietnia 2016 r.<\/strong><\/span><\/span><\/p>\n<p class=\"Omwienie\" style=\"text-align: justify;\"><span style=\"font-size: 12pt;\"><span style=\"font-family: 'Calibri',sans-serif;\">W rozporz\u0105dzeniu Ministra Rolnictwa i&nbsp;Rozwoju Wsi z&nbsp;dnia 19 czerwca 2008 r. w&nbsp;sprawie upowa\u017cnienia zwi\u0105zk&oacute;w hodowc&oacute;w lub innych podmiot&oacute;w do wykonywania zada\u0144 z<\/span><span style=\"font-family: 'Calibri',sans-serif;\">zakresu prowadzenia oceny warto\u015bci u\u017cytkowej lub hodowlanej zwierz\u0105t (Dz.<\/span><span style=\"font-family: 'Calibri',sans-serif;\">U.<\/span><span style=\"font-family: 'Calibri',sans-serif;\">z<\/span><span style=\"font-family: 'Calibri',sans-serif;\">2014<\/span><span style=\"font-family: 'Calibri',sans-serif;\">r. poz. 317 oraz z&nbsp;2015 r. poz. 621)<\/span><span style=\"font-family: 'Calibri',sans-serif;\"> zmianie ulegnie brzmienie &sect; 2, &sect;&nbsp;3&nbsp;pkt 4.<\/span><\/span><\/p>\n<p class=\"Tekstpraswki\" style=\"text-align: justify;\"><span style=\"font-size: 12pt;\"><strong><span style=\"font-family: 'Calibri',sans-serif;\">Rozporz\u0105dzenie<\/span><\/strong><span style=\"font-family: 'Calibri',sans-serif;\"> Ministra Rolnictwa i&nbsp;Rozwoju Wsi <\/span><span style=\"font-family: 'Calibri',sans-serif;\">z dnia 18 marca 2016 r.<\/span><span style=\"font-family: 'Calibri',sans-serif;\">w sprawie nabywania uprawnie\u0144 do wykonywania niekt&oacute;rych czynno\u015bci zwi\u0105zanych z&nbsp;ocen\u0105 jako\u015bci handlowej artyku\u0142&oacute;w rolno-spo\u017cywczych oraz dokumentowania tych czynno\u015bci<\/span><span style=\"font-family: 'Calibri',sans-serif;\"> (Dz.&nbsp;U.&nbsp;z&nbsp;2016 r., poz. 398)<strong> &ndash; wesz\u0142o w&nbsp;\u017cycie z&nbsp;dniem 26 marca 2016 r.<\/strong><\/span><\/span><\/p>\n<p>&nbsp;<\/p>\n<p class=\"Dziedzinaprawa\" style=\"text-align: justify;\"><span style=\"font-size: 12pt;\"><strong><span style=\"font-family: 'Calibri',sans-serif;\">S\u0141U\u017bBA WI\u0118ZIENNA<\/span><\/strong><\/span><\/p>\n<p class=\"Tekstpraswki\" style=\"text-align: justify;\"><span style=\"font-size: 12pt;\"><strong><span style=\"font-family: 'Calibri',sans-serif;\">Rozporz\u0105dzenie <\/span><\/strong><span style=\"font-family: 'Calibri',sans-serif;\">Rady Ministr&oacute;w <\/span><span style=\"font-family: 'Calibri',sans-serif;\">z dnia 15 marca 2016 r.<\/span><span style=\"font-family: 'Calibri',sans-serif;\">w sprawie wielokrotno\u015bci kwoty bazowej, stanowi\u0105cej przeci\u0119tne uposa\u017cenie funkcjonariuszy S\u0142u\u017cby Wi\u0119ziennej<\/span><span style=\"font-family: 'Calibri',sans-serif;\"> (Dz. U. z&nbsp;2016 r., poz. 392)<strong> &ndash; wesz\u0142o w&nbsp;\u017cycie z&nbsp;dniem 25 marca 2016 r.<\/strong><\/span><\/span><\/p>\n<p>&nbsp;<\/p>\n<p class=\"Dziedzinaprawa\" style=\"text-align: justify;\"><span style=\"font-size: 12pt;\"><strong><span style=\"font-family: 'Calibri',sans-serif;\">DZIA\u0141ALNO\u015a\u0106 PO\u017bYTKU PUBLICZNEGO I&nbsp;WOLONTARIAT<\/span><\/strong><\/span><\/p>\n<p class=\"Tekstpraswki\" style=\"text-align: justify;\"><span style=\"font-size: 12pt;\"><strong><span style=\"font-family: 'Calibri',sans-serif;\">Ustawa <\/span><\/strong><span style=\"font-family: 'Calibri',sans-serif;\">z dnia 16 marca 2016 r.<\/span><span style=\"font-family: 'Calibri',sans-serif;\">o zmianie ustawy o&nbsp;dzia\u0142alno\u015bci po\u017cytku publicznego i&nbsp;o<\/span><span style=\"font-family: 'Calibri',sans-serif;\">wolontariacie<\/span><span style=\"font-family: 'Calibri',sans-serif;\"> (Dz. U. z&nbsp;2016 r., poz. 395)<strong> &ndash; wesz\u0142a w&nbsp;\u017cycie z&nbsp;dniem 25&nbsp;marca&nbsp;2016&nbsp;r.<\/strong><\/span><\/span><\/p>\n<p class=\"Omwienie\" style=\"text-align: justify;\"><span style=\"font-size: 12pt;\"><span style=\"font-family: 'Calibri',sans-serif;\">W ustawie z&nbsp;dnia 24 kwietnia 2003 r. o&nbsp;dzia\u0142alno\u015bci po\u017cytku publicznego i&nbsp;o wolontariacie (Dz. U. z&nbsp;2016 r. poz. 239)<\/span><span style=\"font-family: 'Calibri',sans-serif;\"> zmianie uleg\u0142o brzmienie art. 1 ust. 1 pkt 1, w&nbsp;art.&nbsp;4&nbsp;w&nbsp;ust.&nbsp;1&nbsp;dodaje si\u0119 pkt 29a, dodany zosta\u0142 art. 4d.<\/span><\/span><\/p>\n<p>&nbsp;<\/p>\n<p class=\"Dziedzinaprawa\" style=\"text-align: justify;\"><span style=\"font-size: 12pt;\"><strong><span style=\"font-family: 'Calibri',sans-serif;\">PRAWO O&nbsp;USTROJU S\u0104D&Oacute;W POWSZECHNYCH<\/span><\/strong><\/span><\/p>\n<p class=\"Tekstpraswki\" style=\"text-align: justify;\"><span style=\"font-size: 12pt;\"><strong><span style=\"font-family: 'Calibri',sans-serif;\">Ustawa<\/span><\/strong><span style=\"font-family: 'Calibri',sans-serif;\"> z&nbsp;dnia 17 marca 2016 r. o&nbsp;zmianie ustawy o&nbsp;pracownikach s\u0105d&oacute;w i&nbsp;prokuratury, ustawy &#8211; Prawo o&nbsp;post\u0119powaniu przed s\u0105dami administracyjnymi, ustawy o&nbsp;zmianie ustawy &#8211; Kodeks post\u0119powania cywilnego oraz niekt&oacute;rych innych ustaw, ustawy o&nbsp;administracji podatkowej oraz ustawy o&nbsp;zmianie ustawy &#8211; Kodeks cywilny, ustawy &#8211; Kodeks post\u0119powania cywilnego oraz niekt&oacute;rych innych ustaw (Dz.&nbsp;U.&nbsp;z&nbsp;2016&nbsp;r.,&nbsp;poz.&nbsp;394) <strong>&ndash; wesz\u0142a w&nbsp;\u017cycie z&nbsp;dniem 1 kwietnia 2016 r., z&nbsp;wyj\u0105tkiem:<\/strong><\/span><\/span><\/p>\n<p class=\"Tekstpraswki\" style=\"text-align: justify;\"><span style=\"font-size: 12pt;\"><strong><span style=\"font-family: 'Calibri',sans-serif;\">1) art. 1, kt&oacute;ry wchodzi w&nbsp;\u017cycie z&nbsp;dniem 3 marca 2017 r.;<\/span><\/strong><\/span><\/p>\n<p class=\"Tekstpraswki\" style=\"text-align: justify;\"><span style=\"font-size: 12pt;\"><strong><span style=\"font-family: 'Calibri',sans-serif;\">2) art. 2, kt&oacute;ry wchodzi w&nbsp;\u017cycie z&nbsp;dniem nast\u0119puj\u0105cym po dniu og\u0142oszenia.<\/span><\/strong><\/span><\/p>\n<p class=\"Omwienie\" style=\"text-align: justify;\"><span style=\"font-size: 12pt;\"><span style=\"font-family: 'Calibri',sans-serif;\">W ustawie z&nbsp;dnia 18 grudnia 1998 r. o&nbsp;pracownikach s\u0105d&oacute;w i&nbsp;prokuratury (Dz.<\/span><span style=\"font-family: 'Calibri',sans-serif;\">U.<\/span><span style=\"font-family: 'Calibri',sans-serif;\">z<\/span><span style=\"font-family: 'Calibri',sans-serif;\">2015<\/span><span style=\"font-family: 'Calibri',sans-serif;\">r. poz. 1241 oraz z&nbsp;2016 r. poz. 178) <\/span><span style=\"font-family: 'Calibri',sans-serif;\">zmianie ulegnie brzmienie <\/span><span style=\"font-family: 'Calibri',sans-serif;\">art.<\/span><span style=\"font-family: 'Calibri',sans-serif;\">14<\/span><span style=\"font-family: 'Calibri',sans-serif;\">ust. 1 pkt 1<\/span><span style=\"font-family: 'Calibri',sans-serif;\">.<\/span><\/span><\/p>\n<p class=\"Omwienie\" style=\"text-align: justify;\"><span style=\"font-size: 12pt; font-family: 'Calibri',sans-serif;\">W ustawie z&nbsp;dnia 30 sierpnia 2002 r. &#8211; Prawo o&nbsp;post\u0119powaniu przed s\u0105dami administracyjnymi (Dz. U. z&nbsp;2012 r. poz. 270, z&nbsp;p&oacute;\u017an. zm.) zmianie uleg\u0142o brzmienie art.&nbsp;265.<\/span><\/p>\n<p class=\"Omwienie\" style=\"text-align: justify;\"><span style=\"font-size: 12pt; font-family: 'Calibri',sans-serif;\">W ustawie z&nbsp;dnia 15 stycznia 2015 r. o&nbsp;zmianie ustawy &#8211; Kodeks post\u0119powania cywilnego oraz niekt&oacute;rych innych ustaw (Dz. U. poz. 218 i&nbsp;1311) zmianie uleg\u0142o brzmienie art. 13.<\/span><\/p>\n<p class=\"Omwienie\" style=\"text-align: justify;\"><span style=\"font-size: 12pt; font-family: 'Calibri',sans-serif;\">W ustawie z&nbsp;dnia 10 lipca 2015 r. o&nbsp;administracji podatkowej (Dz. U. poz. 1269, 1513 i&nbsp;2184) w&nbsp;art. 77 uchyla si\u0119 pkt 1.<\/span><\/p>\n<p class=\"Omwienie\" style=\"text-align: justify;\"><span style=\"font-size: 12pt; font-family: 'Calibri',sans-serif;\">W ustawie z&nbsp;dnia 10 lipca 2015 r. o&nbsp;zmianie ustawy &#8211; Kodeks cywilny, ustawy &#8211; Kodeks post\u0119powania cywilnego oraz niekt&oacute;rych innych ustaw (Dz. U. poz. 1311 i&nbsp;1513 oraz z&nbsp;2016 r. poz. 178) zmianie uleg\u0142o brzmienie art. 23 pkt 1.<\/span><\/p>\n<p class=\"Tekstpraswki\" style=\"text-align: justify;\"><span style=\"font-size: 12pt;\"><strong><span style=\"font-family: 'Calibri',sans-serif;\">Rozporz\u0105dzenie<\/span><\/strong><span style=\"font-family: 'Calibri',sans-serif;\"> Ministra Sprawiedliwo\u015bci <\/span><span style=\"font-family: 'Calibri',sans-serif;\">z dnia 25 marca 2016 r.<\/span><span style=\"font-family: 'Calibri',sans-serif;\">zmieniaj\u0105ce rozporz\u0105dzenie &#8211; Regulamin urz\u0119dowania s\u0105d&oacute;w powszechnych<\/span><span style=\"font-family: 'Calibri',sans-serif;\"> (Dz. U. z&nbsp;2016 r., poz.&nbsp;418)<strong> &ndash; wesz\u0142o w&nbsp;\u017cycie z&nbsp;dniem 1 kwietnia 2016 r.<\/strong><\/span><\/span><\/p>\n<p class=\"Omwienie\" style=\"text-align: justify;\"><span style=\"font-size: 12pt;\"><span style=\"font-family: 'Calibri',sans-serif;\">W rozporz\u0105dzeniu Ministra Sprawiedliwo\u015bci z&nbsp;dnia 23 grudnia 2015 r. &#8211; Regulamin urz\u0119dowania s\u0105d&oacute;w powszechnych (Dz. U. poz. 2316)<\/span><span style=\"font-family: 'Calibri',sans-serif;\"> zmianie uleg\u0142o brzmienie &sect; 405, &sect;&nbsp;406 ust. 1, &sect; 408 pkt 1.<\/span><\/span><\/p>\n<p>&nbsp;<\/p>\n<p class=\"Dziedzinaprawa\" style=\"text-align: justify;\"><span style=\"font-size: 12pt;\"><strong><span style=\"font-family: 'Calibri',sans-serif;\">PRAWO WOJSKOWE<\/span><\/strong><\/span><\/p>\n<p class=\"Tekstpraswki\" style=\"text-align: justify;\"><span style=\"font-size: 12pt;\"><strong><span style=\"font-family: 'Calibri',sans-serif;\">Rozporz\u0105dzenie<\/span><\/strong><span style=\"font-family: 'Calibri',sans-serif;\"> Ministra Obrony Narodowej <\/span><span style=\"font-family: 'Calibri',sans-serif;\">z dnia 17 marca 2016 r.<\/span><span style=\"font-family: 'Calibri',sans-serif;\">w sprawie przydzia\u0142u kwatery albo innego lokalu mieszkalnego przez Agencj\u0119 Mienia Wojskowego<\/span><span style=\"font-family: 'Calibri',sans-serif;\"> (Dz. U. z&nbsp;2016 r., poz. 419) <strong>&ndash; wejdzie w&nbsp;\u017cycie z&nbsp;dniem 14 kwietnia 2016 r.<\/strong><\/span><\/span><\/p>\n<p>&nbsp;<\/p>\n<p class=\"Dziedzinaprawa\" style=\"text-align: justify;\"><span style=\"font-size: 12pt;\"><strong><span style=\"font-family: 'Calibri',sans-serif;\">PRAWO FINANSOWE<\/span><\/strong><\/span><\/p>\n<p class=\"Tekstpraswki\" style=\"text-align: justify;\"><span style=\"font-size: 12pt;\"><strong><span style=\"font-family: 'Calibri',sans-serif;\">Rozporz\u0105dzenie<\/span><\/strong><span style=\"font-family: 'Calibri',sans-serif;\"> Ministra Finans&oacute;w <\/span><span style=\"font-family: 'Calibri',sans-serif;\">z dnia 21 marca 2016 r.<\/span><span style=\"font-family: 'Calibri',sans-serif;\">w sprawie termin&oacute;w uiszczania, wysoko\u015bci i&nbsp;sposobu obliczania nale\u017cno\u015bci na pokrycie koszt&oacute;w dzia\u0142alno\u015bci Rzecznika Finansowego i&nbsp;jego Biura<\/span><span style=\"font-family: 'Calibri',sans-serif;\"> (Dz. U. z&nbsp;2016 r., poz. 397)<strong> &ndash; wejdzie w&nbsp;\u017cycie z&nbsp;dniem 9 kwietnia 2016 r.<\/strong><\/span><\/span><\/p>\n<p>&nbsp;<\/p>\n<p class=\"Dziedzinaprawa\" style=\"text-align: justify;\"><span style=\"font-size: 12pt;\"><strong><span style=\"font-family: 'Calibri',sans-serif;\">PRACOWNICY URZ\u0118D&Oacute;W PA\u0143STWOWYCH<\/span><\/strong><\/span><\/p>\n<p class=\"Tekstpraswki\" style=\"text-align: justify;\"><span style=\"font-size: 12pt;\"><strong><span style=\"font-family: 'Calibri',sans-serif;\">Rozporz\u0105dzenie<\/span><\/strong><span style=\"font-family: 'Calibri',sans-serif;\"> Rady Ministr&oacute;w <\/span><span style=\"font-family: 'Calibri',sans-serif;\">z dnia 22 marca 2016 r.<\/span><span style=\"font-family: 'Calibri',sans-serif;\">zmieniaj\u0105ce rozporz\u0105dzenie w<\/span><span style=\"font-family: 'Calibri',sans-serif;\">sprawie zasad wynagradzania pracownik&oacute;w nieb\u0119d\u0105cych cz\u0142onkami korpusu s\u0142u\u017cby cywilnej zatrudnionych w&nbsp;urz\u0119dach administracji rz\u0105dowej i&nbsp;pracownik&oacute;w innych jednostek<\/span><span style=\"font-family: 'Calibri',sans-serif;\"> (Dz. U. z&nbsp;2016 r., poz. 396)<strong> &ndash; wesz\u0142o w&nbsp;\u017cycie z&nbsp;dniem 25 marca 2016 r.<\/strong><\/span><\/span><\/p>\n<p class=\"Omwienie\" style=\"text-align: justify;\"><span style=\"font-size: 12pt;\"><span style=\"font-family: 'Calibri',sans-serif;\">W rozporz\u0105dzeniu Rady Ministr&oacute;w z&nbsp;dnia 2 lutego 2010 r. w&nbsp;sprawie zasad wynagradzania pracownik&oacute;w nieb\u0119d\u0105cych cz\u0142onkami korpusu s\u0142u\u017cby cywilnej zatrudnionych w&nbsp;urz\u0119dach administracji rz\u0105dowej i&nbsp;pracownik&oacute;w innych jednostek (Dz. U. poz. 134, z&nbsp;p&oacute;\u017an. zm.) <\/span><span style=\"font-family: 'Calibri',sans-serif;\">zmianie uleg\u0142o brzmienie<\/span><span style=\"font-family: 'Calibri',sans-serif;\"> za\u0142\u0105cznik<\/span><span style=\"font-family: 'Calibri',sans-serif;\">a<\/span><span style=\"font-family: 'Calibri',sans-serif;\"> nr 1 tabel<\/span><span style=\"font-family: 'Calibri',sans-serif;\">i<\/span><span style=\"font-family: 'Calibri',sans-serif;\"> D<\/span><span style=\"font-family: 'Calibri',sans-serif;\">.<\/span><\/span><\/p>\n<p>&nbsp;<\/p>\n<p class=\"Dziedzinaprawa\" style=\"text-align: justify;\"><span style=\"font-size: 12pt;\"><strong><span style=\"font-family: 'Calibri',sans-serif;\">UZNAWANIE KWALIFIKACJI ZAWODOWYCH<\/span><\/strong><\/span><\/p>\n<p class=\"Tekstpraswki\" style=\"text-align: justify;\"><span style=\"font-size: 12pt;\"><strong><span style=\"font-family: 'Calibri',sans-serif;\">Rozporz\u0105dzenie<\/span><\/strong><span style=\"font-family: 'Calibri',sans-serif;\">Ministra Kultury i&nbsp;Dziedzictwa Narodowego <\/span><span style=\"font-family: 'Calibri',sans-serif;\">z dnia 22 marca 2016 r.<\/span><span style=\"font-family: 'Calibri',sans-serif;\">w<\/span><span style=\"font-family: 'Calibri',sans-serif;\">sprawie uznawania praktyki zawodowej do wykonywania zawod&oacute;w konserwatora zabytk&oacute;w ruchomych, konserwatora zabytk&oacute;w nieruchomych, konserwatora zabytkowej zieleni oraz archeologa <\/span><span style=\"font-family: 'Calibri',sans-serif;\">(Dz. U. z&nbsp;2016 r., poz. 414)<strong> &ndash; wejdzie w&nbsp;\u017cycie z&nbsp;dniem 7&nbsp;kwietnia 2016 r.<\/strong><\/span><\/span><\/p>\n<p>&nbsp;<\/p>\n<p class=\"NowePrawo\" style=\"text-align: justify;\"><span style=\"font-size: 12pt;\"><strong><span style=\"font-family: 'Calibri',sans-serif;\">_____Orzecznictwo<\/span><\/strong><\/span><\/p>\n<p class=\"SdNajwyszy\" style=\"text-align: justify;\"><span style=\"font-size: 12pt;\"><strong><span style=\"font-family: 'Calibri',sans-serif;\">S\u0105d Najwy\u017cszy<\/span><\/strong><\/span><\/p>\n<p class=\"Dziedzinaprawa\" style=\"text-align: justify;\"><span style=\"font-size: 12pt;\"><strong><span style=\"font-family: 'Calibri',sans-serif;\">TRANSKRYPCJA PROTOKO\u0141U JAKO DOKUMENT URZ\u0118DOWY<\/span><\/strong><\/span><\/p>\n<p class=\"Tekstpraswki\" style=\"text-align: justify;\"><span style=\"font-size: 12pt;\"><span style=\"font-family: 'Calibri',sans-serif;\">Transkrypcja protoko\u0142u sporz\u0105dzonego za pomoc\u0105 urz\u0105dzenia rejestruj\u0105cego d\u017awi\u0119k albo obraz i&nbsp;d\u017awi\u0119k nie jest dokumentem urz\u0119dowym i&nbsp;nie stanowi podstawy ustale\u0144 dotycz\u0105cych przebiegu posiedzenia.<\/span><span style=\"font-family: 'Calibri',sans-serif;\">Je\u017celi protok&oacute;\u0142 sporz\u0105dzony za pomoc\u0105 urz\u0105dzenia rejestruj\u0105cego d\u017awi\u0119k albo obraz i&nbsp;d\u017awi\u0119k nie pozwala w&nbsp;cz\u0119\u015bci obejmuj\u0105cej czynno\u015b\u0107 dowodow\u0105 na ustalenie jej tre\u015bci, s\u0105d powtarza w&nbsp;odpowiednim zakresie t\u0119 czynno\u015b\u0107 (art. 241 k.p.c.).<\/span><span style=\"font-family: 'Calibri',sans-serif;\">Podnosz\u0105c w&nbsp;apelacji zarzut b\u0142\u0119dnej oceny dowodu (art. 233 &sect; 1 k.p.c.), skar\u017c\u0105cy nie musi wskazywa\u0107 konkretnego fragmentu zapisu d\u017awi\u0119ku albo obrazu i<\/span><span style=\"font-family: 'Calibri',sans-serif;\">d\u017awi\u0119ku utrwalaj\u0105cego przeprowadzenie tego dowod<\/span><span style=\"font-family: 'Calibri',sans-serif;\">u <strong>&ndash; Uchwa\u0142a S\u0105du Najwy\u017cszego z&nbsp;dnia 23 marca 2016 r., sygn. akt III CZP 102\/15.<\/strong><\/span><\/span><\/p>\n<p>&nbsp;<\/p>\n<p class=\"Dziedzinaprawa\" style=\"text-align: justify;\"><span style=\"font-size: 12pt;\"><strong><span style=\"font-family: 'Calibri',sans-serif;\">WNIOSEK W\u0141A\u015aCICIELA NIERUCHOMO\u015aCI O&nbsp;USTANOWIENIE S\u0141U\u017bEBNO\u015aCI ODPOWIADAJ\u0104CEJ TRE\u015aCI S\u0141U\u017bEBNO\u015aCI PRZESY\u0141U<\/span><\/strong><\/span><\/p>\n<p class=\"Tekstpraswki\" style=\"text-align: justify;\"><span style=\"font-size: 12pt; font-family: 'Calibri',sans-serif;\">W sprawie z&nbsp;wniosku w\u0142a\u015bciciela nieruchomo\u015bci o&nbsp;ustanowienie s\u0142u\u017cebno\u015bci odpowiadaj\u0105cej tre\u015bci s\u0142u\u017cebno\u015bci przesy\u0142u s\u0105d mo\u017ce rozpozna\u0107 zarzut posiadacza urz\u0105dze\u0144 przesy\u0142owych, \u017ce s\u0142u\u017cebno\u015b\u0107 zosta\u0142a nabyta przez zasiedzenie przez jego poprzednika prawnego, niebior\u0105cego udzia\u0142u w&nbsp;sprawie <strong>&ndash; Uchwa\u0142a S\u0105du Najwy\u017cszego z&nbsp;dnia 23 marca 2016 r., sygn. akt III CZP 101\/15.<\/strong><\/span><\/p>\n<p>&nbsp;<\/p>\n<p class=\"Dziedzinaprawa\" style=\"text-align: justify;\"><span style=\"font-size: 12pt;\"><strong><span style=\"font-family: 'Calibri',sans-serif;\">NOTARIUSZ JAKO PRZEDSI\u0118BIORCA<\/span><\/strong><\/span><\/p>\n<p class=\"Tekstpraswki\" style=\"text-align: justify;\"><span style=\"font-size: 12pt; font-family: 'Calibri',sans-serif;\">Notariusz jest przedsi\u0119biorc\u0105 (art. 43<sup>1<\/sup> k.c.) <strong>&ndash; Uchwa\u0142a S\u0105du Najwy\u017cszego z&nbsp;dnia 25&nbsp;marca 2016 r., sygn. akt III CZP 4\/16.<\/strong><\/span><\/p>\n<p>&nbsp;<\/p>\n<p class=\"Dziedzinaprawa\" style=\"text-align: justify;\"><span style=\"font-size: 12pt;\"><strong><span style=\"font-family: 'Calibri',sans-serif;\">ZA\u017bALENIE NA POSTANOWIENIE PROKURATORA ZAWIERAJ\u0104CE \u017b\u0104DANIE UDZIELENIA PRZEZ BANK INFORMACJI STANOWI\u0104CYCH TAJEMNIC\u0118 BANKOW\u0104<\/span><\/strong><\/span><\/p>\n<p class=\"Tekstpraswki\" style=\"text-align: justify;\"><span style=\"font-size: 12pt; font-family: 'Calibri',sans-serif;\">Na postanowienie prokuratora, zawieraj\u0105ce \u017c\u0105danie udzielenia przez bank &#8211; na podstawie art. 105 ust. 1 pkt 2 lit. b ustawy z&nbsp;dnia 29 sierpnia 1997 r. &#8211; Prawo bankowe (t.j.&nbsp;Dz.&nbsp;U.&nbsp;z 2015 r., poz. 128 z&nbsp;p&oacute;\u017an. zm.) &#8211; informacji stanowi\u0105cych tajemnic\u0119 bankow\u0105 w&nbsp;rozumieniu art. 104 ust. 1 tej ustawy, bankowi przys\u0142uguje za\u017calenie, o&nbsp;ile kwestionuje on na\u0142o\u017cenie obowi\u0105zk&oacute;w wykraczaj\u0105cych poza zakres, kt&oacute;ry prokurator na wskazanej wy\u017cej podstawie prawnej mia\u0142 prawo na bank na\u0142o\u017cy\u0107 (art. 302 &sect; 1 k.p.k). W\u0142a\u015bciwy do rozpoznania za\u017calenia jest prokurator bezpo\u015brednio prze\u0142o\u017cony (art.&nbsp;302&nbsp;&sect;&nbsp;3&nbsp;k.p.k.)<strong> &ndash; Uchwa\u0142a S\u0105du Najwy\u017cszego z&nbsp;dnia 30 marca 2016 r., sygn.&nbsp;akt I&nbsp;KZP 21\/15.<\/strong><\/span><\/p>\n<p>&nbsp;<\/p>\n","protected":false},"excerpt":{"rendered":"<p>We would like to present the next issue of legal bulletin of the Law Office of Adam Polowiec.What you will find here is some information about the new provisions of law and the projects of amendments to acts, but also case-laws including the case laws of Supreme Court, Constitutional Tribunal and European Court of Justice.<\/p>\n","protected":false},"author":3,"featured_media":0,"comment_status":"closed","ping_status":"open","sticky":false,"template":"","format":"standard","meta":{"footnotes":""},"categories":[2],"tags":[],"class_list":["post-631","post","type-post","status-publish","format-standard","hentry","category-wpisy"],"featured_image_src":{"landsacpe":false,"list":false,"medium":false,"full":false},"yoast_head":"<!-- This site is optimized with the Yoast SEO plugin v27.2 - https:\/\/yoast.com\/product\/yoast-seo-wordpress\/ -->\n<title>Legal Bulletin Of The Law Office Of Adam Polowiec (28 March - 3 April 2016) - Polowiec i Wsp\u00f3lnicy - Kancelaria prawna<\/title>\n<meta name=\"robots\" content=\"index, follow, max-snippet:-1, max-image-preview:large, max-video-preview:-1\" \/>\n<link rel=\"canonical\" href=\"https:\/\/polowiec.pl\/en\/legal-bulletin-of-the-law-office-of-adam-polowiec-28-march-3-april-2016\/\" \/>\n<meta property=\"og:locale\" content=\"en_US\" \/>\n<meta property=\"og:type\" content=\"article\" \/>\n<meta property=\"og:title\" content=\"Legal Bulletin Of The Law Office Of Adam Polowiec (28 March - 3 April 2016) - Polowiec i Wsp\u00f3lnicy - Kancelaria prawna\" \/>\n<meta property=\"og:description\" content=\"We would like to present the next issue of legal bulletin of the Law Office of Adam Polowiec.What you will find here is some information about the new provisions of law and the projects of amendments to acts, but also case-laws including the case laws of Supreme Court, Constitutional Tribunal and European Court of Justice.\" \/>\n<meta property=\"og:url\" content=\"https:\/\/polowiec.pl\/en\/legal-bulletin-of-the-law-office-of-adam-polowiec-28-march-3-april-2016\/\" \/>\n<meta property=\"og:site_name\" content=\"Polowiec i Wsp\u00f3lnicy - Kancelaria prawna\" \/>\n<meta property=\"article:publisher\" content=\"https:\/\/www.facebook.com\/polowieciwspolnicy\/\" \/>\n<meta property=\"article:published_time\" content=\"2016-05-26T16:39:41+00:00\" \/>\n<meta property=\"article:modified_time\" content=\"2019-04-18T17:34:43+00:00\" \/>\n<meta name=\"author\" content=\"Marcin Rusinek\" \/>\n<meta name=\"twitter:card\" content=\"summary_large_image\" \/>\n<meta name=\"twitter:label1\" content=\"Written by\" \/>\n\t<meta name=\"twitter:data1\" content=\"Marcin Rusinek\" \/>\n\t<meta name=\"twitter:label2\" content=\"Est. reading time\" \/>\n\t<meta name=\"twitter:data2\" content=\"13 minutes\" \/>\n<script type=\"application\/ld+json\" class=\"yoast-schema-graph\">{\"@context\":\"https:\/\/schema.org\",\"@graph\":[{\"@type\":\"Article\",\"@id\":\"https:\/\/polowiec.pl\/en\/legal-bulletin-of-the-law-office-of-adam-polowiec-28-march-3-april-2016\/#article\",\"isPartOf\":{\"@id\":\"https:\/\/polowiec.pl\/en\/legal-bulletin-of-the-law-office-of-adam-polowiec-28-march-3-april-2016\/\"},\"author\":{\"name\":\"Marcin Rusinek\",\"@id\":\"https:\/\/polowiec.pl\/en\/#\/schema\/person\/74c7526b6f52be5ae94031504f9ffec4\"},\"headline\":\"Legal Bulletin Of The Law Office Of Adam Polowiec (28 March &#8211; 3 April 2016)\",\"datePublished\":\"2016-05-26T16:39:41+00:00\",\"dateModified\":\"2019-04-18T17:34:43+00:00\",\"mainEntityOfPage\":{\"@id\":\"https:\/\/polowiec.pl\/en\/legal-bulletin-of-the-law-office-of-adam-polowiec-28-march-3-april-2016\/\"},\"wordCount\":2694,\"publisher\":{\"@id\":\"https:\/\/polowiec.pl\/en\/#organization\"},\"articleSection\":[\"Wpisy\"],\"inLanguage\":\"en-US\"},{\"@type\":\"WebPage\",\"@id\":\"https:\/\/polowiec.pl\/en\/legal-bulletin-of-the-law-office-of-adam-polowiec-28-march-3-april-2016\/\",\"url\":\"https:\/\/polowiec.pl\/en\/legal-bulletin-of-the-law-office-of-adam-polowiec-28-march-3-april-2016\/\",\"name\":\"Legal Bulletin Of The Law Office Of Adam Polowiec (28 March - 3 April 2016) - Polowiec i Wsp\u00f3lnicy - Kancelaria prawna\",\"isPartOf\":{\"@id\":\"https:\/\/polowiec.pl\/en\/#website\"},\"datePublished\":\"2016-05-26T16:39:41+00:00\",\"dateModified\":\"2019-04-18T17:34:43+00:00\",\"breadcrumb\":{\"@id\":\"https:\/\/polowiec.pl\/en\/legal-bulletin-of-the-law-office-of-adam-polowiec-28-march-3-april-2016\/#breadcrumb\"},\"inLanguage\":\"en-US\",\"potentialAction\":[{\"@type\":\"ReadAction\",\"target\":[\"https:\/\/polowiec.pl\/en\/legal-bulletin-of-the-law-office-of-adam-polowiec-28-march-3-april-2016\/\"]}]},{\"@type\":\"BreadcrumbList\",\"@id\":\"https:\/\/polowiec.pl\/en\/legal-bulletin-of-the-law-office-of-adam-polowiec-28-march-3-april-2016\/#breadcrumb\",\"itemListElement\":[{\"@type\":\"ListItem\",\"position\":1,\"name\":\"Strona g\u0142\u00f3wna\",\"item\":\"https:\/\/polowiec.pl\/en\/\"},{\"@type\":\"ListItem\",\"position\":2,\"name\":\"Legal Bulletin Of The Law Office Of Adam Polowiec (28 March &#8211; 3 April 2016)\"}]},{\"@type\":\"WebSite\",\"@id\":\"https:\/\/polowiec.pl\/en\/#website\",\"url\":\"https:\/\/polowiec.pl\/en\/\",\"name\":\"Polowiec i Wsp\u00f3lnicy - Kancelaria prawna\",\"description\":\"Obs\u0142uga prawna\",\"publisher\":{\"@id\":\"https:\/\/polowiec.pl\/en\/#organization\"},\"potentialAction\":[{\"@type\":\"SearchAction\",\"target\":{\"@type\":\"EntryPoint\",\"urlTemplate\":\"https:\/\/polowiec.pl\/en\/?s={search_term_string}\"},\"query-input\":{\"@type\":\"PropertyValueSpecification\",\"valueRequired\":true,\"valueName\":\"search_term_string\"}}],\"inLanguage\":\"en-US\"},{\"@type\":\"Organization\",\"@id\":\"https:\/\/polowiec.pl\/en\/#organization\",\"name\":\"Polowiec i Wsp\u00f3lnicy - Kancelaria prawna\",\"url\":\"https:\/\/polowiec.pl\/en\/\",\"logo\":{\"@type\":\"ImageObject\",\"inLanguage\":\"en-US\",\"@id\":\"https:\/\/polowiec.pl\/en\/#\/schema\/logo\/image\/\",\"url\":\"https:\/\/polowiec.pl\/wp-content\/uploads\/2018\/10\/polowiec_logo2-1.png\",\"contentUrl\":\"https:\/\/polowiec.pl\/wp-content\/uploads\/2018\/10\/polowiec_logo2-1.png\",\"width\":540,\"height\":381,\"caption\":\"Polowiec i Wsp\u00f3lnicy - Kancelaria prawna\"},\"image\":{\"@id\":\"https:\/\/polowiec.pl\/en\/#\/schema\/logo\/image\/\"},\"sameAs\":[\"https:\/\/www.facebook.com\/polowieciwspolnicy\/\",\"https:\/\/www.linkedin.com\/company\/polowiec-i-wsplnicy-sp.j.\/about\/\"]},{\"@type\":\"Person\",\"@id\":\"https:\/\/polowiec.pl\/en\/#\/schema\/person\/74c7526b6f52be5ae94031504f9ffec4\",\"name\":\"Marcin Rusinek\",\"image\":{\"@type\":\"ImageObject\",\"inLanguage\":\"en-US\",\"@id\":\"https:\/\/secure.gravatar.com\/avatar\/b50a0a5c3e71d904f5e57a757d39977d01c43e075c6bf5b4df909ffbbe004790?s=96&d=mm&r=g\",\"url\":\"https:\/\/secure.gravatar.com\/avatar\/b50a0a5c3e71d904f5e57a757d39977d01c43e075c6bf5b4df909ffbbe004790?s=96&d=mm&r=g\",\"contentUrl\":\"https:\/\/secure.gravatar.com\/avatar\/b50a0a5c3e71d904f5e57a757d39977d01c43e075c6bf5b4df909ffbbe004790?s=96&d=mm&r=g\",\"caption\":\"Marcin Rusinek\"}}]}<\/script>\n<!-- \/ Yoast SEO plugin. -->","yoast_head_json":{"title":"Legal Bulletin Of The Law Office Of Adam Polowiec (28 March - 3 April 2016) - Polowiec i Wsp\u00f3lnicy - Kancelaria prawna","robots":{"index":"index","follow":"follow","max-snippet":"max-snippet:-1","max-image-preview":"max-image-preview:large","max-video-preview":"max-video-preview:-1"},"canonical":"https:\/\/polowiec.pl\/en\/legal-bulletin-of-the-law-office-of-adam-polowiec-28-march-3-april-2016\/","og_locale":"en_US","og_type":"article","og_title":"Legal Bulletin Of The Law Office Of Adam Polowiec (28 March - 3 April 2016) - Polowiec i Wsp\u00f3lnicy - Kancelaria prawna","og_description":"We would like to present the next issue of legal bulletin of the Law Office of Adam Polowiec.What you will find here is some information about the new provisions of law and the projects of amendments to acts, but also case-laws including the case laws of Supreme Court, Constitutional Tribunal and European Court of Justice.","og_url":"https:\/\/polowiec.pl\/en\/legal-bulletin-of-the-law-office-of-adam-polowiec-28-march-3-april-2016\/","og_site_name":"Polowiec i Wsp\u00f3lnicy - Kancelaria prawna","article_publisher":"https:\/\/www.facebook.com\/polowieciwspolnicy\/","article_published_time":"2016-05-26T16:39:41+00:00","article_modified_time":"2019-04-18T17:34:43+00:00","author":"Marcin Rusinek","twitter_card":"summary_large_image","twitter_misc":{"Written by":"Marcin Rusinek","Est. reading time":"13 minutes"},"schema":{"@context":"https:\/\/schema.org","@graph":[{"@type":"Article","@id":"https:\/\/polowiec.pl\/en\/legal-bulletin-of-the-law-office-of-adam-polowiec-28-march-3-april-2016\/#article","isPartOf":{"@id":"https:\/\/polowiec.pl\/en\/legal-bulletin-of-the-law-office-of-adam-polowiec-28-march-3-april-2016\/"},"author":{"name":"Marcin Rusinek","@id":"https:\/\/polowiec.pl\/en\/#\/schema\/person\/74c7526b6f52be5ae94031504f9ffec4"},"headline":"Legal Bulletin Of The Law Office Of Adam Polowiec (28 March &#8211; 3 April 2016)","datePublished":"2016-05-26T16:39:41+00:00","dateModified":"2019-04-18T17:34:43+00:00","mainEntityOfPage":{"@id":"https:\/\/polowiec.pl\/en\/legal-bulletin-of-the-law-office-of-adam-polowiec-28-march-3-april-2016\/"},"wordCount":2694,"publisher":{"@id":"https:\/\/polowiec.pl\/en\/#organization"},"articleSection":["Wpisy"],"inLanguage":"en-US"},{"@type":"WebPage","@id":"https:\/\/polowiec.pl\/en\/legal-bulletin-of-the-law-office-of-adam-polowiec-28-march-3-april-2016\/","url":"https:\/\/polowiec.pl\/en\/legal-bulletin-of-the-law-office-of-adam-polowiec-28-march-3-april-2016\/","name":"Legal Bulletin Of The Law Office Of Adam Polowiec (28 March - 3 April 2016) - Polowiec i Wsp\u00f3lnicy - Kancelaria prawna","isPartOf":{"@id":"https:\/\/polowiec.pl\/en\/#website"},"datePublished":"2016-05-26T16:39:41+00:00","dateModified":"2019-04-18T17:34:43+00:00","breadcrumb":{"@id":"https:\/\/polowiec.pl\/en\/legal-bulletin-of-the-law-office-of-adam-polowiec-28-march-3-april-2016\/#breadcrumb"},"inLanguage":"en-US","potentialAction":[{"@type":"ReadAction","target":["https:\/\/polowiec.pl\/en\/legal-bulletin-of-the-law-office-of-adam-polowiec-28-march-3-april-2016\/"]}]},{"@type":"BreadcrumbList","@id":"https:\/\/polowiec.pl\/en\/legal-bulletin-of-the-law-office-of-adam-polowiec-28-march-3-april-2016\/#breadcrumb","itemListElement":[{"@type":"ListItem","position":1,"name":"Strona g\u0142\u00f3wna","item":"https:\/\/polowiec.pl\/en\/"},{"@type":"ListItem","position":2,"name":"Legal Bulletin Of The Law Office Of Adam Polowiec (28 March &#8211; 3 April 2016)"}]},{"@type":"WebSite","@id":"https:\/\/polowiec.pl\/en\/#website","url":"https:\/\/polowiec.pl\/en\/","name":"Polowiec i Wsp\u00f3lnicy - Kancelaria prawna","description":"Obs\u0142uga prawna","publisher":{"@id":"https:\/\/polowiec.pl\/en\/#organization"},"potentialAction":[{"@type":"SearchAction","target":{"@type":"EntryPoint","urlTemplate":"https:\/\/polowiec.pl\/en\/?s={search_term_string}"},"query-input":{"@type":"PropertyValueSpecification","valueRequired":true,"valueName":"search_term_string"}}],"inLanguage":"en-US"},{"@type":"Organization","@id":"https:\/\/polowiec.pl\/en\/#organization","name":"Polowiec i Wsp\u00f3lnicy - Kancelaria prawna","url":"https:\/\/polowiec.pl\/en\/","logo":{"@type":"ImageObject","inLanguage":"en-US","@id":"https:\/\/polowiec.pl\/en\/#\/schema\/logo\/image\/","url":"https:\/\/polowiec.pl\/wp-content\/uploads\/2018\/10\/polowiec_logo2-1.png","contentUrl":"https:\/\/polowiec.pl\/wp-content\/uploads\/2018\/10\/polowiec_logo2-1.png","width":540,"height":381,"caption":"Polowiec i Wsp\u00f3lnicy - Kancelaria prawna"},"image":{"@id":"https:\/\/polowiec.pl\/en\/#\/schema\/logo\/image\/"},"sameAs":["https:\/\/www.facebook.com\/polowieciwspolnicy\/","https:\/\/www.linkedin.com\/company\/polowiec-i-wsplnicy-sp.j.\/about\/"]},{"@type":"Person","@id":"https:\/\/polowiec.pl\/en\/#\/schema\/person\/74c7526b6f52be5ae94031504f9ffec4","name":"Marcin Rusinek","image":{"@type":"ImageObject","inLanguage":"en-US","@id":"https:\/\/secure.gravatar.com\/avatar\/b50a0a5c3e71d904f5e57a757d39977d01c43e075c6bf5b4df909ffbbe004790?s=96&d=mm&r=g","url":"https:\/\/secure.gravatar.com\/avatar\/b50a0a5c3e71d904f5e57a757d39977d01c43e075c6bf5b4df909ffbbe004790?s=96&d=mm&r=g","contentUrl":"https:\/\/secure.gravatar.com\/avatar\/b50a0a5c3e71d904f5e57a757d39977d01c43e075c6bf5b4df909ffbbe004790?s=96&d=mm&r=g","caption":"Marcin Rusinek"}}]}},"_links":{"self":[{"href":"https:\/\/polowiec.pl\/en\/wp-json\/wp\/v2\/posts\/631","targetHints":{"allow":["GET"]}}],"collection":[{"href":"https:\/\/polowiec.pl\/en\/wp-json\/wp\/v2\/posts"}],"about":[{"href":"https:\/\/polowiec.pl\/en\/wp-json\/wp\/v2\/types\/post"}],"author":[{"embeddable":true,"href":"https:\/\/polowiec.pl\/en\/wp-json\/wp\/v2\/users\/3"}],"replies":[{"embeddable":true,"href":"https:\/\/polowiec.pl\/en\/wp-json\/wp\/v2\/comments?post=631"}],"version-history":[{"count":0,"href":"https:\/\/polowiec.pl\/en\/wp-json\/wp\/v2\/posts\/631\/revisions"}],"wp:attachment":[{"href":"https:\/\/polowiec.pl\/en\/wp-json\/wp\/v2\/media?parent=631"}],"wp:term":[{"taxonomy":"category","embeddable":true,"href":"https:\/\/polowiec.pl\/en\/wp-json\/wp\/v2\/categories?post=631"},{"taxonomy":"post_tag","embeddable":true,"href":"https:\/\/polowiec.pl\/en\/wp-json\/wp\/v2\/tags?post=631"}],"curies":[{"name":"wp","href":"https:\/\/api.w.org\/{rel}","templated":true}]}}