{"id":633,"date":"2016-05-26T18:50:09","date_gmt":"2016-05-26T16:50:09","guid":{"rendered":"https:\/\/nowa.polowiec.pl\/legal-bulletin-of-the-law-office-of-adam-polowiec-4-10-april-2016\/"},"modified":"2019-04-18T19:33:21","modified_gmt":"2019-04-18T17:33:21","slug":"legal-bulletin-of-the-law-office-of-adam-polowiec-4-10-april-2016","status":"publish","type":"post","link":"https:\/\/polowiec.pl\/en\/legal-bulletin-of-the-law-office-of-adam-polowiec-4-10-april-2016\/","title":{"rendered":"Legal Bulletin Of The Law Office Of Adam Polowiec (4 &#8211; 10 April 2016)"},"content":{"rendered":"<p>We would like to present the next issue of legal bulletin of the Law Office of Adam Polowiec.<br \/>What you will find here is some information about the new provisions of law and the projects of amendments to acts, but also case-laws including the case laws of Supreme Court, Constitutional Tribunal and European Court of Justice.<\/p>\n<p>  <!--more-->  <\/p>\n<p class=\"NowePrawo\" style=\"text-align: justify;\"><span style=\"font-size: 12pt;\"><strong><span style=\"font-family: 'Calibri',sans-serif;\">_____Nowe Prawo<\/span><\/strong><\/span><\/p>\n<p class=\"Dziedzinaprawa\" style=\"text-align: justify;\"><span style=\"font-size: 12pt;\"><strong><span style=\"font-family: 'Calibri',sans-serif;\">PRAWO KARNE<\/span><\/strong><\/span><\/p>\n<p class=\"Tekstpraswki\" style=\"text-align: justify;\"><span style=\"font-size: 12pt;\"><strong><span style=\"font-family: 'Calibri',sans-serif;\">Ustawa <\/span><\/strong><span style=\"font-family: 'Calibri',sans-serif;\">z dnia 11 marca 2016 r.<\/span><span style=\"font-family: 'Calibri',sans-serif;\">o zmianie ustawy &#8211; Kodeks karny oraz ustawy &#8211; Kodeks karny wykonawczy<\/span><span style=\"font-family: 'Calibri',sans-serif;\"> (Dz. U. z&nbsp;2016 r., poz. 428) &#8211; <strong>wejdzie w&nbsp;\u017cycie z&nbsp;dniem 15&nbsp;kwietnia 2016 r.<\/strong><\/span><\/span><\/p>\n<p class=\"Omwienie\" style=\"text-align: justify;\"><span style=\"font-size: 12pt;\"><span style=\"font-family: 'Calibri',sans-serif;\">W ustawie z&nbsp;dnia 6 czerwca 1997 r. &#8211; Kodeks karny (Dz. U. poz. 553, z&nbsp;p&oacute;\u017an. zm.)<\/span><span style=\"font-family: 'Calibri',sans-serif;\"> zmianie ulegnie brzmienie art. 37a, art. 323 &sect; 1, w&nbsp;art. 34 w&nbsp;&sect; 1a uchyla si\u0119 pkt 2, w&nbsp;art.&nbsp;35 uchyla si\u0119 &sect; 3.<\/span><\/span><\/p>\n<p class=\"Omwienie\" style=\"text-align: justify;\"><span style=\"font-size: 12pt; font-family: 'Calibri',sans-serif;\">W ustawie z&nbsp;dnia 6 czerwca 1997 r. &#8211; Kodeks karny wykonawczy (Dz. U. poz. 557, z&nbsp;p&oacute;\u017an. zm.) zmianie ulegnie brzmienie art. 43a &sect; 2 cz\u0119\u015b\u0107 wsp&oacute;lna, art. 43c &sect; 1, art. 43e, art. 43h, art. 43k, art. 43o, art. 43p &sect; 1, art. 43q &sect; 1 i&nbsp;2, art. 43r &sect; 3, art. 43t &sect; 2 pkt 4 i&nbsp;5, art. 43w &sect; 1 wprowadzenie do wyliczenia, art. 43y &sect; 1, art. 43za &sect; 1, w&nbsp;art. 43i dodaje si\u0119 &sect; 4, w&nbsp;rozdziale VIIa dodaje si\u0119 oddzia\u0142 2a, dodany zostaje art. 43na i&nbsp;art.&nbsp;43nb, art. 43zaa-43zae, uchylony zostanie art. 43zb-43zf, art. 66a.<\/span><\/p>\n<p>&nbsp;<\/p>\n<p class=\"Dziedzinaprawa\" style=\"text-align: justify;\"><span style=\"font-size: 12pt;\"><strong><span style=\"font-family: 'Calibri',sans-serif;\">POST\u0118POWANIE KARNE<\/span><\/strong><\/span><\/p>\n<p class=\"Tekstpraswki\" style=\"text-align: justify;\"><span style=\"font-size: 12pt;\"><strong><span style=\"font-family: 'Calibri',sans-serif;\">Ustawa<\/span><\/strong><span style=\"font-family: 'Calibri',sans-serif;\"> z&nbsp;dnia 11 marca 2016 r.<\/span><span style=\"font-family: 'Calibri',sans-serif;\">o zmianie ustawy &#8211; Kodeks post\u0119powania karnego oraz niekt&oacute;rych innych ustaw<\/span><span style=\"font-family: 'Calibri',sans-serif;\"> (Dz. U. z&nbsp;2016 r., poz. 437) &#8211; <strong>wejdzie w&nbsp;\u017cycie z&nbsp;dniem 15&nbsp;kwietnia&nbsp;2016 r.<\/strong><\/span><\/span><\/p>\n<p class=\"Omwienie\" style=\"text-align: justify;\"><span style=\"font-size: 12pt;\"><span style=\"font-family: 'Calibri',sans-serif;\">W ustawie z&nbsp;dnia 6 czerwca 1997 r. &#8211; Kodeks post\u0119powania karnego (Dz. U. poz. 555, z<\/span><span style=\"font-family: 'Calibri',sans-serif;\">p&oacute;\u017an. zm.)<\/span><span style=\"font-family: 'Calibri',sans-serif;\"> zmianie ulegnie brzmienie art. 2 &sect; 1 pkt 1, art. 5 &sect; 2, art. 30 &sect; 2, art. 42 &sect;&nbsp;3, art. 46, art. 47 &sect; 1, art. 50, art. 55, art. 71 &sect; 2, art. 75 &sect; 1, art. 78,<\/span><span style=\"font-family: 'Calibri',sans-serif;\">art. 81 &sect; 1, art.&nbsp;84 &sect; 3, art. 96 &sect; 1, art. 100, art. 106, art. 116, art. 132 &sect; 4, art. 141, art. 143 &sect; 1 pkt 8, art. 147, art. 152-154, art. 156, art. 156a, art. 167, art. 168a, art. 171 &sect; 2, art.&nbsp;213 &sect; 1 i&nbsp;1a, art 229, art. 230 &sect; 3, art. 231 &sect; 2, art. 236, art. 237a, art. 249a, art.&nbsp;254 &sect; 2, art. 258 &sect; 2, art. 259 &sect; 3, art. 280 &sect; 3, art. 285 &sect; 1, art. 287 &sect; 2, art. 293 &sect; 4-6, art. 297 &sect; 1 pkt 5, art. 300 &sect; 1 i&nbsp;2, art. 304 &sect; 1, art. 306 &sect; 1b, art. 311, art. 313 &sect;&nbsp;3, art. 321, art. 325a &sect; 1, art. 325e, art. 325i, art. 328 &sect; 2, art. 332, art. 333 &sect; 1, art.&nbsp;334, art. 335, art. 336 &sect; 2, art. 337, art. 338 &sect; 1 i&nbsp;1a, art. 338a, art. 339, art. 342, art. 343a &sect; 2, art. 349 &sect; 7, art. 351, art. 352, art. 353, art. 354a w&nbsp;&sect; 1 pkt 1-3, art. 366 &sect; 1, art. 370, art. 376 &sect; 2 i&nbsp;3, art. 381, art. 387, art. 389, art. 391, art. 393 &sect; 1, art.&nbsp;393a, art. 413 w&nbsp;&sect; 2 pkt 2, art. 418a, art. 422, art. 424 &sect; 3, art. 425 &sect; 2, art. 426 &sect;&nbsp;2, art. 427, art. 433 &sect; 1, art. 434 &sect; 1 i&nbsp;2, art. 440, art. 444, art. 446, art. 447 &sect; 3, art.&nbsp;448 &sect; 2, art. 449a &sect; 1, art. 450 &sect; 1, art. 452 &sect; 2, art. 461, art. 464, art. 502, art.&nbsp;517c &sect; 2, art. 517d &sect; 2 i&nbsp;3, art. 517h &sect; 1, art. 523, art. 524 &sect; 3, art. 538 &sect; 1, art.&nbsp;540b &sect; 1, art. 542 &sect; 5, art. 552, art. 553, art. 553a, art. 554 &sect; 1-3, art. 555, art.&nbsp;557 &sect; 1, art. 558, art. 611u &sect; 1, art. 611wd &sect; 2, art. 632 pkt 2, art. 672, dodany zostaje art. 40a, art. 41a, w&nbsp;art. 139 dodaje si\u0119 &sect; 1a,<\/span><span style=\"font-family: 'Calibri',sans-serif;\">dodany zostaje si\u0119 148a, art. 168b, w&nbsp;art. 250 dodaje si\u0119 &sect; 2b, w&nbsp;art. 279 dodaje si\u0119 &sect; 4, dodany zostaje art. 337a, w&nbsp;art.&nbsp;343 dodaje si\u0119 &sect; 5a, dodany zostaje art. 344a, art. 344b, w&nbsp;art. 385 dodaje si\u0119 &sect;&nbsp;1a, dodany zostaje art. 396a, w&nbsp;art. 402 dodaje si\u0119 &sect; 1a, w&nbsp;art. 439 w&nbsp;&sect; 1 dodaje si\u0119 pkt 1a, dodany zostaje rozdzia\u0142 55a, w&nbsp;art. 618f dodaje si\u0119 &sect; 4a i&nbsp;4b, w&nbsp;art. 632a dotychczasow\u0105 tre\u015b\u0107 oznacza si\u0119 jako &sect; 1 i&nbsp;dodaje si\u0119 &sect; 2, uchylony zostanie art. 23b, art. 80a, art. 87a, w&nbsp;art. 148 uchyla si\u0119 &sect; 2a-2c,w art. 237 uchyla si\u0119 &sect; 8, uchylony zostanie art. 237b,<\/span><span style=\"font-family: 'Calibri',sans-serif;\">art. 367a, w&nbsp;art. 394 uchyla si\u0119 &sect; 1a, uchylony zostanie art. 404a, art. 552a i&nbsp;art. 552b.<\/span><\/span><\/p>\n<p class=\"Omwienie\" style=\"text-align: justify;\"><span style=\"font-size: 12pt; font-family: 'Calibri',sans-serif;\">W ustawie z&nbsp;dnia 17 listopada 1964 r. &#8211; Kodeks post\u0119powania cywilnego (Dz.&nbsp;U.&nbsp;z&nbsp;2014&nbsp;r., poz. 101, z&nbsp;p&oacute;\u017an. zm.) zmianie ulegnie brzmienie art. 163 &sect; 1.<\/span><\/p>\n<p class=\"Omwienie\" style=\"text-align: justify;\"><span style=\"font-size: 12pt; font-family: 'Calibri',sans-serif;\">W ustawie z&nbsp;dnia 26 marca 1982 r. o&nbsp;Trybunale Stanu (Dz. U. z&nbsp;2002 r. poz. 925, z&nbsp;2003&nbsp;r. poz. 1692, z&nbsp;2004 r. poz. 219 oraz z&nbsp;2010 r. poz. 472 i&nbsp;1228) w&nbsp;art. 18 uchyla si\u0119 ust. 3.<\/span><\/p>\n<p class=\"Omwienie\" style=\"text-align: justify;\"><span style=\"font-size: 12pt; font-family: 'Calibri',sans-serif;\">W ustawie z&nbsp;dnia 6 kwietnia 1990 r. o&nbsp;Policji (Dz. U. z&nbsp;2015 r. poz. 355, z&nbsp;p&oacute;\u017an. zm.) w&nbsp;art. 19 uchyla si\u0119 ust. 15a-15e.<\/span><\/p>\n<p class=\"Omwienie\" style=\"text-align: justify;\"><span style=\"font-size: 12pt; font-family: 'Calibri',sans-serif;\">W ustawie z&nbsp;dnia 12 pa\u017adziernika 1990 r. o&nbsp;Stra\u017cy Granicznej (Dz.&nbsp;U.&nbsp;z&nbsp;2014&nbsp;r.&nbsp;poz.&nbsp;1402, z&nbsp;p&oacute;\u017an. zm.) w&nbsp;art. 9e uchyla si\u0119 ust. 16a-16e.<\/span><\/p>\n<p class=\"Omwienie\" style=\"text-align: justify;\"><span style=\"font-size: 12pt; font-family: 'Calibri',sans-serif;\">W ustawie z&nbsp;dnia 28 wrze\u015bnia 1991 r. o&nbsp;kontroli skarbowej (Dz. U. z&nbsp;2015 r. poz. 553, z&nbsp;p&oacute;\u017an. zm.) w&nbsp;art. 36d uchyla si\u0119 ust. 1a-1e.<\/span><\/p>\n<p class=\"Omwienie\" style=\"text-align: justify;\"><span style=\"font-size: 12pt; font-family: 'Calibri',sans-serif;\">W ustawie z&nbsp;dnia 6 czerwca 1997 r. &#8211; Kodeks karny (Dz. U. poz. 553, z&nbsp;p&oacute;\u017an. zm.) zmianie ulegnie brzmienie art. 34, art. 35 &sect; 4, art. 37b, art. 41 &sect; 1a, art. 67 &sect; 3, art.&nbsp;75a, art. 76, art. 85, art. 86 &sect; 3, art. 112, art. 233 uchylony zostanie art. 59a, art.&nbsp;60a. W&nbsp;ustawie z&nbsp;dnia 6 czerwca 1997 r. &#8211; Kodeks karny wykonawczy (Dz.&nbsp;U.&nbsp;poz.&nbsp;557, z&nbsp;p&oacute;\u017an. zm.) zmianie ulegnie brzmienie art. 17a &sect; 2, art. 61 &sect; 1, art.&nbsp;173 &sect; 3, w&nbsp;art. 2 dodaje si\u0119 pkt 2a, dodany zostanie art. 18a, art. 20a, art. 195aa, art. 205a, w&nbsp;art. 57 uchyla si\u0119 &sect; 5, w&nbsp;art. 57a uchyla si\u0119 &sect; 4, w&nbsp;art. 211 uchyla si\u0119 &sect; 7.<\/span><\/p>\n<p class=\"Omwienie\" style=\"text-align: justify;\"><span style=\"font-size: 12pt; font-family: 'Calibri',sans-serif;\">W ustawie z&nbsp;dnia 10 wrze\u015bnia 1999 r. &#8211; Kodeks karny skarbowy (Dz.&nbsp;U.&nbsp;z&nbsp;2013&nbsp;r.&nbsp;poz.&nbsp;186, z&nbsp;p&oacute;\u017an. zm.) zmianie ulegnie brzmienie art. 113 w&nbsp;&sect; 3 pkt 2, art. 122 w&nbsp;&sect; 1 pkt 1, art. 125 &sect; 1, art. 153a, art. 154a, art. 156 &sect; 3, uchylony zostanie art. 163a.<\/span><\/p>\n<p class=\"Omwienie\" style=\"text-align: justify;\"><span style=\"font-size: 12pt; font-family: 'Calibri',sans-serif;\">W ustawie z&nbsp;dnia 27 lipca 2001 r. &#8211; Prawo o&nbsp;ustroju s\u0105d&oacute;w powszechnych (Dz.&nbsp;U.&nbsp;z&nbsp;2015&nbsp;r. poz. 133, z&nbsp;p&oacute;\u017an. zm.) zmianie ulegnie brzmienie art. 22 &sect; 1 pkt 1&nbsp;lit.&nbsp;b, art. 49 &sect; 1, dzia\u0142 IV tytu\u0142 rozdzia\u0142 6, w&nbsp;art. 157 dodaje si\u0119 &sect; 3, dodany zostanie art. 175c.<\/span><\/p>\n<p class=\"Omwienie\" style=\"text-align: justify;\"><span style=\"font-size: 12pt; font-family: 'Calibri',sans-serif;\">W ustawie z&nbsp;dnia 24 sierpnia 2001 r. &#8211; Kodeks post\u0119powania w&nbsp;sprawach o&nbsp;wykroczenia (Dz. U. z&nbsp;2013 r. poz. 395, z&nbsp;p&oacute;\u017an. zm.) zmianie ulegnie brzmienie art. 37, art. 38 &sect; 1, art. 39 &sect; 1.<\/span><\/p>\n<p class=\"Omwienie\" style=\"text-align: justify;\"><span style=\"font-size: 12pt; font-family: 'Calibri',sans-serif;\">W ustawie z&nbsp;dnia 24 sierpnia 2001 r. o&nbsp;\u017bandarmerii Wojskowej i&nbsp;wojskowych organach porz\u0105dkowych (Dz. U. z&nbsp;2016 r. poz. 96, 147 i&nbsp;178) w&nbsp;art. 31 uchyla si\u0119 ust. 16a-16e.<\/span><\/p>\n<p class=\"Omwienie\" style=\"text-align: justify;\"><span style=\"font-size: 12pt; font-family: 'Calibri',sans-serif;\">W ustawie z&nbsp;dnia 24 maja 2002 r. o&nbsp;Agencji Bezpiecze\u0144stwa Wewn\u0119trznego oraz Agencji Wywiadu (Dz. U. z&nbsp;2015 r. poz. 1929 i&nbsp;2023 oraz z&nbsp;2016 r. poz. 147) w&nbsp;art. 27 uchyla si\u0119 ust. 15a-15e.<\/span><\/p>\n<p class=\"Omwienie\" style=\"text-align: justify;\"><span style=\"font-size: 12pt; font-family: 'Calibri',sans-serif;\">W ustawie z&nbsp;dnia 28 pa\u017adziernika 2002 r. o&nbsp;odpowiedzialno\u015bci podmiot&oacute;w zbiorowych za czyny zabronione pod gro\u017ab\u0105 kary (Dz. U. z&nbsp;2015 r. poz. 1212, 1844 i&nbsp;1855) zmianie ulegnie brzmienie art. 22.<\/span><\/p>\n<p class=\"Omwienie\" style=\"text-align: justify;\"><span style=\"font-size: 12pt; font-family: 'Calibri',sans-serif;\">W ustawie z&nbsp;dnia 28 lipca 2005 r. o&nbsp;kosztach s\u0105dowych w&nbsp;sprawach cywilnych (Dz.&nbsp;U.&nbsp;z&nbsp;2014 r. poz. 1025, z&nbsp;p&oacute;\u017an. zm.) w&nbsp;art. 89 dodaje si\u0119 ust 4a i&nbsp;4b.<\/span><\/p>\n<p class=\"Omwienie\" style=\"text-align: justify;\"><span style=\"font-size: 12pt; font-family: 'Calibri',sans-serif;\">W ustawie z&nbsp;dnia 29 lipca 2005 r. o&nbsp;przeciwdzia\u0142aniu narkomanii (Dz.&nbsp;U.&nbsp;z&nbsp;2016&nbsp;r.&nbsp;poz.&nbsp;224) zmianie ulegnie brzmienie art. 74.<\/span><\/p>\n<p class=\"Omwienie\" style=\"text-align: justify;\"><span style=\"font-size: 12pt; font-family: 'Calibri',sans-serif;\">W ustawie z&nbsp;dnia 9 czerwca 2006 r. o&nbsp;S\u0142u\u017cbie Kontrwywiadu Wojskowego oraz S\u0142u\u017cbie Wywiadu Wojskowego (Dz. U. z&nbsp;2014 r. poz. 253, 502 i&nbsp;1055, z&nbsp;2015 r. poz. 1066 i&nbsp;1224 oraz z&nbsp;2016 r. poz. 147) w&nbsp;art. 31 uchyla si\u0119 ust. 14a-14e.<\/span><\/p>\n<p class=\"Omwienie\" style=\"text-align: justify;\"><span style=\"font-size: 12pt; font-family: 'Calibri',sans-serif;\">W ustawie z&nbsp;dnia 9 czerwca 2006 r. o&nbsp;Centralnym Biurze Antykorupcyjnym (Dz.&nbsp;U.&nbsp;z&nbsp;2014 r. poz. 1411, z&nbsp;p&oacute;\u017an. zm.) w&nbsp;art. 17 uchyla si\u0119 ust. 15a-15e.<\/span><\/p>\n<p class=\"Omwienie\" style=\"text-align: justify;\"><span style=\"font-size: 12pt; font-family: 'Calibri',sans-serif;\">W ustawie z&nbsp;dnia 27 wrze\u015bnia 2013 r. o&nbsp;zmianie ustawy &#8211; Kodeks post\u0119powania karnego oraz niekt&oacute;rych innych ustaw (Dz. U. poz. 1247, z&nbsp;2014 r. poz. 1556 i&nbsp;1778 oraz z&nbsp;2015 r. poz. 21 i&nbsp;396) zmianie ulegnie brzmienie art. 52 ust. 1.<\/span><\/p>\n<p>&nbsp;<\/p>\n<p class=\"Dziedzinaprawa\" style=\"text-align: justify;\"><span style=\"font-size: 12pt;\"><strong><span style=\"font-family: 'Calibri',sans-serif;\">POST\u0118POWANIE CYWILNE<\/span><\/strong><\/span><\/p>\n<p class=\"Tekstpraswki\" style=\"text-align: justify;\"><span style=\"font-size: 12pt;\"><strong><span style=\"font-family: 'Calibri',sans-serif;\">Rozporz\u0105dzenie<\/span><\/strong><span style=\"font-family: 'Calibri',sans-serif;\"> Ministra Sprawiedliwo\u015bci <\/span><span style=\"font-family: 'Calibri',sans-serif;\">z dnia 31 marca 2016 r.<\/span><span style=\"font-family: 'Calibri',sans-serif;\">zmieniaj\u0105ce rozporz\u0105dzenie w&nbsp;sprawie trybu i&nbsp;sposobu dokonywania dor\u0119cze\u0144 elektronicznych<\/span><span style=\"font-family: 'Calibri',sans-serif;\"> (Dz.&nbsp;U.&nbsp;z 2016 r., poz. 435) &#8211; <strong>wesz\u0142o w&nbsp;\u017cycie z&nbsp;dniem 1 kwietnia 2016 r.<\/strong><\/span><\/span><\/p>\n<p class=\"Omwienie\" style=\"text-align: justify;\"><span style=\"font-size: 12pt;\"><span style=\"font-family: 'Calibri',sans-serif;\">W rozporz\u0105dzeniu Ministra Sprawiedliwo\u015bci z&nbsp;dnia 20 pa\u017adziernika 2015 r. w&nbsp;sprawie trybu i&nbsp;sposobu dokonywania dor\u0119cze\u0144 elektronicznych (Dz. U. poz. 1776) <\/span><span style=\"font-family: 'Calibri',sans-serif;\">zmianie uleg\u0142o brzmienie <\/span><span style=\"font-family: 'Calibri',sans-serif;\">&sect; 7<\/span><span style=\"font-family: 'Calibri',sans-serif;\">.<\/span><\/span><\/p>\n<p class=\"Tekstpraswki\" style=\"text-align: justify;\"><span style=\"font-size: 12pt;\"><strong><span style=\"font-family: 'Calibri',sans-serif;\">Rozporz\u0105dzenie<\/span><\/strong><span style=\"font-family: 'Calibri',sans-serif;\"> Ministra Sprawiedliwo\u015bci<\/span><span style=\"font-family: 'Calibri',sans-serif;\"> z&nbsp;dnia 31 marca 2016 r.<\/span><span style=\"font-family: 'Calibri',sans-serif;\">zmieniaj\u0105ce rozporz\u0105dzenie w&nbsp;sprawie sposobu wnoszenia pism procesowych za po\u015brednictwem systemu teleinformatycznego obs\u0142uguj\u0105cego post\u0119powanie s\u0105dowe<\/span><span style=\"font-family: 'Calibri',sans-serif;\"> (Dz.&nbsp;U.&nbsp;z&nbsp;2016&nbsp;r.,&nbsp;poz. 436) &#8211; <strong>wesz\u0142o w&nbsp;\u017cycie z&nbsp;dniem 1 kwietnia 2016 r.<\/strong><\/span><\/span><\/p>\n<p class=\"Omwienie\" style=\"text-align: justify;\"><span style=\"font-size: 12pt;\"><span style=\"font-family: 'Calibri',sans-serif;\">W rozporz\u0105dzeniu Ministra Sprawiedliwo\u015bci z&nbsp;dnia 20 pa\u017adziernika 2015 r. w&nbsp;sprawie sposobu wnoszenia pism procesowych za po\u015brednictwem systemu teleinformatycznego obs\u0142uguj\u0105cego post\u0119powanie s\u0105dowe (Dz. U. poz. 1783) <\/span><span style=\"font-family: 'Calibri',sans-serif;\">zmianie uleg\u0142o brzmienie <\/span><span style=\"font-family: 'Calibri',sans-serif;\">&sect; 7<\/span><span style=\"font-family: 'Calibri',sans-serif;\">.<\/span><\/span><\/p>\n<p>&nbsp;<\/p>\n<p class=\"Dziedzinaprawa\" style=\"text-align: justify;\"><span style=\"font-size: 12pt;\"><strong><span style=\"font-family: 'Calibri',sans-serif;\">KOSZTY SADOWE W&nbsp;SPRAWACH CYWILNYCH<\/span><\/strong><\/span><\/p>\n<p class=\"Tekstpraswki\" style=\"text-align: justify;\"><span style=\"font-size: 12pt;\"><strong><span style=\"font-family: 'Calibri',sans-serif;\">Ustawa<\/span><\/strong><span style=\"font-family: 'Calibri',sans-serif;\">z dnia 18 marca 2016 r.<\/span><span style=\"font-family: 'Calibri',sans-serif;\">o zmianie ustawy o&nbsp;kosztach s\u0105dowych w&nbsp;sprawach cywilnych<\/span><span style=\"font-family: 'Calibri',sans-serif;\"> (Dz. U. z&nbsp;2016 r., poz. 421) <strong>&ndash; wejdzie w&nbsp;\u017cycie z&nbsp;dniem 15&nbsp;kwietnia&nbsp;2016&nbsp;r.<\/strong><\/span><\/span><\/p>\n<p class=\"Omwienie\" style=\"text-align: justify;\"><span style=\"font-size: 12pt;\"><span style=\"font-family: 'Calibri',sans-serif;\">W ustawie z&nbsp;dnia 28 lipca 2005 r. o&nbsp;kosztach s\u0105dowych w&nbsp;sprawach cywilnych (Dz.<\/span><span style=\"font-family: 'Calibri',sans-serif;\">U.<\/span><span style=\"font-family: 'Calibri',sans-serif;\">z<\/span><span style=\"font-family: 'Calibri',sans-serif;\">2014 r. poz. 1025, z&nbsp;p&oacute;\u017an. zm.) <\/span><span style=\"font-family: 'Calibri',sans-serif;\">zmianie ulegnie brzmienie <\/span><span style=\"font-family: 'Calibri',sans-serif;\">art. 13 ust. 1a<\/span><span style=\"font-family: 'Calibri',sans-serif;\">.<\/span><\/span><\/p>\n<p>&nbsp;<\/p>\n<p class=\"Dziedzinaprawa\" style=\"text-align: justify;\"><span style=\"font-size: 12pt;\"><strong><span style=\"font-family: 'Calibri',sans-serif;\">PRAWO PODATKOWE<\/span><\/strong><\/span><\/p>\n<p class=\"Tekstpraswki\" style=\"text-align: justify;\"><span style=\"font-size: 12pt;\"><strong><span style=\"font-family: 'Calibri',sans-serif;\">Rozporz\u0105dzenie<\/span><\/strong><span style=\"font-family: 'Calibri',sans-serif;\"> Ministra Finans&oacute;w <\/span><span style=\"font-family: 'Calibri',sans-serif;\">z dnia 24 marca 2016 r.<\/span><span style=\"font-family: 'Calibri',sans-serif;\">zmieniaj\u0105ce rozporz\u0105dzenie w&nbsp;sprawie okre\u015blenia wzor&oacute;w rocznego obliczenia podatku oraz zezna\u0144 podatkowych obowi\u0105zuj\u0105cych w&nbsp;zakresie podatku dochodowego od os&oacute;b fizycznych<\/span><span style=\"font-family: 'Calibri',sans-serif;\"> (Dz. U. z&nbsp;2016 r., poz. 440) &ndash; <strong>wesz\u0142o w&nbsp;\u017cycie z&nbsp;dniem 2 kwietnia 2016 r.<\/strong><\/span><\/span><\/p>\n<p class=\"Omwienie\" style=\"text-align: justify;\"><span style=\"font-size: 12pt;\"><span style=\"font-family: 'Calibri',sans-serif;\">W rozporz\u0105dzeniu Ministra Finans&oacute;w z&nbsp;dnia 26 listopada 2015 r. w&nbsp;sprawie okre\u015blenia wzor&oacute;w rocznego obliczenia podatku oraz zezna\u0144 podatkowych obowi\u0105zuj\u0105cych w<\/span><span style=\"font-family: 'Calibri',sans-serif;\">zakresie podatku dochodowego od os&oacute;b fizycznych (Dz. U. poz. 2001)<\/span><span style=\"font-family: 'Calibri',sans-serif;\"> zmianie uleg\u0142o brzmienie za\u0142\u0105cznik&oacute;w nr 2, 3, 5, 7 i&nbsp;8 do rozporz\u0105dzenia, w&nbsp;&sect; 1 w&nbsp;pkt 7 w&nbsp;lit. f kropk\u0119 zast\u0119puje si\u0119 przecinkiem i&nbsp;dodaje si\u0119 lit. g i&nbsp;h.<\/span><\/span><\/p>\n<p class=\"Tekstpraswki\" style=\"text-align: justify;\"><span style=\"font-size: 12pt;\"><strong><span style=\"font-family: 'Calibri',sans-serif;\">Rozporz\u0105dzenie<\/span><\/strong><span style=\"font-family: 'Calibri',sans-serif;\"> Ministra Finans&oacute;w <\/span><span style=\"font-family: 'Calibri',sans-serif;\">z dnia 25 marca 2016 r.<\/span><span style=\"font-family: 'Calibri',sans-serif;\">zmieniaj\u0105ce rozporz\u0105dzenie w&nbsp;sprawie okre\u015blenia wzor&oacute;w zeznania, deklaracji i&nbsp;informacji podatkowych obowi\u0105zuj\u0105cych w&nbsp;zakresie zrycza\u0142towanego podatku dochodowego od niekt&oacute;rych przychod&oacute;w osi\u0105ganych przez osoby fizyczne<\/span><span style=\"font-family: 'Calibri',sans-serif;\"> (Dz. U. z&nbsp;2016 r., poz. 439) &ndash; <strong>wesz\u0142o w&nbsp;\u017cycie z&nbsp;dniem 2 kwietnia 2016 r.<\/strong><\/span><\/span><\/p>\n<p class=\"Omwienie\" style=\"text-align: justify;\"><span style=\"font-size: 12pt;\"><span style=\"font-family: 'Calibri',sans-serif;\">W rozporz\u0105dzeniu Ministra Finans&oacute;w z&nbsp;dnia 24 listopada 2015 r. w&nbsp;sprawie okre\u015blenia wzor&oacute;w zeznania, deklaracji i&nbsp;informacji podatkowych obowi\u0105zuj\u0105cych w&nbsp;zakresie zrycza\u0142towanego podatku dochodowego od niekt&oacute;rych przychod&oacute;w osi\u0105ganych przez osoby fizyczne (Dz. U. poz. 1993) <\/span><span style=\"font-family: 'Calibri',sans-serif;\">zmianie uleg\u0142o brzmienie <\/span><span style=\"font-family: 'Calibri',sans-serif;\">za\u0142\u0105cznik<\/span><span style=\"font-family: 'Calibri',sans-serif;\">&oacute;w<\/span><span style=\"font-family: 'Calibri',sans-serif;\"> nr 5-7 do rozporz\u0105dzenia<\/span><span style=\"font-family: 'Calibri',sans-serif;\">.<\/span><\/span><\/p>\n<p>&nbsp;<\/p>\n<p class=\"Dziedzinaprawa\" style=\"text-align: justify;\"><span style=\"font-size: 12pt;\"><strong><span style=\"font-family: 'Calibri',sans-serif;\">RADIOFONIA I&nbsp;TELEWIZJA<\/span><\/strong><\/span><\/p>\n<p class=\"Tekstpraswki\" style=\"text-align: justify;\"><span style=\"font-size: 12pt;\"><strong><span style=\"font-family: 'Calibri',sans-serif;\">Ustawa <\/span><\/strong><span style=\"font-family: 'Calibri',sans-serif;\">z dnia 25 lutego 2016 r. o&nbsp;zmianie ustawy o&nbsp;radiofonii i&nbsp;telewizji (Dz.&nbsp;U.&nbsp;z&nbsp;2016&nbsp;r., poz.443) <strong>&ndash; wejdzie w&nbsp;\u017cycie z&nbsp;dniem 5 lipca 2016 r.<\/strong><\/span><\/span><\/p>\n<p class=\"Omwienie\" style=\"text-align: justify;\"><span style=\"font-size: 12pt;\"><span style=\"font-family: 'Calibri',sans-serif;\">W ustawie z&nbsp;dnia 29 grudnia 1992 r. o&nbsp;radiofonii i&nbsp;telewizji (Dz. U. z&nbsp;2015 r. poz. 1531, 978 i&nbsp;1830 oraz z&nbsp;2016 r. poz. 25) <\/span><span style=\"font-family: 'Calibri',sans-serif;\">zmianie ulegnie brzmienie <\/span><span style=\"font-family: 'Calibri',sans-serif;\">art. 15<\/span><span style=\"font-family: 'Calibri',sans-serif;\">.<\/span><\/span><\/p>\n<p>&nbsp;<\/p>\n<p class=\"Dziedzinaprawa\" style=\"text-align: justify;\"><span style=\"font-size: 12pt;\"><strong><span style=\"font-family: 'Calibri',sans-serif;\">OCHRONA PRZYRODY<\/span><\/strong><\/span><\/p>\n<p class=\"Tekstpraswki\" style=\"text-align: justify;\"><span style=\"font-size: 12pt;\"><strong><span style=\"font-family: 'Calibri',sans-serif;\">Ustawa<\/span><\/strong><span style=\"font-family: 'Calibri',sans-serif;\"> z&nbsp;dnia 11 marca 2016 r.<\/span><span style=\"font-family: 'Calibri',sans-serif;\">o zmianie ustawy o&nbsp;lasach oraz ustawy o&nbsp;ochronie przyrody<\/span><span style=\"font-family: 'Calibri',sans-serif;\"> (Dz. U. z&nbsp;2016 r., poz. 422) <strong>&ndash; wejdzie w&nbsp;\u017cycie z&nbsp;dniem 15 kwietnia 2016 r.<\/strong><\/span><\/span><\/p>\n<p class=\"Omwienie\" style=\"text-align: justify;\"><span style=\"font-size: 12pt;\"><span style=\"font-family: 'Calibri',sans-serif;\">W ustawie z&nbsp;dnia 28 wrze\u015bnia 1991 r. o&nbsp;lasach (Dz. U. z&nbsp;2015 r. poz. 2100)<\/span><span style=\"font-family: 'Calibri',sans-serif;\"> zmianie ulegnie brzmienie art. 58, dodany zostanie art. 5b, w&nbsp;art. 57 w&nbsp;ust. 2 wyrazy &#8220;w&nbsp;zarz\u0105dzie park&oacute;w narodowych, &#8221; zast\u0119puje si\u0119 wyrazami &#8220;w u\u017cytkowaniu wieczystym park&oacute;w narodowych,&rdquo;.<\/span><\/span><\/p>\n<p class=\"Omwienie\" style=\"text-align: justify;\"><span style=\"font-size: 12pt; font-family: 'Calibri',sans-serif;\">W ustawie z&nbsp;dnia 16 kwietnia 2004 r. o&nbsp;ochronie przyrody (Dz. U. z&nbsp;2015 r. poz. 1651, 1688 i&nbsp;1936) zmianie ulegnie brzmienie art. 96, w&nbsp;art. 8h w&nbsp;ust. 2 w&nbsp;pkt 7 kropk\u0119 zast\u0119puje si\u0119 \u015brednikiem i&nbsp;dodaje si\u0119 pkt 8.<\/span><\/p>\n<p>&nbsp;<\/p>\n<p class=\"Dziedzinaprawa\" style=\"text-align: justify;\"><span style=\"font-size: 12pt;\"><strong><span style=\"font-family: 'Calibri',sans-serif;\">PRAWO LOTNICZE<\/span><\/strong><\/span><\/p>\n<p class=\"Tekstpraswki\" style=\"text-align: justify;\"><span style=\"font-size: 12pt;\"><strong><span style=\"font-family: 'Calibri',sans-serif;\">Rozporz\u0105dzenie<\/span><\/strong><span style=\"font-family: 'Calibri',sans-serif;\"> Ministra Infrastruktury i&nbsp;Budownictwa <\/span><span style=\"font-family: 'Calibri',sans-serif;\">z dnia 15 marca 2016 r.<\/span><span style=\"font-family: 'Calibri',sans-serif;\">zmieniaj\u0105ce rozporz\u0105dzenie w&nbsp;sprawie sposobu i&nbsp;trybu rozliczania i&nbsp;dokumentowania koszt&oacute;w zwi\u0105zanych z&nbsp;zapewnieniem s\u0142u\u017cb \u017ceglugi powietrznej za loty zwolnione z&nbsp;op\u0142at nawigacyjnych<\/span><span style=\"font-family: 'Calibri',sans-serif;\"> (Dz. U. z&nbsp;2016 r., poz. 434) <strong>&ndash; wejdzie w&nbsp;\u017cycie z&nbsp;dniem 15&nbsp;kwietnia&nbsp;2016 r.<\/strong><\/span><\/span><\/p>\n<p class=\"Omwienie\" style=\"text-align: justify;\"><span style=\"font-size: 12pt;\"><span style=\"font-family: 'Calibri',sans-serif;\">W rozporz\u0105dzeniu Ministra Transportu, Budownictwa i&nbsp;Gospodarki Morskiej z&nbsp;dnia 13<\/span><span style=\"font-family: 'Calibri',sans-serif;\">sierpnia 2013 r. w&nbsp;sprawie sposobu i&nbsp;trybu rozliczania i&nbsp;dokumentowania koszt&oacute;w zwi\u0105zanych z&nbsp;zapewnieniem s\u0142u\u017cb \u017ceglugi powietrznej za loty zwolnione z&nbsp;op\u0142at nawigacyjnych (Dz. U. poz. 1009) zmianie ulegnie brzmienie &sect; 2, &sect; 3, &sect; 4, &sect; 5, &sect; 7.<\/span><\/span><\/p>\n<p>&nbsp;<\/p>\n<p class=\"Dziedzinaprawa\" style=\"text-align: justify;\"><span style=\"font-size: 12pt;\"><strong><span style=\"font-family: 'Calibri',sans-serif;\">STATYSTYKA PUBLICZNA<\/span><\/strong><\/span><\/p>\n<p class=\"Tekstpraswki\" style=\"text-align: justify;\"><span style=\"font-size: 12pt;\"><strong><span style=\"font-family: 'Calibri',sans-serif;\">Rozporz\u0105dzenie<\/span><\/strong><span style=\"font-family: 'Calibri',sans-serif;\"> Prezesa Rady Ministr&oacute;w <\/span><span style=\"font-family: 'Calibri',sans-serif;\">z dnia 15 marca 2016 r.<\/span><span style=\"font-family: 'Calibri',sans-serif;\">w sprawie okre\u015blenia wzor&oacute;w formularzy sprawozdawczych, obja\u015bnie\u0144 co do sposobu ich wype\u0142niania oraz wzor&oacute;w kwestionariuszy i&nbsp;ankiet statystycznych stosowanych w&nbsp;badaniach statystycznych ustalonych w&nbsp;programie bada\u0144 statystycznych statystyki publicznej na rok 2016<\/span><span style=\"font-family: 'Calibri',sans-serif;\"> (Dz.&nbsp;U.&nbsp;z&nbsp;2016 r., poz. 460) <strong>&ndash; wejdzie w&nbsp;\u017cycie z&nbsp;dniem 21 kwietnia 2016 r.<\/strong><\/span><\/span><\/p>\n<p>&nbsp;<\/p>\n<p class=\"Dziedzinaprawa\" style=\"text-align: justify;\"><span style=\"font-size: 12pt;\"><strong><span style=\"font-family: 'Calibri',sans-serif;\">OCHRONA RO\u015aLIN I&nbsp;ZWIERZ\u0104T<\/span><\/strong><\/span><\/p>\n<p class=\"Tekstpraswki\" style=\"text-align: justify;\"><span style=\"font-size: 12pt;\"><strong><span style=\"font-family: 'Calibri',sans-serif;\">Rozporz\u0105dzenie<\/span><\/strong><span style=\"font-family: 'Calibri',sans-serif;\"> Ministra Rolnictwa i&nbsp;Rozwoju Wsi <\/span><span style=\"font-family: 'Calibri',sans-serif;\">z dnia 21 marca 2016 r.<\/span><span style=\"font-family: 'Calibri',sans-serif;\">w sprawie wymaga\u0144, jakie powinny spe\u0142nia\u0107 pochodz\u0105ce z&nbsp;Republiki Po\u0142udniowej Afryki owoce ro\u015blin Citrus L., Fortunella Swingle, Poncirus Raf. i&nbsp;hybryd tych rodzaj&oacute;w ro\u015blin, z&nbsp;wyj\u0105tkiem owoc&oacute;w gatunk&oacute;w Citrus aurantium L. i&nbsp;Citrus latifoilia Tanaka, w&nbsp;celu zapobie\u017cenia rozprzestrzenieniu si\u0119 organizmu Phyllosticta citricarpa (McAlpine) Van der Aa<\/span><span style=\"font-family: 'Calibri',sans-serif;\"> (Dz.&nbsp;U.&nbsp;z&nbsp;2016 r., poz. 444) <strong>&ndash; wejdzie w&nbsp;\u017cycie z&nbsp;dniem 19 kwietnia 2016 r.<\/strong><\/span><\/span><\/p>\n<p class=\"Tekstpraswki\" style=\"text-align: justify;\"><span style=\"font-size: 12pt;\"><strong><span style=\"font-family: 'Calibri',sans-serif;\">Rozporz\u0105dzenie<\/span><\/strong><span style=\"font-family: 'Calibri',sans-serif;\"> Ministra Rolnictwa i&nbsp;Rozwoju Wsi z&nbsp;dnia 21 marca 2016 r. w&nbsp;sprawie szczeg&oacute;\u0142owych warunk&oacute;w uznania dzia\u0142alno\u015bci marginalnej, lokalnej i&nbsp;ograniczonej (Dz.&nbsp;U. z&nbsp;2016 r., poz. 451) <strong>&ndash; wejdzie w&nbsp;\u017cycie z&nbsp;dniem 1 czerwca 2016 r.<\/strong><\/span><\/span><\/p>\n<p>&nbsp;<\/p>\n<p class=\"Dziedzinaprawa\" style=\"text-align: justify;\"><span style=\"font-size: 12pt;\"><strong><span style=\"font-family: 'Calibri',sans-serif;\">ADMINISTRACJA RZ\u0104DOWA<\/span><\/strong><\/span><\/p>\n<p class=\"Tekstpraswki\" style=\"text-align: justify;\"><span style=\"font-size: 12pt;\"><strong><span style=\"font-family: 'Calibri',sans-serif;\">Rozporz\u0105dzenie<\/span><\/strong><span style=\"font-family: 'Calibri',sans-serif;\"> Ministra Kultury i&nbsp;Dziedzictwa Narodowego<\/span><span style=\"font-family: 'Calibri',sans-serif;\">z dnia 22 marca 2016 r.<\/span><span style=\"font-family: 'Calibri',sans-serif;\">uchylaj\u0105ce rozporz\u0105dzenie w&nbsp;sprawie upowa\u017cnienia Krajowego O\u015brodka Bada\u0144 i&nbsp;<\/span><span style=\"font-family: 'Calibri',sans-serif;\">Dokumentacji Zabytk&oacute;w do uznawania kwalifikacji do wykonywania zawod&oacute;w regulowanych<\/span><span style=\"font-family: 'Calibri',sans-serif;\"> (Dz. U. z&nbsp;2016 r., poz. 459) <strong>&ndash; wejdzie w&nbsp;\u017cycie z&nbsp;dniem 20&nbsp;kwietnia&nbsp;2016 r.<\/strong><\/span><\/span><\/p>\n<p>&nbsp;<\/p>\n<p class=\"Dziedzinaprawa\" style=\"text-align: justify;\"><span style=\"font-size: 12pt;\"><strong><span style=\"font-family: 'Calibri',sans-serif;\">PRAWO ROLNE<\/span><\/strong><\/span><\/p>\n<p class=\"Tekstpraswki\" style=\"text-align: justify;\"><span style=\"font-size: 12pt;\"><strong><span style=\"font-family: 'Calibri',sans-serif;\">Rozporz\u0105dzenie<\/span><\/strong><span style=\"font-family: 'Calibri',sans-serif;\"> Ministra Rolnictwa i&nbsp;Rozwoju Wsi <\/span><span style=\"font-family: 'Calibri',sans-serif;\">z dnia 23 marca 2016 r.<\/span><span style=\"font-family: 'Calibri',sans-serif;\">zmieniaj\u0105ce rozporz\u0105dzenie w&nbsp;sprawie szczeg&oacute;\u0142owych warunk&oacute;w i&nbsp;trybu przyznawania p\u0142atno\u015bci bezpo\u015brednich i&nbsp;p\u0142atno\u015bci niezwi\u0105zanej do tytoniu<\/span><span style=\"font-family: 'Calibri',sans-serif;\"> (Dz. U. z&nbsp;2016 r., poz. 450) <strong>&ndash; wejdzie w&nbsp;\u017cycie z&nbsp;dniem 20 kwietnia 2016 r.<\/strong><\/span><\/span><\/p>\n<p class=\"Omwienie\" style=\"text-align: justify;\"><span style=\"font-size: 12pt;\"><span style=\"font-family: 'Calibri',sans-serif;\">W rozporz\u0105dzeniu Ministra Rolnictwa i&nbsp;Rozwoju Wsi z&nbsp;dnia 12 marca 2015 r. w&nbsp;sprawie szczeg&oacute;\u0142owych warunk&oacute;w i&nbsp;trybu przyznawania p\u0142atno\u015bci bezpo\u015brednich i&nbsp;p\u0142atno\u015bci niezwi\u0105zanej do tytoniu (Dz. U. poz. 351, 672 i&nbsp;1536) <\/span><span style=\"font-family: 'Calibri',sans-serif;\">dodany zostanie<\/span><span style=\"font-family: 'Calibri',sans-serif;\"> &sect; 5a<\/span><span style=\"font-family: 'Calibri',sans-serif;\">.<\/span><\/span><\/p>\n<p>&nbsp;<\/p>\n<p class=\"Dziedzinaprawa\" style=\"text-align: justify;\"><span style=\"font-size: 12pt;\"><strong><span style=\"font-family: 'Calibri',sans-serif;\">KRAJOWY FUNDUSZ KAPITA\u0141OWY<\/span><\/strong><\/span><\/p>\n<p class=\"Tekstpraswki\" style=\"text-align: justify;\"><span style=\"font-size: 12pt;\"><strong><span style=\"font-family: 'Calibri',sans-serif;\">Rozporz\u0105dzenie<\/span><\/strong><span style=\"font-family: 'Calibri',sans-serif;\"> Ministra Rozwoju <\/span><span style=\"font-family: 'Calibri',sans-serif;\">z dnia 23 marca 2016 r.<\/span><span style=\"font-family: 'Calibri',sans-serif;\">w sprawie wsparcia finansowego udzielanego przez Krajowy Fundusz Kapita\u0142owy<\/span><span style=\"font-family: 'Calibri',sans-serif;\"> (Dz. U. z&nbsp;2016 r., poz. 465) &#8211; <strong>wejdzie w&nbsp;\u017cycie z&nbsp;dniem 22 kwietnia 2016 r.<\/strong><\/span><\/span><\/p>\n<p>&nbsp;<\/p>\n<p class=\"Dziedzinaprawa\" style=\"text-align: justify;\"><span style=\"font-size: 12pt;\"><strong><span style=\"font-family: 'Calibri',sans-serif;\">PRAWO O&nbsp;RUCHU DROGOWYM<\/span><\/strong><\/span><\/p>\n<p class=\"Tekstpraswki\" style=\"text-align: justify;\"><span style=\"font-size: 12pt;\"><strong><span style=\"font-family: 'Calibri',sans-serif;\">Rozporz\u0105dzenie<\/span><\/strong><span style=\"font-family: 'Calibri',sans-serif;\"> Ministra Infrastruktury i&nbsp;Budownictwa <\/span><span style=\"font-family: 'Calibri',sans-serif;\">z dnia 24 marca 2016 r.<\/span><span style=\"font-family: 'Calibri',sans-serif;\">w<\/span><span style=\"font-family: 'Calibri',sans-serif;\">sprawie wysoko\u015bci op\u0142at za kart\u0119 pojazdu oraz jej wt&oacute;rnik<\/span><span style=\"font-family: 'Calibri',sans-serif;\"> (Dz. U. z&nbsp;2016 r., poz. 457) &#8211; <strong>wejdzie w&nbsp;\u017cycie z&nbsp;dniem 1 stycznia 2017 r.<\/strong><\/span><\/span><\/p>\n<p class=\"Tekstpraswki\" style=\"text-align: justify;\"><span style=\"font-size: 12pt;\"><strong><span style=\"font-family: 'Calibri',sans-serif;\">Rozporz\u0105dzenie<\/span><\/strong><span style=\"font-family: 'Calibri',sans-serif;\"> Ministra Cyfryzacji <\/span><span style=\"font-family: 'Calibri',sans-serif;\">z dnia 29 marca 2016 r.<\/span><span style=\"font-family: 'Calibri',sans-serif;\">w sprawie wyja\u015bniania niezgodno\u015bci w&nbsp;danych zgromadzonych w&nbsp;centralnej ewidencji kierowc&oacute;w<\/span><span style=\"font-family: 'Calibri',sans-serif;\"> (Dz.&nbsp;U.&nbsp;z&nbsp;2016&nbsp;r., poz. 426) &#8211; <strong>wejdzie w&nbsp;\u017cycie z&nbsp;dniem 1 stycznia 2017 r.<\/strong><\/span><\/span><\/p>\n<p class=\"Tekstpraswki\" style=\"text-align: justify;\"><span style=\"font-size: 12pt;\"><strong><span style=\"font-family: 'Calibri',sans-serif;\">Rozporz\u0105dzenie<\/span><\/strong><span style=\"font-family: 'Calibri',sans-serif;\"> Ministra Cyfryzacji z&nbsp;dnia 29 marca 2016 r. w&nbsp;sprawie katalogu danych gromadzonych w&nbsp;centralnej ewidencji kierowc&oacute;w (Dz. U. z&nbsp;2016 r., poz. 427) &#8211; <strong>wejdzie w&nbsp;\u017cycie z&nbsp;dniem 1 stycznia 2017 r.<\/strong><\/span><\/span><\/p>\n<p class=\"Tekstpraswki\" style=\"text-align: justify;\"><span style=\"font-size: 12pt;\"><strong><span style=\"font-family: 'Calibri',sans-serif;\">Rozporz\u0105dzenie<\/span><\/strong><span style=\"font-family: 'Calibri',sans-serif;\"> Ministra Cyfryzacji z&nbsp;dnia 30 marca 2016 r. w&nbsp;sprawie wymaga\u0144 technicznych i&nbsp;jako\u015bciowych w&nbsp;zakresie standard&oacute;w przesy\u0142anych danych do centralnej ewidencji pojazd&oacute;w (Dz. U. z&nbsp;2016 r., poz. 433) &#8211; <strong>wejdzie w&nbsp;\u017cycie z&nbsp;dniem 1&nbsp;stycznia&nbsp;2017 r.<\/strong><\/span><\/span><\/p>\n<p class=\"Tekstpraswki\" style=\"text-align: justify;\"><span style=\"font-size: 12pt;\"><strong><span style=\"font-family: 'Calibri',sans-serif;\">Rozporz\u0105dzenie<\/span><\/strong><span style=\"font-family: 'Calibri',sans-serif;\"> Ministra Cyfryzacji z&nbsp;dnia 30 marca 2016 r. w&nbsp;sprawie wymaga\u0144 technicznych i&nbsp;jako\u015bciowych w&nbsp;zakresie standard&oacute;w przesy\u0142anych danych do centralnej ewidencji kierowc&oacute;w (Dz. U. z&nbsp;2016 r., poz. 429)<strong> &#8211; wejdzie w&nbsp;\u017cycie z&nbsp;dniem 1&nbsp;stycznia 2017 r.<\/strong><\/span><\/span><\/p>\n<p class=\"Tekstpraswki\" style=\"text-align: justify;\"><span style=\"font-size: 12pt;\"><strong><span style=\"font-family: 'Calibri',sans-serif;\">Rozporz\u0105dzenie<\/span><\/strong><span style=\"font-family: 'Calibri',sans-serif;\"> Ministra Cyfryzacji z&nbsp;dnia 30 marca 2016 r. w&nbsp;sprawie wyja\u015bniania niezgodno\u015bci w&nbsp;danych zgromadzonych w&nbsp;centralnej ewidencji pojazd&oacute;w (Dz.&nbsp;U.&nbsp;z&nbsp;2016&nbsp;r., poz. 431) <strong>&#8211; wejdzie w&nbsp;\u017cycie z&nbsp;dniem 1 stycznia 2017 r.<\/strong><\/span><\/span><\/p>\n<p class=\"Tekstpraswki\" style=\"text-align: justify;\"><span style=\"font-size: 12pt;\"><strong><span style=\"font-family: 'Calibri',sans-serif;\">Rozporz\u0105dzenie<\/span><\/strong><span style=\"font-family: 'Calibri',sans-serif;\"> Ministra Cyfryzacji z&nbsp;dnia 30 marca 2016 r. w&nbsp;sprawie katalogu danych gromadzonych w&nbsp;centralnej ewidencji pojazd&oacute;w (Dz. U. z&nbsp;2016 r., poz. 430) &#8211; <strong>wejdzie w&nbsp;\u017cycie z&nbsp;dniem 1 stycznia 2017 r.<\/strong><\/span><\/span><\/p>\n<p>&nbsp;<\/p>\n<p class=\"Dziedzinaprawa\" style=\"text-align: justify;\"><span style=\"font-size: 12pt;\"><strong><span style=\"font-family: 'Calibri',sans-serif;\">FINANSE PUBLICZNE<\/span><\/strong><\/span><\/p>\n<p class=\"Tekstpraswki\" style=\"text-align: justify;\"><span style=\"font-size: 12pt;\"><strong><span style=\"font-family: 'Calibri',sans-serif;\">Rozporz\u0105dzenie<\/span><\/strong><span style=\"font-family: 'Calibri',sans-serif;\"> Ministra Finans&oacute;w <\/span><span style=\"font-family: 'Calibri',sans-serif;\">z dnia 31 marca 2016 r.<\/span><span style=\"font-family: 'Calibri',sans-serif;\">zmieniaj\u0105ce rozporz\u0105dzenie w&nbsp;sprawie sprawozdawczo\u015bci bud\u017cetowej<\/span><span style=\"font-family: 'Calibri',sans-serif;\"> (Dz. U. z&nbsp;2016 r., poz. 441) &#8211; <strong>wesz\u0142o w&nbsp;\u017cycie z&nbsp;dniem 1 kwietnia 2016 r., z&nbsp;wyj\u0105tkiem &sect; 1 pkt 9:<\/strong><\/span><\/span><\/p>\n<p class=\"Tekstpraswki\" style=\"text-align: justify;\"><span style=\"font-size: 12pt;\"><strong><span style=\"font-family: 'Calibri',sans-serif;\">1) lit. d tiret drugie podw&oacute;jne tiret drugie w&nbsp;zakresie &sect; 19 ust. 5 pkt 19,<\/span><\/strong><\/span><\/p>\n<p class=\"Tekstpraswki\" style=\"text-align: justify;\"><span style=\"font-size: 12pt;\"><strong><span style=\"font-family: 'Calibri',sans-serif;\">2) lit. e tiret pierwsze podw&oacute;jne tiret drugie w&nbsp;zakresie &sect; 20 pkt 7 lit. t<\/span><\/strong><\/span><\/p>\n<p class=\"Tekstpraswki\" style=\"text-align: justify;\"><span style=\"font-size: 12pt;\"><strong><span style=\"font-family: 'Calibri',sans-serif;\">&#8211; kt&oacute;re wchodz\u0105 w&nbsp;\u017cycie z&nbsp;dniem 1 stycznia 2017 r.<\/span><\/strong><\/span><\/p>\n<p class=\"Omwienie\" style=\"text-align: justify;\"><span style=\"font-size: 12pt;\"><span style=\"font-family: 'Calibri',sans-serif;\">W rozporz\u0105dzeniu Ministra Finans&oacute;w z&nbsp;dnia 16 stycznia 2014 r. w&nbsp;sprawie sprawozdawczo\u015bci bud\u017cetowej (Dz. U. poz. 119 oraz z&nbsp;2015 r. poz. 459 i&nbsp;1511)<\/span><span style=\"font-family: 'Calibri',sans-serif;\"> zmianie uleg\u0142o brzmienie &sect; 4, &sect; 6 ust. 1 pkt 1, &sect; 9, &sect; 12 ust. 3, &sect; 14 ust. 1, &sect; 16, za\u0142\u0105cznik nr&nbsp;11&nbsp;do rozporz\u0105dzenia odno\u015bnik nr 2, za\u0142\u0105cznik nr 37 do rozporz\u0105dzenia, za\u0142\u0105czniku nr&nbsp;39 do rozporz\u0105dzenia, za\u0142\u0105cznik nr 40 do rozporz\u0105dzenia, za\u0142\u0105cznik nr 44 do rozporz\u0105dzenia, u\u017cyte w&nbsp;za\u0142\u0105czniku nr 37 do rozporz\u0105dzenia w&nbsp;&sect; 15 w&nbsp;ust. 9 i&nbsp;w &sect; 17 w&nbsp;ust. 7 oraz w&nbsp;za\u0142\u0105czniku nr 42 do rozporz\u0105dzenia w&nbsp;cz\u0119\u015bci &#8220;B. Sprawozdania kwartalne&#8221; w&nbsp;pkt 2 i&nbsp;5, w&nbsp;r&oacute;\u017cnym przypadku, wyrazy &#8220;minister w\u0142a\u015bciwy do spraw gospodarki&#8221; zast\u0119puje si\u0119 u\u017cytymi w&nbsp;odpowiednim przypadku wyrazami &#8220;minister w\u0142a\u015bciwy do spraw energii&#8221;, w&nbsp;&sect; 2 w&nbsp;pkt 9 kropk\u0119 zast\u0119puje si\u0119 \u015brednikiem i&nbsp;dodaje si\u0119 pkt 10.<\/span><\/span><\/p>\n<p>&nbsp;<\/p>\n<p class=\"Dziedzinaprawa\" style=\"text-align: justify;\"><span style=\"font-size: 12pt;\"><strong><span style=\"font-family: 'Calibri',sans-serif;\">PRAWO GEOLOGICZNE I&nbsp;G&Oacute;RNICZE<\/span><\/strong><\/span><\/p>\n<p class=\"Tekstpraswki\" style=\"text-align: justify;\"><span style=\"font-size: 12pt;\"><strong><span style=\"font-family: 'Calibri',sans-serif;\">Rozporz\u0105dzenie<\/span><\/strong><span style=\"font-family: 'Calibri',sans-serif;\"> Ministra \u015arodowiska <\/span><span style=\"font-family: 'Calibri',sans-serif;\">z dnia 30 marca 2016 r.<\/span><span style=\"font-family: 'Calibri',sans-serif;\">w sprawie kwalifikacji w<\/span><span style=\"font-family: 'Calibri',sans-serif;\">zakresie geologii<\/span><span style=\"font-family: 'Calibri',sans-serif;\"> (Dz. U. z&nbsp;2016 r., poz. 425) &#8211; <strong>wesz\u0142o w&nbsp;\u017cycie z&nbsp;dniem 31&nbsp;marca&nbsp;2016 r.<\/strong><\/span><\/span><\/p>\n<p>&nbsp;<\/p>\n<p class=\"Dziedzinaprawa\" style=\"text-align: justify;\"><span style=\"font-size: 12pt;\"><strong><span style=\"font-family: 'Calibri',sans-serif;\">STRA\u017b GRANICZNA<\/span><\/strong><\/span><\/p>\n<p class=\"Tekstpraswki\" style=\"text-align: justify;\"><span style=\"font-size: 12pt;\"><strong><span style=\"font-family: 'Calibri',sans-serif;\">Rozporz\u0105dzenie<\/span><\/strong><span style=\"font-family: 'Calibri',sans-serif;\"> Ministra Spraw Wewn\u0119trznych i&nbsp;Administracji <\/span><span style=\"font-family: 'Calibri',sans-serif;\">z dnia 25 marca 2016 r.<\/span><span style=\"font-family: 'Calibri',sans-serif;\">w sprawie umundurowania funkcjonariuszy Stra\u017cy Granicznej<\/span><span style=\"font-family: 'Calibri',sans-serif;\"> (Dz. U. z&nbsp;2016 r., poz. 424) &#8211; <strong>wesz\u0142o w&nbsp;\u017cycie z&nbsp;dniem 1 kwietnia 2016 r.<\/strong><\/span><\/span><\/p>\n<p class=\"Tekstpraswki\" style=\"text-align: justify;\"><span style=\"font-size: 12pt;\"><strong><span style=\"font-family: 'Calibri',sans-serif;\">Rozporz\u0105dzenie<\/span><\/strong><span style=\"font-family: 'Calibri',sans-serif;\"> Ministra Spraw Wewn\u0119trznych i&nbsp;Administracji z&nbsp;dnia 31 marca 2016 r. w&nbsp;sprawie wysoko\u015bci przyznawanego funkcjonariuszowi Stra\u017cy Granicznej r&oacute;wnowa\u017cnika pieni\u0119\u017cnego w&nbsp;zamian za przedmioty umundurowania niewydane w&nbsp;naturze oraz na czyszczenie umundurowania (Dz. U. z&nbsp;2016 r., poz. 423) &#8211; <strong>wesz\u0142o w&nbsp;\u017cycie z&nbsp;dniem 1&nbsp;kwietnia 2016 r.<\/strong><\/span><\/span><\/p>\n<p class=\"Tekstpraswki\" style=\"text-align: justify;\"><span style=\"font-size: 12pt;\"><strong><span style=\"font-family: 'Calibri',sans-serif;\">Rozporz\u0105dzenie<\/span><\/strong><span style=\"font-family: 'Calibri',sans-serif;\"> Ministra Spraw Wewn\u0119trznych i&nbsp;Administracji z&nbsp;dnia 1 kwietnia 2016 r. zmieniaj\u0105ce rozporz\u0105dzenie w&nbsp;sprawie wzor&oacute;w tablic umieszczanych w&nbsp;pasie drogi granicznej oraz sposobu ich utrzymywania przez w\u0142a\u015bciwych miejscowo komendant&oacute;w oddzia\u0142&oacute;w Stra\u017cy Granicznej (Dz. U. z&nbsp;2016 r., poz. 461) &#8211; <strong>wesz\u0142o w&nbsp;\u017cycie z&nbsp;dniem 7&nbsp;kwietnia 2016 r.<\/strong><\/span><\/span><\/p>\n<p class=\"Omwienie\" style=\"text-align: justify;\"><span style=\"font-size: 12pt;\"><span style=\"font-family: 'Calibri',sans-serif;\">W rozporz\u0105dzeniu Ministra Spraw Wewn\u0119trznych i&nbsp;Administracji z&nbsp;dnia 9 lutego 2016 r. w<\/span><span style=\"font-family: 'Calibri',sans-serif;\">sprawie wzor&oacute;w tablic umieszczanych w&nbsp;pasie drogi granicznej oraz sposobu ich utrzymywania przez w\u0142a\u015bciwych miejscowo komendant&oacute;w oddzia\u0142&oacute;w Stra\u017cy Granicznej (Dz. U. poz. 252) <\/span><span style=\"font-family: 'Calibri',sans-serif;\">zmianie uleg\u0142o brzmienie <\/span><span style=\"font-family: 'Calibri',sans-serif;\">za\u0142\u0105cznik<\/span><span style=\"font-family: 'Calibri',sans-serif;\">&oacute;w<\/span><span style=\"font-family: 'Calibri',sans-serif;\"> nr 1, 2 i&nbsp;3 do rozporz\u0105dzenia<\/span><span style=\"font-family: 'Calibri',sans-serif;\">.<\/span><\/span><\/p>\n<p>&nbsp;<\/p>\n<p class=\"Dziedzinaprawa\" style=\"text-align: justify;\"><span style=\"font-size: 12pt;\"><strong><span style=\"font-family: 'Calibri',sans-serif;\">PRAWO O&nbsp;PROKURATURZE<\/span><\/strong><\/span><\/p>\n<p class=\"Tekstpraswki\" style=\"text-align: justify;\"><span style=\"font-size: 12pt;\"><strong><span style=\"font-family: 'Calibri',sans-serif;\">Rozporz\u0105dzenie<\/span><\/strong><span style=\"font-family: 'Calibri',sans-serif;\"> Prezesa Rady Ministr&oacute;w <\/span><span style=\"font-family: 'Calibri',sans-serif;\">z dnia 4 kwietnia 2016 r.<\/span><span style=\"font-family: 'Calibri',sans-serif;\">w sprawie przeniesienia planowanych dochod&oacute;w i&nbsp;wydatk&oacute;w bud\u017cetowych, w&nbsp;tym wynagrodze\u0144, okre\u015blonych w&nbsp;ustawie bud\u017cetowej na rok 2016<\/span><span style=\"font-family: 'Calibri',sans-serif;\"> (Dz. U. z&nbsp;2016 r., poz. 448) &#8211; <strong>wesz\u0142o w&nbsp;\u017cycie z&nbsp;dniem 4 kwietnia 2016 r.<\/strong><\/span><\/span><\/p>\n<p>&nbsp;<\/p>\n<p class=\"Dziedzinaprawa\" style=\"text-align: justify;\"><span style=\"font-size: 12pt;\"><strong><span style=\"font-family: 'Calibri',sans-serif;\">SAMORZ\u0104DOWE KOLEGIA ODWO\u0141AWCZE<\/span><\/strong><\/span><\/p>\n<p class=\"Tekstpraswki\" style=\"text-align: justify;\"><span style=\"font-size: 12pt;\"><strong><span style=\"font-family: 'Calibri',sans-serif;\">Rozporz\u0105dzenie<\/span><\/strong><span style=\"font-family: 'Calibri',sans-serif;\"> Prezesa Rady Ministr&oacute;w <\/span><span style=\"font-family: 'Calibri',sans-serif;\">z dnia 29 marca 2016 r.<\/span><span style=\"font-family: 'Calibri',sans-serif;\">zmieniaj\u0105ce rozporz\u0105dzenie w&nbsp;sprawie wielokrotno\u015bci kwoty bazowej oraz szczeg&oacute;\u0142owych zasad wynagradzania prezesa, wiceprezesa, pozosta\u0142ych cz\u0142onk&oacute;w samorz\u0105dowego kolegium odwo\u0142awczego i&nbsp;pracownik&oacute;w biura tego kolegium<\/span><span style=\"font-family: 'Calibri',sans-serif;\"> (Dz. U. z&nbsp;2016 r., poz. 432) &#8211; <strong>wesz\u0142o w&nbsp;\u017cycie z&nbsp;dniem 1 kwietnia 2016 r.<\/strong><\/span><\/span><\/p>\n<p class=\"Omwienie\" style=\"text-align: justify;\"><span style=\"font-size: 12pt;\"><span style=\"font-family: 'Calibri',sans-serif;\">W rozporz\u0105dzeniu Prezesa Rady Ministr&oacute;w z&nbsp;dnia 1 lipca 2002 r. w&nbsp;sprawie wielokrotno\u015bci kwoty bazowej oraz szczeg&oacute;\u0142owych zasad wynagradzania prezesa, wiceprezesa, pozosta\u0142ych cz\u0142onk&oacute;w samorz\u0105dowego kolegium odwo\u0142awczego i&nbsp;pracownik&oacute;w biura tego kolegium (Dz. U. poz. 960 i&nbsp;1202, z&nbsp;2003 r. poz. 1072, z&nbsp;2004 r. poz. 1739 oraz z&nbsp;2005 r. poz. 956 i&nbsp;1708)<\/span><span style=\"font-family: 'Calibri',sans-serif;\"> zmianie uleg\u0142o brzmienie &sect; 1, za\u0142\u0105cznika nr 1 oraz 3 do rozporz\u0105dzenia.<\/span><\/span><\/p>\n<p>&nbsp;<\/p>\n<p class=\"Dziedzinaprawa\" style=\"text-align: justify;\"><span style=\"font-size: 12pt;\"><strong><span style=\"font-family: 'Calibri',sans-serif;\">CENTRALNE BIURO ANTYKORUPCYJNE<\/span><\/strong><\/span><\/p>\n<p class=\"Tekstpraswki\" style=\"text-align: justify;\"><span style=\"font-size: 12pt;\"><strong><span style=\"font-family: 'Calibri',sans-serif;\">Rozporz\u0105dzenie<\/span><\/strong><span style=\"font-family: 'Calibri',sans-serif;\"> Prezesa Rady Ministr&oacute;w <\/span><span style=\"font-family: 'Calibri',sans-serif;\">z dnia 29 marca 2016 r.<\/span><span style=\"font-family: 'Calibri',sans-serif;\">zmieniaj\u0105ce rozporz\u0105dzenie w&nbsp;sprawie stawek uposa\u017cenia zasadniczego na poszczeg&oacute;lnych stanowiskach s\u0142u\u017cbowych funkcjonariuszy Centralnego Biura Antykorupcyjnego oraz wzrostu uposa\u017cenia zasadniczego z&nbsp;tytu\u0142u wys\u0142ugi lat<\/span><span style=\"font-family: 'Calibri',sans-serif;\"> (Dz. U. z&nbsp;2016 r., poz. 447) &#8211; <strong>wejdzie w&nbsp;\u017cycie z&nbsp;dniem 19 kwietnia 2016 r.<\/strong><\/span><\/span><\/p>\n<p class=\"Omwienie\" style=\"text-align: justify;\"><span style=\"font-size: 12pt;\"><span style=\"font-family: 'Calibri',sans-serif;\">W rozporz\u0105dzeniu Prezesa Rady Ministr&oacute;w z&nbsp;dnia 6 pa\u017adziernika 2010 r. w&nbsp;sprawie stawek uposa\u017cenia zasadniczego na poszczeg&oacute;lnych stanowiskach s\u0142u\u017cbowych funkcjonariuszy Centralnego Biura Antykorupcyjnego oraz wzrostu uposa\u017cenia zasadniczego z&nbsp;tytu\u0142u wys\u0142ugi lat (Dz. U. z&nbsp;2014 r. poz. 1479 oraz z&nbsp;2015 r. poz. 1423) <\/span><span style=\"font-family: 'Calibri',sans-serif;\">zmianie ulegnie brzmienie <\/span><span style=\"font-family: 'Calibri',sans-serif;\">za\u0142\u0105cznik<\/span><span style=\"font-family: 'Calibri',sans-serif;\">a<\/span><span style=\"font-family: 'Calibri',sans-serif;\"> do rozporz\u0105dzenia<\/span><span style=\"font-family: 'Calibri',sans-serif;\">.<\/span><\/span><\/p>\n<p>&nbsp;<\/p>\n<p class=\"Dziedzinaprawa\" style=\"text-align: justify;\"><span style=\"font-size: 12pt;\"><strong><span style=\"font-family: 'Calibri',sans-serif;\">WYPOCZYNEK DZIECI I&nbsp;M\u0141ODZIE\u017bY<\/span><\/strong><\/span><\/p>\n<p class=\"Tekstpraswki\" style=\"text-align: justify;\"><span style=\"font-size: 12pt;\"><strong><span style=\"font-family: 'Calibri',sans-serif;\">Rozporz\u0105dzenie<\/span><\/strong><span style=\"font-family: 'Calibri',sans-serif;\"> Ministra Edukacji Narodowej <\/span><span style=\"font-family: 'Calibri',sans-serif;\">z dnia 30 marca 2016 r.<\/span><span style=\"font-family: 'Calibri',sans-serif;\">w sprawie wypoczynku dzieci i&nbsp;m\u0142odzie\u017cy<\/span><span style=\"font-family: 'Calibri',sans-serif;\"> (Dz. U. z&nbsp;2016 r., poz. 452) &#8211; <strong>wesz\u0142o w&nbsp;\u017cycie z&nbsp;dniem 6&nbsp;kwietnia 2016 r.<\/strong><\/span><\/span><\/p>\n<p>&nbsp;<\/p>\n<p class=\"Dziedzinaprawa\" style=\"text-align: justify;\"><span style=\"font-size: 12pt;\"><strong><span style=\"font-family: 'Calibri',sans-serif;\">ZARZ\u0104DZENIA PREZESA NARODOWEGO FUNDUSZU ZDROWIA<\/span><\/strong><\/span><\/p>\n<p class=\"Tekstpraswki\" style=\"text-align: justify;\"><span style=\"font-size: 12pt;\"><strong><span style=\"font-family: 'Calibri',sans-serif;\">Zarz\u0105dzenie<\/span><\/strong><span style=\"font-family: 'Calibri',sans-serif;\">nr<\/span><span style=\"font-family: 'Calibri',sans-serif;\"> 16\/2016\/GPF<\/span><span style=\"font-family: 'Calibri',sans-serif;\"> Prezesa Narodowego Funduszu Zdrowia <\/span><span style=\"font-family: 'Calibri',sans-serif;\">z dnia 5<\/span><span style=\"font-family: 'Calibri',sans-serif;\">kwietnia<\/span><span style=\"font-family: 'Calibri',sans-serif;\">2016 r.<\/span><span style=\"font-family: 'Calibri',sans-serif;\">zmieniaj\u0105ce zarz\u0105dzenie w&nbsp;sprawie regulaminu organizacyjnego Centrali Narodowego Funduszu Zdrowia<\/span><strong><span style=\"font-family: 'Calibri',sans-serif;\">&ndash; wesz\u0142o w&nbsp;\u017cycie z&nbsp;dniem podpisania.<\/span><\/strong><\/span><\/p>\n<p class=\"Omwienie\" style=\"text-align: justify;\"><span style=\"font-size: 12pt;\"><span style=\"font-family: 'Calibri',sans-serif;\">W zarz\u0105dzeniu nr 15\/2015\/GPF Prezesa Narodowego Funduszu Zdrowia z&nbsp;dnia 24 marca 2015 r. w&nbsp;sprawie regulaminu organizacyjnego Centrali Narodowego Funduszu Zdrowia, zmienionym zarz\u0105dzeniem nr 30\/2015\/GPF z&nbsp;dnia 12 czerwca 2015 r., zarz\u0105dzeniem nr<\/span><span style=\"font-family: 'Calibri',sans-serif;\">42\/2015\/GPF z&nbsp;dnia 31 lipca 2015 r. oraz zarz\u0105dzeniem nr 55\/2015\/GPF z&nbsp;dnia 4<\/span><span style=\"font-family: 'Calibri',sans-serif;\">wrze\u015bnia 2015 r. <\/span><span style=\"font-family: 'Calibri',sans-serif;\">zmianie uleg\u0142o brzmienie za\u0142\u0105cznika nr 1, za\u0142\u0105cznika nr 2.<\/span><\/span><\/p>\n<p class=\"Tekstpraswki\" style=\"text-align: justify;\"><span style=\"font-size: 12pt;\"><strong><span style=\"font-family: 'Calibri',sans-serif;\">Zarz\u0105dzenie<\/span><\/strong><span style=\"font-family: 'Calibri',sans-serif;\">n<\/span><span style=\"font-family: 'Calibri',sans-serif;\">r 17\/2016\/DGL<\/span><span style=\"font-family: 'Calibri',sans-serif;\"> Prezesa Narodowego Funduszu Zdrowia <\/span><span style=\"font-family: 'Calibri',sans-serif;\">z dnia 5 kwietnia 2016 r.<\/span><span style=\"font-family: 'Calibri',sans-serif;\">zmieniaj\u0105ce zarz\u0105dzenie w&nbsp;sprawie okre\u015blenia warunk&oacute;w zawierania i&nbsp;realizacji um&oacute;w w&nbsp;rodzaju leczenie szpitalne w&nbsp;zakresie chemioterapia<\/span><strong><span style=\"font-family: 'Calibri',sans-serif;\">&#8211; wesz\u0142o w&nbsp;\u017cycie z&nbsp;dniem podpisania, z&nbsp;moc\u0105 obowi\u0105zuj\u0105c\u0105 od dnia 1 marca 2016 r., z&nbsp;wyj\u0105tkiem &sect; 1 pkt 1, w&nbsp;zakresie uchylonych kod&oacute;w EAN:<\/span><\/strong><\/span><\/p>\n<p class=\"Tekstpraswki\" style=\"text-align: justify;\"><span style=\"font-size: 12pt;\"><strong><span style=\"font-family: 'Calibri',sans-serif;\">1) 5.08.10.0000007 Carboplatinum, EAN: 5909990787371, 5909990787388, 5909990787395, 5909990787401;<\/span><\/strong><\/span><\/p>\n<p class=\"Tekstpraswki\" style=\"text-align: justify;\"><span style=\"font-size: 12pt;\"><strong><span style=\"font-family: 'Calibri',sans-serif;\">2) 5.08.10.0000009 Cisplatinum, EAN: 5909990180813, 5909990180820, 5909990180837;<\/span><\/strong><\/span><\/p>\n<p class=\"Tekstpraswki\" style=\"text-align: justify;\"><span style=\"font-size: 12pt;\"><strong><span style=\"font-family: 'Calibri',sans-serif;\">3) 5.08.10.0000017 Docetaxelum, EAN: 5909991063306, 5909991063320, 5909991063337;<\/span><\/strong><\/span><\/p>\n<p class=\"Tekstpraswki\" style=\"text-align: justify;\"><span style=\"font-size: 12pt;\"><strong><span style=\"font-family: 'Calibri',sans-serif;\">4) 5.08.10.0000018 Doxorubicinum, EAN: 5909990235711;<\/span><\/strong><\/span><\/p>\n<p class=\"Tekstpraswki\" style=\"text-align: justify;\"><span style=\"font-size: 12pt;\"><strong><span style=\"font-family: 'Calibri',sans-serif;\">5) 5.08.10.0000021 Epirubicini hydrochloridum, EAN: 5909990645312;<\/span><\/strong><\/span><\/p>\n<p class=\"Tekstpraswki\" style=\"text-align: justify;\"><span style=\"font-size: 12pt;\"><strong><span style=\"font-family: 'Calibri',sans-serif;\">6) 5.08.10.0000026 Fludarabini phosphas, EAN: 5909990683567;<\/span><\/strong><\/span><\/p>\n<p class=\"Tekstpraswki\" style=\"text-align: justify;\"><span style=\"font-size: 12pt;\"><strong><span style=\"font-family: 'Calibri',sans-serif;\">7) 5.08.10.0000030 Gemcitabinum, EAN: 5909990770052, 5909990770076, 5909990832941, 5909990832958, 5909990832965;<\/span><\/strong><\/span><\/p>\n<p class=\"Tekstpraswki\" style=\"text-align: justify;\"><span style=\"font-size: 12pt;\"><strong><span style=\"font-family: 'Calibri',sans-serif;\">8) 5.08.10.0000058 Topotecanum, EAN: 5909990717125, 5909990717149, 5909990845187, 5909990845194;<\/span><\/strong><\/span><\/p>\n<p class=\"Tekstpraswki\" style=\"text-align: justify;\"><span style=\"font-size: 12pt;\"><strong><span style=\"font-family: 'Calibri',sans-serif;\">9) 5.08.10.0000076 Acidum zoledronicum, EAN: 5909991023652;<\/span><\/strong><\/span><\/p>\n<p class=\"Tekstpraswki\" style=\"text-align: justify;\"><span style=\"font-size: 12pt;\"><strong><span style=\"font-family: 'Calibri',sans-serif;\">10) 5.08.10.0000078 Imatinibum, EAN: 5909991041151, 5909991041236, 5909991060725, 5909991060749<\/span><\/strong><\/span><\/p>\n<p class=\"Tekstpraswki\" style=\"text-align: justify;\"><span style=\"font-size: 12pt;\"><strong><span style=\"font-family: 'Calibri',sans-serif;\">&ndash; kt&oacute;ry wszed\u0142 w&nbsp;\u017cycie z&nbsp;moc\u0105 obowi\u0105zuj\u0105c\u0105 od dnia 1 stycznia 2016 r.<\/span><\/strong><\/span><\/p>\n<p class=\"Omwienie\" style=\"text-align: justify;\"><span style=\"font-size: 12pt;\"><span style=\"font-family: 'Calibri',sans-serif;\">W zarz\u0105dzeniu Nr 80\/2014\/DGL Prezesa Narodowego Funduszu Zdrowia z&nbsp;dnia 5 grudnia 2014 r. w&nbsp;sprawie okre\u015blenia warunk&oacute;w zawierania i&nbsp;realizacji um&oacute;w w&nbsp;rodzaju leczenie szpitalne w&nbsp;zakresie chemioterapia, zmienionym zarz\u0105dzeniem Nr 7\/2015\/DGL Prezesa Narodowego Funduszu Zdrowia z&nbsp;dnia 27 stycznia 2015 r., zarz\u0105dzeniem Nr<\/span><span style=\"font-family: 'Calibri',sans-serif;\">19\/2015\/DGL Prezesa Narodowego Funduszu Zdrowia z&nbsp;dnia 24 kwietnia 2015 r., zarz\u0105dzeniem Nr 25\/2015\/DGL Prezesa Narodowego Funduszu Zdrowia z&nbsp;dnia 25 maja 2015 r., zarz\u0105dzeniem Nr 37\/2015\/DGL Prezesa Narodowego Funduszu Zdrowia z&nbsp;dnia 13<\/span><span style=\"font-family: 'Calibri',sans-serif;\">lipca 2015 r., zarz\u0105dzeniem Nr 58\/2015\/DGL Prezesa Narodowego Funduszu Zdrowia z&nbsp;dnia 11 wrze\u015bnia 2015 r., zarz\u0105dzeniem Nr 61\/2015\/DSOZ Prezesa Narodowego Funduszu Zdrowia z&nbsp;dnia 16 wrze\u015bnia 2015 r., zarz\u0105dzeniem Nr 62\/2015\/DSOZ Prezesa Narodowego Funduszu Zdrowia z&nbsp;dnia 29 wrze\u015bnia 2015 r., zarz\u0105dzeniem Nr<\/span><span style=\"font-family: 'Calibri',sans-serif;\">70\/2015\/DSOZ Prezesa Narodowego Funduszu Zdrowia z&nbsp;dnia 16<\/span><span style=\"font-family: 'Calibri',sans-serif;\">pa\u017adziernika<\/span><span style=\"font-family: 'Calibri',sans-serif;\">2015<\/span><span style=\"font-family: 'Calibri',sans-serif;\">r., zarz\u0105dzeniem Nr 87\/2015\/DGL Prezesa Narodowego Funduszu Zdrowia z&nbsp;dnia 8 grudnia 2015 r., zarz\u0105dzeniem Nr 91\/2015\/DGL Prezesa Narodowego Funduszu Zdrowia z&nbsp;dnia 14 grudnia 2015 r. oraz zarz\u0105dzeniem Nr 12\/2016\/DGL Prezesa Narodowego Funduszu Zdrowia z&nbsp;dnia 25 lutego 2016 r.<\/span><span style=\"font-family: 'Calibri',sans-serif;\"> zmianie uleg\u0142o brzmienie za\u0142\u0105cznika nr 1n do zarz\u0105dzenia, &sect; 3 za\u0142\u0105cznika nr 2 do zarz\u0105dzenia.<\/span><\/span><\/p>\n<p>&nbsp;<\/p>\n<p class=\"NowePrawo\" style=\"text-align: justify;\"><span style=\"font-size: 12pt;\"><strong><span style=\"font-family: 'Calibri',sans-serif;\">_____Orzecznictwo<\/span><\/strong><\/span><\/p>\n<p class=\"SdNajwyszy\" style=\"text-align: justify;\"><span style=\"font-size: 12pt;\"><strong><span style=\"font-family: 'Calibri',sans-serif;\">S\u0105d Najwy\u017cszy<\/span><\/strong><\/span><\/p>\n<p class=\"Dziedzinaprawa\" style=\"text-align: justify;\"><span style=\"font-size: 12pt;\"><strong><span style=\"font-family: 'Calibri',sans-serif;\">PODOBIE\u0143STWO PRZEST\u0118PSTW<\/span><\/strong><\/span><\/p>\n<p class=\"Tekstpraswki\" style=\"text-align: justify;\"><span style=\"font-size: 12pt; font-family: 'Calibri',sans-serif;\">Kwestia podobie\u0144stwa przest\u0119pstw w&nbsp;rozumieniu art. 115 &sect; 3 k.k. nie mo\u017ce by\u0107 oceniana w&nbsp;perspektywie abstrakcyjnej &#8211; jako &#8220;podobie\u0144stwo&#8221; typ&oacute;w czyn&oacute;w zabronionych &#8211; ale wy\u0142\u0105cznie w&nbsp;perspektywie konkretnej. Przedmiotem oceny s\u0105 wi\u0119c konkretne czyny realizuj\u0105ce znamiona typ&oacute;w czyn&oacute;w zabronionych. Trzeba przy tym mie\u0107 na uwadze fakt, \u017ce dany typ czynu zabronionego mo\u017ce chroni\u0107 r&oacute;\u017cne dobra prawne i&nbsp;dopiero ocena konkretnego zachowania pozwala na ustalenie, kt&oacute;re z&nbsp;chronionych d&oacute;br zosta\u0142o przez ten czyn naruszone, b\u0105d\u017a zagro\u017cone. W&nbsp;przypadku pope\u0142nienia czynu zabronionego opisanego w&nbsp;art. 209 &sect; 1 k.k. przez jednego z&nbsp;rodzic&oacute;w, na kt&oacute;rym ci\u0105\u017cy obowi\u0105zek alimentacyjny na rzecz ma\u0142oletniego dziecka, dobrem prawnym w&nbsp;ten spos&oacute;b naruszonym jest zar&oacute;wno sam stosunek opieki, jak te\u017c prawid\u0142owe funkcjonowanie rodziny <strong>&ndash; Uchwa\u0142a S\u0105du Najwy\u017cszego z&nbsp;dnia 30 marca 2016 r., sygn. akt I&nbsp;KZP&nbsp;23\/15.<\/strong><\/span><\/p>\n<p>&nbsp;<\/p>\n<p class=\"Dziedzinaprawa\" style=\"text-align: justify;\"><span style=\"font-size: 12pt;\"><strong><span style=\"font-family: 'Calibri',sans-serif;\">ODWO\u0141ANIE NA PODSTAWIE USTAWY PRAWO \u0141OWIECKIE<\/span><\/strong><\/span><\/p>\n<p class=\"Tekstpraswki\" style=\"text-align: justify;\"><span style=\"font-size: 12pt; font-family: 'Calibri',sans-serif;\">Do post\u0119powania s\u0105dowego, wszcz\u0119tego przez wniesienie do s\u0105du okr\u0119gowego odwo\u0142ania okre\u015blonego w&nbsp;art. 33 ust. 6 ustawy z&nbsp;dnia 13 pa\u017adziernika 1995 r. &#8211; Prawo \u0142owieckie (t.j.: Dz. U. z&nbsp;2015 r., poz. 2168 z&nbsp;p&oacute;\u017an. zm.) w&nbsp;sprawach utraty, na podstawie uchwa\u0142y w\u0142a\u015bciwego organu ko\u0142a lub Zwi\u0105zku, cz\u0142onkostwa w&nbsp;kole \u0142owieckim, nabycia lub utraty cz\u0142onkostwa w&nbsp;Polskim Zwi\u0105zku \u0141owieckim, stosuje si\u0119 przepisy ustawy z&nbsp;dnia 17&nbsp;listopada 1964 r. &#8211; Kodeks post\u0119powania cywilnego (Dz. U. Nr 43, poz.&nbsp;296&nbsp;z&nbsp;p&oacute;\u017an.&nbsp;zm.), natomiast do post\u0119powania s\u0105dowego, wszcz\u0119tego przez wniesienie odwo\u0142ania od orzeczenia lub postanowienia ko\u0144cz\u0105cego post\u0119powanie dyscyplinarne, stosuje si\u0119 przepisy ustawy z&nbsp;dnia 6 czerwca 1997 r. &#8211; Kodeks post\u0119powania karnego (Dz. U. Nr 89, poz. 555, z&nbsp;p&oacute;\u017an. zm.) <strong>&ndash; Uchwa\u0142a S\u0105du Najwy\u017cszego z&nbsp;dnia 30 marca 2016 r., sygn. akt I&nbsp;KZP 22\/15.<\/strong><\/span><\/p>\n<p>&nbsp;<\/p>\n<p class=\"Dziedzinaprawa\" style=\"text-align: justify;\"><span style=\"font-size: 12pt;\"><strong><span style=\"font-family: 'Calibri',sans-serif;\">\u017b\u0104DANIE UDZIELENIA PRZEZ BANK INFORMACJI STANOWI\u0104CYCH TAJEMNIC\u0118 BANKOW\u0104<\/span><\/strong><\/span><\/p>\n<p class=\"Tekstpraswki\" style=\"text-align: justify;\"><span style=\"font-size: 12pt; font-family: 'Calibri',sans-serif;\">Na postanowienie prokuratora, zawieraj\u0105ce \u017c\u0105danie udzielenia przez bank &#8211; na podstawie art. 105 ust. 1 pkt 2 lit. b ustawy z&nbsp;dnia 29 sierpnia 1997 r. &#8211; Prawo bankowe (t.j.&nbsp;Dz.U.&nbsp;z 2015 r., poz. 128 z&nbsp;p&oacute;\u017an. zm.) &#8211; informacji stanowi\u0105cych tajemnic\u0119 bankow\u0105 w&nbsp;rozumieniu art. 104 ust. 1 tej ustawy, bankowi przys\u0142uguje za\u017calenie, o&nbsp;ile kwestionuje on na\u0142o\u017cenie obowi\u0105zk&oacute;w wykraczaj\u0105cych poza zakres, kt&oacute;ry prokurator na wskazanej wy\u017cej podstawie prawnej mia\u0142 prawo na bank na\u0142o\u017cy\u0107 (art. 302 &sect; 1 k.p.k). W\u0142a\u015bciwy do rozpoznania za\u017calenia jest prokurator bezpo\u015brednio prze\u0142o\u017cony (art. 302 &sect; 3 k.p.k.)<strong> &ndash; Uchwa\u0142a S\u0105du Najwy\u017cszego z&nbsp;dnia 30 marca 2016 r., sygn. akt I&nbsp;KZP 21\/15.<\/strong><\/span><\/p>\n<p>&nbsp;<\/p>\n<p class=\"Dziedzinaprawa\" style=\"text-align: justify;\"><span style=\"font-size: 12pt;\"><strong><span style=\"font-family: 'Calibri',sans-serif;\">O\u015aWIADCZENIE O&nbsp;REZYGNACJI Z&nbsp;FUNKCJI CZ\u0141ONKA ZARZ\u0104DU SP&Oacute;\u0141KI KAPITA\u0141OWEJ<\/span><\/strong><\/span><\/p>\n<p class=\"Tekstpraswki\" style=\"text-align: justify;\"><span style=\"font-size: 12pt; font-family: 'Calibri',sans-serif;\">O\u015bwiadczenie cz\u0142onka zarz\u0105du sp&oacute;\u0142ki kapita\u0142owej o&nbsp;rezygnacji z&nbsp;tej funkcji jest sk\u0142adane &#8211; z&nbsp;wyj\u0105tkiem przewidzianym w&nbsp;art. 210 &sect; 2 i&nbsp;art. 379 &sect; 2 k.s.h. &#8211; sp&oacute;\u0142ce reprezentowanej w&nbsp;tym zakresie zgodnie z&nbsp;art. 205 &sect; 2 lub 373 &sect; 2 k.s.h. <strong>&ndash; Uchwa\u0142a S\u0105du Najwy\u017cszego z&nbsp;dnia 31 marca 2016 r., sygn. akt III CZP 89\/15.<\/strong><\/span><\/p>\n<p>&nbsp;<\/p>\n<p class=\"Dziedzinaprawa\" style=\"text-align: justify;\"><span style=\"font-size: 12pt;\"><strong><span style=\"font-family: 'Calibri',sans-serif;\">ODWO\u0141ANIE DAROWIZNY W&nbsp;STOSUNKU DO JEDNEGO Z&nbsp;MA\u0141\u017bONK&Oacute;W<\/span><\/strong><\/span><\/p>\n<p class=\"Tekstpraswki\" style=\"text-align: justify;\"><span style=\"font-size: 12pt; font-family: 'Calibri',sans-serif;\">S\u0105d Najwy\u017cszy nie odst\u0119puje od zasady prawnej wyra\u017conej w&nbsp;punkcie trzecim uchwa\u0142y pe\u0142nego sk\u0142adu Izby Cywilnej S\u0105du Najwy\u017cszego z&nbsp;dnia 28 wrze\u015bnia 1979 r., III&nbsp;CZP&nbsp;15\/79, o&nbsp;nast\u0119puj\u0105cej tre\u015bci: &#8220;W razie odwo\u0142ania darowizny w&nbsp;stosunku do jednego z&nbsp;ma\u0142\u017conk&oacute;w rzecz darowana staje si\u0119 przedmiotem wsp&oacute;\u0142w\u0142asno\u015bci obojga ma\u0142\u017conk&oacute;w w&nbsp;cz\u0119\u015bciach r&oacute;wnych, a&nbsp;darczy\u0144ca mo\u017ce \u017c\u0105da\u0107 przeniesienia na niego udzia\u0142u nale\u017c\u0105cego do ma\u0142\u017conka, w&nbsp;stosunku do kt&oacute;rego darowizn\u0119 odwo\u0142a\u0142, gdyby za\u015b nie by\u0142o to mo\u017cliwe &#8211; zwrotu warto\u015bci tego udzia\u0142u (art. 405 k.c.).&#8221; <strong>&ndash; Uchwa\u0142a S\u0105du Najwy\u017cszego z&nbsp;dnia 31 marca 2016 r., sygn.&nbsp;akt&nbsp;III CZP 72\/15.<\/strong><\/span><\/p>\n<p>&nbsp;<\/p>\n<p class=\"Dziedzinaprawa\" style=\"text-align: justify;\"><span style=\"font-size: 12pt;\"><strong><span style=\"font-family: 'Calibri',sans-serif;\">O\u015aWIADCZENIE WOLI JEDYNEGO LIKWIDATORA SP. Z&nbsp;O.O. O&nbsp;REZYGNACJI Z&nbsp;PE\u0141NIONEJ FUNKCJI<\/span><\/strong><\/span><\/p>\n<p class=\"Tekstpraswki\" style=\"text-align: justify;\"><span style=\"font-size: 12pt; font-family: 'Calibri',sans-serif;\">Nie jest skuteczne o\u015bwiadczenie woli jedynego likwidatora sp&oacute;\u0142ki z&nbsp;ograniczon\u0105 odpowiedzialno\u015bci\u0105 w&nbsp;likwidacji o&nbsp;rezygnacji z&nbsp;pe\u0142nionej funkcji z\u0142o\u017cone jedynemu wsp&oacute;lnikowi tej sp&oacute;\u0142ki <strong>&ndash; Uchwa\u0142a S\u0105du Najwy\u017cszego z&nbsp;dnia 7 kwietnia 2016 r., sygn. akt III CZP 84\/15.<\/strong><\/span><\/p>\n<p>&nbsp;<\/p>\n<p class=\"Dziedzinaprawa\" style=\"text-align: justify;\"><span style=\"font-size: 12pt;\"><strong><span style=\"font-family: 'Calibri',sans-serif;\">POW&Oacute;DZTWO O&nbsp;UZNANIE ZA BEZSKUTECZNE WYPOWIEDZIENIA UMOWY DZIER\u017bAWY DZIA\u0141KOWEJ<\/span><\/strong><\/span><\/p>\n<p class=\"Tekstpraswki\" style=\"text-align: justify;\"><span style=\"font-size: 12pt; font-family: 'Calibri',sans-serif;\">Wniesienie przez dzia\u0142kowca &#8211; na podstawie art. 37 ust. 1 ustawy z&nbsp;dnia 13&nbsp;grudnia&nbsp;2013&nbsp;r. o&nbsp;rodzinnych ogrodach dzia\u0142kowych (Dz.U. z&nbsp;2014 r. poz. 40 ze zm.) &#8211; pow&oacute;dztwa o&nbsp;uznanie za bezskuteczne wypowiedzenie umowy dzier\u017cawy dzia\u0142kowej nie ma wp\u0142ywu na wyga\u015bni\u0119cie prawa do dzia\u0142ki z&nbsp;up\u0142ywem terminu wypowiedzenia (art.&nbsp;35&nbsp;pkt 1 wskazanej ustawy) <strong>&ndash; Uchwa\u0142a S\u0105du Najwy\u017cszego z&nbsp;dnia 7&nbsp;kwietnia&nbsp;2016 r., sygn. akt III&nbsp;CZP 2\/16.<\/strong><\/span><\/p>\n<p>&nbsp;<\/p>\n<p class=\"Dziedzinaprawa\" style=\"text-align: justify;\"><span style=\"font-size: 12pt;\"><strong><span style=\"font-family: 'Calibri',sans-serif;\">ROSZCZENIE O&nbsp;ODSETKI ZA OKRES PO OG\u0141OSZENIU UPAD\u0141O\u015aCI<\/span><\/strong><\/span><\/p>\n<p style=\"text-align: justify;\"><span style=\"font-size: 12pt;\"><span style=\"font-family: 'Calibri',sans-serif;\">Roszczenie o&nbsp;odsetki za okres po og\u0142oszeniu upad\u0142o\u015bci mo\u017ce by\u0107 dochodzone przeciw upad\u0142emu w&nbsp;drodze pow&oacute;dztwa nawet przed zako\u0144czeniem post\u0119powania upad\u0142o\u015bciowego <strong>&ndash; Uchwa\u0142a S\u0105du Najwy\u017cszego z&nbsp;dnia 7 kwietnia 2016 r., sygn. akt III&nbsp;CZP&nbsp;113\/15.<\/strong><\/span> <br \/><\/span><\/p>\n<p>&nbsp;<\/p>\n","protected":false},"excerpt":{"rendered":"<p>We would like to present the next issue of legal bulletin of the Law Office of Adam Polowiec.What you will find here is some information about the new provisions of law and the projects of amendments to acts, but also case-laws including the case laws of Supreme Court, Constitutional Tribunal and European Court of Justice.<\/p>\n","protected":false},"author":3,"featured_media":0,"comment_status":"closed","ping_status":"open","sticky":false,"template":"","format":"standard","meta":{"footnotes":""},"categories":[2],"tags":[],"class_list":["post-633","post","type-post","status-publish","format-standard","hentry","category-wpisy"],"featured_image_src":{"landsacpe":false,"list":false,"medium":false,"full":false},"yoast_head":"<!-- This site is optimized with the Yoast SEO plugin v27.2 - https:\/\/yoast.com\/product\/yoast-seo-wordpress\/ -->\n<title>Legal Bulletin Of The Law Office Of Adam Polowiec (4 - 10 April 2016) - Polowiec i Wsp\u00f3lnicy - Kancelaria prawna<\/title>\n<meta name=\"robots\" content=\"index, follow, max-snippet:-1, max-image-preview:large, max-video-preview:-1\" \/>\n<link rel=\"canonical\" href=\"https:\/\/polowiec.pl\/en\/legal-bulletin-of-the-law-office-of-adam-polowiec-4-10-april-2016\/\" \/>\n<meta property=\"og:locale\" content=\"en_US\" \/>\n<meta property=\"og:type\" content=\"article\" \/>\n<meta property=\"og:title\" content=\"Legal Bulletin Of The Law Office Of Adam Polowiec (4 - 10 April 2016) - Polowiec i Wsp\u00f3lnicy - Kancelaria prawna\" \/>\n<meta property=\"og:description\" content=\"We would like to present the next issue of legal bulletin of the Law Office of Adam Polowiec.What you will find here is some information about the new provisions of law and the projects of amendments to acts, but also case-laws including the case laws of Supreme Court, Constitutional Tribunal and European Court of Justice.\" \/>\n<meta property=\"og:url\" content=\"https:\/\/polowiec.pl\/en\/legal-bulletin-of-the-law-office-of-adam-polowiec-4-10-april-2016\/\" \/>\n<meta property=\"og:site_name\" content=\"Polowiec i Wsp\u00f3lnicy - Kancelaria prawna\" \/>\n<meta property=\"article:publisher\" content=\"https:\/\/www.facebook.com\/polowieciwspolnicy\/\" \/>\n<meta property=\"article:published_time\" content=\"2016-05-26T16:50:09+00:00\" \/>\n<meta property=\"article:modified_time\" content=\"2019-04-18T17:33:21+00:00\" \/>\n<meta name=\"author\" content=\"Marcin Rusinek\" \/>\n<meta name=\"twitter:card\" content=\"summary_large_image\" \/>\n<meta name=\"twitter:label1\" content=\"Written by\" \/>\n\t<meta name=\"twitter:data1\" content=\"Marcin Rusinek\" \/>\n\t<meta name=\"twitter:label2\" content=\"Est. reading time\" \/>\n\t<meta name=\"twitter:data2\" content=\"27 minutes\" \/>\n<script type=\"application\/ld+json\" class=\"yoast-schema-graph\">{\"@context\":\"https:\/\/schema.org\",\"@graph\":[{\"@type\":\"Article\",\"@id\":\"https:\/\/polowiec.pl\/en\/legal-bulletin-of-the-law-office-of-adam-polowiec-4-10-april-2016\/#article\",\"isPartOf\":{\"@id\":\"https:\/\/polowiec.pl\/en\/legal-bulletin-of-the-law-office-of-adam-polowiec-4-10-april-2016\/\"},\"author\":{\"name\":\"Marcin Rusinek\",\"@id\":\"https:\/\/polowiec.pl\/en\/#\/schema\/person\/74c7526b6f52be5ae94031504f9ffec4\"},\"headline\":\"Legal Bulletin Of The Law Office Of Adam Polowiec (4 &#8211; 10 April 2016)\",\"datePublished\":\"2016-05-26T16:50:09+00:00\",\"dateModified\":\"2019-04-18T17:33:21+00:00\",\"mainEntityOfPage\":{\"@id\":\"https:\/\/polowiec.pl\/en\/legal-bulletin-of-the-law-office-of-adam-polowiec-4-10-april-2016\/\"},\"wordCount\":5396,\"publisher\":{\"@id\":\"https:\/\/polowiec.pl\/en\/#organization\"},\"articleSection\":[\"Wpisy\"],\"inLanguage\":\"en-US\"},{\"@type\":\"WebPage\",\"@id\":\"https:\/\/polowiec.pl\/en\/legal-bulletin-of-the-law-office-of-adam-polowiec-4-10-april-2016\/\",\"url\":\"https:\/\/polowiec.pl\/en\/legal-bulletin-of-the-law-office-of-adam-polowiec-4-10-april-2016\/\",\"name\":\"Legal Bulletin Of The Law Office Of Adam Polowiec (4 - 10 April 2016) - Polowiec i Wsp\u00f3lnicy - Kancelaria prawna\",\"isPartOf\":{\"@id\":\"https:\/\/polowiec.pl\/en\/#website\"},\"datePublished\":\"2016-05-26T16:50:09+00:00\",\"dateModified\":\"2019-04-18T17:33:21+00:00\",\"breadcrumb\":{\"@id\":\"https:\/\/polowiec.pl\/en\/legal-bulletin-of-the-law-office-of-adam-polowiec-4-10-april-2016\/#breadcrumb\"},\"inLanguage\":\"en-US\",\"potentialAction\":[{\"@type\":\"ReadAction\",\"target\":[\"https:\/\/polowiec.pl\/en\/legal-bulletin-of-the-law-office-of-adam-polowiec-4-10-april-2016\/\"]}]},{\"@type\":\"BreadcrumbList\",\"@id\":\"https:\/\/polowiec.pl\/en\/legal-bulletin-of-the-law-office-of-adam-polowiec-4-10-april-2016\/#breadcrumb\",\"itemListElement\":[{\"@type\":\"ListItem\",\"position\":1,\"name\":\"Strona g\u0142\u00f3wna\",\"item\":\"https:\/\/polowiec.pl\/en\/\"},{\"@type\":\"ListItem\",\"position\":2,\"name\":\"Legal Bulletin Of The Law Office Of Adam Polowiec (4 &#8211; 10 April 2016)\"}]},{\"@type\":\"WebSite\",\"@id\":\"https:\/\/polowiec.pl\/en\/#website\",\"url\":\"https:\/\/polowiec.pl\/en\/\",\"name\":\"Polowiec i Wsp\u00f3lnicy - Kancelaria prawna\",\"description\":\"Obs\u0142uga prawna\",\"publisher\":{\"@id\":\"https:\/\/polowiec.pl\/en\/#organization\"},\"potentialAction\":[{\"@type\":\"SearchAction\",\"target\":{\"@type\":\"EntryPoint\",\"urlTemplate\":\"https:\/\/polowiec.pl\/en\/?s={search_term_string}\"},\"query-input\":{\"@type\":\"PropertyValueSpecification\",\"valueRequired\":true,\"valueName\":\"search_term_string\"}}],\"inLanguage\":\"en-US\"},{\"@type\":\"Organization\",\"@id\":\"https:\/\/polowiec.pl\/en\/#organization\",\"name\":\"Polowiec i Wsp\u00f3lnicy - Kancelaria prawna\",\"url\":\"https:\/\/polowiec.pl\/en\/\",\"logo\":{\"@type\":\"ImageObject\",\"inLanguage\":\"en-US\",\"@id\":\"https:\/\/polowiec.pl\/en\/#\/schema\/logo\/image\/\",\"url\":\"https:\/\/polowiec.pl\/wp-content\/uploads\/2018\/10\/polowiec_logo2-1.png\",\"contentUrl\":\"https:\/\/polowiec.pl\/wp-content\/uploads\/2018\/10\/polowiec_logo2-1.png\",\"width\":540,\"height\":381,\"caption\":\"Polowiec i Wsp\u00f3lnicy - Kancelaria prawna\"},\"image\":{\"@id\":\"https:\/\/polowiec.pl\/en\/#\/schema\/logo\/image\/\"},\"sameAs\":[\"https:\/\/www.facebook.com\/polowieciwspolnicy\/\",\"https:\/\/www.linkedin.com\/company\/polowiec-i-wsplnicy-sp.j.\/about\/\"]},{\"@type\":\"Person\",\"@id\":\"https:\/\/polowiec.pl\/en\/#\/schema\/person\/74c7526b6f52be5ae94031504f9ffec4\",\"name\":\"Marcin Rusinek\",\"image\":{\"@type\":\"ImageObject\",\"inLanguage\":\"en-US\",\"@id\":\"https:\/\/secure.gravatar.com\/avatar\/b50a0a5c3e71d904f5e57a757d39977d01c43e075c6bf5b4df909ffbbe004790?s=96&d=mm&r=g\",\"url\":\"https:\/\/secure.gravatar.com\/avatar\/b50a0a5c3e71d904f5e57a757d39977d01c43e075c6bf5b4df909ffbbe004790?s=96&d=mm&r=g\",\"contentUrl\":\"https:\/\/secure.gravatar.com\/avatar\/b50a0a5c3e71d904f5e57a757d39977d01c43e075c6bf5b4df909ffbbe004790?s=96&d=mm&r=g\",\"caption\":\"Marcin Rusinek\"}}]}<\/script>\n<!-- \/ Yoast SEO plugin. -->","yoast_head_json":{"title":"Legal Bulletin Of The Law Office Of Adam Polowiec (4 - 10 April 2016) - Polowiec i Wsp\u00f3lnicy - Kancelaria prawna","robots":{"index":"index","follow":"follow","max-snippet":"max-snippet:-1","max-image-preview":"max-image-preview:large","max-video-preview":"max-video-preview:-1"},"canonical":"https:\/\/polowiec.pl\/en\/legal-bulletin-of-the-law-office-of-adam-polowiec-4-10-april-2016\/","og_locale":"en_US","og_type":"article","og_title":"Legal Bulletin Of The Law Office Of Adam Polowiec (4 - 10 April 2016) - Polowiec i Wsp\u00f3lnicy - Kancelaria prawna","og_description":"We would like to present the next issue of legal bulletin of the Law Office of Adam Polowiec.What you will find here is some information about the new provisions of law and the projects of amendments to acts, but also case-laws including the case laws of Supreme Court, Constitutional Tribunal and European Court of Justice.","og_url":"https:\/\/polowiec.pl\/en\/legal-bulletin-of-the-law-office-of-adam-polowiec-4-10-april-2016\/","og_site_name":"Polowiec i Wsp\u00f3lnicy - Kancelaria prawna","article_publisher":"https:\/\/www.facebook.com\/polowieciwspolnicy\/","article_published_time":"2016-05-26T16:50:09+00:00","article_modified_time":"2019-04-18T17:33:21+00:00","author":"Marcin Rusinek","twitter_card":"summary_large_image","twitter_misc":{"Written by":"Marcin Rusinek","Est. reading time":"27 minutes"},"schema":{"@context":"https:\/\/schema.org","@graph":[{"@type":"Article","@id":"https:\/\/polowiec.pl\/en\/legal-bulletin-of-the-law-office-of-adam-polowiec-4-10-april-2016\/#article","isPartOf":{"@id":"https:\/\/polowiec.pl\/en\/legal-bulletin-of-the-law-office-of-adam-polowiec-4-10-april-2016\/"},"author":{"name":"Marcin Rusinek","@id":"https:\/\/polowiec.pl\/en\/#\/schema\/person\/74c7526b6f52be5ae94031504f9ffec4"},"headline":"Legal Bulletin Of The Law Office Of Adam Polowiec (4 &#8211; 10 April 2016)","datePublished":"2016-05-26T16:50:09+00:00","dateModified":"2019-04-18T17:33:21+00:00","mainEntityOfPage":{"@id":"https:\/\/polowiec.pl\/en\/legal-bulletin-of-the-law-office-of-adam-polowiec-4-10-april-2016\/"},"wordCount":5396,"publisher":{"@id":"https:\/\/polowiec.pl\/en\/#organization"},"articleSection":["Wpisy"],"inLanguage":"en-US"},{"@type":"WebPage","@id":"https:\/\/polowiec.pl\/en\/legal-bulletin-of-the-law-office-of-adam-polowiec-4-10-april-2016\/","url":"https:\/\/polowiec.pl\/en\/legal-bulletin-of-the-law-office-of-adam-polowiec-4-10-april-2016\/","name":"Legal Bulletin Of The Law Office Of Adam Polowiec (4 - 10 April 2016) - Polowiec i Wsp\u00f3lnicy - Kancelaria prawna","isPartOf":{"@id":"https:\/\/polowiec.pl\/en\/#website"},"datePublished":"2016-05-26T16:50:09+00:00","dateModified":"2019-04-18T17:33:21+00:00","breadcrumb":{"@id":"https:\/\/polowiec.pl\/en\/legal-bulletin-of-the-law-office-of-adam-polowiec-4-10-april-2016\/#breadcrumb"},"inLanguage":"en-US","potentialAction":[{"@type":"ReadAction","target":["https:\/\/polowiec.pl\/en\/legal-bulletin-of-the-law-office-of-adam-polowiec-4-10-april-2016\/"]}]},{"@type":"BreadcrumbList","@id":"https:\/\/polowiec.pl\/en\/legal-bulletin-of-the-law-office-of-adam-polowiec-4-10-april-2016\/#breadcrumb","itemListElement":[{"@type":"ListItem","position":1,"name":"Strona g\u0142\u00f3wna","item":"https:\/\/polowiec.pl\/en\/"},{"@type":"ListItem","position":2,"name":"Legal Bulletin Of The Law Office Of Adam Polowiec (4 &#8211; 10 April 2016)"}]},{"@type":"WebSite","@id":"https:\/\/polowiec.pl\/en\/#website","url":"https:\/\/polowiec.pl\/en\/","name":"Polowiec i Wsp\u00f3lnicy - Kancelaria prawna","description":"Obs\u0142uga prawna","publisher":{"@id":"https:\/\/polowiec.pl\/en\/#organization"},"potentialAction":[{"@type":"SearchAction","target":{"@type":"EntryPoint","urlTemplate":"https:\/\/polowiec.pl\/en\/?s={search_term_string}"},"query-input":{"@type":"PropertyValueSpecification","valueRequired":true,"valueName":"search_term_string"}}],"inLanguage":"en-US"},{"@type":"Organization","@id":"https:\/\/polowiec.pl\/en\/#organization","name":"Polowiec i Wsp\u00f3lnicy - Kancelaria prawna","url":"https:\/\/polowiec.pl\/en\/","logo":{"@type":"ImageObject","inLanguage":"en-US","@id":"https:\/\/polowiec.pl\/en\/#\/schema\/logo\/image\/","url":"https:\/\/polowiec.pl\/wp-content\/uploads\/2018\/10\/polowiec_logo2-1.png","contentUrl":"https:\/\/polowiec.pl\/wp-content\/uploads\/2018\/10\/polowiec_logo2-1.png","width":540,"height":381,"caption":"Polowiec i Wsp\u00f3lnicy - Kancelaria prawna"},"image":{"@id":"https:\/\/polowiec.pl\/en\/#\/schema\/logo\/image\/"},"sameAs":["https:\/\/www.facebook.com\/polowieciwspolnicy\/","https:\/\/www.linkedin.com\/company\/polowiec-i-wsplnicy-sp.j.\/about\/"]},{"@type":"Person","@id":"https:\/\/polowiec.pl\/en\/#\/schema\/person\/74c7526b6f52be5ae94031504f9ffec4","name":"Marcin Rusinek","image":{"@type":"ImageObject","inLanguage":"en-US","@id":"https:\/\/secure.gravatar.com\/avatar\/b50a0a5c3e71d904f5e57a757d39977d01c43e075c6bf5b4df909ffbbe004790?s=96&d=mm&r=g","url":"https:\/\/secure.gravatar.com\/avatar\/b50a0a5c3e71d904f5e57a757d39977d01c43e075c6bf5b4df909ffbbe004790?s=96&d=mm&r=g","contentUrl":"https:\/\/secure.gravatar.com\/avatar\/b50a0a5c3e71d904f5e57a757d39977d01c43e075c6bf5b4df909ffbbe004790?s=96&d=mm&r=g","caption":"Marcin Rusinek"}}]}},"_links":{"self":[{"href":"https:\/\/polowiec.pl\/en\/wp-json\/wp\/v2\/posts\/633","targetHints":{"allow":["GET"]}}],"collection":[{"href":"https:\/\/polowiec.pl\/en\/wp-json\/wp\/v2\/posts"}],"about":[{"href":"https:\/\/polowiec.pl\/en\/wp-json\/wp\/v2\/types\/post"}],"author":[{"embeddable":true,"href":"https:\/\/polowiec.pl\/en\/wp-json\/wp\/v2\/users\/3"}],"replies":[{"embeddable":true,"href":"https:\/\/polowiec.pl\/en\/wp-json\/wp\/v2\/comments?post=633"}],"version-history":[{"count":0,"href":"https:\/\/polowiec.pl\/en\/wp-json\/wp\/v2\/posts\/633\/revisions"}],"wp:attachment":[{"href":"https:\/\/polowiec.pl\/en\/wp-json\/wp\/v2\/media?parent=633"}],"wp:term":[{"taxonomy":"category","embeddable":true,"href":"https:\/\/polowiec.pl\/en\/wp-json\/wp\/v2\/categories?post=633"},{"taxonomy":"post_tag","embeddable":true,"href":"https:\/\/polowiec.pl\/en\/wp-json\/wp\/v2\/tags?post=633"}],"curies":[{"name":"wp","href":"https:\/\/api.w.org\/{rel}","templated":true}]}}