{"id":637,"date":"2016-05-26T19:10:47","date_gmt":"2016-05-26T17:10:47","guid":{"rendered":"https:\/\/nowa.polowiec.pl\/legal-bulletin-of-the-law-office-of-adam-polowiec-18-24-april-2016\/"},"modified":"2019-04-18T19:32:19","modified_gmt":"2019-04-18T17:32:19","slug":"legal-bulletin-of-the-law-office-of-adam-polowiec-18-24-april-2016","status":"publish","type":"post","link":"https:\/\/polowiec.pl\/en\/legal-bulletin-of-the-law-office-of-adam-polowiec-18-24-april-2016\/","title":{"rendered":"Legal Bulletin Of The Law Office Of Adam Polowiec (18 &#8211; 24 April 2016)"},"content":{"rendered":"<p>We would like to present the next issue of legal bulletin of the Law Office of Adam Polowiec.<br \/>What you will find here is some information about the new provisions of law and the projects of amendments to acts, but also case-laws including the case laws of Supreme Court, Constitutional Tribunal and European Court of Justice.<\/p>\n<p>  <!--more-->  <\/p>\n<p class=\"NowePrawo\" style=\"text-align: justify;\"><span style=\"font-size: 12pt;\"><strong><span style=\"font-family: 'Calibri',sans-serif;\">_____Nowe Prawo<\/span><\/strong><\/span><\/p>\n<p class=\"Dziedzinaprawa\" style=\"text-align: justify;\"><span style=\"font-size: 12pt;\"><strong><span style=\"font-family: 'Calibri',sans-serif;\">MONITOROWANIE ORAZ KONTROLOWANIE JAKO\u015aCI PALIW<\/span><\/strong><\/span><\/p>\n<p class=\"Tekstpraswki\" style=\"text-align: justify;\"><span style=\"font-size: 12pt;\"><strong><span style=\"font-family: 'Calibri',sans-serif;\">Rozporz\u0105dzenie<\/span><\/strong><span style=\"font-family: 'Calibri',sans-serif;\"> Ministra Energii <\/span><span style=\"font-family: 'Calibri',sans-serif;\">z dnia 14 kwietnia 2016 r.<\/span><span style=\"font-family: 'Calibri',sans-serif;\">w sprawie wymaga\u0144 jako\u015bciowych dla gazu skroplonego (LPG)<\/span><span style=\"font-family: 'Calibri',sans-serif;\"> (Dz. U. z&nbsp;2016 r., poz. 540) <\/span><strong><span style=\"font-family: 'Calibri',sans-serif;\">&ndash; we<\/span><\/strong><strong><span style=\"font-family: 'Calibri',sans-serif;\">jdzie<\/span><\/strong><strong><span style=\"font-family: 'Calibri',sans-serif;\"> w<\/span><\/strong><strong><span style=\"font-family: 'Calibri',sans-serif;\">\u017cycie z&nbsp;dniem<\/span><\/strong><strong><span style=\"font-family: 'Calibri',sans-serif;\"> 3 maja <\/span><\/strong><strong><span style=\"font-family: 'Calibri',sans-serif;\">2016 r.<\/span><\/strong><\/span><\/p>\n<p>&nbsp;<\/p>\n<p class=\"Dziedzinaprawa\" style=\"text-align: justify;\"><span style=\"font-size: 12pt;\"><strong><span style=\"font-family: 'Calibri',sans-serif;\">PRAWO BANKOWE<\/span><\/strong><\/span><\/p>\n<p class=\"Tekstpraswki\" style=\"text-align: justify;\"><span style=\"font-size: 12pt;\"><strong><span style=\"font-family: 'Calibri',sans-serif;\">Ustawa<\/span><\/strong><span style=\"font-family: 'Calibri',sans-serif;\"> z&nbsp;dnia 11 marca 2016 r. o&nbsp;ratyfikacji Umowy o&nbsp;utworzeniu Azjatyckiego Banku Inwestycji Infrastrukturalnych, sporz\u0105dzonej w&nbsp;Pekinie dnia 29 czerwca 2015 r. (Dz.&nbsp;U.&nbsp;z&nbsp;2016 r., poz. 559) <strong>&ndash; wejdzie&nbsp;w&nbsp;\u017cycie z&nbsp;dniem 6 maja 2016 r.<\/strong><\/span><\/span><\/p>\n<p>&nbsp;<\/p>\n<p class=\"Dziedzinaprawa\" style=\"text-align: justify;\"><span style=\"font-size: 12pt;\"><strong><span style=\"font-family: 'Calibri',sans-serif;\">POST\u0118POWANIE KARNE ORAZ W&nbsp;SPRAWACH O&nbsp;WYKROCZENIA<\/span><\/strong><\/span><\/p>\n<p class=\"Tekstpraswki\" style=\"text-align: justify;\"><span style=\"font-size: 12pt;\"><strong><span style=\"font-family: 'Calibri',sans-serif;\">Rozporz\u0105dzenie<\/span><\/strong><span style=\"font-family: 'Calibri',sans-serif;\">Ministra Sprawiedliwo\u015bci <\/span><span style=\"font-family: 'Calibri',sans-serif;\">z dnia 13 kwietnia 2016 r.<\/span><span style=\"font-family: 'Calibri',sans-serif;\">w sprawie okre\u015blenia wzoru pouczenia o&nbsp;uprawnieniach tymczasowo aresztowanego w&nbsp;post\u0119powaniu karnym<\/span><span style=\"font-family: 'Calibri',sans-serif;\"> (Dz. U. z&nbsp;2016 r., poz. 513) <strong>&ndash; wesz\u0142o&nbsp;w&nbsp;\u017cycie z&nbsp;dniem 15 kwietnia 2016 r.<\/strong><\/span><\/span><\/p>\n<p class=\"Tekstpraswki\" style=\"text-align: justify;\"><span style=\"font-size: 12pt;\"><strong><span style=\"font-family: 'Calibri',sans-serif;\">Rozporz\u0105dzenie <\/span><\/strong><span style=\"font-family: 'Calibri',sans-serif;\">Ministra Sprawiedliwo\u015bci <\/span><span style=\"font-family: 'Calibri',sans-serif;\">z dnia 13 kwietnia 2016 r.<\/span><span style=\"font-family: 'Calibri',sans-serif;\">w sprawie okre\u015blenia wzoru pouczenia o&nbsp;uprawnieniach i&nbsp;obowi\u0105zkach \u015bwiadka w&nbsp;post\u0119powaniu karnym<\/span><span style=\"font-family: 'Calibri',sans-serif;\"> (Dz. U. z&nbsp;2016 r., poz. 515) <strong>&ndash; wesz\u0142o&nbsp;w&nbsp;\u017cycie z&nbsp;dniem 15 kwietnia 2016 r.<\/strong><\/span><\/span><\/p>\n<p class=\"Tekstpraswki\" style=\"text-align: justify;\"><span style=\"font-size: 12pt;\"><strong><span style=\"font-family: 'Calibri',sans-serif;\">Rozporz\u0105dzenie <\/span><\/strong><span style=\"font-family: 'Calibri',sans-serif;\">Ministra Sprawiedliwo\u015bci z&nbsp;dnia 13 kwietnia 2016 r.<\/span><\/span><\/p>\n<p class=\"Tekstpraswki\" style=\"text-align: justify;\"><span style=\"font-size: 12pt; font-family: 'Calibri',sans-serif;\">w sprawie okre\u015blenia wzoru pouczenia o&nbsp;uprawnieniach i&nbsp;obowi\u0105zkach pokrzywdzonego w&nbsp;post\u0119powaniu karnym (Dz. U. z&nbsp;2016 r., poz. 514)<strong> &ndash; wesz\u0142o&nbsp;w&nbsp;\u017cycie z&nbsp;dniem 15&nbsp;kwietnia 2016 r.<\/strong><\/span><\/p>\n<p class=\"Tekstpraswki\" style=\"text-align: justify;\"><span style=\"font-size: 12pt;\"><strong><span style=\"font-family: 'Calibri',sans-serif;\">Rozporz\u0105dzenie <\/span><\/strong><span style=\"font-family: 'Calibri',sans-serif;\">Ministra Sprawiedliwo\u015bci z&nbsp;dnia 13 kwietnia 2016 r. w&nbsp;sprawie okre\u015blenia wzoru pouczenia o&nbsp;uprawnieniach i&nbsp;obowi\u0105zkach podejrzanego w&nbsp;post\u0119powaniu karnym (Dz. U. z&nbsp;2016 r., poz. 512) <strong>&ndash; wesz\u0142o&nbsp;w&nbsp;\u017cycie z&nbsp;dniem 15&nbsp;kwietnia 2016 r.<\/strong><\/span><\/span><\/p>\n<p class=\"Tekstpraswki\" style=\"text-align: justify;\"><span style=\"font-size: 12pt;\"><strong><span style=\"font-family: 'Calibri',sans-serif;\">Rozporz\u0105dzenie <\/span><\/strong><span style=\"font-family: 'Calibri',sans-serif;\">Ministra Sprawiedliwo\u015bci z&nbsp;dnia 13 kwietnia 2016 r. w&nbsp;sprawie okre\u015blenia wzoru pouczenia o&nbsp;uprawnieniach i&nbsp;obowi\u0105zkach obwinionego w&nbsp;post\u0119powaniu w&nbsp;sprawie o&nbsp;wykroczenie (Dz. U. z&nbsp;2016 r., poz. 511) <strong>&ndash; wesz\u0142o&nbsp;w&nbsp;\u017cycie z&nbsp;dniem 15&nbsp;kwietnia 2016 r.<\/strong><\/span><\/span><\/p>\n<p>&nbsp;<\/p>\n<p class=\"Dziedzinaprawa\" style=\"text-align: justify;\"><span style=\"font-size: 12pt;\"><strong><span style=\"font-family: 'Calibri',sans-serif;\">DOZ&Oacute;R TECHNICZNY<\/span><\/strong><\/span><\/p>\n<p class=\"Tekstpraswki\" style=\"text-align: justify;\"><span style=\"font-size: 12pt;\"><strong><span style=\"font-family: 'Calibri',sans-serif;\">Rozporz\u0105dzenie<\/span><\/strong><span style=\"font-family: 'Calibri',sans-serif;\"> Ministra Infrastruktury i&nbsp;Budownictwa <\/span><span style=\"font-family: 'Calibri',sans-serif;\">z dnia 7 kwietnia 2016 r.<\/span><span style=\"font-family: 'Calibri',sans-serif;\">zmieniaj\u0105ce rozporz\u0105dzenie w&nbsp;sprawie nadania statutu Transportowemu Dozorowi Technicznemu<\/span><span style=\"font-family: 'Calibri',sans-serif;\"> (Dz. U. z&nbsp;2016 r., poz. 535) <strong>&ndash; wejdzie&nbsp;w&nbsp;\u017cycie z&nbsp;dniem 3 maja 2016 r.<\/strong><\/span><\/span><\/p>\n<p class=\"Omwienie\" style=\"text-align: justify;\"><span style=\"font-size: 12pt;\"><span style=\"font-family: 'Calibri',sans-serif;\">W rozporz\u0105dzeniu Ministra Transportu i&nbsp;Gospodarki Morskiej z&nbsp;dnia 1 marca 2001 r. w<\/span><span style=\"font-family: 'Calibri',sans-serif;\">sprawie nadania statutu Transportowemu Dozorowi Technicznemu (Dz. U. z&nbsp;2015 r. poz. 3 i&nbsp;1404) <\/span><span style=\"font-family: 'Calibri',sans-serif;\">zmianie ulegnie brzmienie <\/span><span style=\"font-family: 'Calibri',sans-serif;\">za\u0142\u0105cznik<\/span><span style=\"font-family: 'Calibri',sans-serif;\">a <\/span><span style=\"font-family: 'Calibri',sans-serif;\">&sect; 5 pkt 1<\/span><span style=\"font-family: 'Calibri',sans-serif;\">.<\/span><\/span><\/p>\n<p>&nbsp;<\/p>\n<p class=\"Dziedzinaprawa\" style=\"text-align: justify;\"><span style=\"font-size: 12pt;\"><strong><span style=\"font-family: 'Calibri',sans-serif;\">PRAWO PODATKOWE ORAZ FINANSOWE<\/span><\/strong><\/span><\/p>\n<p class=\"Tekstpraswki\" style=\"text-align: justify;\"><span style=\"font-size: 12pt;\"><strong><span style=\"font-family: 'Calibri',sans-serif;\">Rozporz\u0105dzenie<\/span><\/strong><span style=\"font-family: 'Calibri',sans-serif;\"> Ministra Finans&oacute;w <\/span><span style=\"font-family: 'Calibri',sans-serif;\">z dnia 1 kwietnia 2016 r.<\/span><span style=\"font-family: 'Calibri',sans-serif;\">w sprawie minimalnej \u0142\u0105cznej warto\u015bci zakup&oacute;w, przy kt&oacute;rej podr&oacute;\u017cny mo\u017ce \u017c\u0105da\u0107 zwrotu podatku od towar&oacute;w i<\/span><span style=\"font-family: 'Calibri',sans-serif;\">us\u0142ug<\/span><span style=\"font-family: 'Calibri',sans-serif;\"> (Dz. U. z&nbsp;2016 r., poz. 500) <strong>&ndash; wejdzie&nbsp;w&nbsp;\u017cycie z&nbsp;dniem 1 czerwca 2016 r.<\/strong><\/span><\/span><\/p>\n<p class=\"Tekstpraswki\" style=\"text-align: justify;\"><span style=\"font-size: 12pt;\"><strong><span style=\"font-family: 'Calibri',sans-serif;\">Rozporz\u0105dzenie<\/span><\/strong><span style=\"font-family: 'Calibri',sans-serif;\"> Ministra Finans&oacute;w z&nbsp;dnia 12 kwietnia 2016 r. zmieniaj\u0105ce rozporz\u0105dzenie w&nbsp;sprawie szczeg&oacute;\u0142owej klasyfikacji dochod&oacute;w, wydatk&oacute;w, przychod&oacute;w i&nbsp;rozchod&oacute;w oraz \u015brodk&oacute;w pochodz\u0105cych ze \u017ar&oacute;de\u0142 zagranicznych (Dz. U. z&nbsp;2016 r., poz.&nbsp;524) &ndash;<strong> wesz\u0142o&nbsp;w&nbsp;\u017cycie z&nbsp;dniem 16 kwietnia 2016 r., z&nbsp;wyj\u0105tkiem &sect; 1, kt&oacute;ry wszed\u0142 w&nbsp;\u017cycie z&nbsp;dniem og\u0142oszenia, z&nbsp;moc\u0105 od dnia 17 lutego 2016 r.<\/strong><\/span><\/span><\/p>\n<p class=\"Omwienie\" style=\"text-align: justify;\"><span style=\"font-size: 12pt;\"><span style=\"font-family: 'Calibri',sans-serif;\">W rozporz\u0105dzeniu Ministra Finans&oacute;w z&nbsp;dnia 2 marca 2010 r. w&nbsp;sprawie szczeg&oacute;\u0142owej klasyfikacji dochod&oacute;w, wydatk&oacute;w, przychod&oacute;w i&nbsp;rozchod&oacute;w oraz \u015brodk&oacute;w pochodz\u0105cych ze \u017ar&oacute;de\u0142 zagranicznych (Dz. U. z&nbsp;2014 r. poz. 1053, z&nbsp;p&oacute;\u017an. zm.)<\/span><span style=\"font-family: 'Calibri',sans-serif;\"> zmianie uleg\u0142o brzmienie za\u0142\u0105cznika nr 3 do rozporz\u0105dzenia, za\u0142\u0105cznika nr 4 do rozporz\u0105dzenia, w&nbsp;za\u0142\u0105czniku nr 2 do rozporz\u0105dzenia, w&nbsp;dziale &#8220;852 &#8211; Pomoc spo\u0142eczna&#8221; po rozdziale &#8220;85206 Wspieranie rodziny&#8221; dodany zosta\u0142 rozdzia\u0142 85211 wraz z&nbsp;obja\u015bnieniami.<\/span><\/span><\/p>\n<p class=\"Tekstpraswki\" style=\"text-align: justify;\"><span style=\"font-size: 12pt;\"><strong><span style=\"font-family: 'Calibri',sans-serif;\">Rozporz\u0105dzenie<\/span><\/strong><span style=\"font-family: 'Calibri',sans-serif;\"> Ministra Finans&oacute;w <\/span><span style=\"font-family: 'Calibri',sans-serif;\">z dnia 13 kwietnia 2016 r.<\/span><span style=\"font-family: 'Calibri',sans-serif;\">w sprawie okre\u015blenia wzoru, formatu i&nbsp;trybu przekazywania informacji o&nbsp;ameryka\u0144skich rachunkach raportowanych<\/span><span style=\"font-family: 'Calibri',sans-serif;\"> (Dz. U. z&nbsp;2016 r., poz. 554) <strong>&ndash; wejdzie&nbsp;w&nbsp;\u017cycie z&nbsp;dniem 5&nbsp;maja&nbsp;2016&nbsp;r.<\/strong><\/span><\/span><\/p>\n<p class=\"Tekstpraswki\" style=\"text-align: justify;\"><span style=\"font-size: 12pt;\"><strong><span style=\"font-family: 'Calibri',sans-serif;\">Rozporz\u0105dzenie<\/span><\/strong><span style=\"font-family: 'Calibri',sans-serif;\"> Ministra Finans&oacute;w <\/span><span style=\"font-family: 'Calibri',sans-serif;\">z dnia <\/span><span style=\"font-family: 'Calibri',sans-serif;\">19 kwietnia<\/span><span style=\"font-family: 'Calibri',sans-serif;\"> 2016 r.<\/span><span style=\"font-family: 'Calibri',sans-serif;\"> zmieniaj\u0105ce rozporz\u0105dzenie <\/span><span style=\"font-family: 'Calibri',sans-serif;\">w sprawie termin&oacute;w uiszczania, wysoko\u015bci i&nbsp;sposobu obliczania nale\u017cno\u015bci na pokrycie koszt&oacute;w dzia\u0142alno\u015bci Rzecznika Finansowego i&nbsp;jego Biura<\/span><span style=\"font-family: 'Calibri',sans-serif;\"> (Dz. U. z&nbsp;2016 r., poz. 557)<strong> &ndash; wesz\u0142o w&nbsp;\u017cycie z&nbsp;dniem 22 kwietnia 2016 r.<\/strong><\/span><\/span><\/p>\n<p class=\"Omwienie\" style=\"text-align: justify;\"><span style=\"font-size: 12pt;\"><span style=\"font-family: 'Calibri',sans-serif;\">W rozporz\u0105dzeniu Ministra Finans&oacute;w z&nbsp;dnia 21 marca 2016 r. w&nbsp;sprawie termin&oacute;w uiszczania, wysoko\u015bci i&nbsp;sposobu obliczania nale\u017cno\u015bci na pokrycie koszt&oacute;w dzia\u0142alno\u015bci Rzecznika Finansowego i&nbsp;jego Biura (Dz. U. poz. 397)<\/span><span style=\"font-family: 'Calibri',sans-serif;\"> zmianie uleg\u0142o brzmienie &sect;&nbsp;2&nbsp;ust.&nbsp;2, &sect; 11, za\u0142\u0105cznika nr 1 do rozporz\u0105dzenia formularza G, w&nbsp;&sect; 15 w&nbsp;ust. 6 wyrazy &#8220;31 lipca&#8221; zast\u0119puje si\u0119 wyrazami &#8220;30 czerwca&#8221;, u\u017cyty w&nbsp;&sect; 16 w&nbsp;ust. 5 oraz w&nbsp;&sect;&nbsp;19&nbsp;w&nbsp;ust.&nbsp;1 w&nbsp;pkt 4 wyraz &#8220;dochod&oacute;w&#8221; zast\u0119puje si\u0119 wyrazem &#8220;przychod&oacute;w&#8221;.<\/span><\/span><\/p>\n<p>&nbsp;<\/p>\n<p class=\"Dziedzinaprawa\" style=\"text-align: justify;\"><span style=\"font-size: 12pt;\"><strong><span style=\"font-family: 'Calibri',sans-serif;\">PRAWO O&nbsp;PROKURATURZE<\/span><\/strong><\/span><\/p>\n<p class=\"Tekstpraswki\" style=\"text-align: justify;\"><span style=\"font-size: 12pt;\"><strong><span style=\"font-family: 'Calibri',sans-serif;\">Rozporz\u0105dzenie<\/span><\/strong><span style=\"font-family: 'Calibri',sans-serif;\"> Ministra Sprawiedliwo\u015bci <\/span><span style=\"font-family: 'Calibri',sans-serif;\">z dnia 7 kwietnia 2016 r.<\/span><span style=\"font-family: 'Calibri',sans-serif;\">Regulamin wewn\u0119trznego urz\u0119dowania powszechnych jednostek organizacyjnych prokuratury<\/span><span style=\"font-family: 'Calibri',sans-serif;\"> (Dz.&nbsp;U. z&nbsp;2016 r., poz. 508) <strong>&ndash; wesz\u0142o&nbsp;w&nbsp;\u017cycie z&nbsp;dniem 15 kwietnia 2016 r.<\/strong><\/span><\/span><\/p>\n<p>&nbsp;<\/p>\n<p class=\"Dziedzinaprawa\" style=\"text-align: justify;\"><span style=\"font-size: 12pt;\"><strong><span style=\"font-family: 'Calibri',sans-serif;\">KOMERCJALIZACJA I&nbsp;PRYWATYZACJA<\/span><\/strong><\/span><\/p>\n<p class=\"Tekstpraswki\" style=\"text-align: justify;\"><span style=\"font-size: 12pt;\"><strong><span style=\"font-family: 'Calibri',sans-serif;\">Rozporz\u0105dzenie<\/span><\/strong><span style=\"font-family: 'Calibri',sans-serif;\">Rady Ministr&oacute;w <\/span><span style=\"font-family: 'Calibri',sans-serif;\">z dnia 5 kwietnia 2016 r.<\/span><span style=\"font-family: 'Calibri',sans-serif;\">zmieniaj\u0105ce rozporz\u0105dzenie w&nbsp;sprawie trybu przeprowadzania konkursu w&nbsp;celu wy\u0142onienia osoby, kt&oacute;rej b\u0119dzie zlecone sprawowanie zarz\u0105du w&nbsp;sp&oacute;\u0142ce<\/span><span style=\"font-family: 'Calibri',sans-serif;\"> (Dz. U. z&nbsp;2016 r., poz. 527) <strong>&ndash; wejdzie&nbsp;w&nbsp;\u017cycie z&nbsp;dniem 30 kwietnia 2016 r.<\/strong><\/span><\/span><\/p>\n<p class=\"Omwienie\" style=\"text-align: justify;\"><span style=\"font-size: 12pt;\"><span style=\"font-family: 'Calibri',sans-serif;\">W rozporz\u0105dzeniu Rady Ministr&oacute;w z&nbsp;dnia 9 wrze\u015bnia 1997 r. w&nbsp;sprawie trybu przeprowadzania konkursu w&nbsp;celu wy\u0142onienia osoby, kt&oacute;rej b\u0119dzie zlecone sprawowanie zarz\u0105du w&nbsp;sp&oacute;\u0142ce (Dz. U. poz. 719)<\/span><span style=\"font-family: 'Calibri',sans-serif;\"> zmianie ulegnie brzmienie &sect; 1 ust. 2 pkt 2, &sect; 2.<\/span><\/span><\/p>\n<p class=\"Tekstpraswki\" style=\"text-align: justify;\"><span style=\"font-size: 12pt;\"><strong><span style=\"font-family: 'Calibri',sans-serif;\">Rozporz\u0105dzenie<\/span><\/strong><span style=\"font-family: 'Calibri',sans-serif;\">Rady Ministr&oacute;w <\/span><span style=\"font-family: 'Calibri',sans-serif;\">z dnia 5 kwietnia 2016 r.<\/span><span style=\"font-family: 'Calibri',sans-serif;\">zmieniaj\u0105ce rozporz\u0105dzenie w<\/span><span style=\"font-family: 'Calibri',sans-serif;\">sprawie szczeg&oacute;\u0142owego trybu zbywania akcji Skarbu Pa\u0144stwa<\/span><span style=\"font-family: 'Calibri',sans-serif;\"> (Dz. U. z&nbsp;2016 r., poz.&nbsp;529) <strong>&ndash; wejdzie&nbsp;w&nbsp;\u017cycie z&nbsp;dniem 30 kwietnia 2016 r. <\/strong><\/span><\/span><\/p>\n<p class=\"Omwienie\" style=\"text-align: justify;\"><span style=\"font-size: 12pt;\"><span style=\"font-family: 'Calibri',sans-serif;\">W rozporz\u0105dzeniu Rady Ministr&oacute;w z&nbsp;dnia 30 maja 2011 r. w&nbsp;sprawie szczeg&oacute;\u0142owego trybu zbywania akcji Skarbu Pa\u0144stwa (Dz. U. poz. 664)<\/span><span style=\"font-family: 'Calibri',sans-serif;\"> zmianie ulegnie brzmienie &sect;&nbsp;1&nbsp;ust.&nbsp;2&nbsp;pkt 5, &sect; 2.<\/span><\/span><\/p>\n<p class=\"Tekstpraswki\" style=\"text-align: justify;\"><span style=\"font-size: 12pt;\"><strong><span style=\"font-family: 'Calibri',sans-serif;\">Rozporz\u0105dzenie<\/span><\/strong><span style=\"font-family: 'Calibri',sans-serif;\">Rady Ministr&oacute;w <\/span><span style=\"font-family: 'Calibri',sans-serif;\">z dnia 5 kwietnia 2016 r.<\/span><span style=\"font-family: 'Calibri',sans-serif;\">zmieniaj\u0105ce rozporz\u0105dzenie w<\/span><span style=\"font-family: 'Calibri',sans-serif;\">sprawie przeprowadzania post\u0119powania kwalifikacyjnego na stanowisko cz\u0142onka zarz\u0105du w&nbsp;niekt&oacute;rych sp&oacute;\u0142kach handlowych<\/span><span style=\"font-family: 'Calibri',sans-serif;\"> (Dz. U. z&nbsp;2016 r., poz. 528) <strong>&ndash; wejdzie&nbsp;w&nbsp;\u017cycie z&nbsp;dniem 30 kwietnia 2016 r.<\/strong><\/span><\/span><\/p>\n<p class=\"Omwienie\" style=\"text-align: justify;\"><span style=\"font-size: 12pt;\"><span style=\"font-family: 'Calibri',sans-serif;\">W rozporz\u0105dzeniu Rady Ministr&oacute;w z&nbsp;dnia 18 marca 2003 r. w&nbsp;sprawie przeprowadzania post\u0119powania kwalifikacyjnego na stanowisko cz\u0142onka zarz\u0105du w&nbsp;niekt&oacute;rych sp&oacute;\u0142kach handlowych (Dz. U. poz. 476 oraz z&nbsp;2007 r. poz. 1427)<\/span><span style=\"font-family: 'Calibri',sans-serif;\"> zmianie ulegnie brzmienie &sect;&nbsp;4&nbsp;pkt&nbsp;7, &sect; 5.<\/span><\/span><\/p>\n<p class=\"Tekstpraswki\" style=\"text-align: justify;\"><span style=\"font-size: 12pt;\"><strong><span style=\"font-family: 'Calibri',sans-serif;\">Rozporz\u0105dzenie<\/span><\/strong><span style=\"font-family: 'Calibri',sans-serif;\">Rady Ministr&oacute;w <\/span><span style=\"font-family: 'Calibri',sans-serif;\">z dnia 5 kwietnia 2016 r.<\/span><span style=\"font-family: 'Calibri',sans-serif;\">zmieniaj\u0105ce rozporz\u0105dzenie w<\/span><span style=\"font-family: 'Calibri',sans-serif;\">sprawie okre\u015blenia sposobu i&nbsp;trybu organizowania przetargu na sprzeda\u017c sk\u0142adnik&oacute;w aktyw&oacute;w trwa\u0142ych przez sp&oacute;\u0142k\u0119 powsta\u0142\u0105 w&nbsp;wyniku komercjalizacji<\/span><span style=\"font-family: 'Calibri',sans-serif;\"> (Dz. U. z&nbsp;2016 r., poz.&nbsp;501) <strong>&ndash; wejdzie&nbsp;w&nbsp;\u017cycie z&nbsp;dniem 29 kwietnia 2016 r.<\/strong><\/span><\/span><\/p>\n<p class=\"Omwienie\" style=\"text-align: justify;\"><span style=\"font-size: 12pt;\"><span style=\"font-family: 'Calibri',sans-serif;\">W rozporz\u0105dzeniu Rady Ministr&oacute;w z&nbsp;dnia 13 lutego 2007 r. w&nbsp;sprawie okre\u015blenia sposobu i&nbsp;trybu organizowania przetargu na sprzeda\u017c sk\u0142adnik&oacute;w aktyw&oacute;w trwa\u0142ych przez sp&oacute;\u0142k\u0119 powsta\u0142\u0105 w&nbsp;wyniku komercjalizacji (Dz. U. poz. 177 i&nbsp;1572)<\/span><span style=\"font-family: 'Calibri',sans-serif;\"> zmianie ulegnie brzmienie &sect;&nbsp;3, w&nbsp;&sect; 27 uchyla si\u0119 pkt 4.<\/span><\/span><\/p>\n<p>&nbsp;<\/p>\n<p class=\"Dziedzinaprawa\" style=\"text-align: justify;\"><span style=\"font-size: 12pt;\"><strong><span style=\"font-family: 'Calibri',sans-serif;\">S\u0141U\u017bBY BEZPIECZE\u0143STWA<\/span><\/strong><\/span><\/p>\n<p class=\"Tekstpraswki\" style=\"text-align: justify;\"><span style=\"font-size: 12pt;\"><strong><span style=\"font-family: 'Calibri',sans-serif;\">Rozporz\u0105dzenie<\/span><\/strong><span style=\"font-family: 'Calibri',sans-serif;\">Prezesa Rady Ministr&oacute;w <\/span><span style=\"font-family: 'Calibri',sans-serif;\">z dnia 5 kwietnia 2016 r.<\/span><span style=\"font-family: 'Calibri',sans-serif;\">zmieniaj\u0105ce rozporz\u0105dzenie w&nbsp;sprawie dodatk&oacute;w do uposa\u017cenia funkcjonariuszy Agencji Bezpiecze\u0144stwa Wewn\u0119trznego<\/span><span style=\"font-family: 'Calibri',sans-serif;\"> (Dz. U. z&nbsp;2016 r., poz. 509) <strong>&ndash; wejdzie&nbsp;w&nbsp;\u017cycie z&nbsp;dniem 29 kwietnia 2016 r.<\/strong><\/span><\/span><\/p>\n<p class=\"Omwienie\" style=\"text-align: justify;\"><span style=\"font-size: 12pt;\"><span style=\"font-family: 'Calibri',sans-serif;\">W rozporz\u0105dzeniu Prezesa Rady Ministr&oacute;w z&nbsp;dnia 7 pa\u017adziernika 2002 r. w&nbsp;sprawie dodatk&oacute;w do uposa\u017cenia funkcjonariuszy Agencji Bezpiecze\u0144stwa Wewn\u0119trznego (Dz.<\/span><span style=\"font-family: 'Calibri',sans-serif;\">U.<\/span><span style=\"font-family: 'Calibri',sans-serif;\">z 2013 r. poz. 1081) <\/span><span style=\"font-family: 'Calibri',sans-serif;\">zmianie ulegnie brzmienie <\/span><span style=\"font-family: 'Calibri',sans-serif;\">za\u0142\u0105cznika<\/span><span style=\"font-family: 'Calibri',sans-serif;\">.<\/span><\/span><\/p>\n<p class=\"Tekstpraswki\" style=\"text-align: justify;\"><span style=\"font-size: 12pt;\"><strong><span style=\"font-family: 'Calibri',sans-serif;\">Rozporz\u0105dzenie<\/span><\/strong><span style=\"font-family: 'Calibri',sans-serif;\">Prezesa Rady Ministr&oacute;w <\/span><span style=\"font-family: 'Calibri',sans-serif;\">z dnia 8 kwietnia 2016 r.<\/span><span style=\"font-family: 'Calibri',sans-serif;\">zmieniaj\u0105ce rozporz\u0105dzenie w&nbsp;sprawie grup zaszeregowania stanowisk s\u0142u\u017cbowych funkcjonariuszy Agencji Wywiadu i&nbsp;stawek uposa\u017cenia zasadniczego w&nbsp;tych grupach oraz wzrostu uposa\u017cenia zasadniczego z&nbsp;tytu\u0142u wys\u0142ugi lat<\/span><span style=\"font-family: 'Calibri',sans-serif;\"> (Dz. U. z&nbsp;2016 r., poz. 518) <strong>&ndash; wejdzie&nbsp;w&nbsp;\u017cycie z&nbsp;dniem 29 kwietnia 2016 r.<\/strong><\/span><\/span><\/p>\n<p class=\"Omwienie\" style=\"text-align: justify;\"><span style=\"font-size: 12pt;\"><span style=\"font-family: 'Calibri',sans-serif;\">W rozporz\u0105dzeniu Prezesa Rady Ministr&oacute;w z&nbsp;dnia 31 marca 2004 r. w&nbsp;sprawie grup zaszeregowania stanowisk s\u0142u\u017cbowych funkcjonariuszy Agencji Wywiadu i&nbsp;stawek uposa\u017cenia zasadniczego w&nbsp;tych grupach oraz wzrostu uposa\u017cenia zasadniczego z&nbsp;tytu\u0142u wys\u0142ugi lat (Dz. U. poz. 526, z&nbsp;p&oacute;\u017an. zm.) <\/span><span style=\"font-family: 'Calibri',sans-serif;\">zmianie ulegnie brzmienie <\/span><span style=\"font-family: 'Calibri',sans-serif;\">za\u0142\u0105cznik<\/span><span style=\"font-family: 'Calibri',sans-serif;\">a.<\/span><\/span><\/p>\n<p class=\"Tekstpraswki\" style=\"text-align: justify;\"><span style=\"font-size: 12pt;\"><strong><span style=\"font-family: 'Calibri',sans-serif;\">Rozporz\u0105dzenie<\/span><\/strong><span style=\"font-family: 'Calibri',sans-serif;\">Rady Ministr&oacute;w <\/span><span style=\"font-family: 'Calibri',sans-serif;\">z dnia 8 kwietnia 2016 r.<\/span><span style=\"font-family: 'Calibri',sans-serif;\">w sprawie wielokrotno\u015bci kwoty bazowej, stanowi\u0105cej przeci\u0119tne uposa\u017cenie funkcjonariuszy Agencji Wywiadu<\/span><span style=\"font-family: 'Calibri',sans-serif;\"> (Dz.&nbsp;U. z&nbsp;2016 r., poz. 545) <strong>&ndash; wejdzie&nbsp;w&nbsp;\u017cycie z&nbsp;dniem 5 maja 2016 r.<\/strong><\/span><\/span><\/p>\n<p>&nbsp;<\/p>\n<p class=\"Dziedzinaprawa\" style=\"text-align: justify;\"><span style=\"font-size: 12pt;\"><strong><span style=\"font-family: 'Calibri',sans-serif;\">PRAWO O&nbsp;USTROJU S\u0104D&Oacute;W POWSZECHNYCH<\/span><\/strong><\/span><\/p>\n<p class=\"Tekstpraswki\" style=\"text-align: justify;\"><span style=\"font-size: 12pt;\"><strong><span style=\"font-family: 'Calibri',sans-serif;\">Rozporz\u0105dzenie<\/span><\/strong><span style=\"font-family: 'Calibri',sans-serif;\">Ministra Sprawiedliwo\u015bci <\/span><span style=\"font-family: 'Calibri',sans-serif;\">z dnia 11 kwietnia 2016 r.<\/span><span style=\"font-family: 'Calibri',sans-serif;\">zmieniaj\u0105ce rozporz\u0105dzenie w&nbsp;sprawie oceny kwalifikacji kandydata na wolne stanowisko s\u0119dziowskie<\/span><span style=\"font-family: 'Calibri',sans-serif;\"> (Dz. U. z&nbsp;2016 r., poz. 533) <strong>&ndash; wesz\u0142o&nbsp;w&nbsp;\u017cycie z&nbsp;dniem 19 kwietnia 2016 r.<\/strong><\/span><\/span><\/p>\n<p class=\"Omwienie\" style=\"text-align: justify;\"><span style=\"font-size: 12pt;\"><span style=\"font-family: 'Calibri',sans-serif;\">W rozporz\u0105dzeniu Ministra Sprawiedliwo\u015bci z&nbsp;dnia 25 sierpnia 2015 r. w&nbsp;sprawie oceny kwalifikacji kandydata na wolne stanowisko s\u0119dziowskie (Dz. U. poz. 1307)<\/span><span style=\"font-family: 'Calibri',sans-serif;\"> zmianie uleg\u0142o brzmienie &sect; 2 pkt 2, &sect; 5 ust. 4.<\/span><\/span><\/p>\n<p class=\"Tekstpraswki\" style=\"text-align: justify;\"><span style=\"font-size: 12pt;\"><strong><span style=\"font-family: 'Calibri',sans-serif;\">Rozporz\u0105dzenie<\/span><\/strong><span style=\"font-family: 'Calibri',sans-serif;\">Ministra Sprawiedliwo\u015bci <\/span><span style=\"font-family: 'Calibri',sans-serif;\">z dnia 13 kwietnia 2016 r.<\/span><span style=\"font-family: 'Calibri',sans-serif;\">zmieniaj\u0105ce rozporz\u0105dzenie &#8211; Regulamin urz\u0119dowania s\u0105d&oacute;w powszechnych<\/span><span style=\"font-family: 'Calibri',sans-serif;\"> (Dz. U. z&nbsp;2016 r., poz.&nbsp;517) <strong>&ndash; wesz\u0142o&nbsp;w&nbsp;\u017cycie z&nbsp;dniem 15 kwietnia 2016 r.<\/strong><\/span><\/span><\/p>\n<p class=\"Omwienie\" style=\"text-align: justify;\"><span style=\"font-size: 12pt;\"><span style=\"font-family: 'Calibri',sans-serif;\">W rozporz\u0105dzeniu Ministra Sprawiedliwo\u015bci z&nbsp;dnia 23 grudnia 2015 r. &#8211; Regulamin urz\u0119dowania s\u0105d&oacute;w powszechnych (Dz. U. poz. 2316 oraz z&nbsp;2016 r. poz. 418)<\/span><span style=\"font-family: 'Calibri',sans-serif;\"> zmianie uleg\u0142o brzmienie &sect; 84 ust. 3, &sect; 276 ust. 2, &sect; 277, &sect; 282, &sect; 305 ust. 1 i&nbsp;2, &sect; 310 ust. 3, &sect;&nbsp;313 ust. 1, &sect; 332 ust. 3 pkt 1, &sect; 334 pkt 1, &sect; 385, &sect; 387, &sect; 391, &sect; 392, &sect; 393 ust. 1, &sect;&nbsp;394 ust. 1 w&nbsp;&sect; 91 uchylony zosta\u0142 ust. 4 i&nbsp;5, w&nbsp;&sect; 287 uchylony zosta\u0142 ust. 3.<\/span><\/span><\/p>\n<p>&nbsp;<\/p>\n<p class=\"Dziedzinaprawa\" style=\"text-align: justify;\"><span style=\"font-size: 12pt;\"><strong><span style=\"font-family: 'Calibri',sans-serif;\">SYSTEMY OCENY ZGODNO\u015aCI I&nbsp;NADZORU RYNKU<\/span><\/strong><\/span><\/p>\n<p class=\"Tekstpraswki\" style=\"text-align: justify;\"><span style=\"font-size: 12pt;\"><strong><span style=\"font-family: 'Calibri',sans-serif;\">Ustawa<\/span><\/strong><span style=\"font-family: 'Calibri',sans-serif;\">z dnia 13 kwietnia 2016 r.<\/span><span style=\"font-family: 'Calibri',sans-serif;\">o systemach oceny zgodno\u015bci i&nbsp;nadzoru rynku<\/span><span style=\"font-family: 'Calibri',sans-serif;\"> (Dz.&nbsp;U.&nbsp;z 2016 r., poz. 542) <strong>&ndash; wesz\u0142a&nbsp;w&nbsp;\u017cycie z&nbsp;dniem 20 kwietnia 2016 r. z&nbsp;wyj\u0105tkiem:<\/strong><\/span><\/span><\/p>\n<p class=\"Tekstpraswki\" style=\"text-align: justify;\"><span style=\"font-size: 12pt;\"><strong><span style=\"font-family: 'Calibri',sans-serif;\">1) art. 102 pkt 1 lit. c w&nbsp;zakresie art. 1 ust. 2 pkt 2, kt&oacute;ry wchodzi w&nbsp;\u017cycie z&nbsp;dniem 22 lipca 2016 r.;<\/span><\/strong><\/span><\/p>\n<p class=\"Tekstpraswki\" style=\"text-align: justify;\"><span style=\"font-size: 12pt;\"><strong><span style=\"font-family: 'Calibri',sans-serif;\">2) art. 105 pkt 4-8, kt&oacute;re wchodz\u0105 w&nbsp;\u017cycie z&nbsp;dniem 1 stycznia 2017 r.;<\/span><\/strong><\/span><\/p>\n<p class=\"Tekstpraswki\" style=\"text-align: justify;\"><span style=\"font-size: 12pt;\"><strong><span style=\"font-family: 'Calibri',sans-serif;\">3) art. 107 pkt 15 w&nbsp;zakresie art. 158a, kt&oacute;ry wchodzi w&nbsp;\u017cycie z&nbsp;dniem 12&nbsp;czerwca 2018 r.<\/span><\/strong><\/span><\/p>\n<p>&nbsp;<\/p>\n<p class=\"Dziedzinaprawa\" style=\"text-align: justify;\"><span style=\"font-size: 12pt;\"><strong><span style=\"font-family: 'Calibri',sans-serif;\">SYSTEM O\u015aWIATY<\/span><\/strong><\/span><\/p>\n<p class=\"Tekstpraswki\" style=\"text-align: justify;\"><span style=\"font-size: 12pt;\"><strong><span style=\"font-family: 'Calibri',sans-serif;\">Rozporz\u0105dzenie<\/span><\/strong><span style=\"font-family: 'Calibri',sans-serif;\">Ministra Nauki i&nbsp;Szkolnictwa Wy\u017cszego <\/span><span style=\"font-family: 'Calibri',sans-serif;\">z dnia 13 kwietnia 2016 r.<\/span><span style=\"font-family: 'Calibri',sans-serif;\">w<\/span><span style=\"font-family: 'Calibri',sans-serif;\">sprawie studi&oacute;w doktoranckich i&nbsp;stypendi&oacute;w doktoranckich<\/span><span style=\"font-family: 'Calibri',sans-serif;\"> (Dz. U. z&nbsp;2016 r., poz. 558) <strong>&ndash; wesz\u0142o&nbsp;w&nbsp;\u017cycie z&nbsp;dniem 22 kwietnia 2016 r.<\/strong><\/span><\/span><\/p>\n<p class=\"Tekstpraswki\" style=\"text-align: justify;\"><span style=\"font-size: 12pt;\"><strong><span style=\"font-family: 'Calibri',sans-serif;\">Rozporz\u0105dzenie<\/span><\/strong><span style=\"font-family: 'Calibri',sans-serif;\">Ministra Edukacji Narodowej z&nbsp;dnia 13 kwietnia 2016 r. w&nbsp;sprawie charakterystyk drugiego stopnia Polskiej Ramy Kwalifikacji typowych dla kwalifikacji o&nbsp;charakterze zawodowym &#8211; poziomy 1-8 (Dz. U. z&nbsp;2016 r., poz. 537)<strong> &ndash; wesz\u0142o w&nbsp;\u017cycie z&nbsp;dniem 19 kwietnia 2016 r.<\/strong><\/span><\/span><\/p>\n<p class=\"Tekstpraswki\" style=\"text-align: justify;\"><span style=\"font-size: 12pt;\"><strong><span style=\"font-family: 'Calibri',sans-serif;\">Rozporz\u0105dzenie<\/span><\/strong><span style=\"font-family: 'Calibri',sans-serif;\">Ministra Edukacji Narodowej z&nbsp;dnia 13 kwietnia 2016 r. w&nbsp;sprawie charakterystyk drugiego stopnia Polskiej Ramy Kwalifikacji typowych dla kwalifikacji o&nbsp;charakterze og&oacute;lnym &#8211; poziomy 1-4 (Dz. U. z&nbsp;2016 r., poz. 520)<strong> &ndash; wesz\u0142o w&nbsp;\u017cycie z&nbsp;dniem 16 kwietnia 2016 r.<\/strong><\/span><\/span><\/p>\n<p class=\"Tekstpraswki\" style=\"text-align: justify;\"><span style=\"font-size: 12pt;\"><strong><span style=\"font-family: 'Calibri',sans-serif;\">Rozporz\u0105dzenie<\/span><\/strong><span style=\"font-family: 'Calibri',sans-serif;\">Ministra Kultury i&nbsp;Dziedzictwa Narodowego z&nbsp;dnia 15 kwietnia 2016 r. w&nbsp;sprawie \u015bwiadectw, dyplom&oacute;w pa\u0144stwowych i&nbsp;innych druk&oacute;w szkolnych szk&oacute;\u0142 i&nbsp;plac&oacute;wek artystycznych (Dz. U. z&nbsp;2016 r., poz. 551) <strong>&ndash; wesz\u0142o w&nbsp;\u017cycie z&nbsp;dniem 21&nbsp;kwietnia 2016 r.<\/strong><\/span><\/span><\/p>\n<p>&nbsp;<\/p>\n<p class=\"Dziedzinaprawa\" style=\"text-align: justify;\"><span style=\"font-size: 12pt;\"><strong><span style=\"font-family: 'Calibri',sans-serif;\">PRAWO CELNE<\/span><\/strong><\/span><\/p>\n<p class=\"Tekstpraswki\" style=\"text-align: justify;\"><span style=\"font-size: 12pt;\"><strong><span style=\"font-family: 'Calibri',sans-serif;\">Rozporz\u0105dzenie<\/span><\/strong><span style=\"font-family: 'Calibri',sans-serif;\">Ministra Finans&oacute;w <\/span><span style=\"font-family: 'Calibri',sans-serif;\">z dnia 11 kwietnia 2016 r.<\/span><span style=\"font-family: 'Calibri',sans-serif;\">w sprawie zmiany obszaru sk\u0142adu wolnoc\u0142owego na terenie Mi\u0119dzynarodowego Portu Lotniczego &#8220;Katowice&#8221; w&nbsp;Pyrzowicach<\/span><span style=\"font-family: 'Calibri',sans-serif;\"> (Dz. U. z&nbsp;2016 r., poz. 521) <strong>&ndash; wejdzie&nbsp;w&nbsp;\u017cycie z&nbsp;dniem 30&nbsp;kwietnia&nbsp;2016 r.<\/strong><\/span><\/span><\/p>\n<p class=\"Tekstpraswki\" style=\"text-align: justify;\"><span style=\"font-size: 12pt;\"><strong><span style=\"font-family: 'Calibri',sans-serif;\">Rozporz\u0105dzenie<\/span><\/strong><span style=\"font-family: 'Calibri',sans-serif;\">Ministra Finans&oacute;w z&nbsp;dnia 11 kwietnia 2016 r. w&nbsp;sprawie ustanowienia sk\u0142adu wolnoc\u0142owego na terenie Regionalnego Portu Lotniczego Olsztyn-Mazury (Dz.&nbsp;U.&nbsp;z&nbsp;2016 r., poz. 516) <strong>&ndash; wejdzie&nbsp;w&nbsp;\u017cycie z&nbsp;dniem 29 kwietnia 2016 r.<\/strong><\/span><\/span><\/p>\n<p>&nbsp;<\/p>\n<p class=\"Dziedzinaprawa\" style=\"text-align: justify;\"><span style=\"font-size: 12pt;\"><strong><span style=\"font-family: 'Calibri',sans-serif;\">PRAWO WOJSKOWE<\/span><\/strong><\/span><\/p>\n<p class=\"Tekstpraswki\" style=\"text-align: justify;\"><span style=\"font-size: 12pt;\"><strong><span style=\"font-family: 'Calibri',sans-serif;\">Rozporz\u0105dzenie<\/span><\/strong><span style=\"font-family: 'Calibri',sans-serif;\">Rady Ministr&oacute;w <\/span><span style=\"font-family: 'Calibri',sans-serif;\">z dnia 29 marca 2016 r.<\/span><span style=\"font-family: 'Calibri',sans-serif;\">w sprawie warunk&oacute;w przyznawania \u015bwiadcze\u0144 \u017co\u0142nierzom wyznaczonym lub skierowanym do pe\u0142nienia okresowej s\u0142u\u017cby wojskowej poza granicami pa\u0144stwa<\/span><span style=\"font-family: 'Calibri',sans-serif;\"> (Dz. U. z&nbsp;2016 r., poz. 510) <strong>&ndash; wejdzie&nbsp;w&nbsp;\u017cycie z&nbsp;dniem 29 kwietnia 2016 r.<\/strong><\/span><\/span><\/p>\n<p class=\"Tekstpraswki\" style=\"text-align: justify;\"><span style=\"font-size: 12pt;\"><strong><span style=\"font-family: 'Calibri',sans-serif;\">Rozporz\u0105dzenie<\/span><\/strong><span style=\"font-family: 'Calibri',sans-serif;\"> Ministra Spraw Wewn\u0119trznych i&nbsp;Administracji z&nbsp;dnia 30 marca 2016 r. zmieniaj\u0105ce rozporz\u0105dzenie w&nbsp;sprawie wzor&oacute;w legitymacji posiadacza broni, za\u015bwiadczenia uprawniaj\u0105cego do nabycia broni, legitymacji osoby dopuszczonej do posiadania broni, \u015bwiadectwa broni oraz karty rejestracyjnej broni (Dz. U. z&nbsp;2016 r., poz.&nbsp;532) <strong>&ndash; wejdzie&nbsp;w&nbsp;\u017cycie z&nbsp;dniem 1 sierpnia 2016 r.<\/strong><\/span><\/span><\/p>\n<p class=\"Omwienie\" style=\"text-align: justify;\"><span style=\"font-size: 12pt;\"><span style=\"font-family: 'Calibri',sans-serif;\">W rozporz\u0105dzeniu Ministra Spraw Wewn\u0119trznych z&nbsp;dnia 21 marca 2013 r. w&nbsp;sprawie wzor&oacute;w legitymacji posiadacza broni, za\u015bwiadczenia uprawniaj\u0105cego do nabycia broni, legitymacji osoby dopuszczonej do posiadania broni, \u015bwiadectwa broni oraz karty rejestracyjnej broni (Dz. U. poz. 447 i&nbsp;1341) <\/span><span style=\"font-family: 'Calibri',sans-serif;\">zmianie ulegnie brzmienie <\/span><span style=\"font-family: 'Calibri',sans-serif;\">za\u0142\u0105cznik<\/span><span style=\"font-family: 'Calibri',sans-serif;\">a<\/span><span style=\"font-family: 'Calibri',sans-serif;\"> nr<\/span><span style=\"font-family: 'Calibri',sans-serif;\">3<\/span><span style=\"font-family: 'Calibri',sans-serif;\">do rozporz\u0105dzenia<\/span><span style=\"font-family: 'Calibri',sans-serif;\">.<\/span><\/span><\/p>\n<p class=\"Tekstpraswki\" style=\"text-align: justify;\"><span style=\"font-size: 12pt;\"><strong><span style=\"font-family: 'Calibri',sans-serif;\">Rozporz\u0105dzenie<\/span><\/strong><span style=\"font-family: 'Calibri',sans-serif;\">Rady Ministr&oacute;w <\/span><span style=\"font-family: 'Calibri',sans-serif;\">z dnia 6 kwietnia 2016 r.<\/span><span style=\"font-family: 'Calibri',sans-serif;\">w sprawie okre\u015blenia liczby os&oacute;b powo\u0142ywanych w&nbsp;2016 r. do odbycia \u0107wicze\u0144 w&nbsp;jednostkach przewidzianych do militaryzacji<\/span><span style=\"font-family: 'Calibri',sans-serif;\"> (Dz. U. z&nbsp;2016 r., poz. 502) <strong>&ndash; wejdzie&nbsp;w&nbsp;\u017cycie z&nbsp;dniem 29&nbsp;kwietnia&nbsp;2016 r.<\/strong><\/span><\/span><\/p>\n<p class=\"Tekstpraswki\" style=\"text-align: justify;\"><span style=\"font-size: 12pt;\"><strong><span style=\"font-family: 'Calibri',sans-serif;\">Ustawa <\/span><\/strong><span style=\"font-family: 'Calibri',sans-serif;\">z dnia 13 kwietnia 2016 r. o&nbsp;zmianie ustawy o&nbsp;materia\u0142ach wybuchowych przeznaczonych do u\u017cytku cywilnego oraz niekt&oacute;rych innych ustaw (Dz. U. z&nbsp;2016 r., poz.&nbsp;544) &ndash;<strong> wesz\u0142a&nbsp;w&nbsp;\u017cycie z&nbsp;dniem 20 kwietnia 2016 r.<\/strong><\/span><\/span><\/p>\n<p class=\"Omwienie\" style=\"text-align: justify;\"><span style=\"font-size: 12pt;\"><span style=\"font-family: 'Calibri',sans-serif;\">W ustawie z&nbsp;dnia 21 czerwca 2002 r. o&nbsp;materia\u0142ach wybuchowych przeznaczonych do u\u017cytku cywilnego (Dz. U. z&nbsp;2015 r. poz. 1100 i&nbsp;1893)<\/span><span style=\"font-family: 'Calibri',sans-serif;\"> zmianie uleg\u0142o brzmienie art. 1, art. 3, art. 4a ust. 1 wprowadzenie do wyliczenia, tytu\u0142 rozdzia\u0142u 2, art. 9, art. 14, art.&nbsp;15, art. 18, art. 24, art. 25, art. 26-28, art. 29, art. 30 ust. 1, art. 31 ust. 2, art. 32, art. 33, art. 37, art. 38 ust. 1, art. 39 ust. 2, art. 40, tytu\u0142 rozdzia\u0142u 5a, art. 62c ust. 1, art. 63, art. 64, art. 65, w&nbsp;art. 2 dodany zosta\u0142 ust. 5, dodany zosta\u0142 art. 2a-2g, art. 25a, art. 62ca, dodane zosta\u0142y rozdzia\u0142y 5b-5f oraz rozdzia\u0142 6a, uchylony zosta\u0142 art. 36, uchylone zosta\u0142y rozdzia\u0142y 4 i&nbsp;5, art. 62a, art. 62b, art. 62d-62u, za\u0142\u0105cznik do ustawy.<\/span><\/span><\/p>\n<p class=\"Omwienie\" style=\"text-align: justify;\"><span style=\"font-size: 12pt; font-family: 'Calibri',sans-serif;\">W ustawie z&nbsp;dnia 22 czerwca 2001 r. o&nbsp;wykonywaniu dzia\u0142alno\u015bci gospodarczej w&nbsp;zakresie wytwarzania i&nbsp;obrotu materia\u0142ami wybuchowymi, broni\u0105, amunicj\u0105 oraz wyrobami i&nbsp;technologi\u0105 o&nbsp;przeznaczeniu wojskowym lub policyjnym (Dz. U. z&nbsp;2012 r. poz. 1017, z&nbsp;2013 r. poz. 1650 oraz z&nbsp;2015 r. poz. 1893) zmianie uleg\u0142o brzmienie art. 23a ust.&nbsp;2&nbsp;pkt 1, art. 29a.<\/span><\/p>\n<p class=\"Omwienie\" style=\"text-align: justify;\"><span style=\"font-size: 12pt; font-family: 'Calibri',sans-serif;\">W ustawie z&nbsp;dnia 28 pa\u017adziernika 2002 r. o&nbsp;odpowiedzialno\u015bci podmiot&oacute;w zbiorowych za czyny zabronione pod gro\u017ab\u0105 kary (Dz. U. z&nbsp;2015 r. poz. 1212, 1844 i&nbsp;1855 oraz z&nbsp;2016 r. poz. 437) w&nbsp;art. 16 w&nbsp;ust. 1 w&nbsp;pkt 1 dodany zosta\u0142 lit. j.<\/span><\/p>\n<p class=\"Omwienie\" style=\"text-align: justify;\"><span style=\"font-size: 12pt; font-family: 'Calibri',sans-serif;\">W ustawie z&nbsp;dnia 16 listopada 2006 r. o&nbsp;op\u0142acie skarbowej (Dz. U. z&nbsp;2015 r. poz. 783, z&nbsp;p&oacute;\u017an zm.) zmianie uleg\u0142o brzmienie cz\u0119\u015bci III za\u0142\u0105cznika do ustawy w&nbsp;kolumnie 2&nbsp;ust.&nbsp;43.<\/span><\/p>\n<p class=\"Omwienie\" style=\"text-align: justify;\"><span style=\"font-size: 12pt; font-family: 'Calibri',sans-serif;\">W ustawie z&nbsp;dnia 9 czerwca 2011 r. &#8211; Prawo geologiczne i&nbsp;g&oacute;rnicze (Dz. U. z&nbsp;2015 r. poz. 196, 1272 i&nbsp;1505 oraz z&nbsp;2016 r. poz. 266 i&nbsp;542) w&nbsp;art. 115 w&nbsp;ust. 7 w&nbsp;pkt 5 kropka zast\u0105piona zosta\u0142a \u015brednikiem i&nbsp;dodany zosta\u0142 pkt 6.<\/span><\/p>\n<p>&nbsp;<\/p>\n<p class=\"Dziedzinaprawa\" style=\"text-align: justify;\"><span style=\"font-size: 12pt;\"><strong><span style=\"font-family: 'Calibri',sans-serif;\">PRAWO ROLNE<\/span><\/strong><\/span><\/p>\n<p class=\"Tekstpraswki\" style=\"text-align: justify;\"><span style=\"font-size: 12pt;\"><strong><span style=\"font-family: 'Calibri',sans-serif;\">Rozporz\u0105dzenie<\/span><\/strong><span style=\"font-family: 'Calibri',sans-serif;\"> Ministra Rolnictwa i&nbsp;Rozwoju Wsi<\/span><span style=\"font-family: 'Calibri',sans-serif;\">z dnia 21 marca 2016 r.<\/span><span style=\"font-family: 'Calibri',sans-serif;\">w sprawie wzoru legitymacji s\u0142u\u017cbowej pracownik&oacute;w Inspekcji Jako\u015bci Handlowej Artyku\u0142&oacute;w Rolno-Spo\u017cywczych dokonuj\u0105cych kontroli<\/span><span style=\"font-family: 'Calibri',sans-serif;\"> (Dz. U. z&nbsp;2016 r., poz. 523) <strong>&ndash; wejdzie&nbsp;w&nbsp;\u017cycie z&nbsp;dniem 30 kwietnia 2016 r.<\/strong><\/span><\/span><\/p>\n<p>&nbsp;<\/p>\n<p class=\"Dziedzinaprawa\" style=\"text-align: justify;\"><span style=\"font-size: 12pt;\"><strong><span style=\"font-family: 'Calibri',sans-serif;\">PRAWO WODNE<\/span><\/strong><\/span><\/p>\n<p class=\"Tekstpraswki\" style=\"text-align: justify;\"><span style=\"font-size: 12pt;\"><strong><span style=\"font-family: 'Calibri',sans-serif;\">Rozporz\u0105dzenie<\/span><\/strong><span style=\"font-family: 'Calibri',sans-serif;\">Ministra \u015arodowiska <\/span><span style=\"font-family: 'Calibri',sans-serif;\">z dnia 6 kwietnia 2016 r.<\/span><span style=\"font-family: 'Calibri',sans-serif;\">zmieniaj\u0105ce rozporz\u0105dzenie w&nbsp;sprawie nale\u017cno\u015bci za korzystanie ze \u015br&oacute;dl\u0105dowych dr&oacute;g wodnych oraz \u015bluz i&nbsp;pochylni<\/span><span style=\"font-family: 'Calibri',sans-serif;\"> (Dz. U. z&nbsp;2016 r., poz. 534) <strong>&ndash; wejdzie&nbsp;w&nbsp;\u017cycie z&nbsp;dniem 3 maja 2016 r.<\/strong><\/span><\/span><\/p>\n<p class=\"Omwienie\" style=\"text-align: justify;\"><span style=\"font-size: 12pt;\"><span style=\"font-family: 'Calibri',sans-serif;\">W rozporz\u0105dzeniu Ministra \u015arodowiska z&nbsp;dnia 27 grudnia 2005 r. w&nbsp;sprawie nale\u017cno\u015bci za korzystanie ze \u015br&oacute;dl\u0105dowych dr&oacute;g wodnych oraz \u015bluz i&nbsp;pochylni (Dz. U. poz. 2226)<\/span><span style=\"font-family: 'Calibri',sans-serif;\"> zmianie ulegnie brzmienie za\u0142\u0105cznika nr 1 do rozporz\u0105dzenia, w&nbsp;&sect; 8 w&nbsp;pkt 4 w&nbsp;lit.&nbsp;d&nbsp;\u015brednik zast\u0119puje si\u0119 przecinkiem i&nbsp;dodaje si\u0119 lit. e.<\/span><\/span><\/p>\n<p>&nbsp;<\/p>\n<p class=\"Dziedzinaprawa\" style=\"text-align: justify;\"><span style=\"font-size: 12pt;\"><strong><span style=\"font-family: 'Calibri',sans-serif;\">PA\u0143STWOWA INSPEKCJA SANITARNA<\/span><\/strong><\/span><\/p>\n<p class=\"Tekstpraswki\" style=\"text-align: justify;\"><span style=\"font-size: 12pt;\"><strong><span style=\"font-family: 'Calibri',sans-serif;\">Rozporz\u0105dzenie<\/span><\/strong><span style=\"font-family: 'Calibri',sans-serif;\">Ministra Zdrowia <\/span><span style=\"font-family: 'Calibri',sans-serif;\">z dnia 5 kwietnia 2016 r.<\/span><span style=\"font-family: 'Calibri',sans-serif;\">zmieniaj\u0105ce rozporz\u0105dzenie w&nbsp;sprawie pobierania i&nbsp;badania pr&oacute;bek substancji chemicznych i&nbsp;ich mieszanin oraz wyrob&oacute;w w&nbsp;ramach nadzoru wykonywanego przez Pa\u0144stwow\u0105 Inspekcj\u0119 Sanitarn\u0105<\/span><span style=\"font-family: 'Calibri',sans-serif;\"> (Dz.&nbsp;U. z&nbsp;2016 r., poz. 503) <strong>&ndash; wejdzie&nbsp;w&nbsp;\u017cycie z&nbsp;dniem 29 kwietnia 2016 r.<\/strong><\/span><\/span><\/p>\n<p class=\"Omwienie\" style=\"text-align: justify;\"><span style=\"font-size: 12pt;\"><span style=\"font-family: 'Calibri',sans-serif;\">W rozporz\u0105dzeniu Ministra Zdrowia z&nbsp;dnia 4 kwietnia 2012 r. w&nbsp;sprawie pobierania i<\/span><span style=\"font-family: 'Calibri',sans-serif;\">badania pr&oacute;bek substancji chemicznych i&nbsp;ich mieszanin oraz wyrob&oacute;w w&nbsp;ramach nadzoru wykonywanego przez Pa\u0144stwow\u0105 Inspekcj\u0119 Sanitarn\u0105 (Dz. U. poz. 379)<\/span><span style=\"font-family: 'Calibri',sans-serif;\"> zmianie ulegnie brzmienie &sect; 6 ust. 3, &sect; 8 ust. 4.<\/span><\/span><\/p>\n<p>&nbsp;<\/p>\n<p class=\"Dziedzinaprawa\" style=\"text-align: justify;\"><span style=\"font-size: 12pt;\"><strong><span style=\"font-family: 'Calibri',sans-serif;\">PRAWO ZAM&Oacute;WIE\u0143 PUBLICZNYCH<\/span><\/strong><\/span><\/p>\n<p class=\"Tekstpraswki\" style=\"text-align: justify;\"><span style=\"font-size: 12pt;\"><span style=\"font-family: 'Calibri',sans-serif;\">Od dnia 18 kwietnia 2016 r. zacz\u0119\u0142y obowi\u0105zywa\u0107 przepisy dyrektywy Parlamentu Europejskiego i&nbsp;Rady 2014\/24\/UE z&nbsp;dnia 26 lutego 2014 r. w&nbsp;sprawie zam&oacute;wie\u0144 publicznych, uchylaj\u0105cej dyrektyw\u0119 2004\/18\/WE (Dz. Urz. UE L 94 z&nbsp;28.03.2014, str. 65, z&nbsp;p&oacute;\u017an. zm.), oraz przepisy dyrektywy Parlamentu Europejskiego i&nbsp;Rady 2014\/25\/UE z<\/span><span style=\"font-family: 'Calibri',sans-serif;\">dnia 26 lutego 2014 r. w&nbsp;sprawie udzielania zam&oacute;wie\u0144 przez podmioty dzia\u0142aj\u0105ce w<\/span><span style=\"font-family: 'Calibri',sans-serif;\">sektorach gospodarki wodnej, energetyki, transportu i&nbsp;us\u0142ug pocztowych, uchylaj\u0105cej dyrektyw\u0119 2004\/17\/WE (Dz. Urz. UE L 94 z&nbsp;28.03.2014, str. 243, z&nbsp;p&oacute;\u017an. zm.).<\/span><\/span><\/p>\n<p class=\"Tekstpraswki\" style=\"text-align: justify;\"><span style=\"font-size: 12pt; font-family: 'Calibri',sans-serif;\">Z uwagi na fakt, i\u017c proces legislacyjny dotycz\u0105cy rz\u0105dowego projektu ustawy o&nbsp;zmianie ustawy &ndash; Prawo zam&oacute;wie\u0144 publicznych oraz niekt&oacute;rych innych ustaw, maj\u0105cy na celu implementacj\u0119 przepis&oacute;w wy\u017cej wskazanych dyrektyw nie zosta\u0142 jeszcze zako\u0144czony (<a href=\"http:\/\/www.sejm.gov.pl\/sejm8.nsf\/PrzebiegProc.xsp?nr=366\">http:\/\/www.sejm.gov.pl\/sejm8.nsf\/PrzebiegProc.xsp?nr=366<\/a>) aktualnie obowi\u0105zuj\u0105ce przepisy ustawy z&nbsp;dnia 29 stycznia 2004 r. ustawy Prawo zam&oacute;wie\u0144 publicznych pozostaj\u0105 w&nbsp;mocy.<\/span><\/p>\n<p class=\"Tekstpraswki\" style=\"text-align: justify;\"><span style=\"font-size: 12pt; font-family: 'Calibri',sans-serif;\">Jednak\u017ce, maj\u0105c na uwadze op&oacute;\u017anienie we wdro\u017ceniu dyrektyw, Urz\u0105d Zam&oacute;wie\u0144 Publicznych wyda\u0142 komunikat dotycz\u0105cy ich obowi\u0105zywania. W&nbsp;celu unikni\u0119cia ryzyka pope\u0142nienia przez polskich zamawiaj\u0105cych ewentualnych nieprawid\u0142owo\u015bci w&nbsp;odniesieniu do post\u0119powa\u0144 o&nbsp;udzielenie zam&oacute;wienia publicznego wszczynanych od dnia 18 kwietnia 2016 r. &#8211; Urz\u0105d Zam&oacute;wie\u0144 Publicznych wskaza\u0142, i\u017c:<\/span><\/p>\n<p class=\"Tekstpraswki\" style=\"text-align: justify;\"><span style=\"font-size: 12pt; font-family: 'Calibri',sans-serif;\">I. Do post\u0119powa\u0144 o&nbsp;udzielenie zam&oacute;wienia publicznego oraz konkurs&oacute;w, w&nbsp;kt&oacute;rych warto\u015b\u0107 zam&oacute;wienia nie przekracza warto\u015bci prog&oacute;w unijnych, maj\u0105 zastosowanie aktualnie obowi\u0105zuj\u0105ce przepisy ustawy Pzp.<\/span><\/p>\n<p class=\"Tekstpraswki\" style=\"text-align: justify;\"><span style=\"font-size: 12pt; font-family: 'Calibri',sans-serif;\">II. Do post\u0119powa\u0144 o&nbsp;udzielenie zam&oacute;wienia publicznego oraz konkurs&oacute;w, w&nbsp;kt&oacute;rych warto\u015b\u0107 zam&oacute;wienia jest r&oacute;wna lub wy\u017csza od prog&oacute;w unijnych, maj\u0105 zastosowanie przepisy obowi\u0105zuj\u0105cej ustawy Pzp z&nbsp;uwzgl\u0119dnieniem zasady bezpo\u015bredniej skuteczno\u015bci dyrektyw.<\/span><\/p>\n<p class=\"Tekstpraswki\" style=\"text-align: justify;\"><span style=\"font-size: 12pt;\"><span style=\"font-family: 'Calibri',sans-serif;\">Wi\u0119cej informacji na temat propozycji Urz\u0119du Zam&oacute;wie\u0144 Publicznych w&nbsp;zakresie stosowania przepis&oacute;w dotycz\u0105cych przygotowania post\u0119powania, prowadzenia post\u0119powania, modyfikacji um&oacute;w oraz publikacji og\u0142osze\u0144, znajd\u0105 Pa\u0144stwo na stronie internetowej Urz\u0119du Zam&oacute;wie\u0144 Publicznych<\/span><span style=\"font-family: 'Calibri',sans-serif;\">: <\/span><span style=\"font-family: 'Calibri',sans-serif;\">https:\/\/www.uzp.gov.pl\/aktualnosci\/test<\/span><span style=\"font-family: 'Calibri',sans-serif;\">.<\/span><\/span><\/p>\n<p>&nbsp;<\/p>\n<p class=\"Dziedzinaprawa\" style=\"text-align: justify;\"><span style=\"font-size: 12pt;\"><strong><span style=\"font-family: 'Calibri',sans-serif;\">ZARZ\u0104DZENIA PREZESA NARODOWEGO FUNDUSZU ZDROWIA<\/span><\/strong><\/span><\/p>\n<p class=\"Tekstpraswki\" style=\"text-align: justify;\"><span style=\"font-size: 12pt;\"><strong><span style=\"font-family: 'Calibri',sans-serif;\">Zarz\u0105dzenie<\/span><\/strong><span style=\"font-family: 'Calibri',sans-serif;\">nr<\/span><span style=\"font-family: 'Calibri',sans-serif;\"> 27\/2016\/DGL<\/span><span style=\"font-family: 'Calibri',sans-serif;\"> Prezesa Narodowego Funduszu Zdrowia <\/span><span style=\"font-family: 'Calibri',sans-serif;\">z dnia 19 kwietnia 2016 r.<\/span><span style=\"font-family: 'Calibri',sans-serif;\">zmieniaj\u0105ce zarz\u0105dzenie w&nbsp;sprawie okre\u015blenia warunk&oacute;w zawierania i&nbsp;realizacji um&oacute;w w&nbsp;rodzaju leczenie szpitalne w&nbsp;zakresie programy zdrowotne (lekowe)<\/span><strong><span style=\"font-family: 'Calibri',sans-serif;\">&ndash; wesz\u0142o w&nbsp;\u017cycie z&nbsp;dniem nast\u0119puj\u0105cym po dniu podpisania, z&nbsp;moc\u0105 obowi\u0105zuj\u0105c\u0105 od dnia 1 marca 2016 r.<\/span><\/strong><\/span><\/p>\n<p class=\"Omwienie\" style=\"text-align: justify;\"><span style=\"font-size: 12pt;\"><span style=\"font-family: 'Calibri',sans-serif;\">W zarz\u0105dzeniu Nr 27\/2012\/DGL Prezesa Narodowego Funduszu Zdrowia z&nbsp;dnia 10 maja 2012 r. w&nbsp;sprawie okre\u015blenia warunk&oacute;w zawierania i&nbsp;realizacji um&oacute;w w&nbsp;rodzaju leczenie szpitalne w&nbsp;zakresie programy zdrowotne (lekowe), zmienionym zarz\u0105dzeniem Nr<\/span><span style=\"font-family: 'Calibri',sans-serif;\">42\/2012\/DGL Prezesa Narodowego Funduszu Zdrowia z&nbsp;dnia 10 lipca 2012 r., zarz\u0105dzeniem Nr 59\/2012\/DSOZ Prezesa Narodowego Funduszu Zdrowia z&nbsp;dnia 10<\/span><span style=\"font-family: 'Calibri',sans-serif;\">pa\u017adziernika 2012 r., zarz\u0105dzeniem Nr 66\/2012\/DGL Prezesa Narodowego Funduszu Zdrowia z&nbsp;dnia 19 pa\u017adziernika 2012 r., zarz\u0105dzeniem Nr 95\/2012\/DGL Prezesa Narodowego Funduszu Zdrowia z&nbsp;dnia 18 grudnia 2012 r., zarz\u0105dzeniem Nr 3\/2013\/DGL Prezesa Narodowego Funduszu Zdrowia z&nbsp;dnia 19 lutego 2013 r., zarz\u0105dzeniem Nr<\/span><span style=\"font-family: 'Calibri',sans-serif;\">8\/2013\/DGL Prezesa Narodowego Funduszu Zdrowia z&nbsp;dnia 5 marca 2013 r., zarz\u0105dzeniem Nr 19\/2013\/DGL Prezesa Narodowego Funduszu Zdrowia z&nbsp;dnia 10<\/span><span style=\"font-family: 'Calibri',sans-serif;\">kwietnia 2013 r., zarz\u0105dzeniem Nr 29\/2013\/DGL Prezesa Narodowego Funduszu Zdrowia z&nbsp;dnia 15 maja 2013 r., zarz\u0105dzeniem Nr 42\/2013\/DGL Prezesa Narodowego Funduszu Zdrowia z&nbsp;dnia 9 sierpnia 2013 r., zarz\u0105dzeniem Nr 48\/2013\/DGL Prezesa Narodowego Funduszu Zdrowia z&nbsp;dnia 6 wrze\u015bnia 2013 r., zarz\u0105dzeniem Nr 59\/2013\/DGL Prezesa Narodowego Funduszu Zdrowia z&nbsp;dnia 15 pa\u017adziernika 2013 r., zarz\u0105dzeniem Nr<\/span><span style=\"font-family: 'Calibri',sans-serif;\">78\/2013\/DGL Prezesa Narodowego Funduszu Zdrowia z&nbsp;dnia 13 grudnia 2013 r., zarz\u0105dzeniem Nr 5\/2014\/DGL Prezesa Narodowego Funduszu Zdrowia z&nbsp;dnia 12 lutego 2014 r., zarz\u0105dzeniem Nr 15\/2014\/DGL Prezesa Narodowego Funduszu Zdrowia z&nbsp;dnia 7<\/span><span style=\"font-family: 'Calibri',sans-serif;\">kwietnia 2014 r., zarz\u0105dzeniem Nr 37\/2014\/DGL Prezesa Narodowego Funduszu Zdrowia z&nbsp;dnia 4 lipca 2014 r., zarz\u0105dzeniem Nr 57\/2014\/DGL Prezesa Narodowego Funduszu Zdrowia z&nbsp;dnia 29 sierpnia 2014 r., zarz\u0105dzeniem Nr 74\/2014\/DGL Prezesa Narodowego Funduszu Zdrowia z&nbsp;dnia 20 listopada 2014 r., zarz\u0105dzeniem Nr<\/span><span style=\"font-family: 'Calibri',sans-serif;\">2\/2015\/DGL Prezesa Narodowego Funduszu Zdrowia z&nbsp;dnia 2 stycznia 2015 r., zarz\u0105dzeniem Nr 14\/2015\/DGL Prezesa Narodowego Funduszu Zdrowia z&nbsp;dnia 11 marca 2015 r., zarz\u0105dzeniem Nr 21\/2015\/DGL Prezesa Narodowego Funduszu Zdrowia z&nbsp;dnia 30<\/span><span style=\"font-family: 'Calibri',sans-serif;\">kwietnia 2015 r., zarz\u0105dzeniem Nr 36\/2015\/DGL Prezesa Narodowego Funduszu Zdrowia z&nbsp;dnia 10 lipca 2015 r., zarz\u0105dzeniem Nr 48\/2015\/DGL Prezesa Narodowego Funduszu Zdrowia z&nbsp;dnia 19 sierpnia 2015 r., zarz\u0105dzeniem Nr 61\/2015\/DSOZ Prezesa Narodowego Funduszu Zdrowia z&nbsp;dnia 16 wrze\u015bnia 2015 r., zarz\u0105dzeniem Nr<\/span><span style=\"font-family: 'Calibri',sans-serif;\">62\/2015\/DSOZ Prezesa Narodowego Funduszu Zdrowia z&nbsp;dnia 29 wrze\u015bnia 2015 r., zarz\u0105dzeniem Nr 70\/2015\/DSOZ Prezesa Narodowego Funduszu Zdrowia z&nbsp;dnia<\/span><span style=\"font-family: 'Calibri',sans-serif;\">16<\/span><span style=\"font-family: 'Calibri',sans-serif;\">pa\u017adziernika 2015 r., zarz\u0105dzeniem Nr 71\/2015\/DGL Prezesa Narodowego Funduszu Zdrowia z&nbsp;dnia 20 pa\u017adziernika 2015 r., zarz\u0105dzeniem Nr 85\/2015\/DGL Prezesa Narodowego Funduszu Zdrowia z&nbsp;dnia 8 grudnia 2015 r. oraz zarz\u0105dzeniem Nr<\/span><span style=\"font-family: 'Calibri',sans-serif;\">10\/2016\/DGL Prezesa Narodowego Funduszu Zdrowia z&nbsp;dnia 18 lutego 2016 r.<\/span><span style=\"font-family: 'Calibri',sans-serif;\"> zmianie uleg\u0142o brzmienie za\u0142\u0105cznika nr 1k do zarz\u0105dzenia, za\u0142\u0105cznika nr 1l do zarz\u0105dzenia, za\u0142\u0105cznika nr 1m do zarz\u0105dzenia, za\u0142\u0105cznika nr 2 do zarz\u0105dzenia, za\u0142\u0105cznika nr 3 do zarz\u0105dzenia, za\u0142\u0105cznika nr 4 do zarz\u0105dzenia, za\u0142\u0105cznika nr 5 do zarz\u0105dzenia, za\u0142\u0105cznika nr 7 do zarz\u0105dzenia, za\u0142\u0105cznika nr 15 do zarz\u0105dzenia.<\/span><\/span><\/p>\n<p class=\"Tekstpraswki\" style=\"text-align: justify;\"><span style=\"font-size: 12pt;\"><strong><span style=\"font-family: 'Calibri',sans-serif;\">Zarz\u0105dzenie<\/span><\/strong><span style=\"font-family: 'Calibri',sans-serif;\">nr<\/span><span style=\"font-family: 'Calibri',sans-serif;\"> 29\/2016\/DSOZ<\/span><span style=\"font-family: 'Calibri',sans-serif;\"> Prezesa Narodowego Funduszu Zdrowia <\/span><span style=\"font-family: 'Calibri',sans-serif;\">z dnia 20<\/span><span style=\"font-family: 'Calibri',sans-serif;\">kwietnia 2016 r.<\/span><span style=\"font-family: 'Calibri',sans-serif;\">zmieniaj\u0105ce zarz\u0105dzenie w&nbsp;sprawie okre\u015blenia kryteri&oacute;w oceny ofert w&nbsp;post\u0119powaniu w&nbsp;sprawie zawarcia umowy o&nbsp;udzielanie \u015bwiadcze\u0144 opieki zdrowotnej<\/span><strong><span style=\"font-family: 'Calibri',sans-serif;\">&ndash; wesz\u0142o w&nbsp;\u017cycie z&nbsp;dniem podpisania, z&nbsp;moc\u0105 obowi\u0105zuj\u0105c\u0105 od dnia 14&nbsp;kwietnia&nbsp;2016 r.<\/span><\/strong><\/span><\/p>\n<p class=\"Omwienie\" style=\"text-align: justify;\"><span style=\"font-size: 12pt;\"><span style=\"font-family: 'Calibri',sans-serif;\">W za\u0142\u0105czniku nr 1 do zarz\u0105dzenia Nr 3\/2014\/DSOZ Prezesa Narodowego Funduszu Zdrowia z&nbsp;dnia 23 stycznia 2014 r. w&nbsp;sprawie okre\u015blenia kryteri&oacute;w oceny ofert w<\/span><span style=\"font-family: 'Calibri',sans-serif;\">post\u0119powaniu w&nbsp;sprawie zawarcia umowy o&nbsp;udzielanie \u015bwiadcze\u0144 opieki zdrowotnej, zmienionym zarz\u0105dzeniem Nr 11\/2014\/DSOZ Prezesa Narodowego Funduszu Zdrowia z<\/span><span style=\"font-family: 'Calibri',sans-serif;\">dnia 7 marca 2014 r., zarz\u0105dzeniem Nr 24\/2014\/DSOZ Prezesa Narodowego Funduszu Zdrowia z&nbsp;dnia 5 maja 2014 r., zarz\u0105dzeniem Nr 52\/2014\/DSOZ Prezesa Narodowego Funduszu Zdrowia z&nbsp;dnia 7 sierpnia 2014 r., zarz\u0105dzeniem Nr 60\/2014\/DSOZ Prezesa Narodowego Funduszu Zdrowia z&nbsp;dnia 17 wrze\u015bnia 2014 r., zarz\u0105dzeniem Nr<\/span><span style=\"font-family: 'Calibri',sans-serif;\">73\/2014\/DSOZ Prezesa Narodowego Funduszu Zdrowia z&nbsp;dnia 19 listopada 2014 r., zarz\u0105dzeniem Nr 87\/2014\/DSOZ Prezesa Narodowego Funduszu Zdrowia z&nbsp;dnia 17<\/span><span style=\"font-family: 'Calibri',sans-serif;\">grudnia 2014 r., zarz\u0105dzeniem Nr 100\/2014\/DSOZ Prezesa Narodowego Funduszu Zdrowia z&nbsp;dnia 30 grudnia 2014 r., zarz\u0105dzeniem Nr 5\/2015\/DSOZ Prezesa Narodowego Funduszu Zdrowia z&nbsp;dnia 16 stycznia 2015 r., zarz\u0105dzeniem Nr 49\/2015\/DGL Prezesa Narodowego Funduszu Zdrowia z&nbsp;dnia 20 sierpnia 2015 r., zarz\u0105dzeniem Nr<\/span><span style=\"font-family: 'Calibri',sans-serif;\">53\/2015\/DSOZ Prezesa Narodowego Funduszu Zdrowia z&nbsp;dnia 31 sierpnia 2015 r., zarz\u0105dzeniem Nr 67\/2015\/DSOZ Prezesa Narodowego Funduszu Zdrowia z&nbsp;dnia 8<\/span><span style=\"font-family: 'Calibri',sans-serif;\">pa\u017adziernika 2015 r., zarz\u0105dzeniem Nr 80\/2015\/DSM Prezesa Narodowego Funduszu Zdrowia z&nbsp;dnia 23 listopada 2015 r., zarz\u0105dzeniem Nr 86\/2015\/DGL Prezesa Narodowego Funduszu Zdrowia z&nbsp;dnia 8 grudnia 2015 r. oraz zarz\u0105dzeniem Nr<\/span><span style=\"font-family: 'Calibri',sans-serif;\">25\/2016\/DSOZ Prezesa Narodowego Funduszu Zdrowia z&nbsp;dnia 13 kwietnia 2016 r., w<\/span><span style=\"font-family: 'Calibri',sans-serif;\">&bdquo;Tabeli nr 24 Leczenie szpitalne &ndash; \u015bwiadczenia wysokospecjalistyczne&rdquo;, w&nbsp;wierszu nr<\/span><span style=\"font-family: 'Calibri',sans-serif;\">23-24 w&nbsp;kolumnie 2 &ndash; waga skaluj\u0105ca(s)(maksymalna liczba punkt&oacute;w oceny) dodaje si\u0119 cyfr\u0119 &bdquo;4&rdquo;.<\/span><\/span><\/p>\n<p>&nbsp;<\/p>\n<p class=\"NowePrawo\" style=\"text-align: justify;\"><span style=\"font-size: 12pt;\"><strong><span style=\"font-family: 'Calibri',sans-serif;\">_____Orzecznictwo<\/span><\/strong><\/span><\/p>\n<p class=\"SdNajwyszy\" style=\"text-align: justify;\"><span style=\"font-size: 12pt;\"><strong><span style=\"font-family: 'Calibri',sans-serif;\">Trybuna\u0142 Konstytucyjny<\/span><\/strong><\/span><\/p>\n<p class=\"Dziedzinaprawa\" style=\"text-align: justify;\"><span style=\"font-size: 12pt;\"><strong><span style=\"font-family: 'Calibri',sans-serif;\">ZALICZENIE KWOTY PODATKU OD TOWAR&Oacute;W I&nbsp;US\u0141UG DO <\/span><span style=\"font-family: 'Calibri',sans-serif;\">NIEZB\u0118DN<\/span><span style=\"font-family: 'Calibri',sans-serif;\">YCH<\/span><span style=\"font-family: 'Calibri',sans-serif;\"> KOSZT<\/span><span style=\"font-family: 'Calibri',sans-serif;\">&Oacute;W<\/span><span style=\"font-family: 'Calibri',sans-serif;\"> PROCESU PODLEGAJ\u0104C<\/span><span style=\"font-family: 'Calibri',sans-serif;\">YCH<\/span><span style=\"font-family: 'Calibri',sans-serif;\"> ZWROTOWI OD STRONY PRZEGRYWAJ\u0104CEJ SPRAW\u0118<\/span><\/strong><\/span><\/p>\n<p class=\"Tekstpraswki\" style=\"text-align: justify;\"><span style=\"font-size: 12pt;\"><span style=\"font-family: 'Calibri',sans-serif;\">Trybuna\u0142 Konstytucyjny stwierdzi\u0142, i\u017c a<\/span><span style=\"font-family: 'Calibri',sans-serif;\">rt. 98 &sect; 3 ustawy z&nbsp;17 listopada 1964 r. &#8211; Kodeks post\u0119powania cywilnego (j.t. Dz.<\/span><span style=\"font-family: 'Calibri',sans-serif;\">U.<\/span><span style=\"font-family: 'Calibri',sans-serif;\"> z&nbsp;<\/span><span style=\"font-family: 'Calibri',sans-serif;\">2014<\/span><span style=\"font-family: 'Calibri',sans-serif;\">, poz. <\/span><span style=\"font-family: 'Calibri',sans-serif;\">101, ze zm.) w&nbsp;zwi\u0105zku z<\/span><span style=\"font-family: 'Calibri',sans-serif;\">&sect;<\/span><span style=\"font-family: 'Calibri',sans-serif;\">2<\/span><span style=\"font-family: 'Calibri',sans-serif;\">ust.<\/span><span style=\"font-family: 'Calibri',sans-serif;\">3<\/span><span style=\"font-family: 'Calibri',sans-serif;\">rozporz\u0105dzenia Ministra Sprawiedliwo\u015bci z&nbsp;28 wrze\u015bnia 2002 r. w&nbsp;sprawie op\u0142at za czynno\u015bci adwokackie oraz ponoszenia przez Skarb Pa\u0144stwa koszt&oacute;w nieop\u0142aconej pomocy prawnej udzielonej z&nbsp;urz\u0119du (j.t. Dz.U.2013.461, ze zm.) w<\/span><span style=\"font-family: 'Calibri',sans-serif;\">zakresie, w&nbsp;jakim do niezb\u0119dnych koszt&oacute;w procesu podlegaj\u0105cych zwrotowi od strony przegrywaj\u0105cej spraw\u0119 nie zalicza kwoty podatku od towar&oacute;w i&nbsp;us\u0142ug doliczonej do ustalonego wed\u0142ug norm przepisanych wynagrodzenia adwokata z&nbsp;wyboru, jest zgodny z<\/span><span style=\"font-family: 'Calibri',sans-serif;\">art. 45 ust. 1 Konstytucji Rzeczypospolitej Polskiej<\/span><strong><span style=\"font-family: 'Calibri',sans-serif;\">&ndash; <\/span><\/strong><strong><span style=\"font-family: 'Calibri',sans-serif;\">Wyrok<\/span><\/strong><strong><span style=\"font-family: 'Calibri',sans-serif;\">Trybuna\u0142u Konstytucyjnego<\/span><\/strong><strong><span style=\"font-family: 'Calibri',sans-serif;\">z dnia 6 kwietnia 2016 r.<\/span><\/strong><strong><span style=\"font-family: 'Calibri',sans-serif;\">, sygn. akt <\/span><\/strong><strong><span style=\"font-family: 'Calibri',sans-serif;\">SK 67\/13<\/span><\/strong><strong><span style=\"font-family: 'Calibri',sans-serif;\">.<\/span><\/strong><\/span><\/p>\n<p>&nbsp;<\/p>\n<p class=\"Dziedzinaprawa\" style=\"text-align: justify;\"><span style=\"font-size: 12pt;\"><strong><span style=\"font-family: 'Calibri',sans-serif;\">PODZIA\u0141 GMINY NA OKR\u0118GI WYBORCZE<\/span><span style=\"font-family: 'Calibri',sans-serif;\">,<\/span><span style=\"font-family: 'Calibri',sans-serif;\"> ODWO\u0141ANIE OD ORZECZENIA PA\u0143STWOWEJ KOMISJI WYBORCZEJ<\/span><\/strong><\/span><\/p>\n<p class=\"Tekstpraswki\" style=\"text-align: justify;\"><span style=\"font-size: 12pt; font-family: 'Calibri',sans-serif;\">Trybuna\u0142 Konstytucyjny stwierdzi\u0142, i\u017c art. 420 &sect; 2 zdanie drugie ustawy z&nbsp;dnia 5&nbsp;stycznia&nbsp;2011 r. &#8211; Kodeks wyborczy (Dz. U. Nr 21, poz. 112, z&nbsp;p&oacute;\u017an. zm.) jest niezgodny z&nbsp;art. 45 ust. 1 w&nbsp;zwi\u0105zku z&nbsp;art. 77 ust. 2 oraz z&nbsp;art. 165 ust. 2 Konstytucji Rzeczypospolitej Polskiej<strong> &#8211; Wyrok Trybuna\u0142u Konstytucyjnego z&nbsp;dnia 6 kwietnia 2016 r., sygn. akt P 5\/14.<\/strong><\/span><\/p>\n<p>&nbsp;<\/p>\n<p class=\"Dziedzinaprawa\" style=\"text-align: justify;\"><span style=\"font-size: 12pt;\"><strong><span style=\"font-family: 'Calibri',sans-serif;\">PRZYWR&Oacute;CENI<\/span><span style=\"font-family: 'Calibri',sans-serif;\">E<\/span><span style=\"font-family: 'Calibri',sans-serif;\"> FUNKCJONARIUSZA CELNEGO DO S\u0141U\u017bBY NA POPRZEDNICH WARUNKACH W&nbsp;RAZIE UMORZENI<\/span><span style=\"font-family: 'Calibri',sans-serif;\">A<\/span><span style=\"font-family: 'Calibri',sans-serif;\"> WOBEC NIEGO POST\u0118POWANIA KARNEGO<\/span><\/strong><\/span><\/p>\n<p class=\"Tekstpraswki\" style=\"text-align: justify;\"><span style=\"font-size: 12pt; font-family: 'Calibri',sans-serif;\">Trybuna\u0142 Konstytucyjny stwierdzi\u0142, i\u017c art. 109 ust. 1 pkt 1 ustawy z&nbsp;27 sierpnia 2009 r. o&nbsp;S\u0142u\u017cbie Celnej (j.t. Dz.U.2015.990, ze zm.) w&nbsp;zakresie, w&nbsp;jakim nie obejmuje przywr&oacute;cenia funkcjonariusza celnego na jego wniosek do s\u0142u\u017cby na poprzednich warunkach w&nbsp;razie prawomocnego orzeczenia o&nbsp;umorzeniu wobec niego post\u0119powania karnego na podstawie art. 17 &sect; 1 pkt 3 ustawy z&nbsp;6 czerwca 1997 r. &#8211; Kodeks post\u0119powania karnego (Dz.U.89.555, ze zm.), jest zgodny z&nbsp;art. 32 ust. 1 Konstytucji Rzeczypospolitej Polskiej oraz nie jest niezgodny z&nbsp;art. 42 ust. 3 Konstytucji <strong>&ndash; Wyrok&nbsp;Trybuna\u0142u Konstytucyjnego z&nbsp;dnia 6 kwietnia 2016 r., sygn. akt P 2\/14.<\/strong><\/span><\/p>\n<p>&nbsp;<\/p>\n<p class=\"Dziedzinaprawa\" style=\"text-align: justify;\"><span style=\"font-size: 12pt;\"><strong><span style=\"font-family: 'Calibri',sans-serif;\">ZAKRES IMMUNITETU PARLAMENTARNEGO<\/span><\/strong><\/span><\/p>\n<p class=\"Tekstpraswki\" style=\"text-align: justify;\"><span style=\"font-size: 12pt; font-family: 'Calibri',sans-serif;\">Trybuna\u0142 Konstytucyjny stwierdzi\u0142, i\u017c art. 6 ust. 2 ustawy z&nbsp;dnia 9 maja 1996 r. o&nbsp;wykonywaniu mandatu pos\u0142a i&nbsp;senatora (Dz. U. z&nbsp;2015 r. poz. 1605), w&nbsp;cz\u0119\u015bci obejmuj\u0105cej wyrazy &#8220;a tak\u017ce inn\u0105 dzia\u0142alno\u015b\u0107 zwi\u0105zan\u0105 nieod\u0142\u0105cznie ze sprawowaniem mandatu&#8221;, jest zgodny z&nbsp;art. 2 oraz art. 105 ust. 1 Konstytucji Rzeczypospolitej Polskiej <strong>&#8211; Wyrok Trybuna\u0142u Konstytucyjnego z&nbsp;dnia 21 kwietnia 2016 r., sygn. akt K 2\/14.<\/strong><\/span><\/p>\n<p>&nbsp;<\/p>\n<p class=\"Dziedzinaprawa\" style=\"text-align: justify;\"><span style=\"font-size: 12pt;\"><strong><span style=\"font-family: 'Calibri',sans-serif;\">NOWELIZACJA USTAWY O&nbsp;TRYBUNALE KONSTYTUCYJNYM<\/span><\/strong><\/span><\/p>\n<p class=\"Tekstpraswki\" style=\"text-align: justify;\"><span style=\"font-size: 12pt;\"><strong><span style=\"font-family: 'Calibri',sans-serif;\">Wyrok<\/span><\/strong><strong><span style=\"font-family: 'Calibri',sans-serif;\">Trybuna\u0142u Konstytucyjnego<\/span><\/strong><strong><span style=\"font-family: 'Calibri',sans-serif;\">z dnia 9 marca 2016 r.<\/span><\/strong><strong><span style=\"font-family: 'Calibri',sans-serif;\">, sygn. akt <\/span><\/strong><strong><span style=\"font-family: 'Calibri',sans-serif;\">K 47\/15<\/span><\/strong><strong><span style=\"font-family: 'Calibri',sans-serif;\">.<\/span><\/strong><\/span><\/p>\n<p>&nbsp;<\/p>\n","protected":false},"excerpt":{"rendered":"<p>We would like to present the next issue of legal bulletin of the Law Office of Adam Polowiec.What you will find here is some information about the new provisions of law and the projects of amendments to acts, but also case-laws including the case laws of Supreme Court, Constitutional Tribunal and European Court of Justice.<\/p>\n","protected":false},"author":3,"featured_media":0,"comment_status":"closed","ping_status":"open","sticky":false,"template":"","format":"standard","meta":{"footnotes":""},"categories":[2],"tags":[],"class_list":["post-637","post","type-post","status-publish","format-standard","hentry","category-wpisy"],"featured_image_src":{"landsacpe":false,"list":false,"medium":false,"full":false},"yoast_head":"<!-- This site is optimized with the Yoast SEO plugin v27.2 - https:\/\/yoast.com\/product\/yoast-seo-wordpress\/ -->\n<title>Legal Bulletin Of The Law Office Of Adam Polowiec (18 - 24 April 2016) - Polowiec i Wsp\u00f3lnicy - Kancelaria prawna<\/title>\n<meta name=\"robots\" content=\"index, follow, max-snippet:-1, max-image-preview:large, max-video-preview:-1\" \/>\n<link rel=\"canonical\" href=\"https:\/\/polowiec.pl\/en\/legal-bulletin-of-the-law-office-of-adam-polowiec-18-24-april-2016\/\" \/>\n<meta property=\"og:locale\" content=\"en_US\" \/>\n<meta property=\"og:type\" content=\"article\" \/>\n<meta property=\"og:title\" content=\"Legal Bulletin Of The Law Office Of Adam Polowiec (18 - 24 April 2016) - Polowiec i Wsp\u00f3lnicy - Kancelaria prawna\" \/>\n<meta property=\"og:description\" content=\"We would like to present the next issue of legal bulletin of the Law Office of Adam Polowiec.What you will find here is some information about the new provisions of law and the projects of amendments to acts, but also case-laws including the case laws of Supreme Court, Constitutional Tribunal and European Court of Justice.\" \/>\n<meta property=\"og:url\" content=\"https:\/\/polowiec.pl\/en\/legal-bulletin-of-the-law-office-of-adam-polowiec-18-24-april-2016\/\" \/>\n<meta property=\"og:site_name\" content=\"Polowiec i Wsp\u00f3lnicy - Kancelaria prawna\" \/>\n<meta property=\"article:publisher\" content=\"https:\/\/www.facebook.com\/polowieciwspolnicy\/\" \/>\n<meta property=\"article:published_time\" content=\"2016-05-26T17:10:47+00:00\" \/>\n<meta property=\"article:modified_time\" content=\"2019-04-18T17:32:19+00:00\" \/>\n<meta name=\"author\" content=\"Marcin Rusinek\" \/>\n<meta name=\"twitter:card\" content=\"summary_large_image\" \/>\n<meta name=\"twitter:label1\" content=\"Written by\" \/>\n\t<meta name=\"twitter:data1\" content=\"Marcin Rusinek\" \/>\n\t<meta name=\"twitter:label2\" content=\"Est. reading time\" \/>\n\t<meta name=\"twitter:data2\" content=\"24 minutes\" \/>\n<script type=\"application\/ld+json\" class=\"yoast-schema-graph\">{\"@context\":\"https:\/\/schema.org\",\"@graph\":[{\"@type\":\"Article\",\"@id\":\"https:\/\/polowiec.pl\/en\/legal-bulletin-of-the-law-office-of-adam-polowiec-18-24-april-2016\/#article\",\"isPartOf\":{\"@id\":\"https:\/\/polowiec.pl\/en\/legal-bulletin-of-the-law-office-of-adam-polowiec-18-24-april-2016\/\"},\"author\":{\"name\":\"Marcin Rusinek\",\"@id\":\"https:\/\/polowiec.pl\/en\/#\/schema\/person\/74c7526b6f52be5ae94031504f9ffec4\"},\"headline\":\"Legal Bulletin Of The Law Office Of Adam Polowiec (18 &#8211; 24 April 2016)\",\"datePublished\":\"2016-05-26T17:10:47+00:00\",\"dateModified\":\"2019-04-18T17:32:19+00:00\",\"mainEntityOfPage\":{\"@id\":\"https:\/\/polowiec.pl\/en\/legal-bulletin-of-the-law-office-of-adam-polowiec-18-24-april-2016\/\"},\"wordCount\":4898,\"publisher\":{\"@id\":\"https:\/\/polowiec.pl\/en\/#organization\"},\"articleSection\":[\"Wpisy\"],\"inLanguage\":\"en-US\"},{\"@type\":\"WebPage\",\"@id\":\"https:\/\/polowiec.pl\/en\/legal-bulletin-of-the-law-office-of-adam-polowiec-18-24-april-2016\/\",\"url\":\"https:\/\/polowiec.pl\/en\/legal-bulletin-of-the-law-office-of-adam-polowiec-18-24-april-2016\/\",\"name\":\"Legal Bulletin Of The Law Office Of Adam Polowiec (18 - 24 April 2016) - Polowiec i Wsp\u00f3lnicy - Kancelaria prawna\",\"isPartOf\":{\"@id\":\"https:\/\/polowiec.pl\/en\/#website\"},\"datePublished\":\"2016-05-26T17:10:47+00:00\",\"dateModified\":\"2019-04-18T17:32:19+00:00\",\"breadcrumb\":{\"@id\":\"https:\/\/polowiec.pl\/en\/legal-bulletin-of-the-law-office-of-adam-polowiec-18-24-april-2016\/#breadcrumb\"},\"inLanguage\":\"en-US\",\"potentialAction\":[{\"@type\":\"ReadAction\",\"target\":[\"https:\/\/polowiec.pl\/en\/legal-bulletin-of-the-law-office-of-adam-polowiec-18-24-april-2016\/\"]}]},{\"@type\":\"BreadcrumbList\",\"@id\":\"https:\/\/polowiec.pl\/en\/legal-bulletin-of-the-law-office-of-adam-polowiec-18-24-april-2016\/#breadcrumb\",\"itemListElement\":[{\"@type\":\"ListItem\",\"position\":1,\"name\":\"Strona g\u0142\u00f3wna\",\"item\":\"https:\/\/polowiec.pl\/en\/\"},{\"@type\":\"ListItem\",\"position\":2,\"name\":\"Legal Bulletin Of The Law Office Of Adam Polowiec (18 &#8211; 24 April 2016)\"}]},{\"@type\":\"WebSite\",\"@id\":\"https:\/\/polowiec.pl\/en\/#website\",\"url\":\"https:\/\/polowiec.pl\/en\/\",\"name\":\"Polowiec i Wsp\u00f3lnicy - Kancelaria prawna\",\"description\":\"Obs\u0142uga prawna\",\"publisher\":{\"@id\":\"https:\/\/polowiec.pl\/en\/#organization\"},\"potentialAction\":[{\"@type\":\"SearchAction\",\"target\":{\"@type\":\"EntryPoint\",\"urlTemplate\":\"https:\/\/polowiec.pl\/en\/?s={search_term_string}\"},\"query-input\":{\"@type\":\"PropertyValueSpecification\",\"valueRequired\":true,\"valueName\":\"search_term_string\"}}],\"inLanguage\":\"en-US\"},{\"@type\":\"Organization\",\"@id\":\"https:\/\/polowiec.pl\/en\/#organization\",\"name\":\"Polowiec i Wsp\u00f3lnicy - Kancelaria prawna\",\"url\":\"https:\/\/polowiec.pl\/en\/\",\"logo\":{\"@type\":\"ImageObject\",\"inLanguage\":\"en-US\",\"@id\":\"https:\/\/polowiec.pl\/en\/#\/schema\/logo\/image\/\",\"url\":\"https:\/\/polowiec.pl\/wp-content\/uploads\/2018\/10\/polowiec_logo2-1.png\",\"contentUrl\":\"https:\/\/polowiec.pl\/wp-content\/uploads\/2018\/10\/polowiec_logo2-1.png\",\"width\":540,\"height\":381,\"caption\":\"Polowiec i Wsp\u00f3lnicy - Kancelaria prawna\"},\"image\":{\"@id\":\"https:\/\/polowiec.pl\/en\/#\/schema\/logo\/image\/\"},\"sameAs\":[\"https:\/\/www.facebook.com\/polowieciwspolnicy\/\",\"https:\/\/www.linkedin.com\/company\/polowiec-i-wsplnicy-sp.j.\/about\/\"]},{\"@type\":\"Person\",\"@id\":\"https:\/\/polowiec.pl\/en\/#\/schema\/person\/74c7526b6f52be5ae94031504f9ffec4\",\"name\":\"Marcin Rusinek\",\"image\":{\"@type\":\"ImageObject\",\"inLanguage\":\"en-US\",\"@id\":\"https:\/\/secure.gravatar.com\/avatar\/b50a0a5c3e71d904f5e57a757d39977d01c43e075c6bf5b4df909ffbbe004790?s=96&d=mm&r=g\",\"url\":\"https:\/\/secure.gravatar.com\/avatar\/b50a0a5c3e71d904f5e57a757d39977d01c43e075c6bf5b4df909ffbbe004790?s=96&d=mm&r=g\",\"contentUrl\":\"https:\/\/secure.gravatar.com\/avatar\/b50a0a5c3e71d904f5e57a757d39977d01c43e075c6bf5b4df909ffbbe004790?s=96&d=mm&r=g\",\"caption\":\"Marcin Rusinek\"}}]}<\/script>\n<!-- \/ Yoast SEO plugin. -->","yoast_head_json":{"title":"Legal Bulletin Of The Law Office Of Adam Polowiec (18 - 24 April 2016) - Polowiec i Wsp\u00f3lnicy - Kancelaria prawna","robots":{"index":"index","follow":"follow","max-snippet":"max-snippet:-1","max-image-preview":"max-image-preview:large","max-video-preview":"max-video-preview:-1"},"canonical":"https:\/\/polowiec.pl\/en\/legal-bulletin-of-the-law-office-of-adam-polowiec-18-24-april-2016\/","og_locale":"en_US","og_type":"article","og_title":"Legal Bulletin Of The Law Office Of Adam Polowiec (18 - 24 April 2016) - Polowiec i Wsp\u00f3lnicy - Kancelaria prawna","og_description":"We would like to present the next issue of legal bulletin of the Law Office of Adam Polowiec.What you will find here is some information about the new provisions of law and the projects of amendments to acts, but also case-laws including the case laws of Supreme Court, Constitutional Tribunal and European Court of Justice.","og_url":"https:\/\/polowiec.pl\/en\/legal-bulletin-of-the-law-office-of-adam-polowiec-18-24-april-2016\/","og_site_name":"Polowiec i Wsp\u00f3lnicy - Kancelaria prawna","article_publisher":"https:\/\/www.facebook.com\/polowieciwspolnicy\/","article_published_time":"2016-05-26T17:10:47+00:00","article_modified_time":"2019-04-18T17:32:19+00:00","author":"Marcin Rusinek","twitter_card":"summary_large_image","twitter_misc":{"Written by":"Marcin Rusinek","Est. reading time":"24 minutes"},"schema":{"@context":"https:\/\/schema.org","@graph":[{"@type":"Article","@id":"https:\/\/polowiec.pl\/en\/legal-bulletin-of-the-law-office-of-adam-polowiec-18-24-april-2016\/#article","isPartOf":{"@id":"https:\/\/polowiec.pl\/en\/legal-bulletin-of-the-law-office-of-adam-polowiec-18-24-april-2016\/"},"author":{"name":"Marcin Rusinek","@id":"https:\/\/polowiec.pl\/en\/#\/schema\/person\/74c7526b6f52be5ae94031504f9ffec4"},"headline":"Legal Bulletin Of The Law Office Of Adam Polowiec (18 &#8211; 24 April 2016)","datePublished":"2016-05-26T17:10:47+00:00","dateModified":"2019-04-18T17:32:19+00:00","mainEntityOfPage":{"@id":"https:\/\/polowiec.pl\/en\/legal-bulletin-of-the-law-office-of-adam-polowiec-18-24-april-2016\/"},"wordCount":4898,"publisher":{"@id":"https:\/\/polowiec.pl\/en\/#organization"},"articleSection":["Wpisy"],"inLanguage":"en-US"},{"@type":"WebPage","@id":"https:\/\/polowiec.pl\/en\/legal-bulletin-of-the-law-office-of-adam-polowiec-18-24-april-2016\/","url":"https:\/\/polowiec.pl\/en\/legal-bulletin-of-the-law-office-of-adam-polowiec-18-24-april-2016\/","name":"Legal Bulletin Of The Law Office Of Adam Polowiec (18 - 24 April 2016) - Polowiec i Wsp\u00f3lnicy - Kancelaria prawna","isPartOf":{"@id":"https:\/\/polowiec.pl\/en\/#website"},"datePublished":"2016-05-26T17:10:47+00:00","dateModified":"2019-04-18T17:32:19+00:00","breadcrumb":{"@id":"https:\/\/polowiec.pl\/en\/legal-bulletin-of-the-law-office-of-adam-polowiec-18-24-april-2016\/#breadcrumb"},"inLanguage":"en-US","potentialAction":[{"@type":"ReadAction","target":["https:\/\/polowiec.pl\/en\/legal-bulletin-of-the-law-office-of-adam-polowiec-18-24-april-2016\/"]}]},{"@type":"BreadcrumbList","@id":"https:\/\/polowiec.pl\/en\/legal-bulletin-of-the-law-office-of-adam-polowiec-18-24-april-2016\/#breadcrumb","itemListElement":[{"@type":"ListItem","position":1,"name":"Strona g\u0142\u00f3wna","item":"https:\/\/polowiec.pl\/en\/"},{"@type":"ListItem","position":2,"name":"Legal Bulletin Of The Law Office Of Adam Polowiec (18 &#8211; 24 April 2016)"}]},{"@type":"WebSite","@id":"https:\/\/polowiec.pl\/en\/#website","url":"https:\/\/polowiec.pl\/en\/","name":"Polowiec i Wsp\u00f3lnicy - Kancelaria prawna","description":"Obs\u0142uga prawna","publisher":{"@id":"https:\/\/polowiec.pl\/en\/#organization"},"potentialAction":[{"@type":"SearchAction","target":{"@type":"EntryPoint","urlTemplate":"https:\/\/polowiec.pl\/en\/?s={search_term_string}"},"query-input":{"@type":"PropertyValueSpecification","valueRequired":true,"valueName":"search_term_string"}}],"inLanguage":"en-US"},{"@type":"Organization","@id":"https:\/\/polowiec.pl\/en\/#organization","name":"Polowiec i Wsp\u00f3lnicy - Kancelaria prawna","url":"https:\/\/polowiec.pl\/en\/","logo":{"@type":"ImageObject","inLanguage":"en-US","@id":"https:\/\/polowiec.pl\/en\/#\/schema\/logo\/image\/","url":"https:\/\/polowiec.pl\/wp-content\/uploads\/2018\/10\/polowiec_logo2-1.png","contentUrl":"https:\/\/polowiec.pl\/wp-content\/uploads\/2018\/10\/polowiec_logo2-1.png","width":540,"height":381,"caption":"Polowiec i Wsp\u00f3lnicy - Kancelaria prawna"},"image":{"@id":"https:\/\/polowiec.pl\/en\/#\/schema\/logo\/image\/"},"sameAs":["https:\/\/www.facebook.com\/polowieciwspolnicy\/","https:\/\/www.linkedin.com\/company\/polowiec-i-wsplnicy-sp.j.\/about\/"]},{"@type":"Person","@id":"https:\/\/polowiec.pl\/en\/#\/schema\/person\/74c7526b6f52be5ae94031504f9ffec4","name":"Marcin Rusinek","image":{"@type":"ImageObject","inLanguage":"en-US","@id":"https:\/\/secure.gravatar.com\/avatar\/b50a0a5c3e71d904f5e57a757d39977d01c43e075c6bf5b4df909ffbbe004790?s=96&d=mm&r=g","url":"https:\/\/secure.gravatar.com\/avatar\/b50a0a5c3e71d904f5e57a757d39977d01c43e075c6bf5b4df909ffbbe004790?s=96&d=mm&r=g","contentUrl":"https:\/\/secure.gravatar.com\/avatar\/b50a0a5c3e71d904f5e57a757d39977d01c43e075c6bf5b4df909ffbbe004790?s=96&d=mm&r=g","caption":"Marcin Rusinek"}}]}},"_links":{"self":[{"href":"https:\/\/polowiec.pl\/en\/wp-json\/wp\/v2\/posts\/637","targetHints":{"allow":["GET"]}}],"collection":[{"href":"https:\/\/polowiec.pl\/en\/wp-json\/wp\/v2\/posts"}],"about":[{"href":"https:\/\/polowiec.pl\/en\/wp-json\/wp\/v2\/types\/post"}],"author":[{"embeddable":true,"href":"https:\/\/polowiec.pl\/en\/wp-json\/wp\/v2\/users\/3"}],"replies":[{"embeddable":true,"href":"https:\/\/polowiec.pl\/en\/wp-json\/wp\/v2\/comments?post=637"}],"version-history":[{"count":0,"href":"https:\/\/polowiec.pl\/en\/wp-json\/wp\/v2\/posts\/637\/revisions"}],"wp:attachment":[{"href":"https:\/\/polowiec.pl\/en\/wp-json\/wp\/v2\/media?parent=637"}],"wp:term":[{"taxonomy":"category","embeddable":true,"href":"https:\/\/polowiec.pl\/en\/wp-json\/wp\/v2\/categories?post=637"},{"taxonomy":"post_tag","embeddable":true,"href":"https:\/\/polowiec.pl\/en\/wp-json\/wp\/v2\/tags?post=637"}],"curies":[{"name":"wp","href":"https:\/\/api.w.org\/{rel}","templated":true}]}}