{"id":639,"date":"2016-05-26T19:26:48","date_gmt":"2016-05-26T17:26:48","guid":{"rendered":"https:\/\/nowa.polowiec.pl\/legal-bulletin-of-the-law-office-of-adam-polowiec-25-april-1-may-2016\/"},"modified":"2019-04-18T19:31:26","modified_gmt":"2019-04-18T17:31:26","slug":"legal-bulletin-of-the-law-office-of-adam-polowiec-25-april-1-may-2016","status":"publish","type":"post","link":"https:\/\/polowiec.pl\/en\/legal-bulletin-of-the-law-office-of-adam-polowiec-25-april-1-may-2016\/","title":{"rendered":"Legal Bulletin Of The Law Office Of Adam Polowiec (25 April &#8211; 1 May 2016)"},"content":{"rendered":"<p>We would like to present the next issue of legal bulletin of the Law Office of Adam Polowiec.<br \/>What you will find here is some information about the new provisions of law and the projects of amendments to acts, but also case-laws including the case laws of Supreme Court, Constitutional Tribunal and European Court of Justice.<\/p>\n<p>  <!--more-->  <\/p>\n<p class=\"NowePrawo\"><span style=\"font-size: 12pt;\"><strong><span style=\"font-family: 'Calibri',sans-serif;\">_____Nowe Prawo<\/span><\/strong><\/span><\/p>\n<p class=\"Dziedzinaprawa\"><span style=\"font-size: 12pt;\"><strong><span style=\"font-family: 'Calibri',sans-serif;\">SPRZEDA\u017b NIERUCHOMO\u015aCI ZASOBU W\u0141ASNO\u015aCI ROLNEJ SKARBU PA\u0143STWA<\/span><\/strong><\/span><\/p>\n<p class=\"Tekstpraswki\"><span style=\"font-size: 12pt;\"><strong><span style=\"font-family: 'Calibri',sans-serif;\">U<\/span><\/strong><strong><span style=\"font-family: 'Calibri',sans-serif;\">stawa <\/span><\/strong><span style=\"font-family: 'Calibri',sans-serif;\">z dnia 14 kwietnia 2016 r.<\/span><span style=\"font-family: 'Calibri',sans-serif;\">o wstrzymaniu sprzeda\u017cy nieruchomo\u015bci Zasobu W\u0142asno\u015bci Rolnej Skarbu Pa\u0144stwa oraz o&nbsp;zmianie niekt&oacute;rych ustaw<\/span><span style=\"font-family: 'Calibri',sans-serif;\"> (Dz.&nbsp;U.&nbsp;z&nbsp;2016&nbsp;r.,&nbsp;poz.&nbsp;585) &#8211; <\/span><strong><span style=\"font-family: 'Calibri',sans-serif;\">we<\/span><\/strong><strong><span style=\"font-family: 'Calibri',sans-serif;\">sz\u0142a<\/span><\/strong><strong><span style=\"font-family: 'Calibri',sans-serif;\"> w<\/span><\/strong><strong><span style=\"font-family: 'Calibri',sans-serif;\">\u017cycie z&nbsp;dniem<\/span><\/strong><strong><span style=\"font-family: 'Calibri',sans-serif;\"> 30 kwietnia <\/span><\/strong><strong><span style=\"font-family: 'Calibri',sans-serif;\">2016 r.<\/span><\/strong><\/span><\/p>\n<p>&nbsp;<\/p>\n<p class=\"Dziedzinaprawa\"><span style=\"font-size: 12pt;\"><strong><span style=\"font-family: 'Calibri',sans-serif;\">DZIA\u0141ALNO\u015a\u0106 PO\u017bYTKU PUBLICZNEGO I&nbsp;WOLONTARIAT<\/span><\/strong><\/span><\/p>\n<p class=\"Tekstpraswki\"><span style=\"font-size: 12pt;\"><strong><span style=\"font-family: 'Calibri',sans-serif;\">Rozporz\u0105dzenie<\/span><\/strong><span style=\"font-family: 'Calibri',sans-serif;\"> Ministra<\/span><span style=\"font-family: 'Calibri',sans-serif;\">Rodziny, Pracy i&nbsp;Polityki Spo\u0142ecznej <\/span><span style=\"font-family: 'Calibri',sans-serif;\">z dnia 14 kwietnia 2016 r.<\/span><span style=\"font-family: 'Calibri',sans-serif;\">w sprawie uproszczonego wzoru oferty i&nbsp;uproszczonego wzoru sprawozdania z&nbsp;realizacji zadania publicznego<\/span><span style=\"font-family: 'Calibri',sans-serif;\"> (Dz. U. z&nbsp;2016 r., poz. 570) &#8211; <\/span><strong><span style=\"font-family: 'Calibri',sans-serif;\">we<\/span><\/strong><strong><span style=\"font-family: 'Calibri',sans-serif;\">jdzie<\/span><\/strong><strong><span style=\"font-family: 'Calibri',sans-serif;\"> w<\/span><\/strong><strong><span style=\"font-family: 'Calibri',sans-serif;\">\u017cycie z&nbsp;dniem<\/span><\/strong><strong><span style=\"font-family: 'Calibri',sans-serif;\"> 10&nbsp;maja&nbsp;<\/span><\/strong><strong><span style=\"font-family: 'Calibri',sans-serif;\">2016 r.<\/span><\/strong><\/span><\/p>\n<p>&nbsp;<\/p>\n<p class=\"Dziedzinaprawa\"><span style=\"font-size: 12pt;\"><strong><span style=\"font-family: 'Calibri',sans-serif;\">SPECJALNE STREFY EKONOMICZNE<\/span><\/strong><\/span><\/p>\n<p class=\"Tekstpraswki\"><span style=\"font-size: 12pt;\"><strong><span style=\"font-family: 'Calibri',sans-serif;\">Rozporz\u0105dzenie<\/span><\/strong><span style=\"font-family: 'Calibri',sans-serif;\"> Rady Ministr&oacute;w <\/span><span style=\"font-family: 'Calibri',sans-serif;\">z dnia 11 kwietnia 2016 r.<\/span><span style=\"font-family: 'Calibri',sans-serif;\">zmieniaj\u0105ce rozporz\u0105dzenie w&nbsp;sprawie krakowskiej specjalnej strefy ekonomicznej<\/span><span style=\"font-family: 'Calibri',sans-serif;\"> (Dz. U. z&nbsp;2016 r., poz. 571) &#8211; <\/span><strong><span style=\"font-family: 'Calibri',sans-serif;\">we<\/span><\/strong><strong><span style=\"font-family: 'Calibri',sans-serif;\">jdzie<\/span><\/strong><strong><span style=\"font-family: 'Calibri',sans-serif;\"> w<\/span><\/strong><strong><span style=\"font-family: 'Calibri',sans-serif;\">\u017cycie z&nbsp;dniem<\/span><\/strong><strong><span style=\"font-family: 'Calibri',sans-serif;\"> 10 maja <\/span><\/strong><strong><span style=\"font-family: 'Calibri',sans-serif;\">2016 r.<\/span><\/strong><\/span><\/p>\n<p class=\"Omwienie\"><span style=\"font-size: 12pt;\"><span style=\"font-family: 'Calibri',sans-serif;\">W rozporz\u0105dzeniu Rady Ministr&oacute;w z&nbsp;dnia 15 grudnia 2008 r. w&nbsp;sprawie krakowskiej specjalnej strefy ekonomicznej (Dz. U. z&nbsp;2015 r. poz. 760)<\/span><span style=\"font-family: 'Calibri',sans-serif;\"> zmianie ulegnie brzmienie &sect;&nbsp;1&nbsp;ust. 2, za\u0142\u0105cznika do rozporz\u0105dzenia SZCZEG&Oacute;\u0141OWY OPIS GRANIC I&nbsp;TERENU KRAKOWSKIEGO PARKU TECHNOLOGICZNEGO.<\/span><\/span><\/p>\n<p>&nbsp;<\/p>\n<p class=\"Dziedzinaprawa\"><span style=\"font-size: 12pt;\"><strong><span style=\"font-family: 'Calibri',sans-serif;\">TRANSPORT<\/span><\/strong><\/span><\/p>\n<p class=\"Tekstpraswki\"><span style=\"font-size: 12pt;\"><strong><span style=\"font-family: 'Calibri',sans-serif;\">Rozporz\u0105dzenie<\/span><\/strong><span style=\"font-family: 'Calibri',sans-serif;\"> Ministra Infrastruktury i&nbsp;Budownictwa <\/span><span style=\"font-family: 'Calibri',sans-serif;\">z dnia 12 kwietnia 2016 r.<\/span><span style=\"font-family: 'Calibri',sans-serif;\">zmieniaj\u0105ce rozporz\u0105dzenie w&nbsp;sprawie zawarto\u015bci raportu z&nbsp;post\u0119powania w&nbsp;sprawie powa\u017cnego wypadku, wypadku lub incydentu kolejowego<\/span><span style=\"font-family: 'Calibri',sans-serif;\"> (Dz. U. z&nbsp;2016 r., poz. 560) &#8211; <\/span><strong><span style=\"font-family: 'Calibri',sans-serif;\">we<\/span><\/strong><strong><span style=\"font-family: 'Calibri',sans-serif;\">jdzie<\/span><\/strong><strong><span style=\"font-family: 'Calibri',sans-serif;\"> w<\/span><\/strong><strong><span style=\"font-family: 'Calibri',sans-serif;\">\u017cycie z&nbsp;dniem<\/span><\/strong><strong><span style=\"font-family: 'Calibri',sans-serif;\"> 6 maja <\/span><\/strong><strong><span style=\"font-family: 'Calibri',sans-serif;\">2016 r.<\/span><\/strong><\/span><\/p>\n<p class=\"Omwienie\"><span style=\"font-size: 12pt;\"><span style=\"font-family: 'Calibri',sans-serif;\">W rozporz\u0105dzeniu Ministra Transportu z&nbsp;dnia 19 lutego 2007 r. w&nbsp;sprawie zawarto\u015bci raportu z&nbsp;post\u0119powania w&nbsp;sprawie powa\u017cnego wypadku, wypadku lub incydentu kolejowego (Dz. U. poz. 268)<\/span><span style=\"font-family: 'Calibri',sans-serif;\"> zmianie ulegnie brzmienie &sect; 3, za\u0142\u0105cznika do rozporz\u0105dzenia.<\/span><\/span><\/p>\n<p class=\"Tekstpraswki\"><span style=\"font-size: 12pt;\"><strong><span style=\"font-family: 'Calibri',sans-serif;\">Rozporz\u0105dzenie<\/span><\/strong><span style=\"font-family: 'Calibri',sans-serif;\"> Ministra Infrastruktury i&nbsp;Budownictwa <\/span><span style=\"font-family: 'Calibri',sans-serif;\">z dnia 20 kwietnia 2016 r.<\/span><span style=\"font-family: 'Calibri',sans-serif;\">w<\/span><span style=\"font-family: 'Calibri',sans-serif;\">sprawie zmiany rozporz\u0105dzenia zmieniaj\u0105cego rozporz\u0105dzenie w&nbsp;sprawie wymaga\u0144 w<\/span><span style=\"font-family: 'Calibri',sans-serif;\">zakresie odleg\u0142o\u015bci i&nbsp;warunk&oacute;w dopuszczaj\u0105cych usytuowanie drzew i&nbsp;krzew&oacute;w, element&oacute;w ochrony akustycznej i&nbsp;wykonywania rob&oacute;t ziemnych w&nbsp;s\u0105siedztwie linii kolejowej, a&nbsp;tak\u017ce sposobu urz\u0105dzania i&nbsp;utrzymywania zas\u0142on od\u015bnie\u017cnych oraz pas&oacute;w przeciwpo\u017carowych<\/span><span style=\"font-family: 'Calibri',sans-serif;\"> (Dz. U. z&nbsp;2016 r., poz. 563) &#8211; <\/span><strong><span style=\"font-family: 'Calibri',sans-serif;\">we<\/span><\/strong><strong><span style=\"font-family: 'Calibri',sans-serif;\">sz\u0142o<\/span><\/strong><strong><span style=\"font-family: 'Calibri',sans-serif;\"> w<\/span><\/strong><strong><span style=\"font-family: 'Calibri',sans-serif;\">\u017cycie z&nbsp;dniem<\/span><\/strong><strong><span style=\"font-family: 'Calibri',sans-serif;\"> 23&nbsp;kwietnia&nbsp;<\/span><\/strong><strong><span style=\"font-family: 'Calibri',sans-serif;\">2016 r.<\/span><\/strong><\/span><\/p>\n<p class=\"Omwienie\"><span style=\"font-size: 12pt;\"><span style=\"font-family: 'Calibri',sans-serif;\">W rozporz\u0105dzeniu Ministra Transportu, Budownictwa i&nbsp;Gospodarki Morskiej z&nbsp;dnia 15<\/span><span style=\"font-family: 'Calibri',sans-serif;\">marca 2013 r. zmieniaj\u0105cym rozporz\u0105dzenie w&nbsp;sprawie wymaga\u0144 w&nbsp;zakresie odleg\u0142o\u015bci i&nbsp;warunk&oacute;w dopuszczaj\u0105cych usytuowanie drzew i&nbsp;krzew&oacute;w, element&oacute;w ochrony akustycznej i&nbsp;wykonywania rob&oacute;t ziemnych w&nbsp;s\u0105siedztwie linii kolejowej, a&nbsp;tak\u017ce sposobu urz\u0105dzania i&nbsp;utrzymywania zas\u0142on od\u015bnie\u017cnych oraz pas&oacute;w przeciwpo\u017carowych (Dz.<\/span><span style=\"font-family: 'Calibri',sans-serif;\">U.<\/span><span style=\"font-family: 'Calibri',sans-serif;\">poz. 435 oraz z&nbsp;2014 r. poz. 403) <\/span><span style=\"font-family: 'Calibri',sans-serif;\">zmianie uleg\u0142o brzmienie <\/span><span style=\"font-family: 'Calibri',sans-serif;\">&sect; 2<\/span><span style=\"font-family: 'Calibri',sans-serif;\">.<\/span><\/span><\/p>\n<p>&nbsp;<\/p>\n<p class=\"Dziedzinaprawa\"><span style=\"font-size: 12pt;\"><strong><span style=\"font-family: 'Calibri',sans-serif;\">RACHUNKOWO\u015a\u0106<\/span><\/strong><\/span><\/p>\n<p class=\"Tekstpraswki\"><span style=\"font-size: 12pt;\"><strong><span style=\"font-family: 'Calibri',sans-serif;\">Rozporz\u0105dzenie<\/span><\/strong><span style=\"font-family: 'Calibri',sans-serif;\"> Ministra Finans&oacute;w <\/span><span style=\"font-family: 'Calibri',sans-serif;\">z dnia 12 kwietnia 2016 r.<\/span><span style=\"font-family: 'Calibri',sans-serif;\">w sprawie szczeg&oacute;lnych zasad rachunkowo\u015bci zak\u0142ad&oacute;w ubezpiecze\u0144 i&nbsp;zak\u0142ad&oacute;w reasekuracji<\/span><span style=\"font-family: 'Calibri',sans-serif;\"> (Dz.&nbsp;U.&nbsp;z&nbsp;2016&nbsp;r.,&nbsp;poz. 562) &#8211; <\/span><strong><span style=\"font-family: 'Calibri',sans-serif;\">we<\/span><\/strong><strong><span style=\"font-family: 'Calibri',sans-serif;\">jdzie<\/span><\/strong><strong><span style=\"font-family: 'Calibri',sans-serif;\"> w<\/span><\/strong><strong><span style=\"font-family: 'Calibri',sans-serif;\">\u017cycie z&nbsp;dniem<\/span><\/strong><strong><span style=\"font-family: 'Calibri',sans-serif;\"> 7 maja <\/span><\/strong><strong><span style=\"font-family: 'Calibri',sans-serif;\">2016 r.<\/span><\/strong><\/span><\/p>\n<p>&nbsp;<\/p>\n<p class=\"Dziedzinaprawa\"><span style=\"font-size: 12pt;\"><strong><span style=\"font-family: 'Calibri',sans-serif;\">OCHRONA ZDROWIA<\/span><\/strong><\/span><\/p>\n<p class=\"Tekstpraswki\"><span style=\"font-size: 12pt;\"><strong><span style=\"font-family: 'Calibri',sans-serif;\">U<\/span><\/strong><strong><span style=\"font-family: 'Calibri',sans-serif;\">stawa<\/span><\/strong><span style=\"font-family: 'Calibri',sans-serif;\">z dnia 13 kwietnia 2016 r.<\/span><span style=\"font-family: 'Calibri',sans-serif;\">zmieniaj\u0105ca ustaw\u0119 o&nbsp;zmianie ustawy o&nbsp;systemie informacji w&nbsp;ochronie zdrowia oraz niekt&oacute;rych innych ustaw<\/span><span style=\"font-family: 'Calibri',sans-serif;\"> (Dz. U. z&nbsp;2016 r., poz. 580) &#8211; <\/span><strong><span style=\"font-family: 'Calibri',sans-serif;\">we<\/span><\/strong><strong><span style=\"font-family: 'Calibri',sans-serif;\">sz\u0142a<\/span><\/strong><strong><span style=\"font-family: 'Calibri',sans-serif;\"> w<\/span><\/strong><strong><span style=\"font-family: 'Calibri',sans-serif;\">\u017cycie z&nbsp;dniem<\/span><\/strong><strong><span style=\"font-family: 'Calibri',sans-serif;\"> 30 kwietnia <\/span><\/strong><strong><span style=\"font-family: 'Calibri',sans-serif;\">2016 r.<\/span><\/strong><\/span><\/p>\n<p class=\"Omwienie\"><span style=\"font-size: 12pt;\"><span style=\"font-family: 'Calibri',sans-serif;\">W ustawie z&nbsp;dnia 9 pa\u017adziernika 2015 r. o&nbsp;zmianie ustawy o&nbsp;systemie informacji w<\/span><span style=\"font-family: 'Calibri',sans-serif;\">ochronie zdrowia oraz niekt&oacute;rych innych ustaw (Dz. U. poz. 1991 oraz z<\/span><span style=\"font-family: 'Calibri',sans-serif;\">2016<\/span><span style=\"font-family: 'Calibri',sans-serif;\">r.<\/span><span style=\"font-family: 'Calibri',sans-serif;\">poz.<\/span><span style=\"font-family: 'Calibri',sans-serif;\">65)<\/span><span style=\"font-family: 'Calibri',sans-serif;\"> zmianie uleg\u0142o brzmienie art. 21, art. 26, art. 48, art. 52, w&nbsp;art. 19, art. 20 ust. 1 i&nbsp;3, art. 21 ust. 1, 3 i&nbsp;4, art. 22 ust. 1-4, art. 23 ust. 1 i&nbsp;art. 24-27 wyrazy &#8220;1 maja 2016 r.&#8221; zast\u0105piono wyrazami &#8220;1 maja 2017 r.&#8221;, w&nbsp;art. 20 dodany zosta\u0142 ust. 2a.<\/span><\/span><\/p>\n<p class=\"Tekstpraswki\"><span style=\"font-size: 12pt;\"><strong><span style=\"font-family: 'Calibri',sans-serif;\">Rozporz\u0105dzenie<\/span><\/strong><span style=\"font-family: 'Calibri',sans-serif;\"> Ministra Zdrowia <\/span><span style=\"font-family: 'Calibri',sans-serif;\">z dnia 20 kwietnia 2016 r.<\/span><span style=\"font-family: 'Calibri',sans-serif;\">w sprawie okre\u015blenia wzoru karty indywidualnej ratownika medycznego<\/span><span style=\"font-family: 'Calibri',sans-serif;\"> (Dz. U. z&nbsp;2016 r., poz. 576) &#8211; <\/span><strong><span style=\"font-family: 'Calibri',sans-serif;\">we<\/span><\/strong><strong><span style=\"font-family: 'Calibri',sans-serif;\">jdzie<\/span><\/strong><strong><span style=\"font-family: 'Calibri',sans-serif;\"> w<\/span><\/strong><strong><span style=\"font-family: 'Calibri',sans-serif;\">\u017cycie z&nbsp;dniem<\/span><\/strong><strong><span style=\"font-family: 'Calibri',sans-serif;\"> 11 maja <\/span><\/strong><strong><span style=\"font-family: 'Calibri',sans-serif;\">2016 r.<\/span><\/strong><\/span><\/p>\n<p class=\"Tekstpraswki\"><span style=\"font-size: 12pt;\"><strong><span style=\"font-family: 'Calibri',sans-serif;\">Rozporz\u0105dzenie<\/span><\/strong><span style=\"font-family: 'Calibri',sans-serif;\"> Ministra Zdrowia z&nbsp;dnia 20 kwietnia 2016 r. w&nbsp;sprawie medycznych czynno\u015bci ratunkowych i&nbsp;\u015bwiadcze\u0144 zdrowotnych innych ni\u017c medyczne czynno\u015bci ratunkowe, kt&oacute;re mog\u0105 by\u0107 udzielane przez ratownika medycznego (Dz.&nbsp;U.&nbsp;z&nbsp;2016&nbsp;r.,&nbsp;poz. 587) &#8211; <\/span><strong><span style=\"font-family: 'Calibri',sans-serif;\">we<\/span><\/strong><strong><span style=\"font-family: 'Calibri',sans-serif;\">jdzie<\/span><\/strong><strong><span style=\"font-family: 'Calibri',sans-serif;\"> w<\/span><\/strong><strong><span style=\"font-family: 'Calibri',sans-serif;\">\u017cycie z&nbsp;dniem<\/span><\/strong><strong><span style=\"font-family: 'Calibri',sans-serif;\"> 12 maja <\/span><\/strong><strong><span style=\"font-family: 'Calibri',sans-serif;\">2016 r.<\/span><\/strong><\/span><\/p>\n<p>&nbsp;<\/p>\n<p class=\"Dziedzinaprawa\"><span style=\"font-size: 12pt;\"><strong><span style=\"font-family: 'Calibri',sans-serif;\">USTAWA O&nbsp;LASACH<\/span><\/strong><\/span><\/p>\n<p class=\"Tekstpraswki\"><span style=\"font-size: 12pt;\"><strong><span style=\"font-family: 'Calibri',sans-serif;\">Ustawa <\/span><\/strong><span style=\"font-family: 'Calibri',sans-serif;\">z dnia 13 kwietnia 2016 r.<\/span><span style=\"font-family: 'Calibri',sans-serif;\">o zmianie ustawy o&nbsp;lasach<\/span><span style=\"font-family: 'Calibri',sans-serif;\"> (Dz. U. z&nbsp;2016 r., poz.&nbsp;586) &ndash; <\/span><strong><span style=\"font-family: 'Calibri',sans-serif;\">we<\/span><\/strong><strong><span style=\"font-family: 'Calibri',sans-serif;\">sz\u0142a <\/span><\/strong><strong><span style=\"font-family: 'Calibri',sans-serif;\">w<\/span><\/strong><strong><span style=\"font-family: 'Calibri',sans-serif;\">\u017cycie z&nbsp;dniem<\/span><\/strong><strong><span style=\"font-family: 'Calibri',sans-serif;\"> 30 kwietnia <\/span><\/strong><strong><span style=\"font-family: 'Calibri',sans-serif;\">2016 r.<\/span><\/strong><\/span><\/p>\n<p class=\"Omwienie\"><span style=\"font-size: 12pt;\"><span style=\"font-family: 'Calibri',sans-serif;\">W ustawie z&nbsp;dnia 28 wrze\u015bnia 1991 r. o&nbsp;lasach (Dz. U. z&nbsp;2015 r. poz. 2100 oraz z&nbsp;2016 r. poz. 422)<\/span><span style=\"font-family: 'Calibri',sans-serif;\"> zmianie uleg\u0142o brzmienie art. 37,<\/span><span style=\"font-family: 'Calibri',sans-serif;\">art. 58, dodany zosta\u0142 art. 37a-37k.<\/span><\/span><\/p>\n<p>&nbsp;<\/p>\n<p class=\"Dziedzinaprawa\"><span style=\"font-size: 12pt;\"><strong><span style=\"font-family: 'Calibri',sans-serif;\">PRAWO GEOLOGICZNE I&nbsp;G&Oacute;RNICZE<\/span><\/strong><\/span><\/p>\n<p class=\"Tekstpraswki\"><span style=\"font-size: 12pt;\"><strong><span style=\"font-family: 'Calibri',sans-serif;\">Ustawa <\/span><\/strong><span style=\"font-family: 'Calibri',sans-serif;\">z dnia 1 kwietnia 2016 r.<\/span><span style=\"font-family: 'Calibri',sans-serif;\">o zmianie ustawy &#8211; Prawo geologiczne i&nbsp;g&oacute;rnicze oraz ustawy o&nbsp;zmianie ustawy &#8211; Prawo geologiczne i&nbsp;g&oacute;rnicze oraz niekt&oacute;rych innych ustaw<\/span><span style=\"font-family: 'Calibri',sans-serif;\"> (Dz.U.2016.566) &#8211; <\/span><strong><span style=\"font-family: 'Calibri',sans-serif;\">we<\/span><\/strong><strong><span style=\"font-family: 'Calibri',sans-serif;\">sz\u0142a<\/span><\/strong><strong><span style=\"font-family: 'Calibri',sans-serif;\"> w<\/span><\/strong><strong><span style=\"font-family: 'Calibri',sans-serif;\">\u017cycie z&nbsp;dniem<\/span><\/strong><strong><span style=\"font-family: 'Calibri',sans-serif;\"> 25 kwietnia <\/span><\/strong><strong><span style=\"font-family: 'Calibri',sans-serif;\">2016 r.<\/span><\/strong><\/span><\/p>\n<p class=\"Omwienie\"><span style=\"font-size: 12pt; font-family: 'Calibri',sans-serif;\">W ustawie z&nbsp;dnia 9 czerwca 2011 r. &#8211; Prawo geologiczne i&nbsp;g&oacute;rnicze (Dz.&nbsp;U.&nbsp;z&nbsp;2015&nbsp;r.&nbsp;poz.&nbsp;196, 1272 i&nbsp;1505 oraz z&nbsp;2016 r. poz. 266, 542 i&nbsp;544) zmianie uleg\u0142o brzmienie art. 34.<\/span><\/p>\n<p class=\"Omwienie\"><span style=\"font-size: 12pt; font-family: 'Calibri',sans-serif;\">W ustawie z&nbsp;dnia 11 lipca 2014 r. o&nbsp;zmianie ustawy &#8211; Prawo geologiczne i&nbsp;g&oacute;rnicze oraz niekt&oacute;rych innych ustaw (Dz. U. poz. 1133) zmianie uleg\u0142o brzmienie art. 8, art.&nbsp;11&nbsp;ust.&nbsp;3.<\/span><\/p>\n<p>&nbsp;<\/p>\n<p class=\"Dziedzinaprawa\"><span style=\"font-size: 12pt;\"><strong><span style=\"font-family: 'Calibri',sans-serif;\">PRAWO ROLNE<\/span><\/strong><\/span><\/p>\n<p class=\"Tekstpraswki\"><span style=\"font-size: 12pt;\"><strong><span style=\"font-family: 'Calibri',sans-serif;\">Rozporz\u0105dzenie<\/span><\/strong><span style=\"font-family: 'Calibri',sans-serif;\"> Ministra Rolnictwa i&nbsp;Rozwoju Wsi <\/span><span style=\"font-family: 'Calibri',sans-serif;\">z dnia 11 kwietnia 2016 r.<\/span><span style=\"font-family: 'Calibri',sans-serif;\">zmieniaj\u0105ce rozporz\u0105dzenie w&nbsp;sprawie warunk&oacute;w wst\u0119pnego uznawania grup producent&oacute;w owoc&oacute;w i&nbsp;warzyw, uznawania organizacji producent&oacute;w owoc&oacute;w i&nbsp;warzyw oraz warunk&oacute;w i&nbsp;wymaga\u0144, jakie powinny spe\u0142nia\u0107 plany dochodzenia do uznania<\/span><span style=\"font-family: 'Calibri',sans-serif;\"> (Dz.&nbsp;U.&nbsp;z 2016 r., poz. 569) &#8211; <\/span><strong><span style=\"font-family: 'Calibri',sans-serif;\">we<\/span><\/strong><strong><span style=\"font-family: 'Calibri',sans-serif;\">jdzie<\/span><\/strong><strong><span style=\"font-family: 'Calibri',sans-serif;\"> w<\/span><\/strong><strong><span style=\"font-family: 'Calibri',sans-serif;\">\u017cycie z&nbsp;dniem<\/span><\/strong><strong><span style=\"font-family: 'Calibri',sans-serif;\"> 10 maja <\/span><\/strong><strong><span style=\"font-family: 'Calibri',sans-serif;\">2016 r.<\/span><\/strong><\/span><\/p>\n<p class=\"Omwienie\"><span style=\"font-size: 12pt; font-family: 'Calibri',sans-serif;\">W rozporz\u0105dzeniu Ministra Rolnictwa i&nbsp;Rozwoju Wsi z&nbsp;dnia 19 wrze\u015bnia 2013 r. w&nbsp;sprawie warunk&oacute;w wst\u0119pnego uznawania grup producent&oacute;w owoc&oacute;w i&nbsp;warzyw, uznawania organizacji producent&oacute;w owoc&oacute;w i&nbsp;warzyw oraz warunk&oacute;w i&nbsp;wymaga\u0144, jakie powinny spe\u0142nia\u0107 plany dochodzenia do uznania (Dz. U. z&nbsp;2015 r. poz. 1530) zmianie ulegnie brzmienie tytu\u0142u rozporz\u0105dzenia, dodany zostanie &sect; 3a.<\/span><\/p>\n<p class=\"Tekstpraswki\"><span style=\"font-size: 12pt;\"><strong><span style=\"font-family: 'Calibri',sans-serif;\">Rozporz\u0105dzenie<\/span><\/strong><span style=\"font-family: 'Calibri',sans-serif;\"> Ministra Rolnictwa i&nbsp;Rozwoju Wsi<\/span><span style=\"font-family: 'Calibri',sans-serif;\"> z&nbsp;dnia 19 kwietnia 2016 r.<\/span><span style=\"font-family: 'Calibri',sans-serif;\">w sprawie wykazu produkt&oacute;w i&nbsp;grup produkt&oacute;w, ze wzgl\u0119du na kt&oacute;re mog\u0105 by\u0107 tworzone grupy producent&oacute;w rolnych, minimalnej rocznej wielko\u015bci produkcji towarowej oraz minimalnej liczby cz\u0142onk&oacute;w grupy producent&oacute;w rolnych<\/span><span style=\"font-family: 'Calibri',sans-serif;\"> (Dz. U. z&nbsp;2016 r., poz. 577) &ndash; <\/span><strong><span style=\"font-family: 'Calibri',sans-serif;\">we<\/span><\/strong><strong><span style=\"font-family: 'Calibri',sans-serif;\">sz\u0142o <\/span><\/strong><strong><span style=\"font-family: 'Calibri',sans-serif;\">w<\/span><\/strong><strong><span style=\"font-family: 'Calibri',sans-serif;\">\u017cycie z&nbsp;dniem<\/span><\/strong><strong><span style=\"font-family: 'Calibri',sans-serif;\"> 28 kwietnia <\/span><\/strong><strong><span style=\"font-family: 'Calibri',sans-serif;\">2016 r.<\/span><\/strong><\/span><\/p>\n<p class=\"Tekstpraswki\"><span style=\"font-size: 12pt;\"><strong><span style=\"font-family: 'Calibri',sans-serif;\">Ustawa <\/span><\/strong><span style=\"font-family: 'Calibri',sans-serif;\">z dnia 11 marca 2016 r. o&nbsp;zmianie ustawy o&nbsp;systemie identyfikacji i&nbsp;rejestracji zwierz\u0105t (Dz. U. z&nbsp;2016 r., poz. 588) &#8211; <\/span><strong><span style=\"font-family: 'Calibri',sans-serif;\">we<\/span><\/strong><strong><span style=\"font-family: 'Calibri',sans-serif;\">jdzie<\/span><\/strong><strong><span style=\"font-family: 'Calibri',sans-serif;\"> w<\/span><\/strong><strong><span style=\"font-family: 'Calibri',sans-serif;\">\u017cycie z&nbsp;dniem<\/span><\/strong><strong><span style=\"font-family: 'Calibri',sans-serif;\"> 5 maja <\/span><\/strong><strong><span style=\"font-family: 'Calibri',sans-serif;\">2016 r.<\/span><\/strong><\/span><\/p>\n<p class=\"Omwienie\"><span style=\"font-size: 12pt;\"><span style=\"font-family: 'Calibri',sans-serif;\">W ustawie z&nbsp;dnia 2 kwietnia 2004 r. o&nbsp;systemie identyfikacji i&nbsp;rejestracji zwierz\u0105t (Dz.<\/span><span style=\"font-family: 'Calibri',sans-serif;\">U.<\/span><span style=\"font-family: 'Calibri',sans-serif;\">z 2015 r. poz. 1172 i&nbsp;1893)<\/span><span style=\"font-family: 'Calibri',sans-serif;\"> zmianie ulegnie brzmienie pkt 1odno\u015bnika nr 1 do ustawy, art. 2 ust. 1, art. 3 ust. 1 pkt 4, art. 5, rozdzia\u0142u 3, art. 19 ust. 1, art. 29, art.&nbsp;32, art. 33 ust. 1.<\/span><\/span><\/p>\n<p>&nbsp;<\/p>\n<p class=\"Dziedzinaprawa\"><span style=\"font-size: 12pt;\"><strong><span style=\"font-family: 'Calibri',sans-serif;\">ORDERY I&nbsp;ODZNACZENIA<\/span><\/strong><\/span><\/p>\n<p class=\"Tekstpraswki\"><span style=\"font-size: 12pt;\"><strong><span style=\"font-family: 'Calibri',sans-serif;\">Rozporz\u0105dzenie<\/span><\/strong><span style=\"font-family: 'Calibri',sans-serif;\"> Prezydenta Rzeczypospolitej Polskiej <\/span><span style=\"font-family: 'Calibri',sans-serif;\">z dnia 13 kwietnia 2016 r.<\/span><span style=\"font-family: 'Calibri',sans-serif;\">zmieniaj\u0105ce rozporz\u0105dzenie w&nbsp;sprawie szczeg&oacute;\u0142owego trybu post\u0119powania w&nbsp;sprawach o<\/span><span style=\"font-family: 'Calibri',sans-serif;\">nadanie order&oacute;w i&nbsp;odznacze\u0144 oraz wzor&oacute;w odpowiednich dokument&oacute;w<\/span><span style=\"font-family: 'Calibri',sans-serif;\"> (Dz.&nbsp;U.&nbsp;z&nbsp;2016&nbsp;r., poz. 584) &ndash; <\/span><strong><span style=\"font-family: 'Calibri',sans-serif;\">we<\/span><\/strong><strong><span style=\"font-family: 'Calibri',sans-serif;\">jdzie <\/span><\/strong><strong><span style=\"font-family: 'Calibri',sans-serif;\">w<\/span><\/strong><strong><span style=\"font-family: 'Calibri',sans-serif;\">\u017cycie z&nbsp;dniem<\/span><\/strong><strong><span style=\"font-family: 'Calibri',sans-serif;\"> 12 maja <\/span><\/strong><strong><span style=\"font-family: 'Calibri',sans-serif;\">2016 r.<\/span><\/strong><\/span><\/p>\n<p class=\"Omwienie\"><span style=\"font-size: 12pt;\"><span style=\"font-family: 'Calibri',sans-serif;\">W rozporz\u0105dzeniu Prezydenta Rzeczypospolitej Polskiej z&nbsp;dnia 15 grudnia 2004 r. w<\/span><span style=\"font-family: 'Calibri',sans-serif;\">sprawie szczeg&oacute;\u0142owego trybu post\u0119powania w&nbsp;sprawach o&nbsp;nadanie order&oacute;w i&nbsp;odznacze\u0144 oraz wzor&oacute;w odpowiednich dokument&oacute;w (Dz. U. poz. 2743, z&nbsp;2007 r. poz. 1076, z&nbsp;2010 r. poz. 198, z&nbsp;2011 r. poz. 152 i&nbsp;1102 oraz z&nbsp;2014 r. poz. 64)<\/span><span style=\"font-family: 'Calibri',sans-serif;\"> zmianie ulegnie brzmienie za\u0142\u0105cznika nr 2b, w&nbsp;&sect; 3 dodaje si\u0119 ust. 3.<\/span><\/span><\/p>\n<p>&nbsp;<\/p>\n<p class=\"Dziedzinaprawa\"><span style=\"font-size: 12pt;\"><strong><span style=\"font-family: 'Calibri',sans-serif;\">S\u0141U\u017bBY BEZPIECZE\u0143STWA<\/span><\/strong><\/span><\/p>\n<p class=\"Tekstpraswki\"><span style=\"font-size: 12pt;\"><strong><span style=\"font-family: 'Calibri',sans-serif;\">Rozporz\u0105dzenie <\/span><\/strong><span style=\"font-family: 'Calibri',sans-serif;\">Rady Ministr&oacute;w <\/span><span style=\"font-family: 'Calibri',sans-serif;\">z dnia 13 kwietnia 2016 r.<\/span><span style=\"font-family: 'Calibri',sans-serif;\">w sprawie wielokrotno\u015bci kwoty bazowej stanowi\u0105cej przeci\u0119tne uposa\u017cenie funkcjonariuszy Agencji Bezpiecze\u0144stwa Wewn\u0119trznego<\/span><span style=\"font-family: 'Calibri',sans-serif;\"> (Dz. U. z&nbsp;2016 r., poz. 567) &#8211; <\/span><strong><span style=\"font-family: 'Calibri',sans-serif;\">we<\/span><\/strong><strong><span style=\"font-family: 'Calibri',sans-serif;\">jdzie<\/span><\/strong><strong><span style=\"font-family: 'Calibri',sans-serif;\"> w<\/span><\/strong><strong><span style=\"font-family: 'Calibri',sans-serif;\">\u017cycie z&nbsp;dniem<\/span><\/strong><strong><span style=\"font-family: 'Calibri',sans-serif;\"> 10 maja <\/span><\/strong><strong><span style=\"font-family: 'Calibri',sans-serif;\">2016 r.<\/span><\/strong><\/span><\/p>\n<p>&nbsp;<\/p>\n<p class=\"NowePrawo\"><span style=\"font-size: 12pt;\"><strong><span style=\"font-family: 'Calibri',sans-serif;\">_____Orzecznictwo<\/span><\/strong><\/span><\/p>\n<p class=\"SdNajwyszy\"><span style=\"font-size: 12pt;\"><strong><span style=\"font-family: 'Calibri',sans-serif;\">Trybuna\u0142 Konstytucyjny<\/span><\/strong><\/span><\/p>\n<p class=\"Dziedzinaprawa\"><span style=\"font-size: 12pt;\"><strong><span style=\"font-family: 'Calibri',sans-serif;\">INNA DZIA\u0141ALNO\u015a\u0106 ZWI\u0104ZANA NIEOD\u0141\u0104CZNIE ZE SPRAWOWANIEM MANDATU<\/span><\/strong><\/span><\/p>\n<p class=\"Tekstpraswki\"><span style=\"font-size: 12pt;\"><span style=\"font-family: 'Calibri',sans-serif;\">Trybuna\u0142 Konstytucyjny uzna\u0142,<\/span><span style=\"font-family: 'Calibri',sans-serif;\">\u017ce art. 6 ust. 2 ustawy o&nbsp;wykonywaniu mandatu pos\u0142a i&nbsp;senatora rozszerza zakres przedmiotowy immunitetu materialnego poza jego granice wyznaczone w&nbsp;art. 105 ust. 1 Konstytucji <strong>&ndash; Wyrok Trybuna\u0142u Konstytucyjnego z&nbsp;dnia 21 kwietnia 2016 r., sygn.&nbsp;akt&nbsp;K&nbsp;2\/14.<\/strong><\/span><\/span><\/p>\n<p>&nbsp;<\/p>\n<p class=\"Dziedzinaprawa\"><span style=\"font-size: 12pt;\"><strong><span style=\"font-family: 'Calibri',sans-serif;\">TRYB POTWIERDZANIA SKIEROWANIA NA LECZENIE UZDROWISKOWE<\/span><\/strong><\/span><\/p>\n<p class=\"Tekstpraswki\"><span style=\"font-size: 12pt; font-family: 'Calibri',sans-serif;\">Trybuna\u0142 przyj\u0105\u0142, \u017ce tryb potwierdzania skierowania na leczenie uzdrowiskowe mo\u017ce obejmowa\u0107 wskazanie przez oddzia\u0142 NFZ daty rozpocz\u0119cia tego leczenia czy w\u0142a\u015bciwego zak\u0142adu lecznictwa uzdrowiskowego. Zdaniem Trybuna\u0142u, spos&oacute;b post\u0119powania dotycz\u0105cy potwierdzania skierowania na leczenie uzdrowiskowe mo\u017ce &ndash; i&nbsp;powinno &ndash; prowadzi\u0107 do pe\u0142nej konkretyzacji warunk&oacute;w, na jakich \u015bwiadczeniobiorca skorzysta z&nbsp;tego typu \u015bwiadcze\u0144 opieki zdrowotnej <strong>&ndash; Wyrok Trybuna\u0142u Konstytucyjnego z&nbsp;dnia 26&nbsp;kwietnia 2016 r., sygn. akt U&nbsp;1\/15.<\/strong><\/span><\/p>\n<p>&nbsp;<\/p>\n<p class=\"SdNajwyszy\"><span style=\"font-size: 12pt;\"><strong><span style=\"font-family: 'Calibri',sans-serif;\">S\u0105d Najwy\u017cszy<\/span><\/strong><\/span><\/p>\n<p class=\"Dziedzinaprawa\"><span style=\"font-size: 12pt;\"><strong><span style=\"font-family: 'Calibri',sans-serif;\">WNIESIENIE DO S\u0104DU PRACY ODWO\u0141ANIA OD ORZECZENIA KO\u0143CZ\u0104CEGO POST\u0118POWANIE DYSCYPLINARNE<\/span><\/strong><\/span><\/p>\n<p class=\"Tekstpraswki\"><span style=\"font-size: 12pt;\"><span style=\"font-family: 'Calibri',sans-serif;\">Do post\u0119powania s\u0105dowego wszczynanego przez wniesienie do s\u0105du pracy odwo\u0142ania od orzeczenia ko\u0144cz\u0105cego post\u0119powanie dyscyplinarne na podstawie art. 263 ustawy z&nbsp;dnia 9 kwietnia 2010 r. o&nbsp;S\u0142u\u017cbie Wi\u0119ziennej (jednolity tekst: Dz. U. 2014 r., poz. 1415) stosuje si\u0119 przepisy ustawy z&nbsp;dnia 17 listopada 1964 r. &#8211; Kodeks post\u0119powania cywilnego (jednolity tekst: Dz. U. 2014 r., poz. 101 ze zm.)<\/span><strong><span style=\"font-family: 'Calibri',sans-serif;\">&#8211; <\/span><\/strong><strong><span style=\"font-family: 'Calibri',sans-serif;\">Uchwa\u0142a S\u0105du Najwy\u017cszego z&nbsp;dnia 21<\/span><\/strong><strong><span style=\"font-family: 'Calibri',sans-serif;\">kwietnia 2016 r.<\/span><\/strong><strong><span style=\"font-family: 'Calibri',sans-serif;\">, sygn. akt<\/span><\/strong><strong><span style=\"font-family: 'Calibri',sans-serif;\"> III PZP 4\/16<\/span><\/strong><strong><span style=\"font-family: 'Calibri',sans-serif;\">.<\/span><\/strong><\/span><\/p>\n<p>&nbsp;<\/p>\n<p class=\"Dziedzinaprawa\"><span style=\"font-size: 12pt;\"><strong><span style=\"font-family: 'Calibri',sans-serif;\">OKRE\u015aLENIE W<\/span><span style=\"font-family: 'Calibri',sans-serif;\">I\u0118KSZO\u015a<\/span><span style=\"font-family: 'Calibri',sans-serif;\">CI<\/span><span style=\"font-family: 'Calibri',sans-serif;\"> G\u0141OS&Oacute;W WYMAGAN<\/span><span style=\"font-family: 'Calibri',sans-serif;\">EJ<\/span><span style=\"font-family: 'Calibri',sans-serif;\"> DO PODJ\u0118CIA UCHWA\u0141Y RADY WIERZYCIELI<\/span><\/strong><\/span><\/p>\n<p class=\"Tekstpraswki\"><span style=\"font-size: 12pt; font-family: 'Calibri',sans-serif;\">Wi\u0119kszo\u015b\u0107 g\u0142os&oacute;w wymagan\u0105 do podj\u0119cia uchwa\u0142y rady wierzycieli na podstawie art. 207 ust. 1 ustawy z&nbsp;dnia 28 lutego 2003 r. &#8211; Prawo upad\u0142o\u015bciowe (tekst jedn.: Dz.&nbsp;U.&nbsp;z&nbsp;2015&nbsp;r. poz. 233 z&nbsp;p&oacute;\u017an. zm.) w&nbsp;brzmieniu sprzed nowelizacji dokonanej ustaw\u0105 z&nbsp;dnia 15 maja 2015 r. &#8211; Prawo restrukturyzacyjne (Dz. U. z&nbsp;2015 r. poz. 978) okre\u015bla si\u0119 w&nbsp;stosunku do pe\u0142nego sk\u0142adu rady <strong>&#8211; Uchwa\u0142a S\u0105du Najwy\u017cszego z&nbsp;dnia 21 kwietnia 2016 r., sygn. akt III CZP 3\/16.<\/strong><\/span><\/p>\n<p>&nbsp;<\/p>\n<p class=\"Dziedzinaprawa\"><span style=\"font-size: 12pt;\"><strong><span style=\"font-family: 'Calibri',sans-serif;\">MOC <\/span><span style=\"font-family: 'Calibri',sans-serif;\">OBOWI\u0104ZUJ\u0104CA NIEOPUBLIKOWANEGO WYROKU TRYBUNA\u0141U KONSTYTUCYJNEGO<\/span><\/strong><\/span><\/p>\n<p class=\"Tekstpraswki\"><span style=\"font-size: 12pt; font-family: 'Calibri',sans-serif;\">Zgodnie z&nbsp;art. 190 ust. 2 Konstytucji Rzeczypospolitej Polskiej orzeczenia Trybuna\u0142u Konstytucyjnego podlegaj\u0105 niezw\u0142ocznemu opublikowaniu. Nieopublikowany wyrok Trybuna\u0142u Konstytucyjnego, stwierdzaj\u0105cy niezgodno\u015b\u0107 z&nbsp;Konstytucj\u0105 okre\u015blonego przepisu uchyla domniemanie jego zgodno\u015bci z&nbsp;Konstytucj\u0105 z&nbsp;chwil\u0105 og\u0142oszenia wyroku przez Trybuna\u0142 Konstytucyjny w&nbsp;toku post\u0119powania <strong>&ndash; Uchwa\u0142a S\u0105du Najwy\u017cszego z&nbsp;dnia 26 kwietnia 2016 r.<\/strong><\/span><\/p>\n<p>&nbsp;<\/p>\n<p class=\"Dziedzinaprawa\"><span style=\"font-size: 12pt;\"><strong><span style=\"font-family: 'Calibri',sans-serif;\">WARUNEK ROZWI\u0104ZANIA STOSUNKU PRACY WYMAGANY DO NABYCIA NAUCZYCIELSKIEGO \u015aWIADCZENIA KOMPENSACYJNEGO<\/span><\/strong><\/span><\/p>\n<p class=\"Tekstpraswki\"><span style=\"font-size: 12pt; font-family: 'Calibri',sans-serif;\">Warunek rozwi\u0105zania stosunku pracy wymagany do nabycia nauczycielskiego \u015bwiadczenia kompensacyjnego (art. 4 ust. 1 pkt 3 ustawy z&nbsp;dnia 22 maja 2009 r. o&nbsp;nauczycielskich \u015bwiadczeniach kompensacyjnych, Dz.U. Nr 97, poz. 800 ze zm.) jest spe\u0142niony w&nbsp;przypadku, gdy umowa o&nbsp;prac\u0119 rozwi\u0105zuje si\u0119 z&nbsp;up\u0142ywem czasu, na kt&oacute;ry by\u0142a zawarta <strong>&#8211; Uchwa\u0142a S\u0105du Najwy\u017cszego z&nbsp;dnia 27 kwietnia 2016 r., sygn. akt III PZP 1\/16.<\/strong><\/span><\/p>\n<p>&nbsp;<\/p>\n","protected":false},"excerpt":{"rendered":"<p>We would like to present the next issue of legal bulletin of the Law Office of Adam Polowiec.What you will find here is some information about the new provisions of law and the projects of amendments to acts, but also case-laws including the case laws of Supreme Court, Constitutional Tribunal and European Court of Justice.<\/p>\n","protected":false},"author":3,"featured_media":0,"comment_status":"closed","ping_status":"open","sticky":false,"template":"","format":"standard","meta":{"footnotes":""},"categories":[2],"tags":[],"class_list":["post-639","post","type-post","status-publish","format-standard","hentry","category-wpisy"],"featured_image_src":{"landsacpe":false,"list":false,"medium":false,"full":false},"yoast_head":"<!-- This site is optimized with the Yoast SEO plugin v27.2 - https:\/\/yoast.com\/product\/yoast-seo-wordpress\/ -->\n<title>Legal Bulletin Of The Law Office Of Adam Polowiec (25 April - 1 May 2016) - Polowiec i Wsp\u00f3lnicy - Kancelaria prawna<\/title>\n<meta name=\"robots\" content=\"index, follow, max-snippet:-1, max-image-preview:large, max-video-preview:-1\" \/>\n<link rel=\"canonical\" href=\"https:\/\/polowiec.pl\/en\/legal-bulletin-of-the-law-office-of-adam-polowiec-25-april-1-may-2016\/\" \/>\n<meta property=\"og:locale\" content=\"en_US\" \/>\n<meta property=\"og:type\" content=\"article\" \/>\n<meta property=\"og:title\" content=\"Legal Bulletin Of The Law Office Of Adam Polowiec (25 April - 1 May 2016) - Polowiec i Wsp\u00f3lnicy - Kancelaria prawna\" \/>\n<meta property=\"og:description\" content=\"We would like to present the next issue of legal bulletin of the Law Office of Adam Polowiec.What you will find here is some information about the new provisions of law and the projects of amendments to acts, but also case-laws including the case laws of Supreme Court, Constitutional Tribunal and European Court of Justice.\" \/>\n<meta property=\"og:url\" content=\"https:\/\/polowiec.pl\/en\/legal-bulletin-of-the-law-office-of-adam-polowiec-25-april-1-may-2016\/\" \/>\n<meta property=\"og:site_name\" content=\"Polowiec i Wsp\u00f3lnicy - Kancelaria prawna\" \/>\n<meta property=\"article:publisher\" content=\"https:\/\/www.facebook.com\/polowieciwspolnicy\/\" \/>\n<meta property=\"article:published_time\" content=\"2016-05-26T17:26:48+00:00\" \/>\n<meta property=\"article:modified_time\" content=\"2019-04-18T17:31:26+00:00\" \/>\n<meta name=\"author\" content=\"Marcin Rusinek\" \/>\n<meta name=\"twitter:card\" content=\"summary_large_image\" \/>\n<meta name=\"twitter:label1\" content=\"Written by\" \/>\n\t<meta name=\"twitter:data1\" content=\"Marcin Rusinek\" \/>\n\t<meta name=\"twitter:label2\" content=\"Est. reading time\" \/>\n\t<meta name=\"twitter:data2\" content=\"10 minutes\" \/>\n<script type=\"application\/ld+json\" class=\"yoast-schema-graph\">{\"@context\":\"https:\/\/schema.org\",\"@graph\":[{\"@type\":\"Article\",\"@id\":\"https:\/\/polowiec.pl\/en\/legal-bulletin-of-the-law-office-of-adam-polowiec-25-april-1-may-2016\/#article\",\"isPartOf\":{\"@id\":\"https:\/\/polowiec.pl\/en\/legal-bulletin-of-the-law-office-of-adam-polowiec-25-april-1-may-2016\/\"},\"author\":{\"name\":\"Marcin Rusinek\",\"@id\":\"https:\/\/polowiec.pl\/en\/#\/schema\/person\/74c7526b6f52be5ae94031504f9ffec4\"},\"headline\":\"Legal Bulletin Of The Law Office Of Adam Polowiec (25 April &#8211; 1 May 2016)\",\"datePublished\":\"2016-05-26T17:26:48+00:00\",\"dateModified\":\"2019-04-18T17:31:26+00:00\",\"mainEntityOfPage\":{\"@id\":\"https:\/\/polowiec.pl\/en\/legal-bulletin-of-the-law-office-of-adam-polowiec-25-april-1-may-2016\/\"},\"wordCount\":2063,\"publisher\":{\"@id\":\"https:\/\/polowiec.pl\/en\/#organization\"},\"articleSection\":[\"Wpisy\"],\"inLanguage\":\"en-US\"},{\"@type\":\"WebPage\",\"@id\":\"https:\/\/polowiec.pl\/en\/legal-bulletin-of-the-law-office-of-adam-polowiec-25-april-1-may-2016\/\",\"url\":\"https:\/\/polowiec.pl\/en\/legal-bulletin-of-the-law-office-of-adam-polowiec-25-april-1-may-2016\/\",\"name\":\"Legal Bulletin Of The Law Office Of Adam Polowiec (25 April - 1 May 2016) - Polowiec i Wsp\u00f3lnicy - Kancelaria prawna\",\"isPartOf\":{\"@id\":\"https:\/\/polowiec.pl\/en\/#website\"},\"datePublished\":\"2016-05-26T17:26:48+00:00\",\"dateModified\":\"2019-04-18T17:31:26+00:00\",\"breadcrumb\":{\"@id\":\"https:\/\/polowiec.pl\/en\/legal-bulletin-of-the-law-office-of-adam-polowiec-25-april-1-may-2016\/#breadcrumb\"},\"inLanguage\":\"en-US\",\"potentialAction\":[{\"@type\":\"ReadAction\",\"target\":[\"https:\/\/polowiec.pl\/en\/legal-bulletin-of-the-law-office-of-adam-polowiec-25-april-1-may-2016\/\"]}]},{\"@type\":\"BreadcrumbList\",\"@id\":\"https:\/\/polowiec.pl\/en\/legal-bulletin-of-the-law-office-of-adam-polowiec-25-april-1-may-2016\/#breadcrumb\",\"itemListElement\":[{\"@type\":\"ListItem\",\"position\":1,\"name\":\"Strona g\u0142\u00f3wna\",\"item\":\"https:\/\/polowiec.pl\/en\/\"},{\"@type\":\"ListItem\",\"position\":2,\"name\":\"Legal Bulletin Of The Law Office Of Adam Polowiec (25 April &#8211; 1 May 2016)\"}]},{\"@type\":\"WebSite\",\"@id\":\"https:\/\/polowiec.pl\/en\/#website\",\"url\":\"https:\/\/polowiec.pl\/en\/\",\"name\":\"Polowiec i Wsp\u00f3lnicy - Kancelaria prawna\",\"description\":\"Obs\u0142uga prawna\",\"publisher\":{\"@id\":\"https:\/\/polowiec.pl\/en\/#organization\"},\"potentialAction\":[{\"@type\":\"SearchAction\",\"target\":{\"@type\":\"EntryPoint\",\"urlTemplate\":\"https:\/\/polowiec.pl\/en\/?s={search_term_string}\"},\"query-input\":{\"@type\":\"PropertyValueSpecification\",\"valueRequired\":true,\"valueName\":\"search_term_string\"}}],\"inLanguage\":\"en-US\"},{\"@type\":\"Organization\",\"@id\":\"https:\/\/polowiec.pl\/en\/#organization\",\"name\":\"Polowiec i Wsp\u00f3lnicy - Kancelaria prawna\",\"url\":\"https:\/\/polowiec.pl\/en\/\",\"logo\":{\"@type\":\"ImageObject\",\"inLanguage\":\"en-US\",\"@id\":\"https:\/\/polowiec.pl\/en\/#\/schema\/logo\/image\/\",\"url\":\"https:\/\/polowiec.pl\/wp-content\/uploads\/2018\/10\/polowiec_logo2-1.png\",\"contentUrl\":\"https:\/\/polowiec.pl\/wp-content\/uploads\/2018\/10\/polowiec_logo2-1.png\",\"width\":540,\"height\":381,\"caption\":\"Polowiec i Wsp\u00f3lnicy - Kancelaria prawna\"},\"image\":{\"@id\":\"https:\/\/polowiec.pl\/en\/#\/schema\/logo\/image\/\"},\"sameAs\":[\"https:\/\/www.facebook.com\/polowieciwspolnicy\/\",\"https:\/\/www.linkedin.com\/company\/polowiec-i-wsplnicy-sp.j.\/about\/\"]},{\"@type\":\"Person\",\"@id\":\"https:\/\/polowiec.pl\/en\/#\/schema\/person\/74c7526b6f52be5ae94031504f9ffec4\",\"name\":\"Marcin Rusinek\",\"image\":{\"@type\":\"ImageObject\",\"inLanguage\":\"en-US\",\"@id\":\"https:\/\/secure.gravatar.com\/avatar\/b50a0a5c3e71d904f5e57a757d39977d01c43e075c6bf5b4df909ffbbe004790?s=96&d=mm&r=g\",\"url\":\"https:\/\/secure.gravatar.com\/avatar\/b50a0a5c3e71d904f5e57a757d39977d01c43e075c6bf5b4df909ffbbe004790?s=96&d=mm&r=g\",\"contentUrl\":\"https:\/\/secure.gravatar.com\/avatar\/b50a0a5c3e71d904f5e57a757d39977d01c43e075c6bf5b4df909ffbbe004790?s=96&d=mm&r=g\",\"caption\":\"Marcin Rusinek\"}}]}<\/script>\n<!-- \/ Yoast SEO plugin. -->","yoast_head_json":{"title":"Legal Bulletin Of The Law Office Of Adam Polowiec (25 April - 1 May 2016) - Polowiec i Wsp\u00f3lnicy - Kancelaria prawna","robots":{"index":"index","follow":"follow","max-snippet":"max-snippet:-1","max-image-preview":"max-image-preview:large","max-video-preview":"max-video-preview:-1"},"canonical":"https:\/\/polowiec.pl\/en\/legal-bulletin-of-the-law-office-of-adam-polowiec-25-april-1-may-2016\/","og_locale":"en_US","og_type":"article","og_title":"Legal Bulletin Of The Law Office Of Adam Polowiec (25 April - 1 May 2016) - Polowiec i Wsp\u00f3lnicy - Kancelaria prawna","og_description":"We would like to present the next issue of legal bulletin of the Law Office of Adam Polowiec.What you will find here is some information about the new provisions of law and the projects of amendments to acts, but also case-laws including the case laws of Supreme Court, Constitutional Tribunal and European Court of Justice.","og_url":"https:\/\/polowiec.pl\/en\/legal-bulletin-of-the-law-office-of-adam-polowiec-25-april-1-may-2016\/","og_site_name":"Polowiec i Wsp\u00f3lnicy - Kancelaria prawna","article_publisher":"https:\/\/www.facebook.com\/polowieciwspolnicy\/","article_published_time":"2016-05-26T17:26:48+00:00","article_modified_time":"2019-04-18T17:31:26+00:00","author":"Marcin Rusinek","twitter_card":"summary_large_image","twitter_misc":{"Written by":"Marcin Rusinek","Est. reading time":"10 minutes"},"schema":{"@context":"https:\/\/schema.org","@graph":[{"@type":"Article","@id":"https:\/\/polowiec.pl\/en\/legal-bulletin-of-the-law-office-of-adam-polowiec-25-april-1-may-2016\/#article","isPartOf":{"@id":"https:\/\/polowiec.pl\/en\/legal-bulletin-of-the-law-office-of-adam-polowiec-25-april-1-may-2016\/"},"author":{"name":"Marcin Rusinek","@id":"https:\/\/polowiec.pl\/en\/#\/schema\/person\/74c7526b6f52be5ae94031504f9ffec4"},"headline":"Legal Bulletin Of The Law Office Of Adam Polowiec (25 April &#8211; 1 May 2016)","datePublished":"2016-05-26T17:26:48+00:00","dateModified":"2019-04-18T17:31:26+00:00","mainEntityOfPage":{"@id":"https:\/\/polowiec.pl\/en\/legal-bulletin-of-the-law-office-of-adam-polowiec-25-april-1-may-2016\/"},"wordCount":2063,"publisher":{"@id":"https:\/\/polowiec.pl\/en\/#organization"},"articleSection":["Wpisy"],"inLanguage":"en-US"},{"@type":"WebPage","@id":"https:\/\/polowiec.pl\/en\/legal-bulletin-of-the-law-office-of-adam-polowiec-25-april-1-may-2016\/","url":"https:\/\/polowiec.pl\/en\/legal-bulletin-of-the-law-office-of-adam-polowiec-25-april-1-may-2016\/","name":"Legal Bulletin Of The Law Office Of Adam Polowiec (25 April - 1 May 2016) - Polowiec i Wsp\u00f3lnicy - Kancelaria prawna","isPartOf":{"@id":"https:\/\/polowiec.pl\/en\/#website"},"datePublished":"2016-05-26T17:26:48+00:00","dateModified":"2019-04-18T17:31:26+00:00","breadcrumb":{"@id":"https:\/\/polowiec.pl\/en\/legal-bulletin-of-the-law-office-of-adam-polowiec-25-april-1-may-2016\/#breadcrumb"},"inLanguage":"en-US","potentialAction":[{"@type":"ReadAction","target":["https:\/\/polowiec.pl\/en\/legal-bulletin-of-the-law-office-of-adam-polowiec-25-april-1-may-2016\/"]}]},{"@type":"BreadcrumbList","@id":"https:\/\/polowiec.pl\/en\/legal-bulletin-of-the-law-office-of-adam-polowiec-25-april-1-may-2016\/#breadcrumb","itemListElement":[{"@type":"ListItem","position":1,"name":"Strona g\u0142\u00f3wna","item":"https:\/\/polowiec.pl\/en\/"},{"@type":"ListItem","position":2,"name":"Legal Bulletin Of The Law Office Of Adam Polowiec (25 April &#8211; 1 May 2016)"}]},{"@type":"WebSite","@id":"https:\/\/polowiec.pl\/en\/#website","url":"https:\/\/polowiec.pl\/en\/","name":"Polowiec i Wsp\u00f3lnicy - Kancelaria prawna","description":"Obs\u0142uga prawna","publisher":{"@id":"https:\/\/polowiec.pl\/en\/#organization"},"potentialAction":[{"@type":"SearchAction","target":{"@type":"EntryPoint","urlTemplate":"https:\/\/polowiec.pl\/en\/?s={search_term_string}"},"query-input":{"@type":"PropertyValueSpecification","valueRequired":true,"valueName":"search_term_string"}}],"inLanguage":"en-US"},{"@type":"Organization","@id":"https:\/\/polowiec.pl\/en\/#organization","name":"Polowiec i Wsp\u00f3lnicy - Kancelaria prawna","url":"https:\/\/polowiec.pl\/en\/","logo":{"@type":"ImageObject","inLanguage":"en-US","@id":"https:\/\/polowiec.pl\/en\/#\/schema\/logo\/image\/","url":"https:\/\/polowiec.pl\/wp-content\/uploads\/2018\/10\/polowiec_logo2-1.png","contentUrl":"https:\/\/polowiec.pl\/wp-content\/uploads\/2018\/10\/polowiec_logo2-1.png","width":540,"height":381,"caption":"Polowiec i Wsp\u00f3lnicy - Kancelaria prawna"},"image":{"@id":"https:\/\/polowiec.pl\/en\/#\/schema\/logo\/image\/"},"sameAs":["https:\/\/www.facebook.com\/polowieciwspolnicy\/","https:\/\/www.linkedin.com\/company\/polowiec-i-wsplnicy-sp.j.\/about\/"]},{"@type":"Person","@id":"https:\/\/polowiec.pl\/en\/#\/schema\/person\/74c7526b6f52be5ae94031504f9ffec4","name":"Marcin Rusinek","image":{"@type":"ImageObject","inLanguage":"en-US","@id":"https:\/\/secure.gravatar.com\/avatar\/b50a0a5c3e71d904f5e57a757d39977d01c43e075c6bf5b4df909ffbbe004790?s=96&d=mm&r=g","url":"https:\/\/secure.gravatar.com\/avatar\/b50a0a5c3e71d904f5e57a757d39977d01c43e075c6bf5b4df909ffbbe004790?s=96&d=mm&r=g","contentUrl":"https:\/\/secure.gravatar.com\/avatar\/b50a0a5c3e71d904f5e57a757d39977d01c43e075c6bf5b4df909ffbbe004790?s=96&d=mm&r=g","caption":"Marcin Rusinek"}}]}},"_links":{"self":[{"href":"https:\/\/polowiec.pl\/en\/wp-json\/wp\/v2\/posts\/639","targetHints":{"allow":["GET"]}}],"collection":[{"href":"https:\/\/polowiec.pl\/en\/wp-json\/wp\/v2\/posts"}],"about":[{"href":"https:\/\/polowiec.pl\/en\/wp-json\/wp\/v2\/types\/post"}],"author":[{"embeddable":true,"href":"https:\/\/polowiec.pl\/en\/wp-json\/wp\/v2\/users\/3"}],"replies":[{"embeddable":true,"href":"https:\/\/polowiec.pl\/en\/wp-json\/wp\/v2\/comments?post=639"}],"version-history":[{"count":0,"href":"https:\/\/polowiec.pl\/en\/wp-json\/wp\/v2\/posts\/639\/revisions"}],"wp:attachment":[{"href":"https:\/\/polowiec.pl\/en\/wp-json\/wp\/v2\/media?parent=639"}],"wp:term":[{"taxonomy":"category","embeddable":true,"href":"https:\/\/polowiec.pl\/en\/wp-json\/wp\/v2\/categories?post=639"},{"taxonomy":"post_tag","embeddable":true,"href":"https:\/\/polowiec.pl\/en\/wp-json\/wp\/v2\/tags?post=639"}],"curies":[{"name":"wp","href":"https:\/\/api.w.org\/{rel}","templated":true}]}}