{"id":641,"date":"2016-05-26T19:34:24","date_gmt":"2016-05-26T17:34:24","guid":{"rendered":"https:\/\/nowa.polowiec.pl\/legal-bulletin-of-the-law-office-of-adam-polowiec-2-8-may-2016\/"},"modified":"2019-04-18T19:30:37","modified_gmt":"2019-04-18T17:30:37","slug":"legal-bulletin-of-the-law-office-of-adam-polowiec-2-8-may-2016","status":"publish","type":"post","link":"https:\/\/polowiec.pl\/en\/legal-bulletin-of-the-law-office-of-adam-polowiec-2-8-may-2016\/","title":{"rendered":"Legal Bulletin Of The Law Office Of Adam Polowiec (2 &#8211; 8 May 2016)"},"content":{"rendered":"<p>We would like to present the next issue of legal bulletin of the Law Office of Adam Polowiec.<br \/>What you will find here is some information about the new provisions of law and the projects of amendments to acts, but also case-laws including the case laws of Supreme Court, Constitutional Tribunal and European Court of Justice.<\/p>\n<p>  <!--more-->  <\/p>\n<p><span style=\"font-size: 12pt;\"><strong><span style=\"font-family: 'Calibri',sans-serif;\">____Nowe Prawo<\/span><\/strong><\/span><\/p>\n<p class=\"Dziedzinaprawa\" style=\"text-align: justify;\"><span style=\"font-size: 12pt;\"><strong><span style=\"font-family: 'Calibri',sans-serif;\">IN\u017bYNIERIA GENETYCZNA<\/span><\/strong><\/span><\/p>\n<p class=\"Tekstpraswki\" style=\"text-align: justify;\"><span style=\"font-size: 12pt;\"><strong><span style=\"font-family: 'Calibri',sans-serif;\">Rozporz\u0105dzenie <\/span><\/strong><span style=\"font-family: 'Calibri',sans-serif;\">Ministra \u015arodowiska z&nbsp;dnia 11 kwietnia 2016 r. w&nbsp;sprawie szczeg&oacute;\u0142owych rodzaj&oacute;w \u015brodk&oacute;w bezpiecze\u0144stwa stosowanych w&nbsp;zak\u0142adach in\u017cynierii genetycznej (Dz. U. z&nbsp;2016 r., poz. 600) &#8211; <\/span><strong><span style=\"font-family: 'Calibri',sans-serif;\">we<\/span><\/strong><strong><span style=\"font-family: 'Calibri',sans-serif;\">jdzie<\/span><\/strong><strong><span style=\"font-family: 'Calibri',sans-serif;\"> w<\/span><\/strong><strong><span style=\"font-family: 'Calibri',sans-serif;\">\u017cycie z&nbsp;dniem<\/span><\/strong><strong><span style=\"font-family: 'Calibri',sans-serif;\">14 maja <\/span><\/strong><strong><span style=\"font-family: 'Calibri',sans-serif;\">2016 r.<\/span><\/strong><\/span><\/p>\n<p>&nbsp;<\/p>\n<p class=\"Dziedzinaprawa\" style=\"text-align: justify;\"><span style=\"font-size: 12pt;\"><strong><span style=\"font-family: 'Calibri',sans-serif;\">APLIKACJA S\u0118DZIOWSKA I&nbsp;PROKURATORSKA<\/span><\/strong><\/span><\/p>\n<p class=\"Tekstpraswki\" style=\"text-align: justify;\"><span style=\"font-size: 12pt;\"><strong><span style=\"font-family: 'Calibri',sans-serif;\">Rozporz\u0105dzenie <\/span><\/strong><span style=\"font-family: 'Calibri',sans-serif;\">Ministra Sprawiedliwo\u015bci z&nbsp;dnia 14 kwietnia 2016 r. w&nbsp;sprawie wysoko\u015bci wynagrodzenia aplikant&oacute;w aplikacji s\u0119dziowskiej (Dz. U. z&nbsp;2016 r., poz. 620) &#8211; <\/span><strong><span style=\"font-family: 'Calibri',sans-serif;\">we<\/span><\/strong><strong><span style=\"font-family: 'Calibri',sans-serif;\">jdzie<\/span><\/strong><strong><span style=\"font-family: 'Calibri',sans-serif;\"> w<\/span><\/strong><strong><span style=\"font-family: 'Calibri',sans-serif;\">\u017cycie z&nbsp;dniem<\/span><\/strong><strong><span style=\"font-family: 'Calibri',sans-serif;\"> 19 maja <\/span><\/strong><strong><span style=\"font-family: 'Calibri',sans-serif;\">2016 r<\/span><\/strong><strong><span style=\"font-family: 'Calibri',sans-serif;\">.<\/span><\/strong><\/span><\/p>\n<p class=\"Tekstpraswki\" style=\"text-align: justify;\"><span style=\"font-size: 12pt;\"><strong><span style=\"font-family: 'Calibri',sans-serif;\">Rozporz\u0105dzenie <\/span><\/strong><span style=\"font-family: 'Calibri',sans-serif;\">Ministra Sprawiedliwo\u015bci z&nbsp;dnia 14 kwietnia 2016 r. w&nbsp;sprawie wysoko\u015bci wynagrodzenia aplikant&oacute;w aplikacji prokuratorskiej (Dz.&nbsp;U.&nbsp;z&nbsp;2016&nbsp;r.,&nbsp;poz.&nbsp;619) &#8211; <\/span><strong><span style=\"font-family: 'Calibri',sans-serif;\">we<\/span><\/strong><strong><span style=\"font-family: 'Calibri',sans-serif;\">jdzie<\/span><\/strong><strong><span style=\"font-family: 'Calibri',sans-serif;\"> w<\/span><\/strong><strong><span style=\"font-family: 'Calibri',sans-serif;\">\u017cycie z&nbsp;dniem<\/span><\/strong><strong><span style=\"font-family: 'Calibri',sans-serif;\"> 19 maja <\/span><\/strong><strong><span style=\"font-family: 'Calibri',sans-serif;\">2016 r<\/span><\/strong><strong><span style=\"font-family: 'Calibri',sans-serif;\">.<\/span><\/strong><\/span><\/p>\n<p>&nbsp;<\/p>\n<p class=\"Dziedzinaprawa\" style=\"text-align: justify;\"><span style=\"font-size: 12pt;\"><strong><span style=\"font-family: 'Calibri',sans-serif;\">PRAWO ROLNE<\/span><\/strong><\/span><\/p>\n<p class=\"Tekstpraswki\" style=\"text-align: justify;\"><span style=\"font-size: 12pt;\"><strong><span style=\"font-family: 'Calibri',sans-serif;\">Rozporz\u0105dzenie <\/span><\/strong><span style=\"font-family: 'Calibri',sans-serif;\">Ministra<\/span><span style=\"font-family: 'Calibri',sans-serif;\">Rolnictwa i&nbsp;Rozwoju Wsi <\/span><span style=\"font-family: 'Calibri',sans-serif;\">z dnia 18 kwietnia 2016 r.<\/span><span style=\"font-family: 'Calibri',sans-serif;\">w sprawie sposobu rozliczania przez zak\u0142ady ubezpiecze\u0144 dotacji, wzoru dokumentu, na kt&oacute;rym dokonuje si\u0119 jej rozliczenia, oraz trybu sk\u0142adania i&nbsp;wzoru sprawozdania<\/span><span style=\"font-family: 'Calibri',sans-serif;\"> (Dz.&nbsp;U.&nbsp;z&nbsp;2016&nbsp;r.,&nbsp;poz. 593) &#8211; <\/span><strong><span style=\"font-family: 'Calibri',sans-serif;\">we<\/span><\/strong><strong><span style=\"font-family: 'Calibri',sans-serif;\">jdzie<\/span><\/strong><strong><span style=\"font-family: 'Calibri',sans-serif;\"> w<\/span><\/strong><strong><span style=\"font-family: 'Calibri',sans-serif;\">\u017cycie z&nbsp;dniem<\/span><\/strong><strong><span style=\"font-family: 'Calibri',sans-serif;\"> 13 maja <\/span><\/strong><strong><span style=\"font-family: 'Calibri',sans-serif;\">2016 r<\/span><\/strong><strong><span style=\"font-family: 'Calibri',sans-serif;\">.<\/span><\/strong><\/span><\/p>\n<p>&nbsp;<\/p>\n<p class=\"Dziedzinaprawa\" style=\"text-align: justify;\"><span style=\"font-size: 12pt;\"><strong><span style=\"font-family: 'Calibri',sans-serif;\">TRANSPORT<\/span><\/strong><\/span><\/p>\n<p class=\"Tekstpraswki\" style=\"text-align: justify;\"><span style=\"font-size: 12pt;\"><strong><span style=\"font-family: 'Calibri',sans-serif;\">Rozporz\u0105dzenie <\/span><\/strong><span style=\"font-family: 'Calibri',sans-serif;\">Ministra<\/span><span style=\"font-family: 'Calibri',sans-serif;\">Infrastruktury i&nbsp;Budownictwa <\/span><span style=\"font-family: 'Calibri',sans-serif;\">z dnia 19 kwietnia 2016 r.<\/span><span style=\"font-family: 'Calibri',sans-serif;\">zmieniaj\u0105ce rozporz\u0105dzenie w&nbsp;sprawie szczeg&oacute;\u0142owych warunk&oacute;w, jakim powinni odpowiada\u0107 funkcjonariusze stra\u017cy ochrony kolei, zasad oceny zdolno\u015bci fizycznej i<\/span><span style=\"font-family: 'Calibri',sans-serif;\">psychicznej do s\u0142u\u017cby oraz trybu i&nbsp;jednostek uprawnionych do orzekania o&nbsp;tej zdolno\u015bci<\/span><span style=\"font-family: 'Calibri',sans-serif;\"> (Dz. U. z&nbsp;2016 r., poz. 60) &#8211; <\/span><strong><span style=\"font-family: 'Calibri',sans-serif;\">we<\/span><\/strong><strong><span style=\"font-family: 'Calibri',sans-serif;\">jdzie<\/span><\/strong><strong><span style=\"font-family: 'Calibri',sans-serif;\"> w<\/span><\/strong><strong><span style=\"font-family: 'Calibri',sans-serif;\">\u017cycie z&nbsp;dniem<\/span><\/strong><strong><span style=\"font-family: 'Calibri',sans-serif;\"> 14 maja <\/span><\/strong><strong><span style=\"font-family: 'Calibri',sans-serif;\">2016 r<\/span><\/strong><strong><span style=\"font-family: 'Calibri',sans-serif;\">.<\/span><\/strong><\/span><\/p>\n<p class=\"Omwienie\" style=\"text-align: justify;\"><span style=\"font-size: 12pt;\"><span style=\"font-family: 'Calibri',sans-serif;\">W rozporz\u0105dzeniu Ministra Infrastruktury z&nbsp;dnia 6 pa\u017adziernika 2004 r. w&nbsp;sprawie szczeg&oacute;\u0142owych warunk&oacute;w, jakim powinni odpowiada\u0107 funkcjonariusze stra\u017cy ochrony kolei, zasad oceny zdolno\u015bci fizycznej i&nbsp;psychicznej do s\u0142u\u017cby oraz trybu i&nbsp;jednostek uprawnionych do orzekania o&nbsp;tej zdolno\u015bci (Dz. U. poz. 2332 oraz z&nbsp;2015 r. poz. 26)<\/span><span style=\"font-family: 'Calibri',sans-serif;\"> zmianie ulegnie brzmienie &sect; 3-5, &sect; 9 ust. 1 i&nbsp;2, &sect; 14 pkt 2 i&nbsp;3, &sect; 16 ust. 2 i&nbsp;3, &sect; 17 ust. 1, &sect; 18 ust. 1 pkt 2, za\u0142\u0105cznika nr 1 i&nbsp;2, w&nbsp;&sect; 2 w&nbsp;ust. 2 uchyla si\u0119 pkt 2, uchylony zostanie &sect;&nbsp;13, za\u0142\u0105cznik nr 3.<\/span><\/span><\/p>\n<p>&nbsp;<\/p>\n<p class=\"Dziedzinaprawa\" style=\"text-align: justify;\"><span style=\"font-size: 12pt;\"><strong><span style=\"font-family: 'Calibri',sans-serif;\">PRAWO WODNE<\/span><\/strong><\/span><\/p>\n<p class=\"Tekstpraswki\" style=\"text-align: justify;\"><span style=\"font-size: 12pt;\"><strong><span style=\"font-family: 'Calibri',sans-serif;\">Rozporz\u0105dzenie<\/span><\/strong><span style=\"font-family: 'Calibri',sans-serif;\">Rady Ministr&oacute;w <\/span><span style=\"font-family: 'Calibri',sans-serif;\">z dnia 22 kwietnia 2016 r.<\/span><span style=\"font-family: 'Calibri',sans-serif;\">zmieniaj\u0105ce rozporz\u0105dzenie w&nbsp;sprawie \u015br&oacute;dl\u0105dowych dr&oacute;g wodnych<\/span><span style=\"font-family: 'Calibri',sans-serif;\"> (Dz. U. z&nbsp;2016 r., poz. 621) &#8211; <\/span><strong><span style=\"font-family: 'Calibri',sans-serif;\">we<\/span><\/strong><strong><span style=\"font-family: 'Calibri',sans-serif;\">jdzie<\/span><\/strong><strong><span style=\"font-family: 'Calibri',sans-serif;\"> w<\/span><\/strong><strong><span style=\"font-family: 'Calibri',sans-serif;\">\u017cycie z<\/span><\/strong><strong><span style=\"font-family: 'Calibri',sans-serif;\">dniem<\/span><\/strong><strong><span style=\"font-family: 'Calibri',sans-serif;\"> 19 maja <\/span><\/strong><strong><span style=\"font-family: 'Calibri',sans-serif;\">2016 r<\/span><\/strong><strong><span style=\"font-family: 'Calibri',sans-serif;\">.<\/span><\/strong><\/span><\/p>\n<p class=\"Omwienie\" style=\"text-align: justify;\"><span style=\"font-size: 12pt;\"><span style=\"font-family: 'Calibri',sans-serif;\">W za\u0142\u0105czniku do rozporz\u0105dzenia Rady Ministr&oacute;w z&nbsp;dnia 10 grudnia 2002 r. w&nbsp;sprawie \u015br&oacute;dl\u0105dowych dr&oacute;g wodnych (Dz. U. poz. 1786)<\/span><span style=\"font-family: 'Calibri',sans-serif;\"> zmianie ulegnie brzmienie pkt 10, w&nbsp;pkt&nbsp;26 kropk\u0119 zast\u0119puje si\u0119 \u015brednikiem i&nbsp;dodaje si\u0119 pkt 27.<\/span><\/span><\/p>\n<p class=\"Tekstpraswki\" style=\"text-align: justify;\"><span style=\"font-size: 12pt;\"><strong><span style=\"font-family: 'Calibri',sans-serif;\">Rozporz\u0105dzenie <\/span><\/strong><span style=\"font-family: 'Calibri',sans-serif;\">Ministra Gospodarki Morskiej i&nbsp;\u017beglugi \u015ar&oacute;dl\u0105dowej <\/span><span style=\"font-family: 'Calibri',sans-serif;\">z dnia 25 kwietnia 2016 r.<\/span><span style=\"font-family: 'Calibri',sans-serif;\">zmieniaj\u0105ce rozporz\u0105dzenie w&nbsp;sprawie wymaga\u0144 dla wyposa\u017cenia morskiego<\/span><span style=\"font-family: 'Calibri',sans-serif;\"> (Dz.&nbsp;U. z&nbsp;2016 r., poz. 596) &ndash; <\/span><strong><span style=\"font-family: 'Calibri',sans-serif;\">we<\/span><\/strong><strong><span style=\"font-family: 'Calibri',sans-serif;\">sz\u0142o <\/span><\/strong><strong><span style=\"font-family: 'Calibri',sans-serif;\">w<\/span><\/strong><strong><span style=\"font-family: 'Calibri',sans-serif;\">\u017cycie z&nbsp;dniem<\/span><\/strong><strong><span style=\"font-family: 'Calibri',sans-serif;\"> 30 kwietnia <\/span><\/strong><strong><span style=\"font-family: 'Calibri',sans-serif;\">2016 r<\/span><\/strong><strong><span style=\"font-family: 'Calibri',sans-serif;\">.<\/span><\/strong><\/span><\/p>\n<p class=\"Omwienie\" style=\"text-align: justify;\"><span style=\"font-size: 12pt;\"><span style=\"font-family: 'Calibri',sans-serif;\">W rozporz\u0105dzeniu Ministra Transportu, Budownictwa i&nbsp;Gospodarki Morskiej z&nbsp;dnia 19<\/span><span style=\"font-family: 'Calibri',sans-serif;\">listopada 2013 r. w&nbsp;sprawie wymaga\u0144 dla wyposa\u017cenia morskiego (Dz.<\/span><span style=\"font-family: 'Calibri',sans-serif;\">U.<\/span><span style=\"font-family: 'Calibri',sans-serif;\">poz.<\/span><span style=\"font-family: 'Calibri',sans-serif;\">1385,<\/span><span style=\"font-family: 'Calibri',sans-serif;\">z 2014 r. poz. 1711 oraz z&nbsp;2015 r. poz. 1089) w&nbsp;&sect; 6 <\/span><span style=\"font-family: 'Calibri',sans-serif;\">dodany zosta\u0142<\/span><span style=\"font-family: 'Calibri',sans-serif;\"> ust. 5<\/span><span style=\"font-family: 'Calibri',sans-serif;\">.<\/span><\/span><\/p>\n<p>&nbsp;<\/p>\n<p class=\"Dziedzinaprawa\" style=\"text-align: justify;\"><span style=\"font-size: 12pt;\"><strong><span style=\"font-family: 'Calibri',sans-serif;\">UZNAWANI<\/span><span style=\"font-family: 'Calibri',sans-serif;\">E<\/span><span style=\"font-family: 'Calibri',sans-serif;\"> KWALIFIKACJI ZAWODOWYCH<\/span><\/strong><\/span><\/p>\n<p class=\"Tekstpraswki\" style=\"text-align: justify;\"><span style=\"font-size: 12pt;\"><strong><span style=\"font-family: 'Calibri',sans-serif;\">Rozporz\u0105dzenie <\/span><\/strong><span style=\"font-family: 'Calibri',sans-serif;\">Prezesa Rady Ministr&oacute;w <\/span><span style=\"font-family: 'Calibri',sans-serif;\">z dnia 25 kwietnia 2016 r.<\/span><span style=\"font-family: 'Calibri',sans-serif;\">w sprawie wykazu zawod&oacute;w regulowanych podlegaj\u0105cych wzajemnemu ostrzeganiu pa\u0144stw cz\u0142onkowskich<\/span><span style=\"font-family: 'Calibri',sans-serif;\"> (Dz. U. z&nbsp;2016 r., poz. 594) &ndash; <\/span><strong><span style=\"font-family: 'Calibri',sans-serif;\">we<\/span><\/strong><strong><span style=\"font-family: 'Calibri',sans-serif;\">sz\u0142o <\/span><\/strong><strong><span style=\"font-family: 'Calibri',sans-serif;\">w<\/span><\/strong><strong><span style=\"font-family: 'Calibri',sans-serif;\">\u017cycie z&nbsp;dniem<\/span><\/strong><strong><span style=\"font-family: 'Calibri',sans-serif;\"> 29 kwietnia <\/span><\/strong><strong><span style=\"font-family: 'Calibri',sans-serif;\">2016 r<\/span><\/strong><strong><span style=\"font-family: 'Calibri',sans-serif;\">.<\/span><\/strong><\/span><\/p>\n<p>&nbsp;<\/p>\n<p class=\"Dziedzinaprawa\" style=\"text-align: justify;\"><span style=\"font-size: 12pt; font-family: 'Calibri',sans-serif;\"><strong>\u015aWIADCZENIE OPIEKI ZDROWOTNEJ<\/strong><\/span><\/p>\n<p class=\"Tekstpraswki\" style=\"text-align: justify;\"><span style=\"font-size: 12pt;\"><strong><span style=\"font-family: 'Calibri',sans-serif;\">Rozporz\u0105dzenie <\/span><\/strong><span style=\"font-family: 'Calibri',sans-serif;\">Ministra Spraw Wewn\u0119trznych i&nbsp;Administracji z&nbsp;dnia 26 kwietnia 2016&nbsp;r.<\/span><\/span><\/p>\n<p class=\"Tekstpraswki\" style=\"text-align: justify;\"><span style=\"font-size: 12pt;\"><span style=\"font-family: 'Calibri',sans-serif;\">zmieniaj\u0105ce rozporz\u0105dzenie w&nbsp;sprawie dokumentu potwierdzaj\u0105cego uprawnienia przys\u0142uguj\u0105ce weteranom poszkodowanym &#8211; funkcjonariuszom (Dz. U. z&nbsp;2016 r., poz.&nbsp;608) &ndash; <\/span><strong><span style=\"font-family: 'Calibri',sans-serif;\">we<\/span><\/strong><strong><span style=\"font-family: 'Calibri',sans-serif;\">sz\u0142o <\/span><\/strong><strong><span style=\"font-family: 'Calibri',sans-serif;\">w<\/span><\/strong><strong><span style=\"font-family: 'Calibri',sans-serif;\">\u017cycie z&nbsp;dniem<\/span><\/strong><strong><span style=\"font-family: 'Calibri',sans-serif;\"> 30 kwietnia <\/span><\/strong><strong><span style=\"font-family: 'Calibri',sans-serif;\">2016 r<\/span><\/strong><strong><span style=\"font-family: 'Calibri',sans-serif;\">.<\/span><\/strong><\/span><\/p>\n<p class=\"Omwienie\" style=\"text-align: justify;\"><span style=\"font-size: 12pt;\"><span style=\"font-family: 'Calibri',sans-serif;\">W rozporz\u0105dzeniu Ministra Spraw Wewn\u0119trznych z&nbsp;dnia 29 marca 2012 r. w&nbsp;sprawie dokumentu potwierdzaj\u0105cego uprawnienia przys\u0142uguj\u0105ce weteranom poszkodowanym<\/span><span style=\"font-family: 'Calibri',sans-serif;\">-funkcjonariuszom (Dz. U. z&nbsp;2013 r. poz. 1564)<\/span><span style=\"font-family: 'Calibri',sans-serif;\"> zmianie uleg\u0142o brzmienie<\/span><span style=\"font-family: 'Calibri',sans-serif;\"> za\u0142\u0105cznik<\/span><span style=\"font-family: 'Calibri',sans-serif;\">a<\/span><span style=\"font-family: 'Calibri',sans-serif;\"> do<\/span><span style=\"font-family: 'Calibri',sans-serif;\">rozporz\u0105dzenia<\/span><span style=\"font-family: 'Calibri',sans-serif;\">.<\/span><\/span><\/p>\n<p>&nbsp;<\/p>\n<p class=\"Dziedzinaprawa\" style=\"text-align: justify;\"><span style=\"font-size: 12pt;\"><strong><span style=\"font-family: 'Calibri',sans-serif;\">S\u0141U\u017bBA CELNA I&nbsp;GRANICZNA<\/span><\/strong><\/span><\/p>\n<p class=\"Tekstpraswki\" style=\"text-align: justify;\"><span style=\"font-size: 12pt;\"><strong><span style=\"font-family: 'Calibri',sans-serif;\">Rozporz\u0105dzenie <\/span><\/strong><span style=\"font-family: 'Calibri',sans-serif;\">Ministra Finans&oacute;w <\/span><span style=\"font-family: 'Calibri',sans-serif;\">z dnia 27 kwietnia 2016 r.<\/span><span style=\"font-family: 'Calibri',sans-serif;\">zmieniaj\u0105ce rozporz\u0105dzenie w&nbsp;sprawie wzor&oacute;w upowa\u017cnie\u0144 do wykonywania kontroli przez S\u0142u\u017cb\u0119 Celn\u0105<\/span><span style=\"font-family: 'Calibri',sans-serif;\"> (Dz. U. z&nbsp;2016 r., poz. 611) &ndash; <\/span><strong><span style=\"font-family: 'Calibri',sans-serif;\">we<\/span><\/strong><strong><span style=\"font-family: 'Calibri',sans-serif;\">sz\u0142o <\/span><\/strong><strong><span style=\"font-family: 'Calibri',sans-serif;\">w<\/span><\/strong><strong><span style=\"font-family: 'Calibri',sans-serif;\">\u017cycie z&nbsp;dniem<\/span><\/strong><strong><span style=\"font-family: 'Calibri',sans-serif;\"> 1 maja <\/span><\/strong><strong><span style=\"font-family: 'Calibri',sans-serif;\">2016 r<\/span><\/strong><strong><span style=\"font-family: 'Calibri',sans-serif;\">.<\/span><\/strong><\/span><\/p>\n<p class=\"Omwienie\" style=\"text-align: justify;\"><span style=\"font-size: 12pt;\"><span style=\"font-family: 'Calibri',sans-serif;\">W rozporz\u0105dzeniu Ministra Finans&oacute;w z&nbsp;dnia 23 grudnia 2015 r. w&nbsp;sprawie wzor&oacute;w upowa\u017cnie\u0144 do wykonywania kontroli przez S\u0142u\u017cb\u0119 Celn\u0105 (Dz. U. poz. 2329) <\/span><span style=\"font-family: 'Calibri',sans-serif;\">zmianie uleg\u0142o brzmienie <\/span><span style=\"font-family: 'Calibri',sans-serif;\">za\u0142\u0105cznik<\/span><span style=\"font-family: 'Calibri',sans-serif;\">a<\/span><span style=\"font-family: 'Calibri',sans-serif;\"> nr 1<\/span><span style=\"font-family: 'Calibri',sans-serif;\">.<\/span><\/span><\/p>\n<p class=\"Tekstpraswki\" style=\"text-align: justify;\"><span style=\"font-size: 12pt;\"><strong><span style=\"font-family: 'Calibri',sans-serif;\">Rozporz\u0105dzenie <\/span><\/strong><span style=\"font-family: 'Calibri',sans-serif;\">Ministra Finans&oacute;w <\/span><span style=\"font-family: 'Calibri',sans-serif;\">z dnia 27 kwietnia 2016 r.<\/span><span style=\"font-family: 'Calibri',sans-serif;\">zmieniaj\u0105ce rozporz\u0105dzenie w&nbsp;sprawie wykonywania kontroli przestrzegania przepis&oacute;w prawa celnego oraz innych przepis&oacute;w zwi\u0105zanych z&nbsp;przywozem i&nbsp;wywozem towar&oacute;w<\/span><span style=\"font-family: 'Calibri',sans-serif;\"> (Dz.&nbsp;U.&nbsp;z&nbsp;2016&nbsp;r.,&nbsp;poz. 612) &ndash; <\/span><strong><span style=\"font-family: 'Calibri',sans-serif;\">we<\/span><\/strong><strong><span style=\"font-family: 'Calibri',sans-serif;\">sz\u0142o <\/span><\/strong><strong><span style=\"font-family: 'Calibri',sans-serif;\">w<\/span><\/strong><strong><span style=\"font-family: 'Calibri',sans-serif;\">\u017cycie z&nbsp;dniem<\/span><\/strong><strong><span style=\"font-family: 'Calibri',sans-serif;\"> 1 maja <\/span><\/strong><strong><span style=\"font-family: 'Calibri',sans-serif;\">2016 r<\/span><\/strong><strong><span style=\"font-family: 'Calibri',sans-serif;\">.<\/span><\/strong><\/span><\/p>\n<p class=\"Omwienie\" style=\"text-align: justify;\"><span style=\"font-size: 12pt;\"><span style=\"font-family: 'Calibri',sans-serif;\">W rozporz\u0105dzeniu Ministra Finans&oacute;w z&nbsp;dnia 21 stycznia 2011 r. w&nbsp;sprawie wykonywania kontroli przestrzegania przepis&oacute;w prawa celnego oraz innych przepis&oacute;w zwi\u0105zanych z<\/span><span style=\"font-family: 'Calibri',sans-serif;\">przywozem i&nbsp;wywozem towar&oacute;w (Dz. U. z&nbsp;2013 r. poz. 176)<\/span><span style=\"font-family: 'Calibri',sans-serif;\"> zmianie uleg\u0142o brzmienie &sect;&nbsp;1 pkt 5, &sect; 6, &sect; 7 ust. 1 pkt 5, &sect; 8 ust. 1 pkt 2, &sect; 11 ust. 1 pkt 2, &sect; 12 ust. 1, &sect; 16, &sect;&nbsp;19, &sect; 21 ust. 1 pkt 2, &sect; 22, tytu\u0142u rozdzia\u0142u 6, &sect; 24 ust. 1, &sect; 25, &sect; 27 ust. 3, &sect; 32, dodany zosta\u0142 &sect; 16a, uchylony zosta\u0142 &sect; 18, &sect; 20, &sect; 26.<\/span><\/span><\/p>\n<p class=\"Tekstpraswki\" style=\"text-align: justify;\"><span style=\"font-size: 12pt;\"><strong><span style=\"font-family: 'Calibri',sans-serif;\">Rozporz\u0105dzenie <\/span><\/strong><span style=\"font-family: 'Calibri',sans-serif;\">Ministra Spraw Wewn\u0119trznych i&nbsp;Administracji <\/span><span style=\"font-family: 'Calibri',sans-serif;\">z dnia 27 kwietnia 2016<\/span><span style=\"font-family: 'Calibri',sans-serif;\">r.<\/span><span style=\"font-family: 'Calibri',sans-serif;\">w sprawie utworzenia Karpackiego Oddzia\u0142u Stra\u017cy Granicznej oraz zmiany rozporz\u0105dzenia w&nbsp;sprawie utworzenia oddzia\u0142&oacute;w Stra\u017cy Granicznej<\/span><span style=\"font-family: 'Calibri',sans-serif;\"> (Dz. U. z&nbsp;2016 r., poz.&nbsp;613) &ndash; <\/span><strong><span style=\"font-family: 'Calibri',sans-serif;\">we<\/span><\/strong><strong><span style=\"font-family: 'Calibri',sans-serif;\">jdzie <\/span><\/strong><strong><span style=\"font-family: 'Calibri',sans-serif;\">w<\/span><\/strong><strong><span style=\"font-family: 'Calibri',sans-serif;\">\u017cycie z&nbsp;dniem<\/span><\/strong><strong><span style=\"font-family: 'Calibri',sans-serif;\"> 1 stycznia <\/span><\/strong><strong><span style=\"font-family: 'Calibri',sans-serif;\">201<\/span><\/strong><strong><span style=\"font-family: 'Calibri',sans-serif;\">7<\/span><\/strong><strong><span style=\"font-family: 'Calibri',sans-serif;\"> r<\/span><\/strong><strong><span style=\"font-family: 'Calibri',sans-serif;\">.<\/span><\/strong><\/span><\/p>\n<p>&nbsp;<\/p>\n","protected":false},"excerpt":{"rendered":"<p>We would like to present the next issue of legal bulletin of the Law Office of Adam Polowiec.What you will find here is some information about the new provisions of law and the projects of amendments to acts, but also case-laws including the case laws of Supreme Court, Constitutional Tribunal and European Court of Justice.<\/p>\n","protected":false},"author":3,"featured_media":0,"comment_status":"closed","ping_status":"open","sticky":false,"template":"","format":"standard","meta":{"footnotes":""},"categories":[2],"tags":[],"class_list":["post-641","post","type-post","status-publish","format-standard","hentry","category-wpisy"],"featured_image_src":{"landsacpe":false,"list":false,"medium":false,"full":false},"yoast_head":"<!-- This site is optimized with the Yoast SEO plugin v27.2 - https:\/\/yoast.com\/product\/yoast-seo-wordpress\/ -->\n<title>Legal Bulletin Of The Law Office Of Adam Polowiec (2 - 8 May 2016) - Polowiec i Wsp\u00f3lnicy - Kancelaria prawna<\/title>\n<meta name=\"robots\" content=\"index, follow, max-snippet:-1, max-image-preview:large, max-video-preview:-1\" \/>\n<link rel=\"canonical\" href=\"https:\/\/polowiec.pl\/en\/legal-bulletin-of-the-law-office-of-adam-polowiec-2-8-may-2016\/\" \/>\n<meta property=\"og:locale\" content=\"en_US\" \/>\n<meta property=\"og:type\" content=\"article\" \/>\n<meta property=\"og:title\" content=\"Legal Bulletin Of The Law Office Of Adam Polowiec (2 - 8 May 2016) - Polowiec i Wsp\u00f3lnicy - Kancelaria prawna\" \/>\n<meta property=\"og:description\" content=\"We would like to present the next issue of legal bulletin of the Law Office of Adam Polowiec.What you will find here is some information about the new provisions of law and the projects of amendments to acts, but also case-laws including the case laws of Supreme Court, Constitutional Tribunal and European Court of Justice.\" \/>\n<meta property=\"og:url\" content=\"https:\/\/polowiec.pl\/en\/legal-bulletin-of-the-law-office-of-adam-polowiec-2-8-may-2016\/\" \/>\n<meta property=\"og:site_name\" content=\"Polowiec i Wsp\u00f3lnicy - Kancelaria prawna\" \/>\n<meta property=\"article:publisher\" content=\"https:\/\/www.facebook.com\/polowieciwspolnicy\/\" \/>\n<meta property=\"article:published_time\" content=\"2016-05-26T17:34:24+00:00\" \/>\n<meta property=\"article:modified_time\" content=\"2019-04-18T17:30:37+00:00\" \/>\n<meta name=\"author\" content=\"Marcin Rusinek\" \/>\n<meta name=\"twitter:card\" content=\"summary_large_image\" \/>\n<meta name=\"twitter:label1\" content=\"Written by\" \/>\n\t<meta name=\"twitter:data1\" content=\"Marcin Rusinek\" \/>\n\t<meta name=\"twitter:label2\" content=\"Est. reading time\" \/>\n\t<meta name=\"twitter:data2\" content=\"5 minutes\" \/>\n<script type=\"application\/ld+json\" class=\"yoast-schema-graph\">{\"@context\":\"https:\/\/schema.org\",\"@graph\":[{\"@type\":\"Article\",\"@id\":\"https:\/\/polowiec.pl\/en\/legal-bulletin-of-the-law-office-of-adam-polowiec-2-8-may-2016\/#article\",\"isPartOf\":{\"@id\":\"https:\/\/polowiec.pl\/en\/legal-bulletin-of-the-law-office-of-adam-polowiec-2-8-may-2016\/\"},\"author\":{\"name\":\"Marcin Rusinek\",\"@id\":\"https:\/\/polowiec.pl\/en\/#\/schema\/person\/74c7526b6f52be5ae94031504f9ffec4\"},\"headline\":\"Legal Bulletin Of The Law Office Of Adam Polowiec (2 &#8211; 8 May 2016)\",\"datePublished\":\"2016-05-26T17:34:24+00:00\",\"dateModified\":\"2019-04-18T17:30:37+00:00\",\"mainEntityOfPage\":{\"@id\":\"https:\/\/polowiec.pl\/en\/legal-bulletin-of-the-law-office-of-adam-polowiec-2-8-may-2016\/\"},\"wordCount\":1065,\"publisher\":{\"@id\":\"https:\/\/polowiec.pl\/en\/#organization\"},\"articleSection\":[\"Wpisy\"],\"inLanguage\":\"en-US\"},{\"@type\":\"WebPage\",\"@id\":\"https:\/\/polowiec.pl\/en\/legal-bulletin-of-the-law-office-of-adam-polowiec-2-8-may-2016\/\",\"url\":\"https:\/\/polowiec.pl\/en\/legal-bulletin-of-the-law-office-of-adam-polowiec-2-8-may-2016\/\",\"name\":\"Legal Bulletin Of The Law Office Of Adam Polowiec (2 - 8 May 2016) - Polowiec i Wsp\u00f3lnicy - Kancelaria prawna\",\"isPartOf\":{\"@id\":\"https:\/\/polowiec.pl\/en\/#website\"},\"datePublished\":\"2016-05-26T17:34:24+00:00\",\"dateModified\":\"2019-04-18T17:30:37+00:00\",\"breadcrumb\":{\"@id\":\"https:\/\/polowiec.pl\/en\/legal-bulletin-of-the-law-office-of-adam-polowiec-2-8-may-2016\/#breadcrumb\"},\"inLanguage\":\"en-US\",\"potentialAction\":[{\"@type\":\"ReadAction\",\"target\":[\"https:\/\/polowiec.pl\/en\/legal-bulletin-of-the-law-office-of-adam-polowiec-2-8-may-2016\/\"]}]},{\"@type\":\"BreadcrumbList\",\"@id\":\"https:\/\/polowiec.pl\/en\/legal-bulletin-of-the-law-office-of-adam-polowiec-2-8-may-2016\/#breadcrumb\",\"itemListElement\":[{\"@type\":\"ListItem\",\"position\":1,\"name\":\"Strona g\u0142\u00f3wna\",\"item\":\"https:\/\/polowiec.pl\/en\/\"},{\"@type\":\"ListItem\",\"position\":2,\"name\":\"Legal Bulletin Of The Law Office Of Adam Polowiec (2 &#8211; 8 May 2016)\"}]},{\"@type\":\"WebSite\",\"@id\":\"https:\/\/polowiec.pl\/en\/#website\",\"url\":\"https:\/\/polowiec.pl\/en\/\",\"name\":\"Polowiec i Wsp\u00f3lnicy - Kancelaria prawna\",\"description\":\"Obs\u0142uga prawna\",\"publisher\":{\"@id\":\"https:\/\/polowiec.pl\/en\/#organization\"},\"potentialAction\":[{\"@type\":\"SearchAction\",\"target\":{\"@type\":\"EntryPoint\",\"urlTemplate\":\"https:\/\/polowiec.pl\/en\/?s={search_term_string}\"},\"query-input\":{\"@type\":\"PropertyValueSpecification\",\"valueRequired\":true,\"valueName\":\"search_term_string\"}}],\"inLanguage\":\"en-US\"},{\"@type\":\"Organization\",\"@id\":\"https:\/\/polowiec.pl\/en\/#organization\",\"name\":\"Polowiec i Wsp\u00f3lnicy - Kancelaria prawna\",\"url\":\"https:\/\/polowiec.pl\/en\/\",\"logo\":{\"@type\":\"ImageObject\",\"inLanguage\":\"en-US\",\"@id\":\"https:\/\/polowiec.pl\/en\/#\/schema\/logo\/image\/\",\"url\":\"https:\/\/polowiec.pl\/wp-content\/uploads\/2018\/10\/polowiec_logo2-1.png\",\"contentUrl\":\"https:\/\/polowiec.pl\/wp-content\/uploads\/2018\/10\/polowiec_logo2-1.png\",\"width\":540,\"height\":381,\"caption\":\"Polowiec i Wsp\u00f3lnicy - Kancelaria prawna\"},\"image\":{\"@id\":\"https:\/\/polowiec.pl\/en\/#\/schema\/logo\/image\/\"},\"sameAs\":[\"https:\/\/www.facebook.com\/polowieciwspolnicy\/\",\"https:\/\/www.linkedin.com\/company\/polowiec-i-wsplnicy-sp.j.\/about\/\"]},{\"@type\":\"Person\",\"@id\":\"https:\/\/polowiec.pl\/en\/#\/schema\/person\/74c7526b6f52be5ae94031504f9ffec4\",\"name\":\"Marcin Rusinek\",\"image\":{\"@type\":\"ImageObject\",\"inLanguage\":\"en-US\",\"@id\":\"https:\/\/secure.gravatar.com\/avatar\/b50a0a5c3e71d904f5e57a757d39977d01c43e075c6bf5b4df909ffbbe004790?s=96&d=mm&r=g\",\"url\":\"https:\/\/secure.gravatar.com\/avatar\/b50a0a5c3e71d904f5e57a757d39977d01c43e075c6bf5b4df909ffbbe004790?s=96&d=mm&r=g\",\"contentUrl\":\"https:\/\/secure.gravatar.com\/avatar\/b50a0a5c3e71d904f5e57a757d39977d01c43e075c6bf5b4df909ffbbe004790?s=96&d=mm&r=g\",\"caption\":\"Marcin Rusinek\"}}]}<\/script>\n<!-- \/ Yoast SEO plugin. -->","yoast_head_json":{"title":"Legal Bulletin Of The Law Office Of Adam Polowiec (2 - 8 May 2016) - Polowiec i Wsp\u00f3lnicy - Kancelaria prawna","robots":{"index":"index","follow":"follow","max-snippet":"max-snippet:-1","max-image-preview":"max-image-preview:large","max-video-preview":"max-video-preview:-1"},"canonical":"https:\/\/polowiec.pl\/en\/legal-bulletin-of-the-law-office-of-adam-polowiec-2-8-may-2016\/","og_locale":"en_US","og_type":"article","og_title":"Legal Bulletin Of The Law Office Of Adam Polowiec (2 - 8 May 2016) - Polowiec i Wsp\u00f3lnicy - Kancelaria prawna","og_description":"We would like to present the next issue of legal bulletin of the Law Office of Adam Polowiec.What you will find here is some information about the new provisions of law and the projects of amendments to acts, but also case-laws including the case laws of Supreme Court, Constitutional Tribunal and European Court of Justice.","og_url":"https:\/\/polowiec.pl\/en\/legal-bulletin-of-the-law-office-of-adam-polowiec-2-8-may-2016\/","og_site_name":"Polowiec i Wsp\u00f3lnicy - Kancelaria prawna","article_publisher":"https:\/\/www.facebook.com\/polowieciwspolnicy\/","article_published_time":"2016-05-26T17:34:24+00:00","article_modified_time":"2019-04-18T17:30:37+00:00","author":"Marcin Rusinek","twitter_card":"summary_large_image","twitter_misc":{"Written by":"Marcin Rusinek","Est. reading time":"5 minutes"},"schema":{"@context":"https:\/\/schema.org","@graph":[{"@type":"Article","@id":"https:\/\/polowiec.pl\/en\/legal-bulletin-of-the-law-office-of-adam-polowiec-2-8-may-2016\/#article","isPartOf":{"@id":"https:\/\/polowiec.pl\/en\/legal-bulletin-of-the-law-office-of-adam-polowiec-2-8-may-2016\/"},"author":{"name":"Marcin Rusinek","@id":"https:\/\/polowiec.pl\/en\/#\/schema\/person\/74c7526b6f52be5ae94031504f9ffec4"},"headline":"Legal Bulletin Of The Law Office Of Adam Polowiec (2 &#8211; 8 May 2016)","datePublished":"2016-05-26T17:34:24+00:00","dateModified":"2019-04-18T17:30:37+00:00","mainEntityOfPage":{"@id":"https:\/\/polowiec.pl\/en\/legal-bulletin-of-the-law-office-of-adam-polowiec-2-8-may-2016\/"},"wordCount":1065,"publisher":{"@id":"https:\/\/polowiec.pl\/en\/#organization"},"articleSection":["Wpisy"],"inLanguage":"en-US"},{"@type":"WebPage","@id":"https:\/\/polowiec.pl\/en\/legal-bulletin-of-the-law-office-of-adam-polowiec-2-8-may-2016\/","url":"https:\/\/polowiec.pl\/en\/legal-bulletin-of-the-law-office-of-adam-polowiec-2-8-may-2016\/","name":"Legal Bulletin Of The Law Office Of Adam Polowiec (2 - 8 May 2016) - Polowiec i Wsp\u00f3lnicy - Kancelaria prawna","isPartOf":{"@id":"https:\/\/polowiec.pl\/en\/#website"},"datePublished":"2016-05-26T17:34:24+00:00","dateModified":"2019-04-18T17:30:37+00:00","breadcrumb":{"@id":"https:\/\/polowiec.pl\/en\/legal-bulletin-of-the-law-office-of-adam-polowiec-2-8-may-2016\/#breadcrumb"},"inLanguage":"en-US","potentialAction":[{"@type":"ReadAction","target":["https:\/\/polowiec.pl\/en\/legal-bulletin-of-the-law-office-of-adam-polowiec-2-8-may-2016\/"]}]},{"@type":"BreadcrumbList","@id":"https:\/\/polowiec.pl\/en\/legal-bulletin-of-the-law-office-of-adam-polowiec-2-8-may-2016\/#breadcrumb","itemListElement":[{"@type":"ListItem","position":1,"name":"Strona g\u0142\u00f3wna","item":"https:\/\/polowiec.pl\/en\/"},{"@type":"ListItem","position":2,"name":"Legal Bulletin Of The Law Office Of Adam Polowiec (2 &#8211; 8 May 2016)"}]},{"@type":"WebSite","@id":"https:\/\/polowiec.pl\/en\/#website","url":"https:\/\/polowiec.pl\/en\/","name":"Polowiec i Wsp\u00f3lnicy - Kancelaria prawna","description":"Obs\u0142uga prawna","publisher":{"@id":"https:\/\/polowiec.pl\/en\/#organization"},"potentialAction":[{"@type":"SearchAction","target":{"@type":"EntryPoint","urlTemplate":"https:\/\/polowiec.pl\/en\/?s={search_term_string}"},"query-input":{"@type":"PropertyValueSpecification","valueRequired":true,"valueName":"search_term_string"}}],"inLanguage":"en-US"},{"@type":"Organization","@id":"https:\/\/polowiec.pl\/en\/#organization","name":"Polowiec i Wsp\u00f3lnicy - Kancelaria prawna","url":"https:\/\/polowiec.pl\/en\/","logo":{"@type":"ImageObject","inLanguage":"en-US","@id":"https:\/\/polowiec.pl\/en\/#\/schema\/logo\/image\/","url":"https:\/\/polowiec.pl\/wp-content\/uploads\/2018\/10\/polowiec_logo2-1.png","contentUrl":"https:\/\/polowiec.pl\/wp-content\/uploads\/2018\/10\/polowiec_logo2-1.png","width":540,"height":381,"caption":"Polowiec i Wsp\u00f3lnicy - Kancelaria prawna"},"image":{"@id":"https:\/\/polowiec.pl\/en\/#\/schema\/logo\/image\/"},"sameAs":["https:\/\/www.facebook.com\/polowieciwspolnicy\/","https:\/\/www.linkedin.com\/company\/polowiec-i-wsplnicy-sp.j.\/about\/"]},{"@type":"Person","@id":"https:\/\/polowiec.pl\/en\/#\/schema\/person\/74c7526b6f52be5ae94031504f9ffec4","name":"Marcin Rusinek","image":{"@type":"ImageObject","inLanguage":"en-US","@id":"https:\/\/secure.gravatar.com\/avatar\/b50a0a5c3e71d904f5e57a757d39977d01c43e075c6bf5b4df909ffbbe004790?s=96&d=mm&r=g","url":"https:\/\/secure.gravatar.com\/avatar\/b50a0a5c3e71d904f5e57a757d39977d01c43e075c6bf5b4df909ffbbe004790?s=96&d=mm&r=g","contentUrl":"https:\/\/secure.gravatar.com\/avatar\/b50a0a5c3e71d904f5e57a757d39977d01c43e075c6bf5b4df909ffbbe004790?s=96&d=mm&r=g","caption":"Marcin Rusinek"}}]}},"_links":{"self":[{"href":"https:\/\/polowiec.pl\/en\/wp-json\/wp\/v2\/posts\/641","targetHints":{"allow":["GET"]}}],"collection":[{"href":"https:\/\/polowiec.pl\/en\/wp-json\/wp\/v2\/posts"}],"about":[{"href":"https:\/\/polowiec.pl\/en\/wp-json\/wp\/v2\/types\/post"}],"author":[{"embeddable":true,"href":"https:\/\/polowiec.pl\/en\/wp-json\/wp\/v2\/users\/3"}],"replies":[{"embeddable":true,"href":"https:\/\/polowiec.pl\/en\/wp-json\/wp\/v2\/comments?post=641"}],"version-history":[{"count":0,"href":"https:\/\/polowiec.pl\/en\/wp-json\/wp\/v2\/posts\/641\/revisions"}],"wp:attachment":[{"href":"https:\/\/polowiec.pl\/en\/wp-json\/wp\/v2\/media?parent=641"}],"wp:term":[{"taxonomy":"category","embeddable":true,"href":"https:\/\/polowiec.pl\/en\/wp-json\/wp\/v2\/categories?post=641"},{"taxonomy":"post_tag","embeddable":true,"href":"https:\/\/polowiec.pl\/en\/wp-json\/wp\/v2\/tags?post=641"}],"curies":[{"name":"wp","href":"https:\/\/api.w.org\/{rel}","templated":true}]}}