{"id":653,"date":"2016-06-05T20:52:11","date_gmt":"2016-06-05T18:52:11","guid":{"rendered":"https:\/\/nowa.polowiec.pl\/legal-bulletin-of-the-law-office-of-adam-polowiec-30-may-6-june-2016\/"},"modified":"2019-04-18T19:26:45","modified_gmt":"2019-04-18T17:26:45","slug":"legal-bulletin-of-the-law-office-of-adam-polowiec-30-may-6-june-2016","status":"publish","type":"post","link":"https:\/\/polowiec.pl\/en\/legal-bulletin-of-the-law-office-of-adam-polowiec-30-may-6-june-2016\/","title":{"rendered":"Legal Bulletin Of The Law Office Of Adam Polowiec (30 May &#8211; 6 June 2016)"},"content":{"rendered":"<p>We would like to present the next issue of legal bulletin of the Law Office of Adam Polowiec.<br \/>What you will find here is some information about the new provisions of law and the projects of amendments to acts, but also case-laws including the case laws of Supreme Court, Constitutional Tribunal and European Court of Justice.<\/p>\n<p>  <!--more-->  <\/p>\n<p class=\"NowePrawo\" style=\"text-align: justify;\"><span style=\"font-size: 12pt;\"><strong><span style=\"font-family: 'Calibri',sans-serif;\">_____Nowe Prawo<\/span><\/strong><\/span><\/p>\n<p class=\"Dziedzinaprawa\" style=\"text-align: justify;\"><span style=\"font-size: 12pt;\"><strong><span style=\"font-family: 'Calibri',sans-serif;\">INSTYTUT PAMI\u0118CI NARODOWEJ<\/span><\/strong><\/span><\/p>\n<p class=\"Tekstpraswki\" style=\"text-align: justify;\"><span style=\"font-size: 12pt;\"><strong><span style=\"font-family: 'Calibri',sans-serif;\">Ustawa<\/span><\/strong><span style=\"font-family: 'Calibri',sans-serif;\"> z&nbsp;dnia 29 kwietnia 2016 r.<\/span><span style=\"font-family: 'Calibri',sans-serif;\">o zmianie ustawy o&nbsp;Instytucie Pami\u0119ci Narodowej &#8211; Komisji \u015acigania Zbrodni przeciwko Narodowi Polskiemu oraz niekt&oacute;rych innych ustaw<\/span><span style=\"font-family: 'Calibri',sans-serif;\"> (Dz. U. z&nbsp;2016 r., poz. 749) &#8211; <\/span><strong><span style=\"font-family: 'Calibri',sans-serif;\">we<\/span><\/strong><strong><span style=\"font-family: 'Calibri',sans-serif;\">jdzie<\/span><\/strong><strong><span style=\"font-family: 'Calibri',sans-serif;\"> w<\/span><\/strong><strong><span style=\"font-family: 'Calibri',sans-serif;\">\u017cycie z&nbsp;dniem<\/span><\/strong><strong><span style=\"font-family: 'Calibri',sans-serif;\"> 16&nbsp;czerwca&nbsp;<\/span><\/strong><strong><span style=\"font-family: 'Calibri',sans-serif;\">201<\/span><\/strong><strong><span style=\"font-family: 'Calibri',sans-serif;\">6&nbsp;<\/span><\/strong><strong><span style=\"font-family: 'Calibri',sans-serif;\">r.<\/span><\/strong><strong><span style=\"font-family: 'Calibri',sans-serif;\">, z&nbsp;wyj\u0105tkiem:<\/span><\/strong><\/span><\/p>\n<p class=\"Tekstpraswki\" style=\"text-align: justify;\"><span style=\"font-size: 12pt;\"><strong><span style=\"font-family: 'Calibri',sans-serif;\">1) art. 13, kt&oacute;ry wchodzi w&nbsp;\u017cycie z&nbsp;dniem og\u0142oszenia;<\/span><\/strong><\/span><\/p>\n<p class=\"Tekstpraswki\" style=\"text-align: justify;\"><span style=\"font-size: 12pt;\"><strong><span style=\"font-family: 'Calibri',sans-serif;\">2) art. 1 pkt 27 w&nbsp;zakresie art. 53j, art. 53k i&nbsp;art. 53l, art. 4, art. 10 ust. 1 pkt 1-3, ust. 2 i&nbsp;3, art. 11, art. 12, art. 15 i&nbsp;art. 21, kt&oacute;re wchodz\u0105 w&nbsp;\u017cycie po up\u0142ywie 60 dni od dnia og\u0142oszenia.<\/span><\/strong><\/span><\/p>\n<p class=\"Omwienie\" style=\"text-align: justify;\"><span style=\"font-size: 12pt;\"><span style=\"font-family: 'Calibri',sans-serif;\">W ustawie z&nbsp;dnia 18 grudnia 1998 r. o&nbsp;Instytucie Pami\u0119ci Narodowej &#8211; Komisji \u015acigania Zbrodni przeciwko Narodowi Polskiemu (Dz. U. z&nbsp;2016 r. poz. 152, 178 i&nbsp;677)<\/span><span style=\"font-family: 'Calibri',sans-serif;\"> zmianie ulegnie brzmienie art. 1, art. 2 ust. 1 zdanie pierwsze, art. 8 ust. 3, art. 10, art. 11, art.&nbsp;13 ust. 2 wprowadzenie do wyliczenia, art. 15, art. 16 ust. 1, art. 18, art. 19 ust.&nbsp;2&nbsp;i&nbsp;3, art. 23 ust. 2, art. 29, art. 35a ust. 4 i&nbsp;5, art. 36 ust. 6, art. 45 ust. 3, art.&nbsp;45a, art. 52a pkt 7 i&nbsp;8, art. 52b ust. 2a, rozdzia\u0142u 6, art. 71, dodany zostanie art.&nbsp;10a, u\u017cyty w&nbsp;art. 19 w&nbsp;ust. 10, w&nbsp;art. 21, w&nbsp;art. 23 w&nbsp;ust. 1, 3 i&nbsp;4, w&nbsp;art. 24a w&nbsp;ust.&nbsp;1 i&nbsp;2 oraz w&nbsp;art. 36 w&nbsp;ust. 9 we wprowadzeniu do wyliczenia w&nbsp;r&oacute;\u017cnych przypadkach wyraz &#8220;Rada&#8221; zast\u0119puje si\u0119 u\u017cytym w&nbsp;odpowiednich przypadkach wyrazem &#8220;Kolegium&#8221;, dodany zostanie art. 45b, rozdzia\u0142 6a i&nbsp;6b, w&nbsp;art. 32 uchyla si\u0119 ust. 3-5 i&nbsp;7, uchylony zostanie art. 39 i&nbsp;art. 39a, w&nbsp;art. 43 w&nbsp;ust. 1 skre\u015bla si\u0119 zdanie drugie, uchylony zostanie art. 49.<\/span><\/span><\/p>\n<p class=\"Omwienie\" style=\"text-align: justify;\"><span style=\"font-size: 12pt; font-family: 'Calibri',sans-serif;\">W ustawie z&nbsp;dnia 28 marca 1933 r. o&nbsp;grobach i&nbsp;cmentarzach wojennych (Dz. U. poz. 311, z&nbsp;p&oacute;\u017an. zm.) zmianie ulegnie brzmienie art. 1 ust. 1 pkt 8, art. 4, art. 6, dodany zostanie art. 4a, art. 5a, w&nbsp;art. 7 dotychczasow\u0105 tre\u015b\u0107 oznacza si\u0119 jako ust. 1 i&nbsp;dodaje si\u0119 ust. 2, uchylony zostanie art. 8.<\/span><\/p>\n<p class=\"Omwienie\" style=\"text-align: justify;\"><span style=\"font-size: 12pt; font-family: 'Calibri',sans-serif;\">W ustawie z&nbsp;dnia 31 stycznia 1959 r. o&nbsp;cmentarzach i&nbsp;chowaniu zmar\u0142ych (Dz.&nbsp;U.&nbsp;z&nbsp;2015&nbsp;r. poz. 2126 i&nbsp;2281) zmianie ulegnie brzmienie art. 15a.<\/span><\/p>\n<p class=\"Omwienie\" style=\"text-align: justify;\"><span style=\"font-size: 12pt; font-family: 'Calibri',sans-serif;\">W ustawie z&nbsp;dnia 21 listopada 1996 r. o&nbsp;muzeach (Dz. U. z&nbsp;2012 r. poz. 987, z&nbsp;2015 r. poz. 1505 oraz z&nbsp;2016 r. poz. 352) zmianie ulegnie brzmienie art. 5a ust. 2, art.&nbsp;7&nbsp;ust.&nbsp;1&nbsp;i 2, art. 10 ust. 5, art. 11 ust. 5 pkt 5, dodany zostanie art. 6a, w&nbsp;art.&nbsp;6&nbsp;uchyla si\u0119 ust. 5, w&nbsp;art. 18 uchyla si\u0119 ust. 2, w&nbsp;art. 23 uchyla si\u0119 ust. 3.<\/span><\/p>\n<p class=\"Omwienie\" style=\"text-align: justify;\"><span style=\"font-size: 12pt; font-family: 'Calibri',sans-serif;\">W ustawie z&nbsp;dnia 4 wrze\u015bnia 1997 r. o&nbsp;dzia\u0142ach administracji rz\u0105dowej (Dz.&nbsp;U.&nbsp;z&nbsp;2016&nbsp;r.&nbsp;poz. 543) w&nbsp;art. 14 uchyla si\u0119 ust. 3.<\/span><\/p>\n<p class=\"Omwienie\" style=\"text-align: justify;\"><span style=\"font-size: 12pt; font-family: 'Calibri',sans-serif;\">W ustawie z&nbsp;dnia 6 stycznia 2005 r. o&nbsp;mniejszo\u015bciach narodowych i&nbsp;etnicznych oraz o&nbsp;j\u0119zyku regionalnym (Dz. U. z&nbsp;2015 r. poz. 573) zmianie ulegnie brzmienie art. 24 ust.&nbsp;1.<\/span><\/p>\n<p class=\"Omwienie\" style=\"text-align: justify;\"><span style=\"font-size: 12pt; font-family: 'Calibri',sans-serif;\">W ustawie z&nbsp;dnia 18 pa\u017adziernika 2006 r. o&nbsp;ujawnianiu informacji o&nbsp;dokumentach organ&oacute;w bezpiecze\u0144stwa pa\u0144stwa z&nbsp;lat 1944-1990 oraz tre\u015bci tych dokument&oacute;w (Dz.&nbsp;U.&nbsp;z&nbsp;2013 r. poz. 1388 oraz z&nbsp;2016 r. poz. 178) zmianie ulegnie brzmienie art.&nbsp;4&nbsp;pkt&nbsp;6, art. 22 ust. 1 pkt 14, w&nbsp;art. 7a w&nbsp;ust. 6 skre\u015bla si\u0119 zdanie drugie.<\/span><\/p>\n<p class=\"Omwienie\" style=\"text-align: justify;\"><span style=\"font-size: 12pt; font-family: 'Calibri',sans-serif;\">W ustawie z&nbsp;dnia 5 sierpnia 2010 r. o&nbsp;ochronie informacji niejawnych (Dz.&nbsp;U.&nbsp;poz.&nbsp;1228&nbsp;oraz z&nbsp;2015 r. poz. 21, 1224 i&nbsp;2281) zmianie ulegnie brzmienie art.&nbsp;7&nbsp;ust. 2.<\/span><\/p>\n<p class=\"Omwienie\" style=\"text-align: justify;\"><span style=\"font-size: 12pt; font-family: 'Calibri',sans-serif;\">W ustawie z&nbsp;dnia 12 maja 2011 r. o&nbsp;Krajowej Radzie S\u0105downictwa (Dz. U. poz. 714 i&nbsp;1192, z&nbsp;2014 r. poz. 512, z&nbsp;2015 r. poz. 694 i&nbsp;1224 oraz z&nbsp;2016 r. poz. 178) w&nbsp;art. 3 w&nbsp;ust. 2 w&nbsp;pkt 8 \u015brednik zast\u0119puje si\u0119 kropk\u0105 i&nbsp;uchyla si\u0119 pkt 9.<\/span><\/p>\n<p>&nbsp;<\/p>\n<p class=\"Dziedzinaprawa\" style=\"text-align: justify;\"><span style=\"font-size: 12pt;\"><strong><span style=\"font-family: 'Calibri',sans-serif;\">\u015aWIADCZENIA OPIEKI ZDROWOTNEJ FINANSOWANE ZE \u015aRODK&Oacute;W PUBLICZNYCH<\/span><\/strong><\/span><\/p>\n<p class=\"Tekstpraswki\" style=\"text-align: justify;\"><span style=\"font-size: 12pt;\"><strong><span style=\"font-family: 'Calibri',sans-serif;\">Rozporz\u0105dzenie<\/span><\/strong><span style=\"font-family: 'Calibri',sans-serif;\"> Ministra Obrony Narodowej <\/span><span style=\"font-family: 'Calibri',sans-serif;\">z dnia 12 maja 2016 r.<\/span><span style=\"font-family: 'Calibri',sans-serif;\">zmieniaj\u0105ce rozporz\u0105dzenie w&nbsp;sprawie dokumentu potwierdzaj\u0105cego uprawnienia do korzystania ze \u015bwiadcze\u0144 opieki zdrowotnej przys\u0142uguj\u0105cych uprawnionemu \u017co\u0142nierzowi lub pracownikowi i&nbsp;weteranowi poszkodowanemu<\/span><span style=\"font-family: 'Calibri',sans-serif;\"> (Dz. U. z&nbsp;2016 r., poz. 747) &#8211; <\/span><strong><span style=\"font-family: 'Calibri',sans-serif;\">we<\/span><\/strong><strong><span style=\"font-family: 'Calibri',sans-serif;\">jdzie<\/span><\/strong><strong><span style=\"font-family: 'Calibri',sans-serif;\"> w<\/span><\/strong><strong><span style=\"font-family: 'Calibri',sans-serif;\">\u017cycie z&nbsp;dniem<\/span><\/strong><strong><span style=\"font-family: 'Calibri',sans-serif;\"> 16&nbsp;czerwca&nbsp;<\/span><\/strong><strong><span style=\"font-family: 'Calibri',sans-serif;\">201<\/span><\/strong><strong><span style=\"font-family: 'Calibri',sans-serif;\">6&nbsp;<\/span><\/strong><strong><span style=\"font-family: 'Calibri',sans-serif;\">r.<\/span><\/strong><\/span><\/p>\n<p class=\"Omwienie\" style=\"text-align: justify;\"><span style=\"font-size: 12pt;\"><span style=\"font-family: 'Calibri',sans-serif;\">W rozporz\u0105dzeniu Ministra Obrony Narodowej z&nbsp;dnia 23 marca 2012 r. w&nbsp;sprawie dokumentu potwierdzaj\u0105cego uprawnienia do korzystania ze \u015bwiadcze\u0144 opieki zdrowotnej przys\u0142uguj\u0105cych uprawnionemu \u017co\u0142nierzowi lub pracownikowi i&nbsp;weteranowi poszkodowanemu (Dz. U. poz. 345)<\/span><span style=\"font-family: 'Calibri',sans-serif;\"> zmianie ulegnie brzmienie &sect; 2, &sect; 5 ust. 2, &sect; 6, za\u0142\u0105cznika nr 2.<\/span><\/span><\/p>\n<p>&nbsp;<\/p>\n<p class=\"Dziedzinaprawa\" style=\"text-align: justify;\"><span style=\"font-size: 12pt;\"><strong><span style=\"font-family: 'Calibri',sans-serif;\">ZASAD<\/span><span style=\"font-family: 'Calibri',sans-serif;\">Y<\/span><span style=\"font-family: 'Calibri',sans-serif;\"> UZNAWANIA KWALIFIKACJI ZAWODOWYCH<\/span><\/strong><\/span><\/p>\n<p class=\"Tekstpraswki\" style=\"text-align: justify;\"><span style=\"font-size: 12pt;\"><strong><span style=\"font-family: 'Calibri',sans-serif;\">Rozporz\u0105dzenie<\/span><\/strong><span style=\"font-family: 'Calibri',sans-serif;\"> Prezesa Rady Ministr&oacute;w <\/span><span style=\"font-family: 'Calibri',sans-serif;\">z dnia 12 maja 2016 r.<\/span><span style=\"font-family: 'Calibri',sans-serif;\">w sprawie informacji przekazywanych koordynatorowi systemu uznawania kwalifikacji zawodowych w<\/span><span style=\"font-family: 'Calibri',sans-serif;\">zawodach regulowanych i&nbsp;dzia\u0142alno\u015bciach regulowanych w&nbsp;Rzeczypospolitej Polskiej przez w\u0142a\u015bciwe organy<\/span><span style=\"font-family: 'Calibri',sans-serif;\"> (Dz. U. z&nbsp;2016 r., poz. 732) &#8211; <\/span><strong><span style=\"font-family: 'Calibri',sans-serif;\">we<\/span><\/strong><strong><span style=\"font-family: 'Calibri',sans-serif;\">jdzie<\/span><\/strong><strong><span style=\"font-family: 'Calibri',sans-serif;\"> w<\/span><\/strong><strong><span style=\"font-family: 'Calibri',sans-serif;\">\u017cycie z&nbsp;dniem<\/span><\/strong><strong><span style=\"font-family: 'Calibri',sans-serif;\"> 14&nbsp;czerwca&nbsp;<\/span><\/strong><strong><span style=\"font-family: 'Calibri',sans-serif;\">201<\/span><\/strong><strong><span style=\"font-family: 'Calibri',sans-serif;\">6&nbsp;<\/span><\/strong><strong><span style=\"font-family: 'Calibri',sans-serif;\">r.<\/span><\/strong><\/span><\/p>\n<p>&nbsp;<\/p>\n<p class=\"Dziedzinaprawa\" style=\"text-align: justify;\"><span style=\"font-size: 12pt;\"><strong><span style=\"font-family: 'Calibri',sans-serif;\">PRAWO WOJSKOWE<\/span><\/strong><\/span><\/p>\n<p class=\"Tekstpraswki\" style=\"text-align: justify;\"><span style=\"font-size: 12pt;\"><strong><span style=\"font-family: 'Calibri',sans-serif;\">Ustawa<\/span><\/strong><span style=\"font-family: 'Calibri',sans-serif;\"> z&nbsp;dnia 31 marca 2016 r. o&nbsp;zmianie ustawy o&nbsp;zasadach pobytu wojsk obcych na terytorium Rzeczypospolitej Polskiej oraz zasadach ich przemieszczania si\u0119 przez to terytorium (Dz. U. z&nbsp;2016 r., poz. 738) &#8211; <\/span><strong><span style=\"font-family: 'Calibri',sans-serif;\">we<\/span><\/strong><strong><span style=\"font-family: 'Calibri',sans-serif;\">jdzie<\/span><\/strong><strong><span style=\"font-family: 'Calibri',sans-serif;\"> w<\/span><\/strong><strong><span style=\"font-family: 'Calibri',sans-serif;\">\u017cycie z&nbsp;dniem<\/span><\/strong><strong><span style=\"font-family: 'Calibri',sans-serif;\"> 15&nbsp;czerwca&nbsp;<\/span><\/strong><strong><span style=\"font-family: 'Calibri',sans-serif;\">201<\/span><\/strong><strong><span style=\"font-family: 'Calibri',sans-serif;\">6&nbsp;<\/span><\/strong><strong><span style=\"font-family: 'Calibri',sans-serif;\">r.<\/span><\/strong><\/span><\/p>\n<p class=\"Omwienie\" style=\"text-align: justify;\"><span style=\"font-size: 12pt;\"><span style=\"font-family: 'Calibri',sans-serif;\">W ustawie z&nbsp;dnia 23 wrze\u015bnia 1999 r. o&nbsp;zasadach pobytu wojsk obcych na terytorium Rzeczypospolitej Polskiej oraz zasadach ich przemieszczania si\u0119 przez to terytorium (Dz.<\/span><span style=\"font-family: 'Calibri',sans-serif;\">U. z&nbsp;2014 r. poz. 1077, z&nbsp;2015 r. poz. 1844 oraz z&nbsp;2016 r. poz. 178) <\/span><span style=\"font-family: 'Calibri',sans-serif;\">dodany zostanie<\/span><span style=\"font-family: 'Calibri',sans-serif;\"> art. 3a<\/span><span style=\"font-family: 'Calibri',sans-serif;\">.<\/span><\/span><\/p>\n<p>&nbsp;<\/p>\n<p class=\"Dziedzinaprawa\" style=\"text-align: justify;\"><span style=\"font-size: 12pt;\"><strong><span style=\"font-family: 'Calibri',sans-serif;\">PODW&Oacute;JNE OPODATKOWANIE<\/span><\/strong><\/span><\/p>\n<p class=\"Tekstpraswki\" style=\"text-align: justify;\"><span style=\"font-size: 12pt;\"><strong><span style=\"font-family: 'Calibri',sans-serif;\">Ustawa<\/span><\/strong><span style=\"font-family: 'Calibri',sans-serif;\"> z&nbsp;dnia 31 marca 2016 r.o ratyfikacji Umowy mi\u0119dzy Rz\u0105dem Rzeczypospolitej Polskiej a&nbsp;Rz\u0105dem Demokratyczno-Socjalistycznej Republiki Sri Lanki w&nbsp;sprawie unikania podw&oacute;jnego opodatkowania i&nbsp;zapobiegania uchylaniu si\u0119 od opodatkowania w&nbsp;zakresie podatk&oacute;w od dochodu, podpisanej w&nbsp;Kolombo dnia 6 pa\u017adziernika 2015 r.<\/span><span style=\"font-family: 'Calibri',sans-serif;\"> (Dz.&nbsp;U.&nbsp;z&nbsp;2016&nbsp;r., poz. 727) &#8211; <\/span><strong><span style=\"font-family: 'Calibri',sans-serif;\">we<\/span><\/strong><strong><span style=\"font-family: 'Calibri',sans-serif;\">jdzie<\/span><\/strong><strong><span style=\"font-family: 'Calibri',sans-serif;\"> w<\/span><\/strong><strong><span style=\"font-family: 'Calibri',sans-serif;\">\u017cycie z&nbsp;dniem<\/span><\/strong><strong><span style=\"font-family: 'Calibri',sans-serif;\"> 14&nbsp;czerwca&nbsp;<\/span><\/strong><strong><span style=\"font-family: 'Calibri',sans-serif;\">201<\/span><\/strong><strong><span style=\"font-family: 'Calibri',sans-serif;\">6&nbsp;<\/span><\/strong><strong><span style=\"font-family: 'Calibri',sans-serif;\">r.<\/span><\/strong><\/span><\/p>\n<p class=\"Tekstpraswki\" style=\"text-align: justify;\"><span style=\"font-size: 12pt;\"><strong><span style=\"font-family: 'Calibri',sans-serif;\">Ustawa<\/span><\/strong><span style=\"font-family: 'Calibri',sans-serif;\">z dnia 31 marca 2016 r. o&nbsp;ratyfikacji Konwencji mi\u0119dzy Rzecz\u0105pospolit\u0105 Polsk\u0105 a&nbsp;Federaln\u0105 Demokratyczn\u0105 Republik\u0105 Etiopii w&nbsp;sprawie unikania podw&oacute;jnego opodatkowania i&nbsp;zapobiegania uchylaniu si\u0119 od opodatkowania w&nbsp;zakresie podatk&oacute;w od dochodu, podpisanej w&nbsp;Addis Abebie dnia 13 lipca 2015 r. (Dz. U. z&nbsp;2016 r., poz. 728) &#8211; <\/span><strong><span style=\"font-family: 'Calibri',sans-serif;\">we<\/span><\/strong><strong><span style=\"font-family: 'Calibri',sans-serif;\">jdzie<\/span><\/strong><strong><span style=\"font-family: 'Calibri',sans-serif;\"> w<\/span><\/strong><strong><span style=\"font-family: 'Calibri',sans-serif;\">\u017cycie z&nbsp;dniem<\/span><\/strong><strong><span style=\"font-family: 'Calibri',sans-serif;\"> 14&nbsp;czerwca&nbsp;<\/span><\/strong><strong><span style=\"font-family: 'Calibri',sans-serif;\">201<\/span><\/strong><strong><span style=\"font-family: 'Calibri',sans-serif;\">6&nbsp;<\/span><\/strong><strong><span style=\"font-family: 'Calibri',sans-serif;\">r.<\/span><\/strong><\/span><\/p>\n<p>&nbsp;<\/p>\n<p class=\"Dziedzinaprawa\" style=\"text-align: justify;\"><span style=\"font-size: 12pt;\"><strong><span style=\"font-family: 'Calibri',sans-serif;\">PRAWO MORSKIE<\/span><\/strong><\/span><\/p>\n<p class=\"Tekstpraswki\" style=\"text-align: justify;\"><span style=\"font-size: 12pt;\"><strong><span style=\"font-family: 'Calibri',sans-serif;\">Rozporz\u0105dzenie<\/span><\/strong><span style=\"font-family: 'Calibri',sans-serif;\"> Ministra Gospodarki Morskiej i&nbsp;\u017beglugi \u015ar&oacute;dl\u0105dowej <\/span><span style=\"font-family: 'Calibri',sans-serif;\">z dnia 12<\/span><span style=\"font-family: 'Calibri',sans-serif;\">maja<\/span><span style=\"font-family: 'Calibri',sans-serif;\">2016 r.<\/span><span style=\"font-family: 'Calibri',sans-serif;\">zmieniaj\u0105ce rozporz\u0105dzenie w&nbsp;sprawie wysoko\u015bci kar pieni\u0119\u017cnych za naruszenia przepis&oacute;w o&nbsp;organizacji rynku rybnego<\/span><span style=\"font-family: 'Calibri',sans-serif;\"> (Dz. U. z&nbsp;2016 r., poz. 726) &#8211; <\/span><strong><span style=\"font-family: 'Calibri',sans-serif;\">we<\/span><\/strong><strong><span style=\"font-family: 'Calibri',sans-serif;\">jdzie<\/span><\/strong><strong><span style=\"font-family: 'Calibri',sans-serif;\"> w<\/span><\/strong><strong><span style=\"font-family: 'Calibri',sans-serif;\">\u017cycie z<\/span><\/strong><strong><span style=\"font-family: 'Calibri',sans-serif;\">dniem<\/span><\/strong><strong><span style=\"font-family: 'Calibri',sans-serif;\"> 14&nbsp;czerwca&nbsp;<\/span><\/strong><strong><span style=\"font-family: 'Calibri',sans-serif;\">201<\/span><\/strong><strong><span style=\"font-family: 'Calibri',sans-serif;\">6&nbsp;<\/span><\/strong><strong><span style=\"font-family: 'Calibri',sans-serif;\">r.<\/span><\/strong><\/span><\/p>\n<p class=\"Omwienie\" style=\"text-align: justify;\"><span style=\"font-size: 12pt;\"><span style=\"font-family: 'Calibri',sans-serif;\">W rozporz\u0105dzeniu Ministra Rolnictwa i&nbsp;Rozwoju Wsi z&nbsp;dnia 12 lipca 2013 r. w&nbsp;sprawie wysoko\u015bci kar pieni\u0119\u017cnych za naruszenia przepis&oacute;w o&nbsp;organizacji rynku rybnego (Dz.<\/span><span style=\"font-family: 'Calibri',sans-serif;\">U.<\/span><span style=\"font-family: 'Calibri',sans-serif;\">poz. 997) <\/span><span style=\"font-family: 'Calibri',sans-serif;\">zmianie ulegnie brzmienie <\/span><span style=\"font-family: 'Calibri',sans-serif;\">&sect; 2<\/span><span style=\"font-family: 'Calibri',sans-serif;\">.<\/span><\/span><\/p>\n<p class=\"Tekstpraswki\" style=\"text-align: justify;\"><span style=\"font-size: 12pt;\"><strong><span style=\"font-family: 'Calibri',sans-serif;\">Rozporz\u0105dzenie<\/span><\/strong><span style=\"font-family: 'Calibri',sans-serif;\"> Ministra Gospodarki Morskiej i&nbsp;\u017beglugi \u015ar&oacute;dl\u0105dowej <\/span><span style=\"font-family: 'Calibri',sans-serif;\">z dnia 12<\/span><span style=\"font-family: 'Calibri',sans-serif;\">maja<\/span><span style=\"font-family: 'Calibri',sans-serif;\">2016 r.<\/span><span style=\"font-family: 'Calibri',sans-serif;\">w sprawie kontroli organizacji producent&oacute;w, zwi\u0105zk&oacute;w organizacji producent&oacute;w i<\/span><span style=\"font-family: 'Calibri',sans-serif;\">organizacji mi\u0119dzybran\u017cowych funkcjonuj\u0105cych na rynku rybnym<\/span><span style=\"font-family: 'Calibri',sans-serif;\"> (Dz.&nbsp;U.&nbsp;z&nbsp;2016 r., poz. 725) &#8211; <\/span><strong><span style=\"font-family: 'Calibri',sans-serif;\">we<\/span><\/strong><strong><span style=\"font-family: 'Calibri',sans-serif;\">jdzie<\/span><\/strong><strong><span style=\"font-family: 'Calibri',sans-serif;\"> w<\/span><\/strong><strong><span style=\"font-family: 'Calibri',sans-serif;\">\u017cycie z&nbsp;dniem<\/span><\/strong><strong><span style=\"font-family: 'Calibri',sans-serif;\"> 14&nbsp;czerwca&nbsp;<\/span><\/strong><strong><span style=\"font-family: 'Calibri',sans-serif;\">201<\/span><\/strong><strong><span style=\"font-family: 'Calibri',sans-serif;\">6&nbsp;<\/span><\/strong><strong><span style=\"font-family: 'Calibri',sans-serif;\">r.<\/span><\/strong><\/span><\/p>\n<p>&nbsp;<\/p>\n<p class=\"Dziedzinaprawa\" style=\"text-align: justify;\"><span style=\"font-size: 12pt;\"><strong><span style=\"font-family: 'Calibri',sans-serif;\">NAZWY BUDOWLI, OBIEKT&Oacute;W I&nbsp;URZ\u0104DZE\u0143 U\u017bYTECZNO\u015aCI PUBLICZNEJ<\/span><\/strong><\/span><\/p>\n<p class=\"Tekstpraswki\" style=\"text-align: justify;\"><span style=\"font-size: 12pt;\"><strong><span style=\"font-family: 'Calibri',sans-serif;\">Ustawa<\/span><\/strong><span style=\"font-family: 'Calibri',sans-serif;\">z dnia 1 kwietnia 2016 r.<\/span><span style=\"font-family: 'Calibri',sans-serif;\">o zakazie propagowania komunizmu lub innego ustroju totalitarnego przez nazwy budowli, obiekt&oacute;w i&nbsp;urz\u0105dze\u0144 u\u017cyteczno\u015bci publicznej<\/span><span style=\"font-family: 'Calibri',sans-serif;\"> (Dz.&nbsp;U.&nbsp;z&nbsp;2016 r., poz. 744) &#8211; <\/span><strong><span style=\"font-family: 'Calibri',sans-serif;\">we<\/span><\/strong><strong><span style=\"font-family: 'Calibri',sans-serif;\">jdzie<\/span><\/strong><strong><span style=\"font-family: 'Calibri',sans-serif;\"> w<\/span><\/strong><strong><span style=\"font-family: 'Calibri',sans-serif;\">\u017cycie z&nbsp;dniem<\/span><\/strong><strong><span style=\"font-family: 'Calibri',sans-serif;\"> 2 wrze\u015bnia&nbsp;<\/span><\/strong><strong><span style=\"font-family: 'Calibri',sans-serif;\">201<\/span><\/strong><strong><span style=\"font-family: 'Calibri',sans-serif;\">6&nbsp;<\/span><\/strong><strong><span style=\"font-family: 'Calibri',sans-serif;\">r.<\/span><\/strong><\/span><\/p>\n<p>&nbsp;<\/p>\n<p class=\"Dziedzinaprawa\" style=\"text-align: justify;\"><span style=\"font-size: 12pt;\"><strong><span style=\"font-family: 'Calibri',sans-serif;\">OP\u0141ATY ABONAMENTOWE<\/span><\/strong><\/span><\/p>\n<p class=\"Tekstpraswki\" style=\"text-align: justify;\"><span style=\"font-size: 12pt;\"><strong><span style=\"font-family: 'Calibri',sans-serif;\">Rozporz\u0105dzenie<\/span><\/strong><span style=\"font-family: 'Calibri',sans-serif;\"> Krajowej Rady Radiofonii i&nbsp;Telewizji <\/span><span style=\"font-family: 'Calibri',sans-serif;\">z dnia 18 maja 2016 r.<\/span><span style=\"font-family: 'Calibri',sans-serif;\">w sprawie wysoko\u015bci op\u0142at abonamentowych za u\u017cywanie odbiornik&oacute;w radiofonicznych i<\/span><span style=\"font-family: 'Calibri',sans-serif;\">telewizyjnych oraz zni\u017cek za ich uiszczanie z&nbsp;g&oacute;ry za okres d\u0142u\u017cszy ni\u017c jeden miesi\u0105c w<\/span><span style=\"font-family: 'Calibri',sans-serif;\">2017 r.<\/span><span style=\"font-family: 'Calibri',sans-serif;\"> (Dz. U. z&nbsp;2016 r., poz. 737) &#8211; <\/span><strong><span style=\"font-family: 'Calibri',sans-serif;\">we<\/span><\/strong><strong><span style=\"font-family: 'Calibri',sans-serif;\">jdzie<\/span><\/strong><strong><span style=\"font-family: 'Calibri',sans-serif;\"> w<\/span><\/strong><strong><span style=\"font-family: 'Calibri',sans-serif;\">\u017cycie z&nbsp;dniem<\/span><\/strong><strong><span style=\"font-family: 'Calibri',sans-serif;\"> 15&nbsp;czerwca&nbsp;<\/span><\/strong><strong><span style=\"font-family: 'Calibri',sans-serif;\">201<\/span><\/strong><strong><span style=\"font-family: 'Calibri',sans-serif;\">6&nbsp;<\/span><\/strong><strong><span style=\"font-family: 'Calibri',sans-serif;\">r.<\/span><\/strong><\/span><\/p>\n<p>&nbsp;<\/p>\n<p class=\"Dziedzinaprawa\" style=\"text-align: justify;\"><span style=\"font-size: 12pt;\"><strong><span style=\"font-family: 'Calibri',sans-serif;\">RADA ZATRUDNIENIA SOCJALNEGO<\/span><\/strong><\/span><\/p>\n<p class=\"Tekstpraswki\" style=\"text-align: justify;\"><span style=\"font-size: 12pt;\"><strong><span style=\"font-family: 'Calibri',sans-serif;\">Rozporz\u0105dzenie<\/span><\/strong><span style=\"font-family: 'Calibri',sans-serif;\"> Ministra Rodziny, Pracy i&nbsp;Polityki Spo\u0142ecznej <\/span><span style=\"font-family: 'Calibri',sans-serif;\">z dnia 18 maja 2016 r.<\/span><span style=\"font-family: 'Calibri',sans-serif;\">w<\/span><span style=\"font-family: 'Calibri',sans-serif;\">sprawie Rady Zatrudnienia Socjalnego<\/span><span style=\"font-family: 'Calibri',sans-serif;\"> (Dz. U. z&nbsp;2016 r., poz. 733) &#8211; <\/span><strong><span style=\"font-family: 'Calibri',sans-serif;\">we<\/span><\/strong><strong><span style=\"font-family: 'Calibri',sans-serif;\">jdzie<\/span><\/strong><strong><span style=\"font-family: 'Calibri',sans-serif;\"> w<\/span><\/strong><strong><span style=\"font-family: 'Calibri',sans-serif;\">\u017cycie z&nbsp;dniem<\/span><\/strong><strong><span style=\"font-family: 'Calibri',sans-serif;\"> 15&nbsp;czerwca&nbsp;<\/span><\/strong><strong><span style=\"font-family: 'Calibri',sans-serif;\">201<\/span><\/strong><strong><span style=\"font-family: 'Calibri',sans-serif;\">6&nbsp;<\/span><\/strong><strong><span style=\"font-family: 'Calibri',sans-serif;\">r.<\/span><\/strong><\/span><\/p>\n<p>&nbsp;<\/p>\n<p class=\"Dziedzinaprawa\" style=\"text-align: justify;\"><span style=\"font-size: 12pt;\"><strong><span style=\"font-family: 'Calibri',sans-serif;\">GOSPODAROWANI<\/span><span style=\"font-family: 'Calibri',sans-serif;\">E<\/span><span style=\"font-family: 'Calibri',sans-serif;\"> NIERUCHOMO\u015aCIAMI ROLNYMI SKARBU PA\u0143STWA<\/span><\/strong><\/span><\/p>\n<p class=\"Tekstpraswki\" style=\"text-align: justify;\"><span style=\"font-size: 12pt;\"><strong><span style=\"font-family: 'Calibri',sans-serif;\">Rozporz\u0105dzenie<\/span><\/strong><span style=\"font-family: 'Calibri',sans-serif;\"> Ministra Rolnictwa i&nbsp;Rozwoju Wsi z&nbsp;dnia 20 maja 2016 r.<\/span><span style=\"font-family: 'Calibri',sans-serif;\">w sprawie szczeg&oacute;\u0142owego trybu udzielania pisemnej zgody na przeniesienie w\u0142asno\u015bci nieruchomo\u015bci albo na ustanowienie hipoteki na nieruchomo\u015bci nabytej z&nbsp;Zasobu W\u0142asno\u015bci Rolnej Skarbu Pa\u0144stwa (Dz.<\/span><span style=\"font-family: 'Calibri',sans-serif;\">U.<\/span><span style=\"font-family: 'Calibri',sans-serif;\"> z&nbsp;<\/span><span style=\"font-family: 'Calibri',sans-serif;\">2016<\/span><span style=\"font-family: 'Calibri',sans-serif;\"> r<\/span><span style=\"font-family: 'Calibri',sans-serif;\">.<\/span><span style=\"font-family: 'Calibri',sans-serif;\">, poz. <\/span><span style=\"font-family: 'Calibri',sans-serif;\">746) <strong>&#8211; wesz\u0142o w&nbsp;\u017cycie z&nbsp;dniem 2&nbsp;czerwca&nbsp;2016&nbsp;r.<\/strong><\/span><\/span><\/p>\n<p>&nbsp;<\/p>\n<p class=\"Dziedzinaprawa\" style=\"text-align: justify;\"><span style=\"font-size: 12pt;\"><strong><span style=\"font-family: 'Calibri',sans-serif;\">FINANSE PUBLICZNE<\/span><\/strong><\/span><\/p>\n<p class=\"Tekstpraswki\" style=\"text-align: justify;\"><span style=\"font-size: 12pt;\"><strong><span style=\"font-family: 'Calibri',sans-serif;\">Rozporz\u0105dzenie<\/span><\/strong><span style=\"font-family: 'Calibri',sans-serif;\"> Ministra <\/span><span style=\"font-family: 'Calibri',sans-serif;\">Finans&oacute;w <\/span><span style=\"font-family: 'Calibri',sans-serif;\">z dnia 20 maja 2016 r.<\/span><span style=\"font-family: 'Calibri',sans-serif;\">w sprawie szczeg&oacute;\u0142owego sposobu, trybu i&nbsp;termin&oacute;w opracowania materia\u0142&oacute;w do projektu ustawy bud\u017cetowej na rok 2017<\/span><span style=\"font-family: 'Calibri',sans-serif;\"> (Dz. U. z&nbsp;2016 r., poz. 735)<strong> &#8211; <\/strong><\/span><strong><span style=\"font-family: 'Calibri',sans-serif;\">we<\/span><\/strong><strong><span style=\"font-family: 'Calibri',sans-serif;\">sz\u0142o<\/span><\/strong><strong><span style=\"font-family: 'Calibri',sans-serif;\"> w<\/span><\/strong><strong><span style=\"font-family: 'Calibri',sans-serif;\">\u017cycie z&nbsp;dniem<\/span><\/strong><strong><span style=\"font-family: 'Calibri',sans-serif;\">31 maja&nbsp;<\/span><\/strong><strong><span style=\"font-family: 'Calibri',sans-serif;\">201<\/span><\/strong><strong><span style=\"font-family: 'Calibri',sans-serif;\">6&nbsp;<\/span><\/strong><strong><span style=\"font-family: 'Calibri',sans-serif;\">r.<\/span><\/strong><\/span><\/p>\n<p class=\"Tekstpraswki\" style=\"text-align: justify;\"><span style=\"font-size: 12pt;\"><strong><span style=\"font-family: 'Calibri',sans-serif;\">Rozporz\u0105dzenie<\/span><\/strong><span style=\"font-family: 'Calibri',sans-serif;\"> Ministra <\/span><span style=\"font-family: 'Calibri',sans-serif;\">Finans&oacute;w z&nbsp;dnia 24 maja 2016 r. zmieniaj\u0105ce rozporz\u0105dzenie w&nbsp;sprawie warunk&oacute;w emitowania obligacji skarbowych oferowanych na rynkach zagranicznych (Dz. U. z&nbsp;2016 r., poz. 745) <strong>&#8211; <\/strong><\/span><strong><span style=\"font-family: 'Calibri',sans-serif;\">we<\/span><\/strong><strong><span style=\"font-family: 'Calibri',sans-serif;\">sz\u0142o<\/span><\/strong><strong><span style=\"font-family: 'Calibri',sans-serif;\"> w<\/span><\/strong><strong><span style=\"font-family: 'Calibri',sans-serif;\">\u017cycie z&nbsp;dniem<\/span><\/strong><strong><span style=\"font-family: 'Calibri',sans-serif;\">2&nbsp;czerwca&nbsp;<\/span><\/strong><strong><span style=\"font-family: 'Calibri',sans-serif;\">201<\/span><\/strong><strong><span style=\"font-family: 'Calibri',sans-serif;\">6&nbsp;<\/span><\/strong><strong><span style=\"font-family: 'Calibri',sans-serif;\">r.<\/span><\/strong><\/span><\/p>\n<p class=\"Omwienie\" style=\"text-align: justify;\"><span style=\"font-size: 12pt;\"><span style=\"font-family: 'Calibri',sans-serif;\">W rozporz\u0105dzeniu Ministra Finans&oacute;w z&nbsp;dnia 15 grudnia 2010 r. w&nbsp;sprawie warunk&oacute;w emitowania obligacji skarbowych oferowanych na rynkach zagranicznych (Dz.<\/span><span style=\"font-family: 'Calibri',sans-serif;\">U.<\/span><span style=\"font-family: 'Calibri',sans-serif;\">poz.<\/span><span style=\"font-family: 'Calibri',sans-serif;\">1630) <\/span><span style=\"font-family: 'Calibri',sans-serif;\">zmianie uleg\u0142o brzmienie <\/span><span style=\"font-family: 'Calibri',sans-serif;\">&sect; 3 ust. 1<\/span><span style=\"font-family: 'Calibri',sans-serif;\">.<\/span><\/span><\/p>\n<p>&nbsp;<\/p>\n<p class=\"Dziedzinaprawa\" style=\"text-align: justify;\"><span style=\"font-size: 12pt;\"><strong><span style=\"font-family: 'Calibri',sans-serif;\">PA\u0143STWOWA STRA\u017b PO\u017bARNA<\/span><\/strong><\/span><\/p>\n<p class=\"Tekstpraswki\" style=\"text-align: justify;\"><span style=\"font-size: 12pt;\"><strong><span style=\"font-family: 'Calibri',sans-serif;\">Rozporz\u0105dzenie<\/span><\/strong><span style=\"font-family: 'Calibri',sans-serif;\"> Ministra <\/span><span style=\"font-family: 'Calibri',sans-serif;\">Spraw Wewn\u0119trznych i&nbsp;Administracji <\/span><span style=\"font-family: 'Calibri',sans-serif;\">z dnia 20 maja 2016 r.<\/span><span style=\"font-family: 'Calibri',sans-serif;\">w<\/span><span style=\"font-family: 'Calibri',sans-serif;\">sprawie stanowisk s\u0142u\u017cbowych w&nbsp;jednostkach organizacyjnych Pa\u0144stwowej Stra\u017cy Po\u017carnej<\/span><span style=\"font-family: 'Calibri',sans-serif;\"> (Dz. U. z&nbsp;2016 r., poz. 724) <strong>&#8211; <\/strong><\/span><strong><span style=\"font-family: 'Calibri',sans-serif;\">we<\/span><\/strong><strong><span style=\"font-family: 'Calibri',sans-serif;\">sz\u0142o<\/span><\/strong><strong><span style=\"font-family: 'Calibri',sans-serif;\"> w<\/span><\/strong><strong><span style=\"font-family: 'Calibri',sans-serif;\">\u017cycie z&nbsp;dniem<\/span><\/strong><strong><span style=\"font-family: 'Calibri',sans-serif;\">30 maja&nbsp;<\/span><\/strong><strong><span style=\"font-family: 'Calibri',sans-serif;\">201<\/span><\/strong><strong><span style=\"font-family: 'Calibri',sans-serif;\">6&nbsp;<\/span><\/strong><strong><span style=\"font-family: 'Calibri',sans-serif;\">r.<\/span><\/strong><\/span><\/p>\n<p>&nbsp;<\/p>\n<p class=\"Dziedzinaprawa\" style=\"text-align: justify;\"><span style=\"font-size: 12pt;\"><strong><span style=\"font-family: 'Calibri',sans-serif;\">S\u0141U\u017bBA CELNA<\/span><\/strong><\/span><\/p>\n<p class=\"Tekstpraswki\" style=\"text-align: justify;\"><span style=\"font-size: 12pt;\"><strong><span style=\"font-family: 'Calibri',sans-serif;\">Rozporz\u0105dzenie<\/span><\/strong><span style=\"font-family: 'Calibri',sans-serif;\"> Ministra <\/span><span style=\"font-family: 'Calibri',sans-serif;\">Finans&oacute;w <\/span><span style=\"font-family: 'Calibri',sans-serif;\">z dnia 24 maja 2016 r.<\/span><span style=\"font-family: 'Calibri',sans-serif;\">zmieniaj\u0105ce rozporz\u0105dzenie w&nbsp;sprawie rodzaj&oacute;w dokument&oacute;w maj\u0105cych znaczenie dla kontroli wykonywanych przez S\u0142u\u017cb\u0119 Celn\u0105, a&nbsp;tak\u017ce os&oacute;b obowi\u0105zanych do ich przechowywania<\/span><span style=\"font-family: 'Calibri',sans-serif;\"> (Dz. U. z&nbsp;2016 r., poz.&nbsp;731) <strong>&#8211; <\/strong><\/span><strong><span style=\"font-family: 'Calibri',sans-serif;\">we<\/span><\/strong><strong><span style=\"font-family: 'Calibri',sans-serif;\">sz\u0142o<\/span><\/strong><strong><span style=\"font-family: 'Calibri',sans-serif;\"> w<\/span><\/strong><strong><span style=\"font-family: 'Calibri',sans-serif;\">\u017cycie z&nbsp;dniem<\/span><\/strong><strong><span style=\"font-family: 'Calibri',sans-serif;\">31 maja&nbsp;<\/span><\/strong><strong><span style=\"font-family: 'Calibri',sans-serif;\">201<\/span><\/strong><strong><span style=\"font-family: 'Calibri',sans-serif;\">6&nbsp;<\/span><\/strong><strong><span style=\"font-family: 'Calibri',sans-serif;\">r.<\/span><\/strong><\/span><\/p>\n<p class=\"Omwienie\" style=\"text-align: justify;\"><span style=\"font-size: 12pt;\"><span style=\"font-family: 'Calibri',sans-serif;\">W rozporz\u0105dzeniu Ministra Finans&oacute;w z&nbsp;dnia 29 pa\u017adziernika 2009 r. w&nbsp;sprawie rodzaj&oacute;w dokument&oacute;w maj\u0105cych znaczenie dla kontroli wykonywanych przez S\u0142u\u017cb\u0119 Celn\u0105, a&nbsp;tak\u017ce os&oacute;b obowi\u0105zanych do ich przechowywania (Dz. U. poz. 1424)<\/span><span style=\"font-family: 'Calibri',sans-serif;\"> zmianie uleg\u0142o brzmienie &sect;&nbsp;2, &sect; 3.<\/span><\/span><\/p>\n<p>&nbsp;<\/p>\n<p class=\"Dziedzinaprawa\" style=\"text-align: justify;\"><span style=\"font-size: 12pt;\"><strong><span style=\"font-family: 'Calibri',sans-serif;\">REGIONALNE IZBY OBRACHUNKOWE<\/span><\/strong><\/span><\/p>\n<p class=\"Tekstpraswki\" style=\"text-align: justify;\"><span style=\"font-size: 12pt;\"><strong><span style=\"font-family: 'Calibri',sans-serif;\">Rozporz\u0105dzenie<\/span><\/strong><span style=\"font-family: 'Calibri',sans-serif;\">Prezesa Rady Ministr&oacute;w <\/span><span style=\"font-family: 'Calibri',sans-serif;\">z dnia 25 maja 2016 r.<\/span><span style=\"font-family: 'Calibri',sans-serif;\">zmieniaj\u0105ce rozporz\u0105dzenie w&nbsp;sprawie wielokrotno\u015bci kwoty bazowej, zasad wynagradzania pracownik&oacute;w regionalnych izb obrachunkowych, wymaganych kwalifikacji oraz zasad ustalania rycza\u0142tu, diet i&nbsp;zwrotu koszt&oacute;w podr&oacute;\u017cy pozaetatowych cz\u0142onk&oacute;w kolegi&oacute;w izb<\/span><span style=\"font-family: 'Calibri',sans-serif;\"> (Dz. U. z&nbsp;2016 r., poz. 743) <strong>&#8211; <\/strong><\/span><strong><span style=\"font-family: 'Calibri',sans-serif;\">we<\/span><\/strong><strong><span style=\"font-family: 'Calibri',sans-serif;\">sz\u0142o<\/span><\/strong><strong><span style=\"font-family: 'Calibri',sans-serif;\"> w<\/span><\/strong><strong><span style=\"font-family: 'Calibri',sans-serif;\">\u017cycie z&nbsp;dniem<\/span><\/strong><strong><span style=\"font-family: 'Calibri',sans-serif;\">2 czerwca&nbsp;<\/span><\/strong><strong><span style=\"font-family: 'Calibri',sans-serif;\">201<\/span><\/strong><strong><span style=\"font-family: 'Calibri',sans-serif;\">6&nbsp;<\/span><\/strong><strong><span style=\"font-family: 'Calibri',sans-serif;\">r.<\/span><\/strong><\/span><\/p>\n<p class=\"Omwienie\" style=\"text-align: justify;\"><span style=\"font-size: 12pt;\"><span style=\"font-family: 'Calibri',sans-serif;\">W rozporz\u0105dzeniu Prezesa Rady Ministr&oacute;w z&nbsp;dnia 20 lutego 2004 r. w&nbsp;sprawie wielokrotno\u015bci kwoty bazowej, zasad wynagradzania pracownik&oacute;w regionalnych izb obrachunkowych, wymaganych kwalifikacji oraz zasad ustalania rycza\u0142tu, diet i&nbsp;zwrotu koszt&oacute;w podr&oacute;\u017cy pozaetatowych cz\u0142onk&oacute;w kolegi&oacute;w izb (Dz. U. poz. 264, z&nbsp;2005 r. poz. 379, z&nbsp;2006 r. poz. 262, z&nbsp;2007 r. poz. 596, z&nbsp;2008 r. poz. 453 oraz z&nbsp;2009 r. poz. 467)<\/span><span style=\"font-family: 'Calibri',sans-serif;\"> zmianie uleg\u0142o brzmienie za\u0142\u0105cznika nr 1 do rozporz\u0105dzenia, za\u0142\u0105cznika nr 2 do rozporz\u0105dzenia, w&nbsp;za\u0142\u0105czniku nr 4 do rozporz\u0105dzenia skre\u015bla si\u0119 lp. 7.<\/span><\/span><\/p>\n<p>&nbsp;<\/p>\n<p class=\"Dziedzinaprawa\" style=\"text-align: justify;\"><span style=\"font-size: 12pt;\"><strong><span style=\"font-family: 'Calibri',sans-serif;\">KARTA NAUCZYCIELA<\/span><\/strong><\/span><\/p>\n<p class=\"Tekstpraswki\" style=\"text-align: justify;\"><span style=\"font-size: 12pt;\"><strong><span style=\"font-family: 'Calibri',sans-serif;\">Rozporz\u0105dzenie<\/span><\/strong><span style=\"font-family: 'Calibri',sans-serif;\">Ministra Edukacji Narodowej <\/span><span style=\"font-family: 'Calibri',sans-serif;\">z dnia 25 maja 2016 r.<\/span><span style=\"font-family: 'Calibri',sans-serif;\">w sprawie szczeg&oacute;\u0142owego trybu prowadzenia post\u0119powania wyja\u015bniaj\u0105cego i&nbsp;dyscyplinarnego wobec nauczycieli oraz wznawiania post\u0119powania dyscyplinarnego<\/span><span style=\"font-family: 'Calibri',sans-serif;\"> (Dz. U. z&nbsp;2016 r., poz. 741) <strong>&#8211; <\/strong><\/span><strong><span style=\"font-family: 'Calibri',sans-serif;\">we<\/span><\/strong><strong><span style=\"font-family: 'Calibri',sans-serif;\">sz\u0142o<\/span><\/strong><strong><span style=\"font-family: 'Calibri',sans-serif;\"> w<\/span><\/strong><strong><span style=\"font-family: 'Calibri',sans-serif;\">\u017cycie z&nbsp;dniem<\/span><\/strong><strong><span style=\"font-family: 'Calibri',sans-serif;\">31 maja <\/span><\/strong><strong><span style=\"font-family: 'Calibri',sans-serif;\">201<\/span><\/strong><strong><span style=\"font-family: 'Calibri',sans-serif;\">6&nbsp;<\/span><\/strong><strong><span style=\"font-family: 'Calibri',sans-serif;\">r.<\/span><\/strong><\/span><\/p>\n<p>&nbsp;<\/p>\n<p class=\"Dziedzinaprawa\" style=\"text-align: justify;\"><span style=\"font-size: 12pt;\"><strong><span style=\"font-family: 'Calibri',sans-serif;\">ZARZ\u0104DZENIA PREZESA NARODOWEGO FUNDUSZU ZDROWIA<\/span><\/strong><\/span><\/p>\n<p class=\"Tekstpraswki\" style=\"text-align: justify;\"><span style=\"font-size: 12pt;\"><strong><span style=\"font-family: 'Calibri',sans-serif;\">Zarz\u0105dzenie<\/span><\/strong><span style=\"font-family: 'Calibri',sans-serif;\"> Nr 39\/2016\/DSM Prezesa Narodowego Funduszu Zdrowia<\/span><span style=\"font-family: 'Calibri',sans-serif;\">z dnia 30&nbsp;maja&nbsp;2016 r. zmieniaj\u0105ce zarz\u0105dzenie w&nbsp;sprawie okre\u015blenia warunk&oacute;w zawierania i&nbsp;realizacji um&oacute;w o&nbsp;udzielanie \u015bwiadcze\u0144 opieki zdrowotnej w&nbsp;rodzaju podstawowa opieka zdrowotna w&nbsp;zakresie nocnej i&nbsp;\u015bwi\u0105tecznej opieki zdrowotnej <strong>&#8211; <\/strong><\/span><strong><span style=\"font-family: 'Calibri',sans-serif;\">we<\/span><\/strong><strong><span style=\"font-family: 'Calibri',sans-serif;\">sz\u0142o<\/span><\/strong><strong><span style=\"font-family: 'Calibri',sans-serif;\"> w<\/span><\/strong><strong><span style=\"font-family: 'Calibri',sans-serif;\">\u017cycie z&nbsp;dniem<\/span><\/strong><strong><span style=\"font-family: 'Calibri',sans-serif;\">podpisania.<\/span><\/strong><\/span><\/p>\n<p class=\"Omwienie\" style=\"text-align: justify;\"><span style=\"font-size: 12pt;\"><span style=\"font-family: 'Calibri',sans-serif;\">W zarz\u0105dzeniu 64\/2013\/DSOZ Prezesa Narodowego Funduszu Zdrowia z&nbsp;dnia 15<\/span><span style=\"font-family: 'Calibri',sans-serif;\">listopada 2013 r. w&nbsp;sprawie okre\u015blenia warunk&oacute;w zawierania i&nbsp;realizacji um&oacute;w o<\/span><span style=\"font-family: 'Calibri',sans-serif;\">udzielanie \u015bwiadcze\u0144 opieki zdrowotnej w&nbsp;rodzaju podstawowa opieka zdrowotna w<\/span><span style=\"font-family: 'Calibri',sans-serif;\">zakresie nocnej i&nbsp;\u015bwi\u0105tecznej opieki zdrowotnej, zmienionym zarz\u0105dzeniem Nr<\/span><span style=\"font-family: 'Calibri',sans-serif;\">68\/2013\/DSOZ Prezesa Narodowego Funduszu Zdrowia z&nbsp;dnia 27 listopada 2013 r., zarz\u0105dzeniem Nr 96\/2014\/DSOZ Prezesa Narodowego Funduszu Zdrowia z&nbsp;dnia 23<\/span><span style=\"font-family: 'Calibri',sans-serif;\">grudnia 2014 r. oraz zarz\u0105dzeniem Nr 62\/2015\/DSOZ Prezesa Narodowego Funduszu Zdrowia z&nbsp;dnia 29 wrze\u015bnia 2015 r., <\/span><span style=\"font-family: 'Calibri',sans-serif;\">zmianie uleg\u0142o brzmienie <\/span><span style=\"font-family: 'Calibri',sans-serif;\">za\u0142\u0105cznik<\/span><span style=\"font-family: 'Calibri',sans-serif;\">a<\/span><span style=\"font-family: 'Calibri',sans-serif;\"> nr 2 do zarz\u0105dzenia<\/span><span style=\"font-family: 'Calibri',sans-serif;\">.<\/span><\/span><\/p>\n<p class=\"Tekstpraswki\" style=\"text-align: justify;\"><span style=\"font-size: 12pt;\"><strong><span style=\"font-family: 'Calibri',sans-serif;\">Zarz\u0105dzenie<\/span><\/strong><span style=\"font-family: 'Calibri',sans-serif;\"> Nr 41\/2016\/DSOZ<\/span><span style=\"font-family: 'Calibri',sans-serif;\">Prezesa Narodowego Funduszu Zdrowia<\/span><span style=\"font-family: 'Calibri',sans-serif;\">z dnia 1<\/span><span style=\"font-family: 'Calibri',sans-serif;\">czerwca 2016 r.<\/span><span style=\"font-family: 'Calibri',sans-serif;\">zmieniaj\u0105ce zarz\u0105dzenie w&nbsp;sprawie okre\u015blenia warunk&oacute;w zawierania i<\/span><span style=\"font-family: 'Calibri',sans-serif;\">realizacji um&oacute;w w&nbsp;rodzaju leczenie szpitalne<\/span><strong><span style=\"font-family: 'Calibri',sans-serif;\">&#8211; <\/span><\/strong><strong><span style=\"font-family: 'Calibri',sans-serif;\">we<\/span><\/strong><strong><span style=\"font-family: 'Calibri',sans-serif;\">jdzie<\/span><\/strong><strong><span style=\"font-family: 'Calibri',sans-serif;\"> w<\/span><\/strong><strong><span style=\"font-family: 'Calibri',sans-serif;\">\u017cycie z&nbsp;dniem<\/span><\/strong><strong><span style=\"font-family: 'Calibri',sans-serif;\">1&nbsp;lipca&nbsp;2016&nbsp;r.<\/span><\/strong><\/span><\/p>\n<p class=\"Omwienie\" style=\"text-align: justify;\"><span style=\"font-size: 12pt;\"><span style=\"font-family: 'Calibri',sans-serif;\">W zarz\u0105dzeniu Nr 89\/2013\/DSOZ Prezesa Narodowego Funduszu Zdrowia z&nbsp;dnia 19<\/span><span style=\"font-family: 'Calibri',sans-serif;\">grudnia 2013 r. w&nbsp;sprawie okre\u015blenia warunk&oacute;w zawierania i&nbsp;realizacji um&oacute;w w<\/span><span style=\"font-family: 'Calibri',sans-serif;\">rodzaju: leczenie szpitalne (w brzmieniu wynikaj\u0105cym z&nbsp;zarz\u0105dzenia Nr 110\/2015\/BP Prezesa Narodowego Funduszu Zdrowia z&nbsp;dnia 31 grudnia 2015 r. w&nbsp;sprawie og\u0142oszenia jednolitego tekstu zarz\u0105dzenia Prezesa Narodowego Funduszu Zdrowia w&nbsp;sprawie okre\u015blenia warunk&oacute;w zawierania i&nbsp;realizacji um&oacute;w w&nbsp;rodzaju leczenie szpitalne), zmienionym zarz\u0105dzeniem Nr 23\/2016\/DSOZ z&nbsp;dnia 13 kwietnia 2016 r. Prezesa Narodowego Funduszu Zdrowia oraz zarz\u0105dzeniem Nr 38\/2016\/DSM z&nbsp;dnia 18<\/span><span style=\"font-family: 'Calibri',sans-serif;\">maja<\/span><span style=\"font-family: 'Calibri',sans-serif;\">2016<\/span><span style=\"font-family: 'Calibri',sans-serif;\">r. Prezesa Narodowego Funduszu Zdrowia, w&nbsp;&sect; 16 dodaje si\u0119 ust. 7<\/span><span style=\"font-family: 'Calibri',sans-serif;\">.<\/span><\/span><\/p>\n<p class=\"Tekstpraswki\" style=\"text-align: justify;\"><span style=\"font-size: 12pt;\"><strong><span style=\"font-family: 'Calibri',sans-serif;\">Zarz\u0105dzenie<\/span><\/strong><span style=\"font-family: 'Calibri',sans-serif;\"> NR 42\/2016\/DGL<\/span><span style=\"font-family: 'Calibri',sans-serif;\">Prezesa Narodowego Funduszu Zdrowia<\/span><span style=\"font-family: 'Calibri',sans-serif;\">z dnia 1<\/span><span style=\"font-family: 'Calibri',sans-serif;\">czerwca<\/span><span style=\"font-family: 'Calibri',sans-serif;\">2016 r.<\/span><span style=\"font-family: 'Calibri',sans-serif;\">zmieniaj\u0105ce zarz\u0105dzenie w&nbsp;sprawie okre\u015blenia warunk&oacute;w zawierania i<\/span><span style=\"font-family: 'Calibri',sans-serif;\">realizacji um&oacute;w w&nbsp;rodzaju leczenie szpitalne w&nbsp;zakresie programy zdrowotne (lekowe)<\/span><strong><span style=\"font-family: 'Calibri',sans-serif;\">&#8211; <\/span><\/strong><strong><span style=\"font-family: 'Calibri',sans-serif;\">we<\/span><\/strong><strong><span style=\"font-family: 'Calibri',sans-serif;\">sz\u0142o<\/span><\/strong><strong><span style=\"font-family: 'Calibri',sans-serif;\"> w<\/span><\/strong><strong><span style=\"font-family: 'Calibri',sans-serif;\">\u017cycie z&nbsp;dniem<\/span><\/strong><strong><span style=\"font-family: 'Calibri',sans-serif;\">nast\u0119puj\u0105cym po dniu podpisania, z&nbsp;moc\u0105 obowi\u0105zuj\u0105c\u0105 od dnia 1 maja 2016 r.<\/span><\/strong><\/span><\/p>\n<p class=\"Omwienie\" style=\"text-align: justify;\"><span style=\"font-size: 12pt;\"><span style=\"font-family: 'Calibri',sans-serif;\">W zarz\u0105dzeniu Nr 27\/2012\/DGL Prezesa Narodowego Funduszu Zdrowia z&nbsp;dnia 10<\/span><span style=\"font-family: 'Calibri',sans-serif;\">maja<\/span><span style=\"font-family: 'Calibri',sans-serif;\">2012 r. w&nbsp;sprawie okre\u015blenia warunk&oacute;w zawierania i&nbsp;realizacji um&oacute;w w&nbsp;rodzaju leczenie szpitalne w&nbsp;zakresie programy zdrowotne (lekowe), zmienionym zarz\u0105dzeniem Nr 42\/2012\/DGL Prezesa Narodowego Funduszu Zdrowia z&nbsp;dnia 10 lipca 2012 r., zarz\u0105dzeniem Nr 59\/2012\/DSOZ Prezesa Narodowego Funduszu Zdrowia z&nbsp;dnia 10<\/span><span style=\"font-family: 'Calibri',sans-serif;\">pa\u017adziernika 2012 r., zarz\u0105dzeniem Nr 66\/2012\/DGL Prezesa Narodowego Funduszu Zdrowia z&nbsp;dnia 19 pa\u017adziernika 2012 r., zarz\u0105dzeniem Nr 95\/2012\/DGL Prezesa Narodowego Funduszu Zdrowia z&nbsp;dnia 18 grudnia 2012 r., zarz\u0105dzeniem Nr 3\/2013\/DGL Prezesa Narodowego Funduszu Zdrowia z&nbsp;dnia 19 lutego 2013 r., zarz\u0105dzeniem Nr<\/span><span style=\"font-family: 'Calibri',sans-serif;\">8\/2013\/DGL Prezesa Narodowego Funduszu Zdrowia z&nbsp;dnia 5 marca 2013 r., zarz\u0105dzeniem Nr 19\/2013\/DGL Prezesa Narodowego Funduszu Zdrowia z&nbsp;dnia 10<\/span><span style=\"font-family: 'Calibri',sans-serif;\">kwietnia 2013 r., zarz\u0105dzeniem Nr 29\/2013\/DGL Prezesa Narodowego Funduszu Zdrowia z&nbsp;dnia 15 maja 2013 r., zarz\u0105dzeniem Nr 42\/2013\/DGL Prezesa Narodowego Funduszu Zdrowia z&nbsp;dnia 9 sierpnia 2013 r., zarz\u0105dzeniem Nr 48\/2013\/DGL Prezesa Narodowego Funduszu Zdrowia z&nbsp;dnia 6 wrze\u015bnia 2013 r., zarz\u0105dzeniem Nr 59\/2013\/DGL Prezesa Narodowego Funduszu Zdrowia z&nbsp;dnia 15 pa\u017adziernika 2013 r., zarz\u0105dzeniem Nr<\/span><span style=\"font-family: 'Calibri',sans-serif;\">78\/2013\/DGL Prezesa Narodowego Funduszu Zdrowia z&nbsp;dnia 13 grudnia 2013 r., zarz\u0105dzeniem Nr 5\/2014\/DGL Prezesa Narodowego Funduszu Zdrowia z&nbsp;dnia 12 lutego 2014 r., zarz\u0105dzeniem Nr 15\/2014\/DGL Prezesa Narodowego Funduszu Zdrowia z&nbsp;dnia 7<\/span><span style=\"font-family: 'Calibri',sans-serif;\">kwietnia 2014 r., zarz\u0105dzeniem Nr 37\/2014\/DGL Prezesa Narodowego Funduszu Zdrowia z&nbsp;dnia 4 lipca 2014 r., zarz\u0105dzeniem Nr 57\/2014\/DGL Prezesa Narodowego Funduszu Zdrowia z&nbsp;dnia 29 sierpnia 2014 r., zarz\u0105dzeniem Nr 74\/2014\/DGL Prezesa Narodowego Funduszu Zdrowia z&nbsp;dnia 20 listopada 2014 r., zarz\u0105dzeniem Nr<\/span><span style=\"font-family: 'Calibri',sans-serif;\">2\/2015\/DGL Prezesa Narodowego Funduszu Zdrowia z&nbsp;dnia 2 stycznia 2015 r., zarz\u0105dzeniem Nr 14\/2015\/DGL Prezesa Narodowego Funduszu Zdrowia z&nbsp;dnia 11 marca 2015 r., zarz\u0105dzeniem Nr 21\/2015\/DGL Prezesa Narodowego Funduszu Zdrowia z&nbsp;dnia 30<\/span><span style=\"font-family: 'Calibri',sans-serif;\">kwietnia 2015 r., zarz\u0105dzeniem Nr 36\/2015\/DGL Prezesa Narodowego Funduszu Zdrowia z&nbsp;dnia 10 lipca 2015 r., zarz\u0105dzeniem Nr 48\/2015\/DGL Prezesa Narodowego Funduszu Zdrowia z&nbsp;dnia 19 sierpnia 2015 r., zarz\u0105dzeniem Nr 61\/2015\/DSOZ Prezesa Narodowego Funduszu Zdrowia z&nbsp;dnia 16 wrze\u015bnia 2015 r., zarz\u0105dzeniem Nr<\/span><span style=\"font-family: 'Calibri',sans-serif;\">62\/2015\/DSOZ Prezesa Narodowego Funduszu Zdrowia z&nbsp;dnia 29 wrze\u015bnia 2015 r., zarz\u0105dzeniem Nr 70\/2015\/DSOZ Prezesa Narodowego Funduszu Zdrowia z&nbsp;dnia<\/span><span style=\"font-family: 'Calibri',sans-serif;\">16<\/span><span style=\"font-family: 'Calibri',sans-serif;\">pa\u017adziernika 2015 r., zarz\u0105dzeniem Nr 71\/2015\/DGL Prezesa Narodowego Funduszu Zdrowia z&nbsp;dnia 20 pa\u017adziernika 2015 r., zarz\u0105dzeniem Nr 85\/2015\/DGL Prezesa Narodowego Funduszu Zdrowia z&nbsp;dnia 8 grudnia 2015 r. zarz\u0105dzeniem Nr 10\/2016\/DGL Prezesa Narodowego Funduszu Zdrowia z&nbsp;dnia 18 lutego 2016 r. oraz zarz\u0105dzeniem Nr<\/span><span style=\"font-family: 'Calibri',sans-serif;\">27\/2016\/DGL Prezesa Narodowego Funduszu Zdrowia z&nbsp;dnia 19 kwietnia 2016 r.,<\/span><span style=\"font-family: 'Calibri',sans-serif;\"> zmianie uleg\u0142o brzmienie za\u0142\u0105cznika nr 1k do zarz\u0105dzenia, za\u0142\u0105cznika nr 1l do zarz\u0105dzenia, za\u0142\u0105cznika nr 1m do zarz\u0105dzenia, za\u0142\u0105cznika nr 3 do zarz\u0105dzenia, za\u0142\u0105cznika nr 4 do zarz\u0105dzenia.<\/span><\/span><\/p>\n<p>&nbsp;<\/p>\n<p class=\"NowePrawo\" style=\"text-align: justify;\"><span style=\"font-size: 12pt;\"><strong><span style=\"font-family: 'Calibri',sans-serif;\">_____Orzecznictwo<\/span><\/strong><\/span><\/p>\n<p class=\"SdNajwyszy\" style=\"text-align: justify;\"><span style=\"font-size: 12pt;\"><strong><span style=\"font-family: 'Calibri',sans-serif;\">Trybuna\u0142 Konstytucyjny<\/span><\/strong><\/span><\/p>\n<p class=\"Dziedzinaprawa\" style=\"text-align: justify;\"><span style=\"font-size: 12pt;\"><strong><span style=\"font-family: 'Calibri',sans-serif;\">PRAWO O&nbsp;USTROJU S\u0104D&Oacute;W WOJSKOWYCH<\/span><\/strong><\/span><\/p>\n<p class=\"Tekstpraswki\" style=\"text-align: justify;\"><span style=\"font-size: 12pt;\"><span style=\"font-family: 'Calibri',sans-serif;\">Trybuna\u0142 Konstytucyjny<\/span><span style=\"font-family: 'Calibri',sans-serif;\"> stwierdzi\u0142, i\u017c z<\/span><span style=\"font-family: 'Calibri',sans-serif;\">ewn\u0119trzny dost\u0119p do akt sprawy s\u0105dowej oddzia\u0142uje na sprawowanie wymiaru sprawiedliwo\u015bci przez s\u0105dy, bo zar&oacute;wno przebieg, jak i&nbsp;efekt podstawowej dzia\u0142alno\u015bci s\u0105d&oacute;w polegaj\u0105cej na orzekaniu, znajduje sw&oacute;j wyraz w\u0142a\u015bnie w&nbsp;aktach sprawy. Konstytucja zapewnia s\u0105dom pe\u0142n\u0105 samodzielno\u015b\u0107 w<\/span><span style=\"font-family: 'Calibri',sans-serif;\">rozpoznawaniu spraw i&nbsp;orzekaniu, co oznacza r&oacute;wnie\u017c konieczno\u015b\u0107 zapewnienia wykonywania funkcji jurysdykcyjnych przez s\u0105dy bez jakiejkolwiek ingerencji ze strony innych w\u0142adz, w&nbsp;tym Ministra Sprawiedliwo\u015bci jako organu w\u0142adzy wykonawczej<\/span><span style=\"font-family: 'Calibri',sans-serif;\">. Wed\u0142ug Trybuna\u0142u, zadania Ministra Sprawiedliwo\u015bci okre\u015blone w&nbsp;p.u.s.w. nie uzasadniaj\u0105 przyznania temu organowi mo\u017cliwo\u015bci w\u0142adczego decydowania o&nbsp;celach i&nbsp;\u015brodkach przetwarzania danych osobowych zgromadzonych w&nbsp;bli\u017cej nieokre\u015blonych &bdquo;rejestrach prowadzonych na podstawie odr\u0119bnych przepis&oacute;w&rdquo;. Ustawodawca, dodaj\u0105c do p.u.s.w. art. 64c &sect; 3, inaczej ni\u017c w&nbsp;regulacjach dotycz\u0105cych s\u0105downictwa powszechnego, przyzna\u0142 Ministrowi og&oacute;lne uprawnienie do administrowania danymi bez wskazania, \u017ce chodzi o&nbsp;dane z&nbsp;system&oacute;w teleinformatycznych, bez ograniczenia czasowego czy zakresowego. Dlatego te\u017c Trybuna\u0142 uzna\u0142, \u017ce oceniany przepis w&nbsp;zakwestionowanym zakresie, nie spe\u0142nia przes\u0142anek ograniczenia konstytucyjnego prawa do prywatno\u015bci okre\u015blonych w&nbsp;art. 31 ust. 3 konstytucji oraz przes\u0142anki niezb\u0119dno\u015bci pozyskiwania informacji o&nbsp;obywatelach, okre\u015blonej w&nbsp;art. 51 ust. 2 konstytucji <strong>&#8211; Wyrok Trybuna\u0142u Konstytucyjnego z&nbsp;dnia 25 maja 2016 r., sygn. akt Kp 5\/15.<\/strong><\/span><\/span><\/p>\n<p>&nbsp;<\/p>\n<p class=\"Dziedzinaprawa\" style=\"text-align: justify;\"><span style=\"font-size: 12pt;\"><strong><span style=\"font-family: 'Calibri',sans-serif;\">ZASADY WPISYWANIA ZABYTK&Oacute;W RUCHOMYCH NA LIST\u0118 SKARB&Oacute;W DZIEDZICTWA; ZASADY PRZEJ\u0118CIA ZABYTKU RUCHOMEGO NA W\u0141ASNO\u015a\u0106 SKARBU PA\u0143STWA<\/span><\/strong><\/span><\/p>\n<p class=\"Tekstpraswki\" style=\"text-align: justify;\"><span style=\"font-size: 12pt;\"><span style=\"font-family: 'Calibri',sans-serif;\">Trybuna\u0142 Konstytucyjny<\/span><span style=\"font-family: 'Calibri',sans-serif;\"> stwierdzi\u0142, i\u017c o<\/span><span style=\"font-family: 'Calibri',sans-serif;\">graniczenia w\u0142asno\u015bci zabytk&oacute;w s\u0105 dopuszczalne w<\/span><span style=\"font-family: 'Calibri',sans-serif;\">celu ochrony wolno\u015bci innych os&oacute;b, wymienionej w&nbsp;art. 73 konstytucji, tj. wolno\u015bci do korzystania z&nbsp;d&oacute;br kultury<\/span><strong><span style=\"font-family: 'Calibri',sans-serif;\">&#8211; Wyrok Trybuna\u0142u Konstytucyjnego z&nbsp;dnia 25&nbsp;maja&nbsp;2016 r., sygn. akt Kp 2\/15<\/span><\/strong><\/span><\/p>\n","protected":false},"excerpt":{"rendered":"<p>We would like to present the next issue of legal bulletin of the Law Office of Adam Polowiec.What you will find here is some information about the new provisions of law and the projects of amendments to acts, but also case-laws including the case laws of Supreme Court, Constitutional Tribunal and European Court of Justice.<\/p>\n","protected":false},"author":3,"featured_media":0,"comment_status":"closed","ping_status":"open","sticky":false,"template":"","format":"standard","meta":{"footnotes":""},"categories":[2],"tags":[],"class_list":["post-653","post","type-post","status-publish","format-standard","hentry","category-wpisy"],"featured_image_src":{"landsacpe":false,"list":false,"medium":false,"full":false},"yoast_head":"<!-- This site is optimized with the Yoast SEO plugin v27.2 - https:\/\/yoast.com\/product\/yoast-seo-wordpress\/ -->\n<title>Legal Bulletin Of The Law Office Of Adam Polowiec (30 May - 6 June 2016) - Polowiec i Wsp\u00f3lnicy - Kancelaria prawna<\/title>\n<meta name=\"robots\" content=\"index, follow, max-snippet:-1, max-image-preview:large, max-video-preview:-1\" \/>\n<link rel=\"canonical\" href=\"https:\/\/polowiec.pl\/en\/legal-bulletin-of-the-law-office-of-adam-polowiec-30-may-6-june-2016\/\" \/>\n<meta property=\"og:locale\" content=\"en_US\" \/>\n<meta property=\"og:type\" content=\"article\" \/>\n<meta property=\"og:title\" content=\"Legal Bulletin Of The Law Office Of Adam Polowiec (30 May - 6 June 2016) - Polowiec i Wsp\u00f3lnicy - Kancelaria prawna\" \/>\n<meta property=\"og:description\" content=\"We would like to present the next issue of legal bulletin of the Law Office of Adam Polowiec.What you will find here is some information about the new provisions of law and the projects of amendments to acts, but also case-laws including the case laws of Supreme Court, Constitutional Tribunal and European Court of Justice.\" \/>\n<meta property=\"og:url\" content=\"https:\/\/polowiec.pl\/en\/legal-bulletin-of-the-law-office-of-adam-polowiec-30-may-6-june-2016\/\" \/>\n<meta property=\"og:site_name\" content=\"Polowiec i Wsp\u00f3lnicy - Kancelaria prawna\" \/>\n<meta property=\"article:publisher\" content=\"https:\/\/www.facebook.com\/polowieciwspolnicy\/\" \/>\n<meta property=\"article:published_time\" content=\"2016-06-05T18:52:11+00:00\" \/>\n<meta property=\"article:modified_time\" content=\"2019-04-18T17:26:45+00:00\" \/>\n<meta name=\"author\" content=\"Marcin Rusinek\" \/>\n<meta name=\"twitter:card\" content=\"summary_large_image\" \/>\n<meta name=\"twitter:label1\" content=\"Written by\" \/>\n\t<meta name=\"twitter:data1\" content=\"Marcin Rusinek\" \/>\n\t<meta name=\"twitter:label2\" content=\"Est. reading time\" \/>\n\t<meta name=\"twitter:data2\" content=\"16 minutes\" \/>\n<script type=\"application\/ld+json\" class=\"yoast-schema-graph\">{\"@context\":\"https:\/\/schema.org\",\"@graph\":[{\"@type\":\"Article\",\"@id\":\"https:\/\/polowiec.pl\/en\/legal-bulletin-of-the-law-office-of-adam-polowiec-30-may-6-june-2016\/#article\",\"isPartOf\":{\"@id\":\"https:\/\/polowiec.pl\/en\/legal-bulletin-of-the-law-office-of-adam-polowiec-30-may-6-june-2016\/\"},\"author\":{\"name\":\"Marcin Rusinek\",\"@id\":\"https:\/\/polowiec.pl\/en\/#\/schema\/person\/74c7526b6f52be5ae94031504f9ffec4\"},\"headline\":\"Legal Bulletin Of The Law Office Of Adam Polowiec (30 May &#8211; 6 June 2016)\",\"datePublished\":\"2016-06-05T18:52:11+00:00\",\"dateModified\":\"2019-04-18T17:26:45+00:00\",\"mainEntityOfPage\":{\"@id\":\"https:\/\/polowiec.pl\/en\/legal-bulletin-of-the-law-office-of-adam-polowiec-30-may-6-june-2016\/\"},\"wordCount\":3353,\"publisher\":{\"@id\":\"https:\/\/polowiec.pl\/en\/#organization\"},\"articleSection\":[\"Wpisy\"],\"inLanguage\":\"en-US\"},{\"@type\":\"WebPage\",\"@id\":\"https:\/\/polowiec.pl\/en\/legal-bulletin-of-the-law-office-of-adam-polowiec-30-may-6-june-2016\/\",\"url\":\"https:\/\/polowiec.pl\/en\/legal-bulletin-of-the-law-office-of-adam-polowiec-30-may-6-june-2016\/\",\"name\":\"Legal Bulletin Of The Law Office Of Adam Polowiec (30 May - 6 June 2016) - Polowiec i Wsp\u00f3lnicy - Kancelaria prawna\",\"isPartOf\":{\"@id\":\"https:\/\/polowiec.pl\/en\/#website\"},\"datePublished\":\"2016-06-05T18:52:11+00:00\",\"dateModified\":\"2019-04-18T17:26:45+00:00\",\"breadcrumb\":{\"@id\":\"https:\/\/polowiec.pl\/en\/legal-bulletin-of-the-law-office-of-adam-polowiec-30-may-6-june-2016\/#breadcrumb\"},\"inLanguage\":\"en-US\",\"potentialAction\":[{\"@type\":\"ReadAction\",\"target\":[\"https:\/\/polowiec.pl\/en\/legal-bulletin-of-the-law-office-of-adam-polowiec-30-may-6-june-2016\/\"]}]},{\"@type\":\"BreadcrumbList\",\"@id\":\"https:\/\/polowiec.pl\/en\/legal-bulletin-of-the-law-office-of-adam-polowiec-30-may-6-june-2016\/#breadcrumb\",\"itemListElement\":[{\"@type\":\"ListItem\",\"position\":1,\"name\":\"Strona g\u0142\u00f3wna\",\"item\":\"https:\/\/polowiec.pl\/en\/\"},{\"@type\":\"ListItem\",\"position\":2,\"name\":\"Legal Bulletin Of The Law Office Of Adam Polowiec (30 May &#8211; 6 June 2016)\"}]},{\"@type\":\"WebSite\",\"@id\":\"https:\/\/polowiec.pl\/en\/#website\",\"url\":\"https:\/\/polowiec.pl\/en\/\",\"name\":\"Polowiec i Wsp\u00f3lnicy - Kancelaria prawna\",\"description\":\"Obs\u0142uga prawna\",\"publisher\":{\"@id\":\"https:\/\/polowiec.pl\/en\/#organization\"},\"potentialAction\":[{\"@type\":\"SearchAction\",\"target\":{\"@type\":\"EntryPoint\",\"urlTemplate\":\"https:\/\/polowiec.pl\/en\/?s={search_term_string}\"},\"query-input\":{\"@type\":\"PropertyValueSpecification\",\"valueRequired\":true,\"valueName\":\"search_term_string\"}}],\"inLanguage\":\"en-US\"},{\"@type\":\"Organization\",\"@id\":\"https:\/\/polowiec.pl\/en\/#organization\",\"name\":\"Polowiec i Wsp\u00f3lnicy - Kancelaria prawna\",\"url\":\"https:\/\/polowiec.pl\/en\/\",\"logo\":{\"@type\":\"ImageObject\",\"inLanguage\":\"en-US\",\"@id\":\"https:\/\/polowiec.pl\/en\/#\/schema\/logo\/image\/\",\"url\":\"https:\/\/polowiec.pl\/wp-content\/uploads\/2018\/10\/polowiec_logo2-1.png\",\"contentUrl\":\"https:\/\/polowiec.pl\/wp-content\/uploads\/2018\/10\/polowiec_logo2-1.png\",\"width\":540,\"height\":381,\"caption\":\"Polowiec i Wsp\u00f3lnicy - Kancelaria prawna\"},\"image\":{\"@id\":\"https:\/\/polowiec.pl\/en\/#\/schema\/logo\/image\/\"},\"sameAs\":[\"https:\/\/www.facebook.com\/polowieciwspolnicy\/\",\"https:\/\/www.linkedin.com\/company\/polowiec-i-wsplnicy-sp.j.\/about\/\"]},{\"@type\":\"Person\",\"@id\":\"https:\/\/polowiec.pl\/en\/#\/schema\/person\/74c7526b6f52be5ae94031504f9ffec4\",\"name\":\"Marcin Rusinek\",\"image\":{\"@type\":\"ImageObject\",\"inLanguage\":\"en-US\",\"@id\":\"https:\/\/secure.gravatar.com\/avatar\/b50a0a5c3e71d904f5e57a757d39977d01c43e075c6bf5b4df909ffbbe004790?s=96&d=mm&r=g\",\"url\":\"https:\/\/secure.gravatar.com\/avatar\/b50a0a5c3e71d904f5e57a757d39977d01c43e075c6bf5b4df909ffbbe004790?s=96&d=mm&r=g\",\"contentUrl\":\"https:\/\/secure.gravatar.com\/avatar\/b50a0a5c3e71d904f5e57a757d39977d01c43e075c6bf5b4df909ffbbe004790?s=96&d=mm&r=g\",\"caption\":\"Marcin Rusinek\"}}]}<\/script>\n<!-- \/ Yoast SEO plugin. -->","yoast_head_json":{"title":"Legal Bulletin Of The Law Office Of Adam Polowiec (30 May - 6 June 2016) - Polowiec i Wsp\u00f3lnicy - Kancelaria prawna","robots":{"index":"index","follow":"follow","max-snippet":"max-snippet:-1","max-image-preview":"max-image-preview:large","max-video-preview":"max-video-preview:-1"},"canonical":"https:\/\/polowiec.pl\/en\/legal-bulletin-of-the-law-office-of-adam-polowiec-30-may-6-june-2016\/","og_locale":"en_US","og_type":"article","og_title":"Legal Bulletin Of The Law Office Of Adam Polowiec (30 May - 6 June 2016) - Polowiec i Wsp\u00f3lnicy - Kancelaria prawna","og_description":"We would like to present the next issue of legal bulletin of the Law Office of Adam Polowiec.What you will find here is some information about the new provisions of law and the projects of amendments to acts, but also case-laws including the case laws of Supreme Court, Constitutional Tribunal and European Court of Justice.","og_url":"https:\/\/polowiec.pl\/en\/legal-bulletin-of-the-law-office-of-adam-polowiec-30-may-6-june-2016\/","og_site_name":"Polowiec i Wsp\u00f3lnicy - Kancelaria prawna","article_publisher":"https:\/\/www.facebook.com\/polowieciwspolnicy\/","article_published_time":"2016-06-05T18:52:11+00:00","article_modified_time":"2019-04-18T17:26:45+00:00","author":"Marcin Rusinek","twitter_card":"summary_large_image","twitter_misc":{"Written by":"Marcin Rusinek","Est. reading time":"16 minutes"},"schema":{"@context":"https:\/\/schema.org","@graph":[{"@type":"Article","@id":"https:\/\/polowiec.pl\/en\/legal-bulletin-of-the-law-office-of-adam-polowiec-30-may-6-june-2016\/#article","isPartOf":{"@id":"https:\/\/polowiec.pl\/en\/legal-bulletin-of-the-law-office-of-adam-polowiec-30-may-6-june-2016\/"},"author":{"name":"Marcin Rusinek","@id":"https:\/\/polowiec.pl\/en\/#\/schema\/person\/74c7526b6f52be5ae94031504f9ffec4"},"headline":"Legal Bulletin Of The Law Office Of Adam Polowiec (30 May &#8211; 6 June 2016)","datePublished":"2016-06-05T18:52:11+00:00","dateModified":"2019-04-18T17:26:45+00:00","mainEntityOfPage":{"@id":"https:\/\/polowiec.pl\/en\/legal-bulletin-of-the-law-office-of-adam-polowiec-30-may-6-june-2016\/"},"wordCount":3353,"publisher":{"@id":"https:\/\/polowiec.pl\/en\/#organization"},"articleSection":["Wpisy"],"inLanguage":"en-US"},{"@type":"WebPage","@id":"https:\/\/polowiec.pl\/en\/legal-bulletin-of-the-law-office-of-adam-polowiec-30-may-6-june-2016\/","url":"https:\/\/polowiec.pl\/en\/legal-bulletin-of-the-law-office-of-adam-polowiec-30-may-6-june-2016\/","name":"Legal Bulletin Of The Law Office Of Adam Polowiec (30 May - 6 June 2016) - Polowiec i Wsp\u00f3lnicy - Kancelaria prawna","isPartOf":{"@id":"https:\/\/polowiec.pl\/en\/#website"},"datePublished":"2016-06-05T18:52:11+00:00","dateModified":"2019-04-18T17:26:45+00:00","breadcrumb":{"@id":"https:\/\/polowiec.pl\/en\/legal-bulletin-of-the-law-office-of-adam-polowiec-30-may-6-june-2016\/#breadcrumb"},"inLanguage":"en-US","potentialAction":[{"@type":"ReadAction","target":["https:\/\/polowiec.pl\/en\/legal-bulletin-of-the-law-office-of-adam-polowiec-30-may-6-june-2016\/"]}]},{"@type":"BreadcrumbList","@id":"https:\/\/polowiec.pl\/en\/legal-bulletin-of-the-law-office-of-adam-polowiec-30-may-6-june-2016\/#breadcrumb","itemListElement":[{"@type":"ListItem","position":1,"name":"Strona g\u0142\u00f3wna","item":"https:\/\/polowiec.pl\/en\/"},{"@type":"ListItem","position":2,"name":"Legal Bulletin Of The Law Office Of Adam Polowiec (30 May &#8211; 6 June 2016)"}]},{"@type":"WebSite","@id":"https:\/\/polowiec.pl\/en\/#website","url":"https:\/\/polowiec.pl\/en\/","name":"Polowiec i Wsp\u00f3lnicy - Kancelaria prawna","description":"Obs\u0142uga prawna","publisher":{"@id":"https:\/\/polowiec.pl\/en\/#organization"},"potentialAction":[{"@type":"SearchAction","target":{"@type":"EntryPoint","urlTemplate":"https:\/\/polowiec.pl\/en\/?s={search_term_string}"},"query-input":{"@type":"PropertyValueSpecification","valueRequired":true,"valueName":"search_term_string"}}],"inLanguage":"en-US"},{"@type":"Organization","@id":"https:\/\/polowiec.pl\/en\/#organization","name":"Polowiec i Wsp\u00f3lnicy - Kancelaria prawna","url":"https:\/\/polowiec.pl\/en\/","logo":{"@type":"ImageObject","inLanguage":"en-US","@id":"https:\/\/polowiec.pl\/en\/#\/schema\/logo\/image\/","url":"https:\/\/polowiec.pl\/wp-content\/uploads\/2018\/10\/polowiec_logo2-1.png","contentUrl":"https:\/\/polowiec.pl\/wp-content\/uploads\/2018\/10\/polowiec_logo2-1.png","width":540,"height":381,"caption":"Polowiec i Wsp\u00f3lnicy - Kancelaria prawna"},"image":{"@id":"https:\/\/polowiec.pl\/en\/#\/schema\/logo\/image\/"},"sameAs":["https:\/\/www.facebook.com\/polowieciwspolnicy\/","https:\/\/www.linkedin.com\/company\/polowiec-i-wsplnicy-sp.j.\/about\/"]},{"@type":"Person","@id":"https:\/\/polowiec.pl\/en\/#\/schema\/person\/74c7526b6f52be5ae94031504f9ffec4","name":"Marcin Rusinek","image":{"@type":"ImageObject","inLanguage":"en-US","@id":"https:\/\/secure.gravatar.com\/avatar\/b50a0a5c3e71d904f5e57a757d39977d01c43e075c6bf5b4df909ffbbe004790?s=96&d=mm&r=g","url":"https:\/\/secure.gravatar.com\/avatar\/b50a0a5c3e71d904f5e57a757d39977d01c43e075c6bf5b4df909ffbbe004790?s=96&d=mm&r=g","contentUrl":"https:\/\/secure.gravatar.com\/avatar\/b50a0a5c3e71d904f5e57a757d39977d01c43e075c6bf5b4df909ffbbe004790?s=96&d=mm&r=g","caption":"Marcin Rusinek"}}]}},"_links":{"self":[{"href":"https:\/\/polowiec.pl\/en\/wp-json\/wp\/v2\/posts\/653","targetHints":{"allow":["GET"]}}],"collection":[{"href":"https:\/\/polowiec.pl\/en\/wp-json\/wp\/v2\/posts"}],"about":[{"href":"https:\/\/polowiec.pl\/en\/wp-json\/wp\/v2\/types\/post"}],"author":[{"embeddable":true,"href":"https:\/\/polowiec.pl\/en\/wp-json\/wp\/v2\/users\/3"}],"replies":[{"embeddable":true,"href":"https:\/\/polowiec.pl\/en\/wp-json\/wp\/v2\/comments?post=653"}],"version-history":[{"count":0,"href":"https:\/\/polowiec.pl\/en\/wp-json\/wp\/v2\/posts\/653\/revisions"}],"wp:attachment":[{"href":"https:\/\/polowiec.pl\/en\/wp-json\/wp\/v2\/media?parent=653"}],"wp:term":[{"taxonomy":"category","embeddable":true,"href":"https:\/\/polowiec.pl\/en\/wp-json\/wp\/v2\/categories?post=653"},{"taxonomy":"post_tag","embeddable":true,"href":"https:\/\/polowiec.pl\/en\/wp-json\/wp\/v2\/tags?post=653"}],"curies":[{"name":"wp","href":"https:\/\/api.w.org\/{rel}","templated":true}]}}