{"id":668,"date":"2016-08-03T12:11:21","date_gmt":"2016-08-03T10:11:21","guid":{"rendered":"https:\/\/nowa.polowiec.pl\/legal-bulletin-of-the-law-office-of-adam-polowiec-4-10-july-2016\/"},"modified":"2019-04-18T16:34:44","modified_gmt":"2019-04-18T14:34:44","slug":"legal-bulletin-of-the-law-office-of-adam-polowiec-4-10-july-2016","status":"publish","type":"post","link":"https:\/\/polowiec.pl\/en\/legal-bulletin-of-the-law-office-of-adam-polowiec-4-10-july-2016\/","title":{"rendered":"Legal Bulletin Of The Law Office Of Adam Polowiec (4 &#8211; 10 July 2016)"},"content":{"rendered":"<p>We would like to present the next issue of legal bulletin of the Law Office of Adam Polowiec.<br \/>What you will find here is some information about the new provisions of law and the projects of amendments to acts, but also case-laws including the case laws of Supreme Court, Constitutional Tribunal and European Court of Justice.<\/p>\n<p>  <!--more-->  <\/p>\n<p class=\"NowePrawo\" style=\"text-align: justify;\"><strong>_____Nowe Prawo<\/strong><\/p>\n<p class=\"Dziedzinaprawa\" style=\"text-align: justify;\"><strong>ZABEZPIECZENIE SPO\u0141ECZNE<\/strong><\/p>\n<p class=\"Tekstpraswki\" style=\"text-align: justify;\"><strong>Ustawa<\/strong> z&nbsp;dnia 20 maja 2016 r. o&nbsp;zmianie ustawy o&nbsp;\u015bwiadczeniach rodzinnych oraz ustawy o&nbsp;ustaleniu i&nbsp;wyp\u0142acie zasi\u0142k&oacute;w dla opiekun&oacute;w (Dz. U. z&nbsp;2016 r., poz. 972) &#8211; <strong>we<\/strong><strong>jdzie w&nbsp;<\/strong><strong>\u017cycie z&nbsp;<\/strong><strong>dniem <\/strong><strong>1 stycznia 2017 r.<\/strong><\/p>\n<p class=\"Omwienie\" style=\"text-align: justify;\">W ustawie z&nbsp;dnia 28 listopada 2003 r. o&nbsp;\u015bwiadczeniach rodzinnych (Dz. U. z&nbsp;2015 r. poz.114, z&nbsp;p&oacute;\u017an. zm.)w art. 16a w&nbsp;ust. 8 uchyla si\u0119 pkt 4, w&nbsp;art. 17 w&nbsp;ust. 5 uchyla si\u0119 pkt 4.<\/p>\n<p class=\"Omwienie\" style=\"text-align: justify;\">W ustawie z&nbsp;dnia 4 kwietnia 2014 r. o&nbsp;ustaleniu i&nbsp;wyp\u0142acie zasi\u0142k&oacute;w dla opiekun&oacute;w (Dz.&nbsp;U.&nbsp;z 2016 r. poz. 162) w&nbsp;art. 2 dodaje si\u0119 ust. 7.<\/p>\n<p>&nbsp;<\/p>\n<p class=\"Dziedzinaprawa\" style=\"text-align: justify;\"><strong>DZIA\u0141ALNO\u015a\u0106 LECZNICZA<\/strong><\/p>\n<p class=\"Tekstpraswki\" style=\"text-align: justify;\"><strong>Ustawa <\/strong>z dnia 10 czerwca 2016 r. o&nbsp;zmianie ustawy o&nbsp;dzia\u0142alno\u015bci leczniczej oraz niekt&oacute;rych innych ustaw (Dz. U. z&nbsp;2016 r., poz. 960) &#8211; <strong>we<\/strong><strong>jdzie w&nbsp;<\/strong><strong>\u017cycie z&nbsp;<\/strong><strong>dniem<\/strong><strong>&nbsp;15&nbsp;lipca 2016 r., z&nbsp;wyj\u0105tkiem:<\/strong><\/p>\n<p class=\"Tekstpraswki\" style=\"text-align: justify;\"><strong>1) art. 34, kt&oacute;ry wchodzi w&nbsp;\u017cycie z&nbsp;dniem og\u0142oszenia;<\/strong><\/p>\n<p class=\"Tekstpraswki\" style=\"text-align: justify;\"><strong>2) art. 21 pkt 4, kt&oacute;ry wchodzi w&nbsp;\u017cycie z&nbsp;dniem 30 czerwca 2016 r.<\/strong><\/p>\n<p class=\"Omwienie\" style=\"text-align: justify;\">W ustawie z&nbsp;dnia 15 kwietnia 2011 r. o&nbsp;dzia\u0142alno\u015bci leczniczej (Dz. U. z&nbsp;2015 r. poz. 618, z&nbsp;p&oacute;\u017an. zm.) zmianie ulegnie brzmienie art. 2, art. 4 ust. 3 pkt 5, art. 5 ust. 2, art. 6, art.&nbsp;10 zdanie drugie, art. 17, art. 18, art. 19, art. 20, art. 22, art. 24 ust. 1, art. 25, art.&nbsp;29 ust. 1, art. 33, art. 34 ust. 1 pkt 2, art. 35 ust. 1 zdanie pierwsze, art. 36 ust. 1, art. 37, art. 40, art. 47 ust. 2, art. 48 ust. 3 pkt 4, art. 49 ust. 2, art. 54 ust. 1, art. 55 ust. 1 pkt 6, art. 56 ust. 2, art. 57 ust. 1 pkt 3, art. 59, art. 95 ust. 1, art. 100, art.&nbsp;101&nbsp;ust. 3, art. 102 ust. 3, art. 105 ust. 4a, art. 106, art. 109 ust. 1 i&nbsp;2, art. 119 ust.&nbsp;4, art. 121, w&nbsp;art. 23 dotychczasow\u0105 tre\u015b\u0107 oznacza si\u0119 jako ust. 1 i&nbsp;dodaje si\u0119 ust. 2, dodany zostanie art. 28a, w&nbsp;rozdziale 3 w&nbsp;oddziale 2 dodaje si\u0119 art. 50a, dodany zostanie art. 53a, art. 67a, w&nbsp;art. 111a dodaje si\u0119 ust. 7, uchylony zostanie art. 7, w&nbsp;art.&nbsp;204 uchyla si\u0119 ust. 1.<\/p>\n<p class=\"Omwienie\" style=\"text-align: justify;\">W ustawie z&nbsp;dnia 26 czerwca 1974 r. &#8211; Kodeks pracy (Dz. U. z&nbsp;2014 r. poz. 1502, z&nbsp;p&oacute;\u017an.&nbsp;zm.) zmianie ulegnie brzmienie art. 180, w&nbsp;art. 237 w&nbsp;&sect; 4 w&nbsp;pkt 1 \u015brednik zast\u0119puje si\u0119 kropk\u0105 i&nbsp;uchyla si\u0119 pkt 2.<\/p>\n<p class=\"Omwienie\" style=\"text-align: justify;\">W ustawie z&nbsp;dnia 17 maja 1989 r. o&nbsp;gwarancjach wolno\u015bci sumienia i&nbsp;wyznania (Dz.&nbsp;U.&nbsp;z&nbsp;2005 r. poz. 1965, z&nbsp;2009 r. poz. 817, z&nbsp;2010 r. poz. 673 oraz z&nbsp;2011 r. poz.&nbsp;654) w&nbsp;art. 24 w&nbsp;ust. 1 wyraz &#8220;przedsi\u0119biorstwa&#8221; zast\u0119puje si\u0119 wyrazami &#8220;zak\u0142ady lecznicze&#8221;.<\/p>\n<p class=\"Omwienie\" style=\"text-align: justify;\">W ustawie z&nbsp;dnia 6 kwietnia 1990 r. o&nbsp;Policji (Dz. U. z&nbsp;2015 r. poz. 355, z&nbsp;p&oacute;\u017an. zm.) w&nbsp;art. 121b w&nbsp;ust. 2 w&nbsp;pkt 5 w&nbsp;lit. c wyraz &#8220;przedsi\u0119biorstwie&#8221; zast\u0119puje si\u0119 wyrazami &#8220;zak\u0142adzie leczniczym&#8221;.<\/p>\n<p class=\"Omwienie\" style=\"text-align: justify;\">W ustawie z&nbsp;dnia 12 pa\u017adziernika 1990 r. o&nbsp;Stra\u017cy Granicznej (Dz. U. z&nbsp;2014 r. poz.&nbsp;1402, z&nbsp;p&oacute;\u017an. zm.) w&nbsp;art. 125b w&nbsp;ust. 2 w&nbsp;pkt 5 w&nbsp;lit. c wyraz &#8220;przedsi\u0119biorstwie&#8221; zast\u0119puje si\u0119 wyrazami &#8220;zak\u0142adzie leczniczym&#8221;.<\/p>\n<p class=\"Omwienie\" style=\"text-align: justify;\">W ustawie z&nbsp;dnia 24 sierpnia 1991 r. o&nbsp;Pa\u0144stwowej Stra\u017cy Po\u017carnej (Dz. U. z&nbsp;2016 r. poz.&nbsp;603) w&nbsp;art. 105b w&nbsp;ust. 2 w&nbsp;pkt 5 w&nbsp;lit. c wyraz &#8220;przedsi\u0119biorstwie&#8221; zast\u0119puje si\u0119 wyrazami &#8220;zak\u0142adzie leczniczym&#8221;.<\/p>\n<p class=\"Omwienie\" style=\"text-align: justify;\">W ustawie z&nbsp;dnia 19 sierpnia 1994 r. o&nbsp;ochronie zdrowia psychicznego (Dz. U. z&nbsp;2016 r. poz. 546) w&nbsp;art. 3 w&nbsp;pkt 2 w&nbsp;lit. d wyraz &#8220;przedsi\u0119biorstwa&#8221; zast\u0119puje si\u0119 wyrazami &#8220;zak\u0142adu leczniczego&#8221;, w&nbsp;art. 4 uchyla si\u0119 ust. 3.<\/p>\n<p class=\"Omwienie\" style=\"text-align: justify;\">W ustawie z&nbsp;dnia 9 listopada 1995 r. o&nbsp;ochronie zdrowia przed nast\u0119pstwami u\u017cywania tytoniu i&nbsp;wyrob&oacute;w tytoniowych (Dz. U. z&nbsp;2015 r. poz. 298 i&nbsp;1916) w&nbsp;art. 5 w&nbsp;ust.&nbsp;1&nbsp;w&nbsp;pkt&nbsp;1 wyraz &#8220;przedsi\u0119biorstw&#8221; zast\u0119puje si\u0119 wyrazami &#8220;zak\u0142ad&oacute;w leczniczych&#8221;.<\/p>\n<p class=\"Omwienie\" style=\"text-align: justify;\">W ustawie z&nbsp;dnia 5 grudnia 1996 r. o&nbsp;zawodach lekarza i&nbsp;lekarza dentysty (Dz.&nbsp;U.&nbsp;z&nbsp;2015&nbsp;r. poz. 464, 1633, 1893, 1991 i&nbsp;2199 oraz z&nbsp;2016 r. poz. 65) w&nbsp;art. 53 w&nbsp;ust. 4 wyraz &#8220;przedsi\u0119biorstwie&#8221; zast\u0119puje si\u0119 wyrazami &#8220;zak\u0142adzie leczniczym&#8221;.<\/p>\n<p class=\"Omwienie\" style=\"text-align: justify;\">W ustawie z&nbsp;dnia 20 grudnia 1996 r. o&nbsp;gospodarce komunalnej (Dz. U. z&nbsp;2016 r. poz.&nbsp;573) zmianie ulegnie brzmienie art. 3 ust. 1.<\/p>\n<p class=\"Omwienie\" style=\"text-align: justify;\">W ustawie z&nbsp;dnia 25 czerwca 1999 r. o&nbsp;\u015bwiadczeniach pieni\u0119\u017cnych z&nbsp;ubezpieczenia spo\u0142ecznego w&nbsp;razie choroby i&nbsp;macierzy\u0144stwa (Dz. U. z&nbsp;2016 r. poz. 372) u\u017cyty w&nbsp;art.&nbsp;6&nbsp;w ust. 2 w&nbsp;pkt 2 w&nbsp;lit. b, w&nbsp;art. 29 w&nbsp;ust. 6, w&nbsp;art. 32 w&nbsp;ust. 1 w&nbsp;pkt 1 w&nbsp;lit. c, w&nbsp;art. 32a w&nbsp;ust. 1 w&nbsp;pkt 1, w&nbsp;art. 53 w&nbsp;ust. 1, w&nbsp;art. 54 w&nbsp;ust. 1, w&nbsp;art. 55 w&nbsp;ust. 4 i&nbsp;w&nbsp;art. 57 w&nbsp;ust. 1 w&nbsp;r&oacute;\u017cnym przypadku wyraz &#8220;przedsi\u0119biorstwo&#8221; zast\u0119puje si\u0119 u\u017cytymi w&nbsp;odpowiednim przypadku wyrazami &#8220;zak\u0142ad leczniczy&#8221;.<\/p>\n<p class=\"Omwienie\" style=\"text-align: justify;\">W ustawie z&nbsp;dnia 16 marca 2001 r. o&nbsp;Biurze Ochrony Rz\u0105du (Dz. U. z&nbsp;2016 r. poz. 552 i&nbsp;904) w&nbsp;art. 108b w&nbsp;ust. 2 w&nbsp;pkt 5 w&nbsp;lit. c wyraz &#8220;przedsi\u0119biorstwie&#8221; zast\u0119puje si\u0119 wyrazami &#8220;zak\u0142adzie leczniczym&#8221;.<\/p>\n<p class=\"Omwienie\" style=\"text-align: justify;\">W ustawie z&nbsp;dnia 27 lipca 2001 r. o&nbsp;diagnostyce laboratoryjnej (Dz. U. z&nbsp;2014 r. poz.&nbsp;1384 i&nbsp;1491, z&nbsp;2015 r. poz. 1087, 1893 i&nbsp;1991 oraz z&nbsp;2016 r. poz. 65) zmianie ulegnie brzmienie art. 17.<\/p>\n<p class=\"Omwienie\" style=\"text-align: justify;\">W ustawie z&nbsp;dnia 27 lipca 2001 r. &#8211; Prawo o&nbsp;ustroju s\u0105d&oacute;w powszechnych (Dz.&nbsp;U.&nbsp;z&nbsp;2015&nbsp;r. poz. 133, z&nbsp;p&oacute;\u017an. zm.) w&nbsp;art. 94 w&nbsp;&sect; 2a w&nbsp;pkt 4 w&nbsp;lit. c wyraz &#8220;przedsi\u0119biorstwie&#8221; zast\u0119puje si\u0119 wyrazami &#8220;zak\u0142adzie leczniczym&#8221;.<\/p>\n<p class=\"Omwienie\" style=\"text-align: justify;\">W ustawie z&nbsp;dnia 6 wrze\u015bnia 2001 r. &#8211; Prawo farmaceutyczne (Dz. U. z&nbsp;2008 r. poz. 271, z&nbsp;p&oacute;\u017an. zm.) u\u017cyty w&nbsp;art. 87 w&nbsp;ust. 1 w&nbsp;pkt 2 i&nbsp;3, w&nbsp;ust. 2a i&nbsp;4 i&nbsp;w art. 95a w&nbsp;ust. 3 i&nbsp;w&nbsp;ust. 5 w&nbsp;pkt 2 w&nbsp;r&oacute;\u017cnej liczbie i&nbsp;r&oacute;\u017cnym przypadku wyraz &#8220;przedsi\u0119biorstwo&#8221; zast\u0119puje si\u0119 u\u017cytymi w&nbsp;odpowiedniej liczbie i&nbsp;odpowiednim przypadku wyrazami &#8220;zak\u0142ad leczniczy&#8221;.<\/p>\n<p class=\"Omwienie\" style=\"text-align: justify;\">W ustawie z&nbsp;dnia 24 maja 2002 r. o&nbsp;Agencji Bezpiecze\u0144stwa Wewn\u0119trznego oraz Agencji Wywiadu (Dz. U. z&nbsp;2015 r. poz. 1929 i&nbsp;2023 oraz z&nbsp;2016 r. poz. 147, 437 i&nbsp;904) w&nbsp;art.&nbsp;136b w&nbsp;ust. 2 w&nbsp;pkt 5 w&nbsp;lit. c wyraz &#8220;przedsi\u0119biorstwie&#8221; zast\u0119puje si\u0119 wyrazami &#8220;zak\u0142adzie leczniczym&#8221;.<\/p>\n<p class=\"Omwienie\" style=\"text-align: justify;\">W ustawie z&nbsp;dnia 23 listopada 2002 r. o&nbsp;S\u0105dzie Najwy\u017cszym (Dz. U. z&nbsp;2013 r. poz. 499, z&nbsp;p&oacute;\u017an. zm.) w&nbsp;art. 45 w&nbsp;&sect; 6a w&nbsp;pkt 4 w&nbsp;lit. c wyraz &#8220;przedsi\u0119biorstwie&#8221; zast\u0119puje si\u0119 wyrazami &#8220;zak\u0142adzie leczniczym&#8221;.<\/p>\n<p class=\"Omwienie\" style=\"text-align: justify;\">W ustawie z&nbsp;dnia 11 wrze\u015bnia 2003 r. o&nbsp;s\u0142u\u017cbie wojskowej \u017co\u0142nierzy zawodowych (Dz.&nbsp;U.&nbsp;z 2014 r. poz. 1414, z&nbsp;p&oacute;\u017an. zm.) w&nbsp;art. 60b w&nbsp;ust. 1 w&nbsp;pkt 6 w&nbsp;lit. c wyraz &#8220;przedsi\u0119biorstwie&#8221; zast\u0119puje si\u0119 wyrazami &#8220;zak\u0142adzie leczniczym&#8221;.<\/p>\n<p class=\"Omwienie\" style=\"text-align: justify;\">W ustawie z&nbsp;dnia 11 marca 2004 r. o&nbsp;podatku od towar&oacute;w i&nbsp;us\u0142ug (Dz. U. z&nbsp;2016 r. poz.&nbsp;710 i&nbsp;846) w&nbsp;art. 43 w&nbsp;ust. 1 w&nbsp;pkt 18a wyraz &#8220;przedsi\u0119biorstw&#8221; zast\u0119puje si\u0119 wyrazami &#8220;zak\u0142ad&oacute;w leczniczych&#8221;.<\/p>\n<p class=\"Omwienie\" style=\"text-align: justify;\">W ustawie z&nbsp;dnia 2 lipca 2004 r. o&nbsp;swobodzie dzia\u0142alno\u015bci gospodarczej (Dz. U. z&nbsp;2015 r. poz. 584, z&nbsp;p&oacute;\u017an. zm.) zmianie ulegnie brzmienie art. 84aa.<\/p>\n<p class=\"Omwienie\" style=\"text-align: justify;\">W ustawie z&nbsp;dnia 27 sierpnia 2004 r. o&nbsp;\u015bwiadczeniach opieki zdrowotnej finansowanych ze \u015brodk&oacute;w publicznych (Dz. U. z&nbsp;2015 r. poz. 581, z&nbsp;p&oacute;\u017an. zm.) zmianie ulegnie brzmienie art. 5 pkt 38, dodany zostanie art. 9a i&nbsp;art. 9b, w&nbsp;art. 35 wyraz &#8220;przedsi\u0119biorstwa&#8221; zast\u0119puje si\u0119 wyrazami &#8220;zak\u0142adu leczniczego&#8221;, u\u017cyty w&nbsp;art. 95d w&nbsp;ust.&nbsp;1 i&nbsp;2, w&nbsp;ust. 6 w&nbsp;pkt 3 i&nbsp;4 i&nbsp;w ust. 12 w&nbsp;r&oacute;\u017cnym przypadku wyraz &#8220;przedsi\u0119biorstwo&#8221; zast\u0119puje si\u0119 u\u017cytymi w&nbsp;odpowiednim przypadku wyrazami &#8220;zak\u0142ad leczniczy&#8221;, dodany zostanie art. 188d.<\/p>\n<p class=\"Omwienie\" style=\"text-align: justify;\">W ustawie z&nbsp;dnia 28 lipca 2005 r. o&nbsp;lecznictwie uzdrowiskowym, uzdrowiskach i&nbsp;obszarach ochrony uzdrowiskowej oraz o&nbsp;gminach uzdrowiskowych (Dz. U. z&nbsp;2016 r. poz. 879) zmianie ulegnie brzmienie art. 2 pkt 10.<\/p>\n<p class=\"Omwienie\" style=\"text-align: justify;\">W ustawie z&nbsp;dnia 9 czerwca 2006 r. o&nbsp;s\u0142u\u017cbie funkcjonariuszy S\u0142u\u017cby Kontrwywiadu Wojskowego oraz S\u0142u\u017cby Wywiadu Wojskowego (Dz. U. z&nbsp;2016 r. poz. 740 i&nbsp;904) w&nbsp;art.&nbsp;96b w&nbsp;ust. 2 w&nbsp;pkt 5 w&nbsp;lit. c wyraz &#8220;przedsi\u0119biorstwie&#8221; zast\u0119puje si\u0119 wyrazami &#8220;zak\u0142adzie leczniczym&#8221;.<\/p>\n<p class=\"Omwienie\" style=\"text-align: justify;\">W ustawie z&nbsp;dnia 9 czerwca 2006 r. o&nbsp;Centralnym Biurze Antykorupcyjnym (Dz.&nbsp;U.&nbsp;z&nbsp;2014 r. poz. 1411, z&nbsp;p&oacute;\u017an. zm.) w&nbsp;art. 102b w&nbsp;ust. 2 w&nbsp;pkt 5 w&nbsp;lit. c wyraz &#8220;przedsi\u0119biorstwie&#8221; zast\u0119puje si\u0119 wyrazami &#8220;zak\u0142adzie leczniczym&#8221;.<\/p>\n<p class=\"Omwienie\" style=\"text-align: justify;\">W ustawie z&nbsp;dnia 8 wrze\u015bnia 2006 r. o&nbsp;Pa\u0144stwowym Ratownictwie Medycznym (Dz.&nbsp;U.&nbsp;z&nbsp;2013 r. poz. 757, z&nbsp;p&oacute;\u017an. zm.) u\u017cyty w&nbsp;art. 33 w&nbsp;ust. 2, w&nbsp;art. 39c w&nbsp;ust. 2 i&nbsp;3 i&nbsp;w art. 39g w&nbsp;ust. 2 i&nbsp;3 w&nbsp;r&oacute;\u017cnym przypadku wyraz &#8220;przedsi\u0119biorstwo&#8221; zast\u0119puje si\u0119 u\u017cytymi w&nbsp;odpowiednim przypadku wyrazami &#8220;zak\u0142ad leczniczy&#8221;.<\/p>\n<p class=\"Omwienie\" style=\"text-align: justify;\">W ustawie z&nbsp;dnia 6 listopada 2008 r. o&nbsp;konsultantach w&nbsp;ochronie zdrowia (Dz. U. z&nbsp;2015 r. poz. 126) w&nbsp;art. 10 w&nbsp;ust. 3 w&nbsp;pkt 4 wyraz &#8220;przedsi\u0119biorstwie&#8221; zast\u0119puje si\u0119 wyrazami &#8220;zak\u0142adzie leczniczym&#8221;.<\/p>\n<p class=\"Omwienie\" style=\"text-align: justify;\">W ustawie z&nbsp;dnia 6 listopada 2008 r. o&nbsp;prawach pacjenta i&nbsp;Rzeczniku Praw Pacjenta (Dz.&nbsp;U. z&nbsp;2016 r. poz. 186 i&nbsp;823) zmianie ulegnie brzmienie art. 67i ust. 2 pkt 2, art. 67k ust. 10, w&nbsp;art. 35 w&nbsp;ust. 3 wyraz &#8220;przedsi\u0119biorstwa&#8221; zast\u0119puje si\u0119 wyrazami &#8220;zak\u0142adu leczniczego&#8221;.<\/p>\n<p class=\"Omwienie\" style=\"text-align: justify;\">W ustawie z&nbsp;dnia 5 grudnia 2008 r. o&nbsp;zapobieganiu oraz zwalczaniu zaka\u017ce\u0144 i&nbsp;chor&oacute;b zaka\u017anych u&nbsp;ludzi (Dz. U. z&nbsp;2013 r. poz. 947, z&nbsp;p&oacute;\u017an. zm.) u\u017cyty w&nbsp;art. 44 w&nbsp;ust. 2 w&nbsp;pkt 2 i&nbsp;3 oraz w&nbsp;ust. 4 w&nbsp;pkt 1 i&nbsp;2 w&nbsp;r&oacute;\u017cnej liczbie i&nbsp;r&oacute;\u017cnym przypadku wyraz &#8220;przedsi\u0119biorstwo&#8221; zast\u0119puje si\u0119 u\u017cytymi w&nbsp;odpowiedniej liczbie i&nbsp;odpowiednim przypadku wyrazami &#8220;zak\u0142ad leczniczy&#8221;.<\/p>\n<p class=\"Omwienie\" style=\"text-align: justify;\">W ustawie z&nbsp;dnia 9 kwietnia 2010 r. o&nbsp;S\u0142u\u017cbie Wi\u0119ziennej (Dz. U. z&nbsp;2016 r. poz. 713 i&nbsp;904) w&nbsp;art. 60c w&nbsp;ust. 2 w&nbsp;pkt 5 w&nbsp;lit. c wyraz &#8220;przedsi\u0119biorstwie&#8221; zast\u0119puje si\u0119 wyrazami &#8220;zak\u0142adzie leczniczym&#8221;.<\/p>\n<p class=\"Omwienie\" style=\"text-align: justify;\">W ustawie z&nbsp;dnia 14 czerwca 2012 r. o&nbsp;zmianie ustawy o&nbsp;dzia\u0142alno\u015bci leczniczej oraz niekt&oacute;rych innych ustaw (Dz. U. poz. 742 oraz z&nbsp;2013 r. poz. 1290 i&nbsp;1887) w&nbsp;art.&nbsp;11&nbsp;uchyla si\u0119 ust. 1-3.<\/p>\n<p class=\"Omwienie\" style=\"text-align: justify;\">W ustawie z&nbsp;dnia 9 kwietnia 2015 r. o&nbsp;zmianie ustawy &#8211; Prawo farmaceutyczne oraz niekt&oacute;rych innych ustaw (Dz. U. poz. 788) w&nbsp;art. 7 w&nbsp;pkt 2 wyraz &#8220;przedsi\u0119biorstwu&#8221; zast\u0119puje si\u0119 wyrazami &#8220;zak\u0142adowi leczniczemu&#8221;.<\/p>\n<p class=\"Omwienie\" style=\"text-align: justify;\">W ustawie z&nbsp;dnia 15 maja 2015 r. o&nbsp;zmianie ustawy o&nbsp;\u015bwiadczeniach pieni\u0119\u017cnych z&nbsp;ubezpieczenia spo\u0142ecznego w&nbsp;razie choroby i&nbsp;macierzy\u0144stwa oraz niekt&oacute;rych innych ustaw (Dz. U. poz. 1066 i&nbsp;1735) zmianie ulegnie brzmienie art. 23.<\/p>\n<p class=\"Omwienie\" style=\"text-align: justify;\">W ustawie z&nbsp;dnia 25 czerwca 2015 r. o&nbsp;leczeniu niep\u0142odno\u015bci (Dz. U. poz. 1087) w&nbsp;art.&nbsp;14&nbsp;w ust. 2 w&nbsp;pkt 4 wyraz &#8220;przedsi\u0119biorstwa&#8221; zast\u0119puje si\u0119 wyrazami &#8220;zak\u0142adu leczniczego&#8221;.<\/p>\n<p>&nbsp;<\/p>\n<p class=\"Dziedzinaprawa\" style=\"text-align: justify;\"><strong>PRAWO BANKOWE<\/strong><\/p>\n<p class=\"Tekstpraswki\" style=\"text-align: justify;\"><strong>Rozporz\u0105dzenie<\/strong> Ministra Finans&oacute;w z&nbsp;dnia 23 czerwca 2016 r. w&nbsp;sprawie szczeg&oacute;\u0142owego zakresu danych podlegaj\u0105cych wymianie pomi\u0119dzy instytucjami utworzonymi na podstawie przepis&oacute;w prawa bankowego a&nbsp;instytucjami po\u017cyczkowymi i&nbsp;innymi podmiotami (Dz. U. z&nbsp;2016 r., poz. 971) &ndash; <strong>we<\/strong><strong>jdzie w&nbsp;<\/strong><strong>\u017cycie z&nbsp;<\/strong><strong>dniem<\/strong><strong> 19 lipca 2016 r.<\/strong><\/p>\n<p>&nbsp;<\/p>\n<p class=\"Dziedzinaprawa\" style=\"text-align: justify;\"><strong>PRAWO KARNE<\/strong><\/p>\n<p class=\"Tekstpraswki\" style=\"text-align: justify;\"><strong>Rozporz\u0105dzenie<\/strong> Ministra Sprawiedliwo\u015bci z&nbsp;dnia 13 czerwca 2016 r. w&nbsp;sprawie sposobu i&nbsp;trybu wykonywania czynno\u015bci przez kurator&oacute;w s\u0105dowych w&nbsp;sprawach karnych wykonawczych (Dz. U. z&nbsp;2016 r., poz. 969) &ndash; <strong>w<\/strong><strong>ejdzie w&nbsp;<\/strong><strong>\u017cycie z&nbsp;<\/strong><strong>dniem <\/strong><strong>16&nbsp;lipca&nbsp;2016&nbsp;r.<\/strong><\/p>\n<p class=\"Tekstpraswki\" style=\"text-align: justify;\"><strong>Rozporz\u0105dzenie<\/strong> Ministra Spraw Wewn\u0119trznych i&nbsp;Administracji z&nbsp;dnia 20&nbsp;czerwca&nbsp;2016 r. zmieniaj\u0105ce rozporz\u0105dzenie w&nbsp;sprawie wykrocze\u0144, za kt&oacute;re funkcjonariusze Stra\u017cy Granicznej s\u0105 uprawnieni do nak\u0142adania grzywien w&nbsp;drodze mandatu karnego (Dz.&nbsp;U.&nbsp;z&nbsp;2016 r., poz. 968) &ndash; <strong>w<\/strong><strong>ejdzie w&nbsp;<\/strong><strong>\u017cycie z&nbsp;<\/strong><strong>dniem<\/strong><strong> 16&nbsp;lipca&nbsp;2016 r.<\/strong><\/p>\n<p class=\"Omwienie\" style=\"text-align: justify;\">W rozporz\u0105dzeniu Ministra Spraw Wewn\u0119trznych z&nbsp;dnia 18 kwietnia 2014 r. w&nbsp;sprawie wykrocze\u0144, za kt&oacute;re funkcjonariusze Stra\u017cy Granicznej s\u0105 uprawnieni do nak\u0142adania grzywien w&nbsp;drodze mandatu karnego (Dz. U. poz. 539 oraz z&nbsp;2015 r. poz. 263) w&nbsp;&sect; 2 wpkt 13 kropk\u0119 zast\u0119puje si\u0119 \u015brednikiem i&nbsp;dodaje si\u0119 pkt 14-16.<\/p>\n<p class=\"Tekstpraswki\" style=\"text-align: justify;\"><strong>Rozporz\u0105dzenie<\/strong> Ministra Sprawiedliwo\u015bci z&nbsp;dnia 22 czerwca 2016 r.zmieniaj\u0105ce rozporz\u0105dzenie zmieniaj\u0105ce rozporz\u0105dzenie w&nbsp;sprawie op\u0142at za wydanie informacji z&nbsp;Krajowego Rejestru Karnego (Dz. U. z&nbsp;2016 r., poz. 947) &ndash; <strong>w<\/strong><strong>esz\u0142o w&nbsp;<\/strong><strong>\u017cycie z&nbsp;<\/strong><strong>dniem<\/strong><strong> 1&nbsp;lipca 2016 r.<\/strong><\/p>\n<p class=\"Omwienie\" style=\"text-align: justify;\">W rozporz\u0105dzeniu Ministra Sprawiedliwo\u015bci z&nbsp;dnia 18 marca 2016 r. zmieniaj\u0105cym rozporz\u0105dzenie w&nbsp;sprawie op\u0142at za wydanie informacji z&nbsp;Krajowego Rejestru Karnego (Dz.U. poz. 390) zmianie uleg\u0142o brzmienie &sect; 3.<\/p>\n<p class=\"Tekstpraswki\" style=\"text-align: justify;\"><strong>Rozporz\u0105dzenie<\/strong> Ministra Sprawiedliwo\u015bci z&nbsp;dnia 24 czerwca 2016 r. w&nbsp;sprawie szczeg&oacute;\u0142owych warunk&oacute;w i&nbsp;trybu niszczenia przedmiot&oacute;w, kt&oacute;rych przepadek orzek\u0142 s\u0105d (Dz. U. z&nbsp;2016 r., poz. 943) &ndash; <strong>w<\/strong><strong>esz\u0142o w&nbsp;<\/strong><strong>\u017cycie z&nbsp;<\/strong><strong>dniem<\/strong><strong> 1 lipca 2016 r.<\/strong><\/p>\n<p>&nbsp;<\/p>\n<p class=\"Dziedzinaprawa\" style=\"text-align: justify;\"><strong>POLSKA AGENCJA ROZWOJU PRZEDSI\u0118BIORCZO\u015aCI<\/strong><\/p>\n<p class=\"Tekstpraswki\" style=\"text-align: justify;\"><strong>Rozporz\u0105dzenie <\/strong>Ministra Rozwoju z&nbsp;dnia 16 czerwca 2016 r. zmieniaj\u0105ce rozporz\u0105dzenie w&nbsp;sprawie udzielania przez Polsk\u0105 Agencj\u0119 Rozwoju Przedsi\u0119biorczo\u015bci pomocy finansowej w&nbsp;ramach Programu Operacyjnego Rozw&oacute;j Polski Wschodniej 2007-2013 (Dz. U. z&nbsp;2016 r., poz. 974) &ndash; <strong>w<\/strong><strong>esz\u0142o w&nbsp;<\/strong><strong>\u017cycie z&nbsp;<\/strong><strong>dniem<\/strong><strong> 5 lipca 2016 r.<\/strong><\/p>\n<p class=\"Omwienie\" style=\"text-align: justify;\">W rozporz\u0105dzeniu Ministra Rozwoju Regionalnego z&nbsp;dnia 8 pa\u017adziernika 2008 r. w&nbsp;sprawie udzielania przez Polsk\u0105 Agencj\u0119 Rozwoju Przedsi\u0119biorczo\u015bci pomocy finansowej w&nbsp;ramach Programu Operacyjnego Rozw&oacute;j Polski Wschodniej 2007-2013 (Dz.U.z2014r. poz. 138) zmianie uleg\u0142o brzmienie &sect; 2.<\/p>\n<p>&nbsp;<\/p>\n<p class=\"Dziedzinaprawa\" style=\"text-align: justify;\"><strong>S\u0141U\u017bBA CELNA<\/strong><\/p>\n<p class=\"Tekstpraswki\" style=\"text-align: justify;\"><strong>Rozporz\u0105dzenie <\/strong>Ministra Finans&oacute;w z&nbsp;dnia 28 czerwca 2016 r. zmieniaj\u0105ce rozporz\u0105dzenie w&nbsp;sprawie w\u0142a\u015bciwo\u015bci miejscowej naczelnik&oacute;w urz\u0119d&oacute;w celnych i&nbsp;dyrektor&oacute;w izb celnych oraz wyznaczonych naczelnik&oacute;w urz\u0119d&oacute;w celnych do wykonywania zada\u0144 okre\u015blonych w&nbsp;Kodeksie karnym skarbowym (Dz. U. z&nbsp;2016 r., poz.&nbsp;953) &ndash; <strong>w<\/strong><strong>esz\u0142o w&nbsp;<\/strong><strong>\u017cycie z<\/strong><strong>dniem<\/strong><strong> 1 lipca 2016 r.<\/strong><\/p>\n<p class=\"Omwienie\" style=\"text-align: justify;\">W rozporz\u0105dzeniu Ministra Finans&oacute;w z&nbsp;dnia 26 listopada 2015 r. w&nbsp;sprawie w\u0142a\u015bciwo\u015bci miejscowej naczelnik&oacute;w urz\u0119d&oacute;w celnych i&nbsp;dyrektor&oacute;w izb celnych oraz wyznaczonych naczelnik&oacute;w urz\u0119d&oacute;w celnych do wykonywania zada\u0144 okre\u015blonych w&nbsp;Kodeksie karnym skarbowym (Dz. U. poz. 2107 i&nbsp;2350) zmianie uleg\u0142o brzmienie &sect; 6.<\/p>\n<p>&nbsp;<\/p>\n<p class=\"Dziedzinaprawa\" style=\"text-align: justify;\"><strong>DROGI PUBLICZNE<\/strong><\/p>\n<p class=\"Tekstpraswki\" style=\"text-align: justify;\"><strong>Rozporz\u0105dzenie <\/strong>Ministra Cyfryzacji z&nbsp;dnia 29 czerwca 2016 r. w&nbsp;sprawie udost\u0119pniania kana\u0142u technologicznego przez zarz\u0105dc&oacute;w dr&oacute;g publicznych oraz wysoko\u015bci stawek op\u0142at za udost\u0119pnienie 1 mb kana\u0142u technologicznego (Dz. U. z&nbsp;2016 r., poz. 957) &ndash; <strong>w<\/strong><strong>esz\u0142o&nbsp;w <\/strong><strong>\u017cycie z&nbsp;<\/strong><strong>dniem<\/strong><strong> 1 lipca 2016 r.<\/strong><\/p>\n<p>&nbsp;<\/p>\n<p class=\"Dziedzinaprawa\" style=\"text-align: justify;\"><strong>PRAWO O&nbsp;USTROJU S\u0104D&Oacute;W POWSZECHNYCH<\/strong><\/p>\n<p class=\"Tekstpraswki\" style=\"text-align: justify;\"><strong>Rozporz\u0105dzenie <\/strong>Ministra Sprawiedliwo\u015bci z&nbsp;dnia 30 czerwca 2016 r. zmieniaj\u0105ce rozporz\u0105dzenie &#8211; Regulamin urz\u0119dowania s\u0105d&oacute;w powszechnych (Dz. U. z&nbsp;2016 r., poz.&nbsp;970) &ndash; <strong>w<\/strong><strong>esz\u0142o w&nbsp;<\/strong><strong>\u017cycie z&nbsp;<\/strong><strong>dniem<\/strong><strong> 1 lipca 2016 r.<\/strong><\/p>\n<p class=\"Omwienie\" style=\"text-align: justify;\">W rozporz\u0105dzeniu Ministra Sprawiedliwo\u015bci z&nbsp;dnia 23 grudnia 2015 r. &#8211; Regulamin urz\u0119dowania s\u0105d&oacute;w powszechnych (Dz. U. poz. 2316 oraz z&nbsp;2016 r. poz. 418 i&nbsp;517) zmianie uleg\u0142o brzmienie &sect; 22, &sect; 30, &sect; 31 ust. 2, &sect; 43, &sect; 45-47, &sect; 48, &sect; 56, &sect; 60, &sect; 66 ust. 2, &sect; 98 ust. 1 pkt 1, &sect; 99 pkt 1, &sect; 107 ust. 5, &sect; 372, dodany zosta\u0142 &sect; 41a, w&nbsp;&sect; 61 dodaje si\u0119 ust. 1a, uchylony zosta\u0142 &sect; 44, &sect; 50.<\/p>\n<p>&nbsp;<\/p>\n<p class=\"Dziedzinaprawa\" style=\"text-align: justify;\"><strong>DZIA\u0141ALNO\u015a\u0106 PO\u017bYTKU PUBLICZNEGO I&nbsp;WOLONTARIAT<\/strong><\/p>\n<p class=\"Tekstpraswki\" style=\"text-align: justify;\"><strong>Rozporz\u0105dzenie <\/strong>Ministra Rodziny, Pracy i&nbsp;Polityki Spo\u0142ecznej z&nbsp;dnia 22 czerwca 2016 r. w&nbsp;sprawie zamieszczania informacji przez organizacje po\u017cytku publicznego z&nbsp;zakresu 1% podatku dochodowego od os&oacute;b fizycznych (Dz. U. z&nbsp;2016 r., poz. 973) &ndash; <strong>w<\/strong><strong>ejdzie&nbsp;w <\/strong><strong>\u017cycie z&nbsp;<\/strong><strong>dniem<\/strong><strong> 19 lipca 2016 r.<\/strong><\/p>\n<p>&nbsp;<\/p>\n<p class=\"Dziedzinaprawa\" style=\"text-align: justify;\"><strong>PRAWO PRACY<\/strong><\/p>\n<p class=\"Tekstpraswki\" style=\"text-align: justify;\"><strong>Rozporz\u0105dzenie&nbsp; <\/strong>Ministra Rodziny, Pracy i&nbsp;Polityki Spo\u0142ecznej z&nbsp;dnia 27 czerwca 2016 r. zmieniaj\u0105ce rozporz\u0105dzenie w&nbsp;sprawie najwy\u017cszych dopuszczalnych st\u0119\u017ce\u0144 i&nbsp;nat\u0119\u017ce\u0144 czynnik&oacute;w szkodliwych dla zdrowia w&nbsp;\u015brodowisku pracy (Dz. U. z&nbsp;2016 r., poz. 944) &ndash; <strong>w<\/strong><strong>ejdzie w&nbsp;<\/strong><strong>\u017cycie z&nbsp;<\/strong><strong>dniem<\/strong><strong> 15 lipca 2016 r.<\/strong><\/p>\n<p class=\"Omwienie\" style=\"text-align: justify;\">W rozporz\u0105dzeniu Ministra Pracy i&nbsp;Polityki Spo\u0142ecznej z&nbsp;dnia 6 czerwca 2014 r. w&nbsp;sprawie najwy\u017cszych dopuszczalnych st\u0119\u017ce\u0144 i&nbsp;nat\u0119\u017ce\u0144 czynnik&oacute;w szkodliwych dla zdrowia w\u015brodowisku pracy (Dz. U. poz. 817) zmianie ulegnie brzmienie za\u0142\u0105cznika nr 1 &#8220;Wykaz warto\u015bci najwy\u017cszych dopuszczalnych st\u0119\u017ce\u0144 chemicznych i&nbsp;py\u0142owych czynnik&oacute;w szkodliwych dla zdrowia w&nbsp;\u015brodowisku pracy&#8221; w&nbsp;cz\u0119\u015bci \u0412 &#8220;Py\u0142y&#8221;.<\/p>\n<p class=\"Tekstpraswki\" style=\"text-align: justify;\"><strong>Rozporz\u0105dzenie <\/strong>Ministra Rodziny, Pracy i&nbsp;Polityki Spo\u0142ecznej z&nbsp;dnia 27 czerwca 2016 r. zmieniaj\u0105ce rozporz\u0105dzenie w&nbsp;sprawie najwy\u017cszych dopuszczalnych st\u0119\u017ce\u0144 i&nbsp;nat\u0119\u017ce\u0144 czynnik&oacute;w szkodliwych dla zdrowia w&nbsp;\u015brodowisku pracy (Dz. U. z&nbsp;2016 r., poz. 952) &ndash; <strong>w<\/strong><strong>esz\u0142o w&nbsp;<\/strong><strong>\u017cycie z&nbsp;<\/strong><strong>dniem<\/strong><strong> 1 lipca 2016 r.<\/strong><\/p>\n<p class=\"Omwienie\" style=\"text-align: justify;\">W rozporz\u0105dzeniu Ministra Pracy i&nbsp;Polityki Spo\u0142ecznej z&nbsp;dnia 6 czerwca 2014 r. w&nbsp;sprawie najwy\u017cszych dopuszczalnych st\u0119\u017ce\u0144 i&nbsp;nat\u0119\u017ce\u0144 czynnik&oacute;w szkodliwych dla zdrowia w&nbsp;\u015brodowisku pracy (Dz. U. poz. 817 oraz z&nbsp;2016 r. poz. 944) zmianie uleg\u0142o brzmienie za\u0142\u0105cznika nr 2 &#8220;Wykaz warto\u015bci najwy\u017cszych dopuszczalnych nat\u0119\u017ce\u0144 fizycznych czynnik&oacute;w szkodliwych dla zdrowia w&nbsp;\u015brodowisku pracy&#8221; cz\u0119\u015b\u0107 E &#8220;Pola i&nbsp;promieniowanie elektromagnetyczne z&nbsp;zakresu cz\u0119stotliwo\u015bci 0 Hz-300 GHz&#8221;.<\/p>\n<p class=\"Tekstpraswki\" style=\"text-align: justify;\"><strong>Rozporz\u0105dzenie <\/strong>Ministra Rodziny, Pracy i&nbsp;Polityki Spo\u0142ecznej z&nbsp;dnia 22 czerwca 2016 r. w&nbsp;sprawie ustalenia wzor&oacute;w deklaracji sk\u0142adanych Zarz\u0105dowi Pa\u0144stwowego Funduszu Rehabilitacji Os&oacute;b Niepe\u0142nosprawnych przez pracodawc&oacute;w zobowi\u0105zanych do wp\u0142at na ten Fundusz (Dz. U. z&nbsp;2016 r., poz. 956) &ndash; <strong>w<\/strong><strong>esz\u0142o w&nbsp;<\/strong><strong>\u017cycie z&nbsp;<\/strong><strong>dniem<\/strong><strong>1 lipca 2016 r.<\/strong><\/p>\n<p class=\"Tekstpraswki\" style=\"text-align: justify;\"><strong>Rozporz\u0105dzenie <\/strong>Ministra Rodziny, Pracy i&nbsp;Polityki Spo\u0142ecznej z&nbsp;dnia 22 czerwca 2016 r. w&nbsp;sprawie miesi\u0119cznego dofinansowania do wynagrodze\u0144 pracownik&oacute;wniepe\u0142nosprawnych (Dz. U. z&nbsp;2016 r., poz. 951) &ndash; <strong>w<\/strong><strong>esz\u0142o w&nbsp;<\/strong><strong>\u017cycie z&nbsp;<\/strong><strong>dniem<\/strong><strong> 1&nbsp;lipca&nbsp;2016 r.<\/strong><\/p>\n<p class=\"Tekstpraswki\" style=\"text-align: justify;\"><strong>Rozporz\u0105dzenie <\/strong>Ministra Rodziny, Pracy i&nbsp;Polityki Spo\u0142ecznej z&nbsp;dnia 29 czerwca 2016 r. w&nbsp;sprawie bezpiecze\u0144stwa i&nbsp;higieny pracy przy pracach zwi\u0105zanych z&nbsp;nara\u017ceniem na pole elektromagnetyczne (Dz. U. z&nbsp;2016 r., poz. 950) &ndash; <strong>w<\/strong><strong>esz\u0142o w&nbsp;<\/strong><strong>\u017cycie z&nbsp;<\/strong><strong>dniem<\/strong><strong> 1&nbsp;lipca&nbsp;2016 r.<\/strong><\/p>\n<p>&nbsp;<\/p>\n<p class=\"Dziedzinaprawa\" style=\"text-align: justify;\"><strong>PRAWO GEOLOGICZNE I&nbsp;G&Oacute;RNICZE<\/strong><\/p>\n<p class=\"Tekstpraswki\" style=\"text-align: justify;\"><strong>Rozporz\u0105dzenie <\/strong>Ministra \u015arodowiska z&nbsp;dnia 23 czerwca 2016 r. zmieniaj\u0105ce rozporz\u0105dzenie w&nbsp;sprawie zagro\u017ce\u0144 naturalnych w&nbsp;zak\u0142adach g&oacute;rniczych (Dz.&nbsp;U.&nbsp;z&nbsp;2016&nbsp;r., 949) &ndash; <strong>w<\/strong><strong>esz\u0142o w&nbsp;<\/strong><strong>\u017cycie z<\/strong><strong>dniem<\/strong><strong> 1 lipca 2016 r.<\/strong><\/p>\n<p class=\"Omwienie\" style=\"text-align: justify;\">W rozporz\u0105dzeniu Ministra \u015arodowiska z&nbsp;dnia 29 stycznia 2013 r. w&nbsp;sprawie zagro\u017ce\u0144 naturalnych w&nbsp;zak\u0142adach g&oacute;rniczych (Dz. U. z&nbsp;2015 r. poz. 1702 i&nbsp;2204) zmianie uleg\u0142o brzmienie &sect; 44.<\/p>\n<p>&nbsp;<\/p>\n<p class=\"Dziedzinaprawa\" style=\"text-align: justify;\"><strong>PRAWO PODATKOWE<\/strong><\/p>\n<p class=\"Tekstpraswki\" style=\"text-align: justify;\"><strong>Rozporz\u0105dzenie <\/strong>Ministra Finans&oacute;w z&nbsp;dnia 23 czerwca 2016 r. zmieniaj\u0105ce rozporz\u0105dzenie w&nbsp;sprawie sposobu przesy\u0142ania, w&nbsp;formie dokumentu elektronicznego, pe\u0142nomocnictwa og&oacute;lnego, pe\u0142nomocnictwa szczeg&oacute;lnego oraz pe\u0142nomocnictwado dor\u0119cze\u0144 (Dz. U. z&nbsp;2016 r., poz. 945) &ndash; <strong>w<\/strong><strong>esz\u0142o w&nbsp;<\/strong><strong>\u017cycie z&nbsp;<\/strong><strong>dniem<\/strong><strong> 1 lipca 2016 r.<\/strong><\/p>\n<p class=\"Omwienie\" style=\"text-align: justify;\">W rozporz\u0105dzeniu Ministra Finans&oacute;w z&nbsp;dnia 28 grudnia 2015 r. w&nbsp;sprawie sposobu przesy\u0142ania, w&nbsp;formie dokumentu elektronicznego, pe\u0142nomocnictwa og&oacute;lnego, pe\u0142nomocnictwa szczeg&oacute;lnego oraz pe\u0142nomocnictwa do dor\u0119cze\u0144 (Dz. U. poz. 2290) zmianie uleg\u0142o brzmienie &sect; 1 ust. 1.<\/p>\n<p class=\"Tekstpraswki\" style=\"text-align: justify;\"><strong>Rozporz\u0105dzenie <\/strong>Ministra Finans&oacute;w z&nbsp;dnia 24 czerwca 2016 r. zmieniaj\u0105ce rozporz\u0105dzenie w&nbsp;sprawie zakresu i&nbsp;warunk&oacute;w korzystania z&nbsp;portalu podatkowego (Dz.&nbsp;U.&nbsp;z 2016 r., poz. 942) &ndash; <strong>w<\/strong><strong>esz\u0142o w&nbsp;<\/strong><strong>\u017cycie z&nbsp;<\/strong><strong>dniem<\/strong><strong> 1 lipca 2016 r.<\/strong><\/p>\n<p class=\"Omwienie\" style=\"text-align: justify;\">W rozporz\u0105dzeniu Ministra Finans&oacute;w z&nbsp;dnia 28 grudnia 2015 r. w&nbsp;sprawie zakresu iwarunk&oacute;w korzystania z&nbsp;portalu podatkowego (Dz. U. poz. 2286) zmianie uleg\u0142o brzmienie &sect; 1, &sect; 4 wprowadzenie do wyliczenia, &sect; 5, &sect; 6 ust. 1, &sect; 8, dodany zostanie &sect;&nbsp;5a, &sect; 8a.<\/p>\n<p class=\"Tekstpraswki\" style=\"text-align: justify;\"><strong>Ustawa <\/strong>z dnia 10 czerwca 2016 r. o&nbsp;zmianie ustawy o&nbsp;administracji podatkowej (Dz.&nbsp;U.&nbsp;z 2016 r., poz. 905) &ndash; <strong>we<\/strong><strong>sz\u0142a w&nbsp;<\/strong><strong>\u017cycie z&nbsp;<\/strong><strong>dniem<\/strong><strong> 25 czerwca 2016 r.<\/strong><\/p>\n<p class=\"Omwienie\" style=\"text-align: justify;\">W ustawie z&nbsp;dnia 10 lipca 2015 r. o&nbsp;administracji podatkowej (Dz. U. poz. 1269, 1513 i2184 oraz z&nbsp;2016 r. poz. 394) zmianie uleg\u0142o brzmienie art. 77 wprowadzenie do wyliczenia.<\/p>\n<p class=\"Tekstpraswki\" style=\"text-align: justify;\"><strong>Rozporz\u0105dzenie<\/strong> Ministra Finans&oacute;w z&nbsp;dnia 28 czerwca 2016 r. zmieniaj\u0105ce rozporz\u0105dzenie w&nbsp;sprawie wzoru legitymacji s\u0142u\u017cbowej pracownika izby skarbowej (Dz.&nbsp;U.&nbsp;z 2016 r., poz. 955) &ndash; <strong>we<\/strong><strong>sz\u0142o w&nbsp;<\/strong><strong>\u017cycie z&nbsp;<\/strong><strong>dniem<\/strong><strong> 1 lipca 2016 r.<\/strong><\/p>\n<p class=\"Omwienie\" style=\"text-align: justify;\">W rozporz\u0105dzeniu Ministra Finans&oacute;w z&nbsp;dnia 3 listopada 2015 r. w&nbsp;sprawie wzoru legitymacji s\u0142u\u017cbowej pracownika izby skarbowej (Dz. U. poz. 1939 i&nbsp;2331) zmianie uleg\u0142o brzmienie &sect; 2.<\/p>\n<p class=\"Tekstpraswki\" style=\"text-align: justify;\"><strong>Rozporz\u0105dzenie<\/strong> Ministra Finans&oacute;w z&nbsp;dnia 28 czerwca 2016 r. zmieniaj\u0105ce rozporz\u0105dzenie w&nbsp;sprawie wzoru informacji dotycz\u0105cej stosunku podleg\u0142o\u015bci s\u0142u\u017cbowej pracownik&oacute;w izby skarbowej oraz Biura Krajowej Informacji Podatkowej (Dz.&nbsp;U.&nbsp;z&nbsp;2016&nbsp;r., poz. 954) &ndash; <strong>we<\/strong><strong>sz\u0142o w&nbsp;<\/strong><strong>\u017cycie z&nbsp;<\/strong><strong>dniem<\/strong><strong> 1 lipca 2016 r.<\/strong><\/p>\n<p class=\"Omwienie\" style=\"text-align: justify;\">W rozporz\u0105dzeniu Ministra Finans&oacute;w z&nbsp;dnia 26 pa\u017adziernika 2015 r. w&nbsp;sprawie wzoru informacji dotycz\u0105cej stosunku podleg\u0142o\u015bci s\u0142u\u017cbowej pracownik&oacute;w izby skarbowej oraz Biura Krajowej Informacji Podatkowej (Dz. U. poz. 1935 i&nbsp;2366) zmianie uleg\u0142o brzmienie &sect; 2.<\/p>\n<p>&nbsp;<\/p>\n<p class=\"Dziedzinaprawa\" style=\"text-align: justify;\"><strong>OCHRONA \u015aRODOWISKA<\/strong><\/p>\n<p class=\"Tekstpraswki\" style=\"text-align: justify;\"><strong>Rozporz\u0105dzenie <\/strong>Ministra \u015arodowiska z&nbsp;dnia 20 czerwca 2016 r.w sprawie wzoru wniosku o&nbsp;wydanie zezwolenia na prowadzenie zak\u0142adu in\u017cynierii genetycznej, w&nbsp;kt&oacute;rym ma by\u0107 prowadzone zamkni\u0119te u\u017cycie GMO, oraz wzoru wniosku o&nbsp;wydanie zgody na zamkni\u0119te u\u017cycie GMO (Dz. U. z&nbsp;2016 r., poz. 962) &ndash; <strong>w<\/strong><strong>esz\u0142o w&nbsp;<\/strong><strong>\u017cycie z&nbsp;<\/strong><strong>dniem<\/strong><strong> 2&nbsp;lipca&nbsp;2016 r.<\/strong><\/p>\n<p class=\"Tekstpraswki\" style=\"text-align: justify;\"><strong>Rozporz\u0105dzenie <\/strong>Ministra Rolnictwa i&nbsp;Rozwoju Wsi z&nbsp;dnia 22 czerwca 2016 r. zmieniaj\u0105ce rozporz\u0105dzenie w&nbsp;sprawie szczeg&oacute;\u0142owych sposob&oacute;w post\u0119powania przy zwalczaniu i&nbsp;zapobieganiu rozprzestrzeniania si\u0119 bakterii Ralstonia solanacearum (Dz.&nbsp;U.&nbsp;z 2016 r., poz. 985) &ndash; <strong>w<\/strong><strong>ejdzie w&nbsp;<\/strong><strong>\u017cycie z&nbsp;<\/strong><strong>dniem<\/strong><strong> 14 lipca 2016 r.<\/strong><\/p>\n<p class=\"Omwienie\" style=\"text-align: justify;\">W rozporz\u0105dzeniu Ministra Rolnictwa i&nbsp;Rozwoju Wsi z&nbsp;dnia 2 kwietnia 2007 r. w&nbsp;sprawie szczeg&oacute;\u0142owych sposob&oacute;w post\u0119powania przy zwalczaniu i&nbsp;zapobieganiu rozprzestrzeniania si\u0119 bakterii Ralstonia solanacearum (Dz. U. poz. 436) zmianie ulegnie brzmienie &sect;&nbsp;12&nbsp;ust.&nbsp;2, &sect; 14 ust. 2 pkt 1.<\/p>\n<p>&nbsp;<\/p>\n<p class=\"Dziedzinaprawa\" style=\"text-align: justify;\"><strong>POST\u0118POWANIE CYWILNE<\/strong><\/p>\n<p class=\"Tekstpraswki\" style=\"text-align: justify;\"><strong>Rozporz\u0105dzenie <\/strong>Ministra Sprawiedliwo\u015bci z&nbsp;dnia 22 czerwca 2016 r. zmieniaj\u0105ce rozporz\u0105dzenie w&nbsp;sprawie sposobu uiszczania op\u0142at s\u0105dowych w&nbsp;sprawach cywilnych (Dz.&nbsp;U. z&nbsp;2016 r., poz. 948) &ndash; <strong>w<\/strong><strong>esz\u0142o w&nbsp;<\/strong><strong>\u017cycie z&nbsp;<\/strong><strong>dniem<\/strong><strong> 1 lipca 2016 r.<\/strong><\/p>\n<p class=\"Omwienie\" style=\"text-align: justify;\">W rozporz\u0105dzeniu Ministra Sprawiedliwo\u015bci z&nbsp;dnia 21 marca 2016 r. w&nbsp;sprawie sposobu uiszczania op\u0142at s\u0105dowych w&nbsp;sprawach cywilnych (Dz. U. poz. 408)w &sect; 12 w&nbsp;ust.&nbsp;1&nbsp;wyrazy &#8220;30 czerwca 2016 r.&#8221; zast\u0119puje si\u0119 wyrazami &#8220;31 grudnia 2016 r.&#8221;, a&nbsp;wyrazy &#8220;31&nbsp;grudnia 2017 r.&#8221; zast\u0119puje si\u0119 wyrazami &#8220;30 czerwca 2018 r.&#8221;, w&nbsp;&sect; 14 wyrazy &#8220;1&nbsp;lipca 2016 r.&#8221; zast\u0119puje si\u0119 wyrazami &#8220;1 stycznia 2017 r.&#8221;.<\/p>\n<p>&nbsp;<\/p>\n<p class=\"Dziedzinaprawa\" style=\"text-align: justify;\"><strong>KONTROLA INWESTYCJI<\/strong><\/p>\n<p class=\"Tekstpraswki\" style=\"text-align: justify;\"><strong>Rozporz\u0105dzenie <\/strong>Rady Ministr&oacute;w z&nbsp;dnia 21 czerwca 2016 r. w&nbsp;sprawie wykazu podmiot&oacute;w podlegaj\u0105cych ochronie (Dz. U. z&nbsp;2016 r., poz. 977) &ndash; <strong>w<\/strong><strong>esz\u0142o w<\/strong><strong> \u017cycie z<\/strong><strong>dniem<\/strong><strong> 22 czerwca 2016 r.<\/strong><\/p>\n<p class=\"Tekstpraswki\" style=\"text-align: justify;\"><strong>Ustawa<\/strong> z&nbsp;dnia 20 maja 2016 r. o&nbsp;inwestycjach w&nbsp;zakresie elektrowni wiatrowych (Dz.U.&nbsp;z 2016 r., poz. 961) &#8211; <strong>we<\/strong><strong>jdzie w&nbsp;<\/strong><strong>\u017cycie z&nbsp;<\/strong><strong>dniem<\/strong><strong> 16 lipca 2016 r.<\/strong><\/p>\n<p>&nbsp;<\/p>\n<p class=\"NowePrawo\" style=\"text-align: justify;\"><strong>_____Orzecznictwo<\/strong><\/p>\n<p class=\"SdNajwyszy\" style=\"text-align: justify;\"><strong>Trybuna\u0142 Konstytucyjny<\/strong><\/p>\n<p class=\"Dziedzinaprawa\" style=\"text-align: justify;\"><strong>ZASADY ZWROTU NIENALE\u017bNIE POBRANEGO \u015aWIADCZENIA REHABILITACYJNEGO<\/strong><\/p>\n<p class=\"Tekstpraswki\" style=\"text-align: justify;\">Trybuna\u0142 Konstytucyjny uzna\u0142 za celowe wprowadzenie czasowego ograniczenia mo\u017cliwo\u015bci \u017c\u0105dania przez ZUS zwrotu nienale\u017cnie pobranych \u015bwiadcze\u0144 z&nbsp;ubezpieczenia spo\u0142ecznego.ZUS jest dysponentem publicznych \u015brodk&oacute;w zgromadzonych w&nbsp;Funduszu Ubezpiecze\u0144 Spo\u0142ecznych oraz posiada konieczne instrumenty prawne, kt&oacute;re pozwalaj\u0105 mu weryfikowa\u0107 m.in. kto jest (nadal) uprawniony do \u015bwiadcze\u0144 z&nbsp;ubezpiecze\u0144 spo\u0142ecznych. Brak terminu ograniczaj\u0105cego mo\u017cliwo\u015b\u0107 \u017c\u0105dania przez ZUS zwrotu kwot nienale\u017cnie pobranych \u015bwiadcze\u0144 stwarza ryzyko sytuacji, w&nbsp;kt&oacute;rej ubezpieczony dopiero po kilkunastu latach b\u0119dzie skonfrontowany z&nbsp;wynikami urz\u0119dowej weryfikacji odleg\u0142ych w&nbsp;czasie zdarze\u0144 prawnych<strong>&ndash; Wyrok Trybuna\u0142u Konstytucyjnego z&nbsp;dnia 5&nbsp;lipca&nbsp;2016 r., sygn. akt P 131\/15.<\/strong><\/p>\n","protected":false},"excerpt":{"rendered":"<p>We would like to present the next issue of legal bulletin of the Law Office of Adam Polowiec.What you will find here is some information about the new provisions of law and the projects of amendments to acts, but also case-laws including the case laws of Supreme Court, Constitutional Tribunal and European Court of Justice.<\/p>\n","protected":false},"author":3,"featured_media":0,"comment_status":"closed","ping_status":"closed","sticky":false,"template":"","format":"standard","meta":{"footnotes":""},"categories":[],"tags":[],"class_list":["post-668","post","type-post","status-publish","format-standard","hentry"],"featured_image_src":{"landsacpe":false,"list":false,"medium":false,"full":false},"yoast_head":"<!-- This site is optimized with the Yoast SEO plugin v27.2 - https:\/\/yoast.com\/product\/yoast-seo-wordpress\/ -->\n<title>Legal Bulletin Of The Law Office Of Adam Polowiec (4 - 10 July 2016) - Polowiec i Wsp\u00f3lnicy - Kancelaria prawna<\/title>\n<meta name=\"robots\" content=\"index, follow, max-snippet:-1, max-image-preview:large, max-video-preview:-1\" \/>\n<link rel=\"canonical\" href=\"https:\/\/polowiec.pl\/en\/legal-bulletin-of-the-law-office-of-adam-polowiec-4-10-july-2016\/\" \/>\n<meta property=\"og:locale\" content=\"en_US\" \/>\n<meta property=\"og:type\" content=\"article\" \/>\n<meta property=\"og:title\" content=\"Legal Bulletin Of The Law Office Of Adam Polowiec (4 - 10 July 2016) - Polowiec i Wsp\u00f3lnicy - Kancelaria prawna\" \/>\n<meta property=\"og:description\" content=\"We would like to present the next issue of legal bulletin of the Law Office of Adam Polowiec.What you will find here is some information about the new provisions of law and the projects of amendments to acts, but also case-laws including the case laws of Supreme Court, Constitutional Tribunal and European Court of Justice.\" \/>\n<meta property=\"og:url\" content=\"https:\/\/polowiec.pl\/en\/legal-bulletin-of-the-law-office-of-adam-polowiec-4-10-july-2016\/\" \/>\n<meta property=\"og:site_name\" content=\"Polowiec i Wsp\u00f3lnicy - Kancelaria prawna\" \/>\n<meta property=\"article:publisher\" content=\"https:\/\/www.facebook.com\/polowieciwspolnicy\/\" \/>\n<meta property=\"article:published_time\" content=\"2016-08-03T10:11:21+00:00\" \/>\n<meta property=\"article:modified_time\" content=\"2019-04-18T14:34:44+00:00\" \/>\n<meta name=\"author\" content=\"Marcin Rusinek\" \/>\n<meta name=\"twitter:card\" content=\"summary_large_image\" \/>\n<meta name=\"twitter:label1\" content=\"Written by\" \/>\n\t<meta name=\"twitter:data1\" content=\"Marcin Rusinek\" \/>\n\t<meta name=\"twitter:label2\" content=\"Est. reading time\" \/>\n\t<meta name=\"twitter:data2\" content=\"22 minutes\" \/>\n<script type=\"application\/ld+json\" class=\"yoast-schema-graph\">{\"@context\":\"https:\/\/schema.org\",\"@graph\":[{\"@type\":\"Article\",\"@id\":\"https:\/\/polowiec.pl\/en\/legal-bulletin-of-the-law-office-of-adam-polowiec-4-10-july-2016\/#article\",\"isPartOf\":{\"@id\":\"https:\/\/polowiec.pl\/en\/legal-bulletin-of-the-law-office-of-adam-polowiec-4-10-july-2016\/\"},\"author\":{\"name\":\"Marcin Rusinek\",\"@id\":\"https:\/\/polowiec.pl\/en\/#\/schema\/person\/74c7526b6f52be5ae94031504f9ffec4\"},\"headline\":\"Legal Bulletin Of The Law Office Of Adam Polowiec (4 &#8211; 10 July 2016)\",\"datePublished\":\"2016-08-03T10:11:21+00:00\",\"dateModified\":\"2019-04-18T14:34:44+00:00\",\"mainEntityOfPage\":{\"@id\":\"https:\/\/polowiec.pl\/en\/legal-bulletin-of-the-law-office-of-adam-polowiec-4-10-july-2016\/\"},\"wordCount\":4611,\"publisher\":{\"@id\":\"https:\/\/polowiec.pl\/en\/#organization\"},\"inLanguage\":\"en-US\"},{\"@type\":\"WebPage\",\"@id\":\"https:\/\/polowiec.pl\/en\/legal-bulletin-of-the-law-office-of-adam-polowiec-4-10-july-2016\/\",\"url\":\"https:\/\/polowiec.pl\/en\/legal-bulletin-of-the-law-office-of-adam-polowiec-4-10-july-2016\/\",\"name\":\"Legal Bulletin Of The Law Office Of Adam Polowiec (4 - 10 July 2016) - Polowiec i Wsp\u00f3lnicy - Kancelaria prawna\",\"isPartOf\":{\"@id\":\"https:\/\/polowiec.pl\/en\/#website\"},\"datePublished\":\"2016-08-03T10:11:21+00:00\",\"dateModified\":\"2019-04-18T14:34:44+00:00\",\"breadcrumb\":{\"@id\":\"https:\/\/polowiec.pl\/en\/legal-bulletin-of-the-law-office-of-adam-polowiec-4-10-july-2016\/#breadcrumb\"},\"inLanguage\":\"en-US\",\"potentialAction\":[{\"@type\":\"ReadAction\",\"target\":[\"https:\/\/polowiec.pl\/en\/legal-bulletin-of-the-law-office-of-adam-polowiec-4-10-july-2016\/\"]}]},{\"@type\":\"BreadcrumbList\",\"@id\":\"https:\/\/polowiec.pl\/en\/legal-bulletin-of-the-law-office-of-adam-polowiec-4-10-july-2016\/#breadcrumb\",\"itemListElement\":[{\"@type\":\"ListItem\",\"position\":1,\"name\":\"Strona g\u0142\u00f3wna\",\"item\":\"https:\/\/polowiec.pl\/en\/\"},{\"@type\":\"ListItem\",\"position\":2,\"name\":\"Legal Bulletin Of The Law Office Of Adam Polowiec (4 &#8211; 10 July 2016)\"}]},{\"@type\":\"WebSite\",\"@id\":\"https:\/\/polowiec.pl\/en\/#website\",\"url\":\"https:\/\/polowiec.pl\/en\/\",\"name\":\"Polowiec i Wsp\u00f3lnicy - Kancelaria prawna\",\"description\":\"Obs\u0142uga prawna\",\"publisher\":{\"@id\":\"https:\/\/polowiec.pl\/en\/#organization\"},\"potentialAction\":[{\"@type\":\"SearchAction\",\"target\":{\"@type\":\"EntryPoint\",\"urlTemplate\":\"https:\/\/polowiec.pl\/en\/?s={search_term_string}\"},\"query-input\":{\"@type\":\"PropertyValueSpecification\",\"valueRequired\":true,\"valueName\":\"search_term_string\"}}],\"inLanguage\":\"en-US\"},{\"@type\":\"Organization\",\"@id\":\"https:\/\/polowiec.pl\/en\/#organization\",\"name\":\"Polowiec i Wsp\u00f3lnicy - Kancelaria prawna\",\"url\":\"https:\/\/polowiec.pl\/en\/\",\"logo\":{\"@type\":\"ImageObject\",\"inLanguage\":\"en-US\",\"@id\":\"https:\/\/polowiec.pl\/en\/#\/schema\/logo\/image\/\",\"url\":\"https:\/\/polowiec.pl\/wp-content\/uploads\/2018\/10\/polowiec_logo2-1.png\",\"contentUrl\":\"https:\/\/polowiec.pl\/wp-content\/uploads\/2018\/10\/polowiec_logo2-1.png\",\"width\":540,\"height\":381,\"caption\":\"Polowiec i Wsp\u00f3lnicy - Kancelaria prawna\"},\"image\":{\"@id\":\"https:\/\/polowiec.pl\/en\/#\/schema\/logo\/image\/\"},\"sameAs\":[\"https:\/\/www.facebook.com\/polowieciwspolnicy\/\",\"https:\/\/www.linkedin.com\/company\/polowiec-i-wsplnicy-sp.j.\/about\/\"]},{\"@type\":\"Person\",\"@id\":\"https:\/\/polowiec.pl\/en\/#\/schema\/person\/74c7526b6f52be5ae94031504f9ffec4\",\"name\":\"Marcin Rusinek\",\"image\":{\"@type\":\"ImageObject\",\"inLanguage\":\"en-US\",\"@id\":\"https:\/\/secure.gravatar.com\/avatar\/b50a0a5c3e71d904f5e57a757d39977d01c43e075c6bf5b4df909ffbbe004790?s=96&d=mm&r=g\",\"url\":\"https:\/\/secure.gravatar.com\/avatar\/b50a0a5c3e71d904f5e57a757d39977d01c43e075c6bf5b4df909ffbbe004790?s=96&d=mm&r=g\",\"contentUrl\":\"https:\/\/secure.gravatar.com\/avatar\/b50a0a5c3e71d904f5e57a757d39977d01c43e075c6bf5b4df909ffbbe004790?s=96&d=mm&r=g\",\"caption\":\"Marcin Rusinek\"}}]}<\/script>\n<!-- \/ Yoast SEO plugin. -->","yoast_head_json":{"title":"Legal Bulletin Of The Law Office Of Adam Polowiec (4 - 10 July 2016) - Polowiec i Wsp\u00f3lnicy - Kancelaria prawna","robots":{"index":"index","follow":"follow","max-snippet":"max-snippet:-1","max-image-preview":"max-image-preview:large","max-video-preview":"max-video-preview:-1"},"canonical":"https:\/\/polowiec.pl\/en\/legal-bulletin-of-the-law-office-of-adam-polowiec-4-10-july-2016\/","og_locale":"en_US","og_type":"article","og_title":"Legal Bulletin Of The Law Office Of Adam Polowiec (4 - 10 July 2016) - Polowiec i Wsp\u00f3lnicy - Kancelaria prawna","og_description":"We would like to present the next issue of legal bulletin of the Law Office of Adam Polowiec.What you will find here is some information about the new provisions of law and the projects of amendments to acts, but also case-laws including the case laws of Supreme Court, Constitutional Tribunal and European Court of Justice.","og_url":"https:\/\/polowiec.pl\/en\/legal-bulletin-of-the-law-office-of-adam-polowiec-4-10-july-2016\/","og_site_name":"Polowiec i Wsp\u00f3lnicy - Kancelaria prawna","article_publisher":"https:\/\/www.facebook.com\/polowieciwspolnicy\/","article_published_time":"2016-08-03T10:11:21+00:00","article_modified_time":"2019-04-18T14:34:44+00:00","author":"Marcin Rusinek","twitter_card":"summary_large_image","twitter_misc":{"Written by":"Marcin Rusinek","Est. reading time":"22 minutes"},"schema":{"@context":"https:\/\/schema.org","@graph":[{"@type":"Article","@id":"https:\/\/polowiec.pl\/en\/legal-bulletin-of-the-law-office-of-adam-polowiec-4-10-july-2016\/#article","isPartOf":{"@id":"https:\/\/polowiec.pl\/en\/legal-bulletin-of-the-law-office-of-adam-polowiec-4-10-july-2016\/"},"author":{"name":"Marcin Rusinek","@id":"https:\/\/polowiec.pl\/en\/#\/schema\/person\/74c7526b6f52be5ae94031504f9ffec4"},"headline":"Legal Bulletin Of The Law Office Of Adam Polowiec (4 &#8211; 10 July 2016)","datePublished":"2016-08-03T10:11:21+00:00","dateModified":"2019-04-18T14:34:44+00:00","mainEntityOfPage":{"@id":"https:\/\/polowiec.pl\/en\/legal-bulletin-of-the-law-office-of-adam-polowiec-4-10-july-2016\/"},"wordCount":4611,"publisher":{"@id":"https:\/\/polowiec.pl\/en\/#organization"},"inLanguage":"en-US"},{"@type":"WebPage","@id":"https:\/\/polowiec.pl\/en\/legal-bulletin-of-the-law-office-of-adam-polowiec-4-10-july-2016\/","url":"https:\/\/polowiec.pl\/en\/legal-bulletin-of-the-law-office-of-adam-polowiec-4-10-july-2016\/","name":"Legal Bulletin Of The Law Office Of Adam Polowiec (4 - 10 July 2016) - Polowiec i Wsp\u00f3lnicy - Kancelaria prawna","isPartOf":{"@id":"https:\/\/polowiec.pl\/en\/#website"},"datePublished":"2016-08-03T10:11:21+00:00","dateModified":"2019-04-18T14:34:44+00:00","breadcrumb":{"@id":"https:\/\/polowiec.pl\/en\/legal-bulletin-of-the-law-office-of-adam-polowiec-4-10-july-2016\/#breadcrumb"},"inLanguage":"en-US","potentialAction":[{"@type":"ReadAction","target":["https:\/\/polowiec.pl\/en\/legal-bulletin-of-the-law-office-of-adam-polowiec-4-10-july-2016\/"]}]},{"@type":"BreadcrumbList","@id":"https:\/\/polowiec.pl\/en\/legal-bulletin-of-the-law-office-of-adam-polowiec-4-10-july-2016\/#breadcrumb","itemListElement":[{"@type":"ListItem","position":1,"name":"Strona g\u0142\u00f3wna","item":"https:\/\/polowiec.pl\/en\/"},{"@type":"ListItem","position":2,"name":"Legal Bulletin Of The Law Office Of Adam Polowiec (4 &#8211; 10 July 2016)"}]},{"@type":"WebSite","@id":"https:\/\/polowiec.pl\/en\/#website","url":"https:\/\/polowiec.pl\/en\/","name":"Polowiec i Wsp\u00f3lnicy - Kancelaria prawna","description":"Obs\u0142uga prawna","publisher":{"@id":"https:\/\/polowiec.pl\/en\/#organization"},"potentialAction":[{"@type":"SearchAction","target":{"@type":"EntryPoint","urlTemplate":"https:\/\/polowiec.pl\/en\/?s={search_term_string}"},"query-input":{"@type":"PropertyValueSpecification","valueRequired":true,"valueName":"search_term_string"}}],"inLanguage":"en-US"},{"@type":"Organization","@id":"https:\/\/polowiec.pl\/en\/#organization","name":"Polowiec i Wsp\u00f3lnicy - Kancelaria prawna","url":"https:\/\/polowiec.pl\/en\/","logo":{"@type":"ImageObject","inLanguage":"en-US","@id":"https:\/\/polowiec.pl\/en\/#\/schema\/logo\/image\/","url":"https:\/\/polowiec.pl\/wp-content\/uploads\/2018\/10\/polowiec_logo2-1.png","contentUrl":"https:\/\/polowiec.pl\/wp-content\/uploads\/2018\/10\/polowiec_logo2-1.png","width":540,"height":381,"caption":"Polowiec i Wsp\u00f3lnicy - Kancelaria prawna"},"image":{"@id":"https:\/\/polowiec.pl\/en\/#\/schema\/logo\/image\/"},"sameAs":["https:\/\/www.facebook.com\/polowieciwspolnicy\/","https:\/\/www.linkedin.com\/company\/polowiec-i-wsplnicy-sp.j.\/about\/"]},{"@type":"Person","@id":"https:\/\/polowiec.pl\/en\/#\/schema\/person\/74c7526b6f52be5ae94031504f9ffec4","name":"Marcin Rusinek","image":{"@type":"ImageObject","inLanguage":"en-US","@id":"https:\/\/secure.gravatar.com\/avatar\/b50a0a5c3e71d904f5e57a757d39977d01c43e075c6bf5b4df909ffbbe004790?s=96&d=mm&r=g","url":"https:\/\/secure.gravatar.com\/avatar\/b50a0a5c3e71d904f5e57a757d39977d01c43e075c6bf5b4df909ffbbe004790?s=96&d=mm&r=g","contentUrl":"https:\/\/secure.gravatar.com\/avatar\/b50a0a5c3e71d904f5e57a757d39977d01c43e075c6bf5b4df909ffbbe004790?s=96&d=mm&r=g","caption":"Marcin Rusinek"}}]}},"_links":{"self":[{"href":"https:\/\/polowiec.pl\/en\/wp-json\/wp\/v2\/posts\/668","targetHints":{"allow":["GET"]}}],"collection":[{"href":"https:\/\/polowiec.pl\/en\/wp-json\/wp\/v2\/posts"}],"about":[{"href":"https:\/\/polowiec.pl\/en\/wp-json\/wp\/v2\/types\/post"}],"author":[{"embeddable":true,"href":"https:\/\/polowiec.pl\/en\/wp-json\/wp\/v2\/users\/3"}],"replies":[{"embeddable":true,"href":"https:\/\/polowiec.pl\/en\/wp-json\/wp\/v2\/comments?post=668"}],"version-history":[{"count":0,"href":"https:\/\/polowiec.pl\/en\/wp-json\/wp\/v2\/posts\/668\/revisions"}],"wp:attachment":[{"href":"https:\/\/polowiec.pl\/en\/wp-json\/wp\/v2\/media?parent=668"}],"wp:term":[{"taxonomy":"category","embeddable":true,"href":"https:\/\/polowiec.pl\/en\/wp-json\/wp\/v2\/categories?post=668"},{"taxonomy":"post_tag","embeddable":true,"href":"https:\/\/polowiec.pl\/en\/wp-json\/wp\/v2\/tags?post=668"}],"curies":[{"name":"wp","href":"https:\/\/api.w.org\/{rel}","templated":true}]}}