{"id":670,"date":"2016-08-03T12:23:09","date_gmt":"2016-08-03T10:23:09","guid":{"rendered":"https:\/\/nowa.polowiec.pl\/legal-bulletin-of-the-law-office-of-adam-polowiec-11-17-july-2016\/"},"modified":"2019-04-18T16:34:31","modified_gmt":"2019-04-18T14:34:31","slug":"legal-bulletin-of-the-law-office-of-adam-polowiec-11-17-july-2016","status":"publish","type":"post","link":"https:\/\/polowiec.pl\/en\/legal-bulletin-of-the-law-office-of-adam-polowiec-11-17-july-2016\/","title":{"rendered":"Legal Bulletin Of The Law Office Of Adam Polowiec (11 &#8211; 17 July 2016)"},"content":{"rendered":"<p>We would like to present the next issue of legal bulletin of the Law Office of Adam Polowiec.<br \/>What you will find here is some information about the new provisions of law and the projects of amendments to acts, but also case-laws including the case laws of Supreme Court, Constitutional Tribunal and European Court of Justice.<\/p>\n<p>  <!--more-->  <\/p>\n<p class=\"NowePrawo\" style=\"text-align: justify;\"><strong>_____Nowe Prawo<\/strong><\/p>\n<p class=\"Dziedzinaprawa\" style=\"text-align: justify;\"><strong>PRAWO BANKOWE<\/strong><\/p>\n<p class=\"Tekstpraswki\" style=\"text-align: justify;\"><strong>Ustawa<\/strong> z&nbsp;dnia 10 czerwca 2016 r. o&nbsp;Bankowym Funduszu Gwarancyjnym, systemie gwarantowania depozyt&oacute;w oraz przymusowej restrukturyzacji (Dz. U. z&nbsp;2016 r., poz.&nbsp;996) &#8211; <strong>we<\/strong><strong>jdzie w&nbsp;<\/strong><strong>\u017cycie z&nbsp;<\/strong><strong>dniem <\/strong><strong>9 pa\u017adziernika 2016 r., z&nbsp;wyj\u0105tkiem:<\/strong><\/p>\n<p class=\"Tekstpraswki\" style=\"text-align: justify;\"><strong>1) art. 351 pkt 2, art. 361 pkt 1 i&nbsp;art. 363 pkt 3, kt&oacute;re wchodz\u0105 w&nbsp;\u017cycie z&nbsp;dniem nast\u0119puj\u0105cym po dniu og\u0142oszenia;<\/strong><\/p>\n<p class=\"Tekstpraswki\" style=\"text-align: justify;\"><strong>2) art. 106, kt&oacute;ry wchodzi w&nbsp;\u017cycie z&nbsp;dniem 11 lutego 2017 r.<\/strong><\/p>\n<p class=\"Tekstpraswki\" style=\"text-align: justify;\"><strong>Rozporz\u0105dzenie<\/strong> Ministra Finans&oacute;w z&nbsp;dnia 1 lipca 2016 r. w&nbsp;sprawie rodzaj&oacute;w ekspozycji bank&oacute;w wy\u0142\u0105czonych z&nbsp;limit&oacute;w du\u017cych ekspozycji (Dz. U. z&nbsp;2016 r., poz. 1018) &#8211; <strong>we<\/strong><strong>jdzie w&nbsp;<\/strong><strong>\u017cycie z&nbsp;<\/strong><strong>dniem<\/strong><strong> 28 lipca 2016 r.<\/strong><\/p>\n<p>&nbsp;<\/p>\n<p class=\"Dziedzinaprawa\" style=\"text-align: justify;\"><strong>REJESTRACJA ORAZ OCHRONA NAZW I&nbsp;OZNACZE\u0143<\/strong><\/p>\n<p class=\"Tekstpraswki\" style=\"text-align: justify;\"><strong>Ustawa<\/strong> z&nbsp;dnia 10 czerwca 2016 r. o&nbsp;zmianie ustawy o&nbsp;rejestracji i&nbsp;ochronie nazw i&nbsp;oznacze\u0144 produkt&oacute;w rolnych i&nbsp;\u015brodk&oacute;w spo\u017cywczych oraz o&nbsp;produktach tradycyjnych oraz niekt&oacute;rych innych ustaw (Dz. U. z&nbsp;2016 r., poz. 1001) &#8211; <strong>we<\/strong><strong>jdzie w&nbsp;<\/strong><strong>\u017cycie z&nbsp;<\/strong><strong>dniem<\/strong><strong> 26 lipca 2016 r.<\/strong><\/p>\n<p class=\"Omwienie\" style=\"text-align: justify;\">W ustawie z&nbsp;dnia 17 grudnia 2004 r. o&nbsp;rejestracji i&nbsp;ochronie nazw i&nbsp;oznacze\u0144 produkt&oacute;w rolnych i&nbsp;\u015brodk&oacute;w spo\u017cywczych oraz o&nbsp;produktach tradycyjnych (Dz. U. z&nbsp;2005 r. poz.68 oraz z&nbsp;2008 r. poz. 1056 i&nbsp;1368) zmianie ulegnie brzmienie art. 1 pkt 1, art. 2, art. 4, art. 6 pkt 4 i&nbsp;5, art. 7, art. 8, art. 9 pkt 2, art. 14 ust. 1 pkt 4, art. 16 pkt 4, art.&nbsp;18 ust. 1, art. 19 ust. 1 pkt 1 wprowadzenie do wyliczenia, art. 21 ust. 1, art. 22 ust.&nbsp;1 pkt 1, art. 22a, art. 23 ust. 2, art. 24 ust. 1 pkt 1 wprowadzenie do wyliczenia, art.&nbsp;26, art. 28, art. 29-32, art. 34, tytu\u0142 rozdzia\u0142u 6, art. 39, art. 40, art. 41, art. 43 ust.&nbsp;2, art. 44 ust. 1 i&nbsp;2, art. 45, art. 46, art. 47 ust. 1, dodany zostanie art. 28a, art.&nbsp;42a, art. 44a, rozdzia\u0142 9a, uchylony zostanie art. 55, rozdzia\u0142 9.<\/p>\n<p class=\"Omwienie\" style=\"text-align: justify;\">W ustawie z&nbsp;dnia 21 grudnia 2000 r. o&nbsp;jako\u015bci handlowej artyku\u0142&oacute;w rolno-spo\u017cywczych (Dz. U. z&nbsp;2015 r. poz. 678, 1505 i&nbsp;1893 oraz z&nbsp;2016 r. poz. 50) w&nbsp;art. 17 w&nbsp;ust. 1 w&nbsp;pkt&nbsp;1 w&nbsp;lit. g \u015brednik zast\u0119puje si\u0119 przecinkiem i&nbsp;dodaje si\u0119 lit. h, dodany zostanie art.&nbsp;40b.<\/p>\n<p class=\"Omwienie\" style=\"text-align: justify;\">W ustawie z&nbsp;dnia 25 czerwca 2009 r. o&nbsp;rolnictwie ekologicznym (Dz. U. z&nbsp;2015 r. poz.&nbsp;497) zmianie ulegnie brzmienie art. 26 ust. 1, dodany zostanie art. 26a.<\/p>\n<p>&nbsp;<\/p>\n<p class=\"Dziedzinaprawa\" style=\"text-align: justify;\"><strong>STRA\u017b GRANICZNA<\/strong><\/p>\n<p class=\"Tekstpraswki\" style=\"text-align: justify;\"><strong>Rozporz\u0105dzenie<\/strong> Ministra Spraw Wewn\u0119trznych i&nbsp;Administracji z&nbsp;dnia 16 czerwca 2016 r. zmieniaj\u0105ce rozporz\u0105dzenie w&nbsp;sprawie wprowadzenia p\u0142atnych urlop&oacute;w dodatkowych dla funkcjonariuszy Stra\u017cy Granicznej (Dz. U. z&nbsp;2016 r., poz. 998) &#8211; <strong>we<\/strong><strong>jdzie w&nbsp;<\/strong><strong>\u017cycie z&nbsp;<\/strong><strong>dniem<\/strong><strong> 26 lipca 2016 r.<\/strong><\/p>\n<p class=\"Omwienie\" style=\"text-align: justify;\">W rozporz\u0105dzeniu Ministra Spraw Wewn\u0119trznych i&nbsp;Administracji z&nbsp;dnia 14 czerwca 2002 r. w&nbsp;sprawie wprowadzenia p\u0142atnych urlop&oacute;w dodatkowych dla funkcjonariuszy Stra\u017cy Granicznej (Dz. U. poz. 785) w&nbsp;&sect; 1 w&nbsp;ust. 2 dodaje si\u0119 pkt 7a.<\/p>\n<p class=\"Tekstpraswki\" style=\"text-align: justify;\"><strong>Rozporz\u0105dzenie<\/strong> Ministra Spraw Wewn\u0119trznych i&nbsp;Administracji z&nbsp;dnia 16 czerwca 2016 r. zmieniaj\u0105ce rozporz\u0105dzenie w&nbsp;sprawie urlop&oacute;w funkcjonariuszy Stra\u017cy Granicznej (Dz.&nbsp;U.&nbsp;z 2016 r., poz. 999) &#8211; <strong>we<\/strong><strong>jdzie w&nbsp;<\/strong><strong>\u017cycie z&nbsp;<\/strong><strong>dniem<\/strong><strong> 26 lipca 2016 r.<\/strong><\/p>\n<p class=\"Omwienie\" style=\"text-align: justify;\">W rozporz\u0105dzeniu Ministra Spraw Wewn\u0119trznych i&nbsp;Administracji z&nbsp;dnia 14 czerwca 2002 r. w&nbsp;sprawie urlop&oacute;w funkcjonariuszy Stra\u017cy Granicznej (Dz. U. poz. 784, z&nbsp;2004 r. poz.511 oraz z&nbsp;2013 r. poz. 1704) zmianie ulegnie brzmienie &sect; 7, &sect; 10, w&nbsp;&sect; 13 w&nbsp;ust. 1 w&nbsp;pkt 1 po lit. g \u015brednik zast\u0119puje si\u0119 przecinkiem i&nbsp;dodaje si\u0119 lit. h.<\/p>\n<p>&nbsp;<\/p>\n<p class=\"Dziedzinaprawa\" style=\"text-align: justify;\"><strong>PRODUKTY BIOB&Oacute;JCZE<\/strong><\/p>\n<p class=\"Tekstpraswki\" style=\"text-align: justify;\"><strong>Rozporz\u0105dzenie<\/strong> Ministra Zdrowia z&nbsp;dnia 1 lipca 2016 r. w&nbsp;sprawie wykazu o\u015brodk&oacute;w toksykologicznych odpowiedzialnych za kontrol\u0119 zatru\u0107 produktami biob&oacute;jczymi (Dz.&nbsp;U.&nbsp;z&nbsp;2016 r., poz. 1004) &#8211; <strong>we<\/strong><strong>jdzie w&nbsp;<\/strong><strong>\u017cycie z&nbsp;<\/strong><strong>dniem<\/strong><strong> 26 lipca 2016 r.<\/strong><\/p>\n<p>&nbsp;<\/p>\n<p class=\"Dziedzinaprawa\" style=\"text-align: justify;\"><strong>FUNDUSZE INWESTYCYJNE<\/strong><\/p>\n<p class=\"Tekstpraswki\" style=\"text-align: justify;\"><strong>Rozporz\u0105dzenie<\/strong> Ministra Finans&oacute;w z&nbsp;dnia 1 lipca 2016 r. w&nbsp;sprawie rodzaj&oacute;w koszt&oacute;w zmiennych, o&nbsp;kt&oacute;re pomniejsza si\u0119 koszty og&oacute;\u0142em przy wyliczaniu poziomu kapita\u0142u w\u0142asnego zarz\u0105dzaj\u0105cego ASI (Dz. U. z&nbsp;2016 r., poz. 1014) &#8211; <strong>we<\/strong><strong>jdzie w&nbsp;<\/strong><strong>\u017cycie z&nbsp;<\/strong><strong>dniem<\/strong><strong> 27 lipca 2016 r.<\/strong><\/p>\n<p>&nbsp;<\/p>\n<p class=\"Dziedzinaprawa\" style=\"text-align: justify;\"><strong>SPECJALNA STREFA EKONOMICZNA<\/strong><\/p>\n<p class=\"Tekstpraswki\" style=\"text-align: justify;\"><strong>Rozporz\u0105dzenie<\/strong> Rady Ministr&oacute;w z&nbsp;dnia 11 lipca 2016 r. zmieniaj\u0105ce rozporz\u0105dzenie wsprawie wa\u0142brzyskiej specjalnej strefy ekonomicznej (Dz. U. z&nbsp;2016 r., poz. 1019) &#8211; <strong>we<\/strong><strong>sz\u0142o w&nbsp;<\/strong><strong>\u017cycie z&nbsp;<\/strong><strong>dniem<\/strong><strong> 13 lipca 2016 r.<\/strong><\/p>\n<p class=\"Omwienie\" style=\"text-align: justify;\">W rozporz\u0105dzeniu Rady Ministr&oacute;w z&nbsp;dnia 15 grudnia 2008 r. w&nbsp;sprawie wa\u0142brzyskiej specjalnej strefy ekonomicznej (Dz. U. z&nbsp;2015 r. poz. 1055 i&nbsp;1235 oraz z&nbsp;2016 r. poz.959) zmianie ulegnie brzmienie &sect; 1 ust. 2, w&nbsp;za\u0142\u0105czniku do rozporz\u0105dzenia SZCZEG&Oacute;\u0141OWY OPIS GRANIC I&nbsp;TERENU WA\u0141BRZYSKIEJ SPECJALNEJ STREFY EKONOMICZNEJ INVEST-PARK na ko\u0144cu dodaje si\u0119 opisy granic i&nbsp;teren&oacute;w Podstref: Dobromierz i&nbsp;W\u0105dro\u017ce Wielkie.<\/p>\n<p>&nbsp;<\/p>\n<p class=\"Dziedzinaprawa\" style=\"text-align: justify;\"><strong>SYSTEM O\u015aWIATY<\/strong><\/p>\n<p class=\"Tekstpraswki\" style=\"text-align: justify;\"><strong>Ustawa <\/strong>z dnia 23 czerwca 2016 r.o zmianie ustawy o&nbsp;systemie o\u015bwiaty oraz niekt&oacute;rych innych ustaw (Dz. U. z&nbsp;2016 r., poz. 1010) &#8211; <strong>we<\/strong><strong>jdzie w&nbsp;<\/strong><strong>\u017cycie z&nbsp;<\/strong><strong>dniem<\/strong><strong>1&nbsp;wrze\u015bnia&nbsp;2016 r., z&nbsp;wyj\u0105tkiem:<\/strong><\/p>\n<p class=\"Tekstpraswki\" style=\"text-align: justify;\"><strong>1) art. 6, kt&oacute;ry wchodzi w&nbsp;\u017cycie z&nbsp;dniem nast\u0119puj\u0105cym po dniu og\u0142oszenia, z&nbsp;moc\u0105 od dnia 15 stycznia 2016 r.;<\/strong><\/p>\n<p class=\"Tekstpraswki\" style=\"text-align: justify;\"><strong>2) art. 1 pkt 60 lit. a&nbsp;i b, pkt 63 lit. a&nbsp;i b, art. 9 ust. 3 i&nbsp;art. 23, kt&oacute;re wchodz\u0105 w&nbsp;\u017cycie z&nbsp;dniem nast\u0119puj\u0105cym po dniu og\u0142oszenia;<\/strong><\/p>\n<p class=\"Tekstpraswki\" style=\"text-align: justify;\"><strong>3) art. 1 pkt 6, pkt 8 lit. b, pkt 16 lit. b i&nbsp;c, pkt 26 lit. b, pkt 27-29, pkt 31 lit. a, pkt 54, pkt 64, pkt 67, pkt 68, pkt 72-76, art. 11, art. 13, art. 14, art. 18, art.&nbsp;24-26, art. 29, art. 30 oraz art. 32 pkt 3, kt&oacute;re wchodz\u0105 w&nbsp;\u017cycie po up\u0142ywie 14 dni od dnia og\u0142oszenia;<\/strong><\/p>\n<p class=\"Tekstpraswki\" style=\"text-align: justify;\"><strong>4) art. 1 pkt 1 lit. c, pkt 4 lit. b, pkt 16 lit. a, pkt 53, pkt 60 lit. c, pkt 62, pkt 63 lit. c, pkt 66, pkt 69-71, pkt 77-79, art. 2 pkt 1, art. 3, art. 4, art. 5 pkt 4 lit. b, art. 7 pkt 1, art. 20 oraz art. 28, kt&oacute;re wchodz\u0105 w&nbsp;\u017cycie z&nbsp;dniem 1&nbsp;stycznia&nbsp;2017&nbsp;r.;<\/strong><\/p>\n<p class=\"Tekstpraswki\" style=\"text-align: justify;\"><strong>5) art. 1 pkt 1 lit. a, pkt 35 i&nbsp;pkt 38, kt&oacute;re wchodz\u0105 w&nbsp;\u017cycie z&nbsp;dniem 1&nbsp;wrze\u015bnia&nbsp;2018 r.<\/strong><\/p>\n<p class=\"Omwienie\" style=\"text-align: justify;\">W ustawie z&nbsp;dnia 7 wrze\u015bnia 1991 r. o&nbsp;systemie o\u015bwiaty (Dz. U. z&nbsp;2015 r. poz. 2156 oraz z&nbsp;2016 r. poz. 35, 64, 195 i&nbsp;668) zmianie ulegnie brzmienie art. 3, art. 5, art. 5a, art. 7, art. 7a, art. 7b, art. 9 ust. 1 pkt 1, art. 9a ust. 2 pkt 8, art. 10, art. 20h ust. 6, art. 20i ust. 2, art. 20l, art. 20zf pkt 2, art. 22ae, art. 22as ust. 1 pkt 4, art. 31 ust. 1, art. 36a, art. 44i ust. 7, art. 44q, art. 44za, art. 44zl ust. 1, art. 44zm, tytu\u0142 rozdzia\u0142u 3b, art.&nbsp;44zs, art. 44zt wprowadzenie do wyliczenia, art. 44zu, art. 44zv, art. 44zx, art. 44zy ust. 1 pkt 1, art. 44zza, art. 44zzq, art. 44zzr ust. 7, art. 44zzu ust. 3, art. 44zzz, art.&nbsp;44zzzt, art. 44zzzu ust. 2 cz\u0119\u015b\u0107 wsp&oacute;lna, art. 79a, art. 80, art. 82, art. 85, art. 86 ust. 3, art. 88, art. 90, art. 90s, art. 94a ust. 6 pkt 2, skre\u015bla si\u0119 u\u017cyty w&nbsp;art. 5a w&nbsp;ust.&nbsp;4&nbsp;w pkt 1, w&nbsp;art. 9 w&nbsp;ust. 3, w&nbsp;art. 9a w&nbsp;ust. 2 w&nbsp;pkt 1-5, 9 i&nbsp;10, w&nbsp;art. 9c w&nbsp;ust. 2 w&nbsp;pkt 1, 2, 5, w&nbsp;pkt 6 w&nbsp;lit. a&nbsp;i w&nbsp;pkt 11, w&nbsp;ust. 2b, w&nbsp;ust. 3 w&nbsp;pkt 1 i&nbsp;4, w&nbsp;ust. 5 w&nbsp;pkt 2 w&nbsp;lit. b ic, w&nbsp;ust. 9 i&nbsp;w ust. 11, w&nbsp;art. 9e w&nbsp;ust. 1 i&nbsp;3, w&nbsp;art. 44zzr w&nbsp;ust. 1-6, 8, w&nbsp;ust.&nbsp;10 we wprowadzeniu do wyliczenia i&nbsp;w pkt 4-6, w&nbsp;ust. 12, 13, 16 i&nbsp;17, w&nbsp;art.&nbsp;44zzs w&nbsp;ust. 1-3, w&nbsp;ust. 4 w&nbsp;pkt 1, w&nbsp;ust. 5 i&nbsp;6, w&nbsp;art. 44zzt, w&nbsp;art. 44zzv w&nbsp;cz\u0119\u015bci wsp&oacute;lnej, w&nbsp;art. 44zzy w&nbsp;ust. 7 i&nbsp;11 oraz w&nbsp;art. 44zzza we wprowadzeniu do wyliczenia, w&nbsp;pkt 1, 4, 10-12 i&nbsp;w cz\u0119\u015bci wsp&oacute;lnej, w&nbsp;r&oacute;\u017cnym przypadku, wyraz &#8220;sprawdzian,&rdquo;, skre\u015bla si\u0119 u\u017cyte w&nbsp;art. 9a w&nbsp;ust. 2 w&nbsp;pkt 5, w&nbsp;art. 9c w&nbsp;ust. 11, w&nbsp;art. 44zzs w&nbsp;ust. 3 i&nbsp;6 oraz w&nbsp;art. 44zzza w&nbsp;pkt 12 wyrazy &#8220;tego sprawdzianu i&#8221;, skre\u015bla si\u0119 u\u017cyte w&nbsp;art. 9a w&nbsp;ust. 2 w&nbsp;pkt 10 w&nbsp;lit. a&nbsp;w tiret pierwszym w&nbsp;podw&oacute;jnym tiret drugim, w&nbsp;art. 20t w&nbsp;ust. 2 w&nbsp;pkt 4 w&nbsp;lit. b, w&nbsp;art. 44zm w&nbsp;ust. 2, w&nbsp;art. 44zx w&nbsp;ust. 5, w&nbsp;art. 44zy w&nbsp;ust. 2 we wprowadzeniu do wyliczenia oraz w&nbsp;art. 44zzz w&nbsp;ust. 1 w&nbsp;pkt 5 i&nbsp;w ust. 6 w&nbsp;pkt 1 wyrazy &#8220;sprawdzianu lub&#8221;, w&nbsp;art. 9c w&nbsp;ust. 3 w&nbsp;pkt 1 skre\u015bla si\u0119 wyrazy &#8220;odpowiednio sprawdzianu lub&#8221;, dodany zostanie art. 9ca-9cc, art. 9e w&nbsp;ust. 3 skre\u015bla si\u0119 wyrazy &#8220;sprawdzianu lub danej cz\u0119\u015bci sprawdzianu, &#8220;, u\u017cyty w&nbsp;art. 11 w&nbsp;ust. 2 oraz w&nbsp;art. 32a w&nbsp;ust. 4, w&nbsp;r&oacute;\u017cnym przypadku, wyraz &#8220;legalizacja&#8221; zast\u0119puje si\u0119 u\u017cytym w&nbsp;odpowiednim przypadku wyrazem &#8220;uwierzytelnienie&#8221;, w&nbsp;art. 20t w&nbsp;ust. 2 w&nbsp;pkt 4 we wprowadzeniu do wyliczenia wyrazy &#8220;art. 20h ust. 1 pkt 1 i&nbsp;2, ust. 4 i&nbsp;6 pkt 1 i&nbsp;2, art. 20i ust. 1 i&nbsp;2 pkt 1&#8221;&nbsp;zast\u0119puje si\u0119 wyrazami &#8220;art. 20h ust. 1 pkt 1 i&nbsp;2, ust. 4 i&nbsp;6 pkt 2, art. 20i ust. 1&#8221;, w&nbsp;art. 20w w&nbsp;ust. 2 wyrazy &#8220;w przepisach wydanych na podstawie art. 20l&#8221; zast\u0119puje si\u0119 wyrazami &#8220;zgodnie z&nbsp;art. 20wa ust. 1 pkt 1, ust. 3 i&nbsp;6&#8221;, dodany zostanie art. 20wa, 20zca, w&nbsp;art. 22ak dodaje si\u0119 ust. 7, u\u017cyty w&nbsp;art. 22am w&nbsp;ust. 1 w&nbsp;pkt 1, w&nbsp;ust. 2 i&nbsp;3 oraz w&nbsp;art. 85b w&nbsp;ust. 8 i&nbsp;9, w&nbsp;r&oacute;\u017cnym przypadku, wyraz &#8220;urz\u0105dzenia&#8221; zast\u0119puje si\u0119 u\u017cytymi w&nbsp;odpowiednim przypadku wyrazami &#8220;urz\u0105dzenia, sprz\u0119t lub oprogramowanie&#8221;, skre\u015bla si\u0119 u\u017cyte w&nbsp;art. 44zd w&nbsp;ust. 6 we wprowadzeniu do wyliczenia, w&nbsp;pkt 1 i&nbsp;3 oraz w&nbsp;ust. 8, w&nbsp;art. 44ze w&nbsp;ust. 1 w&nbsp;pkt 1, w&nbsp;ust. 4, w&nbsp;ust. 5 w&nbsp;pkt 1 i&nbsp;2 oraz w&nbsp;ust. 6, w&nbsp;art.&nbsp;44zf w&nbsp;ust. 2, w&nbsp;art. 44zg w&nbsp;ust. 1, w&nbsp;art. 44zh, w&nbsp;art. 44zk w&nbsp;ust. 1, 3-6, 8 i&nbsp;9 oraz w&nbsp;art. 44zl w&nbsp;ust. 3 wyrazy &#8220;i pomaturalnej&#8221;, w&nbsp;art. 44zn w&nbsp;ust. 1 skre\u015bla si\u0119 wyrazy &#8220;lub pomaturalnej&#8221;, w&nbsp;art. 44zw w&nbsp;ust. 2 skre\u015bla si\u0119 wyrazy &#8220;sprawdzianu lub jego cz\u0119\u015bci oraz z&nbsp;obowi\u0105zku przyst\u0105pienia do&#8221;, skre\u015bla si\u0119 u\u017cyte w&nbsp;art. 44zx w&nbsp;ust. 3 i&nbsp;w art. 44zzv w&nbsp;cz\u0119\u015bci wsp&oacute;lnej, w&nbsp;r&oacute;\u017cnym przypadku, wyrazy &#8220;dana cz\u0119\u015b\u0107 sprawdzianu albo&#8221;, skre\u015bla si\u0119 u\u017cyte w&nbsp;art. 44zy w&nbsp;ust. 1 w&nbsp;pkt 3 i&nbsp;w ust. 2 w&nbsp;pkt 3 wyrazy &#8220;cz\u0119\u015bci pierwszej sprawdzianu albo&#8221;, skre\u015bla si\u0119 u\u017cyte w&nbsp;art. 44zz w&nbsp;ust. 1 w&nbsp;pkt 1 i&nbsp;w cz\u0119\u015bci wsp&oacute;lnej oraz w&nbsp;ust. 2 wyrazy &#8220;sprawdzianu lub danej cz\u0119\u015bci sprawdzianu albo&#8221;, skre\u015bla si\u0119 u\u017cyte w&nbsp;art.&nbsp;44zz w&nbsp;ust. 1 w&nbsp;pkt 2, w&nbsp;art. 44zzw w&nbsp;ust. 1 w&nbsp;cz\u0119\u015bci wsp&oacute;lnej, w&nbsp;ust. 2, w&nbsp;ust. 4 we wprowadzeniu do wyliczenia, w&nbsp;ust. 5, 9 i&nbsp;15 oraz w&nbsp;art. 44zzx, w&nbsp;r&oacute;\u017cnym przypadku, wyrazy &#8220;dana cz\u0119\u015b\u0107 sprawdzianu lub&#8221;, w&nbsp;art. 44zzg dotychczasow\u0105 tre\u015b\u0107 oznacza si\u0119 jako ust. 1 i&nbsp;dodaje si\u0119 ust. 2, w&nbsp;art. 44zzk uchyla si\u0119 ust. 4, w&nbsp;art. 44zzv w&nbsp;pkt 3 skre\u015bla si\u0119 wyrazy &#8220;odpowiedniej cz\u0119\u015bci sprawdzianu lub&#8221;, skre\u015bla si\u0119 u\u017cyte w&nbsp;art. 44zzy w&nbsp;ust. 1, 7, 8 i&nbsp;10 i&nbsp;w art. 44zzzw w&nbsp;pkt 1, w&nbsp;r&oacute;\u017cnym przypadku, wyrazy &#8220;dana cz\u0119\u015b\u0107 sprawdzianu,&#8221;, skre\u015bla si\u0119 u\u017cyte w&nbsp;art. 44zzy w&nbsp;ust. 1, 7 i&nbsp;8 wyrazy &#8220;sprawdzianu albo&#8221;, w&nbsp;art. 44zzza w&nbsp;pkt 10 skre\u015bla si\u0119 wyrazy &#8220;ka\u017cdej cz\u0119\u015bci sprawdzianu, &#8220;, w&nbsp;art. 44zzzo uchyla si\u0119 ust. 4, w&nbsp;art. 44zzzw w&nbsp;pkt 2 skre\u015bla si\u0119 wyrazy &#8220;lub turniej&oacute;w&#8221;, dodany zostanie art. 44zzzy, w&nbsp;art. 71b w&nbsp;ust. 3a dodaje si\u0119 zdanie drugie, w&nbsp;art. 71d dotychczasow\u0105 tre\u015b\u0107 oznacza si\u0119 jako ust. 1 i&nbsp;dodaje si\u0119 ust. 2, w&nbsp;rozdziale 7 dodaje si\u0119 art. 78a-78e, w&nbsp;art. 84 w&nbsp;ust.&nbsp;2 w&nbsp;pkt 7 w&nbsp;lit. c kropk\u0119 zast\u0119puje si\u0119 \u015brednikiem i&nbsp;dodaje si\u0119 pkt 8, dodany zostanie art. 89b-89d, w&nbsp;art. 90u w&nbsp;ust. 4 w&nbsp;pkt 2 skre\u015bla si\u0119 wyrazy &#8220;ze sprawdzianu,&#8221;, dodany zostanie art. 94aa.<\/p>\n<p class=\"Omwienie\" style=\"text-align: justify;\">W ustawie z&nbsp;dnia 26 stycznia 1982 r. &#8211; Karta Nauczyciela (Dz. U. z&nbsp;2014 r. poz. 191 i&nbsp;1198, z&nbsp;2015 r. poz. 357, 1268 i&nbsp;1418 oraz z&nbsp;2016 r. poz. 668) zmianie ulegnie brzmienie art. 6a ust. 6, w&nbsp;art. 42 w&nbsp;ust. 2b w&nbsp;pkt 2 wyrazy &#8220;sprawdzianu w&nbsp;ostatnim roku nauki w&nbsp;szkole podstawowej, egzaminu w&nbsp;ostatnim roku nauki w&nbsp;gimnazjum&#8221; zast\u0119puje si\u0119 wyrazami &#8220;egzaminu gimnazjalnego&#8221;.<\/p>\n<p class=\"Omwienie\" style=\"text-align: justify;\">W ustawie z&nbsp;dnia 26 lipca 1991 r. o&nbsp;podatku dochodowym od os&oacute;b fizycznych (Dz.&nbsp;U.&nbsp;z&nbsp;2012 r. poz. 361, z&nbsp;p&oacute;\u017an. zm.) zmianie ulegnie brzmienie art. 21.<\/p>\n<p class=\"Omwienie\" style=\"text-align: justify;\">W ustawie z&nbsp;dnia 27 lipca 2005 r. &#8211; Prawo o&nbsp;szkolnictwie wy\u017cszym (Dz. U. z&nbsp;2012 r. poz.&nbsp;572, z&nbsp;p&oacute;\u017an. zm.) w&nbsp;art. 169 dodaje si\u0119 ust. 2a.<\/p>\n<p class=\"Omwienie\" style=\"text-align: justify;\">W ustawie z&nbsp;dnia 15 kwietnia 2011 r. o&nbsp;systemie informacji o\u015bwiatowej (Dz. U. z&nbsp;2015 r. poz. 45, z&nbsp;p&oacute;\u017an. zm.) zmianie ulegnie brzmienie art. 14 pkt 3, art. 16, w&nbsp;art. 5 w&nbsp;ust. 1 wyrazy &#8220;ze zbioru danych osobowych PESEL, zwanego dalej &#8220;zbiorem PESEL&#8221;&#8221; zast\u0119puje si\u0119 wyrazami &#8220;z rejestru PESEL&#8221;, u\u017cyte w&nbsp;art. 5 w&nbsp;ust. 2 w&nbsp;pkt 3 i&nbsp;4 oraz w&nbsp;ust. 3, w&nbsp;art.&nbsp;52 w&nbsp;ust. 2-4, w&nbsp;art. 53 w&nbsp;pkt 1 w&nbsp;lit. a, w&nbsp;art. 55 w&nbsp;ust. 1 w&nbsp;pkt 1, w&nbsp;art. 56 w&nbsp;ust. 3, w&nbsp;art. 57 w&nbsp;ust. 1 w&nbsp;pkt 1, w&nbsp;art. 58 w&nbsp;ust. 1 w&nbsp;pkt 1, w&nbsp;art. 59 w&nbsp;pkt 1, w&nbsp;art. 65 w&nbsp;ust. 2 i&nbsp;3, w&nbsp;art. 67 oraz w&nbsp;art. 69 w&nbsp;ust. 3 w&nbsp;pkt 1 w&nbsp;lit. c wyrazy &#8220;ze zbioru PESEL&#8221; zast\u0119puje si\u0119 wyrazami &#8220;z rejestru PESEL&#8221;, u\u017cyte w&nbsp;art. 20 i&nbsp;w art. 42 w&nbsp;pkt 10 wyrazy &#8220;ze sprawdzianem, egzaminem gimnazjalnym&#8221; zast\u0119puje si\u0119 wyrazami &#8220;z&nbsp;egzaminem gimnazjalnym&#8221;; skre\u015bla si\u0119 u\u017cyty w&nbsp;art. 20 w&nbsp;pkt 1, w&nbsp;art. 30, w&nbsp;art. 31 w&nbsp;ust. 1 i&nbsp;w art. 55 wyraz &#8220;sprawdzianu, &#8220;, u\u017cyte w&nbsp;art. 26b w&nbsp;ust. 1, w&nbsp;art. 44 w&nbsp;ust.&nbsp;1,&nbsp;w art. 47 w&nbsp;ust. 1 oraz w&nbsp;art. 56 w&nbsp;ust. 1 i&nbsp;3 wyrazy &#8220;w zbiorze PESEL&#8221; zast\u0119puje si\u0119 wyrazami &#8220;w rejestrze PESEL&#8221;; w&nbsp;tytule rozdzia\u0142u 4 wyrazy &#8220;ze zbioru danych PESEL&#8221; zast\u0119puje si\u0119 wyrazami &#8220;z rejestru PESEL&#8221;, w&nbsp;art. 56 w&nbsp;ust. 2 wyrazy &#8220;do zbioru PESEL&#8221; zast\u0119puje si\u0119 wyrazami &#8220;do rejestru PESEL&#8221;.<\/p>\n<p class=\"Omwienie\" style=\"text-align: justify;\">W ustawie z&nbsp;dnia 22 grudnia 2015 r. o&nbsp;Zintegrowanym Systemie Kwalifikacji (Dz.&nbsp;U.&nbsp;z&nbsp;2016 r. poz. 64) zmianie ulegnie brzmienie art. 111 pkt 3.<\/p>\n<p class=\"Omwienie\" style=\"text-align: justify;\">W ustawie z&nbsp;dnia 29 grudnia 2015 r. o&nbsp;zmianie ustawy o&nbsp;systemie o\u015bwiaty oraz niekt&oacute;rych innych ustaw (Dz. U. z&nbsp;2016 r. poz. 35 i&nbsp;668) zmianie ulegnie brzmienie art.&nbsp;12.<\/p>\n<p>&nbsp;<\/p>\n<p class=\"Dziedzinaprawa\" style=\"text-align: justify;\"><strong>REJESTRY I&nbsp;EWIDENCJE<\/strong><\/p>\n<p class=\"Tekstpraswki\" style=\"text-align: justify;\"><strong>Rozporz\u0105dzenie<\/strong> Ministra Rolnictwa i&nbsp;Rozwoju Wsi z&nbsp;dnia 28 czerwca 2016 r. zmieniaj\u0105ce rozporz\u0105dzenie w&nbsp;sprawie warunk&oacute;w oraz trybu udost\u0119pniania danych przechowywanych w&nbsp;rejestrach i&nbsp;ewidencjach prowadzonych na podstawie odr\u0119bnych przepis&oacute;w (Dz. U. z&nbsp;2016 r., poz. 1003)<strong> &ndash; wejdzie w&nbsp;\u017cycie z&nbsp;dniem 26 lipca 2016 r.<\/strong><\/p>\n<p class=\"Omwienie\" style=\"text-align: justify;\">W rozporz\u0105dzeniu Ministra Rolnictwa i&nbsp;Rozwoju Wsi z&nbsp;dnia 21 stycznia 2004 r. w&nbsp;sprawie warunk&oacute;w oraz trybu udost\u0119pniania danych przechowywanych w&nbsp;rejestrach i&nbsp;ewidencjach prowadzonych na podstawie odr\u0119bnych przepis&oacute;w (Dz. U. poz. 90) zmianie ulegnie brzmienie &sect; 2, dodany zostanie &sect; 3a.<\/p>\n<p>&nbsp;<\/p>\n<p class=\"Dziedzinaprawa\" style=\"text-align: justify;\"><strong>UBEZPIECZENIA EKSPORTOWE<\/strong><\/p>\n<p class=\"Tekstpraswki\" style=\"text-align: justify;\"><strong>Rozporz\u0105dzenie<\/strong> Ministra Rozwoju z&nbsp;dnia 30 czerwca 2016 r. zmieniaj\u0105ce rozporz\u0105dzenie w&nbsp;sprawie sposobu przeprowadzania kontroli w&nbsp;Korporacji Ubezpiecze\u0144 Kredyt&oacute;w Eksportowych Sp&oacute;\u0142ka Akcyjna (Dz. U. z&nbsp;2016 r., poz. 1007)<strong> &ndash; wesz\u0142o w&nbsp;\u017cycie z&nbsp;dniem 12 lipca 2016 r.<\/strong><\/p>\n<p class=\"Omwienie\" style=\"text-align: justify;\">W rozporz\u0105dzeniu Ministra Finans&oacute;w z&nbsp;dnia 4 maja 2010 r. w&nbsp;sprawie sposobu przeprowadzania kontroli w&nbsp;Korporacji Ubezpiecze\u0144 Kredyt&oacute;w Eksportowych Sp&oacute;\u0142ka Akcyjna (Dz. U. poz. 533) zmianie uleg\u0142o brzmienie &sect; 1 ust. 1.<\/p>\n<p>&nbsp;<\/p>\n<p class=\"NowePrawo\" style=\"text-align: justify;\"><strong>_____Orzecznictwo<\/strong><\/p>\n<p class=\"SdNajwyszy\" style=\"text-align: justify;\"><strong>Trybuna\u0142 Konstytucyjny<\/strong><\/p>\n<p class=\"Dziedzinaprawa\" style=\"text-align: justify;\"><strong>ZASADY USTALANIA PODSTAWY WYMIARU ZASI\u0141KU CHOROBOWEGO<\/strong><\/p>\n<p class=\"Tekstpraswki\" style=\"text-align: justify;\">Trybuna\u0142 Konstytucyjny orzek\u0142, \u017ce art. 43 ustawy z&nbsp;25 czerwca 1999 r. o&nbsp;\u015bwiadczeniach pieni\u0119\u017cnych z&nbsp;ubezpieczenia spo\u0142ecznego w&nbsp;razie choroby i&nbsp;macierzy\u0144stwa, w&nbsp;cz\u0119\u015bci obejmuj\u0105cej s\u0142owa &bdquo;3 miesi\u0105ce kalendarzowe&rdquo;, jest zgodny z&nbsp;art. 32 ust. 1 w&nbsp;zwi\u0105zku z&nbsp;art. 67 ust. 1 konstytucji. Trybuna\u0142 Konstytucyjny stwierdzi\u0142, i\u017c wprowadzone w&nbsp;kwestionowanym przepisie zr&oacute;\u017cnicowanie podmiot&oacute;w podlegaj\u0105cych ubezpieczeniu nie jest nadmierne ani pozbawione racjonalnego uzasadnienia, a&nbsp;przez to mie\u015bci si\u0119 w&nbsp;granicach konstytucyjnie dopuszczalnego odst\u0119pstwa od zasady r&oacute;wno\u015bci <strong>&#8211; Wyrok Trybuna\u0142u Konstytucyjnego z&nbsp;dnia 12 lipca 2016 r., sygn. akt SK 40\/14.<\/strong><\/p>\n<p>&nbsp;<\/p>\n<p class=\"Dziedzinaprawa\" style=\"text-align: justify;\"><strong>ZASADY ROZPOZNAWANIA WNIOSK&Oacute;W, SKARG I&nbsp;PR&Oacute;\u015aB OS&Oacute;B OSADZONYCH WZAK\u0141ADACH KARNYCH I&nbsp;ARESZTACH \u015aLEDCZYCH<\/strong><\/p>\n<p class=\"Tekstpraswki\" style=\"text-align: justify;\">W ocenie Trybuna\u0142u, umo\u017cliwienie skazanym kierowania wyst\u0105pie\u0144 pozbawionych jakiegokolwiek uzasadnienia lub udokumentowania rodzi niebezpiecze\u0144stwo nadu\u017cywania tego prawa. To z&nbsp;kolei mo\u017ce prze\u0142o\u017cy\u0107 si\u0119 na nadmierny nap\u0142yw do organ&oacute;w wykonuj\u0105cych orzeczenie nieumotywowanych wniosk&oacute;w, skarg i&nbsp;pr&oacute;\u015bb, a&nbsp;przez to znaczne wyd\u0142u\u017cenie ich rozpoznawania wskutek konieczno\u015bci podejmowania wielu czynno\u015bci z&nbsp;urz\u0119du, kt&oacute;re nie s\u0105 w&nbsp;\u017caden spos&oacute;b ukierunkowane przez skazanego. St\u0105d mo\u017cna przyj\u0105\u0107, \u017ce wym&oacute;g uzasadnienia wyst\u0105pienia w&nbsp;stopniu umo\u017cliwiaj\u0105cym jego rozpoznanie zmierza do zwi\u0119kszenia sprawno\u015bci procedury rozpoznawania wniosk&oacute;w, skarg i&nbsp;pr&oacute;\u015bb, a&nbsp;przez to r&oacute;wnie\u017c do zagwarantowania sprawno\u015bci samego post\u0119powania wykonawczego. W&nbsp;ten spos&oacute;b sprzyja jednocze\u015bnie ochronie wolno\u015bci i&nbsp;praw innych os&oacute;b, w&nbsp;szczeg&oacute;lno\u015bci innych skazanych korzystaj\u0105cych z&nbsp;uprawnie\u0144 wynikaj\u0105cych z&nbsp;art. 6 &sect; 2 zdanie pierwsze kodeksu karnego wykonawczego. Trybuna\u0142 Konstytucyjny zauwa\u017cy\u0142 r&oacute;wnie\u017c, \u017ce rozstrzygni\u0119cie w&nbsp;przedmiocie pozostawienia wniosku, skargi czy pro\u015bby bez rozpoznania oznacza skierowanie do skazanego zawiadomienia o&nbsp;sposobie za\u0142atwienia jego wyst\u0105pienia. W&nbsp;szczeg&oacute;lno\u015bci zawiadomienie powinno obejmowa\u0107 uzasadnienie faktyczne i&nbsp;prawne, a&nbsp;wi\u0119c w&nbsp;wypadku rozstrzygni\u0119cia o&nbsp;pozostawieniu wyst\u0105pienia bez rozpoznania umo\u017cliwia ono zidentyfikowanie uchybie\u0144 pope\u0142nionych przez skazanego i&nbsp;pozwala na ich wyeliminowanie w&nbsp;przysz\u0142o\u015bci. Tym samym skazany mo\u017ce ponowi\u0107 wniosek, skarg\u0119 lub pro\u015bb\u0119, tym razem jednak o&nbsp;tre\u015bci zmodyfikowanej (uzupe\u0142nionej) stosownie do wskaza\u0144 zawartych w&nbsp;zawiadomieniu o&nbsp;pozostawieniu poprzedniego wyst\u0105pienia bez rozpoznania <strong>&#8211; Wyrok Trybuna\u0142u Konstytucyjnego z&nbsp;dnia 12&nbsp;lipca&nbsp;2016 r., sygn. akt K 28\/15.<\/strong><\/p>\n<p>&nbsp;<\/p>\n<p class=\"SdNajwyszy\" style=\"text-align: justify;\"><strong>S\u0105d Najwy\u017cszy<\/strong><\/p>\n<p class=\"Dziedzinaprawa\" style=\"text-align: justify;\"><strong>NABYCIE NIERUCHOMO\u015aCI STANOWI\u0104CEJ UPRZEDNIO W\u0141ASNO\u015a\u0106 GMINY \u017bYDOWSKIEJ<\/strong><\/p>\n<p class=\"Tekstpraswki\" style=\"text-align: justify;\">Nabycie przez Skarb Pa\u0144stwa na podstawie art. 34 ust. 1 dekretu z&nbsp;dnia 8 marca 1946 r. o&nbsp;maj\u0105tkach opuszczonych i&nbsp;poniemieckich (Dz.U. Nr 13, poz. 87 ze zm.) nieruchomo\u015bci stanowi\u0105cej w&nbsp;dniu 1 wrze\u015bnia 1939 r. w\u0142asno\u015b\u0107 gminy \u017cydowskiej nie wy\u0142\u0105cza mo\u017cliwo\u015bci uznania tej nieruchomo\u015bci za przej\u0119t\u0105 przez Pa\u0144stwo w&nbsp;rozumieniu art. 30 ust. 1 ustawy z&nbsp;dnia 20 lutego 1997 r. o&nbsp;stosunku Pa\u0144stwa do gmin wyznaniowych \u017cydowskich w&nbsp;Rzeczypospolitej Polskiej (jedn. tekst: Dz.U. z&nbsp;2014 r., poz. 1798) <strong>&ndash; Uchwa\u0142a S\u0105du Najwy\u017cszego z&nbsp;dnia 22 czerwca 2016 r., sygn. akt III CZP 28\/16.<\/strong><\/p>\n<p>&nbsp;<\/p>\n<p class=\"Dziedzinaprawa\" style=\"text-align: justify;\"><strong>UP\u0141YW OZNACZONEGO W&nbsp;UMOWIE CZASU TRWANIA POR\u0118CZENIA<\/strong><\/p>\n<p class=\"Tekstpraswki\" style=\"text-align: justify;\">Up\u0142yw oznaczonego w&nbsp;umowie czasu trwania por\u0119czenia nie wy\u0142\u0105cza obowi\u0105zku por\u0119czyciela zaspokojenia roszczenia, kt&oacute;rego wierzyciel dochodzi przed s\u0105dem, je\u017celi pow&oacute;dztwo zosta\u0142o wytoczone przed up\u0142ywem tego terminu <strong>&ndash; Uchwa\u0142a S\u0105du Najwy\u017cszego z&nbsp;dnia 22 czerwca 2016 r., sygn. akt III CZP 19\/16.<\/strong><\/p>\n<p>&nbsp;<\/p>\n<p class=\"Dziedzinaprawa\" style=\"text-align: justify;\"><strong>\u017b\u0104DANIE USTANOWIENIA S\u0141U\u017bEBNO\u015aCI DROGI KONIECZNEJ NA NIERUCHOMO\u015aCI ODDANEJ W&nbsp;U\u017bYTKOWANIE WIECZYSTE<\/strong><\/p>\n<p class=\"Tekstpraswki\" style=\"text-align: justify;\">S\u0105d nie jest zwi\u0105zany \u017c\u0105daniem wnioskodawcy ustanowienia s\u0142u\u017cebno\u015bci drogi koniecznej na nieruchomo\u015bci oddanej w&nbsp;u\u017cytkowanie wieczyste, je\u017celi uczestnik post\u0119powania wni&oacute;s\u0142 o&nbsp;ustanowienie tej s\u0142u\u017cebno\u015bci na prawie u\u017cytkowania wieczystego <strong>&ndash; Uchwa\u0142a S\u0105du Najwy\u017cszego z&nbsp;dnia 29 czerwca 2016 r., sygn. akt III CZP 31\/16.<\/strong><\/p>\n<p>&nbsp;<\/p>\n<p class=\"Dziedzinaprawa\" style=\"text-align: justify;\"><strong>PRZERWA BIEGU PRZEDAWNIENIA SPOWODOWANA WSZCZ\u0118CIEM POST\u0118POWANIA EGZEKUCYJNEGO<\/strong><\/p>\n<p class=\"Tekstpraswki\" style=\"text-align: justify;\">Nabywca wierzytelno\u015bci nieb\u0119d\u0105cy bankiem nie mo\u017ce powo\u0142ywa\u0107 si\u0119 na przerw\u0119 biegu przedawnienia spowodowan\u0105 wszcz\u0119ciem post\u0119powania egzekucyjnego na podstawie bankowego tytu\u0142u egzekucyjnego zaopatrzonego w&nbsp;klauzul\u0119 wykonalno\u015bci (art.&nbsp;123&nbsp;&sect;&nbsp;1&nbsp;pkt 2 k.c.) <strong>&ndash; Uchwa\u0142a S\u0105du Najwy\u017cszego z&nbsp;dnia 29 czerwca 2016 r., sygn. akt III CZP 29\/16.<\/strong><\/p>\n<p>&nbsp;<\/p>\n<p class=\"Dziedzinaprawa\" style=\"text-align: justify;\"><strong>KOSZTY PRZEJAZDU DO S\u0104DU PE\u0141NOMOCNIKA B\u0118D\u0104CEGO ADWOKATEM LUBRADC\u0104 PRAWNYM<\/strong><\/p>\n<p class=\"Tekstpraswki\" style=\"text-align: justify;\">Kosztami przejazdu do s\u0105du pe\u0142nomocnika b\u0119d\u0105cego adwokatem lub radc\u0105 prawnym &#8211; je\u017celi ich poniesienie by\u0142o niezb\u0119dne i&nbsp;celowe w&nbsp;rozumieniu art. 98 &sect; 1 k.p.c. &#8211; s\u0105 koszty rzeczywi\u015bcie poniesione <strong>&ndash; Uchwa\u0142a S\u0105du Najwy\u017cszego z&nbsp;dnia 29 czerwca 2016 r., sygn. akt III CZP 26\/16.<\/strong><\/p>\n<p>&nbsp;<\/p>\n<p class=\"Dziedzinaprawa\" style=\"text-align: justify;\"><strong>POW&Oacute;DZTWO O&nbsp;PRZYWR&Oacute;CENIE POSIADANIA RZECZY<\/strong><\/p>\n<p class=\"Tekstpraswki\" style=\"text-align: justify;\">Pow&oacute;dztwo o&nbsp;przywr&oacute;cenie posiadania rzeczy nie mo\u017ce by\u0107 skutecznie dochodzone przeciwko osobie, kt&oacute;ra naruszy\u0142a posiadanie rzeczy, je\u017celi w&nbsp;toku sprawy przenios\u0142a posiadanie tej rzeczy na inn\u0105 osob\u0119 <strong>&ndash; Uchwa\u0142a S\u0105du Najwy\u017cszego z&nbsp;dnia 29&nbsp;czerwca 2016 r., sygn. akt III CZP 25\/16.<\/strong><\/p>\n<p>&nbsp;<\/p>\n<p class=\"Dziedzinaprawa\" style=\"text-align: justify;\"><strong>WYDANIE PRZEZ S\u0104D ZEZWOLENIA NA EKSHUMACJ\u0118 ZW\u0141OK LUB SZCZ\u0104TK&Oacute;W LUDZKICH<\/strong><\/p>\n<p class=\"Tekstpraswki\" style=\"text-align: justify;\">Zarz\u0105dca cmentarza nie mo\u017ce na podstawie art. 15 ust. 1 pkt 2 ustawy z&nbsp;dnia 31&nbsp;stycznia 1959 r. o&nbsp;cmentarzach i&nbsp;chowaniu zmar\u0142ych (jedn. tekst: Dz.U. z&nbsp;2015 r., poz. 2126) domaga\u0107 si\u0119 skutecznie wydania przez s\u0105d zezwolenia na ekshumacj\u0119 zw\u0142ok lub szcz\u0105tk&oacute;w ludzkich <strong>&ndash; Uchwa\u0142a S\u0105du Najwy\u017cszego z&nbsp;dnia 29 czerwca 2016 r., sygn. akt III CZP 24\/16.<\/strong><\/p>\n<p>&nbsp;<\/p>\n<p class=\"Dziedzinaprawa\" style=\"text-align: justify;\"><strong>UCHWA\u0141A S\u0104DU NAJWY\u017bSZEGO &#8211; S\u0104DU DYSCYPLINARNEGO<\/strong><\/p>\n<p class=\"Tekstpraswki\" style=\"text-align: justify;\">S\u0105d Najwy\u017cszy &#8211; S\u0105d Dyscyplinarny w&nbsp;sprawie A. C. s\u0119dziego S\u0105du Rejonowego po rozpoznaniu na posiedzeniu w&nbsp;dniu 6 lipca 2016 r., za\u017calenia, wniesionego przez prokuratora na uchwa\u0142\u0119 S\u0105du Apelacyjnego &#8211; S\u0105du Dyscyplinarnego z&nbsp;dnia 11&nbsp;kwietnia&nbsp;2016 r., w&nbsp;przedmiocie zezwolenia na poci\u0105gni\u0119cie s\u0119dziego do odpowiedzialno\u015bci karnej uchwali\u0142 utrzyma\u0107 w&nbsp;mocy zaskar\u017con\u0105 uchwa\u0142\u0119 oraz na podstawie art. 98 &sect; 2 k.p.k. w&nbsp;zw. z&nbsp;art. 128 u. s. p. odroczy\u0107 sporz\u0105dzenie uzasadnienia uchwa\u0142y do dnia 7 lipca 2016 r. <strong>&ndash; Uchwa\u0142a S\u0105du Najwy\u017cszego z&nbsp;dnia 6 lipca 2016 r., sygn. akt SNO 26\/16.<\/strong><\/p>\n<p>&nbsp;<\/p>\n<p class=\"Dziedzinaprawa\" style=\"text-align: justify;\"><strong>UCHWA\u0141A S\u0104DU NAJWY\u017bSZEGO &#8211; S\u0104DU DYSCYPLINARNEGO<\/strong><\/p>\n<p class=\"Tekstpraswki\" style=\"text-align: justify;\">S\u0105d Najwy\u017cszy &#8211; S\u0105d Dyscyplinarny w&nbsp;sprawie s\u0119dziego S\u0105du Rejonowego K. O., po rozpoznaniu na posiedzeniu, w&nbsp;dniu 6 lipca 2016 r., za\u017calenia pe\u0142nomocnika oskar\u017cyciela prywatnego M. K., na uchwa\u0142\u0119 S\u0105du Apelacyjnego &#8211; S\u0105du Dyscyplinarnego, z&nbsp;dnia 7&nbsp;marca 2016 r., w&nbsp;przedmiocie odmowy zezwolenia na poci\u0105gni\u0119cie do odpowiedzialno\u015bci karnej, uchwali\u0142: utrzyma\u0107 w&nbsp;mocy zaskar\u017con\u0105 uchwa\u0142\u0119<strong> &ndash; Uchwa\u0142a S\u0105du Najwy\u017cszego z&nbsp;dnia 6 lipca 2016 r., sygn. akt SNO 25\/16.<\/strong><\/p>\n<p>&nbsp;<\/p>\n<p class=\"Dziedzinaprawa\" style=\"text-align: justify;\"><strong>BRAK MO\u017bLIWO\u015aCI PODWY\u017bSZENIA OP\u0141ATY EGZEKUCYJNEJ O&nbsp;STAWK\u0118 PODATKU OD TOWAR&Oacute;W I&nbsp;US\u0141UG<\/strong><\/p>\n<p class=\"Tekstpraswki\" style=\"text-align: justify;\">Komornik s\u0105dowy, okre\u015blaj\u0105c wysoko\u015b\u0107 koszt&oacute;w post\u0119powania egzekucyjnego, nie mo\u017ce podwy\u017cszy\u0107 op\u0142aty egzekucyjnej, ustalonej na podstawie art. 49 ust. 1 i&nbsp;2 ustawy z&nbsp;dnia 29 sierpnia 1997 r. o&nbsp;komornikach s\u0105dowych i&nbsp;egzekucji (tekst jedn.: Dz. U. z&nbsp;2015 r. poz. 790 z&nbsp;p&oacute;\u017an. zm.), o&nbsp;stawk\u0119 podatku od towar&oacute;w i&nbsp;us\u0142ug<strong> &ndash; Uchwa\u0142a S\u0105du Najwy\u017cszego z&nbsp;dnia 7 lipca 2016 r., sygn. akt III CZP 34\/16.<\/strong><\/p>\n<p>&nbsp;<\/p>\n<p class=\"Dziedzinaprawa\" style=\"text-align: justify;\"><strong>ZBYCIE NIERUCHOMO\u015aCI NA PODSTAWIE USTAWY O&nbsp;PLANOWANIU IZAGOSPODAROWANIU PRZESTRZENNYM<\/strong><\/p>\n<p class=\"Tekstpraswki\" style=\"text-align: justify;\">Zbycie nieruchomo\u015bci, o&nbsp;kt&oacute;rym mowa w&nbsp;art. 36 ust. 3 ustawy z&nbsp;dnia 27 marca 2003 r. o&nbsp;planowaniu i&nbsp;zagospodarowaniu przestrzennym (jedn. tekst: Dz.U. z&nbsp;2016 r., poz.&nbsp;778), nie obejmuje utraty prawa w\u0142asno\u015bci dzia\u0142ek gruntu wydzielonych pod drogi publiczne na podstawie art. 98 ust. 1 ustawy z&nbsp;dnia 21 sierpnia 1997 r. o&nbsp;gospodarce nieruchomo\u015bciami (jedn. tekst: Dz.U. z&nbsp;2015 r., poz. 1774 ze zm.) <strong>&ndash; Uchwa\u0142a S\u0105du Najwy\u017cszego z&nbsp;dnia 7 lipca 2016 r., sygn. akt III CZP 33\/16.<\/strong><\/p>\n<p>&nbsp;<\/p>\n<p class=\"Dziedzinaprawa\" style=\"text-align: justify;\"><strong>POST\u0118POWANIE ADMINISTRACYJNE O&nbsp;USTANOWIENIE PRAWA U\u017bYTKOWANIA WIECZYSTEGO<\/strong><\/p>\n<p class=\"Tekstpraswki\" style=\"text-align: justify;\">Post\u0119powanie administracyjne o&nbsp;ustanowienie prawa u\u017cytkowania wieczystego, tocz\u0105ce si\u0119 po stwierdzeniu niewa\u017cno\u015bci decyzji odmawiaj\u0105cej ustanowienia w\u0142asno\u015bci czasowej nieruchomo\u015bci obj\u0119tej dekretem z&nbsp;dnia 26 pa\u017adziernika 1945 r. o&nbsp;w\u0142asno\u015bci i&nbsp;u\u017cytkowaniu grunt&oacute;w na obszarze m.st. Warszawy (Dz.U. Nr 50, poz. 279), nie przerywa biegu przedawnienia roszczenia o&nbsp;naprawienie szkody spowodowanej nieustanowieniem tego prawa uniewa\u017cnion\u0105 decyzj\u0105 (art. 123 &sect; 1 pkt 1 k.c.) <strong>&ndash; Uchwa\u0142a S\u0105du Najwy\u017cszego z&nbsp;dnia 13 lipca 2016 r., sygn. akt III CZP 14\/16.<\/strong><\/p>\n<p>&nbsp;<\/p>\n<p class=\"Dziedzinaprawa\" style=\"text-align: justify;\"><strong>WK\u0141AD WNIESIONY DO SP&Oacute;\u0141KI Z&nbsp;OGRANICZON\u0104 ODPOWIEDZIALNO\u015aCI\u0104 NALE\u017b\u0104CY DO MAJ\u0104TKU WSP&Oacute;LNEGO WSP&Oacute;LNIKA I&nbsp;JEGO MA\u0141\u017bONKA<\/strong><\/p>\n<p class=\"Tekstpraswki\" style=\"text-align: justify;\">Je\u017celi wk\u0142ad wniesiony do sp&oacute;\u0142ki z&nbsp;ograniczon\u0105 odpowiedzialno\u015bci\u0105 nale\u017cy do maj\u0105tku wsp&oacute;lnego wsp&oacute;lnika i&nbsp;jego ma\u0142\u017conka, r&oacute;wnie\u017c udzia\u0142 w&nbsp;sp&oacute;\u0142ce obj\u0119ty przez wsp&oacute;lnika wchodzi w&nbsp;sk\u0142ad tego maj\u0105tku <strong>&ndash; Uchwa\u0142a S\u0105du Najwy\u017cszego z&nbsp;dnia 7 lipca 2016 r., sygn. akt III CZP 32\/16.<\/strong><\/p>\n","protected":false},"excerpt":{"rendered":"<p>We would like to present the next issue of legal bulletin of the Law Office of Adam Polowiec.What you will find here is some information about the new provisions of law and the projects of amendments to acts, but also case-laws including the case laws of Supreme Court, Constitutional Tribunal and European Court of Justice.<\/p>\n","protected":false},"author":3,"featured_media":0,"comment_status":"closed","ping_status":"closed","sticky":false,"template":"","format":"standard","meta":{"footnotes":""},"categories":[],"tags":[],"class_list":["post-670","post","type-post","status-publish","format-standard","hentry"],"featured_image_src":{"landsacpe":false,"list":false,"medium":false,"full":false},"yoast_head":"<!-- This site is optimized with the Yoast SEO plugin v27.2 - https:\/\/yoast.com\/product\/yoast-seo-wordpress\/ -->\n<title>Legal Bulletin Of The Law Office Of Adam Polowiec (11 - 17 July 2016) - Polowiec i Wsp\u00f3lnicy - Kancelaria prawna<\/title>\n<meta name=\"robots\" content=\"index, follow, max-snippet:-1, max-image-preview:large, max-video-preview:-1\" \/>\n<link rel=\"canonical\" href=\"https:\/\/polowiec.pl\/en\/legal-bulletin-of-the-law-office-of-adam-polowiec-11-17-july-2016\/\" \/>\n<meta property=\"og:locale\" content=\"en_US\" \/>\n<meta property=\"og:type\" content=\"article\" \/>\n<meta property=\"og:title\" content=\"Legal Bulletin Of The Law Office Of Adam Polowiec (11 - 17 July 2016) - Polowiec i Wsp\u00f3lnicy - Kancelaria prawna\" \/>\n<meta property=\"og:description\" content=\"We would like to present the next issue of legal bulletin of the Law Office of Adam Polowiec.What you will find here is some information about the new provisions of law and the projects of amendments to acts, but also case-laws including the case laws of Supreme Court, Constitutional Tribunal and European Court of Justice.\" \/>\n<meta property=\"og:url\" content=\"https:\/\/polowiec.pl\/en\/legal-bulletin-of-the-law-office-of-adam-polowiec-11-17-july-2016\/\" \/>\n<meta property=\"og:site_name\" content=\"Polowiec i Wsp\u00f3lnicy - Kancelaria prawna\" \/>\n<meta property=\"article:publisher\" content=\"https:\/\/www.facebook.com\/polowieciwspolnicy\/\" \/>\n<meta property=\"article:published_time\" content=\"2016-08-03T10:23:09+00:00\" \/>\n<meta property=\"article:modified_time\" content=\"2019-04-18T14:34:31+00:00\" \/>\n<meta name=\"author\" content=\"Marcin Rusinek\" \/>\n<meta name=\"twitter:card\" content=\"summary_large_image\" \/>\n<meta name=\"twitter:label1\" content=\"Written by\" \/>\n\t<meta name=\"twitter:data1\" content=\"Marcin Rusinek\" \/>\n\t<meta name=\"twitter:label2\" content=\"Est. reading time\" \/>\n\t<meta name=\"twitter:data2\" content=\"23 minutes\" \/>\n<script type=\"application\/ld+json\" class=\"yoast-schema-graph\">{\"@context\":\"https:\/\/schema.org\",\"@graph\":[{\"@type\":\"Article\",\"@id\":\"https:\/\/polowiec.pl\/en\/legal-bulletin-of-the-law-office-of-adam-polowiec-11-17-july-2016\/#article\",\"isPartOf\":{\"@id\":\"https:\/\/polowiec.pl\/en\/legal-bulletin-of-the-law-office-of-adam-polowiec-11-17-july-2016\/\"},\"author\":{\"name\":\"Marcin Rusinek\",\"@id\":\"https:\/\/polowiec.pl\/en\/#\/schema\/person\/74c7526b6f52be5ae94031504f9ffec4\"},\"headline\":\"Legal Bulletin Of The Law Office Of Adam Polowiec (11 &#8211; 17 July 2016)\",\"datePublished\":\"2016-08-03T10:23:09+00:00\",\"dateModified\":\"2019-04-18T14:34:31+00:00\",\"mainEntityOfPage\":{\"@id\":\"https:\/\/polowiec.pl\/en\/legal-bulletin-of-the-law-office-of-adam-polowiec-11-17-july-2016\/\"},\"wordCount\":4692,\"publisher\":{\"@id\":\"https:\/\/polowiec.pl\/en\/#organization\"},\"inLanguage\":\"en-US\"},{\"@type\":\"WebPage\",\"@id\":\"https:\/\/polowiec.pl\/en\/legal-bulletin-of-the-law-office-of-adam-polowiec-11-17-july-2016\/\",\"url\":\"https:\/\/polowiec.pl\/en\/legal-bulletin-of-the-law-office-of-adam-polowiec-11-17-july-2016\/\",\"name\":\"Legal Bulletin Of The Law Office Of Adam Polowiec (11 - 17 July 2016) - Polowiec i Wsp\u00f3lnicy - Kancelaria prawna\",\"isPartOf\":{\"@id\":\"https:\/\/polowiec.pl\/en\/#website\"},\"datePublished\":\"2016-08-03T10:23:09+00:00\",\"dateModified\":\"2019-04-18T14:34:31+00:00\",\"breadcrumb\":{\"@id\":\"https:\/\/polowiec.pl\/en\/legal-bulletin-of-the-law-office-of-adam-polowiec-11-17-july-2016\/#breadcrumb\"},\"inLanguage\":\"en-US\",\"potentialAction\":[{\"@type\":\"ReadAction\",\"target\":[\"https:\/\/polowiec.pl\/en\/legal-bulletin-of-the-law-office-of-adam-polowiec-11-17-july-2016\/\"]}]},{\"@type\":\"BreadcrumbList\",\"@id\":\"https:\/\/polowiec.pl\/en\/legal-bulletin-of-the-law-office-of-adam-polowiec-11-17-july-2016\/#breadcrumb\",\"itemListElement\":[{\"@type\":\"ListItem\",\"position\":1,\"name\":\"Strona g\u0142\u00f3wna\",\"item\":\"https:\/\/polowiec.pl\/en\/\"},{\"@type\":\"ListItem\",\"position\":2,\"name\":\"Legal Bulletin Of The Law Office Of Adam Polowiec (11 &#8211; 17 July 2016)\"}]},{\"@type\":\"WebSite\",\"@id\":\"https:\/\/polowiec.pl\/en\/#website\",\"url\":\"https:\/\/polowiec.pl\/en\/\",\"name\":\"Polowiec i Wsp\u00f3lnicy - Kancelaria prawna\",\"description\":\"Obs\u0142uga prawna\",\"publisher\":{\"@id\":\"https:\/\/polowiec.pl\/en\/#organization\"},\"potentialAction\":[{\"@type\":\"SearchAction\",\"target\":{\"@type\":\"EntryPoint\",\"urlTemplate\":\"https:\/\/polowiec.pl\/en\/?s={search_term_string}\"},\"query-input\":{\"@type\":\"PropertyValueSpecification\",\"valueRequired\":true,\"valueName\":\"search_term_string\"}}],\"inLanguage\":\"en-US\"},{\"@type\":\"Organization\",\"@id\":\"https:\/\/polowiec.pl\/en\/#organization\",\"name\":\"Polowiec i Wsp\u00f3lnicy - Kancelaria prawna\",\"url\":\"https:\/\/polowiec.pl\/en\/\",\"logo\":{\"@type\":\"ImageObject\",\"inLanguage\":\"en-US\",\"@id\":\"https:\/\/polowiec.pl\/en\/#\/schema\/logo\/image\/\",\"url\":\"https:\/\/polowiec.pl\/wp-content\/uploads\/2018\/10\/polowiec_logo2-1.png\",\"contentUrl\":\"https:\/\/polowiec.pl\/wp-content\/uploads\/2018\/10\/polowiec_logo2-1.png\",\"width\":540,\"height\":381,\"caption\":\"Polowiec i Wsp\u00f3lnicy - Kancelaria prawna\"},\"image\":{\"@id\":\"https:\/\/polowiec.pl\/en\/#\/schema\/logo\/image\/\"},\"sameAs\":[\"https:\/\/www.facebook.com\/polowieciwspolnicy\/\",\"https:\/\/www.linkedin.com\/company\/polowiec-i-wsplnicy-sp.j.\/about\/\"]},{\"@type\":\"Person\",\"@id\":\"https:\/\/polowiec.pl\/en\/#\/schema\/person\/74c7526b6f52be5ae94031504f9ffec4\",\"name\":\"Marcin Rusinek\",\"image\":{\"@type\":\"ImageObject\",\"inLanguage\":\"en-US\",\"@id\":\"https:\/\/secure.gravatar.com\/avatar\/b50a0a5c3e71d904f5e57a757d39977d01c43e075c6bf5b4df909ffbbe004790?s=96&d=mm&r=g\",\"url\":\"https:\/\/secure.gravatar.com\/avatar\/b50a0a5c3e71d904f5e57a757d39977d01c43e075c6bf5b4df909ffbbe004790?s=96&d=mm&r=g\",\"contentUrl\":\"https:\/\/secure.gravatar.com\/avatar\/b50a0a5c3e71d904f5e57a757d39977d01c43e075c6bf5b4df909ffbbe004790?s=96&d=mm&r=g\",\"caption\":\"Marcin Rusinek\"}}]}<\/script>\n<!-- \/ Yoast SEO plugin. -->","yoast_head_json":{"title":"Legal Bulletin Of The Law Office Of Adam Polowiec (11 - 17 July 2016) - Polowiec i Wsp\u00f3lnicy - Kancelaria prawna","robots":{"index":"index","follow":"follow","max-snippet":"max-snippet:-1","max-image-preview":"max-image-preview:large","max-video-preview":"max-video-preview:-1"},"canonical":"https:\/\/polowiec.pl\/en\/legal-bulletin-of-the-law-office-of-adam-polowiec-11-17-july-2016\/","og_locale":"en_US","og_type":"article","og_title":"Legal Bulletin Of The Law Office Of Adam Polowiec (11 - 17 July 2016) - Polowiec i Wsp\u00f3lnicy - Kancelaria prawna","og_description":"We would like to present the next issue of legal bulletin of the Law Office of Adam Polowiec.What you will find here is some information about the new provisions of law and the projects of amendments to acts, but also case-laws including the case laws of Supreme Court, Constitutional Tribunal and European Court of Justice.","og_url":"https:\/\/polowiec.pl\/en\/legal-bulletin-of-the-law-office-of-adam-polowiec-11-17-july-2016\/","og_site_name":"Polowiec i Wsp\u00f3lnicy - Kancelaria prawna","article_publisher":"https:\/\/www.facebook.com\/polowieciwspolnicy\/","article_published_time":"2016-08-03T10:23:09+00:00","article_modified_time":"2019-04-18T14:34:31+00:00","author":"Marcin Rusinek","twitter_card":"summary_large_image","twitter_misc":{"Written by":"Marcin Rusinek","Est. reading time":"23 minutes"},"schema":{"@context":"https:\/\/schema.org","@graph":[{"@type":"Article","@id":"https:\/\/polowiec.pl\/en\/legal-bulletin-of-the-law-office-of-adam-polowiec-11-17-july-2016\/#article","isPartOf":{"@id":"https:\/\/polowiec.pl\/en\/legal-bulletin-of-the-law-office-of-adam-polowiec-11-17-july-2016\/"},"author":{"name":"Marcin Rusinek","@id":"https:\/\/polowiec.pl\/en\/#\/schema\/person\/74c7526b6f52be5ae94031504f9ffec4"},"headline":"Legal Bulletin Of The Law Office Of Adam Polowiec (11 &#8211; 17 July 2016)","datePublished":"2016-08-03T10:23:09+00:00","dateModified":"2019-04-18T14:34:31+00:00","mainEntityOfPage":{"@id":"https:\/\/polowiec.pl\/en\/legal-bulletin-of-the-law-office-of-adam-polowiec-11-17-july-2016\/"},"wordCount":4692,"publisher":{"@id":"https:\/\/polowiec.pl\/en\/#organization"},"inLanguage":"en-US"},{"@type":"WebPage","@id":"https:\/\/polowiec.pl\/en\/legal-bulletin-of-the-law-office-of-adam-polowiec-11-17-july-2016\/","url":"https:\/\/polowiec.pl\/en\/legal-bulletin-of-the-law-office-of-adam-polowiec-11-17-july-2016\/","name":"Legal Bulletin Of The Law Office Of Adam Polowiec (11 - 17 July 2016) - Polowiec i Wsp\u00f3lnicy - Kancelaria prawna","isPartOf":{"@id":"https:\/\/polowiec.pl\/en\/#website"},"datePublished":"2016-08-03T10:23:09+00:00","dateModified":"2019-04-18T14:34:31+00:00","breadcrumb":{"@id":"https:\/\/polowiec.pl\/en\/legal-bulletin-of-the-law-office-of-adam-polowiec-11-17-july-2016\/#breadcrumb"},"inLanguage":"en-US","potentialAction":[{"@type":"ReadAction","target":["https:\/\/polowiec.pl\/en\/legal-bulletin-of-the-law-office-of-adam-polowiec-11-17-july-2016\/"]}]},{"@type":"BreadcrumbList","@id":"https:\/\/polowiec.pl\/en\/legal-bulletin-of-the-law-office-of-adam-polowiec-11-17-july-2016\/#breadcrumb","itemListElement":[{"@type":"ListItem","position":1,"name":"Strona g\u0142\u00f3wna","item":"https:\/\/polowiec.pl\/en\/"},{"@type":"ListItem","position":2,"name":"Legal Bulletin Of The Law Office Of Adam Polowiec (11 &#8211; 17 July 2016)"}]},{"@type":"WebSite","@id":"https:\/\/polowiec.pl\/en\/#website","url":"https:\/\/polowiec.pl\/en\/","name":"Polowiec i Wsp\u00f3lnicy - Kancelaria prawna","description":"Obs\u0142uga prawna","publisher":{"@id":"https:\/\/polowiec.pl\/en\/#organization"},"potentialAction":[{"@type":"SearchAction","target":{"@type":"EntryPoint","urlTemplate":"https:\/\/polowiec.pl\/en\/?s={search_term_string}"},"query-input":{"@type":"PropertyValueSpecification","valueRequired":true,"valueName":"search_term_string"}}],"inLanguage":"en-US"},{"@type":"Organization","@id":"https:\/\/polowiec.pl\/en\/#organization","name":"Polowiec i Wsp\u00f3lnicy - Kancelaria prawna","url":"https:\/\/polowiec.pl\/en\/","logo":{"@type":"ImageObject","inLanguage":"en-US","@id":"https:\/\/polowiec.pl\/en\/#\/schema\/logo\/image\/","url":"https:\/\/polowiec.pl\/wp-content\/uploads\/2018\/10\/polowiec_logo2-1.png","contentUrl":"https:\/\/polowiec.pl\/wp-content\/uploads\/2018\/10\/polowiec_logo2-1.png","width":540,"height":381,"caption":"Polowiec i Wsp\u00f3lnicy - Kancelaria prawna"},"image":{"@id":"https:\/\/polowiec.pl\/en\/#\/schema\/logo\/image\/"},"sameAs":["https:\/\/www.facebook.com\/polowieciwspolnicy\/","https:\/\/www.linkedin.com\/company\/polowiec-i-wsplnicy-sp.j.\/about\/"]},{"@type":"Person","@id":"https:\/\/polowiec.pl\/en\/#\/schema\/person\/74c7526b6f52be5ae94031504f9ffec4","name":"Marcin Rusinek","image":{"@type":"ImageObject","inLanguage":"en-US","@id":"https:\/\/secure.gravatar.com\/avatar\/b50a0a5c3e71d904f5e57a757d39977d01c43e075c6bf5b4df909ffbbe004790?s=96&d=mm&r=g","url":"https:\/\/secure.gravatar.com\/avatar\/b50a0a5c3e71d904f5e57a757d39977d01c43e075c6bf5b4df909ffbbe004790?s=96&d=mm&r=g","contentUrl":"https:\/\/secure.gravatar.com\/avatar\/b50a0a5c3e71d904f5e57a757d39977d01c43e075c6bf5b4df909ffbbe004790?s=96&d=mm&r=g","caption":"Marcin Rusinek"}}]}},"_links":{"self":[{"href":"https:\/\/polowiec.pl\/en\/wp-json\/wp\/v2\/posts\/670","targetHints":{"allow":["GET"]}}],"collection":[{"href":"https:\/\/polowiec.pl\/en\/wp-json\/wp\/v2\/posts"}],"about":[{"href":"https:\/\/polowiec.pl\/en\/wp-json\/wp\/v2\/types\/post"}],"author":[{"embeddable":true,"href":"https:\/\/polowiec.pl\/en\/wp-json\/wp\/v2\/users\/3"}],"replies":[{"embeddable":true,"href":"https:\/\/polowiec.pl\/en\/wp-json\/wp\/v2\/comments?post=670"}],"version-history":[{"count":0,"href":"https:\/\/polowiec.pl\/en\/wp-json\/wp\/v2\/posts\/670\/revisions"}],"wp:attachment":[{"href":"https:\/\/polowiec.pl\/en\/wp-json\/wp\/v2\/media?parent=670"}],"wp:term":[{"taxonomy":"category","embeddable":true,"href":"https:\/\/polowiec.pl\/en\/wp-json\/wp\/v2\/categories?post=670"},{"taxonomy":"post_tag","embeddable":true,"href":"https:\/\/polowiec.pl\/en\/wp-json\/wp\/v2\/tags?post=670"}],"curies":[{"name":"wp","href":"https:\/\/api.w.org\/{rel}","templated":true}]}}