{"id":674,"date":"2016-08-03T13:15:12","date_gmt":"2016-08-03T11:15:12","guid":{"rendered":"https:\/\/nowa.polowiec.pl\/legal-bulletin-of-the-law-office-of-adam-polowiec-25-31-july-2016\/"},"modified":"2019-04-18T16:33:46","modified_gmt":"2019-04-18T14:33:46","slug":"legal-bulletin-of-the-law-office-of-adam-polowiec-25-31-july-2016","status":"publish","type":"post","link":"https:\/\/polowiec.pl\/en\/legal-bulletin-of-the-law-office-of-adam-polowiec-25-31-july-2016\/","title":{"rendered":"Legal Bulletin Of The Law Office Of Adam Polowiec (25 &#8211; 31 July 2016)"},"content":{"rendered":"<p>We would like to present the next issue of legal bulletin of the Law Office of Adam Polowiec.<br \/>What you will find here is some information about the new provisions of law and the projects of amendments to acts, but also case-laws including the case laws of Supreme Court, Constitutional Tribunal and European Court of Justice.<\/p>\n<p>  <!--more-->  <\/p>\n<p class=\"NowePrawo\" style=\"text-align: justify;\"><strong>_____Nowe Prawo<\/strong><\/p>\n<p class=\"Dziedzinaprawa\" style=\"text-align: justify;\"><strong>POST\u0118POWANIE KARNE<\/strong><\/p>\n<p class=\"Tekstpraswki\" style=\"text-align: justify;\"><strong>Rozporz\u0105dzenie <\/strong>Ministra Sprawiedliwo\u015bci z&nbsp;dnia 15 lipca 2016 r. zmieniaj\u0105ce rozporz\u0105dzenie w&nbsp;sprawie wykazu zak\u0142ad&oacute;w leczniczych, w&nbsp;tym psychiatrycznych, przeznaczonych do wykonywania tymczasowego aresztowania oraz warunk&oacute;w zabezpieczenia tych zak\u0142ad&oacute;w (Dz. U. z&nbsp;2016 r., poz. 1098) &#8211; <strong>we<\/strong><strong>sz\u0142o w&nbsp;<\/strong><strong>\u017cycie z&nbsp;<\/strong><strong>dniem<\/strong><strong> 26 lipca 2016 r.<\/strong><\/p>\n<p class=\"Omwienie\" style=\"text-align: justify;\">W rozporz\u0105dzeniu Ministra Sprawiedliwo\u015bci z&nbsp;dnia 16 czerwca 2015 r. w&nbsp;sprawie wykazu zak\u0142ad&oacute;w leczniczych, w&nbsp;tym psychiatrycznych, przeznaczonych do wykonywania tymczasowego aresztowania oraz warunk&oacute;w zabezpieczenia tych zak\u0142ad&oacute;w (Dz.U.poz.918) zmianie uleg\u0142o brzmienie za\u0142\u0105cznika pkt 105.<\/p>\n<p class=\"Tekstpraswki\" style=\"text-align: justify;\"><strong>Ustawa<\/strong> z&nbsp;dnia 10 czerwca 2016 r. o&nbsp;zmianie ustawy &#8211; Kodeks post\u0119powania karnego, ustawy o&nbsp;zawodach lekarza i&nbsp;lekarza dentysty oraz ustawy o&nbsp;prawach pacjenta i&nbsp;Rzeczniku Praw Pacjenta (Dz. U. z&nbsp;2016 r., poz. 1070) &#8211; <strong>we<\/strong><strong>jdzie w&nbsp;<\/strong><strong>\u017cycie z&nbsp;<\/strong><strong>dniem<\/strong><strong> 5&nbsp;sierpnia 2016 r.<\/strong><\/p>\n<p class=\"Omwienie\" style=\"text-align: justify;\">W ustawie z&nbsp;dnia 6 czerwca 1997 r. &#8211; Kodeks post\u0119powania karnego (Dz.U.poz.555,zp&oacute;\u017an. zm.) zmianie ulegnie brzmienie art. 90, art. 181, art. 357, art.&nbsp;360, tytu\u0142u rozdzia\u0142u 46, art. 406 &sect; 1, art. 408, art. 409, art. 453 &sect; 3, art. 517d &sect; 3, art. 519, art.&nbsp;523 &sect; 1 i&nbsp;1a, w&nbsp;art. 133 dodaje si\u0119 &sect; 2a, w&nbsp;art. 640 dotychczasow\u0105 tre\u015b\u0107 oznacza si\u0119 jako &sect; 1 i&nbsp;dodaje si\u0119 &sect; 2.<\/p>\n<p class=\"Omwienie\" style=\"text-align: justify;\">W ustawie z&nbsp;dnia 5 grudnia 1996 r. o&nbsp;zawodach lekarza i&nbsp;lekarza dentysty (Dz.&nbsp;U.&nbsp;z&nbsp;2015&nbsp;r. poz. 464, z&nbsp;p&oacute;\u017an. zm.) zmianie ulegnie brzmienie art. 40.<\/p>\n<p class=\"Omwienie\" style=\"text-align: justify;\">W ustawie z&nbsp;dnia 6 listopada 2008 r. o&nbsp;prawach pacjenta i&nbsp;Rzeczniku Praw Pacjenta (Dz.&nbsp;U. z&nbsp;2016 r. poz. 186, 823 i&nbsp;960) zmianie ulegnie brzmienie art. 14.<\/p>\n<p>&nbsp;<\/p>\n<p class=\"Dziedzinaprawa\" style=\"text-align: justify;\"><strong>INSTYTUTY BADAWCZE<\/strong><\/p>\n<p class=\"Tekstpraswki\" style=\"text-align: justify;\"><strong>Ustawa <\/strong>z dnia 22 czerwca 2016 r. o&nbsp;zmianie ustawy o&nbsp;instytutach badawczych (Dz.&nbsp;U.&nbsp;z&nbsp;2016 r., poz. 1079) &#8211; <strong>we<\/strong><strong>jdzie w&nbsp;<\/strong><strong>\u017cycie z&nbsp;<\/strong><strong>dniem<\/strong><strong> 6&nbsp;sierpnia 2016 r.<\/strong><\/p>\n<p class=\"Omwienie\" style=\"text-align: justify;\">W ustawie z&nbsp;dnia 30 kwietnia 2010 r. o&nbsp;instytutach badawczych (Dz. U. z&nbsp;2016 r. poz.371) zmianie ulegnie brzmienie art. 24, art. 25, art. 26, art. 29, art. 31 ust. 1, art.&nbsp;66, w&nbsp;art. 7 dodaje si\u0119 ust. 3a, w&nbsp;art. 14 w&nbsp;ust. 5 skre\u015bla si\u0119 wyrazy &#8220;i naprawcze&#8221;, w&nbsp;art. 27 dodaje si\u0119 ust. 1a i&nbsp;1b, w&nbsp;art. 28 dodaje si\u0119 ust. 5a, w&nbsp;art. 30 dodaje si\u0119 ust.&nbsp;2a, dodany zostanie art. 35a.<\/p>\n<p>&nbsp;<\/p>\n<p class=\"Dziedzinaprawa\" style=\"text-align: justify;\"><strong>PRAWO ZAM&Oacute;WIE\u0143 PUBLICZNYCH<\/strong><\/p>\n<p class=\"Tekstpraswki\" style=\"text-align: justify;\"><strong>Rozporz\u0105dzenie <\/strong>Rady Ministr&oacute;w z&nbsp;dnia 20 lipca 2016 r. w&nbsp;sprawie wykazu dokument&oacute;w publicznych i&nbsp;druk&oacute;w o&nbsp;strategicznym znaczeniu dla bezpiecze\u0144stwa pa\u0144stwa (Dz.&nbsp;U.&nbsp;z&nbsp;2016 r., poz. 1089) &#8211; <strong>we<\/strong><strong>sz\u0142o w&nbsp;<\/strong><strong>\u017cycie z&nbsp;<\/strong><strong>dniem<\/strong><strong> 28 lipca 2016 r.<\/strong><\/p>\n<p class=\"Tekstpraswki\" style=\"text-align: justify;\"><strong>Rozporz\u0105dzenie <\/strong>Ministra Rozwoju z&nbsp;dnia 26 lipca 2016 r. w&nbsp;sprawie wzor&oacute;w og\u0142osze\u0144 zamieszczanych w&nbsp;Biuletynie Zam&oacute;wie\u0144 Publicznych (Dz. U. z&nbsp;2016 r., poz. 1127) &#8211; <strong>we<\/strong><strong>sz\u0142o w&nbsp;<\/strong><strong>\u017cycie z&nbsp;<\/strong><strong>dniem<\/strong><strong> 28 lipca 2016 r.<\/strong><\/p>\n<p class=\"Tekstpraswki\" style=\"text-align: justify;\"><strong>Rozporz\u0105dzenie <\/strong>Ministra Rozwoju z&nbsp;dnia 26 lipca 2016 r. w&nbsp;sprawie wykazu rob&oacute;t budowlanych (Dz. U. z&nbsp;2016 r., poz. 1125) &#8211; <strong>we<\/strong><strong>sz\u0142o w&nbsp;<\/strong><strong>\u017cycie z&nbsp;<\/strong><strong>dniem<\/strong><strong> 28 lipca 2016 r.<\/strong><\/p>\n<p class=\"Tekstpraswki\" style=\"text-align: justify;\"><strong>Rozporz\u0105dzenie <\/strong>Ministra Rozwoju z&nbsp;dnia 26 lipca 2016 r. w&nbsp;sprawie rodzaj&oacute;w dokument&oacute;w, jakich mo\u017ce \u017c\u0105da\u0107 zamawiaj\u0105cy od wykonawcy w&nbsp;post\u0119powaniu o&nbsp;udzielenie zam&oacute;wienia (Dz. U. z&nbsp;2016 r., poz. 1126) &#8211; <strong>we<\/strong><strong>sz\u0142o w&nbsp;<\/strong><strong>\u017cycie z&nbsp;<\/strong><strong>dniem<\/strong><strong> 28&nbsp;lipca 2016 r.<\/strong><\/p>\n<p>&nbsp;<\/p>\n<p class=\"Dziedzinaprawa\" style=\"text-align: justify;\"><strong>PRAWO PODATKOWE, FINANSE I&nbsp;RACHUNKOWO\u015a\u0106<\/strong><\/p>\n<p class=\"Tekstpraswki\" style=\"text-align: justify;\"><strong>Rozporz\u0105dzenie <\/strong>Ministra Finans&oacute;w z&nbsp;dnia 14 lipca 2016 r. uchylaj\u0105ce rozporz\u0105dzenie wsprawie terminu zap\u0142aty podatku od towar&oacute;w i&nbsp;us\u0142ug z&nbsp;tytu\u0142u importu towar&oacute;w (Dz.&nbsp;U.&nbsp;z 2016 r., poz. 1095) &#8211; <strong>we<\/strong><strong>jdzie w&nbsp;<\/strong><strong>\u017cycie z&nbsp;<\/strong><strong>dniem<\/strong><strong> 9&nbsp;sierpnia 2016 r.<\/strong><\/p>\n<p class=\"Omwienie\" style=\"text-align: justify;\">Traci moc rozporz\u0105dzenie Ministra Finans&oacute;w z&nbsp;dnia 26 pa\u017adziernika 2005 r. w&nbsp;sprawie terminu zap\u0142aty podatku od towar&oacute;w i&nbsp;us\u0142ug z&nbsp;tytu\u0142u importu towar&oacute;w (Dz. U. poz. 1842).<\/p>\n<p class=\"Tekstpraswki\" style=\"text-align: justify;\"><strong>Rozporz\u0105dzenie <\/strong>Ministra Finans&oacute;w z&nbsp;dnia 15 lipca 2016 r. zmieniaj\u0105ce rozporz\u0105dzenie w&nbsp;sprawie rejestru podmiot&oacute;w wykluczonych z&nbsp;mo\u017cliwo\u015bci otrzymania \u015brodk&oacute;w przeznaczonych na realizacj\u0119 program&oacute;w finansowanych z&nbsp;udzia\u0142em \u015brodk&oacute;w europejskich (Dz. U. z&nbsp;2016 r., poz. 1093) &#8211; <strong>we<\/strong><strong>sz\u0142o w&nbsp;<\/strong><strong>\u017cycie z&nbsp;<\/strong><strong>dniem<\/strong><strong> 26 lipca 2016 r.<\/strong><\/p>\n<p class=\"Omwienie\" style=\"text-align: justify;\">W rozporz\u0105dzeniu Ministra Finans&oacute;w z&nbsp;dnia 23 czerwca 2010 r. w&nbsp;sprawie rejestru podmiot&oacute;w wykluczonych z&nbsp;mo\u017cliwo\u015bci otrzymania \u015brodk&oacute;w przeznaczonych na realizacj\u0119 program&oacute;w finansowanych z&nbsp;udzia\u0142em \u015brodk&oacute;w europejskich (Dz. U. z&nbsp;2016 r. poz. 657) zmianie uleg\u0142o brzmienie &sect; 8 ust. 1a.<\/p>\n<p class=\"Tekstpraswki\" style=\"text-align: justify;\"><strong>Rozporz\u0105dzenie <\/strong>Ministra Finans&oacute;w z&nbsp;dnia 18 lipca 2016 r. zmieniaj\u0105ce rozporz\u0105dzenie w&nbsp;sprawie szczeg&oacute;lnych zasad rachunkowo\u015bci sp&oacute;\u0142dzielczych kas oszcz\u0119dno\u015bciowo-kredytowych (Dz. U. z&nbsp;2016 r., poz. 1086) &#8211; <strong>we<\/strong><strong>jdzie w&nbsp;<\/strong><strong>\u017cycie z&nbsp;<\/strong><strong>dniem<\/strong><strong> 1&nbsp;stycznia&nbsp;2017&nbsp;r.<\/strong><\/p>\n<p class=\"Omwienie\" style=\"text-align: justify;\">W rozporz\u0105dzeniu Ministra Finans&oacute;w z&nbsp;dnia 25 czerwca 2014 r. w&nbsp;sprawie szczeg&oacute;lnych zasad rachunkowo\u015bci sp&oacute;\u0142dzielczych kas oszcz\u0119dno\u015bciowo-kredytowych (Dz.U.poz.880oraz z&nbsp;2015 r. poz. 1832) zmianie ulegnie brzmienie &sect; 2, &sect; 5 ust. 1, &sect;&nbsp;21 ust. 1 wprowadzenie do wyliczenia, &sect; 23, &sect; 24 ust. 1, &sect; 25 ust. 1, w&nbsp;&sect; 6 dodaje si\u0119 ust. 2a, w&nbsp;&sect; 11 dodaje si\u0119 ust. 1a i&nbsp;1b.<\/p>\n<p class=\"Tekstpraswki\" style=\"text-align: justify;\"><strong>Rozporz\u0105dzenie <\/strong>Ministra Finans&oacute;w z&nbsp;dnia 20 lipca 2016 r. w&nbsp;sprawie wynagrodze\u0144 oraz zwrotu koszt&oacute;w podr&oacute;\u017cy i&nbsp;nocleg&oacute;w cz\u0142onk&oacute;w Rady do Spraw Przeciwdzia\u0142ania Unikaniu Opodatkowania (Dz. U. z&nbsp;2016 r., poz. 1106) &#8211; <strong>we<\/strong><strong>sz\u0142o w&nbsp;<\/strong><strong>\u017cycie z&nbsp;<\/strong><strong>dniem <\/strong><strong>27&nbsp;lipca&nbsp;2016&nbsp;r.<\/strong><\/p>\n<p class=\"Tekstpraswki\" style=\"text-align: justify;\"><strong>Rozporz\u0105dzenie <\/strong>Ministra Finans&oacute;w z&nbsp;dnia 21 lipca 2016 r. w&nbsp;sprawie wzoru deklaracji o&nbsp;nale\u017cnych kwotach podatku od towar&oacute;w i&nbsp;us\u0142ug w&nbsp;przypadku wewn\u0105trzwsp&oacute;lnotowego nabycia paliw silnikowych (Dz. U. z&nbsp;2016 r., poz. 1124) &#8211; <strong>we<\/strong><strong>jdzie w&nbsp;<\/strong><strong>\u017cycie z&nbsp;<\/strong><strong>dniem<\/strong><strong> 1&nbsp;sierpnia 2016&nbsp;r.<\/strong><\/p>\n<p class=\"Tekstpraswki\" style=\"text-align: justify;\"><strong>Rozporz\u0105dzenie <\/strong>Ministra Finans&oacute;w z&nbsp;dnia 25 lipca 2016 r. zmieniaj\u0105ce rozporz\u0105dzenie w&nbsp;sprawie szczeg&oacute;\u0142owej klasyfikacji dochod&oacute;w, wydatk&oacute;w, przychod&oacute;w i&nbsp;rozchod&oacute;w oraz \u015brodk&oacute;w pochodz\u0105cych ze \u017ar&oacute;de\u0142 zagranicznych (Dz. U. z&nbsp;2016 r., poz. 1121) &#8211; <strong>we<\/strong><strong>jdzie w&nbsp;<\/strong><strong>\u017cycie z&nbsp;<\/strong><strong>dniem<\/strong><strong> 1&nbsp;stycznia 2017&nbsp;r., z&nbsp;wyj\u0105tkiem &sect; 1 pkt 3 lit. l tiret trzecie oraz pkt 4 lit. c, kt&oacute;re wchodz\u0105 w&nbsp;\u017cycie z&nbsp;dniem nast\u0119puj\u0105cym po dniu og\u0142oszenia.<\/strong><\/p>\n<p class=\"Omwienie\" style=\"text-align: justify;\">W rozporz\u0105dzeniu Ministra Finans&oacute;w z&nbsp;dnia 2 marca 2010 r. w&nbsp;sprawie szczeg&oacute;\u0142owej klasyfikacji dochod&oacute;w, wydatk&oacute;w, przychod&oacute;w i&nbsp;rozchod&oacute;w oraz \u015brodk&oacute;w pochodz\u0105cych ze \u017ar&oacute;de\u0142 zagranicznych (Dz. U. z&nbsp;2014 r. poz. 1053, z&nbsp;p&oacute;\u017an. zm.) zmianie ulegnie brzmienie &sect; 4 ust. 2 pkt 2, za\u0142\u0105cznika nr 2 do rozporz\u0105dzenia, za\u0142\u0105cznika nr 4 do rozporz\u0105dzenia, w&nbsp;za\u0142\u0105czniku nr 1 do rozporz\u0105dzenia dodaje si\u0119 dzia\u0142 855, w&nbsp;za\u0142\u0105czniku nr 8 do rozporz\u0105dzenia w&nbsp;paragrafie &#8220;307 Wydatki osobowe niezaliczone do uposa\u017ce\u0144 wyp\u0142acane \u017co\u0142nierzom i&nbsp;funkcjonariuszom&#8221; w&nbsp;pozycji 307013 wyrazy &#8220;Ministerstwa Spraw Wewn\u0119trznych&#8221; zast\u0119puje si\u0119 wyrazami &#8220;Ministerstwa Spraw Wewn\u0119trznych i&nbsp;Administracji&#8221;.<\/p>\n<p>&nbsp;<\/p>\n<p class=\"Dziedzinaprawa\" style=\"text-align: justify;\"><strong>PRAWO BANKOWE<\/strong><\/p>\n<p class=\"Tekstpraswki\" style=\"text-align: justify;\"><strong>Rozporz\u0105dzenie <\/strong>Ministra Finans&oacute;w z&nbsp;dnia 14 lipca 2016 r. w&nbsp;sprawie planu naprawy banku oraz grupowego planu naprawy (Dz. U. z&nbsp;2016 r., poz. 1112) &#8211; <strong>we<\/strong><strong>jdzie w&nbsp;<\/strong><strong>\u017cycie z&nbsp;<\/strong><strong>dniem<\/strong><strong> 9&nbsp;pa\u017adziernika 2016 r.<\/strong><\/p>\n<p class=\"Tekstpraswki\" style=\"text-align: justify;\"><strong>Rozporz\u0105dzenie <\/strong>Ministra Finans&oacute;w z&nbsp;dnia 18 lipca 2016 r. w&nbsp;sprawie wzoru arkusza informacyjnego dla deponent&oacute;w (Dz. U. z&nbsp;2016 r., poz. 1110) &#8211; <strong>we<\/strong><strong>jdzie w&nbsp;<\/strong><strong>\u017cycie z&nbsp;<\/strong><strong>dniem<\/strong><strong> 9&nbsp;pa\u017adziernika 2016 r.<\/strong><\/p>\n<p>&nbsp;<\/p>\n<p class=\"Dziedzinaprawa\" style=\"text-align: justify;\"><strong>SYSTEM MONITOROWANIA I&nbsp;KONTROLOWANIA JAKO\u015aCI PALIW<\/strong><\/p>\n<p class=\"Tekstpraswki\" style=\"text-align: justify;\"><strong>Rozporz\u0105dzenie <\/strong>Ministra Energii z&nbsp;dnia 30 czerwca 2016 r. w&nbsp;sprawie wymaga\u0144 jako\u015bciowych dla spr\u0119\u017conego gazu ziemnego (CNG) (Dz. U. z&nbsp;2016 r., poz. 1094) &#8211; <strong>we<\/strong><strong>jdzie w&nbsp;<\/strong><strong>\u017cycie z&nbsp;<\/strong><strong>dniem<\/strong><strong> 9&nbsp;sierpnia 2016 r.<\/strong><\/p>\n<p>&nbsp;<\/p>\n<p class=\"Dziedzinaprawa\" style=\"text-align: justify;\"><strong>PRAWO OCHRONY \u015aRODOWISKA<\/strong><\/p>\n<p class=\"Tekstpraswki\" style=\"text-align: justify;\"><strong>Rozporz\u0105dzenie <\/strong>Ministra Rozwoju z&nbsp;dnia 7 lipca 2016 r. uchylaj\u0105ce rozporz\u0105dzenie w&nbsp;sprawie szczeg&oacute;\u0142owych wymaga\u0144 dla niekt&oacute;rych produkt&oacute;w ze wzgl\u0119du na ich negatywne oddzia\u0142ywanie na \u015brodowisko (Dz. U. z&nbsp;2016 r., poz. 1099) &#8211; <strong>we<\/strong><strong>jdzie w&nbsp;<\/strong><strong>\u017cycie z&nbsp;<\/strong><strong>dniem<\/strong><strong> 9&nbsp;sierpnia 2016 r.<\/strong><\/p>\n<p class=\"Omwienie\" style=\"text-align: justify;\">Traci moc rozporz\u0105dzenie Ministra Gospodarki i&nbsp;Pracy z&nbsp;dnia 23 lipca 2004 r. w&nbsp;sprawie szczeg&oacute;\u0142owych wymaga\u0144 dla niekt&oacute;rych produkt&oacute;w ze wzgl\u0119du na ich negatywne oddzia\u0142ywanie na \u015brodowisko (Dz. U. poz. 1846 oraz z&nbsp;2013 r. poz. 755).<\/p>\n<p class=\"Tekstpraswki\" style=\"text-align: justify;\"><strong>Rozporz\u0105dzenie <\/strong>Ministra \u015arodowiska z&nbsp;dnia 7 lipca 2016 r. w&nbsp;sprawie wzoru zbiorczego sprawozdania (Dz. U. z&nbsp;2016 r., poz. 1115) &#8211; <strong>we<\/strong><strong>jdzie w&nbsp;<\/strong><strong>\u017cycie z&nbsp;<\/strong><strong>dniem<\/strong><strong> 10&nbsp;sierpnia&nbsp;2016 r.<\/strong><\/p>\n<p>&nbsp;<\/p>\n<p class=\"Dziedzinaprawa\" style=\"text-align: justify;\"><strong>BEZPIECZE\u0143STWO PUBLICZNE<\/strong><\/p>\n<p class=\"Tekstpraswki\" style=\"text-align: justify;\"><strong>Rozporz\u0105dzenie <\/strong>Rady Ministr&oacute;w z&nbsp;dnia 21 lipca 2016 r. w&nbsp;sprawie u\u017cycia oddzia\u0142&oacute;w i&nbsp;pododdzia\u0142&oacute;w Policji oraz Si\u0142 Zbrojnych Rzeczypospolitej Polskiej w&nbsp;razie zagro\u017cenia bezpiecze\u0144stwa publicznego lub zak\u0142&oacute;cenia porz\u0105dku publicznego (Dz. U. z&nbsp;2016 r., poz.&nbsp;1090) &#8211; <strong>we<\/strong><strong>sz\u0142o w&nbsp;<\/strong><strong>\u017cycie z&nbsp;<\/strong><strong>dniem<\/strong><strong> 22 lipca&nbsp;2016 r.<\/strong><\/p>\n<p class=\"Tekstpraswki\" style=\"text-align: justify;\"><strong>Rozporz\u0105dzenie <\/strong>Ministra Spraw Wewn\u0119trznych i&nbsp;Administracji z&nbsp;dnia 21 lipca 2016 r. w&nbsp;sprawie przetwarzania informacji przez Policj\u0119 (Dz. U. z&nbsp;2016 r., poz. 1091) &#8211; <strong>we<\/strong><strong>sz\u0142o w&nbsp;<\/strong><strong>\u017cycie z&nbsp;<\/strong><strong>dniem<\/strong><strong> 23 lipca&nbsp;2016 r.<\/strong><\/p>\n<p>&nbsp;<\/p>\n<p class=\"Dziedzinaprawa\" style=\"text-align: justify;\"><strong>OCHRONA ZDROWIA<\/strong><\/p>\n<p class=\"Tekstpraswki\" style=\"text-align: justify;\"><strong>Rozporz\u0105dzenie <\/strong>Ministra Zdrowia z&nbsp;dnia 7 lipca 2016 r. w&nbsp;sprawie wydawania zezwole\u0144 na obr&oacute;t hurtowy \u015brodkami odurzaj\u0105cymi, substancjami psychotropowymi lub prekursorami kategorii (Dz. U. z&nbsp;2016 r., poz. 1085) &#8211; <strong>we<\/strong><strong>jdzie w&nbsp;<\/strong><strong>\u017cycie z&nbsp;<\/strong><strong>dniem<\/strong><strong> 6&nbsp;sierpnia&nbsp;2016 r.<\/strong><\/p>\n<p class=\"Tekstpraswki\" style=\"text-align: justify;\"><strong>Rozporz\u0105dzenie <\/strong>Ministra Zdrowia z&nbsp;dnia 15 lipca 2016 r. zmieniaj\u0105ce rozporz\u0105dzenie w&nbsp;sprawie centralnego rejestru niespokrewnionych dawc&oacute;w szpiku i&nbsp;krwi p\u0119powinowej (Dz.&nbsp;U. z&nbsp;2016 r., poz. 1120) &#8211; <strong>we<\/strong><strong>jdzie w&nbsp;<\/strong><strong>\u017cycie z&nbsp;<\/strong><strong>dniem<\/strong><strong> 11&nbsp;sierpnia&nbsp;2016 r.<\/strong><\/p>\n<p class=\"Omwienie\" style=\"text-align: justify;\">W rozporz\u0105dzeniu Ministra Zdrowia z&nbsp;dnia 25 kwietnia 2006 r. w&nbsp;sprawie centralnego rejestru niespokrewnionych dawc&oacute;w szpiku i&nbsp;krwi p\u0119powinowej (Dz. U. poz. 557) zmianie ulegnie brzmienie &sect; 1, &sect; 2, &sect; 3 ust. 1, &sect; 4.<\/p>\n<p>&nbsp;<\/p>\n<p class=\"Dziedzinaprawa\" style=\"text-align: justify;\"><strong>UBEZPIECZENIA EKSPORTOWE<\/strong><\/p>\n<p class=\"Tekstpraswki\" style=\"text-align: justify;\"><strong>Rozporz\u0105dzenie <\/strong>Rady Ministr&oacute;w z&nbsp;dnia 18 lipca 2016 r. zmieniaj\u0105ce rozporz\u0105dzenie w&nbsp;sprawie szczeg&oacute;\u0142owego trybu dzia\u0142ania i&nbsp;organizacji Komitetu Polityki Ubezpiecze\u0144 Eksportowych (Dz. U. z&nbsp;2016 r., poz. 1109) &#8211; <strong>we<\/strong><strong>sz\u0142o w&nbsp;<\/strong><strong>\u017cycie z&nbsp;<\/strong><strong>dniem <\/strong><strong>27&nbsp;lipca&nbsp;2016&nbsp;r., z&nbsp;wyj\u0105tkiem &sect; 1 pkt 2, kt&oacute;ry wchodzi w&nbsp;\u017cycie z&nbsp;dniem 1&nbsp;stycznia 2017 r.<\/strong><\/p>\n<p class=\"Omwienie\" style=\"text-align: justify;\">W rozporz\u0105dzeniu Rady Ministr&oacute;w z&nbsp;dnia 23 sierpnia 2005 r. w&nbsp;sprawie szczeg&oacute;\u0142owego trybu dzia\u0142ania i&nbsp;organizacji Komitetu Polityki Ubezpiecze\u0144 Eksportowych (Dz.U.poz.1446 oraz z&nbsp;2011 r. poz. 1268) zmianie ulegnie brzmienie &sect; 1 ust. 4, &sect; 11.<\/p>\n<p>&nbsp;<\/p>\n<p class=\"Dziedzinaprawa\" style=\"text-align: justify;\"><strong>PRAWO O&nbsp;RUCHU DROGOWYM<\/strong><\/p>\n<p class=\"Tekstpraswki\" style=\"text-align: justify;\"><strong>Rozporz\u0105dzenie <\/strong>Ministra Infrastruktury i&nbsp;Budownictwa z&nbsp;dnia 8 lipca 2016 r.zmieniaj\u0105ce rozporz\u0105dzenie w&nbsp;sprawie zakresu i&nbsp;sposobu przeprowadzania bada\u0144 technicznych pojazd&oacute;w oraz wzor&oacute;w dokument&oacute;w stosowanych przy tych badaniach (Dz.&nbsp;U. z&nbsp;2016 r., poz. 1075) &#8211; <strong>we<\/strong><strong>jdzie w&nbsp;<\/strong><strong>\u017cycie z&nbsp;<\/strong><strong>dniem<\/strong><strong> 5&nbsp;sierpnia&nbsp;2016 r.<\/strong><\/p>\n<p class=\"Omwienie\" style=\"text-align: justify;\">W rozporz\u0105dzeniu Ministra Transportu, Budownictwa i&nbsp;Gospodarki Morskiej z&nbsp;dnia 26 czerwca 2012 r. w&nbsp;sprawie zakresu i&nbsp;sposobu przeprowadzania bada\u0144 technicznych pojazd&oacute;w oraz wzor&oacute;w dokument&oacute;w stosowanych przy tych badaniach (Dz. U. z&nbsp;2015 r. poz. 776 i&nbsp;1076) zmianie ulegnie brzmienie za\u0142\u0105cznika nr 3 do rozporz\u0105dzenia obja\u015bnienia 8 do wzoru za\u015bwiadczenia o&nbsp;przeprowadzonym badaniu technicznym pojazdu, w&nbsp;&sect;&nbsp;3&nbsp;w&nbsp;ust. 1 kropk\u0119 zast\u0119puje si\u0119 \u015brednikiem i&nbsp;dodaje si\u0119 pkt 15, w&nbsp;za\u0142\u0105czniku nr 2 do rozporz\u0105dzenia w&nbsp;dziale I&nbsp;w tabeli po pkt 9 dodaje si\u0119 pkt 10.<\/p>\n<p class=\"Tekstpraswki\" style=\"text-align: justify;\"><strong>Rozporz\u0105dzenie <\/strong>Ministra Infrastruktury i&nbsp;Budownictwa z&nbsp;dnia 8 lipca 2016 r. zmieniaj\u0105ce rozporz\u0105dzenie w&nbsp;sprawie zakresu, warunk&oacute;w, termin&oacute;w i&nbsp;sposobu przeprowadzania bada\u0144 technicznych tramwaj&oacute;w i&nbsp;trolejbus&oacute;w oraz jednostek wykonuj\u0105cych te badania (Dz. U. z&nbsp;2016 r., poz. 1073) &#8211; <strong>we<\/strong><strong>jdzie w&nbsp;<\/strong><strong>\u017cycie z&nbsp;<\/strong><strong>dniem<\/strong><strong> 5&nbsp;sierpnia&nbsp;2016 r.<\/strong><\/p>\n<p class=\"Omwienie\" style=\"text-align: justify;\">W rozporz\u0105dzeniu Ministra Infrastruktury z&nbsp;dnia 28 stycznia 2011 r. w&nbsp;sprawie zakresu, warunk&oacute;w, termin&oacute;w i&nbsp;sposobu przeprowadzania bada\u0144 technicznych tramwaj&oacute;w i&nbsp;trolejbus&oacute;w oraz jednostek wykonuj\u0105cych te badania (Dz. U. poz. 343) zmianie ulegnie brzmienie &sect; 3 ust. 2, &sect; 7 ust. 3, za\u0142\u0105cznika nr 5 do rozporz\u0105dzenia obja\u015bnienie *) do wzoru za\u015bwiadczenia o&nbsp;przeprowadzonym badaniu technicznym tramwaju, w&nbsp;za\u0142\u0105czniku nr 1 do rozporz\u0105dzenia dodaje si\u0119 pkt 8, w&nbsp;za\u0142\u0105czniku nr 7 do rozporz\u0105dzenia dodaje si\u0119 pkt 7.<\/p>\n<p class=\"Tekstpraswki\" style=\"text-align: justify;\"><strong>Rozporz\u0105dzenie <\/strong>Ministra Infrastruktury i&nbsp;Budownictwa z&nbsp;dnia 8 lipca 2016 r. zmieniaj\u0105ce rozporz\u0105dzenie w&nbsp;sprawie wysoko\u015bci op\u0142at zwi\u0105zanych z&nbsp;prowadzeniem stacji kontroli pojazd&oacute;w oraz przeprowadzaniem bada\u0144 technicznych pojazd&oacute;w (Dz.&nbsp;U.&nbsp;z&nbsp;2016&nbsp;r., poz. 1074) &#8211; <strong>we<\/strong><strong>jdzie w&nbsp;<\/strong><strong>\u017cycie z&nbsp;<\/strong><strong>dniem<\/strong><strong> 5&nbsp;sierpnia&nbsp;2016 r.<\/strong><\/p>\n<p class=\"Omwienie\" style=\"text-align: justify;\">W rozporz\u0105dzeniu Ministra Infrastruktury z&nbsp;dnia 29 wrze\u015bnia 2004 r. w&nbsp;sprawie wysoko\u015bci op\u0142at zwi\u0105zanych z&nbsp;prowadzeniem stacji kontroli pojazd&oacute;w oraz przeprowadzaniem bada\u0144 technicznych pojazd&oacute;w (Dz. U. poz. 2261, z&nbsp;2005 r. poz. 1302 oraz z&nbsp;2009 r. poz. 1233) w&nbsp;za\u0142\u0105czniku, w&nbsp;Tabeli op\u0142at za badania techniczne pojazd&oacute;w, dodaje si\u0119 cz\u0119\u015b\u0107 oznaczon\u0105 lp. 6.13.<\/p>\n<p class=\"Tekstpraswki\" style=\"text-align: justify;\"><strong>Rozporz\u0105dzenie <\/strong>Ministra Infrastruktury i&nbsp;Budownictwa z&nbsp;dnia 8 lipca 2016 r. w&nbsp;sprawie wymaga\u0144 funkcjonalnych i&nbsp;wymog&oacute;w technicznych blokady alkoholowej oraz wzoru dokumentu potwierdzaj\u0105cego kalibracj\u0119 blokady alkoholowej (Dz. U. z&nbsp;2016 r., poz.&nbsp;1072) &#8211; <strong>we<\/strong><strong>jdzie w&nbsp;<\/strong><strong>\u017cycie z&nbsp;<\/strong><strong>dniem<\/strong><strong> 5&nbsp;sierpnia&nbsp;2016 r.<\/strong><\/p>\n<p class=\"Tekstpraswki\" style=\"text-align: justify;\"><strong>Rozporz\u0105dzenie <\/strong>Ministra Cyfryzacji z&nbsp;dnia 12 lipca 2016 r. w&nbsp;sprawie rodzaju i&nbsp;zakresu danych udost\u0119pnianych z&nbsp;centralnej ewidencji kierowc&oacute;w (Dz. U. z&nbsp;2016 r., poz. 1114) &#8211; <strong>we<\/strong><strong>jdzie w&nbsp;<\/strong><strong>\u017cycie z&nbsp;<\/strong><strong>dniem<\/strong><strong> 1 stycznia 2017 r.<\/strong><\/p>\n<p>&nbsp;<\/p>\n<p class=\"Dziedzinaprawa\" style=\"text-align: justify;\"><strong>BANKOWY FUNDUSZ GWARANCYJNY<\/strong><\/p>\n<p class=\"Tekstpraswki\" style=\"text-align: justify;\"><strong>Rozporz\u0105dzenie <\/strong>Ministra Finans&oacute;w z&nbsp;dnia 11 lipca 2016 r. w&nbsp;sprawie zakresu, trybu i&nbsp;termin&oacute;w przekazywania przez Krajow\u0105 Sp&oacute;\u0142dzielcz\u0105 Kas\u0119 Oszcz\u0119dno\u015bciowo-Kredytow\u0105 informacji do Bankowego Funduszu Gwarancyjnego w&nbsp;imieniu sp&oacute;\u0142dzielczych kas oszcz\u0119dno\u015bciowo-kredytowych (Dz. U. z&nbsp;2016 r., poz. 1069) &#8211; <strong>we<\/strong><strong>jdzie w&nbsp;<\/strong><strong>\u017cycie z&nbsp;<\/strong><strong>dniem<\/strong><strong> 21&nbsp;sierpnia&nbsp;2016 r.<\/strong><\/p>\n<p>&nbsp;<\/p>\n<p class=\"Dziedzinaprawa\" style=\"text-align: justify;\"><strong>APLIKACJE NOTARIALNA, ADWOKACKA, RADCOWSKA<\/strong><\/p>\n<p class=\"Tekstpraswki\" style=\"text-align: justify;\"><strong>Rozporz\u0105dzenie <\/strong>Ministra Sprawiedliwo\u015bci z&nbsp;dnia 18 lipca 2016 r. zmieniaj\u0105ce rozporz\u0105dzenie w&nbsp;sprawie komisji egzaminacyjnej do spraw aplikacji notarialnej oraz przeprowadzania egzaminu wst\u0119pnego i&nbsp;notarialnego (Dz. U. z&nbsp;2016 r., poz. 1105) &#8211; <strong>we<\/strong><strong>jdzie w&nbsp;<\/strong><strong>\u017cycie z&nbsp;<\/strong><strong>dniem<\/strong><strong> 3&nbsp;sierpnia&nbsp;2016 r.<\/strong><\/p>\n<p class=\"Omwienie\" style=\"text-align: justify;\">W rozporz\u0105dzeniu Ministra Sprawiedliwo\u015bci z&nbsp;dnia 19 wrze\u015bnia 2013 r. w&nbsp;sprawie komisji egzaminacyjnej do spraw aplikacji notarialnej oraz przeprowadzania egzaminu wst\u0119pnego i&nbsp;notarialnego (Dz. U. z&nbsp;2015 r. poz. 1196 i&nbsp;1225) zmianie ulegnie brzmienie &sect; 29 ust. 1, &sect; 30 ust. 2, w&nbsp;&sect; 8 dodaje si\u0119 ust. 3, w&nbsp;&sect; 11 dotychczasow\u0105 tre\u015b\u0107 oznacza si\u0119 jako ust.&nbsp;1&nbsp;i&nbsp;dodaje si\u0119 ust. 2-4.<\/p>\n<p class=\"Tekstpraswki\" style=\"text-align: justify;\"><strong>Rozporz\u0105dzenie <\/strong>Ministra Sprawiedliwo\u015bci z&nbsp;dnia 18 lipca 2016 r. zmieniaj\u0105ce rozporz\u0105dzenie w&nbsp;sprawie komisji egzaminacyjnej do spraw aplikacji adwokackiej oraz przeprowadzania egzaminu wst\u0119pnego (Dz. U. z&nbsp;2016 r., poz. 1103) &#8211; <strong>we<\/strong><strong>jdzie w&nbsp;<\/strong><strong>\u017cycie z&nbsp;<\/strong><strong>dniem<\/strong><strong> 3&nbsp;sierpnia&nbsp;2016 r.<\/strong><\/p>\n<p class=\"Omwienie\" style=\"text-align: justify;\">W rozporz\u0105dzeniu Ministra Sprawiedliwo\u015bci z&nbsp;dnia 9 czerwca 2009 r. w&nbsp;sprawie komisji egzaminacyjnej do spraw aplikacji adwokackiej oraz przeprowadzania egzaminu wst\u0119pnego (Dz. U. z&nbsp;2016 r. poz. 105) zmianie ulegnie brzmienie &sect; 19 ust. 1, &sect; 20 ust. 2, w&nbsp;&sect; 6 dodaje si\u0119 ust. 3, w&nbsp;&sect; 9 dotychczasow\u0105 tre\u015b\u0107 oznacza si\u0119 jako ust. 1 i&nbsp;dodaje si\u0119 ust. 2-4.<\/p>\n<p class=\"Tekstpraswki\" style=\"text-align: justify;\"><strong>Rozporz\u0105dzenie <\/strong>Ministra Sprawiedliwo\u015bci z&nbsp;dnia 19 lipca 2016 r. zmieniaj\u0105ce rozporz\u0105dzenie w&nbsp;sprawie komisji egzaminacyjnej do spraw aplikacji radcowskiej oraz przeprowadzania egzaminu wst\u0119pnego (Dz. U. z&nbsp;2016 r., poz. 1104) &#8211; <strong>we<\/strong><strong>jdzie w&nbsp;<\/strong><strong>\u017cycie z&nbsp;<\/strong><strong>dniem<\/strong><strong> 3&nbsp;sierpnia&nbsp;2016 r.<\/strong><\/p>\n<p class=\"Omwienie\" style=\"text-align: justify;\">W rozporz\u0105dzeniu Ministra Sprawiedliwo\u015bci z&nbsp;dnia 9 czerwca 2009 r. w&nbsp;sprawie komisji egzaminacyjnej do spraw aplikacji radcowskiej oraz przeprowadzania egzaminu wst\u0119pnego (Dz. U. z&nbsp;2016 r. poz. 146) zmianie ulegnie brzmienie &sect; 19 ust. 1, &sect; 20 ust. 2, w&nbsp;&sect; 6 dodaje si\u0119 ust. 3, w&nbsp;&sect; 9 dotychczasow\u0105 tre\u015b\u0107 oznacza si\u0119 jako ust. 1 i&nbsp;dodaje si\u0119 ust. 2-4.<\/p>\n<p>&nbsp;<\/p>\n<p class=\"Dziedzinaprawa\" style=\"text-align: justify;\"><strong>EMERYTURY I&nbsp;RENTY Z&nbsp;FUNDUSZU UBEZPIECZE\u0143 SPO\u0141ECZNYCH<\/strong><\/p>\n<p class=\"Tekstpraswki\" style=\"text-align: justify;\"><strong>Rozporz\u0105dzenie <\/strong>Rady Ministr&oacute;w z&nbsp;dnia 14 lipca 2016 r. w&nbsp;sprawie wysoko\u015bci zwi\u0119kszenia wska\u017anika waloryzacji emerytur i&nbsp;rent w&nbsp;2017 r. (Dz. U. z&nbsp;2016 r., poz.1097) &#8211; <strong>we<\/strong><strong>sz\u0142o w&nbsp;<\/strong><strong>\u017cycie z&nbsp;<\/strong><strong>dniem<\/strong><strong> 26 lipca&nbsp;2016 r.<\/strong><\/p>\n<p>&nbsp;<\/p>\n<p class=\"NowePrawo\" style=\"text-align: justify;\"><strong>_____Orzecznictwo<\/strong><\/p>\n<p class=\"SdNajwyszy\" style=\"text-align: justify;\"><strong>Trybuna\u0142 Konstytucyjny<\/strong><\/p>\n<p class=\"Dziedzinaprawa\" style=\"text-align: justify;\"><strong>DEKRET WARSZAWSKI &#8211; ZASADY ZWROTU NIERUCHOMO\u015aCI<\/strong><\/p>\n<p style=\"text-align: justify;\">Trybuna\u0142 Konstytucyjny uzna\u0142, \u017ce je\u015bli w\u0142adze publiczne dokona\u0142y w&nbsp;przesz\u0142o\u015bci rozporz\u0105dzenia nieruchomo\u015bci\u0105, przej\u0119t\u0105 na podstawie dekretu, na rzecz osoby trzeciej (art.214a pkt 2 u.g.n.), to uwzgl\u0119dnieniu roszczenia restytucyjnego by\u0142ego w\u0142a\u015bciciela nieruchomo\u015bci sprzeciwia si\u0119 nie tylko niemo\u017cliwo\u015b\u0107 prawna ustanowienie u\u017cytkowania wieczystego, ale tak\u017ce aksjologia (warto\u015bci) konstytucji. Uczynienie zado\u015b\u0107 roszczeniu dekretowemu wymaga\u0142oby bowiem pozbawienia praw innej osoby, nabytych w&nbsp;dobrej wierze zwykle kilkadziesi\u0105t lat temu. Trybuna\u0142 Konstytucyjny stwierdzi\u0142 r&oacute;wnie\u017c, i\u017c&nbsp;rozwi\u0105zanie przyj\u0119te w&nbsp;art. 214b u.g.n. zmierza do usuni\u0119cia, trwaj\u0105cego od kilkudziesi\u0119ciu lat, stanu zawieszenia co do sytuacji prawnej nieruchomo\u015bci. Umorzenie post\u0119powa\u0144 wszcz\u0119tych w&nbsp;okresie powojennym nie nast\u0119puje z&nbsp;mocy prawa, w&nbsp;spos&oacute;b automatyczny. Ustawodawca nakazuje organowi podj\u0105\u0107 realne dzia\u0142ania maj\u0105ce na celu ustalenie osoby wnioskodawcy lub jego nast\u0119pc&oacute;w prawnych i&nbsp;powiadomienie uprawnionych o&nbsp;tocz\u0105cym si\u0119 post\u0119powaniu. W&nbsp;sytuacji, gdy nie s\u0105 znane strony lub ich adresy, a&nbsp;sprawy zawis\u0142y cz\u0119sto od kilkudziesi\u0119ciu lat, poszukiwanie zainteresowanych przez og\u0142oszenie w&nbsp;prasie i&nbsp;internecie jest \u015brodkiem prawnym dobranym bardzo trafnie do zamierzonego celu. Nale\u017cy przyj\u0105\u0107, \u017ce bierno\u015b\u0107 os&oacute;b potencjalnie uprawnionych dostatecznie wyra\u017ca brak woli ubiegania si\u0119 o&nbsp;restytucj\u0119. Przewidziany w&nbsp;art.&nbsp;214b&nbsp;ust.&nbsp;2&nbsp;u.g.n. termin sze\u015bciu miesi\u0119cy jest wystarczaj\u0105cy do podj\u0119cia ewentualnych dzia\u0142a\u0144 przez osoby uprawnione <strong>&#8211; <\/strong><strong>Wyrok <\/strong><strong>Trybuna\u0142u Konstytucyjnego <\/strong><strong>z <\/strong><strong>dnia 19 lipca 2016 r.<\/strong><strong>, sygn. akt Kp 3\/15<\/strong><strong>.<\/strong><\/p>\n","protected":false},"excerpt":{"rendered":"<p>We would like to present the next issue of legal bulletin of the Law Office of Adam Polowiec.What you will find here is some information about the new provisions of law and the projects of amendments to acts, but also case-laws including the case laws of Supreme Court, Constitutional Tribunal and European Court of Justice.<\/p>\n","protected":false},"author":3,"featured_media":0,"comment_status":"closed","ping_status":"closed","sticky":false,"template":"","format":"standard","meta":{"footnotes":""},"categories":[],"tags":[],"class_list":["post-674","post","type-post","status-publish","format-standard","hentry"],"featured_image_src":{"landsacpe":false,"list":false,"medium":false,"full":false},"yoast_head":"<!-- This site is optimized with the Yoast SEO plugin v27.2 - https:\/\/yoast.com\/product\/yoast-seo-wordpress\/ -->\n<title>Legal Bulletin Of The Law Office Of Adam Polowiec (25 - 31 July 2016) - Polowiec i Wsp\u00f3lnicy - Kancelaria prawna<\/title>\n<meta name=\"robots\" content=\"index, follow, max-snippet:-1, max-image-preview:large, max-video-preview:-1\" \/>\n<link rel=\"canonical\" href=\"https:\/\/polowiec.pl\/en\/legal-bulletin-of-the-law-office-of-adam-polowiec-25-31-july-2016\/\" \/>\n<meta property=\"og:locale\" content=\"en_US\" \/>\n<meta property=\"og:type\" content=\"article\" \/>\n<meta property=\"og:title\" content=\"Legal Bulletin Of The Law Office Of Adam Polowiec (25 - 31 July 2016) - Polowiec i Wsp\u00f3lnicy - Kancelaria prawna\" \/>\n<meta property=\"og:description\" content=\"We would like to present the next issue of legal bulletin of the Law Office of Adam Polowiec.What you will find here is some information about the new provisions of law and the projects of amendments to acts, but also case-laws including the case laws of Supreme Court, Constitutional Tribunal and European Court of Justice.\" \/>\n<meta property=\"og:url\" content=\"https:\/\/polowiec.pl\/en\/legal-bulletin-of-the-law-office-of-adam-polowiec-25-31-july-2016\/\" \/>\n<meta property=\"og:site_name\" content=\"Polowiec i Wsp\u00f3lnicy - Kancelaria prawna\" \/>\n<meta property=\"article:publisher\" content=\"https:\/\/www.facebook.com\/polowieciwspolnicy\/\" \/>\n<meta property=\"article:published_time\" content=\"2016-08-03T11:15:12+00:00\" \/>\n<meta property=\"article:modified_time\" content=\"2019-04-18T14:33:46+00:00\" \/>\n<meta name=\"author\" content=\"Marcin Rusinek\" \/>\n<meta name=\"twitter:card\" content=\"summary_large_image\" \/>\n<meta name=\"twitter:label1\" content=\"Written by\" \/>\n\t<meta name=\"twitter:data1\" content=\"Marcin Rusinek\" \/>\n\t<meta name=\"twitter:label2\" content=\"Est. reading time\" \/>\n\t<meta name=\"twitter:data2\" content=\"16 minutes\" \/>\n<script type=\"application\/ld+json\" class=\"yoast-schema-graph\">{\"@context\":\"https:\/\/schema.org\",\"@graph\":[{\"@type\":\"Article\",\"@id\":\"https:\/\/polowiec.pl\/en\/legal-bulletin-of-the-law-office-of-adam-polowiec-25-31-july-2016\/#article\",\"isPartOf\":{\"@id\":\"https:\/\/polowiec.pl\/en\/legal-bulletin-of-the-law-office-of-adam-polowiec-25-31-july-2016\/\"},\"author\":{\"name\":\"Marcin Rusinek\",\"@id\":\"https:\/\/polowiec.pl\/en\/#\/schema\/person\/74c7526b6f52be5ae94031504f9ffec4\"},\"headline\":\"Legal Bulletin Of The Law Office Of Adam Polowiec (25 &#8211; 31 July 2016)\",\"datePublished\":\"2016-08-03T11:15:12+00:00\",\"dateModified\":\"2019-04-18T14:33:46+00:00\",\"mainEntityOfPage\":{\"@id\":\"https:\/\/polowiec.pl\/en\/legal-bulletin-of-the-law-office-of-adam-polowiec-25-31-july-2016\/\"},\"wordCount\":3291,\"publisher\":{\"@id\":\"https:\/\/polowiec.pl\/en\/#organization\"},\"inLanguage\":\"en-US\"},{\"@type\":\"WebPage\",\"@id\":\"https:\/\/polowiec.pl\/en\/legal-bulletin-of-the-law-office-of-adam-polowiec-25-31-july-2016\/\",\"url\":\"https:\/\/polowiec.pl\/en\/legal-bulletin-of-the-law-office-of-adam-polowiec-25-31-july-2016\/\",\"name\":\"Legal Bulletin Of The Law Office Of Adam Polowiec (25 - 31 July 2016) - Polowiec i Wsp\u00f3lnicy - Kancelaria prawna\",\"isPartOf\":{\"@id\":\"https:\/\/polowiec.pl\/en\/#website\"},\"datePublished\":\"2016-08-03T11:15:12+00:00\",\"dateModified\":\"2019-04-18T14:33:46+00:00\",\"breadcrumb\":{\"@id\":\"https:\/\/polowiec.pl\/en\/legal-bulletin-of-the-law-office-of-adam-polowiec-25-31-july-2016\/#breadcrumb\"},\"inLanguage\":\"en-US\",\"potentialAction\":[{\"@type\":\"ReadAction\",\"target\":[\"https:\/\/polowiec.pl\/en\/legal-bulletin-of-the-law-office-of-adam-polowiec-25-31-july-2016\/\"]}]},{\"@type\":\"BreadcrumbList\",\"@id\":\"https:\/\/polowiec.pl\/en\/legal-bulletin-of-the-law-office-of-adam-polowiec-25-31-july-2016\/#breadcrumb\",\"itemListElement\":[{\"@type\":\"ListItem\",\"position\":1,\"name\":\"Strona g\u0142\u00f3wna\",\"item\":\"https:\/\/polowiec.pl\/en\/\"},{\"@type\":\"ListItem\",\"position\":2,\"name\":\"Legal Bulletin Of The Law Office Of Adam Polowiec (25 &#8211; 31 July 2016)\"}]},{\"@type\":\"WebSite\",\"@id\":\"https:\/\/polowiec.pl\/en\/#website\",\"url\":\"https:\/\/polowiec.pl\/en\/\",\"name\":\"Polowiec i Wsp\u00f3lnicy - Kancelaria prawna\",\"description\":\"Obs\u0142uga prawna\",\"publisher\":{\"@id\":\"https:\/\/polowiec.pl\/en\/#organization\"},\"potentialAction\":[{\"@type\":\"SearchAction\",\"target\":{\"@type\":\"EntryPoint\",\"urlTemplate\":\"https:\/\/polowiec.pl\/en\/?s={search_term_string}\"},\"query-input\":{\"@type\":\"PropertyValueSpecification\",\"valueRequired\":true,\"valueName\":\"search_term_string\"}}],\"inLanguage\":\"en-US\"},{\"@type\":\"Organization\",\"@id\":\"https:\/\/polowiec.pl\/en\/#organization\",\"name\":\"Polowiec i Wsp\u00f3lnicy - Kancelaria prawna\",\"url\":\"https:\/\/polowiec.pl\/en\/\",\"logo\":{\"@type\":\"ImageObject\",\"inLanguage\":\"en-US\",\"@id\":\"https:\/\/polowiec.pl\/en\/#\/schema\/logo\/image\/\",\"url\":\"https:\/\/polowiec.pl\/wp-content\/uploads\/2018\/10\/polowiec_logo2-1.png\",\"contentUrl\":\"https:\/\/polowiec.pl\/wp-content\/uploads\/2018\/10\/polowiec_logo2-1.png\",\"width\":540,\"height\":381,\"caption\":\"Polowiec i Wsp\u00f3lnicy - Kancelaria prawna\"},\"image\":{\"@id\":\"https:\/\/polowiec.pl\/en\/#\/schema\/logo\/image\/\"},\"sameAs\":[\"https:\/\/www.facebook.com\/polowieciwspolnicy\/\",\"https:\/\/www.linkedin.com\/company\/polowiec-i-wsplnicy-sp.j.\/about\/\"]},{\"@type\":\"Person\",\"@id\":\"https:\/\/polowiec.pl\/en\/#\/schema\/person\/74c7526b6f52be5ae94031504f9ffec4\",\"name\":\"Marcin Rusinek\",\"image\":{\"@type\":\"ImageObject\",\"inLanguage\":\"en-US\",\"@id\":\"https:\/\/secure.gravatar.com\/avatar\/b50a0a5c3e71d904f5e57a757d39977d01c43e075c6bf5b4df909ffbbe004790?s=96&d=mm&r=g\",\"url\":\"https:\/\/secure.gravatar.com\/avatar\/b50a0a5c3e71d904f5e57a757d39977d01c43e075c6bf5b4df909ffbbe004790?s=96&d=mm&r=g\",\"contentUrl\":\"https:\/\/secure.gravatar.com\/avatar\/b50a0a5c3e71d904f5e57a757d39977d01c43e075c6bf5b4df909ffbbe004790?s=96&d=mm&r=g\",\"caption\":\"Marcin Rusinek\"}}]}<\/script>\n<!-- \/ Yoast SEO plugin. -->","yoast_head_json":{"title":"Legal Bulletin Of The Law Office Of Adam Polowiec (25 - 31 July 2016) - Polowiec i Wsp\u00f3lnicy - Kancelaria prawna","robots":{"index":"index","follow":"follow","max-snippet":"max-snippet:-1","max-image-preview":"max-image-preview:large","max-video-preview":"max-video-preview:-1"},"canonical":"https:\/\/polowiec.pl\/en\/legal-bulletin-of-the-law-office-of-adam-polowiec-25-31-july-2016\/","og_locale":"en_US","og_type":"article","og_title":"Legal Bulletin Of The Law Office Of Adam Polowiec (25 - 31 July 2016) - Polowiec i Wsp\u00f3lnicy - Kancelaria prawna","og_description":"We would like to present the next issue of legal bulletin of the Law Office of Adam Polowiec.What you will find here is some information about the new provisions of law and the projects of amendments to acts, but also case-laws including the case laws of Supreme Court, Constitutional Tribunal and European Court of Justice.","og_url":"https:\/\/polowiec.pl\/en\/legal-bulletin-of-the-law-office-of-adam-polowiec-25-31-july-2016\/","og_site_name":"Polowiec i Wsp\u00f3lnicy - Kancelaria prawna","article_publisher":"https:\/\/www.facebook.com\/polowieciwspolnicy\/","article_published_time":"2016-08-03T11:15:12+00:00","article_modified_time":"2019-04-18T14:33:46+00:00","author":"Marcin Rusinek","twitter_card":"summary_large_image","twitter_misc":{"Written by":"Marcin Rusinek","Est. reading time":"16 minutes"},"schema":{"@context":"https:\/\/schema.org","@graph":[{"@type":"Article","@id":"https:\/\/polowiec.pl\/en\/legal-bulletin-of-the-law-office-of-adam-polowiec-25-31-july-2016\/#article","isPartOf":{"@id":"https:\/\/polowiec.pl\/en\/legal-bulletin-of-the-law-office-of-adam-polowiec-25-31-july-2016\/"},"author":{"name":"Marcin Rusinek","@id":"https:\/\/polowiec.pl\/en\/#\/schema\/person\/74c7526b6f52be5ae94031504f9ffec4"},"headline":"Legal Bulletin Of The Law Office Of Adam Polowiec (25 &#8211; 31 July 2016)","datePublished":"2016-08-03T11:15:12+00:00","dateModified":"2019-04-18T14:33:46+00:00","mainEntityOfPage":{"@id":"https:\/\/polowiec.pl\/en\/legal-bulletin-of-the-law-office-of-adam-polowiec-25-31-july-2016\/"},"wordCount":3291,"publisher":{"@id":"https:\/\/polowiec.pl\/en\/#organization"},"inLanguage":"en-US"},{"@type":"WebPage","@id":"https:\/\/polowiec.pl\/en\/legal-bulletin-of-the-law-office-of-adam-polowiec-25-31-july-2016\/","url":"https:\/\/polowiec.pl\/en\/legal-bulletin-of-the-law-office-of-adam-polowiec-25-31-july-2016\/","name":"Legal Bulletin Of The Law Office Of Adam Polowiec (25 - 31 July 2016) - Polowiec i Wsp\u00f3lnicy - Kancelaria prawna","isPartOf":{"@id":"https:\/\/polowiec.pl\/en\/#website"},"datePublished":"2016-08-03T11:15:12+00:00","dateModified":"2019-04-18T14:33:46+00:00","breadcrumb":{"@id":"https:\/\/polowiec.pl\/en\/legal-bulletin-of-the-law-office-of-adam-polowiec-25-31-july-2016\/#breadcrumb"},"inLanguage":"en-US","potentialAction":[{"@type":"ReadAction","target":["https:\/\/polowiec.pl\/en\/legal-bulletin-of-the-law-office-of-adam-polowiec-25-31-july-2016\/"]}]},{"@type":"BreadcrumbList","@id":"https:\/\/polowiec.pl\/en\/legal-bulletin-of-the-law-office-of-adam-polowiec-25-31-july-2016\/#breadcrumb","itemListElement":[{"@type":"ListItem","position":1,"name":"Strona g\u0142\u00f3wna","item":"https:\/\/polowiec.pl\/en\/"},{"@type":"ListItem","position":2,"name":"Legal Bulletin Of The Law Office Of Adam Polowiec (25 &#8211; 31 July 2016)"}]},{"@type":"WebSite","@id":"https:\/\/polowiec.pl\/en\/#website","url":"https:\/\/polowiec.pl\/en\/","name":"Polowiec i Wsp\u00f3lnicy - Kancelaria prawna","description":"Obs\u0142uga prawna","publisher":{"@id":"https:\/\/polowiec.pl\/en\/#organization"},"potentialAction":[{"@type":"SearchAction","target":{"@type":"EntryPoint","urlTemplate":"https:\/\/polowiec.pl\/en\/?s={search_term_string}"},"query-input":{"@type":"PropertyValueSpecification","valueRequired":true,"valueName":"search_term_string"}}],"inLanguage":"en-US"},{"@type":"Organization","@id":"https:\/\/polowiec.pl\/en\/#organization","name":"Polowiec i Wsp\u00f3lnicy - Kancelaria prawna","url":"https:\/\/polowiec.pl\/en\/","logo":{"@type":"ImageObject","inLanguage":"en-US","@id":"https:\/\/polowiec.pl\/en\/#\/schema\/logo\/image\/","url":"https:\/\/polowiec.pl\/wp-content\/uploads\/2018\/10\/polowiec_logo2-1.png","contentUrl":"https:\/\/polowiec.pl\/wp-content\/uploads\/2018\/10\/polowiec_logo2-1.png","width":540,"height":381,"caption":"Polowiec i Wsp\u00f3lnicy - Kancelaria prawna"},"image":{"@id":"https:\/\/polowiec.pl\/en\/#\/schema\/logo\/image\/"},"sameAs":["https:\/\/www.facebook.com\/polowieciwspolnicy\/","https:\/\/www.linkedin.com\/company\/polowiec-i-wsplnicy-sp.j.\/about\/"]},{"@type":"Person","@id":"https:\/\/polowiec.pl\/en\/#\/schema\/person\/74c7526b6f52be5ae94031504f9ffec4","name":"Marcin Rusinek","image":{"@type":"ImageObject","inLanguage":"en-US","@id":"https:\/\/secure.gravatar.com\/avatar\/b50a0a5c3e71d904f5e57a757d39977d01c43e075c6bf5b4df909ffbbe004790?s=96&d=mm&r=g","url":"https:\/\/secure.gravatar.com\/avatar\/b50a0a5c3e71d904f5e57a757d39977d01c43e075c6bf5b4df909ffbbe004790?s=96&d=mm&r=g","contentUrl":"https:\/\/secure.gravatar.com\/avatar\/b50a0a5c3e71d904f5e57a757d39977d01c43e075c6bf5b4df909ffbbe004790?s=96&d=mm&r=g","caption":"Marcin Rusinek"}}]}},"_links":{"self":[{"href":"https:\/\/polowiec.pl\/en\/wp-json\/wp\/v2\/posts\/674","targetHints":{"allow":["GET"]}}],"collection":[{"href":"https:\/\/polowiec.pl\/en\/wp-json\/wp\/v2\/posts"}],"about":[{"href":"https:\/\/polowiec.pl\/en\/wp-json\/wp\/v2\/types\/post"}],"author":[{"embeddable":true,"href":"https:\/\/polowiec.pl\/en\/wp-json\/wp\/v2\/users\/3"}],"replies":[{"embeddable":true,"href":"https:\/\/polowiec.pl\/en\/wp-json\/wp\/v2\/comments?post=674"}],"version-history":[{"count":0,"href":"https:\/\/polowiec.pl\/en\/wp-json\/wp\/v2\/posts\/674\/revisions"}],"wp:attachment":[{"href":"https:\/\/polowiec.pl\/en\/wp-json\/wp\/v2\/media?parent=674"}],"wp:term":[{"taxonomy":"category","embeddable":true,"href":"https:\/\/polowiec.pl\/en\/wp-json\/wp\/v2\/categories?post=674"},{"taxonomy":"post_tag","embeddable":true,"href":"https:\/\/polowiec.pl\/en\/wp-json\/wp\/v2\/tags?post=674"}],"curies":[{"name":"wp","href":"https:\/\/api.w.org\/{rel}","templated":true}]}}