{"id":688,"date":"2016-08-30T08:40:21","date_gmt":"2016-08-30T06:40:21","guid":{"rendered":"https:\/\/nowa.polowiec.pl\/legal-bulletin-of-the-law-office-of-adam-polowiec-15-21-august-2016\/"},"modified":"2019-04-18T16:32:55","modified_gmt":"2019-04-18T14:32:55","slug":"legal-bulletin-of-the-law-office-of-adam-polowiec-15-21-august-2016","status":"publish","type":"post","link":"https:\/\/polowiec.pl\/en\/legal-bulletin-of-the-law-office-of-adam-polowiec-15-21-august-2016\/","title":{"rendered":"Legal Bulletin Of The Law Office Of Adam Polowiec (15 &#8211; 21 August 2016)"},"content":{"rendered":"<p>We would like to present the next issue of legal bulletin of the Law Office of Adam Polowiec.<br \/>What you will find here is some information about the new provisions of law and the projects of amendments to acts, but also case-laws including the case laws of Supreme Court, Constitutional Tribunal and European Court of Justice.<\/p>\n<p>  <!--more-->  <\/p>\n<p class=\"NowePrawo\" style=\"text-align: justify;\"><strong>_____Nowe Prawo<\/strong><\/p>\n<p class=\"Dziedzinaprawa\" style=\"text-align: justify;\"><strong>GOSPODARKA NIERUCHOMO\u015aCIAMI, KODEKS RODZINNY I&nbsp;OPIEKU\u0143CZY<\/strong><\/p>\n<p class=\"Tekstpraswki0\" style=\"text-align: justify;\"><strong>Ustawa<\/strong> z&nbsp;dnia 25 czerwca 2015 r. o&nbsp;zmianie ustawy o&nbsp;gospodarce nieruchomo\u015bciami oraz ustawy &ndash; Kodeks rodzinny i&nbsp;opieku\u0144czy (Dz. U. z&nbsp;2016 r., poz. 1271) <strong>&ndash; wejdzie w&nbsp;\u017cycie z&nbsp;dniem 17 wrze\u015bnia 2016 r.<\/strong><\/p>\n<p class=\"Omwienie\" style=\"text-align: justify;\">W ustawie z&nbsp;dnia 21 sierpnia 1997 r. o&nbsp;gospodarce nieruchomo\u015bciami (Dz.U.z2015r.poz. 782) zmianie ulegnie brzmienie art. 214 ust. 1, dodany zostanie art. 111a, art. 214a i&nbsp;art. 214b.<\/p>\n<p class=\"Omwienie\" style=\"text-align: justify;\">W ustawie z&nbsp;dnia 25 lutego 1964 r. &#8211; Kodeks rodzinny i&nbsp;opieku\u0144czy (Dz.&nbsp;U.&nbsp;z&nbsp;2015&nbsp;r.&nbsp;poz.&nbsp;583) w&nbsp;art. 184 dodaje si\u0119 &sect; 3.<\/p>\n<p>&nbsp;<\/p>\n<p class=\"Dziedzinaprawa\" style=\"text-align: justify;\"><strong>PRAWO PODATKOWE<\/strong><\/p>\n<p class=\"Tekstpraswki0\" style=\"text-align: justify;\"><strong>Rozporz\u0105dzenie <\/strong>Ministra Finans&oacute;w z&nbsp;dnia 9 sierpnia 2016 r.w sprawie wyznaczenia naczelnik&oacute;w urz\u0119d&oacute;w celnych w\u0142a\u015bciwych w&nbsp;sprawie orzekania o&nbsp;zwrocie cz\u0119\u015bci zap\u0142aconego podatku akcyzowego zak\u0142adowi energoch\u0142onnemu (Dz.&nbsp;U.&nbsp;z&nbsp;2016&nbsp;r.,&nbsp;poz.&nbsp;1231)<strong> &ndash; wejdzie w&nbsp;\u017cycie z&nbsp;dniem 27 sierpnia 2016 r.<\/strong><\/p>\n<p>&nbsp;<\/p>\n<p class=\"Dziedzinaprawa\" style=\"text-align: justify;\"><strong>PRAWO CELNE<\/strong><\/p>\n<p class=\"Tekstpraswki0\" style=\"text-align: justify;\"><strong>Ustawa <\/strong>z dnia 22 czerwca 2016 r. o&nbsp;zmianie ustawy &#8211; Prawo celne oraz niekt&oacute;rych innych ustaw (Dz. U. z&nbsp;2016 r., poz. 1228)<strong> &ndash; wejdzie w&nbsp;\u017cycie z&nbsp;dniem 20&nbsp;sierpnia&nbsp;2016 r.<\/strong><\/p>\n<p class=\"Omwienie\" style=\"text-align: justify;\">W ustawie z&nbsp;dnia 19 marca 2004 r. &#8211; Prawo celne (Dz. U. z&nbsp;2015 r. poz. 858, 1649, 1844 i&nbsp;1893 oraz z&nbsp;2016 r. poz. 65) zmianie ulegnie brzmienie art. 1, art. 2, art. 4, art. 5 ust.&nbsp;1, art. 9, art. 10, art. 11, art. 13a, tytu\u0142u rozdzia\u0142u 2, art. 14, art. 15, art. 19 ust. 2 i&nbsp;3, art. 20, art. 21, art. 26, art. 27, art. 28a, art. 30, art. 31, art. 33, art. 35 ust. 1 pkt 1 i&nbsp;2, art. 37 ust. 3, art. 52, art. 54, art. 56, art. 57a ust. 1, art. 59, art. 63a, art. 65, art.&nbsp;65a, art. 65b, art. 66 ust. 1, art. 67, art. 70 ust. 1, art. 73, art. 76, art. 77, art. 80 ust. 7, art. 82 ust. 1, art. 83, art. 84, art. 90, art. 91, art. 92, art. 93a ust. 1 i&nbsp;2, art. 93b ust. 3 i&nbsp;4, art. 96, tytu\u0142u rozdzia\u0142u 8, art. 97-100, art. 101 w&nbsp;ust. 1 wprowadzenie do wyliczenia, art. 102, dodany zostanie art. 8a, art. 10a i&nbsp;art. 10b, art. 17a, art. 35a i&nbsp;art.&nbsp;35b, rozdzia\u0142 4a, art. 73b i&nbsp;art. 73c, art. 90b-90e, uchylony zostanie art. 6-8, art.&nbsp;12 i&nbsp;art. 13, art. 16, art. 18, art. 21a i&nbsp;art. 22, w&nbsp;art. 23 uchyla si\u0119 ust. 2-5, w&nbsp;art.&nbsp;24 w&nbsp;ust. 2 uchyla si\u0119 zdanie drugie, uchylony zostanie art. 25, art. 28, art. 29, w&nbsp;art. 32 uchyla si\u0119 ust. 4, uchylony zostanie art. 51, art. 60, w&nbsp;art. 61 uchyla si\u0119 ust. 5, uchylony zostanie art. 68a, w&nbsp;art. 69 w&nbsp;ust. 1 w&nbsp;pkt 4 uchyla si\u0119 lit. a, uchylony zostanie art. 73a, art. 75, art. 78, art. 85, art. 87, art. 90a, art. 95a.<\/p>\n<p class=\"Omwienie\" style=\"text-align: justify;\">W ustawie z&nbsp;dnia 17 czerwca 1966 r. o&nbsp;post\u0119powaniu egzekucyjnym w&nbsp;administracji (Dz.&nbsp;U. z&nbsp;2016 r. poz. 599 i&nbsp;868) zmianie ulegnie brzmienie art. 3a.<\/p>\n<p class=\"Omwienie\" style=\"text-align: justify;\">W ustawie z&nbsp;dnia 30 maja 1989 r. o&nbsp;izbach gospodarczych (Dz. U. z&nbsp;2009 r. poz. 710 oraz z&nbsp;2014 r. poz. 1662) zmianie ulegnie brzmienie art. 12 ust. 5.<\/p>\n<p class=\"Omwienie\" style=\"text-align: justify;\">W ustawie z&nbsp;dnia 29 sierpnia 1997 r. &#8211; Ordynacja podatkowa (Dz. U. z&nbsp;2015 r. poz. 613, z&nbsp;p&oacute;\u017an. zm.) zmianie ulegnie brzmienie art. 147a, art. 165 &sect; 6, art. 166a, art. 138b uchyla si\u0119 &sect; 2, uchylony zostanie art. 204a.<\/p>\n<p class=\"Omwienie\" style=\"text-align: justify;\">W ustawie z&nbsp;dnia 10 wrze\u015bnia 1999 r. &#8211; Kodeks karny skarbowy (Dz. U. z&nbsp;2013 r. poz. 186, z&nbsp;p&oacute;\u017an. zm.) zmianie ulegnie brzmienie art. 53 &sect; 32, art. 64 &sect; 6, art. 88 &sect; 1, art. 93 &sect; 2.<\/p>\n<p class=\"Omwienie\" style=\"text-align: justify;\">W ustawie z&nbsp;dnia 9 wrze\u015bnia 2000 r. o&nbsp;podatku od czynno\u015bci cywilnoprawnych (Dz.&nbsp;U.&nbsp;z&nbsp;2016 r. poz. 223) zmianie ulegnie brzmienie art. 2 pkt 5 lit. a.<\/p>\n<p class=\"Omwienie\" style=\"text-align: justify;\">W ustawie z&nbsp;dnia 29 listopada 2000 r. o&nbsp;obrocie z&nbsp;zagranic\u0105 towarami, technologiami i&nbsp;us\u0142ugami o&nbsp;znaczeniu strategicznym dla bezpiecze\u0144stwa pa\u0144stwa, a&nbsp;tak\u017ce dla utrzymania mi\u0119dzynarodowego pokoju i&nbsp;bezpiecze\u0144stwa (Dz. U. z&nbsp;2013 r. poz. 194) zmianie ulegnie brzmienie art. 3, art. 9 ust. 3 pkt 3, art. 14 ust. 3.<\/p>\n<p class=\"Omwienie\" style=\"text-align: justify;\">W ustawie z&nbsp;dnia 21 grudnia 2000 r. o&nbsp;dozorze technicznym (Dz. U. z&nbsp;2015 r. poz. 1125 oraz z&nbsp;2016 r. poz. 1165) zmianie ulegnie brzmienie art. 20 ust. 6.<\/p>\n<p class=\"Omwienie\" style=\"text-align: justify;\">W ustawie z&nbsp;dnia 30 sierpnia 2002 r. o&nbsp;systemie oceny zgodno\u015bci (Dz. U. z&nbsp;2016 r. poz.&nbsp;655) zmianie ulegnie brzmienie art. 43a, art. 43b.<\/p>\n<p class=\"Omwienie\" style=\"text-align: justify;\">W ustawie z&nbsp;dnia 27 sierpnia 2003 r. o&nbsp;weterynaryjnej kontroli granicznej (Dz.&nbsp;U.&nbsp;z&nbsp;2014&nbsp;r. poz. 424 i&nbsp;1662) zmianie ulegnie brzmienie art. 2 w&nbsp;ust. 1, art. 5 ust. 2 i&nbsp;3, art. 7, art. 8 ust. 3, art. 10 w&nbsp;ust. 3a wprowadzenie do wyliczenia, art. 11 ust. 7 pkt 1, art. 19 ust. 1 pkt 2, art. 22, art. 24, art. 25, art. 27, art. 28, art. 29, art. 31, art. 36, art. 41 ust. 1, art. 46, art. 47 pkt 2.<\/p>\n<p class=\"Omwienie\" style=\"text-align: justify;\">W ustawie z&nbsp;dnia 12 grudnia 2003 r. o&nbsp;og&oacute;lnym bezpiecze\u0144stwie produkt&oacute;w (Dz.&nbsp;U.&nbsp;z&nbsp;2015 r. poz. 322 oraz z&nbsp;2016 r. poz. 542) zmianie ulegnie brzmienie art. 33.<\/p>\n<p class=\"Omwienie\" style=\"text-align: justify;\">W ustawie z&nbsp;dnia 18 grudnia 2003 r. o&nbsp;ochronie ro\u015blin (Dz. U. z&nbsp;2016 r. poz. 17 i&nbsp;50) zmianie ulegnie brzmienie art. 24 ust. 5b, art. 29 ust. 4.<\/p>\n<p class=\"Omwienie\" style=\"text-align: justify;\">W ustawie z&nbsp;dnia 11 marca 2004 r. o&nbsp;podatku od towar&oacute;w i&nbsp;us\u0142ug (Dz. U. z&nbsp;2016 r. poz.&nbsp;710, 846, 960, 1052 i&nbsp;1206) zmianie ulegnie brzmienie art. 17 ust. 1 pkt 2, art.&nbsp;19a, art. 26a ust. 2, art. 30b, art. 33, art. 33a, art. 33b ust. 1, art. 37, art. 45, art.&nbsp;83 ust. 1 pkt 22 wprowadzenie do wyliczenia, art. 86 ust. 10d pkt 1, w&nbsp;art. 41 dodaje si\u0119 ust. 6b.<\/p>\n<p class=\"Omwienie\" style=\"text-align: justify;\">W ustawie z&nbsp;dnia 16 kwietnia 2004 r. o&nbsp;administrowaniu obrotem towarowym z&nbsp;zagranic\u0105 (Dz. U. poz. 963, z&nbsp;2005 r. poz. 115 oraz z&nbsp;2006 r. poz. 546) zmianie ulegnie brzmienie art. 2, art. 3 ust. 1, art. 8f ust. 1 pkt 2.<\/p>\n<p class=\"Omwienie\" style=\"text-align: justify;\">W ustawie z&nbsp;dnia 2 lipca 2004 r. o&nbsp;swobodzie dzia\u0142alno\u015bci gospodarczej (Dz.&nbsp;U.&nbsp;z&nbsp;2015&nbsp;r.&nbsp;poz. 584, z&nbsp;p&oacute;\u017an. zm.) zmianie ulegnie brzmienie art. 84a pkt 4.<\/p>\n<p class=\"Omwienie\" style=\"text-align: justify;\">W ustawie z&nbsp;dnia 10 marca 2006 r. o&nbsp;administrowaniu obrotem us\u0142ugowym z&nbsp;zagranic\u0105 (Dz. U. poz. 546) zmianie ulegnie brzmienie art. 2, art. 10 pkt 1, art. 11.<\/p>\n<p class=\"Omwienie\" style=\"text-align: justify;\">W ustawie z&nbsp;dnia 22 lipca 2006 r. o&nbsp;paszach (Dz. U. z&nbsp;2014 r. poz. 398 oraz z&nbsp;2015 r. poz. 1893) zmianie ulegnie brzmienie art. 47 ust. 4.<\/p>\n<p class=\"Omwienie\" style=\"text-align: justify;\">W ustawie z&nbsp;dnia 25 sierpnia 2006 r. o&nbsp;bezpiecze\u0144stwie \u017cywno\u015bci i&nbsp;\u017cywienia (Dz.&nbsp;U.&nbsp;z&nbsp;2015 r. poz. 594 i&nbsp;1893 oraz z&nbsp;2016 r. poz. 65) zmianie ulegnie brzmienie art.&nbsp;82 ust. 3, art. 83 ust. 2 pkt 2.<\/p>\n<p class=\"Omwienie\" style=\"text-align: justify;\">W ustawie z&nbsp;dnia 6 grudnia 2008 r. o&nbsp;podatku akcyzowym (Dz. U. z&nbsp;2014 r. poz. 752, z&nbsp;p&oacute;\u017an. zm.) zmianie ulegnie brzmienie art. 2 ust. 1, art. 7c, art. 27, art. 28, art. 57 ust.&nbsp;4, art. 82 ust. 4 pkt 2, art. 100 ust. 6, art. 104 ust. 2 i&nbsp;3, art. 117 ust. 2 pkt 1, art.&nbsp;118, dodany zostanie art. 29a, w&nbsp;art. 7i uchyla si\u0119 pkt 2, uchylony zostanie art. 7b, w&nbsp;art. 84 uchyla si\u0119 ust. 1a.<\/p>\n<p class=\"Omwienie\" style=\"text-align: justify;\">W ustawie z&nbsp;dnia 27 sierpnia 2009 r. o&nbsp;S\u0142u\u017cbie Celnej (Dz. U. z&nbsp;2015 r. poz. 990, z&nbsp;p&oacute;\u017an.&nbsp;zm.) zmianie ulegnie brzmienie art. 2, art. 7, art. 20 ust. 1 pkt 1, art. 31 ust. 2, art. 34 ust. 1 pkt 2 lit. a, art. 49 ust. 3 pkt 1, art. 53, tytu\u0142u rozdzia\u0142u 4, art. 56, art. 58, art. 59 i&nbsp;art. 60, art. 61a, art. 63, art. 64, art. 65, dodany zostanie art. 56a, art. 58a, art. 63a, uchylony zostanie art. 57, art. 61, art. 61b-62.<\/p>\n<p class=\"Omwienie\" style=\"text-align: justify;\">W ustawie z&nbsp;dnia 20 maja 2010 r. o&nbsp;wyrobach medycznych (Dz. U. z&nbsp;2015 r. poz. 876 i&nbsp;1918 oraz z&nbsp;2016 r. poz. 542) zmianie ulegnie brzmienie art. 17 ust. 5, w&nbsp;art. 68 uchyla si\u0119 ust. 4c i&nbsp;4d.<\/p>\n<p class=\"Omwienie\" style=\"text-align: justify;\">W ustawie z&nbsp;dnia 19 sierpnia 2011 r. o&nbsp;us\u0142ugach p\u0142atniczych (Dz. U. z&nbsp;2014 r. poz. 873 i&nbsp;1916 oraz z&nbsp;2015 r. poz. 1764, 1830 i&nbsp;1893) zmianie ulegnie brzmienie art. 55 ust. 1.<\/p>\n<p class=\"Omwienie\" style=\"text-align: justify;\">W ustawie z&nbsp;dnia 13 kwietnia 2016 r. o&nbsp;systemach oceny zgodno\u015bci i&nbsp;nadzoru rynku (Dz.U. poz. 542) w&nbsp;art. 87 uchyla si\u0119 ust. 5 i&nbsp;6.<\/p>\n<p>&nbsp;<\/p>\n<p class=\"Dziedzinaprawa\" style=\"text-align: justify;\"><strong>PRAWO O&nbsp;AKTACH STANU CYWILNEGO<\/strong><\/p>\n<p class=\"Tekstpraswki0\" style=\"text-align: justify;\"><strong>Ustawa <\/strong>z dnia 6 lipca 2016 r. o&nbsp;zmianie ustawy &#8211; Prawo o&nbsp;aktach stanu cywilnego (Dz.&nbsp;U. z&nbsp;2016 r., poz. 1221)<strong> &ndash; wejdzie w&nbsp;\u017cycie z&nbsp;dniem 27&nbsp;sierpnia&nbsp;2016 r., z&nbsp;wyj\u0105tkiem art. 1 pkt 2 w&nbsp;zakresie art. 39a, pkt 3, pkt 10 w&nbsp;zakresie art. 127a, oraz art. 3 ust. 1, kt&oacute;re wchodz\u0105 w&nbsp;\u017cycie z&nbsp;dniem 1 pa\u017adziernika 2016 r.<\/strong><\/p>\n<p class=\"Omwienie\" style=\"text-align: justify;\">W ustawie z&nbsp;dnia 28 listopada 2014 r. &#8211; Prawo o&nbsp;aktach stanu cywilnego (Dz.U.poz.1741 i&nbsp;1888 oraz z&nbsp;2015 r. poz. 262, 1087, 1274 i&nbsp;2281) zmianie ulegnie brzmienie art. 32 ust. 4, art. 41, art. 47 ust. 1, art. 106 ust. 4, art. 127, dodany zostanie art. 39a, art. 39b, w&nbsp;art. 81 dotychczasow\u0105 tre\u015b\u0107 oznacza si\u0119 jako ust. 1 i&nbsp;dodaje si\u0119 ust. 2 i&nbsp;3, w&nbsp;art. 104 dodaje si\u0119 ust. 4a, dodany zostanie art. 124a, art. 127a, art. 127b, w&nbsp;art. 145 uchyla si\u0119 ust. 13.<\/p>\n<p>&nbsp;<\/p>\n<p class=\"Dziedzinaprawa\" style=\"text-align: justify;\"><strong>PRAWO KARNE<\/strong><\/p>\n<p class=\"Tekstpraswki0\" style=\"text-align: justify;\"><strong>Rozporz\u0105dzenie<\/strong> Ministra Sprawiedliwo\u015bci z&nbsp;dnia 29 lipca 2016 r. zmieniaj\u0105ce rozporz\u0105dzenie w&nbsp;sprawie wykazu przedmiot&oacute;w, kt&oacute;re w&nbsp;razie orzeczenia ich przepadku przekazuje si\u0119 bezpo\u015brednio innym organom ni\u017c w\u0142a\u015bciwy urz\u0105d skarbowy (Dz.&nbsp;U.&nbsp;z&nbsp;2016&nbsp;r., poz. 1214) <strong>&ndash; wejdzie w&nbsp;\u017cycie z&nbsp;dniem 26 sierpnia&nbsp;2016 r.<\/strong><\/p>\n<p class=\"Omwienie\" style=\"text-align: justify;\">W rozporz\u0105dzeniu Ministra Sprawiedliwo\u015bci z&nbsp;dnia 8 wrze\u015bnia 2003 r. w&nbsp;sprawie wykazu przedmiot&oacute;w, kt&oacute;re w&nbsp;razie orzeczenia ich przepadku przekazuje si\u0119 bezpo\u015brednio innym organom ni\u017c w\u0142a\u015bciwy urz\u0105d skarbowy (Dz. U. poz. 1635) zmianie ulegnie brzmienie &sect; 1.<\/p>\n<p>&nbsp;<\/p>\n<p class=\"Dziedzinaprawa\" style=\"text-align: justify;\"><strong>KODEKS POST\u0118POWANIA CYWILNEGO<\/strong><\/p>\n<p class=\"Tekstpraswki0\" style=\"text-align: justify;\"><strong>Rozporz\u0105dzenie<\/strong> Ministra Sprawiedliwo\u015bci z&nbsp;dnia 29 lipca 2016 r. zmieniaj\u0105ce rozporz\u0105dzenie w&nbsp;sprawie okre\u015blenia wzor&oacute;w i&nbsp;sposobu udost\u0119pniania urz\u0119dowych formularzy pism procesowych w&nbsp;post\u0119powaniu cywilnym (Dz. U. z&nbsp;2016 r., poz. 1213)<strong> &ndash; wejdzie w&nbsp;\u017cycie z&nbsp;dniem 26 sierpnia&nbsp;2016 r.<\/strong><\/p>\n<p class=\"Omwienie\" style=\"text-align: justify;\">W rozporz\u0105dzeniu Ministra Sprawiedliwo\u015bci z&nbsp;dnia 5 kwietnia 2012 r. w&nbsp;sprawie okre\u015blenia wzor&oacute;w i&nbsp;sposobu udost\u0119pniania urz\u0119dowych formularzy pism procesowych wpost\u0119powaniu cywilnym (Dz. U. z&nbsp;2015 r. poz. 723 oraz z&nbsp;2016 r. poz. 269) zmianie ulegnie brzmienie za\u0142\u0105cznik&oacute;w nr 1, 2 i&nbsp;5.<\/p>\n<p class=\"Tekstpraswki0\" style=\"text-align: justify;\"><strong>Rozporz\u0105dzenie<\/strong> Ministra Sprawiedliwo\u015bci z&nbsp;dnia 29 lipca 2016 r. w&nbsp;sprawie sposobu prowadzenia egzekucji grzywien i&nbsp;kar pieni\u0119\u017cnych orzeczonych w&nbsp;post\u0119powaniu cywilnym, a&nbsp;tak\u017ce koszt&oacute;w s\u0105dowych w&nbsp;sprawach cywilnych, przys\u0142uguj\u0105cych Skarbowi Pa\u0144stwa (Dz. U. z&nbsp;2016 r., poz. 1227)<strong> &ndash; wejdzie w&nbsp;\u017cycie z&nbsp;dniem 8 wrze\u015bnia&nbsp;2016 r.<\/strong><\/p>\n<p class=\"Tekstpraswki0\" style=\"text-align: justify;\"><strong>Rozporz\u0105dzenie<\/strong> Ministra Sprawiedliwo\u015bci z&nbsp;dnia 5 sierpnia 2016 r. w&nbsp;sprawie szczeg&oacute;\u0142owego sposobu przeprowadzenia opisu i&nbsp;oszacowania nieruchomo\u015bci (Dz.&nbsp;U.&nbsp;z&nbsp;2016 r., poz. 1263)<strong> &ndash; wejdzie w&nbsp;\u017cycie z&nbsp;dniem 8 wrze\u015bnia&nbsp;2016 r.<\/strong><\/p>\n<p>&nbsp;<\/p>\n<p class=\"Dziedzinaprawa\" style=\"text-align: justify;\"><strong>PRAWO O&nbsp;PROKURATURZE<\/strong><\/p>\n<p class=\"Tekstpraswki0\" style=\"text-align: justify;\"><strong>Rozporz\u0105dzenie<\/strong> Ministra Sprawiedliwo\u015bci z&nbsp;dnia 29 lipca 2016 r.w sprawie oceny kwalifikacji kandydat&oacute;w na wolne stanowisko prokuratorskie (Dz.&nbsp;U.&nbsp;z&nbsp;2016&nbsp;r.,&nbsp;poz.&nbsp;1216)<strong> &ndash; wejdzie w&nbsp;\u017cycie z&nbsp;dniem 26 sierpnia&nbsp;2016 r.<\/strong><\/p>\n<p class=\"Tekstpraswki0\" style=\"text-align: justify;\"><strong>Rozporz\u0105dzenie<\/strong> Ministra Sprawiedliwo\u015bci z&nbsp;dnia 5 sierpnia 2016 r. w&nbsp;sprawie szczeg&oacute;\u0142owego zakresu i&nbsp;sposobu wykonywania czynno\u015bci przez asystent&oacute;w i&nbsp;starszych asystent&oacute;w prokurator&oacute;w (Dz. U. z&nbsp;2016 r., poz. 1260)<strong> &ndash; wejdzie w&nbsp;\u017cycie z&nbsp;dniem 1&nbsp;wrze\u015bnia&nbsp;2016 r.<\/strong><\/p>\n<p>&nbsp;<\/p>\n<p class=\"Dziedzinaprawa\" style=\"text-align: justify;\"><strong>PRAWO ADMINISTRACYJNE<\/strong><\/p>\n<p class=\"Tekstpraswki0\" style=\"text-align: justify;\"><strong>Ustawa <\/strong>z dnia 7 lipca 2016 r. o&nbsp;zmianie ustawy o&nbsp;dzia\u0142ach administracji rz\u0105dowej oraz niekt&oacute;rych innych ustaw (Dz. U. z&nbsp;2016 r., poz. 1250)<strong> &ndash; wejdzie w&nbsp;\u017cycie z&nbsp;dniem 31&nbsp;sierpnia&nbsp;2016 r., z&nbsp;wyj\u0105tkiem art. 58 ust. 2 i&nbsp;art. 59 ust. 2, kt&oacute;re wchodz\u0105 w&nbsp;\u017cycie z&nbsp;dniem nast\u0119puj\u0105cym po dniu og\u0142oszenia.<\/strong><\/p>\n<p class=\"Omwienie\" style=\"text-align: justify;\">W ustawie z&nbsp;dnia 4 wrze\u015bnia 1997 r. o&nbsp;dzia\u0142ach administracji rz\u0105dowej (Dz.U.z2016r.poz. 543, 749 i&nbsp;1020) zmianie ulegnie brzmienie art. 9a ust. 1 pkt 6, art. 23a.<\/p>\n<p class=\"Omwienie\" style=\"text-align: justify;\">W ustawie z&nbsp;dnia 31 stycznia 1959 r. o&nbsp;cmentarzach i&nbsp;chowaniu zmar\u0142ych (Dz.&nbsp;U.&nbsp;z&nbsp;2015&nbsp;r. poz. 2126 i&nbsp;2281 oraz z&nbsp;2016 r. poz. 749) zmianie ulegnie brzmienie art. 20 ust. 1 wprowadzenie do wyliczenia, art. 21 ust. 2, w&nbsp;art. 12 w&nbsp;ust. 4 wyrazy &#8220;Minister w\u0142a\u015bciwy do spraw budownictwa, lokalnego planowania i&nbsp;zagospodarowania przestrzennego oraz mieszkalnictwa&#8221; zast\u0119puje si\u0119 wyrazami &#8220;Minister w\u0142a\u015bciwy do spraw budownictwa, planowania i&nbsp;zagospodarowania przestrzennego oraz mieszkalnictwa&#8221;.<\/p>\n<p class=\"Omwienie\" style=\"text-align: justify;\">W ustawie z&nbsp;dnia 16 wrze\u015bnia 1982 r. &#8211; Prawo sp&oacute;\u0142dzielcze (Dz. U. z&nbsp;2016 r. poz.&nbsp;21&nbsp;i&nbsp;996) w&nbsp;art. 93a w&nbsp;&sect; 1 wyrazy &#8220;Minister w\u0142a\u015bciwy do spraw budownictwa, lokalnego planowania i&nbsp;zagospodarowania przestrzennego oraz mieszkalnictwa&#8221; zast\u0119puje si\u0119 wyrazami &#8220;Minister w\u0142a\u015bciwy do spraw budownictwa, planowania i&nbsp;zagospodarowania przestrzennego oraz mieszkalnictwa&#8221;.<\/p>\n<p class=\"Omwienie\" style=\"text-align: justify;\">W ustawie z&nbsp;dnia 17 maja 1989 r. &#8211; Prawo geodezyjne i&nbsp;kartograficzne (Dz.&nbsp;U.&nbsp;z&nbsp;2015&nbsp;r.&nbsp;poz. 520, z&nbsp;p&oacute;\u017an. zm.) u\u017cyte w&nbsp;art. 6 w&nbsp;ust. 2, w&nbsp;art. 6a w&nbsp;ust. 6, w&nbsp;art. 6b w&nbsp;ust. 1, 2, 6 i&nbsp;9, w&nbsp;art. 6c, w&nbsp;art. 7 w&nbsp;ust. 2, w&nbsp;art. 7a w&nbsp;ust. 1 w&nbsp;pkt 17, w&nbsp;art. 8 w&nbsp;ust. 3, w&nbsp;art. 10 w&nbsp;ust. 1a, w&nbsp;art. 12d, w&nbsp;art. 17, w&nbsp;art. 19 w&nbsp;ust. 1, w&nbsp;art. 26 w&nbsp;ust. 2, w&nbsp;art. 27 w&nbsp;ust. 5, w&nbsp;art. 32 w&nbsp;ust. 6, w&nbsp;art. 40 w&nbsp;ust. 3f, 5 i&nbsp;8, w&nbsp;art. 40g, w&nbsp;art. 40j w&nbsp;ust. 2, w&nbsp;art. 45h oraz w&nbsp;art. 47b w&nbsp;ust. 5 w&nbsp;r&oacute;\u017cnych przypadkach wyrazy &#8220;minister w\u0142a\u015bciwy do spraw administracji publicznej&#8221; zast\u0119puje si\u0119 u\u017cytymi w&nbsp;odpowiednich przypadkach wyrazami &#8220;minister w\u0142a\u015bciwy do spraw budownictwa, planowania i&nbsp;zagospodarowania przestrzennego oraz mieszkalnictwa&#8221;, w&nbsp;art. 40 w&nbsp;ust. 5 w&nbsp;pkt 2 wyrazy &#8220;ministrem w\u0142a\u015bciwym do spraw kultury&#8221; zast\u0119puje si\u0119 wyrazami &#8220;ministrem w\u0142a\u015bciwym do spraw kultury i&nbsp;ochrony dziedzictwa narodowego&#8221;.<\/p>\n<p class=\"Omwienie\" style=\"text-align: justify;\">W ustawie z&nbsp;dnia 6 kwietnia 1990 r. o&nbsp;Policji (Dz. U. z&nbsp;2015 r. poz. 355, z&nbsp;p&oacute;\u017an. zm.) w&nbsp;art. 20 w&nbsp;ust. 2b we wprowadzeniu do wyliczenia wyrazy &#8220;ust. 2&#8221; zast\u0119puje si\u0119 wyrazami &#8220;ust. 2a&#8221;, w&nbsp;art. 97 w&nbsp;ust. 1 i&nbsp;2 wyrazy &#8220;ministrem w\u0142a\u015bciwym do spraw budownictwa, lokalnego planowania i&nbsp;zagospodarowania przestrzennego oraz mieszkalnictwa&#8221; zast\u0119puje si\u0119 wyrazami &#8220;ministrem w\u0142a\u015bciwym do spraw budownictwa, planowania i&nbsp;zagospodarowania przestrzennego oraz mieszkalnictwa&#8221;.<\/p>\n<p class=\"Omwienie\" style=\"text-align: justify;\">W ustawie z&nbsp;dnia 12 pa\u017adziernika 1990 r. o&nbsp;Stra\u017cy Granicznej (Dz. U. z&nbsp;2014 r. poz.&nbsp;1402, z&nbsp;p&oacute;\u017an. zm.) w&nbsp;art. 101 w&nbsp;ust. 1 i&nbsp;2 wyrazy &#8220;ministrem w\u0142a\u015bciwym do spraw budownictwa, lokalnego planowania i&nbsp;zagospodarowania przestrzennego oraz mieszkalnictwa&#8221; zast\u0119puje si\u0119 wyrazami &#8220;ministrem w\u0142a\u015bciwym do spraw budownictwa, planowania i&nbsp;zagospodarowania przestrzennego oraz mieszkalnictwa&#8221;.<\/p>\n<p class=\"Omwienie\" style=\"text-align: justify;\">W ustawie z&nbsp;dnia 21 marca 1991 r. o&nbsp;obszarach morskich Rzeczypospolitej Polskiej i&nbsp;administracji morskiej (Dz. U. z&nbsp;2013 r. poz. 934 i&nbsp;1044, z&nbsp;2015 r. poz. 1642 oraz z&nbsp;2016 r. poz. 266 i&nbsp;542) u\u017cyte w&nbsp;art. 26 w&nbsp;ust. 2 oraz w&nbsp;art. 37a w&nbsp;ust. 1 w&nbsp;r&oacute;\u017cnych przypadkach wyrazy &#8220;minister w\u0142a\u015bciwy do spraw rozwoju regionalnego&#8221; zast\u0119puje si\u0119 u\u017cytymi w&nbsp;odpowiednich przypadkach wyrazami &#8220;minister w\u0142a\u015bciwy do spraw budownictwa, planowania i&nbsp;zagospodarowania przestrzennego oraz mieszkalnictwa&#8221;, art.&nbsp;37b ust. 4, art. 37e w&nbsp;ust. 1, w&nbsp;art. 37i w&nbsp;ust. 3 wyrazy &#8220;budownictwa, lokalnego planowania i&nbsp;zagospodarowania przestrzennego oraz mieszkalnictwa&#8221; zast\u0119puje si\u0119 wyrazami &#8220;budownictwa, planowania i&nbsp;zagospodarowania przestrzennego oraz mieszkalnictwa&#8221;.<\/p>\n<p class=\"Omwienie\" style=\"text-align: justify;\">W ustawie z&nbsp;dnia 7 lipca 1994 r. &#8211; Prawo budowlane (Dz. U. z&nbsp;2016 r. poz. 290, 961 i&nbsp;1165) u\u017cyte w&nbsp;art. 7 w&nbsp;ust. 2 i&nbsp;3, w&nbsp;art. 16, w&nbsp;art. 19 w&nbsp;ust. 2, w&nbsp;art. 21a w&nbsp;ust. 4, w&nbsp;art. 31 w&nbsp;ust. 2a, w&nbsp;art. 32 w&nbsp;ust. 1 w&nbsp;pkt 3 i&nbsp;w ust. 5, w&nbsp;art. 34 w&nbsp;ust. 6, w&nbsp;art. 43 w&nbsp;ust. 4, w&nbsp;art. 45 w&nbsp;ust. 4, w&nbsp;art. 59d w&nbsp;ust. 3, w&nbsp;art. 64 w&nbsp;ust. 4, w&nbsp;art. 72 w&nbsp;ust. 1 i&nbsp;2, w&nbsp;art. 82b w&nbsp;ust. 8, w&nbsp;art. 84 w&nbsp;ust. 5, w&nbsp;art. 88 w&nbsp;ust. 3, 3d, 3g i&nbsp;9 oraz w&nbsp;art. 88a w&nbsp;ust. 6 w&nbsp;r&oacute;\u017cnych przypadkach wyrazy &#8220;minister w\u0142a\u015bciwy do spraw budownictwa, lokalnego planowania i&nbsp;zagospodarowania przestrzennego oraz mieszkalnictwa&#8221; zast\u0119puje si\u0119 u\u017cytymi w&nbsp;odpowiednich przypadkach wyrazami &#8220;minister w\u0142a\u015bciwy do spraw budownictwa, planowania i&nbsp;zagospodarowania przestrzennego oraz mieszkalnictwa&#8221;.<\/p>\n<p class=\"Omwienie\" style=\"text-align: justify;\">W ustawie z&nbsp;dnia 27 pa\u017adziernika 1994 r. o&nbsp;autostradach p\u0142atnych oraz o&nbsp;Krajowym Funduszu Drogowym (Dz. U. z&nbsp;2015 r. poz. 641 i&nbsp;901 oraz z&nbsp;2016 r. poz. 615, 770 i&nbsp;1020) w&nbsp;art. 2 w&nbsp;ust. 1 wyrazy &#8220;ministra w\u0142a\u015bciwego do spraw budownictwa, lokalnego planowania i&nbsp;zagospodarowania przestrzennego oraz mieszkalnictwa&#8221; zast\u0119puje si\u0119 wyrazami &#8220;ministra w\u0142a\u015bciwego do spraw budownictwa, planowania i&nbsp;zagospodarowania przestrzennego oraz mieszkalnictwa&#8221;.<\/p>\n<p class=\"Omwienie\" style=\"text-align: justify;\">W ustawie z&nbsp;dnia 26 pa\u017adziernika 1995 r. o&nbsp;niekt&oacute;rych formach popierania budownictwa mieszkaniowego (Dz. U. z&nbsp;2015 r. poz. 2071 oraz z&nbsp;2016 r. poz. 195 i&nbsp;615) u\u017cyte w&nbsp;art.&nbsp;15c w&nbsp;ust. 4 oraz w&nbsp;art. 15g w&nbsp;r&oacute;\u017cnych przypadkach wyrazy &#8220;minister w\u0142a\u015bciwy do spraw budownictwa, lokalnego planowania i&nbsp;zagospodarowania przestrzennego oraz mieszkalnictwa&#8221; zast\u0119puje si\u0119 u\u017cytymi w&nbsp;odpowiednich przypadkach wyrazami &#8220;minister w\u0142a\u015bciwy do spraw budownictwa, planowania i&nbsp;zagospodarowania przestrzennego oraz mieszkalnictwa&#8221;.<\/p>\n<p class=\"Omwienie\" style=\"text-align: justify;\">W ustawie z&nbsp;dnia 30 listopada 1995 r. o&nbsp;pomocy pa\u0144stwa w&nbsp;sp\u0142acie niekt&oacute;rych kredyt&oacute;w mieszkaniowych, udzielaniu premii gwarancyjnych oraz refundacji bankom wyp\u0142aconych premii gwarancyjnych (Dz. U. z&nbsp;2013 r. poz. 763, z&nbsp;2015 r. poz. 1582, 1830 i&nbsp;1854 oraz z&nbsp;2016 r. poz. 195) w&nbsp;art. 3c, w&nbsp;art. 4 w&nbsp;ust. 3 oraz w&nbsp;art. 7 w&nbsp;ust. 2a wyrazy &#8220;minister w\u0142a\u015bciwy do spraw budownictwa, lokalnego planowania i&nbsp;zagospodarowania przestrzennego oraz mieszkalnictwa&#8221; zast\u0119puje si\u0119 wyrazami &#8220;minister w\u0142a\u015bciwy do spraw budownictwa, planowania i&nbsp;zagospodarowania przestrzennego oraz mieszkalnictwa&#8221;.<\/p>\n<p class=\"Omwienie\" style=\"text-align: justify;\">W ustawie z&nbsp;dnia 13 wrze\u015bnia 1996 r. o&nbsp;utrzymaniu czysto\u015bci i&nbsp;porz\u0105dku w&nbsp;gminach (Dz.&nbsp;U. z&nbsp;2016 r. poz. 250 i&nbsp;1020) w&nbsp;art. 2 w&nbsp;ust. 4 wyrazy &#8220;Minister w\u0142a\u015bciwy do spraw budownictwa, lokalnego planowania i&nbsp;zagospodarowania przestrzennego oraz mieszkalnictwa&#8221; zast\u0119puje si\u0119 wyrazami &#8220;Minister w\u0142a\u015bciwy do spraw budownictwa, planowania i&nbsp;zagospodarowania przestrzennego oraz mieszkalnictwa&#8221;.<\/p>\n<p class=\"Omwienie\" style=\"text-align: justify;\">W ustawie z&nbsp;dnia 20 czerwca 1997 r. &#8211; Prawo o&nbsp;ruchu drogowym (Dz. U. z&nbsp;2012 r. poz.&nbsp;1137, z&nbsp;p&oacute;\u017an. zm.) w&nbsp;art. 140d w&nbsp;pkt 4 wyrazy &#8220;budownictwa, lokalnego planowania i&nbsp;zagospodarowania przestrzennego oraz mieszkalnictwa&#8221; zast\u0119puje si\u0119 wyrazami &#8220;budownictwa, planowania i&nbsp;zagospodarowania przestrzennego oraz mieszkalnictwa&#8221;.<\/p>\n<p class=\"Omwienie\" style=\"text-align: justify;\">W ustawie z&nbsp;dnia 21 sierpnia 1997 r. o&nbsp;gospodarce nieruchomo\u015bciami (Dz. U. z&nbsp;2015 r. poz. 1774 i&nbsp;1777 oraz z&nbsp;2016 r. poz. 65) u\u017cyte w&nbsp;art. 3 w&nbsp;ust. 1, w&nbsp;art. 173a, w&nbsp;art.&nbsp;173b, w&nbsp;art. 175 w&nbsp;ust. 5 i&nbsp;6, w&nbsp;art. 177 w&nbsp;ust. 4, w&nbsp;art. 178 w&nbsp;ust. 5, w&nbsp;art. 181 w&nbsp;ust. 4, w&nbsp;art. 186 w&nbsp;ust. 4, w&nbsp;art. 191 w&nbsp;ust. 1, 4 i&nbsp;8, w&nbsp;art. 193 w&nbsp;ust. 1, 10 i&nbsp;12, w&nbsp;art. 194 w&nbsp;ust. 1a, 1c, 3 i&nbsp;4, w&nbsp;art. 195 w&nbsp;ust. 3 i&nbsp;4, w&nbsp;art. 195a, w&nbsp;art. 196 w&nbsp;ust. 1 i&nbsp;3 oraz w&nbsp;art. 197 w&nbsp;r&oacute;\u017cnych przypadkach wyrazy &#8220;minister w\u0142a\u015bciwy do spraw budownictwa, lokalnego planowania i&nbsp;zagospodarowania przestrzennego oraz mieszkalnictwa&#8221; zast\u0119puje si\u0119 u\u017cytymi w&nbsp;odpowiednich przypadkach wyrazami &#8220;minister w\u0142a\u015bciwy do spraw budownictwa, planowania i&nbsp;zagospodarowania przestrzennego oraz mieszkalnictwa&#8221;.<\/p>\n<p class=\"Omwienie\" style=\"text-align: justify;\">W ustawie z&nbsp;dnia 15 grudnia 2000 r. o&nbsp;samorz\u0105dach zawodowych architekt&oacute;w oraz in\u017cynier&oacute;w budownictwa (Dz. U. z&nbsp;2014 r. poz. 1946 oraz z&nbsp;2016 r. poz. 65) u\u017cyte w&nbsp;art.&nbsp;5 w&nbsp;ust. 5, w&nbsp;art. 6 w&nbsp;ust. 3, w&nbsp;art. 12, w&nbsp;art. 29 w&nbsp;ust. 6, w&nbsp;art. 33 w&nbsp;pkt 17, w&nbsp;art. 34 oraz w&nbsp;art. 56 w&nbsp;r&oacute;\u017cnych przypadkach wyrazy &#8220;minister w\u0142a\u015bciwy do spraw budownictwa, lokalnego planowania i&nbsp;zagospodarowania przestrzennego oraz mieszkalnictwa&#8221; zast\u0119puje si\u0119 u\u017cytymi w&nbsp;odpowiednich przypadkach wyrazami &#8220;minister w\u0142a\u015bciwy do spraw budownictwa, planowania i&nbsp;zagospodarowania przestrzennego oraz mieszkalnictwa&#8221;.<\/p>\n<p class=\"Omwienie\" style=\"text-align: justify;\">W ustawie z&nbsp;dnia 16 marca 2001 r. o&nbsp;Biurze Ochrony Rz\u0105du (Dz. U. z&nbsp;2016 r. poz. 552, 904 i&nbsp;960) w&nbsp;art. 86 w&nbsp;ust. 5 wyrazy &#8220;ministrem w\u0142a\u015bciwym do spraw mieszkalnictwa i&nbsp;rozwoju miast&#8221; zast\u0119puje si\u0119 wyrazami &#8220;ministrem w\u0142a\u015bciwym do spraw budownictwa, planowania i&nbsp;zagospodarowania przestrzennego oraz mieszkalnictwa&#8221;.<\/p>\n<p class=\"Omwienie\" style=\"text-align: justify;\">W ustawie z&nbsp;dnia 27 kwietnia 2001 r. &#8211; Prawo ochrony \u015brodowiska (Dz. U. z&nbsp;2016 r. poz.&nbsp;672, 831 i&nbsp;903) w&nbsp;art. 72 w&nbsp;ust. 6, w&nbsp;art. 73a oraz w&nbsp;art. 110a w&nbsp;ust. 2 wyrazy &#8220;ministrem w\u0142a\u015bciwym do spraw budownictwa, lokalnego planowania i&nbsp;zagospodarowania przestrzennego oraz mieszkalnictwa&#8221; zast\u0119puje si\u0119 wyrazami &#8220;ministrem w\u0142a\u015bciwym do spraw budownictwa, planowania i&nbsp;zagospodarowania przestrzennego oraz mieszkalnictwa&#8221;.<\/p>\n<p class=\"Omwienie\" style=\"text-align: justify;\">W ustawie z&nbsp;dnia 7 czerwca 2001 r. o&nbsp;zbiorowym zaopatrzeniu w&nbsp;wod\u0119 i&nbsp;zbiorowym odprowadzaniu \u015bciek&oacute;w (Dz. U. z&nbsp;2015 r. poz. 139 i&nbsp;1893) w&nbsp;art. 11, w&nbsp;art. 17 w&nbsp;ust. 2, w&nbsp;art. 23, w&nbsp;art. 25 oraz w&nbsp;art. 27 w&nbsp;ust. 2 i&nbsp;3 wyrazy &#8220;minister w\u0142a\u015bciwy do spraw budownictwa, lokalnego planowania i&nbsp;zagospodarowania przestrzennego oraz mieszkalnictwa&#8221; zast\u0119puje si\u0119 wyrazami &#8220;minister w\u0142a\u015bciwy do spraw budownictwa, planowania i&nbsp;zagospodarowania przestrzennego oraz mieszkalnictwa&#8221;.<\/p>\n<p class=\"Omwienie\" style=\"text-align: justify;\">W ustawie z&nbsp;dnia 21 czerwca 2001 r. o&nbsp;dodatkach mieszkaniowych (Dz. U. z&nbsp;2013 r. poz.&nbsp;966 i&nbsp;984, z&nbsp;2015 r. poz. 693 i&nbsp;1220 oraz z&nbsp;2016 r. poz. 195) w&nbsp;art. 7 w&nbsp;ust. 15 wyrazy &#8220;Minister w\u0142a\u015bciwy do spraw budownictwa, lokalnego planowania i&nbsp;zagospodarowania przestrzennego oraz mieszkalnictwa&#8221; zast\u0119puje si\u0119 wyrazami &#8220;Minister w\u0142a\u015bciwy do spraw budownictwa, planowania i&nbsp;zagospodarowania przestrzennego oraz mieszkalnictwa&#8221;.<\/p>\n<p class=\"Omwienie\" style=\"text-align: justify;\">W ustawie z&nbsp;dnia 21 czerwca 2001 r. o&nbsp;ochronie praw lokator&oacute;w, mieszkaniowym zasobie gminy i&nbsp;o zmianie Kodeksu cywilnego (Dz. U. z&nbsp;2014 r. poz. 150, z&nbsp;2015 r. poz. 1322 i&nbsp;1777 oraz z&nbsp;2016 r. poz. 8) w&nbsp;art. 4a w&nbsp;ust. 4 wyrazy &#8220;Minister w\u0142a\u015bciwy do spraw budownictwa, lokalnego planowania i&nbsp;zagospodarowania przestrzennego oraz mieszkalnictwa&#8221; zast\u0119puje si\u0119 wyrazami &#8220;Minister w\u0142a\u015bciwy do spraw budownictwa, planowania i&nbsp;zagospodarowania przestrzennego oraz mieszkalnictwa&#8221;.<\/p>\n<p class=\"Omwienie\" style=\"text-align: justify;\">W ustawie z&nbsp;dnia 18 lipca 2001 r. &#8211; Prawo wodne (Dz. U. z&nbsp;2015 r. poz. 469, 1590, 1645 i&nbsp;2295 oraz z&nbsp;2016 r. poz. 352) w&nbsp;art. 43 w&nbsp;ust. 4a wyrazy &#8220;ministrem w\u0142a\u015bciwym do spraw budownictwa, lokalnego planowania i&nbsp;zagospodarowania przestrzennego oraz mieszkalnictwa&#8221; zast\u0119puje si\u0119 wyrazami &#8220;ministrem w\u0142a\u015bciwym do spraw budownictwa, planowania i&nbsp;zagospodarowania przestrzennego oraz mieszkalnictwa&#8221;.<\/p>\n<p class=\"Omwienie\" style=\"text-align: justify;\">W ustawie z&nbsp;dnia 1 marca 2002 r. o&nbsp;zmianach w&nbsp;organizacji i&nbsp;funkcjonowaniu centralnych organ&oacute;w administracji rz\u0105dowej i&nbsp;jednostek im podporz\u0105dkowanych oraz o&nbsp;zmianie niekt&oacute;rych ustaw (Dz. U. poz. 253, z&nbsp;p&oacute;\u017an. zm.) w&nbsp;art. 63 w&nbsp;pkt 3 wyrazy &#8220;ministra w\u0142a\u015bciwego do spraw budownictwa, lokalnego planowania i&nbsp;zagospodarowania przestrzennego oraz mieszkalnictwa&#8221; zast\u0119puje si\u0119 wyrazami &#8220;ministra w\u0142a\u015bciwego do spraw budownictwa, planowania i&nbsp;zagospodarowania przestrzennego oraz mieszkalnictwa&#8221;.<\/p>\n<p class=\"Omwienie\" style=\"text-align: justify;\">W ustawie z&nbsp;dnia 21 czerwca 2002 r. o&nbsp;materia\u0142ach wybuchowych przeznaczonych do u\u017cytku cywilnego (Dz. U. z&nbsp;2015 r. poz. 1100 i&nbsp;1893 oraz z&nbsp;2016 r. poz. 544) w&nbsp;art. 18 w&nbsp;ust. 1d wyrazy &#8220;ministrem w\u0142a\u015bciwym do spraw budownictwa, lokalnego planowania i&nbsp;zagospodarowania przestrzennego oraz mieszkalnictwa&#8221; zast\u0119puje si\u0119 wyrazami &#8220;ministrem w\u0142a\u015bciwym do spraw budownictwa, planowania i&nbsp;zagospodarowania przestrzennego oraz mieszkalnictwa&#8221;.<\/p>\n<p class=\"Omwienie\" style=\"text-align: justify;\">W ustawie z&nbsp;dnia 5 grudnia 2002 r. o&nbsp;dop\u0142atach do oprocentowania kredyt&oacute;w mieszkaniowych o&nbsp;sta\u0142ej stopie procentowej (Dz. U. z&nbsp;2014 r. poz. 711, z&nbsp;2015 r. poz.&nbsp;1582 oraz z&nbsp;2016 r. poz. 615) u\u017cyte w&nbsp;art. 5 w&nbsp;ust. 5, w&nbsp;art. 11 w&nbsp;ust. 4 oraz w&nbsp;art.&nbsp;12 w&nbsp;ust. 2 w&nbsp;r&oacute;\u017cnych przypadkach wyrazy &#8220;minister w\u0142a\u015bciwy do spraw budownictwa, lokalnego planowania i&nbsp;zagospodarowania przestrzennego oraz mieszkalnictwa&#8221; zast\u0119puje si\u0119 u\u017cytymi w&nbsp;odpowiednich przypadkach wyrazami &#8220;minister w\u0142a\u015bciwy do spraw budownictwa, planowania i&nbsp;zagospodarowania przestrzennego oraz mieszkalnictwa&#8221;.<\/p>\n<p class=\"Omwienie\" style=\"text-align: justify;\">W ustawie z&nbsp;dnia 14 marca 2003 r. o&nbsp;Banku Gospodarstwa Krajowego (Dz. U. z&nbsp;2014 r. poz. 510, z&nbsp;p&oacute;\u017an. zm.) w&nbsp;art. 8 w&nbsp;ust. 4 w&nbsp;pkt 3 wyrazy &#8220;ministra w\u0142a\u015bciwego do spraw budownictwa, lokalnego planowania i&nbsp;zagospodarowania przestrzennego oraz mieszkalnictwa&#8221; zast\u0119puje si\u0119 wyrazami &#8220;ministra w\u0142a\u015bciwego do spraw budownictwa, planowania i&nbsp;zagospodarowania przestrzennego oraz mieszkalnictwa&#8221;.<\/p>\n<p class=\"Omwienie\" style=\"text-align: justify;\">W ustawie z&nbsp;dnia 27 marca 2003 r. o&nbsp;planowaniu i&nbsp;zagospodarowaniu przestrzennym (Dz.&nbsp;U. z&nbsp;2016 r. poz. 778, 904 i&nbsp;961) u\u017cyte w&nbsp;art. 8 w&nbsp;ust. 1 i&nbsp;2, w&nbsp;art. 10 w&nbsp;ust. 4, w&nbsp;art. 16 w&nbsp;ust. 2, w&nbsp;art. 37m, w&nbsp;art. 40, w&nbsp;art. 45, w&nbsp;art. 49d w&nbsp;ust. 5, w&nbsp;art. 61 w&nbsp;ust.&nbsp;6 oraz w&nbsp;art. 67 w&nbsp;ust. 2 i&nbsp;3 w&nbsp;r&oacute;\u017cnych przypadkach wyrazy &#8220;minister w\u0142a\u015bciwy do spraw budownictwa, lokalnego planowania i&nbsp;zagospodarowania przestrzennego oraz mieszkalnictwa&#8221; oraz &#8220;minister w\u0142a\u015bciwy do spraw rozwoju regionalnego&#8221; zast\u0119puje si\u0119 u\u017cytymi w&nbsp;odpowiednich przypadkach wyrazami &#8220;minister w\u0142a\u015bciwy do spraw budownictwa, planowania i&nbsp;zagospodarowania przestrzennego oraz mieszkalnictwa&rdquo;, zmianie ulegnie brzmienie art. 41 w&nbsp;ust. 1, art. 46, art. 47 ust. 1, dodany zostanie art.&nbsp;46a, w&nbsp;art. 16 uchyla si\u0119 ust. 3, uchylony zostanie art. 47a.<\/p>\n<p class=\"Omwienie\" style=\"text-align: justify;\">W ustawie z&nbsp;dnia 28 marca 2003 r. o&nbsp;transporcie kolejowym (Dz. U. z&nbsp;2015 r. poz. 1297, 1741, 1753, 1777 i&nbsp;1893 oraz z&nbsp;2016 r. poz. 542) w&nbsp;art. 9q w&nbsp;ust. 5 wyrazy &#8220;minister w\u0142a\u015bciwy do spraw budownictwa, lokalnego planowania i&nbsp;zagospodarowania przestrzennego oraz mieszkalnictwa&#8221; zast\u0119puje si\u0119 wyrazami &#8220;minister w\u0142a\u015bciwy do spraw budownictwa, planowania i&nbsp;zagospodarowania przestrzennego oraz mieszkalnictwa&#8221;.<\/p>\n<p class=\"Omwienie\" style=\"text-align: justify;\">W ustawie z&nbsp;dnia 10 kwietnia 2003 r. o&nbsp;szczeg&oacute;lnych zasadach przygotowania i&nbsp;realizacji inwestycji w&nbsp;zakresie dr&oacute;g publicznych (Dz. U. z&nbsp;2015 r. poz. 2031) w&nbsp;art. 11g w&nbsp;ust. 1 w&nbsp;pkt 2 wyrazy &#8220;minister w\u0142a\u015bciwy do spraw budownictwa, lokalnego planowania i&nbsp;zagospodarowania przestrzennego oraz mieszkalnictwa&#8221; zast\u0119puje si\u0119 wyrazami &#8220;minister w\u0142a\u015bciwy do spraw budownictwa, planowania i&nbsp;zagospodarowania przestrzennego oraz mieszkalnictwa&#8221;.<\/p>\n<p class=\"Omwienie\" style=\"text-align: justify;\">W ustawie z&nbsp;dnia 29 stycznia 2004 r. &#8211; Prawo zam&oacute;wie\u0144 publicznych (Dz.&nbsp;U.&nbsp;z&nbsp;2015&nbsp;r.&nbsp;poz. 2164 oraz z&nbsp;2016 r. poz. 831, 996 i&nbsp;1020) w&nbsp;art. 31 w&nbsp;ust. 4 oraz w&nbsp;art. 33 w&nbsp;ust. 3 wyrazy &#8220;Minister w\u0142a\u015bciwy do spraw budownictwa, lokalnego planowania i&nbsp;zagospodarowania przestrzennego oraz mieszkalnictwa&#8221; zast\u0119puje si\u0119 wyrazami &#8220;Minister w\u0142a\u015bciwy do spraw budownictwa, planowania i&nbsp;zagospodarowania przestrzennego oraz mieszkalnictwa&#8221;.<\/p>\n<p class=\"Omwienie\" style=\"text-align: justify;\">W ustawie z&nbsp;dnia 16 kwietnia 2004 r. o&nbsp;wyrobach budowlanych (Dz. U. z&nbsp;2014 r. poz.&nbsp;883, z&nbsp;2015 r. poz. 1165 oraz z&nbsp;2016 r. poz. 542) u\u017cyte w&nbsp;art. 3 w&nbsp;ust. 2 w&nbsp;pkt 4 i&nbsp;w&nbsp;ust.&nbsp;3, w&nbsp;art. 6b w&nbsp;ust. 1 i&nbsp;6, w&nbsp;art. 8 w&nbsp;ust. 6 i&nbsp;8, w&nbsp;art. 9 w&nbsp;ust. 6, 7, 9, 11, 16 i&nbsp;17, w&nbsp;art. 14 w&nbsp;ust. 4, w&nbsp;art. 15 w&nbsp;ust. 6, w&nbsp;art. 24 oraz w&nbsp;art. 27 w&nbsp;ust. 1 w&nbsp;r&oacute;\u017cnych przypadkach wyrazy &#8220;minister w\u0142a\u015bciwy do spraw budownictwa, lokalnego planowania i&nbsp;zagospodarowania przestrzennego oraz mieszkalnictwa&#8221; zast\u0119puje si\u0119 u\u017cytymi w&nbsp;odpowiednich przypadkach wyrazami &#8220;minister w\u0142a\u015bciwy do spraw budownictwa, planowania i&nbsp;zagospodarowania przestrzennego oraz mieszkalnictwa&#8221;.<\/p>\n<p class=\"Omwienie\" style=\"text-align: justify;\">W ustawie z&nbsp;dnia 17 grudnia 2004 r. o&nbsp;odpowiedzialno\u015bci za naruszenie dyscypliny finans&oacute;w publicznych (Dz. U. z&nbsp;2013 r. poz. 168, z&nbsp;2012 r. poz. 1529 oraz z&nbsp;2016 r. poz.&nbsp;1020) zmianie ulegnie brzmienie art. 49 w&nbsp;pkt 1 lit. b.<\/p>\n<p class=\"Omwienie\" style=\"text-align: justify;\">W ustawie z&nbsp;dnia 8 wrze\u015bnia 2006 r. o&nbsp;finansowym wsparciu rodzin i&nbsp;innych os&oacute;b w&nbsp;nabywaniu w\u0142asnego mieszkania (Dz. U. z&nbsp;2012 r. poz. 90 i&nbsp;951 oraz z&nbsp;2014 r. poz.&nbsp;1198) u\u017cyte w&nbsp;art. 10 w&nbsp;ust. 4 i&nbsp;5, w&nbsp;art. 11 w&nbsp;ust. 1 oraz w&nbsp;art. 12 w&nbsp;r&oacute;\u017cnych przypadkach wyrazy &#8220;minister w\u0142a\u015bciwy do spraw budownictwa, lokalnego planowania i&nbsp;zagospodarowania przestrzennego oraz mieszkalnictwa&#8221; zast\u0119puje si\u0119 u\u017cytymi w&nbsp;odpowiednich przypadkach wyrazami &#8220;minister w\u0142a\u015bciwy do spraw budownictwa, planowania i&nbsp;zagospodarowania przestrzennego oraz mieszkalnictwa&#8221;.<\/p>\n<p class=\"Omwienie\" style=\"text-align: justify;\">W ustawie z&nbsp;dnia 6 grudnia 2006 r. o&nbsp;zasadach prowadzenia polityki rozwoju (Dz.&nbsp;U.&nbsp;z&nbsp;2016 r. poz. 383) zmianie ulegnie brzmienie art. 3a.<\/p>\n<p class=\"Omwienie\" style=\"text-align: justify;\">W ustawie z&nbsp;dnia 8 grudnia 2006 r. o&nbsp;finansowym wsparciu tworzenia lokali socjalnych, mieszka\u0144 chronionych, noclegowni i&nbsp;dom&oacute;w dla bezdomnych (Dz. U. z&nbsp;2015 r. poz. 833 i&nbsp;1815) u\u017cyte w&nbsp;art. 19 oraz w&nbsp;art. 20 w&nbsp;r&oacute;\u017cnych przypadkach wyrazy &#8220;minister w\u0142a\u015bciwy do spraw budownictwa, lokalnego planowania i&nbsp;zagospodarowania przestrzennego oraz mieszkalnictwa&#8221; zast\u0119puje si\u0119 u\u017cytymi w&nbsp;odpowiednich przypadkach wyrazami &#8220;minister w\u0142a\u015bciwy do spraw budownictwa, planowania i&nbsp;zagospodarowania przestrzennego oraz mieszkalnictwa&#8221;.<\/p>\n<p class=\"Omwienie\" style=\"text-align: justify;\">W ustawie z&nbsp;dnia 26 kwietnia 2007 r. o&nbsp;zarz\u0105dzaniu kryzysowym (Dz. U. z&nbsp;2013 r. poz.&nbsp;1166, z&nbsp;2015 r. poz. 1485 oraz z&nbsp;2016 r. poz. 266 i&nbsp;904) zmianie ulegnie brzmienie art. 8 ust. 3 pkt 1 lit. b.<\/p>\n<p class=\"Omwienie\" style=\"text-align: justify;\">W ustawie z&nbsp;dnia 7 wrze\u015bnia 2007 r. o&nbsp;przygotowaniu fina\u0142owego turnieju Mistrzostw Europy w&nbsp;Pi\u0142ce No\u017cnej UEFA EURO 2012 (Dz. U. z&nbsp;2010 r. poz. 133 i&nbsp;857, z&nbsp;2012 r. poz.&nbsp;441 i&nbsp;951 oraz z&nbsp;2016 r. poz. 1202) w&nbsp;art. 24 w&nbsp;ust. 5 wyrazy &#8220;minister w\u0142a\u015bciwy do spraw budownictwa, lokalnego planowania i&nbsp;zagospodarowania przestrzennego oraz mieszkalnictwa&#8221; zast\u0119puje si\u0119 wyrazami &#8220;minister w\u0142a\u015bciwy do spraw budownictwa, planowania i&nbsp;zagospodarowania przestrzennego oraz mieszkalnictwa&#8221;.<\/p>\n<p class=\"Omwienie\" style=\"text-align: justify;\">W ustawie z&nbsp;dnia 3 pa\u017adziernika 2008 r. o&nbsp;udost\u0119pnianiu informacji o&nbsp;\u015brodowisku i&nbsp;jego ochronie, udziale spo\u0142ecze\u0144stwa w&nbsp;ochronie \u015brodowiska oraz o&nbsp;ocenach oddzia\u0142ywania na \u015brodowisko (Dz. U. z&nbsp;2016 r. poz. 353, 831 i&nbsp;961) w&nbsp;art. 52 w&nbsp;ust. 3 wyrazy &#8220;Minister w\u0142a\u015bciwy do spraw budownictwa, lokalnego planowania i&nbsp;zagospodarowania przestrzennego oraz mieszkalnictwa&#8221; zast\u0119puje si\u0119 wyrazami &#8220;Minister w\u0142a\u015bciwy do spraw budownictwa, planowania i&nbsp;zagospodarowania przestrzennego oraz mieszkalnictwa&#8221;.<\/p>\n<p class=\"Omwienie\" style=\"text-align: justify;\">W ustawie z&nbsp;dnia 21 listopada 2008 r. o&nbsp;wspieraniu termomodernizacji i&nbsp;remont&oacute;w (Dz.&nbsp;U. z&nbsp;2014 r. poz. 712 oraz z&nbsp;2016 r. poz. 615) u\u017cyte w&nbsp;art. 18, w&nbsp;art. 26 w&nbsp;pkt 1, w&nbsp;art. 27 w&nbsp;ust. 1 i&nbsp;3 w&nbsp;r&oacute;\u017cnych przypadkach wyrazy &#8220;minister w\u0142a\u015bciwy do spraw budownictwa, lokalnego planowania i&nbsp;zagospodarowania przestrzennego oraz mieszkalnictwa&#8221; zast\u0119puje si\u0119 u\u017cytymi w&nbsp;odpowiednich przypadkach wyrazami &#8220;minister w\u0142a\u015bciwy do spraw budownictwa, planowania i&nbsp;zagospodarowania przestrzennego oraz mieszkalnictwa&#8221;.<\/p>\n<p class=\"Omwienie\" style=\"text-align: justify;\">W ustawie z&nbsp;dnia 12 lutego 2009 r. o&nbsp;szczeg&oacute;lnych zasadach przygotowania i&nbsp;realizacji inwestycji w&nbsp;zakresie lotnisk u\u017cytku publicznego (Dz. U. z&nbsp;2015 r. poz. 2143) w&nbsp;art. 12 w&nbsp;ust. 1 wyrazy &#8220;ministra w\u0142a\u015bciwego do spraw budownictwa, lokalnego planowania i&nbsp;zagospodarowania przestrzennego oraz mieszkalnictwa&#8221; zast\u0119puje si\u0119 wyrazami &#8220;ministra w\u0142a\u015bciwego do spraw budownictwa, planowania i&nbsp;zagospodarowania przestrzennego oraz mieszkalnictwa&#8221;.<\/p>\n<p class=\"Omwienie\" style=\"text-align: justify;\">W ustawie z&nbsp;dnia 20 marca 2009 r. o&nbsp;bezpiecze\u0144stwie imprez masowych (Dz. U. z&nbsp;2015 r. poz. 2139) zmianie ulegnie brzmienie art. 17a ust. 2, w&nbsp;art. 17 wyrazy &#8220;ministrem w\u0142a\u015bciwym do spraw budownictwa, lokalnego planowania i&nbsp;zagospodarowania przestrzennego oraz mieszkalnictwa&#8221; zast\u0119puje si\u0119 wyrazami &#8220;ministrem w\u0142a\u015bciwym do spraw budownictwa, planowania i&nbsp;zagospodarowania przestrzennego oraz mieszkalnictwa&#8221;.<\/p>\n<p class=\"Omwienie\" style=\"text-align: justify;\">W ustawie z&nbsp;dnia 24 kwietnia 2009 r. o&nbsp;inwestycjach w&nbsp;zakresie terminalu regazyfikacyjnego skroplonego gazu ziemnego w&nbsp;\u015awinouj\u015bciu (Dz. U. z&nbsp;2014 r. poz. 1501, z&nbsp;2015 r. poz. 1045 i&nbsp;1777 oraz z&nbsp;2016 r. poz. 266) w&nbsp;art. 5 w&nbsp;ust. 3, w&nbsp;art. 7 w&nbsp;ust. 1 oraz w&nbsp;art. 29 wyrazy &#8220;minister w\u0142a\u015bciwy do spraw budownictwa, lokalnego planowania i&nbsp;zagospodarowania przestrzennego oraz mieszkalnictwa&#8221; zast\u0119puje si\u0119 wyrazami &#8220;minister w\u0142a\u015bciwy do spraw budownictwa, planowania i&nbsp;zagospodarowania przestrzennego oraz mieszkalnictwa&#8221;.<\/p>\n<p class=\"Omwienie\" style=\"text-align: justify;\">W ustawie z&nbsp;dnia 4 marca 2010 r. o&nbsp;infrastrukturze informacji przestrzennej (Dz.&nbsp;U.&nbsp;poz.&nbsp;489 oraz z&nbsp;2012 r. poz. 951) w&nbsp;art. 3 w&nbsp;pkt 7 w&nbsp;lit. a&nbsp;wyrazy &#8220;ministra w\u0142a\u015bciwego do spraw budownictwa, lokalnego planowania i&nbsp;zagospodarowania przestrzennego oraz mieszkalnictwa&#8221; zast\u0119puje si\u0119 wyrazami &#8220;ministra w\u0142a\u015bciwego do spraw budownictwa, planowania i&nbsp;zagospodarowania przestrzennego oraz mieszkalnictwa&#8221;.<\/p>\n<p class=\"Omwienie\" style=\"text-align: justify;\">W ustawie z&nbsp;dnia 9 kwietnia 2010 r. o&nbsp;S\u0142u\u017cbie Wi\u0119ziennej (Dz. U. z&nbsp;2016 r. poz. 713, 904 i&nbsp;960) w&nbsp;art. 191 wyrazy &#8220;ministrem w\u0142a\u015bciwym do spraw budownictwa, lokalnego planowania i&nbsp;zagospodarowania przestrzennego oraz mieszkalnictwa&#8221; zast\u0119puje si\u0119 wyrazami &#8220;ministrem w\u0142a\u015bciwym do spraw budownictwa, planowania i&nbsp;zagospodarowania przestrzennego oraz mieszkalnictwa&#8221;.<\/p>\n<p class=\"Omwienie\" style=\"text-align: justify;\">W ustawie z&nbsp;dnia 30 kwietnia 2010 r. o&nbsp;Narodowym Centrum Bada\u0144 i&nbsp;Rozwoju (Dz.&nbsp;U.&nbsp;z&nbsp;2016 r. poz. 900) w&nbsp;art. 12 w&nbsp;ust. 3 wyrazy &#8220;budownictwa, lokalnego planowania i&nbsp;zagospodarowania przestrzennego oraz mieszkalnictwa&#8221; zast\u0119puje si\u0119 wyrazami &#8220;budownictwa, planowania i&nbsp;zagospodarowania przestrzennego oraz mieszkalnictwa&#8221;.<\/p>\n<p class=\"Omwienie\" style=\"text-align: justify;\">W ustawie z&nbsp;dnia 7 maja 2010 r. o&nbsp;wspieraniu rozwoju us\u0142ug i&nbsp;sieci telekomunikacyjnych (Dz. U. z&nbsp;2015 r. poz. 880, 1045, 1777 i&nbsp;2281 oraz z&nbsp;2016 r. poz. 903) u\u017cyte w&nbsp;art. 50 w&nbsp;ust. 3 i&nbsp;4, w&nbsp;art. 58 w&nbsp;ust. 1 oraz w&nbsp;art. 81 w&nbsp;ust. 3 w&nbsp;r&oacute;\u017cnych przypadkach wyrazy &#8220;minister w\u0142a\u015bciwy do spraw budownictwa, lokalnego planowania i&nbsp;zagospodarowania przestrzennego oraz mieszkalnictwa&#8221; zast\u0119puje si\u0119 u\u017cytymi w&nbsp;odpowiednich przypadkach wyrazami &#8220;minister w\u0142a\u015bciwy do spraw budownictwa, planowania i&nbsp;zagospodarowania przestrzennego oraz mieszkalnictwa&#8221;.<\/p>\n<p class=\"Omwienie\" style=\"text-align: justify;\">W ustawie z&nbsp;dnia 8 lipca 2010 r. o&nbsp;szczeg&oacute;lnych zasadach przygotowania do realizacji inwestycji w&nbsp;zakresie budowli przeciwpowodziowych (Dz. U. z&nbsp;2015 r. poz. 966 i&nbsp;1777) w&nbsp;art. 5 w&nbsp;ust. 2 wyrazy &#8220;minister w\u0142a\u015bciwy do spraw budownictwa, lokalnego planowania i&nbsp;zagospodarowania przestrzennego oraz mieszkalnictwa&#8221; zast\u0119puje si\u0119 wyrazami &#8220;minister w\u0142a\u015bciwy do spraw budownictwa, planowania i&nbsp;zagospodarowania przestrzennego oraz mieszkalnictwa&#8221;.<\/p>\n<p class=\"Omwienie\" style=\"text-align: justify;\">W ustawie z&nbsp;dnia 29 pa\u017adziernika 2010 r. o&nbsp;rezerwach strategicznych (Dz. U. z&nbsp;2015 r. poz. 1229 i&nbsp;1926 oraz z&nbsp;2016 r. poz. 266) w&nbsp;art. 61 w&nbsp;ust. 4 wyrazy &#8220;minister w\u0142a\u015bciwy do spraw budownictwa, lokalnego planowania i&nbsp;zagospodarowania przestrzennego oraz mieszkalnictwa&#8221; zast\u0119puje si\u0119 wyrazami &#8220;minister w\u0142a\u015bciwy do spraw budownictwa, planowania i&nbsp;zagospodarowania przestrzennego oraz mieszkalnictwa&#8221;.<\/p>\n<p class=\"Omwienie\" style=\"text-align: justify;\">W ustawie z&nbsp;dnia 5 stycznia 2011 r. &#8211; Kodeks wyborczy (Dz. U. poz. 112, z&nbsp;p&oacute;\u017an. zm.) w&nbsp;art. 186 w&nbsp;&sect; 2 wyrazy &#8220;Minister w\u0142a\u015bciwy do spraw budownictwa, lokalnego planowania i&nbsp;zagospodarowania przestrzennego oraz mieszkalnictwa&#8221; zast\u0119puje si\u0119 wyrazami &#8220;Minister w\u0142a\u015bciwy do spraw budownictwa, planowania i&nbsp;zagospodarowania przestrzennego oraz mieszkalnictwa&#8221;.<\/p>\n<p class=\"Omwienie\" style=\"text-align: justify;\">W ustawie z&nbsp;dnia 15 kwietnia 2011 r. o&nbsp;efektywno\u015bci energetycznej (Dz. U. z&nbsp;2015 r. poz.&nbsp;2167 i&nbsp;2359 oraz z&nbsp;2016 r. poz. 266) w&nbsp;art. 9 w&nbsp;ust. 2 oraz w&nbsp;art. 11 w&nbsp;ust. 1 wyrazy &#8220;minister w\u0142a\u015bciwy do spraw budownictwa, lokalnego planowania i&nbsp;zagospodarowania przestrzennego oraz mieszkalnictwa&#8221; zast\u0119puje si\u0119 wyrazami &#8220;minister w\u0142a\u015bciwy do spraw budownictwa, planowania i&nbsp;zagospodarowania przestrzennego oraz mieszkalnictwa&#8221;.<\/p>\n<p class=\"Omwienie\" style=\"text-align: justify;\">W ustawie z&nbsp;dnia 29 czerwca 2011 r. o&nbsp;przygotowaniu i&nbsp;realizacji inwestycji w&nbsp;zakresie obiekt&oacute;w energetyki j\u0105drowej oraz inwestycji towarzysz\u0105cych (Dz. U. poz. 789, z&nbsp;p&oacute;\u017an.&nbsp;zm.) w&nbsp;art. 4 w&nbsp;ust. 4 oraz w&nbsp;art. 33 w&nbsp;ust. 1 wyrazy &#8220;minister w\u0142a\u015bciwy do spraw budownictwa, lokalnego planowania i&nbsp;zagospodarowania przestrzennego oraz mieszkalnictwa&#8221; zast\u0119puje si\u0119 wyrazami &#8220;minister w\u0142a\u015bciwy do spraw budownictwa, planowania i&nbsp;zagospodarowania przestrzennego oraz mieszkalnictwa&#8221;.<\/p>\n<p class=\"Omwienie\" style=\"text-align: justify;\">W ustawie z&nbsp;dnia 23 listopada 2012 r. &#8211; Prawo pocztowe (Dz. U. z&nbsp;2016 r. poz. 1113) w&nbsp;art. 40 w&nbsp;ust. 5 wyrazy &#8220;ministrem w\u0142a\u015bciwym do spraw budownictwa, lokalnego planowania i&nbsp;zagospodarowania przestrzennego oraz mieszkalnictwa&#8221; zast\u0119puje si\u0119 wyrazami &#8220;ministrem w\u0142a\u015bciwym do spraw budownictwa, planowania i&nbsp;zagospodarowania przestrzennego oraz mieszkalnictwa&#8221;.<\/p>\n<p class=\"Omwienie\" style=\"text-align: justify;\">W ustawie z&nbsp;dnia 27 wrze\u015bnia 2013 r. o&nbsp;pomocy pa\u0144stwa w&nbsp;nabyciu pierwszego mieszkania przez m\u0142odych ludzi (Dz. U. z&nbsp;2015 r. poz. 1865) u\u017cyte w&nbsp;art. 18, w&nbsp;art. 18a w&nbsp;ust. 1, w&nbsp;art. 19, w&nbsp;art. 21 w&nbsp;ust. 8, w&nbsp;art. 36 w&nbsp;ust. 3 oraz w&nbsp;art. 37 w&nbsp;ust. 8 w&nbsp;r&oacute;\u017cnych przypadkach wyrazy &#8220;minister w\u0142a\u015bciwy do spraw budownictwa, lokalnego planowania i&nbsp;zagospodarowania przestrzennego oraz mieszkalnictwa&#8221; zast\u0119puje si\u0119 u\u017cytymi w&nbsp;odpowiednich przypadkach wyrazami &#8220;minister w\u0142a\u015bciwy do spraw budownictwa, planowania i&nbsp;zagospodarowania przestrzennego oraz mieszkalnictwa&#8221;.<\/p>\n<p class=\"Omwienie\" style=\"text-align: justify;\">W ustawie z&nbsp;dnia 5 czerwca 2014 r. o&nbsp;zmianie ustawy &#8211; Prawo geodezyjne i&nbsp;kartograficzne oraz ustawy o&nbsp;post\u0119powaniu egzekucyjnym w&nbsp;administracji (Dz.&nbsp;U.&nbsp;poz.&nbsp;897) w&nbsp;art. 15 w&nbsp;ust. 2-4 wyrazy &#8220;Minister w\u0142a\u015bciwy do spraw administracji publicznej&#8221; zast\u0119puje si\u0119 wyrazami &#8220;Minister w\u0142a\u015bciwy do spraw budownictwa, planowania i&nbsp;zagospodarowania przestrzennego oraz mieszkalnictwa&#8221;.<\/p>\n<p class=\"Omwienie\" style=\"text-align: justify;\">W ustawie z&nbsp;dnia 29 sierpnia 2014 r. o&nbsp;charakterystyce energetycznej budynk&oacute;w (Dz.&nbsp;U.&nbsp;poz. 1200 oraz z&nbsp;2015 r. poz. 151) u\u017cyte w&nbsp;art. 15, w&nbsp;art. 18 w&nbsp;ust. 1, w&nbsp;art. 19, w&nbsp;art. 20 w&nbsp;ust. 1 w&nbsp;pkt 3 i&nbsp;w ust. 2, w&nbsp;art. 21, w&nbsp;art. 24 w&nbsp;ust. 2, w&nbsp;art. 25, w&nbsp;art. 26, w&nbsp;art. 30, w&nbsp;art. 31 w&nbsp;ust. 1 i&nbsp;3, w&nbsp;art. 33 w&nbsp;ust. 1, w&nbsp;art. 36 w&nbsp;ust. 1, w&nbsp;art. 37, w&nbsp;art.&nbsp;39 w&nbsp;ust. 1 i&nbsp;4 oraz w&nbsp;art. 40 w&nbsp;r&oacute;\u017cnych przypadkach wyrazy &#8220;minister w\u0142a\u015bciwy do spraw budownictwa, lokalnego planowania i&nbsp;zagospodarowania przestrzennego oraz mieszkalnictwa&#8221; zast\u0119puje si\u0119 u\u017cytymi w&nbsp;odpowiednich przypadkach wyrazami &#8220;minister w\u0142a\u015bciwy do spraw budownictwa, planowania i&nbsp;zagospodarowania przestrzennego oraz mieszkalnictwa&#8221;.<\/p>\n<p class=\"Omwienie\" style=\"text-align: justify;\">W ustawie z&nbsp;dnia 24 lipca 2015 r. o&nbsp;przygotowaniu i&nbsp;realizacji strategicznych inwestycji w&nbsp;zakresie sieci przesy\u0142owych (Dz. U. poz. 1265 i&nbsp;1753 oraz z&nbsp;2016 r. poz. 266) w&nbsp;art. 5 w&nbsp;ust. 4 oraz w&nbsp;art. 6 w&nbsp;ust. 1 wyrazy &#8220;minister w\u0142a\u015bciwy do spraw budownictwa, lokalnego planowania i&nbsp;zagospodarowania przestrzennego oraz mieszkalnictwa&#8221; zast\u0119puje si\u0119 wyrazami &#8220;minister w\u0142a\u015bciwy do spraw budownictwa, planowania i&nbsp;zagospodarowania przestrzennego oraz mieszkalnictwa&#8221;.<\/p>\n<p class=\"Omwienie\" style=\"text-align: justify;\">W ustawie z&nbsp;dnia 9 pa\u017adziernika 2015 r. o&nbsp;rewitalizacji (Dz. U. poz. 1777 oraz z&nbsp;2016 r. poz. 1020) dodany zostanie art. 16a, w&nbsp;art. 29 w&nbsp;ust. 3 wyrazy &#8220;ministra w\u0142a\u015bciwego do spraw budownictwa, lokalnego planowania i&nbsp;zagospodarowania przestrzennego oraz mieszkalnictwa&#8221; zast\u0119puje si\u0119 wyrazami &#8220;ministra w\u0142a\u015bciwego do spraw budownictwa, planowania i&nbsp;zagospodarowania przestrzennego oraz mieszkalnictwa&#8221;.<\/p>\n<p>&nbsp;<\/p>\n<p class=\"Dziedzinaprawa\" style=\"text-align: justify;\"><strong>PRAWO MEDYCZNE<\/strong><\/p>\n<p class=\"Tekstpraswki0\" style=\"text-align: justify;\"><strong>Rozporz\u0105dzenie<\/strong> Ministra Zdrowia z&nbsp;dnia 2 sierpnia 2016 r.zmieniaj\u0105ce rozporz\u0105dzenie w&nbsp;sprawie recept lekarskich (Dz. U. z&nbsp;2016 r., poz. 1261)<strong> &ndash; wejdzie w&nbsp;\u017cycie z&nbsp;dniem 1&nbsp;wrze\u015bnia 2016 r.<\/strong><\/p>\n<p class=\"Omwienie\" style=\"text-align: justify;\">W rozporz\u0105dzeniu Ministra Zdrowia z&nbsp;dnia 8 marca 2012 r. w&nbsp;sprawie recept lekarskich (Dz. U. z&nbsp;2016 r. poz. 62) zmianie ulegnie brzmienie &sect; 3 ust. 1 pkt 2, &sect; 6 ust. 2, &sect; 8 ust.&nbsp;1 pkt 1 lit. a&nbsp;tiret drugie, &sect; 16, &sect; 17, za\u0142\u0105cznika nr 1, za\u0142\u0105cznika nr 6 obja\u015bnienia pkt&nbsp;4, za\u0142\u0105cznika nr 7 obja\u015bnienia pkt 4,w &sect; 18 w&nbsp;ust. 1 uchyla si\u0119 pkt 2.<\/p>\n<p>&nbsp;<\/p>\n<p class=\"Dziedzinaprawa\" style=\"text-align: justify;\"><strong>PRAWO GEOLOGICZNE I&nbsp;G&Oacute;RNICZE<\/strong><\/p>\n<p class=\"Tekstpraswki0\" style=\"text-align: justify;\"><strong>Rozporz\u0105dzenie<\/strong> Ministra \u015arodowiska z&nbsp;dnia 2 sierpnia 2016 r.w sprawie kwalifikacji wzakresie g&oacute;rnictwa i&nbsp;ratownictwa g&oacute;rniczego (Dz. U. z&nbsp;2016 r., poz. 1229)<strong> &ndash; wesz\u0142o w&nbsp;\u017cycie z&nbsp;dniem 13 sierpnia 2016 r.<\/strong><\/p>\n<p>&nbsp;<\/p>\n<p class=\"Dziedzinaprawa\" style=\"text-align: justify;\"><strong>PRAWO O&nbsp;RUCHU DROGOWYM, TRANSPORT<\/strong><\/p>\n<p class=\"Tekstpraswki0\" style=\"text-align: justify;\"><strong>Rozporz\u0105dzenie<\/strong> Ministra Cyfryzacji z&nbsp;dnia 29 lipca 2016 r. zmieniaj\u0105ce rozporz\u0105dzenie w&nbsp;sprawie op\u0142aty ewidencyjnej stanowi\u0105cej przych&oacute;d Funduszu &#8211; Centralna Ewidencja Pojazd&oacute;w i&nbsp;Kierowc&oacute;w (Dz. U. z&nbsp;2016 r., poz. 1269)<strong> &ndash; wejdzie w&nbsp;\u017cycie z&nbsp;dniem 1&nbsp;wrze\u015bnia 2016 r.<\/strong><\/p>\n<p class=\"Omwienie\" style=\"text-align: justify;\">W rozporz\u0105dzeniu Ministra Spraw Wewn\u0119trznych z&nbsp;dnia 15 maja 2015 r. w&nbsp;sprawie op\u0142aty ewidencyjnej stanowi\u0105cej przych&oacute;d Funduszu &#8211; Centralna Ewidencja Pojazd&oacute;w iKierowc&oacute;w (Dz. U. poz. 681 oraz z&nbsp;2016 r. poz. 248) zmianie ulegnie brzmienie &sect; 6, &sect; 7 ust. 1, za\u0142\u0105cznika do rozporz\u0105dzenia.<\/p>\n<p class=\"Tekstpraswki0\" style=\"text-align: justify;\"><strong>Rozporz\u0105dzenie<\/strong> Ministra Cyfryzacji z&nbsp;dnia 5 sierpnia 2016 r.w sprawie zakresu danych udost\u0119pnianych w&nbsp;postaci elektronicznej z&nbsp;centralnej ewidencji kierowc&oacute;w (Dz.&nbsp;U.&nbsp;z&nbsp;2016&nbsp;r., poz. 1225)<strong> &ndash; wejdzie w&nbsp;\u017cycie z&nbsp;dniem 1 stycznia 2017 r., z&nbsp;tym \u017ce dane, o&nbsp;kt&oacute;rych mowa w&nbsp;&sect; 3, udost\u0119pnia si\u0119 od dnia 1 marca 2017 r., dane, o&nbsp;kt&oacute;rych mowa w&nbsp;&sect; 2 i&nbsp;&sect; 7, udost\u0119pnia si\u0119 od dnia 1 kwietnia 2017 r., a&nbsp;dane, o&nbsp;kt&oacute;rych mowa w&nbsp;&sect; 5, &sect; 6 i&nbsp;w &sect; 8, udost\u0119pnia si\u0119 od dnia 1 wrze\u015bnia 2017 r.<\/strong><\/p>\n<p class=\"Tekstpraswki0\" style=\"text-align: justify;\"><strong>Ustawa <\/strong>z dnia 7 lipca 2016 r. o&nbsp;zmianie ustawy o&nbsp;transporcie kolejowym oraz niekt&oacute;rych innych ustaw (Dz. U. z&nbsp;2016 r., poz. 1257)<strong> &ndash; wejdzie w&nbsp;\u017cycie z&nbsp;dniem 31&nbsp;sierpnia&nbsp;2016 r.<\/strong><\/p>\n<p class=\"Omwienie\" style=\"text-align: justify;\">W ustawie z&nbsp;dnia 28 marca 2003 r. o&nbsp;transporcie kolejowym (Dz. U. z&nbsp;2015 r. poz. 1297, z&nbsp;p&oacute;\u017an. zm.) zmianie ulegnie brzmienie art. 9q, art. 9s, art. 38c, w&nbsp;art. 9o dodaje si\u0119 ust.&nbsp;11-14, dodany zostanie art. 9oa, w&nbsp;art. 9y dodaje si\u0119 ust. 7 i&nbsp;8, w&nbsp;art. 25e dodaje si\u0119 ust. 1b, dodany zostanie art. 57a.<\/p>\n<p class=\"Omwienie\" style=\"text-align: justify;\">W ustawie z&nbsp;dnia 27 sierpnia 2009 r. o&nbsp;finansach publicznych (Dz. U. z&nbsp;2013 r. poz. 885, z&nbsp;p&oacute;\u017an. zm.) zmianie ulegnie brzmienie art. 5 ust. 4.<\/p>\n<p class=\"Omwienie\" style=\"text-align: justify;\">W ustawie z&nbsp;dnia 8 listopada 2013 r. o&nbsp;zmianie ustawy o&nbsp;finansach publicznych oraz niekt&oacute;rych innych ustaw (Dz. U. poz. 1646 oraz z&nbsp;2014 r. poz. 911) uchyla si\u0119 art. 12.<\/p>\n<p>&nbsp;<\/p>\n<p class=\"Dziedzinaprawa\" style=\"text-align: justify;\"><strong>OCHRONA OS&Oacute;B I&nbsp;MIENIA<\/strong><\/p>\n<p class=\"Tekstpraswki0\" style=\"text-align: justify;\"><strong>Rozporz\u0105dzenie <\/strong>Ministra Spraw Wewn\u0119trznych i&nbsp;Administracji z&nbsp;dnia 21 lipca 2016 r. w&nbsp;sprawie wzoru wniosku o&nbsp;udzielenie lub zmian\u0119 koncesji na wykonywanie dzia\u0142alno\u015bci gospodarczej w&nbsp;zakresie us\u0142ug ochrony os&oacute;b i&nbsp;mienia (Dz. U. z&nbsp;2016 r., poz. 1217)<strong> &ndash; wejdzie w&nbsp;\u017cycie z&nbsp;dniem 26 sierpnia&nbsp;2016 r.<\/strong><\/p>\n<p>&nbsp;<\/p>\n<p class=\"Dziedzinaprawa\" style=\"text-align: justify;\"><strong>SYSTEM O\u015aWIATY<\/strong><\/p>\n<p class=\"Tekstpraswki0\" style=\"text-align: justify;\"><strong>Rozporz\u0105dzenie <\/strong>Rady Ministr&oacute;w z&nbsp;dnia 28 lipca 2016 r.w sprawie szczeg&oacute;\u0142owych warunk&oacute;w udzielania pomocy dzieciom i&nbsp;uczniom w&nbsp;formie zasi\u0142ku losowego na cele edukacyjne, pomocy uczniom w&nbsp;formie wyjazd&oacute;w terapeutyczno-edukacyjnych oraz pomocy dzieciom i&nbsp;uczniom w&nbsp;formie zaj\u0119\u0107 opieku\u0144czych i&nbsp;zaj\u0119\u0107 terapeutyczno-edukacyjnych w&nbsp;2016 r. (Dz. U. z&nbsp;2016 r., poz. 1268)<strong> &ndash; wesz\u0142o w&nbsp;\u017cycie z&nbsp;dniem 18&nbsp;sierpnia&nbsp;2016 r.<\/strong><\/p>\n<p class=\"Tekstpraswki0\" style=\"text-align: justify;\"><strong>Rozporz\u0105dzenie <\/strong>Ministra Edukacji Narodowej z&nbsp;dnia 29 lipca 2016 r. zmieniaj\u0105ce rozporz\u0105dzenie w&nbsp;sprawie podstawy programowej kszta\u0142cenia w&nbsp;zawodach (Dz.&nbsp;U.&nbsp;z&nbsp;2016&nbsp;r., poz. 1212)<strong> &ndash; wejdzie w&nbsp;\u017cycie z&nbsp;dniem 1 wrze\u015bnia 2016 r.<\/strong><\/p>\n<p class=\"Omwienie\" style=\"text-align: justify;\">W rozporz\u0105dzeniu Ministra Edukacji Narodowej z&nbsp;dnia 7 lutego 2012 r. w&nbsp;sprawie podstawy programowej kszta\u0142cenia w&nbsp;zawodach (Dz. U. poz. 184, z&nbsp;2015 r. poz. 130 i1123 oraz z&nbsp;2016 r. poz. 894) zmianie ulegnie brzmienie za\u0142\u0105cznika.<\/p>\n<p class=\"Tekstpraswki0\" style=\"text-align: justify;\"><strong>Rozporz\u0105dzenie <\/strong>Ministra Edukacji Narodowej z&nbsp;dnia 29 lipca 2016 r. w&nbsp;sprawie szczeg&oacute;\u0142owego zakresu danych dziedzinowych gromadzonych w&nbsp;systemie informacji o\u015bwiatowej oraz termin&oacute;w przekazywania niekt&oacute;rych danych do bazy danych systemu informacji o\u015bwiatowej (Dz. U. z&nbsp;2016 r., poz. 1267)<strong> &ndash; wejdzie w&nbsp;\u017cycie z&nbsp;dniem 1&nbsp;wrze\u015bnia 2016 r.<\/strong><\/p>\n<p>&nbsp;<\/p>\n<p class=\"Dziedzinaprawa\" style=\"text-align: justify;\"><strong>PRACOWNICY URZ\u0118D&Oacute;W PA\u0143STWOWYCH<\/strong><\/p>\n<p class=\"Tekstpraswki0\" style=\"text-align: justify;\"><strong>Rozporz\u0105dzenie <\/strong>Prezesa Rady Ministr&oacute;w z&nbsp;dnia 1 sierpnia 2016 r. zmieniaj\u0105ce rozporz\u0105dzenie w&nbsp;sprawie zasad wynagradzania pracownik&oacute;w Kancelarii Prezesa Rady Ministr&oacute;w (Dz. U. z&nbsp;2016 r., poz. 1218)<strong> &ndash; wejdzie w&nbsp;\u017cycie z&nbsp;dniem 27&nbsp;sierpnia&nbsp;2016&nbsp;r.<\/strong><\/p>\n<p class=\"Omwienie\" style=\"text-align: justify;\">W rozporz\u0105dzeniu Prezesa Rady Ministr&oacute;w z&nbsp;dnia 23 marca 1998 r. w&nbsp;sprawie zasad wynagradzania pracownik&oacute;w Kancelarii Prezesa Rady Ministr&oacute;w (Dz. U. poz. 207 oraz z1999 r. poz. 57) zmianie ulegnie brzmienie za\u0142\u0105cznika do rozporz\u0105dzenia tabeli zatytu\u0142owanej &#8220;Tabela stanowisk, stawek wynagrodzenia zasadniczego, dodatku funkcyjnego i&nbsp;legislacyjnego oraz wymaga\u0144 kwalifikacyjnych w&nbsp;zakresie wykszta\u0142cenia ipraktyki zawodowej pracownik&oacute;w Kancelarii Prezesa Rady Ministr&oacute;w&#8221;.<\/p>\n<p>&nbsp;<\/p>\n<p class=\"Dziedzinaprawa\" style=\"text-align: justify;\"><strong>RZECZNICY PATENTOWI<\/strong><\/p>\n<p class=\"Tekstpraswki0\" style=\"text-align: justify;\"><strong>Rozporz\u0105dzenie <\/strong>Prezesa Rady Ministr&oacute;w z&nbsp;dnia 1 sierpnia 2016 r. w&nbsp;sprawie wysoko\u015bci op\u0142aty za przeprowadzenie egzaminu konkursowego (Dz. U. z&nbsp;2016 r., poz. 1209)<strong> &ndash; wejdzie w&nbsp;\u017cycie z&nbsp;dniem 26 sierpnia 2016 r.<\/strong><\/p>\n<p class=\"Tekstpraswki0\" style=\"text-align: justify;\"><strong>Rozporz\u0105dzenie <\/strong>Prezesa Rady Ministr&oacute;w z&nbsp;dnia 1 sierpnia 2016 r. w&nbsp;sprawie wysoko\u015bci op\u0142aty rocznej za aplikacj\u0119 rzecznikowsk\u0105 (Dz. U. z&nbsp;2016 r., poz. 1210)<strong> &ndash; wejdzie w&nbsp;\u017cycie z&nbsp;dniem 26 sierpnia 2016 r.<\/strong><\/p>\n<p>&nbsp;<\/p>\n<p class=\"NowePrawo\" style=\"text-align: justify;\"><strong>_____Orzecznictwo<\/strong><\/p>\n<p class=\"SdNajwyszy\" style=\"text-align: justify;\"><strong>S\u0105d Najwy\u017cszy<\/strong><\/p>\n<p class=\"Dziedzinaprawa\" style=\"text-align: justify;\"><strong>NIEDOPUSZCZALNO\u015a\u0106 SKARGI NA PRZEWLEK\u0141O\u015a\u0106 POST\u0118POWANIA UPOMINAWCZEGO<\/strong><\/p>\n<p class=\"Tekstpraswki0\" style=\"text-align: justify;\">Niedopuszczalna jest skarga na przewlek\u0142o\u015b\u0107 post\u0119powania, kt&oacute;rej przedmiot stanowi zw\u0142oka w&nbsp;nadaniu klauzuli wykonalno\u015bci prawomocnemu nakazowi zap\u0142aty wydanemu przez s\u0105d rejonowy w&nbsp;post\u0119powaniu upominawczym (art. 373 k.p.c. w&nbsp;zwi\u0105zku z&nbsp;art.&nbsp;397&nbsp;&sect; 2 k.p.c. oraz art. 8 ust. 2 i&nbsp;art. 5 ust. 1 ustawy z&nbsp;dnia 17 czerwca 2004 r. o&nbsp;skardze na naruszenie prawa strony do rozpoznania sprawy w&nbsp;post\u0119powaniu przygotowawczym prowadzonym lub nadzorowanym przez prokuratora i&nbsp;post\u0119powaniu s\u0105dowym bez nieuzasadnionej zw\u0142oki &#8211; Dz. U. Nr 179, poz. 1843 ze zm.) <strong>&ndash; Uchwa\u0142a&nbsp;S\u0105du Najwy\u017cszego z&nbsp;dnia 4 sierpnia 2016 r., sygn. akt III SPZP 1\/16.<\/strong><\/p>\n<p>&nbsp;<\/p>\n<p class=\"Dziedzinaprawa\" style=\"text-align: justify;\"><strong>APELACJA W&nbsp;SPRAWIE O&nbsp;JEDNORAZOWE ODSZKODOWANIE Z&nbsp;TYTU\u0141U WYPADKU PRZY PRACY<\/strong><\/p>\n<p class=\"Tekstpraswki0\" style=\"text-align: justify;\">Ubezpieczonemu przys\u0142uguje apelacja w&nbsp;sprawie o&nbsp;jednorazowe odszkodowanie z&nbsp;tytu\u0142u wypadku przy pracy, je\u015bli s\u0105d pierwszej instancji w&nbsp;cz\u0119\u015bci zmieni\u0142 decyzj\u0119 organu rentowego i&nbsp;nie oddali\u0142 odwo\u0142ania w&nbsp;pozosta\u0142ym zakresie (art. 367 &sect; 1 k.p.c. w&nbsp;zw.&nbsp;z&nbsp;art.&nbsp;477<sup>14<\/sup> &sect; 1 i&nbsp;2 k.p.c.)<strong> &#8211; Uchwa\u0142a S\u0105du Najwy\u017cszego z&nbsp;dnia 4&nbsp;sierpnia&nbsp;2016 r., sygn. akt III UZP 11\/16<\/strong><\/p>\n","protected":false},"excerpt":{"rendered":"<p>We would like to present the next issue of legal bulletin of the Law Office of Adam Polowiec.What you will find here is some information about the new provisions of law and the projects of amendments to acts, but also case-laws including the case laws of Supreme Court, Constitutional Tribunal and European Court of Justice.<\/p>\n","protected":false},"author":3,"featured_media":0,"comment_status":"closed","ping_status":"open","sticky":false,"template":"","format":"standard","meta":{"footnotes":""},"categories":[],"tags":[],"class_list":["post-688","post","type-post","status-publish","format-standard","hentry"],"featured_image_src":{"landsacpe":false,"list":false,"medium":false,"full":false},"yoast_head":"<!-- This site is optimized with the Yoast SEO plugin v27.2 - https:\/\/yoast.com\/product\/yoast-seo-wordpress\/ -->\n<title>Legal Bulletin Of The Law Office Of Adam Polowiec (15 - 21 August 2016) - Polowiec i Wsp\u00f3lnicy - Kancelaria prawna<\/title>\n<meta name=\"robots\" content=\"index, follow, max-snippet:-1, max-image-preview:large, max-video-preview:-1\" \/>\n<link rel=\"canonical\" href=\"https:\/\/polowiec.pl\/en\/legal-bulletin-of-the-law-office-of-adam-polowiec-15-21-august-2016\/\" \/>\n<meta property=\"og:locale\" content=\"en_US\" \/>\n<meta property=\"og:type\" content=\"article\" \/>\n<meta property=\"og:title\" content=\"Legal Bulletin Of The Law Office Of Adam Polowiec (15 - 21 August 2016) - Polowiec i Wsp\u00f3lnicy - Kancelaria prawna\" \/>\n<meta property=\"og:description\" content=\"We would like to present the next issue of legal bulletin of the Law Office of Adam Polowiec.What you will find here is some information about the new provisions of law and the projects of amendments to acts, but also case-laws including the case laws of Supreme Court, Constitutional Tribunal and European Court of Justice.\" \/>\n<meta property=\"og:url\" content=\"https:\/\/polowiec.pl\/en\/legal-bulletin-of-the-law-office-of-adam-polowiec-15-21-august-2016\/\" \/>\n<meta property=\"og:site_name\" content=\"Polowiec i Wsp\u00f3lnicy - Kancelaria prawna\" \/>\n<meta property=\"article:publisher\" content=\"https:\/\/www.facebook.com\/polowieciwspolnicy\/\" \/>\n<meta property=\"article:published_time\" content=\"2016-08-30T06:40:21+00:00\" \/>\n<meta property=\"article:modified_time\" content=\"2019-04-18T14:32:55+00:00\" \/>\n<meta name=\"author\" content=\"Marcin Rusinek\" \/>\n<meta name=\"twitter:card\" content=\"summary_large_image\" \/>\n<meta name=\"twitter:label1\" content=\"Written by\" \/>\n\t<meta name=\"twitter:data1\" content=\"Marcin Rusinek\" \/>\n\t<meta name=\"twitter:label2\" content=\"Est. reading time\" \/>\n\t<meta name=\"twitter:data2\" content=\"40 minutes\" \/>\n<script type=\"application\/ld+json\" class=\"yoast-schema-graph\">{\"@context\":\"https:\/\/schema.org\",\"@graph\":[{\"@type\":\"Article\",\"@id\":\"https:\/\/polowiec.pl\/en\/legal-bulletin-of-the-law-office-of-adam-polowiec-15-21-august-2016\/#article\",\"isPartOf\":{\"@id\":\"https:\/\/polowiec.pl\/en\/legal-bulletin-of-the-law-office-of-adam-polowiec-15-21-august-2016\/\"},\"author\":{\"name\":\"Marcin Rusinek\",\"@id\":\"https:\/\/polowiec.pl\/en\/#\/schema\/person\/74c7526b6f52be5ae94031504f9ffec4\"},\"headline\":\"Legal Bulletin Of The Law Office Of Adam Polowiec (15 &#8211; 21 August 2016)\",\"datePublished\":\"2016-08-30T06:40:21+00:00\",\"dateModified\":\"2019-04-18T14:32:55+00:00\",\"mainEntityOfPage\":{\"@id\":\"https:\/\/polowiec.pl\/en\/legal-bulletin-of-the-law-office-of-adam-polowiec-15-21-august-2016\/\"},\"wordCount\":8075,\"publisher\":{\"@id\":\"https:\/\/polowiec.pl\/en\/#organization\"},\"inLanguage\":\"en-US\"},{\"@type\":\"WebPage\",\"@id\":\"https:\/\/polowiec.pl\/en\/legal-bulletin-of-the-law-office-of-adam-polowiec-15-21-august-2016\/\",\"url\":\"https:\/\/polowiec.pl\/en\/legal-bulletin-of-the-law-office-of-adam-polowiec-15-21-august-2016\/\",\"name\":\"Legal Bulletin Of The Law Office Of Adam Polowiec (15 - 21 August 2016) - Polowiec i Wsp\u00f3lnicy - Kancelaria prawna\",\"isPartOf\":{\"@id\":\"https:\/\/polowiec.pl\/en\/#website\"},\"datePublished\":\"2016-08-30T06:40:21+00:00\",\"dateModified\":\"2019-04-18T14:32:55+00:00\",\"breadcrumb\":{\"@id\":\"https:\/\/polowiec.pl\/en\/legal-bulletin-of-the-law-office-of-adam-polowiec-15-21-august-2016\/#breadcrumb\"},\"inLanguage\":\"en-US\",\"potentialAction\":[{\"@type\":\"ReadAction\",\"target\":[\"https:\/\/polowiec.pl\/en\/legal-bulletin-of-the-law-office-of-adam-polowiec-15-21-august-2016\/\"]}]},{\"@type\":\"BreadcrumbList\",\"@id\":\"https:\/\/polowiec.pl\/en\/legal-bulletin-of-the-law-office-of-adam-polowiec-15-21-august-2016\/#breadcrumb\",\"itemListElement\":[{\"@type\":\"ListItem\",\"position\":1,\"name\":\"Strona g\u0142\u00f3wna\",\"item\":\"https:\/\/polowiec.pl\/en\/\"},{\"@type\":\"ListItem\",\"position\":2,\"name\":\"Legal Bulletin Of The Law Office Of Adam Polowiec (15 &#8211; 21 August 2016)\"}]},{\"@type\":\"WebSite\",\"@id\":\"https:\/\/polowiec.pl\/en\/#website\",\"url\":\"https:\/\/polowiec.pl\/en\/\",\"name\":\"Polowiec i Wsp\u00f3lnicy - Kancelaria prawna\",\"description\":\"Obs\u0142uga prawna\",\"publisher\":{\"@id\":\"https:\/\/polowiec.pl\/en\/#organization\"},\"potentialAction\":[{\"@type\":\"SearchAction\",\"target\":{\"@type\":\"EntryPoint\",\"urlTemplate\":\"https:\/\/polowiec.pl\/en\/?s={search_term_string}\"},\"query-input\":{\"@type\":\"PropertyValueSpecification\",\"valueRequired\":true,\"valueName\":\"search_term_string\"}}],\"inLanguage\":\"en-US\"},{\"@type\":\"Organization\",\"@id\":\"https:\/\/polowiec.pl\/en\/#organization\",\"name\":\"Polowiec i Wsp\u00f3lnicy - Kancelaria prawna\",\"url\":\"https:\/\/polowiec.pl\/en\/\",\"logo\":{\"@type\":\"ImageObject\",\"inLanguage\":\"en-US\",\"@id\":\"https:\/\/polowiec.pl\/en\/#\/schema\/logo\/image\/\",\"url\":\"https:\/\/polowiec.pl\/wp-content\/uploads\/2018\/10\/polowiec_logo2-1.png\",\"contentUrl\":\"https:\/\/polowiec.pl\/wp-content\/uploads\/2018\/10\/polowiec_logo2-1.png\",\"width\":540,\"height\":381,\"caption\":\"Polowiec i Wsp\u00f3lnicy - Kancelaria prawna\"},\"image\":{\"@id\":\"https:\/\/polowiec.pl\/en\/#\/schema\/logo\/image\/\"},\"sameAs\":[\"https:\/\/www.facebook.com\/polowieciwspolnicy\/\",\"https:\/\/www.linkedin.com\/company\/polowiec-i-wsplnicy-sp.j.\/about\/\"]},{\"@type\":\"Person\",\"@id\":\"https:\/\/polowiec.pl\/en\/#\/schema\/person\/74c7526b6f52be5ae94031504f9ffec4\",\"name\":\"Marcin Rusinek\",\"image\":{\"@type\":\"ImageObject\",\"inLanguage\":\"en-US\",\"@id\":\"https:\/\/secure.gravatar.com\/avatar\/b50a0a5c3e71d904f5e57a757d39977d01c43e075c6bf5b4df909ffbbe004790?s=96&d=mm&r=g\",\"url\":\"https:\/\/secure.gravatar.com\/avatar\/b50a0a5c3e71d904f5e57a757d39977d01c43e075c6bf5b4df909ffbbe004790?s=96&d=mm&r=g\",\"contentUrl\":\"https:\/\/secure.gravatar.com\/avatar\/b50a0a5c3e71d904f5e57a757d39977d01c43e075c6bf5b4df909ffbbe004790?s=96&d=mm&r=g\",\"caption\":\"Marcin Rusinek\"}}]}<\/script>\n<!-- \/ Yoast SEO plugin. -->","yoast_head_json":{"title":"Legal Bulletin Of The Law Office Of Adam Polowiec (15 - 21 August 2016) - Polowiec i Wsp\u00f3lnicy - Kancelaria prawna","robots":{"index":"index","follow":"follow","max-snippet":"max-snippet:-1","max-image-preview":"max-image-preview:large","max-video-preview":"max-video-preview:-1"},"canonical":"https:\/\/polowiec.pl\/en\/legal-bulletin-of-the-law-office-of-adam-polowiec-15-21-august-2016\/","og_locale":"en_US","og_type":"article","og_title":"Legal Bulletin Of The Law Office Of Adam Polowiec (15 - 21 August 2016) - Polowiec i Wsp\u00f3lnicy - Kancelaria prawna","og_description":"We would like to present the next issue of legal bulletin of the Law Office of Adam Polowiec.What you will find here is some information about the new provisions of law and the projects of amendments to acts, but also case-laws including the case laws of Supreme Court, Constitutional Tribunal and European Court of Justice.","og_url":"https:\/\/polowiec.pl\/en\/legal-bulletin-of-the-law-office-of-adam-polowiec-15-21-august-2016\/","og_site_name":"Polowiec i Wsp\u00f3lnicy - Kancelaria prawna","article_publisher":"https:\/\/www.facebook.com\/polowieciwspolnicy\/","article_published_time":"2016-08-30T06:40:21+00:00","article_modified_time":"2019-04-18T14:32:55+00:00","author":"Marcin Rusinek","twitter_card":"summary_large_image","twitter_misc":{"Written by":"Marcin Rusinek","Est. reading time":"40 minutes"},"schema":{"@context":"https:\/\/schema.org","@graph":[{"@type":"Article","@id":"https:\/\/polowiec.pl\/en\/legal-bulletin-of-the-law-office-of-adam-polowiec-15-21-august-2016\/#article","isPartOf":{"@id":"https:\/\/polowiec.pl\/en\/legal-bulletin-of-the-law-office-of-adam-polowiec-15-21-august-2016\/"},"author":{"name":"Marcin Rusinek","@id":"https:\/\/polowiec.pl\/en\/#\/schema\/person\/74c7526b6f52be5ae94031504f9ffec4"},"headline":"Legal Bulletin Of The Law Office Of Adam Polowiec (15 &#8211; 21 August 2016)","datePublished":"2016-08-30T06:40:21+00:00","dateModified":"2019-04-18T14:32:55+00:00","mainEntityOfPage":{"@id":"https:\/\/polowiec.pl\/en\/legal-bulletin-of-the-law-office-of-adam-polowiec-15-21-august-2016\/"},"wordCount":8075,"publisher":{"@id":"https:\/\/polowiec.pl\/en\/#organization"},"inLanguage":"en-US"},{"@type":"WebPage","@id":"https:\/\/polowiec.pl\/en\/legal-bulletin-of-the-law-office-of-adam-polowiec-15-21-august-2016\/","url":"https:\/\/polowiec.pl\/en\/legal-bulletin-of-the-law-office-of-adam-polowiec-15-21-august-2016\/","name":"Legal Bulletin Of The Law Office Of Adam Polowiec (15 - 21 August 2016) - Polowiec i Wsp\u00f3lnicy - Kancelaria prawna","isPartOf":{"@id":"https:\/\/polowiec.pl\/en\/#website"},"datePublished":"2016-08-30T06:40:21+00:00","dateModified":"2019-04-18T14:32:55+00:00","breadcrumb":{"@id":"https:\/\/polowiec.pl\/en\/legal-bulletin-of-the-law-office-of-adam-polowiec-15-21-august-2016\/#breadcrumb"},"inLanguage":"en-US","potentialAction":[{"@type":"ReadAction","target":["https:\/\/polowiec.pl\/en\/legal-bulletin-of-the-law-office-of-adam-polowiec-15-21-august-2016\/"]}]},{"@type":"BreadcrumbList","@id":"https:\/\/polowiec.pl\/en\/legal-bulletin-of-the-law-office-of-adam-polowiec-15-21-august-2016\/#breadcrumb","itemListElement":[{"@type":"ListItem","position":1,"name":"Strona g\u0142\u00f3wna","item":"https:\/\/polowiec.pl\/en\/"},{"@type":"ListItem","position":2,"name":"Legal Bulletin Of The Law Office Of Adam Polowiec (15 &#8211; 21 August 2016)"}]},{"@type":"WebSite","@id":"https:\/\/polowiec.pl\/en\/#website","url":"https:\/\/polowiec.pl\/en\/","name":"Polowiec i Wsp\u00f3lnicy - Kancelaria prawna","description":"Obs\u0142uga prawna","publisher":{"@id":"https:\/\/polowiec.pl\/en\/#organization"},"potentialAction":[{"@type":"SearchAction","target":{"@type":"EntryPoint","urlTemplate":"https:\/\/polowiec.pl\/en\/?s={search_term_string}"},"query-input":{"@type":"PropertyValueSpecification","valueRequired":true,"valueName":"search_term_string"}}],"inLanguage":"en-US"},{"@type":"Organization","@id":"https:\/\/polowiec.pl\/en\/#organization","name":"Polowiec i Wsp\u00f3lnicy - Kancelaria prawna","url":"https:\/\/polowiec.pl\/en\/","logo":{"@type":"ImageObject","inLanguage":"en-US","@id":"https:\/\/polowiec.pl\/en\/#\/schema\/logo\/image\/","url":"https:\/\/polowiec.pl\/wp-content\/uploads\/2018\/10\/polowiec_logo2-1.png","contentUrl":"https:\/\/polowiec.pl\/wp-content\/uploads\/2018\/10\/polowiec_logo2-1.png","width":540,"height":381,"caption":"Polowiec i Wsp\u00f3lnicy - Kancelaria prawna"},"image":{"@id":"https:\/\/polowiec.pl\/en\/#\/schema\/logo\/image\/"},"sameAs":["https:\/\/www.facebook.com\/polowieciwspolnicy\/","https:\/\/www.linkedin.com\/company\/polowiec-i-wsplnicy-sp.j.\/about\/"]},{"@type":"Person","@id":"https:\/\/polowiec.pl\/en\/#\/schema\/person\/74c7526b6f52be5ae94031504f9ffec4","name":"Marcin Rusinek","image":{"@type":"ImageObject","inLanguage":"en-US","@id":"https:\/\/secure.gravatar.com\/avatar\/b50a0a5c3e71d904f5e57a757d39977d01c43e075c6bf5b4df909ffbbe004790?s=96&d=mm&r=g","url":"https:\/\/secure.gravatar.com\/avatar\/b50a0a5c3e71d904f5e57a757d39977d01c43e075c6bf5b4df909ffbbe004790?s=96&d=mm&r=g","contentUrl":"https:\/\/secure.gravatar.com\/avatar\/b50a0a5c3e71d904f5e57a757d39977d01c43e075c6bf5b4df909ffbbe004790?s=96&d=mm&r=g","caption":"Marcin Rusinek"}}]}},"_links":{"self":[{"href":"https:\/\/polowiec.pl\/en\/wp-json\/wp\/v2\/posts\/688","targetHints":{"allow":["GET"]}}],"collection":[{"href":"https:\/\/polowiec.pl\/en\/wp-json\/wp\/v2\/posts"}],"about":[{"href":"https:\/\/polowiec.pl\/en\/wp-json\/wp\/v2\/types\/post"}],"author":[{"embeddable":true,"href":"https:\/\/polowiec.pl\/en\/wp-json\/wp\/v2\/users\/3"}],"replies":[{"embeddable":true,"href":"https:\/\/polowiec.pl\/en\/wp-json\/wp\/v2\/comments?post=688"}],"version-history":[{"count":0,"href":"https:\/\/polowiec.pl\/en\/wp-json\/wp\/v2\/posts\/688\/revisions"}],"wp:attachment":[{"href":"https:\/\/polowiec.pl\/en\/wp-json\/wp\/v2\/media?parent=688"}],"wp:term":[{"taxonomy":"category","embeddable":true,"href":"https:\/\/polowiec.pl\/en\/wp-json\/wp\/v2\/categories?post=688"},{"taxonomy":"post_tag","embeddable":true,"href":"https:\/\/polowiec.pl\/en\/wp-json\/wp\/v2\/tags?post=688"}],"curies":[{"name":"wp","href":"https:\/\/api.w.org\/{rel}","templated":true}]}}