{"id":699,"date":"2016-10-24T21:08:55","date_gmt":"2016-10-24T19:08:55","guid":{"rendered":"https:\/\/nowa.polowiec.pl\/legal-bulletin-of-the-law-office-of-adam-polowiec-29-august-11-september-2016\/"},"modified":"2019-04-18T17:25:12","modified_gmt":"2019-04-18T15:25:12","slug":"legal-bulletin-of-the-law-office-of-adam-polowiec-29-august-11-september-2016","status":"publish","type":"post","link":"https:\/\/polowiec.pl\/en\/legal-bulletin-of-the-law-office-of-adam-polowiec-29-august-11-september-2016\/","title":{"rendered":"Legal Bulletin Of The Law Office Of Adam Polowiec (29 August &#8211; 11 September 2016)"},"content":{"rendered":"<p>We would like to present the next issue of legal bulletin of the Law Office of Adam Polowiec.<br \/>What you will find here is some information about the new provisions of law and the projects of amendments to acts, but also case-laws including the case laws of Supreme Court, Constitutional Tribunal and European Court of Justice.<\/p>\n<p>  <!--more-->  <\/p>\n<p class=\"NowePrawo\" style=\"text-align: justify;\"><strong>_____Nowe Prawo<\/strong><\/p>\n<p class=\"Dziedzinaprawa\" style=\"text-align: justify;\"><strong>KODEKS POST\u0118POWANIA CYWILNEGO<\/strong><\/p>\n<p class=\"Tekstpraswki0\" style=\"text-align: justify;\"><strong>Ustawa<\/strong> z&nbsp;dnia 22 lipca 2016 r. o&nbsp;zmianie ustawy &#8211; Kodeks post\u0119powania cywilnego, ustawy &#8211; Prawo o&nbsp;notariacie oraz ustawy o&nbsp;zmianie ustawy &#8211; Kodeks cywilny, ustawy &#8211; Kodeks post\u0119powania cywilnego oraz niekt&oacute;rych innych ustaw (Dz.&nbsp;U.&nbsp;z&nbsp;2016&nbsp;r.,&nbsp;poz.&nbsp;1358)<strong> &ndash; wesz\u0142a w&nbsp;\u017cycie z&nbsp;dniem 8 wrze\u015bnia 2016 r.<\/strong><\/p>\n<p class=\"Omwienie\" style=\"text-align: justify;\">W ustawie z&nbsp;dnia 17 listopada 1964 r. &#8211; Kodeks post\u0119powania cywilnego (Dz.&nbsp;U.&nbsp;z&nbsp;2014&nbsp;r.&nbsp;poz. 101, z&nbsp;p&oacute;\u017an. zm.) w&nbsp;cz\u0119\u015bci czwartej w&nbsp;ksi\u0119dze drugiej w&nbsp;tytule VIIa&nbsp;dodaje dodany zosta\u0142 art. 1142<sup>7<\/sup>.<\/p>\n<p class=\"Omwienie\" style=\"text-align: justify;\">W ustawie z&nbsp;dnia 14 lutego 1991 r. &#8211; Prawo o&nbsp;notariacie (Dz. U. z&nbsp;2014 r. poz. 164, z&nbsp;p&oacute;\u017an. zm.) zmianie uleg\u0142o brzmienie art. 92 &sect; 8-10, art. 95f &sect; 2, w&nbsp;dziale II w&nbsp;rozdziale 3b dodany zosta\u0142 art. 95y.<\/p>\n<p class=\"Omwienie\" style=\"text-align: justify;\">W ustawie z&nbsp;dnia 10 lipca 2015 r. o&nbsp;zmianie ustawy &#8211; Kodeks cywilny, ustawy &#8211; Kodeks post\u0119powania cywilnego oraz niekt&oacute;rych innych ustaw (Dz. U. poz. 1311 i&nbsp;1513 oraz z&nbsp;2016 r. poz. 178, 394 i&nbsp;615) zmianie uleg\u0142o brzmienie art. 2, art. 7, art. 21 ust. 2, w&nbsp;art. 8 dodaje si\u0119 pkt 4a, w&nbsp;art. 23 dodaje si\u0119 pkt 1a.<\/p>\n<p class=\"Tekstpraswki0\" style=\"text-align: justify;\"><strong>Rozporz\u0105dzenie <\/strong>Ministra Sprawiedliwo\u015bci z&nbsp;dnia 5 wrze\u015bnia 2016 r. w&nbsp;sprawie format&oacute;w, w&nbsp;jakich odpisy pism, dokument&oacute;w i&nbsp;pe\u0142nomocnictw mog\u0105 by\u0107 po\u015bwiadczane elektronicznie (Dz. U. z&nbsp;2016 r., poz. 1415)<strong> &ndash; wesz\u0142o w&nbsp;\u017cycie z&nbsp;dniem 8&nbsp;wrze\u015bnia&nbsp;2016 r.<\/strong><\/p>\n<p class=\"Tekstpraswki0\" style=\"text-align: justify;\"><strong>Rozporz\u0105dzenie <\/strong>Ministra Sprawiedliwo\u015bci z&nbsp;dnia 7 wrze\u015bnia 2016 r. w&nbsp;sprawie sposobu przeprowadzenia licytacji elektronicznej ruchomo\u015bci w&nbsp;s\u0105dowym post\u0119powaniu egzekucyjnym (Dz. U. z&nbsp;2016 r., poz. 1431)<strong> &ndash; wejdzie w&nbsp;\u017cycie z&nbsp;dniem 1&nbsp;marca&nbsp;2017&nbsp;r.<\/strong><\/p>\n<p>&nbsp;<\/p>\n<p class=\"Dziedzinaprawa\" style=\"text-align: justify;\"><strong>PRAWO O&nbsp;USTROJU S\u0104D&Oacute;W POWSZECHNYCH<\/strong><\/p>\n<p class=\"Tekstpraswki0\" style=\"text-align: justify;\"><strong>Rozporz\u0105dzenie <\/strong>Ministra Sprawiedliwo\u015bci z&nbsp;dnia 7 wrze\u015bnia 2016 r. w&nbsp;sprawie sposobu i&nbsp;cech umo\u017cliwiaj\u0105cych weryfikacj\u0119 istnienia i&nbsp;tre\u015bci pisma w&nbsp;systemie teleinformatycznym obs\u0142uguj\u0105cym post\u0119powanie s\u0105dowe (Dz. U. z&nbsp;2016 r., poz. 1422)<strong> &ndash; wesz\u0142o w&nbsp;\u017cycie z&nbsp;dniem 8 wrze\u015bnia 2016 r.<\/strong><\/p>\n<p>&nbsp;<\/p>\n<p class=\"Dziedzinaprawa\" style=\"text-align: justify;\"><strong>KODEKS POST\u0118POWANIA KARNEGO<\/strong><\/p>\n<p class=\"Tekstpraswki0\" style=\"text-align: justify;\"><strong>Rozporz\u0105dzenie <\/strong>Ministra Sprawiedliwo\u015bci z&nbsp;dnia 1 wrze\u015bnia 2016 r. zmieniaj\u0105ce rozporz\u0105dzenie w&nbsp;sprawie okre\u015blenia stawek wynagrodzenia bieg\u0142ych, taryf zrycza\u0142towanych oraz sposobu dokumentowania wydatk&oacute;w niezb\u0119dnych dla wydania opinii w&nbsp;post\u0119powaniu karnym (Dz. U. z&nbsp;2016 r., poz. 1402)<strong> &ndash; wesz\u0142o w&nbsp;\u017cycie z&nbsp;dniem 6 wrze\u015bnia 2016 r.<\/strong><\/p>\n<p class=\"Omwienie\" style=\"text-align: justify;\">W rozporz\u0105dzeniu Ministra Sprawiedliwo\u015bci z&nbsp;dnia 24 kwietnia 2013 r. w&nbsp;sprawie okre\u015blenia stawek wynagrodzenia bieg\u0142ych, taryf zrycza\u0142towanych oraz sposobu dokumentowania wydatk&oacute;w niezb\u0119dnych dla wydania opinii w&nbsp;post\u0119powaniu karnym (Dz.&nbsp;U. poz. 508) dodany zosta\u0142 &sect; 3a-3c, &sect; 6a i&nbsp;&sect; 6b, &sect; 8a, w&nbsp;&sect; 7 uchyla si\u0119 ust. 2.<\/p>\n<p>&nbsp;<\/p>\n<p class=\"Dziedzinaprawa\" style=\"text-align: justify;\"><strong>KOMORNICY S\u0104DOWI I&nbsp;EGZEKUCJA<\/strong><\/p>\n<p class=\"Tekstpraswki0\" style=\"text-align: justify;\"><strong>Rozporz\u0105dzenie <\/strong>Ministra Sprawiedliwo\u015bci z&nbsp;dnia 5 wrze\u015bnia 2016 r. w&nbsp;sprawie czynno\u015bci Krajowej Rady Komorniczej umo\u017cliwiaj\u0105cych komornikom prowadzenie egzekucji na podstawie elektronicznego tytu\u0142u wykonawczego oraz czynno\u015bci komornika dokonywanych za po\u015brednictwem systemu teleinformatycznego w&nbsp;post\u0119powaniu egzekucyjnym (Dz. U. z&nbsp;2016 r., poz. 1417)<strong> &ndash; wesz\u0142o w&nbsp;\u017cycie z&nbsp;dniem 8&nbsp;wrze\u015bnia&nbsp;2016 r.<\/strong><\/p>\n<p class=\"Tekstpraswki0\" style=\"text-align: justify;\"><strong>Rozporz\u0105dzenie <\/strong>Ministra Sprawiedliwo\u015bci z&nbsp;dnia 7 wrze\u015bnia 2016 r. w&nbsp;sprawie sposobu i&nbsp;cech umo\u017cliwiaj\u0105cych weryfikacj\u0119 istnienia i&nbsp;tre\u015bci pisma w&nbsp;systemie teleinformatycznym obs\u0142uguj\u0105cym post\u0119powanie egzekucyjne prowadzone przez komornika (Dz. U. z&nbsp;2016 r., poz. 1421)<strong> &ndash; wesz\u0142o w&nbsp;\u017cycie z&nbsp;dniem 8&nbsp;wrze\u015bnia&nbsp;2016&nbsp;r.<\/strong><\/p>\n<p>&nbsp;<\/p>\n<p class=\"Dziedzinaprawa\" style=\"text-align: justify;\"><strong>PRAWO PODATKOWE<\/strong><\/p>\n<p class=\"Tekstpraswki0\" style=\"text-align: justify;\"><strong>Rozporz\u0105dzenie <\/strong>Ministra Finans&oacute;w z&nbsp;dnia 24 sierpnia 2016 r. w&nbsp;sprawie wzoru deklaracji podatkowej o&nbsp;wysoko\u015bci podatku od sprzeda\u017cy detalicznej (Dz. U. z&nbsp;2016 r., poz. 1365)<strong> &ndash; wesz\u0142o w&nbsp;\u017cycie z&nbsp;dniem 1 wrze\u015bnia 2016 r.<\/strong><\/p>\n<p>&nbsp;<\/p>\n<p class=\"Dziedzinaprawa\" style=\"text-align: justify;\"><strong>PRAWO ZAM&Oacute;WIE\u0143 PUBLICZNYCH<\/strong><\/p>\n<p class=\"Tekstpraswki0\" style=\"text-align: justify;\"><strong>Rozporz\u0105dzenie <\/strong>Ministra Rozwoju z&nbsp;dnia 22 sierpnia 2016 r. zmieniaj\u0105ce rozporz\u0105dzenie w&nbsp;sprawie kwot warto\u015bci zam&oacute;wie\u0144 oraz konkurs&oacute;w, od kt&oacute;rych jest uzale\u017cniony obowi\u0105zek przekazywania og\u0142osze\u0144 Urz\u0119dowi Publikacji Unii Europejskiej (Dz.&nbsp;U.&nbsp;z&nbsp;2016&nbsp;r., poz. 1386)<strong> &ndash; wesz\u0142o w&nbsp;\u017cycie z&nbsp;dniem 9 wrze\u015bnia 2016 r.<\/strong><\/p>\n<p class=\"Omwienie\" style=\"text-align: justify;\">W rozporz\u0105dzeniu Prezesa Rady Ministr&oacute;w z&nbsp;dnia 28 grudnia 2015 r. w&nbsp;sprawie kwot warto\u015bci zam&oacute;wie\u0144 oraz konkurs&oacute;w, od kt&oacute;rych jest uzale\u017cniony obowi\u0105zek przekazywania og\u0142osze\u0144 Urz\u0119dowi Publikacji Unii Europejskiej (Dz. U. poz. 2263) zmianie uleg\u0142o brzmienie odno\u015bnika nr 1, w&nbsp;&sect; 1 w&nbsp;pkt 4 kropk\u0119 zast\u0105pi\u0142o si\u0119 \u015brednikiem i&nbsp;dodany zosta\u0142 pkt 5.<\/p>\n<p>&nbsp;<\/p>\n<p class=\"Dziedzinaprawa\" style=\"text-align: justify;\"><strong>OCHRONA ZDROWIA<\/strong><\/p>\n<p class=\"Tekstpraswki0\" style=\"text-align: justify;\"><strong>Ustawa<\/strong> z&nbsp;dnia 21 lipca 2016 r. o&nbsp;zmianie ustawy o&nbsp;\u015bwiadczeniach opieki zdrowotnej finansowanych ze \u015brodk&oacute;w publicznych oraz niekt&oacute;rych innych ustaw (Dz.&nbsp;U.&nbsp;z&nbsp;2016&nbsp;r.,&nbsp;poz. 1355) <strong>&ndash; wesz\u0142a w&nbsp;\u017cycie z&nbsp;dniem 30 sierpnia 2016 r.<\/strong><\/p>\n<p class=\"Omwienie\" style=\"text-align: justify;\">W ustawie z&nbsp;dnia 27 sierpnia 2004 r. o&nbsp;\u015bwiadczeniach opieki zdrowotnej finansowanych ze \u015brodk&oacute;w publicznych (Dz. U. z&nbsp;2015 r. poz. 581, z&nbsp;p&oacute;\u017an. zm.) zmianie uleg\u0142o brzmienie art. 95c-95e, art. 148 ust. 2 pkt 2, w&nbsp;art. 5 dodaje si\u0119 pkt 32c, w&nbsp;art. 95a dodaje si\u0119 ust.&nbsp;10a, w&nbsp;dziale IVa dodaje si\u0119 art. 95f-95k.<\/p>\n<p class=\"Omwienie\" style=\"text-align: justify;\">W ustawie z&nbsp;dnia 28 kwietnia 2011 r. o&nbsp;systemie informacji w&nbsp;ochronie zdrowia (Dz.&nbsp;U.&nbsp;z&nbsp;2015 r. poz. 636, z&nbsp;p&oacute;\u017an. zm.) zmianie uleg\u0142o brzmienie art. 9a ust. 1, w&nbsp;art.&nbsp;5&nbsp;w ust. 1 w&nbsp;pkt 2 w&nbsp;lit. j \u015brednik zast\u0119puje si\u0119 przecinkiem i&nbsp;dodaje si\u0119 lit. k, w&nbsp;rozdziale 5 dodaje si\u0119 art. 31a.<\/p>\n<p class=\"Omwienie\" style=\"text-align: justify;\">W ustawie z&nbsp;dnia 22 lipca 2014 r. o&nbsp;zmianie ustawy o&nbsp;\u015bwiadczeniach opieki zdrowotnej finansowanych ze \u015brodk&oacute;w publicznych oraz niekt&oacute;rych innych ustaw (Dz.&nbsp;U.&nbsp;poz.&nbsp;1138&nbsp;i&nbsp;1491 oraz z&nbsp;2015 r. poz. 2198) w&nbsp;art. 19 uchyla si\u0119 ust. 2.<\/p>\n<p class=\"Tekstpraswki0\" style=\"text-align: justify;\"><strong>Rozporz\u0105dzenie<\/strong> Ministra Zdrowia z&nbsp;dnia 5 sierpnia 2016 r. w&nbsp;sprawie szczeg&oacute;\u0142owych kryteri&oacute;w wyboru ofert w&nbsp;post\u0119powaniu w&nbsp;sprawie zawarcia um&oacute;w o&nbsp;udzielanie \u015bwiadcze\u0144 opieki zdrowotnej (Dz. U. z&nbsp;2016 r., poz. 1372)<strong> &ndash; wesz\u0142o w&nbsp;\u017cycie z&nbsp;dniem 1&nbsp;wrze\u015bnia&nbsp;2016 r.<\/strong><\/p>\n<p class=\"Tekstpraswki0\" style=\"text-align: justify;\"><strong>Rozporz\u0105dzenie<\/strong> Ministra Zdrowia z&nbsp;dnia 24 sierpnia 2016 r. zmieniaj\u0105ce rozporz\u0105dzenie w&nbsp;sprawie recept wystawianych przez piel\u0119gniarki i&nbsp;po\u0142o\u017cne (Dz. U. z&nbsp;2016 r., poz. 1360)<strong> &ndash; wesz\u0142o w&nbsp;\u017cycie z&nbsp;dniem 1 wrze\u015bnia 2016 r.<\/strong><\/p>\n<p class=\"Omwienie\" style=\"text-align: justify;\">W rozporz\u0105dzeniu Ministra Zdrowia z&nbsp;dnia 28 pa\u017adziernika 2015 r. w&nbsp;sprawie recept wystawianych przez piel\u0119gniarki i&nbsp;po\u0142o\u017cne (Dz. U. poz. 1971) zmianie uleg\u0142o brzmienie &sect;&nbsp;3 ust. 1 pkt 2, &sect; 16 ust. 1 pkt 1 lit. a, &sect; 17 ust. 2 i&nbsp;3, za\u0142\u0105cznika nr 6 do rozporz\u0105dzenia obja\u015bnienia pkt 4, w&nbsp;&sect; 18 ust. 1 uchyla si\u0119 pkt 2, w&nbsp;za\u0142\u0105czniku nr 1 do rozporz\u0105dzenia w&nbsp;tabeli 1 dodaje si\u0119 lp. 8.<\/p>\n<p class=\"Tekstpraswki0\" style=\"text-align: justify;\"><strong>Rozporz\u0105dzenie<\/strong> Ministra Zdrowia z&nbsp;dnia 24 sierpnia 2016 r. zmieniaj\u0105ce rozporz\u0105dzenie w&nbsp;sprawie informacji gromadzonych przez apteki oraz informacji przekazywanych Narodowemu Funduszowi Zdrowia (Dz. U. z&nbsp;2016 r., poz. 1350)<strong> &ndash; wesz\u0142o w&nbsp;\u017cycie z&nbsp;dniem 1 wrze\u015bnia 2016 r.<\/strong><\/p>\n<p class=\"Omwienie\" style=\"text-align: justify;\">W rozporz\u0105dzeniu Ministra Zdrowia z&nbsp;dnia 23 grudnia 2011 r. w&nbsp;sprawie informacji gromadzonych przez apteki oraz informacji przekazywanych Narodowemu Funduszowi Zdrowia (Dz. U. z&nbsp;2014 r. poz. 122 oraz z&nbsp;2016 r. poz. 31) zmianie uleg\u0142o brzmienie &sect;&nbsp;2&nbsp;w ust. 1, za\u0142\u0105cznik nr 1 otrzymuje brzmienie okre\u015blone w&nbsp;za\u0142\u0105czniku nr 1 do rozporz\u0105dzenia, za\u0142\u0105cznik nr 3 otrzymuje brzmienie okre\u015blone w&nbsp;za\u0142\u0105czniku nr 2 do rozporz\u0105dzenia, za\u0142\u0105cznik nr 4 otrzymuje brzmienie okre\u015blone w&nbsp;za\u0142\u0105czniku nr 3 do rozporz\u0105dzenia, w&nbsp;&sect; 3 skre\u015bla si\u0119 wyraz &#8220;budowy&#8221;.<\/p>\n<p class=\"Tekstpraswki0\" style=\"text-align: justify;\"><strong>Rozporz\u0105dzenie<\/strong> Ministra Zdrowia z&nbsp;dnia 24 sierpnia 2016 r. w&nbsp;sprawie wykazu nowych substancji psychoaktywnych (Dz. U. z&nbsp;2016 r., poz. 1393)<strong> &ndash; wejdzie w&nbsp;\u017cycie z&nbsp;dniem&nbsp;17 wrze\u015bnia 2016 r.<\/strong><\/p>\n<p class=\"Tekstpraswki0\" style=\"text-align: justify;\"><strong>Rozporz\u0105dzenie<\/strong> Ministra Zdrowia z&nbsp;dnia 24 sierpnia 2016 r. w&nbsp;sprawie Krajowego Rejestru Nowotwor&oacute;w (Dz. U. z&nbsp;2016 r., poz. 1362)<strong> &ndash; wesz\u0142o w&nbsp;\u017cycie z&nbsp;dniem 30&nbsp;sierpnia 2016 r.<\/strong><\/p>\n<p class=\"Tekstpraswki0\" style=\"text-align: justify;\"><strong>Rozporz\u0105dzenie<\/strong> Ministra Zdrowia z&nbsp;dnia 29 sierpnia 2016 r. w&nbsp;sprawie Polskiego Rejestru Wrodzonych Wad Rozwojowych (Dz. U. z&nbsp;2016 r., poz. 1383)<strong> &ndash; wesz\u0142o w&nbsp;\u017cycie z&nbsp;dniem 2 wrze\u015bnia 2016 r.<\/strong><\/p>\n<p class=\"Tekstpraswki0\" style=\"text-align: justify;\"><strong>Rozporz\u0105dzenie<\/strong> Ministra Zdrowia z&nbsp;dnia 1 wrze\u015bnia 2016 r. w&nbsp;sprawie wykazu laboratori&oacute;w przeprowadzaj\u0105cych weryfikacj\u0119 maksymalnego poziomu wydzielanych substancji smolistych, nikotyny i&nbsp;tlenku w\u0119gla w&nbsp;dymie papieros&oacute;w (Dz.&nbsp;U.&nbsp;z&nbsp;2016&nbsp;r.,&nbsp;poz. 1410)<strong> &ndash; wesz\u0142o w&nbsp;\u017cycie z&nbsp;dniem 8 wrze\u015bnia 2016 r.<\/strong><\/p>\n<p class=\"Tekstpraswki0\" style=\"text-align: justify;\"><strong>Rozporz\u0105dzenie<\/strong> Ministra Zdrowia z&nbsp;dnia 6 wrze\u015bnia 2016 r. w&nbsp;sprawie metody zapobiegania odrze (Dz. U. z&nbsp;2016 r., poz. 1418)<strong> &ndash; wesz\u0142o w&nbsp;\u017cycie z&nbsp;dniem 7&nbsp;wrze\u015bnia 2016 r.<\/strong><\/p>\n<p>&nbsp;<\/p>\n<p class=\"Dziedzinaprawa\" style=\"text-align: justify;\"><strong>RZECZNICY PATENTOWI<\/strong><\/p>\n<p class=\"Tekstpraswki0\" style=\"text-align: justify;\"><strong>Rozporz\u0105dzenie<\/strong> Prezesa Rady Ministr&oacute;w z&nbsp;dnia 5 wrze\u015bnia 2016 r. w&nbsp;sprawie przedmiotu szkolenia aplikant&oacute;w rzecznikowskich, szczeg&oacute;\u0142owego trybu i&nbsp;sposobu przeprowadzania egzaminu konkursowego i&nbsp;egzaminu kwalifikacyjnego (Dz.&nbsp;U.&nbsp;z&nbsp;2016&nbsp;r.,&nbsp;poz. 1425)<strong> &ndash; wejdzie w&nbsp;\u017cycie z&nbsp;dniem 23 wrze\u015bnia 2016 r.<\/strong><\/p>\n<p>&nbsp;<\/p>\n<p class=\"Dziedzinaprawa\" style=\"text-align: justify;\"><strong>PRAWO PRACY i&nbsp;ZABEPIECZENIE SPO\u0141ECZNE<\/strong><\/p>\n<p class=\"Tekstpraswki0\" style=\"text-align: justify;\"><strong>Rozporz\u0105dzenie<\/strong> Rady Ministr&oacute;w z&nbsp;dnia 9 sierpnia 2016 r. w&nbsp;sprawie Komisji Kodyfikacyjnej Prawa Pracy (Dz. U. z&nbsp;2016 r., poz. 1366)<strong> &ndash; wesz\u0142o w&nbsp;\u017cycie z&nbsp;dniem 1&nbsp;wrze\u015bnia 2016 r.<\/strong><\/p>\n<p class=\"Tekstpraswki0\" style=\"text-align: justify;\"><strong>Rozporz\u0105dzenie<\/strong> Ministra Rodziny, Pracy i&nbsp;Polityki Spo\u0142ecznej z&nbsp;dnia 22 sierpnia 2016 r. zmieniaj\u0105ce rozporz\u0105dzenie w&nbsp;sprawie szczeg&oacute;\u0142owych zasad ustalania podstawy wymiaru sk\u0142adek na ubezpieczenia emerytalne i&nbsp;rentowe (Dz. U. z&nbsp;2016 r., poz. 1381)<strong> &ndash; wejdzie&nbsp;w&nbsp;\u017cycie z&nbsp;dniem 1 pa\u017adziernika 2016 r.<\/strong><\/p>\n<p class=\"Omwienie\" style=\"text-align: justify;\">W rozporz\u0105dzeniu Ministra Pracy i&nbsp;Polityki Socjalnej z&nbsp;dnia 18 grudnia 1998 r. w&nbsp;sprawie szczeg&oacute;\u0142owych zasad ustalania podstawy wymiaru sk\u0142adek na ubezpieczenia emerytalne i&nbsp;rentowe (Dz. U. z&nbsp;2015 r. poz. 2236) zmianie ulegnie brzmienie &sect; 2 ust. 1 pkt 16.<\/p>\n<p class=\"Tekstpraswki0\" style=\"text-align: justify;\"><strong>Rozporz\u0105dzenie<\/strong> Prezesa Rady Ministr&oacute;w z&nbsp;dnia 23 sierpnia 2016 r. w&nbsp;sprawie wp\u0142at na pokrycie koszt&oacute;w nadzoru nad dzia\u0142alno\u015bci\u0105 ubezpieczeniow\u0105, reasekuracyjn\u0105 oraz w&nbsp;zakresie po\u015brednictwa ubezpieczeniowego (Dz. U. z&nbsp;2016 r., poz. 1363)<strong> &ndash; wesz\u0142o&nbsp;w&nbsp;\u017cycie z&nbsp;dniem 31 sierpnia 2016 r.<\/strong><\/p>\n<p>&nbsp;<\/p>\n<p class=\"Dziedzinaprawa\" style=\"text-align: justify;\"><strong>PRAWO BANKOWE<\/strong><\/p>\n<p class=\"Tekstpraswki0\" style=\"text-align: justify;\"><strong>Rozporz\u0105dzenie<\/strong> Prezesa Rady Ministr&oacute;w z&nbsp;dnia 23 sierpnia 2016 r. w&nbsp;sprawie wp\u0142at na pokrycie koszt&oacute;w nadzoru bankowego (Dz. U. z&nbsp;2016 r., poz. 1371)<strong> &ndash; wesz\u0142o w&nbsp;\u017cycie z&nbsp;dniem 1 wrze\u015bnia 2016 r.<\/strong><\/p>\n<p class=\"Tekstpraswki0\" style=\"text-align: justify;\"><strong>Rozporz\u0105dzenie<\/strong> Ministra Finans&oacute;w z&nbsp;dnia 7 wrze\u015bnia 2016 r. w&nbsp;sprawie identyfikacji banku w&nbsp;systemie teleinformatycznym obs\u0142uguj\u0105cym zaj\u0119cie wierzytelno\u015bci z&nbsp;rachunku bankowego (Dz. U. z&nbsp;2016 r., poz. 1419)<strong> &ndash; wesz\u0142o w&nbsp;\u017cycie z&nbsp;dniem 8&nbsp;wrze\u015bnia&nbsp;2016&nbsp;r.<\/strong><\/p>\n<p>&nbsp;<\/p>\n<p class=\"Dziedzinaprawa\" style=\"text-align: justify;\"><strong>PRAWO OCHRONY \u015aRODOWISKA<\/strong><\/p>\n<p class=\"Tekstpraswki0\" style=\"text-align: justify;\"><strong>Rozporz\u0105dzenie<\/strong> Ministra Rozwoju z&nbsp;dnia 8 sierpnia 2016 r. w&nbsp;sprawie ograniczenia emisji lotnych zwi\u0105zk&oacute;w organicznych zawartych w&nbsp;niekt&oacute;rych farbach i&nbsp;lakierach przeznaczonych do malowania budynk&oacute;w i&nbsp;ich element&oacute;w wyko\u0144czeniowych, wyposa\u017ceniowych oraz zwi\u0105zanych z&nbsp;budynkami i&nbsp;tymi elementami konstrukcji oraz w&nbsp;mieszaninach do odnawiania pojazd&oacute;w (Dz. U. z&nbsp;2016 r., poz. 1353)<strong> &ndash; wesz\u0142o w&nbsp;\u017cycie z&nbsp;dniem 27 sierpnia 2016 r.<\/strong><\/p>\n<p class=\"Tekstpraswki0\" style=\"text-align: justify;\"><strong>Rozporz\u0105dzenie<\/strong> Ministra Obrony Narodowej z&nbsp;dnia 24 sierpnia 2016 r. zmieniaj\u0105ce rozporz\u0105dzenie w&nbsp;sprawie wykazu operator&oacute;w urz\u0105dze\u0144 i&nbsp;system&oacute;w ochrony przeciwpo\u017carowej, b\u0119d\u0105cych na wyposa\u017ceniu jednostek organizacyjnych Si\u0142 Zbrojnych Rzeczypospolitej Polskiej (Dz. U. z&nbsp;2016 r., poz. 1405)<strong> &ndash; wejdzie w&nbsp;\u017cycie z&nbsp;dniem 21&nbsp;wrze\u015bnia 2016 r.<\/strong><\/p>\n<p class=\"Omwienie\" style=\"text-align: justify;\">W rozporz\u0105dzeniu Ministra Obrony Narodowej z&nbsp;dnia 8 grudnia 2015 r. w&nbsp;sprawie wykazu operator&oacute;w urz\u0105dze\u0144 i&nbsp;system&oacute;w ochrony przeciwpo\u017carowej, b\u0119d\u0105cych na wyposa\u017ceniu jednostek organizacyjnych Si\u0142 Zbrojnych Rzeczypospolitej Polskiej (Dz. U. poz. 2141) zmianie ulegnie brzmienie za\u0142\u0105cznika.<\/p>\n<p class=\"Tekstpraswki0\" style=\"text-align: justify;\"><strong>Rozporz\u0105dzenie<\/strong> Prezesa Rady Ministr&oacute;w z&nbsp;dnia 24 sierpnia 2016 r. zmieniaj\u0105ce rozporz\u0105dzenie w&nbsp;sprawie nadania statutu Generalnej Dyrekcji Ochrony \u015arodowiska (Dz.&nbsp;U. z&nbsp;2016 r., poz. 1380)<strong> &ndash; wejdzie w&nbsp;\u017cycie z&nbsp;dniem 16 wrze\u015bnia 2016 r.<\/strong><\/p>\n<p class=\"Omwienie\" style=\"text-align: justify;\">W rozporz\u0105dzeniu Prezesa Rady Ministr&oacute;w z&nbsp;dnia 12 listopada 2008 r. w&nbsp;sprawie nadania statutu Generalnej Dyrekcji Ochrony \u015arodowiska (Dz. U. z&nbsp;2015 r. poz. 1350) zmianie ulegnie brzmienie za\u0142\u0105cznika do rozporz\u0105dzenia &sect; 3 ust. 1.<\/p>\n<p class=\"Tekstpraswki0\" style=\"text-align: justify;\"><strong>Rozporz\u0105dzenie<\/strong> Ministra \u015arodowiska z&nbsp;dnia 25 sierpnia 2016 r. w&nbsp;sprawie op\u0142at za usuni\u0119cie drzew i&nbsp;krzew&oacute;w (Dz. U. z&nbsp;2016 r., poz. 1354)<strong> &ndash; wesz\u0142o w&nbsp;\u017cycie z&nbsp;dniem 29&nbsp;sierpnia 2016 r.<\/strong><\/p>\n<p class=\"Tekstpraswki0\" style=\"text-align: justify;\"><strong>Rozporz\u0105dzenie<\/strong> Ministra \u015arodowiska z&nbsp;dnia 1 wrze\u015bnia 2016 r. w&nbsp;sprawie sposobu prowadzenia oceny zanieczyszczenia powierzchni ziemi (Dz. U. z&nbsp;2016 r., poz. 1395)<strong> &ndash; wesz\u0142o w&nbsp;\u017cycie z&nbsp;dniem 5 wrze\u015bnia 2016 r.<\/strong><\/p>\n<p class=\"Tekstpraswki0\" style=\"text-align: justify;\"><strong>Rozporz\u0105dzenie<\/strong> Ministra \u015arodowiska z&nbsp;dnia 1 wrze\u015bnia 2016 r. w&nbsp;sprawie rejestru szk&oacute;d w&nbsp;\u015brodowisku (Dz. U. z&nbsp;2016 r., poz. 1398)<strong> &ndash; wesz\u0142o w&nbsp;\u017cycie z&nbsp;dniem 5&nbsp;wrze\u015bnia&nbsp;2016 r.<\/strong><\/p>\n<p class=\"Tekstpraswki0\" style=\"text-align: justify;\"><strong>Rozporz\u0105dzenie<\/strong> Ministra \u015arodowiska z&nbsp;dnia 1 wrze\u015bnia 2016 r. w&nbsp;sprawie rejestru historycznych zanieczyszcze\u0144 powierzchni ziemi (Dz. U. z&nbsp;2016 r., poz. 1397)<strong> &ndash; wesz\u0142o&nbsp;w&nbsp;\u017cycie z&nbsp;dniem 5 wrze\u015bnia 2016 r.<\/strong><\/p>\n<p class=\"Tekstpraswki0\" style=\"text-align: justify;\"><strong>Rozporz\u0105dzenie<\/strong> Ministra \u015arodowiska z&nbsp;dnia 1 wrze\u015bnia 2016 r. w&nbsp;sprawie kryteri&oacute;w oceny wyst\u0105pienia szkody w&nbsp;\u015brodowisku (Dz. U. z&nbsp;2016 r., poz. 1399)<strong> &ndash; wesz\u0142o w&nbsp;\u017cycie z&nbsp;dniem 5 wrze\u015bnia 2016 r.<\/strong><\/p>\n<p class=\"Tekstpraswki0\" style=\"text-align: justify;\"><strong>Rozporz\u0105dzenie<\/strong> Ministra \u015arodowiska z&nbsp;dnia 1 wrze\u015bnia 2016 r. w&nbsp;sprawie dzia\u0142a\u0144 naprawczych (Dz. U. z&nbsp;2016 r., poz. 1396)<strong> &ndash; wesz\u0142o w&nbsp;\u017cycie z&nbsp;dniem 5&nbsp;wrze\u015bnia&nbsp;2016 r.<\/strong><\/p>\n<p>&nbsp;<\/p>\n<p class=\"Dziedzinaprawa\" style=\"text-align: justify;\"><strong>PRAWO ADMINISTRACYJNE<\/strong><\/p>\n<p class=\"Tekstpraswki0\" style=\"text-align: justify;\"><strong>Rozporz\u0105dzenie<\/strong> Ministra Cyfryzacji z&nbsp;dnia 26 sierpnia 2016 r. zmieniaj\u0105ce rozporz\u0105dzenie w&nbsp;sprawie sposobu prowadzenia rejestru stanu cywilnego oraz akt zbiorowych rejestracji stanu cywilnego (Dz. U. z&nbsp;2016 r., poz. 1351)<strong> &ndash; wesz\u0142o w&nbsp;\u017cycie z&nbsp;dniem 27 sierpnia 2016 r.<\/strong><\/p>\n<p class=\"Omwienie\" style=\"text-align: justify;\">W rozporz\u0105dzeniu Ministra Spraw Wewn\u0119trznych z&nbsp;dnia 9 lutego 2015 r. w&nbsp;sprawie sposobu prowadzenia rejestru stanu cywilnego oraz akt zbiorowych rejestracji stanu cywilnego (Dz. U. poz. 225 i&nbsp;1746) zmianie uleg\u0142o brzmienie &sect; 3.<\/p>\n<p class=\"Tekstpraswki0\" style=\"text-align: justify;\"><strong>Rozporz\u0105dzenie<\/strong> Ministra Cyfryzacji z&nbsp;dnia 26 sierpnia 2016 r. zmieniaj\u0105ce rozporz\u0105dzenie w&nbsp;sprawie przenoszenia akt&oacute;w stanu cywilnego do rejestru stanu cywilnego (Dz. U. z&nbsp;2016 r., poz. 1352)<strong> &ndash; wesz\u0142o w&nbsp;\u017cycie z&nbsp;dniem 27&nbsp;sierpnia&nbsp;2016&nbsp;r.<\/strong><\/p>\n<p class=\"Omwienie\" style=\"text-align: justify;\">W rozporz\u0105dzeniu Ministra Spraw Wewn\u0119trznych z&nbsp;dnia 5 lutego 2015 r. w&nbsp;sprawie przenoszenia akt&oacute;w stanu cywilnego do rejestru stanu cywilnego (Dz. U. poz. 204) zmianie uleg\u0142o brzmienie &sect; 14.<\/p>\n<p class=\"Tekstpraswki0\" style=\"text-align: justify;\"><strong>Rozporz\u0105dzenie<\/strong> Ministra Spraw Zagranicznych z&nbsp;dnia 26 sierpnia 2016 r. w&nbsp;sprawie wzoru wniosku o&nbsp;przyznanie lub przed\u0142u\u017cenie wa\u017cno\u015bci Karty Polaka oraz wzoru Karty Polaka (Dz. U. z&nbsp;2016 r., poz. 1382)<strong> &ndash; wesz\u0142o w&nbsp;\u017cycie z&nbsp;dniem 2 wrze\u015bnia 2016 r.<\/strong><\/p>\n<p class=\"Tekstpraswki0\" style=\"text-align: justify;\"><strong>Rozporz\u0105dzenie<\/strong> Rady Ministr&oacute;w z&nbsp;dnia 30 sierpnia 2016 r. zmieniaj\u0105ce rozporz\u0105dzenie w&nbsp;sprawie zasad wynagradzania pracownik&oacute;w nieb\u0119d\u0105cych cz\u0142onkami korpusu s\u0142u\u017cby cywilnej zatrudnionych w&nbsp;urz\u0119dach administracji rz\u0105dowej i&nbsp;pracownik&oacute;w innych jednostek (Dz. U. z&nbsp;2016 r., poz. 1370)<strong> &ndash; wesz\u0142o w&nbsp;\u017cycie z&nbsp;dniem 1 wrze\u015bnia 2016 r.<\/strong><\/p>\n<p class=\"Omwienie\" style=\"text-align: justify;\">W rozporz\u0105dzeniu Rady Ministr&oacute;w z&nbsp;dnia 2 lutego 2010 r. w&nbsp;sprawie zasad wynagradzania pracownik&oacute;w nieb\u0119d\u0105cych cz\u0142onkami korpusu s\u0142u\u017cby cywilnej zatrudnionych w&nbsp;urz\u0119dach administracji rz\u0105dowej i&nbsp;pracownik&oacute;w innych jednostek (Dz. U. poz. 134, z&nbsp;p&oacute;\u017an. zm.) zmianie uleg\u0142o brzmienie za\u0142\u0105cznika nr 3 do rozporz\u0105dzenia tabela VIII, za\u0142\u0105cznika nr&nbsp;4&nbsp;do rozporz\u0105dzenia tabela A.<\/p>\n<p class=\"Tekstpraswki0\" style=\"text-align: justify;\"><strong>Rozporz\u0105dzenie<\/strong> Ministra Finans&oacute;w z&nbsp;dnia 1 wrze\u015bnia 2016 r. w&nbsp;sprawie sposobu sporz\u0105dzania i&nbsp;dokonywania dor\u0119cze\u0144 dokument&oacute;w przesy\u0142anych w&nbsp;ramach stosowanego \u015brodka egzekucyjnego z&nbsp;u\u017cyciem \u015brodk&oacute;w komunikacji elektronicznej (Dz. U. z&nbsp;2016 r., poz. 1394)<strong> &ndash; wesz\u0142o w&nbsp;\u017cycie z&nbsp;dniem 8 wrze\u015bnia 2016 r.<\/strong><\/p>\n<p class=\"Tekstpraswki0\" style=\"text-align: justify;\"><strong>Rozporz\u0105dzenie<\/strong> Prezydenta Rzeczypospolitej Polskiej z&nbsp;dnia 2 wrze\u015bnia 2016 r. zmieniaj\u0105ce rozporz\u0105dzenie w&nbsp;sprawie stanowisk i&nbsp;wymaganych kwalifikacji urz\u0119dnik&oacute;w s\u0105dowych i&nbsp;innych pracownik&oacute;w oraz szczeg&oacute;\u0142owych zasad wynagradzania referendarzy s\u0105dowych, starszych referendarzy s\u0105dowych, asystent&oacute;w s\u0119dzi&oacute;w, starszych asystent&oacute;w s\u0119dzi&oacute;w, urz\u0119dnik&oacute;w oraz innych pracownik&oacute;w wojew&oacute;dzkich s\u0105d&oacute;w administracyjnych (Dz. U. z&nbsp;2016 r., poz. 1428)<strong> &ndash; wesz\u0142o w&nbsp;\u017cycie z&nbsp;dniem 8 wrze\u015bnia 2016 r.<\/strong><\/p>\n<p class=\"Omwienie\" style=\"text-align: justify;\">W rozporz\u0105dzeniu Prezydenta Rzeczypospolitej Polskiej z&nbsp;dnia 22 marca 2011 r. w&nbsp;sprawie stanowisk i&nbsp;wymaganych kwalifikacji urz\u0119dnik&oacute;w s\u0105dowych i&nbsp;innych pracownik&oacute;w oraz szczeg&oacute;\u0142owych zasad wynagradzania referendarzy s\u0105dowych, starszych referendarzy s\u0105dowych, asystent&oacute;w s\u0119dzi&oacute;w, starszych asystent&oacute;w s\u0119dzi&oacute;w, urz\u0119dnik&oacute;w oraz innych pracownik&oacute;w wojew&oacute;dzkich s\u0105d&oacute;w administracyjnych (Dz. U. poz. 384) zmianie uleg\u0142o brzmienie za\u0142\u0105cznika nr 1 do rozporz\u0105dzenia &#8211; tabela A, za\u0142\u0105cznika nr 3 do rozporz\u0105dzenia.<\/p>\n<p class=\"Tekstpraswki0\" style=\"text-align: justify;\"><strong>Rozporz\u0105dzenie<\/strong> Ministra Finans&oacute;w z&nbsp;dnia 2 wrze\u015bnia 2016 r. w&nbsp;sprawie siedzib i&nbsp;w\u0142a\u015bciwo\u015bci rzeczowej oraz miejscowej dyrektor&oacute;w oddzia\u0142&oacute;w Zak\u0142adu Ubezpiecze\u0144 Spo\u0142ecznych wyznaczonych do dzia\u0142ania jako organy egzekucyjne (Dz. U. z&nbsp;2016 r., poz.&nbsp;1411)<strong> &ndash; wesz\u0142o w&nbsp;\u017cycie z&nbsp;dniem 8 wrze\u015bnia 2016 r.<\/strong><\/p>\n<p class=\"Tekstpraswki0\" style=\"text-align: justify;\"><strong>Rozporz\u0105dzenie<\/strong> Ministra Finans&oacute;w z&nbsp;dnia 5 wrze\u015bnia 2016 r. zmieniaj\u0105ce rozporz\u0105dzenie w&nbsp;sprawie post\u0119powania wierzycieli nale\u017cno\u015bci pieni\u0119\u017cnych (Dz.&nbsp;U.&nbsp;z&nbsp;2016&nbsp;r., poz. 1413)<strong> &ndash; wesz\u0142o w&nbsp;\u017cycie z&nbsp;dniem 8 wrze\u015bnia 2016 r.<\/strong><\/p>\n<p class=\"Omwienie\" style=\"text-align: justify;\">W rozporz\u0105dzeniu Ministra Finans&oacute;w z&nbsp;dnia 30 grudnia 2015 r. w&nbsp;sprawie post\u0119powania wierzycieli nale\u017cno\u015bci pieni\u0119\u017cnych (Dz. U. poz. 2367) zmianie uleg\u0142o brzmienie &sect; 4, &sect; 7, &sect;&nbsp;9, &sect; 10 ust. 1 pkt 3, &sect; 16, &sect; 19, &sect; 22, uchylony zosta\u0142 &sect; 17.<\/p>\n<p class=\"Tekstpraswki0\" style=\"text-align: justify;\"><strong>Rozporz\u0105dzenie<\/strong> Ministra Finans&oacute;w z&nbsp;dnia 5 wrze\u015bnia 2016 r. w&nbsp;sprawie sposobu sporz\u0105dzania i&nbsp;dokonywania dor\u0119cze\u0144 z&nbsp;u\u017cyciem \u015brodk&oacute;w komunikacji elektronicznej odpis&oacute;w dokument&oacute;w w&nbsp;przypadku wyst\u0105pienia zbiegu egzekucji (Dz. U. z&nbsp;2016 r., poz.&nbsp;1416)<strong> &ndash; wesz\u0142o w&nbsp;\u017cycie z&nbsp;dniem 8 wrze\u015bnia 2016 r.<\/strong><\/p>\n<p>&nbsp;<\/p>\n<p class=\"Dziedzinaprawa\" style=\"text-align: justify;\"><strong>PRAWO ROLNE<\/strong><\/p>\n<p class=\"Tekstpraswki0\" style=\"text-align: justify;\"><strong>Rozporz\u0105dzenie<\/strong> Ministra Rolnictwa i&nbsp;Rozwoju Wsi z&nbsp;dnia 12 sierpnia 2016 r. w&nbsp;sprawie sposobu i&nbsp;miejsca pobierania pr&oacute;bek winogron, moszczu winogronowego i&nbsp;wina w&nbsp;trakcie fermentacji oraz ustalania naturalnej zawarto\u015bci alkoholu w&nbsp;tych produktach (Dz.&nbsp;U.&nbsp;z&nbsp;2016 r., poz. 1409)<strong> &ndash; wejdzie w&nbsp;\u017cycie z&nbsp;dniem 22 wrze\u015bnia 2016 r.<\/strong><\/p>\n<p>&nbsp;<\/p>\n<p class=\"Dziedzinaprawa\" style=\"text-align: justify;\"><strong>SAMORZ\u0104D ZAWODOWY<\/strong><\/p>\n<p class=\"Tekstpraswki0\" style=\"text-align: justify;\"><strong>Rozporz\u0105dzenie<\/strong> Ministra Sprawiedliwo\u015bci z&nbsp;dnia 1 wrze\u015bnia 2016 r. zmieniaj\u0105ce rozporz\u0105dzenie w&nbsp;sprawie komisji egzaminacyjnej do spraw aplikacji radcowskiej oraz przeprowadzania egzaminu wst\u0119pnego (Dz. U. z&nbsp;2016 r., poz. 1400)<strong> &ndash; wesz\u0142o w&nbsp;\u017cycie z&nbsp;dniem 6 wrze\u015bnia 2016 r.<\/strong><\/p>\n<p class=\"Omwienie\" style=\"text-align: justify;\">W rozporz\u0105dzeniu Ministra Sprawiedliwo\u015bci z&nbsp;dnia 9 czerwca 2009 r. w&nbsp;sprawie komisji egzaminacyjnej do spraw aplikacji radcowskiej oraz przeprowadzania egzaminu wst\u0119pnego (Dz. U. z&nbsp;2016 r. poz. 146 i&nbsp;1104) zmianie uleg\u0142o brzmienie &sect; 3 ust. 4.<\/p>\n<p class=\"Tekstpraswki0\" style=\"text-align: justify;\"><strong>Rozporz\u0105dzenie<\/strong> Ministra Sprawiedliwo\u015bci z&nbsp;dnia 1 wrze\u015bnia 2016 r. zmieniaj\u0105ce rozporz\u0105dzenie w&nbsp;sprawie komisji egzaminacyjnej do spraw aplikacji adwokackiej oraz przeprowadzania egzaminu wst\u0119pnego (Dz. U. z&nbsp;2016 r., poz. 1401)<strong> &ndash; wesz\u0142o w&nbsp;\u017cycie z&nbsp;dniem 6 wrze\u015bnia 2016 r.<\/strong><\/p>\n<p class=\"Omwienie\" style=\"text-align: justify;\">W rozporz\u0105dzeniu Ministra Sprawiedliwo\u015bci z&nbsp;dnia 9 czerwca 2009 r. w&nbsp;sprawie komisji egzaminacyjnej do spraw aplikacji adwokackiej oraz przeprowadzania egzaminu wst\u0119pnego (Dz. U. z&nbsp;2016 r. poz. 105 i&nbsp;1103) zmianie uleg\u0142o brzmienie &sect; 3 ust. 4.<\/p>\n<p class=\"Tekstpraswki0\" style=\"text-align: justify;\"><strong>Rozporz\u0105dzenie<\/strong> Ministra Sprawiedliwo\u015bci z&nbsp;dnia 7 wrze\u015bnia 2016 r. w&nbsp;sprawie sposobu uiszczania i&nbsp;wysoko\u015bci op\u0142at za wpisy dokonywane w&nbsp;Rejestrze Spadkowym przez notariusza albo s\u0105d (Dz. U. z&nbsp;2016 r., poz. 1420)<strong> &ndash; wesz\u0142o w&nbsp;\u017cycie z&nbsp;dniem 8&nbsp;wrze\u015bnia 2016 r.<\/strong><\/p>\n<p class=\"Tekstpraswki0\" style=\"text-align: justify;\"><strong>Rozporz\u0105dzenie<\/strong> Ministra Sprawiedliwo\u015bci z&nbsp;dnia 8 wrze\u015bnia 2016 r. w&nbsp;sprawie minimalnej funkcjonalno\u015bci oraz warunk&oacute;w organizacyjno-technicznych funkcjonowania systemu teleinformatycznego, w&nbsp;kt&oacute;rym Naczelna Rada Adwokacka prowadzi list\u0119 adwokat&oacute;w, aplikant&oacute;w adwokackich oraz prawnik&oacute;w zagranicznych (Dz.&nbsp;U.&nbsp;z&nbsp;2016&nbsp;r.,&nbsp;poz. 1430)<strong> &ndash; wesz\u0142o w&nbsp;\u017cycie z&nbsp;dniem 8 wrze\u015bnia 2016 r.<\/strong><\/p>\n<p class=\"Tekstpraswki0\" style=\"text-align: justify;\"><strong>Rozporz\u0105dzenie<\/strong> Ministra Sprawiedliwo\u015bci z&nbsp;dnia 8 wrze\u015bnia 2016 r. w&nbsp;sprawie minimalnej funkcjonalno\u015bci oraz warunk&oacute;w organizacyjno-technicznych funkcjonowania systemu teleinformatycznego, w&nbsp;kt&oacute;rym Krajowa Rada Radc&oacute;w Prawnych prowadzi list\u0119 radc&oacute;w prawnych, aplikant&oacute;w radcowskich oraz prawnik&oacute;w zagranicznych (Dz.&nbsp;U.&nbsp;z&nbsp;2016&nbsp;r., poz. 1429)<strong> &ndash; wesz\u0142o w&nbsp;\u017cycie z&nbsp;dniem 8 wrze\u015bnia 2016 r.<\/strong><\/p>\n<p>&nbsp;<\/p>\n<p class=\"Dziedzinaprawa\" style=\"text-align: justify;\"><strong>TRANSPORT<\/strong><\/p>\n<p class=\"Tekstpraswki0\" style=\"text-align: justify;\"><strong>Ustawa<\/strong> z&nbsp;dnia 21 lipca 2016 r. o&nbsp;zmianie ustawy o&nbsp;publicznym transporcie zbiorowym (Dz. U. z&nbsp;2016 r., poz. 1342)<strong> &ndash; wesz\u0142a w&nbsp;\u017cycie z&nbsp;dniem 10 wrze\u015bnia 2016 r.<\/strong><\/p>\n<p class=\"Omwienie\" style=\"text-align: justify;\">W ustawie z&nbsp;dnia 16 grudnia 2010 r. o&nbsp;publicznym transporcie zbiorowym (Dz.&nbsp;U.&nbsp;z&nbsp;2015&nbsp;r. poz. 1440, 1753, 1890 i&nbsp;1893) zmianie uleg\u0142o brzmienie art. 78, w&nbsp;art.&nbsp;79 w&nbsp;ust. 1 i&nbsp;2, w&nbsp;art. 80, w&nbsp;art. 82 w&nbsp;ust. 2 oraz w&nbsp;art. 87 w&nbsp;ust. 1 i&nbsp;3 wyrazy &#8220;31&nbsp;grudnia 2016 r.&#8221; zast\u0119puje si\u0119 wyrazami &#8220;31 grudnia 2017 r.&#8221;, w&nbsp;art. 81, w&nbsp;art. 85 w&nbsp;ust. 2 oraz w&nbsp;art. 90 wyrazy &#8220;1 stycznia 2017 r.&#8221; zast\u0119puje si\u0119 wyrazami &#8220;1&nbsp;stycznia&nbsp;2018 r.&#8221;.<\/p>\n<p class=\"Tekstpraswki0\" style=\"text-align: justify;\"><strong>Rozporz\u0105dzenie<\/strong> Ministra Cyfryzacji z&nbsp;dnia 30 sierpnia 2016 r. w&nbsp;sprawie op\u0142aty ewidencyjnej stanowi\u0105cej przych&oacute;d Funduszu &#8211; Centralna Ewidencja Pojazd&oacute;w i&nbsp;Kierowc&oacute;w (Dz. U. z&nbsp;2016 r., poz. 1377)<strong> &ndash; wejdzie w&nbsp;\u017cycie z&nbsp;dniem 1&nbsp;stycznia&nbsp;2017&nbsp;r.<\/strong><\/p>\n<p>&nbsp;<\/p>\n<p class=\"Dziedzinaprawa\" style=\"text-align: justify;\"><strong>PRAWO LOTNICZE<\/strong><\/p>\n<p class=\"Tekstpraswki0\" style=\"text-align: justify;\"><strong>Ustawa <\/strong>z dnia 22 lipca 2016 r. o&nbsp;zmianie ustawy &#8211; Prawo lotnicze (Dz. U. z&nbsp;2016 r., poz.&nbsp;1361)<strong> &ndash; wejdzie w&nbsp;\u017cycie z&nbsp;dniem 13 wrze\u015bnia 2016 r., z&nbsp;wyj\u0105tkiem art.&nbsp;1&nbsp;pkt&nbsp;11 lit. b, kt&oacute;ry wchodzi w&nbsp;\u017cycie po up\u0142ywie 3 miesi\u0119cy od dnia og\u0142oszenia.<\/strong><\/p>\n<p class=\"Omwienie\" style=\"text-align: justify;\">W ustawie z&nbsp;dnia 3 lipca 2002 r. &#8211; Prawo lotnicze (Dz. U. z&nbsp;2016 r. poz. 605 i&nbsp;904) zmianie ulegnie brzmienie art. 1 ust. 4, art. 17, art. 17a, art. 54, art. 55, art. 59, art.&nbsp;59a ust. 1 wprowadzenie do wyliczenia, art. 70, art. 82 ust. 2, art. 120, art. 160 ust.&nbsp;3 pkt 3, dodany zostanie art. 61a.<\/p>\n<p class=\"Tekstpraswki0\" style=\"text-align: justify;\"><strong>Rozporz\u0105dzenie<\/strong> Ministra Infrastruktury i&nbsp;Budownictwa z&nbsp;dnia 25 sierpnia 2016 r. uchylaj\u0105ce rozporz\u0105dzenie w&nbsp;sprawie wprowadzenia do stosowania Wymaga\u0144 EUROCONTROL dotycz\u0105cych europejskiego orzeczenia lekarskiego klasy 3 dla kontroler&oacute;w ruchu lotniczego (Dz. U. z&nbsp;2016 r., poz. 1424)<strong> &ndash; wejdzie w&nbsp;\u017cycie z&nbsp;dniem 1 stycznia 2017 r.<\/strong><\/p>\n<p class=\"Omwienie\" style=\"text-align: justify;\">Traci moc rozporz\u0105dzenie Ministra Transportu, Budownictwa i&nbsp;Gospodarki Morskiej z&nbsp;dnia 12 marca 2013 r. w&nbsp;sprawie wprowadzenia do stosowania Wymaga\u0144 EUROCONTROL dotycz\u0105cych europejskiego orzeczenia lekarskiego klasy 3 dla kontroler&oacute;w ruchu lotniczego (Dz. U. poz. 371).<\/p>\n<p class=\"Tekstpraswki0\" style=\"text-align: justify;\"><strong>Rozporz\u0105dzenie<\/strong> Ministra Infrastruktury i&nbsp;Budownictwa z&nbsp;dnia 25 sierpnia 2016 r. uchylaj\u0105ce rozporz\u0105dzenie w&nbsp;sprawie wprowadzenia do stosowania Specyfikacji EUROCONTROL do szkolenia wst\u0119pnego kontroler&oacute;w ruchu lotniczego (Dz.&nbsp;U.&nbsp;z&nbsp;2016&nbsp;r.,&nbsp;poz. 1423)<strong> &ndash; wejdzie w&nbsp;\u017cycie z&nbsp;dniem 1 stycznia 2017 r.<\/strong><\/p>\n<p class=\"Omwienie\" style=\"text-align: justify;\">Traci moc rozporz\u0105dzenie Ministra Infrastruktury z&nbsp;dnia 18 lutego 2010 r. w&nbsp;sprawie wprowadzenia do stosowania Specyfikacji EUROCONTROL do szkolenia wst\u0119pnego kontroler&oacute;w ruchu lotniczego (Dz. U. poz. 173).<\/p>\n<p class=\"Tekstpraswki0\" style=\"text-align: justify;\"><strong>Rozporz\u0105dzenie<\/strong> Rady Ministr&oacute;w z&nbsp;dnia 5 wrze\u015bnia 2016 r. w&nbsp;sprawie wnoszenia broni palnej lub \u015brodk&oacute;w przymusu bezpo\u015bredniego na pok\u0142ad statku powietrznego przez uprawnionych \u017co\u0142nierzy i&nbsp;funkcjonariuszy (Dz. U. z&nbsp;2016 r., poz. 1412)<strong> &ndash; wesz\u0142o&nbsp;w&nbsp;\u017cycie z&nbsp;dniem 9 wrze\u015bnia 2016 r.<\/strong><\/p>\n<p>&nbsp;<\/p>\n<p class=\"Dziedzinaprawa\" style=\"text-align: justify;\"><strong>POMOC SPO\u0141ECZNA<\/strong><\/p>\n<p class=\"Tekstpraswki0\" style=\"text-align: justify;\"><strong>Rozporz\u0105dzenie<\/strong> Ministra Rodziny, Pracy i&nbsp;Polityki Spo\u0142ecznej z&nbsp;dnia 25 sierpnia 2016 r. w&nbsp;sprawie rodzinnego wywiadu \u015brodowiskowego (Dz. U. z&nbsp;2016 r., poz. 1406)<strong> &ndash; wesz\u0142o&nbsp;w&nbsp;\u017cycie z&nbsp;dniem 11 wrze\u015bnia 2016 r.<\/strong><\/p>\n<p>&nbsp;<\/p>\n<p class=\"Dziedzinaprawa\" style=\"text-align: justify;\"><strong>STATYSTYKA PUBLICZNA<\/strong><\/p>\n<p class=\"Tekstpraswki0\" style=\"text-align: justify;\"><strong>Rozporz\u0105dzenie<\/strong> Rady Ministr&oacute;w z&nbsp;dnia 28 lipca 2016 r. w&nbsp;sprawie programu bada\u0144 statystycznych statystyki publicznej na rok 2017 (Dz. U. z&nbsp;2016 r., poz. 1426) <strong>&ndash; wejdzie&nbsp;w&nbsp;\u017cycie z&nbsp;dniem 23 wrze\u015bnia 2016 r.<\/strong><\/p>\n<p>&nbsp;<\/p>\n<p class=\"Dziedzinaprawa\" style=\"text-align: justify;\"><strong>SYSTEMY OCENY ZGODNO\u015aCI I&nbsp;NADZORU RYNKU<\/strong><\/p>\n<p class=\"Tekstpraswki0\" style=\"text-align: justify;\"><strong>Rozporz\u0105dzenie<\/strong> Rady Ministr&oacute;w z&nbsp;dnia 12 sierpnia 2016 r. w&nbsp;sprawie rejestru wyrob&oacute;w niezgodnych z&nbsp;wymaganiami lub stwarzaj\u0105cych zagro\u017cenie (Dz. U. z&nbsp;2016 r., poz. 1374)<strong> &ndash; wejdzie w&nbsp;\u017cycie z&nbsp;dniem 15 wrze\u015bnia 2016 r.<\/strong><\/p>\n<p class=\"Tekstpraswki0\" style=\"text-align: justify;\"><strong>Rozporz\u0105dzenie<\/strong> Ministra Rozwoju z&nbsp;dnia 22 sierpnia 2016 r. w&nbsp;sprawie sposobu ustalania op\u0142at za czynno\u015bci zwi\u0105zane z&nbsp;obowi\u0105zkow\u0105 ocen\u0105 zgodno\u015bci wyrob&oacute;w (Dz.&nbsp;U.&nbsp;z&nbsp;2016 r., poz. 1373)<strong> &ndash; wesz\u0142o w&nbsp;\u017cycie z&nbsp;dniem 8 wrze\u015bnia 2016 r.<\/strong><\/p>\n<p>&nbsp;<\/p>\n<p class=\"Dziedzinaprawa\" style=\"text-align: justify;\"><strong>PRAWO O&nbsp;SZKOLNICTWIE WY\u017bSZYM, SYSTEM O\u015aWIATY<\/strong><\/p>\n<p class=\"Tekstpraswki0\" style=\"text-align: justify;\"><strong>Rozporz\u0105dzenie<\/strong> Ministra Nauki i&nbsp;Szkolnictwa Wy\u017cszego z&nbsp;dnia 18 sierpnia 2016 r. w&nbsp;sprawie wykazu zawod&oacute;w regulowanych, kt&oacute;rych wykonywanie wymaga dok\u0142adnej znajomo\u015bci prawa polskiego, w&nbsp;przypadku kt&oacute;rych uprawnienie do dokonania wyboru mi\u0119dzy odbyciem sta\u017cu adaptacyjnego a&nbsp;przyst\u0105pieniem do testu umiej\u0119tno\u015bci jest wy\u0142\u0105czone (Dz. U. z&nbsp;2016 r., poz. 1356)<strong> &ndash; wejdzie w&nbsp;\u017cycie z&nbsp;dniem 13&nbsp;wrze\u015bnia&nbsp;2016 r.<\/strong><\/p>\n<p class=\"Tekstpraswki0\" style=\"text-align: justify;\"><strong>Rozporz\u0105dzenie<\/strong> Ministra Edukacji Narodowej z&nbsp;dnia 24 sierpnia 2016 r. zmieniaj\u0105ce rozporz\u0105dzenie w&nbsp;sprawie sposobu prowadzenia przez publiczne przedszkola, szko\u0142y i&nbsp;plac&oacute;wki dokumentacji przebiegu nauczania, dzia\u0142alno\u015bci wychowawczej i&nbsp;opieku\u0144czej oraz rodzaj&oacute;w tej dokumentacji (Dz. U. z&nbsp;2016 r., poz. 1368)<strong> &ndash; wesz\u0142o w&nbsp;\u017cycie z&nbsp;dniem 1 wrze\u015bnia 2016 r.<\/strong><\/p>\n<p class=\"Omwienie\" style=\"text-align: justify;\">W rozporz\u0105dzeniu Ministra Edukacji Narodowej z&nbsp;dnia 29 sierpnia 2014 r. w&nbsp;sprawie sposobu prowadzenia przez publiczne przedszkola, szko\u0142y i&nbsp;plac&oacute;wki dokumentacji przebiegu nauczania, dzia\u0142alno\u015bci wychowawczej i&nbsp;opieku\u0144czej oraz rodzaj&oacute;w tej dokumentacji (Dz. U. poz. 1170 oraz z&nbsp;2015 r. poz. 1250) zmianie uleg\u0142o brzmienie &sect; 11 ust. 1, &sect; 15 ust. 2, &sect; 23 pkt 1, w&nbsp;&sect; 28 wyrazy &#8220;Do dnia 31 sierpnia 2016 r.&#8221; zast\u0119puje si\u0119 wyrazami &#8220;Do dnia 31 sierpnia 2019 r.&#8221;, w&nbsp;&sect; 13 uchylony zosta\u0142 ust. 2.<\/p>\n<p class=\"Tekstpraswki0\" style=\"text-align: justify;\"><strong>Rozporz\u0105dzenie<\/strong> Ministra Edukacji Narodowej z&nbsp;dnia 24 sierpnia 2016 r. zmieniaj\u0105ce rozporz\u0105dzenie w&nbsp;sprawie post\u0119powania w&nbsp;celu uznania \u015bwiadectwa lub innego dokumentu albo potwierdzenia wykszta\u0142cenia lub uprawnie\u0144 do kontynuacji nauki uzyskanych w&nbsp;zagranicznym systemie o\u015bwiaty (Dz. U. z&nbsp;2016 r., poz. 1369)<strong> &ndash; wesz\u0142o&nbsp;w&nbsp;\u017cycie z&nbsp;dniem 1 wrze\u015bnia 2016 r.<\/strong><\/p>\n<p class=\"Omwienie\" style=\"text-align: justify;\">W rozporz\u0105dzeniu Ministra Edukacji Narodowej z&nbsp;dnia 25 marca 2015 r. w&nbsp;sprawie post\u0119powania w&nbsp;celu uznania \u015bwiadectwa lub innego dokumentu albo potwierdzenia wykszta\u0142cenia lub uprawnie\u0144 do kontynuacji nauki uzyskanych w&nbsp;zagranicznym systemie o\u015bwiaty (Dz. U. poz. 447) zmianie uleg\u0142o brzmienie &sect; 4 ust. 1 wprowadzenia do wyliczenia, &sect; 5 ust. 3.<\/p>\n<p class=\"Tekstpraswki0\" style=\"text-align: justify;\"><strong>Rozporz\u0105dzenie<\/strong> Ministra Edukacji Narodowej z&nbsp;dnia 26 sierpnia 2016 r. w&nbsp;sprawie wzoru formularza wniosku o&nbsp;udzielenie informacji z&nbsp;centralnego rejestru orzecze\u0144 dyscyplinarnych (Dz. U. z&nbsp;2016 r., poz. 1378)<strong> &ndash; wesz\u0142o w&nbsp;\u017cycie z&nbsp;dniem 1&nbsp;wrze\u015bnia&nbsp;2016 r.<\/strong><\/p>\n<p class=\"Tekstpraswki0\" style=\"text-align: justify;\"><strong>Rozporz\u0105dzenie<\/strong> Ministra Kultury i&nbsp;Dziedzictwa Narodowego z&nbsp;dnia 26 sierpnia 2016 r. w&nbsp;sprawie sposobu prowadzenia przez publiczne szko\u0142y i&nbsp;plac&oacute;wki artystyczne dokumentacji przebiegu nauczania, dzia\u0142alno\u015bci wychowawczej i&nbsp;opieku\u0144czej oraz rodzaj&oacute;w tej dokumentacji (Dz. U. z&nbsp;2016 r., poz. 1375)<strong> &ndash; wesz\u0142o w&nbsp;\u017cycie z&nbsp;dniem 1&nbsp;wrze\u015bnia&nbsp;2016 r.<\/strong><\/p>\n<p class=\"Tekstpraswki0\" style=\"text-align: justify;\"><strong>Rozporz\u0105dzenie<\/strong> Ministra Edukacji Narodowej z&nbsp;dnia 31 sierpnia 2016 r. zmieniaj\u0105ce rozporz\u0105dzenie w&nbsp;sprawie ramowego programu szkolenia kandydat&oacute;w na egzaminator&oacute;w, sposobu prowadzenia ewidencji egzaminator&oacute;w oraz trybu wpisywania i&nbsp;skre\u015blania egzaminator&oacute;w z&nbsp;ewidencji (Dz. U. z&nbsp;2016 r., poz. 1385)<strong> &ndash; wesz\u0142o w&nbsp;\u017cycie z&nbsp;dniem 2&nbsp;wrze\u015bnia 2016 r.<\/strong><\/p>\n<p class=\"Omwienie\" style=\"text-align: justify;\">W rozporz\u0105dzeniu Ministra Edukacji Narodowej z&nbsp;dnia 21 kwietnia 2009 r. w&nbsp;sprawie ramowego programu szkolenia kandydat&oacute;w na egzaminator&oacute;w, sposobu prowadzenia ewidencji egzaminator&oacute;w oraz trybu wpisywania i&nbsp;skre\u015blania egzaminator&oacute;w z&nbsp;ewidencji (Dz. U. z&nbsp;2015 r. poz. 1305) zmianie uleg\u0142o brzmienie &sect; 5 w&nbsp;ust. 1, w&nbsp;&sect; 1 uchylony zosta\u0142 pkt 1, uchylony zosta\u0142 za\u0142\u0105cznik nr 1.<\/p>\n<p class=\"Tekstpraswki0\" style=\"text-align: justify;\"><strong>Rozporz\u0105dzenie<\/strong> Ministra Edukacji Narodowej z&nbsp;dnia 31 sierpnia 2016 r. zmieniaj\u0105ce rozporz\u0105dzenie w&nbsp;sprawie konkursu na stanowisko dyrektora Centralnej Komisji Egzaminacyjnej i&nbsp;stanowisko dyrektora okr\u0119gowej komisji egzaminacyjnej (Dz.&nbsp;U.&nbsp;z&nbsp;2016&nbsp;r., poz. 1384)<strong> &ndash; wesz\u0142o w&nbsp;\u017cycie z&nbsp;dniem 2 wrze\u015bnia 2016 r.<\/strong><\/p>\n<p class=\"Omwienie\" style=\"text-align: justify;\">W rozporz\u0105dzeniu Ministra Edukacji Narodowej z&nbsp;dnia 23 pa\u017adziernika 2015 r. w&nbsp;sprawie konkursu na stanowisko dyrektora Centralnej Komisji Egzaminacyjnej i&nbsp;stanowisko dyrektora okr\u0119gowej komisji egzaminacyjnej (Dz. U. poz. 1827) w&nbsp;&sect; 2 w&nbsp;ust. 2 w&nbsp;pkt 1 skre\u015bla si\u0119 wyraz &#8220;sprawdzianu, &#8220;.<\/p>\n<p style=\"text-align: justify;\"><strong>Rozporz\u0105dzenie<\/strong> Ministra Kultury i&nbsp;Dziedzictwa Narodowego z&nbsp;dnia 31 sierpnia 2016 r. w&nbsp;sprawie ramowych plan&oacute;w nauczania w&nbsp;publicznych szko\u0142ach i&nbsp;plac&oacute;wkach artystycznych (Dz. U. z&nbsp;2016 r., poz. 1408)<strong> &ndash; wesz\u0142o w&nbsp;\u017cycie z&nbsp;dniem 8&nbsp;wrze\u015bnia&nbsp;2016 r.<\/strong> <\/p>\n","protected":false},"excerpt":{"rendered":"<p>We would like to present the next issue of legal bulletin of the Law Office of Adam Polowiec.What you will find here is some information about the new provisions of law and the projects of amendments to acts, but also case-laws including the case laws of Supreme Court, Constitutional Tribunal and European Court of Justice.<\/p>\n","protected":false},"author":3,"featured_media":0,"comment_status":"closed","ping_status":"open","sticky":false,"template":"","format":"standard","meta":{"footnotes":""},"categories":[2],"tags":[],"class_list":["post-699","post","type-post","status-publish","format-standard","hentry","category-wpisy"],"featured_image_src":{"landsacpe":false,"list":false,"medium":false,"full":false},"yoast_head":"<!-- This site is optimized with the Yoast SEO plugin v27.2 - https:\/\/yoast.com\/product\/yoast-seo-wordpress\/ -->\n<title>Legal Bulletin Of The Law Office Of Adam Polowiec (29 August - 11 September 2016) - Polowiec i Wsp\u00f3lnicy - Kancelaria prawna<\/title>\n<meta name=\"robots\" content=\"index, follow, max-snippet:-1, max-image-preview:large, max-video-preview:-1\" \/>\n<link rel=\"canonical\" href=\"https:\/\/polowiec.pl\/en\/legal-bulletin-of-the-law-office-of-adam-polowiec-29-august-11-september-2016\/\" \/>\n<meta property=\"og:locale\" content=\"en_US\" \/>\n<meta property=\"og:type\" content=\"article\" \/>\n<meta property=\"og:title\" content=\"Legal Bulletin Of The Law Office Of Adam Polowiec (29 August - 11 September 2016) - Polowiec i Wsp\u00f3lnicy - Kancelaria prawna\" \/>\n<meta property=\"og:description\" content=\"We would like to present the next issue of legal bulletin of the Law Office of Adam Polowiec.What you will find here is some information about the new provisions of law and the projects of amendments to acts, but also case-laws including the case laws of Supreme Court, Constitutional Tribunal and European Court of Justice.\" \/>\n<meta property=\"og:url\" content=\"https:\/\/polowiec.pl\/en\/legal-bulletin-of-the-law-office-of-adam-polowiec-29-august-11-september-2016\/\" \/>\n<meta property=\"og:site_name\" content=\"Polowiec i Wsp\u00f3lnicy - Kancelaria prawna\" \/>\n<meta property=\"article:publisher\" content=\"https:\/\/www.facebook.com\/polowieciwspolnicy\/\" \/>\n<meta property=\"article:published_time\" content=\"2016-10-24T19:08:55+00:00\" \/>\n<meta property=\"article:modified_time\" content=\"2019-04-18T15:25:12+00:00\" \/>\n<meta name=\"author\" content=\"Marcin Rusinek\" \/>\n<meta name=\"twitter:card\" content=\"summary_large_image\" \/>\n<meta name=\"twitter:label1\" content=\"Written by\" \/>\n\t<meta name=\"twitter:data1\" content=\"Marcin Rusinek\" \/>\n\t<meta name=\"twitter:label2\" content=\"Est. reading time\" \/>\n\t<meta name=\"twitter:data2\" content=\"26 minutes\" \/>\n<script type=\"application\/ld+json\" class=\"yoast-schema-graph\">{\"@context\":\"https:\/\/schema.org\",\"@graph\":[{\"@type\":\"Article\",\"@id\":\"https:\/\/polowiec.pl\/en\/legal-bulletin-of-the-law-office-of-adam-polowiec-29-august-11-september-2016\/#article\",\"isPartOf\":{\"@id\":\"https:\/\/polowiec.pl\/en\/legal-bulletin-of-the-law-office-of-adam-polowiec-29-august-11-september-2016\/\"},\"author\":{\"name\":\"Marcin Rusinek\",\"@id\":\"https:\/\/polowiec.pl\/en\/#\/schema\/person\/74c7526b6f52be5ae94031504f9ffec4\"},\"headline\":\"Legal Bulletin Of The Law Office Of Adam Polowiec (29 August &#8211; 11 September 2016)\",\"datePublished\":\"2016-10-24T19:08:55+00:00\",\"dateModified\":\"2019-04-18T15:25:12+00:00\",\"mainEntityOfPage\":{\"@id\":\"https:\/\/polowiec.pl\/en\/legal-bulletin-of-the-law-office-of-adam-polowiec-29-august-11-september-2016\/\"},\"wordCount\":5235,\"publisher\":{\"@id\":\"https:\/\/polowiec.pl\/en\/#organization\"},\"articleSection\":[\"Wpisy\"],\"inLanguage\":\"en-US\"},{\"@type\":\"WebPage\",\"@id\":\"https:\/\/polowiec.pl\/en\/legal-bulletin-of-the-law-office-of-adam-polowiec-29-august-11-september-2016\/\",\"url\":\"https:\/\/polowiec.pl\/en\/legal-bulletin-of-the-law-office-of-adam-polowiec-29-august-11-september-2016\/\",\"name\":\"Legal Bulletin Of The Law Office Of Adam Polowiec (29 August - 11 September 2016) - Polowiec i Wsp\u00f3lnicy - Kancelaria prawna\",\"isPartOf\":{\"@id\":\"https:\/\/polowiec.pl\/en\/#website\"},\"datePublished\":\"2016-10-24T19:08:55+00:00\",\"dateModified\":\"2019-04-18T15:25:12+00:00\",\"breadcrumb\":{\"@id\":\"https:\/\/polowiec.pl\/en\/legal-bulletin-of-the-law-office-of-adam-polowiec-29-august-11-september-2016\/#breadcrumb\"},\"inLanguage\":\"en-US\",\"potentialAction\":[{\"@type\":\"ReadAction\",\"target\":[\"https:\/\/polowiec.pl\/en\/legal-bulletin-of-the-law-office-of-adam-polowiec-29-august-11-september-2016\/\"]}]},{\"@type\":\"BreadcrumbList\",\"@id\":\"https:\/\/polowiec.pl\/en\/legal-bulletin-of-the-law-office-of-adam-polowiec-29-august-11-september-2016\/#breadcrumb\",\"itemListElement\":[{\"@type\":\"ListItem\",\"position\":1,\"name\":\"Strona g\u0142\u00f3wna\",\"item\":\"https:\/\/polowiec.pl\/en\/\"},{\"@type\":\"ListItem\",\"position\":2,\"name\":\"Legal Bulletin Of The Law Office Of Adam Polowiec (29 August &#8211; 11 September 2016)\"}]},{\"@type\":\"WebSite\",\"@id\":\"https:\/\/polowiec.pl\/en\/#website\",\"url\":\"https:\/\/polowiec.pl\/en\/\",\"name\":\"Polowiec i Wsp\u00f3lnicy - Kancelaria prawna\",\"description\":\"Obs\u0142uga prawna\",\"publisher\":{\"@id\":\"https:\/\/polowiec.pl\/en\/#organization\"},\"potentialAction\":[{\"@type\":\"SearchAction\",\"target\":{\"@type\":\"EntryPoint\",\"urlTemplate\":\"https:\/\/polowiec.pl\/en\/?s={search_term_string}\"},\"query-input\":{\"@type\":\"PropertyValueSpecification\",\"valueRequired\":true,\"valueName\":\"search_term_string\"}}],\"inLanguage\":\"en-US\"},{\"@type\":\"Organization\",\"@id\":\"https:\/\/polowiec.pl\/en\/#organization\",\"name\":\"Polowiec i Wsp\u00f3lnicy - Kancelaria prawna\",\"url\":\"https:\/\/polowiec.pl\/en\/\",\"logo\":{\"@type\":\"ImageObject\",\"inLanguage\":\"en-US\",\"@id\":\"https:\/\/polowiec.pl\/en\/#\/schema\/logo\/image\/\",\"url\":\"https:\/\/polowiec.pl\/wp-content\/uploads\/2018\/10\/polowiec_logo2-1.png\",\"contentUrl\":\"https:\/\/polowiec.pl\/wp-content\/uploads\/2018\/10\/polowiec_logo2-1.png\",\"width\":540,\"height\":381,\"caption\":\"Polowiec i Wsp\u00f3lnicy - Kancelaria prawna\"},\"image\":{\"@id\":\"https:\/\/polowiec.pl\/en\/#\/schema\/logo\/image\/\"},\"sameAs\":[\"https:\/\/www.facebook.com\/polowieciwspolnicy\/\",\"https:\/\/www.linkedin.com\/company\/polowiec-i-wsplnicy-sp.j.\/about\/\"]},{\"@type\":\"Person\",\"@id\":\"https:\/\/polowiec.pl\/en\/#\/schema\/person\/74c7526b6f52be5ae94031504f9ffec4\",\"name\":\"Marcin Rusinek\",\"image\":{\"@type\":\"ImageObject\",\"inLanguage\":\"en-US\",\"@id\":\"https:\/\/secure.gravatar.com\/avatar\/b50a0a5c3e71d904f5e57a757d39977d01c43e075c6bf5b4df909ffbbe004790?s=96&d=mm&r=g\",\"url\":\"https:\/\/secure.gravatar.com\/avatar\/b50a0a5c3e71d904f5e57a757d39977d01c43e075c6bf5b4df909ffbbe004790?s=96&d=mm&r=g\",\"contentUrl\":\"https:\/\/secure.gravatar.com\/avatar\/b50a0a5c3e71d904f5e57a757d39977d01c43e075c6bf5b4df909ffbbe004790?s=96&d=mm&r=g\",\"caption\":\"Marcin Rusinek\"}}]}<\/script>\n<!-- \/ Yoast SEO plugin. -->","yoast_head_json":{"title":"Legal Bulletin Of The Law Office Of Adam Polowiec (29 August - 11 September 2016) - Polowiec i Wsp\u00f3lnicy - Kancelaria prawna","robots":{"index":"index","follow":"follow","max-snippet":"max-snippet:-1","max-image-preview":"max-image-preview:large","max-video-preview":"max-video-preview:-1"},"canonical":"https:\/\/polowiec.pl\/en\/legal-bulletin-of-the-law-office-of-adam-polowiec-29-august-11-september-2016\/","og_locale":"en_US","og_type":"article","og_title":"Legal Bulletin Of The Law Office Of Adam Polowiec (29 August - 11 September 2016) - Polowiec i Wsp\u00f3lnicy - Kancelaria prawna","og_description":"We would like to present the next issue of legal bulletin of the Law Office of Adam Polowiec.What you will find here is some information about the new provisions of law and the projects of amendments to acts, but also case-laws including the case laws of Supreme Court, Constitutional Tribunal and European Court of Justice.","og_url":"https:\/\/polowiec.pl\/en\/legal-bulletin-of-the-law-office-of-adam-polowiec-29-august-11-september-2016\/","og_site_name":"Polowiec i Wsp\u00f3lnicy - Kancelaria prawna","article_publisher":"https:\/\/www.facebook.com\/polowieciwspolnicy\/","article_published_time":"2016-10-24T19:08:55+00:00","article_modified_time":"2019-04-18T15:25:12+00:00","author":"Marcin Rusinek","twitter_card":"summary_large_image","twitter_misc":{"Written by":"Marcin Rusinek","Est. reading time":"26 minutes"},"schema":{"@context":"https:\/\/schema.org","@graph":[{"@type":"Article","@id":"https:\/\/polowiec.pl\/en\/legal-bulletin-of-the-law-office-of-adam-polowiec-29-august-11-september-2016\/#article","isPartOf":{"@id":"https:\/\/polowiec.pl\/en\/legal-bulletin-of-the-law-office-of-adam-polowiec-29-august-11-september-2016\/"},"author":{"name":"Marcin Rusinek","@id":"https:\/\/polowiec.pl\/en\/#\/schema\/person\/74c7526b6f52be5ae94031504f9ffec4"},"headline":"Legal Bulletin Of The Law Office Of Adam Polowiec (29 August &#8211; 11 September 2016)","datePublished":"2016-10-24T19:08:55+00:00","dateModified":"2019-04-18T15:25:12+00:00","mainEntityOfPage":{"@id":"https:\/\/polowiec.pl\/en\/legal-bulletin-of-the-law-office-of-adam-polowiec-29-august-11-september-2016\/"},"wordCount":5235,"publisher":{"@id":"https:\/\/polowiec.pl\/en\/#organization"},"articleSection":["Wpisy"],"inLanguage":"en-US"},{"@type":"WebPage","@id":"https:\/\/polowiec.pl\/en\/legal-bulletin-of-the-law-office-of-adam-polowiec-29-august-11-september-2016\/","url":"https:\/\/polowiec.pl\/en\/legal-bulletin-of-the-law-office-of-adam-polowiec-29-august-11-september-2016\/","name":"Legal Bulletin Of The Law Office Of Adam Polowiec (29 August - 11 September 2016) - Polowiec i Wsp\u00f3lnicy - Kancelaria prawna","isPartOf":{"@id":"https:\/\/polowiec.pl\/en\/#website"},"datePublished":"2016-10-24T19:08:55+00:00","dateModified":"2019-04-18T15:25:12+00:00","breadcrumb":{"@id":"https:\/\/polowiec.pl\/en\/legal-bulletin-of-the-law-office-of-adam-polowiec-29-august-11-september-2016\/#breadcrumb"},"inLanguage":"en-US","potentialAction":[{"@type":"ReadAction","target":["https:\/\/polowiec.pl\/en\/legal-bulletin-of-the-law-office-of-adam-polowiec-29-august-11-september-2016\/"]}]},{"@type":"BreadcrumbList","@id":"https:\/\/polowiec.pl\/en\/legal-bulletin-of-the-law-office-of-adam-polowiec-29-august-11-september-2016\/#breadcrumb","itemListElement":[{"@type":"ListItem","position":1,"name":"Strona g\u0142\u00f3wna","item":"https:\/\/polowiec.pl\/en\/"},{"@type":"ListItem","position":2,"name":"Legal Bulletin Of The Law Office Of Adam Polowiec (29 August &#8211; 11 September 2016)"}]},{"@type":"WebSite","@id":"https:\/\/polowiec.pl\/en\/#website","url":"https:\/\/polowiec.pl\/en\/","name":"Polowiec i Wsp\u00f3lnicy - Kancelaria prawna","description":"Obs\u0142uga prawna","publisher":{"@id":"https:\/\/polowiec.pl\/en\/#organization"},"potentialAction":[{"@type":"SearchAction","target":{"@type":"EntryPoint","urlTemplate":"https:\/\/polowiec.pl\/en\/?s={search_term_string}"},"query-input":{"@type":"PropertyValueSpecification","valueRequired":true,"valueName":"search_term_string"}}],"inLanguage":"en-US"},{"@type":"Organization","@id":"https:\/\/polowiec.pl\/en\/#organization","name":"Polowiec i Wsp\u00f3lnicy - Kancelaria prawna","url":"https:\/\/polowiec.pl\/en\/","logo":{"@type":"ImageObject","inLanguage":"en-US","@id":"https:\/\/polowiec.pl\/en\/#\/schema\/logo\/image\/","url":"https:\/\/polowiec.pl\/wp-content\/uploads\/2018\/10\/polowiec_logo2-1.png","contentUrl":"https:\/\/polowiec.pl\/wp-content\/uploads\/2018\/10\/polowiec_logo2-1.png","width":540,"height":381,"caption":"Polowiec i Wsp\u00f3lnicy - Kancelaria prawna"},"image":{"@id":"https:\/\/polowiec.pl\/en\/#\/schema\/logo\/image\/"},"sameAs":["https:\/\/www.facebook.com\/polowieciwspolnicy\/","https:\/\/www.linkedin.com\/company\/polowiec-i-wsplnicy-sp.j.\/about\/"]},{"@type":"Person","@id":"https:\/\/polowiec.pl\/en\/#\/schema\/person\/74c7526b6f52be5ae94031504f9ffec4","name":"Marcin Rusinek","image":{"@type":"ImageObject","inLanguage":"en-US","@id":"https:\/\/secure.gravatar.com\/avatar\/b50a0a5c3e71d904f5e57a757d39977d01c43e075c6bf5b4df909ffbbe004790?s=96&d=mm&r=g","url":"https:\/\/secure.gravatar.com\/avatar\/b50a0a5c3e71d904f5e57a757d39977d01c43e075c6bf5b4df909ffbbe004790?s=96&d=mm&r=g","contentUrl":"https:\/\/secure.gravatar.com\/avatar\/b50a0a5c3e71d904f5e57a757d39977d01c43e075c6bf5b4df909ffbbe004790?s=96&d=mm&r=g","caption":"Marcin Rusinek"}}]}},"_links":{"self":[{"href":"https:\/\/polowiec.pl\/en\/wp-json\/wp\/v2\/posts\/699","targetHints":{"allow":["GET"]}}],"collection":[{"href":"https:\/\/polowiec.pl\/en\/wp-json\/wp\/v2\/posts"}],"about":[{"href":"https:\/\/polowiec.pl\/en\/wp-json\/wp\/v2\/types\/post"}],"author":[{"embeddable":true,"href":"https:\/\/polowiec.pl\/en\/wp-json\/wp\/v2\/users\/3"}],"replies":[{"embeddable":true,"href":"https:\/\/polowiec.pl\/en\/wp-json\/wp\/v2\/comments?post=699"}],"version-history":[{"count":0,"href":"https:\/\/polowiec.pl\/en\/wp-json\/wp\/v2\/posts\/699\/revisions"}],"wp:attachment":[{"href":"https:\/\/polowiec.pl\/en\/wp-json\/wp\/v2\/media?parent=699"}],"wp:term":[{"taxonomy":"category","embeddable":true,"href":"https:\/\/polowiec.pl\/en\/wp-json\/wp\/v2\/categories?post=699"},{"taxonomy":"post_tag","embeddable":true,"href":"https:\/\/polowiec.pl\/en\/wp-json\/wp\/v2\/tags?post=699"}],"curies":[{"name":"wp","href":"https:\/\/api.w.org\/{rel}","templated":true}]}}