{"id":707,"date":"2016-10-24T21:39:54","date_gmt":"2016-10-24T19:39:54","guid":{"rendered":"https:\/\/nowa.polowiec.pl\/legal-bulletin-of-the-law-office-of-adam-polowiec-3-9-october-2016\/"},"modified":"2019-04-18T17:04:35","modified_gmt":"2019-04-18T15:04:35","slug":"legal-bulletin-of-the-law-office-of-adam-polowiec-3-9-october-2016","status":"publish","type":"post","link":"https:\/\/polowiec.pl\/en\/legal-bulletin-of-the-law-office-of-adam-polowiec-3-9-october-2016\/","title":{"rendered":"Legal Bulletin Of The Law Office Of Adam Polowiec (3 &#8211; 9 October 2016)"},"content":{"rendered":"<p>We would like to present the next issue of legal bulletin of the Law Office of Adam Polowiec.<br \/>What you will find here is some information about the new provisions of law and the projects of amendments to acts, but also case-laws including the case laws of Supreme Court, Constitutional Tribunal and European Court of Justice.<\/p>\n<p>  <!--more-->  <\/p>\n<p class=\"NowePrawo\" style=\"text-align: justify;\"><strong>_____Nowe Prawo<\/strong><\/p>\n<p class=\"Dziedzinaprawa\" style=\"text-align: justify;\"><strong>US\u0141UGI ZAUFANIA I&nbsp;IDENTYFIKACJA ELEKTRONICZNA<\/strong><\/p>\n<p class=\"Tekstpraswki\" style=\"text-align: justify;\"><strong>Ustawa<\/strong> z&nbsp;dnia 5 wrze\u015bnia 2016 r. o&nbsp;us\u0142ugach zaufania oraz identyfikacji elektronicznej (Dz. U. z&nbsp;2016 r., poz. 1579)<strong> &ndash; wesz\u0142a&nbsp;w&nbsp;\u017cycie z&nbsp;dniem 7 pa\u017adziernika 2016 r., z&nbsp;wyj\u0105tkiem art. 22, art. 24-26 i&nbsp;art. 96 pkt 4 w&nbsp;zakresie zmienianego art.&nbsp;20a&nbsp;ust. 1 pkt 1, kt&oacute;re wchodz\u0105 w&nbsp;\u017cycie z&nbsp;dniem 29 wrze\u015bnia 2018 r.<\/strong><\/p>\n<p>&nbsp;<\/p>\n<p class=\"Dziedzinaprawa\" style=\"text-align: justify;\"><strong>POMOC SPO\u0141ECZNA<\/strong><\/p>\n<p class=\"Tekstpraswki\" style=\"text-align: justify;\"><strong>Ustawa<\/strong> z&nbsp;dnia 5 wrze\u015bnia 2016 r. o&nbsp;zmianie ustawy o&nbsp;wspieraniu rodziny i&nbsp;systemie pieczy zast\u0119pczej, ustawy o&nbsp;pomocy spo\u0142ecznej oraz ustawy o&nbsp;zmianie ustawy o&nbsp;samorz\u0105dzie gminnym oraz niekt&oacute;rych innych ustaw (Dz. U. z&nbsp;2016 r., poz. 1583)<strong> &ndash; wejdzie&nbsp;w&nbsp;\u017cycie z&nbsp;dniem 15 pa\u017adziernika 2016 r.<\/strong><\/p>\n<p class=\"Omwienie\" style=\"text-align: justify;\">W ustawie z&nbsp;dnia 9 czerwca 2011 r. o&nbsp;wspieraniu rodziny i&nbsp;systemie pieczy zast\u0119pczej (Dz. U. z&nbsp;2016 r. poz. 575) zmianie ulegnie brzmienie art. 25 ust. 1a, art. 106, art. 113, w&nbsp;art. 93 dodaje si\u0119 ust. 3b, w&nbsp;art. 97 dodaje si\u0119 ust. 1a i&nbsp;1b, w&nbsp;art. 196 w&nbsp;ust. 2 po wyrazach &#8220;o kt&oacute;rej mowa w&nbsp;ustawie z&nbsp;dnia 5 czerwca 1998 r. o&nbsp;samorz\u0105dzie powiatowym (Dz. U. z&nbsp;2015 r. poz. 1445 i&nbsp;1890)&#8221; dodaje si\u0119 wyrazy &#8220;, i&nbsp;jednostki, kt&oacute;rej zlecono realizacj\u0119 obs\u0142ugi plac&oacute;wek opieku\u0144czo-wychowawczych na podstawie art. 94&rdquo;.<\/p>\n<p class=\"Omwienie\" style=\"text-align: justify;\">W ustawie z&nbsp;dnia 12 marca 2004 r. o&nbsp;pomocy spo\u0142ecznej (Dz. U. z&nbsp;2016 r. poz. 930) zmianie ulegnie brzmienie art. 111a, art. 112a, uchyla si\u0119 art. 113a i&nbsp;art. 113b, dodany zostanie art. 113c.<\/p>\n<p class=\"Omwienie\" style=\"text-align: justify;\">W ustawie z&nbsp;dnia 25 czerwca 2015 r. o&nbsp;zmianie ustawy o&nbsp;samorz\u0105dzie gminnym oraz niekt&oacute;rych innych ustaw (Dz. U. poz. 1045) w&nbsp;art. 48 w&nbsp;ust. 6 skre\u015bla si\u0119 wyrazy &#8220;,&nbsp;nie&nbsp;d\u0142u\u017cej jednak ni\u017c przez 12 miesi\u0119cy od dnia wej\u015bcia w&nbsp;\u017cycie niniejszej ustawy&#8221;, w&nbsp;ust. 7 skre\u015bla si\u0119 wyrazy &#8220;, nie d\u0142u\u017cej jednak ni\u017c przez 12 miesi\u0119cy od dnia wej\u015bcia w&nbsp;\u017cycie niniejszej ustawy&#8221;.<\/p>\n<p>&nbsp;<\/p>\n<p class=\"Dziedzinaprawa\" style=\"text-align: justify;\"><strong>PRAWO LOTNICZE<\/strong><\/p>\n<p class=\"Tekstpraswki\" style=\"text-align: justify;\"><strong>Ustawa<\/strong> z&nbsp;dnia 21 lipca 2016 r. o&nbsp;zmianie ustawy o&nbsp;szczeg&oacute;lnych zasadach przygotowania i&nbsp;realizacji inwestycji w&nbsp;zakresie lotnisk u\u017cytku publicznego (Dz.&nbsp;U.&nbsp;z&nbsp;2016&nbsp;r., poz. 1573) <strong>&ndash; wejdzie&nbsp;w&nbsp;\u017cycie z&nbsp;dniem 14 pa\u017adziernika 2016 r.<\/strong><\/p>\n<p class=\"Omwienie\" style=\"text-align: justify;\">W ustawie z&nbsp;dnia 12 lutego 2009 r. o&nbsp;szczeg&oacute;lnych zasadach przygotowania i&nbsp;realizacji inwestycji w&nbsp;zakresie lotnisk u\u017cytku publicznego (Dz. U. z&nbsp;2015 r. poz. 2143 oraz z&nbsp;2016&nbsp;r. poz. 1250) dodany zostanie art. 4a.<\/p>\n<p>&nbsp;<\/p>\n<p class=\"Dziedzinaprawa\" style=\"text-align: justify;\"><strong>OCHRONA \u015aRODOWISKA<\/strong><\/p>\n<p class=\"Tekstpraswki\" style=\"text-align: justify;\"><strong>Rozporz\u0105dzenie<\/strong> Ministra \u015arodowiska z&nbsp;dnia 23 wrze\u015bnia 2016 r. w&nbsp;sprawie szczeg&oacute;\u0142owych warunk&oacute;w uznania odpad&oacute;w niebezpiecznych za odpady inne ni\u017c niebezpieczne (Dz. U. z&nbsp;2016 r., poz. 1601)<strong> &ndash; wejdzie&nbsp;w&nbsp;\u017cycie z&nbsp;dniem 18&nbsp;pa\u017adziernika 2016 r.<\/strong><\/p>\n<p class=\"Tekstpraswki\" style=\"text-align: justify;\"><strong>Rozporz\u0105dzenie<\/strong> Ministra \u015arodowiska z&nbsp;dnia 29 wrze\u015bnia 2016 r. w&nbsp;sprawie wzoru formularza wniosku o&nbsp;zatwierdzenie odpowiedniego dla realizacji danego zadania inwestycyjnego wska\u017anika lub wska\u017anik&oacute;w zgodno\u015bci, wzoru formularza sprawozdania rzeczowo-finansowego, wzoru formularza opinii bieg\u0142ego rewidenta, wzoru formularza informacji o&nbsp;nieponiesieniu koszt&oacute;w inwestycyjnych (Dz. U. z&nbsp;2016 r., poz. 1597)<strong> &ndash; wesz\u0142o w&nbsp;\u017cycie z&nbsp;dniem 1 pa\u017adziernika 2016 r.<\/strong><\/p>\n<p>&nbsp;<\/p>\n<p class=\"Dziedzinaprawa\" style=\"text-align: justify;\"><strong>SAMORZ\u0104D TERYTORIALNY<\/strong><\/p>\n<p class=\"Tekstpraswki\" style=\"text-align: justify;\"><strong>Ustawa<\/strong> z&nbsp;dnia 14 wrze\u015bnia 2016 r. o&nbsp;zmianie ustawy o&nbsp;dochodach jednostek samorz\u0105du terytorialnego (Dz. U. z&nbsp;2016 r., poz. 1609)<strong> &ndash; wejdzie&nbsp;w&nbsp;\u017cycie z&nbsp;dniem 19&nbsp;pa\u017adziernika 2016 r.<\/strong><\/p>\n<p class=\"Omwienie\" style=\"text-align: justify;\">W ustawie z&nbsp;dnia 13 listopada 2003 r. o&nbsp;dochodach jednostek samorz\u0105du terytorialnego (Dz. U. z&nbsp;2016 r. poz. 198) zmianie ulegnie brzmienie art. 33, art. 70c, w&nbsp;art. 39 dodaje si\u0119 ust. 1b, u\u017cyte w&nbsp;tytule rozdzia\u0142u 8a, w&nbsp;art. 70a w&nbsp;ust. 1, w&nbsp;art. 70b w&nbsp;ust.&nbsp;1&nbsp;i&nbsp;w&nbsp;art.&nbsp;70c w&nbsp;ust. 1 wyrazy &#8220;w latach 2015 i&nbsp;2016&#8221; zast\u0119puje si\u0119 wyrazami &#8220;w&nbsp;latach 2015-2019&#8221;.<\/p>\n<p>&nbsp;<\/p>\n<p class=\"Dziedzinaprawa\" style=\"text-align: justify;\"><strong>STRA\u017b GRANICZNA<\/strong><\/p>\n<p class=\"Tekstpraswki\" style=\"text-align: justify;\"><strong>Rozporz\u0105dzenie<\/strong> Ministra Spraw Wewn\u0119trznych i&nbsp;Administracji z&nbsp;dnia 13&nbsp;wrze\u015bnia&nbsp;2016&nbsp;r. zmieniaj\u0105ce rozporz\u0105dzenie w&nbsp;sprawie rozk\u0142adu czasu s\u0142u\u017cby funkcjonariuszy Stra\u017cy Granicznej (Dz. U. z&nbsp;2016 r., poz. 1585) <strong>&ndash; wejdzie&nbsp;w&nbsp;\u017cycie z&nbsp;dniem 15&nbsp;pa\u017adziernika 2016 r.<\/strong><\/p>\n<p class=\"Omwienie\" style=\"text-align: justify;\">W rozporz\u0105dzeniu Ministra Spraw Wewn\u0119trznych i&nbsp;Administracji z&nbsp;dnia 10 czerwca 2009 r. w&nbsp;sprawie rozk\u0142adu czasu s\u0142u\u017cby funkcjonariuszy Stra\u017cy Granicznej (Dz. U. poz. 794, z&nbsp;2011 r. poz. 1416 oraz z&nbsp;2013 r. poz. 1708) zmianie ulegnie brzmienie &sect; 4 ust. 1 pkt 3, &sect; 7 ust. 5.<\/p>\n<p>&nbsp;<\/p>\n<p class=\"Dziedzinaprawa\" style=\"text-align: justify;\"><strong>KIERUJ\u0104CY POJAZDAMI<\/strong><\/p>\n<p class=\"Tekstpraswki\" style=\"text-align: justify;\"><strong>Rozporz\u0105dzenie<\/strong> Ministra Infrastruktury i&nbsp;Budownictwa z&nbsp;dnia 20 wrze\u015bnia 2016 r. zmieniaj\u0105ce rozporz\u0105dzenie w&nbsp;sprawie szkolenia os&oacute;b ubiegaj\u0105cych si\u0119 o&nbsp;uprawnienia do kierowania pojazdami, instruktor&oacute;w i&nbsp;wyk\u0142adowc&oacute;w (Dz. U. z&nbsp;2016 r., poz. 1584)<strong> &ndash; wejdzie&nbsp;w&nbsp;\u017cycie z&nbsp;dniem 1 stycznia 2017 r., z&nbsp;wyj\u0105tkiem &sect; 1 pkt 2-4, 6, 7, 9&nbsp;lit.&nbsp;a, pkt 10 lit. a, pkt 11 i&nbsp;12 oraz &sect; 2, kt&oacute;re wchodz\u0105 w&nbsp;\u017cycie po up\u0142ywie 30&nbsp;dni od dnia og\u0142oszenia.<\/strong><\/p>\n<p class=\"Omwienie\" style=\"text-align: justify;\">W rozporz\u0105dzeniu Ministra Infrastruktury i&nbsp;Budownictwa z&nbsp;dnia 4 marca 2016 r. w&nbsp;sprawie szkolenia os&oacute;b ubiegaj\u0105cych si\u0119 o&nbsp;uprawnienia do kierowania pojazdami, instruktor&oacute;w i&nbsp;wyk\u0142adowc&oacute;w (Dz. U. poz. 280) zmianie ulegnie brzmienie &sect; 9, &sect; 12 pkt 1 i&nbsp;2, &sect; 14 ust. 3, &sect; 16, &sect; 18, za\u0142\u0105cznika nr 1 tabeli I&nbsp;lp. 3 kolumny &#8220;Uprawnienie&#8221;, za\u0142\u0105cznika nr 3, w&nbsp;&sect; 2 uchyla si\u0119 pkt 10, w&nbsp;&sect; 3 dodaje si\u0119 ust. 6, w&nbsp;&sect; 5 dodaje si\u0119 ust. 4, w&nbsp;&sect; 6 dodaje si\u0119 ust. 8, u\u017cyte w&nbsp;&sect; 6 ust. 1, ust. 2 pkt 2, ust. 3 pkt 1 i&nbsp;ust. 4 pkt 1 oraz w&nbsp;&sect; 16 ust. 1 w&nbsp;r&oacute;\u017cnych przypadkach wyrazy &#8220;w systemie teleinformatycznym, o&nbsp;kt&oacute;rym mowa w&nbsp;art. 16a ustawy&#8221; zast\u0119puje si\u0119 u\u017cytymi w&nbsp;odpowiednim przypadku wyrazami &#8220;w&nbsp;centralnej ewidencji kierowc&oacute;w&#8221;.<\/p>\n<p>&nbsp;<\/p>\n<p class=\"Dziedzinaprawa\" style=\"text-align: justify;\"><strong>SPECJALNE STREFY EKONOMICZNE<\/strong><\/p>\n<p class=\"Tekstpraswki\" style=\"text-align: justify;\"><strong>Rozporz\u0105dzenie<\/strong> Ministra Rozwoju z&nbsp;dnia 21 wrze\u015bnia 2016 r. zmieniaj\u0105ce rozporz\u0105dzenie w&nbsp;sprawie ustalenia planu rozwoju specjalnej strefy ekonomicznej Krakowski Park Technologiczny (Dz. U. z&nbsp;2016 r., poz. 1603)<strong> &ndash; wejdzie&nbsp;w&nbsp;\u017cycie z&nbsp;dniem 18 pa\u017adziernika 2016 r.<\/strong><\/p>\n<p class=\"Omwienie\" style=\"text-align: justify;\">W rozporz\u0105dzeniu Ministra Gospodarki z&nbsp;dnia 31 sierpnia 2009 r. w&nbsp;sprawie ustalenia planu rozwoju specjalnej strefy ekonomicznej Krakowski Park Technologiczny (Dz.&nbsp;U.&nbsp;poz. 1244) zmianie ulegnie brzmienie za\u0142\u0105cznika.<\/p>\n<p>&nbsp;<\/p>\n<p class=\"Dziedzinaprawa\" style=\"text-align: justify;\"><strong>PRAWO O&nbsp;SZKOLNICTWIE WY\u017bSZYM I&nbsp;SYSTEM O\u015aWIATY<\/strong><\/p>\n<p class=\"Tekstpraswki\" style=\"text-align: justify;\"><strong>Rozporz\u0105dzenie<\/strong> Ministra Nauki i&nbsp;Szkolnictwa Wy\u017cszego z&nbsp;dnia 21 wrze\u015bnia 2016 r. w&nbsp;sprawie og&oacute;lnopolskiego wykazu nauczycieli akademickich i&nbsp;pracownik&oacute;w naukowych (Dz. U. z&nbsp;2016 r., poz. 1577)<strong> &ndash; wesz\u0142o&nbsp;w&nbsp;\u017cycie z&nbsp;dniem 1 pa\u017adziernika 2016 r.<\/strong><\/p>\n<p class=\"Tekstpraswki\" style=\"text-align: justify;\"><strong>Rozporz\u0105dzenie<\/strong> Ministra Nauki i&nbsp;Szkolnictwa Wy\u017cszego z&nbsp;dnia 26 wrze\u015bnia 2016 r. w&nbsp;sprawie warunk&oacute;w prowadzenia studi&oacute;w (Dz. U. z&nbsp;2016 r., poz. 1596)<strong> &ndash; wesz\u0142o&nbsp;w&nbsp;\u017cycie z&nbsp;dniem 1 pa\u017adziernika 2016 r., z&nbsp;wyj\u0105tkiem &sect;&nbsp;17&nbsp;ust.&nbsp;1&nbsp;w&nbsp;zakresie dotycz\u0105cym studi&oacute;w na kierunku fizjoterapia, kt&oacute;ry wchodzi w&nbsp;\u017cycie z&nbsp;dniem 1 pa\u017adziernika 2017 r.<\/strong><\/p>\n<p class=\"Tekstpraswki\" style=\"text-align: justify;\"><strong>Rozporz\u0105dzenie<\/strong> Ministra Nauki i&nbsp;Szkolnictwa Wy\u017cszego z&nbsp;dnia 26 wrze\u015bnia 2016 r. w&nbsp;sprawie maksymalnej wysoko\u015bci op\u0142aty za post\u0119powanie zwi\u0105zane z&nbsp;przyj\u0119ciem na studia w&nbsp;uczelni publicznej (Dz. U. z&nbsp;2016 r., poz. 1608)<strong> &ndash; wejdzie w&nbsp;\u017cycie z&nbsp;dniem 1&nbsp;stycznia 2017 r.<\/strong><\/p>\n<p class=\"Tekstpraswki\" style=\"text-align: justify;\"><strong>Rozporz\u0105dzenie<\/strong> Ministra Nauki i&nbsp;Szkolnictwa Wy\u017cszego z&nbsp;dnia 26 wrze\u015bnia 2016 r. w&nbsp;sprawie charakterystyk drugiego stopnia Polskiej Ramy Kwalifikacji typowych dla kwalifikacji uzyskiwanych w&nbsp;ramach szkolnictwa wy\u017cszego po uzyskaniu kwalifikacji pe\u0142nej na poziomie 4 &#8211; poziomy 6-8 (Dz. U. z&nbsp;2016 r., poz. 1594)<strong> &ndash; wesz\u0142o w&nbsp;\u017cycie z&nbsp;dniem 1 pa\u017adziernika 2016 r.<\/strong><\/p>\n<p class=\"Tekstpraswki\" style=\"text-align: justify;\"><strong>Rozporz\u0105dzenie<\/strong> Ministra Edukacji Narodowej z&nbsp;dnia 29 wrze\u015bnia 2016 r. w&nbsp;sprawie plac&oacute;wek doskonalenia nauczycieli (Dz. U. z&nbsp;2016 r., poz. 1591)<strong> &ndash; wesz\u0142o w&nbsp;\u017cycie z&nbsp;dniem 1 pa\u017adziernika 2016 r.<\/strong><\/p>\n<p>&nbsp;<\/p>\n<p class=\"Dziedzinaprawa\" style=\"text-align: justify;\"><strong>STOPNIE NAUKOWE I&nbsp;TYTU\u0141 NAUKOWY<\/strong><\/p>\n<p class=\"Tekstpraswki\" style=\"text-align: justify;\"><strong>Rozporz\u0105dzenie<\/strong> Ministra Nauki i&nbsp;Szkolnictwa Wy\u017cszego z&nbsp;dnia 26 wrze\u015bnia 2016 r. w&nbsp;sprawie szczeg&oacute;\u0142owego trybu i&nbsp;warunk&oacute;w przeprowadzania czynno\u015bci w&nbsp;przewodzie doktorskim, w&nbsp;post\u0119powaniu habilitacyjnym oraz w&nbsp;post\u0119powaniu o&nbsp;nadanie tytu\u0142u profesora (Dz. U. z&nbsp;2016 r., poz. 1586)<strong> &ndash; wesz\u0142o&nbsp;w&nbsp;\u017cycie z&nbsp;dniem 1&nbsp;pa\u017adziernika&nbsp;2016 r.<\/strong><\/p>\n<p>&nbsp;<\/p>\n<p class=\"Dziedzinaprawa\" style=\"text-align: justify;\"><strong>WYNAGRADZANIE OS&Oacute;B KIERUJ\u0104CYCH NIEKT&Oacute;RYMI PODMIOTAMI PRAWNYMI<\/strong><\/p>\n<p class=\"Tekstpraswki\" style=\"text-align: justify;\"><strong>Rozporz\u0105dzenie<\/strong> Ministra Cyfryzacji z&nbsp;dnia 29 wrze\u015bnia 2016 r. w&nbsp;sprawie przyznawania nagrody rocznej osobom zatrudnionym w&nbsp;podmiotach prawnych utworzonych, podleg\u0142ych lub nadzorowanych przez ministra w\u0142a\u015bciwego do spraw informatyzacji (Dz.&nbsp;U.&nbsp;z&nbsp;2016&nbsp;r.,&nbsp;poz. 1598)<strong> &ndash; wesz\u0142o&nbsp;w&nbsp;\u017cycie z&nbsp;dniem 1 pa\u017adziernika 2016 r.<\/strong><\/p>\n<p>&nbsp;<\/p>\n<p class=\"Dziedzinaprawa\" style=\"text-align: justify;\"><strong>ZAW&Oacute;D LEKARZA I&nbsp;DENTYSTY<\/strong><\/p>\n<p class=\"Tekstpraswki\" style=\"text-align: justify;\"><strong>Rozporz\u0105dzenie<\/strong> Ministra Zdrowia z&nbsp;dnia 26 wrze\u015bnia 2016 r. zmieniaj\u0105ce rozporz\u0105dzenie w&nbsp;sprawie Lekarskiego Egzaminu Ko\u0144cowego i&nbsp;Lekarsko-Dentystycznego Egzaminu Ko\u0144cowego (Dz. U. z&nbsp;2016 r., poz. 1580)<strong> &ndash; wesz\u0142o&nbsp;w&nbsp;\u017cycie z&nbsp;dniem 1&nbsp;pa\u017adziernika 2016 r.<\/strong><\/p>\n<p class=\"Omwienie\" style=\"text-align: justify;\">W rozporz\u0105dzeniu Ministra Zdrowia z&nbsp;dnia 30 lipca 2012 r. w&nbsp;sprawie Lekarskiego Egzaminu Ko\u0144cowego i&nbsp;Lekarsko-Dentystycznego Egzaminu Ko\u0144cowego (Dz. U. poz. 903) zmianie uleg\u0142o brzmienie &sect; 4 w&nbsp;ust. 2.<\/p>\n<p>&nbsp;<\/p>\n<p class=\"Dziedzinaprawa\" style=\"text-align: justify;\"><strong>ZARZ\u0104DZENIA PREZESA NARODOWEGO FUNDUSZU ZDROWIA<\/strong><\/p>\n<p class=\"Tekstpraswki\" style=\"text-align: justify;\"><strong>Zarz\u0105dzenie<\/strong> nr 103\/2016\/DEF Prezesa Narodowego Funduszu Zdrowia z&nbsp;dnia 30&nbsp;wrze\u015bnia 2016 r. w&nbsp;sprawie zmiany planu finansowego Narodowego Funduszu Zdrowia na 2016 rok <strong>&ndash; wesz\u0142o&nbsp;w&nbsp;\u017cycie z&nbsp;dniem podpisania.<\/strong><\/p>\n<p>&nbsp;<\/p>\n<p class=\"NowePrawo\" style=\"text-align: justify;\"><strong>_____Orzecznictwo<\/strong><\/p>\n<p class=\"SdNajwyszy\" style=\"text-align: justify;\"><strong>S\u0105d Najwy\u017cszy<\/strong><\/p>\n<p class=\"Dziedzinaprawa\" style=\"text-align: justify;\"><strong>ROSZCZENIA PRZYS\u0141UGUJ\u0104CE MA\u0141\u017bONKOWI NIEOBJ\u0118TEMU TYTU\u0141EM WYKONAWCZYM<\/strong><\/p>\n<p class=\"Tekstpraswki\" style=\"text-align: justify;\">Je\u017celi komornik zaj\u0105\u0142 na podstawie art. 845 &sect; 2 k.p.c. ruchomo\u015bci b\u0119d\u0105ce we wsp&oacute;\u0142w\u0142adaniu d\u0142u\u017cnika i&nbsp;jego ma\u0142\u017conka pozostaj\u0105cych we wsp&oacute;lno\u015bci ustawowej, ma\u0142\u017conkowi nieobj\u0119temu tytu\u0142em wykonawczym przys\u0142uguje &#8211; w&nbsp;zale\u017cno\u015bci od zg\u0142aszanych zarzut&oacute;w &#8211; pow&oacute;dztwo przewidziane w&nbsp;art. 841 k.p.c., je\u017celi zarzuca&nbsp;naruszenie przepis&oacute;w prawa materialnego lub skarga na czynno\u015bci komornika, je\u017celi zarzuca naruszenie przepis&oacute;w post\u0119powania egzekucyjnego <strong>&ndash; Uchwa\u0142a&nbsp;S\u0105du&nbsp;Najwy\u017cszego z&nbsp;dnia 5 pa\u017adziernika 2016 r., sygn. akt III&nbsp;CZP&nbsp;41\/16.<\/strong><\/p>\n<p>&nbsp;<\/p>\n","protected":false},"excerpt":{"rendered":"<p>We would like to present the next issue of legal bulletin of the Law Office of Adam Polowiec.What you will find here is some information about the new provisions of law and the projects of amendments to acts, but also case-laws including the case laws of Supreme Court, Constitutional Tribunal and European Court of Justice.<\/p>\n","protected":false},"author":3,"featured_media":0,"comment_status":"closed","ping_status":"open","sticky":false,"template":"","format":"standard","meta":{"footnotes":""},"categories":[2],"tags":[],"class_list":["post-707","post","type-post","status-publish","format-standard","hentry","category-wpisy"],"featured_image_src":{"landsacpe":false,"list":false,"medium":false,"full":false},"yoast_head":"<!-- This site is optimized with the Yoast SEO plugin v27.2 - https:\/\/yoast.com\/product\/yoast-seo-wordpress\/ -->\n<title>Legal Bulletin Of The Law Office Of Adam Polowiec (3 - 9 October 2016) - Polowiec i Wsp\u00f3lnicy - Kancelaria prawna<\/title>\n<meta name=\"robots\" content=\"index, follow, max-snippet:-1, max-image-preview:large, max-video-preview:-1\" \/>\n<link rel=\"canonical\" href=\"https:\/\/polowiec.pl\/en\/legal-bulletin-of-the-law-office-of-adam-polowiec-3-9-october-2016\/\" \/>\n<meta property=\"og:locale\" content=\"en_US\" \/>\n<meta property=\"og:type\" content=\"article\" \/>\n<meta property=\"og:title\" content=\"Legal Bulletin Of The Law Office Of Adam Polowiec (3 - 9 October 2016) - Polowiec i Wsp\u00f3lnicy - Kancelaria prawna\" \/>\n<meta property=\"og:description\" content=\"We would like to present the next issue of legal bulletin of the Law Office of Adam Polowiec.What you will find here is some information about the new provisions of law and the projects of amendments to acts, but also case-laws including the case laws of Supreme Court, Constitutional Tribunal and European Court of Justice.\" \/>\n<meta property=\"og:url\" content=\"https:\/\/polowiec.pl\/en\/legal-bulletin-of-the-law-office-of-adam-polowiec-3-9-october-2016\/\" \/>\n<meta property=\"og:site_name\" content=\"Polowiec i Wsp\u00f3lnicy - Kancelaria prawna\" \/>\n<meta property=\"article:publisher\" content=\"https:\/\/www.facebook.com\/polowieciwspolnicy\/\" \/>\n<meta property=\"article:published_time\" content=\"2016-10-24T19:39:54+00:00\" \/>\n<meta property=\"article:modified_time\" content=\"2019-04-18T15:04:35+00:00\" \/>\n<meta name=\"author\" content=\"Marcin Rusinek\" \/>\n<meta name=\"twitter:card\" content=\"summary_large_image\" \/>\n<meta name=\"twitter:label1\" content=\"Written by\" \/>\n\t<meta name=\"twitter:data1\" content=\"Marcin Rusinek\" \/>\n\t<meta name=\"twitter:label2\" content=\"Est. reading time\" \/>\n\t<meta name=\"twitter:data2\" content=\"9 minutes\" \/>\n<script type=\"application\/ld+json\" class=\"yoast-schema-graph\">{\"@context\":\"https:\/\/schema.org\",\"@graph\":[{\"@type\":\"Article\",\"@id\":\"https:\/\/polowiec.pl\/en\/legal-bulletin-of-the-law-office-of-adam-polowiec-3-9-october-2016\/#article\",\"isPartOf\":{\"@id\":\"https:\/\/polowiec.pl\/en\/legal-bulletin-of-the-law-office-of-adam-polowiec-3-9-october-2016\/\"},\"author\":{\"name\":\"Marcin Rusinek\",\"@id\":\"https:\/\/polowiec.pl\/en\/#\/schema\/person\/74c7526b6f52be5ae94031504f9ffec4\"},\"headline\":\"Legal Bulletin Of The Law Office Of Adam Polowiec (3 &#8211; 9 October 2016)\",\"datePublished\":\"2016-10-24T19:39:54+00:00\",\"dateModified\":\"2019-04-18T15:04:35+00:00\",\"mainEntityOfPage\":{\"@id\":\"https:\/\/polowiec.pl\/en\/legal-bulletin-of-the-law-office-of-adam-polowiec-3-9-october-2016\/\"},\"wordCount\":1905,\"publisher\":{\"@id\":\"https:\/\/polowiec.pl\/en\/#organization\"},\"articleSection\":[\"Wpisy\"],\"inLanguage\":\"en-US\"},{\"@type\":\"WebPage\",\"@id\":\"https:\/\/polowiec.pl\/en\/legal-bulletin-of-the-law-office-of-adam-polowiec-3-9-october-2016\/\",\"url\":\"https:\/\/polowiec.pl\/en\/legal-bulletin-of-the-law-office-of-adam-polowiec-3-9-october-2016\/\",\"name\":\"Legal Bulletin Of The Law Office Of Adam Polowiec (3 - 9 October 2016) - Polowiec i Wsp\u00f3lnicy - Kancelaria prawna\",\"isPartOf\":{\"@id\":\"https:\/\/polowiec.pl\/en\/#website\"},\"datePublished\":\"2016-10-24T19:39:54+00:00\",\"dateModified\":\"2019-04-18T15:04:35+00:00\",\"breadcrumb\":{\"@id\":\"https:\/\/polowiec.pl\/en\/legal-bulletin-of-the-law-office-of-adam-polowiec-3-9-october-2016\/#breadcrumb\"},\"inLanguage\":\"en-US\",\"potentialAction\":[{\"@type\":\"ReadAction\",\"target\":[\"https:\/\/polowiec.pl\/en\/legal-bulletin-of-the-law-office-of-adam-polowiec-3-9-october-2016\/\"]}]},{\"@type\":\"BreadcrumbList\",\"@id\":\"https:\/\/polowiec.pl\/en\/legal-bulletin-of-the-law-office-of-adam-polowiec-3-9-october-2016\/#breadcrumb\",\"itemListElement\":[{\"@type\":\"ListItem\",\"position\":1,\"name\":\"Strona g\u0142\u00f3wna\",\"item\":\"https:\/\/polowiec.pl\/en\/\"},{\"@type\":\"ListItem\",\"position\":2,\"name\":\"Legal Bulletin Of The Law Office Of Adam Polowiec (3 &#8211; 9 October 2016)\"}]},{\"@type\":\"WebSite\",\"@id\":\"https:\/\/polowiec.pl\/en\/#website\",\"url\":\"https:\/\/polowiec.pl\/en\/\",\"name\":\"Polowiec i Wsp\u00f3lnicy - Kancelaria prawna\",\"description\":\"Obs\u0142uga prawna\",\"publisher\":{\"@id\":\"https:\/\/polowiec.pl\/en\/#organization\"},\"potentialAction\":[{\"@type\":\"SearchAction\",\"target\":{\"@type\":\"EntryPoint\",\"urlTemplate\":\"https:\/\/polowiec.pl\/en\/?s={search_term_string}\"},\"query-input\":{\"@type\":\"PropertyValueSpecification\",\"valueRequired\":true,\"valueName\":\"search_term_string\"}}],\"inLanguage\":\"en-US\"},{\"@type\":\"Organization\",\"@id\":\"https:\/\/polowiec.pl\/en\/#organization\",\"name\":\"Polowiec i Wsp\u00f3lnicy - Kancelaria prawna\",\"url\":\"https:\/\/polowiec.pl\/en\/\",\"logo\":{\"@type\":\"ImageObject\",\"inLanguage\":\"en-US\",\"@id\":\"https:\/\/polowiec.pl\/en\/#\/schema\/logo\/image\/\",\"url\":\"https:\/\/polowiec.pl\/wp-content\/uploads\/2018\/10\/polowiec_logo2-1.png\",\"contentUrl\":\"https:\/\/polowiec.pl\/wp-content\/uploads\/2018\/10\/polowiec_logo2-1.png\",\"width\":540,\"height\":381,\"caption\":\"Polowiec i Wsp\u00f3lnicy - Kancelaria prawna\"},\"image\":{\"@id\":\"https:\/\/polowiec.pl\/en\/#\/schema\/logo\/image\/\"},\"sameAs\":[\"https:\/\/www.facebook.com\/polowieciwspolnicy\/\",\"https:\/\/www.linkedin.com\/company\/polowiec-i-wsplnicy-sp.j.\/about\/\"]},{\"@type\":\"Person\",\"@id\":\"https:\/\/polowiec.pl\/en\/#\/schema\/person\/74c7526b6f52be5ae94031504f9ffec4\",\"name\":\"Marcin Rusinek\",\"image\":{\"@type\":\"ImageObject\",\"inLanguage\":\"en-US\",\"@id\":\"https:\/\/secure.gravatar.com\/avatar\/b50a0a5c3e71d904f5e57a757d39977d01c43e075c6bf5b4df909ffbbe004790?s=96&d=mm&r=g\",\"url\":\"https:\/\/secure.gravatar.com\/avatar\/b50a0a5c3e71d904f5e57a757d39977d01c43e075c6bf5b4df909ffbbe004790?s=96&d=mm&r=g\",\"contentUrl\":\"https:\/\/secure.gravatar.com\/avatar\/b50a0a5c3e71d904f5e57a757d39977d01c43e075c6bf5b4df909ffbbe004790?s=96&d=mm&r=g\",\"caption\":\"Marcin Rusinek\"}}]}<\/script>\n<!-- \/ Yoast SEO plugin. -->","yoast_head_json":{"title":"Legal Bulletin Of The Law Office Of Adam Polowiec (3 - 9 October 2016) - Polowiec i Wsp\u00f3lnicy - Kancelaria prawna","robots":{"index":"index","follow":"follow","max-snippet":"max-snippet:-1","max-image-preview":"max-image-preview:large","max-video-preview":"max-video-preview:-1"},"canonical":"https:\/\/polowiec.pl\/en\/legal-bulletin-of-the-law-office-of-adam-polowiec-3-9-october-2016\/","og_locale":"en_US","og_type":"article","og_title":"Legal Bulletin Of The Law Office Of Adam Polowiec (3 - 9 October 2016) - Polowiec i Wsp\u00f3lnicy - Kancelaria prawna","og_description":"We would like to present the next issue of legal bulletin of the Law Office of Adam Polowiec.What you will find here is some information about the new provisions of law and the projects of amendments to acts, but also case-laws including the case laws of Supreme Court, Constitutional Tribunal and European Court of Justice.","og_url":"https:\/\/polowiec.pl\/en\/legal-bulletin-of-the-law-office-of-adam-polowiec-3-9-october-2016\/","og_site_name":"Polowiec i Wsp\u00f3lnicy - Kancelaria prawna","article_publisher":"https:\/\/www.facebook.com\/polowieciwspolnicy\/","article_published_time":"2016-10-24T19:39:54+00:00","article_modified_time":"2019-04-18T15:04:35+00:00","author":"Marcin Rusinek","twitter_card":"summary_large_image","twitter_misc":{"Written by":"Marcin Rusinek","Est. reading time":"9 minutes"},"schema":{"@context":"https:\/\/schema.org","@graph":[{"@type":"Article","@id":"https:\/\/polowiec.pl\/en\/legal-bulletin-of-the-law-office-of-adam-polowiec-3-9-october-2016\/#article","isPartOf":{"@id":"https:\/\/polowiec.pl\/en\/legal-bulletin-of-the-law-office-of-adam-polowiec-3-9-october-2016\/"},"author":{"name":"Marcin Rusinek","@id":"https:\/\/polowiec.pl\/en\/#\/schema\/person\/74c7526b6f52be5ae94031504f9ffec4"},"headline":"Legal Bulletin Of The Law Office Of Adam Polowiec (3 &#8211; 9 October 2016)","datePublished":"2016-10-24T19:39:54+00:00","dateModified":"2019-04-18T15:04:35+00:00","mainEntityOfPage":{"@id":"https:\/\/polowiec.pl\/en\/legal-bulletin-of-the-law-office-of-adam-polowiec-3-9-october-2016\/"},"wordCount":1905,"publisher":{"@id":"https:\/\/polowiec.pl\/en\/#organization"},"articleSection":["Wpisy"],"inLanguage":"en-US"},{"@type":"WebPage","@id":"https:\/\/polowiec.pl\/en\/legal-bulletin-of-the-law-office-of-adam-polowiec-3-9-october-2016\/","url":"https:\/\/polowiec.pl\/en\/legal-bulletin-of-the-law-office-of-adam-polowiec-3-9-october-2016\/","name":"Legal Bulletin Of The Law Office Of Adam Polowiec (3 - 9 October 2016) - Polowiec i Wsp\u00f3lnicy - Kancelaria prawna","isPartOf":{"@id":"https:\/\/polowiec.pl\/en\/#website"},"datePublished":"2016-10-24T19:39:54+00:00","dateModified":"2019-04-18T15:04:35+00:00","breadcrumb":{"@id":"https:\/\/polowiec.pl\/en\/legal-bulletin-of-the-law-office-of-adam-polowiec-3-9-october-2016\/#breadcrumb"},"inLanguage":"en-US","potentialAction":[{"@type":"ReadAction","target":["https:\/\/polowiec.pl\/en\/legal-bulletin-of-the-law-office-of-adam-polowiec-3-9-october-2016\/"]}]},{"@type":"BreadcrumbList","@id":"https:\/\/polowiec.pl\/en\/legal-bulletin-of-the-law-office-of-adam-polowiec-3-9-october-2016\/#breadcrumb","itemListElement":[{"@type":"ListItem","position":1,"name":"Strona g\u0142\u00f3wna","item":"https:\/\/polowiec.pl\/en\/"},{"@type":"ListItem","position":2,"name":"Legal Bulletin Of The Law Office Of Adam Polowiec (3 &#8211; 9 October 2016)"}]},{"@type":"WebSite","@id":"https:\/\/polowiec.pl\/en\/#website","url":"https:\/\/polowiec.pl\/en\/","name":"Polowiec i Wsp\u00f3lnicy - Kancelaria prawna","description":"Obs\u0142uga prawna","publisher":{"@id":"https:\/\/polowiec.pl\/en\/#organization"},"potentialAction":[{"@type":"SearchAction","target":{"@type":"EntryPoint","urlTemplate":"https:\/\/polowiec.pl\/en\/?s={search_term_string}"},"query-input":{"@type":"PropertyValueSpecification","valueRequired":true,"valueName":"search_term_string"}}],"inLanguage":"en-US"},{"@type":"Organization","@id":"https:\/\/polowiec.pl\/en\/#organization","name":"Polowiec i Wsp\u00f3lnicy - Kancelaria prawna","url":"https:\/\/polowiec.pl\/en\/","logo":{"@type":"ImageObject","inLanguage":"en-US","@id":"https:\/\/polowiec.pl\/en\/#\/schema\/logo\/image\/","url":"https:\/\/polowiec.pl\/wp-content\/uploads\/2018\/10\/polowiec_logo2-1.png","contentUrl":"https:\/\/polowiec.pl\/wp-content\/uploads\/2018\/10\/polowiec_logo2-1.png","width":540,"height":381,"caption":"Polowiec i Wsp\u00f3lnicy - Kancelaria prawna"},"image":{"@id":"https:\/\/polowiec.pl\/en\/#\/schema\/logo\/image\/"},"sameAs":["https:\/\/www.facebook.com\/polowieciwspolnicy\/","https:\/\/www.linkedin.com\/company\/polowiec-i-wsplnicy-sp.j.\/about\/"]},{"@type":"Person","@id":"https:\/\/polowiec.pl\/en\/#\/schema\/person\/74c7526b6f52be5ae94031504f9ffec4","name":"Marcin Rusinek","image":{"@type":"ImageObject","inLanguage":"en-US","@id":"https:\/\/secure.gravatar.com\/avatar\/b50a0a5c3e71d904f5e57a757d39977d01c43e075c6bf5b4df909ffbbe004790?s=96&d=mm&r=g","url":"https:\/\/secure.gravatar.com\/avatar\/b50a0a5c3e71d904f5e57a757d39977d01c43e075c6bf5b4df909ffbbe004790?s=96&d=mm&r=g","contentUrl":"https:\/\/secure.gravatar.com\/avatar\/b50a0a5c3e71d904f5e57a757d39977d01c43e075c6bf5b4df909ffbbe004790?s=96&d=mm&r=g","caption":"Marcin Rusinek"}}]}},"_links":{"self":[{"href":"https:\/\/polowiec.pl\/en\/wp-json\/wp\/v2\/posts\/707","targetHints":{"allow":["GET"]}}],"collection":[{"href":"https:\/\/polowiec.pl\/en\/wp-json\/wp\/v2\/posts"}],"about":[{"href":"https:\/\/polowiec.pl\/en\/wp-json\/wp\/v2\/types\/post"}],"author":[{"embeddable":true,"href":"https:\/\/polowiec.pl\/en\/wp-json\/wp\/v2\/users\/3"}],"replies":[{"embeddable":true,"href":"https:\/\/polowiec.pl\/en\/wp-json\/wp\/v2\/comments?post=707"}],"version-history":[{"count":0,"href":"https:\/\/polowiec.pl\/en\/wp-json\/wp\/v2\/posts\/707\/revisions"}],"wp:attachment":[{"href":"https:\/\/polowiec.pl\/en\/wp-json\/wp\/v2\/media?parent=707"}],"wp:term":[{"taxonomy":"category","embeddable":true,"href":"https:\/\/polowiec.pl\/en\/wp-json\/wp\/v2\/categories?post=707"},{"taxonomy":"post_tag","embeddable":true,"href":"https:\/\/polowiec.pl\/en\/wp-json\/wp\/v2\/tags?post=707"}],"curies":[{"name":"wp","href":"https:\/\/api.w.org\/{rel}","templated":true}]}}