{"id":711,"date":"2016-10-24T21:56:25","date_gmt":"2016-10-24T19:56:25","guid":{"rendered":"https:\/\/nowa.polowiec.pl\/legal-bulletin-of-the-law-office-of-adam-polowiec-17-23-october-2016\/"},"modified":"2019-04-18T16:59:36","modified_gmt":"2019-04-18T14:59:36","slug":"legal-bulletin-of-the-law-office-of-adam-polowiec-17-23-october-2016","status":"publish","type":"post","link":"https:\/\/polowiec.pl\/en\/legal-bulletin-of-the-law-office-of-adam-polowiec-17-23-october-2016\/","title":{"rendered":"Legal Bulletin Of The Law Office Of Adam Polowiec (17 &#8211; 23 October 2016)"},"content":{"rendered":"<p>We would like to present the next issue of legal bulletin of the Law Office of Adam Polowiec.<br \/>What you will find here is some information about the new provisions of law and the projects of amendments to acts, but also case-laws including the case laws of Supreme Court, Constitutional Tribunal and European Court of Justice.<\/p>\n<p>  <!--more-->  <\/p>\n<p class=\"NowePrawo\" style=\"text-align: justify;\"><strong>_____Nowe Prawo<\/strong><\/p>\n<p class=\"Dziedzinaprawa\" style=\"text-align: justify;\"><strong>PRAWO FARMACEUTYCZNE<\/strong><\/p>\n<p class=\"Tekstpraswki\" style=\"text-align: justify;\"><strong>Rozporz\u0105dzenie <\/strong>Ministra Zdrowia z&nbsp;dnia 6 pa\u017adziernika 2016 r. zmieniaj\u0105ce rozporz\u0105dzenie w&nbsp;sprawie wzoru wniosku o&nbsp;wydanie pozwolenia na dopuszczenie do obrotu produktu leczniczego (Dz. U. z&nbsp;2016 r., poz. 1699) <strong>&#8211; wejdzie w&nbsp;\u017cycie z&nbsp;dniem 29&nbsp;pa\u017adziernika&nbsp;2016 r.<\/strong><\/p>\n<p class=\"Omwienie\" style=\"text-align: justify;\">W rozporz\u0105dzeniu Ministra Zdrowia z&nbsp;dnia 10 stycznia 2014 r. w&nbsp;sprawie wzoru wniosku o&nbsp;wydanie pozwolenia na dopuszczenie do obrotu produktu leczniczego (Dz. U. poz. 104) zmianie ulegnie brzmienie &sect; 3, za\u0142\u0105cznika nr 1 do rozporz\u0105dzenia.<\/p>\n<p>&nbsp;<\/p>\n<p class=\"Dziedzinaprawa\" style=\"text-align: justify;\"><strong>PRAWO PODATKOWE<\/strong><\/p>\n<p class=\"Tekstpraswki\" style=\"text-align: justify;\"><strong>Rozporz\u0105dzenie <\/strong>Ministra Rozwoju i&nbsp;Finans&oacute;w z&nbsp;dnia 18 pa\u017adziernika 2016 r. w&nbsp;sprawie zaniechania poboru podatku od sprzeda\u017cy detalicznej (Dz. U. z&nbsp;2016 r., poz. 1723) <strong>&#8211; wesz\u0142o w&nbsp;\u017cycie z&nbsp;dniem 19&nbsp;pa\u017adziernika&nbsp;2016 r.<\/strong><\/p>\n<p>&nbsp;<\/p>\n<p class=\"Dziedzinaprawa\" style=\"text-align: justify;\"><strong>OCHRONA ZDROWIA<\/strong><\/p>\n<p class=\"Tekstpraswki\" style=\"text-align: justify;\"><strong>Rozporz\u0105dzenie <\/strong>Ministra Zdrowia z&nbsp;dnia 14 pa\u017adziernika 2016 r. w&nbsp;sprawie bada\u0144 lekarskich oraz zabieg&oacute;w sanitarnych cia\u0142a i&nbsp;odzie\u017cy cudzoziemca ubiegaj\u0105cego si\u0119 o&nbsp;udzielenie ochrony mi\u0119dzynarodowej (Dz. U. z&nbsp;2016 r., poz. 1724) <strong>&#8211; wejdzie w&nbsp;\u017cycie z&nbsp;dniem 3 listopada&nbsp;2016 r.<\/strong><\/p>\n<p>&nbsp;<\/p>\n<p class=\"Dziedzinaprawa\" style=\"text-align: justify;\"><strong>KODEKS POST\u0118POWANIA CYWILNEGO<\/strong><\/p>\n<p class=\"Tekstpraswki\" style=\"text-align: justify;\"><strong>Rozporz\u0105dzenie <\/strong>Ministra Sprawiedliwo\u015bci z&nbsp;dnia 10 pa\u017adziernika 2016 r. zmieniaj\u0105ce rozporz\u0105dzenie w&nbsp;sprawie zapisu d\u017awi\u0119ku albo obrazu i&nbsp;d\u017awi\u0119ku z&nbsp;przebiegu posiedzenia jawnego w&nbsp;post\u0119powaniu cywilnym (Dz. U. z&nbsp;2016 r., poz. 1697) <strong>&#8211; wesz\u0142o w&nbsp;\u017cycie z&nbsp;dniem 15 pa\u017adziernika&nbsp;2016 r.<\/strong><\/p>\n<p class=\"Omwienie\" style=\"text-align: justify;\">W rozporz\u0105dzeniu Ministra Sprawiedliwo\u015bci z&nbsp;dnia 2 marca 2015 r. w&nbsp;sprawie zapisu d\u017awi\u0119ku albo obrazu i&nbsp;d\u017awi\u0119ku z&nbsp;przebiegu posiedzenia jawnego w&nbsp;post\u0119powaniu cywilnym (Dz. U. poz. 359) zmianie uleg\u0142o brzmienie &sect; 10, &sect; 12 ust. 4.<\/p>\n<p>&nbsp;<\/p>\n<p class=\"Dziedzinaprawa\" style=\"text-align: justify;\"><strong>KODEKS KARNY WYKONAWCZY<\/strong><\/p>\n<p class=\"Tekstpraswki\" style=\"text-align: justify;\"><strong>Rozporz\u0105dzenie <\/strong>Ministra Sprawiedliwo\u015bci z&nbsp;dnia 10 pa\u017adziernika 2016 r. w&nbsp;sprawie wzoru pisemnego pouczenia o&nbsp;przys\u0142uguj\u0105cych skazanemu prawach i&nbsp;ci\u0105\u017c\u0105cych na nim obowi\u0105zkach zwi\u0105zanych z&nbsp;dozorem elektronicznym, jak r&oacute;wnie\u017c o&nbsp;konsekwencjach naruszenia tych obowi\u0105zk&oacute;w (Dz. U. z&nbsp;2016 r., poz. 1692) <strong>&#8211; wesz\u0142o w&nbsp;\u017cycie z&nbsp;dniem 15 pa\u017adziernika&nbsp;2016 r.<\/strong><\/p>\n<p class=\"Tekstpraswki\" style=\"text-align: justify;\"><strong>Rozporz\u0105dzenie <\/strong>Ministra Sprawiedliwo\u015bci z&nbsp;dnia 10 pa\u017adziernika 2016 r. w&nbsp;sprawie sposobu oraz szczeg&oacute;\u0142owych warunk&oacute;w wykonywania kar, \u015brodk&oacute;w karnych i&nbsp;\u015brodk&oacute;w zabezpieczaj\u0105cych w&nbsp;systemie dozoru elektronicznego (Dz. U. z&nbsp;2016 r., poz. 1698) <strong>&#8211; wesz\u0142o w&nbsp;\u017cycie z&nbsp;dniem 15 pa\u017adziernika&nbsp;2016 r.<\/strong><\/p>\n<p class=\"Tekstpraswki\" style=\"text-align: justify;\"><strong>Rozporz\u0105dzenie <\/strong>Ministra Sprawiedliwo\u015bci z&nbsp;dnia 10 pa\u017adziernika 2016 r. w&nbsp;sprawie sposobu i&nbsp;trybu sprawowania nadzoru nad wykonywaniem dozoru elektronicznego (Dz.&nbsp;U.&nbsp;z 2016 r., poz. 1700) <strong>&#8211; wesz\u0142o w&nbsp;\u017cycie z&nbsp;dniem 15 pa\u017adziernika&nbsp;2016 r.<\/strong><\/p>\n<p>&nbsp;<\/p>\n<p class=\"Dziedzinaprawa\" style=\"text-align: justify;\"><strong>STATYSTYKA PUBLICZNA<\/strong><\/p>\n<p class=\"Tekstpraswki\" style=\"text-align: justify;\"><strong>Rozporz\u0105dzenie <\/strong>Prezesa Rady Ministr&oacute;w z&nbsp;dnia 30 wrze\u015bnia 2016 r. zmieniaj\u0105ce rozporz\u0105dzenie w&nbsp;sprawie okre\u015blenia wzor&oacute;w formularzy sprawozdawczych, obja\u015bnie\u0144 co do sposobu ich wype\u0142niania oraz wzor&oacute;w kwestionariuszy i&nbsp;ankiet statystycznych stosowanych w&nbsp;badaniach statystycznych ustalonych w&nbsp;programie bada\u0144 statystycznych statystyki publicznej na rok 2016 (Dz. U. z&nbsp;2016 r., poz. 1722) <strong>&#8211; wejdzie w&nbsp;\u017cycie z&nbsp;dniem 23&nbsp;pa\u017adziernika&nbsp;2016 r.<\/strong><\/p>\n<p class=\"Omwienie\" style=\"text-align: justify;\">W rozporz\u0105dzeniu Prezesa Rady Ministr&oacute;w z&nbsp;dnia 15 marca 2016 r. w&nbsp;sprawie okre\u015blenia wzor&oacute;w formularzy sprawozdawczych, obja\u015bnie\u0144 co do sposobu ich wype\u0142niania oraz wzor&oacute;w kwestionariuszy i&nbsp;ankiet statystycznych stosowanych w&nbsp;badaniach statystycznych ustalonych w&nbsp;programie bada\u0144 statystycznych statystyki publicznej na rok 2016&nbsp;(Dz.&nbsp;U.&nbsp;poz. 460) zmianie ulegnie brzmienie &sect; 1, &sect; 2, za\u0142\u0105cznika nr 1 do rozporz\u0105dzenia, za\u0142\u0105cznika nr 2 do rozporz\u0105dzenia, za\u0142\u0105cznika nr 3 do rozporz\u0105dzenia.<\/p>\n<p>&nbsp;<\/p>\n<p class=\"Dziedzinaprawa\" style=\"text-align: justify;\"><strong>UBEZPIECZENIA EKSPORTOWE<\/strong><\/p>\n<p class=\"Tekstpraswki\" style=\"text-align: justify;\"><strong>Rozporz\u0105dzenie <\/strong>Prezesa Rady Ministr&oacute;w z&nbsp;dnia 14 pa\u017adziernika 2016 r. w&nbsp;sprawie przeniesienia planowanych dochod&oacute;w i&nbsp;wydatk&oacute;w bud\u017cetowych w&nbsp;zakresie wynagrodze\u0144 okre\u015blonych w&nbsp;ustawie bud\u017cetowej na rok 2016 (Dz. U. z&nbsp;2016 r., poz. 1712) <strong>&ndash; wesz\u0142o&nbsp;w&nbsp;\u017cycie z&nbsp;dniem 17&nbsp;pa\u017adziernika&nbsp;2016 r.<\/strong><\/p>\n<p>&nbsp;<\/p>\n<p class=\"Dziedzinaprawa\" style=\"text-align: justify;\"><strong>SAMORZ\u0104DY ZAWODOWE<\/strong><\/p>\n<p class=\"Tekstpraswki\" style=\"text-align: justify;\"><strong>Rozporz\u0105dzenie <\/strong>Ministra Sprawiedliwo\u015bci z&nbsp;dnia 3 pa\u017adziernika 2016 r. zmieniaj\u0105ce rozporz\u0105dzenie w&nbsp;sprawie zespo\u0142u do przygotowania pyta\u0144 testowych na egzamin wst\u0119pny na aplikacj\u0119 adwokack\u0105 i&nbsp;radcowsk\u0105 oraz wykazu tytu\u0142&oacute;w akt&oacute;w prawnych (Dz.&nbsp;U. z&nbsp;2016 r., poz. 1695) <strong>&#8211; wejdzie w&nbsp;\u017cycie z&nbsp;dniem 22&nbsp;pa\u017adziernika&nbsp;2016 r.<\/strong><\/p>\n<p class=\"Omwienie\" style=\"text-align: justify;\">W rozporz\u0105dzeniu Ministra Sprawiedliwo\u015bci z&nbsp;dnia 29 kwietnia 2009 r. w&nbsp;sprawie zespo\u0142u do przygotowania pyta\u0144 testowych na egzamin wst\u0119pny na aplikacj\u0119 adwokack\u0105 i&nbsp;radcowsk\u0105 oraz wykazu tytu\u0142&oacute;w akt&oacute;w prawnych (Dz. U. z&nbsp;2015 r. poz. 1111) zmianie ulegnie brzmienie &sect; 3 ust. 1, &sect; 4 ust. 2, &sect; 5 ust. 1, &sect; 7 ust. 1, w&nbsp;&sect; 2 dodaje si\u0119 ust. 3-6, dodany zostanie &sect; 2a.<\/p>\n<p class=\"Tekstpraswki\" style=\"text-align: justify;\"><strong>Rozporz\u0105dzenie <\/strong>Ministra Sprawiedliwo\u015bci z&nbsp;dnia 3 pa\u017adziernika 2016 r. w&nbsp;sprawie ponoszenia przez Skarb Pa\u0144stwa koszt&oacute;w nieop\u0142aconej pomocy prawnej udzielonej przez radc\u0119 prawnego z&nbsp;urz\u0119du (Dz. U. z&nbsp;2016 r., poz. 1715) <strong>&#8211; wejdzie w&nbsp;\u017cycie z&nbsp;dniem 2&nbsp;listopada 2016 r.<\/strong><\/p>\n<p class=\"Tekstpraswki\" style=\"text-align: justify;\"><strong>Rozporz\u0105dzenie <\/strong>Ministra Sprawiedliwo\u015bci z&nbsp;dnia 3 pa\u017adziernika 2016 r. w&nbsp;sprawie ponoszenia przez Skarb Pa\u0144stwa koszt&oacute;w nieop\u0142aconej pomocy prawnej udzielonej przez adwokata z&nbsp;urz\u0119du (Dz. U. z&nbsp;2016 r., poz. 1714) <strong>&#8211; wejdzie w&nbsp;\u017cycie z&nbsp;dniem 2&nbsp;listopada 2016 r.<\/strong><\/p>\n<p class=\"Tekstpraswki\" style=\"text-align: justify;\"><strong>Rozporz\u0105dzenie <\/strong>Ministra Sprawiedliwo\u015bci z&nbsp;dnia 3 pa\u017adziernika 2016 r. zmieniaj\u0105ce rozporz\u0105dzenie w&nbsp;sprawie zespo\u0142u do przygotowania zada\u0144 na egzamin notarialny (Dz.&nbsp;U.&nbsp;z 2016 r., poz. 1677) <strong>&#8211; wesz\u0142o w&nbsp;\u017cycie z&nbsp;dniem 21&nbsp;pa\u017adziernika&nbsp;2016 r.<\/strong><\/p>\n<p class=\"Omwienie\" style=\"text-align: justify;\">W rozporz\u0105dzeniu Ministra Sprawiedliwo\u015bci z&nbsp;dnia 2 grudnia 2013 r. w&nbsp;sprawie zespo\u0142u do przygotowania zada\u0144 na egzamin notarialny (Dz. U. z&nbsp;2016 r. poz. 41) zmianie uleg\u0142o brzmienie &sect; 2, &sect; 3 ust. 1, &sect; 4 ust. 1, dodany zosta\u0142 &sect; 2a.<\/p>\n<p class=\"Tekstpraswki\" style=\"text-align: justify;\"><strong>Rozporz\u0105dzenie <\/strong>Ministra Sprawiedliwo\u015bci z&nbsp;dnia 3 pa\u017adziernika 2016 r. zmieniaj\u0105ce rozporz\u0105dzenie w&nbsp;sprawie zespo\u0142u do przygotowania zada\u0144 na egzamin adwokacki (Dz.&nbsp;U.&nbsp;z 2016 r., poz. 1686) <strong>&#8211; wesz\u0142o w&nbsp;\u017cycie z&nbsp;dniem 21&nbsp;pa\u017adziernika&nbsp;2016 r.<\/strong><\/p>\n<p class=\"Omwienie\" style=\"text-align: justify;\">W rozporz\u0105dzeniu Ministra Sprawiedliwo\u015bci z&nbsp;dnia 10 grudnia 2013 r. w&nbsp;sprawie zespo\u0142u do przygotowania zada\u0144 na egzamin adwokacki (Dz. U. z&nbsp;2016 r. poz. 90) zmianie uleg\u0142o brzmienie &sect; 2, &sect; 3 ust. 1, &sect; 4 ust. 1, dodany zosta\u0142 &sect; 2a.<\/p>\n<p>&nbsp;<\/p>\n<p class=\"Dziedzinaprawa\" style=\"text-align: justify;\"><strong>BANKOWY FUNDUSZ GWARANCYJNY<\/strong><\/p>\n<p class=\"Tekstpraswki\" style=\"text-align: justify;\"><strong>Rozporz\u0105dzenie <\/strong>Ministra Rozwoju i&nbsp;Finans&oacute;w z&nbsp;dnia 6 pa\u017adziernika 2016 r. w&nbsp;sprawie zawieszania wyp\u0142aty \u015brodk&oacute;w gwarantowanych deponentom w&nbsp;przypadku, gdy \u015brodki zdeponowane na rachunku zosta\u0142y zablokowane na podstawie przepis&oacute;w o&nbsp;przeciwdzia\u0142aniu praniu pieni\u0119dzy oraz finansowaniu terroryzmu (Dz.&nbsp;U.&nbsp;z&nbsp;2016&nbsp;r.,&nbsp;poz.&nbsp;1694) <strong>&#8211; wesz\u0142o w&nbsp;\u017cycie z&nbsp;dniem 15&nbsp;pa\u017adziernika&nbsp;2016 r.<\/strong><\/p>\n<p class=\"Tekstpraswki\" style=\"text-align: justify;\"><strong>Rozporz\u0105dzenie <\/strong>Ministra Rozwoju i&nbsp;Finans&oacute;w z&nbsp;dnia 6 pa\u017adziernika 2016 r. w&nbsp;sprawie zatwierdzania metody wyznaczania sk\u0142adek na obowi\u0105zkowy system gwarantowania depozyt&oacute;w w&nbsp;sp&oacute;\u0142dzielczych kasach oszcz\u0119dno\u015bciowo-kredytowych oraz jej udost\u0119pniania (Dz. U. z&nbsp;2016 r., poz. 1689) <strong>&#8211; wesz\u0142o w&nbsp;\u017cycie z&nbsp;dniem 15&nbsp;pa\u017adziernika&nbsp;2016 r.<\/strong><\/p>\n<p class=\"Tekstpraswki\" style=\"text-align: justify;\"><strong>Rozporz\u0105dzenie <\/strong>Ministra Rozwoju i&nbsp;Finans&oacute;w z&nbsp;dnia 6 pa\u017adziernika 2016 r. w&nbsp;sprawie zatwierdzania metod wyznaczania sk\u0142adek na obowi\u0105zkowy system gwarantowania depozyt&oacute;w w&nbsp;bankach i&nbsp;oddzia\u0142ach bank&oacute;w zagranicznych oraz ich udost\u0119pniania (Dz.&nbsp;U.&nbsp;z 2016 r., poz. 1690) <strong>&#8211; wesz\u0142o w&nbsp;\u017cycie z&nbsp;dniem 15&nbsp;pa\u017adziernika&nbsp;2016 r.<\/strong><\/p>\n<p>&nbsp;<\/p>\n<p class=\"Dziedzinaprawa\" style=\"text-align: justify;\"><strong>POLICJA<\/strong><\/p>\n<p class=\"Tekstpraswki\" style=\"text-align: justify;\"><strong>Rozporz\u0105dzenie <\/strong>Ministra Spraw Wewn\u0119trznych i&nbsp;Administracji z&nbsp;dnia 7 pa\u017adziernika 2016 r. zmieniaj\u0105ce rozporz\u0105dzenie w&nbsp;sprawie warunk&oacute;w pokrywania koszt&oacute;w pogrzebu policjanta oraz okre\u015blenia cz\u0142onk&oacute;w jego rodziny, na kt&oacute;rych przys\u0142uguje zasi\u0142ek pogrzebowy (Dz. U. z&nbsp;2016 r., poz. 1717) <strong>&#8211; wejdzie w&nbsp;\u017cycie z&nbsp;dniem 2&nbsp;listopada&nbsp;2016 r.<\/strong><\/p>\n<p class=\"Omwienie\" style=\"text-align: justify;\">W rozporz\u0105dzeniu Ministra Spraw Wewn\u0119trznych i&nbsp;Administracji z&nbsp;dnia 1 marca 2002 r. w&nbsp;sprawie warunk&oacute;w pokrywania koszt&oacute;w pogrzebu policjanta oraz okre\u015blenia cz\u0142onk&oacute;w jego rodziny, na kt&oacute;rych przys\u0142uguje zasi\u0142ek pogrzebowy (Dz. U. poz. 234) zmianie ulegnie brzmienie &sect; 3 ust. 1.<\/p>\n<p>&nbsp;<\/p>\n<p class=\"Dziedzinaprawa\" style=\"text-align: justify;\"><strong>KRAJOWY REJESTR KARNY<\/strong><\/p>\n<p class=\"Tekstpraswki\" style=\"text-align: justify;\"><strong>Rozporz\u0105dzenie <\/strong>Ministra Sprawiedliwo\u015bci z&nbsp;dnia 10 pa\u017adziernika 2016 r. zmieniaj\u0105ce rozporz\u0105dzenie w&nbsp;sprawie wymog&oacute;w technicznych, jakie musi spe\u0142nia\u0107 aplikacja do przesy\u0142ania kart rejestracyjnych i&nbsp;zawiadomie\u0144 za po\u015brednictwem systemu teleinformatycznego oraz trybu przyznawania, zmieniania i&nbsp;wycofywania oraz sposobu weryfikacji podpisu elektronicznego do podpisywania kart rejestracyjnych i&nbsp;zawiadomie\u0144 za po\u015brednictwem systemu teleinformatycznego <strong>&#8211; wesz\u0142o w&nbsp;\u017cycie z&nbsp;dniem 14&nbsp;pa\u017adziernika&nbsp;2016 r.<\/strong><\/p>\n<p class=\"Omwienie\" style=\"text-align: justify;\">W rozporz\u0105dzeniu Ministra Sprawiedliwo\u015bci z&nbsp;dnia 8 sierpnia 2013 r. w&nbsp;sprawie wymog&oacute;w technicznych, jakie musi spe\u0142nia\u0107 aplikacja do przesy\u0142ania kart rejestracyjnych i&nbsp;zawiadomie\u0144 za po\u015brednictwem systemu teleinformatycznego oraz trybu przyznawania, zmieniania i&nbsp;wycofywania oraz sposobu weryfikacji podpisu elektronicznego do podpisywania kart rejestracyjnych i&nbsp;zawiadomie\u0144 za po\u015brednictwem systemu teleinformatycznego (Dz. U. poz. 955) zmianie uleg\u0142o brzmienie &sect; 2 ust. 3, &sect; 4, &sect; 5, w&nbsp;&sect;&nbsp;1 w&nbsp;ust. 2 uchyla si\u0119 pkt 1-3 i&nbsp;pkt 5-7.<\/p>\n<p>&nbsp;<\/p>\n<p class=\"Dziedzinaprawa\" style=\"text-align: justify;\"><strong>ZASTAW REJESTROWY<\/strong><\/p>\n<p class=\"Tekstpraswki\" style=\"text-align: justify;\"><strong>Rozporz\u0105dzenie <\/strong>Ministra Sprawiedliwo\u015bci z&nbsp;dnia 10 pa\u017adziernika 2016 r. zmieniaj\u0105ce rozporz\u0105dzenie w&nbsp;sprawie ustroju i&nbsp;organizacji centralnej informacji o&nbsp;zastawach rejestrowych oraz szczeg&oacute;\u0142owych zasad udzielania informacji, wydawania odpis&oacute;w i&nbsp;za\u015bwiadcze\u0144 (Dz. U. z&nbsp;2016 r., poz. 1682) <strong>&#8211; wesz\u0142o w&nbsp;\u017cycie z&nbsp;dniem 14&nbsp;pa\u017adziernika&nbsp;2016 r.<\/strong><\/p>\n<p class=\"Omwienie\" style=\"text-align: justify;\">W rozporz\u0105dzeniu Ministra Sprawiedliwo\u015bci z&nbsp;dnia 15 pa\u017adziernika 1997 r. w&nbsp;sprawie ustroju i&nbsp;organizacji centralnej informacji o&nbsp;zastawach rejestrowych oraz szczeg&oacute;\u0142owych zasad udzielania informacji, wydawania odpis&oacute;w i&nbsp;za\u015bwiadcze\u0144 (Dz. U. poz. 893, z&nbsp;2004&nbsp;r. poz. 2867 oraz z&nbsp;2008 r. poz. 1534) zmianie uleg\u0142o brzmienie &sect; 24 ust. 2.<\/p>\n<p>&nbsp;<\/p>\n<p class=\"Dziedzinaprawa\" style=\"text-align: justify;\"><strong>KRAJOWY REJESTR S\u0104DOWY<\/strong><\/p>\n<p class=\"Tekstpraswki\" style=\"text-align: justify;\"><strong>Rozporz\u0105dzenie <\/strong>Ministra Sprawiedliwo\u015bci z&nbsp;dnia 10 pa\u017adziernika 2016 r. zmieniaj\u0105ce rozporz\u0105dzenie w&nbsp;sprawie ustroju i&nbsp;organizacji Centralnej Informacji Krajowego Rejestru S\u0105dowego oraz trybu i&nbsp;sposobu udzielania informacji z&nbsp;Krajowego Rejestru S\u0105dowego i&nbsp;wydawania kopii dokument&oacute;w z&nbsp;katalogu, a&nbsp;tak\u017ce struktury udost\u0119pnianych informacji o&nbsp;podmiotach wpisanych do Rejestru oraz cech wydruk&oacute;w umo\u017cliwiaj\u0105cych ich weryfikacj\u0119 z&nbsp;danymi w&nbsp;Rejestrze (Dz. U. z&nbsp;2016 r., poz. 1685) <strong>&#8211; wesz\u0142o w&nbsp;\u017cycie z&nbsp;dniem 14 pa\u017adziernika&nbsp;2016 r.<\/strong><\/p>\n<p class=\"Omwienie\" style=\"text-align: justify;\">W rozporz\u0105dzeniu Ministra Sprawiedliwo\u015bci z&nbsp;dnia 27 grudnia 2011 r. w&nbsp;sprawie ustroju i&nbsp;organizacji Centralnej Informacji Krajowego Rejestru S\u0105dowego oraz trybu i&nbsp;sposobu udzielania informacji z&nbsp;Krajowego Rejestru S\u0105dowego i&nbsp;wydawania kopii dokument&oacute;w z&nbsp;katalogu, a&nbsp;tak\u017ce struktury udost\u0119pnianych informacji o&nbsp;podmiotach wpisanych do Rejestru oraz cech wydruk&oacute;w umo\u017cliwiaj\u0105cych ich weryfikacj\u0119 z&nbsp;danymi w&nbsp;Rejestrze (Dz.&nbsp;U. poz. 1760) zmianie uleg\u0142o brzmienie &sect; 17, &sect; 25 ust. 2.<\/p>\n<p class=\"Tekstpraswki\" style=\"text-align: justify;\"><strong>Rozporz\u0105dzenie <\/strong>Ministra Sprawiedliwo\u015bci z&nbsp;dnia 11 pa\u017adziernika 2016 r. zmieniaj\u0105ce rozporz\u0105dzenie w&nbsp;sprawie sposobu i&nbsp;trybu sk\u0142adania wniosk&oacute;w o&nbsp;wpis do Krajowego Rejestru S\u0105dowego dotycz\u0105cych sp&oacute;\u0142ek, kt&oacute;rych umow\u0119 zawarto przy wykorzystaniu wzorca umowy sp&oacute;\u0142ki udost\u0119pnionego w&nbsp;systemie teleinformatycznym (Dz.&nbsp;U.&nbsp;z&nbsp;2016&nbsp;r.,&nbsp;poz. 1680) <strong>&#8211; wesz\u0142o w&nbsp;\u017cycie z&nbsp;dniem 14 pa\u017adziernika&nbsp;2016 r.<\/strong><\/p>\n<p class=\"Omwienie\" style=\"text-align: justify;\">W rozporz\u0105dzeniu Ministra Sprawiedliwo\u015bci z&nbsp;dnia 13 stycznia 2015 r. w&nbsp;sprawie sposobu i&nbsp;trybu sk\u0142adania wniosk&oacute;w o&nbsp;wpis do Krajowego Rejestru S\u0105dowego dotycz\u0105cych sp&oacute;\u0142ek, kt&oacute;rych umow\u0119 zawarto przy wykorzystaniu wzorca umowy sp&oacute;\u0142ki udost\u0119pnionego w&nbsp;systemie teleinformatycznym (Dz. U. poz. 65) zmianie uleg\u0142o brzmienie &sect; 4, w&nbsp;&sect; 2 uchyla si\u0119 pkt 1, 4 i&nbsp;6, w&nbsp;&sect; 3 uchyla si\u0119 ust. 2.<\/p>\n<p>&nbsp;<\/p>\n<p class=\"Dziedzinaprawa\" style=\"text-align: justify;\"><strong>ZINTEGROWANY SYSTEM KWALIFIKACJI<\/strong><\/p>\n<p class=\"Tekstpraswki\" style=\"text-align: justify;\"><strong>Rozporz\u0105dzenie <\/strong>Ministra Edukacji Narodowej z&nbsp;dnia 10 pa\u017adziernika 2016 r. w&nbsp;sprawie regulaminu pracy komisji do oceny wniosk&oacute;w o&nbsp;wpis na list\u0119 podmiot&oacute;w uprawnionych do pe\u0142nienia funkcji zewn\u0119trznego zapewniania jako\u015bci, wzoru umowy z&nbsp;podmiotem, kt&oacute;remu powierzono funkcj\u0119 zewn\u0119trznego zapewniania jako\u015bci, oraz sposobu ustalania wysoko\u015bci wynagrodzenia z&nbsp;tytu\u0142u tej umowy (Dz. U. z&nbsp;2016 r., poz. 1687) <strong>&ndash; wesz\u0142o&nbsp;w&nbsp;\u017cycie z&nbsp;dniem 14 pa\u017adziernika&nbsp;2016 r.<\/strong><\/p>\n<p>&nbsp;<\/p>\n<p class=\"Dziedzinaprawa\" style=\"text-align: justify;\"><strong>SAMORZ\u0104D TERYTORIALNY<\/strong><\/p>\n<p class=\"Tekstpraswki\" style=\"text-align: justify;\"><strong>Rozporz\u0105dzenie <\/strong>Ministra Zdrowia z&nbsp;dnia 5 pa\u017adziernika 2016 r. zmieniaj\u0105ce rozporz\u0105dzenie w&nbsp;sprawie zakresu bada\u0144 niezb\u0119dnych do ustalenia w\u0142a\u015bciwo\u015bci leczniczych naturalnych surowc&oacute;w leczniczych i&nbsp;w\u0142a\u015bciwo\u015bci leczniczych klimatu, kryteri&oacute;w ich oceny oraz wzoru \u015bwiadectwa potwierdzaj\u0105cego te w\u0142a\u015bciwo\u015bci (Dz.&nbsp;U.&nbsp;z&nbsp;2016 r., poz. 1709) <strong>&#8211; wejdzie w&nbsp;\u017cycie z&nbsp;dniem 1 listopada&nbsp;2016 r.<\/strong><\/p>\n<p class=\"Omwienie\" style=\"text-align: justify;\">W rozporz\u0105dzeniu Ministra Zdrowia z&nbsp;dnia 13 kwietnia 2006 r. w&nbsp;sprawie zakresu bada\u0144 niezb\u0119dnych do ustalenia w\u0142a\u015bciwo\u015bci leczniczych naturalnych surowc&oacute;w leczniczych i&nbsp;w\u0142a\u015bciwo\u015bci leczniczych klimatu, kryteri&oacute;w ich oceny oraz wzoru \u015bwiadectwa potwierdzaj\u0105cego te w\u0142a\u015bciwo\u015bci (Dz. U. poz. 565) zmianie ulegnie brzmienie &sect; 1, za\u0142\u0105cznika nr 3 do rozporz\u0105dzenia, za\u0142\u0105cznika nr 4 do rozporz\u0105dzenia.<\/p>\n<p>&nbsp;<\/p>\n<p class=\"Dziedzinaprawa\" style=\"text-align: justify;\"><strong>SYSTEM O\u015aWIATY<\/strong><\/p>\n<p class=\"Tekstpraswki\" style=\"text-align: justify;\"><strong>Rozporz\u0105dzenie <\/strong>Ministra Edukacji Narodowej z&nbsp;dnia 5 pa\u017adziernika 2016 r. zmieniaj\u0105ce rozporz\u0105dzenie w&nbsp;sprawie warunk&oacute;w wynagradzania egzaminator&oacute;w za udzia\u0142 w&nbsp;przeprowadzaniu sprawdzianu i&nbsp;egzamin&oacute;w oraz nauczycieli akademickich za udzia\u0142 w&nbsp;przeprowadzaniu cz\u0119\u015bci ustnej egzaminu maturalnego (Dz. U. z&nbsp;2016 r., poz. 1691)<strong> &#8211; wejdzie w&nbsp;\u017cycie z&nbsp;dniem 29 pa\u017adziernika 2016 r.<\/strong><\/p>\n<p class=\"Omwienie\" style=\"text-align: justify;\">W rozporz\u0105dzeniu Ministra Edukacji Narodowej z&nbsp;dnia 22 marca 2012 r. w&nbsp;sprawie warunk&oacute;w wynagradzania egzaminator&oacute;w za udzia\u0142 w&nbsp;przeprowadzaniu sprawdzianu i&nbsp;egzamin&oacute;w oraz nauczycieli akademickich za udzia\u0142 w&nbsp;przeprowadzaniu cz\u0119\u015bci ustnej egzaminu maturalnego (Dz. U. z&nbsp;2015 r. poz. 1281) zmianie ulegnie brzmienie tytu\u0142 rozporz\u0105dzenia, gdzie skre\u015bla si\u0119 wyrazy &#8220;sprawdzianu i&#8221;, &sect; 3, za\u0142\u0105cznika nr 1 do rozporz\u0105dzenia, w&nbsp;&sect; 1 w&nbsp;ust. 1 w&nbsp;pkt 1 uchyla si\u0119 lit. a, w&nbsp;&sect; 4 w&nbsp;ust. 1 w&nbsp;pkt 1 skre\u015bla si\u0119 wyrazy &#8220;cz\u0119\u015b\u0107 pierwsz\u0105 sprawdzianu lub&#8221;.<\/p>\n<p class=\"Tekstpraswki\" style=\"text-align: justify;\"><strong>Rozporz\u0105dzenie <\/strong>Ministra Edukacji Narodowej z&nbsp;dnia 11 pa\u017adziernika 2016 r. w&nbsp;sprawie Kolegium Arbitra\u017cu Egzaminacyjnego (Dz. U. z&nbsp;2016 r., poz. 1710) <strong>&#8211; wejdzie w&nbsp;\u017cycie z&nbsp;dniem 1 stycznia 2017 r., z&nbsp;wyj\u0105tkiem &sect; 6, kt&oacute;ry wchodzi w&nbsp;\u017cycie z&nbsp;dniem nast\u0119puj\u0105cym po dniu og\u0142oszenia.<\/strong><\/p>\n<p>&nbsp;<\/p>\n<p class=\"Dziedzinaprawa\" style=\"text-align: justify;\"><strong>ADMINISTRACJA RZ\u0104DOWA<\/strong><\/p>\n<p class=\"Tekstpraswki\" style=\"text-align: justify;\"><strong>Rozporz\u0105dzenie <\/strong>Ministra Zdrowia z&nbsp;dnia 5 pa\u017adziernika 2016 r. w&nbsp;sprawie upowa\u017cnienia Krajowej Rady Diagnost&oacute;w Laboratoryjnych do wykonywania zada\u0144 w&nbsp;sprawach uznawania kwalifikacji w&nbsp;zawodzie diagnosty laboratoryjnego (Dz.&nbsp;U.&nbsp;z&nbsp;2016&nbsp;r.,&nbsp;poz.&nbsp;1683) <strong>&#8211; wejdzie w&nbsp;\u017cycie z&nbsp;dniem 28 pa\u017adziernika 2016 r.<\/strong><\/p>\n<p>&nbsp;<\/p>\n<p class=\"Dziedzinaprawa\" style=\"text-align: justify;\"><strong>DZIA\u0141ALNOS\u0106 UBEZPIECZENIOWA I&nbsp;REASEKURACYJNA<\/strong><\/p>\n<p class=\"Tekstpraswki\" style=\"text-align: justify;\"><strong>Rozporz\u0105dzenie <\/strong>Ministra Rozwoju i&nbsp;Finans&oacute;w z&nbsp;dnia 5 pa\u017adziernika 2016 r. w&nbsp;sprawie dokument&oacute;w zwi\u0105zanych z&nbsp;zawieraniem i&nbsp;wykonywaniem um&oacute;w ubezpieczenia sporz\u0105dzanych w&nbsp;postaci elektronicznej (Dz. U. z&nbsp;2016 r., poz. 1693) <strong>&#8211; wejdzie w&nbsp;\u017cycie z&nbsp;dniem 29 pa\u017adziernika 2016 r.<\/strong><\/p>\n<p>&nbsp;<\/p>\n<p class=\"Dziedzinaprawa\" style=\"text-align: justify;\"><strong>ZARZ\u0104DZENIA PREZESA NARODOWEGO FUNDUSZU ZDROWIA<\/strong><\/p>\n<p class=\"Tekstpraswki\" style=\"text-align: justify;\"><strong>Zarz\u0105dzenie<\/strong> nr 106\/2016\/DSM Prezesa Narodowego Funduszu Zdrowia z&nbsp;dnia 17&nbsp;pa\u017adziernika 2016 r. w&nbsp;sprawie zmiany zarz\u0105dzenia zmieniaj\u0105cego zarz\u0105dzenie w&nbsp;sprawie szczeg&oacute;\u0142owych warunk&oacute;w wyp\u0142aty nale\u017cno\u015bci i&nbsp;rozliczania kwoty zobowi\u0105zania wynikaj\u0105cych z&nbsp;realizacji postanowie\u0144 rozporz\u0105dzenia zmieniaj\u0105cego rozporz\u0105dzenie w&nbsp;sprawie og&oacute;lnych warunk&oacute;w um&oacute;w <strong>&ndash; wesz\u0142o&nbsp;w&nbsp;\u017cycie z&nbsp;dniem podpisania.<\/strong><\/p>\n<p class=\"Tekstpraswki\" style=\"text-align: justify;\"><strong>Zarz\u0105dzenie<\/strong> nr 107\/2016\/DGL Prezesa Narodowego Funduszu Zdrowia z&nbsp;dnia 17&nbsp;pa\u017adziernika 2016 r. zmieniaj\u0105ce zarz\u0105dzenie w&nbsp;sprawie powo\u0142ania Zespo\u0142u zadaniowego do spraw Refundacji Lek&oacute;w Recepturowych <strong>&ndash; wesz\u0142o&nbsp;w&nbsp;\u017cycie z&nbsp;dniem podpisania.<\/strong><\/p>\n<p class=\"Tekstpraswki\" style=\"text-align: justify;\"><strong>Zarz\u0105dzenie<\/strong> nr 108\/2016\/GPF Prezesa Narodowego Funduszu Zdrowia z&nbsp;dnia 20&nbsp;pa\u017adziernika 2016 r. zmieniaj\u0105ce zarz\u0105dzenie w&nbsp;sprawie regulaminu organizacyjnego Centrali Narodowego Funduszu Zdrowia <strong>&ndash; wesz\u0142o&nbsp;w&nbsp;\u017cycie z&nbsp;dniem podpisania.<\/strong><\/p>\n<p>&nbsp;<\/p>\n<p class=\"NowePrawo\" style=\"text-align: justify;\"><strong>_____Orzecznictwo<\/strong><\/p>\n<p class=\"SdNajwyszy\" style=\"text-align: justify;\"><strong>Trybuna\u0142 Konstytucyjny<\/strong><\/p>\n<p class=\"Dziedzinaprawa\" style=\"text-align: justify;\"><strong>GOSPODAROWANIE NIERUCHOMO\u015aCIAMI ROLNYMI SKARBU PA\u0143STWA<\/strong><\/p>\n<p style=\"text-align: justify;\"><span style=\"font-size: 12pt; line-height: 150%; font-family: 'Times New Roman',serif;\">Trybuna\u0142 Konstytucyjny stwierdzi\u0142, i\u017c r&oacute;\u017cnicowanie ochrony praw maj\u0105tkowych bezumownych u\u017cytkownik&oacute;w nieruchomo\u015bci rolnych b\u0119d\u0105cych w&nbsp;z\u0142ej wierze jest przydatne dla za\u0142o\u017conego celu, jakim jest ograniczenie skali tzw. dzikich dzier\u017caw na gruntach nale\u017c\u0105cych do Skarbu Pa\u0144stwa oraz wyr&oacute;wnania strat poniesionych przez Skarb Pa\u0144stwa wskutek takiego procederu. Sam cel jest w&nbsp;pe\u0142ni konstytucyjnie legitymowany &ndash; <strong>Wyrok Trybuna\u0142u Konstytucyjnego z&nbsp;dnia 18 pa\u017adziernika 2016 r., sygn.&nbsp;akt&nbsp;P&nbsp;123\/15.<\/strong><\/span><\/p>\n<p><span style=\"font-family: times new roman,times;\"><\/span><\/p>\n","protected":false},"excerpt":{"rendered":"<p>We would like to present the next issue of legal bulletin of the Law Office of Adam Polowiec.What you will find here is some information about the new provisions of law and the projects of amendments to acts, but also case-laws including the case laws of Supreme Court, Constitutional Tribunal and European Court of Justice.<\/p>\n","protected":false},"author":3,"featured_media":0,"comment_status":"closed","ping_status":"open","sticky":false,"template":"","format":"standard","meta":{"footnotes":""},"categories":[2],"tags":[],"class_list":["post-711","post","type-post","status-publish","format-standard","hentry","category-wpisy"],"featured_image_src":{"landsacpe":false,"list":false,"medium":false,"full":false},"yoast_head":"<!-- This site is optimized with the Yoast SEO plugin v27.2 - https:\/\/yoast.com\/product\/yoast-seo-wordpress\/ -->\n<title>Legal Bulletin Of The Law Office Of Adam Polowiec (17 - 23 October 2016) - Polowiec i Wsp\u00f3lnicy - Kancelaria prawna<\/title>\n<meta name=\"robots\" content=\"index, follow, max-snippet:-1, max-image-preview:large, max-video-preview:-1\" \/>\n<link rel=\"canonical\" href=\"https:\/\/polowiec.pl\/en\/legal-bulletin-of-the-law-office-of-adam-polowiec-17-23-october-2016\/\" \/>\n<meta property=\"og:locale\" content=\"en_US\" \/>\n<meta property=\"og:type\" content=\"article\" \/>\n<meta property=\"og:title\" content=\"Legal Bulletin Of The Law Office Of Adam Polowiec (17 - 23 October 2016) - Polowiec i Wsp\u00f3lnicy - Kancelaria prawna\" \/>\n<meta property=\"og:description\" content=\"We would like to present the next issue of legal bulletin of the Law Office of Adam Polowiec.What you will find here is some information about the new provisions of law and the projects of amendments to acts, but also case-laws including the case laws of Supreme Court, Constitutional Tribunal and European Court of Justice.\" \/>\n<meta property=\"og:url\" content=\"https:\/\/polowiec.pl\/en\/legal-bulletin-of-the-law-office-of-adam-polowiec-17-23-october-2016\/\" \/>\n<meta property=\"og:site_name\" content=\"Polowiec i Wsp\u00f3lnicy - Kancelaria prawna\" \/>\n<meta property=\"article:publisher\" content=\"https:\/\/www.facebook.com\/polowieciwspolnicy\/\" \/>\n<meta property=\"article:published_time\" content=\"2016-10-24T19:56:25+00:00\" \/>\n<meta property=\"article:modified_time\" content=\"2019-04-18T14:59:36+00:00\" \/>\n<meta name=\"author\" content=\"Marcin Rusinek\" \/>\n<meta name=\"twitter:card\" content=\"summary_large_image\" \/>\n<meta name=\"twitter:label1\" content=\"Written by\" \/>\n\t<meta name=\"twitter:data1\" content=\"Marcin Rusinek\" \/>\n\t<meta name=\"twitter:label2\" content=\"Est. reading time\" \/>\n\t<meta name=\"twitter:data2\" content=\"15 minutes\" \/>\n<script type=\"application\/ld+json\" class=\"yoast-schema-graph\">{\"@context\":\"https:\/\/schema.org\",\"@graph\":[{\"@type\":\"Article\",\"@id\":\"https:\/\/polowiec.pl\/en\/legal-bulletin-of-the-law-office-of-adam-polowiec-17-23-october-2016\/#article\",\"isPartOf\":{\"@id\":\"https:\/\/polowiec.pl\/en\/legal-bulletin-of-the-law-office-of-adam-polowiec-17-23-october-2016\/\"},\"author\":{\"name\":\"Marcin Rusinek\",\"@id\":\"https:\/\/polowiec.pl\/en\/#\/schema\/person\/74c7526b6f52be5ae94031504f9ffec4\"},\"headline\":\"Legal Bulletin Of The Law Office Of Adam Polowiec (17 &#8211; 23 October 2016)\",\"datePublished\":\"2016-10-24T19:56:25+00:00\",\"dateModified\":\"2019-04-18T14:59:36+00:00\",\"mainEntityOfPage\":{\"@id\":\"https:\/\/polowiec.pl\/en\/legal-bulletin-of-the-law-office-of-adam-polowiec-17-23-october-2016\/\"},\"wordCount\":3026,\"publisher\":{\"@id\":\"https:\/\/polowiec.pl\/en\/#organization\"},\"articleSection\":[\"Wpisy\"],\"inLanguage\":\"en-US\"},{\"@type\":\"WebPage\",\"@id\":\"https:\/\/polowiec.pl\/en\/legal-bulletin-of-the-law-office-of-adam-polowiec-17-23-october-2016\/\",\"url\":\"https:\/\/polowiec.pl\/en\/legal-bulletin-of-the-law-office-of-adam-polowiec-17-23-october-2016\/\",\"name\":\"Legal Bulletin Of The Law Office Of Adam Polowiec (17 - 23 October 2016) - Polowiec i Wsp\u00f3lnicy - Kancelaria prawna\",\"isPartOf\":{\"@id\":\"https:\/\/polowiec.pl\/en\/#website\"},\"datePublished\":\"2016-10-24T19:56:25+00:00\",\"dateModified\":\"2019-04-18T14:59:36+00:00\",\"breadcrumb\":{\"@id\":\"https:\/\/polowiec.pl\/en\/legal-bulletin-of-the-law-office-of-adam-polowiec-17-23-october-2016\/#breadcrumb\"},\"inLanguage\":\"en-US\",\"potentialAction\":[{\"@type\":\"ReadAction\",\"target\":[\"https:\/\/polowiec.pl\/en\/legal-bulletin-of-the-law-office-of-adam-polowiec-17-23-october-2016\/\"]}]},{\"@type\":\"BreadcrumbList\",\"@id\":\"https:\/\/polowiec.pl\/en\/legal-bulletin-of-the-law-office-of-adam-polowiec-17-23-october-2016\/#breadcrumb\",\"itemListElement\":[{\"@type\":\"ListItem\",\"position\":1,\"name\":\"Strona g\u0142\u00f3wna\",\"item\":\"https:\/\/polowiec.pl\/en\/\"},{\"@type\":\"ListItem\",\"position\":2,\"name\":\"Legal Bulletin Of The Law Office Of Adam Polowiec (17 &#8211; 23 October 2016)\"}]},{\"@type\":\"WebSite\",\"@id\":\"https:\/\/polowiec.pl\/en\/#website\",\"url\":\"https:\/\/polowiec.pl\/en\/\",\"name\":\"Polowiec i Wsp\u00f3lnicy - Kancelaria prawna\",\"description\":\"Obs\u0142uga prawna\",\"publisher\":{\"@id\":\"https:\/\/polowiec.pl\/en\/#organization\"},\"potentialAction\":[{\"@type\":\"SearchAction\",\"target\":{\"@type\":\"EntryPoint\",\"urlTemplate\":\"https:\/\/polowiec.pl\/en\/?s={search_term_string}\"},\"query-input\":{\"@type\":\"PropertyValueSpecification\",\"valueRequired\":true,\"valueName\":\"search_term_string\"}}],\"inLanguage\":\"en-US\"},{\"@type\":\"Organization\",\"@id\":\"https:\/\/polowiec.pl\/en\/#organization\",\"name\":\"Polowiec i Wsp\u00f3lnicy - Kancelaria prawna\",\"url\":\"https:\/\/polowiec.pl\/en\/\",\"logo\":{\"@type\":\"ImageObject\",\"inLanguage\":\"en-US\",\"@id\":\"https:\/\/polowiec.pl\/en\/#\/schema\/logo\/image\/\",\"url\":\"https:\/\/polowiec.pl\/wp-content\/uploads\/2018\/10\/polowiec_logo2-1.png\",\"contentUrl\":\"https:\/\/polowiec.pl\/wp-content\/uploads\/2018\/10\/polowiec_logo2-1.png\",\"width\":540,\"height\":381,\"caption\":\"Polowiec i Wsp\u00f3lnicy - Kancelaria prawna\"},\"image\":{\"@id\":\"https:\/\/polowiec.pl\/en\/#\/schema\/logo\/image\/\"},\"sameAs\":[\"https:\/\/www.facebook.com\/polowieciwspolnicy\/\",\"https:\/\/www.linkedin.com\/company\/polowiec-i-wsplnicy-sp.j.\/about\/\"]},{\"@type\":\"Person\",\"@id\":\"https:\/\/polowiec.pl\/en\/#\/schema\/person\/74c7526b6f52be5ae94031504f9ffec4\",\"name\":\"Marcin Rusinek\",\"image\":{\"@type\":\"ImageObject\",\"inLanguage\":\"en-US\",\"@id\":\"https:\/\/secure.gravatar.com\/avatar\/b50a0a5c3e71d904f5e57a757d39977d01c43e075c6bf5b4df909ffbbe004790?s=96&d=mm&r=g\",\"url\":\"https:\/\/secure.gravatar.com\/avatar\/b50a0a5c3e71d904f5e57a757d39977d01c43e075c6bf5b4df909ffbbe004790?s=96&d=mm&r=g\",\"contentUrl\":\"https:\/\/secure.gravatar.com\/avatar\/b50a0a5c3e71d904f5e57a757d39977d01c43e075c6bf5b4df909ffbbe004790?s=96&d=mm&r=g\",\"caption\":\"Marcin Rusinek\"}}]}<\/script>\n<!-- \/ Yoast SEO plugin. -->","yoast_head_json":{"title":"Legal Bulletin Of The Law Office Of Adam Polowiec (17 - 23 October 2016) - Polowiec i Wsp\u00f3lnicy - Kancelaria prawna","robots":{"index":"index","follow":"follow","max-snippet":"max-snippet:-1","max-image-preview":"max-image-preview:large","max-video-preview":"max-video-preview:-1"},"canonical":"https:\/\/polowiec.pl\/en\/legal-bulletin-of-the-law-office-of-adam-polowiec-17-23-october-2016\/","og_locale":"en_US","og_type":"article","og_title":"Legal Bulletin Of The Law Office Of Adam Polowiec (17 - 23 October 2016) - Polowiec i Wsp\u00f3lnicy - Kancelaria prawna","og_description":"We would like to present the next issue of legal bulletin of the Law Office of Adam Polowiec.What you will find here is some information about the new provisions of law and the projects of amendments to acts, but also case-laws including the case laws of Supreme Court, Constitutional Tribunal and European Court of Justice.","og_url":"https:\/\/polowiec.pl\/en\/legal-bulletin-of-the-law-office-of-adam-polowiec-17-23-october-2016\/","og_site_name":"Polowiec i Wsp\u00f3lnicy - Kancelaria prawna","article_publisher":"https:\/\/www.facebook.com\/polowieciwspolnicy\/","article_published_time":"2016-10-24T19:56:25+00:00","article_modified_time":"2019-04-18T14:59:36+00:00","author":"Marcin Rusinek","twitter_card":"summary_large_image","twitter_misc":{"Written by":"Marcin Rusinek","Est. reading time":"15 minutes"},"schema":{"@context":"https:\/\/schema.org","@graph":[{"@type":"Article","@id":"https:\/\/polowiec.pl\/en\/legal-bulletin-of-the-law-office-of-adam-polowiec-17-23-october-2016\/#article","isPartOf":{"@id":"https:\/\/polowiec.pl\/en\/legal-bulletin-of-the-law-office-of-adam-polowiec-17-23-october-2016\/"},"author":{"name":"Marcin Rusinek","@id":"https:\/\/polowiec.pl\/en\/#\/schema\/person\/74c7526b6f52be5ae94031504f9ffec4"},"headline":"Legal Bulletin Of The Law Office Of Adam Polowiec (17 &#8211; 23 October 2016)","datePublished":"2016-10-24T19:56:25+00:00","dateModified":"2019-04-18T14:59:36+00:00","mainEntityOfPage":{"@id":"https:\/\/polowiec.pl\/en\/legal-bulletin-of-the-law-office-of-adam-polowiec-17-23-october-2016\/"},"wordCount":3026,"publisher":{"@id":"https:\/\/polowiec.pl\/en\/#organization"},"articleSection":["Wpisy"],"inLanguage":"en-US"},{"@type":"WebPage","@id":"https:\/\/polowiec.pl\/en\/legal-bulletin-of-the-law-office-of-adam-polowiec-17-23-october-2016\/","url":"https:\/\/polowiec.pl\/en\/legal-bulletin-of-the-law-office-of-adam-polowiec-17-23-october-2016\/","name":"Legal Bulletin Of The Law Office Of Adam Polowiec (17 - 23 October 2016) - Polowiec i Wsp\u00f3lnicy - Kancelaria prawna","isPartOf":{"@id":"https:\/\/polowiec.pl\/en\/#website"},"datePublished":"2016-10-24T19:56:25+00:00","dateModified":"2019-04-18T14:59:36+00:00","breadcrumb":{"@id":"https:\/\/polowiec.pl\/en\/legal-bulletin-of-the-law-office-of-adam-polowiec-17-23-october-2016\/#breadcrumb"},"inLanguage":"en-US","potentialAction":[{"@type":"ReadAction","target":["https:\/\/polowiec.pl\/en\/legal-bulletin-of-the-law-office-of-adam-polowiec-17-23-october-2016\/"]}]},{"@type":"BreadcrumbList","@id":"https:\/\/polowiec.pl\/en\/legal-bulletin-of-the-law-office-of-adam-polowiec-17-23-october-2016\/#breadcrumb","itemListElement":[{"@type":"ListItem","position":1,"name":"Strona g\u0142\u00f3wna","item":"https:\/\/polowiec.pl\/en\/"},{"@type":"ListItem","position":2,"name":"Legal Bulletin Of The Law Office Of Adam Polowiec (17 &#8211; 23 October 2016)"}]},{"@type":"WebSite","@id":"https:\/\/polowiec.pl\/en\/#website","url":"https:\/\/polowiec.pl\/en\/","name":"Polowiec i Wsp\u00f3lnicy - Kancelaria prawna","description":"Obs\u0142uga prawna","publisher":{"@id":"https:\/\/polowiec.pl\/en\/#organization"},"potentialAction":[{"@type":"SearchAction","target":{"@type":"EntryPoint","urlTemplate":"https:\/\/polowiec.pl\/en\/?s={search_term_string}"},"query-input":{"@type":"PropertyValueSpecification","valueRequired":true,"valueName":"search_term_string"}}],"inLanguage":"en-US"},{"@type":"Organization","@id":"https:\/\/polowiec.pl\/en\/#organization","name":"Polowiec i Wsp\u00f3lnicy - Kancelaria prawna","url":"https:\/\/polowiec.pl\/en\/","logo":{"@type":"ImageObject","inLanguage":"en-US","@id":"https:\/\/polowiec.pl\/en\/#\/schema\/logo\/image\/","url":"https:\/\/polowiec.pl\/wp-content\/uploads\/2018\/10\/polowiec_logo2-1.png","contentUrl":"https:\/\/polowiec.pl\/wp-content\/uploads\/2018\/10\/polowiec_logo2-1.png","width":540,"height":381,"caption":"Polowiec i Wsp\u00f3lnicy - Kancelaria prawna"},"image":{"@id":"https:\/\/polowiec.pl\/en\/#\/schema\/logo\/image\/"},"sameAs":["https:\/\/www.facebook.com\/polowieciwspolnicy\/","https:\/\/www.linkedin.com\/company\/polowiec-i-wsplnicy-sp.j.\/about\/"]},{"@type":"Person","@id":"https:\/\/polowiec.pl\/en\/#\/schema\/person\/74c7526b6f52be5ae94031504f9ffec4","name":"Marcin Rusinek","image":{"@type":"ImageObject","inLanguage":"en-US","@id":"https:\/\/secure.gravatar.com\/avatar\/b50a0a5c3e71d904f5e57a757d39977d01c43e075c6bf5b4df909ffbbe004790?s=96&d=mm&r=g","url":"https:\/\/secure.gravatar.com\/avatar\/b50a0a5c3e71d904f5e57a757d39977d01c43e075c6bf5b4df909ffbbe004790?s=96&d=mm&r=g","contentUrl":"https:\/\/secure.gravatar.com\/avatar\/b50a0a5c3e71d904f5e57a757d39977d01c43e075c6bf5b4df909ffbbe004790?s=96&d=mm&r=g","caption":"Marcin Rusinek"}}]}},"_links":{"self":[{"href":"https:\/\/polowiec.pl\/en\/wp-json\/wp\/v2\/posts\/711","targetHints":{"allow":["GET"]}}],"collection":[{"href":"https:\/\/polowiec.pl\/en\/wp-json\/wp\/v2\/posts"}],"about":[{"href":"https:\/\/polowiec.pl\/en\/wp-json\/wp\/v2\/types\/post"}],"author":[{"embeddable":true,"href":"https:\/\/polowiec.pl\/en\/wp-json\/wp\/v2\/users\/3"}],"replies":[{"embeddable":true,"href":"https:\/\/polowiec.pl\/en\/wp-json\/wp\/v2\/comments?post=711"}],"version-history":[{"count":0,"href":"https:\/\/polowiec.pl\/en\/wp-json\/wp\/v2\/posts\/711\/revisions"}],"wp:attachment":[{"href":"https:\/\/polowiec.pl\/en\/wp-json\/wp\/v2\/media?parent=711"}],"wp:term":[{"taxonomy":"category","embeddable":true,"href":"https:\/\/polowiec.pl\/en\/wp-json\/wp\/v2\/categories?post=711"},{"taxonomy":"post_tag","embeddable":true,"href":"https:\/\/polowiec.pl\/en\/wp-json\/wp\/v2\/tags?post=711"}],"curies":[{"name":"wp","href":"https:\/\/api.w.org\/{rel}","templated":true}]}}