{"id":718,"date":"2017-01-03T15:11:00","date_gmt":"2017-01-03T14:11:00","guid":{"rendered":"https:\/\/nowa.polowiec.pl\/legal-bulletin-of-the-law-office-of-adam-polowiec-24-30-october-2016\/"},"modified":"2019-04-18T16:58:39","modified_gmt":"2019-04-18T14:58:39","slug":"legal-bulletin-of-the-law-office-of-adam-polowiec-24-30-october-2016","status":"publish","type":"post","link":"https:\/\/polowiec.pl\/en\/legal-bulletin-of-the-law-office-of-adam-polowiec-24-30-october-2016\/","title":{"rendered":"Legal Bulletin Of The Law Office Of Adam Polowiec (24 &#8211; 30 October 2016)"},"content":{"rendered":"<p>We would like to present the next issue of legal bulletin of the Law Office of Adam Polowiec.<br \/>What you will find here is some information about the new provisions of law and the projects of amendments to acts, but also case-laws including the case laws of Supreme Court, Constitutional Tribunal and European Court of Justice.<\/p>\n<p>  <!--more-->  <\/p>\n<p class=\"NowePrawo\" style=\"text-align: justify;\"><strong>_____Nowe Prawo<\/strong><\/p>\n<p class=\"Dziedzinaprawa\" style=\"text-align: justify;\"><strong>KODEKS POST\u0118POWANIA CYWILNEGO<\/strong><\/p>\n<p class=\"Tekstpraswki\" style=\"text-align: justify;\"><b>Rozporz\u0105dzenie<\/b> Ministra Sprawiedliwo\u015bci z&nbsp;dnia 6 pa\u017adziernika 2016 r. w&nbsp;sprawie czynno\u015bci s\u0105du zwi\u0105zanych z&nbsp;nadawaniem klauzuli wykonalno\u015bci elektronicznym tytu\u0142om egzekucyjnym oraz sposobu przechowywania i&nbsp;pos\u0142ugiwania si\u0119 elektronicznymi tytu\u0142ami wykonawczymi (Dz. U. z&nbsp;2016 r., poz. 1739) <b>&#8211; wejdzie w&nbsp;\u017cycie z&nbsp;dniem 10&nbsp;listopada&nbsp;2016 r.<\/b><\/p>\n<p>&nbsp;<\/p>\n<p class=\"Dziedzinaprawa\" style=\"text-align: justify;\"><strong>PRAWO O&nbsp;PROKURATURZE<\/strong><\/p>\n<p class=\"Tekstpraswki\" style=\"text-align: justify;\"><b>Rozporz\u0105dzenie<\/b> Ministra Sprawiedliwo\u015bci z&nbsp;dnia 10 pa\u017adziernika 2016 r. w&nbsp;sprawie sposobu realizacji zada\u0144 zwi\u0105zanych ze wsp&oacute;\u0142prac\u0105 prokuratury z&nbsp;organizacjami mi\u0119dzynarodowymi lub ponadnarodowymi dzia\u0142aj\u0105cymi na podstawie um&oacute;w mi\u0119dzynarodowych (Dz. U. z&nbsp;2016 r., poz. 1732) &#8211; <b>wejdzie w&nbsp;\u017cycie z&nbsp;dniem 5&nbsp;listopada 2016 r.<\/b><\/p>\n<p>&nbsp;<\/p>\n<p class=\"Dziedzinaprawa\" style=\"text-align: justify;\"><strong>KODEKS KARNY WYKONAWCZY<\/strong><\/p>\n<p class=\"Tekstpraswki\" style=\"text-align: justify;\"><b>Rozporz\u0105dzenie<\/b> Ministra Sprawiedliwo\u015bci z&nbsp;dnia 11 pa\u017adziernika 2016 r. zmieniaj\u0105ce rozporz\u0105dzenie w&nbsp;sprawie udzielania \u015bwiadcze\u0144 zdrowotnych przez podmioty lecznicze dla os&oacute;b pozbawionych wolno\u015bci (Dz. U. z&nbsp;2016 r., poz. 1748) &#8211; <b>wejdzie w&nbsp;\u017cycie z&nbsp;dniem 8&nbsp;listopada 2016 r.<\/b><\/p>\n<p class=\"Omwienie\" style=\"text-align: justify;\">W rozporz\u0105dzeniu Ministra Sprawiedliwo\u015bci z&nbsp;dnia 14 czerwca 2012 r. w&nbsp;sprawie udzielania \u015bwiadcze\u0144 zdrowotnych przez podmioty lecznicze dla os&oacute;b pozbawionych wolno\u015bci (Dz. U. poz. 738) zmianie ulegnie brzmienie &sect; 4, &sect; 5 ust. 2, &sect; 6 ust. 2, &sect; 9, w&nbsp;&sect;&nbsp;8 dodaje si\u0119 ust. 3a i&nbsp;3b.<\/p>\n<p>&nbsp;<\/p>\n<p class=\"Dziedzinaprawa\" style=\"text-align: justify;\"><strong>PALIWA I&nbsp;ENERGIA<\/strong><\/p>\n<p class=\"Tekstpraswki\" style=\"text-align: justify;\"><b>Rozporz\u0105dzenie <\/b>Ministra Energii z&nbsp;dnia 14 pa\u017adziernika 2016 r. w&nbsp;sprawie metod badania jako\u015bci spr\u0119\u017conego gazu ziemnego (CNG) (Dz. U. z&nbsp;2016 r., poz. 1763)<b> &#8211; wejdzie w&nbsp;\u017cycie z&nbsp;dniem 10 listopada 2016 r.<\/b><\/p>\n<p class=\"Tekstpraswki\" style=\"text-align: justify;\"><b>Rozporz\u0105dzenie <\/b>Ministra Energii z&nbsp;dnia 17 pa\u017adziernika 2016 r. w&nbsp;sprawie zmiany wielko\u015bci udzia\u0142u ilo\u015bciowego sumy energii elektrycznej wynikaj\u0105cej z&nbsp;umorzonych \u015bwiadectw pochodzenia potwierdzaj\u0105cych wytworzenie energii elektrycznej z&nbsp;odnawialnych \u017ar&oacute;de\u0142 energii w&nbsp;2017 r. (Dz. U. z&nbsp;2016 r., poz. 1753)<b> &#8211; wejdzie w&nbsp;\u017cycie z&nbsp;dniem 30 listopada 2016 r.<\/b><\/p>\n<p>&nbsp;<\/p>\n<p class=\"Dziedzinaprawa\" style=\"text-align: justify;\"><strong>PRAWO PODATKOWE I&nbsp;FINANSE PUBLICZNE<\/strong><\/p>\n<p class=\"Tekstpraswki\" style=\"text-align: justify;\"><b>Rozporz\u0105dzenie <\/b>Ministra Rozwoju i&nbsp;Finans&oacute;w z&nbsp;dnia 19 pa\u017adziernika 2016 r. zmieniaj\u0105ce rozporz\u0105dzenie w&nbsp;sprawie oznaczania wyrob&oacute;w akcyzowych znakami akcyzy (Dz. U. z&nbsp;2016 r., poz. 1747)<b> &#8211; wejdzie w&nbsp;\u017cycie z&nbsp;dniem 8 listopada 2016 r.<\/b><\/p>\n<p class=\"Omwienie\" style=\"text-align: justify;\">W rozporz\u0105dzeniu Ministra Finans&oacute;w z&nbsp;dnia 23 grudnia 2015 r. w&nbsp;sprawie oznaczania wyrob&oacute;w akcyzowych znakami akcyzy (Dz. U. poz. 2283) zmianie ulegnie brzmienie za\u0142\u0105cznika nr 4.<\/p>\n<p class=\"Tekstpraswki\" style=\"text-align: justify;\"><b>Ustawa <\/b>z dnia 20 pa\u017adziernika 2016 r. o&nbsp;zmianie ustawy bud\u017cetowej na rok 2016 (Dz.&nbsp;U. z&nbsp;2016 r., poz. 1759)<b> &#8211; wesz\u0142a w&nbsp;\u017cycie z&nbsp;dniem 26 pa\u017adziernika 2016 r.<\/b><\/p>\n<p class=\"Omwienie\" style=\"text-align: justify;\">W ustawie bud\u017cetowej na rok 2016 z&nbsp;dnia 25 lutego 2016 r. (Dz. U. poz. 278) zmianie uleg\u0142o brzmienie art. 2, art. 3, za\u0142\u0105cznika nr 3, 5 oraz 15.<\/p>\n<p>&nbsp;<\/p>\n<p class=\"Dziedzinaprawa\" style=\"text-align: justify;\"><strong>BEZPIECZE\u0143STWO \u017bYWNO\u015aCI I&nbsp;\u017bYWIENIA<\/strong><\/p>\n<p class=\"Tekstpraswki\" style=\"text-align: justify;\"><b>Ustawa <\/b>z dnia 14 wrze\u015bnia 2016 r. o&nbsp;zmianie ustawy o&nbsp;bezpiecze\u0144stwie \u017cywno\u015bci i&nbsp;\u017cywienia (Dz. U. z&nbsp;2016 r., poz. 1760) <b>&#8211; wejdzie w&nbsp;\u017cycie z&nbsp;dniem 10&nbsp;listopada&nbsp;2016&nbsp;r.<\/b><\/p>\n<p class=\"Omwienie\" style=\"text-align: justify;\">W ustawie z&nbsp;dnia 25 sierpnia 2006 r. o&nbsp;bezpiecze\u0144stwie \u017cywno\u015bci i&nbsp;\u017cywienia (Dz.&nbsp;U.&nbsp;z&nbsp;2015 r. poz. 594 i&nbsp;1893 oraz z&nbsp;2016 r. poz. 65, 1228 i&nbsp;1579) zmianie ulegnie brzmienie odno\u015bnika nr 1, art. 70.<\/p>\n<p>&nbsp;<\/p>\n<p class=\"Dziedzinaprawa\" style=\"text-align: justify;\"><strong>OCHRONA ZDROWIA<\/strong><\/p>\n<p class=\"Tekstpraswki\" style=\"text-align: justify;\"><b>Rozporz\u0105dzenie<\/b> Ministra Zdrowia z&nbsp;dnia 30 wrze\u015bnia 2016 r. w&nbsp;sprawie kszta\u0142cenia podyplomowego piel\u0119gniarek i&nbsp;po\u0142o\u017cnych (Dz. U. z&nbsp;2016 r., poz. 1761) &#8211; <b>wejdzie w&nbsp;\u017cycie z&nbsp;dniem 10 listopada&nbsp;2016 r.<\/b><\/p>\n<p>&nbsp;<\/p>\n<p class=\"Dziedzinaprawa\" style=\"text-align: justify;\"><strong>ODPADY<\/strong><\/p>\n<p class=\"Tekstpraswki\" style=\"text-align: justify;\"><b>Rozporz\u0105dzenie<\/b> Ministra \u015arodowiska z&nbsp;dnia 7 pa\u017adziernika 2016 r. w&nbsp;sprawie szczeg&oacute;\u0142owych wymaga\u0144 dla transportu odpad&oacute;w (Dz. U. z&nbsp;2016 r., poz. 1742) &#8211; <b>wejdzie w&nbsp;\u017cycie z&nbsp;dniem 24 stycznia 2018 r.<\/b><\/p>\n<p>&nbsp;<\/p>\n<p class=\"Dziedzinaprawa\" style=\"text-align: justify;\"><strong>S\u0141U\u017bBA CELNA<\/strong><\/p>\n<p class=\"Tekstpraswki\" style=\"text-align: justify;\"><b>Rozporz\u0105dzenie<\/b> Ministra Rozwoju i&nbsp;Finans&oacute;w z&nbsp;dnia 10 pa\u017adziernika 2016 r. zmieniaj\u0105ce rozporz\u0105dzenie w&nbsp;sprawie rodzaj&oacute;w dokument&oacute;w maj\u0105cych znaczenie dla kontroli wykonywanych przez S\u0142u\u017cb\u0119 Celn\u0105, a&nbsp;tak\u017ce os&oacute;b obowi\u0105zanych do ich przechowywania (Dz. U. z&nbsp;2016 r., poz. 1737) &#8211; <b>wejdzie w&nbsp;\u017cycie z&nbsp;dniem 5&nbsp;listopada&nbsp;2016 r.<\/b><\/p>\n<p class=\"Omwienie\" style=\"text-align: justify;\">W rozporz\u0105dzeniu Ministra Finans&oacute;w z&nbsp;dnia 29 pa\u017adziernika 2009 r. w&nbsp;sprawie rodzaj&oacute;w dokument&oacute;w maj\u0105cych znaczenie dla kontroli wykonywanych przez S\u0142u\u017cb\u0119 Celn\u0105, a&nbsp;tak\u017ce os&oacute;b obowi\u0105zanych do ich przechowywania (Dz. U. poz. 1424 oraz z&nbsp;2016 r. poz. 731) zmianie ulegnie brzmienie &sect; 2 pkt 31.<\/p>\n<p>&nbsp;<\/p>\n<p class=\"Dziedzinaprawa\" style=\"text-align: justify;\"><strong>PRAWO LOTNICZE<\/strong><\/p>\n<p class=\"Tekstpraswki\" style=\"text-align: justify;\"><b>Rozporz\u0105dzenie<\/b> Ministra Infrastruktury i&nbsp;Budownictwa z&nbsp;dnia 11 pa\u017adziernika 2016 r. zmieniaj\u0105ce rozporz\u0105dzenie w&nbsp;sprawie wymaga\u0144 w&nbsp;zakresie sprawno\u015bci psychicznej i&nbsp;fizycznej os&oacute;b ubiegaj\u0105cych si\u0119 o&nbsp;\u015bwiadectwo kwalifikacji cz\u0142onka personelu lotniczego lub posiadaj\u0105cych \u015bwiadectwo kwalifikacji cz\u0142onka personelu lotniczego (Dz.&nbsp;U.&nbsp;z&nbsp;2016&nbsp;r.,&nbsp;poz. 1736) &#8211; <b>wejdzie w&nbsp;\u017cycie z&nbsp;dniem 1 stycznia 2017 r.<\/b><\/p>\n<p class=\"Omwienie\" style=\"text-align: justify;\">W rozporz\u0105dzeniu Ministra Transportu, Budownictwa i&nbsp;Gospodarki Morskiej z&nbsp;dnia 15&nbsp;marca 2013 r. w&nbsp;sprawie wymaga\u0144 w&nbsp;zakresie sprawno\u015bci psychicznej i&nbsp;fizycznej os&oacute;b ubiegaj\u0105cych si\u0119 o&nbsp;\u015bwiadectwo kwalifikacji cz\u0142onka personelu lotniczego lub posiadaj\u0105cych \u015bwiadectwo kwalifikacji cz\u0142onka personelu lotniczego (Dz. U. z&nbsp;2016 r. poz. 172) zmianie ulegnie brzmienie &sect; 1 ust. 3.<\/p>\n<p>&nbsp;<\/p>\n<p class=\"Dziedzinaprawa\" style=\"text-align: justify;\"><strong>RZECZNICY PATENTOWI<\/strong><\/p>\n<p class=\"Tekstpraswki\" style=\"text-align: justify;\"><b>Rozporz\u0105dzenie<\/b> Prezesa Rady Ministr&oacute;w z&nbsp;dnia 11 pa\u017adziernika 2016 r. w&nbsp;sprawie wzoru i&nbsp;sposobu prowadzenia listy rzecznik&oacute;w patentowych, wzoru legitymacji rzecznika patentowego oraz wysoko\u015bci op\u0142at od wniosku o&nbsp;wpis lub zmian\u0119 wpisu na li\u015bcie rzecznik&oacute;w patentowych (Dz. U. z&nbsp;2016 r., poz. 1738) <b>&#8211; wejdzie w&nbsp;\u017cycie z&nbsp;dniem 5&nbsp;listopada 2016 r.<\/b><\/p>\n<p>&nbsp;<\/p>\n<p class=\"Dziedzinaprawa\" style=\"text-align: justify;\"><strong>REKAPITALIZACJA NIEKT&Oacute;RYCH INSTYTUCJI<\/strong><\/p>\n<p class=\"Tekstpraswki\" style=\"text-align: justify;\"><b>Rozporz\u0105dzenie <\/b>Ministra Rozwoju i&nbsp;Finans&oacute;w z&nbsp;dnia 13 pa\u017adziernika 2016 r. w&nbsp;sprawie podzia\u0142u obci\u0105\u017ce\u0144 przez akcjonariuszy i&nbsp;wierzycieli podporz\u0105dkowanych z&nbsp;tytu\u0142u zawarcia przez instytucj\u0119 umowy gwarancji ostro\u017cno\u015bciowej (Dz. U. z&nbsp;2016 r., poz. 1728)<b> &#8211; wesz\u0142o w&nbsp;\u017cycie z&nbsp;dniem 21 pa\u017adziernika 2016 r.<\/b><\/p>\n<p>&nbsp;<\/p>\n<p class=\"Dziedzinaprawa\" style=\"text-align: justify;\"><strong>BANKOWY FUNDUSZ GWARANCYJNY<\/strong><\/p>\n<p class=\"Tekstpraswki\" style=\"text-align: justify;\"><b>Rozporz\u0105dzenie <\/b>Ministra Rozwoju i&nbsp;Finans&oacute;w z&nbsp;dnia 13 pa\u017adziernika 2016 r. w&nbsp;sprawie maksymalnej wysoko\u015bci miesi\u0119cznego wynagrodzenia cz\u0142onk&oacute;w Rady Bankowego Funduszu Gwarancyjnego (Dz. U. z&nbsp;2016 r., poz. 1734)<b> &#8211; wejdzie w&nbsp;\u017cycie z&nbsp;dniem 1&nbsp;listopada 2016 r.<\/b><\/p>\n<p>&nbsp;<\/p>\n<p class=\"Dziedzinaprawa\" style=\"text-align: justify;\"><strong>DZIA\u0141ALNO\u015a\u0106 UBEZPIECZENIOWA I&nbsp;REASEKURACYJNA<\/strong><\/p>\n<p class=\"Tekstpraswki\" style=\"text-align: justify;\"><b>Rozporz\u0105dzenie <\/b>Ministra Zdrowia z&nbsp;dnia 13 pa\u017adziernika 2016 r. w&nbsp;sprawie informacji udzielanych zak\u0142adom ubezpiecze\u0144 przez podmioty wykonuj\u0105ce dzia\u0142alno\u015b\u0107 lecznicz\u0105 oraz Narodowy Fundusz Zdrowia (Dz. U. z&nbsp;2016 r., poz. 1754)<b> &#8211; wejdzie w&nbsp;\u017cycie z&nbsp;dniem 25 listopada 2016 r.<\/b><\/p>\n<p>&nbsp;<\/p>\n<p class=\"Dziedzinaprawa\" style=\"text-align: justify;\"><strong>INFORMATYZACJA DZIA\u0141ALNO\u015aCI PODMIOT&Oacute;W REALIZUJ\u0104CYCH ZADANIA PUBLICZNE<\/strong><\/p>\n<p class=\"Tekstpraswki\" style=\"text-align: justify;\"><b>Rozporz\u0105dzenie <\/b>Rady Ministr&oacute;w z&nbsp;dnia 14 pa\u017adziernika 2016 r. zmieniaj\u0105ce rozporz\u0105dzenie w&nbsp;sprawie Krajowych Ram Interoperacyjno\u015bci, minimalnych wymaga\u0144 dla rejestr&oacute;w publicznych i&nbsp;wymiany informacji w&nbsp;postaci elektronicznej oraz minimalnych wymaga\u0144 dla system&oacute;w teleinformatycznych (Dz. U. z&nbsp;2016 r., poz. 1744)<b> &#8211; wesz\u0142o w&nbsp;\u017cycie z&nbsp;dniem 22 pa\u017adziernika 2016 r.<\/b><\/p>\n<p class=\"Omwienie\" style=\"text-align: justify;\">W rozporz\u0105dzeniu Rady Ministr&oacute;w z&nbsp;dnia 12 kwietnia 2012 r. w&nbsp;sprawie Krajowych Ram Interoperacyjno\u015bci, minimalnych wymaga\u0144 dla rejestr&oacute;w publicznych i&nbsp;wymiany informacji w&nbsp;postaci elektronicznej oraz minimalnych wymaga\u0144 dla system&oacute;w teleinformatycznych (Dz. U. z&nbsp;2016 r. poz. 113) zmianie uleg\u0142o brzmienie &sect; 2, &sect;&nbsp;20&nbsp;ust.&nbsp;3&nbsp;pkt 1, za\u0142\u0105cznika nr 1 lp. 1 tabela kolumna nr 7, za\u0142\u0105cznika nr 2.<\/p>\n<p>&nbsp;<\/p>\n<p class=\"NowePrawo\" style=\"text-align: justify;\"><strong>_____Orzecznictwo<\/strong><\/p>\n<p class=\"SdNajwyszy\" style=\"text-align: justify;\"><strong>Trybuna\u0142 Konstytucyjny<\/strong><\/p>\n<p class=\"Dziedzinaprawa\" style=\"text-align: justify;\"><strong>ZASADY ZABEZPIECZENIA ROSZCZE\u0143<\/strong><\/p>\n<p class=\"Tekstpraswki\" style=\"text-align: justify;\">Trybuna\u0142 stwierdzi\u0142, \u017ce wprowadzaj\u0105c termin, po up\u0142ywie kt&oacute;rego &ndash; ustanowiona w&nbsp;post\u0119powaniu zabezpieczaj\u0105cym &ndash; hipoteka przymusowa wygasa z&nbsp;mocy ustawy, prawodawca ograniczy\u0142 realizacj\u0119 prawa maj\u0105tkowego wierzyciela, na kt&oacute;rego wniosek ustanowiono zabezpieczenie. Istot\u0105 analizowanego zagadnienia nie by\u0142a ani sama d\u0142ugo\u015b\u0107 terminu (tj. miesi\u0105c liczony od uprawomocnienia si\u0119 orzeczenia uwzgl\u0119dniaj\u0105cego roszczenie), ani skutek jego up\u0142ywu (tj. upadek zabezpieczenia ex lege). Problem&nbsp;konstytucyjny sprowadza\u0142 si\u0119 bowiem do pytania, czy uniezale\u017cnienie biegu terminu od dalszych czynno\u015bci wierzyciela stanowi nieproporcjonaln\u0105 ingerencj\u0119 w&nbsp;jego prawa maj\u0105tkowe, zabezpieczone hipotek\u0105 przymusow\u0105 obci\u0105\u017caj\u0105c\u0105 nieruchomo\u015b\u0107 d\u0142u\u017cnika <b>&ndash; Wyrok Trybuna\u0142u Konstytucyjnego z&nbsp;dnia 25 pa\u017adziernika 2016 r., sygn.&nbsp;akt&nbsp;SK&nbsp;71\/13.<\/b><\/p>\n<p>&nbsp;<\/p>\n<p class=\"SdNajwyszy\" style=\"text-align: justify;\"><strong>S\u0105d Najwy\u017cszy<\/strong><\/p>\n<p class=\"Dziedzinaprawa\" style=\"text-align: justify;\"><strong>BRAK PODSTAW DO WYDANIA NAKAZU ZAP\u0141ATY W&nbsp;POST\u0118POWANIU NAKAZOWYM<\/strong><\/p>\n<p class=\"Tekstpraswki\" style=\"text-align: justify;\">W razie stwierdzenia braku podstaw do wydania nakazu zap\u0142aty w&nbsp;post\u0119powaniu nakazowym s\u0105d wzywa powoda &#8211; tak\u017ce gdy jest reprezentowany przez adwokata, radc\u0119 prawnego lub rzecznika patentowego &#8211; do uiszczenia pozosta\u0142ej cz\u0119\u015bci op\u0142aty od pozwu w&nbsp;terminie tygodniowym pod rygorem jego zwrotu <b>&ndash; Uchwa\u0142a S\u0105du Najwy\u017cszego z&nbsp;dnia 26 pa\u017adziernika 2016 r., sygn. akt III CZP 44\/16.<\/b><\/p>\n<p>&nbsp;<\/p>\n<p class=\"Dziedzinaprawa\" style=\"text-align: justify;\"><strong>OP\u0141ATA OD WNIOSKU O&nbsp;OBNI\u017bENIE OP\u0141AT EGZEKUCYJNYCH<\/strong><\/p>\n<p class=\"Tekstpraswki\" style=\"text-align: justify;\">Od wniosku o&nbsp;obni\u017cenie op\u0142at egzekucyjnych okre\u015blonych w&nbsp;art. 49 ust. 1 i&nbsp;2 ustawy z&nbsp;dnia 29 sierpnia 1997 r. o&nbsp;komornikach s\u0105dowych i&nbsp;egzekucji (jedn.&nbsp;tekst:&nbsp;Dz.U.&nbsp;z&nbsp;2016&nbsp;r., poz. 1138, ze zm.) nie pobiera si\u0119 op\u0142aty. Wniosek, kt&oacute;rego brak&oacute;w nie uzupe\u0142niono w&nbsp;terminie podlega odrzuceniu. Artyku\u0142 759 &sect; 2 k.p.c. nie&nbsp;stanowi podstawy do obni\u017cenia przez s\u0105d z&nbsp;urz\u0119du prawid\u0142owo ustalonych op\u0142at egzekucyjnych <b>&ndash; Uchwa\u0142a S\u0105du Najwy\u017cszego z&nbsp;dnia 26 pa\u017adziernika 2016 r., sygn.&nbsp;akt III CZP 63\/16.<\/b><\/p>\n<p>&nbsp;<\/p>\n<p class=\"Dziedzinaprawa\" style=\"text-align: justify;\"><strong>ROSZCZENIA WYNIKAJ\u0104CE Z&nbsp;CZYNNO\u015aCI BANKOWYCH<\/strong><\/p>\n<p class=\"Tekstpraswki\" style=\"text-align: justify;\">W sprawach o&nbsp;roszczenia wynikaj\u0105ce z&nbsp;czynno\u015bci bankowych, o&nbsp;kt&oacute;rych mowa w&nbsp;art.&nbsp;5&nbsp;ust. 1 i&nbsp;2 ustawy z&nbsp;dnia 29 sierpnia 1997 r. &#8211; Prawo bankowe (jedn.&nbsp;tekst:&nbsp;Dz.U.&nbsp;z 2015 r., poz. 128 ze zm.) do uiszczenia op\u0142aty stosunkowej przewidzianej w&nbsp;art. 13 ust. 1a ustawy z&nbsp;dnia 28 lipca 2005 r. o&nbsp;kosztach s\u0105dowych w&nbsp;sprawach cywilnych (jedn. tekst: Dz.U. z&nbsp;2014 r., poz. 1025 ze zm.) w&nbsp;brzmieniu obowi\u0105zuj\u0105cym od dnia 27 listopada 2015 r. do dnia 14 kwietnia 2016 r. obowi\u0105zany by\u0142 ka\u017cdy podmiot wnosz\u0105cy do s\u0105du pismo podlegaj\u0105ce op\u0142acie <b>&ndash; Uchwa\u0142a&nbsp;S\u0105du&nbsp;Najwy\u017cszego z&nbsp;dnia 26 pa\u017adziernika 2016 r., sygn. akt III&nbsp;CZP&nbsp;59\/16.<\/b><\/p>\n<p>&nbsp;<\/p>\n<p class=\"Dziedzinaprawa\" style=\"text-align: justify;\"><strong>NADANIE BANKOWEMU TYTU\u0141OWI EGZEKUCYJNEMU KLAUZULI WYKONALNO\u015aCI NA RZECZ BANKU<\/strong><\/p>\n<p class=\"Tekstpraswki\" style=\"text-align: justify;\">Artyku\u0142 11 ust\u0119p 1 i&nbsp;2 ustawy z&nbsp;dnia 25 wrze\u015bnia 2015 r. o&nbsp;zmianie ustawy &#8211; Prawo bankowe oraz niekt&oacute;rych innych ustaw (Dz.U. z&nbsp;2015 r., poz. 1854) stosuje si\u0119 tak\u017ce do post\u0119powania w&nbsp;sprawie o&nbsp;nadanie bankowemu tytu\u0142owi egzekucyjnemu klauzuli wykonalno\u015bci na rzecz banku &#8211; nabywcy wierzytelno\u015bci obj\u0119tej bankowym tytu\u0142em egzekucyjnym, kt&oacute;remu przed wej\u015bciem w&nbsp;\u017cycie tej ustawy nadano klauzul\u0119 wykonalno\u015bci <b>&ndash; Uchwa\u0142a S\u0105du Najwy\u017cszego z&nbsp;dnia 26 pa\u017adziernika 2016 r., sygn.&nbsp;akt III CZP 56\/16.<\/b><\/p>\n<p>&nbsp;<\/p>\n","protected":false},"excerpt":{"rendered":"<p>We would like to present the next issue of legal bulletin of the Law Office of Adam Polowiec.What you will find here is some information about the new provisions of law and the projects of amendments to acts, but also case-laws including the case laws of Supreme Court, Constitutional Tribunal and European Court of Justice.<\/p>\n","protected":false},"author":3,"featured_media":0,"comment_status":"closed","ping_status":"open","sticky":false,"template":"","format":"standard","meta":{"footnotes":""},"categories":[2],"tags":[],"class_list":["post-718","post","type-post","status-publish","format-standard","hentry","category-wpisy"],"featured_image_src":{"landsacpe":false,"list":false,"medium":false,"full":false},"yoast_head":"<!-- This site is optimized with the Yoast SEO plugin v27.2 - https:\/\/yoast.com\/product\/yoast-seo-wordpress\/ -->\n<title>Legal Bulletin Of The Law Office Of Adam Polowiec (24 - 30 October 2016) - Polowiec i Wsp\u00f3lnicy - Kancelaria prawna<\/title>\n<meta name=\"robots\" content=\"index, follow, max-snippet:-1, max-image-preview:large, max-video-preview:-1\" \/>\n<link rel=\"canonical\" href=\"https:\/\/polowiec.pl\/en\/legal-bulletin-of-the-law-office-of-adam-polowiec-24-30-october-2016\/\" \/>\n<meta property=\"og:locale\" content=\"en_US\" \/>\n<meta property=\"og:type\" content=\"article\" \/>\n<meta property=\"og:title\" content=\"Legal Bulletin Of The Law Office Of Adam Polowiec (24 - 30 October 2016) - Polowiec i Wsp\u00f3lnicy - Kancelaria prawna\" \/>\n<meta property=\"og:description\" content=\"We would like to present the next issue of legal bulletin of the Law Office of Adam Polowiec.What you will find here is some information about the new provisions of law and the projects of amendments to acts, but also case-laws including the case laws of Supreme Court, Constitutional Tribunal and European Court of Justice.\" \/>\n<meta property=\"og:url\" content=\"https:\/\/polowiec.pl\/en\/legal-bulletin-of-the-law-office-of-adam-polowiec-24-30-october-2016\/\" \/>\n<meta property=\"og:site_name\" content=\"Polowiec i Wsp\u00f3lnicy - Kancelaria prawna\" \/>\n<meta property=\"article:publisher\" content=\"https:\/\/www.facebook.com\/polowieciwspolnicy\/\" \/>\n<meta property=\"article:published_time\" content=\"2017-01-03T14:11:00+00:00\" \/>\n<meta property=\"article:modified_time\" content=\"2019-04-18T14:58:39+00:00\" \/>\n<meta name=\"author\" content=\"Marcin Rusinek\" \/>\n<meta name=\"twitter:card\" content=\"summary_large_image\" \/>\n<meta name=\"twitter:label1\" content=\"Written by\" \/>\n\t<meta name=\"twitter:data1\" content=\"Marcin Rusinek\" \/>\n\t<meta name=\"twitter:label2\" content=\"Est. reading time\" \/>\n\t<meta name=\"twitter:data2\" content=\"10 minutes\" \/>\n<script type=\"application\/ld+json\" class=\"yoast-schema-graph\">{\"@context\":\"https:\/\/schema.org\",\"@graph\":[{\"@type\":\"Article\",\"@id\":\"https:\/\/polowiec.pl\/en\/legal-bulletin-of-the-law-office-of-adam-polowiec-24-30-october-2016\/#article\",\"isPartOf\":{\"@id\":\"https:\/\/polowiec.pl\/en\/legal-bulletin-of-the-law-office-of-adam-polowiec-24-30-october-2016\/\"},\"author\":{\"name\":\"Marcin Rusinek\",\"@id\":\"https:\/\/polowiec.pl\/en\/#\/schema\/person\/74c7526b6f52be5ae94031504f9ffec4\"},\"headline\":\"Legal Bulletin Of The Law Office Of Adam Polowiec (24 &#8211; 30 October 2016)\",\"datePublished\":\"2017-01-03T14:11:00+00:00\",\"dateModified\":\"2019-04-18T14:58:39+00:00\",\"mainEntityOfPage\":{\"@id\":\"https:\/\/polowiec.pl\/en\/legal-bulletin-of-the-law-office-of-adam-polowiec-24-30-october-2016\/\"},\"wordCount\":1962,\"publisher\":{\"@id\":\"https:\/\/polowiec.pl\/en\/#organization\"},\"articleSection\":[\"Wpisy\"],\"inLanguage\":\"en-US\"},{\"@type\":\"WebPage\",\"@id\":\"https:\/\/polowiec.pl\/en\/legal-bulletin-of-the-law-office-of-adam-polowiec-24-30-october-2016\/\",\"url\":\"https:\/\/polowiec.pl\/en\/legal-bulletin-of-the-law-office-of-adam-polowiec-24-30-october-2016\/\",\"name\":\"Legal Bulletin Of The Law Office Of Adam Polowiec (24 - 30 October 2016) - Polowiec i Wsp\u00f3lnicy - Kancelaria prawna\",\"isPartOf\":{\"@id\":\"https:\/\/polowiec.pl\/en\/#website\"},\"datePublished\":\"2017-01-03T14:11:00+00:00\",\"dateModified\":\"2019-04-18T14:58:39+00:00\",\"breadcrumb\":{\"@id\":\"https:\/\/polowiec.pl\/en\/legal-bulletin-of-the-law-office-of-adam-polowiec-24-30-october-2016\/#breadcrumb\"},\"inLanguage\":\"en-US\",\"potentialAction\":[{\"@type\":\"ReadAction\",\"target\":[\"https:\/\/polowiec.pl\/en\/legal-bulletin-of-the-law-office-of-adam-polowiec-24-30-october-2016\/\"]}]},{\"@type\":\"BreadcrumbList\",\"@id\":\"https:\/\/polowiec.pl\/en\/legal-bulletin-of-the-law-office-of-adam-polowiec-24-30-october-2016\/#breadcrumb\",\"itemListElement\":[{\"@type\":\"ListItem\",\"position\":1,\"name\":\"Strona g\u0142\u00f3wna\",\"item\":\"https:\/\/polowiec.pl\/en\/\"},{\"@type\":\"ListItem\",\"position\":2,\"name\":\"Legal Bulletin Of The Law Office Of Adam Polowiec (24 &#8211; 30 October 2016)\"}]},{\"@type\":\"WebSite\",\"@id\":\"https:\/\/polowiec.pl\/en\/#website\",\"url\":\"https:\/\/polowiec.pl\/en\/\",\"name\":\"Polowiec i Wsp\u00f3lnicy - Kancelaria prawna\",\"description\":\"Obs\u0142uga prawna\",\"publisher\":{\"@id\":\"https:\/\/polowiec.pl\/en\/#organization\"},\"potentialAction\":[{\"@type\":\"SearchAction\",\"target\":{\"@type\":\"EntryPoint\",\"urlTemplate\":\"https:\/\/polowiec.pl\/en\/?s={search_term_string}\"},\"query-input\":{\"@type\":\"PropertyValueSpecification\",\"valueRequired\":true,\"valueName\":\"search_term_string\"}}],\"inLanguage\":\"en-US\"},{\"@type\":\"Organization\",\"@id\":\"https:\/\/polowiec.pl\/en\/#organization\",\"name\":\"Polowiec i Wsp\u00f3lnicy - Kancelaria prawna\",\"url\":\"https:\/\/polowiec.pl\/en\/\",\"logo\":{\"@type\":\"ImageObject\",\"inLanguage\":\"en-US\",\"@id\":\"https:\/\/polowiec.pl\/en\/#\/schema\/logo\/image\/\",\"url\":\"https:\/\/polowiec.pl\/wp-content\/uploads\/2018\/10\/polowiec_logo2-1.png\",\"contentUrl\":\"https:\/\/polowiec.pl\/wp-content\/uploads\/2018\/10\/polowiec_logo2-1.png\",\"width\":540,\"height\":381,\"caption\":\"Polowiec i Wsp\u00f3lnicy - Kancelaria prawna\"},\"image\":{\"@id\":\"https:\/\/polowiec.pl\/en\/#\/schema\/logo\/image\/\"},\"sameAs\":[\"https:\/\/www.facebook.com\/polowieciwspolnicy\/\",\"https:\/\/www.linkedin.com\/company\/polowiec-i-wsplnicy-sp.j.\/about\/\"]},{\"@type\":\"Person\",\"@id\":\"https:\/\/polowiec.pl\/en\/#\/schema\/person\/74c7526b6f52be5ae94031504f9ffec4\",\"name\":\"Marcin Rusinek\",\"image\":{\"@type\":\"ImageObject\",\"inLanguage\":\"en-US\",\"@id\":\"https:\/\/secure.gravatar.com\/avatar\/b50a0a5c3e71d904f5e57a757d39977d01c43e075c6bf5b4df909ffbbe004790?s=96&d=mm&r=g\",\"url\":\"https:\/\/secure.gravatar.com\/avatar\/b50a0a5c3e71d904f5e57a757d39977d01c43e075c6bf5b4df909ffbbe004790?s=96&d=mm&r=g\",\"contentUrl\":\"https:\/\/secure.gravatar.com\/avatar\/b50a0a5c3e71d904f5e57a757d39977d01c43e075c6bf5b4df909ffbbe004790?s=96&d=mm&r=g\",\"caption\":\"Marcin Rusinek\"}}]}<\/script>\n<!-- \/ Yoast SEO plugin. -->","yoast_head_json":{"title":"Legal Bulletin Of The Law Office Of Adam Polowiec (24 - 30 October 2016) - Polowiec i Wsp\u00f3lnicy - Kancelaria prawna","robots":{"index":"index","follow":"follow","max-snippet":"max-snippet:-1","max-image-preview":"max-image-preview:large","max-video-preview":"max-video-preview:-1"},"canonical":"https:\/\/polowiec.pl\/en\/legal-bulletin-of-the-law-office-of-adam-polowiec-24-30-october-2016\/","og_locale":"en_US","og_type":"article","og_title":"Legal Bulletin Of The Law Office Of Adam Polowiec (24 - 30 October 2016) - Polowiec i Wsp\u00f3lnicy - Kancelaria prawna","og_description":"We would like to present the next issue of legal bulletin of the Law Office of Adam Polowiec.What you will find here is some information about the new provisions of law and the projects of amendments to acts, but also case-laws including the case laws of Supreme Court, Constitutional Tribunal and European Court of Justice.","og_url":"https:\/\/polowiec.pl\/en\/legal-bulletin-of-the-law-office-of-adam-polowiec-24-30-october-2016\/","og_site_name":"Polowiec i Wsp\u00f3lnicy - Kancelaria prawna","article_publisher":"https:\/\/www.facebook.com\/polowieciwspolnicy\/","article_published_time":"2017-01-03T14:11:00+00:00","article_modified_time":"2019-04-18T14:58:39+00:00","author":"Marcin Rusinek","twitter_card":"summary_large_image","twitter_misc":{"Written by":"Marcin Rusinek","Est. reading time":"10 minutes"},"schema":{"@context":"https:\/\/schema.org","@graph":[{"@type":"Article","@id":"https:\/\/polowiec.pl\/en\/legal-bulletin-of-the-law-office-of-adam-polowiec-24-30-october-2016\/#article","isPartOf":{"@id":"https:\/\/polowiec.pl\/en\/legal-bulletin-of-the-law-office-of-adam-polowiec-24-30-october-2016\/"},"author":{"name":"Marcin Rusinek","@id":"https:\/\/polowiec.pl\/en\/#\/schema\/person\/74c7526b6f52be5ae94031504f9ffec4"},"headline":"Legal Bulletin Of The Law Office Of Adam Polowiec (24 &#8211; 30 October 2016)","datePublished":"2017-01-03T14:11:00+00:00","dateModified":"2019-04-18T14:58:39+00:00","mainEntityOfPage":{"@id":"https:\/\/polowiec.pl\/en\/legal-bulletin-of-the-law-office-of-adam-polowiec-24-30-october-2016\/"},"wordCount":1962,"publisher":{"@id":"https:\/\/polowiec.pl\/en\/#organization"},"articleSection":["Wpisy"],"inLanguage":"en-US"},{"@type":"WebPage","@id":"https:\/\/polowiec.pl\/en\/legal-bulletin-of-the-law-office-of-adam-polowiec-24-30-october-2016\/","url":"https:\/\/polowiec.pl\/en\/legal-bulletin-of-the-law-office-of-adam-polowiec-24-30-october-2016\/","name":"Legal Bulletin Of The Law Office Of Adam Polowiec (24 - 30 October 2016) - Polowiec i Wsp\u00f3lnicy - Kancelaria prawna","isPartOf":{"@id":"https:\/\/polowiec.pl\/en\/#website"},"datePublished":"2017-01-03T14:11:00+00:00","dateModified":"2019-04-18T14:58:39+00:00","breadcrumb":{"@id":"https:\/\/polowiec.pl\/en\/legal-bulletin-of-the-law-office-of-adam-polowiec-24-30-october-2016\/#breadcrumb"},"inLanguage":"en-US","potentialAction":[{"@type":"ReadAction","target":["https:\/\/polowiec.pl\/en\/legal-bulletin-of-the-law-office-of-adam-polowiec-24-30-october-2016\/"]}]},{"@type":"BreadcrumbList","@id":"https:\/\/polowiec.pl\/en\/legal-bulletin-of-the-law-office-of-adam-polowiec-24-30-october-2016\/#breadcrumb","itemListElement":[{"@type":"ListItem","position":1,"name":"Strona g\u0142\u00f3wna","item":"https:\/\/polowiec.pl\/en\/"},{"@type":"ListItem","position":2,"name":"Legal Bulletin Of The Law Office Of Adam Polowiec (24 &#8211; 30 October 2016)"}]},{"@type":"WebSite","@id":"https:\/\/polowiec.pl\/en\/#website","url":"https:\/\/polowiec.pl\/en\/","name":"Polowiec i Wsp\u00f3lnicy - Kancelaria prawna","description":"Obs\u0142uga prawna","publisher":{"@id":"https:\/\/polowiec.pl\/en\/#organization"},"potentialAction":[{"@type":"SearchAction","target":{"@type":"EntryPoint","urlTemplate":"https:\/\/polowiec.pl\/en\/?s={search_term_string}"},"query-input":{"@type":"PropertyValueSpecification","valueRequired":true,"valueName":"search_term_string"}}],"inLanguage":"en-US"},{"@type":"Organization","@id":"https:\/\/polowiec.pl\/en\/#organization","name":"Polowiec i Wsp\u00f3lnicy - Kancelaria prawna","url":"https:\/\/polowiec.pl\/en\/","logo":{"@type":"ImageObject","inLanguage":"en-US","@id":"https:\/\/polowiec.pl\/en\/#\/schema\/logo\/image\/","url":"https:\/\/polowiec.pl\/wp-content\/uploads\/2018\/10\/polowiec_logo2-1.png","contentUrl":"https:\/\/polowiec.pl\/wp-content\/uploads\/2018\/10\/polowiec_logo2-1.png","width":540,"height":381,"caption":"Polowiec i Wsp\u00f3lnicy - Kancelaria prawna"},"image":{"@id":"https:\/\/polowiec.pl\/en\/#\/schema\/logo\/image\/"},"sameAs":["https:\/\/www.facebook.com\/polowieciwspolnicy\/","https:\/\/www.linkedin.com\/company\/polowiec-i-wsplnicy-sp.j.\/about\/"]},{"@type":"Person","@id":"https:\/\/polowiec.pl\/en\/#\/schema\/person\/74c7526b6f52be5ae94031504f9ffec4","name":"Marcin Rusinek","image":{"@type":"ImageObject","inLanguage":"en-US","@id":"https:\/\/secure.gravatar.com\/avatar\/b50a0a5c3e71d904f5e57a757d39977d01c43e075c6bf5b4df909ffbbe004790?s=96&d=mm&r=g","url":"https:\/\/secure.gravatar.com\/avatar\/b50a0a5c3e71d904f5e57a757d39977d01c43e075c6bf5b4df909ffbbe004790?s=96&d=mm&r=g","contentUrl":"https:\/\/secure.gravatar.com\/avatar\/b50a0a5c3e71d904f5e57a757d39977d01c43e075c6bf5b4df909ffbbe004790?s=96&d=mm&r=g","caption":"Marcin Rusinek"}}]}},"_links":{"self":[{"href":"https:\/\/polowiec.pl\/en\/wp-json\/wp\/v2\/posts\/718","targetHints":{"allow":["GET"]}}],"collection":[{"href":"https:\/\/polowiec.pl\/en\/wp-json\/wp\/v2\/posts"}],"about":[{"href":"https:\/\/polowiec.pl\/en\/wp-json\/wp\/v2\/types\/post"}],"author":[{"embeddable":true,"href":"https:\/\/polowiec.pl\/en\/wp-json\/wp\/v2\/users\/3"}],"replies":[{"embeddable":true,"href":"https:\/\/polowiec.pl\/en\/wp-json\/wp\/v2\/comments?post=718"}],"version-history":[{"count":0,"href":"https:\/\/polowiec.pl\/en\/wp-json\/wp\/v2\/posts\/718\/revisions"}],"wp:attachment":[{"href":"https:\/\/polowiec.pl\/en\/wp-json\/wp\/v2\/media?parent=718"}],"wp:term":[{"taxonomy":"category","embeddable":true,"href":"https:\/\/polowiec.pl\/en\/wp-json\/wp\/v2\/categories?post=718"},{"taxonomy":"post_tag","embeddable":true,"href":"https:\/\/polowiec.pl\/en\/wp-json\/wp\/v2\/tags?post=718"}],"curies":[{"name":"wp","href":"https:\/\/api.w.org\/{rel}","templated":true}]}}