{"id":724,"date":"2017-01-03T15:27:40","date_gmt":"2017-01-03T14:27:40","guid":{"rendered":"https:\/\/nowa.polowiec.pl\/legal-bulletin-of-the-law-office-of-adam-polowiec-14-20-november-2016\/"},"modified":"2019-04-18T16:55:22","modified_gmt":"2019-04-18T14:55:22","slug":"legal-bulletin-of-the-law-office-of-adam-polowiec-14-20-november-2016","status":"publish","type":"post","link":"https:\/\/polowiec.pl\/en\/legal-bulletin-of-the-law-office-of-adam-polowiec-14-20-november-2016\/","title":{"rendered":"Legal Bulletin Of The Law Office Of Adam Polowiec (14 &#8211; 20 November 2016)"},"content":{"rendered":"<p>We would like to present the next issue of legal bulletin of the Law Office of Adam Polowiec.<br \/>What you will find here is some information about the new provisions of law and the projects of amendments to acts, but also case-laws including the case laws of Supreme Court, Constitutional Tribunal and European Court of Justice.<\/p>\n<p>  <!--more-->  <\/p>\n<p class=\"NowePrawo\" style=\"text-align: justify;\"><strong>_____Nowe Prawo<\/strong><\/p>\n<p class=\"Dziedzinaprawa\" style=\"text-align: justify;\"><strong>PRAWO ENERGETYCZNE<\/strong><\/p>\n<p class=\"Tekstpraswki\" style=\"text-align: justify;\"><b>Rozporz\u0105dzenie<\/b> Rady Ministr&oacute;w z&nbsp;dnia 27 pa\u017adziernika 2016 r. w&nbsp;sprawie maksymalnej ilo\u015bci i&nbsp;warto\u015bci energii elektrycznej z&nbsp;odnawialnych \u017ar&oacute;de\u0142 energii, kt&oacute;ra mo\u017ce zosta\u0107 sprzedana w&nbsp;drodze aukcji w&nbsp;2016 r. (Dz. U. z&nbsp;2016 r., poz. 1846)<b> &ndash; wejdzie w&nbsp;\u017cycie z&nbsp;dniem 30 listopada 2016 r.<\/b><\/p>\n<p class=\"Tekstpraswki\" style=\"text-align: justify;\"><b>Rozporz\u0105dzenie<\/b> Rady Ministr&oacute;w z&nbsp;dnia 27 pa\u017adziernika 2016 r. w&nbsp;sprawie kolejno\u015bci przeprowadzania aukcji na sprzeda\u017c energii elektrycznej z&nbsp;odnawialnych \u017ar&oacute;de\u0142 energii w&nbsp;2016 r. (Dz. U. z&nbsp;2016 r., poz. 1847)<b> &ndash; wejdzie w&nbsp;\u017cycie z&nbsp;dniem 30&nbsp;listopada&nbsp;2016&nbsp;r.<\/b><\/p>\n<p>&nbsp;<\/p>\n<p class=\"Dziedzinaprawa\" style=\"text-align: justify;\"><strong>PRAWO PODATKOWE<\/strong><\/p>\n<p class=\"Tekstpraswki\" style=\"text-align: justify;\"><b>Rozporz\u0105dzenie<\/b> Ministra Rozwoju i&nbsp;Finans&oacute;w z&nbsp;dnia 4 listopada 2016 r. zmieniaj\u0105ce rozporz\u0105dzenie w&nbsp;sprawie zwolnie\u0144 wyrob&oacute;w akcyzowych z&nbsp;obowi\u0105zku oznaczania znakami akcyzy (Dz. U. z&nbsp;2016 r., poz. 1854)<b> &ndash; wejdzie w&nbsp;\u017cycie z&nbsp;dniem 1&nbsp;grudnia&nbsp;2016 r.<\/b><\/p>\n<p class=\"Omwienie\" style=\"text-align: justify;\">W rozporz\u0105dzeniu Ministra Finans&oacute;w z&nbsp;dnia 20 sierpnia 2010 r. w&nbsp;sprawie zwolnie\u0144 wyrob&oacute;w akcyzowych z&nbsp;obowi\u0105zku oznaczania znakami akcyzy (Dz. U. z&nbsp;2016 r. poz. 1466) zmianie ulegnie brzmienie &sect; 2, w&nbsp;&sect; 3 w&nbsp;ust. 1 we wprowadzeniu do wyliczenia wyrazy &#8220;31 grudnia 2016 r.&#8221; zast\u0119puje si\u0119 wyrazami &#8220;31 grudnia 2018 r.&#8221;, uchyla si\u0119 &sect;&nbsp;2a.<\/p>\n<p>&nbsp;<\/p>\n<p class=\"Dziedzinaprawa\" style=\"text-align: justify;\"><strong>SPORY KOSUMENCKIE<\/strong><\/p>\n<p class=\"Tekstpraswki\" style=\"text-align: justify;\"><b>Ustawa <\/b>z dnia 23 wrze\u015bnia 2016 r. o&nbsp;pozas\u0105dowym rozwi\u0105zywaniu spor&oacute;w konsumenckich (Dz. U. z&nbsp;2016 r., poz. 1823) <b>&ndash; wejdzie w&nbsp;\u017cycie z&nbsp;dniem 10&nbsp;stycznia&nbsp;2017 r.<\/b> <b>z wyj\u0105tkiem:<\/b><\/p>\n<p class=\"Tekstpraswki\" style=\"text-align: justify;\"><b>1) art. 55 i&nbsp;art. 57, kt&oacute;re wchodz\u0105 w&nbsp;\u017cycie po up\u0142ywie 14 dni od dnia og\u0142oszenia;<\/b><\/p>\n<p class=\"Tekstpraswki\" style=\"text-align: justify;\"><b>2) art. 70, kt&oacute;ry wchodzi w&nbsp;\u017cycie z&nbsp;dniem nast\u0119puj\u0105cym po dniu og\u0142oszenia.<\/b><\/p>\n<p>&nbsp;<\/p>\n<p class=\"Dziedzinaprawa\" style=\"text-align: justify;\"><strong>ZASADY UZNAWANIA KWALIFIKACJI ZAWODOWYCH<\/strong><\/p>\n<p class=\"Tekstpraswki\" style=\"text-align: justify;\"><b>Rozporz\u0105dzenie<\/b> Ministra Sprawiedliwo\u015bci z&nbsp;dnia 21 pa\u017adziernika 2016 r. w&nbsp;sprawie sta\u017cu adaptacyjnego i&nbsp;testu umiej\u0119tno\u015bci w&nbsp;toku post\u0119powania o&nbsp;uznanie kwalifikacji do wykonywania zawodu t\u0142umacza przysi\u0119g\u0142ego (Dz. U. z&nbsp;2016 r., poz. 1831) &ndash; <b>wejdzie&nbsp;w&nbsp;\u017cycie z&nbsp;dniem 29 listopada 2016 r.<\/b><\/p>\n<p>&nbsp;<\/p>\n<p class=\"Dziedzinaprawa\" style=\"text-align: justify;\"><strong>CUDZOZIEMCY<\/strong><\/p>\n<p class=\"Tekstpraswki\" style=\"text-align: justify;\"><b>Rozporz\u0105dzenie<\/b> Ministra Spraw Wewn\u0119trznych i&nbsp;Administracji z&nbsp;dnia 27 pa\u017adziernika 2016 r. w&nbsp;sprawie wysoko\u015bci minimalnego wynagrodzenia wymaganego do udzielenia cudzoziemcowi zezwolenia na pobyt czasowy w&nbsp;celu wykonywania pracy w&nbsp;zawodzie wymagaj\u0105cym wysokich kwalifikacji (Dz. U. z&nbsp;2016 r., poz. 1832)<b> &ndash; wejdzie w&nbsp;\u017cycie z&nbsp;dniem 29 listopada 2016 r.<\/b><\/p>\n<p>&nbsp;<\/p>\n<p class=\"Dziedzinaprawa\" style=\"text-align: justify;\"><strong>PRAWO LOTNICZE<\/strong><\/p>\n<p class=\"Tekstpraswki\" style=\"text-align: justify;\"><b>Rozporz\u0105dzenie<\/b> Ministra Infrastruktury i&nbsp;Budownictwa z&nbsp;dnia 24 pa\u017adziernika 2016 r. zmieniaj\u0105ce rozporz\u0105dzenie w&nbsp;sprawie bada\u0144 lotniczo-lekarskich (Dz.&nbsp;U.&nbsp;z&nbsp;2016&nbsp;r.,&nbsp;poz.&nbsp;1844)<b> &ndash; wejdzie w&nbsp;\u017cycie z&nbsp;dniem 1 stycznia 2017 r.<\/b><\/p>\n<p class=\"Omwienie\" style=\"text-align: justify;\">W rozporz\u0105dzeniu Ministra Transportu, Budownictwa i&nbsp;Gospodarki Morskiej z&nbsp;dnia 27&nbsp;maja 2013 r. w&nbsp;sprawie bada\u0144 lotniczo-lekarskich (Dz. U. z&nbsp;2016 r. poz. 159) zmianie ulegnie brzmienie &sect; 2, &sect; 6, &sect; 9 ust. 4, &sect; 10 ust. 4, &sect; 12, &sect; 13 ust. 1, &sect; 15, &sect; 16 pkt 3.<\/p>\n<p>&nbsp;<\/p>\n<p class=\"Dziedzinaprawa\" style=\"text-align: justify;\"><strong>PRAWO O&nbsp;PROKURATURZE<\/strong><\/p>\n<p class=\"Tekstpraswki\" style=\"text-align: justify;\"><b>Rozporz\u0105dzenie<\/b> Ministra Sprawiedliwo\u015bci z&nbsp;dnia 2 listopada 2016 r. w&nbsp;sprawie przeprowadzania konkursu na stanowisko asystenta prokuratora (Dz.&nbsp;U.&nbsp;z&nbsp;2016&nbsp;r.,&nbsp;poz.&nbsp;1838)<b> &ndash; wejdzie w&nbsp;\u017cycie z&nbsp;dniem 29 listopada 2016 r.<\/b><\/p>\n<p>&nbsp;<\/p>\n<p class=\"Dziedzinaprawa\" style=\"text-align: justify;\"><strong>PRAWO W\u0141ASNO\u015aCI PRZEMYS\u0141OWEJ<\/strong><\/p>\n<p class=\"Tekstpraswki\" style=\"text-align: justify;\"><b>Rozporz\u0105dzenie<\/b> Prezesa Rady Ministr&oacute;w z&nbsp;dnia 3 listopada 2016 r. zmieniaj\u0105ce rozporz\u0105dzenie w&nbsp;sprawie dokonywania i&nbsp;rozpatrywania zg\u0142osze\u0144 wynalazk&oacute;w i&nbsp;wzor&oacute;w u\u017cytkowych (Dz. U. z&nbsp;2016 r., poz. 1840)<b> &ndash; wejdzie w&nbsp;\u017cycie z&nbsp;dniem 30&nbsp;listopada&nbsp;2016 r.<\/b><\/p>\n<p class=\"Omwienie\" style=\"text-align: justify;\">W rozporz\u0105dzeniu Prezesa Rady Ministr&oacute;w z&nbsp;dnia 17 wrze\u015bnia 2001 r. w&nbsp;sprawie dokonywania i&nbsp;rozpatrywania zg\u0142osze\u0144 wynalazk&oacute;w i&nbsp;wzor&oacute;w u\u017cytkowych (Dz.&nbsp;U.&nbsp;poz.&nbsp;1119, z&nbsp;2005 r. poz. 910 oraz z&nbsp;2015 r. poz. 366) zmianie ulegnie brzmienie &sect; 5 ust. 1, &sect; 8 ust. 3 pkt 3, &sect; 16 ust. 1, &sect; 26, &sect; 29, &sect; 32, &sect; 34, &sect; 36 ust. 3, &sect; 41 ust. 1, za\u0142\u0105cznika nr 2 do rozporz\u0105dzenia, w&nbsp;&sect; 6 w&nbsp;ust. 1 w&nbsp;pkt 8 kropk\u0119 zast\u0119puje si\u0119 przecinkiem i&nbsp;dodaje si\u0119 pkt 9, w&nbsp;&sect; 9 w&nbsp;pkt 2 kropk\u0119 zast\u0119puje si\u0119 przecinkiem i&nbsp;dodaje si\u0119 pkt 3, uchyla si\u0119 &sect; 18a.<\/p>\n<p>&nbsp;<\/p>\n<p class=\"Dziedzinaprawa\" style=\"text-align: justify;\"><strong>\u015aWIADCZENIA OPIEKI ZDROWOTNEJ FINANSOWANE ZE \u015aRODK&Oacute;W PUBLICZNYCH<\/strong><\/p>\n<p class=\"Tekstpraswki\" style=\"text-align: justify;\"><b>Rozporz\u0105dzenie<\/b> Ministra Zdrowia z&nbsp;dnia 4 listopada 2016 r. zmieniaj\u0105ce rozporz\u0105dzenie w&nbsp;sprawie \u015bwiadcze\u0144 gwarantowanych z&nbsp;zakresu program&oacute;w zdrowotnych (Dz.&nbsp;U.&nbsp;z&nbsp;2016&nbsp;r., poz. 1825)<b> &ndash; wejdzie w&nbsp;\u017cycie z&nbsp;dniem 25 listopada 2016 r.<\/b><\/p>\n<p class=\"Omwienie\" style=\"text-align: justify;\">W rozporz\u0105dzeniu Ministra Zdrowia z&nbsp;dnia 6 listopada 2013 r. w&nbsp;sprawie \u015bwiadcze\u0144 gwarantowanych z&nbsp;zakresu program&oacute;w zdrowotnych (Dz. U. z&nbsp;2016 r. poz. 1743) w&nbsp;za\u0142\u0105czniku po lp. 6 dodaje si\u0119 lp. 7 w&nbsp;brzmieniu okre\u015blonym w&nbsp;za\u0142\u0105czniku do rozporz\u0105dzenia.<\/p>\n<p>&nbsp;<\/p>\n<p class=\"Dziedzinaprawa\" style=\"text-align: justify;\"><strong>SYSTEMY OCENY ZGODNO\u015aCI I&nbsp;NADZORU RYNKU<\/strong><\/p>\n<p class=\"Tekstpraswki\" style=\"text-align: justify;\"><b>Rozporz\u0105dzenie<\/b> Ministra Rozwoju i&nbsp;Finans&oacute;w z&nbsp;dnia 7 listopada 2016 r. w&nbsp;sprawie sposobu ustalania op\u0142at za czynno\u015bci zwi\u0105zane z&nbsp;akredytacj\u0105 jednostek oceniaj\u0105cych zgodno\u015b\u0107 oraz maksymalnych wysoko\u015bci tych op\u0142at (Dz. U. z&nbsp;2016 r., poz. 1850)<b> &ndash; wejdzie w&nbsp;\u017cycie z&nbsp;dniem 23 listopada 2016 r.<\/b><\/p>\n<p>&nbsp;<\/p>\n<p class=\"Dziedzinaprawa\" style=\"text-align: justify;\"><strong>OCHRONA ZDROWIA<\/strong><\/p>\n<p class=\"Tekstpraswki\" style=\"text-align: justify;\"><b>Rozporz\u0105dzenie<\/b> Ministra Zdrowia z&nbsp;dnia 9 listopada 2016 r. w&nbsp;sprawie oznakowania krwi i&nbsp;jej sk\u0142adnik&oacute;w (Dz. U. z&nbsp;2016 r., poz. 1845)<b> &ndash; wesz\u0142o w&nbsp;\u017cycie z&nbsp;dniem 16&nbsp;listopada 2016 r.<\/b><\/p>\n<p>&nbsp;<\/p>\n<p class=\"Dziedzinaprawa\" style=\"text-align: justify;\"><strong>ZARZ\u0104DZENIA PREZESA NARODOWEGO FUNDUSZU ZDROWIA<\/strong><\/p>\n<p class=\"Tekstpraswki\" style=\"text-align: justify;\"><b>Zarz\u0105dzenie<\/b> nr 114\/2016\/DGL Prezesa Narodowego Funduszu Zdrowia z&nbsp;dnia 16&nbsp;listopada 2016 r. zmieniaj\u0105ce zarz\u0105dzenie w&nbsp;sprawie trybu i&nbsp;sposobu post\u0119powania dotycz\u0105cego nadawania osobom uprawnionym unikalnych numer&oacute;w identyfikuj\u0105cych recepty <b>&#8211; wesz\u0142o w&nbsp;\u017cycie z&nbsp;dniem nast\u0119puj\u0105cym po dniu podpisania.<\/b><\/p>\n<p>&nbsp;<\/p>\n<p class=\"NowePrawo\" style=\"text-align: justify;\"><strong>_____Orzecznictwo<\/strong><\/p>\n<p class=\"SdNajwyszy\" style=\"text-align: justify;\"><strong>Trybuna\u0142 Konstytucyjny<\/strong><\/p>\n<p class=\"Dziedzinaprawa\" style=\"text-align: justify;\"><strong>MO\u017bLIWO\u015aCI ZASKAR\u017bENIA POSTANOWIENIA O&nbsp;KOSZTACH PROCESU ORZECZONYCH PO RAZ PIERWSZY PRZEZ NACZELNY S\u0104D ADMINISTRACYJNY<\/strong><\/p>\n<p class=\"Tekstpraswki\" style=\"text-align: justify;\">Trybuna\u0142 Konstytucyjny stwierdzi\u0142, \u017ce nie mo\u017cna oczekiwa\u0107, by Naczelny S\u0105d Administracyjny weryfikowa\u0142 postanowienia dotycz\u0105ce koszt&oacute;w post\u0119powania, tj. ju\u017c rozstrzygni\u0119te sprawy incydentalne, nierozerwalnie powi\u0105zane z&nbsp;niepodlegaj\u0105cym zaskar\u017ceniu orzeczeniem wydanym w&nbsp;sprawie g\u0142&oacute;wnej <b>&ndash; Wyrok<\/b><b> Trybuna\u0142u Konstytucyjnego<\/b><b> z&nbsp;dnia 15 listopada 2016 r.<\/b><b>, sygn. akt SK 46\/15<\/b><b>.<\/b><\/p>\n<p>&nbsp;<\/p>\n<p class=\"SdNajwyszy\" style=\"text-align: justify;\"><strong>S\u0105d Najwy\u017cszy<\/strong><\/p>\n<p class=\"Dziedzinaprawa\" style=\"text-align: justify;\"><strong>SK\u0141AD S\u0104DU W&nbsp;SPRAWIE O&nbsp;ZAP\u0141AT\u0118 WYNAGRODZENIA ZA PRAC\u0118<\/strong><\/p>\n<p>W sprawie, w&nbsp;kt&oacute;rej pow&oacute;d \u017c\u0105da zap\u0142aty wynagrodzenia za prac\u0119 i&nbsp;nie dochodzi r&oacute;wnocze\u015bnie ustalenia istnienia stosunku pracy, s\u0105d pierwszej instancji rozpoznaje spraw\u0119 w&nbsp;sk\u0142adzie jednego s\u0119dziego (art. 47 &sect; 1 k.p.c.) <b>&ndash; Uchwa\u0142a S\u0105du Najwy\u017cszego z&nbsp;dnia 10 listopada 2016 r., sygn. akt III PZP 10\/16.<\/b><\/p>\n","protected":false},"excerpt":{"rendered":"<p>We would like to present the next issue of legal bulletin of the Law Office of Adam Polowiec.What you will find here is some information about the new provisions of law and the projects of amendments to acts, but also case-laws including the case laws of Supreme Court, Constitutional Tribunal and European Court of Justice.<\/p>\n","protected":false},"author":3,"featured_media":0,"comment_status":"closed","ping_status":"open","sticky":false,"template":"","format":"standard","meta":{"footnotes":""},"categories":[2],"tags":[],"class_list":["post-724","post","type-post","status-publish","format-standard","hentry","category-wpisy"],"featured_image_src":{"landsacpe":false,"list":false,"medium":false,"full":false},"yoast_head":"<!-- This site is optimized with the Yoast SEO plugin v27.2 - https:\/\/yoast.com\/product\/yoast-seo-wordpress\/ -->\n<title>Legal Bulletin Of The Law Office Of Adam Polowiec (14 - 20 November 2016) - Polowiec i Wsp\u00f3lnicy - Kancelaria prawna<\/title>\n<meta name=\"robots\" content=\"index, follow, max-snippet:-1, max-image-preview:large, max-video-preview:-1\" \/>\n<link rel=\"canonical\" href=\"https:\/\/polowiec.pl\/en\/legal-bulletin-of-the-law-office-of-adam-polowiec-14-20-november-2016\/\" \/>\n<meta property=\"og:locale\" content=\"en_US\" \/>\n<meta property=\"og:type\" content=\"article\" \/>\n<meta property=\"og:title\" content=\"Legal Bulletin Of The Law Office Of Adam Polowiec (14 - 20 November 2016) - Polowiec i Wsp\u00f3lnicy - Kancelaria prawna\" \/>\n<meta property=\"og:description\" content=\"We would like to present the next issue of legal bulletin of the Law Office of Adam Polowiec.What you will find here is some information about the new provisions of law and the projects of amendments to acts, but also case-laws including the case laws of Supreme Court, Constitutional Tribunal and European Court of Justice.\" \/>\n<meta property=\"og:url\" content=\"https:\/\/polowiec.pl\/en\/legal-bulletin-of-the-law-office-of-adam-polowiec-14-20-november-2016\/\" \/>\n<meta property=\"og:site_name\" content=\"Polowiec i Wsp\u00f3lnicy - Kancelaria prawna\" \/>\n<meta property=\"article:publisher\" content=\"https:\/\/www.facebook.com\/polowieciwspolnicy\/\" \/>\n<meta property=\"article:published_time\" content=\"2017-01-03T14:27:40+00:00\" \/>\n<meta property=\"article:modified_time\" content=\"2019-04-18T14:55:22+00:00\" \/>\n<meta name=\"author\" content=\"Marcin Rusinek\" \/>\n<meta name=\"twitter:card\" content=\"summary_large_image\" \/>\n<meta name=\"twitter:label1\" content=\"Written by\" \/>\n\t<meta name=\"twitter:data1\" content=\"Marcin Rusinek\" \/>\n\t<meta name=\"twitter:label2\" content=\"Est. reading time\" \/>\n\t<meta name=\"twitter:data2\" content=\"6 minutes\" \/>\n<script type=\"application\/ld+json\" class=\"yoast-schema-graph\">{\"@context\":\"https:\/\/schema.org\",\"@graph\":[{\"@type\":\"Article\",\"@id\":\"https:\/\/polowiec.pl\/en\/legal-bulletin-of-the-law-office-of-adam-polowiec-14-20-november-2016\/#article\",\"isPartOf\":{\"@id\":\"https:\/\/polowiec.pl\/en\/legal-bulletin-of-the-law-office-of-adam-polowiec-14-20-november-2016\/\"},\"author\":{\"name\":\"Marcin Rusinek\",\"@id\":\"https:\/\/polowiec.pl\/en\/#\/schema\/person\/74c7526b6f52be5ae94031504f9ffec4\"},\"headline\":\"Legal Bulletin Of The Law Office Of Adam Polowiec (14 &#8211; 20 November 2016)\",\"datePublished\":\"2017-01-03T14:27:40+00:00\",\"dateModified\":\"2019-04-18T14:55:22+00:00\",\"mainEntityOfPage\":{\"@id\":\"https:\/\/polowiec.pl\/en\/legal-bulletin-of-the-law-office-of-adam-polowiec-14-20-november-2016\/\"},\"wordCount\":1235,\"publisher\":{\"@id\":\"https:\/\/polowiec.pl\/en\/#organization\"},\"articleSection\":[\"Wpisy\"],\"inLanguage\":\"en-US\"},{\"@type\":\"WebPage\",\"@id\":\"https:\/\/polowiec.pl\/en\/legal-bulletin-of-the-law-office-of-adam-polowiec-14-20-november-2016\/\",\"url\":\"https:\/\/polowiec.pl\/en\/legal-bulletin-of-the-law-office-of-adam-polowiec-14-20-november-2016\/\",\"name\":\"Legal Bulletin Of The Law Office Of Adam Polowiec (14 - 20 November 2016) - Polowiec i Wsp\u00f3lnicy - Kancelaria prawna\",\"isPartOf\":{\"@id\":\"https:\/\/polowiec.pl\/en\/#website\"},\"datePublished\":\"2017-01-03T14:27:40+00:00\",\"dateModified\":\"2019-04-18T14:55:22+00:00\",\"breadcrumb\":{\"@id\":\"https:\/\/polowiec.pl\/en\/legal-bulletin-of-the-law-office-of-adam-polowiec-14-20-november-2016\/#breadcrumb\"},\"inLanguage\":\"en-US\",\"potentialAction\":[{\"@type\":\"ReadAction\",\"target\":[\"https:\/\/polowiec.pl\/en\/legal-bulletin-of-the-law-office-of-adam-polowiec-14-20-november-2016\/\"]}]},{\"@type\":\"BreadcrumbList\",\"@id\":\"https:\/\/polowiec.pl\/en\/legal-bulletin-of-the-law-office-of-adam-polowiec-14-20-november-2016\/#breadcrumb\",\"itemListElement\":[{\"@type\":\"ListItem\",\"position\":1,\"name\":\"Strona g\u0142\u00f3wna\",\"item\":\"https:\/\/polowiec.pl\/en\/\"},{\"@type\":\"ListItem\",\"position\":2,\"name\":\"Legal Bulletin Of The Law Office Of Adam Polowiec (14 &#8211; 20 November 2016)\"}]},{\"@type\":\"WebSite\",\"@id\":\"https:\/\/polowiec.pl\/en\/#website\",\"url\":\"https:\/\/polowiec.pl\/en\/\",\"name\":\"Polowiec i Wsp\u00f3lnicy - Kancelaria prawna\",\"description\":\"Obs\u0142uga prawna\",\"publisher\":{\"@id\":\"https:\/\/polowiec.pl\/en\/#organization\"},\"potentialAction\":[{\"@type\":\"SearchAction\",\"target\":{\"@type\":\"EntryPoint\",\"urlTemplate\":\"https:\/\/polowiec.pl\/en\/?s={search_term_string}\"},\"query-input\":{\"@type\":\"PropertyValueSpecification\",\"valueRequired\":true,\"valueName\":\"search_term_string\"}}],\"inLanguage\":\"en-US\"},{\"@type\":\"Organization\",\"@id\":\"https:\/\/polowiec.pl\/en\/#organization\",\"name\":\"Polowiec i Wsp\u00f3lnicy - Kancelaria prawna\",\"url\":\"https:\/\/polowiec.pl\/en\/\",\"logo\":{\"@type\":\"ImageObject\",\"inLanguage\":\"en-US\",\"@id\":\"https:\/\/polowiec.pl\/en\/#\/schema\/logo\/image\/\",\"url\":\"https:\/\/polowiec.pl\/wp-content\/uploads\/2018\/10\/polowiec_logo2-1.png\",\"contentUrl\":\"https:\/\/polowiec.pl\/wp-content\/uploads\/2018\/10\/polowiec_logo2-1.png\",\"width\":540,\"height\":381,\"caption\":\"Polowiec i Wsp\u00f3lnicy - Kancelaria prawna\"},\"image\":{\"@id\":\"https:\/\/polowiec.pl\/en\/#\/schema\/logo\/image\/\"},\"sameAs\":[\"https:\/\/www.facebook.com\/polowieciwspolnicy\/\",\"https:\/\/www.linkedin.com\/company\/polowiec-i-wsplnicy-sp.j.\/about\/\"]},{\"@type\":\"Person\",\"@id\":\"https:\/\/polowiec.pl\/en\/#\/schema\/person\/74c7526b6f52be5ae94031504f9ffec4\",\"name\":\"Marcin Rusinek\",\"image\":{\"@type\":\"ImageObject\",\"inLanguage\":\"en-US\",\"@id\":\"https:\/\/secure.gravatar.com\/avatar\/b50a0a5c3e71d904f5e57a757d39977d01c43e075c6bf5b4df909ffbbe004790?s=96&d=mm&r=g\",\"url\":\"https:\/\/secure.gravatar.com\/avatar\/b50a0a5c3e71d904f5e57a757d39977d01c43e075c6bf5b4df909ffbbe004790?s=96&d=mm&r=g\",\"contentUrl\":\"https:\/\/secure.gravatar.com\/avatar\/b50a0a5c3e71d904f5e57a757d39977d01c43e075c6bf5b4df909ffbbe004790?s=96&d=mm&r=g\",\"caption\":\"Marcin Rusinek\"}}]}<\/script>\n<!-- \/ Yoast SEO plugin. -->","yoast_head_json":{"title":"Legal Bulletin Of The Law Office Of Adam Polowiec (14 - 20 November 2016) - Polowiec i Wsp\u00f3lnicy - Kancelaria prawna","robots":{"index":"index","follow":"follow","max-snippet":"max-snippet:-1","max-image-preview":"max-image-preview:large","max-video-preview":"max-video-preview:-1"},"canonical":"https:\/\/polowiec.pl\/en\/legal-bulletin-of-the-law-office-of-adam-polowiec-14-20-november-2016\/","og_locale":"en_US","og_type":"article","og_title":"Legal Bulletin Of The Law Office Of Adam Polowiec (14 - 20 November 2016) - Polowiec i Wsp\u00f3lnicy - Kancelaria prawna","og_description":"We would like to present the next issue of legal bulletin of the Law Office of Adam Polowiec.What you will find here is some information about the new provisions of law and the projects of amendments to acts, but also case-laws including the case laws of Supreme Court, Constitutional Tribunal and European Court of Justice.","og_url":"https:\/\/polowiec.pl\/en\/legal-bulletin-of-the-law-office-of-adam-polowiec-14-20-november-2016\/","og_site_name":"Polowiec i Wsp\u00f3lnicy - Kancelaria prawna","article_publisher":"https:\/\/www.facebook.com\/polowieciwspolnicy\/","article_published_time":"2017-01-03T14:27:40+00:00","article_modified_time":"2019-04-18T14:55:22+00:00","author":"Marcin Rusinek","twitter_card":"summary_large_image","twitter_misc":{"Written by":"Marcin Rusinek","Est. reading time":"6 minutes"},"schema":{"@context":"https:\/\/schema.org","@graph":[{"@type":"Article","@id":"https:\/\/polowiec.pl\/en\/legal-bulletin-of-the-law-office-of-adam-polowiec-14-20-november-2016\/#article","isPartOf":{"@id":"https:\/\/polowiec.pl\/en\/legal-bulletin-of-the-law-office-of-adam-polowiec-14-20-november-2016\/"},"author":{"name":"Marcin Rusinek","@id":"https:\/\/polowiec.pl\/en\/#\/schema\/person\/74c7526b6f52be5ae94031504f9ffec4"},"headline":"Legal Bulletin Of The Law Office Of Adam Polowiec (14 &#8211; 20 November 2016)","datePublished":"2017-01-03T14:27:40+00:00","dateModified":"2019-04-18T14:55:22+00:00","mainEntityOfPage":{"@id":"https:\/\/polowiec.pl\/en\/legal-bulletin-of-the-law-office-of-adam-polowiec-14-20-november-2016\/"},"wordCount":1235,"publisher":{"@id":"https:\/\/polowiec.pl\/en\/#organization"},"articleSection":["Wpisy"],"inLanguage":"en-US"},{"@type":"WebPage","@id":"https:\/\/polowiec.pl\/en\/legal-bulletin-of-the-law-office-of-adam-polowiec-14-20-november-2016\/","url":"https:\/\/polowiec.pl\/en\/legal-bulletin-of-the-law-office-of-adam-polowiec-14-20-november-2016\/","name":"Legal Bulletin Of The Law Office Of Adam Polowiec (14 - 20 November 2016) - Polowiec i Wsp\u00f3lnicy - Kancelaria prawna","isPartOf":{"@id":"https:\/\/polowiec.pl\/en\/#website"},"datePublished":"2017-01-03T14:27:40+00:00","dateModified":"2019-04-18T14:55:22+00:00","breadcrumb":{"@id":"https:\/\/polowiec.pl\/en\/legal-bulletin-of-the-law-office-of-adam-polowiec-14-20-november-2016\/#breadcrumb"},"inLanguage":"en-US","potentialAction":[{"@type":"ReadAction","target":["https:\/\/polowiec.pl\/en\/legal-bulletin-of-the-law-office-of-adam-polowiec-14-20-november-2016\/"]}]},{"@type":"BreadcrumbList","@id":"https:\/\/polowiec.pl\/en\/legal-bulletin-of-the-law-office-of-adam-polowiec-14-20-november-2016\/#breadcrumb","itemListElement":[{"@type":"ListItem","position":1,"name":"Strona g\u0142\u00f3wna","item":"https:\/\/polowiec.pl\/en\/"},{"@type":"ListItem","position":2,"name":"Legal Bulletin Of The Law Office Of Adam Polowiec (14 &#8211; 20 November 2016)"}]},{"@type":"WebSite","@id":"https:\/\/polowiec.pl\/en\/#website","url":"https:\/\/polowiec.pl\/en\/","name":"Polowiec i Wsp\u00f3lnicy - Kancelaria prawna","description":"Obs\u0142uga prawna","publisher":{"@id":"https:\/\/polowiec.pl\/en\/#organization"},"potentialAction":[{"@type":"SearchAction","target":{"@type":"EntryPoint","urlTemplate":"https:\/\/polowiec.pl\/en\/?s={search_term_string}"},"query-input":{"@type":"PropertyValueSpecification","valueRequired":true,"valueName":"search_term_string"}}],"inLanguage":"en-US"},{"@type":"Organization","@id":"https:\/\/polowiec.pl\/en\/#organization","name":"Polowiec i Wsp\u00f3lnicy - Kancelaria prawna","url":"https:\/\/polowiec.pl\/en\/","logo":{"@type":"ImageObject","inLanguage":"en-US","@id":"https:\/\/polowiec.pl\/en\/#\/schema\/logo\/image\/","url":"https:\/\/polowiec.pl\/wp-content\/uploads\/2018\/10\/polowiec_logo2-1.png","contentUrl":"https:\/\/polowiec.pl\/wp-content\/uploads\/2018\/10\/polowiec_logo2-1.png","width":540,"height":381,"caption":"Polowiec i Wsp\u00f3lnicy - Kancelaria prawna"},"image":{"@id":"https:\/\/polowiec.pl\/en\/#\/schema\/logo\/image\/"},"sameAs":["https:\/\/www.facebook.com\/polowieciwspolnicy\/","https:\/\/www.linkedin.com\/company\/polowiec-i-wsplnicy-sp.j.\/about\/"]},{"@type":"Person","@id":"https:\/\/polowiec.pl\/en\/#\/schema\/person\/74c7526b6f52be5ae94031504f9ffec4","name":"Marcin Rusinek","image":{"@type":"ImageObject","inLanguage":"en-US","@id":"https:\/\/secure.gravatar.com\/avatar\/b50a0a5c3e71d904f5e57a757d39977d01c43e075c6bf5b4df909ffbbe004790?s=96&d=mm&r=g","url":"https:\/\/secure.gravatar.com\/avatar\/b50a0a5c3e71d904f5e57a757d39977d01c43e075c6bf5b4df909ffbbe004790?s=96&d=mm&r=g","contentUrl":"https:\/\/secure.gravatar.com\/avatar\/b50a0a5c3e71d904f5e57a757d39977d01c43e075c6bf5b4df909ffbbe004790?s=96&d=mm&r=g","caption":"Marcin Rusinek"}}]}},"_links":{"self":[{"href":"https:\/\/polowiec.pl\/en\/wp-json\/wp\/v2\/posts\/724","targetHints":{"allow":["GET"]}}],"collection":[{"href":"https:\/\/polowiec.pl\/en\/wp-json\/wp\/v2\/posts"}],"about":[{"href":"https:\/\/polowiec.pl\/en\/wp-json\/wp\/v2\/types\/post"}],"author":[{"embeddable":true,"href":"https:\/\/polowiec.pl\/en\/wp-json\/wp\/v2\/users\/3"}],"replies":[{"embeddable":true,"href":"https:\/\/polowiec.pl\/en\/wp-json\/wp\/v2\/comments?post=724"}],"version-history":[{"count":0,"href":"https:\/\/polowiec.pl\/en\/wp-json\/wp\/v2\/posts\/724\/revisions"}],"wp:attachment":[{"href":"https:\/\/polowiec.pl\/en\/wp-json\/wp\/v2\/media?parent=724"}],"wp:term":[{"taxonomy":"category","embeddable":true,"href":"https:\/\/polowiec.pl\/en\/wp-json\/wp\/v2\/categories?post=724"},{"taxonomy":"post_tag","embeddable":true,"href":"https:\/\/polowiec.pl\/en\/wp-json\/wp\/v2\/tags?post=724"}],"curies":[{"name":"wp","href":"https:\/\/api.w.org\/{rel}","templated":true}]}}