{"id":732,"date":"2017-01-03T16:07:37","date_gmt":"2017-01-03T15:07:37","guid":{"rendered":"https:\/\/nowa.polowiec.pl\/legal-bulletin-of-the-law-office-of-adam-polowiec-19-december-2016-1-january-2017\/"},"modified":"2019-04-18T16:53:24","modified_gmt":"2019-04-18T14:53:24","slug":"legal-bulletin-of-the-law-office-of-adam-polowiec-19-december-2016-1-january-2017","status":"publish","type":"post","link":"https:\/\/polowiec.pl\/en\/legal-bulletin-of-the-law-office-of-adam-polowiec-19-december-2016-1-january-2017\/","title":{"rendered":"Legal Bulletin Of The Law Office Of Adam Polowiec (19 December 2016 &#8211; 1 January 2017)"},"content":{"rendered":"<p>We would like to present the next issue of legal bulletin of the Law Office of Adam Polowiec.<br \/>What you will find here is some information about the new provisions of law and the projects of amendments to acts, but also case-laws including the case laws of Supreme Court, Constitutional Tribunal and European Court of Justice.<\/p>\n<p>  <!--more-->  <\/p>\n<p class=\"NowePrawo\" style=\"text-align: justify;\"><strong>_____Nowe Prawo<\/strong><\/p>\n<p class=\"Dziedzinaprawa\" style=\"text-align: justify;\"><strong>PRAWO PODATKOWE<\/strong><\/p>\n<p class=\"Tekstpraswki0\" style=\"text-align: justify;\"><b>Ustawa <\/b>z dnia 15 listopada 2016 r. o&nbsp;zmianie ustawy o&nbsp;podatku od sprzeda\u017cy detalicznej (Dz. U. z&nbsp;2016 r., poz. 2099) <b>&#8211; wesz\u0142a w&nbsp;\u017cycie z&nbsp;dniem 22 grudnia 2017 r.<\/b><\/p>\n<p class=\"Omwienie\" style=\"text-align: justify;\">W ustawie z&nbsp;dnia 6 lipca 2016 r. o&nbsp;podatku od sprzeda\u017cy detalicznej zmianie uleg\u0142o brzmienie tytu\u0142u rozdzia\u0142u 6, w&nbsp;rozdziale 6 dodany zosta\u0142 art. 11a.<\/p>\n<p class=\"Tekstpraswki0\" style=\"text-align: justify;\"><b><span style=\"background: white none repeat scroll 0% 0%;\">Rozporz\u0105dzenie<\/span><\/b><span style=\"background: white none repeat scroll 0% 0%;\"> Ministra Rozwoju i&nbsp;Finans&oacute;w <\/span>z dnia 16 grudnia 2016 r. w&nbsp;sprawie zwolnie\u0144 z&nbsp;obowi\u0105zku prowadzenia ewidencji przy zastosowaniu kas rejestruj\u0105cych (Dz.&nbsp;U. z&nbsp;2016 r., poz. 2177)<b><span style=\"background: white none repeat scroll 0% 0%;\"> &ndash; <\/span><\/b><b><span style=\"background: white none repeat scroll 0% 0%;\">wejdzie w&nbsp;\u017cycie z&nbsp;dniem 1 stycznia 2017<\/span><span style=\"background: white none repeat scroll 0% 0%;\"> r.<\/span><\/b><\/p>\n<p class=\"Tekstpraswki0\" style=\"text-align: justify;\"><b><span style=\"background: white none repeat scroll 0% 0%;\">Rozporz\u0105dzenie<\/span><\/b><span style=\"background: white none repeat scroll 0% 0%;\"> Ministra Rozwoju i&nbsp;Finans&oacute;w <\/span>z dnia 16 grudnia 2016 r. w&nbsp;sprawie zaniechania poboru podatku dochodowego od os&oacute;b fizycznych od niekt&oacute;rych dochod&oacute;w (przychod&oacute;w) podatnik&oacute;w podatku dochodowego od os&oacute;b fizycznych (Dz.&nbsp;U.&nbsp;z&nbsp;2016&nbsp;r.,&nbsp;poz. 2190) <b><span style=\"background: white none repeat scroll 0% 0%;\">&ndash; <\/span><\/b><b><span style=\"background: white none repeat scroll 0% 0%;\">wesz\u0142o w&nbsp;\u017cycie z&nbsp;dniem 29 grudnia 2016<\/span><span style=\"background: white none repeat scroll 0% 0%;\"> r.<\/span><\/b><\/p>\n<p>&nbsp;<\/p>\n<p class=\"Dziedzinaprawa\" style=\"text-align: justify;\"><strong>PRAWO ADMINISTRACYJNE<\/strong><\/p>\n<p class=\"Tekstpraswki0\" style=\"text-align: justify;\"><b>Ustawa <\/b>z dnia 15 listopada 2016 r. o&nbsp;zmianie ustawy o&nbsp;Karcie Polaka oraz ustawy o&nbsp;cudzoziemcach (Dz. U. z&nbsp;2016 r., poz. 2066) <b>&#8211; wejdzie w&nbsp;\u017cycie z&nbsp;dniem 1 stycznia 2017 r., z&nbsp;wyj\u0105tkiem art. 1 pkt 6 w&nbsp;zakresie art. 23 ust. 2d oraz art. 2, kt&oacute;re wchodz\u0105 w&nbsp;\u017cycie z&nbsp;dniem 1 stycznia 2018 r.<\/b><\/p>\n<p class=\"Omwienie\" style=\"text-align: justify;\">W ustawie z&nbsp;dnia 7 wrze\u015bnia 2007 r. o&nbsp;Karcie Polaka (Dz. U. z&nbsp;2014 r. poz. 1187, z&nbsp;2015 r. poz. 1274 oraz z&nbsp;2016 r. poz. 753) zmianie ulegnie brzmienie art. 8a, art. 8b, art. 8d ust. 1, art. 8e, art. 24c ust. 2-4, art. 24d, w&nbsp;art. 8c dodaje si\u0119 ust. 4, art. 23 dodaje si\u0119 ust. 2a-2d.<\/p>\n<p class=\"Omwienie\" style=\"text-align: justify;\"><span style=\"background: white none repeat scroll 0% 0%;\">W ustawie z&nbsp;dnia 12 grudnia 2013 r. o&nbsp;cudzoziemcach (Dz. U. z&nbsp;2016 r. poz. 1990 i&nbsp;1948) w&nbsp;art. 449 w&nbsp;ust. 2 w&nbsp;pkt 17 kropk\u0119 zast\u0119puje si\u0119 \u015brednikiem i&nbsp;dodaje si\u0119 pkt 18.<\/span><\/p>\n<p class=\"Tekstpraswki0\" style=\"text-align: justify;\"><b>Ustawa <\/b>z dnia 2 grudnia 2016 r. o&nbsp;zmianie ustawy o&nbsp;nabywaniu nieruchomo\u015bci przez cudzoziemc&oacute;w oraz niekt&oacute;rych innych ustaw (Dz. U. z&nbsp;2016 r., poz. 2175)<b><span style=\"background: white none repeat scroll 0% 0%;\"> &ndash; <\/span><\/b><b><span style=\"background: white none repeat scroll 0% 0%;\">wejdzie w&nbsp;\u017cycie z&nbsp;dniem 1 stycznia 2017<\/span><span style=\"background: white none repeat scroll 0% 0%;\"> r.<\/span><\/b><b><span style=\"background: white none repeat scroll 0% 0%;\">, z&nbsp;wyj\u0105tkiem art. 4, kt&oacute;ry wchodzi w&nbsp;\u017cycie z&nbsp;dniem 1 czerwca 2017 r.<\/span><\/b><\/p>\n<p class=\"Omwienie\" style=\"text-align: justify;\">W ustawie z&nbsp;dnia 24 marca 1920 r. o&nbsp;nabywaniu nieruchomo\u015bci przez cudzoziemc&oacute;w (Dz.&nbsp;U. z&nbsp;2016 r. poz. 1061) zmianie ulegnie brzmienie art. 7 ust. 2 zdanie drugie, art. 8 ust. 1 pkt 4, art. 8a.<\/p>\n<p class=\"Omwienie\" style=\"text-align: justify;\">W ustawie z&nbsp;dnia 6 lipca 1982 r. o&nbsp;ksi\u0119gach wieczystych i&nbsp;hipotece (Dz.&nbsp;U.&nbsp;z&nbsp;2016&nbsp;r.&nbsp;poz.&nbsp;790, 996, 1159 i&nbsp;1948) w&nbsp;art. 364 w&nbsp;ust. 8 po pkt 2 dodaje si\u0119 pkt 2a.<\/p>\n<p class=\"Omwienie\" style=\"text-align: justify;\">W ustawie z&nbsp;dnia 14 lutego 1991 r. &#8211; Prawo o&nbsp;notariacie (Dz. U. z&nbsp;2016 r. poz. 1796 i&nbsp;1948) zmianie ulegnie brzmienie art. 50, art. 52 &sect; 1, w&nbsp;art. 92 w&nbsp;&sect; 1 dodaje si\u0119 pkt 4a, w&nbsp;art. 95c w&nbsp;&sect; 2 w&nbsp;pkt 8 kropk\u0119 zast\u0119puje si\u0119 \u015brednikiem i&nbsp;dodaje si\u0119 pkt 9, w&nbsp;art. 99 dodaje si\u0119 &sect; 3 i&nbsp;4.<\/p>\n<p class=\"Omwienie\" style=\"text-align: justify;\">W ustawie z&nbsp;dnia 20 sierpnia 1997 r. o&nbsp;Krajowym Rejestrze S\u0105dowym (Dz.&nbsp;U.&nbsp;z&nbsp;2016&nbsp;r.&nbsp;poz. 687, 996 i&nbsp;1579) po art. 19b dodaje si\u0119 art. 19c.<\/p>\n<p>&nbsp;<\/p>\n<p class=\"Dziedzinaprawa\" style=\"text-align: justify;\"><strong><span style=\"background: white none repeat scroll 0% 0%;\">PRAWO O&nbsp;USTROJU S\u0104D&Oacute;W POWSZECHNYCH<\/span><\/strong><\/p>\n<p class=\"Tekstpraswki0\" style=\"text-align: justify;\"><b>Ustawa<\/b><span style=\"background: white none repeat scroll 0% 0%;\"> z&nbsp;dnia 30 listopada 2016 r.<\/span><span style=\"background: white none repeat scroll 0% 0%;\"> <\/span><span style=\"background: white none repeat scroll 0% 0%;\">o zmianie ustawy &#8211; Prawo o&nbsp;ustroju s\u0105d&oacute;w powszechnych oraz niekt&oacute;rych innych ustaw<\/span><span style=\"background: white none repeat scroll 0% 0%;\"> (Dz. U. z&nbsp;2016 r., poz. 2103) <\/span><b>&#8211; wejdzie w&nbsp;\u017cycie z&nbsp;dniem 6 stycznia 2017 r. z&nbsp;wyj\u0105tkiem:<\/b><\/p>\n<p class=\"Tekstpraswki0\" style=\"text-align: justify;\"><b>1) art. 9, kt&oacute;ry wchodzi w&nbsp;\u017cycie z&nbsp;dniem 1 stycznia 2017 r.;<\/b><\/p>\n<p class=\"Tekstpraswki0\" style=\"text-align: justify;\"><b>2) art. 10 i&nbsp;art. 15, kt&oacute;re wchodz\u0105 w&nbsp;\u017cycie z&nbsp;dniem nast\u0119puj\u0105cym po dniu og\u0142oszenia.<\/b><\/p>\n<p class=\"Omwienie\" style=\"text-align: justify;\"><span style=\"background: white none repeat scroll 0% 0%;\">W ustawie z&nbsp;dnia 27 lipca 2001 r. &#8211; Prawo o&nbsp;ustroju s\u0105d&oacute;w powszechnych (Dz.<\/span><span style=\"background: white none repeat scroll 0% 0%;\">U.<\/span><span style=\"background: white none repeat scroll 0% 0%;\">z<\/span><span style=\"background: white none repeat scroll 0% 0%;\">2016<\/span><span style=\"background: white none repeat scroll 0% 0%;\">r. poz. 2062 i&nbsp;1948)<\/span><span style=\"background: white none repeat scroll 0% 0%;\"> zmianie ulegnie brzmienie art. 87, art. 108 &sect; 1 i&nbsp;2, art. 109, art. 128, dodany zostanie art. 133a.<\/span><\/p>\n<p class=\"Omwienie\" style=\"text-align: justify;\"><span style=\"background: white none repeat scroll 0% 0%;\">W ustawie z&nbsp;dnia 21 sierpnia 1997 r. o&nbsp;ograniczeniu prowadzenia dzia\u0142alno\u015bci gospodarczej przez osoby pe\u0142ni\u0105ce funkcje publiczne (Dz. U. z&nbsp;2006 r. poz. 1584, z&nbsp;p&oacute;\u017an.&nbsp;zm.) zmianie ulegnie brzmienie art. 10.<\/span><\/p>\n<p class=\"Omwienie\" style=\"text-align: justify;\"><span style=\"background: white none repeat scroll 0% 0%;\">W ustawie z&nbsp;dnia 21 sierpnia 1997 r. &#8211; Prawo o&nbsp;ustroju s\u0105d&oacute;w wojskowych (Dz.&nbsp;U.&nbsp;z&nbsp;2016&nbsp;r. poz. 358) zmianie ulegnie brzmienie art. 28, art. 39, art. 70 &sect; 1 wprowadzenie do wyliczenia.<\/span><\/p>\n<p class=\"Omwienie\" style=\"text-align: justify;\"><span style=\"background: white none repeat scroll 0% 0%;\">W ustawie z&nbsp;dnia 30 sierpnia 2002 r. &#8211; Prawo o&nbsp;post\u0119powaniu przed s\u0105dami administracyjnymi (Dz. U. z&nbsp;2016 r. poz. 718, 846, 996, 1579 i&nbsp;1948) zmianie ulegnie brzmienie art. 265.<\/span><\/p>\n<p class=\"Omwienie\" style=\"text-align: justify;\"><span style=\"background: white none repeat scroll 0% 0%;\">W ustawie z&nbsp;dnia 23 listopada 2002 r. o&nbsp;S\u0105dzie Najwy\u017cszym (Dz. U. z&nbsp;2016 r. poz. 1254) zmianie ulegnie brzmienie art. 61 &sect; 3.<\/span><\/p>\n<p class=\"Omwienie\" style=\"text-align: justify;\"><span style=\"background: white none repeat scroll 0% 0%;\">W ustawie z&nbsp;dnia 17 czerwca 2004 r. o&nbsp;skardze na naruszenie prawa strony do rozpoznania sprawy w&nbsp;post\u0119powaniu przygotowawczym prowadzonym lub nadzorowanym przez prokuratora i&nbsp;post\u0119powaniu s\u0105dowym bez nieuzasadnionej zw\u0142oki (Dz. U. z&nbsp;2016 r. poz. 1259) zmianie ulegnie brzmienie art. 2, art. 9 ust. 2, art. 12, art. 17 ust. 1, w&nbsp;art. 1 dodaje si\u0119 ust. 3, w&nbsp;art. 4 dodaje si\u0119 ust. 6, w&nbsp;art. 14 dotychczasow\u0105 tre\u015b\u0107 oznacza si\u0119 jako ust. 1 i&nbsp;dodaje si\u0119 ust. 2.<\/span><\/p>\n<p class=\"Omwienie\" style=\"text-align: justify;\"><span style=\"background: white none repeat scroll 0% 0%;\">W ustawie z&nbsp;dnia 28 stycznia 2016 r. &#8211; Prawo o&nbsp;prokuraturze (Dz. U. poz. 177 i&nbsp;1579) zmianie ulegnie brzmienie art. 12 &sect; 1, art. 15 &sect; 4, w&nbsp;art. 104 dodaje si\u0119 &sect; 7a, w&nbsp;art. 148 dodaje si\u0119 &sect; 5.<\/span><\/p>\n<p class=\"Omwienie\" style=\"text-align: justify;\"><span style=\"background: white none repeat scroll 0% 0%;\">W ustawie z&nbsp;dnia 28 stycznia 2016 r. &#8211; Przepisy wprowadzaj\u0105ce ustaw\u0119 &#8211; Prawo o&nbsp;prokuraturze (Dz. U. poz. 178) zmianie ulegnie brzmienie art. 64. <\/span><\/p>\n<p class=\"Omwienie\" style=\"text-align: justify;\"><span style=\"background: white none repeat scroll 0% 0%;\">W ustawie z&nbsp;dnia 11 marca 2016 r. o&nbsp;zmianie ustawy &#8211; Kodeks post\u0119powania karnego oraz niekt&oacute;rych innych ustaw (Dz. U. poz. 437) zmianie ulegnie brzmienie art. 28.<\/span><\/p>\n<p class=\"Omwienie\" style=\"text-align: justify;\"><span style=\"background: white none repeat scroll 0% 0%;\">W ustawie z&nbsp;dnia 10 czerwca 2016 r. o&nbsp;zmianie ustawy &#8211; Kodeks post\u0119powania karnego, ustawy o&nbsp;zawodach lekarza i&nbsp;lekarza dentysty oraz ustawy o&nbsp;prawach pacjenta i&nbsp;Rzeczniku Praw Pacjenta (Dz. U. poz. 1070) zmianie ulegnie brzmienie art. 5 ust. 1.<\/span><\/p>\n<p class=\"Tekstpraswki0\" style=\"text-align: justify;\"><b><span style=\"background: white none repeat scroll 0% 0%;\">Rozporz\u0105dzenie<\/span><\/b><span style=\"background: white none repeat scroll 0% 0%;\"> Ministra Sprawiedliwo\u015bci <\/span>z dnia 19 grudnia 2016 r. zmieniaj\u0105ce rozporz\u0105dzenie w&nbsp;sprawie ustalenia siedzib i&nbsp;obszar&oacute;w w\u0142a\u015bciwo\u015bci s\u0105d&oacute;w apelacyjnych, s\u0105d&oacute;w okr\u0119gowych i&nbsp;s\u0105d&oacute;w rejonowych (Dz. U. z&nbsp;2016 r., poz. 2165) <b><span style=\"background: white none repeat scroll 0% 0%;\">&ndash; <\/span><\/b><b><span style=\"background: white none repeat scroll 0% 0%;\">wejdzie w&nbsp;\u017cycie z&nbsp;dniem 1 stycznia 2017<\/span><span style=\"background: white none repeat scroll 0% 0%;\"> r.<\/span><\/b><\/p>\n<p class=\"Omwienie\" style=\"text-align: justify;\">W rozporz\u0105dzeniu Ministra Sprawiedliwo\u015bci z&nbsp;dnia 7 pa\u017adziernika 2014 r. w&nbsp;sprawie ustalenia siedzib i&nbsp;obszar&oacute;w w\u0142a\u015bciwo\u015bci s\u0105d&oacute;w apelacyjnych, s\u0105d&oacute;w okr\u0119gowych i&nbsp;s\u0105d&oacute;w rejonowych (Dz. U. poz. 1407 i&nbsp;1744 oraz z&nbsp;2015 r. poz. 1609 i&nbsp;2339) zmianie ulegnie brzmienie &sect; 3.<\/p>\n<p>&nbsp;<\/p>\n<p class=\"Dziedzinaprawa\" style=\"text-align: justify;\"><strong><span style=\"background: white none repeat scroll 0% 0%;\">PRAWO ENERGETYCZNE<\/span><\/strong><\/p>\n<p class=\"Tekstpraswki0\" style=\"text-align: justify;\"><b><span style=\"background: white none repeat scroll 0% 0%;\">Rozporz\u0105dzenie<\/span><\/b><span style=\"background: white none repeat scroll 0% 0%;\"> Ministra Energii <\/span>z dnia 15 grudnia 2016 r. w&nbsp;sprawie przeprowadzania kontroli przez przedsi\u0119biorstwa energetyczne (Dz. U. z&nbsp;2016 r., poz. 2166) <b><span style=\"background: white none repeat scroll 0% 0%;\">&ndash; <\/span><\/b><b><span style=\"background: white none repeat scroll 0% 0%;\">wejdzie w&nbsp;\u017cycie z&nbsp;dniem 1 stycznia 2017<\/span><span style=\"background: white none repeat scroll 0% 0%;\"> r.<\/span><\/b><\/p>\n<p>&nbsp;<\/p>\n<p class=\"Dziedzinaprawa\" style=\"text-align: justify;\"><strong>PRAWO O&nbsp;PROKURATURZE<\/strong><\/p>\n<p class=\"Tekstpraswki0\" style=\"text-align: justify;\"><b><span style=\"background: white none repeat scroll 0% 0%;\">Rozporz\u0105dzenie<\/span><\/b><span style=\"background: white none repeat scroll 0% 0%;\"> Ministra Sprawiedliwo\u015bci <\/span>z dnia 19 grudnia 2016 r. zmieniaj\u0105ce rozporz\u0105dzenie &#8211; Regulamin wewn\u0119trznego urz\u0119dowania powszechnych jednostek organizacyjnych prokuratury (Dz. U. z&nbsp;2016 r., poz. 2195) <b><span style=\"background: white none repeat scroll 0% 0%;\">&ndash; <\/span><\/b><b><span style=\"background: white none repeat scroll 0% 0%;\">wejdzie w&nbsp;\u017cycie z&nbsp;dniem 1 stycznia 2017<\/span><span style=\"background: white none repeat scroll 0% 0%;\"> r.<\/span><\/b><\/p>\n<p class=\"Omwienie\" style=\"text-align: justify;\">W rozporz\u0105dzeniu Ministra Sprawiedliwo\u015bci z&nbsp;dnia 7 kwietnia 2016 r. &#8211; Regulamin wewn\u0119trznego urz\u0119dowania powszechnych jednostek organizacyjnych prokuratury (Dz. U. poz. 508 i&nbsp;1820) zmianie ulegnie brzmienie &sect; 9, &sect; 10, &sect; 11 pkt 12, &sect; 15 pkt 1 lit. c, &sect; 18, &sect; 20 pkt 1, &sect; 21, &sect; 24, &sect; 28 pkt 2, &sect; 30 pkt 2, &sect; 31 ust. 1 pkt 7, &sect; 52 ust. 1, &sect; 71 ust. 4, &sect; 73 ust. 1, &sect; 80 ust. 2-4, &sect; 113, &sect; 116 ust. 5, &sect; 126, &sect; 152, &sect; 169, &sect; 203, &sect; 320 ust. 2, &sect; 354 ust. 5, &sect; 360 ust. 1 pkt 6, &sect; 368 ust. 4, dodaje si\u0119 &sect; 10a , w&nbsp;&sect; 10 w&nbsp;pkt 16 kropk\u0119 zast\u0119puje si\u0119 \u015brednikiem i&nbsp;dodaje si\u0119 pkt 17, w&nbsp;&sect; 23 uchyla si\u0119 pkt 19, w&sect; 36 dodaje si\u0119 pkt 4a, w&nbsp;&sect; 56 w&nbsp;ust. 1 w&nbsp;pkt 11 kropk\u0119 zast\u0119puje si\u0119 \u015brednikiem i&nbsp;dodaje si\u0119 pkt 12, dodaje si\u0119 &sect; 59a, dodaje si\u0119 &sect; 68a, w&nbsp;&sect; 79 dodaje si\u0119 ust. 3, w&nbsp;&sect; 108 po ust. 1 dodaje si\u0119 ust. 1a, w&nbsp;&sect; 114 dodaje si\u0119 ust. 3, dodaje si\u0119 &sect; 202a, w&nbsp;&sect; 210 dotychczasow\u0105 tre\u015b\u0107 oznacza si\u0119 jako ust. 1 i&nbsp;dodaje si\u0119 ust. 2, w&nbsp;&sect; 224 po ust. 1 dodaje si\u0119 ust. 1a, w&nbsp;&sect; 249 po pkt 4 dodaje si\u0119 \u015brednik i&nbsp;pkt 5, w&nbsp;&sect; 325 po ust. 1 dodaje si\u0119 ust. 1a, w&nbsp;&sect; 337 uchyla si\u0119 pkt 3, dodaje si\u0119 &sect; 365a, dodaje si\u0119 &sect; 375a.<\/p>\n<p>&nbsp;<\/p>\n<p class=\"Dziedzinaprawa\" style=\"text-align: justify;\"><strong>PRAWO ZAM&Oacute;WIE\u0143 PUBLICZNYCH<\/strong><\/p>\n<p class=\"Tekstpraswki0\" style=\"text-align: justify;\"><b><span style=\"background: white none repeat scroll 0% 0%;\">Rozporz\u0105dzenie<\/span><\/b><span style=\"background: white none repeat scroll 0% 0%;\"> Prezesa Rady Ministr&oacute;w <\/span>z dnia 20 grudnia 2016 r. zmieniaj\u0105ce rozporz\u0105dzenie w&nbsp;sprawie wielokrotno\u015bci kwoty bazowej stanowi\u0105cej podstaw\u0119 ustalenia wynagrodzenia zasadniczego Prezesa, wiceprezesa oraz pozosta\u0142ych cz\u0142onk&oacute;w Krajowej Izby Odwo\u0142awczej (Dz. U. z&nbsp;2016 r., poz. 2178) <b><span style=\"background: white none repeat scroll 0% 0%;\">&ndash; <\/span><\/b><b><span style=\"background: white none repeat scroll 0% 0%;\">wejdzie w&nbsp;\u017cycie z&nbsp;dniem 1 stycznia 2017<\/span><span style=\"background: white none repeat scroll 0% 0%;\"> r.<\/span><\/b><\/p>\n<p class=\"Omwienie\" style=\"text-align: justify;\">W rozporz\u0105dzeniu Prezesa Rady Ministr&oacute;w z&nbsp;dnia 9 lipca 2007 r. w&nbsp;sprawie wielokrotno\u015bci kwoty bazowej stanowi\u0105cej podstaw\u0119 ustalenia wynagrodzenia zasadniczego Prezesa, wiceprezesa oraz pozosta\u0142ych cz\u0142onk&oacute;w Krajowej Izby Odwo\u0142awczej (Dz. U. poz. 885) zmianie ulegnie brzmienie &sect; 1.<\/p>\n<p>&nbsp;<\/p>\n<p class=\"Dziedzinaprawa\" style=\"text-align: justify;\"><strong><span style=\"background: white none repeat scroll 0% 0%;\">TRYBUNA\u0141 KONSTYTUCYJNY<\/span><\/strong><\/p>\n<p class=\"Tekstpraswki0\" style=\"text-align: justify;\"><b>Ustawa<\/b> z&nbsp;dnia 13 grudnia 2016 r. Przepisy wprowadzaj\u0105ce ustaw\u0119 o&nbsp;organizacji i&nbsp;trybie post\u0119powania przed Trybuna\u0142em Konstytucyjnym oraz ustaw\u0119 o&nbsp;statusie s\u0119dzi&oacute;w Trybuna\u0142u Konstytucyjnego (Dz. U. z&nbsp;2016 r., poz. 2074) &ndash;<b> wejdzie w&nbsp;\u017cycie z&nbsp;dniem 3&nbsp;stycznia 2017 r., z&nbsp;wyj\u0105tkiem:<\/b><\/p>\n<p class=\"Tekstpraswki0\" style=\"text-align: justify;\"><b>1) art. 1-3, art. 12 oraz art. 16-22, kt&oacute;re wchodz\u0105 w&nbsp;\u017cycie z&nbsp;dniem nast\u0119puj\u0105cym po dniu og\u0142oszenia;<\/b><\/p>\n<p class=\"Tekstpraswki0\" style=\"text-align: justify;\"><b>2) art. 4, art. 5 i&nbsp;art. 8, kt&oacute;re wchodz\u0105 w&nbsp;\u017cycie z&nbsp;dniem 1 stycznia 2018 r.<\/b><\/p>\n<p class=\"Tekstpraswki0\" style=\"text-align: justify;\"><b>Ustawa<\/b> z&nbsp;dnia 30 listopada 2016 r. o&nbsp;statusie s\u0119dzi&oacute;w Trybuna\u0142u Konstytucyjnego (Dz.&nbsp;U. z&nbsp;2016 r., poz. 2073) &#8211; <b>wchodzi w&nbsp;\u017cycie w&nbsp;terminie okre\u015blonym w&nbsp;<a href=\"https:\/\/sip.lex.pl\/#\/dokument\/18550726\">ustawie<\/a> &#8211; Przepisy wprowadzaj\u0105ce ustaw\u0119 o&nbsp;organizacji i&nbsp;trybie post\u0119powania przed Trybuna\u0142em Konstytucyjnym oraz ustaw\u0119 o&nbsp;statusie s\u0119dzi&oacute;w Trybuna\u0142u Konstytucyjnego.<\/b><\/p>\n<p class=\"Tekstpraswki0\" style=\"text-align: justify;\"><b>Ustawa <\/b>z dnia 30 listopada 2016 r. o&nbsp;organizacji i&nbsp;trybie post\u0119powania przed Trybuna\u0142em Konstytucyjnym (Dz. U. z&nbsp;2016 r., poz. 2072) <b>&#8211; wchodzi w&nbsp;\u017cycie w<\/b><b>&nbsp;terminie okre\u015blonym w&nbsp;<a href=\"https:\/\/sip.lex.pl\/#\/dokument\/18550726\"><span style=\"color: windowtext; text-decoration: none;\">ustawie<\/span><\/a> &#8211; Przepisy wprowadzaj\u0105ce ustaw\u0119 o<\/b><b>&nbsp;organizacji i&nbsp;trybie post\u0119powania przed Trybuna\u0142em Konstytucyjnym oraz ustaw\u0119 o&nbsp;statusie s\u0119dzi&oacute;w Trybuna\u0142u Konstytucyjnego.<\/b><\/p>\n<p>&nbsp;<\/p>\n<p class=\"Dziedzinaprawa\" style=\"text-align: justify;\"><strong><span style=\"background: white none repeat scroll 0% 0%;\">KODEKS KARNY WYKONAWCZY<\/span><\/strong><\/p>\n<p class=\"Tekstpraswki0\" style=\"text-align: justify;\"><b><span style=\"background: white none repeat scroll 0% 0%;\">Rozporz\u0105dzenie<\/span><\/b><span style=\"background: white none repeat scroll 0% 0%;\"> Ministra Sprawiedliwo\u015bci <\/span><span style=\"background: white none repeat scroll 0% 0%;\">z dnia 1 grudnia 2016 r.<\/span><span style=\"background: white none repeat scroll 0% 0%;\"> <\/span><span style=\"background: white none repeat scroll 0% 0%;\">zmieniaj\u0105ce rozporz\u0105dzenie w&nbsp;sprawie sposobu przeprowadzania bada\u0144 na obecno\u015b\u0107 alkoholu, \u015brodk&oacute;w odurzaj\u0105cych lub substancji psychotropowych w&nbsp;organizmie skazanego pozbawionego wolno\u015bci, ich dokumentowania oraz weryfikacji (Dz.<\/span><span style=\"background: white none repeat scroll 0% 0%;\">U.<\/span><span style=\"background: white none repeat scroll 0% 0%;\">&nbsp;z&nbsp;<\/span><span style=\"background: white none repeat scroll 0% 0%;\">2016<\/span><span style=\"background: white none repeat scroll 0% 0%;\">&nbsp;r<\/span><span style=\"background: white none repeat scroll 0% 0%;\">.<\/span><span style=\"background: white none repeat scroll 0% 0%;\">,&nbsp;poz.&nbsp;<\/span><span style=\"background: white none repeat scroll 0% 0%;\">2071) <b>&ndash; <\/b><\/span><b><span style=\"background: white none repeat scroll 0% 0%;\">wejdzie w&nbsp;\u017cycie z&nbsp;dniem <\/span><span style=\"background: white none repeat scroll 0% 0%;\">3 stycznia 2017 r.<\/span><\/b><\/p>\n<p class=\"Omwienie\" style=\"text-align: justify;\"><span style=\"background: white none repeat scroll 0% 0%;\">W <a href=\"https:\/\/sip.lex.pl\/#\/dokument\/17771859\/2017-01-02\"><span style=\"color: windowtext; text-decoration: none;\">rozporz\u0105dzeniu<\/span><\/a> Ministra Sprawiedliwo\u015bci z&nbsp;dnia 25 stycznia 2012 r. w&nbsp;sprawie sposobu przeprowadzania bada\u0144 na obecno\u015b\u0107 alkoholu, \u015brodk&oacute;w odurzaj\u0105cych lub substancji psychotropowych w&nbsp;organizmie skazanego pozbawionego wolno\u015bci, ich dokumentowania oraz weryfikacji (Dz. U. poz. 135) zmianie ulegnie brzmienie <a href=\"https:\/\/sip.lex.pl\/#\/dokument\/17771859\/2017-01-02#par%281%29\"><span style=\"color: windowtext; text-decoration: none;\">&sect; 1<\/span><\/a>, <a href=\"https:\/\/sip.lex.pl\/#\/dokument\/17771859\/2017-01-02#zal%281%29\"><span style=\"color: windowtext; text-decoration: none;\">za\u0142\u0105cznik&oacute;w nr 1<\/span><\/a> i&nbsp;<a href=\"https:\/\/sip.lex.pl\/#\/dokument\/17771859\/2017-01-02#zal%282%29\"><span style=\"color: windowtext; text-decoration: none;\">2<\/span><\/a>.<\/span><\/p>\n<p>&nbsp;<\/p>\n<p class=\"Dziedzinaprawa\" style=\"text-align: justify;\"><strong>POMOC SPO\u0141ECZNA<\/strong><\/p>\n<p class=\"Tekstpraswki0\" style=\"text-align: justify;\"><b><span style=\"background: white none repeat scroll 0% 0%;\">Rozporz\u0105dzenie<\/span><\/b><span style=\"background: white none repeat scroll 0% 0%;\"> Ministra Rodziny, Pracy i&nbsp;Polityki Spo\u0142ecznej z&nbsp;dnia 2 grudnia 2016 r. w&nbsp;sprawie superwizji pracy socjalnej (Dz. U. z&nbsp;2016 r., poz. 2087) <\/span><b><span style=\"background: white none repeat scroll 0% 0%;\">&ndash; <\/span><\/b><b><span style=\"background: white none repeat scroll 0% 0%;\">wejdzie w&nbsp;\u017cycie z&nbsp;dniem 4<\/span><span style=\"background: white none repeat scroll 0% 0%;\"> stycznia 2017 r.<\/span><\/b><\/p>\n<p class=\"Tekstpraswki0\" style=\"text-align: justify;\"><b><span style=\"background: white none repeat scroll 0% 0%;\">Rozporz\u0105dzenie<\/span><\/b><span style=\"background: white none repeat scroll 0% 0%;\"> Rady Ministr&oacute;w z&nbsp;dnia 7 grudnia 2016 r. zmieniaj\u0105ce rozporz\u0105dzenie w&nbsp;sprawie szczeg&oacute;\u0142owego sposobu obliczania warto\u015bci pomocy publicznej udzielanej w&nbsp;r&oacute;\u017cnych formach (Dz. U. z&nbsp;2016 r., poz. 2093) <\/span><b><span style=\"background: white none repeat scroll 0% 0%;\">&ndash; <\/span><\/b><b><span style=\"background: white none repeat scroll 0% 0%;\">wejdzie w&nbsp;\u017cycie z&nbsp;dniem 1&nbsp;<\/span><span style=\"background: white none repeat scroll 0% 0%;\">stycznia 2017 r.<\/span><\/b><\/p>\n<p class=\"Omwienie\" style=\"text-align: justify;\"><span style=\"background: white none repeat scroll 0% 0%;\">W <a href=\"https:\/\/sip.lex.pl\/#\/dokument\/17122549\/2016-12-31\"><span style=\"color: windowtext; text-decoration: none;\">rozporz\u0105dzeniu<\/span><\/a> Rady Ministr&oacute;w z&nbsp;dnia 11 sierpnia 2004 r. w&nbsp;sprawie szczeg&oacute;\u0142owego sposobu obliczania warto\u015bci pomocy publicznej udzielanej w&nbsp;r&oacute;\u017cnych formach (Dz. U. poz. 1983, z&nbsp;2006 r. poz. 1355 oraz z&nbsp;2009 r. poz. 1008) &sect; 1, 2,<\/span><span style=\"background: white none repeat scroll 0% 0%;\"> <\/span><span style=\"background: white none repeat scroll 0% 0%;\">3,<\/span><span style=\"background: white none repeat scroll 0% 0%;\"> <\/span><span style=\"background: white none repeat scroll 0% 0%;\">4,<\/span><span style=\"background: white none repeat scroll 0% 0%;\"> <\/span><span style=\"background: white none repeat scroll 0% 0%;\">5,<\/span><span style=\"background: white none repeat scroll 0% 0%;\"> <\/span><span style=\"background: white none repeat scroll 0% 0%;\">7,<\/span><span style=\"background: white none repeat scroll 0% 0%;\"> <\/span><span style=\"background: white none repeat scroll 0% 0%;\">7a,<\/span><span style=\"background: white none repeat scroll 0% 0%;\"> <\/span><span style=\"background: white none repeat scroll 0% 0%;\">uchylony zostanie par 9<\/span><span style=\"background: white none repeat scroll 0% 0%;\">.<\/span><\/p>\n<p class=\"Tekstpraswki0\" style=\"text-align: justify;\"><b>Ustawa<\/b> z&nbsp;dnia 2 grudnia 2016 r. o&nbsp;zmianie ustawy o&nbsp;pomocy spo\u0142ecznej (Dz.&nbsp;U.&nbsp;z&nbsp;2016&nbsp;r., poz. 2174) <b><span style=\"background: white none repeat scroll 0% 0%;\">&ndash; <\/span><\/b><b><span style=\"background: white none repeat scroll 0% 0%;\">wejdzie w&nbsp;\u017cycie z&nbsp;dniem 1 stycznia 2017<\/span><span style=\"background: white none repeat scroll 0% 0%;\"> r.<\/span><\/b><\/p>\n<p class=\"Omwienie\" style=\"text-align: justify;\">W ustawie z&nbsp;dnia 12 marca 2004 r. o&nbsp;pomocy spo\u0142ecznej (Dz. U. z&nbsp;2016 r. poz. 930, 1583 i&nbsp;1948) zmianie ulegnie brzmienie art. 106.<\/p>\n<p>&nbsp;<\/p>\n<p class=\"Dziedzinaprawa\" style=\"text-align: justify;\"><strong>PRAWO W\u0141ASNO\u015aCI PRZEMYS\u0141OWEJ<\/strong><\/p>\n<p class=\"Tekstpraswki0\" style=\"text-align: justify;\"><b><span style=\"background: white none repeat scroll 0% 0%;\">Rozporz\u0105dzenie<\/span><\/b><span style=\"background: white none repeat scroll 0% 0%;\"> Prezesa Rady Ministr&oacute;w z&nbsp;dnia 8 grudnia 2016 r. w&nbsp;sprawie dokonywania i&nbsp;rozpatrywania zg\u0142osze\u0144 znak&oacute;w towarowych (Dz. U. z&nbsp;2016 r., poz. 2053) <b>&ndash; wesz\u0142o w&nbsp;\u017cycie z&nbsp;dniem 24 grudnia 2017 r.<\/b><\/span><\/p>\n<p>&nbsp;<\/p>\n<p class=\"Dziedzinaprawa\" style=\"text-align: justify;\"><strong><span style=\"background: white none repeat scroll 0% 0%;\">PRAWO FARMACEUTYCZNE<\/span><\/strong><\/p>\n<p class=\"Tekstpraswki0\" style=\"text-align: justify;\"><b><span style=\"background: white none repeat scroll 0% 0%;\">Rozporz\u0105dzenie<\/span><\/b><span style=\"background: white none repeat scroll 0% 0%;\"> Ministra Zdrowia z&nbsp;dnia 16 grudnia 2016 r. w&nbsp;sprawie wykazu substancji o&nbsp;dzia\u0142aniu psychoaktywnym oraz maksymalnego poziomu ich zawarto\u015bci w&nbsp;produkcie leczniczym, stanowi\u0105cego ograniczenie w&nbsp;wydawaniu produkt&oacute;w leczniczych w&nbsp;ramach jednorazowej sprzeda\u017cy (Dz. U. z&nbsp;2016 r., poz. 2189) <\/span><b><span style=\"background: white none repeat scroll 0% 0%;\">&ndash; <\/span><\/b><b><span style=\"background: white none repeat scroll 0% 0%;\">wejdzie w&nbsp;\u017cycie z&nbsp;dniem 1 stycznia 2017<\/span><span style=\"background: white none repeat scroll 0% 0%;\"> r.<\/span><\/b><\/p>\n<p class=\"Tekstpraswki0\" style=\"text-align: justify;\"><b><span style=\"background: white none repeat scroll 0% 0%;\">Rozporz\u0105dzenie<\/span><\/b><span style=\"background: white none repeat scroll 0% 0%;\"> Ministra Rolnictwa i&nbsp;Rozwoju Wsi z&nbsp;dnia 16 grudnia 2016 r. w&nbsp;sprawie przekazywania danych w&nbsp;kwartalnych raportach dotycz\u0105cych wielko\u015bci obrotu produktami leczniczymi weterynaryjnymi (Dz. U. z&nbsp;2016 r., poz. 2160) <\/span><b><span style=\"background: white none repeat scroll 0% 0%;\">&ndash; <\/span><\/b><b><span style=\"background: white none repeat scroll 0% 0%;\">wejdzie w&nbsp;\u017cycie z&nbsp;dniem 4 stycznia 2017<\/span><span style=\"background: white none repeat scroll 0% 0%;\"> r.<\/span><\/b><\/p>\n<p>&nbsp;<\/p>\n<p class=\"Tekstpraswki0\" style=\"text-align: justify;\"><b><span style=\"background: white none repeat scroll 0% 0%;\">ODNAWIALNE \u0179R&Oacute;D\u0141A ENERGII<\/span><\/b><\/p>\n<p class=\"Tekstpraswki0\" style=\"text-align: justify;\"><b><span style=\"background: white none repeat scroll 0% 0%;\">Rozporz\u0105dzenie<\/span><\/b><span style=\"background: white none repeat scroll 0% 0%;\"> Ministra Energii z&nbsp;dnia 9 grudnia 2016 r. w&nbsp;sprawie sposobu obliczania wsp&oacute;\u0142czynnika intensywno\u015bci zu\u017cycia energii elektrycznej przez odbiorc\u0119 przemys\u0142owego (Dz. U. z&nbsp;2016 r., poz. 2054) <\/span><b><span style=\"background: white none repeat scroll 0% 0%;\">&ndash; <\/span><\/b><b><span style=\"background: white none repeat scroll 0% 0%;\">wesz\u0142o w&nbsp;\u017cycie z&nbsp;dniem 17<\/span><span style=\"background: white none repeat scroll 0% 0%;\"> <\/span><\/b><b><span style=\"background: white none repeat scroll 0% 0%;\">grudnia<\/span><span style=\"background: white none repeat scroll 0% 0%;\"> 201<\/span><\/b><b><span style=\"background: white none repeat scroll 0% 0%;\">6<\/span><span style=\"background: white none repeat scroll 0% 0%;\"> r.<\/span><\/b><\/p>\n<p>&nbsp;<\/p>\n<p class=\"Tekstpraswki0\" style=\"text-align: justify;\"><b><span style=\"background: white none repeat scroll 0% 0%;\">PRAWO OCHRONY \u015aRODOWISKA<\/span><\/b><\/p>\n<p class=\"Tekstpraswki0\" style=\"text-align: justify;\"><b><span style=\"background: white none repeat scroll 0% 0%;\">Rozporz\u0105dzenie<\/span><\/b><span style=\"background: white none repeat scroll 0% 0%;\"> Ministra \u015arodowiska z&nbsp;dnia 12 grudnia 2016 r. zmieniaj\u0105ce rozporz\u0105dzenie w&nbsp;sprawie wykaz&oacute;w zawieraj\u0105cych informacje i&nbsp;dane o&nbsp;zakresie korzystania ze \u015brodowiska oraz o&nbsp;wysoko\u015bci nale\u017cnych op\u0142at (Dz. U. z&nbsp;2016 r., poz. 2059) <\/span><b><span style=\"background: white none repeat scroll 0% 0%;\">&ndash; <\/span><\/b><b><span style=\"background: white none repeat scroll 0% 0%;\">wesz\u0142o w&nbsp;\u017cycie z&nbsp;dniem 20<\/span><span style=\"background: white none repeat scroll 0% 0%;\"> <\/span><\/b><b><span style=\"background: white none repeat scroll 0% 0%;\">grudnia<\/span><span style=\"background: white none repeat scroll 0% 0%;\"> 201<\/span><\/b><b><span style=\"background: white none repeat scroll 0% 0%;\">6<\/span><span style=\"background: white none repeat scroll 0% 0%;\"> r.<\/span><\/b><\/p>\n<p class=\"Omwienie\" style=\"text-align: justify;\"><span style=\"background: white none repeat scroll 0% 0%;\">W rozporz\u0105dzeniu Ministra \u015arodowiska z&nbsp;dnia 27 lutego 2014 r. w&nbsp;sprawie wykaz&oacute;w zawieraj\u0105cych informacje i&nbsp;dane o&nbsp;zakresie korzystania ze \u015brodowiska oraz o&nbsp;wysoko\u015bci nale\u017cnych op\u0142at (Dz. U. poz. 274 i&nbsp;419)<\/span><span style=\"background: white none repeat scroll 0% 0%;\"> zmianie uleg\u0142o brzmienie<\/span><span style=\"background: white none repeat scroll 0% 0%;\"> &sect; 7 ust. 3 pkt 2<\/span><span style=\"background: white none repeat scroll 0% 0%;\">.<\/span><\/p>\n<p class=\"Tekstpraswki0\" style=\"text-align: justify;\"><b><span style=\"background: white none repeat scroll 0% 0%;\">Rozporz\u0105dzenie<\/span><\/b><span style=\"background: white none repeat scroll 0% 0%;\"> Ministra \u015arodowiska z&nbsp;dnia 12 grudnia 2016 r. zmieniaj\u0105ce rozporz\u0105dzenie w&nbsp;sprawie op\u0142at za udost\u0119pnianie informacji o&nbsp;\u015brodowisku (Dz.&nbsp;U.&nbsp;z&nbsp;2016&nbsp;r., poz. 2089) <\/span><b><span style=\"background: white none repeat scroll 0% 0%;\">&ndash; <\/span><\/b><b><span style=\"background: white none repeat scroll 0% 0%;\">wejdzie w&nbsp;\u017cycie z&nbsp;dniem 1<\/span><span style=\"background: white none repeat scroll 0% 0%;\"> stycznia 2017 r.<\/span><\/b><\/p>\n<p class=\"Omwienie\" style=\"text-align: justify;\"><span style=\"background: white none repeat scroll 0% 0%;\">W <a href=\"https:\/\/sip.lex.pl\/#\/dokument\/17658386\/2016-12-31\"><span style=\"color: windowtext; text-decoration: none;\">rozporz\u0105dzeniu<\/span><\/a> Ministra \u015arodowiska z&nbsp;dnia 12 listopada 2010 r. w&nbsp;sprawie op\u0142at za udost\u0119pnianie informacji o&nbsp;\u015brodowisku (Dz. U. poz. 1415) <\/span><span style=\"background: white none repeat scroll 0% 0%;\">zmianie ulegnie brzmienie <\/span><span style=\"background: white none repeat scroll 0% 0%;\">&sect;<\/span><span style=\"background: white none repeat scroll 0% 0%;\">4<\/span><span style=\"background: white none repeat scroll 0% 0%;\">ust. 2, &sect; 5 i&nbsp;6<\/span><span style=\"background: white none repeat scroll 0% 0%;\">.<\/span><\/p>\n<p class=\"Tekstpraswki0\" style=\"text-align: justify;\"><b><span style=\"background: white none repeat scroll 0% 0%;\">Rozporz\u0105dzenie<\/span><\/b><span style=\"background: white none repeat scroll 0% 0%;\"> Ministra <\/span>\u015arodowiska z&nbsp;dnia 14 grudnia 2016 r. w&nbsp;sprawie rocznego audytu zewn\u0119trznego organizacji odzysku sprz\u0119tu elektrycznego i&nbsp;elektronicznego oraz zak\u0142adu przetwarzania (Dz. U. z&nbsp;2016 r., poz. 2133) <b><span style=\"background: white none repeat scroll 0% 0%;\">&ndash; <\/span><\/b><b><span style=\"background: white none repeat scroll 0% 0%;\">wejdzie w&nbsp;\u017cycie z&nbsp;dniem 1&nbsp;<\/span><span style=\"background: white none repeat scroll 0% 0%;\">stycznia 2017 r.<\/span><\/b><\/p>\n<p>&nbsp;<\/p>\n<p class=\"Tekstpraswki0\" style=\"text-align: justify;\"><b><span style=\"background: white none repeat scroll 0% 0%;\">APLIKACJE <\/span><\/b><\/p>\n<p class=\"Tekstpraswki0\" style=\"text-align: justify;\"><b><span style=\"background: white none repeat scroll 0% 0%;\">Rozporz\u0105dzenie<\/span><\/b><span style=\"background: white none repeat scroll 0% 0%;\"> Ministra Sprawiedliwo\u015bci z&nbsp;dnia 12 grudnia 2016 r. w&nbsp;sprawie wysoko\u015bci op\u0142aty rocznej za aplikacj\u0119 radcowsk\u0105 (Dz. U. z&nbsp;2016 r., poz. 2078) <\/span><b><span style=\"background: white none repeat scroll 0% 0%;\">&ndash; <\/span><\/b><b><span style=\"background: white none repeat scroll 0% 0%;\">wejdzie&nbsp;w \u017cycie z&nbsp;dniem 1<\/span><span style=\"background: white none repeat scroll 0% 0%;\"> stycznia 2017 r.<\/span><\/b><\/p>\n<p class=\"Tekstpraswki0\" style=\"text-align: justify;\"><b><span style=\"background: white none repeat scroll 0% 0%;\">Rozporz\u0105dzenie<\/span><\/b><span style=\"background: white none repeat scroll 0% 0%;\"> Ministra Sprawiedliwo\u015bci z&nbsp;dnia 12 grudnia 2016 r.<\/span><\/p>\n<p class=\"Tekstpraswki0\" style=\"text-align: justify;\"><span style=\"background: white none repeat scroll 0% 0%;\">w sprawie wysoko\u015bci op\u0142aty rocznej za aplikacj\u0119 notarialn\u0105 (Dz. U. z&nbsp;2016 r., poz. 2079) <\/span><b><span style=\"background: white none repeat scroll 0% 0%;\">&ndash; <\/span><\/b><b><span style=\"background: white none repeat scroll 0% 0%;\">wejdzie w&nbsp;\u017cycie z&nbsp;dniem 1<\/span><span style=\"background: white none repeat scroll 0% 0%;\"> stycznia 2017 r.<\/span><\/b><\/p>\n<p class=\"Tekstpraswki0\" style=\"text-align: justify;\"><b><span style=\"background: white none repeat scroll 0% 0%;\">Rozporz\u0105dzenie<\/span><\/b><span style=\"background: white none repeat scroll 0% 0%;\"> Ministra Sprawiedliwo\u015bci z&nbsp;dnia 12 grudnia 2016 r.<\/span><\/p>\n<p class=\"Tekstpraswki0\" style=\"text-align: justify;\"><span style=\"background: white none repeat scroll 0% 0%;\">w sprawie wysoko\u015bci op\u0142aty rocznej za aplikacj\u0119 adwokack\u0105 (Dz. U. z&nbsp;2016 r., poz. 2080) <\/span><b><span style=\"background: white none repeat scroll 0% 0%;\">&ndash; <\/span><\/b><b><span style=\"background: white none repeat scroll 0% 0%;\">wejdzie w&nbsp;\u017cycie z&nbsp;dniem 1<\/span><span style=\"background: white none repeat scroll 0% 0%;\"> stycznia 2017 r.<\/span><\/b><\/p>\n<p class=\"Tekstpraswki0\" style=\"text-align: justify;\"><b><span style=\"background: white none repeat scroll 0% 0%;\">Rozporz\u0105dzenie<\/span><\/b><span style=\"background: white none repeat scroll 0% 0%;\"> Ministra Sprawiedliwo\u015bci z&nbsp;dnia 12 grudnia 2016 r. w&nbsp;sprawie wysoko\u015bci op\u0142aty rocznej wnoszonej przez aplikant&oacute;w komorniczych na pokrycie koszt&oacute;w szkolenia (Dz. U. z&nbsp;2016 r., poz. 2081) <\/span><b><span style=\"background: white none repeat scroll 0% 0%;\">&ndash; <\/span><\/b><b><span style=\"background: white none repeat scroll 0% 0%;\">wejdzie w&nbsp;\u017cycie z&nbsp;dniem 1<\/span><span style=\"background: white none repeat scroll 0% 0%;\"> stycznia 2017 r.<\/span><\/b><\/p>\n<p>&nbsp;<\/p>\n<p class=\"Dziedzinaprawa\" style=\"text-align: justify;\"><strong><span style=\"background: white none repeat scroll 0% 0%;\">DZIA\u0141Y ADMINISTRACJI RZ\u0104DOWEJ<\/span><\/strong><\/p>\n<p class=\"Tekstpraswki0\" style=\"text-align: justify;\"><b><span style=\"background: white none repeat scroll 0% 0%;\">Rozporz\u0105dzenie<\/span><\/b><span style=\"background: white none repeat scroll 0% 0%;\"> Ministra Infrastruktury i&nbsp;Budownictwa z&nbsp;dnia 14 grudnia 2016 r. w&nbsp;sprawie upowa\u017cnienia organ&oacute;w do uznawania kwalifikacji do wykonywania zawod&oacute;w regulowanych nale\u017c\u0105cych do dzia\u0142&oacute;w budownictwo, planowanie i&nbsp;zagospodarowanie przestrzenne oraz mieszkalnictwo i&nbsp;transport (Dz. U. z&nbsp;2016 r., poz. 2086) <\/span><b><span style=\"background: white none repeat scroll 0% 0%;\">&ndash; <\/span><\/b><b><span style=\"background: white none repeat scroll 0% 0%;\">wejdzie w&nbsp;\u017cycie z&nbsp;dniem 1 stycznia 2017<\/span><span style=\"background: white none repeat scroll 0% 0%;\"> r.<\/span><\/b><\/p>\n<p class=\"Tekstpraswki0\" style=\"text-align: justify;\"><b><span style=\"background: white none repeat scroll 0% 0%;\">Rozporz\u0105dzenie<\/span><\/b><span style=\"background: white none repeat scroll 0% 0%;\"> Ministra Rodziny, Pracy i&nbsp;Polityki Spo\u0142ecznej z&nbsp;dnia 16 grudnia 2016 r. w&nbsp;sprawie upowa\u017cnienia do uznawania kwalifikacji do wykonywania zawod&oacute;w regulowanych w&nbsp;dziedzinie bezpiecze\u0144stwa i&nbsp;higieny pracy, nabytych w&nbsp;pa\u0144stwach cz\u0142onkowskich Unii Europejskiej, pa\u0144stwach cz\u0142onkowskich Europejskiego Porozumienia o&nbsp;Wolnym Handlu (EFTA) &#8211; stronach umowy o&nbsp;Europejskim Obszarze Gospodarczym lub Konfederacji Szwajcarskiej (Dz. U. z&nbsp;2016 r., poz. 2151) <\/span><b><span style=\"background: white none repeat scroll 0% 0%;\">&ndash; <\/span><\/b><b><span style=\"background: white none repeat scroll 0% 0%;\">wejdzie w&nbsp;\u017cycie z&nbsp;dniem 1 stycznia 2017<\/span><span style=\"background: white none repeat scroll 0% 0%;\"> r.<\/span><\/b><\/p>\n<p>&nbsp;<\/p>\n<p class=\"Dziedzinaprawa\" style=\"text-align: justify;\"><strong><span style=\"background: white none repeat scroll 0% 0%;\">O ZASADACH UZNAWANIA KWALIFIKACJI ZAWODOWYCH NABYTYCH W<\/span><span style=\"background: white none repeat scroll 0% 0%;\">PA\u0143STWACH CZ\u0141ONKOWSKICH UNII EUROPEJSKIEJ<\/span><\/strong><\/p>\n<p class=\"Tekstpraswki0\" style=\"text-align: justify;\"><b><span style=\"background: white none repeat scroll 0% 0%;\">Rozporz\u0105dzenie<\/span><\/b><span style=\"background: white none repeat scroll 0% 0%;\"> Ministra Rozwoju i&nbsp;Finans&oacute;w z&nbsp;dnia 14 grudnia 2016 r. w&nbsp;sprawie testu umiej\u0119tno\u015bci przeprowadzanego w&nbsp;celu uznania kwalifikacji do wykonywania zawodu doradcy podatkowego (Dz. U. z&nbsp;2016 r., poz. 2055) <\/span><b><span style=\"background: white none repeat scroll 0% 0%;\">&ndash; <\/span><\/b><b><span style=\"background: white none repeat scroll 0% 0%;\">wejdzie w&nbsp;\u017cycie z&nbsp;dniem 31&nbsp;grudnia 2016<\/span><span style=\"background: white none repeat scroll 0% 0%;\"> r.<\/span><\/b><\/p>\n<p class=\"Tekstpraswki0\" style=\"text-align: justify;\"><b><span style=\"background: white none repeat scroll 0% 0%;\">Rozporz\u0105dzenie<\/span><\/b><span style=\"background: white none repeat scroll 0% 0%;\"> Ministra Rozwoju i&nbsp;Finans&oacute;w <\/span>z dnia 12 grudnia 2016 r. w&nbsp;sprawie odbywania sta\u017cu adaptacyjnego oraz przeprowadzania testu umiej\u0119tno\u015bci stanowi\u0105cych podstaw\u0119 uznania kwalifikacji do wykonywania zawodu maklera papier&oacute;w warto\u015bciowych oraz doradcy inwestycyjnego (Dz. U. z&nbsp;2016 r., poz. 2141) <b><span style=\"background: white none repeat scroll 0% 0%;\">&ndash; <\/span><\/b><b><span style=\"background: white none repeat scroll 0% 0%;\">wejdzie w&nbsp;\u017cycie z&nbsp;dniem 1 stycznia 2017<\/span><span style=\"background: white none repeat scroll 0% 0%;\"> r.<\/span><\/b><\/p>\n<p class=\"Tekstpraswki0\" style=\"text-align: justify;\"><b><span style=\"background: white none repeat scroll 0% 0%;\">Rozporz\u0105dzenie<\/span><\/b><span style=\"background: white none repeat scroll 0% 0%;\"> Ministra Rodziny, Pracy i&nbsp;Polityki Spo\u0142ecznej z&nbsp;dnia 16 grudnia 2016 r. w&nbsp;sprawie sta\u017cu adaptacyjnego oraz testu umiej\u0119tno\u015bci w&nbsp;toku post\u0119powania w&nbsp;sprawie uznania kwalifikacji zawodowych do wykonywania zawodu pracownika socjalnego (Dz.&nbsp;U.&nbsp;z 2016 r., poz. 2194) <\/span><b><span style=\"background: white none repeat scroll 0% 0%;\">&ndash; <\/span><\/b><b><span style=\"background: white none repeat scroll 0% 0%;\">wesz\u0142o w&nbsp;\u017cycie z&nbsp;dniem 29 grudnia 2016<\/span><span style=\"background: white none repeat scroll 0% 0%;\"> r.<\/span><\/b><\/p>\n<p class=\"Tekstpraswki0\" style=\"text-align: justify;\"><b><span style=\"background: white none repeat scroll 0% 0%;\">Rozporz\u0105dzenie<\/span><\/b><span style=\"background: white none repeat scroll 0% 0%;\"> Ministra Rodziny, Pracy i&nbsp;Polityki Spo\u0142ecznej z&nbsp;dnia 16 grudnia 2016 r. w&nbsp;sprawie sta\u017cu adaptacyjnego i&nbsp;testu umiej\u0119tno\u015bci w&nbsp;toku post\u0119powania o&nbsp;uznanie kwalifikacji do wykonywania zawod&oacute;w regulowanych w&nbsp;dziedzinie bezpiecze\u0144stwa i&nbsp;higieny pracy (Dz. U. z&nbsp;2016 r., poz. 2185) <\/span><b><span style=\"background: white none repeat scroll 0% 0%;\">&ndash; <\/span><\/b><b><span style=\"background: white none repeat scroll 0% 0%;\">wejdzie w&nbsp;\u017cycie z&nbsp;dniem 1&nbsp;stycznia&nbsp;2017<\/span><span style=\"background: white none repeat scroll 0% 0%;\"> r.<\/span><\/b><\/p>\n<p class=\"Tekstpraswki0\" style=\"text-align: justify;\"><b><span style=\"background: white none repeat scroll 0% 0%;\">Rozporz\u0105dzenie<\/span><\/b><span style=\"background: white none repeat scroll 0% 0%;\"> Ministra Sprawiedliwo\u015bci z&nbsp;dnia 19 grudnia 2016 r. w&nbsp;sprawie sta\u017cu adaptacyjnego i&nbsp;testu umiej\u0119tno\u015bci w&nbsp;toku post\u0119powania o&nbsp;uznanie kwalifikacji do wykonywania zawodu doradcy restrukturyzacyjnego (Dz. U. z&nbsp;2016 r., poz. 2193) <\/span><span style=\"background: white none repeat scroll 0% 0%;\">&ndash; <\/span><b><span style=\"background: white none repeat scroll 0% 0%;\">wejdzie w&nbsp;\u017cycie z&nbsp;dniem 1 stycznia 2017<\/span><span style=\"background: white none repeat scroll 0% 0%;\"> r.<\/span><\/b><\/p>\n<p>&nbsp;<\/p>\n<p class=\"Dziedzinaprawa\" style=\"text-align: justify;\"><strong><span style=\"background: white none repeat scroll 0% 0%;\">NAUKA, SZKOLNICTWO WY\u017bSZE<\/span><\/strong><\/p>\n<p class=\"Tekstpraswki0\" style=\"text-align: justify;\"><b><span style=\"background: white none repeat scroll 0% 0%;\">Rozporz\u0105dzenie<\/span><\/b><span style=\"background: white none repeat scroll 0% 0%;\"> Ministra Nauki i&nbsp;Szkolnictwa Wy\u017cszego <\/span>z dnia 12 grudnia 2016 r. w&nbsp;sprawie przyznawania kategorii naukowej jednostkom naukowym i&nbsp;uczelniom, w&nbsp;kt&oacute;rych zgodnie z&nbsp;ich statutami nie wyodr\u0119bniono podstawowych jednostek organizacyjnych (Dz. U. z&nbsp;2016 r., poz. 2154)<b><span style=\"background: white none repeat scroll 0% 0%;\"> &ndash; <\/span><\/b><b><span style=\"background: white none repeat scroll 0% 0%;\">wejdzie w&nbsp;\u017cycie z&nbsp;dniem 1&nbsp;stycznia&nbsp;2017<\/span><span style=\"background: white none repeat scroll 0% 0%;\"> r.<\/span><\/b><\/p>\n<p class=\"Tekstpraswki0\" style=\"text-align: justify;\"><b>Ustawa<\/b> z&nbsp;dnia 2 grudnia 2016 r. o&nbsp;zmianie ustawy &#8211; Prawo o&nbsp;szkolnictwie wy\u017cszym oraz niekt&oacute;rych innych ustaw (Dz. U. z&nbsp;2016 r., poz. 2169) <b><span style=\"background: white none repeat scroll 0% 0%;\">&ndash; <\/span><\/b><b><span style=\"background: white none repeat scroll 0% 0%;\">wejdzie w&nbsp;\u017cycie z&nbsp;dniem 1&nbsp;stycznia 2017<\/span><span style=\"background: white none repeat scroll 0% 0%;\"> r.<\/span><\/b><\/p>\n<p class=\"Omwienie\" style=\"text-align: justify;\">W ustawie z&nbsp;dnia 27 lipca 2005 r. &#8211; Prawo o&nbsp;szkolnictwie wy\u017cszym (Dz. U. z&nbsp;2016 r. poz. 1842 i&nbsp;1933) zmianie ulegnie brzmienie art. 94b, art. 94c, art. 96a, dodany zostanie art. 96b, uchyla si\u0119 art. 84a i&nbsp;art. 84b, w&nbsp;art. 106a w&nbsp;ust. 3 uchyla si\u0119 pkt 3.<\/p>\n<p class=\"Omwienie\" style=\"text-align: justify;\">W ustawie z&nbsp;dnia 7 wrze\u015bnia 1991 r. o&nbsp;systemie o\u015bwiaty (Dz. U. z&nbsp;2016 r. poz. 1943, 1954 i&nbsp;1985) w&nbsp;art. 9a w&nbsp;ust. 2 dodaje si\u0119 pkt 5a, w&nbsp;art. 9c w&nbsp;ust. 2 dodaje si\u0119 pkt 11a.<\/p>\n<p class=\"Omwienie\" style=\"text-align: justify;\">W ustawie z&nbsp;dnia 17 lipca 1998 r. o&nbsp;po\u017cyczkach i&nbsp;kredytach studenckich (Dz. U. z&nbsp;2014 r. poz. 1026 i&nbsp;1198 oraz z&nbsp;2016 r. poz. 615 i&nbsp;1311) uchyla si\u0119 art. 11 i&nbsp;art. 12, w&nbsp;art. 14 uchyla si\u0119 ust. 2.<\/p>\n<p class=\"Tekstpraswki0\" style=\"text-align: justify;\"><b><span style=\"background: white none repeat scroll 0% 0%;\">Rozporz\u0105dzenie<\/span><\/b><span style=\"background: white none repeat scroll 0% 0%;\"> Ministra Edukacji Narodowej <\/span>z dnia 16 grudnia 2016 r. w&nbsp;sprawie regulaminu konkursu na stanowisko kuratora o\u015bwiaty oraz trybu pracy komisji konkursowej (Dz. U. z&nbsp;2016 r., poz. 2150) <b><span style=\"background: white none repeat scroll 0% 0%;\">&ndash; <\/span><\/b><b><span style=\"background: white none repeat scroll 0% 0%;\">wejdzie w&nbsp;\u017cycie z&nbsp;dniem 1 stycznia 2017<\/span><span style=\"background: white none repeat scroll 0% 0%;\"> r.<\/span><\/b><\/p>\n<p class=\"Tekstpraswki0\" style=\"text-align: justify;\"><b><span style=\"background: white none repeat scroll 0% 0%;\">Rozporz\u0105dzenie<\/span><\/b><span style=\"background: white none repeat scroll 0% 0%;\"> Ministra Edukacji Narodowej z&nbsp;dnia 9 grudnia 2016 r. w&nbsp;sprawie sposobu ustalania wysoko\u015bci wynagrodzenia przewodnicz\u0105cych komisji dyscyplinarnych i&nbsp;ich zast\u0119pc&oacute;w, przewodnicz\u0105cych sk\u0142ad&oacute;w orzekaj\u0105cych oraz rzecznik&oacute;w dyscyplinarnych i&nbsp;ich zast\u0119pc&oacute;w, a&nbsp;tak\u017ce wysoko\u015bci wynagrodzenia obro\u0144cy z&nbsp;urz\u0119du (Dz. U. z&nbsp;2016 r., poz. 2040) <\/span><b><span style=\"background: white none repeat scroll 0% 0%;\">&ndash; <\/span><\/b><b><span style=\"background: white none repeat scroll 0% 0%;\">wejdzie w&nbsp;\u017cycie z&nbsp;dniem 1<\/span><span style=\"background: white none repeat scroll 0% 0%;\"> stycznia 2017 r.<\/span><\/b><\/p>\n<p>&nbsp;<\/p>\n<p class=\"Dziedzinaprawa\" style=\"text-align: justify;\"><strong>OCHRONA ZDROWIA<\/strong><\/p>\n<p class=\"Tekstpraswki0\" style=\"text-align: justify;\"><b>Ustawa <\/b>z dnia 4 listopada 2016 r. o&nbsp;zmianie ustawy o&nbsp;\u015bwiadczeniach opieki zdrowotnej finansowanych ze \u015brodk&oacute;w publicznych oraz niekt&oacute;rych innych ustaw (Dz.&nbsp;U.&nbsp;z&nbsp;2016&nbsp;r.,&nbsp;poz. 2173) <span style=\"background: white none repeat scroll 0% 0%;\">&ndash; <\/span><b><span style=\"background: white none repeat scroll 0% 0%;\">wejdzie w&nbsp;\u017cycie z&nbsp;dniem 12 stycznia 2017<\/span><span style=\"background: white none repeat scroll 0% 0%;\"> r.<\/span><\/b><b><span style=\"background: white none repeat scroll 0% 0%;\">, z&nbsp;wyj\u0105tkiem art. 3 pkt 1 i&nbsp;2, kt&oacute;re wchodz\u0105 w&nbsp;\u017cycie z&nbsp;dniem 1 stycznia 2017 r.<\/span><\/b><\/p>\n<p class=\"Omwienie\" style=\"text-align: justify;\">W ustawie z&nbsp;dnia 27 sierpnia 2004 r. o&nbsp;\u015bwiadczeniach opieki zdrowotnej finansowanych ze \u015brodk&oacute;w publicznych (Dz. U. z&nbsp;2016 r. poz. 1793, 1807, 1860, 1948 i&nbsp;2138) zmianie ulegnie brzmienie art. 23a, art. 50.<\/p>\n<p class=\"Omwienie\" style=\"text-align: justify;\">W ustawie z&nbsp;dnia 5 grudnia 2008 r. o&nbsp;zapobieganiu oraz zwalczaniu zaka\u017ce\u0144 i&nbsp;chor&oacute;b zaka\u017anych u&nbsp;ludzi (Dz. U. z&nbsp;2016 r. poz. 1866 i&nbsp;2003) zmianie ulegnie brzmienie art. 17 ust. 11.<\/p>\n<p class=\"Omwienie\" style=\"text-align: justify;\">W ustawie z&nbsp;dnia 24 lipca 2015 r. o&nbsp;zmianie ustawy o&nbsp;\u015bwiadczeniach opieki zdrowotnej finansowanych ze \u015brodk&oacute;w publicznych oraz ustawy o&nbsp;zapobieganiu oraz zwalczaniu zaka\u017ce\u0144 i&nbsp;chor&oacute;b zaka\u017anych u&nbsp;ludzi (Dz. U. poz. 1365) w&nbsp;art. 1 uchyla si\u0119 pkt 4-6, w&nbsp;art. 2 w&nbsp;pkt 2 uchyla si\u0119 lit. a&nbsp;i c, uchyla si\u0119 art. 3.<\/p>\n<p class=\"Tekstpraswki0\" style=\"text-align: justify;\"><b><span style=\"background: white none repeat scroll 0% 0%;\">Rozporz\u0105dzenie<\/span><\/b><span style=\"background: white none repeat scroll 0% 0%;\"> Ministra Zdrowia <\/span>z dnia 16 grudnia 2016 r. zmieniaj\u0105ce rozporz\u0105dzenie w&nbsp;sprawie \u015bwiadcze\u0144 gwarantowanych z&nbsp;zakresu rehabilitacji leczniczej (Dz. U. z&nbsp;2016 r., poz. 2162) <b><span style=\"background: white none repeat scroll 0% 0%;\">&ndash; <\/span><\/b><b><span style=\"background: white none repeat scroll 0% 0%;\">wesz\u0142o w&nbsp;\u017cycie z&nbsp;dniem 28 grudnia 2016<\/span><span style=\"background: white none repeat scroll 0% 0%;\"> r.<\/span><\/b><\/p>\n<p class=\"Omwienie\" style=\"text-align: justify;\">W rozporz\u0105dzeniu Ministra Zdrowia z&nbsp;dnia 6 listopada 2013 r. w&nbsp;sprawie \u015bwiadcze\u0144 gwarantowanych z&nbsp;zakresu rehabilitacji leczniczej (Dz. U. poz. 1522) zmianie uleg\u0142o brzmienie &sect; 4, za\u0142\u0105cznika nr 1, za\u0142\u0105cznika nr 4 lp. 11-13, dodaje si\u0119 za\u0142\u0105cznik nr 5, w&nbsp;&sect; 7 dodaje si\u0119 ust. 3.<\/p>\n<p class=\"Tekstpraswki0\" style=\"text-align: justify;\"><b><span style=\"background: white none repeat scroll 0% 0%;\">Rozporz\u0105dzenie<\/span><\/b><span style=\"background: white none repeat scroll 0% 0%;\"> Ministra Zdrowia <\/span>z dnia 16 grudnia 2016 r. zmieniaj\u0105ce rozporz\u0105dzenie w&nbsp;sprawie \u015bwiadcze\u0144 gwarantowanych z&nbsp;zakresu leczenia szpitalnego (Dz. U. z&nbsp;2016 r., poz. 2163) <b><span style=\"background: white none repeat scroll 0% 0%;\">&ndash; <\/span><\/b><b><span style=\"background: white none repeat scroll 0% 0%;\">wesz\u0142o w&nbsp;\u017cycie z&nbsp;dniem 28 grudnia 2016<\/span><span style=\"background: white none repeat scroll 0% 0%;\"> r.<\/span><\/b><\/p>\n<p class=\"Omwienie\" style=\"text-align: justify;\">W rozporz\u0105dzeniu Ministra Zdrowia z&nbsp;dnia 22 listopada 2013 r. w&nbsp;sprawie \u015bwiadcze\u0144 gwarantowanych z&nbsp;zakresu leczenia szpitalnego (Dz. U. z&nbsp;2016 r. poz. 694, 855, 918 i&nbsp;936) w&nbsp;za\u0142\u0105czniku nr 4 dodaje si\u0119 lp. 36.<\/p>\n<p class=\"Tekstpraswki0\" style=\"text-align: justify;\"><b><span style=\"background: white none repeat scroll 0% 0%;\">Rozporz\u0105dzenie<\/span><\/b><span style=\"background: white none repeat scroll 0% 0%;\"> Ministra Zdrowia <\/span>z dnia 16 grudnia 2016 r. zmieniaj\u0105ce rozporz\u0105dzenie w&nbsp;sprawie \u015bwiadcze\u0144 gwarantowanych z&nbsp;zakresu ambulatoryjnej opieki specjalistycznej (Dz. U. z&nbsp;2016 r., poz. 2164) <b><span style=\"background: white none repeat scroll 0% 0%;\">&ndash; <\/span><\/b><b><span style=\"background: white none repeat scroll 0% 0%;\">wesz\u0142o w&nbsp;\u017cycie z&nbsp;dniem 28 grudnia 2016<\/span><span style=\"background: white none repeat scroll 0% 0%;\"> r.<\/span><\/b><\/p>\n<p class=\"Omwienie\" style=\"text-align: justify;\">W rozporz\u0105dzeniu Ministra Zdrowia z&nbsp;dnia 6 listopada 2013 r. w&nbsp;sprawie \u015bwiadcze\u0144 gwarantowanych z&nbsp;zakresu ambulatoryjnej opieki specjalistycznej (Dz. U. z&nbsp;2016 r. poz. 357) w&nbsp;za\u0142\u0105czniku nr 5 dodaje si\u0119 lp. 21.<\/p>\n<p>&nbsp;<\/p>\n<p class=\"Dziedzinaprawa\" style=\"text-align: justify;\"><strong>PROMOCJA ZATRUDNIENIA I&nbsp;INSTYTUCJE RYNKU PRACY<\/strong><\/p>\n<p class=\"Tekstpraswki0\" style=\"text-align: justify;\"><b><span style=\"background: white none repeat scroll 0% 0%;\">Rozporz\u0105dzenie<\/span><\/b><span style=\"background: white none repeat scroll 0% 0%;\"> Ministra Rodziny, Pracy i&nbsp;Polityki Spo\u0142ecznej <\/span>z dnia 16 grudnia 2016 r. zmieniaj\u0105ce rozporz\u0105dzenie w&nbsp;sprawie przyznawania \u015brodk&oacute;w z&nbsp;Krajowego Funduszu Szkoleniowego (Dz. U. z&nbsp;2016 r., poz. 2155) <b><span style=\"background: white none repeat scroll 0% 0%;\">&ndash; <\/span><\/b><b><span style=\"background: white none repeat scroll 0% 0%;\">wejdzie w&nbsp;\u017cycie z&nbsp;dniem 1 stycznia 2017<\/span><span style=\"background: white none repeat scroll 0% 0%;\"> r.<\/span><\/b><\/p>\n<p class=\"Omwienie\" style=\"text-align: justify;\">W rozporz\u0105dzeniu Ministra Pracy i&nbsp;Polityki Spo\u0142ecznej z&nbsp;dnia 14 maja 2014 r. w&nbsp;sprawie przyznawania \u015brodk&oacute;w z&nbsp;Krajowego Funduszu Szkoleniowego (Dz. U. poz. 639) zmianie ulegnie brzmienie &sect; 2, &sect; 5, &sect; 6, &sect; 7, uchyla si\u0119 &sect; 4.<\/p>\n<p>&nbsp;<\/p>\n<p class=\"Dziedzinaprawa\" style=\"text-align: justify;\"><strong>DZIA\u0141ALNO\u015a\u0106 UBEZPIECZENIOWA I&nbsp;REASEKURACYJNA<\/strong><\/p>\n<p class=\"Tekstpraswki0\" style=\"text-align: justify;\"><b><span style=\"background: white none repeat scroll 0% 0%;\">Rozporz\u0105dzenie<\/span><\/b><span style=\"background: white none repeat scroll 0% 0%;\"> Ministra Rozwoju i&nbsp;Finans&oacute;w <\/span>z dnia 9 grudnia 2016 r. w&nbsp;sprawie egzaminu aktuarialnego (Dz. U. z&nbsp;2016 r., poz. 2182) <b><span style=\"background: white none repeat scroll 0% 0%;\">&ndash; <\/span><\/b><b><span style=\"background: white none repeat scroll 0% 0%;\">wejdzie w&nbsp;\u017cycie z&nbsp;dniem 1&nbsp;stycznia 2017<\/span><span style=\"background: white none repeat scroll 0% 0%;\"> r.<\/span><\/b><\/p>\n<p>&nbsp;<\/p>\n<p class=\"Dziedzinaprawa\" style=\"text-align: justify;\"><strong><span style=\"background: white none repeat scroll 0% 0%;\">UTRZYMANI<\/span><span style=\"background: white none repeat scroll 0% 0%;\">E<\/span><span style=\"background: white none repeat scroll 0% 0%;\"> CZYSTO\u015aCI I&nbsp;PORZ\u0104DKU W&nbsp;GMINACH<\/span><\/strong><\/p>\n<p class=\"Tekstpraswki0\" style=\"text-align: justify;\"><b><span style=\"background: white none repeat scroll 0% 0%;\">Rozporz\u0105dzenie<\/span><\/b><span style=\"background: white none repeat scroll 0% 0%;\"> Ministra \u015arodowiska z&nbsp;dnia 14 grudnia 2016 r. w&nbsp;sprawie poziom&oacute;w recyklingu, przygotowania do ponownego u\u017cycia i&nbsp;odzysku innymi metodami niekt&oacute;rych frakcji odpad&oacute;w komunalnych (Dz. U. z&nbsp;2016 r., poz. 2167) <\/span><span style=\"background: white none repeat scroll 0% 0%;\">&ndash; <\/span><b><span style=\"background: white none repeat scroll 0% 0%;\">wejdzie w&nbsp;\u017cycie z&nbsp;dniem 31 grudnia 2016<\/span><span style=\"background: white none repeat scroll 0% 0%;\"> r.<\/span><\/b><\/p>\n<p>&nbsp;<\/p>\n<p class=\"Dziedzinaprawa\" style=\"text-align: justify;\"><strong>ODPADY<\/strong><\/p>\n<p class=\"Tekstpraswki0\" style=\"text-align: justify;\"><b><span style=\"background: white none repeat scroll 0% 0%;\">Rozporz\u0105dzenie<\/span><\/b><span style=\"background: white none repeat scroll 0% 0%;\"> Ministra \u015arodowiska <\/span>z dnia 15 grudnia 2016 r. w&nbsp;sprawie zakresu i&nbsp;wzoru rocznego raportu o&nbsp;funkcjonowaniu systemu gospodarki zu\u017cytym sprz\u0119tem (Dz.&nbsp;U. z&nbsp;2016 r., poz. 2184) <b><span style=\"background: white none repeat scroll 0% 0%;\">&ndash; <\/span><\/b><b><span style=\"background: white none repeat scroll 0% 0%;\">wejdzie w&nbsp;\u017cycie z&nbsp;dniem 1 stycznia 2017<\/span><span style=\"background: white none repeat scroll 0% 0%;\"> r.<\/span><\/b><\/p>\n<p class=\"Tekstpraswki0\" style=\"text-align: justify;\"><b><span style=\"background: white none repeat scroll 0% 0%;\">Rozporz\u0105dzenie<\/span><\/b><span style=\"background: white none repeat scroll 0% 0%;\"> Ministra \u015arodowiska z&nbsp;dnia 16 grudnia 2016 r. w&nbsp;sprawie wzoru za\u015bwiadczenia o&nbsp;zu\u017cytym sprz\u0119cie (Dz. U. z&nbsp;2016 r., poz. 2186) <\/span><b><span style=\"background: white none repeat scroll 0% 0%;\">&ndash; <\/span><\/b><b><span style=\"background: white none repeat scroll 0% 0%;\">wejdzie w&nbsp;\u017cycie z&nbsp;dniem 1 stycznia 2017<\/span><span style=\"background: white none repeat scroll 0% 0%;\"> r.<\/span><\/b><\/p>\n<p>&nbsp;<\/p>\n<p class=\"Dziedzinaprawa\" style=\"text-align: justify;\"><strong>GRY HAZARDOWE<\/strong><\/p>\n<p class=\"Tekstpraswki0\" style=\"text-align: justify;\"><b><span style=\"background: white none repeat scroll 0% 0%;\">Rozporz\u0105dzenie<\/span><\/b><span style=\"background: white none repeat scroll 0% 0%;\"> Ministra Kultury i&nbsp;Dziedzictwa Narodowego <\/span>z dnia 23 grudnia 2016 r. zmieniaj\u0105ce rozporz\u0105dzenie w&nbsp;sprawie szczeg&oacute;\u0142owych warunk&oacute;w uzyskiwania dofinansowania realizacji zada\u0144 z&nbsp;zakresu kultury, trybu sk\u0142adania wniosk&oacute;w oraz przekazywania \u015brodk&oacute;w z&nbsp;Funduszu Promocji Kultury (Dz. U. z&nbsp;2016 r., poz. 2156) <b><span style=\"background: white none repeat scroll 0% 0%;\">&ndash; <\/span><\/b><b><span style=\"background: white none repeat scroll 0% 0%;\">wejdzie w&nbsp;\u017cycie z&nbsp;dniem 4 stycznia 2017<\/span><span style=\"background: white none repeat scroll 0% 0%;\"> r.<\/span><\/b><\/p>\n<p class=\"Omwienie\" style=\"text-align: justify;\">W rozporz\u0105dzeniu Ministra Kultury i&nbsp;Dziedzictwa Narodowego z&nbsp;dnia 30 czerwca 2010 r. w&nbsp;sprawie szczeg&oacute;\u0142owych warunk&oacute;w uzyskiwania dofinansowania realizacji zada\u0144 z&nbsp;zakresu kultury, trybu sk\u0142adania wniosk&oacute;w oraz przekazywania \u015brodk&oacute;w z&nbsp;Funduszu Promocji Kultury (Dz. U. poz. 797) dodaje si\u0119 &sect; 12a.<\/p>\n<p>&nbsp;<\/p>\n<p class=\"Dziedzinaprawa\" style=\"text-align: justify;\"><strong>ZARZ\u0104DZENIA PREZESA NARODOWEGO FUNDUSZU ZDROWIA<\/strong><\/p>\n<p class=\"Tekstpraswki0\" style=\"text-align: justify;\"><b>Zarz\u0105dzenie<\/b> Nr 125\/2016\/DSOZ Prezesa Narodowego Funduszu Zdrowia z&nbsp;dnia 22&nbsp;grudnia 2016 r. w&nbsp;sprawie okre\u015blenia warunk&oacute;w zawierania i&nbsp;realizacji um&oacute;w o&nbsp;udzielanie \u015bwiadcze\u0144 opieki zdrowotnej przez podmioty realizuj\u0105ce \u015bwiadczenia koordynowanej opieki nad kobiet\u0105 i&nbsp;dzieckiem oraz zmiany niekt&oacute;rych zarz\u0105dze\u0144 Prezesa Narodowego Funduszu Zdrowia w&nbsp;zwi\u0105zku z&nbsp;przepisami ustawy o&nbsp;wsparciu kobiet w&nbsp;ci\u0105\u017cy i&nbsp;rodzin &bdquo;Za \u017cyciem&rdquo;<b> &#8211; <\/b><b>wejdzie w&nbsp;\u017cycie z&nbsp;dniem nast\u0119puj\u0105cym po dniu podpisania.<\/b><\/p>\n<p class=\"Tekstpraswki0\" style=\"text-align: justify;\"><b>Zarz\u0105dzenie<\/b> Nr 126\/2016\/BK Prezesa Narodowego Funduszu Zdrowia z&nbsp;dnia 29 grudnia 2016 r. zmieniaj\u0105ce zarz\u0105dzenie w&nbsp;sprawie ustalenia zasad rachunkowo\u015bci w&nbsp;Narodowym Funduszu Zdrowia <b>&#8211; wejdzie w&nbsp;\u017cycie z&nbsp;dniem 1 stycznia 2017 r., z&nbsp;wyj\u0105tkiem &sect; 1 pkt 1 lit. e tiret drugie tiret drugie podw&oacute;jne oraz pkt 4, kt&oacute;re wchodz\u0105 w&nbsp;\u017cycie z&nbsp;moc\u0105 od dnia 1 stycznia 2016 r.<\/b><\/p>\n<p class=\"Tekstpraswki0\" style=\"text-align: justify;\"><b>Zarz\u0105dzenie<\/b> Nr 128\/2016\/DEF Prezesa Narodowego Funduszu Zdrowia z&nbsp;dnia 29&nbsp;grudnia 2016 r. w&nbsp;sprawie uruchomienia rezerwy og&oacute;lnej uwzgl\u0119dnionej w&nbsp;planie finansowym Narodowego Funduszu Zdrowia na 2016 rok<b> &#8211; wejdzie w&nbsp;\u017cycie z&nbsp;dniem podpisania.<\/b><\/p>\n<p>&nbsp;<\/p>\n<p class=\"NowePrawo\" style=\"text-align: justify;\"><strong>_____Orzecznictwo<\/strong><\/p>\n<p class=\"SdNajwyszy\" style=\"margin-bottom: 0.0001pt; text-align: justify;\"><strong>S\u0105d Najwy\u017cszy<\/strong><\/p>\n<p class=\"Dziedzinaprawa\" style=\"text-align: justify;\"><strong>PODLEGANIE Z&nbsp;URZ\u0118DU &#8220;PRZEREJESTROWANIU&#8221; SP&Oacute;\u0141KI AKCYJNEJ W&nbsp;UPAD\u0141O\u015aCI WPISANEJ DO REJESTRU HANDLOWEGO DO KRAJOWEGO REJESTRU S\u0104DOWEGO<\/strong><\/p>\n<p class=\"Tekstpraswki0\" style=\"text-align: justify;\">Sp&oacute;\u0142ka akcyjna w&nbsp;upad\u0142o\u015bci wpisana do rejestru handlowego podlega z&nbsp;urz\u0119du &#8220;przerejestrowaniu&#8221; do Krajowego Rejestru S\u0105dowego <b>&ndash; <\/b><b>Uchwa\u0142a<\/b><b> S\u0105du Najwy\u017cszego<\/b><b> z<\/b><b>&nbsp;dnia 21 grudnia 2016 r.<\/b><b>, sygn. akt III CZP 83\/16<\/b><b>.<\/b><\/p>\n","protected":false},"excerpt":{"rendered":"<p>We would like to present the next issue of legal bulletin of the Law Office of Adam Polowiec.What you will find here is some information about the new provisions of law and the projects of amendments to acts, but also case-laws including the case laws of Supreme Court, Constitutional Tribunal and European Court of Justice.<\/p>\n","protected":false},"author":3,"featured_media":0,"comment_status":"closed","ping_status":"open","sticky":false,"template":"","format":"standard","meta":{"footnotes":""},"categories":[2],"tags":[],"class_list":["post-732","post","type-post","status-publish","format-standard","hentry","category-wpisy"],"featured_image_src":{"landsacpe":false,"list":false,"medium":false,"full":false},"yoast_head":"<!-- This site is optimized with the Yoast SEO plugin v27.2 - https:\/\/yoast.com\/product\/yoast-seo-wordpress\/ -->\n<title>Legal Bulletin Of The Law Office Of Adam Polowiec (19 December 2016 - 1 January 2017) - Polowiec i Wsp\u00f3lnicy - Kancelaria prawna<\/title>\n<meta name=\"robots\" content=\"index, follow, max-snippet:-1, max-image-preview:large, max-video-preview:-1\" \/>\n<link rel=\"canonical\" href=\"https:\/\/polowiec.pl\/en\/legal-bulletin-of-the-law-office-of-adam-polowiec-19-december-2016-1-january-2017\/\" \/>\n<meta property=\"og:locale\" content=\"en_US\" \/>\n<meta property=\"og:type\" content=\"article\" \/>\n<meta property=\"og:title\" content=\"Legal Bulletin Of The Law Office Of Adam Polowiec (19 December 2016 - 1 January 2017) - Polowiec i Wsp\u00f3lnicy - Kancelaria prawna\" \/>\n<meta property=\"og:description\" content=\"We would like to present the next issue of legal bulletin of the Law Office of Adam Polowiec.What you will find here is some information about the new provisions of law and the projects of amendments to acts, but also case-laws including the case laws of Supreme Court, Constitutional Tribunal and European Court of Justice.\" \/>\n<meta property=\"og:url\" content=\"https:\/\/polowiec.pl\/en\/legal-bulletin-of-the-law-office-of-adam-polowiec-19-december-2016-1-january-2017\/\" \/>\n<meta property=\"og:site_name\" content=\"Polowiec i Wsp\u00f3lnicy - Kancelaria prawna\" \/>\n<meta property=\"article:publisher\" content=\"https:\/\/www.facebook.com\/polowieciwspolnicy\/\" \/>\n<meta property=\"article:published_time\" content=\"2017-01-03T15:07:37+00:00\" \/>\n<meta property=\"article:modified_time\" content=\"2019-04-18T14:53:24+00:00\" \/>\n<meta name=\"author\" content=\"Marcin Rusinek\" \/>\n<meta name=\"twitter:card\" content=\"summary_large_image\" \/>\n<meta name=\"twitter:label1\" content=\"Written by\" \/>\n\t<meta name=\"twitter:data1\" content=\"Marcin Rusinek\" \/>\n\t<meta name=\"twitter:label2\" content=\"Est. reading time\" \/>\n\t<meta name=\"twitter:data2\" content=\"23 minutes\" \/>\n<script type=\"application\/ld+json\" class=\"yoast-schema-graph\">{\"@context\":\"https:\/\/schema.org\",\"@graph\":[{\"@type\":\"Article\",\"@id\":\"https:\/\/polowiec.pl\/en\/legal-bulletin-of-the-law-office-of-adam-polowiec-19-december-2016-1-january-2017\/#article\",\"isPartOf\":{\"@id\":\"https:\/\/polowiec.pl\/en\/legal-bulletin-of-the-law-office-of-adam-polowiec-19-december-2016-1-january-2017\/\"},\"author\":{\"name\":\"Marcin Rusinek\",\"@id\":\"https:\/\/polowiec.pl\/en\/#\/schema\/person\/74c7526b6f52be5ae94031504f9ffec4\"},\"headline\":\"Legal Bulletin Of The Law Office Of Adam Polowiec (19 December 2016 &#8211; 1 January 2017)\",\"datePublished\":\"2017-01-03T15:07:37+00:00\",\"dateModified\":\"2019-04-18T14:53:24+00:00\",\"mainEntityOfPage\":{\"@id\":\"https:\/\/polowiec.pl\/en\/legal-bulletin-of-the-law-office-of-adam-polowiec-19-december-2016-1-january-2017\/\"},\"wordCount\":4708,\"publisher\":{\"@id\":\"https:\/\/polowiec.pl\/en\/#organization\"},\"articleSection\":[\"Wpisy\"],\"inLanguage\":\"en-US\"},{\"@type\":\"WebPage\",\"@id\":\"https:\/\/polowiec.pl\/en\/legal-bulletin-of-the-law-office-of-adam-polowiec-19-december-2016-1-january-2017\/\",\"url\":\"https:\/\/polowiec.pl\/en\/legal-bulletin-of-the-law-office-of-adam-polowiec-19-december-2016-1-january-2017\/\",\"name\":\"Legal Bulletin Of The Law Office Of Adam Polowiec (19 December 2016 - 1 January 2017) - Polowiec i Wsp\u00f3lnicy - Kancelaria prawna\",\"isPartOf\":{\"@id\":\"https:\/\/polowiec.pl\/en\/#website\"},\"datePublished\":\"2017-01-03T15:07:37+00:00\",\"dateModified\":\"2019-04-18T14:53:24+00:00\",\"breadcrumb\":{\"@id\":\"https:\/\/polowiec.pl\/en\/legal-bulletin-of-the-law-office-of-adam-polowiec-19-december-2016-1-january-2017\/#breadcrumb\"},\"inLanguage\":\"en-US\",\"potentialAction\":[{\"@type\":\"ReadAction\",\"target\":[\"https:\/\/polowiec.pl\/en\/legal-bulletin-of-the-law-office-of-adam-polowiec-19-december-2016-1-january-2017\/\"]}]},{\"@type\":\"BreadcrumbList\",\"@id\":\"https:\/\/polowiec.pl\/en\/legal-bulletin-of-the-law-office-of-adam-polowiec-19-december-2016-1-january-2017\/#breadcrumb\",\"itemListElement\":[{\"@type\":\"ListItem\",\"position\":1,\"name\":\"Strona g\u0142\u00f3wna\",\"item\":\"https:\/\/polowiec.pl\/en\/\"},{\"@type\":\"ListItem\",\"position\":2,\"name\":\"Legal Bulletin Of The Law Office Of Adam Polowiec (19 December 2016 &#8211; 1 January 2017)\"}]},{\"@type\":\"WebSite\",\"@id\":\"https:\/\/polowiec.pl\/en\/#website\",\"url\":\"https:\/\/polowiec.pl\/en\/\",\"name\":\"Polowiec i Wsp\u00f3lnicy - Kancelaria prawna\",\"description\":\"Obs\u0142uga prawna\",\"publisher\":{\"@id\":\"https:\/\/polowiec.pl\/en\/#organization\"},\"potentialAction\":[{\"@type\":\"SearchAction\",\"target\":{\"@type\":\"EntryPoint\",\"urlTemplate\":\"https:\/\/polowiec.pl\/en\/?s={search_term_string}\"},\"query-input\":{\"@type\":\"PropertyValueSpecification\",\"valueRequired\":true,\"valueName\":\"search_term_string\"}}],\"inLanguage\":\"en-US\"},{\"@type\":\"Organization\",\"@id\":\"https:\/\/polowiec.pl\/en\/#organization\",\"name\":\"Polowiec i Wsp\u00f3lnicy - Kancelaria prawna\",\"url\":\"https:\/\/polowiec.pl\/en\/\",\"logo\":{\"@type\":\"ImageObject\",\"inLanguage\":\"en-US\",\"@id\":\"https:\/\/polowiec.pl\/en\/#\/schema\/logo\/image\/\",\"url\":\"https:\/\/polowiec.pl\/wp-content\/uploads\/2018\/10\/polowiec_logo2-1.png\",\"contentUrl\":\"https:\/\/polowiec.pl\/wp-content\/uploads\/2018\/10\/polowiec_logo2-1.png\",\"width\":540,\"height\":381,\"caption\":\"Polowiec i Wsp\u00f3lnicy - Kancelaria prawna\"},\"image\":{\"@id\":\"https:\/\/polowiec.pl\/en\/#\/schema\/logo\/image\/\"},\"sameAs\":[\"https:\/\/www.facebook.com\/polowieciwspolnicy\/\",\"https:\/\/www.linkedin.com\/company\/polowiec-i-wsplnicy-sp.j.\/about\/\"]},{\"@type\":\"Person\",\"@id\":\"https:\/\/polowiec.pl\/en\/#\/schema\/person\/74c7526b6f52be5ae94031504f9ffec4\",\"name\":\"Marcin Rusinek\",\"image\":{\"@type\":\"ImageObject\",\"inLanguage\":\"en-US\",\"@id\":\"https:\/\/secure.gravatar.com\/avatar\/b50a0a5c3e71d904f5e57a757d39977d01c43e075c6bf5b4df909ffbbe004790?s=96&d=mm&r=g\",\"url\":\"https:\/\/secure.gravatar.com\/avatar\/b50a0a5c3e71d904f5e57a757d39977d01c43e075c6bf5b4df909ffbbe004790?s=96&d=mm&r=g\",\"contentUrl\":\"https:\/\/secure.gravatar.com\/avatar\/b50a0a5c3e71d904f5e57a757d39977d01c43e075c6bf5b4df909ffbbe004790?s=96&d=mm&r=g\",\"caption\":\"Marcin Rusinek\"}}]}<\/script>\n<!-- \/ Yoast SEO plugin. -->","yoast_head_json":{"title":"Legal Bulletin Of The Law Office Of Adam Polowiec (19 December 2016 - 1 January 2017) - Polowiec i Wsp\u00f3lnicy - Kancelaria prawna","robots":{"index":"index","follow":"follow","max-snippet":"max-snippet:-1","max-image-preview":"max-image-preview:large","max-video-preview":"max-video-preview:-1"},"canonical":"https:\/\/polowiec.pl\/en\/legal-bulletin-of-the-law-office-of-adam-polowiec-19-december-2016-1-january-2017\/","og_locale":"en_US","og_type":"article","og_title":"Legal Bulletin Of The Law Office Of Adam Polowiec (19 December 2016 - 1 January 2017) - Polowiec i Wsp\u00f3lnicy - Kancelaria prawna","og_description":"We would like to present the next issue of legal bulletin of the Law Office of Adam Polowiec.What you will find here is some information about the new provisions of law and the projects of amendments to acts, but also case-laws including the case laws of Supreme Court, Constitutional Tribunal and European Court of Justice.","og_url":"https:\/\/polowiec.pl\/en\/legal-bulletin-of-the-law-office-of-adam-polowiec-19-december-2016-1-january-2017\/","og_site_name":"Polowiec i Wsp\u00f3lnicy - Kancelaria prawna","article_publisher":"https:\/\/www.facebook.com\/polowieciwspolnicy\/","article_published_time":"2017-01-03T15:07:37+00:00","article_modified_time":"2019-04-18T14:53:24+00:00","author":"Marcin Rusinek","twitter_card":"summary_large_image","twitter_misc":{"Written by":"Marcin Rusinek","Est. reading time":"23 minutes"},"schema":{"@context":"https:\/\/schema.org","@graph":[{"@type":"Article","@id":"https:\/\/polowiec.pl\/en\/legal-bulletin-of-the-law-office-of-adam-polowiec-19-december-2016-1-january-2017\/#article","isPartOf":{"@id":"https:\/\/polowiec.pl\/en\/legal-bulletin-of-the-law-office-of-adam-polowiec-19-december-2016-1-january-2017\/"},"author":{"name":"Marcin Rusinek","@id":"https:\/\/polowiec.pl\/en\/#\/schema\/person\/74c7526b6f52be5ae94031504f9ffec4"},"headline":"Legal Bulletin Of The Law Office Of Adam Polowiec (19 December 2016 &#8211; 1 January 2017)","datePublished":"2017-01-03T15:07:37+00:00","dateModified":"2019-04-18T14:53:24+00:00","mainEntityOfPage":{"@id":"https:\/\/polowiec.pl\/en\/legal-bulletin-of-the-law-office-of-adam-polowiec-19-december-2016-1-january-2017\/"},"wordCount":4708,"publisher":{"@id":"https:\/\/polowiec.pl\/en\/#organization"},"articleSection":["Wpisy"],"inLanguage":"en-US"},{"@type":"WebPage","@id":"https:\/\/polowiec.pl\/en\/legal-bulletin-of-the-law-office-of-adam-polowiec-19-december-2016-1-january-2017\/","url":"https:\/\/polowiec.pl\/en\/legal-bulletin-of-the-law-office-of-adam-polowiec-19-december-2016-1-january-2017\/","name":"Legal Bulletin Of The Law Office Of Adam Polowiec (19 December 2016 - 1 January 2017) - Polowiec i Wsp\u00f3lnicy - Kancelaria prawna","isPartOf":{"@id":"https:\/\/polowiec.pl\/en\/#website"},"datePublished":"2017-01-03T15:07:37+00:00","dateModified":"2019-04-18T14:53:24+00:00","breadcrumb":{"@id":"https:\/\/polowiec.pl\/en\/legal-bulletin-of-the-law-office-of-adam-polowiec-19-december-2016-1-january-2017\/#breadcrumb"},"inLanguage":"en-US","potentialAction":[{"@type":"ReadAction","target":["https:\/\/polowiec.pl\/en\/legal-bulletin-of-the-law-office-of-adam-polowiec-19-december-2016-1-january-2017\/"]}]},{"@type":"BreadcrumbList","@id":"https:\/\/polowiec.pl\/en\/legal-bulletin-of-the-law-office-of-adam-polowiec-19-december-2016-1-january-2017\/#breadcrumb","itemListElement":[{"@type":"ListItem","position":1,"name":"Strona g\u0142\u00f3wna","item":"https:\/\/polowiec.pl\/en\/"},{"@type":"ListItem","position":2,"name":"Legal Bulletin Of The Law Office Of Adam Polowiec (19 December 2016 &#8211; 1 January 2017)"}]},{"@type":"WebSite","@id":"https:\/\/polowiec.pl\/en\/#website","url":"https:\/\/polowiec.pl\/en\/","name":"Polowiec i Wsp\u00f3lnicy - Kancelaria prawna","description":"Obs\u0142uga prawna","publisher":{"@id":"https:\/\/polowiec.pl\/en\/#organization"},"potentialAction":[{"@type":"SearchAction","target":{"@type":"EntryPoint","urlTemplate":"https:\/\/polowiec.pl\/en\/?s={search_term_string}"},"query-input":{"@type":"PropertyValueSpecification","valueRequired":true,"valueName":"search_term_string"}}],"inLanguage":"en-US"},{"@type":"Organization","@id":"https:\/\/polowiec.pl\/en\/#organization","name":"Polowiec i Wsp\u00f3lnicy - Kancelaria prawna","url":"https:\/\/polowiec.pl\/en\/","logo":{"@type":"ImageObject","inLanguage":"en-US","@id":"https:\/\/polowiec.pl\/en\/#\/schema\/logo\/image\/","url":"https:\/\/polowiec.pl\/wp-content\/uploads\/2018\/10\/polowiec_logo2-1.png","contentUrl":"https:\/\/polowiec.pl\/wp-content\/uploads\/2018\/10\/polowiec_logo2-1.png","width":540,"height":381,"caption":"Polowiec i Wsp\u00f3lnicy - Kancelaria prawna"},"image":{"@id":"https:\/\/polowiec.pl\/en\/#\/schema\/logo\/image\/"},"sameAs":["https:\/\/www.facebook.com\/polowieciwspolnicy\/","https:\/\/www.linkedin.com\/company\/polowiec-i-wsplnicy-sp.j.\/about\/"]},{"@type":"Person","@id":"https:\/\/polowiec.pl\/en\/#\/schema\/person\/74c7526b6f52be5ae94031504f9ffec4","name":"Marcin Rusinek","image":{"@type":"ImageObject","inLanguage":"en-US","@id":"https:\/\/secure.gravatar.com\/avatar\/b50a0a5c3e71d904f5e57a757d39977d01c43e075c6bf5b4df909ffbbe004790?s=96&d=mm&r=g","url":"https:\/\/secure.gravatar.com\/avatar\/b50a0a5c3e71d904f5e57a757d39977d01c43e075c6bf5b4df909ffbbe004790?s=96&d=mm&r=g","contentUrl":"https:\/\/secure.gravatar.com\/avatar\/b50a0a5c3e71d904f5e57a757d39977d01c43e075c6bf5b4df909ffbbe004790?s=96&d=mm&r=g","caption":"Marcin Rusinek"}}]}},"_links":{"self":[{"href":"https:\/\/polowiec.pl\/en\/wp-json\/wp\/v2\/posts\/732","targetHints":{"allow":["GET"]}}],"collection":[{"href":"https:\/\/polowiec.pl\/en\/wp-json\/wp\/v2\/posts"}],"about":[{"href":"https:\/\/polowiec.pl\/en\/wp-json\/wp\/v2\/types\/post"}],"author":[{"embeddable":true,"href":"https:\/\/polowiec.pl\/en\/wp-json\/wp\/v2\/users\/3"}],"replies":[{"embeddable":true,"href":"https:\/\/polowiec.pl\/en\/wp-json\/wp\/v2\/comments?post=732"}],"version-history":[{"count":0,"href":"https:\/\/polowiec.pl\/en\/wp-json\/wp\/v2\/posts\/732\/revisions"}],"wp:attachment":[{"href":"https:\/\/polowiec.pl\/en\/wp-json\/wp\/v2\/media?parent=732"}],"wp:term":[{"taxonomy":"category","embeddable":true,"href":"https:\/\/polowiec.pl\/en\/wp-json\/wp\/v2\/categories?post=732"},{"taxonomy":"post_tag","embeddable":true,"href":"https:\/\/polowiec.pl\/en\/wp-json\/wp\/v2\/tags?post=732"}],"curies":[{"name":"wp","href":"https:\/\/api.w.org\/{rel}","templated":true}]}}