{"id":734,"date":"2017-01-10T11:09:33","date_gmt":"2017-01-10T10:09:33","guid":{"rendered":"https:\/\/nowa.polowiec.pl\/legal-bulletin-of-the-law-office-of-adam-polowiec-2-8-january-2017\/"},"modified":"2019-04-18T16:49:47","modified_gmt":"2019-04-18T14:49:47","slug":"legal-bulletin-of-the-law-office-of-adam-polowiec-2-8-january-2017","status":"publish","type":"post","link":"https:\/\/polowiec.pl\/en\/legal-bulletin-of-the-law-office-of-adam-polowiec-2-8-january-2017\/","title":{"rendered":"Legal Bulletin Of The Law Office Of Adam Polowiec (2 &#8211; 8 January 2017)"},"content":{"rendered":"<p>We would like to present the next issue of legal bulletin of the Law Office of Adam Polowiec.<br \/>What you will find here is some information about the new provisions of law and the projects of amendments to acts, but also case-laws including the case laws of Supreme Court, Constitutional Tribunal and European Court of Justice.<\/p>\n<p>  <!--more-->  <\/p>\n<p class=\"NowePrawo\" style=\"text-align: justify;\"><strong>_____Nowe Prawo<\/strong><\/p>\n<p class=\"Dziedzinaprawa\" style=\"text-align: justify;\"><strong>POPRAWA OTOCZENIA PRZEDSI\u0118BIORC&Oacute;W<\/strong><\/p>\n<p class=\"Tekstpraswki\" style=\"text-align: justify;\"><b>Ustawa <\/b>z dnia 16 grudnia 2016 r. o&nbsp;zmianie niekt&oacute;rych ustaw w&nbsp;celu poprawy otoczenia prawnego przedsi\u0119biorc&oacute;w (Dz. U. z&nbsp;2016 r., poz. 2255)<b><span style=\"background: white none repeat scroll 0% 0%;\"> &ndash; <\/span><\/b><b><span style=\"background: white none repeat scroll 0% 0%;\">wesz\u0142a w&nbsp;\u017cycie z&nbsp;dniem 1&nbsp;stycznia 2017<\/span><span style=\"background: white none repeat scroll 0% 0%;\"> r.<\/span><\/b><b><span style=\"background: white none repeat scroll 0% 0%;\">, z&nbsp;wyj\u0105tkiem:<\/span><\/b><\/p>\n<p class=\"Tekstpraswki\" style=\"text-align: justify;\"><b><span style=\"background: white none repeat scroll 0% 0%;\">1) art. 14 oraz art. 15 pkt 4 lit. a&nbsp;tiret trzecie i&nbsp;czwarte, kt&oacute;re wchodz\u0105 w&nbsp;\u017cycie z&nbsp;dniem 1 kwietnia 2017 r.;<\/span><\/b><\/p>\n<p class=\"Tekstpraswki\" style=\"text-align: justify;\"><b><span style=\"background: white none repeat scroll 0% 0%;\">2) art. 13 pkt 2 i&nbsp;pkt 3 lit. b oraz art. 17, kt&oacute;re wchodz\u0105 w&nbsp;\u017cycie z&nbsp;dniem 1&nbsp;stycznia 2019 r.;<\/span><\/b><\/p>\n<p class=\"Tekstpraswki\" style=\"text-align: justify;\"><b><span style=\"background: white none repeat scroll 0% 0%;\">3) art. 19 i&nbsp;art. 20, kt&oacute;re wchodz\u0105 w&nbsp;\u017cycie z&nbsp;dniem 1 marca 2017 r.<\/span><\/b><\/p>\n<p class=\"Omwienie\" style=\"text-align: justify;\">W ustawie z&nbsp;dnia 23 kwietnia 1964 r. &#8211; Kodeks cywilny (Dz. U. z&nbsp;2016 r. poz. 380, 585 i&nbsp;1579) zmianie uleg\u0142o brzmienie <a href=\"https:\/\/sip.lex.pl\/#\/dokument\/16785996\/2016-12-31#art%28109%29\"><span style=\"background: white none repeat scroll 0% 0%;\">art. 109<sup>4<\/sup><\/span><\/a>, <a href=\"https:\/\/sip.lex.pl\/#\/dokument\/16785996\/2016-12-31#art%28109%29\"><span style=\"background: white none repeat scroll 0% 0%;\">art. 109<sup>8<\/sup><\/span><\/a><span style=\"background: white none repeat scroll 0% 0%;\"> &sect; 2<\/span><span style=\"background: white none repeat scroll 0% 0%;\">, art. 115.<\/span><\/p>\n<p class=\"Omwienie\" style=\"text-align: justify;\">W ustawie z&nbsp;dnia 26 czerwca 1974 r. &#8211; Kodeks pracy (Dz. U. z&nbsp;2016 r. poz. 1666 i&nbsp;2138) zmianie uleg\u0142o brzmienie art. 77<sup>2<\/sup>, art. 97, art. 104, art. 125 w&nbsp;&sect; 1 zdanie drugie, art.&nbsp;264.<\/p>\n<p class=\"Omwienie\" style=\"text-align: justify;\">W ustawie z&nbsp;dnia 21 marca 1985 r. o&nbsp;drogach publicznych (Dz. U. z&nbsp;2016 r. poz. 1440, 1920 i&nbsp;1948) zmianie uleg\u0142o brzmienie art. 29, art. 29a ust. 1 pkt 2.<\/p>\n<p class=\"Omwienie\" style=\"text-align: justify;\">W ustawie z&nbsp;dnia 4 marca 1994 r. o&nbsp;zak\u0142adowym funduszu \u015bwiadcze\u0144 socjalnych (Dz.&nbsp;U.&nbsp;z&nbsp;2016 r. poz. 800 i&nbsp;1984) zmianie uleg\u0142o brzmienie art. 3, art. 4 ust. 1 i&nbsp;2, art.&nbsp;6a ust. 1a.<\/p>\n<p class=\"Omwienie\" style=\"text-align: justify;\">W ustawie z&nbsp;dnia 7 lipca 1994 r. &#8211; Prawo budowlane (Dz. U. z&nbsp;2016 r. poz. 290, 961, 1165 i&nbsp;1250) zmianie uleg\u0142o brzmienie art. 29, art. 30, art. 31 ust. 2 zdanie drugie, art.&nbsp;36a, art. 48 ust. 2, art. 49b, art. 54, art. 59d ust. 1a, art. 91 ust. 1 pkt 1, art. 92, u\u017cyte w:<\/p>\n<p class=\"Omwienie\" style=\"text-align: justify;\">a) art. 9 w&nbsp;ust. 2 oraz w&nbsp;ust. 3 w&nbsp;zdaniu pierwszym, b) art. 19 w&nbsp;ust. 1, c) art. 20 w&nbsp;ust. 1 w&nbsp;pkt 4 we wprowadzeniu do wyliczenia, d) art. 30 w&nbsp;ust. 1 we wprowadzeniu do wyliczenia oraz w&nbsp;ust. 5c, w&nbsp;ust. 6 we wprowadzeniu do wyliczenia i&nbsp;w ust. 7 we wprowadzeniu do wyliczenia, e) art. 30a we wprowadzeniu do wyliczenia, f) art. 31 w&nbsp;ust. 2, w&nbsp;ust. 3 we wprowadzeniu do wyliczenia i&nbsp;w ust. 4, g) art. 33 w&nbsp;ust. 5, h)&nbsp;art.&nbsp;35 w&nbsp;ust. 1 we wprowadzeniu do wyliczenia, w&nbsp;ust. 3-5 oraz w&nbsp;ust. 6 we wprowadzeniu do wyliczenia, i) art. 36 w&nbsp;ust. 1 we wprowadzeniu do wyliczenia, j)&nbsp;art.&nbsp;36a w&nbsp;ust. 1a i&nbsp;2,<\/p>\n<p class=\"Omwienie\" style=\"text-align: justify;\">k) art. 38 w&nbsp;ust. 1-3, l) art. 39 w&nbsp;ust. 3, m) art. 42 w&nbsp;ust. 3, n) art. 43 w&nbsp;ust. 2, o)&nbsp;art. 45 w&nbsp;ust. 1, p) art. 47 w&nbsp;ust. 2, q) art. 71 w&nbsp;ust. 2-4 i&nbsp;w ust. 5 we wprowadzeniu do wyliczenia &#8211; w&nbsp;r&oacute;\u017cnych przypadkach wyrazy &#8220;w\u0142a\u015bciwy organ&#8221; zast\u0119puje si\u0119 u\u017cytymi w&nbsp;odpowiednich przypadkach wyrazami &#8220;organ administracji architektoniczno-budowlanej&#8221;, u\u017cyty w&nbsp;art.&nbsp;19 w&nbsp;ust. 2 oraz w&nbsp;art. 30 w&nbsp;ust. 5e wyraz &#8220;organ&#8221; zast\u0119puje si\u0119 wyrazami &#8220;organ administracji architektoniczno-budowlanej&#8221;, w&nbsp;art. 28 dodaje si\u0119 ust.&nbsp;1a, dodany zosta\u0142 art. 37a, u\u017cyte w: a) art. 41 w&nbsp;ust. 4 we wprowadzeniu do wyliczenia, b) art. 48 w&nbsp;ust. 1 we wprowadzeniu do wyliczenia, c) art. 49 w&nbsp;ust. 1 we wprowadzeniu do wyliczenia, w&nbsp;ust. 3 oraz w&nbsp;ust. 4 we wprowadzeniu do wyliczenia, d)&nbsp;art. 49b w&nbsp;ust. 4, 6 i&nbsp;7, e) art. 50 w&nbsp;ust. 1 we wprowadzeniu do wyliczenia, f) art.&nbsp;50a we wprowadzeniu do wyliczenia, g) art. 51 w&nbsp;ust. 1 we wprowadzeniu do wyliczenia, w&nbsp;ust. 3 we wprowadzeniu do wyliczenia oraz w&nbsp;ust. 4 i&nbsp;5, h) art. 57 w&nbsp;ust. 4 i&nbsp;6-8, i)&nbsp;art.&nbsp;59 w&nbsp;ust. 1-3 i&nbsp;4a-6, j) art. 59a w&nbsp;ust. 1, k) art. 59c w&nbsp;ust. 1, l) art. 59d w&nbsp;ust. 1, m) art. 59f w&nbsp;ust. 6, n) art. 59g w&nbsp;ust. 1, o) art. 62 w&nbsp;ust. 1 w&nbsp;pkt 3 oraz w&nbsp;ust. 3, p)&nbsp;art. 65, q) art. 66 w&nbsp;ust. 1 w&nbsp;cz\u0119\u015bci wsp&oacute;lnej oraz w&nbsp;ust. 2, r) art. 67 w&nbsp;ust. 1 i&nbsp;3, s)&nbsp;art. 68 we wprowadzeniu do wyliczenia, t) art. 69, u) art. 70 w&nbsp;ust. 2, v) art. 71a w&nbsp;ust. 1 we wprowadzeniu do wyliczenia oraz w&nbsp;ust. 2 i&nbsp;4, w) art. 72 w&nbsp;ust. 3, x) art. 75 w&nbsp;ust. 1 w&nbsp;pkt 3 w&nbsp;lit. a, y) art. 76 w&nbsp;ust. 2, z) art. 78 w&nbsp;ust. 1, za) art. 93 w&nbsp;pkt 10 &#8211; w&nbsp;r&oacute;\u017cnych przypadkach wyrazy &#8220;w\u0142a\u015bciwy organ&#8221; zast\u0119puje si\u0119 u\u017cytymi w&nbsp;odpowiednich przypadkach wyrazami &#8220;organ nadzoru budowlanego&#8221;, w&nbsp;art. 71 dodaje si\u0119 ust. 4c, dodany zosta\u0142 art. 76a, w&nbsp;art. 3 uchyla si\u0119 pkt 17.<\/p>\n<p class=\"Omwienie\" style=\"text-align: justify;\">W ustawie z&nbsp;dnia 29 wrze\u015bnia 1994 r. o&nbsp;rachunkowo\u015bci (Dz. U. z&nbsp;2016 r. poz. 1047) zmianie uleg\u0142o brzmienie art. 2, art. 70a, w&nbsp;art. 3 w&nbsp;ust. 1a uchyla si\u0119 pkt 3.<\/p>\n<p class=\"Omwienie\" style=\"text-align: justify;\">ustawie z&nbsp;dnia 22 sierpnia 1997 r. o&nbsp;ochronie os&oacute;b i&nbsp;mienia (Dz. U. z&nbsp;2016 r. poz. 1432) zmianie uleg\u0142o brzmienie art. 9a, art. 20.<\/p>\n<p class=\"Omwienie\" style=\"text-align: justify;\">W ustawie z&nbsp;dnia 29 sierpnia 1997 r. &#8211; Ordynacja podatkowa (Dz. U. z&nbsp;2015 r. poz. 613, z&nbsp;p&oacute;\u017an. zm.) zmianie uleg\u0142o brzmienie art. 14a, art. 14e &sect; 1 pkt 1, art. 54 &sect; 3 zdanie drugie, w&nbsp;art. 14i po &sect; 1 dodaje si\u0119 &sect; 1a, w&nbsp;art. 14n dodaje si\u0119 &sect; 4-7, dodany zosta\u0142 art.&nbsp;165c.<\/p>\n<p class=\"Omwienie\" style=\"text-align: justify;\">W ustawie z&nbsp;dnia 13 pa\u017adziernika 1998 r. o&nbsp;systemie ubezpiecze\u0144 spo\u0142ecznych (Dz.&nbsp;U.&nbsp;z&nbsp;2016 r. poz. 963, z&nbsp;p&oacute;\u017an. zm.) zmianie uleg\u0142o brzmienie art. 50.<\/p>\n<p class=\"Omwienie\" style=\"text-align: justify;\">W ustawie z&nbsp;dnia 20 listopada 1998 r. o&nbsp;zrycza\u0142towanym podatku dochodowym od niekt&oacute;rych przychod&oacute;w osi\u0105ganych przez osoby fizyczne (Dz. U. z&nbsp;2016 r. poz. 2180 i&nbsp;1961) zmianie uleg\u0142o brzmienie art. 6, w&nbsp;art. 21 po ust. 1j dodaje si\u0119 ust. 1k.<\/p>\n<p class=\"Omwienie\" style=\"text-align: justify;\">W ustawie z&nbsp;dnia 15 wrze\u015bnia 2000 r. &#8211; Kodeks sp&oacute;\u0142ek handlowych (Dz. U. z&nbsp;2016 r. poz. 1578 i&nbsp;1579) zmianie uleg\u0142o brzmienie art. 205 &sect; 3, art. 209, art. 236, art. 237, art. 328 &sect; 2 zdanie pierwsze, art. 348 &sect; 2-4, art. 373 &sect; 3, art. 377, art. 584<sup>1<\/sup>.<\/p>\n<p class=\"Omwienie\" style=\"text-align: justify;\">W ustawie z&nbsp;dnia 21 grudnia 2000 r. o&nbsp;dozorze technicznym (Dz. U. z&nbsp;2015 r. poz. 1125 oraz z&nbsp;2016 r. poz. 1165 i&nbsp;1228) zmianie uleg\u0142o brzmienie art. 61 ust. 1 zdanie drugie, w&nbsp;art. 9 po ust. 1a dodaje si\u0119 ust. 1b, dodany zosta\u0142 art. 15a, art. 55a-55d.<\/p>\n<p class=\"Omwienie\" style=\"text-align: justify;\">W ustawie z&nbsp;dnia 27 kwietnia 2001 r. &#8211; Prawo ochrony \u015brodowiska (Dz. U. z&nbsp;2016 r. poz.&nbsp;672, z&nbsp;p&oacute;\u017an. zm.) zmianie uleg\u0142o brzmienie art. 286 ust. 1 i&nbsp;1a, art. 286a ust. 1, art.&nbsp;288 ust. 1, art. 289 ust. 1.<\/p>\n<p class=\"Omwienie\" style=\"text-align: justify;\">W ustawie z&nbsp;dnia 30 pa\u017adziernika 2002 r. o&nbsp;ubezpieczeniu spo\u0142ecznym z&nbsp;tytu\u0142u wypadk&oacute;w przy pracy i&nbsp;chor&oacute;b zawodowych (Dz. U. z&nbsp;2015 r. poz. 1242, 1442, 1807 i&nbsp;1948) zmianie uleg\u0142o brzmienie art. 34, dodany zosta\u0142 art. 34a.<\/p>\n<p class=\"Omwienie\" style=\"text-align: justify;\">W ustawie z&nbsp;dnia 2 lipca 2004 r. o&nbsp;swobodzie dzia\u0142alno\u015bci gospodarczej (Dz. U. z&nbsp;2016 r. poz. 1829, 1948 i&nbsp;1997) zmianie uleg\u0142o brzmienie art. 83b, art. 84a pkt 5, w&nbsp;art. 10a dodaje si\u0119 ust. 5 i&nbsp;6, dodany zosta\u0142 art. 10b, art. 14a ust. 1d, art. 25, art. 33a ust. 3, art.&nbsp;35, art. 37 ust. 1 pkt 1, art. 39, art. 73, art. 81a ust. 1, dodany zosta\u0142 art. 78a, w&nbsp;art. 79 po ust. 5 dodaje si\u0119 ust. 5a-5e, w&nbsp;art. 82 w&nbsp;ust. 1 po pkt 2 dodaje si\u0119 pkt 2a, w&nbsp;art. 84c po ust. 15 dodaje si\u0119 ust. 15a i&nbsp;15b.<\/p>\n<p class=\"Omwienie\" style=\"text-align: justify;\">W ustawie z&nbsp;dnia 9 czerwca 2006 r. o&nbsp;Centralnym Biurze Antykorupcyjnym (Dz.&nbsp;U.&nbsp;z&nbsp;2016 r. poz. 1310, 1948 i&nbsp;1955) zmianie uleg\u0142o brzmienie art. 33 ust. 3 i&nbsp;4, art.&nbsp;46a.<\/p>\n<p class=\"Omwienie\" style=\"text-align: justify;\">W ustawie z&nbsp;dnia 17 lipca 2009 r. o&nbsp;systemie zarz\u0105dzania emisjami gaz&oacute;w cieplarnianych i&nbsp;innych substancji (Dz. U. z&nbsp;2015 r. poz. 2273 i&nbsp;2278 oraz z&nbsp;2016 r. poz. 266 i&nbsp;542) w&nbsp;art. 56 wprowadzaj\u0105cym zmiany w&nbsp;ustawie z&nbsp;dnia 27 kwietnia 2001 r. &#8211; Prawo ochrony \u015brodowiska (Dz. U. z&nbsp;2016 r. poz. 672, z&nbsp;p&oacute;\u017an. zm.), w&nbsp;art. 60a uchyla si\u0119 ust. 2, w&nbsp;art.&nbsp;61 wyrazy &#8220;art. 286 ust. 10&#8221; zast\u0119puje si\u0119 wyrazami &#8220;art. 286 ust. 8&#8221;, w&nbsp;art. 62 wyrazy &#8220;z wyj\u0105tkiem art. 56 pkt 7, kt&oacute;ry wchodzi w&nbsp;\u017cycie z&nbsp;dniem&#8221; zast\u0119puje si\u0119 wyrazami &#8220;z wyj\u0105tkiem art. 56 pkt 7, 7a i&nbsp;10a, kt&oacute;re wchodz\u0105 w&nbsp;\u017cycie z&nbsp;dniem&#8221;.<\/p>\n<p class=\"Omwienie\" style=\"text-align: justify;\">W ustawie z&nbsp;dnia 13 czerwca 2013 r. o&nbsp;gospodarce opakowaniami i&nbsp;odpadami opakowaniowymi (Dz. U. z&nbsp;2016 r. poz. 1863 i&nbsp;1948) zmianie uleg\u0142o brzmienie art.&nbsp;6&nbsp;ust.&nbsp;3, art. 7 ust. 2.<\/p>\n<p class=\"Omwienie\" style=\"text-align: justify;\">W ustawie z&nbsp;dnia 16 listopada 2016 r. o&nbsp;Krajowej Administracji Skarbowej (Dz.&nbsp;U.&nbsp;poz.&nbsp;1947) zmianie ulegnie brzmienie art. 94 ust. 1.<\/p>\n<p class=\"Omwienie\" style=\"text-align: justify;\">W ustawie z&nbsp;dnia 16 listopada 2016 r. &#8211; Przepisy wprowadzaj\u0105ce ustaw\u0119 o&nbsp;Krajowej Administracji Skarbowej (Dz. U. poz. 1948) zmianie ulenie brzmienie art. 38, art. 44 pkt&nbsp;5 lit. a&nbsp;i b, art. 90 pkt 3 lit. b, pkt 5, dodany zostanie art. 206a.<\/p>\n<p>&nbsp;<\/p>\n<p class=\"Dziedzinaprawa\" style=\"text-align: justify;\"><strong>OCHRONA ZDROWIA<\/strong><\/p>\n<p class=\"Tekstpraswki\" style=\"text-align: justify;\"><b>Ustawa<\/b> z&nbsp;dnia 2 grudnia 2016 r. o&nbsp;zmianie ustawy o&nbsp;\u015bwiadczeniach opieki zdrowotnej finansowanych ze \u015brodk&oacute;w publicznych (Dz. U. z&nbsp;2016 r., poz. 2250) <b><span style=\"background: white none repeat scroll 0% 0%;\">&ndash; <\/span><\/b><b><span style=\"background: white none repeat scroll 0% 0%;\">wesz\u0142a w&nbsp;\u017cycie z&nbsp;dniem 1 stycznia 2017<\/span><span style=\"background: white none repeat scroll 0% 0%;\"> r.<\/span><\/b><\/p>\n<p class=\"Omwienie\" style=\"text-align: justify;\">W ustawie z&nbsp;dnia 27 sierpnia 2004 r. o&nbsp;\u015bwiadczeniach opieki zdrowotnej finansowanych ze \u015brodk&oacute;w publicznych (Dz. U. z&nbsp;2016 r. poz. 1793, 1807, 1860, 1948, 2138 i&nbsp;2173) zmianie uleg\u0142o brzmienie art. 11 ust. 1 pkt 9a, art. 80, art. 81 ust. 11, art. 84 ust. 1, art.&nbsp;86, art. 87, art. 106, dodany zosta\u0142 art. 84a.<\/p>\n<p class=\"Tekstpraswki\" style=\"text-align: justify;\"><b>Rozporz\u0105dzenie<\/b> Ministra Zdrowia z&nbsp;dnia 16 grudnia 2016 r. w&nbsp;sprawie standardu organizacyjnego opieki zdrowotnej w&nbsp;dziedzinie anestezjologii i&nbsp;intensywnej terapii (Dz.&nbsp;U. z&nbsp;2016 r., poz. 2218)<b><span style=\"background: white none repeat scroll 0% 0%;\"> &ndash; <\/span><\/b><b><span style=\"background: white none repeat scroll 0% 0%;\">wesz\u0142o w&nbsp;\u017cycie z&nbsp;dniem 1 stycznia 2017<\/span><span style=\"background: white none repeat scroll 0% 0%;\"> r.<\/span><\/b><\/p>\n<p class=\"Tekstpraswki\" style=\"text-align: justify;\"><b>Rozporz\u0105dzenie<\/b> Ministra Zdrowia <span style=\"background: white none repeat scroll 0% 0%;\">z dnia 21 grudnia 2016 r. w&nbsp;sprawie rocznej informacji o&nbsp;zrealizowanych lub podj\u0119tych zadaniach z&nbsp;zakresu zdrowia publicznego (Dz.&nbsp;U. z&nbsp;2016 r., poz. 2216)<\/span><b><span style=\"background: white none repeat scroll 0% 0%;\"> &ndash; <\/span><\/b><b><span style=\"background: white none repeat scroll 0% 0%;\">wesz\u0142o w&nbsp;\u017cycie z&nbsp;dniem 1 stycznia 2017<\/span><span style=\"background: white none repeat scroll 0% 0%;\"> r.<\/span><\/b><\/p>\n<p class=\"Tekstpraswki\" style=\"text-align: justify;\"><b>Rozporz\u0105dzenie<\/b> Ministra Zdrowia <span style=\"background: white none repeat scroll 0% 0%;\">z dnia 23 grudnia 2016 r. w&nbsp;sprawie minimalnej funkcjonalno\u015bci Systemu Obs\u0142ugi List Refundacyjnych (Dz. U. z&nbsp;2017 r., poz. 1)<\/span><b><span style=\"background: white none repeat scroll 0% 0%;\"> &ndash; <\/span><\/b><b><span style=\"background: white none repeat scroll 0% 0%;\">wesz\u0142o w&nbsp;\u017cycie z&nbsp;dniem 3 stycznia 2017<\/span><span style=\"background: white none repeat scroll 0% 0%;\"> r.<\/span><\/b><\/p>\n<p>&nbsp;<\/p>\n<p class=\"Dziedzinaprawa\" style=\"text-align: justify;\"><strong>KODEKS KARNY WYKONAWCZY<\/strong><\/p>\n<p class=\"Tekstpraswki\" style=\"text-align: justify;\"><b>Rozporz\u0105dzenie<\/b> Ministra Sprawiedliwo\u015bci z&nbsp;dnia 19 grudnia 2016 r. w&nbsp;sprawie warunk&oacute;w bytowych os&oacute;b osadzonych w&nbsp;zak\u0142adach karnych i&nbsp;aresztach \u015bledczych (Dz.&nbsp;U.&nbsp;z 2016 r., poz. 2224)<b><span style=\"background: white none repeat scroll 0% 0%;\"> &ndash; <\/span><\/b><b><span style=\"background: white none repeat scroll 0% 0%;\">wesz\u0142o w&nbsp;\u017cycie z&nbsp;dniem 1 stycznia 2017<\/span><span style=\"background: white none repeat scroll 0% 0%;\"> r.<\/span><\/b><\/p>\n<p class=\"Tekstpraswki\" style=\"text-align: justify;\"><b>Rozporz\u0105dzenie<\/b> Ministra Sprawiedliwo\u015bci <span style=\"background: white none repeat scroll 0% 0%;\">z dnia 21 grudnia 2016 r. w&nbsp;sprawie regulaminu organizacyjno-porz\u0105dkowego wykonywania kary pozbawienia wolno\u015bci (Dz.&nbsp;U. z&nbsp;2016 r., poz. 2231)<\/span><b><span style=\"background: white none repeat scroll 0% 0%;\"> &ndash; <\/span><\/b><b><span style=\"background: white none repeat scroll 0% 0%;\">wesz\u0142o w&nbsp;\u017cycie z&nbsp;dniem 1 stycznia 2017<\/span><span style=\"background: white none repeat scroll 0% 0%;\"> r.<\/span><\/b><\/p>\n<p class=\"Tekstpraswki\" style=\"text-align: justify;\"><b>Rozporz\u0105dzenie<\/b> Ministra Sprawiedliwo\u015bci <span style=\"background: white none repeat scroll 0% 0%;\">z dnia 22 grudnia 2016 r. w&nbsp;sprawie regulaminu organizacyjno-porz\u0105dkowego wykonywania tymczasowego aresztowania (Dz.&nbsp;U. z&nbsp;2016 r., poz. 2290)<\/span><span style=\"background: white none repeat scroll 0% 0%;\"> <b>&ndash; <\/b><\/span><b><span style=\"background: white none repeat scroll 0% 0%;\">wesz\u0142o w&nbsp;\u017cycie z&nbsp;dniem 1 stycznia 2017<\/span><span style=\"background: white none repeat scroll 0% 0%;\"> r.<\/span><\/b><\/p>\n<p class=\"Tekstpraswki\" style=\"text-align: justify;\"><b>Rozporz\u0105dzenie<\/b> Prezesa Rady Ministr&oacute;w <span style=\"background: white none repeat scroll 0% 0%;\">z dnia 28 grudnia 2016 r. w&nbsp;sprawie wsp&oacute;\u0142dzia\u0142ania podmiot&oacute;w w&nbsp;wykonywaniu kar, \u015brodk&oacute;w karnych, kompensacyjnych, zabezpieczaj\u0105cych, zapobiegawczych oraz przepadku, a&nbsp;tak\u017ce spo\u0142ecznej kontroli nad ich wykonywaniem (Dz. U. z&nbsp;2016 r., poz. 2305) <\/span><b><span style=\"background: white none repeat scroll 0% 0%;\">&ndash; <\/span><\/b><b><span style=\"background: white none repeat scroll 0% 0%;\">wesz\u0142o w&nbsp;\u017cycie z&nbsp;dniem 1 stycznia 2017<\/span><span style=\"background: white none repeat scroll 0% 0%;\"> r.<\/span><\/b><\/p>\n<p>&nbsp;<\/p>\n<p class=\"Dziedzinaprawa\" style=\"text-align: justify;\"><strong><span style=\"background: white none repeat scroll 0% 0%;\">PRAWO PODATKOWE<\/span><\/strong><\/p>\n<p class=\"Tekstpraswki\" style=\"text-align: justify;\"><b>Rozporz\u0105dzenie<\/b> Ministra Rozwoju i&nbsp;Finans&oacute;w <span style=\"background: white none repeat scroll 0% 0%;\">z dnia 21 grudnia 2016 r.<\/span><span style=\"background: white none repeat scroll 0% 0%;\"> <\/span><span style=\"background: white none repeat scroll 0% 0%;\">w sprawie ewidencji i&nbsp;innych dokumentacji dotycz\u0105cych wyrob&oacute;w akcyzowych i&nbsp;znak&oacute;w akcyzy<\/span><span style=\"background: white none repeat scroll 0% 0%;\"> (Dz.&nbsp;U. z&nbsp;2016 r., poz. 2257)<\/span><b><span style=\"background: white none repeat scroll 0% 0%;\"> &ndash; <\/span><\/b><b><span style=\"background: white none repeat scroll 0% 0%;\">wesz\u0142o w&nbsp;\u017cycie z&nbsp;dniem 1 stycznia 2017<\/span><span style=\"background: white none repeat scroll 0% 0%;\"> r.<\/span><\/b><\/p>\n<p class=\"Tekstpraswki\" style=\"text-align: justify;\"><b>Rozporz\u0105dzenie<\/b> Ministra Rozwoju i&nbsp;Finans&oacute;w <span style=\"background: white none repeat scroll 0% 0%;\">z dnia 27 grudnia 2016 r. zmieniaj\u0105ce rozporz\u0105dzenie w&nbsp;sprawie zwolnie\u0144 od podatku od towar&oacute;w i&nbsp;us\u0142ug oraz warunk&oacute;w stosowania tych zwolnie\u0144 (Dz. U. z&nbsp;2016 r., poz. 2302) <\/span><b><span style=\"background: white none repeat scroll 0% 0%;\">&ndash; <\/span><\/b><b><span style=\"background: white none repeat scroll 0% 0%;\">wesz\u0142o w&nbsp;\u017cycie z&nbsp;dniem 1&nbsp;stycznia 2017<\/span><span style=\"background: white none repeat scroll 0% 0%;\"> r.<\/span><\/b><\/p>\n<p class=\"Omwienie\" style=\"text-align: justify;\"><span style=\"background: white none repeat scroll 0% 0%;\">W rozporz\u0105dzeniu Ministra Finans&oacute;w z&nbsp;dnia 20 grudnia 2013 r. w&nbsp;sprawie zwolnie\u0144 od podatku od towar&oacute;w i&nbsp;us\u0142ug oraz warunk&oacute;w stosowania tych zwolnie\u0144 (Dz. U. z&nbsp;2015 r. poz. 736 oraz z&nbsp;2016 r. poz. 1140) w&nbsp;&sect; 3 w&nbsp;ust. 1 uchyla si\u0119 pkt 7.<\/span><\/p>\n<p class=\"Tekstpraswki\" style=\"text-align: justify;\"><b>Rozporz\u0105dzenie<\/b> Ministra Rozwoju i&nbsp;Finans&oacute;w <span style=\"background: white none repeat scroll 0% 0%;\">z dnia 27 grudnia 2016 r.<\/span><span style=\"background: white none repeat scroll 0% 0%;\"> <\/span><span style=\"background: white none repeat scroll 0% 0%;\">zmieniaj\u0105ce rozporz\u0105dzenie w&nbsp;sprawie wykaz&oacute;w towar&oacute;w do cel&oacute;w poboru podatku od towar&oacute;w i<\/span><span style=\"background: white none repeat scroll 0% 0%;\">us\u0142ug w&nbsp;imporcie<\/span><span style=\"background: white none repeat scroll 0% 0%;\"> (Dz. U. z&nbsp;2016 r., poz. 2282)<\/span><b><span style=\"background: white none repeat scroll 0% 0%;\"> &ndash; <\/span><\/b><b><span style=\"background: white none repeat scroll 0% 0%;\">wesz\u0142o w&nbsp;\u017cycie z&nbsp;dniem 1 stycznia 2017<\/span><span style=\"background: white none repeat scroll 0% 0%;\"> r.<\/span><\/b><\/p>\n<p class=\"Tekstpraswki\" style=\"text-align: justify;\"><b>Rozporz\u0105dzenie<\/b> Ministra Rozwoju i&nbsp;Finans&oacute;w <span style=\"background: white none repeat scroll 0% 0%;\">z dnia 27 grudnia 2016 r. zmieniaj\u0105ce rozporz\u0105dzenie w&nbsp;sprawie prowadzenia podatkowej ksi\u0119gi przychod&oacute;w i&nbsp;rozchod&oacute;w (Dz.&nbsp;U. z&nbsp;2016 r., poz. 2280) <b>&ndash; wesz\u0142o<\/b> <b>w \u017cycie z&nbsp;dniem 1 stycznia 2017 r., z&nbsp;wyj\u0105tkiem &sect; 1 pkt 1, kt&oacute;ry wchodzi w&nbsp;\u017cycie z&nbsp;dniem 1 marca 2017 r.<\/b><\/span><\/p>\n<p class=\"Omwienie\" style=\"text-align: justify;\"><span style=\"background: white none repeat scroll 0% 0%;\">W rozporz\u0105dzeniu Ministra Finans&oacute;w z&nbsp;dnia 26 sierpnia 2003 r. w&nbsp;sprawie prowadzenia podatkowej ksi\u0119gi przychod&oacute;w i&nbsp;rozchod&oacute;w (Dz. U. z&nbsp;2014 r. poz. 1037 oraz z&nbsp;2016 r. poz. 467) <\/span><span style=\"background: white none repeat scroll 0% 0%;\">zmianie uleg\u0142o brzmienie <\/span><span style=\"background: white none repeat scroll 0% 0%;\">&sect; 11 ust. 4, &sect; 12, w&nbsp;&sect; 29 dodaje si\u0119 ust. 4d<\/span><span style=\"background: white none repeat scroll 0% 0%;\">.<\/span><\/p>\n<p class=\"Tekstpraswki\" style=\"text-align: justify;\"><b>Rozporz\u0105dzenie<\/b> Ministra Rozwoju i&nbsp;Finans&oacute;w <span style=\"background: white none repeat scroll 0% 0%;\">z dnia 27 grudnia 2016 r. w&nbsp;sprawie wzoru informacji podsumowuj\u0105cej w&nbsp;obrocie krajowym (Dz. U. z&nbsp;2016 r., poz. 2269) <\/span><b><span style=\"background: white none repeat scroll 0% 0%;\">&ndash; <\/span><\/b><b><span style=\"background: white none repeat scroll 0% 0%;\">wesz\u0142o w&nbsp;\u017cycie z&nbsp;dniem 1 stycznia 2017<\/span><span style=\"background: white none repeat scroll 0% 0%;\"> r.<\/span><\/b><\/p>\n<p class=\"Tekstpraswki\" style=\"text-align: justify;\"><b>Rozporz\u0105dzenie<\/b> Ministra Rozwoju i&nbsp;Finans&oacute;w <span style=\"background: white none repeat scroll 0% 0%;\">z dnia 27 grudnia 2016 r. w&nbsp;sprawie wzor&oacute;w dokument&oacute;w zwi\u0105zanych z&nbsp;rejestracj\u0105 podatnik&oacute;w w&nbsp;zakresie podatku od towar&oacute;w i&nbsp;us\u0142ug (Dz. U. z&nbsp;2016 r., poz. 2301) <\/span><b><span style=\"background: white none repeat scroll 0% 0%;\">&ndash; <\/span><\/b><b><span style=\"background: white none repeat scroll 0% 0%;\">wesz\u0142o w&nbsp;\u017cycie z&nbsp;dniem 1 stycznia 2017<\/span><span style=\"background: white none repeat scroll 0% 0%;\"> r.<\/span><\/b><\/p>\n<p class=\"Tekstpraswki\" style=\"text-align: justify;\"><b>Rozporz\u0105dzenie<\/b> Ministra Rozwoju i&nbsp;Finans&oacute;w <span style=\"background: white none repeat scroll 0% 0%;\">z dnia 27 grudnia 2016 r. w&nbsp;sprawie wzor&oacute;w deklaracji dla podatku od towar&oacute;w i&nbsp;us\u0142ug (Dz. U. z&nbsp;2016 r., poz. 2273) <\/span><b><span style=\"background: white none repeat scroll 0% 0%;\">&ndash; <\/span><\/b><b><span style=\"background: white none repeat scroll 0% 0%;\">wesz\u0142o w&nbsp;\u017cycie z&nbsp;dniem 1 stycznia 2017<\/span><span style=\"background: white none repeat scroll 0% 0%;\"> r.<\/span><\/b><\/p>\n<p class=\"Tekstpraswki\" style=\"text-align: justify;\"><b>Rozporz\u0105dzenie<\/b> Ministra Rozwoju i&nbsp;Finans&oacute;w <span style=\"background: white none repeat scroll 0% 0%;\">z dnia 29 grudnia 2016 r. w&nbsp;sprawie wzoru wniosku w&nbsp;sprawie kaucji gwarancyjnej (Dz. U. z&nbsp;2016 r., poz. 2303) <\/span><b><span style=\"background: white none repeat scroll 0% 0%;\">&ndash; <\/span><\/b><b><span style=\"background: white none repeat scroll 0% 0%;\">wesz\u0142o w&nbsp;\u017cycie z&nbsp;dniem 1 stycznia 2017<\/span><span style=\"background: white none repeat scroll 0% 0%;\"> r.<\/span><\/b><\/p>\n<p class=\"Tekstpraswki\" style=\"text-align: justify;\"><b>Rozporz\u0105dzenie<\/b> Ministra Rozwoju i&nbsp;Finans&oacute;w <span style=\"background: white none repeat scroll 0% 0%;\">z dnia 29 grudnia 2016 r. w&nbsp;sprawie wzor&oacute;w upowa\u017cnienia do przekazywania organom podatkowym lub organom kontroli skarbowej informacji o&nbsp;wszystkich transakcjach dokonywanych na rachunku oraz o\u015bwiadczenia o&nbsp;cofni\u0119ciu tego upowa\u017cnienia (Dz. U. z&nbsp;2016 r., poz. 2272) <\/span><b><span style=\"background: white none repeat scroll 0% 0%;\">&ndash; <\/span><\/b><b><span style=\"background: white none repeat scroll 0% 0%;\">wesz\u0142o w&nbsp;\u017cycie z&nbsp;dniem 1 stycznia 2017<\/span><span style=\"background: white none repeat scroll 0% 0%;\"> r.<\/span><\/b><\/p>\n<p>&nbsp;<\/p>\n<p class=\"Dziedzinaprawa\" style=\"text-align: justify;\"><strong><span style=\"background: white none repeat scroll 0% 0%;\">DZIA\u0141Y ADMINISTRACJI RZ\u0104DOWEJ<\/span><\/strong><\/p>\n<p class=\"Tekstpraswki\" style=\"text-align: justify;\"><b>Rozporz\u0105dzenie<\/b> Ministra Rozwoju i&nbsp;Finans&oacute;w <span style=\"background: white none repeat scroll 0% 0%;\">z dnia 29 grudnia 2016 r. w&nbsp;sprawie upowa\u017cnienia Urz\u0119du Dozoru Technicznego do uznawania kwalifikacji zawodowych (Dz.&nbsp;U. z&nbsp;2016 r., poz. 2299) <\/span><b><span style=\"background: white none repeat scroll 0% 0%;\">&ndash; <\/span><\/b><b><span style=\"background: white none repeat scroll 0% 0%;\">wesz\u0142o w&nbsp;\u017cycie z&nbsp;dniem 1 stycznia 2017<\/span><span style=\"background: white none repeat scroll 0% 0%;\"> r.<\/span><\/b><\/p>\n<p>&nbsp;<\/p>\n<p class=\"Dziedzinaprawa\" style=\"text-align: justify;\"><strong><span style=\"background: white none repeat scroll 0% 0%;\">S\u0141U\u017bBA CELNA<\/span><\/strong><\/p>\n<p class=\"Tekstpraswki\" style=\"text-align: justify;\"><b>Rozporz\u0105dzenie<\/b> Ministra Rozwoju i&nbsp;Finans&oacute;w <span style=\"background: white none repeat scroll 0% 0%;\">z dnia 27 grudnia 2016 r. uchylaj\u0105ce rozporz\u0105dzenie w&nbsp;sprawie w\u0142a\u015bciwo\u015bci miejscowej naczelnik&oacute;w urz\u0119d&oacute;w celnych i&nbsp;dyrektor&oacute;w izb celnych oraz wyznaczonych naczelnik&oacute;w urz\u0119d&oacute;w celnych do&nbsp;wykonywania zada\u0144 okre\u015blonych w&nbsp;Kodeksie karnym skarbowym (Dz.&nbsp;U.&nbsp;z&nbsp;2016&nbsp;r.,&nbsp;poz.&nbsp;2277) <\/span><b><span style=\"background: white none repeat scroll 0% 0%;\">&ndash; <\/span><\/b><b><span style=\"background: white none repeat scroll 0% 0%;\">wesz\u0142o w&nbsp;\u017cycie z&nbsp;dniem 30 grudnia 2016<\/span><span style=\"background: white none repeat scroll 0% 0%;\"> r.<\/span><\/b><\/p>\n<p class=\"Omwienie\" style=\"text-align: justify;\"><span style=\"background: white none repeat scroll 0% 0%;\">Traci moc rozporz\u0105dzenie Ministra Finans&oacute;w z&nbsp;dnia 26 listopada 2015 r. w&nbsp;sprawie w\u0142a\u015bciwo\u015bci miejscowej naczelnik&oacute;w urz\u0119d&oacute;w celnych i&nbsp;dyrektor&oacute;w izb celnych oraz wyznaczonych naczelnik&oacute;w urz\u0119d&oacute;w celnych do wykonywania zada\u0144 okre\u015blonych w<\/span><span style=\"background: white none repeat scroll 0% 0%;\">Kodeksie karnym skarbowym (Dz. U. z&nbsp;2016 r. poz. 1963).<\/span><\/p>\n<p class=\"Tekstpraswki\" style=\"text-align: justify;\"><b>Rozporz\u0105dzenie<\/b> Ministra Rozwoju i&nbsp;Finans&oacute;w <span style=\"background: white none repeat scroll 0% 0%;\">z dnia 29 grudnia 2016 r. w&nbsp;sprawie szczeg&oacute;\u0142owych warunk&oacute;w bezpiecze\u0144stwa i&nbsp;higieny s\u0142u\u017cby funkcjonariuszy celnych (Dz.&nbsp;U. z&nbsp;2017 r., poz. 16) <\/span><b><span style=\"background: white none repeat scroll 0% 0%;\">&ndash; <\/span><\/b><b><span style=\"background: white none repeat scroll 0% 0%;\">wesz\u0142o w&nbsp;\u017cycie z&nbsp;dniem 4 stycznia 2017<\/span><span style=\"background: white none repeat scroll 0% 0%;\"> r.<\/span><\/b><\/p>\n<p>&nbsp;<\/p>\n<p class=\"Dziedzinaprawa\" style=\"text-align: justify;\"><strong><span style=\"background: white none repeat scroll 0% 0%;\">WSPIERANIE INNOWACYJNO\u015aCI<\/span><\/strong><\/p>\n<p class=\"Tekstpraswki\" style=\"text-align: justify;\"><b>Rozporz\u0105dzenie<\/b> Ministra Rozwoju i&nbsp;Finans&oacute;w <span style=\"background: white none repeat scroll 0% 0%;\">z dnia 27 grudnia 2016 r. w&nbsp;sprawie okre\u015blenia wzoru informacji o&nbsp;nabytych udzia\u0142ach (akcjach) w&nbsp;sp&oacute;\u0142kach (Dz. U. z&nbsp;2016 r., poz. 2293) <\/span><b><span style=\"background: white none repeat scroll 0% 0%;\">&ndash; <\/span><\/b><b><span style=\"background: white none repeat scroll 0% 0%;\">wesz\u0142o w&nbsp;\u017cycie z&nbsp;dniem 1 stycznia 2017<\/span><span style=\"background: white none repeat scroll 0% 0%;\"> r.<\/span><\/b><\/p>\n<p>&nbsp;<\/p>\n<p class=\"Dziedzinaprawa\" style=\"text-align: justify;\"><strong><span style=\"background: white none repeat scroll 0% 0%;\">KODEKS POST\u0118POWANIA W&nbsp;SPRAWACH O&nbsp;WYKROCZENIA<\/span><\/strong><\/p>\n<p class=\"Tekstpraswki\" style=\"text-align: justify;\"><b>Rozporz\u0105dzenie<\/b> Prezesa Rady Ministr&oacute;w <span style=\"background: white none repeat scroll 0% 0%;\">z dnia 28 grudnia 2016 r. w&nbsp;sprawie zmiany rozporz\u0105dzenia zmieniaj\u0105cego rozporz\u0105dzenie w&nbsp;sprawie nak\u0142adania grzywien w&nbsp;drodze mandatu karnego (Dz. U. z&nbsp;2016 r., poz. 2238) <\/span><b><span style=\"background: white none repeat scroll 0% 0%;\">&ndash; <\/span><\/b><b><span style=\"background: white none repeat scroll 0% 0%;\">wesz\u0142o w&nbsp;\u017cycie z&nbsp;dniem 30 grudnia 2016 <\/span><span style=\"background: white none repeat scroll 0% 0%;\">r.<\/span><\/b><\/p>\n<p class=\"Omwienie\" style=\"text-align: justify;\"><span style=\"background: white none repeat scroll 0% 0%;\">W rozporz\u0105dzeniu Prezesa Rady Ministr&oacute;w z&nbsp;dnia 30 grudnia 2015 r. zmieniaj\u0105cym rozporz\u0105dzenie w&nbsp;sprawie nak\u0142adania grzywien w&nbsp;drodze mandatu karnego (Dz. U. poz. 2358) w&nbsp;&sect; 2 w&nbsp;ust. 1 wyrazy &#8220;31 grudnia 2016 r.&#8221; zast\u0119puje si\u0119 wyrazami &#8220;31 grudnia 2017 r.&#8221;.<\/span><\/p>\n<p>&nbsp;<\/p>\n<p class=\"Dziedzinaprawa\" style=\"text-align: justify;\"><strong><span style=\"background: white none repeat scroll 0% 0%;\">PRAWO PRACY<\/span><\/strong><\/p>\n<p class=\"Tekstpraswki\" style=\"text-align: justify;\"><b>Rozporz\u0105dzenie<\/b> Ministra Rodziny, Pracy i&nbsp;Polityki Spo\u0142ecznej <span style=\"background: white none repeat scroll 0% 0%;\">z dnia 23 grudnia 2016 r.<\/span><span style=\"background: white none repeat scroll 0% 0%;\"> <\/span><span style=\"background: white none repeat scroll 0% 0%;\">zmieniaj\u0105ce rozporz\u0105dzenie w&nbsp;sprawie bezpiecze\u0144stwa i&nbsp;higieny pracy przy pracach zwi\u0105zanych z&nbsp;nara\u017ceniem na pole elektromagnetyczne<\/span><span style=\"background: white none repeat scroll 0% 0%;\"> (Dz. U. z&nbsp;2016 r., poz. 2284)<\/span><b><span style=\"background: white none repeat scroll 0% 0%;\"> &ndash; <\/span><\/b><b><span style=\"background: white none repeat scroll 0% 0%;\">wesz\u0142o w&nbsp;\u017cycie z&nbsp;dniem 1 stycznia 2017<\/span><span style=\"background: white none repeat scroll 0% 0%;\"> r.<\/span><\/b><\/p>\n<p class=\"Omwienie\" style=\"text-align: justify;\"><span style=\"background: white none repeat scroll 0% 0%;\">W rozporz\u0105dzeniu Ministra Rodziny, Pracy i&nbsp;Polityki Spo\u0142ecznej z&nbsp;dnia 29 czerwca 2016 r. w&nbsp;sprawie bezpiecze\u0144stwa i&nbsp;higieny pracy przy pracach zwi\u0105zanych z&nbsp;nara\u017ceniem na pole elektromagnetyczne (Dz. U. poz. 950) <\/span><span style=\"background: white none repeat scroll 0% 0%;\">zmianie uleg\u0142o brzmienie<\/span><span style=\"background: white none repeat scroll 0% 0%;\"> za\u0142\u0105cznik<\/span><span style=\"background: white none repeat scroll 0% 0%;\">a<\/span><span style=\"background: white none repeat scroll 0% 0%;\"> nr 3 w&nbsp;cz\u0119\u015bci III. MINIMALNE WYMAGANIA DOTYCZ\u0104CE OCENY POLA-EM W&nbsp;PRZESTRZENI PRACY ust.<\/span><span style=\"background: white none repeat scroll 0% 0%;\">11 wprowadzeni<\/span><span style=\"background: white none repeat scroll 0% 0%;\">e<\/span><span style=\"background: white none repeat scroll 0% 0%;\"> do wyliczenia zdanie pierwsze<\/span><span style=\"background: white none repeat scroll 0% 0%;\">.<\/span><\/p>\n<p class=\"Tekstpraswki\" style=\"text-align: justify;\"><b>Rozporz\u0105dzenie<\/b> Ministra Rodziny, Pracy i&nbsp;Polityki Spo\u0142ecznej <span style=\"background: white none repeat scroll 0% 0%;\">z dnia 30 grudnia 2016 r.<\/span><span style=\"background: white none repeat scroll 0% 0%;\"> <\/span><span style=\"background: white none repeat scroll 0% 0%;\">w sprawie \u015bwiadectwa pracy<\/span><span style=\"background: white none repeat scroll 0% 0%;\"> (Dz. U. z&nbsp;2016 r., poz. 2292) <\/span><b><span style=\"background: white none repeat scroll 0% 0%;\">&ndash; <\/span><\/b><b><span style=\"background: white none repeat scroll 0% 0%;\">wesz\u0142o w&nbsp;\u017cycie z&nbsp;dniem 1&nbsp;stycznia 2017<\/span><span style=\"background: white none repeat scroll 0% 0%;\"> r.<\/span><\/b><\/p>\n<p>&nbsp;<\/p>\n<p class=\"Dziedzinaprawa\" style=\"text-align: justify;\"><strong><span style=\"background: white none repeat scroll 0% 0%;\">NIEODP\u0141ATNA POMOC PRAWNA<\/span><\/strong><\/p>\n<p class=\"Tekstpraswki\" style=\"text-align: justify;\"><b>Rozporz\u0105dzenie<\/b> Ministra Sprawiedliwo\u015bci <span style=\"background: white none repeat scroll 0% 0%;\">z dnia 22 grudnia 2016 r.<\/span><span style=\"background: white none repeat scroll 0% 0%;\"> <\/span><span style=\"background: white none repeat scroll 0% 0%;\">zmieniaj\u0105ce rozporz\u0105dzenie w&nbsp;sprawie sposobu udzielania i&nbsp;dokumentowania nieodp\u0142atnej pomocy prawnej<\/span><span style=\"background: white none repeat scroll 0% 0%;\"> (Dz. U. z&nbsp;2016 r., poz. 2227)<\/span><b><span style=\"background: white none repeat scroll 0% 0%;\"> &ndash; <\/span><\/b><b><span style=\"background: white none repeat scroll 0% 0%;\">wesz\u0142o w&nbsp;\u017cycie z&nbsp;dniem 1 stycznia 2017<\/span><span style=\"background: white none repeat scroll 0% 0%;\"> r.<\/span><\/b><\/p>\n<p class=\"Omwienie\" style=\"text-align: justify;\"><span style=\"background: white none repeat scroll 0% 0%;\">W rozporz\u0105dzeniu Ministra Sprawiedliwo\u015bci z&nbsp;dnia 15 grudnia 2015 r. w&nbsp;sprawie sposobu udzielania i&nbsp;dokumentowania nieodp\u0142atnej pomocy prawnej (Dz. U. poz. 2186)<\/span><span style=\"background: white none repeat scroll 0% 0%;\"> zmianie uleg\u0142o brzmienie za\u0142\u0105cznik&oacute;w nr 1 i&nbsp;2, w&nbsp;&sect; 6 dotychczasow\u0105 tre\u015b\u0107 oznacza si\u0119 jako ust.&nbsp;1&nbsp;i&nbsp;dodaje si\u0119 ust. 2.<\/span><\/p>\n<p>&nbsp;<\/p>\n<p class=\"Dziedzinaprawa\" style=\"text-align: justify;\"><strong>PRAWO ZAM&Oacute;WIE\u0143 PUBLICZNYCH<\/strong><\/p>\n<p class=\"Tekstpraswki\" style=\"text-align: justify;\"><b>Rozporz\u0105dzenie<\/b> Prezesa Rady Ministr&oacute;w z&nbsp;dnia 20 grudnia 2016 r. zmieniaj\u0105ce rozporz\u0105dzenie w&nbsp;sprawie regulaminu post\u0119powania przy rozpoznawaniu odwo\u0142a\u0144 (Dz.&nbsp;U.&nbsp;z 2017 r., poz. 14)<b><span style=\"background: white none repeat scroll 0% 0%;\"> &ndash; <\/span><\/b><b><span style=\"background: white none repeat scroll 0% 0%;\">wejdzie w&nbsp;\u017cycie z&nbsp;dniem 19 stycznia 2017<\/span><span style=\"background: white none repeat scroll 0% 0%;\"> r.<\/span><\/b><\/p>\n<p class=\"Omwienie\" style=\"text-align: justify;\">W rozporz\u0105dzeniu Prezesa Rady Ministr&oacute;w z&nbsp;dnia 22 marca 2010 r. w&nbsp;sprawie regulaminu post\u0119powania przy rozpoznawaniu odwo\u0142a\u0144 (Dz. U. z&nbsp;2014 r. poz. 964) zmianie ulegnie brzmienie &sect; 4 ust. 2 pkt 3, &sect; 5-7, &sect; 8 ust. 2, &sect; 12 ust. 1, &sect; 13, &sect; 15, &sect; 16 ust. 2, &sect; 25, &sect;&nbsp;29, uchyla si\u0119 &sect; 23, w&nbsp;&sect; 34 w&nbsp;ust. 4 w&nbsp;zdaniu drugim skre\u015bla si\u0119 wyrazy &#8220;, wiceprezes Izby albo inny upowa\u017cniony cz\u0142onek Izby&#8221;, w&nbsp;&sect; 36 w&nbsp;ust. 1 w&nbsp;zdaniu pierwszym skre\u015bla si\u0119 wyrazy &#8220;, wiceprezes lub upowa\u017cniony cz\u0142onek Izby&#8221;.<\/p>\n<p>&nbsp;<\/p>\n<p class=\"Dziedzinaprawa\" style=\"text-align: justify;\"><strong>FUNDUSZ UBEZPIECZE\u0143 SPO\u0141ECZNYCH<\/strong><\/p>\n<p class=\"Tekstpraswki\" style=\"text-align: justify;\"><b>Ustawa<\/b> z&nbsp;dnia 2 grudnia 2016 r. o&nbsp;zmianie ustawy o&nbsp;emeryturach i&nbsp;rentach z&nbsp;Funduszu Ubezpiecze\u0144 Spo\u0142ecznych oraz niekt&oacute;rych innych ustaw (Dz. U. z&nbsp;2017 r., poz. 2) <b><span style=\"background: white none repeat scroll 0% 0%;\">&ndash; <\/span><\/b><b><span style=\"background: white none repeat scroll 0% 0%;\">wejdzie w&nbsp;\u017cycie z&nbsp;dniem 1 marca 2017<\/span><span style=\"background: white none repeat scroll 0% 0%;\"> r.<\/span><\/b><b><span style=\"background: white none repeat scroll 0% 0%;\">, z&nbsp;wyj\u0105tkiem art. 9 oraz art. 10 ust. 2, kt&oacute;re wchodz\u0105 w&nbsp;\u017cycie z&nbsp;dniem nast\u0119puj\u0105cym po dniu og\u0142oszenia.<\/span><\/b><\/p>\n<p class=\"Omwienie\" style=\"text-align: justify;\">W ustawie z&nbsp;dnia 17 grudnia 1998 r. o&nbsp;emeryturach i&nbsp;rentach z&nbsp;Funduszu Ubezpiecze\u0144 Spo\u0142ecznych (Dz. U. z&nbsp;2016 r. poz. 887, 1948, 2036 i&nbsp;2260) zmianie ulegnie brzmienie art. 85 ust. 1 i&nbsp;2, art. 88 ust. 2.<\/p>\n<p class=\"Omwienie\" style=\"text-align: justify;\">W ustawie z&nbsp;dnia 29 maja 1974 r. o&nbsp;zaopatrzeniu inwalid&oacute;w wojennych i&nbsp;wojskowych oraz ich rodzin (Dz. U. z&nbsp;2016 r. poz. 871 i&nbsp;2138) zmianie ulegnie brzmienie art. 11 ust. 1.<\/p>\n<p class=\"Omwienie\" style=\"text-align: justify;\">W ustawie z&nbsp;dnia 20 grudnia 1990 r. o&nbsp;ubezpieczeniu spo\u0142ecznym rolnik&oacute;w (Dz.&nbsp;U.&nbsp;z&nbsp;2016&nbsp;r. poz. 277 i&nbsp;2043) zmianie ulegnie brzmienie art. 6 pkt 7, art. 48, dodany zostanie art. 48a.<\/p>\n<p class=\"Omwienie\" style=\"text-align: justify;\">W ustawie z&nbsp;dnia 30 kwietnia 2004 r. o&nbsp;\u015bwiadczeniach przedemerytalnych (Dz.&nbsp;U.&nbsp;z&nbsp;2013&nbsp;r. poz. 170, z&nbsp;2014 r. poz. 598 i&nbsp;1682 oraz z&nbsp;2016 r. poz. 1940) zmianie ulegnie brzmienie art. 3 ust. 1, art. 5 ust. 4.<\/p>\n<p>&nbsp;<\/p>\n<p class=\"Dziedzinaprawa\" style=\"text-align: justify;\"><strong>PROKURATORIA GENERALNA RZECZYPOSPOLITEJ POLSKIEJ<\/strong><\/p>\n<p class=\"Tekstpraswki\" style=\"text-align: justify;\"><b>Ustawa<\/b> z&nbsp;dnia 15 grudnia 2016 r. o&nbsp;Prokuratorii Generalnej Rzeczypospolitej Polskiej (Dz. U. z&nbsp;2016 r., poz. 2261) <b>&#8211; wesz\u0142a w&nbsp;\u017cycie z&nbsp;dniem 1 stycznia 2017 r., z&nbsp;wyj\u0105tkiem art. 4 ust. 1 pkt 6 i&nbsp;ust. 4 pkt 3, art. 12-14, art. 18-20, art. 26, art.&nbsp;27, art. 32 ust. 5 i&nbsp;6 oraz art. 35, kt&oacute;re wchodz\u0105 w&nbsp;\u017cycie z&nbsp;dniem 1&nbsp;lipca&nbsp;2017 r.<\/b><\/p>\n<p>&nbsp;<\/p>\n<p class=\"Dziedzinaprawa\" style=\"text-align: justify;\"><strong>OCHRONA PRZYRODY<\/strong><\/p>\n<p class=\"Tekstpraswki\" style=\"text-align: justify;\"><b>Ustawa<\/b> z&nbsp;dnia 16 grudnia 2016 r. o&nbsp;zmianie ustawy o&nbsp;ochronie przyrody oraz ustawy o&nbsp;lasach (Dz. U. z&nbsp;2016 r., poz. 2249) <b><span style=\"background: white none repeat scroll 0% 0%;\">&ndash; <\/span><\/b><b><span style=\"background: white none repeat scroll 0% 0%;\">wesz\u0142a w&nbsp;\u017cycie z&nbsp;dniem 1 stycznia 2017<\/span><span style=\"background: white none repeat scroll 0% 0%;\"> r.<\/span><\/b><\/p>\n<p class=\"Omwienie\" style=\"text-align: justify;\">W ustawie z&nbsp;dnia 16 kwietnia 2004 r. o&nbsp;ochronie przyrody (Dz. U. z&nbsp;2016 r. poz. 2134) zmianie uleg\u0142o brzmienie art. 83a, art. 83f, art. 85, art. 86, art. 89 ust. 1.<\/p>\n<p class=\"Omwienie\" style=\"text-align: justify;\">W ustawie z&nbsp;dnia 28 wrze\u015bnia 1991 r. o&nbsp;lasach (Dz. U. z&nbsp;2015 r. poz. 2100, z&nbsp;p&oacute;\u017an. zm.) po art. 14a dodaje si\u0119 art. 14b.<\/p>\n<p>&nbsp;<\/p>\n<p class=\"Dziedzinaprawa\" style=\"text-align: justify;\"><strong>ZARZ\u0104DZENIA PREZESA NARODOWEGO FUNDUSZU ZDROWIA<\/strong><\/p>\n<p class=\"Tekstpraswki\" style=\"text-align: justify;\"><b>Zarz\u0105dzenie<\/b> Nr 129\/2016\/DSOZ Prezesa Narodowego Funduszu Zdrowia z&nbsp;dnia 30&nbsp;grudnia 2016 r. zmieniaj\u0105ce zarz\u0105dzenie w&nbsp;sprawie okre\u015blenia warunk&oacute;w zawierania i&nbsp;realizacji um&oacute;w w&nbsp;rodzaju leczenie szpitalne <b>&#8211; wejdzie w&nbsp;\u017cycie z&nbsp;dniem 1&nbsp;stycznia&nbsp;2017 r.<\/b><\/p>\n<p class=\"Tekstpraswki\" style=\"text-align: justify;\"><b>Zarz\u0105dzenie<\/b> Nr 130\/2016\/DSOZ Prezesa Narodowego Funduszu Zdrowia z&nbsp;dnia 30&nbsp;grudnia 2016 r. w&nbsp;sprawie okre\u015blenia warunk&oacute;w zawierania i&nbsp;realizacji um&oacute;w w&nbsp;rodzajach rehabilitacja lecznicza oraz programy zdrowotne w&nbsp;zakresie \u015bwiadcze\u0144 &#8211; leczenie dzieci i&nbsp;doros\u0142ych ze \u015bpi\u0105czk\u0105 <b>&#8211; wejdzie w&nbsp;\u017cycie z&nbsp;dniem 1 stycznia 2017 r.<\/b><\/p>\n<p><b>Zarz\u0105dzenie<\/b> Nr 1\/2017\/DSOZ Prezesa Narodowego Funduszu Zdrowia z&nbsp;dnia 2 stycznia 2017 r. zmieniaj\u0105ce zarz\u0105dzenie zmieniaj\u0105ce zarz\u0105dzenie w&nbsp;sprawie okre\u015blenia warunk&oacute;w zawierania i&nbsp;realizacji um&oacute;w w&nbsp;rodzaju leczenie szpitalne <b>&#8211; wejdzie w&nbsp;\u017cycie z&nbsp;dniem podpisania, z&nbsp;moc\u0105 od dnia 1 stycznia 2017 r.<\/b><\/p>\n","protected":false},"excerpt":{"rendered":"<p>We would like to present the next issue of legal bulletin of the Law Office of Adam Polowiec.What you will find here is some information about the new provisions of law and the projects of amendments to acts, but also case-laws including the case laws of Supreme Court, Constitutional Tribunal and European Court of Justice.<\/p>\n","protected":false},"author":3,"featured_media":0,"comment_status":"closed","ping_status":"open","sticky":false,"template":"","format":"standard","meta":{"footnotes":""},"categories":[2],"tags":[],"class_list":["post-734","post","type-post","status-publish","format-standard","hentry","category-wpisy"],"featured_image_src":{"landsacpe":false,"list":false,"medium":false,"full":false},"yoast_head":"<!-- This site is optimized with the Yoast SEO plugin v27.2 - https:\/\/yoast.com\/product\/yoast-seo-wordpress\/ -->\n<title>Legal Bulletin Of The Law Office Of Adam Polowiec (2 - 8 January 2017) - Polowiec i Wsp\u00f3lnicy - Kancelaria prawna<\/title>\n<meta name=\"robots\" content=\"index, follow, max-snippet:-1, max-image-preview:large, max-video-preview:-1\" \/>\n<link rel=\"canonical\" href=\"https:\/\/polowiec.pl\/en\/legal-bulletin-of-the-law-office-of-adam-polowiec-2-8-january-2017\/\" \/>\n<meta property=\"og:locale\" content=\"en_US\" \/>\n<meta property=\"og:type\" content=\"article\" \/>\n<meta property=\"og:title\" content=\"Legal Bulletin Of The Law Office Of Adam Polowiec (2 - 8 January 2017) - Polowiec i Wsp\u00f3lnicy - Kancelaria prawna\" \/>\n<meta property=\"og:description\" content=\"We would like to present the next issue of legal bulletin of the Law Office of Adam Polowiec.What you will find here is some information about the new provisions of law and the projects of amendments to acts, but also case-laws including the case laws of Supreme Court, Constitutional Tribunal and European Court of Justice.\" \/>\n<meta property=\"og:url\" content=\"https:\/\/polowiec.pl\/en\/legal-bulletin-of-the-law-office-of-adam-polowiec-2-8-january-2017\/\" \/>\n<meta property=\"og:site_name\" content=\"Polowiec i Wsp\u00f3lnicy - Kancelaria prawna\" \/>\n<meta property=\"article:publisher\" content=\"https:\/\/www.facebook.com\/polowieciwspolnicy\/\" \/>\n<meta property=\"article:published_time\" content=\"2017-01-10T10:09:33+00:00\" \/>\n<meta property=\"article:modified_time\" content=\"2019-04-18T14:49:47+00:00\" \/>\n<meta name=\"author\" content=\"Marcin Rusinek\" \/>\n<meta name=\"twitter:card\" content=\"summary_large_image\" \/>\n<meta name=\"twitter:label1\" content=\"Written by\" \/>\n\t<meta name=\"twitter:data1\" content=\"Marcin Rusinek\" \/>\n\t<meta name=\"twitter:label2\" content=\"Est. reading time\" \/>\n\t<meta name=\"twitter:data2\" content=\"20 minutes\" \/>\n<script type=\"application\/ld+json\" class=\"yoast-schema-graph\">{\"@context\":\"https:\/\/schema.org\",\"@graph\":[{\"@type\":\"Article\",\"@id\":\"https:\/\/polowiec.pl\/en\/legal-bulletin-of-the-law-office-of-adam-polowiec-2-8-january-2017\/#article\",\"isPartOf\":{\"@id\":\"https:\/\/polowiec.pl\/en\/legal-bulletin-of-the-law-office-of-adam-polowiec-2-8-january-2017\/\"},\"author\":{\"name\":\"Marcin Rusinek\",\"@id\":\"https:\/\/polowiec.pl\/en\/#\/schema\/person\/74c7526b6f52be5ae94031504f9ffec4\"},\"headline\":\"Legal Bulletin Of The Law Office Of Adam Polowiec (2 &#8211; 8 January 2017)\",\"datePublished\":\"2017-01-10T10:09:33+00:00\",\"dateModified\":\"2019-04-18T14:49:47+00:00\",\"mainEntityOfPage\":{\"@id\":\"https:\/\/polowiec.pl\/en\/legal-bulletin-of-the-law-office-of-adam-polowiec-2-8-january-2017\/\"},\"wordCount\":3975,\"publisher\":{\"@id\":\"https:\/\/polowiec.pl\/en\/#organization\"},\"articleSection\":[\"Wpisy\"],\"inLanguage\":\"en-US\"},{\"@type\":\"WebPage\",\"@id\":\"https:\/\/polowiec.pl\/en\/legal-bulletin-of-the-law-office-of-adam-polowiec-2-8-january-2017\/\",\"url\":\"https:\/\/polowiec.pl\/en\/legal-bulletin-of-the-law-office-of-adam-polowiec-2-8-january-2017\/\",\"name\":\"Legal Bulletin Of The Law Office Of Adam Polowiec (2 - 8 January 2017) - Polowiec i Wsp\u00f3lnicy - Kancelaria prawna\",\"isPartOf\":{\"@id\":\"https:\/\/polowiec.pl\/en\/#website\"},\"datePublished\":\"2017-01-10T10:09:33+00:00\",\"dateModified\":\"2019-04-18T14:49:47+00:00\",\"breadcrumb\":{\"@id\":\"https:\/\/polowiec.pl\/en\/legal-bulletin-of-the-law-office-of-adam-polowiec-2-8-january-2017\/#breadcrumb\"},\"inLanguage\":\"en-US\",\"potentialAction\":[{\"@type\":\"ReadAction\",\"target\":[\"https:\/\/polowiec.pl\/en\/legal-bulletin-of-the-law-office-of-adam-polowiec-2-8-january-2017\/\"]}]},{\"@type\":\"BreadcrumbList\",\"@id\":\"https:\/\/polowiec.pl\/en\/legal-bulletin-of-the-law-office-of-adam-polowiec-2-8-january-2017\/#breadcrumb\",\"itemListElement\":[{\"@type\":\"ListItem\",\"position\":1,\"name\":\"Strona g\u0142\u00f3wna\",\"item\":\"https:\/\/polowiec.pl\/en\/\"},{\"@type\":\"ListItem\",\"position\":2,\"name\":\"Legal Bulletin Of The Law Office Of Adam Polowiec (2 &#8211; 8 January 2017)\"}]},{\"@type\":\"WebSite\",\"@id\":\"https:\/\/polowiec.pl\/en\/#website\",\"url\":\"https:\/\/polowiec.pl\/en\/\",\"name\":\"Polowiec i Wsp\u00f3lnicy - Kancelaria prawna\",\"description\":\"Obs\u0142uga prawna\",\"publisher\":{\"@id\":\"https:\/\/polowiec.pl\/en\/#organization\"},\"potentialAction\":[{\"@type\":\"SearchAction\",\"target\":{\"@type\":\"EntryPoint\",\"urlTemplate\":\"https:\/\/polowiec.pl\/en\/?s={search_term_string}\"},\"query-input\":{\"@type\":\"PropertyValueSpecification\",\"valueRequired\":true,\"valueName\":\"search_term_string\"}}],\"inLanguage\":\"en-US\"},{\"@type\":\"Organization\",\"@id\":\"https:\/\/polowiec.pl\/en\/#organization\",\"name\":\"Polowiec i Wsp\u00f3lnicy - Kancelaria prawna\",\"url\":\"https:\/\/polowiec.pl\/en\/\",\"logo\":{\"@type\":\"ImageObject\",\"inLanguage\":\"en-US\",\"@id\":\"https:\/\/polowiec.pl\/en\/#\/schema\/logo\/image\/\",\"url\":\"https:\/\/polowiec.pl\/wp-content\/uploads\/2018\/10\/polowiec_logo2-1.png\",\"contentUrl\":\"https:\/\/polowiec.pl\/wp-content\/uploads\/2018\/10\/polowiec_logo2-1.png\",\"width\":540,\"height\":381,\"caption\":\"Polowiec i Wsp\u00f3lnicy - Kancelaria prawna\"},\"image\":{\"@id\":\"https:\/\/polowiec.pl\/en\/#\/schema\/logo\/image\/\"},\"sameAs\":[\"https:\/\/www.facebook.com\/polowieciwspolnicy\/\",\"https:\/\/www.linkedin.com\/company\/polowiec-i-wsplnicy-sp.j.\/about\/\"]},{\"@type\":\"Person\",\"@id\":\"https:\/\/polowiec.pl\/en\/#\/schema\/person\/74c7526b6f52be5ae94031504f9ffec4\",\"name\":\"Marcin Rusinek\",\"image\":{\"@type\":\"ImageObject\",\"inLanguage\":\"en-US\",\"@id\":\"https:\/\/secure.gravatar.com\/avatar\/b50a0a5c3e71d904f5e57a757d39977d01c43e075c6bf5b4df909ffbbe004790?s=96&d=mm&r=g\",\"url\":\"https:\/\/secure.gravatar.com\/avatar\/b50a0a5c3e71d904f5e57a757d39977d01c43e075c6bf5b4df909ffbbe004790?s=96&d=mm&r=g\",\"contentUrl\":\"https:\/\/secure.gravatar.com\/avatar\/b50a0a5c3e71d904f5e57a757d39977d01c43e075c6bf5b4df909ffbbe004790?s=96&d=mm&r=g\",\"caption\":\"Marcin Rusinek\"}}]}<\/script>\n<!-- \/ Yoast SEO plugin. -->","yoast_head_json":{"title":"Legal Bulletin Of The Law Office Of Adam Polowiec (2 - 8 January 2017) - Polowiec i Wsp\u00f3lnicy - Kancelaria prawna","robots":{"index":"index","follow":"follow","max-snippet":"max-snippet:-1","max-image-preview":"max-image-preview:large","max-video-preview":"max-video-preview:-1"},"canonical":"https:\/\/polowiec.pl\/en\/legal-bulletin-of-the-law-office-of-adam-polowiec-2-8-january-2017\/","og_locale":"en_US","og_type":"article","og_title":"Legal Bulletin Of The Law Office Of Adam Polowiec (2 - 8 January 2017) - Polowiec i Wsp\u00f3lnicy - Kancelaria prawna","og_description":"We would like to present the next issue of legal bulletin of the Law Office of Adam Polowiec.What you will find here is some information about the new provisions of law and the projects of amendments to acts, but also case-laws including the case laws of Supreme Court, Constitutional Tribunal and European Court of Justice.","og_url":"https:\/\/polowiec.pl\/en\/legal-bulletin-of-the-law-office-of-adam-polowiec-2-8-january-2017\/","og_site_name":"Polowiec i Wsp\u00f3lnicy - Kancelaria prawna","article_publisher":"https:\/\/www.facebook.com\/polowieciwspolnicy\/","article_published_time":"2017-01-10T10:09:33+00:00","article_modified_time":"2019-04-18T14:49:47+00:00","author":"Marcin Rusinek","twitter_card":"summary_large_image","twitter_misc":{"Written by":"Marcin Rusinek","Est. reading time":"20 minutes"},"schema":{"@context":"https:\/\/schema.org","@graph":[{"@type":"Article","@id":"https:\/\/polowiec.pl\/en\/legal-bulletin-of-the-law-office-of-adam-polowiec-2-8-january-2017\/#article","isPartOf":{"@id":"https:\/\/polowiec.pl\/en\/legal-bulletin-of-the-law-office-of-adam-polowiec-2-8-january-2017\/"},"author":{"name":"Marcin Rusinek","@id":"https:\/\/polowiec.pl\/en\/#\/schema\/person\/74c7526b6f52be5ae94031504f9ffec4"},"headline":"Legal Bulletin Of The Law Office Of Adam Polowiec (2 &#8211; 8 January 2017)","datePublished":"2017-01-10T10:09:33+00:00","dateModified":"2019-04-18T14:49:47+00:00","mainEntityOfPage":{"@id":"https:\/\/polowiec.pl\/en\/legal-bulletin-of-the-law-office-of-adam-polowiec-2-8-january-2017\/"},"wordCount":3975,"publisher":{"@id":"https:\/\/polowiec.pl\/en\/#organization"},"articleSection":["Wpisy"],"inLanguage":"en-US"},{"@type":"WebPage","@id":"https:\/\/polowiec.pl\/en\/legal-bulletin-of-the-law-office-of-adam-polowiec-2-8-january-2017\/","url":"https:\/\/polowiec.pl\/en\/legal-bulletin-of-the-law-office-of-adam-polowiec-2-8-january-2017\/","name":"Legal Bulletin Of The Law Office Of Adam Polowiec (2 - 8 January 2017) - Polowiec i Wsp\u00f3lnicy - Kancelaria prawna","isPartOf":{"@id":"https:\/\/polowiec.pl\/en\/#website"},"datePublished":"2017-01-10T10:09:33+00:00","dateModified":"2019-04-18T14:49:47+00:00","breadcrumb":{"@id":"https:\/\/polowiec.pl\/en\/legal-bulletin-of-the-law-office-of-adam-polowiec-2-8-january-2017\/#breadcrumb"},"inLanguage":"en-US","potentialAction":[{"@type":"ReadAction","target":["https:\/\/polowiec.pl\/en\/legal-bulletin-of-the-law-office-of-adam-polowiec-2-8-january-2017\/"]}]},{"@type":"BreadcrumbList","@id":"https:\/\/polowiec.pl\/en\/legal-bulletin-of-the-law-office-of-adam-polowiec-2-8-january-2017\/#breadcrumb","itemListElement":[{"@type":"ListItem","position":1,"name":"Strona g\u0142\u00f3wna","item":"https:\/\/polowiec.pl\/en\/"},{"@type":"ListItem","position":2,"name":"Legal Bulletin Of The Law Office Of Adam Polowiec (2 &#8211; 8 January 2017)"}]},{"@type":"WebSite","@id":"https:\/\/polowiec.pl\/en\/#website","url":"https:\/\/polowiec.pl\/en\/","name":"Polowiec i Wsp\u00f3lnicy - Kancelaria prawna","description":"Obs\u0142uga prawna","publisher":{"@id":"https:\/\/polowiec.pl\/en\/#organization"},"potentialAction":[{"@type":"SearchAction","target":{"@type":"EntryPoint","urlTemplate":"https:\/\/polowiec.pl\/en\/?s={search_term_string}"},"query-input":{"@type":"PropertyValueSpecification","valueRequired":true,"valueName":"search_term_string"}}],"inLanguage":"en-US"},{"@type":"Organization","@id":"https:\/\/polowiec.pl\/en\/#organization","name":"Polowiec i Wsp\u00f3lnicy - Kancelaria prawna","url":"https:\/\/polowiec.pl\/en\/","logo":{"@type":"ImageObject","inLanguage":"en-US","@id":"https:\/\/polowiec.pl\/en\/#\/schema\/logo\/image\/","url":"https:\/\/polowiec.pl\/wp-content\/uploads\/2018\/10\/polowiec_logo2-1.png","contentUrl":"https:\/\/polowiec.pl\/wp-content\/uploads\/2018\/10\/polowiec_logo2-1.png","width":540,"height":381,"caption":"Polowiec i Wsp\u00f3lnicy - Kancelaria prawna"},"image":{"@id":"https:\/\/polowiec.pl\/en\/#\/schema\/logo\/image\/"},"sameAs":["https:\/\/www.facebook.com\/polowieciwspolnicy\/","https:\/\/www.linkedin.com\/company\/polowiec-i-wsplnicy-sp.j.\/about\/"]},{"@type":"Person","@id":"https:\/\/polowiec.pl\/en\/#\/schema\/person\/74c7526b6f52be5ae94031504f9ffec4","name":"Marcin Rusinek","image":{"@type":"ImageObject","inLanguage":"en-US","@id":"https:\/\/secure.gravatar.com\/avatar\/b50a0a5c3e71d904f5e57a757d39977d01c43e075c6bf5b4df909ffbbe004790?s=96&d=mm&r=g","url":"https:\/\/secure.gravatar.com\/avatar\/b50a0a5c3e71d904f5e57a757d39977d01c43e075c6bf5b4df909ffbbe004790?s=96&d=mm&r=g","contentUrl":"https:\/\/secure.gravatar.com\/avatar\/b50a0a5c3e71d904f5e57a757d39977d01c43e075c6bf5b4df909ffbbe004790?s=96&d=mm&r=g","caption":"Marcin Rusinek"}}]}},"_links":{"self":[{"href":"https:\/\/polowiec.pl\/en\/wp-json\/wp\/v2\/posts\/734","targetHints":{"allow":["GET"]}}],"collection":[{"href":"https:\/\/polowiec.pl\/en\/wp-json\/wp\/v2\/posts"}],"about":[{"href":"https:\/\/polowiec.pl\/en\/wp-json\/wp\/v2\/types\/post"}],"author":[{"embeddable":true,"href":"https:\/\/polowiec.pl\/en\/wp-json\/wp\/v2\/users\/3"}],"replies":[{"embeddable":true,"href":"https:\/\/polowiec.pl\/en\/wp-json\/wp\/v2\/comments?post=734"}],"version-history":[{"count":0,"href":"https:\/\/polowiec.pl\/en\/wp-json\/wp\/v2\/posts\/734\/revisions"}],"wp:attachment":[{"href":"https:\/\/polowiec.pl\/en\/wp-json\/wp\/v2\/media?parent=734"}],"wp:term":[{"taxonomy":"category","embeddable":true,"href":"https:\/\/polowiec.pl\/en\/wp-json\/wp\/v2\/categories?post=734"},{"taxonomy":"post_tag","embeddable":true,"href":"https:\/\/polowiec.pl\/en\/wp-json\/wp\/v2\/tags?post=734"}],"curies":[{"name":"wp","href":"https:\/\/api.w.org\/{rel}","templated":true}]}}