{"id":758,"date":"2017-04-29T06:44:28","date_gmt":"2017-04-29T04:44:28","guid":{"rendered":"https:\/\/nowa.polowiec.pl\/legal-bulletin-of-the-law-office-of-adam-polowiec-6-19-march-2017\/"},"modified":"2019-04-18T19:21:26","modified_gmt":"2019-04-18T17:21:26","slug":"legal-bulletin-of-the-law-office-of-adam-polowiec-6-19-march-2017","status":"publish","type":"post","link":"https:\/\/polowiec.pl\/en\/legal-bulletin-of-the-law-office-of-adam-polowiec-6-19-march-2017\/","title":{"rendered":"Legal Bulletin Of The Law Office Of Adam Polowiec (6 &#8211; 19 March 2017)"},"content":{"rendered":"<p>We would like to present the next issue of legal bulletin of the Law Office of Adam Polowiec.<br \/>What you will find here is some information about the new provisions of law and the projects of amendments to acts, but also case-laws including the case laws of Supreme Court, Constitutional Tribunal and European Court of Justice.<\/p>\n<p>  <!--more-->  <\/p>\n<p><strong>_____Nowe Prawo<\/strong><\/p>\n<p><strong>PRAWO PODATKOWE<\/strong><br \/>Rozporz\u0105dzenie Ministra Rozwoju i&nbsp;Finans&oacute;w z&nbsp;dnia 21 lutego 2017 r. zmieniaj\u0105ce rozporz\u0105dzenie w&nbsp;sprawie zwolnie\u0144 od podatku od towar&oacute;w i&nbsp;us\u0142ug oraz warunk&oacute;w stosowania tych zwolnie\u0144 (Dz. U. z&nbsp;2017 r., poz. 463) &ndash; wejdzie w&nbsp;\u017cycie z&nbsp;dniem 18&nbsp;marca 2017 r.<br \/>W rozporz\u0105dzeniu Ministra Finans&oacute;w z&nbsp;dnia 20 grudnia 2013 r. w&nbsp;sprawie zwolnie\u0144 od podatku od towar&oacute;w i&nbsp;us\u0142ug oraz warunk&oacute;w stosowania tych zwolnie\u0144 (Dz. U. z&nbsp;2015 r. poz. 736 oraz z&nbsp;2016 r. poz. 1140 i&nbsp;2302) zmianie ulegnie brzmienie &sect; 5, za\u0142\u0105cznika do rozporz\u0105dzenia, w&nbsp;&sect; 2 w&nbsp;pkt 2 kropk\u0119 zast\u0119puje si\u0119 \u015brednikiem i&nbsp;dodaje si\u0119 pkt 3 i&nbsp;4.<br \/>Rozporz\u0105dzenie Ministra \u015arodowiska z&nbsp;dnia 8 marca 2017 r. w&nbsp;sprawie zwrotu gminom utraconych dochod&oacute;w z&nbsp;tytu\u0142u zwolnienia z&nbsp;podatku od nieruchomo\u015bci grunt&oacute;w pod wodami powierzchniowymi p\u0142yn\u0105cymi jezior oraz grunt&oacute;w zaj\u0119tych pod sztuczne zbiorniki wodne, b\u0119d\u0105cych w\u0142asno\u015bci\u0105 Skarbu Pa\u0144stwa (Dz. U. z&nbsp;2017 r., poz. 559) &ndash; wesz\u0142o&nbsp;w&nbsp;\u017cycie z&nbsp;dniem 17 marca 2017 r.<br \/>Ustawa z&nbsp;dnia 9 marca 2017 r. o&nbsp;zmianie ustawy o&nbsp;podatku dochodowym od os&oacute;b fizycznych oraz ustawy &#8211; Kodeks karny skarbowy (Dz. U. z&nbsp;2017 r., poz. 528) &ndash; wesz\u0142a&nbsp;w \u017cycie z&nbsp;dniem 15 marca 2017 r.<br \/>W ustawie z&nbsp;dnia 26 lipca 1991 r. o&nbsp;podatku dochodowym od os&oacute;b fizycznych (Dz.&nbsp;U.&nbsp;z&nbsp;2016 r. poz. 2032 i&nbsp;2048 oraz z&nbsp;2017 r. poz. 60) w&nbsp;art. 22 w&nbsp;ust. 11 skre\u015bla si\u0119 wyrazy &#8220;lub przez p\u0142atnika pracownika&#8221;, w&nbsp;art. 27 w&nbsp;ust. 1a we wprowadzeniu do wyliczenia skre\u015bla si\u0119 wyrazy &#8220;albo art. 37 ust. 1&#8221;, w&nbsp;art. 33 w&nbsp;ust. 4 wyrazy &#8220;z art. 37-40&#8221; zast\u0119puje si\u0119 wyrazami &#8220;z art. 38-40&#8221;, w&nbsp;art. 35 w&nbsp;ust. 10 skre\u015bla si\u0119 wyrazy &#8220;, z&nbsp;zastrze\u017ceniem art. 37&#8221;, uchyla si\u0119 art. 37, w&nbsp;art. 39 w&nbsp;ust. 1 w&nbsp;zdaniu pierwszym skre\u015bla si\u0119 wyrazy &#8220;w przypadku gdy nie dokonuj\u0105 rocznego obliczenia podatku,&#8221;, w&nbsp;art.&nbsp;45 uchyla si\u0119 ust. 2, zmianie uleg\u0142o brzmienie art. 45a pkt 1, art. 45b, art. 45ba, art. 45c, dodany zosta\u0142 si\u0119 art. 45ca-45cc.<br \/>W ustawie z&nbsp;dnia 10 wrze\u015bnia 1999 r. &#8211; Kodeks karny skarbowy (Dz. U. z&nbsp;2016 r. poz.&nbsp;2137, 2024 i&nbsp;2138 oraz z&nbsp;2017 r. poz. 88 i&nbsp;379) dodany zosta\u0142 art. 16b.<br \/>Rozporz\u0105dzenie Ministra Rozwoju i&nbsp;Finans&oacute;w z&nbsp;dnia 13 marca 2017 r. zmieniaj\u0105ce rozporz\u0105dzenie w&nbsp;sprawie okre\u015blenia wzor&oacute;w rocznego obliczenia podatku oraz zezna\u0144 podatkowych obowi\u0105zuj\u0105cych w&nbsp;zakresie podatku dochodowego od os&oacute;b fizycznych (Dz.&nbsp;U. z&nbsp;2017 r., poz. 536) &ndash; wesz\u0142o w&nbsp;\u017cycie z&nbsp;dniem 14 marca 2017 r.<br \/>W rozporz\u0105dzeniu Ministra Finans&oacute;w z&nbsp;dnia 26 listopada 2015 r. w&nbsp;sprawie okre\u015blenia wzor&oacute;w rocznego obliczenia podatku oraz zezna\u0144 podatkowych obowi\u0105zuj\u0105cych w&nbsp;zakresie podatku dochodowego od os&oacute;b fizycznych (Dz. U. poz. 2001 oraz z&nbsp;2016 r. poz. 440) zmianie uleg\u0142o brzmienie za\u0142\u0105cznik&oacute;w nr 3, 5 i&nbsp;14.<br \/>Rozporz\u0105dzenie Ministra Rozwoju i&nbsp;Finans&oacute;w z&nbsp;dnia 14 marca 2017 r. w&nbsp;sprawie szczeg&oacute;\u0142owego zakresu danych zawartych we wniosku o&nbsp;sporz\u0105dzenie zeznania przez urz\u0105d skarbowy (Dz. U. z&nbsp;2017 r., poz. 540) &ndash; wesz\u0142o w&nbsp;\u017cycie z&nbsp;dniem 15 marca 2017 r.<br \/>Rozporz\u0105dzenie Ministra Rozwoju i&nbsp;Finans&oacute;w z&nbsp;dnia 15 marca 2017 r. zmieniaj\u0105ce rozporz\u0105dzenie w&nbsp;sprawie sposobu przesy\u0142ania deklaracji i&nbsp;poda\u0144 oraz rodzaj&oacute;w podpisu elektronicznego, kt&oacute;rymi powinny by\u0107 opatrzone (Dz. U. z&nbsp;2017 r., poz. 550) &ndash; wesz\u0142o&nbsp;w \u017cycie z&nbsp;dniem 15 marca 2017 r.<br \/>W rozporz\u0105dzeniu Ministra Finans&oacute;w z&nbsp;dnia 29 grudnia 2015 r. w&nbsp;sprawie sposobu przesy\u0142ania deklaracji i&nbsp;poda\u0144 oraz rodzaj&oacute;w podpisu elektronicznego, kt&oacute;rymi powinny by\u0107 opatrzone (Dz. U. poz. 2362, z&nbsp;2016 r. poz. 1306 oraz z&nbsp;2017 r. poz. 385) w&nbsp;&sect; 4 w&nbsp;ust. 1 dodaje si\u0119 pkt 3a, dodany zosta\u0142 &sect; 4a, &sect; 8a, zmianie uleg\u0142o brzmienie &sect; 9, &sect; 10 w&nbsp;ust. 2, &sect; 13 ust. 1.<\/p>\n<p><strong>POST\u0118POWANIE EGZEKUCYJNE W&nbsp;ADMINISTRACJI<\/strong><br \/>Rozporz\u0105dzenie Ministra Rozwoju i&nbsp;Finans&oacute;w z&nbsp;dnia 27 lutego 2017 r. zmieniaj\u0105ce rozporz\u0105dzenie w&nbsp;sprawie okre\u015blenia wzor&oacute;w tytu\u0142&oacute;w wykonawczych stosowanych w&nbsp;egzekucji administracyjnej (Dz. U. z&nbsp;2017 r., poz. 469) &ndash; wesz\u0142o w&nbsp;\u017cycie z&nbsp;dniem 4&nbsp;marca 2017 r.<br \/>W rozporz\u0105dzeniu Ministra Finans&oacute;w z&nbsp;dnia 8 sierpnia 2016 r. w&nbsp;sprawie wzor&oacute;w tytu\u0142&oacute;w wykonawczych stosowanych w&nbsp;egzekucji administracyjnej (Dz. U. poz. 1305) zmianie uleg\u0142o brzmienie za\u0142\u0105cznika nr 1.<\/p>\n<p><strong>PRAWO MEDYCZNE<\/strong><br \/>Rozporz\u0105dzenie Ministra Zdrowia z&nbsp;dnia 28 lutego 2017 r. w&nbsp;sprawie rodzaju i&nbsp;zakresu \u015bwiadcze\u0144 zapobiegawczych, diagnostycznych, leczniczych i&nbsp;rehabilitacyjnych udzielanych przez piel\u0119gniark\u0119 albo po\u0142o\u017cn\u0105 samodzielnie bez zlecenia lekarskiego (Dz. U. z&nbsp;2017 r., poz. 497) &ndash; wejdzie w&nbsp;\u017cycie z&nbsp;dniem 23 marca 2017 r.<br \/>Rozporz\u0105dzenie Ministra Zdrowia z&nbsp;dnia 2 marca 2017 r. zmieniaj\u0105ce rozporz\u0105dzenie w&nbsp;sprawie szczeg&oacute;\u0142owych kryteri&oacute;w wyboru ofert w&nbsp;post\u0119powaniu w&nbsp;sprawie zawarcia um&oacute;w o&nbsp;udzielanie \u015bwiadcze\u0144 opieki zdrowotnej (Dz. U. z&nbsp;2017 r., poz. 498) &ndash; wesz\u0142o&nbsp;w&nbsp;\u017cycie z&nbsp;dniem 9 marca 2017 r.<br \/>W rozporz\u0105dzeniu Ministra Zdrowia z&nbsp;dnia 5 sierpnia 2016 r. w&nbsp;sprawie szczeg&oacute;\u0142owych kryteri&oacute;w wyboru ofert w&nbsp;post\u0119powaniu w&nbsp;sprawie zawarcia um&oacute;w o&nbsp;udzielanie \u015bwiadcze\u0144 opieki zdrowotnej (Dz. U. poz. 1372 i&nbsp;1555) zmianie uleg\u0142o brzmienie za\u0142\u0105cznika nr 1, 2, 3, 5, 7, 9, 10, 12, 13, 14.<\/p>\n<p><strong>PRAWO FARMACEUTYCZNE<\/strong><br \/>Rozporz\u0105dzenie Ministra Zdrowia z&nbsp;dnia 15 lutego 2017 r. w&nbsp;sprawie specjalizacji i&nbsp;uzyskiwania tytu\u0142u specjalisty przez farmaceut&oacute;w (Dz. U. z&nbsp;2017 r., poz. 516) &ndash; wejdzie w&nbsp;\u017cycie z&nbsp;dniem 18 marca 2017 r.<\/p>\n<p><strong>OCHRONA INFORMACJI NIEJAWNYCH<\/strong><br \/>Rozporz\u0105dzenie Rady Ministr&oacute;w z&nbsp;dnia 22 lutego 2017 r. zmieniaj\u0105ce rozporz\u0105dzenie w&nbsp;sprawie \u015brodk&oacute;w bezpiecze\u0144stwa fizycznego stosowanych do zabezpieczania informacji niejawnych (Dz. U. z&nbsp;2017 r., poz. 522) &ndash; wejdzie w&nbsp;\u017cycie z&nbsp;dniem 28 marca 2017 r.<br \/>W rozporz\u0105dzeniu Rady Ministr&oacute;w z&nbsp;dnia 29 maja 2012 r. w&nbsp;sprawie \u015brodk&oacute;w bezpiecze\u0144stwa fizycznego stosowanych do zabezpieczania informacji niejawnych (Dz.&nbsp;U.&nbsp;poz. 683) zmianie ulegnie brzmienie &sect; 4, za\u0142\u0105cznika nr 2.<\/p>\n<p><strong>ZASADY UZNAWANIA KWALIFIKACJI ZAWODOWYCH<\/strong><br \/>Rozporz\u0105dzenie Ministra Zdrowia z&nbsp;dnia 3 marca 2017 r. w&nbsp;sprawie sta\u017cu adaptacyjnego i&nbsp;testu umiej\u0119tno\u015bci w&nbsp;toku post\u0119powania w&nbsp;sprawie uznania kwalifikacji zawodowych do wykonywania medycznych zawod&oacute;w regulowanych (Dz. U. z&nbsp;2017 r., poz. 511) &ndash; wesz\u0142o w&nbsp;\u017cycie z&nbsp;dniem 11 marca 2017 r.<\/p>\n<p><strong>POST\u0118POWANIE W&nbsp;SPRAWACH NIELETNICH<\/strong><br \/>Rozporz\u0105dzenie Ministra Zdrowia z&nbsp;dnia 6 marca 2017 r. zmieniaj\u0105ce rozporz\u0105dzenie w&nbsp;sprawie szczeg&oacute;\u0142owych zasad kierowania, przyjmowania, przenoszenia, zwalniania i&nbsp;pobytu nieletnich w&nbsp;publicznych zak\u0142adach opieki zdrowotnej (Dz. U. z&nbsp;2017 r., poz. 564) &ndash; wejdzie w&nbsp;\u017cycie z&nbsp;dniem 31 marca 2017 r.<br \/>W rozporz\u0105dzeniu Ministra Zdrowia z&nbsp;dnia 20 kwietnia 2005 r. w&nbsp;sprawie szczeg&oacute;\u0142owych zasad kierowania, przyjmowania, przenoszenia, zwalniania i&nbsp;pobytu nieletnich w&nbsp;publicznych zak\u0142adach opieki zdrowotnej (Dz. U. poz. 692) u\u017cyte w&nbsp;tytule, w&nbsp;&sect; 1, w&nbsp;&sect; 2 w&nbsp;ust. 1 w&nbsp;pkt 3 i&nbsp;4 i&nbsp;w &sect; 10 w&nbsp;ust. 3 w&nbsp;r&oacute;\u017cnej liczbie i&nbsp;przypadku wyrazy &#8220;publiczne zak\u0142ady opieki zdrowotnej&#8221; zast\u0119puje si\u0119 u\u017cytymi w&nbsp;odpowiedniej liczbie i&nbsp;przypadku wyrazami &#8220;podmioty lecznicze nieb\u0119d\u0105ce przedsi\u0119biorcami&#8221;, zmianie ulegnie brzmienie &sect;&nbsp;2 ust. 1, w&nbsp;&sect; 10 w&nbsp;ust. 1 wyrazy &#8220;zak\u0142adu opieki zdrowotnej&#8221; zast\u0119puje si\u0119 wyrazem &#8220;podmiotu&#8221;, uchylony zostan\u0105 &sect; 23 oraz za\u0142\u0105czniki nr 1-3.<\/p>\n<p><strong>ZARZ\u0104DZENIA PREZESA NARODOWEGO FUNDUSZU ZDROWIA<\/strong><br \/>Zarz\u0105dzenie Nr 18\/2017\/DSOZ Prezesa Narodowego Funduszu Zdrowia z&nbsp;dnia 14 marca 2017 r. w&nbsp;sprawie warunk&oacute;w post\u0119powania dotycz\u0105cego zawierania um&oacute;w o&nbsp;udzielanie \u015bwiadcze\u0144 opieki zdrowotnej &#8211; wesz\u0142o w&nbsp;\u017cycie z&nbsp;dniem nast\u0119puj\u0105cym po dniu podpisania.<br \/>Zarz\u0105dzenie Nr 19\/2017\/DSOZ Prezesa Narodowego Funduszu Zdrowia z&nbsp;dnia 15 marca 2017 r. zmieniaj\u0105ce zarz\u0105dzenie w&nbsp;sprawie warunk&oacute;w post\u0119powania dotycz\u0105cego zawierania um&oacute;w o&nbsp;udzielanie \u015bwiadcze\u0144 opieki zdrowotnej &#8211; wesz\u0142o w&nbsp;\u017cycie z&nbsp;dniem podpisania.<br \/>Zarz\u0105dzenie Nr 20\/2017\/DGL Prezesa Narodowego Funduszu Zdrowia z&nbsp;dnia 16 marca 2017 r. zmieniaj\u0105ce zarz\u0105dzenie w&nbsp;sprawie okre\u015blenia warunk&oacute;w zawierania i&nbsp;realizacji um&oacute;w w&nbsp;rodzaju leczenie szpitalne w&nbsp;zakresie chemioterapia &ndash; wesz\u0142o w&nbsp;\u017cycie z&nbsp;dniem podpisania, z&nbsp;moc\u0105 od dnia 1 marca 2017 r.<\/p>\n<p><strong>_____Orzecznictwo<\/strong><br \/><strong>Trybuna\u0142 Konstytucyjny<\/strong><\/p>\n<p><strong>WALORYZACJA ODSZKODOWANIA ZA WYW\u0141ASZCZON\u0104 NIERUCHOMO\u015a\u0106<\/strong> <br \/>Zgodny z&nbsp;konstytucj\u0105 jest art. 227 ustawy o&nbsp;gospodarce nieruchomo\u015bciami, kt&oacute;ry do czasu og\u0142oszenia przez Prezesa G\u0142&oacute;wnego Urz\u0119du Statystycznego wska\u017anik&oacute;w zmian cen nieruchomo\u015bci nakazywa\u0142 stosowa\u0107 podczas waloryzacji kwot odszkodowania za wyw\u0142aszczone nieruchomo\u015bci wska\u017aniki cen towar&oacute;w i&nbsp;us\u0142ug konsumpcyjnych (wska\u017anik&oacute;w inflacyjnych) &ndash; stwierdzi\u0142 Trybuna\u0142 Konstytucyjny &#8211; Wyrok Trybuna\u0142u Konstytucyjnego z&nbsp;dnia 9 marca 2017 r., sygn. akt P 13\/14.<\/p>\n<p><strong>PRAWO O&nbsp;ZGROMADZENIACH<\/strong><br \/>Wolno\u015b\u0107 zgromadze\u0144 stanowi jeden z&nbsp;istotnych element&oacute;w wsp&oacute;\u0142czesnego standardu pa\u0144stwa demokratycznego w&nbsp;sferze podstawowych praw i&nbsp;wolno\u015bci obywatelskich. Ustawodawca posiada swobod\u0119 w&nbsp;kszta\u0142towaniu ram prawnych realizacji wolno\u015bci zgromadze\u0144. Dop&oacute;ki wi\u0119c prawodawca nie przekracza granic dopuszczalnej ingerencji w&nbsp;korzystanie z&nbsp;konstytucyjnych wolno\u015bci i&nbsp;praw, dop&oacute;ty nie mo\u017ce by\u0107 podwa\u017cana zasadno\u015b\u0107 danego rozwi\u0105zania legislacyjnego &ndash; stwierdzi\u0142 Trybuna\u0142 Konstytucyjny &ndash; Wyrok Trybuna\u0142u Konstytucyjnego z&nbsp;dnia 16 marca 2017 r., sygn. akt Kp 1\/17.<\/p>\n<p><strong>S\u0105d Najwy\u017cszy<\/strong><\/p>\n<p><strong>SANKCJE CYWILNOPRAWNE ZWI\u0104ZANE Z&nbsp;DOKONANIEM CZYNNO\u015aCI BANKOWYCH<\/strong><br \/>Sankcje cywilnoprawne zwi\u0105zane z&nbsp;dokonaniem czynno\u015bci bankowych, o&nbsp;kt&oacute;rych mowa w&nbsp;art. 5 ustawy z&nbsp;dnia 29 sierpnia 1997 r. Prawo bankowe (jedn. tekst: Dz.U. z&nbsp;2016 r. poz. 1988), przez podmiot nieposiadaj\u0105cy wymaganego przez prawo zezwolenia, okre\u015bla art. 170 ust. 1 i&nbsp;2 tej ustawy &ndash; Uchwa\u0142a S\u0105du Najwy\u017cszego z&nbsp;dnia 10 marca 2017&nbsp;r., sygn. akt III CZP 109\/16.<\/p>\n<p><strong>UPRAWNIENIE KOMORNIKA PO PRAWOMOCNYM UMORZENIU POST\u0118POWANIA EGZEKUCYJNEGO DO PROWADZENIA EGZEKUCJI W&nbsp;ZAKRESIE KOSZT&Oacute;W TEGO POST\u0118POWANIA<\/strong><br \/>Komornik, kt&oacute;ry wyda\u0142 postanowienie o&nbsp;umorzeniu post\u0119powania egzekucyjnego, jest uprawniony do wykonania prawomocnego orzeczenia o&nbsp;kosztach tego post\u0119powania (art.&nbsp;7701&nbsp;k.p.c.) &#8211; Uchwa\u0142a S\u0105du Najwy\u017cszego z&nbsp;dnia 10 marca 2017 r., sygn. akt III&nbsp;CZP 107\/16.<\/p>\n<p><strong>OBOWI\u0104ZEK ZAWODOWEGO PE\u0141NOMOCNIKA DO WNIESIENIA OP\u0141ATY BEZ WEZWANIA PO ODMOWIE ZWOLNIENIA OD KOSZT&Oacute;W<\/strong><br \/>W razie wniesienia przez stron\u0119 zast\u0119powan\u0105 przez radc\u0119 prawnego (adwokata, rzecznika patentowego) skargi kasacyjnej, od kt&oacute;rej &#8211; stosownie do wskazanej warto\u015bci przedmiotu zaskar\u017cenia &#8211; pobiera si\u0119 op\u0142at\u0119 sta\u0142\u0105 lub stosunkow\u0105, s\u0105d drugiej instancji, po dor\u0119czeniu postanowienia oddalaj\u0105cego w&nbsp;ca\u0142o\u015bci lub w&nbsp;cz\u0119\u015bci wniosek o&nbsp;zwolnienie skar\u017c\u0105cego od koszt&oacute;w s\u0105dowych oraz bezskutecznym up\u0142ywie terminu przewidzianego w&nbsp;art. 112 ust. 3 ustawy z&nbsp;dnia 28 lipca 2005 r. o&nbsp;kosztach s\u0105dowych w&nbsp;sprawach cywilnych (jedn. tekst: Dz.U. z&nbsp;2016 r., poz. 623), odrzuca skarg\u0119 kasacyjn\u0105 na podstawie art. 3986&nbsp;&sect; 2 k.p.c. &ndash; Uchwa\u0142a S\u0105du Najwy\u017cszego z&nbsp;dnia 16 marca 2017&nbsp;r., sygn. akt III CZP 82\/16.<\/p>\n","protected":false},"excerpt":{"rendered":"<p>We would like to present the next issue of legal bulletin of the Law Office of Adam Polowiec.What you will find here is some information about the new provisions of law and the projects of amendments to acts, but also case-laws including the case laws of Supreme Court, Constitutional Tribunal and European Court of Justice.<\/p>\n","protected":false},"author":3,"featured_media":0,"comment_status":"closed","ping_status":"open","sticky":false,"template":"","format":"standard","meta":{"footnotes":""},"categories":[2],"tags":[],"class_list":["post-758","post","type-post","status-publish","format-standard","hentry","category-wpisy"],"featured_image_src":{"landsacpe":false,"list":false,"medium":false,"full":false},"yoast_head":"<!-- This site is optimized with the Yoast SEO plugin v27.2 - https:\/\/yoast.com\/product\/yoast-seo-wordpress\/ -->\n<title>Legal Bulletin Of The Law Office Of Adam Polowiec (6 - 19 March 2017) - Polowiec i Wsp\u00f3lnicy - Kancelaria prawna<\/title>\n<meta name=\"robots\" content=\"index, follow, max-snippet:-1, max-image-preview:large, max-video-preview:-1\" \/>\n<link rel=\"canonical\" href=\"https:\/\/polowiec.pl\/en\/legal-bulletin-of-the-law-office-of-adam-polowiec-6-19-march-2017\/\" \/>\n<meta property=\"og:locale\" content=\"en_US\" \/>\n<meta property=\"og:type\" content=\"article\" \/>\n<meta property=\"og:title\" content=\"Legal Bulletin Of The Law Office Of Adam Polowiec (6 - 19 March 2017) - Polowiec i Wsp\u00f3lnicy - Kancelaria prawna\" \/>\n<meta property=\"og:description\" content=\"We would like to present the next issue of legal bulletin of the Law Office of Adam Polowiec.What you will find here is some information about the new provisions of law and the projects of amendments to acts, but also case-laws including the case laws of Supreme Court, Constitutional Tribunal and European Court of Justice.\" \/>\n<meta property=\"og:url\" content=\"https:\/\/polowiec.pl\/en\/legal-bulletin-of-the-law-office-of-adam-polowiec-6-19-march-2017\/\" \/>\n<meta property=\"og:site_name\" content=\"Polowiec i Wsp\u00f3lnicy - Kancelaria prawna\" \/>\n<meta property=\"article:publisher\" content=\"https:\/\/www.facebook.com\/polowieciwspolnicy\/\" \/>\n<meta property=\"article:published_time\" content=\"2017-04-29T04:44:28+00:00\" \/>\n<meta property=\"article:modified_time\" content=\"2019-04-18T17:21:26+00:00\" \/>\n<meta name=\"author\" content=\"Marcin Rusinek\" \/>\n<meta name=\"twitter:card\" content=\"summary_large_image\" \/>\n<meta name=\"twitter:label1\" content=\"Written by\" \/>\n\t<meta name=\"twitter:data1\" content=\"Marcin Rusinek\" \/>\n\t<meta name=\"twitter:label2\" content=\"Est. reading time\" \/>\n\t<meta name=\"twitter:data2\" content=\"10 minutes\" \/>\n<script type=\"application\/ld+json\" class=\"yoast-schema-graph\">{\"@context\":\"https:\/\/schema.org\",\"@graph\":[{\"@type\":\"Article\",\"@id\":\"https:\/\/polowiec.pl\/en\/legal-bulletin-of-the-law-office-of-adam-polowiec-6-19-march-2017\/#article\",\"isPartOf\":{\"@id\":\"https:\/\/polowiec.pl\/en\/legal-bulletin-of-the-law-office-of-adam-polowiec-6-19-march-2017\/\"},\"author\":{\"name\":\"Marcin Rusinek\",\"@id\":\"https:\/\/polowiec.pl\/en\/#\/schema\/person\/74c7526b6f52be5ae94031504f9ffec4\"},\"headline\":\"Legal Bulletin Of The Law Office Of Adam Polowiec (6 &#8211; 19 March 2017)\",\"datePublished\":\"2017-04-29T04:44:28+00:00\",\"dateModified\":\"2019-04-18T17:21:26+00:00\",\"mainEntityOfPage\":{\"@id\":\"https:\/\/polowiec.pl\/en\/legal-bulletin-of-the-law-office-of-adam-polowiec-6-19-march-2017\/\"},\"wordCount\":2067,\"publisher\":{\"@id\":\"https:\/\/polowiec.pl\/en\/#organization\"},\"articleSection\":[\"Wpisy\"],\"inLanguage\":\"en-US\"},{\"@type\":\"WebPage\",\"@id\":\"https:\/\/polowiec.pl\/en\/legal-bulletin-of-the-law-office-of-adam-polowiec-6-19-march-2017\/\",\"url\":\"https:\/\/polowiec.pl\/en\/legal-bulletin-of-the-law-office-of-adam-polowiec-6-19-march-2017\/\",\"name\":\"Legal Bulletin Of The Law Office Of Adam Polowiec (6 - 19 March 2017) - Polowiec i Wsp\u00f3lnicy - Kancelaria prawna\",\"isPartOf\":{\"@id\":\"https:\/\/polowiec.pl\/en\/#website\"},\"datePublished\":\"2017-04-29T04:44:28+00:00\",\"dateModified\":\"2019-04-18T17:21:26+00:00\",\"breadcrumb\":{\"@id\":\"https:\/\/polowiec.pl\/en\/legal-bulletin-of-the-law-office-of-adam-polowiec-6-19-march-2017\/#breadcrumb\"},\"inLanguage\":\"en-US\",\"potentialAction\":[{\"@type\":\"ReadAction\",\"target\":[\"https:\/\/polowiec.pl\/en\/legal-bulletin-of-the-law-office-of-adam-polowiec-6-19-march-2017\/\"]}]},{\"@type\":\"BreadcrumbList\",\"@id\":\"https:\/\/polowiec.pl\/en\/legal-bulletin-of-the-law-office-of-adam-polowiec-6-19-march-2017\/#breadcrumb\",\"itemListElement\":[{\"@type\":\"ListItem\",\"position\":1,\"name\":\"Strona g\u0142\u00f3wna\",\"item\":\"https:\/\/polowiec.pl\/en\/\"},{\"@type\":\"ListItem\",\"position\":2,\"name\":\"Legal Bulletin Of The Law Office Of Adam Polowiec (6 &#8211; 19 March 2017)\"}]},{\"@type\":\"WebSite\",\"@id\":\"https:\/\/polowiec.pl\/en\/#website\",\"url\":\"https:\/\/polowiec.pl\/en\/\",\"name\":\"Polowiec i Wsp\u00f3lnicy - Kancelaria prawna\",\"description\":\"Obs\u0142uga prawna\",\"publisher\":{\"@id\":\"https:\/\/polowiec.pl\/en\/#organization\"},\"potentialAction\":[{\"@type\":\"SearchAction\",\"target\":{\"@type\":\"EntryPoint\",\"urlTemplate\":\"https:\/\/polowiec.pl\/en\/?s={search_term_string}\"},\"query-input\":{\"@type\":\"PropertyValueSpecification\",\"valueRequired\":true,\"valueName\":\"search_term_string\"}}],\"inLanguage\":\"en-US\"},{\"@type\":\"Organization\",\"@id\":\"https:\/\/polowiec.pl\/en\/#organization\",\"name\":\"Polowiec i Wsp\u00f3lnicy - Kancelaria prawna\",\"url\":\"https:\/\/polowiec.pl\/en\/\",\"logo\":{\"@type\":\"ImageObject\",\"inLanguage\":\"en-US\",\"@id\":\"https:\/\/polowiec.pl\/en\/#\/schema\/logo\/image\/\",\"url\":\"https:\/\/polowiec.pl\/wp-content\/uploads\/2018\/10\/polowiec_logo2-1.png\",\"contentUrl\":\"https:\/\/polowiec.pl\/wp-content\/uploads\/2018\/10\/polowiec_logo2-1.png\",\"width\":540,\"height\":381,\"caption\":\"Polowiec i Wsp\u00f3lnicy - Kancelaria prawna\"},\"image\":{\"@id\":\"https:\/\/polowiec.pl\/en\/#\/schema\/logo\/image\/\"},\"sameAs\":[\"https:\/\/www.facebook.com\/polowieciwspolnicy\/\",\"https:\/\/www.linkedin.com\/company\/polowiec-i-wsplnicy-sp.j.\/about\/\"]},{\"@type\":\"Person\",\"@id\":\"https:\/\/polowiec.pl\/en\/#\/schema\/person\/74c7526b6f52be5ae94031504f9ffec4\",\"name\":\"Marcin Rusinek\",\"image\":{\"@type\":\"ImageObject\",\"inLanguage\":\"en-US\",\"@id\":\"https:\/\/secure.gravatar.com\/avatar\/b50a0a5c3e71d904f5e57a757d39977d01c43e075c6bf5b4df909ffbbe004790?s=96&d=mm&r=g\",\"url\":\"https:\/\/secure.gravatar.com\/avatar\/b50a0a5c3e71d904f5e57a757d39977d01c43e075c6bf5b4df909ffbbe004790?s=96&d=mm&r=g\",\"contentUrl\":\"https:\/\/secure.gravatar.com\/avatar\/b50a0a5c3e71d904f5e57a757d39977d01c43e075c6bf5b4df909ffbbe004790?s=96&d=mm&r=g\",\"caption\":\"Marcin Rusinek\"}}]}<\/script>\n<!-- \/ Yoast SEO plugin. -->","yoast_head_json":{"title":"Legal Bulletin Of The Law Office Of Adam Polowiec (6 - 19 March 2017) - Polowiec i Wsp\u00f3lnicy - Kancelaria prawna","robots":{"index":"index","follow":"follow","max-snippet":"max-snippet:-1","max-image-preview":"max-image-preview:large","max-video-preview":"max-video-preview:-1"},"canonical":"https:\/\/polowiec.pl\/en\/legal-bulletin-of-the-law-office-of-adam-polowiec-6-19-march-2017\/","og_locale":"en_US","og_type":"article","og_title":"Legal Bulletin Of The Law Office Of Adam Polowiec (6 - 19 March 2017) - Polowiec i Wsp\u00f3lnicy - Kancelaria prawna","og_description":"We would like to present the next issue of legal bulletin of the Law Office of Adam Polowiec.What you will find here is some information about the new provisions of law and the projects of amendments to acts, but also case-laws including the case laws of Supreme Court, Constitutional Tribunal and European Court of Justice.","og_url":"https:\/\/polowiec.pl\/en\/legal-bulletin-of-the-law-office-of-adam-polowiec-6-19-march-2017\/","og_site_name":"Polowiec i Wsp\u00f3lnicy - Kancelaria prawna","article_publisher":"https:\/\/www.facebook.com\/polowieciwspolnicy\/","article_published_time":"2017-04-29T04:44:28+00:00","article_modified_time":"2019-04-18T17:21:26+00:00","author":"Marcin Rusinek","twitter_card":"summary_large_image","twitter_misc":{"Written by":"Marcin Rusinek","Est. reading time":"10 minutes"},"schema":{"@context":"https:\/\/schema.org","@graph":[{"@type":"Article","@id":"https:\/\/polowiec.pl\/en\/legal-bulletin-of-the-law-office-of-adam-polowiec-6-19-march-2017\/#article","isPartOf":{"@id":"https:\/\/polowiec.pl\/en\/legal-bulletin-of-the-law-office-of-adam-polowiec-6-19-march-2017\/"},"author":{"name":"Marcin Rusinek","@id":"https:\/\/polowiec.pl\/en\/#\/schema\/person\/74c7526b6f52be5ae94031504f9ffec4"},"headline":"Legal Bulletin Of The Law Office Of Adam Polowiec (6 &#8211; 19 March 2017)","datePublished":"2017-04-29T04:44:28+00:00","dateModified":"2019-04-18T17:21:26+00:00","mainEntityOfPage":{"@id":"https:\/\/polowiec.pl\/en\/legal-bulletin-of-the-law-office-of-adam-polowiec-6-19-march-2017\/"},"wordCount":2067,"publisher":{"@id":"https:\/\/polowiec.pl\/en\/#organization"},"articleSection":["Wpisy"],"inLanguage":"en-US"},{"@type":"WebPage","@id":"https:\/\/polowiec.pl\/en\/legal-bulletin-of-the-law-office-of-adam-polowiec-6-19-march-2017\/","url":"https:\/\/polowiec.pl\/en\/legal-bulletin-of-the-law-office-of-adam-polowiec-6-19-march-2017\/","name":"Legal Bulletin Of The Law Office Of Adam Polowiec (6 - 19 March 2017) - Polowiec i Wsp\u00f3lnicy - Kancelaria prawna","isPartOf":{"@id":"https:\/\/polowiec.pl\/en\/#website"},"datePublished":"2017-04-29T04:44:28+00:00","dateModified":"2019-04-18T17:21:26+00:00","breadcrumb":{"@id":"https:\/\/polowiec.pl\/en\/legal-bulletin-of-the-law-office-of-adam-polowiec-6-19-march-2017\/#breadcrumb"},"inLanguage":"en-US","potentialAction":[{"@type":"ReadAction","target":["https:\/\/polowiec.pl\/en\/legal-bulletin-of-the-law-office-of-adam-polowiec-6-19-march-2017\/"]}]},{"@type":"BreadcrumbList","@id":"https:\/\/polowiec.pl\/en\/legal-bulletin-of-the-law-office-of-adam-polowiec-6-19-march-2017\/#breadcrumb","itemListElement":[{"@type":"ListItem","position":1,"name":"Strona g\u0142\u00f3wna","item":"https:\/\/polowiec.pl\/en\/"},{"@type":"ListItem","position":2,"name":"Legal Bulletin Of The Law Office Of Adam Polowiec (6 &#8211; 19 March 2017)"}]},{"@type":"WebSite","@id":"https:\/\/polowiec.pl\/en\/#website","url":"https:\/\/polowiec.pl\/en\/","name":"Polowiec i Wsp\u00f3lnicy - Kancelaria prawna","description":"Obs\u0142uga prawna","publisher":{"@id":"https:\/\/polowiec.pl\/en\/#organization"},"potentialAction":[{"@type":"SearchAction","target":{"@type":"EntryPoint","urlTemplate":"https:\/\/polowiec.pl\/en\/?s={search_term_string}"},"query-input":{"@type":"PropertyValueSpecification","valueRequired":true,"valueName":"search_term_string"}}],"inLanguage":"en-US"},{"@type":"Organization","@id":"https:\/\/polowiec.pl\/en\/#organization","name":"Polowiec i Wsp\u00f3lnicy - Kancelaria prawna","url":"https:\/\/polowiec.pl\/en\/","logo":{"@type":"ImageObject","inLanguage":"en-US","@id":"https:\/\/polowiec.pl\/en\/#\/schema\/logo\/image\/","url":"https:\/\/polowiec.pl\/wp-content\/uploads\/2018\/10\/polowiec_logo2-1.png","contentUrl":"https:\/\/polowiec.pl\/wp-content\/uploads\/2018\/10\/polowiec_logo2-1.png","width":540,"height":381,"caption":"Polowiec i Wsp\u00f3lnicy - Kancelaria prawna"},"image":{"@id":"https:\/\/polowiec.pl\/en\/#\/schema\/logo\/image\/"},"sameAs":["https:\/\/www.facebook.com\/polowieciwspolnicy\/","https:\/\/www.linkedin.com\/company\/polowiec-i-wsplnicy-sp.j.\/about\/"]},{"@type":"Person","@id":"https:\/\/polowiec.pl\/en\/#\/schema\/person\/74c7526b6f52be5ae94031504f9ffec4","name":"Marcin Rusinek","image":{"@type":"ImageObject","inLanguage":"en-US","@id":"https:\/\/secure.gravatar.com\/avatar\/b50a0a5c3e71d904f5e57a757d39977d01c43e075c6bf5b4df909ffbbe004790?s=96&d=mm&r=g","url":"https:\/\/secure.gravatar.com\/avatar\/b50a0a5c3e71d904f5e57a757d39977d01c43e075c6bf5b4df909ffbbe004790?s=96&d=mm&r=g","contentUrl":"https:\/\/secure.gravatar.com\/avatar\/b50a0a5c3e71d904f5e57a757d39977d01c43e075c6bf5b4df909ffbbe004790?s=96&d=mm&r=g","caption":"Marcin Rusinek"}}]}},"_links":{"self":[{"href":"https:\/\/polowiec.pl\/en\/wp-json\/wp\/v2\/posts\/758","targetHints":{"allow":["GET"]}}],"collection":[{"href":"https:\/\/polowiec.pl\/en\/wp-json\/wp\/v2\/posts"}],"about":[{"href":"https:\/\/polowiec.pl\/en\/wp-json\/wp\/v2\/types\/post"}],"author":[{"embeddable":true,"href":"https:\/\/polowiec.pl\/en\/wp-json\/wp\/v2\/users\/3"}],"replies":[{"embeddable":true,"href":"https:\/\/polowiec.pl\/en\/wp-json\/wp\/v2\/comments?post=758"}],"version-history":[{"count":0,"href":"https:\/\/polowiec.pl\/en\/wp-json\/wp\/v2\/posts\/758\/revisions"}],"wp:attachment":[{"href":"https:\/\/polowiec.pl\/en\/wp-json\/wp\/v2\/media?parent=758"}],"wp:term":[{"taxonomy":"category","embeddable":true,"href":"https:\/\/polowiec.pl\/en\/wp-json\/wp\/v2\/categories?post=758"},{"taxonomy":"post_tag","embeddable":true,"href":"https:\/\/polowiec.pl\/en\/wp-json\/wp\/v2\/tags?post=758"}],"curies":[{"name":"wp","href":"https:\/\/api.w.org\/{rel}","templated":true}]}}