{"id":761,"date":"2017-04-29T06:49:23","date_gmt":"2017-04-29T04:49:23","guid":{"rendered":"https:\/\/nowa.polowiec.pl\/legal-bulletin-of-the-law-office-of-adam-polowiec-17-30-april-2017\/"},"modified":"2019-04-18T19:19:14","modified_gmt":"2019-04-18T17:19:14","slug":"legal-bulletin-of-the-law-office-of-adam-polowiec-17-30-april-2017","status":"publish","type":"post","link":"https:\/\/polowiec.pl\/en\/legal-bulletin-of-the-law-office-of-adam-polowiec-17-30-april-2017\/","title":{"rendered":"Legal Bulletin Of The Law Office Of Adam Polowiec (17 &#8211; 30 April 2017)"},"content":{"rendered":"<p>We would like to present the next issue of legal bulletin of the Law Office of Adam Polowiec.<br \/>What you will find here is some information about the new provisions of law and the projects of amendments to acts, but also case-laws including the case laws of Supreme Court, Constitutional Tribunal and European Court of Justice.<\/p>\n<p>  <!--more-->  <\/p>\n<p><strong>_____Nowe Prawo<\/strong><\/p>\n<p><strong>PRAWO O&nbsp;USTROJU SAD&Oacute;W POWSZECHNYCH<\/strong><br \/>Ustawa z&nbsp;dnia 23 marca 2017 r. o&nbsp;zmianie ustawy &#8211; Prawo o&nbsp;ustroju s\u0105d&oacute;w powszechnych (Dz. U. z&nbsp;2017 r., poz. 803) &ndash; wejdzie w&nbsp;\u017cycie z&nbsp;dniem 4 maja 2017 r.<br \/>W ustawie z&nbsp;dnia 27 lipca 2001 r. &#8211; Prawo o&nbsp;ustroju s\u0105d&oacute;w powszechnych (Dz.&nbsp;U.&nbsp;z&nbsp;2016&nbsp;r. poz. 2062, 1948, 2103 i&nbsp;2261 oraz z&nbsp;2017 r. poz. 38 i&nbsp;60) zmianie ulegnie brzmienie&nbsp; art. 21, art. 32, w&nbsp;art. 32a uchyla si\u0119 &sect; 2-13, uchylony zostanie art. 32b, w&nbsp;art. 179 dodaje si\u0119 &sect; 1a, dodany zostanie art. 21a, w&nbsp;art. 22 w&nbsp;&sect; 1 w&nbsp;pkt 1 dodaje si\u0119 lit. aa.<\/p>\n<p><strong>PRAWO MEDYCZNE<\/strong><br \/>Ustawa z&nbsp;dnia 23 marca 2017 r. o&nbsp;zmianie ustawy o&nbsp;pobieraniu, przechowywaniu i&nbsp;przeszczepianiu kom&oacute;rek, tkanek i&nbsp;narz\u0105d&oacute;w (Dz. U. z&nbsp;2017 r., poz. 798) &ndash; wejdzie&nbsp;w&nbsp;\u017cycie z&nbsp;dniem 29 kwietnia 2017 r.<br \/>W ustawie z&nbsp;dnia 1 lipca 2005 r. o&nbsp;pobieraniu, przechowywaniu i&nbsp;przeszczepianiu kom&oacute;rek, tkanek i&nbsp;narz\u0105d&oacute;w (Dz. U. z&nbsp;2015 r. poz. 793, 1893 i&nbsp;1991 oraz z&nbsp;2017 r. poz. 767) zmianie ulegnie brzmienie odno\u015bnika nr 1, art. 1, art. 2 ust. 1, art. 3, art. 5 ust. 1, art. 12 ust.1, art. 16, art. 16a ust. 2, art. 16b ust. 3, art. 16c, art. 17 ust. 8, art. 18 ust.&nbsp;6, art. 20 i&nbsp;art. 21, art. 22 ust. 6, art. 24, art. 25 i&nbsp;art. 26, art. 27, art. 28 ust. 3 pkt 5, art. 34, art. 35, art. 36, art. 37a, art. 37b, art. 37e, art. 39, art. 41 ust. 6 pkt 6, art.&nbsp;42 ust. 3, art. 43 i&nbsp;art. 44, art. 46, dodany zostanie art. 31a.<br \/>Ustawa z&nbsp;dnia 23 marca 2017 r. o&nbsp;zmianie ustawy o&nbsp;\u015bwiadczeniach opieki zdrowotnej finansowanych ze \u015brodk&oacute;w publicznych (Dz. U. z&nbsp;2017 r., poz. 844) &ndash; wejdzie w&nbsp;\u017cycie z&nbsp;dniem 4 maja 2017 r.<br \/>W ustawie z&nbsp;dnia 27 sierpnia 2004 r. o&nbsp;\u015bwiadczeniach opieki zdrowotnej finansowanych ze \u015brodk&oacute;w publicznych (Dz. U. z&nbsp;2016 r. poz. 1793, z&nbsp;p&oacute;\u017an. zm.) zmianie ulegnie brzmienie art. 5, art. 55, art. 136 ust. 2, dodany zostanie dzia\u0142 IVb, w&nbsp;art. 107 w&nbsp;ust. 5 w&nbsp;pkt 24 kropk\u0119 zast\u0119puje si\u0119 \u015brednikiem i&nbsp;dodaje si\u0119 pkt 25, po art. 136b dodaje si\u0119 art. 136c, w&nbsp;art. 139 w&nbsp;ust. 1 we wprowadzeniu do wyliczenia po wyrazach &#8220;art. 159&#8221; dodaje si\u0119 wyrazy &#8220;i art. 159a&#8221;, dodany zostanie art. 159a.<br \/>Ustawa z&nbsp;dnia 23 marca 2017 r. o&nbsp;zmianie ustawy o&nbsp;prawach pacjenta i&nbsp;Rzeczniku Praw Pacjenta oraz niekt&oacute;rych innych ustaw (Dz. U. z&nbsp;2017 r., poz. 836) &ndash; wejdzie w&nbsp;\u017cycie z&nbsp;dniem 11 maja 2017 r.<br \/>W ustawie z&nbsp;dnia 6 listopada 2008 r. o&nbsp;prawach pacjenta i&nbsp;Rzeczniku Praw Pacjenta (Dz. U. z&nbsp;2016 r. poz. 186, 823, 960 i&nbsp;1070) zmianie ulegnie brzmienie art. 9, art. 17, art. 20 ust. 2, art. 21 ust. 1, art. 24 ust. 2 i&nbsp;3, art. 26, art. 27, art. 28, art. 29, art. 30a, art. 32, art. 53, art. 67e, art. 67n, w&nbsp;art. 3 w&nbsp;ust. 1 w&nbsp;pkt 6 kropk\u0119 zast\u0119puje si\u0119 \u015brednikiem i&nbsp;dodaje si\u0119 pkt 8-10, dodany zostanie art. 20a, w&nbsp;art. 25 dotychczasow\u0105 tre\u015b\u0107 oznacza si\u0119 jako ust. 1 i&nbsp;dodaje si\u0119 ust. 2 i&nbsp;3, w&nbsp;art. 47 w&nbsp;ust. 1 dodaje si\u0119 pkt 9a, w&nbsp;art. 52 w&nbsp;ust. 2 dodaje si\u0119 pkt 1a, w&nbsp;art. 67c dodaje si\u0119 ust. 1a, art. 67f dodaje si\u0119 ust. 2a-2c, w&nbsp;art. 67i dodaje si\u0119 ust. 6a, w&nbsp;rozdziale 13a dodaje si\u0119 art. 67p, dodany zostanie art. 69a, w&nbsp;art. 71 dodaje si\u0119 ust. 1a. <br \/>W ustawie z&nbsp;dnia 2 grudnia 2009 r. o&nbsp;izbach lekarskich (Dz. U. z&nbsp;2016 r. poz. 522 i&nbsp;2020) zmianie ulegnie brzmienie art. 115 ust. 1, w&nbsp;art. 5 dodaje si\u0119 pkt 11a. <br \/>W ustawie z&nbsp;dnia 1 lipca 2011 r. o&nbsp;samorz\u0105dzie piel\u0119gniarek i&nbsp;po\u0142o\u017cnych (Dz. U. poz. 1038, z&nbsp;2013 r. poz. 779, 1247 i&nbsp;1650, z&nbsp;2014 r. poz. 1004 oraz z&nbsp;2015 r. poz. 1640) w&nbsp;art. 4 w&nbsp;ust. 2 dodaje si\u0119 pkt 2a, w&nbsp;art. 91 w&nbsp;ust. 1 w&nbsp;pkt 8 kropk\u0119 zast\u0119puje si\u0119 \u015brednikiem i&nbsp;dodaje si\u0119 pkt 9.<br \/>Rozporz\u0105dzenie Ministra Zdrowia z&nbsp;dnia 12 kwietnia 2017 r. w&nbsp;sprawie wska\u017anik&oacute;w ekonomiczno-finansowych niezb\u0119dnych do sporz\u0105dzenia analizy oraz prognozy sytuacji ekonomiczno-finansowej samodzielnych publicznych zak\u0142ad&oacute;w opieki zdrowotnej (Dz.&nbsp;U.&nbsp;z 2017 r., poz. 832) &ndash; wejdzie w&nbsp;\u017cycie z&nbsp;dniem 10 maja 2017 r.<\/p>\n<p><strong>MONITOROWANIE DROGOWEGO PRZEWOZU TOWAR&Oacute;W<\/strong><br \/>Rozporz\u0105dzenie Ministra Rozwoju i&nbsp;Finans&oacute;w z&nbsp;dnia 19 kwietnia 2017 r. w&nbsp;sprawie wyznaczenia urz\u0119du skarbowego, na kt&oacute;rego rachunek bankowy dokonuje si\u0119 wp\u0142aty kary pieni\u0119\u017cnej (Dz. U. z&nbsp;2017 r., poz. 845) &ndash; wejdzie w&nbsp;\u017cycie z&nbsp;dniem 1 maja 2017&nbsp;r.<\/p>\n<p><strong>KREDYT HIPOTECZNY<\/strong><br \/>Ustawa z&nbsp;dnia 23 marca 2017 r. o&nbsp;kredycie hipotecznym oraz o&nbsp;nadzorze nad po\u015brednikami kredytu hipotecznego i&nbsp;agentami (Dz. U. z&nbsp;2017 r., poz. 819) &ndash; wejdzie w&nbsp;\u017cycie z&nbsp;dniem 22 lipca 2017 r., z&nbsp;wyj\u0105tkiem:<br \/>1)&nbsp; art. 82 pkt 6 i&nbsp;7, kt&oacute;re wchodz\u0105 w&nbsp;\u017cycie po up\u0142ywie 6 miesi\u0119cy od dnia og\u0142oszenia;<br \/>2)&nbsp; art. 4 pkt 28, art. 10 ust. 1 pkt 5, art. 31 ust. 1, art. 32 i&nbsp;art. 91, kt&oacute;re wchodz\u0105 w&nbsp;\u017cycie z&nbsp;dniem 1 lipca 2018 r.<\/p>\n<p><strong>PRAWO ENERGETYCZNE<\/strong><br \/>Rozporz\u0105dzenie Ministra Rozwoju i&nbsp;Finans&oacute;w z&nbsp;dnia 12 kwietnia 2017 r. w&nbsp;sprawie wzor&oacute;w tre\u015bci gwarancji bankowych i&nbsp;ubezpieczeniowych, por\u0119czenia oraz upowa\u017cnienia do wy\u0142\u0105cznego dysponowania lokat\u0105, sk\u0142adanych jako zabezpieczenie maj\u0105tkowe w&nbsp;zwi\u0105zku z&nbsp;udzielaniem koncesji na wytwarzanie paliw ciek\u0142ych oraz koncesji na obr&oacute;t paliwami ciek\u0142ymi z&nbsp;zagranic\u0105 (Dz. U. z&nbsp;2017 r., poz. 821) &ndash; wejdzie w&nbsp;\u017cycie z&nbsp;dniem 6&nbsp;maja 2017 r.<\/p>\n<p><strong>BEZPIECZE\u0143STWO IMPREZ MASOWYCH<\/strong><br \/>Ustawa z&nbsp;dnia 23 marca 2017 r. o&nbsp;zmianie ustawy o&nbsp;bezpiecze\u0144stwie imprez masowych (Dz. U. z&nbsp;2017 r., poz. 799) &ndash; wejdzie w&nbsp;\u017cycie z&nbsp;dniem 4 maja 2017 r.<br \/>W ustawie z&nbsp;dnia 20 marca 2009 r. o&nbsp;bezpiecze\u0144stwie imprez masowych (Dz. U. z&nbsp;2015 r. poz. 2139 oraz z&nbsp;2016 r. poz. 1250) w&nbsp;rozdziale 10 dodaje si\u0119 art. 77a.<\/p>\n<p><strong>PRAWO PRACY<\/strong><br \/>Rozporz\u0105dzenie Rady Ministr&oacute;w z&nbsp;dnia 3 kwietnia 2017 r. w&nbsp;sprawie wykazu prac uci\u0105\u017cliwych, niebezpiecznych lub szkodliwych dla zdrowia kobiet w&nbsp;ci\u0105\u017cy i&nbsp;kobiet karmi\u0105cych dziecko piersi\u0105 (Dz. U. z&nbsp;2017 r., poz. 796) &ndash; wejdzie w&nbsp;\u017cycie z&nbsp;dniem 1&nbsp;maja 2017 r.<\/p>\n<p><strong>PRAWO PODATKOWE<\/strong><br \/>Rozporz\u0105dzenie Ministra Rozwoju i&nbsp;Finans&oacute;w z&nbsp;dnia 12 kwietnia 2017 r. zmieniaj\u0105ce rozporz\u0105dzenie w&nbsp;sprawie zakresu i&nbsp;warunk&oacute;w korzystania z&nbsp;portalu podatkowego (Dz.&nbsp;U.&nbsp;z 2017 r., poz. 808) &ndash; wejdzie w&nbsp;\u017cycie z&nbsp;dniem 1 czerwca 2017 r., z&nbsp;wyj\u0105tkiem &sect;&nbsp;1 pkt 2, 3 i&nbsp;6, kt&oacute;re wchodz\u0105 w&nbsp;\u017cycie z&nbsp;dniem nast\u0119puj\u0105cym po dniu og\u0142oszenia.<br \/>W rozporz\u0105dzeniu Ministra Finans&oacute;w z&nbsp;dnia 28 grudnia 2015 r. w&nbsp;sprawie zakresu i&nbsp;warunk&oacute;w korzystania z&nbsp;portalu podatkowego (Dz. U. poz. 2286 oraz z&nbsp;2016 r. poz.&nbsp;942) zmianie ulegnie brzmienie &sect; 1, &sect; 2 w&nbsp;ust. 2 pkt 2, u\u017cyte w&nbsp;&sect; 2 w&nbsp;ust. 3, w&nbsp;&sect; 4 w&nbsp;pkt 2, w&nbsp;&sect; 6 w&nbsp;ust. 1 w&nbsp;pkt 1, w&nbsp;&sect; 7 w&nbsp;ust. 1 w&nbsp;pkt 1 we wprowadzeniu do wyliczenia i&nbsp;w pkt 2 oraz w&nbsp;&sect; 8 w&nbsp;pkt 1, w&nbsp;r&oacute;\u017cnej liczbie i&nbsp;r&oacute;\u017cnym przypadku, wyrazy &#8220;organ administracji podatkowej&#8221; zast\u0119puje si\u0119 u\u017cytymi w&nbsp;odpowiedniej liczbie i&nbsp;odpowiednim przypadku wyrazami &#8220;organ Krajowej Administracji Skarbowej&#8221;, dodany zostanie &sect; 5b, w&nbsp;&sect; 8 w&nbsp;pkt 3 w&nbsp;lit. b kropk\u0119 zast\u0119puje si\u0119 \u015brednikiem i&nbsp;dodaje si\u0119 pkt 4, w&nbsp;&sect; 8a wyrazy &#8220;ministra w\u0142a\u015bciwego do spraw finans&oacute;w publicznych&#8221; zast\u0119puje si\u0119 wyrazami &#8220;Szefa Krajowej Administracji Skarbowej&#8221;.<\/p>\n<p><strong>ZARZ\u0104DZENIA PREZESA NARODOWEGO FUNDUSZU ZDROWIA<\/strong><br \/>Zarz\u0105dzenie Nr 27\/2017\/DWM Prezesa Narodowego Funduszu Zdrowia z&nbsp;dnia 20&nbsp;kwietnia 2017 r. zmieniaj\u0105ce zarz\u0105dzenie w&nbsp;sprawie powo\u0142ania Zespo\u0142u zadaniowego do spraw opracowania oraz wdro\u017cenia rozwi\u0105za\u0144 proceduralnych w&nbsp;zakresie wsp&oacute;\u0142pracy Narodowego Funduszu Zdrowia z&nbsp;instytucjami innych pa\u0144stw cz\u0142onkowskich UE\/EFTA w&nbsp;zakresie odzyskiwania nale\u017cno\u015bci z&nbsp;tytu\u0142u nienale\u017cnie udzielonych \u015bwiadcze\u0144 na podstawie przepis&oacute;w o&nbsp;koordynacji system&oacute;w zabezpieczenia spo\u0142ecznego &ndash; wesz\u0142o&nbsp;w&nbsp;\u017cycie z&nbsp;dniem nast\u0119puj\u0105cym po dniu podpisania.<br \/>Zarz\u0105dzenie Nr 28\/2017\/DGL Prezesa Narodowego Funduszu Zdrowia z&nbsp;dnia 21 kwietnia 2017 r. zmieniaj\u0105ce zarz\u0105dzenie w&nbsp;sprawie okre\u015blenia warunk&oacute;w zawierania i&nbsp;realizacji um&oacute;w w&nbsp;rodzaju leczenie szpitalne w&nbsp;zakresie programy zdrowotne (lekowe) &ndash; wesz\u0142o&nbsp;w&nbsp;\u017cycie z&nbsp;dniem nast\u0119puj\u0105cym po dniu podpisania, z&nbsp;moc\u0105 od dnia 1&nbsp;marca 2017 r.<\/p>\n<p><strong>_____Orzecznictwo<\/strong><br \/><strong>Trybuna\u0142 Konstytucyjny<\/strong><\/p>\n<p><strong>REFERENDUM; \u015aRODKI PRAWNE W&nbsp;KAMPANIACH REFERENDALNYCH; PRAWO DO S\u0104DU<\/strong><br \/>Trybuna\u0142 Konstytucyjny stwierdzi\u0142, \u017ce Skr&oacute;cenie i&nbsp;uproszczenie post\u0119powa\u0144 na gruncie art. 44 ustawy o&nbsp;referendum og&oacute;lnokrajowym i&nbsp;art. 35 ustawy o&nbsp;referendum lokalnym, jest uzasadnione funkcj\u0105, jak\u0105 one pe\u0142ni\u0105 w&nbsp;toku kampanii referendalnej. Nie mo\u017ce to jednak prowadzi\u0107 do naruszenia prawa do odpowiedniego ukszta\u0142towania procedury s\u0105dowej &ndash; Wyrok Trybuna\u0142u Konstytucyjnego z&nbsp;dnia 20 kwietnia 2017 r., sygn.&nbsp;akt K 10\/15.<\/p>\n<p><strong>ZASADY ZAWIESZENIA BIEGU PRZEDAWNIENIA WYST\u0118PKU \u015aCIGANEGO Z&nbsp;OSKAR\u017bENIA PRYWATNEGO<\/strong><br \/>Przewidziany w&nbsp;art. 101 &sect; 2 kodeksu karnego roczny termin przedawnienia karalno\u015bci przest\u0119pstw \u015bciganych z&nbsp;oskar\u017cenia prywatnego mie\u015bci si\u0119 w&nbsp;zakresie swobody prawodawcy. Jest to termin racjonalny i&nbsp;dostosowany do specyfiki przest\u0119pstw prywatnoskargowych, w&nbsp;tym przest\u0119pstwa zniewagi &ndash; stwierdzi\u0142 Trybuna\u0142 Konstytucyjny &#8211; Wyrok Trybuna\u0142u Konstytucyjnego z&nbsp;dnia 20 kwietnia 2017 r., sygn. akt SK&nbsp;3\/16.<\/p>\n<p><strong>S\u0105d Najwy\u017cszy<\/strong><\/p>\n<p><strong>KORZYSTANIE Z&nbsp;NIERUCHOMO\u015aCI PRZEZ POSIADACZA SAMOISTNEGO<\/strong><br \/>Korzystanie z&nbsp;nieruchomo\u015bci przez posiadacza samoistnego, kt&oacute;ry odda\u0142 rzecz do u\u017cywania najemcy, polega wy\u0142\u0105cznie na pobieraniu po\u017cytk&oacute;w cywilnych (art. 224 i&nbsp;225 k.c.) &#8211; Uchwa\u0142a&nbsp;S\u0105du Najwy\u017cszego z&nbsp;dnia 19 kwietnia 2017 r., sygn. akt III&nbsp;CZP&nbsp;84\/16.<\/p>\n","protected":false},"excerpt":{"rendered":"<p>We would like to present the next issue of legal bulletin of the Law Office of Adam Polowiec.What you will find here is some information about the new provisions of law and the projects of amendments to acts, but also case-laws including the case laws of Supreme Court, Constitutional Tribunal and European Court of Justice.<\/p>\n","protected":false},"author":3,"featured_media":0,"comment_status":"closed","ping_status":"open","sticky":false,"template":"","format":"standard","meta":{"footnotes":""},"categories":[2],"tags":[],"class_list":["post-761","post","type-post","status-publish","format-standard","hentry","category-wpisy"],"featured_image_src":{"landsacpe":false,"list":false,"medium":false,"full":false},"yoast_head":"<!-- This site is optimized with the Yoast SEO plugin v27.2 - https:\/\/yoast.com\/product\/yoast-seo-wordpress\/ -->\n<title>Legal Bulletin Of The Law Office Of Adam Polowiec (17 - 30 April 2017) - Polowiec i Wsp\u00f3lnicy - Kancelaria prawna<\/title>\n<meta name=\"robots\" content=\"index, follow, max-snippet:-1, max-image-preview:large, max-video-preview:-1\" \/>\n<link rel=\"canonical\" href=\"https:\/\/polowiec.pl\/en\/legal-bulletin-of-the-law-office-of-adam-polowiec-17-30-april-2017\/\" \/>\n<meta property=\"og:locale\" content=\"en_US\" \/>\n<meta property=\"og:type\" content=\"article\" \/>\n<meta property=\"og:title\" content=\"Legal Bulletin Of The Law Office Of Adam Polowiec (17 - 30 April 2017) - Polowiec i Wsp\u00f3lnicy - Kancelaria prawna\" \/>\n<meta property=\"og:description\" content=\"We would like to present the next issue of legal bulletin of the Law Office of Adam Polowiec.What you will find here is some information about the new provisions of law and the projects of amendments to acts, but also case-laws including the case laws of Supreme Court, Constitutional Tribunal and European Court of Justice.\" \/>\n<meta property=\"og:url\" content=\"https:\/\/polowiec.pl\/en\/legal-bulletin-of-the-law-office-of-adam-polowiec-17-30-april-2017\/\" \/>\n<meta property=\"og:site_name\" content=\"Polowiec i Wsp\u00f3lnicy - Kancelaria prawna\" \/>\n<meta property=\"article:publisher\" content=\"https:\/\/www.facebook.com\/polowieciwspolnicy\/\" \/>\n<meta property=\"article:published_time\" content=\"2017-04-29T04:49:23+00:00\" \/>\n<meta property=\"article:modified_time\" content=\"2019-04-18T17:19:14+00:00\" \/>\n<meta name=\"author\" content=\"Marcin Rusinek\" \/>\n<meta name=\"twitter:card\" content=\"summary_large_image\" \/>\n<meta name=\"twitter:label1\" content=\"Written by\" \/>\n\t<meta name=\"twitter:data1\" content=\"Marcin Rusinek\" \/>\n\t<meta name=\"twitter:label2\" content=\"Est. reading time\" \/>\n\t<meta name=\"twitter:data2\" content=\"9 minutes\" \/>\n<script type=\"application\/ld+json\" class=\"yoast-schema-graph\">{\"@context\":\"https:\/\/schema.org\",\"@graph\":[{\"@type\":\"Article\",\"@id\":\"https:\/\/polowiec.pl\/en\/legal-bulletin-of-the-law-office-of-adam-polowiec-17-30-april-2017\/#article\",\"isPartOf\":{\"@id\":\"https:\/\/polowiec.pl\/en\/legal-bulletin-of-the-law-office-of-adam-polowiec-17-30-april-2017\/\"},\"author\":{\"name\":\"Marcin Rusinek\",\"@id\":\"https:\/\/polowiec.pl\/en\/#\/schema\/person\/74c7526b6f52be5ae94031504f9ffec4\"},\"headline\":\"Legal Bulletin Of The Law Office Of Adam Polowiec (17 &#8211; 30 April 2017)\",\"datePublished\":\"2017-04-29T04:49:23+00:00\",\"dateModified\":\"2019-04-18T17:19:14+00:00\",\"mainEntityOfPage\":{\"@id\":\"https:\/\/polowiec.pl\/en\/legal-bulletin-of-the-law-office-of-adam-polowiec-17-30-april-2017\/\"},\"wordCount\":1808,\"publisher\":{\"@id\":\"https:\/\/polowiec.pl\/en\/#organization\"},\"articleSection\":[\"Wpisy\"],\"inLanguage\":\"en-US\"},{\"@type\":\"WebPage\",\"@id\":\"https:\/\/polowiec.pl\/en\/legal-bulletin-of-the-law-office-of-adam-polowiec-17-30-april-2017\/\",\"url\":\"https:\/\/polowiec.pl\/en\/legal-bulletin-of-the-law-office-of-adam-polowiec-17-30-april-2017\/\",\"name\":\"Legal Bulletin Of The Law Office Of Adam Polowiec (17 - 30 April 2017) - Polowiec i Wsp\u00f3lnicy - Kancelaria prawna\",\"isPartOf\":{\"@id\":\"https:\/\/polowiec.pl\/en\/#website\"},\"datePublished\":\"2017-04-29T04:49:23+00:00\",\"dateModified\":\"2019-04-18T17:19:14+00:00\",\"breadcrumb\":{\"@id\":\"https:\/\/polowiec.pl\/en\/legal-bulletin-of-the-law-office-of-adam-polowiec-17-30-april-2017\/#breadcrumb\"},\"inLanguage\":\"en-US\",\"potentialAction\":[{\"@type\":\"ReadAction\",\"target\":[\"https:\/\/polowiec.pl\/en\/legal-bulletin-of-the-law-office-of-adam-polowiec-17-30-april-2017\/\"]}]},{\"@type\":\"BreadcrumbList\",\"@id\":\"https:\/\/polowiec.pl\/en\/legal-bulletin-of-the-law-office-of-adam-polowiec-17-30-april-2017\/#breadcrumb\",\"itemListElement\":[{\"@type\":\"ListItem\",\"position\":1,\"name\":\"Strona g\u0142\u00f3wna\",\"item\":\"https:\/\/polowiec.pl\/en\/\"},{\"@type\":\"ListItem\",\"position\":2,\"name\":\"Legal Bulletin Of The Law Office Of Adam Polowiec (17 &#8211; 30 April 2017)\"}]},{\"@type\":\"WebSite\",\"@id\":\"https:\/\/polowiec.pl\/en\/#website\",\"url\":\"https:\/\/polowiec.pl\/en\/\",\"name\":\"Polowiec i Wsp\u00f3lnicy - Kancelaria prawna\",\"description\":\"Obs\u0142uga prawna\",\"publisher\":{\"@id\":\"https:\/\/polowiec.pl\/en\/#organization\"},\"potentialAction\":[{\"@type\":\"SearchAction\",\"target\":{\"@type\":\"EntryPoint\",\"urlTemplate\":\"https:\/\/polowiec.pl\/en\/?s={search_term_string}\"},\"query-input\":{\"@type\":\"PropertyValueSpecification\",\"valueRequired\":true,\"valueName\":\"search_term_string\"}}],\"inLanguage\":\"en-US\"},{\"@type\":\"Organization\",\"@id\":\"https:\/\/polowiec.pl\/en\/#organization\",\"name\":\"Polowiec i Wsp\u00f3lnicy - Kancelaria prawna\",\"url\":\"https:\/\/polowiec.pl\/en\/\",\"logo\":{\"@type\":\"ImageObject\",\"inLanguage\":\"en-US\",\"@id\":\"https:\/\/polowiec.pl\/en\/#\/schema\/logo\/image\/\",\"url\":\"https:\/\/polowiec.pl\/wp-content\/uploads\/2018\/10\/polowiec_logo2-1.png\",\"contentUrl\":\"https:\/\/polowiec.pl\/wp-content\/uploads\/2018\/10\/polowiec_logo2-1.png\",\"width\":540,\"height\":381,\"caption\":\"Polowiec i Wsp\u00f3lnicy - Kancelaria prawna\"},\"image\":{\"@id\":\"https:\/\/polowiec.pl\/en\/#\/schema\/logo\/image\/\"},\"sameAs\":[\"https:\/\/www.facebook.com\/polowieciwspolnicy\/\",\"https:\/\/www.linkedin.com\/company\/polowiec-i-wsplnicy-sp.j.\/about\/\"]},{\"@type\":\"Person\",\"@id\":\"https:\/\/polowiec.pl\/en\/#\/schema\/person\/74c7526b6f52be5ae94031504f9ffec4\",\"name\":\"Marcin Rusinek\",\"image\":{\"@type\":\"ImageObject\",\"inLanguage\":\"en-US\",\"@id\":\"https:\/\/secure.gravatar.com\/avatar\/b50a0a5c3e71d904f5e57a757d39977d01c43e075c6bf5b4df909ffbbe004790?s=96&d=mm&r=g\",\"url\":\"https:\/\/secure.gravatar.com\/avatar\/b50a0a5c3e71d904f5e57a757d39977d01c43e075c6bf5b4df909ffbbe004790?s=96&d=mm&r=g\",\"contentUrl\":\"https:\/\/secure.gravatar.com\/avatar\/b50a0a5c3e71d904f5e57a757d39977d01c43e075c6bf5b4df909ffbbe004790?s=96&d=mm&r=g\",\"caption\":\"Marcin Rusinek\"}}]}<\/script>\n<!-- \/ Yoast SEO plugin. -->","yoast_head_json":{"title":"Legal Bulletin Of The Law Office Of Adam Polowiec (17 - 30 April 2017) - Polowiec i Wsp\u00f3lnicy - Kancelaria prawna","robots":{"index":"index","follow":"follow","max-snippet":"max-snippet:-1","max-image-preview":"max-image-preview:large","max-video-preview":"max-video-preview:-1"},"canonical":"https:\/\/polowiec.pl\/en\/legal-bulletin-of-the-law-office-of-adam-polowiec-17-30-april-2017\/","og_locale":"en_US","og_type":"article","og_title":"Legal Bulletin Of The Law Office Of Adam Polowiec (17 - 30 April 2017) - Polowiec i Wsp\u00f3lnicy - Kancelaria prawna","og_description":"We would like to present the next issue of legal bulletin of the Law Office of Adam Polowiec.What you will find here is some information about the new provisions of law and the projects of amendments to acts, but also case-laws including the case laws of Supreme Court, Constitutional Tribunal and European Court of Justice.","og_url":"https:\/\/polowiec.pl\/en\/legal-bulletin-of-the-law-office-of-adam-polowiec-17-30-april-2017\/","og_site_name":"Polowiec i Wsp\u00f3lnicy - Kancelaria prawna","article_publisher":"https:\/\/www.facebook.com\/polowieciwspolnicy\/","article_published_time":"2017-04-29T04:49:23+00:00","article_modified_time":"2019-04-18T17:19:14+00:00","author":"Marcin Rusinek","twitter_card":"summary_large_image","twitter_misc":{"Written by":"Marcin Rusinek","Est. reading time":"9 minutes"},"schema":{"@context":"https:\/\/schema.org","@graph":[{"@type":"Article","@id":"https:\/\/polowiec.pl\/en\/legal-bulletin-of-the-law-office-of-adam-polowiec-17-30-april-2017\/#article","isPartOf":{"@id":"https:\/\/polowiec.pl\/en\/legal-bulletin-of-the-law-office-of-adam-polowiec-17-30-april-2017\/"},"author":{"name":"Marcin Rusinek","@id":"https:\/\/polowiec.pl\/en\/#\/schema\/person\/74c7526b6f52be5ae94031504f9ffec4"},"headline":"Legal Bulletin Of The Law Office Of Adam Polowiec (17 &#8211; 30 April 2017)","datePublished":"2017-04-29T04:49:23+00:00","dateModified":"2019-04-18T17:19:14+00:00","mainEntityOfPage":{"@id":"https:\/\/polowiec.pl\/en\/legal-bulletin-of-the-law-office-of-adam-polowiec-17-30-april-2017\/"},"wordCount":1808,"publisher":{"@id":"https:\/\/polowiec.pl\/en\/#organization"},"articleSection":["Wpisy"],"inLanguage":"en-US"},{"@type":"WebPage","@id":"https:\/\/polowiec.pl\/en\/legal-bulletin-of-the-law-office-of-adam-polowiec-17-30-april-2017\/","url":"https:\/\/polowiec.pl\/en\/legal-bulletin-of-the-law-office-of-adam-polowiec-17-30-april-2017\/","name":"Legal Bulletin Of The Law Office Of Adam Polowiec (17 - 30 April 2017) - Polowiec i Wsp\u00f3lnicy - Kancelaria prawna","isPartOf":{"@id":"https:\/\/polowiec.pl\/en\/#website"},"datePublished":"2017-04-29T04:49:23+00:00","dateModified":"2019-04-18T17:19:14+00:00","breadcrumb":{"@id":"https:\/\/polowiec.pl\/en\/legal-bulletin-of-the-law-office-of-adam-polowiec-17-30-april-2017\/#breadcrumb"},"inLanguage":"en-US","potentialAction":[{"@type":"ReadAction","target":["https:\/\/polowiec.pl\/en\/legal-bulletin-of-the-law-office-of-adam-polowiec-17-30-april-2017\/"]}]},{"@type":"BreadcrumbList","@id":"https:\/\/polowiec.pl\/en\/legal-bulletin-of-the-law-office-of-adam-polowiec-17-30-april-2017\/#breadcrumb","itemListElement":[{"@type":"ListItem","position":1,"name":"Strona g\u0142\u00f3wna","item":"https:\/\/polowiec.pl\/en\/"},{"@type":"ListItem","position":2,"name":"Legal Bulletin Of The Law Office Of Adam Polowiec (17 &#8211; 30 April 2017)"}]},{"@type":"WebSite","@id":"https:\/\/polowiec.pl\/en\/#website","url":"https:\/\/polowiec.pl\/en\/","name":"Polowiec i Wsp\u00f3lnicy - Kancelaria prawna","description":"Obs\u0142uga prawna","publisher":{"@id":"https:\/\/polowiec.pl\/en\/#organization"},"potentialAction":[{"@type":"SearchAction","target":{"@type":"EntryPoint","urlTemplate":"https:\/\/polowiec.pl\/en\/?s={search_term_string}"},"query-input":{"@type":"PropertyValueSpecification","valueRequired":true,"valueName":"search_term_string"}}],"inLanguage":"en-US"},{"@type":"Organization","@id":"https:\/\/polowiec.pl\/en\/#organization","name":"Polowiec i Wsp\u00f3lnicy - Kancelaria prawna","url":"https:\/\/polowiec.pl\/en\/","logo":{"@type":"ImageObject","inLanguage":"en-US","@id":"https:\/\/polowiec.pl\/en\/#\/schema\/logo\/image\/","url":"https:\/\/polowiec.pl\/wp-content\/uploads\/2018\/10\/polowiec_logo2-1.png","contentUrl":"https:\/\/polowiec.pl\/wp-content\/uploads\/2018\/10\/polowiec_logo2-1.png","width":540,"height":381,"caption":"Polowiec i Wsp\u00f3lnicy - Kancelaria prawna"},"image":{"@id":"https:\/\/polowiec.pl\/en\/#\/schema\/logo\/image\/"},"sameAs":["https:\/\/www.facebook.com\/polowieciwspolnicy\/","https:\/\/www.linkedin.com\/company\/polowiec-i-wsplnicy-sp.j.\/about\/"]},{"@type":"Person","@id":"https:\/\/polowiec.pl\/en\/#\/schema\/person\/74c7526b6f52be5ae94031504f9ffec4","name":"Marcin Rusinek","image":{"@type":"ImageObject","inLanguage":"en-US","@id":"https:\/\/secure.gravatar.com\/avatar\/b50a0a5c3e71d904f5e57a757d39977d01c43e075c6bf5b4df909ffbbe004790?s=96&d=mm&r=g","url":"https:\/\/secure.gravatar.com\/avatar\/b50a0a5c3e71d904f5e57a757d39977d01c43e075c6bf5b4df909ffbbe004790?s=96&d=mm&r=g","contentUrl":"https:\/\/secure.gravatar.com\/avatar\/b50a0a5c3e71d904f5e57a757d39977d01c43e075c6bf5b4df909ffbbe004790?s=96&d=mm&r=g","caption":"Marcin Rusinek"}}]}},"_links":{"self":[{"href":"https:\/\/polowiec.pl\/en\/wp-json\/wp\/v2\/posts\/761","targetHints":{"allow":["GET"]}}],"collection":[{"href":"https:\/\/polowiec.pl\/en\/wp-json\/wp\/v2\/posts"}],"about":[{"href":"https:\/\/polowiec.pl\/en\/wp-json\/wp\/v2\/types\/post"}],"author":[{"embeddable":true,"href":"https:\/\/polowiec.pl\/en\/wp-json\/wp\/v2\/users\/3"}],"replies":[{"embeddable":true,"href":"https:\/\/polowiec.pl\/en\/wp-json\/wp\/v2\/comments?post=761"}],"version-history":[{"count":0,"href":"https:\/\/polowiec.pl\/en\/wp-json\/wp\/v2\/posts\/761\/revisions"}],"wp:attachment":[{"href":"https:\/\/polowiec.pl\/en\/wp-json\/wp\/v2\/media?parent=761"}],"wp:term":[{"taxonomy":"category","embeddable":true,"href":"https:\/\/polowiec.pl\/en\/wp-json\/wp\/v2\/categories?post=761"},{"taxonomy":"post_tag","embeddable":true,"href":"https:\/\/polowiec.pl\/en\/wp-json\/wp\/v2\/tags?post=761"}],"curies":[{"name":"wp","href":"https:\/\/api.w.org\/{rel}","templated":true}]}}