{"id":783,"date":"2017-08-11T13:39:33","date_gmt":"2017-08-11T11:39:33","guid":{"rendered":"https:\/\/nowa.polowiec.pl\/legal-bulletin-of-the-law-office-of-adam-polowiec-1-21-may-2017\/"},"modified":"2019-04-18T19:18:16","modified_gmt":"2019-04-18T17:18:16","slug":"legal-bulletin-of-the-law-office-of-adam-polowiec-1-21-may-2017","status":"publish","type":"post","link":"https:\/\/polowiec.pl\/en\/legal-bulletin-of-the-law-office-of-adam-polowiec-1-21-may-2017\/","title":{"rendered":"Legal Bulletin Of The Law Office Of Adam Polowiec (1 &#8211; 21 May 2017)"},"content":{"rendered":"<p><span style=\"font-size: 14px; text-align: justify;\">We would like to present the next issue of legal bulletin of the Law Office of Adam Polowiec.<\/span><br style=\"font-size: 14px; text-align: justify;\" \/><span style=\"font-size: 14px; text-align: justify;\">What you will find here is some information about the new provisions of law and the projects of amendments to acts, but also case-laws including the case laws of Supreme Court, Constitutional Tribunal and European Court of Justice.<\/span><\/p>\n<p>  <!--more-->  <\/p>\n<p style=\"margin-top: 20px; font-size: 14px; text-align: justify;\"><strong>_____Nowe Prawo<\/strong><\/p>\n<p style=\"margin-top: 15pt; margin-right: 0cm; margin-bottom: 15pt; font-size: 14px; text-align: justify;\"><strong><span style=\"font-size: 10pt; font-family: Helvetica, sans-serif;\">PRAWO KARNE<\/span><\/strong><b><span style=\"font-size: 10pt; font-family: Helvetica, sans-serif;\"><br \/><strong>Ustawa<\/strong><\/span><\/b>&nbsp;<span style=\"font-size: 10pt; font-family: Helvetica, sans-serif;\">z dnia 23 marca 2017 r. o&nbsp;zmianie ustawy o&nbsp;zatrudnianiu os&oacute;b pozbawionych wolno\u015bci (Dz. U. z&nbsp;2017 r., poz. 924) &ndash;&nbsp;<strong>wejdzie w&nbsp;\u017cycie z&nbsp;dniem 1 czerwca 2017 r.<\/strong><b><br \/><\/b>W ustawie z&nbsp;dnia 28 sierpnia 1997 r. o&nbsp;zatrudnianiu os&oacute;b pozbawionych wolno\u015bci (Dz. U. z&nbsp;2014 r. poz. 1116 oraz z&nbsp;2016 r. poz. 2260) zmianie ulegnie brzmienie art. 8.<br \/><strong>Ustawa<\/strong>&nbsp;z&nbsp;dnia 23 marca 2017 r. o&nbsp;zmianie ustawy &#8211; Kodeks karny oraz ustawy o&nbsp;pomocy osobom uprawnionym do aliment&oacute;w (Dz. U. z&nbsp;2017 r., poz. 952) &ndash;&nbsp;<strong>wejdzie w&nbsp;\u017cycie z&nbsp;dniem 31 maja 2017 r.<\/strong><br \/>W&nbsp;ustawie z&nbsp;dnia 6 czerwca 1997 r. &#8211; Kodeks karny (Dz. U. z&nbsp;2016 r. poz. 1137 i&nbsp;2138 oraz z&nbsp;2017 r. poz. 244, 768 i&nbsp;773) zmianie ulegnie brzmienie art. 209.<br \/>W&nbsp;ustawie z&nbsp;dnia 7 wrze\u015bnia 2007 r. o&nbsp;pomocy osobom uprawnionym do aliment&oacute;w (Dz. U. z&nbsp;2017 r. poz. 489, 624 i&nbsp;777) zmianie ulegnie brzmienie art. 5 ust. 3b pkt 1.<br \/><strong>Ustawa<\/strong>&nbsp;z&nbsp;dnia 23 marca 2017 r. o&nbsp;zmianie ustawy &#8211; Kodeks karny oraz niekt&oacute;rych innych ustaw (Dz. U. z&nbsp;2017 r., poz. 966) &ndash; wejdzie w&nbsp;\u017cycie z&nbsp;dniem&nbsp;<strong>1 czerwca 2017 r., z&nbsp;wyj\u0105tkiem art. 5 pkt 1, kt&oacute;ry wchodzi w&nbsp;\u017cycie z&nbsp;dniem 1 stycznia 2018 r.<\/strong><br \/>W&nbsp;ustawie z&nbsp;dnia 6 czerwca 1997 r. &#8211; Kodeks karny (Dz. U. z&nbsp;2016 r. poz. 1137 i&nbsp;2138 oraz z&nbsp;2017 r. poz. 244, 768, 773 i&nbsp;952) zmianie ulegnie brzmienie art. 178 &sect; 1, w&nbsp;art. 42 po &sect; 1 dodaje si\u0119 &sect; 1a, dodany zostanie art. 178b, art. 244.<br \/>W&nbsp;ustawie z&nbsp;dnia 20 maja 1971 r. &#8211; Kodeks wykrocze\u0144 (Dz. U. z&nbsp;2015 r. poz. 1094, 1485, 1634 i&nbsp;1707) zmianie ulegnie brzmienie art. 45 &sect; 1.<br \/>W&nbsp;ustawie z&nbsp;dnia 6 czerwca 1997 r. &#8211; Kodeks post\u0119powania karnego (Dz. U. z&nbsp;2016 r. poz. 1749, z&nbsp;p&oacute;\u017an. zm.) w&nbsp;art. 213 dodaje si\u0119 &sect; 1b.<br \/>W&nbsp;ustawie z&nbsp;dnia 20 czerwca 1997 r. &#8211; Prawo o&nbsp;ruchu drogowym (Dz. U. z&nbsp;2017 r. poz. 128, 60, 379 i&nbsp;777) zmianie ulegnie brzmienie art. 129a ust. 1 pkt 2, art. 129b ust. 3 pkt 1, art. 129i ust. 2-4, art. 129j ust. 4, art. 129ja, art. 129k.<br \/>W&nbsp;ustawie z&nbsp;dnia 24 sierpnia 2001 r. &#8211; Kodeks post\u0119powania w&nbsp;sprawach o&nbsp;wykroczenia (Dz. U. z&nbsp;2016 r. poz. 1713 i&nbsp;1948 oraz z&nbsp;2017 r. poz. 708 i&nbsp;962) zmianie ulegnie brzmienie art. 100, dodany zostanie art. 102a.<\/span><\/p>\n<p style=\"margin-top: 15pt; margin-right: 0cm; margin-bottom: 15pt; font-size: 14px; text-align: justify;\"><strong><span style=\"font-size: 10pt; font-family: Helvetica, sans-serif;\">PRAWO PRACY<\/span><\/strong><span style=\"font-size: 10pt; font-family: Helvetica, sans-serif;\"><br \/><strong>Ustawa<\/strong>&nbsp;z&nbsp;dnia 7 kwietnia 2017 r. o&nbsp;zmianie ustawy o&nbsp;zatrudnianiu pracownik&oacute;w tymczasowych oraz niekt&oacute;rych innych ustaw (Dz. U. z&nbsp;2017 r., poz. 962) &ndash;&nbsp;<strong>wejdzie w&nbsp;\u017cycie z&nbsp;dniem 1 czerwca 2017 r. z&nbsp;wyj\u0105tkiem art. 5 pkt 9 w&nbsp;zakresie art. 18o ust. 2 i&nbsp;pkt 14, kt&oacute;re wchodz\u0105 w&nbsp;\u017cycie z&nbsp;dniem 1 stycznia 2018 r.<\/strong><br \/>W&nbsp;ustawie z&nbsp;dnia 9 lipca 2003 r. o&nbsp;zatrudnianiu pracownik&oacute;w tymczasowych (Dz. U. z&nbsp;2016 r. poz. 360 oraz z&nbsp;2017 r. poz. 658) zmianie ulegnie brzmienie tytu\u0142u rozdzia\u0142u II, art. 8, art. 9 ust. 2, art. 11, art. 13, art. 17, art. 20, w&nbsp;art. 7 dotychczasow\u0105 tre\u015b\u0107 oznacza si\u0119 jako ust. 1 i&nbsp;dodaje si\u0119 ust. 2, dodany zostanie art. 9a, 11a i&nbsp;art. 11b, art. 14a, w&nbsp;art. 18a dodaje si\u0119 ust. 1a, uchylony zostanie art. 24, dodany zostanie art. 25a i&nbsp;art. 25b, uchylony zostanie rozdzia\u0142 III, w&nbsp;art. 27 w&nbsp;ust. 1 po wyrazach &#8220;podlega karze grzywny&#8221; dodaje si\u0119 wyrazy &#8220;od 1000 do 30 000 z\u0142&#8221;, dodany zostanie art. 27a i&nbsp;art. 27b, w&nbsp;art. 28 wyrazy &#8220;o kt&oacute;rych mowa w&nbsp;art. 27&#8221; zast\u0119puje si\u0119 wyrazami &#8220;o kt&oacute;rych mowa w&nbsp;art. 27-27b&#8221;.<br \/>W&nbsp;ustawie z&nbsp;dnia 26 czerwca 1974 r. &#8211; Kodeks pracy (Dz. U. z&nbsp;2016 r. poz. 1666, 2138 i&nbsp;2255 oraz z&nbsp;2017 r. poz. 60) w&nbsp;art. 251 dodaje si\u0119 &sect; 41.<br \/>W&nbsp;ustawie z&nbsp;dnia 13 pa\u017adziernika 1998 r. o&nbsp;systemie ubezpiecze\u0144 spo\u0142ecznych (Dz. U. z&nbsp;2016 r. poz. 963, z&nbsp;p&oacute;\u017an. zm.) w&nbsp;art. 50 dodaje si\u0119 ust. 14a.<br \/>W&nbsp;ustawie z&nbsp;dnia 24 sierpnia 2001 r. &#8211; Kodeks post\u0119powania w&nbsp;sprawach o&nbsp;wykroczenia (Dz. U. z&nbsp;2016 r. poz. 1713 i&nbsp;1948 oraz z&nbsp;2017 r. poz. 708) zmianie ulegnie brzmienie art. 17 &sect; 2, w&nbsp;art. 96 dodaje si\u0119 &sect; 1ba i&nbsp;1bb.<br \/>W&nbsp;ustawie z&nbsp;dnia 20 kwietnia 2004 r. o&nbsp;promocji zatrudnienia i&nbsp;instytucjach rynku pracy (Dz. U. z&nbsp;2016 r. poz. 645, z&nbsp;p&oacute;\u017an. zm.) zmianie ulegnie brzmienie art. 18, art. 18c ust. 1, art. 18e, art. 18i, art. 18j ust. 1, art. 18l, art. 18m ust. 1, art. 18o, art. 19 pkt 1, art. 19b, art. 19e ust. 1 pkt 1, art. 19f, art. 19i, art. 19k, art. 85, art. 121, w&nbsp;art. 18d dodaje si\u0119 ust. 1a, dodany zostanie art. 19fa, art. 19ia, art. 85a, w&nbsp;art. 120 dodaje si\u0119 ust. 7.<br \/>W&nbsp;ustawie z&nbsp;dnia 13 kwietnia 2007 r. o&nbsp;Pa\u0144stwowej Inspekcji Pracy (Dz. U. z&nbsp;2017 r. poz. 786) zmianie ulegnie brzmienie art. 10 ust. 1 pkt 3 lit. f, art. 13 pkt 3.<\/span><\/p>\n<p style=\"margin-top: 15pt; margin-right: 0cm; margin-bottom: 15pt; font-size: 14px; text-align: justify;\"><strong><span style=\"font-size: 10pt; font-family: Helvetica, sans-serif;\">PRAWO MEDYCZNE<\/span><\/strong><span style=\"font-size: 10pt; font-family: Helvetica, sans-serif;\"><br \/><strong>Rozporz\u0105dzenie<\/strong>&nbsp;Ministra Sprawiedliwo\u015bci z&nbsp;dnia 20 kwietnia 2017 r. zmieniaj\u0105ce rozporz\u0105dzenie w&nbsp;sprawie szczeg&oacute;\u0142owych wymaga\u0144, jakim powinny odpowiada\u0107 pomieszczenia i&nbsp;urz\u0105dzenia podmiotu leczniczego dla os&oacute;b pozbawionych wolno\u015bci (Dz. U. z&nbsp;2017 r., poz. 917) &ndash;&nbsp;<strong>wejdzie w&nbsp;\u017cycie z&nbsp;dniem 26 maja 2017 r.<\/strong><br \/>W&nbsp;rozporz\u0105dzeniu Ministra Sprawiedliwo\u015bci z&nbsp;dnia 5 lipca 2012 r. w&nbsp;sprawie szczeg&oacute;\u0142owych wymaga\u0144, jakim powinny odpowiada\u0107 pomieszczenia i&nbsp;urz\u0105dzenia podmiotu leczniczego dla os&oacute;b pozbawionych wolno\u015bci (Dz. U. poz. 808) zmianie ulegnie brzmienie &sect; 29, za\u0142\u0105cznika nr 1 do rozporz\u0105dzenia.<br \/><strong>Rozporz\u0105dzenie<\/strong>&nbsp;Ministra Zdrowia z&nbsp;dnia 25 kwietnia 2017 r. zmieniaj\u0105ce rozporz\u0105dzenie w&nbsp;sprawie \u015bwiadcze\u0144 gwarantowanych z&nbsp;zakresu lecznictwa uzdrowiskowego (Dz. U. z&nbsp;2017 r., poz. 923) &ndash;&nbsp;<b>&nbsp;<\/b><strong>wejdzie w&nbsp;\u017cycie z&nbsp;dniem 26 maja 2017 r.<\/strong><br \/>W&nbsp;rozporz\u0105dzeniu Ministra Zdrowia z&nbsp;dnia 23 lipca 2013 r. w&nbsp;sprawie \u015bwiadcze\u0144 gwarantowanych z&nbsp;zakresu lecznictwa uzdrowiskowego (Dz. U. z&nbsp;2015 r. poz. 2027) zmianie ulegnie brzmienie &sect; 7 ust. 2 zdanie drugie.<br \/><strong>Rozporz\u0105dzenie<\/strong>&nbsp;Ministra Zdrowia z&nbsp;dnia 9 maja 2017 r. zmieniaj\u0105ce rozporz\u0105dzenie w&nbsp;sprawie \u015bwiadcze\u0144 gwarantowanych z&nbsp;zakresu rehabilitacji leczniczej (Dz. U. z&nbsp;2017 r., poz. 946) &ndash;&nbsp;<strong>wesz\u0142o w&nbsp;\u017cycie z&nbsp;dniem 16 maja 2017 r.<\/strong><br \/>W&nbsp;rozporz\u0105dzeniu Ministra Zdrowia z&nbsp;dnia 6 listopada 2013 r. w&nbsp;sprawie \u015bwiadcze\u0144 gwarantowanych z&nbsp;zakresu rehabilitacji leczniczej (Dz. U. poz. 1522 oraz z&nbsp;2016 r. poz. 2162) zmianie uleg\u0142o brzmienie za\u0142\u0105cznika nr 1 do rozporz\u0105dzenia lp. 1 i&nbsp;2.<\/span><\/p>\n<p style=\"margin-top: 15pt; margin-right: 0cm; margin-bottom: 15pt; font-size: 14px; text-align: justify;\"><strong><span style=\"font-size: 10pt; font-family: Helvetica, sans-serif;\">RZECZNICY PATENTOWI<\/span><\/strong><span style=\"font-size: 10pt; font-family: Helvetica, sans-serif;\"><br \/><strong>Rozporz\u0105dzenie<\/strong>&nbsp;Ministra Sprawiedliwo\u015bci z&nbsp;dnia 28 kwietnia 2017 r. w&nbsp;sprawie op\u0142at za czynno\u015bci rzecznik&oacute;w patentowych (Dz. U. z&nbsp;2017 r., poz. 881) &ndash;&nbsp;<strong>wesz\u0142o w&nbsp;\u017cycie z&nbsp;dniem 6 maja 2017 r.<\/strong><\/span><\/p>\n<p style=\"margin-top: 15pt; margin-right: 0cm; margin-bottom: 15pt; font-size: 14px; text-align: justify;\"><strong><span style=\"font-size: 10pt; font-family: Helvetica, sans-serif;\">UMOWA KONCESJI NA ROBOTY BUDOWALNE I&nbsp;US\u0141UGI<\/span><\/strong><span style=\"font-size: 10pt; font-family: Helvetica, sans-serif;\"><br \/><strong>Rozporz\u0105dzenie<\/strong>&nbsp;Ministra Rozwoju i&nbsp;Finans&oacute;w z&nbsp;dnia 28 kwietnia 2017 r. w&nbsp;sprawie okre\u015blenia kwot warto\u015bci um&oacute;w koncesji, od kt&oacute;rych uzale\u017cniony jest obowi\u0105zek przekazywania og\u0142osze\u0144 Urz\u0119dowi Publikacji Unii Europejskiej (Dz. U. z&nbsp;2017 r., poz. 951) &ndash;&nbsp;<strong>wejdzie w&nbsp;\u017cycie z&nbsp;dniem 31 maja 2017 r.<\/strong><\/span><\/p>\n<p style=\"margin-top: 15pt; margin-right: 0cm; margin-bottom: 15pt; font-size: 14px; text-align: justify;\"><strong><span style=\"font-size: 10pt; font-family: Helvetica, sans-serif;\">DROGI PUBLICZNE<\/span><\/strong><span style=\"font-size: 10pt; font-family: Helvetica, sans-serif;\"><br \/><strong>Rozporz\u0105dzenie<\/strong>&nbsp;Rady Ministr&oacute;w z&nbsp;dnia 5 maja 2017 r. zmieniaj\u0105ce rozporz\u0105dzenie w&nbsp;sprawie dr&oacute;g krajowych lub ich odcink&oacute;w, na kt&oacute;rych pobiera si\u0119 op\u0142at\u0119 elektroniczn\u0105, oraz wysoko\u015bci stawek op\u0142aty elektronicznej (Dz. U. z&nbsp;2017 r., poz. 95) &ndash;&nbsp;<strong>wejdzie w&nbsp;\u017cycie z&nbsp;dniem 9 lipca 2017 r.<\/strong><br \/>W&nbsp;rozporz\u0105dzeniu Rady Ministr&oacute;w z&nbsp;dnia 22 marca 2011 r. w&nbsp;sprawie dr&oacute;g krajowych lub ich odcink&oacute;w, na kt&oacute;rych pobiera si\u0119 op\u0142at\u0119 elektroniczn\u0105, oraz wysoko\u015bci stawek op\u0142aty elektronicznej (Dz. U. z&nbsp;2013 r. poz. 1263 i&nbsp;1267, z&nbsp;2014 r. poz. 1112, z&nbsp;2015 r. poz. 879 i&nbsp;1666 oraz z&nbsp;2016 r. poz. 1049) zmianie ulegnie brzmienie za\u0142\u0105cznika nr 1 do rozporz\u0105dzenia, za\u0142\u0105cznika nr 2 do rozporz\u0105dzenia.<\/span><\/p>\n<p style=\"margin-top: 15pt; margin-right: 0cm; margin-bottom: 15pt; font-size: 14px; text-align: justify;\"><strong><span style=\"font-size: 10pt; font-family: Helvetica, sans-serif;\">OBR&Oacute;T INSTRUMENTAMI FINANSOWYMI<\/span><\/strong><span style=\"font-size: 10pt; font-family: Helvetica, sans-serif;\"><br \/><strong>Rozporz\u0105dzenie<\/strong>&nbsp;Ministra Rozwoju i&nbsp;Finans&oacute;w z&nbsp;dnia 8 maja 2017 r. w&nbsp;sprawie danych i&nbsp;informacji przekazywanych przez podmioty prowadz\u0105ce depozyt papier&oacute;w warto\u015bciowych, system rejestracji instrument&oacute;w finansowych nieb\u0119d\u0105cych papierami warto\u015bciowymi oraz system rozrachunku (Dz. U. z&nbsp;2017 r., poz. 948) &ndash;&nbsp;<strong>wejdzie w&nbsp;\u017cycie z&nbsp;dniem 31 maja 2017 r.<\/strong><\/span><\/p>\n<p style=\"margin-top: 15pt; margin-right: 0cm; margin-bottom: 15pt; font-size: 14px; text-align: justify;\"><strong><span style=\"font-size: 10pt; font-family: Helvetica, sans-serif;\">PRAWO ENERGETYCZNE<\/span><\/strong><span style=\"font-size: 10pt; font-family: Helvetica, sans-serif;\"><br \/><strong>Rozporz\u0105dzenie<\/strong>&nbsp;Ministra Energii z&nbsp;dnia 21 kwietnia 2017 r. w&nbsp;sprawie wzoru sprawozdania o&nbsp;podmiotach zlecaj\u0105cych us\u0142ugi magazynowania, prze\u0142adunku, przesy\u0142ania lub dystrybucji paliw ciek\u0142ych (Dz. U. z&nbsp;2017 r., poz. 945) &ndash;&nbsp;<strong>wejdzie w&nbsp;\u017cycie z&nbsp;dniem 23 maja 2017 r.<\/strong><br \/><strong>Rozporz\u0105dzenie<\/strong>&nbsp;Rady Ministr&oacute;w z&nbsp;dnia 24 kwietnia 2017 r. w&nbsp;sprawie minimalnego poziomu dywersyfikacji dostaw gazu ziemnego z&nbsp;zagranicy (Dz. U. z&nbsp;2017 r., poz. 902) &ndash;&nbsp;<strong>wesz\u0142o w&nbsp;\u017cycie z&nbsp;dniem 10 maja 2017 r.<\/strong><\/span><\/p>\n<p style=\"margin-top: 15pt; margin-right: 0cm; margin-bottom: 15pt; font-size: 14px; text-align: justify;\"><strong><span style=\"font-size: 10pt; font-family: Helvetica, sans-serif;\">DROGI PUBLICZNE<\/span><\/strong><span style=\"font-size: 10pt; font-family: Helvetica, sans-serif;\"><br \/><strong>Rozporz\u0105dzenie<\/strong>&nbsp;Ministra Infrastruktury i&nbsp;Budownictwa z&nbsp;dnia 21 kwietnia 2017 r. w&nbsp;sprawie wykazu dr&oacute;g krajowych oraz dr&oacute;g wojew&oacute;dzkich, po kt&oacute;rych mog\u0105 porusza\u0107 si\u0119 pojazdy o&nbsp;dopuszczalnym nacisku pojedynczej osi do 10 t, oraz wykazu dr&oacute;g krajowych, po kt&oacute;rych mog\u0105 porusza\u0107 si\u0119 pojazdy o&nbsp;dopuszczalnym nacisku pojedynczej osi do 8 t (Dz. U. z&nbsp;2017 r., poz. 878) &ndash;&nbsp;<strong>wejdzie w&nbsp;\u017cycie z&nbsp;dniem 20 maja 2017 r.<\/strong><\/span><\/p>\n<p style=\"margin-top: 15pt; margin-right: 0cm; margin-bottom: 15pt; font-size: 14px; text-align: justify;\"><strong><span style=\"font-size: 10pt; font-family: Helvetica, sans-serif;\">PRAWO OCHRONY \u015aRODOWISKA<\/span><\/strong><span style=\"font-size: 10pt; font-family: Helvetica, sans-serif;\"><br \/><strong>Ustawa<\/strong>&nbsp;z&nbsp;dnia 7 kwietnia 2017 r. o&nbsp;zmianie ustawy &#8211; Prawo ochrony \u015brodowiska (Dz. U. z&nbsp;2017 r., poz. 898) &ndash;&nbsp;<strong>wejdzie w&nbsp;\u017cycie z&nbsp;dniem 24 maja 2017 r.<\/strong><br \/>W&nbsp;ustawie z&nbsp;dnia 27 kwietnia 2001 r. &#8211; Prawo ochrony \u015brodowiska (Dz. U. z&nbsp;2017 r. poz. 519 i&nbsp;785) zmianie ulegnie brzmienie art. 400d ust. 1, art. 400f, art. 400j, w&nbsp;art. 400i w&nbsp;ust. 1 wyraz &#8220;os&oacute;b&#8221; zast\u0119puje si\u0119 wyrazem &#8220;cz\u0142onk&oacute;w&#8221;.<\/span><\/p>\n<p style=\"margin-top: 15pt; margin-right: 0cm; margin-bottom: 15pt; font-size: 14px; text-align: justify;\"><strong><span style=\"font-size: 10pt; font-family: Helvetica, sans-serif;\">PRAWO PODATKOWE<\/span><\/strong><span style=\"font-size: 10pt; font-family: Helvetica, sans-serif;\"><br \/><strong>Ustawa<\/strong>&nbsp;z&nbsp;dnia 7 kwietnia 2017 r. o&nbsp;zmianie ustawy o&nbsp;podatku akcyzowym (Dz. U. z&nbsp;2017 r., poz. 937) &ndash;&nbsp;<strong>wejdzie w&nbsp;\u017cycie z&nbsp;dniem 27 maja 2017 r.<\/strong><br \/>W&nbsp;ustawie z&nbsp;dnia 6 grudnia 2008 r. o&nbsp;podatku akcyzowym (Dz. U. z&nbsp;2017 r. poz. 43 i&nbsp;60) zmianie ulegnie brzmienie art. 30 ust. 9 pkt 1, art. 63 ust. 1 pkt 5, art. 65 ust. 1a pkt 1, art. 78, w&nbsp;art. 16 ust. 1 dodaje si\u0119 zdanie drugie, w&nbsp;art. 76 wyrazy &#8220;pkt 2&#8221; zast\u0119puje si\u0119 wyrazami &#8220;pkt 2a&#8221;, dodany zostanie art. 138t.<\/span><\/p>\n<p style=\"margin-top: 15pt; margin-right: 0cm; margin-bottom: 15pt; font-size: 14px; text-align: justify;\"><strong><span style=\"font-size: 10pt; font-family: Helvetica, sans-serif;\">PRAWO ADMINISTRACYJNE<\/span><\/strong><span style=\"font-size: 10pt; font-family: Helvetica, sans-serif;\"><br \/><strong>Ustawa<\/strong>&nbsp;z&nbsp;dnia 7 kwietnia 2017 r. o&nbsp;zmianie ustawy &#8211; Kodeks post\u0119powania administracyjnego oraz niekt&oacute;rych innych ustaw (Dz. U. z&nbsp;2017 r., poz. 935) &ndash;&nbsp;<strong>wejdzie w&nbsp;\u017cycie z&nbsp;dniem 1 czerwca 2017 r.<\/strong><br \/>W&nbsp;ustawie z&nbsp;dnia 14 czerwca 1960 r. &#8211; Kodeks post\u0119powania administracyjnego (Dz. U. z&nbsp;2016 r. poz. 23, 868, 996, 1579 i&nbsp;2138) zmianie ulegnie brzmienie art. 1, art. 8, art. 13, art. 15, art. 35, art. 36 &sect; 1, art. 37, art. 38, art. 49, art. 57, art. 64 &sect; 2, art. 76a, art. 91 &sect; 3, art. 106 &sect; 6, art. 107 &sect; 1, art. 112, art. 114, art. 116 &sect; 1, art. 117, art. 121a, art. 130 &sect; 4, art. 156 &sect; 1 pkt 3, art. 158 &sect; 1, art. 263 &sect; 1, art. 268a, dodany zostanie art. 7a i&nbsp;art. 7b, w&nbsp;art. 16 dodaje si\u0119 &sect; 3, dodany zostanie art. 392, w&nbsp;dziale I&nbsp;w rozdziale 8 dodaje si\u0119 art. 49a i&nbsp;art. 49b, dodany zostanie art. 79a, art. 81a, w&nbsp;art. 83 dodaje si\u0119 &sect; 4, w&nbsp;dziale II dodaje si\u0119 rozdzia\u0142 5a, dodany zostanie art. 106a, w&nbsp;art. 110 dotychczasow\u0105 tre\u015b\u0107 oznacza si\u0119 jako &sect; 1 i&nbsp;dodaje si\u0119 &sect; 2, w&nbsp;dziale II dodaje si\u0119 rozdzia\u0142 8a, dodany zostanie art. 127a, w&nbsp;art. 136 dotychczasow\u0105 tre\u015b\u0107 oznacza si\u0119 jako &sect; 1 i&nbsp;dodaje si\u0119 &sect; 2-4, w&nbsp;art. 138 dodaje si\u0119 &sect; 2a i&nbsp;2b, w&nbsp;art. 151 dodaje si\u0119 &sect; 3, dodany zostanie art. 155a, w&nbsp;dziale II w&nbsp;rozdziale 13 dodaje si\u0119 art. 163a, w&nbsp;dziale II dodaje si\u0119 rozdzia\u0142 14, dodaje si\u0119 dzia\u0142 IVa, dzia\u0142 VIIIa, dodany zostanie art. 263a, w&nbsp;art. 264 dodaje si\u0119 &sect; 1a.<br \/>W&nbsp;ustawie z&nbsp;dnia 8 marca 1990 r. o&nbsp;samorz\u0105dzie gminnym (Dz. U. z&nbsp;2016 r. poz. 446, 1579 i&nbsp;1948 oraz z&nbsp;2017 r. poz. 730) zmianie ulegnie brzmienie art. 101, uchylony zostanie art. 102a.<br \/>W&nbsp;ustawie z&nbsp;dnia 12 pa\u017adziernika 1994 r. o&nbsp;samorz\u0105dowych kolegiach odwo\u0142awczych (Dz. U. z&nbsp;2015 r. poz. 1659) zmianie ulegnie brzmienie art. 2.<br \/>W&nbsp;ustawie z&nbsp;dnia 27 sierpnia 1997 r. o&nbsp;rehabilitacji zawodowej i&nbsp;spo\u0142ecznej oraz zatrudnianiu os&oacute;b niepe\u0142nosprawnych (Dz. U. z&nbsp;2016 r. poz. 2046 i&nbsp;1948 oraz z&nbsp;2017 r. poz. 777) w&nbsp;art. 66 dotychczasow\u0105 tre\u015b\u0107 oznacza si\u0119 jako ust. 1 i&nbsp;dodaje si\u0119 ust. 2.<br \/>W&nbsp;ustawie z&nbsp;dnia 29 sierpnia 1997 r. &#8211; Ordynacja podatkowa (Dz. U. z&nbsp;2017 r. poz. 201, 648 i&nbsp;768) zmianie ulegnie brzmienie art. 14e &sect; 1a pkt 1.<br \/>W&nbsp;ustawie z&nbsp;dnia 5 czerwca 1998 r. o&nbsp;samorz\u0105dzie wojew&oacute;dztwa (Dz. U. z&nbsp;2016 r. poz. 486, 1948 i&nbsp;2260 oraz z&nbsp;2017 r. poz. 730) uchylony zostanie art. 88a, zmianie ulegnie brzmienie art. 90.<br \/>W&nbsp;ustawie z&nbsp;dnia 5 czerwca 1998 r. o&nbsp;samorz\u0105dzie powiatowym (Dz. U. z&nbsp;2016 r. poz. 814, 1579 i&nbsp;1948 oraz z&nbsp;2017 r. poz. 730) zmianie ulegnie brzmienie art. 87, uchylony zostanie art. 90a.<br \/>W&nbsp;ustawie z&nbsp;dnia 29 listopada 2000 r. &#8211; Prawo atomowe (Dz. U. z&nbsp;2017 r. poz. 576) w&nbsp;art. 124 dodaje si\u0119 ust. 3 w&nbsp;art. 126 dodaje si\u0119 ust. 3.<br \/>W&nbsp;ustawie z&nbsp;dnia 30 sierpnia 2002 r. &#8211; Prawo o&nbsp;post\u0119powaniu przed s\u0105dami administracyjnymi (Dz. U. z&nbsp;2016 r. poz. 718, z&nbsp;p&oacute;\u017an. zm.) zmianie ulegnie brzmienie art. 52, art. 53, art. 54 &sect; 3, art. 116, art. 230 &sect; 2, w&nbsp;art. 3 dodaje si\u0119 &sect; 2a, dodany zostanie art. 54a, w&nbsp;art. 57 w&nbsp;&sect; 1 uchyla si\u0119 pkt 4, w&nbsp;dziale III dodaje si\u0119 rozdzia\u0142 3a, dodany zostanie art. 116a-116e, w&nbsp;art. 119 w&nbsp;pkt 4 kropk\u0119 zast\u0119puje si\u0119 \u015brednikiem i&nbsp;dodaje si\u0119 pkt 5, dodany zostanie art. 151a, w&nbsp;art. 182 dodaje si\u0119 &sect; 2a, dodany zostanie art. 182a.<br \/>W&nbsp;ustawie z&nbsp;dnia 16 lipca 2004 r. &#8211; Prawo telekomunikacyjne (Dz. U. z&nbsp;2016 r. poz. 1489, 1579, 1823, 1948, 1954 i&nbsp;2003) w&nbsp;dziale I&nbsp;w rozdziale 3 dodaje si\u0119 art. 17b.&nbsp;<br \/>W&nbsp;ustawie z&nbsp;dnia 23 stycznia 2009 r. o&nbsp;wojewodzie i&nbsp;administracji rz\u0105dowej w&nbsp;wojew&oacute;dztwie (Dz. U. z&nbsp;2015 r. poz. 525 i&nbsp;1960 oraz z&nbsp;2016 r. poz. 1948 i&nbsp;2260) zmianie ulegnie brzmienie art. 63.<br \/>W&nbsp;ustawie z&nbsp;dnia 27 sierpnia 2009 r. o&nbsp;finansach publicznych (Dz. U. z&nbsp;2016 r. poz. 1870, z&nbsp;p&oacute;\u017an. zm.) w&nbsp;art. 67 dotychczasow\u0105 tre\u015b\u0107 oznacza si\u0119 jako ust. 1 i&nbsp;dodaje si\u0119 ust. 2.<br \/>W&nbsp;ustawie z&nbsp;dnia 5 sierpnia 2010 r. o&nbsp;ochronie informacji niejawnych (Dz. U. z&nbsp;2016 r. poz. 1167 i&nbsp;1948) zmianie ulegnie brzmienie art. 3.<br \/>W&nbsp;ustawie z&nbsp;dnia 20 lutego 2015 r. o&nbsp;wspieraniu rozwoju obszar&oacute;w wiejskich z&nbsp;udzia\u0142em \u015brodk&oacute;w Europejskiego Funduszu Rolnego na rzecz Rozwoju Obszar&oacute;w Wiejskich w&nbsp;ramach Programu Rozwoju Obszar&oacute;w Wiejskich na lata 2014-2020 (Dz. U. z&nbsp;2017 r. poz. 562, 624 i&nbsp;892) zmianie ulegnie brzmienie art. 19 ust. 2, art. 19a.<\/span><\/p>\n<p style=\"margin-top: 15pt; margin-right: 0cm; margin-bottom: 15pt; font-size: 14px; text-align: justify;\"><strong><span style=\"font-size: 10pt; font-family: Helvetica, sans-serif;\">U\u0141ATWIENIE DOCHODZENIA WIERZYTELNO\u015aCI<\/span><\/strong><span style=\"font-size: 10pt; font-family: Helvetica, sans-serif;\"><br \/><strong>Ustawa<\/strong>&nbsp;z&nbsp;dnia 7 kwietnia 2017 r. o&nbsp;zmianie niekt&oacute;rych ustaw w&nbsp;celu u\u0142atwienia dochodzenia wierzytelno\u015bci (Dz. U. z&nbsp;2017 r., poz. 933) &ndash;&nbsp;<strong>wejdzie w&nbsp;\u017cycie z&nbsp;dniem 1 czerwca 2017 r.<\/strong>, z&nbsp;wyj\u0105tkiem:<br \/><strong>1) art. 4, art. 11, art. 17-20 oraz art. 21 ust. 1 i&nbsp;2, kt&oacute;re wchodz\u0105 w&nbsp;\u017cycie po up\u0142ywie 6 miesi\u0119cy od dnia og\u0142oszenia;<\/strong><br \/><strong>2) art. 3, art. 5, art. 6, art. 16 ust. 1 i&nbsp;art. 21 ust. 3, kt&oacute;re wchodz\u0105 w&nbsp;\u017cycie z&nbsp;dniem 1 stycznia 2018 r.;<\/strong><br \/><strong>3) art. 16 ust. 2, kt&oacute;ry wchodzi w&nbsp;\u017cycie z&nbsp;dniem 1 czerwca 2018 r.<\/strong><br \/>W&nbsp;ustawie z&nbsp;dnia 23 kwietnia 1964 r. &#8211; Kodeks cywilny (Dz. U. z&nbsp;2017 r. poz. 459) zmianie ulegnie brzmienie art. 6471.<br \/>W&nbsp;ustawie z&nbsp;dnia 17 listopada 1964 r. &#8211; Kodeks post\u0119powania cywilnego (Dz. U. z&nbsp;2016 r. poz. 1822, z&nbsp;p&oacute;\u017an. zm.) zmianie ulegnie brzmienie art. 5051 pkt 1, art. 7523, art. 7541, art. 757, art. 913 &sect; 1, dodany zostanie art. 7523a, art. 7563 i&nbsp;art. 7564.<br \/>W&nbsp;ustawie z&nbsp;dnia 17 czerwca 1966 r. o&nbsp;post\u0119powaniu egzekucyjnym w&nbsp;administracji (Dz. U. z&nbsp;2016 r. poz. 599, z&nbsp;p&oacute;\u017an. zm.) zmianie ulegnie brzmienie art. 27 &sect; 1 pkt 2, art. 67 &sect; 2a pkt 2, w&nbsp;art. 1 dodaje si\u0119 pkt 4, w&nbsp;dziale I&nbsp;dodaje si\u0119 rozdzia\u0142 1a, w&nbsp;art. 168b dodaje si\u0119 &sect; 3, w&nbsp;dziale IVa dodaje si\u0119 rozdzia\u0142 3.<br \/>W&nbsp;ustawie z&nbsp;dnia 16 kwietnia 1993 r. o&nbsp;zwalczaniu nieuczciwej konkurencji (Dz. U. z&nbsp;2003 r. poz. 1503, z&nbsp;p&oacute;\u017an. zm.) dodany zostanie art. 17f.<br \/>W&nbsp;ustawie z&nbsp;dnia 6 wrze\u015bnia 2001 r. o&nbsp;dost\u0119pie do informacji publicznej (Dz. U. z&nbsp;2016 r. poz. 1764) w&nbsp;art. 1 w&nbsp;ust. 3 w&nbsp;pkt 4 kropk\u0119 zast\u0119puje si\u0119 \u015brednikiem i&nbsp;dodaje si\u0119 pkt 5.<br \/>W&nbsp;ustawie z&nbsp;dnia 28 pa\u017adziernika 2002 r. o&nbsp;odpowiedzialno\u015bci podmiot&oacute;w zbiorowych za czyny zabronione pod gro\u017ab\u0105 kary (Dz. U. z&nbsp;2016 r. poz. 1541 oraz z&nbsp;2017 r. poz. 724) w&nbsp;art. 16 w&nbsp;ust. 1 w&nbsp;pkt 18 kropk\u0119 zast\u0119puje si\u0119 \u015brednikiem i&nbsp;dodaje si\u0119 pkt 19.<br \/>W&nbsp;ustawie z&nbsp;dnia 29 stycznia 2004 r. &#8211; Prawo zam&oacute;wie\u0144 publicznych (Dz. U. z&nbsp;2015 r. poz. 2164, z&nbsp;p&oacute;\u017an. zm.) zmianie ulegnie brzmienie art. 143c ust. 8.<br \/>W&nbsp;ustawie z&nbsp;dnia 17 grudnia 2004 r. o&nbsp;odpowiedzialno\u015bci za naruszenie dyscypliny finans&oacute;w publicznych (Dz. U. z&nbsp;2013 r. poz. 168, z&nbsp;2012 r. poz. 1529 oraz z&nbsp;2016 r. poz. 1020, 1250, 1920 i&nbsp;2260) zmianie ulegnie brzmienie art. 15, w&nbsp;art. 5 dodaje si\u0119 ust. 4, w&nbsp;art. 11 dotychczasow\u0105 tre\u015b\u0107 oznacza si\u0119 jako ust. 1 i&nbsp;dodaje si\u0119 ust. 2.<br \/>W&nbsp;ustawie z&nbsp;dnia 27 sierpnia 2009 r. o&nbsp;finansach publicznych (Dz. U. z&nbsp;2016 r. poz. 1870, z&nbsp;p&oacute;\u017an. zm.) dodany zostanie art. 54a.<br \/>W&nbsp;ustawie z&nbsp;dnia 17 grudnia 2009 r. o&nbsp;dochodzeniu roszcze\u0144 w&nbsp;post\u0119powaniu grupowym (Dz. U. z&nbsp;2010 r. poz. 44) zmianie ulegnie brzmienie art. 1, art. 2, art. 6, art. 8, art. 10, art. 11 ust. 3, art. 17, art. 24 ust. 1, dodany zostanie art. 10a i&nbsp;art. 10b, art. 11a, art. 20a.<br \/>W&nbsp;ustawie z&nbsp;dnia 9 kwietnia 2010 r. o&nbsp;udost\u0119pnianiu informacji gospodarczych i&nbsp;wymianie danych gospodarczych (Dz. U. z&nbsp;2014 r. poz. 1015 i&nbsp;1188, z&nbsp;2015 r. poz. 396, z&nbsp;2016 r. poz. 1948 oraz z&nbsp;2017 r. poz. 819) zmianie ulegnie brzmienie art. 1 ust. 3, art. 2, art. 4, art. 7, art. 11, art. 14, art. 15, art. 18, art. 21 ust. 2, art. 24 w&nbsp;ust. 1 zdanie drugie, art. 25 ust. 1, art. 28, art. 31, art. 41, dodany zostanie art. 8a, art. 15a, art. 15b, w&nbsp;art. 16 w&nbsp;ust. 1 w&nbsp;pkt 3 kropk\u0119 zast\u0119puje si\u0119 \u015brednikiem i&nbsp;dodaje si\u0119 pkt 4, dodany zostanie art. 21a, art. 22a, w&nbsp;art. 23 dotychczasow\u0105 tre\u015b\u0107 oznacza si\u0119 jako ust. 1 i&nbsp;dodaje si\u0119 ust. 2-5, w&nbsp;art. 27 dodaje si\u0119 ust. 2a, dodany zostanie art. 30a, rozdzia\u0142 4a, w&nbsp;art. 32 dodaje si\u0119 ust. 3, uchylony zostanie art. 37, dodany zostanie art. 42a, art. 43a, rozdzia\u0142 5a.<\/span><\/p>\n<p style=\"margin-top: 15pt; margin-right: 0cm; margin-bottom: 15pt; font-size: 14px; text-align: justify;\"><strong><span style=\"font-size: 10pt; font-family: Helvetica, sans-serif;\">ZARZ\u0104DZENIA PREZESA NARODOWEGO FUNDUSZU ZDROWIA<\/span><\/strong><span style=\"font-size: 10pt; font-family: Helvetica, sans-serif;\"><br \/><strong>Zarz\u0105dzenie<\/strong>&nbsp;Nr 32\/2017\/DSOZ Prezesa Narodowego Funduszu Zdrowia z&nbsp;dnia 16 maja 2017 r. zmieniaj\u0105ce zarz\u0105dzenie w&nbsp;sprawie okre\u015blenia warunk&oacute;w zawierania i&nbsp;realizacji um&oacute;w o&nbsp;udzielanie \u015bwiadcze\u0144 opieki zdrowotnej przez podmioty realizuj\u0105ce \u015bwiadczenia koordynowanej opieki nad kobiet\u0105 i&nbsp;dzieckiem oraz zmiany niekt&oacute;rych zarz\u0105dze\u0144 Prezesa Narodowego Funduszu Zdrowia w&nbsp;zwi\u0105zku z&nbsp;przepisami ustawy o&nbsp;wsparciu kobiet w&nbsp;ci\u0105\u017cy i&nbsp;rodzin &bdquo;Za \u017cyciem&rdquo; &ndash;&nbsp;<strong>wchodzi w&nbsp;\u017cycie z&nbsp;po up\u0142ywie 30 dni od dnia podpisania.<\/strong><\/span><\/p>\n<p style=\"margin-top: 15pt; margin-right: 0cm; margin-bottom: 15pt; font-size: 14px; text-align: justify;\"><strong><span style=\"font-size: 10pt; font-family: Helvetica, sans-serif;\">_____Orzecznictwo<\/span><\/strong><\/p>\n<p style=\"margin-top: 15pt; margin-right: 0cm; margin-bottom: 15pt; font-size: 14px; text-align: justify;\"><strong><span style=\"font-size: 10pt; font-family: Helvetica, sans-serif;\">Trybuna\u0142 Konstytucyjny<\/span><\/strong><\/p>\n<p style=\"margin-top: 15pt; margin-right: 0cm; margin-bottom: 15pt; font-size: 14px; text-align: justify;\"><strong><span style=\"font-size: 10pt; font-family: Helvetica, sans-serif;\">\u015aWIADCZENIE REHABILITACYJNE<\/span><\/strong><span style=\"font-size: 10pt; font-family: Helvetica, sans-serif;\"><br \/>Trybuna\u0142 uzna\u0142, \u017ce osobom maj\u0105cym ustalone decyzj\u0105 organu rentowego prawo do emerytury, \u015brodki utrzymania zapewnia \u015bwiadczenie emerytalne. Oceny tej nie zmienia fakt zawieszenia pobierania tego \u015bwiadczenia w&nbsp;zwi\u0105zku z&nbsp;kontynuowaniem zatrudnienia. Zawieszenie wyp\u0142aty \u015bwiadczenia nie jest bowiem pozbawieniem uprawnienia do tego \u015bwiadczenia, a&nbsp;jedynie jego wstrzymaniem, dokonanym zgodnie z&nbsp;wol\u0105 zainteresowanego. Osoby, kt&oacute;re naby\u0142y prawo do emerytury, w&nbsp;razie kontynuowania zatrudnienia, zachowuj\u0105 to prawo. Mog\u0105 w&nbsp;ka\u017cdej chwili, po ustaniu przyczyny zawieszenia, wyst\u0105pi\u0107 o&nbsp;wznowienie wyp\u0142aty. Stosunkowo d\u0142ugi czas, w&nbsp;jakim mog\u0105 pobiera\u0107 zasi\u0142ek chorobowy stanowi wystarczaj\u0105c\u0105 gwarancj\u0119 skorzystania z&nbsp;mo\u017cliwo\u015bci podj\u0119cia decyzji o&nbsp;wznowieniu pobierania \u015bwiadczenia emerytalnego &#8211;&nbsp;<b>&nbsp;<\/b><strong>Wyrok Trybuna\u0142u Konstytucyjnego z&nbsp;dnia 25 kwietnia 2017 r., sygn. akt P 34\/15.<\/strong><\/span><\/p>\n<p style=\"margin-top: 15pt; margin-right: 0cm; margin-bottom: 15pt; font-size: 14px; text-align: justify;\"><strong><span style=\"font-size: 10pt; font-family: Helvetica, sans-serif;\">S\u0105d Najwy\u017cszy<\/span><\/strong><\/p>\n<p style=\"margin-top: 15pt; margin-right: 0cm; margin-bottom: 15pt; font-size: 14px; text-align: justify;\"><strong><span style=\"font-size: 10pt; font-family: Helvetica, sans-serif;\">NIESTOSOWANIE OG&Oacute;LNYCH DYREKTYW WYMIARU KARY PRZY ORZEKANIU PRZEZ S\u0104D O&nbsp;ZASADNO\u015aCI WARUNKOWEGO PRZEDTERMINOWEGO ZWOLNIENIA<\/span><\/strong><span style=\"font-size: 10pt; font-family: Helvetica, sans-serif;\"><br \/>Podstaw\u0119 orzekania o&nbsp;warunkowym przedterminowym zwolnieniu z&nbsp;odbycia reszty kary pozbawienia wolno\u015bci stanowi\u0105 kryteria okre\u015blone w&nbsp;art. 77 &sect; 1 k.k., nie s\u0105 natomiast przes\u0142ankami rozstrzygania w&nbsp;tym przedmiocie dyrektywy wymiaru kary okre\u015blone w&nbsp;art. 53 k.k., art. 54 &sect; 1 k.k. oraz art. 55 k.k. (art. 56 k.k.) &#8211;&nbsp;<strong>Uchwa\u0142a S\u0105du Najwy\u017cszego z&nbsp;dnia 26 kwietnia 2017 r., sygn. akt I&nbsp;KZP 2\/17.<\/strong><\/span><\/p>\n<p style=\"margin-top: 15pt; margin-right: 0cm; margin-bottom: 15pt; font-size: 14px; text-align: justify;\"><strong><span style=\"font-size: 10pt; font-family: Helvetica, sans-serif;\">RENTA RODZINNA PRZYS\u0141UGUJ\u0104CA SI\u0118 CZ\u0141ONKOWI RODZINY TAK\u017bE WTEDY, GDY ZUS B\u0141\u0118DNIE USTALI\u0141 ZMAR\u0141EMU PRAWO DO EMERYTURY LUB RENTY<\/span><\/strong><span style=\"font-size: 10pt; font-family: Helvetica, sans-serif;\"><br \/>Uprawniony cz\u0142onek rodziny nabywa prawo do renty rodzinnej po osobie, kt&oacute;ra w&nbsp;chwili \u015bmierci, pomimo niespe\u0142niania warunk&oacute;w, mia\u0142a ustalone prawo do emerytury lub renty z&nbsp;tytu\u0142u niezdolno\u015bci do pracy na skutek b\u0142\u0119du organu rentowego (art. 65 ust. 1 ustawy z&nbsp;dnia 17 grudnia 1998 r. o&nbsp;emeryturach i&nbsp;rentach z&nbsp;Funduszu Ubezpiecze\u0144 Spo\u0142ecznych, jednolity tekst: Dz. U. z&nbsp;2016 r., poz. 887 ze zm.) &ndash;&nbsp;<strong>Uchwa\u0142a S\u0105du Najwy\u017cszego z&nbsp;dnia 26 kwietnia 2017 r., sygn. akt III UZP 1\/17.<\/strong><\/span><\/p>\n<p style=\"margin-top: 15pt; margin-right: 0cm; margin-bottom: 15pt; font-size: 14px; text-align: justify;\"><strong><span style=\"font-size: 10pt; font-family: Helvetica, sans-serif;\">WNIESIENIE DO S\u0104DU WNIOSKU O&nbsp;ZAWEZWANIE DO PR&Oacute;BY UGODOWEJ, BEZ UPRZEDNIEGO ZG\u0141OSZENIA ROSZCZENIA OSOBIE OBOWI\u0104ZANEJ DO JEGO ZASPOKOJENIA<\/span><\/strong><span style=\"font-size: 10pt; font-family: Helvetica, sans-serif;\"><br \/>Wniesienie do s\u0105du wniosku o&nbsp;zawezwanie do pr&oacute;by ugodowej, bez uprzedniego zg\u0142oszenia roszczenia osobie obowi\u0105zanej do jego zaspokojenia, prowadzi do zachowania dwuletniego terminu przewidzianego w&nbsp;art. 129 ust. 4 ustawy z&nbsp;dnia 27 kwietnia 2001 r. &#8211; Prawo ochrony \u015brodowiska (jedn. tekst: Dz.U. z&nbsp;2017 r., poz. 519) r&oacute;wnie\u017c wtedy, gdy odpis wniosku zosta\u0142 dor\u0119czony tej osobie po up\u0142ywie tego term<strong>inu &ndash; Uchwa\u0142a S\u0105du Najwy\u017cszego z&nbsp;dnia 12 maja 2017 r., sygn. akt III CZP 7\/17.<\/strong><\/span><\/p>\n<p style=\"margin-top: 15pt; margin-right: 0cm; margin-bottom: 15pt; font-size: 14px; text-align: justify;\"><strong><span style=\"font-size: 10pt; font-family: Helvetica, sans-serif;\">TRZYLETNI TERMIN DLA WSP&Oacute;LNIK&Oacute;W SP&Oacute;\u0141KI CYWILNEJ DO DOCHODZENIA WYNAGRODZENIA ZA BEZUMOWNE KORZYSTANIE Z&nbsp;NIERUCHOMO\u015aCI W&nbsp;ZWI\u0104ZKU Z&nbsp;PRZEBIEGIEM PRZEZ NI\u0104 GAZOCI\u0104GU<\/span><\/strong><span style=\"font-size: 10pt; font-family: Helvetica, sans-serif;\"><br \/>Roszczenie os&oacute;b fizycznych, wsp&oacute;lnik&oacute;w sp&oacute;\u0142ki cywilnej, kt&oacute;rzy na nieruchomo\u015bci wchodz\u0105cej w&nbsp;sk\u0142ad ich maj\u0105tku wsp&oacute;lnego prowadz\u0105 hotel, o&nbsp;wynagrodzenie za bezumowne korzystanie z&nbsp;tej nieruchomo\u015bci w&nbsp;zwi\u0105zku z&nbsp;przebiegiem przez ni\u0105 gazoci\u0105gu nale\u017c\u0105cego do przedsi\u0119biorcy przesy\u0142owego przedawnia si\u0119 w&nbsp;terminie trzech lat &ndash;&nbsp;<strong>Uchwa\u0142a S\u0105du Najwy\u017cszego z&nbsp;dnia 12 maja 2017 r., sygn. akt III CZP 5\/17.<\/strong><\/span><\/p>\n<p style=\"margin-top: 15pt; margin-right: 0cm; margin-bottom: 15pt; font-size: 14px; text-align: justify;\"><strong><span style=\"font-size: 10pt; font-family: Helvetica, sans-serif;\">MO\u017bLIWO\u015a\u0106 USTANOWIENIA S\u0141U\u017bEBNO\u015aCI PRZESY\u0141U NA PRAWIE U\u017bYTKOWANIA WIECZYSTEGO<\/span><\/strong><span style=\"font-size: 10pt; font-family: Helvetica, sans-serif;\"><br \/>S\u0142u\u017cebno\u015b\u0107 przesy\u0142u mo\u017ce by\u0107 ustanowiona na prawie u\u017cytkowania wieczystego; u\u017cytkownik wieczysty nie mo\u017ce jednak skutecznie \u017c\u0105da\u0107 ustanowienia takiej s\u0142u\u017cebno\u015bci, je\u017celi urz\u0105dzenia przesy\u0142owe &#8211; zainstalowane przez przedsi\u0119biorstwo pa\u0144stwowe w&nbsp;okresie obowi\u0105zywania zasady jednolitej w\u0142asno\u015bci pa\u0144stwowej &#8211; znajdowa\u0142y si\u0119 na nieruchomo\u015bci Skarbu Pa\u0144stwa przed oddaniem jej w&nbsp;u\u017cytkowanie wieczyste &ndash;&nbsp;<strong>Uchwa\u0142a S\u0105du Najwy\u017cszego z&nbsp;dnia 16 maja 2017 r., sygn. akt III CZP 101\/16.<\/strong><\/span><\/p>\n<p style=\"margin-top: 15pt; margin-right: 0cm; margin-bottom: 15pt; font-size: 14px; text-align: justify;\"><strong><span style=\"font-size: 10pt; font-family: Helvetica, sans-serif;\">OG\u0141OSZENIE UPAD\u0141O\u015aCI BANKU B\u0118D\u0104CEGO ZASTAWNIKIEM<\/span><\/strong><span style=\"font-size: 10pt; font-family: Helvetica, sans-serif;\"><br \/>W&nbsp;razie og\u0142oszenia upad\u0142o\u015bci banku b\u0119d\u0105cego zastawnikiem, uczestnikiem post\u0119powania o&nbsp;wpis zmiany zastawnika w&nbsp;rejestrze zastaw&oacute;w w&nbsp;zwi\u0105zku z&nbsp;przelewem wierzytelno\u015bci zabezpieczonej tym zastawem jest syndyk masy upad\u0142o\u015bci zastawnika, cho\u0107by przelew by\u0142 dokonany przed og\u0142oszeniem upad\u0142o\u015bci &ndash;&nbsp;<strong>Uchwa\u0142a S\u0105du Najwy\u017cszego z&nbsp;dnia 18 maja 2017 r., sygn. akt III CZP 6\/17.<\/strong><\/span><\/p>\n","protected":false},"excerpt":{"rendered":"<p>We would like to present the next issue of legal bulletin of the Law Office of Adam Polowiec.What you will find here is some information about the new provisions of law and the projects of amendments to acts, but also case-laws including the case laws of Supreme Court, Constitutional Tribunal and European Court of Justice.<\/p>\n","protected":false},"author":3,"featured_media":0,"comment_status":"closed","ping_status":"open","sticky":false,"template":"","format":"standard","meta":{"footnotes":""},"categories":[2],"tags":[],"class_list":["post-783","post","type-post","status-publish","format-standard","hentry","category-wpisy"],"featured_image_src":{"landsacpe":false,"list":false,"medium":false,"full":false},"yoast_head":"<!-- This site is optimized with the Yoast SEO plugin v27.2 - https:\/\/yoast.com\/product\/yoast-seo-wordpress\/ -->\n<title>Legal Bulletin Of The Law Office Of Adam Polowiec (1 - 21 May 2017) - Polowiec i Wsp\u00f3lnicy - Kancelaria prawna<\/title>\n<meta name=\"robots\" content=\"index, follow, max-snippet:-1, max-image-preview:large, max-video-preview:-1\" \/>\n<link rel=\"canonical\" href=\"https:\/\/polowiec.pl\/en\/legal-bulletin-of-the-law-office-of-adam-polowiec-1-21-may-2017\/\" \/>\n<meta property=\"og:locale\" content=\"en_US\" \/>\n<meta property=\"og:type\" content=\"article\" \/>\n<meta property=\"og:title\" content=\"Legal Bulletin Of The Law Office Of Adam Polowiec (1 - 21 May 2017) - Polowiec i Wsp\u00f3lnicy - Kancelaria prawna\" \/>\n<meta property=\"og:description\" content=\"We would like to present the next issue of legal bulletin of the Law Office of Adam Polowiec.What you will find here is some information about the new provisions of law and the projects of amendments to acts, but also case-laws including the case laws of Supreme Court, Constitutional Tribunal and European Court of Justice.\" \/>\n<meta property=\"og:url\" content=\"https:\/\/polowiec.pl\/en\/legal-bulletin-of-the-law-office-of-adam-polowiec-1-21-may-2017\/\" \/>\n<meta property=\"og:site_name\" content=\"Polowiec i Wsp\u00f3lnicy - Kancelaria prawna\" \/>\n<meta property=\"article:publisher\" content=\"https:\/\/www.facebook.com\/polowieciwspolnicy\/\" \/>\n<meta property=\"article:published_time\" content=\"2017-08-11T11:39:33+00:00\" \/>\n<meta property=\"article:modified_time\" content=\"2019-04-18T17:18:16+00:00\" \/>\n<meta name=\"author\" content=\"Marcin Rusinek\" \/>\n<meta name=\"twitter:card\" content=\"summary_large_image\" \/>\n<meta name=\"twitter:label1\" content=\"Written by\" \/>\n\t<meta name=\"twitter:data1\" content=\"Marcin Rusinek\" \/>\n\t<meta name=\"twitter:label2\" content=\"Est. reading time\" \/>\n\t<meta name=\"twitter:data2\" content=\"21 minutes\" \/>\n<script type=\"application\/ld+json\" class=\"yoast-schema-graph\">{\"@context\":\"https:\/\/schema.org\",\"@graph\":[{\"@type\":\"Article\",\"@id\":\"https:\/\/polowiec.pl\/en\/legal-bulletin-of-the-law-office-of-adam-polowiec-1-21-may-2017\/#article\",\"isPartOf\":{\"@id\":\"https:\/\/polowiec.pl\/en\/legal-bulletin-of-the-law-office-of-adam-polowiec-1-21-may-2017\/\"},\"author\":{\"name\":\"Marcin Rusinek\",\"@id\":\"https:\/\/polowiec.pl\/en\/#\/schema\/person\/74c7526b6f52be5ae94031504f9ffec4\"},\"headline\":\"Legal Bulletin Of The Law Office Of Adam Polowiec (1 &#8211; 21 May 2017)\",\"datePublished\":\"2017-08-11T11:39:33+00:00\",\"dateModified\":\"2019-04-18T17:18:16+00:00\",\"mainEntityOfPage\":{\"@id\":\"https:\/\/polowiec.pl\/en\/legal-bulletin-of-the-law-office-of-adam-polowiec-1-21-may-2017\/\"},\"wordCount\":4210,\"publisher\":{\"@id\":\"https:\/\/polowiec.pl\/en\/#organization\"},\"articleSection\":[\"Wpisy\"],\"inLanguage\":\"en-US\"},{\"@type\":\"WebPage\",\"@id\":\"https:\/\/polowiec.pl\/en\/legal-bulletin-of-the-law-office-of-adam-polowiec-1-21-may-2017\/\",\"url\":\"https:\/\/polowiec.pl\/en\/legal-bulletin-of-the-law-office-of-adam-polowiec-1-21-may-2017\/\",\"name\":\"Legal Bulletin Of The Law Office Of Adam Polowiec (1 - 21 May 2017) - Polowiec i Wsp\u00f3lnicy - Kancelaria prawna\",\"isPartOf\":{\"@id\":\"https:\/\/polowiec.pl\/en\/#website\"},\"datePublished\":\"2017-08-11T11:39:33+00:00\",\"dateModified\":\"2019-04-18T17:18:16+00:00\",\"breadcrumb\":{\"@id\":\"https:\/\/polowiec.pl\/en\/legal-bulletin-of-the-law-office-of-adam-polowiec-1-21-may-2017\/#breadcrumb\"},\"inLanguage\":\"en-US\",\"potentialAction\":[{\"@type\":\"ReadAction\",\"target\":[\"https:\/\/polowiec.pl\/en\/legal-bulletin-of-the-law-office-of-adam-polowiec-1-21-may-2017\/\"]}]},{\"@type\":\"BreadcrumbList\",\"@id\":\"https:\/\/polowiec.pl\/en\/legal-bulletin-of-the-law-office-of-adam-polowiec-1-21-may-2017\/#breadcrumb\",\"itemListElement\":[{\"@type\":\"ListItem\",\"position\":1,\"name\":\"Strona g\u0142\u00f3wna\",\"item\":\"https:\/\/polowiec.pl\/en\/\"},{\"@type\":\"ListItem\",\"position\":2,\"name\":\"Legal Bulletin Of The Law Office Of Adam Polowiec (1 &#8211; 21 May 2017)\"}]},{\"@type\":\"WebSite\",\"@id\":\"https:\/\/polowiec.pl\/en\/#website\",\"url\":\"https:\/\/polowiec.pl\/en\/\",\"name\":\"Polowiec i Wsp\u00f3lnicy - Kancelaria prawna\",\"description\":\"Obs\u0142uga prawna\",\"publisher\":{\"@id\":\"https:\/\/polowiec.pl\/en\/#organization\"},\"potentialAction\":[{\"@type\":\"SearchAction\",\"target\":{\"@type\":\"EntryPoint\",\"urlTemplate\":\"https:\/\/polowiec.pl\/en\/?s={search_term_string}\"},\"query-input\":{\"@type\":\"PropertyValueSpecification\",\"valueRequired\":true,\"valueName\":\"search_term_string\"}}],\"inLanguage\":\"en-US\"},{\"@type\":\"Organization\",\"@id\":\"https:\/\/polowiec.pl\/en\/#organization\",\"name\":\"Polowiec i Wsp\u00f3lnicy - Kancelaria prawna\",\"url\":\"https:\/\/polowiec.pl\/en\/\",\"logo\":{\"@type\":\"ImageObject\",\"inLanguage\":\"en-US\",\"@id\":\"https:\/\/polowiec.pl\/en\/#\/schema\/logo\/image\/\",\"url\":\"https:\/\/polowiec.pl\/wp-content\/uploads\/2018\/10\/polowiec_logo2-1.png\",\"contentUrl\":\"https:\/\/polowiec.pl\/wp-content\/uploads\/2018\/10\/polowiec_logo2-1.png\",\"width\":540,\"height\":381,\"caption\":\"Polowiec i Wsp\u00f3lnicy - Kancelaria prawna\"},\"image\":{\"@id\":\"https:\/\/polowiec.pl\/en\/#\/schema\/logo\/image\/\"},\"sameAs\":[\"https:\/\/www.facebook.com\/polowieciwspolnicy\/\",\"https:\/\/www.linkedin.com\/company\/polowiec-i-wsplnicy-sp.j.\/about\/\"]},{\"@type\":\"Person\",\"@id\":\"https:\/\/polowiec.pl\/en\/#\/schema\/person\/74c7526b6f52be5ae94031504f9ffec4\",\"name\":\"Marcin Rusinek\",\"image\":{\"@type\":\"ImageObject\",\"inLanguage\":\"en-US\",\"@id\":\"https:\/\/secure.gravatar.com\/avatar\/b50a0a5c3e71d904f5e57a757d39977d01c43e075c6bf5b4df909ffbbe004790?s=96&d=mm&r=g\",\"url\":\"https:\/\/secure.gravatar.com\/avatar\/b50a0a5c3e71d904f5e57a757d39977d01c43e075c6bf5b4df909ffbbe004790?s=96&d=mm&r=g\",\"contentUrl\":\"https:\/\/secure.gravatar.com\/avatar\/b50a0a5c3e71d904f5e57a757d39977d01c43e075c6bf5b4df909ffbbe004790?s=96&d=mm&r=g\",\"caption\":\"Marcin Rusinek\"}}]}<\/script>\n<!-- \/ Yoast SEO plugin. -->","yoast_head_json":{"title":"Legal Bulletin Of The Law Office Of Adam Polowiec (1 - 21 May 2017) - Polowiec i Wsp\u00f3lnicy - Kancelaria prawna","robots":{"index":"index","follow":"follow","max-snippet":"max-snippet:-1","max-image-preview":"max-image-preview:large","max-video-preview":"max-video-preview:-1"},"canonical":"https:\/\/polowiec.pl\/en\/legal-bulletin-of-the-law-office-of-adam-polowiec-1-21-may-2017\/","og_locale":"en_US","og_type":"article","og_title":"Legal Bulletin Of The Law Office Of Adam Polowiec (1 - 21 May 2017) - Polowiec i Wsp\u00f3lnicy - Kancelaria prawna","og_description":"We would like to present the next issue of legal bulletin of the Law Office of Adam Polowiec.What you will find here is some information about the new provisions of law and the projects of amendments to acts, but also case-laws including the case laws of Supreme Court, Constitutional Tribunal and European Court of Justice.","og_url":"https:\/\/polowiec.pl\/en\/legal-bulletin-of-the-law-office-of-adam-polowiec-1-21-may-2017\/","og_site_name":"Polowiec i Wsp\u00f3lnicy - Kancelaria prawna","article_publisher":"https:\/\/www.facebook.com\/polowieciwspolnicy\/","article_published_time":"2017-08-11T11:39:33+00:00","article_modified_time":"2019-04-18T17:18:16+00:00","author":"Marcin Rusinek","twitter_card":"summary_large_image","twitter_misc":{"Written by":"Marcin Rusinek","Est. reading time":"21 minutes"},"schema":{"@context":"https:\/\/schema.org","@graph":[{"@type":"Article","@id":"https:\/\/polowiec.pl\/en\/legal-bulletin-of-the-law-office-of-adam-polowiec-1-21-may-2017\/#article","isPartOf":{"@id":"https:\/\/polowiec.pl\/en\/legal-bulletin-of-the-law-office-of-adam-polowiec-1-21-may-2017\/"},"author":{"name":"Marcin Rusinek","@id":"https:\/\/polowiec.pl\/en\/#\/schema\/person\/74c7526b6f52be5ae94031504f9ffec4"},"headline":"Legal Bulletin Of The Law Office Of Adam Polowiec (1 &#8211; 21 May 2017)","datePublished":"2017-08-11T11:39:33+00:00","dateModified":"2019-04-18T17:18:16+00:00","mainEntityOfPage":{"@id":"https:\/\/polowiec.pl\/en\/legal-bulletin-of-the-law-office-of-adam-polowiec-1-21-may-2017\/"},"wordCount":4210,"publisher":{"@id":"https:\/\/polowiec.pl\/en\/#organization"},"articleSection":["Wpisy"],"inLanguage":"en-US"},{"@type":"WebPage","@id":"https:\/\/polowiec.pl\/en\/legal-bulletin-of-the-law-office-of-adam-polowiec-1-21-may-2017\/","url":"https:\/\/polowiec.pl\/en\/legal-bulletin-of-the-law-office-of-adam-polowiec-1-21-may-2017\/","name":"Legal Bulletin Of The Law Office Of Adam Polowiec (1 - 21 May 2017) - Polowiec i Wsp\u00f3lnicy - Kancelaria prawna","isPartOf":{"@id":"https:\/\/polowiec.pl\/en\/#website"},"datePublished":"2017-08-11T11:39:33+00:00","dateModified":"2019-04-18T17:18:16+00:00","breadcrumb":{"@id":"https:\/\/polowiec.pl\/en\/legal-bulletin-of-the-law-office-of-adam-polowiec-1-21-may-2017\/#breadcrumb"},"inLanguage":"en-US","potentialAction":[{"@type":"ReadAction","target":["https:\/\/polowiec.pl\/en\/legal-bulletin-of-the-law-office-of-adam-polowiec-1-21-may-2017\/"]}]},{"@type":"BreadcrumbList","@id":"https:\/\/polowiec.pl\/en\/legal-bulletin-of-the-law-office-of-adam-polowiec-1-21-may-2017\/#breadcrumb","itemListElement":[{"@type":"ListItem","position":1,"name":"Strona g\u0142\u00f3wna","item":"https:\/\/polowiec.pl\/en\/"},{"@type":"ListItem","position":2,"name":"Legal Bulletin Of The Law Office Of Adam Polowiec (1 &#8211; 21 May 2017)"}]},{"@type":"WebSite","@id":"https:\/\/polowiec.pl\/en\/#website","url":"https:\/\/polowiec.pl\/en\/","name":"Polowiec i Wsp\u00f3lnicy - Kancelaria prawna","description":"Obs\u0142uga prawna","publisher":{"@id":"https:\/\/polowiec.pl\/en\/#organization"},"potentialAction":[{"@type":"SearchAction","target":{"@type":"EntryPoint","urlTemplate":"https:\/\/polowiec.pl\/en\/?s={search_term_string}"},"query-input":{"@type":"PropertyValueSpecification","valueRequired":true,"valueName":"search_term_string"}}],"inLanguage":"en-US"},{"@type":"Organization","@id":"https:\/\/polowiec.pl\/en\/#organization","name":"Polowiec i Wsp\u00f3lnicy - Kancelaria prawna","url":"https:\/\/polowiec.pl\/en\/","logo":{"@type":"ImageObject","inLanguage":"en-US","@id":"https:\/\/polowiec.pl\/en\/#\/schema\/logo\/image\/","url":"https:\/\/polowiec.pl\/wp-content\/uploads\/2018\/10\/polowiec_logo2-1.png","contentUrl":"https:\/\/polowiec.pl\/wp-content\/uploads\/2018\/10\/polowiec_logo2-1.png","width":540,"height":381,"caption":"Polowiec i Wsp\u00f3lnicy - Kancelaria prawna"},"image":{"@id":"https:\/\/polowiec.pl\/en\/#\/schema\/logo\/image\/"},"sameAs":["https:\/\/www.facebook.com\/polowieciwspolnicy\/","https:\/\/www.linkedin.com\/company\/polowiec-i-wsplnicy-sp.j.\/about\/"]},{"@type":"Person","@id":"https:\/\/polowiec.pl\/en\/#\/schema\/person\/74c7526b6f52be5ae94031504f9ffec4","name":"Marcin Rusinek","image":{"@type":"ImageObject","inLanguage":"en-US","@id":"https:\/\/secure.gravatar.com\/avatar\/b50a0a5c3e71d904f5e57a757d39977d01c43e075c6bf5b4df909ffbbe004790?s=96&d=mm&r=g","url":"https:\/\/secure.gravatar.com\/avatar\/b50a0a5c3e71d904f5e57a757d39977d01c43e075c6bf5b4df909ffbbe004790?s=96&d=mm&r=g","contentUrl":"https:\/\/secure.gravatar.com\/avatar\/b50a0a5c3e71d904f5e57a757d39977d01c43e075c6bf5b4df909ffbbe004790?s=96&d=mm&r=g","caption":"Marcin Rusinek"}}]}},"_links":{"self":[{"href":"https:\/\/polowiec.pl\/en\/wp-json\/wp\/v2\/posts\/783","targetHints":{"allow":["GET"]}}],"collection":[{"href":"https:\/\/polowiec.pl\/en\/wp-json\/wp\/v2\/posts"}],"about":[{"href":"https:\/\/polowiec.pl\/en\/wp-json\/wp\/v2\/types\/post"}],"author":[{"embeddable":true,"href":"https:\/\/polowiec.pl\/en\/wp-json\/wp\/v2\/users\/3"}],"replies":[{"embeddable":true,"href":"https:\/\/polowiec.pl\/en\/wp-json\/wp\/v2\/comments?post=783"}],"version-history":[{"count":0,"href":"https:\/\/polowiec.pl\/en\/wp-json\/wp\/v2\/posts\/783\/revisions"}],"wp:attachment":[{"href":"https:\/\/polowiec.pl\/en\/wp-json\/wp\/v2\/media?parent=783"}],"wp:term":[{"taxonomy":"category","embeddable":true,"href":"https:\/\/polowiec.pl\/en\/wp-json\/wp\/v2\/categories?post=783"},{"taxonomy":"post_tag","embeddable":true,"href":"https:\/\/polowiec.pl\/en\/wp-json\/wp\/v2\/tags?post=783"}],"curies":[{"name":"wp","href":"https:\/\/api.w.org\/{rel}","templated":true}]}}