{"id":785,"date":"2017-08-11T13:43:14","date_gmt":"2017-08-11T11:43:14","guid":{"rendered":"https:\/\/nowa.polowiec.pl\/legal-bulletin-of-the-law-office-of-adam-polowiec-29-may-4-june-2017\/"},"modified":"2019-04-18T19:16:31","modified_gmt":"2019-04-18T17:16:31","slug":"legal-bulletin-of-the-law-office-of-adam-polowiec-29-may-4-june-2017","status":"publish","type":"post","link":"https:\/\/polowiec.pl\/en\/legal-bulletin-of-the-law-office-of-adam-polowiec-29-may-4-june-2017\/","title":{"rendered":"Legal Bulletin Of The Law Office Of Adam Polowiec (29 May &#8211; 4 June 2017)"},"content":{"rendered":"<p><span style=\"font-size: 14px; text-align: justify;\">We would like to present the next issue of legal bulletin of the Law Office of Adam Polowiec.<\/span><br style=\"font-size: 14px; text-align: justify;\" \/><span style=\"font-size: 14px; text-align: justify;\">What you will find here is some information about the new provisions of law and the projects of amendments to acts, but also case-laws including the case laws of Supreme Court, Constitutional Tribunal and European Court of Justice.<\/span><\/p>\n<p>  <!--more-->  <\/p>\n<p style=\"margin-top: 20px; font-size: 14px; text-align: justify;\"><strong>_____Nowe Prawo<\/strong><\/p>\n<p style=\"font-size: 14px; text-align: justify;\"><strong>PRAWO FARMACEUTYCZNE<\/strong><br \/>Ustawa z&nbsp;dnia 7 kwietnia 2017 r. o&nbsp;zmianie ustawy &#8211; Prawo farmaceutyczne (Dz. U. z&nbsp;2017 r., poz. 1015) &ndash; wejdzie w&nbsp;\u017cycie z&nbsp;dniem 25 czerwca 2017 r.<br \/>W ustawie z&nbsp;dnia 6 wrze\u015bnia 2001 r. &#8211; Prawo farmaceutyczne (Dz. U. z&nbsp;2016 r. poz. 2142 i&nbsp;2003) zmianie ulegnie brzmienie art. 99, art. 100, art. 104, w&nbsp;art. 101 w&nbsp;pkt 5 kropk\u0119 zast\u0119puje si\u0119 \u015brednikiem i&nbsp;dodaje si\u0119 pkt 6, art. 103 w&nbsp;ust. 1 w&nbsp;pkt 2 kropk\u0119 zast\u0119puje si\u0119 \u015brednikiem i&nbsp;dodaje si\u0119 pkt 3, dodany zostanie art. 104a, art. 105 ust. 2.<\/p>\n<p style=\"font-size: 14px; text-align: justify;\"><strong>PRAWO ENERGETYCZNE<\/strong><br \/>Rozporz\u0105dzenie Ministra Energii z&nbsp;dnia 9 maja 2017 r. w&nbsp;sprawie szczeg&oacute;\u0142owych warunk&oacute;w udzielania akredytacji organizatorom szkole\u0144 w&nbsp;zakresie odnawialnych \u017ar&oacute;de\u0142 energii oraz szkole\u0144 i&nbsp;egzamin&oacute;w dla os&oacute;b ubiegaj\u0105cych si\u0119 o&nbsp;wydanie lub przed\u0142u\u017cenie wa\u017cno\u015bci certyfikatu (Dz. U. z&nbsp;2017 r., poz. 1034) &ndash; wejdzie w&nbsp;\u017cycie z&nbsp;dniem 13 czerwca 2017 r.<br \/>Rozporz\u0105dzenie Ministra Energii z&nbsp;dnia 16 maja 2017 r. w&nbsp;sprawie wzoru informacji o&nbsp;rodzajach i&nbsp;lokalizacji infrastruktury paliw ciek\u0142ych wykorzystywanej do prowadzonej dzia\u0142alno\u015bci (Dz. U. z&nbsp;2017 r., poz. 1043) &ndash; wejdzie w&nbsp;\u017cycie z&nbsp;dniem 7 czerwca 2017 r.<br \/>Rozporz\u0105dzenie Ministra Energii z&nbsp;dnia 18 maja 2017 r. w&nbsp;sprawie wysoko\u015bci i&nbsp;sposobu wnoszenia op\u0142at za przeprowadzenie egzaminu, wydanie certyfikatu, przed\u0142u\u017cenie jego wa\u017cno\u015bci oraz udzielanie akredytacji (Dz. U. z&nbsp;2017 r., poz. 1038) &ndash; wejdzie w&nbsp;\u017cycie z&nbsp;dniem 14 czerwca 2017 r.<\/p>\n<p style=\"font-size: 14px; text-align: justify;\"><strong>KODEKS POST\u0118POWANIA KARNEGO<\/strong><br \/>Rozporz\u0105dzenie Ministra Sprawiedliwo\u015bci z&nbsp;dnia 22 maja 2017 r. zmieniaj\u0105ce rozporz\u0105dzenie w&nbsp;sprawie szczeg&oacute;\u0142owych zasad i&nbsp;trybu dor\u0119czania pism organ&oacute;w procesowych w&nbsp;post\u0119powaniu karnym (Dz. U. z&nbsp;2017 r., poz. 1020) &ndash; wesz\u0142o w&nbsp;\u017cycie z&nbsp;dniem 26 maja 2017 r.<br \/>W rozporz\u0105dzeniu Ministra Sprawiedliwo\u015bci z&nbsp;dnia 10 stycznia 2017 r. w&nbsp;sprawie szczeg&oacute;\u0142owych zasad i&nbsp;trybu dor\u0119czania pism organ&oacute;w procesowych w&nbsp;post\u0119powaniu karnym (Dz. U. poz. 92 i&nbsp;409) zmianie uleg\u0142o brzmienie &sect; 8 ust. 3, &sect; 11, &sect; 12 ust. 4, w&nbsp;&sect; 10 dodany zosta\u0142 ust. 1a, w&nbsp;&sect; 13 uchylony zosta\u0142 ust. 2, dodany zosta\u0142 &sect; 13a.<\/p>\n<p style=\"font-size: 14px; text-align: justify;\"><strong>PRAWO MEDYCZNE<\/strong><br \/>Rozporz\u0105dzenie Ministra Zdrowia z&nbsp;dnia 16 maja 2017 r. w&nbsp;sprawie szkolenia piel\u0119gniarek i&nbsp;po\u0142o\u017cnych dokonuj\u0105cych przetaczania krwi i&nbsp;jej sk\u0142adnik&oacute;w (Dz. U. z&nbsp;2017 r., poz. 1026) &ndash; wejdzie w&nbsp;\u017cycie z&nbsp;dniem 27 czerwca 2017 r.<\/p>\n<p style=\"font-size: 14px; text-align: justify;\"><strong>INSPEKCJA HANDLOWA<\/strong><br \/>Rozporz\u0105dzenie Prezesa Rady Ministr&oacute;w z&nbsp;dnia 17 maja 2017 r. w&nbsp;sprawie regulaminu organizacji i&nbsp;dzia\u0142ania Inspekcji Handlowej w&nbsp;zakresie pozas\u0105dowego rozwi\u0105zywania spor&oacute;w konsumenckich (Dz. U. z&nbsp;2017 r., poz. 1014) &ndash; wesz\u0142o w&nbsp;\u017cycie z&nbsp;dniem 26 maja 2017 r.<\/p>\n<p style=\"font-size: 14px; text-align: justify;\"><strong>PRAWO PRACY I&nbsp;UBEZPIECZE\u0143 SPO\u0141ECZNYCH<\/strong><br \/>Ustawa z&nbsp;dnia 11 maja 2017 r. o&nbsp;zmianie ustawy o&nbsp;systemie ubezpiecze\u0144 spo\u0142ecznych oraz ustawy o&nbsp;zmianie ustawy &#8211; Kodeks pracy oraz niekt&oacute;rych innych ustaw (Dz. U. z&nbsp;2017 r., poz. 1027) &ndash; wejdzie w&nbsp;\u017cycie z&nbsp;dniem 13 czerwca 2017 r., z&nbsp;wyj\u0105tkiem:<br \/>1) art. 1 pkt 1 lit. c, pkt 9 i&nbsp;art. 3, kt&oacute;re wchodz\u0105 w&nbsp;\u017cycie z&nbsp;dniem 1 pa\u017adziernika 2017 r.;<br \/>2) art. 1 pkt 6, 8, pkt 10 lit. a-f, pkt 11 i&nbsp;art. 6, kt&oacute;re wchodz\u0105 w&nbsp;\u017cycie z&nbsp;dniem 1 stycznia 2018 r.<br \/>W ustawie z&nbsp;dnia 13 pa\u017adziernika 1998 r. o&nbsp;systemie ubezpiecze\u0144 spo\u0142ecznych (Dz. U. z&nbsp;2016 r. poz. 963, z&nbsp;p&oacute;\u017an. zm.) zmianie ulegnie brzmienie art. 4, art. 23 ust. 1, art. 31, art. 35, art. 45, art. 47, art. 49, art. 50, art. 61 ust. 4, w&nbsp;art. 33 dodaje si\u0119 ust. 4a i&nbsp;4b, w&nbsp;art. 34 w&nbsp;ust. 2 skre\u015bla si\u0119 wyrazy &#8220;z zakresu ubezpiecze\u0144 spo\u0142ecznych&#8221;, dodany zostanie art. 38a, art. 43b, art. 66a, w&nbsp;art. 75 w&nbsp;ust. 2 w&nbsp;pkt 11 na ko\u0144cu kropk\u0119 zast\u0119puje si\u0119 \u015brednikiem i&nbsp;dodaje si\u0119 pkt 12, w&nbsp;art. 83 w&nbsp;ust. 1 dodaje si\u0119 pkt 1a, w&nbsp;art. 83d dotychczasow\u0105 tre\u015b\u0107 oznacza si\u0119 jako ust. 1 i&nbsp;dodaje si\u0119 ust. 2.<br \/>W ustawie z&nbsp;dnia 28 maja 2013 r. o&nbsp;zmianie ustawy &#8211; Kodeks pracy oraz niekt&oacute;rych innych ustaw (Dz. U. poz. 675) zmianie ulegnie brzmienie art. 34 ust. 1 i&nbsp;2.<br \/>Rozporz\u0105dzenie Ministra Rodziny, Pracy i&nbsp;Polityki Spo\u0142ecznej z&nbsp;dnia 24 maja 2017 r. zmieniaj\u0105ce rozporz\u0105dzenie w&nbsp;sprawie \u015bwiadectwa pracy (Dz. U. z&nbsp;2017 r., poz. 1044) &ndash; wesz\u0142o w&nbsp;\u017cycie z&nbsp;dniem 1 czerwca 2017 r.<br \/>W rozporz\u0105dzeniu Ministra Rodziny, Pracy i&nbsp;Polityki Spo\u0142ecznej z&nbsp;dnia 30 grudnia 2016 r. w&nbsp;sprawie \u015bwiadectwa pracy (Dz. U. poz. 2292) zmianie uleg\u0142o brzmienie &sect; 7, &sect; 9.<br \/>za\u0142\u0105cznika do rozporz\u0105dzenia, w&nbsp;&sect; 2 dodany zosta\u0142 ust. 2a.<\/p>\n<p style=\"font-size: 14px; text-align: justify;\"><strong>UMOWA KONCESJI NA ROBOTY BUDOWLANE I&nbsp;US\u0141UGI<\/strong><br \/>Rozporz\u0105dzenie Ministra Rozwoju i&nbsp;Finans&oacute;w z&nbsp;dnia 28 kwietnia 2017 r. w&nbsp;sprawie wzor&oacute;w og\u0142osze\u0144 zamieszczanych w&nbsp;Biuletynie Zam&oacute;wie\u0144 Publicznych, dotycz\u0105cych zawierania um&oacute;w koncesji (Dz. U. z&nbsp;2017 r., poz. 1017) &ndash; wejdzie w&nbsp;\u017cycie z&nbsp;dniem 9 czerwca 2017 r.<\/p>\n<p style=\"font-size: 14px; text-align: justify;\"><strong>ZARZ\u0104DZENIA PREZESA NARODOWEGO FUNDUSZU ZDROWIA<\/strong><br \/>Zarz\u0105dzenie Nr 38\/2017\/DSOZ Prezesa Narodowego Funduszu Zdrowia z&nbsp;dnia 29 maja 2017 r. w&nbsp;sprawie okre\u015blenia warunk&oacute;w zawierania i&nbsp;realizacji um&oacute;w w&nbsp;rodzaju leczenie szpitalne &#8211; \u015bwiadczenia kompleksowe &ndash; wchodzi w&nbsp;\u017cycie po up\u0142ywie 30 dni od dnia jego podpisania.<br \/>Zarz\u0105dzenie Nr 37\/2017\/GPF Prezesa Narodowego Funduszu Zdrowia z&nbsp;dnia 29 maja 2017 r. zmieniaj\u0105ce zarz\u0105dzenie w&nbsp;sprawie regulaminu organizacyjnego Centrali Narodowego Funduszu Zdrowia &ndash; wchodzi w&nbsp;\u017cycie z&nbsp;dniem nast\u0119puj\u0105cym po dniu podpisania.<\/p>\n<p style=\"font-size: 14px; text-align: justify;\"><strong>_____Orzecznictwo<\/strong><br \/><strong>S\u0105d Najwy\u017cszy<\/strong><\/p>\n<p style=\"font-size: 14px; text-align: justify;\"><strong>BRAK UZNANIA JAKO PRAWA DO ALIMENT&Oacute;W UMOWNEGO, TAK\u017bE DOROZUMIANEGO USTALENIA I&nbsp;DOSTARCZENIA PO ROZWODZIE \u015aRODK&Oacute;W UTRZYMANIA NA RZECZ MA\u0141\u017bONKA ROZWIEDZIONEGO UZNANEGO ZA WY\u0141\u0104CZNIE WINNEGO ROZK\u0141ADU PO\u017bYCIA<\/strong><br \/>Umowne, tak\u017ce dorozumiane ustalenie i&nbsp;dostarczanie po rozwodzie \u015brodk&oacute;w utrzymania na rzecz ma\u0142\u017conka rozwiedzionego uznanego za wy\u0142\u0105cznie winnego rozk\u0142adu po\u017cycia nie mo\u017ce by\u0107 uznane za prawo do aliment&oacute;w w&nbsp;rozumieniu art. 70 ust. 3 ustawy z&nbsp;dnia 17 grudnia 1998 r. o&nbsp;emeryturach i&nbsp;rentach z&nbsp;Funduszu Ubezpiecze\u0144 Spo\u0142ecznych (jednolity tekst: Dz. U. z&nbsp;2016 r., poz. 887 ze zm.) &ndash; Uchwa\u0142a S\u0105du Najwy\u017cszego z&nbsp;dnia 25 maja 2017 r., sygn. akt III UZP 2\/17.<\/p>\n<p style=\"font-size: 14px; text-align: justify;\"><strong>WYPRODUKOWANIE LUB WPROWADZENIE DO OBROTU \u015aRODK&Oacute;W ZAST\u0118PCZYCH SZKODLIWYCH DLA ZDROWIA W&nbsp;STOPNIU STANOWI\u0104CYM NIEBEZPIECZE\u0143STWO DLA ZDROWIA LUB \u017bYCIA WIELU OS&Oacute;B<\/strong><br \/>Je\u017celi w&nbsp;wyniku wadliwej produkcji artyku\u0142u (\u015brodka, substancji itp.), odst\u0105pienia od deklarowanej normy jako\u015bci, wadliwego przechowywania lub transportowania, czy te\u017c wprowadzania do obrotu towaru, kt&oacute;ry faktycznie jest innym produktem, ni\u017c wynika\u0142oby to z&nbsp;jego opisu na opakowaniu, nazwy itp., przy jednoczesnym spe\u0142nieniu warunku, \u017ce produkt ten jest szkodliwy dla zdrowia w&nbsp;stopniu stanowi\u0105cym niebezpiecze\u0144stwo dla zdrowia lub \u017cycia wielu os&oacute;b &#8211; to jego wyprodukowanie lub wprowadzenie do obrotu wyczerpuje dyspozycj\u0119 art. 165 &sect; 1 pkt 2 k.k. &ndash; Uchwa\u0142a S\u0105du Najwy\u017cszego z&nbsp;dnia 31 maja 2017 r., sygn. akt I&nbsp;KZP 5\/17.<\/p>\n<p style=\"margin-bottom: 0px; font-size: 14px; text-align: justify;\"><strong>PRAWO \u0141ASKI<\/strong><br \/>Prawo \u0142aski, jako uprawnienie Prezydenta Rzeczypospolitej Polskiej okre\u015blone w&nbsp;art. 139 zdanie pierwsze Konstytucji Rzeczypospolitej Polskiej, mo\u017ce by\u0107 realizowane wy\u0142\u0105cznie wobec os&oacute;b, kt&oacute;rych win\u0119 stwierdzono prawomocnym wyrokiem s\u0105du (os&oacute;b skazanych). Tylko przy takim uj\u0119ciu zakresu tego prawa nie dochodzi do naruszenia zasad wyra\u017conych w&nbsp;tre\u015bci art. 10 w&nbsp;zw. z&nbsp;art. 7, art. 42 ust. 3, art. 45 ust. 1, art. 175 ust. 1 i&nbsp;art. 177 ust. 1 Konstytucji Rzeczypospolitej Polskiej. Zastosowanie prawa \u0142aski przed dat\u0105 prawomocno\u015bci wyroku nie wywo\u0142uje skutk&oacute;w procesowych &ndash; Uchwa\u0142a S\u0105du Najwy\u017cszego z&nbsp;dnia 31 maja 2017 r., sygn. akt I&nbsp;KZP 4\/17.<\/p>\n","protected":false},"excerpt":{"rendered":"<p>We would like to present the next issue of legal bulletin of the Law Office of Adam Polowiec.What you will find here is some information about the new provisions of law and the projects of amendments to acts, but also case-laws including the case laws of Supreme Court, Constitutional Tribunal and European Court of Justice.<\/p>\n","protected":false},"author":3,"featured_media":0,"comment_status":"closed","ping_status":"open","sticky":false,"template":"","format":"standard","meta":{"footnotes":""},"categories":[2],"tags":[],"class_list":["post-785","post","type-post","status-publish","format-standard","hentry","category-wpisy"],"featured_image_src":{"landsacpe":false,"list":false,"medium":false,"full":false},"yoast_head":"<!-- This site is optimized with the Yoast SEO plugin v27.2 - https:\/\/yoast.com\/product\/yoast-seo-wordpress\/ -->\n<title>Legal Bulletin Of The Law Office Of Adam Polowiec (29 May - 4 June 2017) - Polowiec i Wsp\u00f3lnicy - Kancelaria prawna<\/title>\n<meta name=\"robots\" content=\"index, follow, max-snippet:-1, max-image-preview:large, max-video-preview:-1\" \/>\n<link rel=\"canonical\" href=\"https:\/\/polowiec.pl\/en\/legal-bulletin-of-the-law-office-of-adam-polowiec-29-may-4-june-2017\/\" \/>\n<meta property=\"og:locale\" content=\"en_US\" \/>\n<meta property=\"og:type\" content=\"article\" \/>\n<meta property=\"og:title\" content=\"Legal Bulletin Of The Law Office Of Adam Polowiec (29 May - 4 June 2017) - Polowiec i Wsp\u00f3lnicy - Kancelaria prawna\" \/>\n<meta property=\"og:description\" content=\"We would like to present the next issue of legal bulletin of the Law Office of Adam Polowiec.What you will find here is some information about the new provisions of law and the projects of amendments to acts, but also case-laws including the case laws of Supreme Court, Constitutional Tribunal and European Court of Justice.\" \/>\n<meta property=\"og:url\" content=\"https:\/\/polowiec.pl\/en\/legal-bulletin-of-the-law-office-of-adam-polowiec-29-may-4-june-2017\/\" \/>\n<meta property=\"og:site_name\" content=\"Polowiec i Wsp\u00f3lnicy - Kancelaria prawna\" \/>\n<meta property=\"article:publisher\" content=\"https:\/\/www.facebook.com\/polowieciwspolnicy\/\" \/>\n<meta property=\"article:published_time\" content=\"2017-08-11T11:43:14+00:00\" \/>\n<meta property=\"article:modified_time\" content=\"2019-04-18T17:16:31+00:00\" \/>\n<meta name=\"author\" content=\"Marcin Rusinek\" \/>\n<meta name=\"twitter:card\" content=\"summary_large_image\" \/>\n<meta name=\"twitter:label1\" content=\"Written by\" \/>\n\t<meta name=\"twitter:data1\" content=\"Marcin Rusinek\" \/>\n\t<meta name=\"twitter:label2\" content=\"Est. reading time\" \/>\n\t<meta name=\"twitter:data2\" content=\"7 minutes\" \/>\n<script type=\"application\/ld+json\" class=\"yoast-schema-graph\">{\"@context\":\"https:\/\/schema.org\",\"@graph\":[{\"@type\":\"Article\",\"@id\":\"https:\/\/polowiec.pl\/en\/legal-bulletin-of-the-law-office-of-adam-polowiec-29-may-4-june-2017\/#article\",\"isPartOf\":{\"@id\":\"https:\/\/polowiec.pl\/en\/legal-bulletin-of-the-law-office-of-adam-polowiec-29-may-4-june-2017\/\"},\"author\":{\"name\":\"Marcin Rusinek\",\"@id\":\"https:\/\/polowiec.pl\/en\/#\/schema\/person\/74c7526b6f52be5ae94031504f9ffec4\"},\"headline\":\"Legal Bulletin Of The Law Office Of Adam Polowiec (29 May &#8211; 4 June 2017)\",\"datePublished\":\"2017-08-11T11:43:14+00:00\",\"dateModified\":\"2019-04-18T17:16:31+00:00\",\"mainEntityOfPage\":{\"@id\":\"https:\/\/polowiec.pl\/en\/legal-bulletin-of-the-law-office-of-adam-polowiec-29-may-4-june-2017\/\"},\"wordCount\":1425,\"publisher\":{\"@id\":\"https:\/\/polowiec.pl\/en\/#organization\"},\"articleSection\":[\"Wpisy\"],\"inLanguage\":\"en-US\"},{\"@type\":\"WebPage\",\"@id\":\"https:\/\/polowiec.pl\/en\/legal-bulletin-of-the-law-office-of-adam-polowiec-29-may-4-june-2017\/\",\"url\":\"https:\/\/polowiec.pl\/en\/legal-bulletin-of-the-law-office-of-adam-polowiec-29-may-4-june-2017\/\",\"name\":\"Legal Bulletin Of The Law Office Of Adam Polowiec (29 May - 4 June 2017) - Polowiec i Wsp\u00f3lnicy - Kancelaria prawna\",\"isPartOf\":{\"@id\":\"https:\/\/polowiec.pl\/en\/#website\"},\"datePublished\":\"2017-08-11T11:43:14+00:00\",\"dateModified\":\"2019-04-18T17:16:31+00:00\",\"breadcrumb\":{\"@id\":\"https:\/\/polowiec.pl\/en\/legal-bulletin-of-the-law-office-of-adam-polowiec-29-may-4-june-2017\/#breadcrumb\"},\"inLanguage\":\"en-US\",\"potentialAction\":[{\"@type\":\"ReadAction\",\"target\":[\"https:\/\/polowiec.pl\/en\/legal-bulletin-of-the-law-office-of-adam-polowiec-29-may-4-june-2017\/\"]}]},{\"@type\":\"BreadcrumbList\",\"@id\":\"https:\/\/polowiec.pl\/en\/legal-bulletin-of-the-law-office-of-adam-polowiec-29-may-4-june-2017\/#breadcrumb\",\"itemListElement\":[{\"@type\":\"ListItem\",\"position\":1,\"name\":\"Strona g\u0142\u00f3wna\",\"item\":\"https:\/\/polowiec.pl\/en\/\"},{\"@type\":\"ListItem\",\"position\":2,\"name\":\"Legal Bulletin Of The Law Office Of Adam Polowiec (29 May &#8211; 4 June 2017)\"}]},{\"@type\":\"WebSite\",\"@id\":\"https:\/\/polowiec.pl\/en\/#website\",\"url\":\"https:\/\/polowiec.pl\/en\/\",\"name\":\"Polowiec i Wsp\u00f3lnicy - Kancelaria prawna\",\"description\":\"Obs\u0142uga prawna\",\"publisher\":{\"@id\":\"https:\/\/polowiec.pl\/en\/#organization\"},\"potentialAction\":[{\"@type\":\"SearchAction\",\"target\":{\"@type\":\"EntryPoint\",\"urlTemplate\":\"https:\/\/polowiec.pl\/en\/?s={search_term_string}\"},\"query-input\":{\"@type\":\"PropertyValueSpecification\",\"valueRequired\":true,\"valueName\":\"search_term_string\"}}],\"inLanguage\":\"en-US\"},{\"@type\":\"Organization\",\"@id\":\"https:\/\/polowiec.pl\/en\/#organization\",\"name\":\"Polowiec i Wsp\u00f3lnicy - Kancelaria prawna\",\"url\":\"https:\/\/polowiec.pl\/en\/\",\"logo\":{\"@type\":\"ImageObject\",\"inLanguage\":\"en-US\",\"@id\":\"https:\/\/polowiec.pl\/en\/#\/schema\/logo\/image\/\",\"url\":\"https:\/\/polowiec.pl\/wp-content\/uploads\/2018\/10\/polowiec_logo2-1.png\",\"contentUrl\":\"https:\/\/polowiec.pl\/wp-content\/uploads\/2018\/10\/polowiec_logo2-1.png\",\"width\":540,\"height\":381,\"caption\":\"Polowiec i Wsp\u00f3lnicy - Kancelaria prawna\"},\"image\":{\"@id\":\"https:\/\/polowiec.pl\/en\/#\/schema\/logo\/image\/\"},\"sameAs\":[\"https:\/\/www.facebook.com\/polowieciwspolnicy\/\",\"https:\/\/www.linkedin.com\/company\/polowiec-i-wsplnicy-sp.j.\/about\/\"]},{\"@type\":\"Person\",\"@id\":\"https:\/\/polowiec.pl\/en\/#\/schema\/person\/74c7526b6f52be5ae94031504f9ffec4\",\"name\":\"Marcin Rusinek\",\"image\":{\"@type\":\"ImageObject\",\"inLanguage\":\"en-US\",\"@id\":\"https:\/\/secure.gravatar.com\/avatar\/b50a0a5c3e71d904f5e57a757d39977d01c43e075c6bf5b4df909ffbbe004790?s=96&d=mm&r=g\",\"url\":\"https:\/\/secure.gravatar.com\/avatar\/b50a0a5c3e71d904f5e57a757d39977d01c43e075c6bf5b4df909ffbbe004790?s=96&d=mm&r=g\",\"contentUrl\":\"https:\/\/secure.gravatar.com\/avatar\/b50a0a5c3e71d904f5e57a757d39977d01c43e075c6bf5b4df909ffbbe004790?s=96&d=mm&r=g\",\"caption\":\"Marcin Rusinek\"}}]}<\/script>\n<!-- \/ Yoast SEO plugin. -->","yoast_head_json":{"title":"Legal Bulletin Of The Law Office Of Adam Polowiec (29 May - 4 June 2017) - Polowiec i Wsp\u00f3lnicy - Kancelaria prawna","robots":{"index":"index","follow":"follow","max-snippet":"max-snippet:-1","max-image-preview":"max-image-preview:large","max-video-preview":"max-video-preview:-1"},"canonical":"https:\/\/polowiec.pl\/en\/legal-bulletin-of-the-law-office-of-adam-polowiec-29-may-4-june-2017\/","og_locale":"en_US","og_type":"article","og_title":"Legal Bulletin Of The Law Office Of Adam Polowiec (29 May - 4 June 2017) - Polowiec i Wsp\u00f3lnicy - Kancelaria prawna","og_description":"We would like to present the next issue of legal bulletin of the Law Office of Adam Polowiec.What you will find here is some information about the new provisions of law and the projects of amendments to acts, but also case-laws including the case laws of Supreme Court, Constitutional Tribunal and European Court of Justice.","og_url":"https:\/\/polowiec.pl\/en\/legal-bulletin-of-the-law-office-of-adam-polowiec-29-may-4-june-2017\/","og_site_name":"Polowiec i Wsp\u00f3lnicy - Kancelaria prawna","article_publisher":"https:\/\/www.facebook.com\/polowieciwspolnicy\/","article_published_time":"2017-08-11T11:43:14+00:00","article_modified_time":"2019-04-18T17:16:31+00:00","author":"Marcin Rusinek","twitter_card":"summary_large_image","twitter_misc":{"Written by":"Marcin Rusinek","Est. reading time":"7 minutes"},"schema":{"@context":"https:\/\/schema.org","@graph":[{"@type":"Article","@id":"https:\/\/polowiec.pl\/en\/legal-bulletin-of-the-law-office-of-adam-polowiec-29-may-4-june-2017\/#article","isPartOf":{"@id":"https:\/\/polowiec.pl\/en\/legal-bulletin-of-the-law-office-of-adam-polowiec-29-may-4-june-2017\/"},"author":{"name":"Marcin Rusinek","@id":"https:\/\/polowiec.pl\/en\/#\/schema\/person\/74c7526b6f52be5ae94031504f9ffec4"},"headline":"Legal Bulletin Of The Law Office Of Adam Polowiec (29 May &#8211; 4 June 2017)","datePublished":"2017-08-11T11:43:14+00:00","dateModified":"2019-04-18T17:16:31+00:00","mainEntityOfPage":{"@id":"https:\/\/polowiec.pl\/en\/legal-bulletin-of-the-law-office-of-adam-polowiec-29-may-4-june-2017\/"},"wordCount":1425,"publisher":{"@id":"https:\/\/polowiec.pl\/en\/#organization"},"articleSection":["Wpisy"],"inLanguage":"en-US"},{"@type":"WebPage","@id":"https:\/\/polowiec.pl\/en\/legal-bulletin-of-the-law-office-of-adam-polowiec-29-may-4-june-2017\/","url":"https:\/\/polowiec.pl\/en\/legal-bulletin-of-the-law-office-of-adam-polowiec-29-may-4-june-2017\/","name":"Legal Bulletin Of The Law Office Of Adam Polowiec (29 May - 4 June 2017) - Polowiec i Wsp\u00f3lnicy - Kancelaria prawna","isPartOf":{"@id":"https:\/\/polowiec.pl\/en\/#website"},"datePublished":"2017-08-11T11:43:14+00:00","dateModified":"2019-04-18T17:16:31+00:00","breadcrumb":{"@id":"https:\/\/polowiec.pl\/en\/legal-bulletin-of-the-law-office-of-adam-polowiec-29-may-4-june-2017\/#breadcrumb"},"inLanguage":"en-US","potentialAction":[{"@type":"ReadAction","target":["https:\/\/polowiec.pl\/en\/legal-bulletin-of-the-law-office-of-adam-polowiec-29-may-4-june-2017\/"]}]},{"@type":"BreadcrumbList","@id":"https:\/\/polowiec.pl\/en\/legal-bulletin-of-the-law-office-of-adam-polowiec-29-may-4-june-2017\/#breadcrumb","itemListElement":[{"@type":"ListItem","position":1,"name":"Strona g\u0142\u00f3wna","item":"https:\/\/polowiec.pl\/en\/"},{"@type":"ListItem","position":2,"name":"Legal Bulletin Of The Law Office Of Adam Polowiec (29 May &#8211; 4 June 2017)"}]},{"@type":"WebSite","@id":"https:\/\/polowiec.pl\/en\/#website","url":"https:\/\/polowiec.pl\/en\/","name":"Polowiec i Wsp\u00f3lnicy - Kancelaria prawna","description":"Obs\u0142uga prawna","publisher":{"@id":"https:\/\/polowiec.pl\/en\/#organization"},"potentialAction":[{"@type":"SearchAction","target":{"@type":"EntryPoint","urlTemplate":"https:\/\/polowiec.pl\/en\/?s={search_term_string}"},"query-input":{"@type":"PropertyValueSpecification","valueRequired":true,"valueName":"search_term_string"}}],"inLanguage":"en-US"},{"@type":"Organization","@id":"https:\/\/polowiec.pl\/en\/#organization","name":"Polowiec i Wsp\u00f3lnicy - Kancelaria prawna","url":"https:\/\/polowiec.pl\/en\/","logo":{"@type":"ImageObject","inLanguage":"en-US","@id":"https:\/\/polowiec.pl\/en\/#\/schema\/logo\/image\/","url":"https:\/\/polowiec.pl\/wp-content\/uploads\/2018\/10\/polowiec_logo2-1.png","contentUrl":"https:\/\/polowiec.pl\/wp-content\/uploads\/2018\/10\/polowiec_logo2-1.png","width":540,"height":381,"caption":"Polowiec i Wsp\u00f3lnicy - Kancelaria prawna"},"image":{"@id":"https:\/\/polowiec.pl\/en\/#\/schema\/logo\/image\/"},"sameAs":["https:\/\/www.facebook.com\/polowieciwspolnicy\/","https:\/\/www.linkedin.com\/company\/polowiec-i-wsplnicy-sp.j.\/about\/"]},{"@type":"Person","@id":"https:\/\/polowiec.pl\/en\/#\/schema\/person\/74c7526b6f52be5ae94031504f9ffec4","name":"Marcin Rusinek","image":{"@type":"ImageObject","inLanguage":"en-US","@id":"https:\/\/secure.gravatar.com\/avatar\/b50a0a5c3e71d904f5e57a757d39977d01c43e075c6bf5b4df909ffbbe004790?s=96&d=mm&r=g","url":"https:\/\/secure.gravatar.com\/avatar\/b50a0a5c3e71d904f5e57a757d39977d01c43e075c6bf5b4df909ffbbe004790?s=96&d=mm&r=g","contentUrl":"https:\/\/secure.gravatar.com\/avatar\/b50a0a5c3e71d904f5e57a757d39977d01c43e075c6bf5b4df909ffbbe004790?s=96&d=mm&r=g","caption":"Marcin Rusinek"}}]}},"_links":{"self":[{"href":"https:\/\/polowiec.pl\/en\/wp-json\/wp\/v2\/posts\/785","targetHints":{"allow":["GET"]}}],"collection":[{"href":"https:\/\/polowiec.pl\/en\/wp-json\/wp\/v2\/posts"}],"about":[{"href":"https:\/\/polowiec.pl\/en\/wp-json\/wp\/v2\/types\/post"}],"author":[{"embeddable":true,"href":"https:\/\/polowiec.pl\/en\/wp-json\/wp\/v2\/users\/3"}],"replies":[{"embeddable":true,"href":"https:\/\/polowiec.pl\/en\/wp-json\/wp\/v2\/comments?post=785"}],"version-history":[{"count":0,"href":"https:\/\/polowiec.pl\/en\/wp-json\/wp\/v2\/posts\/785\/revisions"}],"wp:attachment":[{"href":"https:\/\/polowiec.pl\/en\/wp-json\/wp\/v2\/media?parent=785"}],"wp:term":[{"taxonomy":"category","embeddable":true,"href":"https:\/\/polowiec.pl\/en\/wp-json\/wp\/v2\/categories?post=785"},{"taxonomy":"post_tag","embeddable":true,"href":"https:\/\/polowiec.pl\/en\/wp-json\/wp\/v2\/tags?post=785"}],"curies":[{"name":"wp","href":"https:\/\/api.w.org\/{rel}","templated":true}]}}