{"id":788,"date":"2017-08-16T07:24:34","date_gmt":"2017-08-16T05:24:34","guid":{"rendered":"https:\/\/nowa.polowiec.pl\/legal-bulletin-of-the-law-office-of-adam-polowiec-19-june-25-june-2017\/"},"modified":"2019-04-18T19:05:30","modified_gmt":"2019-04-18T17:05:30","slug":"legal-bulletin-of-the-law-office-of-adam-polowiec-19-june-25-june-2017","status":"publish","type":"post","link":"https:\/\/polowiec.pl\/en\/legal-bulletin-of-the-law-office-of-adam-polowiec-19-june-25-june-2017\/","title":{"rendered":"Legal Bulletin Of The Law Office Of Adam Polowiec (19 June &#8211; 25 June 2017)"},"content":{"rendered":"<p><span style=\"font-size: 14px; text-align: justify;\">We would like to present the next issue of legal bulletin of the Law Office of Adam Polowiec.<\/span><br style=\"font-size: 14px; text-align: justify;\" \/><span style=\"font-size: 14px; text-align: justify;\">What you will find here is some information about the new provisions of law and the projects of amendments to acts, but also case-laws including the case laws of Supreme Court, Constitutional Tribunal and European Court of Justice.<\/span><\/p>\n<p>  <!--more-->  <\/p>\n<p class=\"NowePrawo\" style=\"margin-top: 20px; font-size: 14px; text-align: justify;\"><strong><span style=\"font-family: Calibri, sans-serif;\">_____Nowe Prawo<\/span><\/strong><\/p>\n<p class=\"Dziedzinaprawa\" style=\"font-size: 14px; text-align: justify;\"><strong><span style=\"font-size: 12pt; font-family: Calibri, sans-serif;\">SYSTEM MONITOROWANIA DROGOWEGO PRZEWOZU TOWAR&Oacute;W<\/span><\/strong><\/p>\n<p class=\"Tekstpraswki\" style=\"font-size: 14px; text-align: justify;\"><b><span style=\"font-size: 12pt; font-family: Calibri, sans-serif;\">Rozporz\u0105dzenie&nbsp;<\/span><\/b><span style=\"font-size: 12pt; font-family: Calibri, sans-serif;\">Ministra Rozwoju i&nbsp;Finans&oacute;w&nbsp;<\/span><span style=\"font-size: 12pt; font-family: Calibri, sans-serif;\">z dnia 13 czerwca 2017 r.<\/span><span style=\"font-size: 12pt; font-family: Calibri, sans-serif;\"><\/span><span style=\"font-size: 12pt; font-family: Calibri, sans-serif;\">w sprawie towar&oacute;w, kt&oacute;rych przew&oacute;z jest obj\u0119ty systemem monitorowania drogowego przewozu towar&oacute;w<\/span><span style=\"font-size: 12pt; font-family: Calibri, sans-serif;\">&nbsp;(Dz. U. z&nbsp;2017 r., poz. 1178)&nbsp;<\/span><b><span style=\"font-size: 12pt; font-family: Calibri, sans-serif;\">&ndash; wejdzie w&nbsp;\u017cycie z&nbsp;dniem&nbsp;<\/span><\/b><b><span style=\"font-size: 12pt; font-family: Calibri, sans-serif;\">22 wrze\u015bnia<\/span><\/b><b><span style=\"font-size: 12pt; font-family: Calibri, sans-serif;\">&nbsp;2017<\/span><\/b><b><span style=\"font-size: 12pt; font-family: Calibri, sans-serif;\">r.<\/span><\/b><\/p>\n<p class=\"Dziedzinaprawa\" style=\"font-size: 14px; text-align: justify;\"><strong><span style=\"font-size: 12pt; font-family: Calibri, sans-serif;\">PRAWO PODATKOWE<\/span><\/strong><\/p>\n<p class=\"Tekstpraswki\" style=\"font-size: 14px; text-align: justify;\"><b><span style=\"font-size: 12pt; font-family: Calibri, sans-serif;\">Rozporz\u0105dzenie&nbsp;<\/span><\/b><span style=\"font-size: 12pt; font-family: Calibri, sans-serif;\">Ministra Rozwoju i&nbsp;Finans&oacute;w<\/span><span style=\"font-size: 12pt; font-family: Calibri, sans-serif;\">&nbsp;z&nbsp;dnia 13 czerwca 2017 r.<\/span><span style=\"font-size: 12pt; font-family: Calibri, sans-serif;\"><\/span><span style=\"font-size: 12pt; font-family: Calibri, sans-serif;\">w sprawie szczeg&oacute;\u0142owego zakresu danych przekazywanych w&nbsp;informacji o&nbsp;grupie podmiot&oacute;w oraz sposobu jej wype\u0142niania<\/span><span style=\"font-size: 12pt; font-family: Calibri, sans-serif;\">&nbsp;(Dz. U. z&nbsp;2017 r., poz. 1176)<\/span><b><span style=\"font-size: 12pt; font-family: Calibri, sans-serif;\">&nbsp;&ndash; wejdzie w&nbsp;\u017cycie z&nbsp;dniem&nbsp;<\/span><\/b><b><span style=\"font-size: 12pt; font-family: Calibri, sans-serif;\">6&nbsp;lipca&nbsp;<\/span><\/b><b><span style=\"font-size: 12pt; font-family: Calibri, sans-serif;\">2017<\/span><\/b><b><span style=\"font-size: 12pt; font-family: Calibri, sans-serif;\">r.<\/span><\/b><\/p>\n<p class=\"Dziedzinaprawa\" style=\"font-size: 14px; text-align: justify;\"><strong><span style=\"font-size: 12pt; font-family: Calibri, sans-serif;\">PRAWO MEDYCZNE<\/span><\/strong><\/p>\n<p class=\"Tekstpraswki\" style=\"font-size: 14px; text-align: justify;\"><b><span style=\"font-size: 12pt; font-family: Calibri, sans-serif;\">Rozporz\u0105dzenie&nbsp;<\/span><\/b><span style=\"font-size: 12pt; font-family: Calibri, sans-serif;\">Ministra Zdrowia&nbsp;<\/span><span style=\"font-size: 12pt; font-family: Calibri, sans-serif;\">z dnia 13 czerwca 2017 r.<\/span><span style=\"font-size: 12pt; font-family: Calibri, sans-serif;\"><\/span><span style=\"font-size: 12pt; font-family: Calibri, sans-serif;\">w sprawie okre\u015blenia szczeg&oacute;\u0142owych kryteri&oacute;w kwalifikacji \u015bwiadczeniodawc&oacute;w do poszczeg&oacute;lnych poziom&oacute;w systemu podstawowego szpitalnego zabezpieczenia \u015bwiadcze\u0144 opieki zdrowotnej<\/span><span style=\"font-size: 12pt; font-family: Calibri, sans-serif;\">&nbsp;(Dz.&nbsp;U.&nbsp;z 2017 r., poz. 1163)<\/span><b><span style=\"font-size: 12pt; font-family: Calibri, sans-serif;\">&nbsp;&ndash; we<\/span><\/b><b><span style=\"font-size: 12pt; font-family: Calibri, sans-serif;\">sz\u0142o<\/span><\/b><b><span style=\"font-size: 12pt; font-family: Calibri, sans-serif;\">&nbsp;w&nbsp;\u017cycie z&nbsp;dniem&nbsp;<\/span><\/b><b><span style=\"font-size: 12pt; font-family: Calibri, sans-serif;\">20 czerwca&nbsp;<\/span><\/b><b><span style=\"font-size: 12pt; font-family: Calibri, sans-serif;\">2017<\/span><\/b><b><span style=\"font-size: 12pt; font-family: Calibri, sans-serif;\">r.<\/span><\/b><\/p>\n<p class=\"Dziedzinaprawa\" style=\"font-size: 14px; text-align: justify;\"><strong><span style=\"font-size: 12pt; font-family: Calibri, sans-serif;\">PRAWO UNII EUROPEJSKIEJ<\/span><\/strong><\/p>\n<p class=\"Tekstpraswki\" style=\"font-size: 14px; text-align: justify;\"><b><span style=\"font-size: 12pt; font-family: Calibri, sans-serif;\">Rozporz\u0105dzenie&nbsp;<\/span><\/b><span style=\"font-size: 12pt; font-family: Calibri, sans-serif;\">Parlamentu Europejskiego i&nbsp;Rady (UE) 2017\/1001 z&nbsp;dnia 14 czerwca 2017 r. w&nbsp;sprawie znaku towarowego Unii Europejskiej (Tekst maj\u0105cy znaczenie dla EOG.)<\/span><\/p>\n<p class=\"Tekstpraswki\" style=\"font-size: 14px; text-align: justify;\"><b><span style=\"font-size: 12pt; font-family: Calibri, sans-serif;\">Rozporz\u0105dzenie<\/span><\/b><span style=\"font-size: 12pt; font-family: Calibri, sans-serif;\">&nbsp;wykonawcze Komisji (UE) 2017\/1005 z&nbsp;dnia 15 czerwca 2017 r. ustanawiaj\u0105ce wykonawcze standardy techniczne w&nbsp;odniesieniu do formatu i&nbsp;terminu przekazania informacji oraz publikacji decyzji o&nbsp;zawieszeniu lub wycofaniu instrumentu finansowego z&nbsp;obrotu na podstawie dyrektywy Parlamentu Europejskiego i&nbsp;Rady 2014\/65\/UE w&nbsp;sprawie rynk&oacute;w instrument&oacute;w finansowych (Tekst maj\u0105cy znaczenie dla EOG.)<\/span><\/p>\n<p class=\"Tekstpraswki\" style=\"font-size: 14px; text-align: justify;\"><b><span style=\"font-size: 12pt; font-family: Calibri, sans-serif;\">Rozporz\u0105dzenie<\/span><\/b><span style=\"font-size: 12pt; font-family: Calibri, sans-serif;\">&nbsp;delegowane Komisji (UE) 2017\/1018 z&nbsp;dnia 29 czerwca 2016 r. uzupe\u0142niaj\u0105ce dyrektyw\u0119 Parlamentu Europejskiego i&nbsp;Rady 2014\/65\/UE w&nbsp;sprawie rynk&oacute;w instrument&oacute;w finansowych w&nbsp;odniesieniu do regulacyjnych standard&oacute;w technicznych okre\u015blaj\u0105cych informacje zg\u0142aszane przez firmy inwestycyjne, operator&oacute;w rynku i&nbsp;instytucje kredytowe (Tekst maj\u0105cy znaczenie dla EOG.)<\/span><\/p>\n<p class=\"Tekstpraswki\" style=\"font-size: 14px; text-align: justify;\"><b><span style=\"font-size: 12pt; font-family: Calibri, sans-serif;\">Rozporz\u0105dzenie<\/span><\/b><span style=\"font-size: 12pt; font-family: Calibri, sans-serif;\">&nbsp;Komisji (UE) 2017\/1084 z&nbsp;dnia 14 czerwca 2017 r. zmieniaj\u0105ce rozporz\u0105dzenie (UE) nr 651\/2014 w&nbsp;odniesieniu do pomocy na infrastruktur\u0119 portow\u0105 i&nbsp;infrastruktur\u0119 port&oacute;w lotniczych, prog&oacute;w powoduj\u0105cych obowi\u0105zek zg\u0142oszenia pomocy na kultur\u0119 i&nbsp;zachowanie dziedzictwa kulturowego, pomocy na infrastruktur\u0119 sportow\u0105 i&nbsp;wielofunkcyjn\u0105 infrastruktur\u0119 rekreacyjn\u0105, a&nbsp;tak\u017ce program&oacute;w regionalnej pomocy operacyjnej skierowanych do region&oacute;w najbardziej oddalonych oraz zmieniaj\u0105ce rozporz\u0105dzenie (UE) nr 702\/2014 w&nbsp;odniesieniu do obliczania koszt&oacute;w kwalifikowalnych (Tekst maj\u0105cy znaczenie dla EOG.)<\/span><\/p>\n<p class=\"Tekstpraswki\" style=\"font-size: 14px; text-align: justify;\"><b><span style=\"font-size: 12pt; font-family: Calibri, sans-serif;\">Rozporz\u0105dzenie&nbsp;<\/span><\/b><span style=\"font-size: 12pt; font-family: Calibri, sans-serif;\">wykonawcze Komisji (UE) 2017\/1086 z&nbsp;dnia 19 czerwca 2017 r. zmieniaj\u0105ce rozporz\u0105dzenie (WE) nr 634\/2007 w&nbsp;odniesieniu do charakterystyki selenometioniny wytwarzanej przez Saccharomyces cerevisiae NCYC R397 (Tekst maj\u0105cy znaczenie dla EOG.)<\/span><\/p>\n<p class=\"Tekstpraswki\" style=\"font-size: 14px; text-align: justify;\"><b><span style=\"font-size: 12pt; font-family: Calibri, sans-serif;\">Rozporz\u0105dzenie&nbsp;<\/span><\/b><span style=\"font-size: 12pt; font-family: Calibri, sans-serif;\">wykonawcze Komisji (UE) 2017\/1093 z&nbsp;dnia 20 czerwca 2017 r. ustanawiaj\u0105ce wykonawcze standardy techniczne w&nbsp;odniesieniu do formatu sprawozda\u0144 dotycz\u0105cych pozycji sk\u0142adanych przez firmy inwestycyjne i&nbsp;operator&oacute;w rynku (Tekst maj\u0105cy znaczenie dla EOG.)<\/span><\/p>\n<p class=\"Tekstpraswki\" style=\"font-size: 14px; text-align: justify;\"><b><span style=\"font-size: 12pt; font-family: Calibri, sans-serif;\">Rozporz\u0105dzenie<\/span><\/b><span style=\"font-size: 12pt; font-family: Calibri, sans-serif;\">&nbsp;wykonawcze Komisji (UE) 2017\/1092 z&nbsp;dnia 20 czerwca 2017 r. w&nbsp;sprawie zmiany rozporz\u0105dzenia wykonawczego Komisji (UE) 2016\/670 wprowadzaj\u0105cego uprzedni nadz&oacute;r unijny nad przywozem niekt&oacute;rych wyrob&oacute;w z&nbsp;\u017celaza i&nbsp;stali pochodz\u0105cych z&nbsp;niekt&oacute;rych pa\u0144stw trzecich<\/span><\/p>\n<p class=\"Tekstpraswki\" style=\"font-size: 14px; text-align: justify;\"><b><span style=\"font-size: 12pt; font-family: Calibri, sans-serif;\">Rozporz\u0105dzenie<\/span><\/b><span style=\"font-size: 12pt; font-family: Calibri, sans-serif;\">&nbsp;delegowane Komisji (UE) 2017\/1091 z&nbsp;dnia 10 kwietnia 2017 r. zmieniaj\u0105ce za\u0142\u0105cznik do rozporz\u0105dzenia Parlamentu Europejskiego i&nbsp;Rady (UE) nr&nbsp;609\/2013 w&nbsp;odniesieniu do wykazu substancji, kt&oacute;re mo\u017cna dodawa\u0107 do produkt&oacute;w zbo\u017cowych przetworzonych, \u017cywno\u015bci dla dzieci oraz \u017cywno\u015bci specjalnego przeznaczenia medycznego (Tekst maj\u0105cy znaczenie dla EOG.)<\/span><\/p>\n<p class=\"Tekstpraswki\" style=\"font-size: 14px; text-align: justify;\"><b><span style=\"font-size: 12pt; font-family: Calibri, sans-serif;\">Rozporz\u0105dzeni<\/span><\/b><span style=\"font-size: 12pt; font-family: Calibri, sans-serif;\">e Komisji (UE) 2017\/1016 z&nbsp;dnia 14 czerwca 2017 r. zmieniaj\u0105ce za\u0142\u0105czniki II, III i&nbsp;IV do rozporz\u0105dzenia (WE) nr 396\/2005 Parlamentu Europejskiego i&nbsp;Rady w&nbsp;odniesieniu do najwy\u017cszych dopuszczalnych poziom&oacute;w pozosta\u0142o\u015bci benzowyndiflupyru, chlorantraniliprolu, deltametryny, etofumezatu, haloksyfopu, \u0142agodnego izolatu VC1 wirusa mozaiki pepino, \u0142agodnego izolatu VX1 wirusa mozaiki pepino, oksatiapiproliny, pentiopiradu, pyraklostrobiny, spirotetramatu, oleju s\u0142onecznikowego, tolklofosu metylowego i&nbsp;trineksapaku w&nbsp;okre\u015blonych produktach lub na ich powierzchni (Tekst maj\u0105cy znaczenie dla EOG.)<\/span><\/p>\n<p class=\"Tekstpraswki\" style=\"font-size: 14px; text-align: justify;\"><b><span style=\"font-size: 12pt; font-family: Calibri, sans-serif;\">Rozporz\u0105dzenie<\/span><\/b><span style=\"font-size: 12pt; font-family: Calibri, sans-serif;\">&nbsp;wykonawcze Komisji (UE) 2017\/1105 z&nbsp;dnia 12 czerwca 2017 r. ustanawiaj\u0105ce formularze, o&nbsp;kt&oacute;rych mowa w&nbsp;rozporz\u0105dzeniu Parlamentu Europejskiego i&nbsp;Rady (UE) 2015\/848 w&nbsp;sprawie post\u0119powania upad\u0142o\u015bciowego.<\/span><\/p>\n<p class=\"Tekstpraswki\" style=\"font-size: 14px; text-align: justify;\"><b><span style=\"font-size: 12pt; font-family: Calibri, sans-serif;\">Rozporz\u0105dzenie<\/span><\/b><span style=\"font-size: 12pt; font-family: Calibri, sans-serif;\">&nbsp;wykonawcze Komisji (UE) 2017\/1110 z&nbsp;dnia 22 czerwca 2017 r. ustanawiaj\u0105ce wykonawcze standardy techniczne w&nbsp;odniesieniu do standardowych formularzy, szablon&oacute;w i&nbsp;procedur na potrzeby udzielania zezwole\u0144 dostawcom us\u0142ug w&nbsp;zakresie udost\u0119pniania informacji i&nbsp;powi\u0105zanych powiadomie\u0144 na podstawie dyrektywy Parlamentu Europejskiego i&nbsp;Rady 2014\/65\/UE w&nbsp;sprawie rynk&oacute;w instrument&oacute;w finansowych (Tekst maj\u0105cy znaczenie dla EOG.)<\/span><\/p>\n<p class=\"Tekstpraswki\" style=\"font-size: 14px; text-align: justify;\"><b><span style=\"font-size: 12pt; font-family: Calibri, sans-serif;\">Rozporz\u0105dzenie&nbsp;<\/span><\/b><span style=\"font-size: 12pt; font-family: Calibri, sans-serif;\">wykonawcze Komisji (UE) 2017\/1111 z&nbsp;dnia 22 czerwca 2017 r. ustanawiaj\u0105ce wykonawcze standardy techniczne w&nbsp;odniesieniu do procedur i&nbsp;formularzy przekazywania informacji zgodnie z&nbsp;dyrektyw\u0105 Parlamentu Europejskiego i&nbsp;Rady 2014\/65\/UE (Tekst maj\u0105cy znaczenie dla EOG.)<\/span><\/p>\n<p class=\"NowePrawo\" style=\"font-size: 14px; text-align: justify;\"><strong><span style=\"font-family: Calibri, sans-serif;\">_____Orzecznictwo<\/span><\/strong><\/p>\n<p class=\"SdNajwyszy\" style=\"font-size: 14px; text-align: justify;\"><strong><span style=\"font-size: 12pt; font-family: Calibri, sans-serif;\">Trybuna\u0142 Konstytucyjny<\/span><\/strong><\/p>\n<p class=\"Dziedzinaprawa\" style=\"font-size: 14px; text-align: justify;\"><strong><span style=\"font-size: 12pt; font-family: Calibri, sans-serif;\">ZASADY WYDAWANIA CERTYFIKATU INSTALATORA ODNAWIALNYCH \u0179R&Oacute;DE\u0141 ENERGII<\/span><\/strong><\/p>\n<p class=\"Tekstpraswki\" style=\"font-size: 14px; text-align: justify;\"><span style=\"font-size: 12pt; font-family: Calibri, sans-serif;\">Cech\u0105 istotn\u0105 uzasadniaj\u0105c\u0105 r&oacute;wne traktowanie wszystkich os&oacute;b ubiegaj\u0105cych si\u0119 o&nbsp;certyfikat instalatora odnawialnych \u017ar&oacute;de\u0142 energii na podstawie zaskar\u017conego przepisu, jest posiadanie dostatecznej wiedzy i&nbsp;wystarczaj\u0105cych umiej\u0119tno\u015bci w&nbsp;dziedzinie instalacji O\u0179E, po\u015bwiadczonych dyplomem uko\u0144czenia w\u0142a\u015bciwych studi&oacute;w wy\u017cszych. Zaskar\u017cony przepis r&oacute;\u017cnicuje prawa podmiot&oacute;w znajduj\u0105cych si\u0119 w&nbsp;takiej samej sytuacji prawnie relewantnej&nbsp;<b>&ndash; Wyrok Trybuna\u0142u Konstytucyjnego z&nbsp;dnia 20 czerwca 2017 r., sygn.&nbsp;akt K 16\/15.<\/b><\/span><\/p>\n<p class=\"Dziedzinaprawa\" style=\"font-size: 14px; text-align: justify;\"><strong><span style=\"font-size: 12pt; font-family: Calibri, sans-serif;\">USTAWA O&nbsp;KRAJOWEJ RADZIE S\u0104DOWNICTWA<\/span><\/strong><\/p>\n<p class=\"Tekstpraswki\" style=\"font-size: 14px; text-align: justify;\"><span style=\"font-size: 12pt; font-family: Calibri, sans-serif;\">Przepisy ustawy o&nbsp;Krajowej Radzie S\u0105downictwa dotycz\u0105ce wyboru cz\u0142onk&oacute;w KRS spo\u015br&oacute;d s\u0119dzi&oacute;w s\u0105d&oacute;w powszechnych i&nbsp;s\u0105d&oacute;w administracyjnych s\u0105 niezgodne z&nbsp;Konstytucj\u0105. Przepis ustawy o&nbsp;Krajowej Radzie S\u0105downictwa odnosz\u0105cy si\u0119 do kadencji cz\u0142onk&oacute;w KRS wybieranych spo\u015br&oacute;d s\u0119dzi&oacute;w s\u0105d&oacute;w powszechnych rozumiany w&nbsp;ten spos&oacute;b, \u017ce kadencja ta ma charakter indywidualny jest niezgodny z&nbsp;Konstytucj\u0105&nbsp;<b>&ndash;&nbsp;<\/b><\/span><b><span style=\"font-size: 12pt; font-family: Calibri, sans-serif;\">Wyrok<\/span><\/b><b><span style=\"font-size: 12pt; font-family: Calibri, sans-serif;\">Trybuna\u0142u Konstytucyjnego<\/span><\/b><span style=\"font-size: 12pt; font-family: Calibri, sans-serif;\"><\/span><b><span style=\"font-size: 12pt; font-family: Calibri, sans-serif;\">z dnia 20 czerwca 2017 r.<\/span><\/b><b><span style=\"font-size: 12pt; font-family: Calibri, sans-serif;\">, sygn. akt&nbsp;<\/span><\/b><b><span style=\"font-size: 12pt; font-family: Calibri, sans-serif;\">K 5\/17<\/span><\/b><b><span style=\"font-size: 12pt; font-family: Calibri, sans-serif;\">.<\/span><\/b><\/p>\n<p class=\"Dziedzinaprawa\" style=\"font-size: 14px; text-align: justify;\"><strong><span style=\"font-size: 12pt; font-family: Calibri, sans-serif;\">STOSOWANIE WOBEC TEJ SAMEJ OSOBY FIZYCZNEJ, ZA TEN SAM CZYN ODPOWIEDZIALNO\u015aCI ZA PRZEST\u0118PSTWO ORAZ SANKCJI ADMINISTRACYJNO-PRAWNEJ<\/span><\/strong><\/p>\n<p class=\"Tekstpraswki\" style=\"font-size: 14px; text-align: justify;\"><span style=\"font-size: 12pt; font-family: Calibri, sans-serif;\">Sytuacja, w&nbsp;kt&oacute;rej osoba ukarana w&nbsp;trybie administracyjnym kar\u0105 pieni\u0119\u017cn\u0105, o&nbsp;jakiej mowa w&nbsp;art. 92a ust. 1 ustawy o&nbsp;transporcie drogowym, mia\u0142aby nast\u0119pnie za ten sam czyn polegaj\u0105cy na po\u015bwiadczeniu nieprawdziwych informacji w&nbsp;&bdquo;Za\u015bwiadczeniu o<\/span><span style=\"font-size: 12pt; font-family: Calibri, sans-serif;\">dzia\u0142alno\u015bci&rdquo;, zosta\u0107 poci\u0105gni\u0119ta r&oacute;wnie\u017c do odpowiedzialno\u015bci karnej na podstawie art.<\/span><span style=\"font-size: 12pt; font-family: Calibri, sans-serif;\">271 &sect; 1 kodeksu karnego, narusza zasad\u0119 ne bis in idem oraz zasad\u0119 proporcjonalnej reakcji pa\u0144stwa na naruszenie prawa, wynikaj\u0105ce z&nbsp;art. 2 konstytucji<\/span><b><span style=\"font-size: 12pt; font-family: Calibri, sans-serif;\">&nbsp;&ndash; Wyrok Trybuna\u0142u Konstytucyjnego z&nbsp;dnia 20 czerwca 2017 r., sygn. akt P&nbsp;124\/15.<\/span><\/b><\/p>\n<p class=\"Dziedzinaprawa\" style=\"font-size: 14px; text-align: justify;\"><strong><span style=\"font-size: 12pt; font-family: Calibri, sans-serif;\">ZASADY USTALANIA WYSOKO\u015aCI OP\u0141AT ZA CZYNNO\u015aCI ADWOKACKIE ORAZ PONOSZENIA PRZEZ SKARB PA\u0143STWA KOSZT&Oacute;W NIEOP\u0141ACONEJ POMOCY PRAWNEJ UDZIELONEJ Z&nbsp;URZ\u0118DU<\/span><\/strong><\/p>\n<p class=\"Tekstpraswki\" style=\"font-size: 14px; text-align: justify;\"><span style=\"font-size: 12pt; font-family: Calibri, sans-serif;\">Wyb&oacute;r metody ustalania stawki minimalnej wynagrodzenia dla pe\u0142nomocnika prawnego nale\u017cy do normodawcy, kt&oacute;ry w&nbsp;tym zakresie &ndash; w&nbsp;granicach porz\u0105dku konstytucyjnego &ndash; korzysta ze znacznej swobody regulacyjnej&nbsp;<b>&ndash;<\/b><\/span><b><span style=\"font-size: 12pt; font-family: Calibri, sans-serif;\">&nbsp;Wyrok Trybuna\u0142u Konstytucyjnego z&nbsp;dnia 21 czerwca 2017 r., sygn. akt SK 35\/15.<\/span><\/b><\/p>\n<p class=\"SdNajwyszy\" style=\"font-size: 14px; text-align: justify;\"><strong><span style=\"font-size: 12pt; font-family: Calibri, sans-serif;\">S\u0105d Najwy\u017cszy<\/span><\/strong><\/p>\n<p class=\"Dziedzinaprawa\" style=\"font-size: 14px; text-align: justify;\"><strong><span style=\"font-size: 12pt; font-family: Calibri, sans-serif;\">SZKODY WYRZ\u0104DZONE PRZEZ PSA WYKORZYSTYWANEGO PRZEZ ROLNIKA U\u017bYTKOWO W&nbsp;GOSPODARSTWIE ROLNYM<\/span><\/strong><\/p>\n<p class=\"Tekstpraswki\" style=\"font-size: 14px; text-align: justify;\"><span style=\"font-size: 12pt; font-family: Calibri, sans-serif;\">Przepis art. 50 ust. 1 ustawy z&nbsp;dnia 22 maja 2003 r. o&nbsp;ubezpieczeniach obowi\u0105zkowych, Ubezpieczeniowym Funduszu Gwarancyjnym i&nbsp;Polskim Biurze Ubezpieczycieli Komunikacyjnych (jedn. tekst: Dz.U. z&nbsp;2016 r., poz. 2060 ze zm.) ma zastosowanie do szk&oacute;d wyrz\u0105dzonych przez psa wykorzystywanego przez rolnika u\u017cytkowo w&nbsp;gospodarstwie rolnym&nbsp;<b>&ndash; Uchwa\u0142a S\u0105du Najwy\u017cszego z&nbsp;dnia 20 czerwca 2017 r., sygn. akt. III CZP 114\/16.<\/b><\/span><\/p>\n","protected":false},"excerpt":{"rendered":"<p>We would like to present the next issue of legal bulletin of the Law Office of Adam Polowiec.What you will find here is some information about the new provisions of law and the projects of amendments to acts, but also case-laws including the case laws of Supreme Court, Constitutional Tribunal and European Court of Justice.<\/p>\n","protected":false},"author":3,"featured_media":0,"comment_status":"closed","ping_status":"open","sticky":false,"template":"","format":"standard","meta":{"footnotes":""},"categories":[2],"tags":[],"class_list":["post-788","post","type-post","status-publish","format-standard","hentry","category-wpisy"],"featured_image_src":{"landsacpe":false,"list":false,"medium":false,"full":false},"yoast_head":"<!-- This site is optimized with the Yoast SEO plugin v27.2 - https:\/\/yoast.com\/product\/yoast-seo-wordpress\/ -->\n<title>Legal Bulletin Of The Law Office Of Adam Polowiec (19 June - 25 June 2017) - Polowiec i Wsp\u00f3lnicy - Kancelaria prawna<\/title>\n<meta name=\"robots\" content=\"index, follow, max-snippet:-1, max-image-preview:large, max-video-preview:-1\" \/>\n<link rel=\"canonical\" href=\"https:\/\/polowiec.pl\/en\/legal-bulletin-of-the-law-office-of-adam-polowiec-19-june-25-june-2017\/\" \/>\n<meta property=\"og:locale\" content=\"en_US\" \/>\n<meta property=\"og:type\" content=\"article\" \/>\n<meta property=\"og:title\" content=\"Legal Bulletin Of The Law Office Of Adam Polowiec (19 June - 25 June 2017) - Polowiec i Wsp\u00f3lnicy - Kancelaria prawna\" \/>\n<meta property=\"og:description\" content=\"We would like to present the next issue of legal bulletin of the Law Office of Adam Polowiec.What you will find here is some information about the new provisions of law and the projects of amendments to acts, but also case-laws including the case laws of Supreme Court, Constitutional Tribunal and European Court of Justice.\" \/>\n<meta property=\"og:url\" content=\"https:\/\/polowiec.pl\/en\/legal-bulletin-of-the-law-office-of-adam-polowiec-19-june-25-june-2017\/\" \/>\n<meta property=\"og:site_name\" content=\"Polowiec i Wsp\u00f3lnicy - Kancelaria prawna\" \/>\n<meta property=\"article:publisher\" content=\"https:\/\/www.facebook.com\/polowieciwspolnicy\/\" \/>\n<meta property=\"article:published_time\" content=\"2017-08-16T05:24:34+00:00\" \/>\n<meta property=\"article:modified_time\" content=\"2019-04-18T17:05:30+00:00\" \/>\n<meta name=\"author\" content=\"Marcin Rusinek\" \/>\n<meta name=\"twitter:card\" content=\"summary_large_image\" \/>\n<meta name=\"twitter:label1\" content=\"Written by\" \/>\n\t<meta name=\"twitter:data1\" content=\"Marcin Rusinek\" \/>\n\t<meta name=\"twitter:label2\" content=\"Est. reading time\" \/>\n\t<meta name=\"twitter:data2\" content=\"7 minutes\" \/>\n<script type=\"application\/ld+json\" class=\"yoast-schema-graph\">{\"@context\":\"https:\/\/schema.org\",\"@graph\":[{\"@type\":\"Article\",\"@id\":\"https:\/\/polowiec.pl\/en\/legal-bulletin-of-the-law-office-of-adam-polowiec-19-june-25-june-2017\/#article\",\"isPartOf\":{\"@id\":\"https:\/\/polowiec.pl\/en\/legal-bulletin-of-the-law-office-of-adam-polowiec-19-june-25-june-2017\/\"},\"author\":{\"name\":\"Marcin Rusinek\",\"@id\":\"https:\/\/polowiec.pl\/en\/#\/schema\/person\/74c7526b6f52be5ae94031504f9ffec4\"},\"headline\":\"Legal Bulletin Of The Law Office Of Adam Polowiec (19 June &#8211; 25 June 2017)\",\"datePublished\":\"2017-08-16T05:24:34+00:00\",\"dateModified\":\"2019-04-18T17:05:30+00:00\",\"mainEntityOfPage\":{\"@id\":\"https:\/\/polowiec.pl\/en\/legal-bulletin-of-the-law-office-of-adam-polowiec-19-june-25-june-2017\/\"},\"wordCount\":1448,\"publisher\":{\"@id\":\"https:\/\/polowiec.pl\/en\/#organization\"},\"articleSection\":[\"Wpisy\"],\"inLanguage\":\"en-US\"},{\"@type\":\"WebPage\",\"@id\":\"https:\/\/polowiec.pl\/en\/legal-bulletin-of-the-law-office-of-adam-polowiec-19-june-25-june-2017\/\",\"url\":\"https:\/\/polowiec.pl\/en\/legal-bulletin-of-the-law-office-of-adam-polowiec-19-june-25-june-2017\/\",\"name\":\"Legal Bulletin Of The Law Office Of Adam Polowiec (19 June - 25 June 2017) - Polowiec i Wsp\u00f3lnicy - Kancelaria prawna\",\"isPartOf\":{\"@id\":\"https:\/\/polowiec.pl\/en\/#website\"},\"datePublished\":\"2017-08-16T05:24:34+00:00\",\"dateModified\":\"2019-04-18T17:05:30+00:00\",\"breadcrumb\":{\"@id\":\"https:\/\/polowiec.pl\/en\/legal-bulletin-of-the-law-office-of-adam-polowiec-19-june-25-june-2017\/#breadcrumb\"},\"inLanguage\":\"en-US\",\"potentialAction\":[{\"@type\":\"ReadAction\",\"target\":[\"https:\/\/polowiec.pl\/en\/legal-bulletin-of-the-law-office-of-adam-polowiec-19-june-25-june-2017\/\"]}]},{\"@type\":\"BreadcrumbList\",\"@id\":\"https:\/\/polowiec.pl\/en\/legal-bulletin-of-the-law-office-of-adam-polowiec-19-june-25-june-2017\/#breadcrumb\",\"itemListElement\":[{\"@type\":\"ListItem\",\"position\":1,\"name\":\"Strona g\u0142\u00f3wna\",\"item\":\"https:\/\/polowiec.pl\/en\/\"},{\"@type\":\"ListItem\",\"position\":2,\"name\":\"Legal Bulletin Of The Law Office Of Adam Polowiec (19 June &#8211; 25 June 2017)\"}]},{\"@type\":\"WebSite\",\"@id\":\"https:\/\/polowiec.pl\/en\/#website\",\"url\":\"https:\/\/polowiec.pl\/en\/\",\"name\":\"Polowiec i Wsp\u00f3lnicy - Kancelaria prawna\",\"description\":\"Obs\u0142uga prawna\",\"publisher\":{\"@id\":\"https:\/\/polowiec.pl\/en\/#organization\"},\"potentialAction\":[{\"@type\":\"SearchAction\",\"target\":{\"@type\":\"EntryPoint\",\"urlTemplate\":\"https:\/\/polowiec.pl\/en\/?s={search_term_string}\"},\"query-input\":{\"@type\":\"PropertyValueSpecification\",\"valueRequired\":true,\"valueName\":\"search_term_string\"}}],\"inLanguage\":\"en-US\"},{\"@type\":\"Organization\",\"@id\":\"https:\/\/polowiec.pl\/en\/#organization\",\"name\":\"Polowiec i Wsp\u00f3lnicy - Kancelaria prawna\",\"url\":\"https:\/\/polowiec.pl\/en\/\",\"logo\":{\"@type\":\"ImageObject\",\"inLanguage\":\"en-US\",\"@id\":\"https:\/\/polowiec.pl\/en\/#\/schema\/logo\/image\/\",\"url\":\"https:\/\/polowiec.pl\/wp-content\/uploads\/2018\/10\/polowiec_logo2-1.png\",\"contentUrl\":\"https:\/\/polowiec.pl\/wp-content\/uploads\/2018\/10\/polowiec_logo2-1.png\",\"width\":540,\"height\":381,\"caption\":\"Polowiec i Wsp\u00f3lnicy - Kancelaria prawna\"},\"image\":{\"@id\":\"https:\/\/polowiec.pl\/en\/#\/schema\/logo\/image\/\"},\"sameAs\":[\"https:\/\/www.facebook.com\/polowieciwspolnicy\/\",\"https:\/\/www.linkedin.com\/company\/polowiec-i-wsplnicy-sp.j.\/about\/\"]},{\"@type\":\"Person\",\"@id\":\"https:\/\/polowiec.pl\/en\/#\/schema\/person\/74c7526b6f52be5ae94031504f9ffec4\",\"name\":\"Marcin Rusinek\",\"image\":{\"@type\":\"ImageObject\",\"inLanguage\":\"en-US\",\"@id\":\"https:\/\/secure.gravatar.com\/avatar\/b50a0a5c3e71d904f5e57a757d39977d01c43e075c6bf5b4df909ffbbe004790?s=96&d=mm&r=g\",\"url\":\"https:\/\/secure.gravatar.com\/avatar\/b50a0a5c3e71d904f5e57a757d39977d01c43e075c6bf5b4df909ffbbe004790?s=96&d=mm&r=g\",\"contentUrl\":\"https:\/\/secure.gravatar.com\/avatar\/b50a0a5c3e71d904f5e57a757d39977d01c43e075c6bf5b4df909ffbbe004790?s=96&d=mm&r=g\",\"caption\":\"Marcin Rusinek\"}}]}<\/script>\n<!-- \/ Yoast SEO plugin. -->","yoast_head_json":{"title":"Legal Bulletin Of The Law Office Of Adam Polowiec (19 June - 25 June 2017) - Polowiec i Wsp\u00f3lnicy - Kancelaria prawna","robots":{"index":"index","follow":"follow","max-snippet":"max-snippet:-1","max-image-preview":"max-image-preview:large","max-video-preview":"max-video-preview:-1"},"canonical":"https:\/\/polowiec.pl\/en\/legal-bulletin-of-the-law-office-of-adam-polowiec-19-june-25-june-2017\/","og_locale":"en_US","og_type":"article","og_title":"Legal Bulletin Of The Law Office Of Adam Polowiec (19 June - 25 June 2017) - Polowiec i Wsp\u00f3lnicy - Kancelaria prawna","og_description":"We would like to present the next issue of legal bulletin of the Law Office of Adam Polowiec.What you will find here is some information about the new provisions of law and the projects of amendments to acts, but also case-laws including the case laws of Supreme Court, Constitutional Tribunal and European Court of Justice.","og_url":"https:\/\/polowiec.pl\/en\/legal-bulletin-of-the-law-office-of-adam-polowiec-19-june-25-june-2017\/","og_site_name":"Polowiec i Wsp\u00f3lnicy - Kancelaria prawna","article_publisher":"https:\/\/www.facebook.com\/polowieciwspolnicy\/","article_published_time":"2017-08-16T05:24:34+00:00","article_modified_time":"2019-04-18T17:05:30+00:00","author":"Marcin Rusinek","twitter_card":"summary_large_image","twitter_misc":{"Written by":"Marcin Rusinek","Est. reading time":"7 minutes"},"schema":{"@context":"https:\/\/schema.org","@graph":[{"@type":"Article","@id":"https:\/\/polowiec.pl\/en\/legal-bulletin-of-the-law-office-of-adam-polowiec-19-june-25-june-2017\/#article","isPartOf":{"@id":"https:\/\/polowiec.pl\/en\/legal-bulletin-of-the-law-office-of-adam-polowiec-19-june-25-june-2017\/"},"author":{"name":"Marcin Rusinek","@id":"https:\/\/polowiec.pl\/en\/#\/schema\/person\/74c7526b6f52be5ae94031504f9ffec4"},"headline":"Legal Bulletin Of The Law Office Of Adam Polowiec (19 June &#8211; 25 June 2017)","datePublished":"2017-08-16T05:24:34+00:00","dateModified":"2019-04-18T17:05:30+00:00","mainEntityOfPage":{"@id":"https:\/\/polowiec.pl\/en\/legal-bulletin-of-the-law-office-of-adam-polowiec-19-june-25-june-2017\/"},"wordCount":1448,"publisher":{"@id":"https:\/\/polowiec.pl\/en\/#organization"},"articleSection":["Wpisy"],"inLanguage":"en-US"},{"@type":"WebPage","@id":"https:\/\/polowiec.pl\/en\/legal-bulletin-of-the-law-office-of-adam-polowiec-19-june-25-june-2017\/","url":"https:\/\/polowiec.pl\/en\/legal-bulletin-of-the-law-office-of-adam-polowiec-19-june-25-june-2017\/","name":"Legal Bulletin Of The Law Office Of Adam Polowiec (19 June - 25 June 2017) - Polowiec i Wsp\u00f3lnicy - Kancelaria prawna","isPartOf":{"@id":"https:\/\/polowiec.pl\/en\/#website"},"datePublished":"2017-08-16T05:24:34+00:00","dateModified":"2019-04-18T17:05:30+00:00","breadcrumb":{"@id":"https:\/\/polowiec.pl\/en\/legal-bulletin-of-the-law-office-of-adam-polowiec-19-june-25-june-2017\/#breadcrumb"},"inLanguage":"en-US","potentialAction":[{"@type":"ReadAction","target":["https:\/\/polowiec.pl\/en\/legal-bulletin-of-the-law-office-of-adam-polowiec-19-june-25-june-2017\/"]}]},{"@type":"BreadcrumbList","@id":"https:\/\/polowiec.pl\/en\/legal-bulletin-of-the-law-office-of-adam-polowiec-19-june-25-june-2017\/#breadcrumb","itemListElement":[{"@type":"ListItem","position":1,"name":"Strona g\u0142\u00f3wna","item":"https:\/\/polowiec.pl\/en\/"},{"@type":"ListItem","position":2,"name":"Legal Bulletin Of The Law Office Of Adam Polowiec (19 June &#8211; 25 June 2017)"}]},{"@type":"WebSite","@id":"https:\/\/polowiec.pl\/en\/#website","url":"https:\/\/polowiec.pl\/en\/","name":"Polowiec i Wsp\u00f3lnicy - Kancelaria prawna","description":"Obs\u0142uga prawna","publisher":{"@id":"https:\/\/polowiec.pl\/en\/#organization"},"potentialAction":[{"@type":"SearchAction","target":{"@type":"EntryPoint","urlTemplate":"https:\/\/polowiec.pl\/en\/?s={search_term_string}"},"query-input":{"@type":"PropertyValueSpecification","valueRequired":true,"valueName":"search_term_string"}}],"inLanguage":"en-US"},{"@type":"Organization","@id":"https:\/\/polowiec.pl\/en\/#organization","name":"Polowiec i Wsp\u00f3lnicy - Kancelaria prawna","url":"https:\/\/polowiec.pl\/en\/","logo":{"@type":"ImageObject","inLanguage":"en-US","@id":"https:\/\/polowiec.pl\/en\/#\/schema\/logo\/image\/","url":"https:\/\/polowiec.pl\/wp-content\/uploads\/2018\/10\/polowiec_logo2-1.png","contentUrl":"https:\/\/polowiec.pl\/wp-content\/uploads\/2018\/10\/polowiec_logo2-1.png","width":540,"height":381,"caption":"Polowiec i Wsp\u00f3lnicy - Kancelaria prawna"},"image":{"@id":"https:\/\/polowiec.pl\/en\/#\/schema\/logo\/image\/"},"sameAs":["https:\/\/www.facebook.com\/polowieciwspolnicy\/","https:\/\/www.linkedin.com\/company\/polowiec-i-wsplnicy-sp.j.\/about\/"]},{"@type":"Person","@id":"https:\/\/polowiec.pl\/en\/#\/schema\/person\/74c7526b6f52be5ae94031504f9ffec4","name":"Marcin Rusinek","image":{"@type":"ImageObject","inLanguage":"en-US","@id":"https:\/\/secure.gravatar.com\/avatar\/b50a0a5c3e71d904f5e57a757d39977d01c43e075c6bf5b4df909ffbbe004790?s=96&d=mm&r=g","url":"https:\/\/secure.gravatar.com\/avatar\/b50a0a5c3e71d904f5e57a757d39977d01c43e075c6bf5b4df909ffbbe004790?s=96&d=mm&r=g","contentUrl":"https:\/\/secure.gravatar.com\/avatar\/b50a0a5c3e71d904f5e57a757d39977d01c43e075c6bf5b4df909ffbbe004790?s=96&d=mm&r=g","caption":"Marcin Rusinek"}}]}},"_links":{"self":[{"href":"https:\/\/polowiec.pl\/en\/wp-json\/wp\/v2\/posts\/788","targetHints":{"allow":["GET"]}}],"collection":[{"href":"https:\/\/polowiec.pl\/en\/wp-json\/wp\/v2\/posts"}],"about":[{"href":"https:\/\/polowiec.pl\/en\/wp-json\/wp\/v2\/types\/post"}],"author":[{"embeddable":true,"href":"https:\/\/polowiec.pl\/en\/wp-json\/wp\/v2\/users\/3"}],"replies":[{"embeddable":true,"href":"https:\/\/polowiec.pl\/en\/wp-json\/wp\/v2\/comments?post=788"}],"version-history":[{"count":0,"href":"https:\/\/polowiec.pl\/en\/wp-json\/wp\/v2\/posts\/788\/revisions"}],"wp:attachment":[{"href":"https:\/\/polowiec.pl\/en\/wp-json\/wp\/v2\/media?parent=788"}],"wp:term":[{"taxonomy":"category","embeddable":true,"href":"https:\/\/polowiec.pl\/en\/wp-json\/wp\/v2\/categories?post=788"},{"taxonomy":"post_tag","embeddable":true,"href":"https:\/\/polowiec.pl\/en\/wp-json\/wp\/v2\/tags?post=788"}],"curies":[{"name":"wp","href":"https:\/\/api.w.org\/{rel}","templated":true}]}}