{"id":789,"date":"2017-08-16T07:28:05","date_gmt":"2017-08-16T05:28:05","guid":{"rendered":"https:\/\/nowa.polowiec.pl\/legal-bulletin-of-the-law-office-of-adam-polowiec-26-june-9-july-2017\/"},"modified":"2019-04-18T19:03:44","modified_gmt":"2019-04-18T17:03:44","slug":"legal-bulletin-of-the-law-office-of-adam-polowiec-26-june-9-july-2017","status":"publish","type":"post","link":"https:\/\/polowiec.pl\/en\/legal-bulletin-of-the-law-office-of-adam-polowiec-26-june-9-july-2017\/","title":{"rendered":"Legal Bulletin Of The Law Office Of Adam Polowiec (26 June &#8211; 9 July 2017)"},"content":{"rendered":"<p><span style=\"font-size: 14px; text-align: justify;\">We would like to present the next issue of legal bulletin of the Law Office of Adam Polowiec.<\/span><br style=\"font-size: 14px; text-align: justify;\" \/><span style=\"font-size: 14px; text-align: justify;\">What you will find here is some information about the new provisions of law and the projects of amendments to acts, but also case-laws including the case laws of Supreme Court, Constitutional Tribunal and European Court of Justice.<\/span><\/p>\n<p>  <!--more-->  <\/p>\n<p style=\"margin-top: 20px; font-size: 14px; text-align: justify;\"><strong>_____Nowe Prawo<\/strong><\/p>\n<p style=\"font-size: 14px; text-align: justify;\"><strong>PRAWO ADMINISTRACYJNE<\/strong><\/p>\n<p style=\"font-size: 14px; text-align: justify;\">Rozporz\u0105dzenie Ministra Spraw Wewn\u0119trznych i&nbsp;Administracji z&nbsp;dnia 6 czerwca 2017 r. zmieniaj\u0105ce rozporz\u0105dzenie w&nbsp;sprawie okre\u015blenia wzor&oacute;w i&nbsp;sposobu wype\u0142niania formularzy stosowanych przy wykonywaniu obowi\u0105zku meldunkowego (Dz. U. z&nbsp;2017 r., poz. 1241) &ndash; wejdzie w&nbsp;\u017cycie z&nbsp;dniem 11 lipca 2017 r.<br \/>W rozporz\u0105dzeniu Ministra Spraw Wewn\u0119trznych i&nbsp;Administracji z&nbsp;dnia 29 wrze\u015bnia 2011 r. w&nbsp;sprawie okre\u015blenia wzor&oacute;w i&nbsp;sposobu wype\u0142niania formularzy stosowanych przy wykonywaniu obowi\u0105zku meldunkowego (Dz. U. z&nbsp;2015 r. poz. 1852) zmianie ulegnie brzmienie &sect; 5.<\/p>\n<p style=\"font-size: 14px; text-align: justify;\"><strong>PRAWO PODATKOWE<\/strong><\/p>\n<p style=\"font-size: 14px; text-align: justify;\">Rozporz\u0105dzenie Ministra Rozwoju i&nbsp;Finans&oacute;w z&nbsp;dnia 8 czerwca 2017 r. w&nbsp;sprawie okre\u015blenia wzoru uproszczonego sprawozdania w&nbsp;zakresie podatku dochodowego od os&oacute;b fizycznych (Dz. U. z&nbsp;2017 r., poz. 1205) &ndash; wesz\u0142o w&nbsp;\u017cycie z&nbsp;dniem 24 czerwca 2017 r.<br \/>Rozporz\u0105dzenie Ministra Rozwoju i&nbsp;Finans&oacute;w z&nbsp;dnia 23 czerwca 2017 r. w&nbsp;sprawie minimalnej \u0142\u0105cznej warto\u015bci zakup&oacute;w, przy kt&oacute;rej podr&oacute;\u017cny mo\u017ce \u017c\u0105da\u0107 zwrotu podatku od towar&oacute;w i&nbsp;us\u0142ug (Dz. U. z&nbsp;2017 r., poz. 1248) &ndash; wejdzie w&nbsp;\u017cycie z&nbsp;dniem 1 sierpnia 2017 r.<br \/>Rozporz\u0105dzenie Ministra Rozwoju i&nbsp;Finans&oacute;w z&nbsp;dnia 28 czerwca 2017 r. w&nbsp;sprawie Rejestru Zastaw&oacute;w Skarbowych (Dz. U. z&nbsp;2017 r., poz. 1287) &ndash; wesz\u0142o w&nbsp;\u017cycie z&nbsp;dniem 1 lipca 2017 r.<br \/>Rozporz\u0105dzenie Ministra Rozwoju i&nbsp;Finans&oacute;w z&nbsp;dnia 28 czerwca 2017 r. w&nbsp;sprawie okre\u015blenia wzoru za\u015bwiadczenia o&nbsp;miejscu zamieszkania lub siedzibie dla cel&oacute;w podatkowych wydawanego przez organy podatkowe (Dz. U. z&nbsp;2017 r., poz. 1315) &ndash; wesz\u0142o w&nbsp;\u017cycie z&nbsp;dniem 5 lipca 2017 r.<\/p>\n<p style=\"font-size: 14px; text-align: justify;\"><strong>PRAWO O&nbsp;USTROJU S\u0104D&Oacute;W POWSZECHNYCH<\/strong><\/p>\n<p style=\"font-size: 14px; text-align: justify;\">Rozporz\u0105dzenie Ministra Sprawiedliwo\u015bci z&nbsp;dnia 26 czerwca 2017 r. zmieniaj\u0105ce rozporz\u0105dzenie w&nbsp;sprawie ustalenia siedzib i&nbsp;obszar&oacute;w w\u0142a\u015bciwo\u015bci s\u0105d&oacute;w apelacyjnych, s\u0105d&oacute;w okr\u0119gowych i&nbsp;s\u0105d&oacute;w rejonowych (Dz. U. z&nbsp;2017 r., poz. 1272) &ndash; wesz\u0142o w&nbsp;\u017cycie z&nbsp;dniem 1 lipca 2017 r.<br \/>W rozporz\u0105dzeniu Ministra Sprawiedliwo\u015bci z&nbsp;dnia 7 pa\u017adziernika 2014 r. w&nbsp;sprawie ustalenia siedzib i&nbsp;obszar&oacute;w w\u0142a\u015bciwo\u015bci s\u0105d&oacute;w apelacyjnych, s\u0105d&oacute;w okr\u0119gowych i&nbsp;s\u0105d&oacute;w rejonowych (Dz. U. poz. 1407, z&nbsp;p&oacute;\u017an. zm.) zmianie ulegnie brzmienie &sect; 3.<\/p>\n<p style=\"font-size: 14px; text-align: justify;\"><strong>PRAWO MEDYCZNE<\/strong><\/p>\n<p style=\"font-size: 14px; text-align: justify;\">Rozporz\u0105dzenie Ministra Zdrowia z&nbsp;dnia 13 czerwca 2017 r. w&nbsp;sprawie specjalizacji w&nbsp;dziedzinach maj\u0105cych zastosowanie w&nbsp;ochronie zdrowia (Dz. U. z&nbsp;2017 r., poz. 1217) &ndash; wesz\u0142o w&nbsp;\u017cycie z&nbsp;dniem 25 czerwca 2017 r.<br \/>Rozporz\u0105dzenie Ministra Zdrowia z&nbsp;dnia 19 czerwca 2017 r. zmieniaj\u0105ce rozporz\u0105dzenie w&nbsp;sprawie \u015bwiadcze\u0144 gwarantowanych z&nbsp;zakresu leczenia szpitalnego (Dz. U. z&nbsp;2017 r., poz. 1270) &ndash; wesz\u0142o w&nbsp;\u017cycie z&nbsp;dniem 1 lipca 2017 r.<br \/>W rozporz\u0105dzeniu Ministra Zdrowia z&nbsp;dnia 22 listopada 2013 r. w&nbsp;sprawie \u015bwiadcze\u0144 gwarantowanych z&nbsp;zakresu leczenia szpitalnego (Dz. U. z&nbsp;2016 r. poz. 694, 855, 918 i&nbsp;2163 oraz z&nbsp;2017 r. poz. 237) zmianie uleg\u0142o brzmienie &sect; 4a ust. 1.<br \/>Rozporz\u0105dzenie Ministra Zdrowia z&nbsp;dnia 19 czerwca 2017 r. w&nbsp;sprawie okre\u015blenia wykazu \u015bwiadcze\u0144 opieki zdrowotnej wymagaj\u0105cych ustalenia odr\u0119bnego sposobu finansowania (Dz. U. z&nbsp;2017 r., poz. 1225) &ndash; wesz\u0142o w&nbsp;\u017cycie z&nbsp;dniem 27 czerwca 2017 r.<br \/>Rozporz\u0105dzenie Ministra Zdrowia z&nbsp;dnia 20 czerwca 2017 r. zmieniaj\u0105ce rozporz\u0105dzenie w&nbsp;sprawie \u015bwiadcze\u0144 gwarantowanych z&nbsp;zakresu ambulatoryjnej opieki specjalistycznej (Dz. U. z&nbsp;2017 r., poz. 1244) &ndash; wesz\u0142o w&nbsp;\u017cycie z&nbsp;dniem 1 lipca 2017 r.<br \/>W rozporz\u0105dzeniu Ministra Zdrowia z&nbsp;dnia 6 listopada 2013 r. w&nbsp;sprawie \u015bwiadcze\u0144 gwarantowanych z&nbsp;zakresu ambulatoryjnej opieki specjalistycznej (Dz. U. z&nbsp;2016 r. poz. 357 i&nbsp;2164) zmianie uleg\u0142o brzmienie &sect; 6a.<br \/>Rozporz\u0105dzenie Ministra Zdrowia z&nbsp;dnia 20 czerwca 2017 r. w&nbsp;sprawie sposobu ustalania rycza\u0142tu systemu podstawowego szpitalnego zabezpieczenia \u015bwiadcze\u0144 opieki zdrowotnej na pierwszy okres rozliczeniowy (Dz. U. z&nbsp;2017 r., poz. 1242) &ndash; wesz\u0142o w&nbsp;\u017cycie z&nbsp;dniem 27 czerwca 2017 r.<br \/>Rozporz\u0105dzenie Ministra Zdrowia z&nbsp;dnia 21 czerwca 2017 r. zmieniaj\u0105ce rozporz\u0105dzenie w&nbsp;sprawie zakresu niezb\u0119dnych informacji gromadzonych przez \u015bwiadczeniodawc&oacute;w, szczeg&oacute;\u0142owego sposobu rejestrowania tych informacji oraz ich przekazywania podmiotom zobowi\u0105zanym do finansowania \u015bwiadcze\u0144 ze \u015brodk&oacute;w publicznych (Dz. U. z&nbsp;2017 r., poz. 1249) &ndash; wesz\u0142o w&nbsp;\u017cycie z&nbsp;dniem 1 lipca 2017 r.<br \/>W rozporz\u0105dzeniu Ministra Zdrowia z&nbsp;dnia 20 czerwca 2008 r. w&nbsp;sprawie zakresu niezb\u0119dnych informacji gromadzonych przez \u015bwiadczeniodawc&oacute;w, szczeg&oacute;\u0142owego sposobu rejestrowania tych informacji oraz ich przekazywania podmiotom zobowi\u0105zanym do finansowania \u015bwiadcze\u0144 ze \u015brodk&oacute;w publicznych (Dz. U. z&nbsp;2016 r. poz. 192 i&nbsp;482) zmianie uleg\u0142o brzmienie &sect; 3, &sect; 4 pkt 7 wprowadzenie do wyliczenia, &sect; 5, &sect; 8, za\u0142\u0105cznik nr 3 do rozporz\u0105dzenia, w&nbsp;za\u0142\u0105czniku nr 11 do rozporz\u0105dzenia w&nbsp;cz\u0119\u015bci I&nbsp;w pkt 6 kropk\u0119 zast\u0119puje si\u0119 \u015brednikiem i&nbsp;dodaje si\u0119 pkt 7 i&nbsp;8, w&nbsp;za\u0142\u0105czniku nr 12 do rozporz\u0105dzenia uchyla si\u0119 cz\u0119\u015b\u0107 III.<br \/>Rozporz\u0105dzenie Ministra Zdrowia z&nbsp;dnia 21 czerwca 2017 r. w&nbsp;sprawie wzoru karty diagnostyki i&nbsp;leczenia onkologicznego (Dz. U. z&nbsp;2017 r., poz. 1250) &ndash; wesz\u0142o w&nbsp;\u017cycie z&nbsp;dniem 1 lipca 2017 r.<br \/>Rozporz\u0105dzenie Ministra Zdrowia z&nbsp;dnia 28 czerwca 2017 r. zmieniaj\u0105ce rozporz\u0105dzenie w&nbsp;sprawie \u015bwiadcze\u0144 gwarantowanych z&nbsp;zakresu podstawowej opieki zdrowotnej (Dz. U. z&nbsp;2017 r., poz. 1300) &ndash; wejdzie w&nbsp;\u017cycie z&nbsp;dniem 1 pa\u017adziernika 2017 r.<br \/>W rozporz\u0105dzeniu Ministra Zdrowia z&nbsp;dnia 24 wrze\u015bnia 2013 r. w&nbsp;sprawie \u015bwiadcze\u0144 gwarantowanych z&nbsp;zakresu podstawowej opieki zdrowotnej (Dz. U. z&nbsp;2016 r. poz. 86) zmianie ulegnie brzmienie za\u0142\u0105cznika nr 5.<br \/>Rozporz\u0105dzenie Ministra Zdrowia z&nbsp;dnia 28 czerwca 2017 r. zmieniaj\u0105ce rozporz\u0105dzenie w&nbsp;sprawie \u015bwiadcze\u0144 gwarantowanych z&nbsp;zakresu leczenia szpitalnego (Dz. U. z&nbsp;2017 r., poz. 1293) &ndash; wesz\u0142o w&nbsp;\u017cycie z&nbsp;dniem 1 lipca 2017 r.<br \/>W rozporz\u0105dzeniu Ministra Zdrowia z&nbsp;dnia 22 listopada 2013 r. w&nbsp;sprawie \u015bwiadcze\u0144 gwarantowanych z&nbsp;zakresu leczenia szpitalnego (Dz. U. z&nbsp;2016 r. poz. 694, z&nbsp;p&oacute;\u017an. zm.) w&nbsp;&sect; 5 dodaje si\u0119 ust. 5, w&nbsp;za\u0142\u0105czniku nr 3 do rozporz\u0105dzenia w&nbsp;cz\u0119\u015bci I&nbsp;&#8220;Warunki szczeg&oacute;\u0142owe, jakie powinni spe\u0142nia\u0107 \u015bwiadczeniodawcy przy udzielaniu \u015bwiadcze\u0144 gwarantowanych w&nbsp;trybie hospitalizacji i&nbsp;hospitalizacji planowej&#8221; w&nbsp;lp. 26 &#8220;Neonatologia&#8221; w&nbsp;cz\u0119\u015bci &#8220;Organizacja udzielania \u015bwiadcze\u0144&#8221; zmianie ulegnie brzmienie pkt 2.<\/p>\n<p style=\"font-size: 14px; text-align: justify;\"><strong>SYSTEM MONITOROWANIA I&nbsp;KONTROLOWANIA JAKO\u015aCI PALIW<\/strong><\/p>\n<p style=\"font-size: 14px; text-align: justify;\">Rozporz\u0105dzenie Ministra Energii z&nbsp;dnia 12 czerwca 2017 r. w&nbsp;sprawie metodyki obliczania emisji gaz&oacute;w cieplarnianych, okre\u015blenia wska\u017anik&oacute;w ich emisji oraz warto\u015bci opa\u0142owej dla poszczeg&oacute;lnych paliw i&nbsp;warto\u015bci energetycznej energii elektrycznej (Dz. U. z&nbsp;2017 r., poz. 1294) &ndash; wejdzie w&nbsp;\u017cycie z&nbsp;dniem 15 lipca 2017 r.<\/p>\n<p style=\"font-size: 14px; text-align: justify;\"><strong>PRZEW&Oacute;Z TOWAR&Oacute;W NIEBEZPIECZNYCH<\/strong><\/p>\n<p style=\"font-size: 14px; text-align: justify;\">Rozporz\u0105dzenie Ministra Infrastruktury i&nbsp;Budownictwa z&nbsp;dnia 30 czerwca 2017 r. zmieniaj\u0105ce rozporz\u0105dzenie w&nbsp;sprawie \u015bwiadectwa dopuszczenia pojazdu ADR (Dz. U. z&nbsp;2017 r., poz. 1309) &ndash; wesz\u0142o w&nbsp;\u017cycie z&nbsp;dniem 1 lipca 2017 r.<br \/>W rozporz\u0105dzeniu Ministra Transportu, Budownictwa i&nbsp;Gospodarki Morskiej z&nbsp;dnia 15 lutego 2012 r. w&nbsp;sprawie \u015bwiadectwa dopuszczenia pojazdu ADR (Dz. U. z&nbsp;2017 r. poz. 695) zmianie uleg\u0142o brzmienie &sect; 2, &sect; 6, dodany zosta\u0142 &sect; 8a, za\u0142\u0105cznik nr 2 do rozporz\u0105dzenia.<\/p>\n<p style=\"font-size: 14px; text-align: justify;\"><strong>KRAJOWY REJESTR S\u0104DOWY<\/strong><\/p>\n<p style=\"font-size: 14px; text-align: justify;\">Rozporz\u0105dzenie Ministra Sprawiedliwo\u015bci z&nbsp;dnia 22 czerwca 2017 r. zmieniaj\u0105ce rozporz\u0105dzenie w&nbsp;sprawie okre\u015blenia wzor&oacute;w urz\u0119dowych formularzy wniosk&oacute;w o&nbsp;wpis do Krajowego Rejestru S\u0105dowego oraz sposobu i&nbsp;miejsca ich udost\u0119pniania (Dz. U. z&nbsp;2017 r., poz. 1288) &ndash; wesz\u0142o w&nbsp;\u017cycie z&nbsp;dniem 1 lipca 2017 r.<br \/>W rozporz\u0105dzeniu Ministra Sprawiedliwo\u015bci z&nbsp;dnia 21 grudnia 2000 r. w&nbsp;sprawie okre\u015blenia wzor&oacute;w urz\u0119dowych formularzy wniosk&oacute;w o&nbsp;wpis do Krajowego Rejestru S\u0105dowego oraz sposobu i&nbsp;miejsca ich udost\u0119pniania (Dz. U. z&nbsp;2015 r. poz. 724) zmianie uleg\u0142o brzmienie za\u0142\u0105cznik&oacute;w nr 1-8, 10, 12, 15-17, 22, 47, 50, 59, 75-78 i&nbsp;85 do rozporz\u0105dzenia.<\/p>\n<p style=\"font-size: 14px; text-align: justify;\"><strong>PRAWO ZAM&Oacute;WIE\u0143 PUBLICZNYCH<\/strong><\/p>\n<p style=\"font-size: 14px; text-align: justify;\">Rozporz\u0105dzenie Prezesa Rady Ministr&oacute;w z&nbsp;dnia 27 czerwca 2017 r. w&nbsp;sprawie u\u017cycia \u015brodk&oacute;w komunikacji elektronicznej w&nbsp;post\u0119powaniu o&nbsp;udzielenie zam&oacute;wienia publicznego oraz udost\u0119pniania i&nbsp;przechowywania dokument&oacute;w elektronicznych (Dz. U. z&nbsp;2017 r., poz. 1320) &ndash; wejdzie w&nbsp;\u017cycie z&nbsp;dniem 12 lipca 2017 r.<\/p>\n<p style=\"font-size: 14px; text-align: justify;\"><strong>PRAWO OCHRONY \u015aRODOWISKA<\/strong><\/p>\n<p style=\"font-size: 14px; text-align: justify;\">Rozporz\u0105dzenie Ministra \u015arodowiska z&nbsp;dnia 27 czerwca 2017 r. w&nbsp;sprawie informacji o&nbsp;op\u0142atach i&nbsp;dofinansowaniu, zwi\u0105zanych ze zbieraniem pojazd&oacute;w wycofanych z&nbsp;eksploatacji, oraz wp\u0142ywach zgromadzonych zgodnie z&nbsp;przepisami ustawy o&nbsp;zu\u017cytym sprz\u0119cie elektrycznym i&nbsp;elektronicznym (Dz. U. z&nbsp;2017 r., poz. 1303) &ndash; wesz\u0142o w&nbsp;\u017cycie z&nbsp;dniem 1 lipca 2017 r.<\/p>\n<p style=\"font-size: 14px; text-align: justify;\"><strong>PRAWO GEOLOGICZNE I&nbsp;G&Oacute;RNICZE<\/strong><\/p>\n<p style=\"font-size: 14px; text-align: justify;\">Ustawa z&nbsp;dnia 25 maja 2017 r. o&nbsp;zmianie ustawy &#8211; Prawo geologiczne i&nbsp;g&oacute;rnicze oraz niekt&oacute;rych innych ustaw (Dz. U. z&nbsp;2017 r., poz. 1215) &#8211; wejdzie w&nbsp;\u017cycie z&nbsp;dniem 25 lipca 2017 r., z&nbsp;wyj\u0105tkiem art. 1 pkt 12, kt&oacute;ry wchodzi w&nbsp;\u017cycie po up\u0142ywie 14 dni od dnia og\u0142oszenia.<br \/>W ustawie z&nbsp;dnia 9 czerwca 2011 r. &#8211; Prawo geologiczne i&nbsp;g&oacute;rnicze (Dz. U. z&nbsp;2016 r. poz. 1131 i&nbsp;1991 oraz z&nbsp;2017 r. poz. 60, 202 i&nbsp;1089) zmianie ulegnie brzmienie art. 49h ust. 3 pkt 7, art. 49x, art. 49zd ust. 6 i&nbsp;7, art. 49zf ust. 2, art. 72, art. 80 ust. 5, art. 85a ust. 4, art. 108, art. 110, art. 175, w&nbsp;odno\u015bniku nr 1 w&nbsp;pkt 6 kropk\u0119 zast\u0119puje si\u0119 \u015brednikiem i&nbsp;dodaje pkt 7, w&nbsp;art. 6 w&nbsp;ust. 1 dodaje si\u0119 pkt 16c, w&nbsp;art. 23 w&nbsp;ust. 1 dodaje si\u0119 pkt 1a, w&nbsp;art. 49g w&nbsp;ust. 1 w&nbsp;pkt 2 kropk\u0119 zast\u0119puje si\u0119 \u015brednikiem i&nbsp;dodaje pkt 3, w&nbsp;art. 49m dodaje si\u0119 ust. 1a, w&nbsp;art. 49u w&nbsp;ust. 1 w&nbsp;pkt 7 kropk\u0119 zast\u0119puje si\u0119 \u015brednikiem i&nbsp;dodaje pkt 8, w&nbsp;art. 49y dodaje si\u0119 ust. 9, dodany zostanie art. 108a, w&nbsp;art. 109 dodaje si\u0119 ust. 5-7, w&nbsp;art. 117 w&nbsp;pkt 6 kropk\u0119 zast\u0119puje si\u0119 \u015brednikiem i&nbsp;dodaje pkt 7, dodany zostanie art. 117a-117c, w&nbsp;art. 122 dodaje si\u0119 ust. 11a-11d, dodany zostanie art. 123a i&nbsp;art. 123b, w&nbsp;art. 154 dodaje si\u0119 ust. 4 i&nbsp;5, w&nbsp;art. 166 w&nbsp;ust. 1 w&nbsp;pkt 9 kropk\u0119 zast\u0119puje si\u0119 \u015brednikiem i&nbsp;dodaje pkt 10, w&nbsp;art. 174 dodaje si\u0119 ust. 1a, dodany zostanie art. 174a-174e.<br \/>W ustawie z&nbsp;dnia 21 marca 1991 r. o&nbsp;obszarach morskich Rzeczypospolitej Polskiej i&nbsp;administracji morskiej (Dz. U. z&nbsp;2016 r. poz. 2145 oraz z&nbsp;2017 r. poz. 32, 60 i&nbsp;785) w&nbsp;art. 42 w&nbsp;ust. 2 w&nbsp;pkt 32 kropk\u0119 zast\u0119puje si\u0119 \u015brednikiem i&nbsp;dodaje pkt 33, dodany zostanie art. 24a.<br \/>W ustawie z&nbsp;dnia 16 marca 1995 r. o&nbsp;zapobieganiu zanieczyszczaniu morza przez statki (Dz. U. z&nbsp;2015 r. poz. 434 i&nbsp;881, z&nbsp;2016 r. poz. 1954 oraz z&nbsp;2017 r. poz. 32 i&nbsp;785) zmianie ulegnie brzmienie art. 24 ust. 1, dodany zostanie art. 34c.<br \/>W ustawie z&nbsp;dnia 13 kwietnia 2007 r. o&nbsp;zapobieganiu szkodom w&nbsp;\u015brodowisku i&nbsp;ich naprawie (Dz. U. z&nbsp;2014 r. poz. 1789 oraz z&nbsp;2015 r. poz. 277 i&nbsp;1926) zmianie ulegnie brzmienie art. 3 ust. 1 pkt 8, art. 6 pkt 11 lit. b, w&nbsp;art. 7 dodaje si\u0119 ust. 4-6, dodany zostanie art. 26ba, art. 26ca, art. 26d.<br \/>W ustawie z&nbsp;dnia 18 sierpnia 2011 r. o&nbsp;bezpiecze\u0144stwie morskim (Dz. U. z&nbsp;2016 r. poz. 281 i&nbsp;1948 oraz z&nbsp;2017 r. poz. 32, 60 i&nbsp;785) w&nbsp;art. 117 dodaje si\u0119 ust. 2a.<br \/>W ustawie z&nbsp;dnia 31 sierpnia 2012 r. o&nbsp;Pa\u0144stwowej Komisji Badania Wypadk&oacute;w Morskich (Dz. U. poz. 1068, z&nbsp;2015 r. poz. 1320 oraz z&nbsp;2017 r. poz. 60) w&nbsp;art. 41 dodaje si\u0119 ust. 4.<\/p>\n<p style=\"font-size: 14px; text-align: justify;\"><strong>OSOBY PE\u0141NI\u0104CE FUNKCJE PUBLICZNE<\/strong><\/p>\n<p style=\"font-size: 14px; text-align: justify;\">Rozporz\u0105dzenie Prezesa Rady Ministr&oacute;w z&nbsp;dnia 19 czerwca 2017 r. zmieniaj\u0105ce rozporz\u0105dzenie w&nbsp;sprawie organizacji pracy, sk\u0142adu oraz zasad wynagradzania cz\u0142onk&oacute;w komisji rozpatruj\u0105cej wnioski o&nbsp;wyra\u017cenie zgody na zatrudnienie os&oacute;b, kt&oacute;re pe\u0142ni\u0142y funkcje publiczne (Dz. U. z&nbsp;2017 r., poz. 1252) &ndash; wejdzie w&nbsp;\u017cycie z&nbsp;dniem 12 lipca 2017 r.<br \/>W rozporz\u0105dzeniu Prezesa Rady Ministr&oacute;w z&nbsp;dnia 30 kwietnia 1998 r. w&nbsp;sprawie organizacji pracy, sk\u0142adu oraz zasad wynagradzania cz\u0142onk&oacute;w komisji rozpatruj\u0105cej wnioski o&nbsp;wyra\u017cenie zgody na zatrudnienie os&oacute;b, kt&oacute;re pe\u0142ni\u0142y funkcje publiczne (Dz. U. poz. 352 oraz z&nbsp;2007 r. poz. 454) zmianie ulegnie brzmienie &sect; 2-4.<\/p>\n<p style=\"font-size: 14px; text-align: justify;\"><strong>PRAWO UNII EUROPEJSKIEJ<\/strong><\/p>\n<p style=\"font-size: 14px; text-align: justify;\">Rozporz\u0105dzenie wykonawcze Komisji (UE) 2017\/1115 z&nbsp;dnia 22 czerwca 2017 r. w&nbsp;sprawie odnowienia zatwierdzenia substancji czynnej propoksykarbazon, zgodnie z&nbsp;rozporz\u0105dzeniem Parlamentu Europejskiego i&nbsp;Rady (WE) nr 1107\/2009 dotycz\u0105cym wprowadzania do obrotu \u015brodk&oacute;w ochrony ro\u015blin, oraz w&nbsp;sprawie zmiany za\u0142\u0105cznika do rozporz\u0105dzenia wykonawczego Komisji (UE) nr 540\/2011 (Tekst maj\u0105cy znaczenie dla EOG.)<br \/>Rozporz\u0105dzenie wykonawcze Komisji (UE) 2017\/1110 z&nbsp;dnia 22 czerwca 2017 r. ustanawiaj\u0105ce wykonawcze standardy techniczne w&nbsp;odniesieniu do standardowych formularzy, szablon&oacute;w i&nbsp;procedur na potrzeby udzielania zezwole\u0144 dostawcom us\u0142ug w&nbsp;zakresie udost\u0119pniania informacji i&nbsp;powi\u0105zanych powiadomie\u0144 na podstawie dyrektywy Parlamentu Europejskiego i&nbsp;Rady 2014\/65\/UE w&nbsp;sprawie rynk&oacute;w instrument&oacute;w finansowych (Tekst maj\u0105cy znaczenie dla EOG.)<br \/>Rozporz\u0105dzenie wykonawcze Komisji (UE) 2017\/1111 z&nbsp;dnia 22 czerwca 2017 r. ustanawiaj\u0105ce wykonawcze standardy techniczne w&nbsp;odniesieniu do procedur i&nbsp;formularzy przekazywania informacji zgodnie z&nbsp;dyrektyw\u0105 Parlamentu Europejskiego i&nbsp;Rady 2014\/65\/UE (Tekst maj\u0105cy znaczenie dla EOG.)<br \/>Rozporz\u0105dzenie wykonawcze Komisji (UE) 2017\/1114 z&nbsp;dnia 22 czerwca 2017 r. w&nbsp;sprawie odnowienia zatwierdzenia substancji czynnej pendimetalina jako substancji kwalifikuj\u0105cej si\u0119 do zast\u0105pienia, zgodnie z&nbsp;rozporz\u0105dzeniem Parlamentu Europejskiego i&nbsp;Rady (WE) nr 1107\/2009 dotycz\u0105cym wprowadzania do obrotu \u015brodk&oacute;w ochrony ro\u015blin, oraz w&nbsp;sprawie zmiany za\u0142\u0105cznika do rozporz\u0105dzenia wykonawczego Komisji (UE) nr 540\/2011 (Tekst maj\u0105cy znaczenie dla EOG.)<br \/>Rozporz\u0105dzenie wykonawcze Komisji (UE) 2017\/1113 z&nbsp;dnia 22 czerwca 2017 r. w&nbsp;sprawie odnowienia zatwierdzenia substancji czynnej kwas benzoesowy, zgodnie z&nbsp;rozporz\u0105dzeniem Parlamentu Europejskiego i&nbsp;Rady (WE) nr 1107\/2009 dotycz\u0105cym wprowadzania do obrotu \u015brodk&oacute;w ochrony ro\u015blin, oraz w&nbsp;sprawie zmiany za\u0142\u0105cznika do rozporz\u0105dzenia wykonawczego Komisji (UE) nr 540\/2011 (Tekst maj\u0105cy znaczenie dla EOG.)<br \/>Rozporz\u0105dzenie wykonawcze Komisji (UE) 2017\/1126 z&nbsp;dnia 23 czerwca 2017 r. zmieniaj\u0105ce rozporz\u0105dzenie (WE) nr 903\/2009 i&nbsp;rozporz\u0105dzenia wykonawcze (UE) nr 373\/2011, (UE) nr 374\/2013 i&nbsp;(UE) nr 1108\/2014 w&nbsp;odniesieniu do nazwy unijnego przedstawiciela posiadacza zezwolenia na stosowanie preparatu Clostridium butyricum (FERM-BP 2789) (Tekst maj\u0105cy znaczenie dla EOG.)<br \/>Rozporz\u0105dzenie Rady (UE, Euratom) 2017\/1123 z&nbsp;dnia 20 czerwca 2017 r. zmieniaj\u0105ce rozporz\u0105dzenie (UE, Euratom) nr 1311\/2013 okre\u015blaj\u0105ce wieloletnie ramy finansowe na lata 2014&ndash;2020<br \/>Rozporz\u0105dzenie wykonawcze Komisji (UE) 2017\/1136 z&nbsp;dnia 14 czerwca 2017 r. zatwierdzaj\u0105ce inn\u0105 ni\u017c nieznaczna zmian\u0119 w&nbsp;specyfikacji nazwy zarejestrowanej w&nbsp;rejestrze chronionych nazw pochodzenia i&nbsp;chronionych oznacze\u0144 geograficznych [Emmental de Savoie (ChOG)]<br \/>Rozporz\u0105dzenie Rady (UE) 2017\/1133 z&nbsp;dnia 20 czerwca 2017 r. zmieniaj\u0105ce rozporz\u0105dzenie (UE) nr 1388\/2013 otwieraj\u0105ce i&nbsp;ustalaj\u0105ce spos&oacute;b zarz\u0105dzania autonomicznymi kontyngentami taryfowymi Unii na niekt&oacute;re produkty rolne i&nbsp;przemys\u0142owe<br \/>Rozporz\u0105dzenie Rady (UE) 2017\/1134 z&nbsp;dnia 20 czerwca 2017 r. zmieniaj\u0105ce rozporz\u0105dzenie (UE) nr 1387\/2013 zawieszaj\u0105ce c\u0142a autonomiczne wsp&oacute;lnej taryfy celnej na niekt&oacute;re produkty rolne i&nbsp;przemys\u0142owe<br \/>Rozporz\u0105dzenie Komisji (UE) 2017\/1135 z&nbsp;dnia 23 czerwca 2017 r. zmieniaj\u0105ce za\u0142\u0105czniki II i&nbsp;III do rozporz\u0105dzenia (WE) nr 396\/2005 Parlamentu Europejskiego i&nbsp;Rady w&nbsp;odniesieniu do najwy\u017cszych dopuszczalnych poziom&oacute;w pozosta\u0142o\u015bci dimetoatu i&nbsp;ometoatu w&nbsp;okre\u015blonych produktach oraz na ich powierzchni (Tekst maj\u0105cy znaczenie dla EOG.)<br \/>Rozporz\u0105dzenie wykonawcze Komisji (UE) 2017\/1141 z&nbsp;dnia 27 czerwca 2017 r. nak\u0142adaj\u0105ce ostateczne c\u0142o wyr&oacute;wnawcze na przyw&oacute;z niekt&oacute;rych sztab i&nbsp;pr\u0119t&oacute;w ze stali nierdzewnej pochodz\u0105cych z&nbsp;Indii w&nbsp;nast\u0119pstwie przegl\u0105du wyga\u015bni\u0119cia zgodnie z&nbsp;art. 18 rozporz\u0105dzenia Parlamentu Europejskiego i&nbsp;Rady (UE) 2016\/1037<br \/>Rozporz\u0105dzenie wykonawcze Komisji (UE) 2017\/1146 z&nbsp;dnia 28 czerwca 2017 r. w&nbsp;sprawie ponownego na\u0142o\u017cenia ostatecznego c\u0142a antydumpingowego na przyw&oacute;z gwintowanych \u0142\u0105cznik&oacute;w rur lub przewod&oacute;w rurowych, odlewanych z&nbsp;\u017celiwa ci\u0105gliwego, pochodz\u0105cych z&nbsp;Chi\u0144skiej Republiki Ludowej, wytwarzanych przez sp&oacute;\u0142k\u0119 Jinan Meide Castings Co. Ltd.<br \/>Rozporz\u0105dzenie wykonawcze Komisji (UE) 2017\/1147 z&nbsp;dnia 28 czerwca 2017 r. zmieniaj\u0105ce rozporz\u0105dzenie wykonawcze (UE) 2016\/1368 ustanawiaj\u0105ce wykaz kluczowych wska\u017anik&oacute;w referencyjnych stosowanych na rynkach finansowych na podstawie rozporz\u0105dzenia Parlamentu Europejskiego i&nbsp;Rady (UE) 2016\/1011 (Tekst maj\u0105cy znaczenie dla EOG.)<br \/>Rozporz\u0105dzenie Parlamentu Europejskiego i&nbsp;Rady (UE) 2017\/1128 z&nbsp;dnia 14 czerwca 2017 r. w&nbsp;sprawie transgranicznego przenoszenia na rynku wewn\u0119trznym us\u0142ug online w&nbsp;zakresie tre\u015bciTekst maj\u0105cy znaczenie dla EOG.<br \/>Rozporz\u0105dzenie Parlamentu Europejskiego i&nbsp;Rady (UE) 2017\/1129 z&nbsp;dnia 14 czerwca 2017 r. w&nbsp;sprawie prospektu, kt&oacute;ry ma by\u0107 publikowany w&nbsp;zwi\u0105zku z&nbsp;ofert\u0105 publiczn\u0105 papier&oacute;w warto\u015bciowych lub dopuszczeniem ich do obrotu na rynku regulowanym oraz uchylenia dyrektywy 2003\/71\/WETekst maj\u0105cy znaczenie dla EOG.<br \/>Rozporz\u0105dzenie Parlamentu Europejskiego i&nbsp;Rady (UE) 2017\/1131 z&nbsp;dnia 14 czerwca 2017 r. w&nbsp;sprawie funduszy rynku pieni\u0119\u017cnego (Tekst maj\u0105cy znaczenie dla EOG.)<br \/>Rozporz\u0105dzenie wykonawcze Komisji (UE) 2017\/1158 z&nbsp;dnia 29 czerwca 2017 r. ustanawiaj\u0105ce wykonawcze standardy techniczne w&nbsp;odniesieniu do procedur i&nbsp;form na potrzeby wymiany informacji mi\u0119dzy w\u0142a\u015bciwymi organami a&nbsp;Europejskim Urz\u0119dem Nadzoru Gie\u0142d i&nbsp;Papier&oacute;w Warto\u015bciowych, o&nbsp;kt&oacute;rej to wymianie mowa w&nbsp;art. 33 rozporz\u0105dzenia Parlamentu Europejskiego i&nbsp;Rady (UE) nr 596\/2014 (Tekst maj\u0105cy znaczenie dla EOG.)<br \/>Rozporz\u0105dzenie wykonawcze Komisji (UE) 2017\/1168 z&nbsp;dnia 26 czerwca 2017 r. dotycz\u0105ce klasyfikacji niekt&oacute;rych towar&oacute;w wed\u0142ug Nomenklatury scalonej<br \/>Rozporz\u0105dzenie wykonawcze Komisji (UE) 2017\/1170 z&nbsp;dnia 26 czerwca 2017 r. dotycz\u0105ce klasyfikacji niekt&oacute;rych towar&oacute;w wed\u0142ug Nomenklatury scalonej<br \/>Rozporz\u0105dzenie wykonawcze Komisji (UE) 2017\/1166 z&nbsp;dnia 26 czerwca 2017 r. dotycz\u0105ce klasyfikacji niekt&oacute;rych towar&oacute;w wed\u0142ug Nomenklatury scalonej<br \/>Rozporz\u0105dzenie wykonawcze Komisji (UE) 2017\/1169 z&nbsp;dnia 26 czerwca 2017 r. dotycz\u0105ce klasyfikacji niekt&oacute;rych towar&oacute;w wed\u0142ug Nomenklatury scalonej<br \/>Rozporz\u0105dzenie wykonawcze Komisji (UE) 2017\/1167 z&nbsp;dnia 26 czerwca 2017 r. dotycz\u0105ce klasyfikacji niekt&oacute;rych towar&oacute;w wed\u0142ug Nomenklatury scalonej<br \/>Rozporz\u0105dzenie Komisji (UE) 2017\/1164 z&nbsp;dnia 22 czerwca 2017 r. zmieniaj\u0105ce za\u0142\u0105czniki II i&nbsp;III do rozporz\u0105dzenia (WE) nr 396\/2005 Parlamentu Europejskiego i&nbsp;Rady w&nbsp;odniesieniu do najwy\u017cszych dopuszczalnych poziom&oacute;w pozosta\u0142o\u015bci akrynatryny, metalaksylu i&nbsp;tiabendazolu w&nbsp;okre\u015blonych produktach lub na ich powierzchni (Tekst maj\u0105cy znaczenie dla EOG.)<br \/>Rozporz\u0105dzenie delegowane Komisji (UE) 2017\/1183 z&nbsp;dnia 20 kwietnia 2017 r. uzupe\u0142niaj\u0105ce rozporz\u0105dzenia Parlamentu Europejskiego i&nbsp;Rady (UE) nr 1307\/2013 i&nbsp;(UE) nr 1308\/2013 w&nbsp;odniesieniu do powiadamiania Komisji o&nbsp;informacjach i&nbsp;dokumentach (Tekst maj\u0105cy znaczenie dla EOG.)<br \/>Rozporz\u0105dzenie wykonawcze Komisji (UE) 2017\/1185 z&nbsp;dnia 20 kwietnia 2017 r. ustanawiaj\u0105ce zasady stosowania rozporz\u0105dze\u0144 Parlamentu Europejskiego i&nbsp;Rady (UE) nr 1307\/2013 i&nbsp;(UE) nr 1308\/2013 w&nbsp;odniesieniu do przekazywanych Komisji powiadomie\u0144 o&nbsp;informacjach i&nbsp;dokumentach oraz zmieniaj\u0105ce i&nbsp;uchylaj\u0105ce niekt&oacute;re rozporz\u0105dzenia Komisji (Tekst maj\u0105cy znaczenie dla EOG.)<br \/>Sprostowanie do rozporz\u0105dzenia wykonawczego Komisji (UE) 2015\/1986 z&nbsp;dnia 11 listopada 2015 r. ustanawiaj\u0105cego standardowe formularze do publikacji og\u0142osze\u0144 w&nbsp;dziedzinie zam&oacute;wie\u0144 publicznych i&nbsp;uchylaj\u0105cego rozporz\u0105dzenie wykonawcze (UE) nr 842\/2011 (Dz.U. L 296 z&nbsp;12.11.2015)<br \/>Rozporz\u0105dzenie Komisji (UE) 2017\/1200 z&nbsp;dnia 5 lipca 2017 r. w&nbsp;sprawie odmowy udzielenia zezwolenia na niekt&oacute;re o\u015bwiadczenia zdrowotne dotycz\u0105ce \u017cywno\u015bci inne ni\u017c odnosz\u0105ce si\u0119 do zmniejszenia ryzyka choroby oraz rozwoju i&nbsp;zdrowia dzieci (Tekst maj\u0105cy znaczenie dla EOG.)<br \/>Rozporz\u0105dzenie Komisji (UE) 2017\/1202 z&nbsp;dnia 5 lipca 2017 r. w&nbsp;sprawie odmowy udzielenia zezwolenia na niekt&oacute;re o\u015bwiadczenia zdrowotne dotycz\u0105ce \u017cywno\u015bci inne ni\u017c odnosz\u0105ce si\u0119 do zmniejszenia ryzyka choroby oraz rozwoju i&nbsp;zdrowia dzieci (Tekst maj\u0105cy znaczenie dla EOG.)<br \/>Rozporz\u0105dzenie Komisji (UE) 2017\/1201 z&nbsp;dnia 5 lipca 2017 r. w&nbsp;sprawie odmowy udzielenia zezwolenia na o\u015bwiadczenie zdrowotne dotycz\u0105ce \u017cywno\u015bci, inne ni\u017c odnosz\u0105ce si\u0119 do zmniejszenia ryzyka choroby oraz rozwoju i&nbsp;zdrowia dzieci (Tekst maj\u0105cy znaczenie dla EOG.)<br \/>Rozporz\u0105dzenie Komisji (UE) 2017\/1154 z&nbsp;dnia 7 czerwca 2017 r. zmieniaj\u0105ce rozporz\u0105dzenie Komisji (UE) 2017\/1151 uzupe\u0142niaj\u0105ce rozporz\u0105dzenie (WE) nr 715\/2007 Parlamentu Europejskiego i&nbsp;Rady w&nbsp;sprawie homologacji typu pojazd&oacute;w silnikowych w&nbsp;odniesieniu do emisji zanieczyszcze\u0144 pochodz\u0105cych z&nbsp;lekkich pojazd&oacute;w pasa\u017cerskich i&nbsp;u\u017cytkowych (Euro 5 i&nbsp;Euro 6) oraz w&nbsp;sprawie dost\u0119pu do informacji dotycz\u0105cych naprawy i&nbsp;utrzymania pojazd&oacute;w, zmieniaj\u0105ce dyrektyw\u0119 2007\/46\/WE Parlamentu Europejskiego i&nbsp;Rady, rozporz\u0105dzenie Komisji (WE) nr 692\/2008 i&nbsp;rozporz\u0105dzenie Komisji (UE) nr 1230\/2012 oraz uchylaj\u0105ce rozporz\u0105dzenie Komisji (WE) nr 692\/2008 oraz dyrektyw\u0119 2007\/46\/WE Parlamentu Europejskiego i&nbsp;Rady w&nbsp;odniesieniu do emisji zanieczyszcze\u0144 w&nbsp;rzeczywistych warunkach jazdy pochodz\u0105cych z&nbsp;lekkich pojazd&oacute;w pasa\u017cerskich i&nbsp;u\u017cytkowych (Euro 6) (Tekst maj\u0105cy znaczenie dla EOG)<br \/>Rozporz\u0105dzenie Komisji (UE) 2017\/1151 z&nbsp;dnia 1 czerwca 2017 r. uzupe\u0142niaj\u0105ce rozporz\u0105dzenie (WE) nr 715\/2007 Parlamentu Europejskiego i&nbsp;Rady w&nbsp;sprawie homologacji typu pojazd&oacute;w silnikowych w&nbsp;odniesieniu do emisji zanieczyszcze\u0144 pochodz\u0105cych z&nbsp;lekkich pojazd&oacute;w pasa\u017cerskich i&nbsp;u\u017cytkowych (Euro 5 i&nbsp;Euro 6) oraz w&nbsp;sprawie dost\u0119pu do informacji dotycz\u0105cych naprawy i&nbsp;utrzymania pojazd&oacute;w, zmieniaj\u0105ce dyrektyw\u0119 2007\/46\/WE Parlamentu Europejskiego i&nbsp;Rady, rozporz\u0105dzenie Komisji (WE) nr 692\/2008 i&nbsp;rozporz\u0105dzenie Komisji (UE) nr 1230\/2012 oraz uchylaj\u0105ce rozporz\u0105dzenie Komisji (WE) nr 692\/2008 (Tekst maj\u0105cy znaczenie dla EOG)<br \/>Rozporz\u0105dzenie wykonawcze Komisji (UE) 2017\/1153 z&nbsp;dnia 2 czerwca 2017 r. ustanawiaj\u0105ce metod\u0119 okre\u015blania parametr&oacute;w korelacji niezb\u0119dnych do odzwierciedlenia zmian w&nbsp;regulacyjnej procedurze bada\u0144 oraz zmieniaj\u0105ce rozporz\u0105dzenie (UE) nr 1014\/2010 (Tekst maj\u0105cy znaczenie dla EOG)<br \/>Rozporz\u0105dzenie wykonawcze Komisji (UE) 2017\/1152 z&nbsp;dnia 2 czerwca 2017 r. ustanawiaj\u0105ce metod\u0119 okre\u015blania parametr&oacute;w korelacji niezb\u0119dnych do odzwierciedlenia zmian w&nbsp;regulacyjnej procedurze bada\u0144 w&nbsp;odniesieniu do lekkich samochod&oacute;w dostawczych oraz zmieniaj\u0105ce rozporz\u0105dzenie wykonawcze (UE) nr 293\/2012 (Tekst maj\u0105cy znaczenie dla EOG)<br \/>Rozporz\u0105dzenie Parlamentu Europejskiego i&nbsp;Rady (UE) 2017\/1199 z&nbsp;dnia 4 lipca 2017 r. zmieniaj\u0105ce rozporz\u0105dzenie (UE) nr 1303\/2013 w&nbsp;odniesieniu do szczeg&oacute;lnych \u015brodk&oacute;w w&nbsp;celu zapewnienia dodatkowej pomocy pa\u0144stwom cz\u0142onkowskim dotkni\u0119tym przez kl\u0119ski \u017cywio\u0142owe<br \/>Rozporz\u0105dzenie Komisji (UE) 2017\/1221 z&nbsp;dnia 22 czerwca 2017 r. zmieniaj\u0105ce rozporz\u0105dzenie (WE) nr 692\/2008 w&nbsp;odniesieniu do metody oznaczania emisji par (badanie typu 4) (Tekst maj\u0105cy znaczenie dla EOG.)<\/p>\n<p style=\"font-size: 14px; text-align: justify;\"><strong>ZARZ\u0104DZENIA PREZESA NARODOWEGO FUNDUSZU ZDROWIA<\/strong><\/p>\n<p style=\"font-size: 14px; text-align: justify;\">Zarz\u0105dzenie Nr 40\/2017\/DGL Prezesa Narodowego Funduszu Zdrowia z&nbsp;dnia 13 czerwca 2017 r. zmieniaj\u0105ce zarz\u0105dzenie w&nbsp;sprawie okre\u015blenia warunk&oacute;w zawierania i&nbsp;realizacji um&oacute;w w&nbsp;rodzaju leczenie szpitalne w&nbsp;zakresie chemioterapia &#8211; wchodzi w&nbsp;\u017cycie z&nbsp;dniem nast\u0119puj\u0105cym po dniu podpisania, z&nbsp;moc\u0105 od dnia 1 maja 2017 r., z&nbsp;wyj\u0105tkiem &sect; 1 pkt 2, kt&oacute;ry wchodzi w&nbsp;\u017cycie z&nbsp;dniem 5 maja 2017r.<br \/>Zarz\u0105dzenie Nr 41\/2017\/DGL Prezesa Narodowego Funduszu Zdrowia z&nbsp;dnia 13 czerwca 2017 r. zmieniaj\u0105ce zarz\u0105dzenie w&nbsp;sprawie okre\u015blenia warunk&oacute;w zawierania i&nbsp;realizacji um&oacute;w w&nbsp;rodzaju leczenie szpitalne w&nbsp;zakresie programy zdrowotne (lekowe) &#8211; wchodzi w&nbsp;\u017cycie z&nbsp;dniem nast\u0119puj\u0105cym po dniu podpisania, z&nbsp;moc\u0105 od dnia 1 maja 2017 r.<br \/>Zarz\u0105dzenie Nr 42\/2017\/DGL Prezesa Narodowego Funduszu Zdrowia z&nbsp;dnia 14 czerwca 2017 r. zmieniaj\u0105ce zarz\u0105dzenie w&nbsp;sprawie okre\u015blenia warunk&oacute;w zawierania i&nbsp;realizacji um&oacute;w w&nbsp;rodzaju leczenie szpitalne w&nbsp;zakresie programy zdrowotne (lekowe) &#8211; wchodzi w&nbsp;\u017cycie z&nbsp;dniem nast\u0119puj\u0105cym po dniu podpisania.<br \/>Zarz\u0105dzenie Nr 43\/2017\/DSOZ Prezesa Narodowego Funduszu Zdrowia z&nbsp;dnia 26 czerwca 2017 r. zmieniaj\u0105ce zarz\u0105dzenie w&nbsp;sprawie warunk&oacute;w zawarcia i&nbsp;realizacji um&oacute;w o&nbsp;udzielanie \u015bwiadcze\u0144 opieki zdrowotnej w&nbsp;zakresie podstawowej opieki zdrowotnej &#8211; wchodzi w&nbsp;\u017cycie z&nbsp;dniem podpisania i&nbsp;ma zastosowanie do \u015bwiadcze\u0144 udzielanych od 1 lipca 2017 r.<br \/>Zarz\u0105dzenie Nr 44\/2017\/DGL Prezesa Narodowego Funduszu Zdrowia z&nbsp;dnia 29 czerwca 2017 r. zmieniaj\u0105ce zarz\u0105dzenie w&nbsp;sprawie trybu i&nbsp;sposobu post\u0119powania dotycz\u0105cego nadawania osobom uprawnionym unikalnych numer&oacute;w identyfikuj\u0105cych recepty &ndash; wchodzi w&nbsp;\u017cycie z&nbsp;dniem nast\u0119puj\u0105cym po dniu podpisania.<br \/>Zarz\u0105dzenie Nr 45\/2017\/DWM Prezesa Narodowego Funduszu Zdrowia z&nbsp;dnia 29 czerwca 2017 r. uchylaj\u0105ce zarz\u0105dzenie w&nbsp;sprawie wprowadzenia &bdquo;Procedury obs\u0142ugi przez NFZ formularzy serii E100 oraz dokumentu S1&rdquo; &#8211; wchodzi w&nbsp;\u017cycie z&nbsp;dniem 1 lipca 2017 r.<br \/>Zarz\u0105dzenie Nr 46\/2017\/DSOZ Prezesa Narodowego Funduszu Zdrowia z&nbsp;dnia 29 czerwca 2017 r. zmieniaj\u0105ce zarz\u0105dzenie w&nbsp;sprawie warunk&oacute;w zawarcia i&nbsp;realizacji um&oacute;w o&nbsp;udzielanie \u015bwiadcze\u0144 opieki zdrowotnej w&nbsp;zakresie podstawowej opieki zdrowotnej &#8211; wchodzi w&nbsp;\u017cycie z&nbsp;dniem podpisania i&nbsp;ma zastosowanie do \u015bwiadcze\u0144 udzielanych od 1 lipca 2017 r.<br \/>Zarz\u0105dzenie Nr 48\/2017\/DAiS Prezesa Narodowego Funduszu Zdrowia z&nbsp;dnia 3 lipca 2017 r. w&nbsp;sprawie powo\u0142ania Zespo\u0142u zadaniowego do spraw przeprowadzenia preselekcji \u015bwiadczeniodawc&oacute;w w&nbsp;ramach projektu &bdquo;Przygotowanie, przetestowanie i&nbsp;wdro\u017cenie do systemu opieki zdrowotnej organizacji opieki koordynowanej (OOK) &ndash; Etap I&nbsp;Opracowanie modeli zintegrowanej\/koordynowanej opieki zdrowotnej dla Polski&rdquo; &#8211; wchodzi w&nbsp;\u017cycie z&nbsp;dniem nast\u0119puj\u0105cym po dniu podpisania.<br \/>Zarz\u0105dzenie Nr 49\/2017\/DSOZ Prezesa Narodowego Funduszu Zdrowia z&nbsp;dnia 4 lipca 2017 r. zmieniaj\u0105ce zarz\u0105dzenie w&nbsp;sprawie okre\u015blenia warunk&oacute;w zawierania i&nbsp;realizacji um&oacute;w w&nbsp;rodzajach rehabilitacja lecznicza oraz programy zdrowotne w&nbsp;zakresie \u015bwiadcze\u0144 &#8211; leczenie dzieci i&nbsp;doros\u0142ych ze \u015bpi\u0105czk\u0105 &#8211; wchodzi w&nbsp;\u017cycie po up\u0142ywie 30 dni od dnia jego podpisania, z&nbsp;moc\u0105 od dnia 16 maja 2017 r.<\/p>\n<p style=\"font-size: 14px; text-align: justify;\"><strong>_____Orzecznictwo<\/strong><\/p>\n<p style=\"font-size: 14px; text-align: justify;\"><strong>Trybuna\u0142 Konstytucyjny<\/strong><\/p>\n<p style=\"font-size: 14px; text-align: justify;\"><strong>EGZEKUCJA \u015aWIADCZE\u0143 PIENI\u0118\u017bNYCH; POBRANIE OP\u0141ATY STOSUNKOWEJ OD KWOT WP\u0141ACONYCH PRZEZ D\u0141U\u017bNIKA BEZPO\u015aREDNIO KOMORNIKOWI<\/strong><\/p>\n<p style=\"font-size: 14px; text-align: justify;\">Zr&oacute;\u017cnicowanie wysoko\u015bci op\u0142aty stosunkowej &ndash; pobieranej w&nbsp;sprawach o&nbsp;egzekucj\u0119 \u015bwiadcze\u0144 pieni\u0119\u017cnych &ndash; w&nbsp;zale\u017cno\u015bci od tego, czy po wszcz\u0119ciu post\u0119powania egzekucyjnego d\u0142u\u017cnik dobrowolnie wp\u0142aci\u0142 nale\u017cn\u0105 kwot\u0119 komornikowi, czy te\u017c do r\u0105k wierzyciela, narusza zasad\u0119 poprawnej legislacji oraz zasad\u0119 r&oacute;wno\u015bci &ndash; Wyrok Trybuna\u0142u Konstytucyjnego z&nbsp;dnia 28 czerwca 2017 r., sygn. akt P 63\/14.<\/p>\n<p style=\"font-size: 14px; text-align: justify;\"><strong>S\u0105d Najwy\u017cszy<\/strong><\/p>\n<p style=\"font-size: 14px; text-align: justify;\"><strong>DEFINICJA PRZY\u0141\u0104CZA KANALIZACYJNEGO<\/strong><\/p>\n<p style=\"font-size: 14px; text-align: justify;\">Przy\u0142\u0105czem kanalizacyjnym w&nbsp;rozumieniu art. 2 pkt 5 ustawy z&nbsp;dnia 7 czerwca 2001 r. o&nbsp;zbiorowym zaopatrzeniu w&nbsp;wod\u0119 i&nbsp;zbiorowym odprowadzaniu \u015bciek&oacute;w (jednolity tekst: Dz. U. z&nbsp;2017 r., poz. 328) jest przew&oacute;d \u0142\u0105cz\u0105cy wewn\u0119trzn\u0105 instalacj\u0119 kanalizacyjn\u0105 zako\u0144czon\u0105 studzienk\u0105 w&nbsp;nieruchomo\u015bci odbiorcy us\u0142ug z&nbsp;sieci\u0105 kanalizacyjn\u0105, na odcinku od studzienki do sieci kanalizacyjnej. Przy\u0142\u0105czem wodoci\u0105gowym w&nbsp;rozumieniu art. 2 pkt 6 ustawy z&nbsp;dnia 7 czerwca 2001 r. o&nbsp;zbiorowym zaopatrzeniu w&nbsp;wod\u0119 i&nbsp;zbiorowym odprowadzaniu \u015bciek&oacute;w (jednolity tekst: Dz. U. z&nbsp;2017 r., poz. 328) jest przew&oacute;d \u0142\u0105cz\u0105cy sie\u0107 wodoci\u0105gow\u0105 z&nbsp;wewn\u0119trzn\u0105 instalacj\u0105 wodoci\u0105gow\u0105 w&nbsp;nieruchomo\u015bci odbiorcy us\u0142ug na ca\u0142ej swojej d\u0142ugo\u015bci &ndash; Uchwa\u0142a S\u0105du Najwy\u017cszego z&nbsp;dnia 22 czerwca 2017 r., sygn. akt III SZP 2\/16.<\/p>\n<p style=\"font-size: 14px; text-align: justify;\"><strong>POW&Oacute;DZTWO O&nbsp;OPUBLIKOWANIE SPROSTOWANIA<\/strong><\/p>\n<p style=\"font-size: 14px; text-align: justify;\">Pow&oacute;dztwo o&nbsp;opublikowanie sprostowania, o&nbsp;kt&oacute;rym mowa w&nbsp;art. 39 ust. 1 ustawy z&nbsp;dnia 26 stycznia 1984 r. &#8211; Prawo prasowe (Dz.U. Nr 5, poz. 24 ze zm.), wytacza si\u0119 przeciwko redaktorowi naczelnemu w\u0142a\u015bciwego dziennika lub czasopisma, a&nbsp;nie przeciwko osobie fizycznej powo\u0142anej na to stanowisko &ndash; Uchwa\u0142a S\u0105du Najwy\u017cszego z&nbsp;dnia 22 czerwca 2017 r., sygn. akt III CZP 8\/17.<\/p>\n<p style=\"font-size: 14px; text-align: justify;\"><strong>ZATRZYMANIE WADIUM PRZEZ ZAMAWIAJ\u0104CEGO<\/strong><\/p>\n<p style=\"font-size: 14px; text-align: justify;\">Wadium podlega\u0142o zatrzymaniu na podstawie art. 46 ust. 4a ustawy z&nbsp;dnia 29 stycznia 2004 r. &#8211; Prawo zam&oacute;wie\u0144 publicznych w&nbsp;brzmieniu obowi\u0105zuj\u0105cym do dnia 18 pa\u017adziernika 2014 r. (jedn. tekst: Dz.U. z&nbsp;2013 r., poz. 907) tak\u017ce wtedy, gdy wykonawca w&nbsp;odpowiedzi na wezwanie z\u0142o\u017cy\u0142 dokumenty lub o\u015bwiadczenia, ale z&nbsp;ich tre\u015bci nie wynika\u0142o potwierdzenie okoliczno\u015bci, o&nbsp;kt&oacute;rych mowa w&nbsp;art. 25 ust. 1 tej ustawy &ndash; Uchwa\u0142a S\u0105du Najwy\u017cszego z&nbsp;dnia 22 czerwca 2017 r., sygn. akt III CZP 27\/17.<\/p>\n<p style=\"font-size: 14px; text-align: justify;\"><strong>ZBYCIE NIERUCHOMO\u015aCI ROLNEJ PRZEZ NABYWC\u0118<\/strong><\/p>\n<p style=\"font-size: 14px; text-align: justify;\">Zbycie nieruchomo\u015bci rolnej przez nabywc\u0119 przed up\u0142ywem okresu przewidzianego w&nbsp;art. 2b ust. 1 ustawy z&nbsp;dnia 11 kwietnia 2003 r. o&nbsp;kszta\u0142towaniu ustroju rolnego (jedn. tekst: Dz.U. z&nbsp;2016 r., poz. 2052) osobie bliskiej w&nbsp;rozumieniu art. 2 pkt 6 wymienionej ustawy nie wymaga zgody s\u0105du wydanej na podstawie art. 2b ust. 3 tej ustawy &ndash; Uchwa\u0142a S\u0105du Najwy\u017cszego z&nbsp;dnia 22 czerwca 2017 r., sygn. akt III CZP 24\/17.<\/p>\n<p style=\"font-size: 14px; text-align: justify;\"><strong>WYMAGANIA WYNIKAJ\u0104CE Z&nbsp;ART. 93 UST. 3B USTAWY O&nbsp;GOSPODARCE NIERUCHOMO\u015aCIAMI<\/strong><\/p>\n<p style=\"font-size: 14px; text-align: justify;\">Zado\u015b\u0107uczynienie wymaganiom wynikaj\u0105cym z&nbsp;art. 93 ust. 3b ustawy z&nbsp;dnia 21 sierpnia 1997 r. o&nbsp;gospodarce nieruchomo\u015bciami (jedn. tekst: Dz.U. z&nbsp;2016 r., poz. 2147 ze zm.) mo\u017ce nast\u0105pi\u0107 przez zobowi\u0105zanie wsp&oacute;\u0142w\u0142a\u015bcicieli do wykonania prac adaptacyjnych i&nbsp;na\u0142o\u017cenia na nich stosownych zakaz&oacute;w lub nakaz&oacute;w w&nbsp;postanowieniu znosz\u0105cym wsp&oacute;\u0142w\u0142asno\u015b\u0107 nieruchomo\u015bci &ndash; Uchwa\u0142a S\u0105du Najwy\u017cszego z&nbsp;dnia 22 czerwca 2017 r., sygn. akt III CZP 23\/17.<\/p>\n<p style=\"font-size: 14px; text-align: justify;\"><strong>OD\u015aNIE\u017bANIE CHODNIKA PRZY WYNAJ\u0118TEJ NIERUCHOMO\u015aCI JAKO OBOWI\u0104ZEK NAJEMCY A&nbsp;NIE W\u0141A\u015aCICIELA<\/strong><\/p>\n<p style=\"font-size: 14px; text-align: justify;\">W stanie prawnym obowi\u0105zuj\u0105cym do dnia 1 lutego 2015 r., w&nbsp;razie wynaj\u0119cia nieruchomo\u015bci przez w\u0142a\u015bciciela tylko najemca by\u0142 zobowi\u0105zany do usuwania b\u0142ota, \u015bniegu, lodu oraz innych zanieczyszcze\u0144 z&nbsp;chodnik&oacute;w po\u0142o\u017conych wzd\u0142u\u017c nieruchomo\u015bci, je\u017celi taki jego obowi\u0105zek, wy\u0142\u0105czaj\u0105cy obowi\u0105zek w\u0142a\u015bciciela, zak\u0142ada\u0142 spos&oacute;b u\u017cywania nieruchomo\u015bci uzgodniony przez strony umowy najmu lub wynikaj\u0105cy z&nbsp;w\u0142a\u015bciwo\u015bci i&nbsp;przeznaczenia nieruchomo\u015bci stanowi\u0105cej przedmiot najmu &ndash; Uchwa\u0142a S\u0105du Najwy\u017cszego z&nbsp;dnia 22 czerwca 2017 r., sygn. akt III CZP 22\/17.<\/p>\n<p style=\"font-size: 14px; text-align: justify;\"><strong>JEDNORAZOWA ODPRAWA EMERYTALNA PRACOWNIKA SAMORZ\u0104DOWEGO<\/strong><\/p>\n<p style=\"font-size: 14px; text-align: justify;\">Rozwi\u0105zanie stosunku pracy na podstawie art. 52 &sect; 1 pkt 1 k.p. nie wyklucza prawa pracownika samorz\u0105dowego do jednorazowej odprawy emerytalnej przewidzianej w&nbsp;art. 36 ust. 2 w&nbsp;zwi\u0105zku z&nbsp;art. 38 ust. 3 i&nbsp;5 ustawy z&nbsp;dnia 21 listopada 2008 r. o&nbsp;pracownikach samorz\u0105dowych (jednolity tekst: Dz. U. z&nbsp;2016 r., poz. 902) &ndash; Uchwa\u0142a S\u0105du Najwy\u017cszego z&nbsp;dnia 28 czerwca 2017 r., sygn. akt III PZP 1\/17.<\/p>\n<p style=\"font-size: 14px; text-align: justify;\"><strong>TYTU\u0141 EGZEKUCYJNY W&nbsp;POSTACI AKTU NOTARIALNEGO, W&nbsp;KT&Oacute;RYM D\u0141U\u017bNIK PODDA\u0141 SI\u0118 EGZEKUCJI<\/strong><\/p>\n<p style=\"font-size: 14px; text-align: justify;\">Tytu\u0142 egzekucyjny w&nbsp;postaci aktu notarialnego, w&nbsp;kt&oacute;rym d\u0142u\u017cnik podda\u0142 si\u0119 egzekucji w&nbsp;trybie art. 777 &sect; 1 pkt 5 k.p.c. musi zawiera\u0107 oznaczenie wierzyciela w&nbsp;spos&oacute;b okre\u015blony w&nbsp;art. 92 &sect; 1 pkt 4 ustawy z&nbsp;dnia 14 lutego 1991 r. &#8211; Prawo o&nbsp;notariacie (jedn. tekst: Dz. U. z&nbsp;2016 r. poz. 1796, ze zm.) &ndash; Uchwa\u0142a S\u0105du Najwy\u017cszego z&nbsp;dnia 28 czerwca 2017 r., sygn. akt III CZP 10\/17.<\/p>\n","protected":false},"excerpt":{"rendered":"<p>We would like to present the next issue of legal bulletin of the Law Office of Adam Polowiec.What you will find here is some information about the new provisions of law and the projects of amendments to acts, but also case-laws including the case laws of Supreme Court, Constitutional Tribunal and European Court of Justice.<\/p>\n","protected":false},"author":3,"featured_media":0,"comment_status":"closed","ping_status":"open","sticky":false,"template":"","format":"standard","meta":{"footnotes":""},"categories":[2],"tags":[],"class_list":["post-789","post","type-post","status-publish","format-standard","hentry","category-wpisy"],"featured_image_src":{"landsacpe":false,"list":false,"medium":false,"full":false},"yoast_head":"<!-- This site is optimized with the Yoast SEO plugin v27.2 - https:\/\/yoast.com\/product\/yoast-seo-wordpress\/ -->\n<title>Legal Bulletin Of The Law Office Of Adam Polowiec (26 June - 9 July 2017) - Polowiec i Wsp\u00f3lnicy - Kancelaria prawna<\/title>\n<meta name=\"robots\" content=\"index, follow, max-snippet:-1, max-image-preview:large, max-video-preview:-1\" \/>\n<link rel=\"canonical\" href=\"https:\/\/polowiec.pl\/en\/legal-bulletin-of-the-law-office-of-adam-polowiec-26-june-9-july-2017\/\" \/>\n<meta property=\"og:locale\" content=\"en_US\" \/>\n<meta property=\"og:type\" content=\"article\" \/>\n<meta property=\"og:title\" content=\"Legal Bulletin Of The Law Office Of Adam Polowiec (26 June - 9 July 2017) - Polowiec i Wsp\u00f3lnicy - Kancelaria prawna\" \/>\n<meta property=\"og:description\" content=\"We would like to present the next issue of legal bulletin of the Law Office of Adam Polowiec.What you will find here is some information about the new provisions of law and the projects of amendments to acts, but also case-laws including the case laws of Supreme Court, Constitutional Tribunal and European Court of Justice.\" \/>\n<meta property=\"og:url\" content=\"https:\/\/polowiec.pl\/en\/legal-bulletin-of-the-law-office-of-adam-polowiec-26-june-9-july-2017\/\" \/>\n<meta property=\"og:site_name\" content=\"Polowiec i Wsp\u00f3lnicy - Kancelaria prawna\" \/>\n<meta property=\"article:publisher\" content=\"https:\/\/www.facebook.com\/polowieciwspolnicy\/\" \/>\n<meta property=\"article:published_time\" content=\"2017-08-16T05:28:05+00:00\" \/>\n<meta property=\"article:modified_time\" content=\"2019-04-18T17:03:44+00:00\" \/>\n<meta name=\"author\" content=\"Marcin Rusinek\" \/>\n<meta name=\"twitter:card\" content=\"summary_large_image\" \/>\n<meta name=\"twitter:label1\" content=\"Written by\" \/>\n\t<meta name=\"twitter:data1\" content=\"Marcin Rusinek\" \/>\n\t<meta name=\"twitter:label2\" content=\"Est. reading time\" \/>\n\t<meta name=\"twitter:data2\" content=\"28 minutes\" \/>\n<script type=\"application\/ld+json\" class=\"yoast-schema-graph\">{\"@context\":\"https:\/\/schema.org\",\"@graph\":[{\"@type\":\"Article\",\"@id\":\"https:\/\/polowiec.pl\/en\/legal-bulletin-of-the-law-office-of-adam-polowiec-26-june-9-july-2017\/#article\",\"isPartOf\":{\"@id\":\"https:\/\/polowiec.pl\/en\/legal-bulletin-of-the-law-office-of-adam-polowiec-26-june-9-july-2017\/\"},\"author\":{\"name\":\"Marcin Rusinek\",\"@id\":\"https:\/\/polowiec.pl\/en\/#\/schema\/person\/74c7526b6f52be5ae94031504f9ffec4\"},\"headline\":\"Legal Bulletin Of The Law Office Of Adam Polowiec (26 June &#8211; 9 July 2017)\",\"datePublished\":\"2017-08-16T05:28:05+00:00\",\"dateModified\":\"2019-04-18T17:03:44+00:00\",\"mainEntityOfPage\":{\"@id\":\"https:\/\/polowiec.pl\/en\/legal-bulletin-of-the-law-office-of-adam-polowiec-26-june-9-july-2017\/\"},\"wordCount\":5545,\"publisher\":{\"@id\":\"https:\/\/polowiec.pl\/en\/#organization\"},\"articleSection\":[\"Wpisy\"],\"inLanguage\":\"en-US\"},{\"@type\":\"WebPage\",\"@id\":\"https:\/\/polowiec.pl\/en\/legal-bulletin-of-the-law-office-of-adam-polowiec-26-june-9-july-2017\/\",\"url\":\"https:\/\/polowiec.pl\/en\/legal-bulletin-of-the-law-office-of-adam-polowiec-26-june-9-july-2017\/\",\"name\":\"Legal Bulletin Of The Law Office Of Adam Polowiec (26 June - 9 July 2017) - Polowiec i Wsp\u00f3lnicy - Kancelaria prawna\",\"isPartOf\":{\"@id\":\"https:\/\/polowiec.pl\/en\/#website\"},\"datePublished\":\"2017-08-16T05:28:05+00:00\",\"dateModified\":\"2019-04-18T17:03:44+00:00\",\"breadcrumb\":{\"@id\":\"https:\/\/polowiec.pl\/en\/legal-bulletin-of-the-law-office-of-adam-polowiec-26-june-9-july-2017\/#breadcrumb\"},\"inLanguage\":\"en-US\",\"potentialAction\":[{\"@type\":\"ReadAction\",\"target\":[\"https:\/\/polowiec.pl\/en\/legal-bulletin-of-the-law-office-of-adam-polowiec-26-june-9-july-2017\/\"]}]},{\"@type\":\"BreadcrumbList\",\"@id\":\"https:\/\/polowiec.pl\/en\/legal-bulletin-of-the-law-office-of-adam-polowiec-26-june-9-july-2017\/#breadcrumb\",\"itemListElement\":[{\"@type\":\"ListItem\",\"position\":1,\"name\":\"Strona g\u0142\u00f3wna\",\"item\":\"https:\/\/polowiec.pl\/en\/\"},{\"@type\":\"ListItem\",\"position\":2,\"name\":\"Legal Bulletin Of The Law Office Of Adam Polowiec (26 June &#8211; 9 July 2017)\"}]},{\"@type\":\"WebSite\",\"@id\":\"https:\/\/polowiec.pl\/en\/#website\",\"url\":\"https:\/\/polowiec.pl\/en\/\",\"name\":\"Polowiec i Wsp\u00f3lnicy - Kancelaria prawna\",\"description\":\"Obs\u0142uga prawna\",\"publisher\":{\"@id\":\"https:\/\/polowiec.pl\/en\/#organization\"},\"potentialAction\":[{\"@type\":\"SearchAction\",\"target\":{\"@type\":\"EntryPoint\",\"urlTemplate\":\"https:\/\/polowiec.pl\/en\/?s={search_term_string}\"},\"query-input\":{\"@type\":\"PropertyValueSpecification\",\"valueRequired\":true,\"valueName\":\"search_term_string\"}}],\"inLanguage\":\"en-US\"},{\"@type\":\"Organization\",\"@id\":\"https:\/\/polowiec.pl\/en\/#organization\",\"name\":\"Polowiec i Wsp\u00f3lnicy - Kancelaria prawna\",\"url\":\"https:\/\/polowiec.pl\/en\/\",\"logo\":{\"@type\":\"ImageObject\",\"inLanguage\":\"en-US\",\"@id\":\"https:\/\/polowiec.pl\/en\/#\/schema\/logo\/image\/\",\"url\":\"https:\/\/polowiec.pl\/wp-content\/uploads\/2018\/10\/polowiec_logo2-1.png\",\"contentUrl\":\"https:\/\/polowiec.pl\/wp-content\/uploads\/2018\/10\/polowiec_logo2-1.png\",\"width\":540,\"height\":381,\"caption\":\"Polowiec i Wsp\u00f3lnicy - Kancelaria prawna\"},\"image\":{\"@id\":\"https:\/\/polowiec.pl\/en\/#\/schema\/logo\/image\/\"},\"sameAs\":[\"https:\/\/www.facebook.com\/polowieciwspolnicy\/\",\"https:\/\/www.linkedin.com\/company\/polowiec-i-wsplnicy-sp.j.\/about\/\"]},{\"@type\":\"Person\",\"@id\":\"https:\/\/polowiec.pl\/en\/#\/schema\/person\/74c7526b6f52be5ae94031504f9ffec4\",\"name\":\"Marcin Rusinek\",\"image\":{\"@type\":\"ImageObject\",\"inLanguage\":\"en-US\",\"@id\":\"https:\/\/secure.gravatar.com\/avatar\/b50a0a5c3e71d904f5e57a757d39977d01c43e075c6bf5b4df909ffbbe004790?s=96&d=mm&r=g\",\"url\":\"https:\/\/secure.gravatar.com\/avatar\/b50a0a5c3e71d904f5e57a757d39977d01c43e075c6bf5b4df909ffbbe004790?s=96&d=mm&r=g\",\"contentUrl\":\"https:\/\/secure.gravatar.com\/avatar\/b50a0a5c3e71d904f5e57a757d39977d01c43e075c6bf5b4df909ffbbe004790?s=96&d=mm&r=g\",\"caption\":\"Marcin Rusinek\"}}]}<\/script>\n<!-- \/ Yoast SEO plugin. -->","yoast_head_json":{"title":"Legal Bulletin Of The Law Office Of Adam Polowiec (26 June - 9 July 2017) - Polowiec i Wsp\u00f3lnicy - Kancelaria prawna","robots":{"index":"index","follow":"follow","max-snippet":"max-snippet:-1","max-image-preview":"max-image-preview:large","max-video-preview":"max-video-preview:-1"},"canonical":"https:\/\/polowiec.pl\/en\/legal-bulletin-of-the-law-office-of-adam-polowiec-26-june-9-july-2017\/","og_locale":"en_US","og_type":"article","og_title":"Legal Bulletin Of The Law Office Of Adam Polowiec (26 June - 9 July 2017) - Polowiec i Wsp\u00f3lnicy - Kancelaria prawna","og_description":"We would like to present the next issue of legal bulletin of the Law Office of Adam Polowiec.What you will find here is some information about the new provisions of law and the projects of amendments to acts, but also case-laws including the case laws of Supreme Court, Constitutional Tribunal and European Court of Justice.","og_url":"https:\/\/polowiec.pl\/en\/legal-bulletin-of-the-law-office-of-adam-polowiec-26-june-9-july-2017\/","og_site_name":"Polowiec i Wsp\u00f3lnicy - Kancelaria prawna","article_publisher":"https:\/\/www.facebook.com\/polowieciwspolnicy\/","article_published_time":"2017-08-16T05:28:05+00:00","article_modified_time":"2019-04-18T17:03:44+00:00","author":"Marcin Rusinek","twitter_card":"summary_large_image","twitter_misc":{"Written by":"Marcin Rusinek","Est. reading time":"28 minutes"},"schema":{"@context":"https:\/\/schema.org","@graph":[{"@type":"Article","@id":"https:\/\/polowiec.pl\/en\/legal-bulletin-of-the-law-office-of-adam-polowiec-26-june-9-july-2017\/#article","isPartOf":{"@id":"https:\/\/polowiec.pl\/en\/legal-bulletin-of-the-law-office-of-adam-polowiec-26-june-9-july-2017\/"},"author":{"name":"Marcin Rusinek","@id":"https:\/\/polowiec.pl\/en\/#\/schema\/person\/74c7526b6f52be5ae94031504f9ffec4"},"headline":"Legal Bulletin Of The Law Office Of Adam Polowiec (26 June &#8211; 9 July 2017)","datePublished":"2017-08-16T05:28:05+00:00","dateModified":"2019-04-18T17:03:44+00:00","mainEntityOfPage":{"@id":"https:\/\/polowiec.pl\/en\/legal-bulletin-of-the-law-office-of-adam-polowiec-26-june-9-july-2017\/"},"wordCount":5545,"publisher":{"@id":"https:\/\/polowiec.pl\/en\/#organization"},"articleSection":["Wpisy"],"inLanguage":"en-US"},{"@type":"WebPage","@id":"https:\/\/polowiec.pl\/en\/legal-bulletin-of-the-law-office-of-adam-polowiec-26-june-9-july-2017\/","url":"https:\/\/polowiec.pl\/en\/legal-bulletin-of-the-law-office-of-adam-polowiec-26-june-9-july-2017\/","name":"Legal Bulletin Of The Law Office Of Adam Polowiec (26 June - 9 July 2017) - Polowiec i Wsp\u00f3lnicy - Kancelaria prawna","isPartOf":{"@id":"https:\/\/polowiec.pl\/en\/#website"},"datePublished":"2017-08-16T05:28:05+00:00","dateModified":"2019-04-18T17:03:44+00:00","breadcrumb":{"@id":"https:\/\/polowiec.pl\/en\/legal-bulletin-of-the-law-office-of-adam-polowiec-26-june-9-july-2017\/#breadcrumb"},"inLanguage":"en-US","potentialAction":[{"@type":"ReadAction","target":["https:\/\/polowiec.pl\/en\/legal-bulletin-of-the-law-office-of-adam-polowiec-26-june-9-july-2017\/"]}]},{"@type":"BreadcrumbList","@id":"https:\/\/polowiec.pl\/en\/legal-bulletin-of-the-law-office-of-adam-polowiec-26-june-9-july-2017\/#breadcrumb","itemListElement":[{"@type":"ListItem","position":1,"name":"Strona g\u0142\u00f3wna","item":"https:\/\/polowiec.pl\/en\/"},{"@type":"ListItem","position":2,"name":"Legal Bulletin Of The Law Office Of Adam Polowiec (26 June &#8211; 9 July 2017)"}]},{"@type":"WebSite","@id":"https:\/\/polowiec.pl\/en\/#website","url":"https:\/\/polowiec.pl\/en\/","name":"Polowiec i Wsp\u00f3lnicy - Kancelaria prawna","description":"Obs\u0142uga prawna","publisher":{"@id":"https:\/\/polowiec.pl\/en\/#organization"},"potentialAction":[{"@type":"SearchAction","target":{"@type":"EntryPoint","urlTemplate":"https:\/\/polowiec.pl\/en\/?s={search_term_string}"},"query-input":{"@type":"PropertyValueSpecification","valueRequired":true,"valueName":"search_term_string"}}],"inLanguage":"en-US"},{"@type":"Organization","@id":"https:\/\/polowiec.pl\/en\/#organization","name":"Polowiec i Wsp\u00f3lnicy - Kancelaria prawna","url":"https:\/\/polowiec.pl\/en\/","logo":{"@type":"ImageObject","inLanguage":"en-US","@id":"https:\/\/polowiec.pl\/en\/#\/schema\/logo\/image\/","url":"https:\/\/polowiec.pl\/wp-content\/uploads\/2018\/10\/polowiec_logo2-1.png","contentUrl":"https:\/\/polowiec.pl\/wp-content\/uploads\/2018\/10\/polowiec_logo2-1.png","width":540,"height":381,"caption":"Polowiec i Wsp\u00f3lnicy - Kancelaria prawna"},"image":{"@id":"https:\/\/polowiec.pl\/en\/#\/schema\/logo\/image\/"},"sameAs":["https:\/\/www.facebook.com\/polowieciwspolnicy\/","https:\/\/www.linkedin.com\/company\/polowiec-i-wsplnicy-sp.j.\/about\/"]},{"@type":"Person","@id":"https:\/\/polowiec.pl\/en\/#\/schema\/person\/74c7526b6f52be5ae94031504f9ffec4","name":"Marcin Rusinek","image":{"@type":"ImageObject","inLanguage":"en-US","@id":"https:\/\/secure.gravatar.com\/avatar\/b50a0a5c3e71d904f5e57a757d39977d01c43e075c6bf5b4df909ffbbe004790?s=96&d=mm&r=g","url":"https:\/\/secure.gravatar.com\/avatar\/b50a0a5c3e71d904f5e57a757d39977d01c43e075c6bf5b4df909ffbbe004790?s=96&d=mm&r=g","contentUrl":"https:\/\/secure.gravatar.com\/avatar\/b50a0a5c3e71d904f5e57a757d39977d01c43e075c6bf5b4df909ffbbe004790?s=96&d=mm&r=g","caption":"Marcin Rusinek"}}]}},"_links":{"self":[{"href":"https:\/\/polowiec.pl\/en\/wp-json\/wp\/v2\/posts\/789","targetHints":{"allow":["GET"]}}],"collection":[{"href":"https:\/\/polowiec.pl\/en\/wp-json\/wp\/v2\/posts"}],"about":[{"href":"https:\/\/polowiec.pl\/en\/wp-json\/wp\/v2\/types\/post"}],"author":[{"embeddable":true,"href":"https:\/\/polowiec.pl\/en\/wp-json\/wp\/v2\/users\/3"}],"replies":[{"embeddable":true,"href":"https:\/\/polowiec.pl\/en\/wp-json\/wp\/v2\/comments?post=789"}],"version-history":[{"count":0,"href":"https:\/\/polowiec.pl\/en\/wp-json\/wp\/v2\/posts\/789\/revisions"}],"wp:attachment":[{"href":"https:\/\/polowiec.pl\/en\/wp-json\/wp\/v2\/media?parent=789"}],"wp:term":[{"taxonomy":"category","embeddable":true,"href":"https:\/\/polowiec.pl\/en\/wp-json\/wp\/v2\/categories?post=789"},{"taxonomy":"post_tag","embeddable":true,"href":"https:\/\/polowiec.pl\/en\/wp-json\/wp\/v2\/tags?post=789"}],"curies":[{"name":"wp","href":"https:\/\/api.w.org\/{rel}","templated":true}]}}