{"id":793,"date":"2017-08-16T07:34:13","date_gmt":"2017-08-16T05:34:13","guid":{"rendered":"https:\/\/nowa.polowiec.pl\/legal-bulletin-of-the-law-office-of-adam-polowiec-7-august-13-august-2017\/"},"modified":"2019-04-18T19:01:04","modified_gmt":"2019-04-18T17:01:04","slug":"legal-bulletin-of-the-law-office-of-adam-polowiec-7-august-13-august-2017","status":"publish","type":"post","link":"https:\/\/polowiec.pl\/en\/legal-bulletin-of-the-law-office-of-adam-polowiec-7-august-13-august-2017\/","title":{"rendered":"Legal Bulletin Of The Law Office Of Adam Polowiec (7 August &#8211; 13 August 2017)"},"content":{"rendered":"<p><span style=\"font-size: 14px; text-align: justify;\">We would like to present the next issue of legal bulletin of the Law Office of Adam Polowiec.<\/span><br style=\"font-size: 14px; text-align: justify;\" \/><span style=\"font-size: 14px; text-align: justify;\">What you will find here is some information about the new provisions of law and the projects of amendments to acts, but also case-laws including the case laws of Supreme Court, Constitutional Tribunal and European Court of Justice.<\/span><\/p>\n<p>  <!--more-->  <\/p>\n<p style=\"margin-top: 20px; font-size: 14px; text-align: justify;\"><strong>_____Nowe Prawo<\/strong><\/p>\n<p style=\"font-size: 14px; text-align: justify;\"><strong>GOSPODARKA NIERUCHOMO\u015aCIAMI<\/strong><br \/>Ustawa z&nbsp;dnia 20 lipca 2017 r. o&nbsp;zmianie ustawy o&nbsp;gospodarce nieruchomo\u015bciami oraz niekt&oacute;rych innych ustaw (Dz. U. z&nbsp;2017 r., poz. 1509) &ndash; wejdzie w&nbsp;\u017cycie z&nbsp;dniem 1 wrze\u015bnia 2017 r., z&nbsp;wyj\u0105tkiem:<br \/>1) art. 1 pkt 12, kt&oacute;ry wchodzi w&nbsp;\u017cycie z&nbsp;dniem nast\u0119puj\u0105cym po dniu og\u0142oszenia;<br \/>2) art. 1 pkt 2-11 i&nbsp;13-23, art. 2 pkt 2, art. 4 ust. 1-3 oraz art. 9, kt&oacute;re wchodz\u0105 w&nbsp;\u017cycie po up\u0142ywie 14 dni od dnia og\u0142oszenia;<br \/>3) art. 1 pkt 33 lit. a&nbsp;w zakresie wype\u0142niania obowi\u0105zku sta\u0142ego doskonalenia kwalifikacji zawodowych, kt&oacute;ry wchodzi w&nbsp;\u017cycie z&nbsp;dniem 1 stycznia 2018 r.;<br \/>4) art. 1 pkt 45 lit. b w&nbsp;zakresie wype\u0142niania obowi\u0105zku sta\u0142ego doskonalenia kwalifikacji zawodowych, kt&oacute;ry wchodzi w&nbsp;\u017cycie z&nbsp;dniem 1 stycznia 2019 r.<br \/>W ustawie z&nbsp;dnia 21 sierpnia 1997 r. o&nbsp;gospodarce nieruchomo\u015bciami (Dz. U. z&nbsp;2016 r. poz. 2147 i&nbsp;2260 oraz z&nbsp;2017 r. poz. 624 i&nbsp;820) zmianie ulegnie brzmienie art. 4 pkt 15, art. 16, art. 25b zdanie drugie, art. 25d zdanie drugie, art. 34 w&nbsp;ust. 4 zdanie pierwsze, art. 35, art. 37, art. 43 w&nbsp;ust. 2 pkt 2, art. 60 w&nbsp;ust. 1 pkt 3, art. 61 ust. 4, art. 71, art. 74, art. 77, art. 78, art. 79, art. 81, art. 98a, art. 145 ust. 2 zdanie pierwsze, art. 146 ust. 3, art. 148 ust. 4, art. 151 ust. 1, art. 155, art. 156, art. 157, art. 173a, art. 173c, art. 175, art. 177 ust. 2b pkt 2, art. 178, art. 180 ust. 3 zdanie drugie, art. 185 ust. 2, art. 191, art. 193, art. 194, art. 198 ust. 1 i&nbsp;2, art. 198a, dodany zostanie art. 12a, art. 179a i&nbsp;art. 179b, art. 181a, art. 184a i&nbsp;art. 184b, art. 190a, art. 197a, art. 198b-198e, w&nbsp;art. 181 dodaje si\u0119 ust. 3a i&nbsp;3b, art. 186 po ust. 3 dodaje si\u0119 ust. 3a i&nbsp;3b, w&nbsp;art. 192 dotychczasow\u0105 tre\u015b\u0107 oznacza si\u0119 jako ust. 1 i&nbsp;dodaje si\u0119 ust. 2, w&nbsp;art. 195a dodaje si\u0119 ust. 1a, uchyla si\u0119 art. 158, w&nbsp;art. 23 uchyla si\u0119 ust. 2, w&nbsp;art. 25 uchyla si\u0119 ust. 3.<br \/>W ustawie z&nbsp;dnia 17 maja 1989 r. &#8211; Prawo geodezyjne i&nbsp;kartograficzne (Dz. U. z&nbsp;2016 r. poz. 1629 i&nbsp;1948 oraz z&nbsp;2017 r. poz. 60) zmianie ulegnie brzmienie art. 23 ust. 7, art. 53b ust. 2.<br \/>W ustawie z&nbsp;dnia 8 lipca 2005 r. o&nbsp;realizacji prawa do rekompensaty z&nbsp;tytu\u0142u pozostawienia nieruchomo\u015bci poza obecnymi granicami Rzeczypospolitej Polskiej (Dz. U. z&nbsp;2016 r. poz. 2042 i&nbsp;2260 oraz z&nbsp;2017 r. poz. 624) zmianie ulegnie brzmienie art. 10 ust. 2.<\/p>\n<p style=\"font-size: 14px; text-align: justify;\"><strong>PRAWO ENERGETYCZNE<\/strong><br \/>Rozporz\u0105dzenie Ministra Energii z&nbsp;dnia 1 sierpnia 2017 r. w&nbsp;sprawie prowadzenia przez Koordynatora do spraw negocjacji post\u0119powania w&nbsp;zakresie pozas\u0105dowego rozwi\u0105zywania spor&oacute;w (Dz. U. z&nbsp;2017 r., poz. 1493) &ndash; wesz\u0142o w&nbsp;\u017cycie z&nbsp;dniem 5 sierpnia 2017 r.<br \/>Rozporz\u0105dzenie Ministra Energii z&nbsp;dnia 1 sierpnia 2017 r. w&nbsp;sprawie okre\u015blenia wysoko\u015bci prog&oacute;w finansowych warto\u015bci przedmiotu sporu, kt&oacute;rych przekroczenie uprawnia do odmowy rozpatrzenia sporu (Dz. U. z&nbsp;2017 r., poz. 1494) &ndash; wesz\u0142o w&nbsp;\u017cycie z&nbsp;dniem 5 sierpnia 2017 r.<\/p>\n<p style=\"font-size: 14px; text-align: justify;\"><strong>KSI\u0118GI WIECZYSTE I&nbsp;HIPOTEKA<\/strong><br \/>Rozporz\u0105dzenie Ministra Sprawiedliwo\u015bci z&nbsp;dnia 31 lipca 2017 r. zmieniaj\u0105ce rozporz\u0105dzenie w&nbsp;sprawie zak\u0142adania i&nbsp;prowadzenia ksi\u0105g wieczystych w&nbsp;systemie teleinformatycznym (Dz. U. z&nbsp;2017 r., poz. 1504) &ndash; wesz\u0142o w&nbsp;\u017cycie z&nbsp;dniem 8 sierpnia 2017 r.<br \/>W rozporz\u0105dzeniu Ministra Sprawiedliwo\u015bci z&nbsp;dnia 15 lutego 2016 r. w&nbsp;sprawie zak\u0142adania i&nbsp;prowadzenia ksi\u0105g wieczystych w&nbsp;systemie teleinformatycznym (Dz. U. poz. 312 i&nbsp;410) zmianie uleg\u0142o brzmienie &sect; 68 w&nbsp;ust. 3, za\u0142\u0105cznika nr 1 do rozporz\u0105dzenia.<br \/>Rozporz\u0105dzenie Ministra Sprawiedliwo\u015bci z&nbsp;dnia 31 lipca 2017 r. zmieniaj\u0105ce rozporz\u0105dzenie w&nbsp;sprawie sposobu przenoszenia tre\u015bci dotychczasowej ksi\u0119gi wieczystej do struktury ksi\u0119gi wieczystej prowadzonej w&nbsp;systemie informatycznym (Dz. U. z&nbsp;2017 r., poz. 1500) &ndash; wesz\u0142o w&nbsp;\u017cycie z&nbsp;dniem 5 sierpnia 2017 r.<br \/>W rozporz\u0105dzeniu Ministra Sprawiedliwo\u015bci z&nbsp;dnia 20 sierpnia 2003 r. w&nbsp;sprawie sposobu przenoszenia tre\u015bci dotychczasowej ksi\u0119gi wieczystej do struktury ksi\u0119gi wieczystej prowadzonej w&nbsp;systemie informatycznym (Dz. U. z&nbsp;2016 r. poz. 463) w&nbsp;&sect; 3 uchylony zosta\u0142 ust. 2, uchylony zosta\u0142 za\u0142\u0105cznik nr 1 do rozporz\u0105dzenia.<\/p>\n<p style=\"font-size: 14px; text-align: justify;\"><strong>ZU\u017bYTY SPRZ\u0118T ELEKTRYCZNY I&nbsp;ELEKTRONICZNY<\/strong><br \/>Rozporz\u0105dzenie Ministra \u015arodowiska z&nbsp;dnia 21 lipca 2017 r. w&nbsp;sprawie minimalnych rocznych poziom&oacute;w zbierania zu\u017cytego sprz\u0119tu elektrycznego i&nbsp;elektronicznego (Dz. U. z&nbsp;2017 r., poz. 1499) &ndash; wejdzie w&nbsp;\u017cycie z&nbsp;dniem 1 stycznia 2018 r.<\/p>\n<p style=\"font-size: 14px; text-align: justify;\"><strong>PRAWO MEDYCZNE<\/strong><br \/>Rozporz\u0105dzenie Ministra Zdrowia z&nbsp;dnia 31 lipca 2017 r. w&nbsp;sprawie okre\u015blenia wysoko\u015bci op\u0142at za krew i&nbsp;jej sk\u0142adniki w&nbsp;2018 r. (Dz. U. z&nbsp;2017 r., poz. 1516) &ndash; wejdzie w&nbsp;\u017cycie z&nbsp;dniem 1 stycznia 2018 r.<\/p>\n<p style=\"font-size: 14px; text-align: justify;\"><strong>PRAWO UNII EUROPEJSKIEJ<\/strong><br \/>Rozporz\u0105dzenie wykonawcze Komisji (UE) 2017\/1421 z&nbsp;dnia 2 sierpnia 2017 r. ustalaj\u0105ce informacje techniczne do cel&oacute;w obliczania rezerw techniczno-ubezpieczeniowych i&nbsp;podstawowych \u015brodk&oacute;w w\u0142asnych w&nbsp;odniesieniu do sprawozda\u0144 dla dat odniesienia od dnia 30 czerwca do dnia 29 wrze\u015bnia 2017 r. zgodnie z&nbsp;dyrektyw\u0105 Parlamentu Europejskiego i&nbsp;Rady 2009\/138\/WE w&nbsp;sprawie podejmowania i&nbsp;prowadzenia dzia\u0142alno\u015bci ubezpieczeniowej i&nbsp;reasekuracyjnej (Tekst maj\u0105cy znaczenie dla EOG.)<br \/>Rozporz\u0105dzenie Komisji (UE) 2017\/1432 z&nbsp;dnia 7 sierpnia 2017 r. zmieniaj\u0105ce rozporz\u0105dzenie Parlamentu Europejskiego i&nbsp;Rady (WE) nr 1107\/2009 dotycz\u0105ce wprowadzania do obrotu \u015brodk&oacute;w ochrony ro\u015blin w&nbsp;odniesieniu do kryteri&oacute;w zatwierdzania substancji czynnych niskiego ryzyka (Tekst maj\u0105cy znaczenie dla EOG.)<br \/>Rozporz\u0105dzenie wykonawcze Komisji (UE) 2017\/1431 z&nbsp;dnia 18 maja 2017 r. okre\u015blaj\u0105ce szczeg&oacute;\u0142owe zasady wykonania niekt&oacute;rych przepis&oacute;w rozporz\u0105dzenia Rady (WE) nr 207\/2009 w&nbsp;sprawie znaku towarowego Unii Europejskiej<br \/>Rozporz\u0105dzenie delegowane Komisji (UE) 2017\/1430 z&nbsp;dnia 18 maja 2017 r. uzupe\u0142niaj\u0105ce rozporz\u0105dzenie Rady (WE) nr 207\/2009 w&nbsp;sprawie znaku towarowego Unii Europejskiej oraz uchylaj\u0105ce rozporz\u0105dzenia Komisji (WE) nr 2868\/95 i&nbsp;(WE) nr 216\/96<br \/>Rozporz\u0105dzenie wykonawcze Komisji (UE) 2017\/1440 z&nbsp;dnia 8 sierpnia 2017 r. zmieniaj\u0105ce rozporz\u0105dzenie wykonawcze (UE) 2016\/480 ustanawiaj\u0105ce wsp&oacute;lne zasady dotycz\u0105ce po\u0142\u0105czenia krajowych rejestr&oacute;w elektronicznych przedsi\u0119biorc&oacute;w transportu drogowego (Tekst maj\u0105cy znaczenie dla EOG.)<br \/>Rozporz\u0105dzenie wykonawcze Komisji (UE) 2017\/1455 z&nbsp;dnia 10 sierpnia 2017 r. w&nbsp;sprawie nieodnowienia zatwierdzenia substancji czynnej pikoksystrobina, zgodnie z&nbsp;rozporz\u0105dzeniem Parlamentu Europejskiego i&nbsp;Rady (WE) nr 1107\/2009 dotycz\u0105cym wprowadzania do obrotu \u015brodk&oacute;w ochrony ro\u015blin, oraz w&nbsp;sprawie zmiany za\u0142\u0105cznika do rozporz\u0105dzenia wykonawczego Komisji (UE) nr 540\/2011 (Tekst maj\u0105cy znaczenie dla EOG.)<br \/>Rozporz\u0105dzenie wykonawcze Komisji (UE) 2017\/1454 z&nbsp;dnia 10 sierpnia 2017 r. okre\u015blaj\u0105ce techniczne wzory sprawozda\u0144 sk\u0142adanych przez pa\u0144stwa cz\u0142onkowskie zgodnie z&nbsp;rozporz\u0105dzeniem Parlamentu Europejskiego i&nbsp;Rady (UE) nr 1143\/2014<\/p>\n<p style=\"margin-bottom: 0px; font-size: 14px; text-align: justify;\"><strong>ZARZ\u0104DZENIA PREZESA NARODOWEGO FUNDUSZU ZDROWIA<\/strong><br \/>Zarz\u0105dzenie Nr 68\/2017\/DSOZ Prezesa Narodowego Funduszu Zdrowia z&nbsp;dnia 7 sierpnia 2017 r. zmieniaj\u0105ce zarz\u0105dzenie w&nbsp;sprawie szczeg&oacute;\u0142owych warunk&oacute;w wyp\u0142aty nale\u017cno\u015bci i&nbsp;rozliczania kwoty zobowi\u0105zania wynikaj\u0105cych z&nbsp;realizacji postanowie\u0144 rozporz\u0105dzenia zmieniaj\u0105cego rozporz\u0105dzenie w&nbsp;sprawie og&oacute;lnych warunk&oacute;w um&oacute;w &#8211; wesz\u0142o w&nbsp;\u017cycie z&nbsp;dniem nast\u0119puj\u0105cym po dniu podpisania.<br \/>Zarz\u0105dzenie Nr 69\/2017\/DSOZ Prezesa Narodowego Funduszu Zdrowia z&nbsp;dnia 10 sierpnia 2017 r. w&nbsp;sprawie szczeg&oacute;\u0142owych warunk&oacute;w um&oacute;w w&nbsp;systemie podstawowego szpitalnego zabezpieczenia \u015bwiadcze\u0144 opieki zdrowotnej &#8211; wesz\u0142o w&nbsp;\u017cycie z&nbsp;dniem nast\u0119puj\u0105cym po dniu og\u0142oszenia i&nbsp;stosuje si\u0119 do \u015bwiadcze\u0144 udzielanych od dnia 1 pa\u017adziernika 2017 r.<\/p>\n","protected":false},"excerpt":{"rendered":"<p>We would like to present the next issue of legal bulletin of the Law Office of Adam Polowiec.What you will find here is some information about the new provisions of law and the projects of amendments to acts, but also case-laws including the case laws of Supreme Court, Constitutional Tribunal and European Court of Justice.<\/p>\n","protected":false},"author":3,"featured_media":0,"comment_status":"closed","ping_status":"open","sticky":false,"template":"","format":"standard","meta":{"footnotes":""},"categories":[2],"tags":[],"class_list":["post-793","post","type-post","status-publish","format-standard","hentry","category-wpisy"],"featured_image_src":{"landsacpe":false,"list":false,"medium":false,"full":false},"yoast_head":"<!-- This site is optimized with the Yoast SEO plugin v27.2 - https:\/\/yoast.com\/product\/yoast-seo-wordpress\/ -->\n<title>Legal Bulletin Of The Law Office Of Adam Polowiec (7 August - 13 August 2017) - Polowiec i Wsp\u00f3lnicy - Kancelaria prawna<\/title>\n<meta name=\"robots\" content=\"index, follow, max-snippet:-1, max-image-preview:large, max-video-preview:-1\" \/>\n<link rel=\"canonical\" href=\"https:\/\/polowiec.pl\/en\/legal-bulletin-of-the-law-office-of-adam-polowiec-7-august-13-august-2017\/\" \/>\n<meta property=\"og:locale\" content=\"en_US\" \/>\n<meta property=\"og:type\" content=\"article\" \/>\n<meta property=\"og:title\" content=\"Legal Bulletin Of The Law Office Of Adam Polowiec (7 August - 13 August 2017) - Polowiec i Wsp\u00f3lnicy - Kancelaria prawna\" \/>\n<meta property=\"og:description\" content=\"We would like to present the next issue of legal bulletin of the Law Office of Adam Polowiec.What you will find here is some information about the new provisions of law and the projects of amendments to acts, but also case-laws including the case laws of Supreme Court, Constitutional Tribunal and European Court of Justice.\" \/>\n<meta property=\"og:url\" content=\"https:\/\/polowiec.pl\/en\/legal-bulletin-of-the-law-office-of-adam-polowiec-7-august-13-august-2017\/\" \/>\n<meta property=\"og:site_name\" content=\"Polowiec i Wsp\u00f3lnicy - Kancelaria prawna\" \/>\n<meta property=\"article:publisher\" content=\"https:\/\/www.facebook.com\/polowieciwspolnicy\/\" \/>\n<meta property=\"article:published_time\" content=\"2017-08-16T05:34:13+00:00\" \/>\n<meta property=\"article:modified_time\" content=\"2019-04-18T17:01:04+00:00\" \/>\n<meta name=\"author\" content=\"Marcin Rusinek\" \/>\n<meta name=\"twitter:card\" content=\"summary_large_image\" \/>\n<meta name=\"twitter:label1\" content=\"Written by\" \/>\n\t<meta name=\"twitter:data1\" content=\"Marcin Rusinek\" \/>\n\t<meta name=\"twitter:label2\" content=\"Est. reading time\" \/>\n\t<meta name=\"twitter:data2\" content=\"7 minutes\" \/>\n<script type=\"application\/ld+json\" class=\"yoast-schema-graph\">{\"@context\":\"https:\/\/schema.org\",\"@graph\":[{\"@type\":\"Article\",\"@id\":\"https:\/\/polowiec.pl\/en\/legal-bulletin-of-the-law-office-of-adam-polowiec-7-august-13-august-2017\/#article\",\"isPartOf\":{\"@id\":\"https:\/\/polowiec.pl\/en\/legal-bulletin-of-the-law-office-of-adam-polowiec-7-august-13-august-2017\/\"},\"author\":{\"name\":\"Marcin Rusinek\",\"@id\":\"https:\/\/polowiec.pl\/en\/#\/schema\/person\/74c7526b6f52be5ae94031504f9ffec4\"},\"headline\":\"Legal Bulletin Of The Law Office Of Adam Polowiec (7 August &#8211; 13 August 2017)\",\"datePublished\":\"2017-08-16T05:34:13+00:00\",\"dateModified\":\"2019-04-18T17:01:04+00:00\",\"mainEntityOfPage\":{\"@id\":\"https:\/\/polowiec.pl\/en\/legal-bulletin-of-the-law-office-of-adam-polowiec-7-august-13-august-2017\/\"},\"wordCount\":1362,\"publisher\":{\"@id\":\"https:\/\/polowiec.pl\/en\/#organization\"},\"articleSection\":[\"Wpisy\"],\"inLanguage\":\"en-US\"},{\"@type\":\"WebPage\",\"@id\":\"https:\/\/polowiec.pl\/en\/legal-bulletin-of-the-law-office-of-adam-polowiec-7-august-13-august-2017\/\",\"url\":\"https:\/\/polowiec.pl\/en\/legal-bulletin-of-the-law-office-of-adam-polowiec-7-august-13-august-2017\/\",\"name\":\"Legal Bulletin Of The Law Office Of Adam Polowiec (7 August - 13 August 2017) - Polowiec i Wsp\u00f3lnicy - Kancelaria prawna\",\"isPartOf\":{\"@id\":\"https:\/\/polowiec.pl\/en\/#website\"},\"datePublished\":\"2017-08-16T05:34:13+00:00\",\"dateModified\":\"2019-04-18T17:01:04+00:00\",\"breadcrumb\":{\"@id\":\"https:\/\/polowiec.pl\/en\/legal-bulletin-of-the-law-office-of-adam-polowiec-7-august-13-august-2017\/#breadcrumb\"},\"inLanguage\":\"en-US\",\"potentialAction\":[{\"@type\":\"ReadAction\",\"target\":[\"https:\/\/polowiec.pl\/en\/legal-bulletin-of-the-law-office-of-adam-polowiec-7-august-13-august-2017\/\"]}]},{\"@type\":\"BreadcrumbList\",\"@id\":\"https:\/\/polowiec.pl\/en\/legal-bulletin-of-the-law-office-of-adam-polowiec-7-august-13-august-2017\/#breadcrumb\",\"itemListElement\":[{\"@type\":\"ListItem\",\"position\":1,\"name\":\"Strona g\u0142\u00f3wna\",\"item\":\"https:\/\/polowiec.pl\/en\/\"},{\"@type\":\"ListItem\",\"position\":2,\"name\":\"Legal Bulletin Of The Law Office Of Adam Polowiec (7 August &#8211; 13 August 2017)\"}]},{\"@type\":\"WebSite\",\"@id\":\"https:\/\/polowiec.pl\/en\/#website\",\"url\":\"https:\/\/polowiec.pl\/en\/\",\"name\":\"Polowiec i Wsp\u00f3lnicy - Kancelaria prawna\",\"description\":\"Obs\u0142uga prawna\",\"publisher\":{\"@id\":\"https:\/\/polowiec.pl\/en\/#organization\"},\"potentialAction\":[{\"@type\":\"SearchAction\",\"target\":{\"@type\":\"EntryPoint\",\"urlTemplate\":\"https:\/\/polowiec.pl\/en\/?s={search_term_string}\"},\"query-input\":{\"@type\":\"PropertyValueSpecification\",\"valueRequired\":true,\"valueName\":\"search_term_string\"}}],\"inLanguage\":\"en-US\"},{\"@type\":\"Organization\",\"@id\":\"https:\/\/polowiec.pl\/en\/#organization\",\"name\":\"Polowiec i Wsp\u00f3lnicy - Kancelaria prawna\",\"url\":\"https:\/\/polowiec.pl\/en\/\",\"logo\":{\"@type\":\"ImageObject\",\"inLanguage\":\"en-US\",\"@id\":\"https:\/\/polowiec.pl\/en\/#\/schema\/logo\/image\/\",\"url\":\"https:\/\/polowiec.pl\/wp-content\/uploads\/2018\/10\/polowiec_logo2-1.png\",\"contentUrl\":\"https:\/\/polowiec.pl\/wp-content\/uploads\/2018\/10\/polowiec_logo2-1.png\",\"width\":540,\"height\":381,\"caption\":\"Polowiec i Wsp\u00f3lnicy - Kancelaria prawna\"},\"image\":{\"@id\":\"https:\/\/polowiec.pl\/en\/#\/schema\/logo\/image\/\"},\"sameAs\":[\"https:\/\/www.facebook.com\/polowieciwspolnicy\/\",\"https:\/\/www.linkedin.com\/company\/polowiec-i-wsplnicy-sp.j.\/about\/\"]},{\"@type\":\"Person\",\"@id\":\"https:\/\/polowiec.pl\/en\/#\/schema\/person\/74c7526b6f52be5ae94031504f9ffec4\",\"name\":\"Marcin Rusinek\",\"image\":{\"@type\":\"ImageObject\",\"inLanguage\":\"en-US\",\"@id\":\"https:\/\/secure.gravatar.com\/avatar\/b50a0a5c3e71d904f5e57a757d39977d01c43e075c6bf5b4df909ffbbe004790?s=96&d=mm&r=g\",\"url\":\"https:\/\/secure.gravatar.com\/avatar\/b50a0a5c3e71d904f5e57a757d39977d01c43e075c6bf5b4df909ffbbe004790?s=96&d=mm&r=g\",\"contentUrl\":\"https:\/\/secure.gravatar.com\/avatar\/b50a0a5c3e71d904f5e57a757d39977d01c43e075c6bf5b4df909ffbbe004790?s=96&d=mm&r=g\",\"caption\":\"Marcin Rusinek\"}}]}<\/script>\n<!-- \/ Yoast SEO plugin. -->","yoast_head_json":{"title":"Legal Bulletin Of The Law Office Of Adam Polowiec (7 August - 13 August 2017) - Polowiec i Wsp\u00f3lnicy - Kancelaria prawna","robots":{"index":"index","follow":"follow","max-snippet":"max-snippet:-1","max-image-preview":"max-image-preview:large","max-video-preview":"max-video-preview:-1"},"canonical":"https:\/\/polowiec.pl\/en\/legal-bulletin-of-the-law-office-of-adam-polowiec-7-august-13-august-2017\/","og_locale":"en_US","og_type":"article","og_title":"Legal Bulletin Of The Law Office Of Adam Polowiec (7 August - 13 August 2017) - Polowiec i Wsp\u00f3lnicy - Kancelaria prawna","og_description":"We would like to present the next issue of legal bulletin of the Law Office of Adam Polowiec.What you will find here is some information about the new provisions of law and the projects of amendments to acts, but also case-laws including the case laws of Supreme Court, Constitutional Tribunal and European Court of Justice.","og_url":"https:\/\/polowiec.pl\/en\/legal-bulletin-of-the-law-office-of-adam-polowiec-7-august-13-august-2017\/","og_site_name":"Polowiec i Wsp\u00f3lnicy - Kancelaria prawna","article_publisher":"https:\/\/www.facebook.com\/polowieciwspolnicy\/","article_published_time":"2017-08-16T05:34:13+00:00","article_modified_time":"2019-04-18T17:01:04+00:00","author":"Marcin Rusinek","twitter_card":"summary_large_image","twitter_misc":{"Written by":"Marcin Rusinek","Est. reading time":"7 minutes"},"schema":{"@context":"https:\/\/schema.org","@graph":[{"@type":"Article","@id":"https:\/\/polowiec.pl\/en\/legal-bulletin-of-the-law-office-of-adam-polowiec-7-august-13-august-2017\/#article","isPartOf":{"@id":"https:\/\/polowiec.pl\/en\/legal-bulletin-of-the-law-office-of-adam-polowiec-7-august-13-august-2017\/"},"author":{"name":"Marcin Rusinek","@id":"https:\/\/polowiec.pl\/en\/#\/schema\/person\/74c7526b6f52be5ae94031504f9ffec4"},"headline":"Legal Bulletin Of The Law Office Of Adam Polowiec (7 August &#8211; 13 August 2017)","datePublished":"2017-08-16T05:34:13+00:00","dateModified":"2019-04-18T17:01:04+00:00","mainEntityOfPage":{"@id":"https:\/\/polowiec.pl\/en\/legal-bulletin-of-the-law-office-of-adam-polowiec-7-august-13-august-2017\/"},"wordCount":1362,"publisher":{"@id":"https:\/\/polowiec.pl\/en\/#organization"},"articleSection":["Wpisy"],"inLanguage":"en-US"},{"@type":"WebPage","@id":"https:\/\/polowiec.pl\/en\/legal-bulletin-of-the-law-office-of-adam-polowiec-7-august-13-august-2017\/","url":"https:\/\/polowiec.pl\/en\/legal-bulletin-of-the-law-office-of-adam-polowiec-7-august-13-august-2017\/","name":"Legal Bulletin Of The Law Office Of Adam Polowiec (7 August - 13 August 2017) - Polowiec i Wsp\u00f3lnicy - Kancelaria prawna","isPartOf":{"@id":"https:\/\/polowiec.pl\/en\/#website"},"datePublished":"2017-08-16T05:34:13+00:00","dateModified":"2019-04-18T17:01:04+00:00","breadcrumb":{"@id":"https:\/\/polowiec.pl\/en\/legal-bulletin-of-the-law-office-of-adam-polowiec-7-august-13-august-2017\/#breadcrumb"},"inLanguage":"en-US","potentialAction":[{"@type":"ReadAction","target":["https:\/\/polowiec.pl\/en\/legal-bulletin-of-the-law-office-of-adam-polowiec-7-august-13-august-2017\/"]}]},{"@type":"BreadcrumbList","@id":"https:\/\/polowiec.pl\/en\/legal-bulletin-of-the-law-office-of-adam-polowiec-7-august-13-august-2017\/#breadcrumb","itemListElement":[{"@type":"ListItem","position":1,"name":"Strona g\u0142\u00f3wna","item":"https:\/\/polowiec.pl\/en\/"},{"@type":"ListItem","position":2,"name":"Legal Bulletin Of The Law Office Of Adam Polowiec (7 August &#8211; 13 August 2017)"}]},{"@type":"WebSite","@id":"https:\/\/polowiec.pl\/en\/#website","url":"https:\/\/polowiec.pl\/en\/","name":"Polowiec i Wsp\u00f3lnicy - Kancelaria prawna","description":"Obs\u0142uga prawna","publisher":{"@id":"https:\/\/polowiec.pl\/en\/#organization"},"potentialAction":[{"@type":"SearchAction","target":{"@type":"EntryPoint","urlTemplate":"https:\/\/polowiec.pl\/en\/?s={search_term_string}"},"query-input":{"@type":"PropertyValueSpecification","valueRequired":true,"valueName":"search_term_string"}}],"inLanguage":"en-US"},{"@type":"Organization","@id":"https:\/\/polowiec.pl\/en\/#organization","name":"Polowiec i Wsp\u00f3lnicy - Kancelaria prawna","url":"https:\/\/polowiec.pl\/en\/","logo":{"@type":"ImageObject","inLanguage":"en-US","@id":"https:\/\/polowiec.pl\/en\/#\/schema\/logo\/image\/","url":"https:\/\/polowiec.pl\/wp-content\/uploads\/2018\/10\/polowiec_logo2-1.png","contentUrl":"https:\/\/polowiec.pl\/wp-content\/uploads\/2018\/10\/polowiec_logo2-1.png","width":540,"height":381,"caption":"Polowiec i Wsp\u00f3lnicy - Kancelaria prawna"},"image":{"@id":"https:\/\/polowiec.pl\/en\/#\/schema\/logo\/image\/"},"sameAs":["https:\/\/www.facebook.com\/polowieciwspolnicy\/","https:\/\/www.linkedin.com\/company\/polowiec-i-wsplnicy-sp.j.\/about\/"]},{"@type":"Person","@id":"https:\/\/polowiec.pl\/en\/#\/schema\/person\/74c7526b6f52be5ae94031504f9ffec4","name":"Marcin Rusinek","image":{"@type":"ImageObject","inLanguage":"en-US","@id":"https:\/\/secure.gravatar.com\/avatar\/b50a0a5c3e71d904f5e57a757d39977d01c43e075c6bf5b4df909ffbbe004790?s=96&d=mm&r=g","url":"https:\/\/secure.gravatar.com\/avatar\/b50a0a5c3e71d904f5e57a757d39977d01c43e075c6bf5b4df909ffbbe004790?s=96&d=mm&r=g","contentUrl":"https:\/\/secure.gravatar.com\/avatar\/b50a0a5c3e71d904f5e57a757d39977d01c43e075c6bf5b4df909ffbbe004790?s=96&d=mm&r=g","caption":"Marcin Rusinek"}}]}},"_links":{"self":[{"href":"https:\/\/polowiec.pl\/en\/wp-json\/wp\/v2\/posts\/793","targetHints":{"allow":["GET"]}}],"collection":[{"href":"https:\/\/polowiec.pl\/en\/wp-json\/wp\/v2\/posts"}],"about":[{"href":"https:\/\/polowiec.pl\/en\/wp-json\/wp\/v2\/types\/post"}],"author":[{"embeddable":true,"href":"https:\/\/polowiec.pl\/en\/wp-json\/wp\/v2\/users\/3"}],"replies":[{"embeddable":true,"href":"https:\/\/polowiec.pl\/en\/wp-json\/wp\/v2\/comments?post=793"}],"version-history":[{"count":0,"href":"https:\/\/polowiec.pl\/en\/wp-json\/wp\/v2\/posts\/793\/revisions"}],"wp:attachment":[{"href":"https:\/\/polowiec.pl\/en\/wp-json\/wp\/v2\/media?parent=793"}],"wp:term":[{"taxonomy":"category","embeddable":true,"href":"https:\/\/polowiec.pl\/en\/wp-json\/wp\/v2\/categories?post=793"},{"taxonomy":"post_tag","embeddable":true,"href":"https:\/\/polowiec.pl\/en\/wp-json\/wp\/v2\/tags?post=793"}],"curies":[{"name":"wp","href":"https:\/\/api.w.org\/{rel}","templated":true}]}}