{"id":802,"date":"2017-09-12T07:47:15","date_gmt":"2017-09-12T05:47:15","guid":{"rendered":"https:\/\/nowa.polowiec.pl\/legal-bulletin-of-the-law-office-of-adam-polowiec-21-sierpnia-2017-r-10-wrzesnia-2017-r\/"},"modified":"2019-04-18T18:31:32","modified_gmt":"2019-04-18T16:31:32","slug":"legal-bulletin-of-the-law-office-of-adam-polowiec-21-sierpnia-2017-r-10-wrzesnia-2017-r","status":"publish","type":"post","link":"https:\/\/polowiec.pl\/en\/legal-bulletin-of-the-law-office-of-adam-polowiec-21-sierpnia-2017-r-10-wrzesnia-2017-r\/","title":{"rendered":"Legal Bulletin Of The Law Office Of Adam Polowiec (21 August 2017 \u2013 10 September 2017)"},"content":{"rendered":"<p><span style=\"font-size: 14px; text-align: justify;\">We would like to present the next issue of legal bulletin of the Law Office of Adam Polowiec.<\/span><br style=\"font-size: 14px; text-align: justify;\" \/><span style=\"font-size: 14px; text-align: justify;\">What you will find here is some information about the new provisions of law and the projects of amendments to acts, but also case-laws including the case laws of Supreme Court, Constitutional Tribunal and European Court of Justice.<\/span><\/p>\n<p>  <!--more-->  <\/p>\n<p style=\"margin-top: 20px; font-size: 14px; text-align: justify;\"><strong>_____Nowe Prawo<\/strong><\/p>\n<div class=\"tm-main uk-width-medium-4-5 uk-row-first\" style=\"width: 932px; font-size: 14px; text-align: justify; margin: 0px; float: left; padding-left: 35px; min-height: 4148px;\">\n<article class=\"uk-article\" style=\"margin-top: 0px; padding-top: 10px;\" data-permalink=\"http:\/\/polowiec.pl\/pl\/newsletter\/801-biuletyn-prawniczy-kancelarii-radcy-prawnego-adam-polowiec-21-sierpnia-2017-r-10-wrzesnia-2017-r.html\">\n<p><strong>SP&Oacute;\u0141DZIELNIE MIESZKANIOWE<\/strong><br \/>Ustawa z&nbsp;dnia 20 lipca 2017 r. o&nbsp;zmianie ustawy o&nbsp;sp&oacute;\u0142dzielniach mieszkaniowych, ustawy &#8211; Kodeks post\u0119powania cywilnego oraz ustawy &#8211; Prawo sp&oacute;\u0142dzielcze (Dz. U. z&nbsp;2017 r., poz. 1596) ) &ndash; wesz\u0142a w&nbsp;\u017cycie z&nbsp;dniem 9 wrze\u015bnia 2017 r.<br \/>W ustawie z&nbsp;dnia 15 grudnia 2000 r. o&nbsp;sp&oacute;\u0142dzielniach mieszkaniowych (Dz. U. z&nbsp;2013 r. poz. 1222, z&nbsp;2015 r. poz. 201 oraz z&nbsp;2017 r. poz. 1442) zmianie uleg\u0142o brzmienie art. 1, art. 3, art. 4 w&nbsp;ust. 41 pkt 2, art. 9, art. 10 ust. 1 i&nbsp;2, art. 11, art. 13, art. 14 ust. 1, art. 15, art. 16, art. 171 ust. 6, art. 18, art. 19, art. 20 ust. 1 i&nbsp;2, art. 21, art. 22 ust. 1 zdanie pierwsze, art. 23 ust. 2, art. 241, art. 26, art. 27 ust. 2,3, art. 48, w&nbsp;art. 83 dodany zosta\u0142 ust. 11, dodany zosta\u0142 art. 161.<br \/>W ustawie z&nbsp;dnia 17 listopada 1964 r. &#8211; Kodeks post\u0119powania cywilnego (Dz. U. z&nbsp;2016 r. poz. 1822, z&nbsp;p&oacute;\u017an. zm.) zmianie uleg\u0142o brzmienie art. 831.<br \/>W ustawie z&nbsp;dnia 16 wrze\u015bnia 1982 r. &#8211; Prawo sp&oacute;\u0142dzielcze (Dz. U. z&nbsp;2017 r. poz. 1560) zmianie uleg\u0142o brzmienie art. 93a, w&nbsp;art. 91 dodany zosta\u0142 &sect; 41.<\/p>\n<p><strong>PRAWO PRACY<\/strong><br \/>Rozporz\u0105dzenie Rady Ministr&oacute;w z&nbsp;dnia 16 sierpnia 2017 r. zmieniaj\u0105ce rozporz\u0105dzenie w&nbsp;sprawie przygotowania zawodowego m\u0142odocianych i&nbsp;ich wynagradzania (Dz. U. z&nbsp;2017 r., poz. 1641) &ndash; wesz\u0142o w&nbsp;\u017cycie z&nbsp;dniem 1 wrze\u015bnia 2017 r.&nbsp;<br \/>W rozporz\u0105dzeniu Rady Ministr&oacute;w z&nbsp;dnia 28 maja 1996 r. w&nbsp;sprawie przygotowania zawodowego m\u0142odocianych i&nbsp;ich wynagradzania (Dz. U. z&nbsp;2014 r. poz. 232) zmianie uleg\u0142o brzmienie &sect; 5, &sect; 10 ust. 1 pkt 1, &sect; 11 ust. 2-4, &sect; 12, &sect; 15 ust. 2.<br \/>Rozporz\u0105dzenie Ministra Rodziny, Pracy i&nbsp;Polityki Spo\u0142ecznej z&nbsp;dnia 29 sierpnia 2017 r. zmieniaj\u0105ce rozporz\u0105dzenie w&nbsp;sprawie informacji dotycz\u0105cych gospodarki \u015brodkami Funduszu Gwarantowanych \u015awiadcze\u0144 Pracowniczych, przekazywanych przez marsza\u0142k&oacute;w wojew&oacute;dztw dysponentowi Funduszu (Dz. U. z&nbsp;2017 r., poz. 1705) &ndash; wesz\u0142o w&nbsp;\u017cycie z&nbsp;dniem 7 wrze\u015bnia 2017 r.<br \/>W rozporz\u0105dzeniu Ministra Pracy i&nbsp;Polityki Spo\u0142ecznej z&nbsp;dnia 16 grudnia 2011 r. w&nbsp;sprawie informacji dotycz\u0105cych gospodarki \u015brodkami Funduszu Gwarantowanych \u015awiadcze\u0144 Pracowniczych, przekazywanych przez marsza\u0142k&oacute;w wojew&oacute;dztw dysponentowi Funduszu (Dz. U. poz. 1637) zmianie uleg\u0142o brzmienie &sect; 2 ust. 1, &sect; 3 ust. 1, &sect; 4 ust. 1, &sect; 5 ust. 1, &sect; 13 ust. 3, &sect; 15 i&nbsp;16, za\u0142\u0105czniki nr 1-6 do rozporz\u0105dzenia.<\/p>\n<p><strong>KODEKS POST\u0118POWANIA CYWILNEGO<\/strong><br \/>Rozporz\u0105dzenie Ministra Sprawiedliwo\u015bci z&nbsp;dnia 1 wrze\u015bnia 2017 r. zmieniaj\u0105ce rozporz\u0105dzenie w&nbsp;sprawie trybu zak\u0142adania i&nbsp;udost\u0119pniania konta w&nbsp;systemie teleinformatycznym obs\u0142uguj\u0105cym post\u0119powanie s\u0105dowe (Dz. U. z&nbsp;2017 r., poz. 1699) &ndash; wesz\u0142o w&nbsp;\u017cycie z&nbsp;dniem 7 wrze\u015bnia 2017 r.<br \/>W rozporz\u0105dzeniu Ministra Sprawiedliwo\u015bci z&nbsp;dnia 26 kwietnia 2016 r. w&nbsp;sprawie trybu zak\u0142adania i&nbsp;udost\u0119pniania konta w&nbsp;systemie teleinformatycznym obs\u0142uguj\u0105cym post\u0119powanie s\u0105dowe (Dz. U. poz. 637 oraz z&nbsp;2017 r. poz. 267) zmianie uleg\u0142o brzmienie &sect; 3 ust. 1, &sect; 5 ust. 2, &sect; 9 ust. 2.<\/p>\n<p><strong>ODNAWIALNE \u0179R&Oacute;D\u0141A ENERGII<\/strong><br \/>Rozporz\u0105dzenie Ministra Energii z&nbsp;dnia 11 sierpnia 2017 r. w&nbsp;sprawie zmiany wielko\u015bci udzia\u0142u ilo\u015bciowego sumy energii elektrycznej wynikaj\u0105cej z&nbsp;umorzonych \u015bwiadectw pochodzenia potwierdzaj\u0105cych wytworzenie energii elektrycznej z&nbsp;odnawialnych \u017ar&oacute;de\u0142 energii w&nbsp;latach 2018-2019 (Dz. U. z&nbsp;2017 r., poz. 1559) &ndash; wesz\u0142o w&nbsp;\u017cycie z&nbsp;dniem 30 sierpnia 2017 r.<br \/>Ustawa z&nbsp;dnia 20 lipca 2017 r. o&nbsp;zmianie ustawy o&nbsp;odnawialnych \u017ar&oacute;d\u0142ach energii (Dz. U. z&nbsp;2017 r., poz. 1593) &#8211; wejdzie w&nbsp;\u017cycie z&nbsp;dniem 25 wrze\u015bnia 2017 r.<br \/>W ustawie z&nbsp;dnia 20 lutego 2015 r. o&nbsp;odnawialnych \u017ar&oacute;d\u0142ach energii (Dz. U. z&nbsp;2017 r. poz. 1148 i&nbsp;1213) zmianie ulegnie brzmienie art. 56, art. 64 ust. 5.<\/p>\n<p><strong>PRAWO WODNE<\/strong><br \/>Ustawa z&nbsp;dnia 20 lipca 2017 r. Prawo wodne (Dz. U. z&nbsp;2017 r., poz. 1566) &ndash; wejdzie w&nbsp;\u017cycie z&nbsp;dniem 1 stycznia 2018 r., z&nbsp;wyj\u0105tkiem:<\/p>\n<p>1) art. 102-112, art. 494, art. 502, art. 506, art. 515, art. 525 ust. 3-6 oraz 8 i&nbsp;9, art. 539 ust. 3-5 i&nbsp;7, art. 540 ust. 1-4, 6 i&nbsp;7, art. 541, art. 542, art. 544 ust. 1, art. 554 oraz art. 570, kt&oacute;re wchodz\u0105 w&nbsp;\u017cycie z&nbsp;dniem nast\u0119puj\u0105cym po dniu og\u0142oszenia;<br \/>2) art. 532 ust. 5 i&nbsp;6, kt&oacute;re wchodz\u0105 w&nbsp;\u017cycie z&nbsp;dniem 31 grudnia 2017 r.;<br \/>3) art. 524, kt&oacute;ry wchodzi w&nbsp;\u017cycie z&nbsp;dniem 1 stycznia 2019 r.;<br \/>4) art. 274 pkt 1, kt&oacute;ry wchodzi w&nbsp;\u017cycie z&nbsp;dniem 1 stycznia 2020 r.;<br \/>5) art. 36 ust. 1-3 oraz 6 i&nbsp;7 oraz art. 303 ust. 1 i&nbsp;4, kt&oacute;re wchodz\u0105 w&nbsp;\u017cycie z&nbsp;dniem 1 stycznia 2021 r.<\/p>\n<p><strong>PRAWO KARNE<\/strong><br \/>Rozporz\u0105dzenie Ministra Sprawiedliwo\u015bci z&nbsp;dnia 31 lipca 2017 r. w&nbsp;sprawie trybu, sposobu i&nbsp;zakresu uzyskiwania i&nbsp;udost\u0119pniania informacji z&nbsp;Rejestru z&nbsp;dost\u0119pem ograniczonym oraz sposobu zak\u0142adania konta u\u017cytkownika (Dz. U. z&nbsp;2017 r., poz. 1561) &ndash; wejdzie w&nbsp;\u017cycie z&nbsp;dniem 1 pa\u017adziernika 2017 r.<br \/>Rozporz\u0105dzenie Ministra Sprawiedliwo\u015bci z&nbsp;dnia 11 sierpnia 2017 r. zmieniaj\u0105ce rozporz\u0105dzenie w&nbsp;sprawie wykazu zak\u0142ad&oacute;w leczniczych, w&nbsp;tym psychiatrycznych, przeznaczonych do wykonywania tymczasowego aresztowania oraz warunk&oacute;w zabezpieczenia tych zak\u0142ad&oacute;w (Dz. U. z&nbsp;2017 r., poz. 1585) &ndash; wesz\u0142o w&nbsp;\u017cycie z&nbsp;dniem 9 wrze\u015bnia 2017 r.<br \/>W za\u0142\u0105czniku &#8220;Wykaz zak\u0142ad&oacute;w leczniczych przeznaczonych do wykonywania tymczasowego aresztowania&#8221; do rozporz\u0105dzenia Ministra Sprawiedliwo\u015bci z&nbsp;dnia 16 czerwca 2015 r. w&nbsp;sprawie wykazu zak\u0142ad&oacute;w leczniczych, w&nbsp;tym psychiatrycznych, przeznaczonych do wykonywania tymczasowego aresztowania oraz warunk&oacute;w zabezpieczenia tych zak\u0142ad&oacute;w (Dz. U. z&nbsp;2016 r. poz. 1733) uchyla si\u0119 pkt 12, 21, 46, 51, 68, 73, 74, 76, 77, 88, 89, 92, 122-124, zmianie uleg\u0142o brzmienie pkt 106.<\/p>\n<p><strong>PRAWO O&nbsp;NOTARIACIE<\/strong><br \/>Rozporz\u0105dzenie Ministra Sprawiedliwo\u015bci z&nbsp;dnia 28 sierpnia 2017 r. zmieniaj\u0105ce rozporz\u0105dzenie w&nbsp;sprawie prowadzenia ksi\u0105g notarialnych oraz przekazywania na przechowanie dokument&oacute;w s\u0105dom rejonowym (Dz. U. z&nbsp;2017 r., poz. 1715) &ndash; wejdzie w&nbsp;\u017cycie z&nbsp;dniem 22 wrze\u015bnia 2017 r.<br \/>W rozporz\u0105dzeniu Ministra Sprawiedliwo\u015bci z&nbsp;dnia 12 kwietnia 1991 r. w&nbsp;sprawie prowadzenia ksi\u0105g notarialnych oraz przekazywania na przechowanie dokument&oacute;w s\u0105dom rejonowym (Dz. U. poz. 147, z&nbsp;1993 r. poz. 440 oraz z&nbsp;2008 r. poz. 1666) zmianie ulegnie brzmienie &sect; 10 ust. 2.<\/p>\n<p><strong>PRAWO PODATKOWE<\/strong><br \/>Rozporz\u0105dzenie Ministra Rozwoju i&nbsp;Finans&oacute;w z&nbsp;dnia 23 sierpnia 2017 r. w&nbsp;sprawie zaniechania poboru podatku od spadk&oacute;w i&nbsp;darowizn od niekt&oacute;rych podatnik&oacute;w (Dz. U. z&nbsp;2017 r., poz. 1574) &ndash; wesz\u0142o w&nbsp;\u017cycie z&nbsp;dniem 25 sierpnia 2017 r.<br \/>Rozporz\u0105dzenie Ministra Rozwoju i&nbsp;Finans&oacute;w z&nbsp;dnia 4 wrze\u015bnia 2017 r. zmieniaj\u0105ce rozporz\u0105dzenie w&nbsp;sprawie towar&oacute;w i&nbsp;us\u0142ug, dla kt&oacute;rych obni\u017ca si\u0119 stawk\u0119 podatku od towar&oacute;w i&nbsp;us\u0142ug, oraz warunk&oacute;w stosowania stawek obni\u017conych (Dz. U. z&nbsp;2017 r., poz. 1702) &ndash; wesz\u0142o w&nbsp;\u017cycie z&nbsp;dniem 6 wrze\u015bnia 2017 r.<br \/>W rozporz\u0105dzeniu Ministra Finans&oacute;w z&nbsp;dnia 23 grudnia 2013 r. w&nbsp;sprawie towar&oacute;w i&nbsp;us\u0142ug, dla kt&oacute;rych obni\u017ca si\u0119 stawk\u0119 podatku od towar&oacute;w i&nbsp;us\u0142ug, oraz warunk&oacute;w stosowania stawek obni\u017conych (Dz. U. z&nbsp;2017 r. poz. 839) dodany zosta\u0142 rozdzia\u0142 4a.<\/p>\n<p><strong>\u015aWIADCZENIA OPIEKI ZDROWOTNEJ FINANSOWANE ZE \u015aRODK&Oacute;W PUBLICZNYCH<\/strong><br \/>Rozporz\u0105dzenie Ministra Zdrowia z&nbsp;dnia 3 sierpnia 2017 r. zmieniaj\u0105ce rozporz\u0105dzenie w&nbsp;sprawie \u015bwiadcze\u0144 gwarantowanych z&nbsp;zakresu leczenia szpitalnego (Dz. U. z&nbsp;2017 r., poz. 1565) &ndash; wejdzie w&nbsp;\u017cycie po up\u0142ywie 30 dni od dnia og\u0142oszenia, z&nbsp;wyj\u0105tkiem &sect; 1 pkt 1 oraz lp. 39 za\u0142\u0105cznika nr 4 do rozporz\u0105dzenia zmienianego w&nbsp;&sect; 1, w&nbsp;brzmieniu nadanym niniejszym rozporz\u0105dzeniem, kt&oacute;re wchodz\u0105 w&nbsp;\u017cycie z&nbsp;dniem 1 stycznia 2018 r.<br \/>W rozporz\u0105dzeniu Ministra Zdrowia z&nbsp;dnia 22 listopada 2013 r. w&nbsp;sprawie \u015bwiadcze\u0144 gwarantowanych z&nbsp;zakresu leczenia szpitalnego (Dz. U. z&nbsp;2016 r. poz. 694, z&nbsp;p&oacute;\u017an. zm.) zmianie ulegnie brzmienie za\u0142\u0105cznika nr 1, 4 do rozporz\u0105dzenia.<\/p>\n<p><strong>KODKS KARNY WYKONAWCZY<\/strong><br \/>Rozporz\u0105dzenie Ministra Sprawiedliwo\u015bci z&nbsp;dnia 31 lipca 2017 r. zmieniaj\u0105ce rozporz\u0105dzenie w&nbsp;sprawie szczeg&oacute;\u0142owych zasad zatrudniania skazanych (Dz. U. z&nbsp;2017 r., poz. 1675) &ndash; wesz\u0142o w&nbsp;\u017cycie z&nbsp;dniem 2 wrze\u015bnia 2017 r.<br \/>W rozporz\u0105dzeniu Ministra Sprawiedliwo\u015bci z&nbsp;dnia 9 lutego 2004 r. w&nbsp;sprawie szczeg&oacute;\u0142owych zasad zatrudniania skazanych (Dz. U. poz. 242 oraz z&nbsp;2011 r. poz. 746) zmianie ulegnie brzmienie &sect; 13 pkt 2, &sect; 35, za\u0142\u0105cznika nr 2 do rozporz\u0105dzenia lit. A, w&nbsp;&sect; 21 dotychczasow\u0105 tre\u015b\u0107 oznacza si\u0119 jako ust. 1 i&nbsp;dodaje si\u0119 ust. 2, dodany zosta\u0142 &sect; 4a, w&nbsp;&sect; 34 dodaje si\u0119 ust. 3, uchylony zosta\u0142 &sect; 29.<br \/>Rozporz\u0105dzenie Ministra Sprawiedliwo\u015bci z&nbsp;dnia 21 sierpnia 2017 r. w&nbsp;sprawie trybu wyznaczania podmiot&oacute;w, na rzecz kt&oacute;rych skazani mog\u0105 wykonywa\u0107 prace na cele spo\u0142eczne, oraz czynno\u015bci tych podmiot&oacute;w w&nbsp;zakresie wykonywania pracy (Dz. U. z&nbsp;2017 r., poz. 1676) &ndash; wesz\u0142o w&nbsp;\u017cycie z&nbsp;dniem 2 wrze\u015bnia 2017 r.<\/p>\n<p><strong>PRAWO OCHRONY \u015aRODOWISKA<\/strong><br \/>Rozporz\u0105dzenie Ministra Rozwoju i&nbsp;Finans&oacute;w z&nbsp;dnia 1 sierpnia 2017 r. w&nbsp;sprawie wymaga\u0144 dla kot\u0142&oacute;w na paliwo sta\u0142e (Dz. U. z&nbsp;2017 r., poz. 1690) &ndash; wejdzie w&nbsp;\u017cycie z&nbsp;dniem 1 pa\u017adziernika 2017 r.<\/p>\n<p><strong>PRAWO DROGOWE<\/strong><br \/>Rozporz\u0105dzenie Ministra Infrastruktury i&nbsp;Budownictwa z&nbsp;dnia 16 sierpnia 2017 r. w&nbsp;sprawie okre\u015blenia wzoru informacji w&nbsp;sprawie op\u0142aty paliwowej (Dz. U. z&nbsp;2017 r., poz. 1671) &ndash; wejdzie w&nbsp;\u017cycie z&nbsp;dniem 1 stycznia 2018 r.<\/p>\n<p><strong>PRAWO UNII EUROPEJSKIEJ<\/strong><br \/>Rozporz\u0105dzenie wykonawcze Komisji (UE) 2017\/1506 z&nbsp;dnia 28 sierpnia 2017 r. w&nbsp;sprawie odnowienia zatwierdzenia substancji czynnej hydrazyd kwasu maleinowego, zgodnie z&nbsp;rozporz\u0105dzeniem Parlamentu Europejskiego i&nbsp;Rady (WE) nr 1107\/2009 dotycz\u0105cym wprowadzania do obrotu \u015brodk&oacute;w ochrony ro\u015blin, oraz w&nbsp;sprawie zmiany za\u0142\u0105cznika do rozporz\u0105dzenia wykonawczego Komisji (UE) nr 540\/2011 (Tekst maj\u0105cy znaczenie dla EOG.)<br \/>Rozporz\u0105dzenie Komisji (UE) 2017\/1505 z&nbsp;dnia 28 sierpnia 2017 r. zmieniaj\u0105ce za\u0142\u0105czniki I, II i&nbsp;III do rozporz\u0105dzenia Parlamentu Europejskiego i&nbsp;Rady (WE) nr 1221\/2009 w&nbsp;sprawie dobrowolnego udzia\u0142u organizacji w&nbsp;systemie ekozarz\u0105dzania i&nbsp;audytu we Wsp&oacute;lnocie (EMAS) (Tekst maj\u0105cy znaczenie dla EOG.)<br \/>Rozporz\u0105dzenie wykonawcze Komisji (UE) 2017\/1486 z&nbsp;dnia 10 lipca 2017 r. zmieniaj\u0105ce rozporz\u0105dzenie wykonawcze (UE) 2016\/2070 w&nbsp;odniesieniu do portfeli odniesienia oraz instrukcji dotycz\u0105cych przekazywania informacji (Tekst maj\u0105cy znaczenie dla EOG.)<br \/>Rozporz\u0105dzenie wykonawcze Komisji (UE) 2017\/1511 z&nbsp;dnia 30 sierpnia 2017 r. zmieniaj\u0105ce rozporz\u0105dzenie wykonawcze (UE) nr 540\/2011 w&nbsp;odniesieniu do przed\u0142u\u017cenia okres&oacute;w zatwierdzenia substancji czynnych 1-metylocyklopropen, beta-cyflutryna, chlorotalonil, chlorotoluron, cypermetryna, daminozyd, deltametryna, dimetenamid-p, flufenacet, flurtamon, forchlorfenuron, fostiazat, indoksakarb, iprodion, MCPA, MCPB, siltiofam, tiofanat metylu i&nbsp;tribenuron (Tekst maj\u0105cy znaczenie dla EOG.)<br \/>Rozporz\u0105dzenie Komisji (UE) 2017\/1510 z&nbsp;dnia 30 sierpnia 2017 r. zmieniaj\u0105ce dodatki do za\u0142\u0105cznika XVII do rozporz\u0105dzenia (WE) nr 1907\/2006 Parlamentu Europejskiego i&nbsp;Rady w&nbsp;sprawie rejestracji, oceny, udzielania zezwole\u0144 i&nbsp;stosowanych ogranicze\u0144 w&nbsp;zakresie chemikali&oacute;w (REACH) w&nbsp;odniesieniu do substancji CMR (Tekst maj\u0105cy znaczenie dla EOG.)<br \/>Rozporz\u0105dzenie wykonawcze Komisji (UE) 2017\/1514 z&nbsp;dnia 31 sierpnia 2017 r. w&nbsp;sprawie wszcz\u0119cia przegl\u0105du rozporz\u0105dzenia wykonawczego Rady (UE) nr 1371\/2013 (rozszerzaj\u0105cego ostateczne c\u0142o antydumpingowe na\u0142o\u017cone rozporz\u0105dzeniem wykonawczym (UE) nr 791\/2011 wobec przywozu niekt&oacute;rych rodzaj&oacute;w tkanin siatkowych o&nbsp;otwartych oczkach z&nbsp;w\u0142&oacute;kien szklanych pochodz\u0105cych z&nbsp;Chi\u0144skiej Republiki Ludowej na przyw&oacute;z niekt&oacute;rych rodzaj&oacute;w tkanin siatkowych o&nbsp;otwartych oczkach z&nbsp;w\u0142&oacute;kien szklanych wysy\u0142anych z&nbsp;Indii i&nbsp;Indonezji, zg\u0142oszonych lub niezg\u0142oszonych jako pochodz\u0105ce z&nbsp;Indii i&nbsp;Indonezji) w&nbsp;celu ustalenia mo\u017cliwo\u015bci przyznania zwolnienia z&nbsp;tych \u015brodk&oacute;w jednemu producentowi eksportuj\u0105cemu z&nbsp;Indii, uchylenia c\u0142a antydumpingowego w&nbsp;odniesieniu do towar&oacute;w przywo\u017conych przez tego producenta eksportuj\u0105cego oraz w&nbsp;sprawie obj\u0119cia rejestracj\u0105 towar&oacute;w przez niego przywo\u017conych<br \/>Rozporz\u0105dzenie Komisji (UE) 2017\/1515 z&nbsp;dnia 31 sierpnia 2017 r. w&nbsp;sprawie wykonania rozporz\u0105dzenia (WE) nr 808\/2004 Parlamentu Europejskiego i&nbsp;Rady dotycz\u0105cego statystyk Wsp&oacute;lnoty w&nbsp;sprawie spo\u0142ecze\u0144stwa informacyjnego za rok referencyjny 2018 (Tekst maj\u0105cy znaczenie dla EOG.)<br \/>Rozporz\u0105dzenie delegowane Komisji (UE) 2017\/1522 z&nbsp;dnia 2 czerwca 2017 r. uzupe\u0142niaj\u0105ce rozporz\u0105dzenie Parlamentu Europejskiego i&nbsp;Rady (UE) nr 609\/2013 w&nbsp;odniesieniu do szczeg&oacute;\u0142owych wymog&oacute;w dotycz\u0105cych sk\u0142adu i&nbsp;informacji w&nbsp;odniesieniu do \u015brodk&oacute;w spo\u017cywczych zast\u0119puj\u0105cych ca\u0142odzienn\u0105 diet\u0119, do kontroli masy cia\u0142a (Tekst maj\u0105cy znaczenie dla EOG.)<br \/>Rozporz\u0105dzenie wykonawcze Komisji (UE) 2017\/1529 z&nbsp;dnia 7 wrze\u015bnia 2017 r. w&nbsp;sprawie zatwierdzenia substancji podstawowej chlorek sodu zgodnie z&nbsp;rozporz\u0105dzeniem Parlamentu Europejskiego i&nbsp;Rady (WE) nr 1107\/2009 dotycz\u0105cym wprowadzania do obrotu \u015brodk&oacute;w ochrony ro\u015blin oraz w&nbsp;sprawie zmiany za\u0142\u0105cznika do rozporz\u0105dzenia wykonawczego Komisji (UE) nr 540\/2011 (Tekst maj\u0105cy znaczenie dla EOG.)<br \/>Rozporz\u0105dzenie wykonawcze Komisji (UE) 2017\/1527 z&nbsp;dnia 6 wrze\u015bnia 2017 r. zmieniaj\u0105ce rozporz\u0105dzenie wykonawcze (UE) nr 540\/2011 w&nbsp;odniesieniu do przed\u0142u\u017cenia okres&oacute;w zatwierdzenia substancji czynnych: cyflufenamid, fluopikolid, heptamaloksyloglukan i&nbsp;malation (Tekst maj\u0105cy znaczenie dla EOG.)<br \/>Rozporz\u0105dzenie wykonawcze Komisji (UE) 2017\/1530 z&nbsp;dnia 7 wrze\u015bnia 2017 r. zmieniaj\u0105ce rozporz\u0105dzenie wykonawcze (UE) nr 540\/2011 w&nbsp;odniesieniu do przed\u0142u\u017cenia okresu zatwierdzenia substancji czynnej chizalofop-P-tefurylowy (Tekst maj\u0105cy znaczenie dla EOG.)<\/p>\n<p style=\"margin-bottom: 20px;\"><strong>ZARZ\u0104DZENIA PREZESA NARODOWEGO FUNDUSZU ZDROWIA<\/strong><br \/>Zarz\u0105dzenie Nr 73\/2017\/DSOZ Prezesa Narodowego Funduszu Zdrowia z&nbsp;dnia 22 sierpnia 2017 r. zmieniaj\u0105ce zarz\u0105dzenie w&nbsp;sprawie okre\u015blenia warunk&oacute;w zawierania i&nbsp;realizacji um&oacute;w w&nbsp;rodzaju leczenie szpitalne &#8211; wchodzi w&nbsp;\u017cycie z&nbsp;dniem 1 pa\u017adziernika 2017 r., z&nbsp;wyj\u0105tkiem:<br \/>1) lp. 69 za\u0142\u0105cznika nr 2 do niniejszego zarz\u0105dzenia;<br \/>2) lp. 80 za\u0142\u0105cznika nr 3 do niniejszego zarz\u0105dzenia<br \/>&#8211; kt&oacute;re wchodz\u0105 w&nbsp;\u017cycie z&nbsp;moc\u0105 od dnia 23 lipca 2017 r.<br \/>Zarz\u0105dzenie Nr 74\/2017\/DGL Prezesa Narodowego Funduszu Zdrowia z&nbsp;dnia 22 sierpnia 2017 r. zmieniaj\u0105ce zarz\u0105dzenie w&nbsp;sprawie okre\u015blenia warunk&oacute;w zawierania i&nbsp;realizacji um&oacute;w w&nbsp;rodzaju leczenie szpitalne w&nbsp;zakresie programy zdrowotne (lekowe) &#8211; wchodzi w&nbsp;\u017cycie z&nbsp;dniem nast\u0119puj\u0105cym po dniu podpisania, z&nbsp;moc\u0105 od dnia 1 lipca 2017 r.<br \/>Zarz\u0105dzenie Nr 75\/2017\/DGL Prezesa Narodowego Funduszu Zdrowia z&nbsp;dnia 29 sierpnia 2017 r. zmieniaj\u0105ce zarz\u0105dzenie w&nbsp;sprawie okre\u015blenia warunk&oacute;w zawierania i&nbsp;realizacji um&oacute;w w&nbsp;rodzaju leczenie szpitalne w&nbsp;zakresie chemioterapia &#8211; wchodzi w&nbsp;\u017cycie z&nbsp;dniem nast\u0119puj\u0105cym po dniu podpisania, z&nbsp;moc\u0105 od dnia 12 lipca 2017 r.<br \/>Zarz\u0105dzenie Nr 77\/2017\/DSOZ Prezesa Narodowego Funduszu Zdrowia z&nbsp;dnia 29 sierpnia 2017 r. w&nbsp;sprawie zmiany zarz\u0105dzenia zmieniaj\u0105cego zarz\u0105dzenie w&nbsp;sprawie okre\u015blenia warunk&oacute;w zawierania i&nbsp;realizacji um&oacute;w w&nbsp;rodzaju \u015bwiadczenia zdrowotne kontraktowane odr\u0119bnie &#8211; wesz\u0142o w&nbsp;\u017cycie z&nbsp;dniem podpisania.<br \/>Zarz\u0105dzenie Nr 78\/2017\/DSO Prezesa Narodowego Funduszu Zdrowia z&nbsp;dnia 30 sierpnia 2017 r. zmieniaj\u0105ce zarz\u0105dzenie w&nbsp;sprawie szczeg&oacute;\u0142owych warunk&oacute;w um&oacute;w w&nbsp;systemie podstawowego szpitalnego zabezpieczenia \u015bwiadcze\u0144 opieki zdrowotnej &ndash; wesz\u0142o w&nbsp;\u017cycie z&nbsp;dniem podpisania.<br \/>Zarz\u0105dzenie Nr 79\/2017\/DSOZ Prezesa Narodowego Funduszu Zdrowia z&nbsp;dnia 30 sierpnia 2017 r. zmieniaj\u0105ce zarz\u0105dzenie w&nbsp;sprawie okre\u015blenia warunk&oacute;w zawierania i&nbsp;realizacji um&oacute;w w&nbsp;rodzaju leczenie szpitalne &#8211; \u015bwiadczenia kompleksowe &#8211; wchodzi w&nbsp;\u017cycie z&nbsp;dniem 1 pa\u017adziernika 2017 r.<br \/>Zarz\u0105dzenie Nr 80\/2017\/DGL Prezesa Narodowego Funduszu Zdrowia z&nbsp;dnia 30 sierpnia 2017 r. zmieniaj\u0105ce zarz\u0105dzenie w&nbsp;sprawie okre\u015blenia warunk&oacute;w zawierania i&nbsp;realizacji um&oacute;w w&nbsp;rodzaju leczenie szpitalne w&nbsp;zakresie chemioterapia &#8211; wesz\u0142o w&nbsp;\u017cycie z&nbsp;dniem 1 wrze\u015bnia 2017 r.<br \/>Zarz\u0105dzenie Nr 81\/2017\/DSOZ Prezesa Narodowego Funduszu Zdrowia z&nbsp;dnia 8 wrze\u015bnia 2017 r. zmieniaj\u0105ce zarz\u0105dzenie w&nbsp;sprawie szczeg&oacute;\u0142owych warunk&oacute;w um&oacute;w w&nbsp;systemie podstawowego szpitalnego zabezpieczenia \u015bwiadcze\u0144 opieki zdrowotnej &#8211; wchodzi w&nbsp;\u017cycie z&nbsp;dniem 1 pa\u017adziernika 2017 r.<br \/>Zarz\u0105dzenie Nr 83\/2017\/DSOZ Prezesa Narodowego Funduszu Zdrowia z&nbsp;dnia 9 wrze\u015bnia 2017 r. zmieniaj\u0105ce zarz\u0105dzenie w&nbsp;sprawie okre\u015blenia warunk&oacute;w zawierania i&nbsp;realizacji um&oacute;w w&nbsp;rodzaju opieka paliatywna i&nbsp;hospicyjna &#8211; wchodzi w&nbsp;\u017cycie po up\u0142ywie 30 dni od dnia podpisania.<\/p>\n<p style=\"margin-top: 20px; font-size: 14px; text-align: justify;\"><strong>_____Orzecznictwo<\/strong><br \/><strong>S\u0105d Najwy\u017cszy<\/strong><\/p>\n<p style=\"font-size: 14px; text-align: justify;\"><strong>ZALICZENIE NA POCZET R&Oacute;\u017bNICY MI\u0118DZY OP\u0141AT\u0104 DOTYCHCZASOW\u0104 A&nbsp;OP\u0141AT\u0104 ZAKTUALIZOWAN\u0104 WARTO\u015aCI NAK\u0141AD&Oacute;W PONIESIONYCH PRZEZ U\u017bYTKOWNIKA WIECZYSTEGO NIERUCHOMO\u015aCI<\/strong><br \/>Przewidziane w&nbsp;art. 77 ust. 4 i&nbsp;5 ustawy z&nbsp;dnia 21 sierpnia 1997 r. o&nbsp;gospodarce nieruchomo\u015bciami (jedn. tekst Dz.U. z&nbsp;2016 r., poz. 2147 ze zm.), w&nbsp;brzmieniu obowi\u0105zuj\u0105cym do dnia 22 sierpnia 2017 r., zaliczenie na poczet r&oacute;\u017cnicy mi\u0119dzy op\u0142at\u0105 dotychczasow\u0105 a&nbsp;op\u0142at\u0105 zaktualizowan\u0105 warto\u015bci nak\u0142ad&oacute;w poniesionych przez u\u017cytkownika wieczystego nieruchomo\u015bci na budow\u0119 poszczeg&oacute;lnych urz\u0105dze\u0144 infrastruktury technicznej nie mo\u017ce nast\u0105pi\u0107 przy pierwszej aktualizacji op\u0142aty rocznej z&nbsp;tytu\u0142u u\u017cytkowania wieczystego &ndash;Uchwa\u0142a S\u0105du Najwy\u017cszego z&nbsp;dnia 24 sierpnia 2017 r., sygn. akt III CZP 33\/17.<\/p>\n<p style=\"font-size: 14px; text-align: justify;\"><strong>NABYCIE W\u0141ASNO\u015aCI NIERUCHOMO\u015aCI ROLNEJ W&nbsp;TOKU EGZEKUCJI S\u0104DOWEJ Z&nbsp;NIERUCHOMO\u015aCI<\/strong><br \/>Do nabycia w\u0142asno\u015bci nieruchomo\u015bci rolnej w&nbsp;toku egzekucji s\u0105dowej z&nbsp;nieruchomo\u015bci, wszcz\u0119tej przed dniem 30 kwietnia 2016 r. nie stosuje si\u0119 ogranicze\u0144 w&nbsp;nabywaniu nieruchomo\u015bci rolnych wynikaj\u0105cych z&nbsp;art. 2a ustawy z&nbsp;dnia 11 kwietnia 2003 r. o&nbsp;kszta\u0142towaniu ustroju rolnego (jedn. tekst Dz.U. z&nbsp;2012 r., poz. 803) wprowadzonego przez art. 7 pkt 4 ustawy z&nbsp;dnia 14 kwietnia 2016 r. o&nbsp;wstrzymaniu sprzeda\u017cy nieruchomo\u015bci Zasobu W\u0142asno\u015bci Rolnej Skarbu Pa\u0144stwa oraz o&nbsp;zmianie niekt&oacute;rych ustaw (Dz.U. z&nbsp;2016 r., poz. 585). &ndash; Uchwa\u0142a S\u0105du Najwy\u017cszego z&nbsp;dnia 24 sierpnia 2017 r., sygn. akt III CZP 35\/17.<\/p>\n<p style=\"font-size: 14px; text-align: justify;\"><strong>WYDATKI NA NAJEM POJAZDU ZAST\u0118PCZEGO PONIESIONE PRZEZ POSZKODOWANEGO<\/strong><br \/>Wydatki na najem pojazdu zast\u0119pczego poniesione przez poszkodowanego, przekraczaj\u0105ce koszty zaproponowanego przez ubezpieczyciela skorzystania z&nbsp;takiego pojazdu s\u0105 obj\u0119te odpowiedzialno\u015bci\u0105 z&nbsp;tytu\u0142u umowy obowi\u0105zkowego ubezpieczenia odpowiedzialno\u015bci cywilnej posiadaczy pojazd&oacute;w mechanicznych, je\u017celi ich poniesienie by\u0142o celowe i&nbsp;ekonomicznie uzasadnione. &ndash; Uchwa\u0142a S\u0105du Najwy\u017cszego z&nbsp;dnia 24 sierpnia 2017 r., sygn. akt III CZP 20\/17.<\/p>\n<p style=\"margin-bottom: 0px; font-size: 14px; text-align: justify;\"><strong>UP\u0141YW TERMINU, NA KT&Oacute;RY ZOSTA\u0141O USTANOWIONE PRAWO U\u017bYTKOWANIA WIECZYSTEGO GRUNTU<\/strong><br \/>Up\u0142yw terminu, na kt&oacute;ry zosta\u0142o ustanowione prawo u\u017cytkowania wieczystego gruntu, nie powoduje wyga\u015bni\u0119cia prawa odr\u0119bnej w\u0142asno\u015bci lokalu znajduj\u0105cego si\u0119 w&nbsp;budynku po\u0142o\u017conym na tym gruncie &ndash; Uchwa\u0142a S\u0105du Najwy\u017cszego z&nbsp;dnia 25 sierpnia 2017 r., sygn. akt III CZP 11\/17.<\/p>\n<\/article><\/div>\n","protected":false},"excerpt":{"rendered":"<p>We would like to present the next issue of legal bulletin of the Law Office of Adam Polowiec.What you will find here is some information about the new provisions of law and the projects of amendments to acts, but also case-laws including the case laws of Supreme Court, Constitutional Tribunal and European Court of Justice.<\/p>\n","protected":false},"author":3,"featured_media":0,"comment_status":"closed","ping_status":"open","sticky":false,"template":"","format":"standard","meta":{"footnotes":""},"categories":[2],"tags":[],"class_list":["post-802","post","type-post","status-publish","format-standard","hentry","category-wpisy"],"featured_image_src":{"landsacpe":false,"list":false,"medium":false,"full":false},"yoast_head":"<!-- This site is optimized with the Yoast SEO plugin v27.2 - https:\/\/yoast.com\/product\/yoast-seo-wordpress\/ -->\n<title>Legal Bulletin Of The Law Office Of Adam Polowiec (21 August 2017 \u2013 10 September 2017) - Polowiec i Wsp\u00f3lnicy - Kancelaria prawna<\/title>\n<meta name=\"robots\" content=\"index, follow, max-snippet:-1, max-image-preview:large, max-video-preview:-1\" \/>\n<link rel=\"canonical\" href=\"https:\/\/polowiec.pl\/en\/legal-bulletin-of-the-law-office-of-adam-polowiec-21-sierpnia-2017-r-10-wrzesnia-2017-r\/\" \/>\n<meta property=\"og:locale\" content=\"en_US\" \/>\n<meta property=\"og:type\" content=\"article\" \/>\n<meta property=\"og:title\" content=\"Legal Bulletin Of The Law Office Of Adam Polowiec (21 August 2017 \u2013 10 September 2017) - Polowiec i Wsp\u00f3lnicy - Kancelaria prawna\" \/>\n<meta property=\"og:description\" content=\"We would like to present the next issue of legal bulletin of the Law Office of Adam Polowiec.What you will find here is some information about the new provisions of law and the projects of amendments to acts, but also case-laws including the case laws of Supreme Court, Constitutional Tribunal and European Court of Justice.\" \/>\n<meta property=\"og:url\" content=\"https:\/\/polowiec.pl\/en\/legal-bulletin-of-the-law-office-of-adam-polowiec-21-sierpnia-2017-r-10-wrzesnia-2017-r\/\" \/>\n<meta property=\"og:site_name\" content=\"Polowiec i Wsp\u00f3lnicy - Kancelaria prawna\" \/>\n<meta property=\"article:publisher\" content=\"https:\/\/www.facebook.com\/polowieciwspolnicy\/\" \/>\n<meta property=\"article:published_time\" content=\"2017-09-12T05:47:15+00:00\" \/>\n<meta property=\"article:modified_time\" content=\"2019-04-18T16:31:32+00:00\" \/>\n<meta name=\"author\" content=\"Marcin Rusinek\" \/>\n<meta name=\"twitter:card\" content=\"summary_large_image\" \/>\n<meta name=\"twitter:label1\" content=\"Written by\" \/>\n\t<meta name=\"twitter:data1\" content=\"Marcin Rusinek\" \/>\n\t<meta name=\"twitter:label2\" content=\"Est. reading time\" \/>\n\t<meta name=\"twitter:data2\" content=\"17 minutes\" \/>\n<script type=\"application\/ld+json\" class=\"yoast-schema-graph\">{\"@context\":\"https:\/\/schema.org\",\"@graph\":[{\"@type\":\"Article\",\"@id\":\"https:\/\/polowiec.pl\/en\/legal-bulletin-of-the-law-office-of-adam-polowiec-21-sierpnia-2017-r-10-wrzesnia-2017-r\/#article\",\"isPartOf\":{\"@id\":\"https:\/\/polowiec.pl\/en\/legal-bulletin-of-the-law-office-of-adam-polowiec-21-sierpnia-2017-r-10-wrzesnia-2017-r\/\"},\"author\":{\"name\":\"Marcin Rusinek\",\"@id\":\"https:\/\/polowiec.pl\/en\/#\/schema\/person\/74c7526b6f52be5ae94031504f9ffec4\"},\"headline\":\"Legal Bulletin Of The Law Office Of Adam Polowiec (21 August 2017 \u2013 10 September 2017)\",\"datePublished\":\"2017-09-12T05:47:15+00:00\",\"dateModified\":\"2019-04-18T16:31:32+00:00\",\"mainEntityOfPage\":{\"@id\":\"https:\/\/polowiec.pl\/en\/legal-bulletin-of-the-law-office-of-adam-polowiec-21-sierpnia-2017-r-10-wrzesnia-2017-r\/\"},\"wordCount\":3343,\"publisher\":{\"@id\":\"https:\/\/polowiec.pl\/en\/#organization\"},\"articleSection\":[\"Wpisy\"],\"inLanguage\":\"en-US\"},{\"@type\":\"WebPage\",\"@id\":\"https:\/\/polowiec.pl\/en\/legal-bulletin-of-the-law-office-of-adam-polowiec-21-sierpnia-2017-r-10-wrzesnia-2017-r\/\",\"url\":\"https:\/\/polowiec.pl\/en\/legal-bulletin-of-the-law-office-of-adam-polowiec-21-sierpnia-2017-r-10-wrzesnia-2017-r\/\",\"name\":\"Legal Bulletin Of The Law Office Of Adam Polowiec (21 August 2017 \u2013 10 September 2017) - Polowiec i Wsp\u00f3lnicy - Kancelaria prawna\",\"isPartOf\":{\"@id\":\"https:\/\/polowiec.pl\/en\/#website\"},\"datePublished\":\"2017-09-12T05:47:15+00:00\",\"dateModified\":\"2019-04-18T16:31:32+00:00\",\"breadcrumb\":{\"@id\":\"https:\/\/polowiec.pl\/en\/legal-bulletin-of-the-law-office-of-adam-polowiec-21-sierpnia-2017-r-10-wrzesnia-2017-r\/#breadcrumb\"},\"inLanguage\":\"en-US\",\"potentialAction\":[{\"@type\":\"ReadAction\",\"target\":[\"https:\/\/polowiec.pl\/en\/legal-bulletin-of-the-law-office-of-adam-polowiec-21-sierpnia-2017-r-10-wrzesnia-2017-r\/\"]}]},{\"@type\":\"BreadcrumbList\",\"@id\":\"https:\/\/polowiec.pl\/en\/legal-bulletin-of-the-law-office-of-adam-polowiec-21-sierpnia-2017-r-10-wrzesnia-2017-r\/#breadcrumb\",\"itemListElement\":[{\"@type\":\"ListItem\",\"position\":1,\"name\":\"Strona g\u0142\u00f3wna\",\"item\":\"https:\/\/polowiec.pl\/en\/\"},{\"@type\":\"ListItem\",\"position\":2,\"name\":\"Legal Bulletin Of The Law Office Of Adam Polowiec (21 August 2017 \u2013 10 September 2017)\"}]},{\"@type\":\"WebSite\",\"@id\":\"https:\/\/polowiec.pl\/en\/#website\",\"url\":\"https:\/\/polowiec.pl\/en\/\",\"name\":\"Polowiec i Wsp\u00f3lnicy - Kancelaria prawna\",\"description\":\"Obs\u0142uga prawna\",\"publisher\":{\"@id\":\"https:\/\/polowiec.pl\/en\/#organization\"},\"potentialAction\":[{\"@type\":\"SearchAction\",\"target\":{\"@type\":\"EntryPoint\",\"urlTemplate\":\"https:\/\/polowiec.pl\/en\/?s={search_term_string}\"},\"query-input\":{\"@type\":\"PropertyValueSpecification\",\"valueRequired\":true,\"valueName\":\"search_term_string\"}}],\"inLanguage\":\"en-US\"},{\"@type\":\"Organization\",\"@id\":\"https:\/\/polowiec.pl\/en\/#organization\",\"name\":\"Polowiec i Wsp\u00f3lnicy - Kancelaria prawna\",\"url\":\"https:\/\/polowiec.pl\/en\/\",\"logo\":{\"@type\":\"ImageObject\",\"inLanguage\":\"en-US\",\"@id\":\"https:\/\/polowiec.pl\/en\/#\/schema\/logo\/image\/\",\"url\":\"https:\/\/polowiec.pl\/wp-content\/uploads\/2018\/10\/polowiec_logo2-1.png\",\"contentUrl\":\"https:\/\/polowiec.pl\/wp-content\/uploads\/2018\/10\/polowiec_logo2-1.png\",\"width\":540,\"height\":381,\"caption\":\"Polowiec i Wsp\u00f3lnicy - Kancelaria prawna\"},\"image\":{\"@id\":\"https:\/\/polowiec.pl\/en\/#\/schema\/logo\/image\/\"},\"sameAs\":[\"https:\/\/www.facebook.com\/polowieciwspolnicy\/\",\"https:\/\/www.linkedin.com\/company\/polowiec-i-wsplnicy-sp.j.\/about\/\"]},{\"@type\":\"Person\",\"@id\":\"https:\/\/polowiec.pl\/en\/#\/schema\/person\/74c7526b6f52be5ae94031504f9ffec4\",\"name\":\"Marcin Rusinek\",\"image\":{\"@type\":\"ImageObject\",\"inLanguage\":\"en-US\",\"@id\":\"https:\/\/secure.gravatar.com\/avatar\/b50a0a5c3e71d904f5e57a757d39977d01c43e075c6bf5b4df909ffbbe004790?s=96&d=mm&r=g\",\"url\":\"https:\/\/secure.gravatar.com\/avatar\/b50a0a5c3e71d904f5e57a757d39977d01c43e075c6bf5b4df909ffbbe004790?s=96&d=mm&r=g\",\"contentUrl\":\"https:\/\/secure.gravatar.com\/avatar\/b50a0a5c3e71d904f5e57a757d39977d01c43e075c6bf5b4df909ffbbe004790?s=96&d=mm&r=g\",\"caption\":\"Marcin Rusinek\"}}]}<\/script>\n<!-- \/ Yoast SEO plugin. -->","yoast_head_json":{"title":"Legal Bulletin Of The Law Office Of Adam Polowiec (21 August 2017 \u2013 10 September 2017) - Polowiec i Wsp\u00f3lnicy - Kancelaria prawna","robots":{"index":"index","follow":"follow","max-snippet":"max-snippet:-1","max-image-preview":"max-image-preview:large","max-video-preview":"max-video-preview:-1"},"canonical":"https:\/\/polowiec.pl\/en\/legal-bulletin-of-the-law-office-of-adam-polowiec-21-sierpnia-2017-r-10-wrzesnia-2017-r\/","og_locale":"en_US","og_type":"article","og_title":"Legal Bulletin Of The Law Office Of Adam Polowiec (21 August 2017 \u2013 10 September 2017) - Polowiec i Wsp\u00f3lnicy - Kancelaria prawna","og_description":"We would like to present the next issue of legal bulletin of the Law Office of Adam Polowiec.What you will find here is some information about the new provisions of law and the projects of amendments to acts, but also case-laws including the case laws of Supreme Court, Constitutional Tribunal and European Court of Justice.","og_url":"https:\/\/polowiec.pl\/en\/legal-bulletin-of-the-law-office-of-adam-polowiec-21-sierpnia-2017-r-10-wrzesnia-2017-r\/","og_site_name":"Polowiec i Wsp\u00f3lnicy - Kancelaria prawna","article_publisher":"https:\/\/www.facebook.com\/polowieciwspolnicy\/","article_published_time":"2017-09-12T05:47:15+00:00","article_modified_time":"2019-04-18T16:31:32+00:00","author":"Marcin Rusinek","twitter_card":"summary_large_image","twitter_misc":{"Written by":"Marcin Rusinek","Est. reading time":"17 minutes"},"schema":{"@context":"https:\/\/schema.org","@graph":[{"@type":"Article","@id":"https:\/\/polowiec.pl\/en\/legal-bulletin-of-the-law-office-of-adam-polowiec-21-sierpnia-2017-r-10-wrzesnia-2017-r\/#article","isPartOf":{"@id":"https:\/\/polowiec.pl\/en\/legal-bulletin-of-the-law-office-of-adam-polowiec-21-sierpnia-2017-r-10-wrzesnia-2017-r\/"},"author":{"name":"Marcin Rusinek","@id":"https:\/\/polowiec.pl\/en\/#\/schema\/person\/74c7526b6f52be5ae94031504f9ffec4"},"headline":"Legal Bulletin Of The Law Office Of Adam Polowiec (21 August 2017 \u2013 10 September 2017)","datePublished":"2017-09-12T05:47:15+00:00","dateModified":"2019-04-18T16:31:32+00:00","mainEntityOfPage":{"@id":"https:\/\/polowiec.pl\/en\/legal-bulletin-of-the-law-office-of-adam-polowiec-21-sierpnia-2017-r-10-wrzesnia-2017-r\/"},"wordCount":3343,"publisher":{"@id":"https:\/\/polowiec.pl\/en\/#organization"},"articleSection":["Wpisy"],"inLanguage":"en-US"},{"@type":"WebPage","@id":"https:\/\/polowiec.pl\/en\/legal-bulletin-of-the-law-office-of-adam-polowiec-21-sierpnia-2017-r-10-wrzesnia-2017-r\/","url":"https:\/\/polowiec.pl\/en\/legal-bulletin-of-the-law-office-of-adam-polowiec-21-sierpnia-2017-r-10-wrzesnia-2017-r\/","name":"Legal Bulletin Of The Law Office Of Adam Polowiec (21 August 2017 \u2013 10 September 2017) - Polowiec i Wsp\u00f3lnicy - Kancelaria prawna","isPartOf":{"@id":"https:\/\/polowiec.pl\/en\/#website"},"datePublished":"2017-09-12T05:47:15+00:00","dateModified":"2019-04-18T16:31:32+00:00","breadcrumb":{"@id":"https:\/\/polowiec.pl\/en\/legal-bulletin-of-the-law-office-of-adam-polowiec-21-sierpnia-2017-r-10-wrzesnia-2017-r\/#breadcrumb"},"inLanguage":"en-US","potentialAction":[{"@type":"ReadAction","target":["https:\/\/polowiec.pl\/en\/legal-bulletin-of-the-law-office-of-adam-polowiec-21-sierpnia-2017-r-10-wrzesnia-2017-r\/"]}]},{"@type":"BreadcrumbList","@id":"https:\/\/polowiec.pl\/en\/legal-bulletin-of-the-law-office-of-adam-polowiec-21-sierpnia-2017-r-10-wrzesnia-2017-r\/#breadcrumb","itemListElement":[{"@type":"ListItem","position":1,"name":"Strona g\u0142\u00f3wna","item":"https:\/\/polowiec.pl\/en\/"},{"@type":"ListItem","position":2,"name":"Legal Bulletin Of The Law Office Of Adam Polowiec (21 August 2017 \u2013 10 September 2017)"}]},{"@type":"WebSite","@id":"https:\/\/polowiec.pl\/en\/#website","url":"https:\/\/polowiec.pl\/en\/","name":"Polowiec i Wsp\u00f3lnicy - Kancelaria prawna","description":"Obs\u0142uga prawna","publisher":{"@id":"https:\/\/polowiec.pl\/en\/#organization"},"potentialAction":[{"@type":"SearchAction","target":{"@type":"EntryPoint","urlTemplate":"https:\/\/polowiec.pl\/en\/?s={search_term_string}"},"query-input":{"@type":"PropertyValueSpecification","valueRequired":true,"valueName":"search_term_string"}}],"inLanguage":"en-US"},{"@type":"Organization","@id":"https:\/\/polowiec.pl\/en\/#organization","name":"Polowiec i Wsp\u00f3lnicy - Kancelaria prawna","url":"https:\/\/polowiec.pl\/en\/","logo":{"@type":"ImageObject","inLanguage":"en-US","@id":"https:\/\/polowiec.pl\/en\/#\/schema\/logo\/image\/","url":"https:\/\/polowiec.pl\/wp-content\/uploads\/2018\/10\/polowiec_logo2-1.png","contentUrl":"https:\/\/polowiec.pl\/wp-content\/uploads\/2018\/10\/polowiec_logo2-1.png","width":540,"height":381,"caption":"Polowiec i Wsp\u00f3lnicy - Kancelaria prawna"},"image":{"@id":"https:\/\/polowiec.pl\/en\/#\/schema\/logo\/image\/"},"sameAs":["https:\/\/www.facebook.com\/polowieciwspolnicy\/","https:\/\/www.linkedin.com\/company\/polowiec-i-wsplnicy-sp.j.\/about\/"]},{"@type":"Person","@id":"https:\/\/polowiec.pl\/en\/#\/schema\/person\/74c7526b6f52be5ae94031504f9ffec4","name":"Marcin Rusinek","image":{"@type":"ImageObject","inLanguage":"en-US","@id":"https:\/\/secure.gravatar.com\/avatar\/b50a0a5c3e71d904f5e57a757d39977d01c43e075c6bf5b4df909ffbbe004790?s=96&d=mm&r=g","url":"https:\/\/secure.gravatar.com\/avatar\/b50a0a5c3e71d904f5e57a757d39977d01c43e075c6bf5b4df909ffbbe004790?s=96&d=mm&r=g","contentUrl":"https:\/\/secure.gravatar.com\/avatar\/b50a0a5c3e71d904f5e57a757d39977d01c43e075c6bf5b4df909ffbbe004790?s=96&d=mm&r=g","caption":"Marcin Rusinek"}}]}},"_links":{"self":[{"href":"https:\/\/polowiec.pl\/en\/wp-json\/wp\/v2\/posts\/802","targetHints":{"allow":["GET"]}}],"collection":[{"href":"https:\/\/polowiec.pl\/en\/wp-json\/wp\/v2\/posts"}],"about":[{"href":"https:\/\/polowiec.pl\/en\/wp-json\/wp\/v2\/types\/post"}],"author":[{"embeddable":true,"href":"https:\/\/polowiec.pl\/en\/wp-json\/wp\/v2\/users\/3"}],"replies":[{"embeddable":true,"href":"https:\/\/polowiec.pl\/en\/wp-json\/wp\/v2\/comments?post=802"}],"version-history":[{"count":0,"href":"https:\/\/polowiec.pl\/en\/wp-json\/wp\/v2\/posts\/802\/revisions"}],"wp:attachment":[{"href":"https:\/\/polowiec.pl\/en\/wp-json\/wp\/v2\/media?parent=802"}],"wp:term":[{"taxonomy":"category","embeddable":true,"href":"https:\/\/polowiec.pl\/en\/wp-json\/wp\/v2\/categories?post=802"},{"taxonomy":"post_tag","embeddable":true,"href":"https:\/\/polowiec.pl\/en\/wp-json\/wp\/v2\/tags?post=802"}],"curies":[{"name":"wp","href":"https:\/\/api.w.org\/{rel}","templated":true}]}}