{"id":807,"date":"2017-09-26T09:24:36","date_gmt":"2017-09-26T07:24:36","guid":{"rendered":"https:\/\/nowa.polowiec.pl\/legal-bulletin-of-the-law-office-of-adam-polowiec-11-september-2017-24-september-2017\/"},"modified":"2019-04-18T18:30:51","modified_gmt":"2019-04-18T16:30:51","slug":"legal-bulletin-of-the-law-office-of-adam-polowiec-11-september-2017-24-september-2017","status":"publish","type":"post","link":"https:\/\/polowiec.pl\/en\/legal-bulletin-of-the-law-office-of-adam-polowiec-11-september-2017-24-september-2017\/","title":{"rendered":"Legal Bulletin Of The Law Office Of Adam Polowiec (11 September 2017 \u2013 24 September 2017)"},"content":{"rendered":"<p><span style=\"font-size: 14px; text-align: justify;\">We would like to present the next issue of legal bulletin of the Law Office of Adam Polowiec.<\/span><br style=\"font-size: 14px; text-align: justify;\" \/><span style=\"font-size: 14px; text-align: justify;\">What you will find here is some information about the new provisions of law and the projects of amendments to acts, but also case-laws including the case laws of Supreme Court, Constitutional Tribunal and European Court of Justice.<\/span><\/p>\n<p>  <!--more-->  <\/p>\n<p>&nbsp;<strong>_____Nowe Prawo<\/strong><\/p>\n<p style=\"font-size: 14px; text-align: justify;\"><strong>KRAJOWY REJESTR KARNY<\/strong><br \/>Rozporz\u0105dzenie Ministra Sprawiedliwo\u015bci z&nbsp;dnia 30 sierpnia 2017 r. zmieniaj\u0105ce rozporz\u0105dzenie w&nbsp;sprawie szczeg&oacute;\u0142owo\u015bci informacji umieszczanych w&nbsp;karcie rejestracyjnej i&nbsp;w zawiadomieniu (Dz. U. z&nbsp;2017 r., poz. 1721) &ndash; wejdzie w&nbsp;\u017cycie z&nbsp;dniem 1 pa\u017adziernika 2017 r.<br \/>W rozporz\u0105dzeniu Ministra Sprawiedliwo\u015bci z&nbsp;dnia 26 maja 2015 r. w&nbsp;sprawie szczeg&oacute;\u0142owo\u015bci informacji umieszczanych w&nbsp;karcie rejestracyjnej i&nbsp;w zawiadomieniu (Dz. U. poz. 846) zmianie ulegnie brzmienie &sect; 23 pkt 2, dodany zostanie &sect; 35a-35c.<br \/>Rozporz\u0105dzenie Ministra Sprawiedliwo\u015bci z&nbsp;dnia 29 sierpnia 2017 r. zmieniaj\u0105ce rozporz\u0105dzenie w&nbsp;sprawie sposobu sporz\u0105dzania i&nbsp;przekazywania do Krajowego Rejestru Karnego kart rejestracyjnych i&nbsp;zawiadomie\u0144 w&nbsp;postaci papierowej oraz szczeg&oacute;\u0142owo\u015bci umieszczanych w&nbsp;nich informacji (Dz. U. z&nbsp;2017 r., poz. 1745) &ndash; wejdzie w&nbsp;\u017cycie z&nbsp;dniem 1 pa\u017adziernika 2017 r.<br \/>W rozporz\u0105dzeniu Ministra Sprawiedliwo\u015bci z&nbsp;dnia 3 czerwca 2015 r. w&nbsp;sprawie sposobu sporz\u0105dzania i&nbsp;przekazywania do Krajowego Rejestru Karnego kart rejestracyjnych i&nbsp;zawiadomie\u0144 w&nbsp;postaci papierowej oraz szczeg&oacute;\u0142owo\u015bci umieszczanych w&nbsp;nich informacji (Dz. U. poz. 863) dodany zostanie &sect; 16a, za\u0142\u0105cznik nr 14a do rozporz\u0105dzenia, w&nbsp;&sect; 17 w&nbsp;ust. 1 w&nbsp;pkt 10 kropk\u0119 zast\u0119puje si\u0119 \u015brednikiem i&nbsp;dodaje si\u0119 pkt 11-13, zmianie ulegnie brzmienie za\u0142\u0105cznik&oacute;w nr 1 i&nbsp;2 do rozporz\u0105dzenia, za\u0142\u0105cznika nr 15 do rozporz\u0105dzenia.<\/p>\n<p style=\"font-size: 14px; text-align: justify;\"><strong>\u015aWIADCZENIA OPIEKI ZDROWOTNEJ FINANSOWANE ZE \u015aRODK&Oacute;W PUBLICZNYCH<\/strong><br \/>Rozporz\u0105dzenie Ministra Zdrowia z&nbsp;dnia 5 wrze\u015bnia 2017 r. zmieniaj\u0105ce rozporz\u0105dzenie w&nbsp;sprawie \u015bwiadcze\u0144 gwarantowanych z&nbsp;zakresu ambulatoryjnej opieki specjalistycznej (Dz. U. z&nbsp;2017 r., poz. 1766) &ndash; wejdzie w&nbsp;\u017cycie z&nbsp;dniem 22 pa\u017adziernika 2017 r., z&nbsp;wyj\u0105tkiem &sect; 1 pkt 2, kt&oacute;ry wchodzi w&nbsp;\u017cycie z&nbsp;dniem 1 stycznia 2018 r.<br \/>W rozporz\u0105dzeniu Ministra Zdrowia z&nbsp;dnia 6 listopada 2013 r. w&nbsp;sprawie \u015bwiadcze\u0144 gwarantowanych z&nbsp;zakresu ambulatoryjnej opieki specjalistycznej (Dz. U. z&nbsp;2016 r. poz. 357 i&nbsp;2164 oraz z&nbsp;2017 r. poz. 1244) zmianie ulegnie brzmienie za\u0142\u0105cznika nr 1, w&nbsp;za\u0142\u0105czniku nr 3 w&nbsp;cz\u0119\u015bci &#8220;U. Inne procedury&#8221; dodaje si\u0119 lp. 483 w&nbsp;brzmieniu okre\u015blonym w&nbsp;za\u0142\u0105czniku nr 3 do rozporz\u0105dzenia, w&nbsp;za\u0142\u0105czniku nr 5 lp. 2 otrzymuje brzmienie okre\u015blone w&nbsp;za\u0142\u0105czniku nr 4 do rozporz\u0105dzenia.<\/p>\n<p style=\"font-size: 14px; text-align: justify;\"><strong>ZAWODY LEKARZA I&nbsp;DENTYSTY<\/strong><br \/>Rozporz\u0105dzenie Ministra Zdrowia z&nbsp;dnia 28 sierpnia 2017 r. w&nbsp;sprawie ramowego programu zaj\u0119\u0107 praktycznych dla kierunku lekarskiego i&nbsp;lekarsko-dentystycznego (Dz. U. z&nbsp;2017 r., poz. 1728) &ndash; wejdzie w&nbsp;\u017cycie z&nbsp;dniem 1 pa\u017adziernika 2017 r.<\/p>\n<p style=\"font-size: 14px; text-align: justify;\"><strong>PRAWO PRACY<\/strong><br \/>Rozporz\u0105dzenie Prezesa Rady Ministr&oacute;w z&nbsp;dnia 4 wrze\u015bnia 2017 r. zmieniaj\u0105ce rozporz\u0105dzenie w&nbsp;sprawie powo\u0142ania Mi\u0119dzyresortowej Komisji do Spraw Najwy\u017cszych Dopuszczalnych St\u0119\u017ce\u0144 i&nbsp;Nat\u0119\u017ce\u0144 Czynnik&oacute;w Szkodliwych dla Zdrowia w&nbsp;\u015arodowisku Pracy (Dz. U. z&nbsp;2017 r., poz. 1731) &ndash; wejdzie w&nbsp;\u017cycie z&nbsp;dniem 27 wrze\u015bnia 2017 r.<br \/>W rozporz\u0105dzeniu Prezesa Rady Ministr&oacute;w z&nbsp;dnia 15 grudnia 2008 r. w&nbsp;sprawie powo\u0142ania Mi\u0119dzyresortowej Komisji do Spraw Najwy\u017cszych Dopuszczalnych St\u0119\u017ce\u0144 i&nbsp;Nat\u0119\u017ce\u0144 Czynnik&oacute;w Szkodliwych dla Zdrowia w&nbsp;\u015arodowisku Pracy (Dz. U. z&nbsp;2015 r. poz. 1772) zmianie ulegnie brzmienie &sect; 1.<br \/>Rozporz\u0105dzenie Rady Ministr&oacute;w z&nbsp;dnia 12 wrze\u015bnia 2017 r. w&nbsp;sprawie wysoko\u015bci minimalnego wynagrodzenia za prac\u0119 oraz wysoko\u015bci minimalnej stawki godzinowej w&nbsp;2018 r. (Dz. U. z&nbsp;2017 r., poz. 1747) &ndash; wejdzie w&nbsp;\u017cycie z&nbsp;dniem 1 stycznia 2018 r.<\/p>\n<p style=\"font-size: 14px; text-align: justify;\"><strong>PRAWO PODATKOWE<\/strong><br \/>Rozporz\u0105dzenie Ministra Rozwoju i&nbsp;Finans&oacute;w z&nbsp;dnia 8 wrze\u015bnia 2017 r. zmieniaj\u0105ce rozporz\u0105dzenie w&nbsp;sprawie zaniechania poboru podatku od spadk&oacute;w i&nbsp;darowizn od niekt&oacute;rych podatnik&oacute;w (Dz. U. z&nbsp;2017 r., poz. 1725) &ndash; wesz\u0142o w&nbsp;\u017cycie z&nbsp;dniem 10 wrze\u015bnia 2017 r.<br \/>W rozporz\u0105dzeniu Ministra Rozwoju i&nbsp;Finans&oacute;w z&nbsp;dnia 23 sierpnia 2017 r. w&nbsp;sprawie zaniechania poboru podatku od spadk&oacute;w i&nbsp;darowizn od niekt&oacute;rych podatnik&oacute;w (Dz. U. poz. 1574) zmianie uleg\u0142o brzmienie &sect; 1 pkt 1.<br \/>Rozporz\u0105dzenie Ministra Rozwoju i&nbsp;Finans&oacute;w z&nbsp;dnia 8 wrze\u015bnia 2017 r. w&nbsp;sprawie przed\u0142u\u017cenia terminu z\u0142o\u017cenia zeznania podatkowego niekt&oacute;rym podatnikom podatku od spadk&oacute;w i&nbsp;darowizn (Dz. U. z&nbsp;2017 r., poz. 1726) &ndash; wesz\u0142o w&nbsp;\u017cycie z&nbsp;dniem 10 wrze\u015bnia 2017 r.<br \/>Rozporz\u0105dzenie Ministra Rozwoju i&nbsp;Finans&oacute;w z&nbsp;dnia 12 wrze\u015bnia 2017 r. w&nbsp;sprawie wzor&oacute;w deklaracji uproszczonej dla podatku akcyzowego od nabycia wewn\u0105trzwsp&oacute;lnotowego (Dz. U. z&nbsp;2017 r., poz. 1757) &ndash; wejdzie w&nbsp;\u017cycie z&nbsp;dniem 1 pa\u017adziernika 2017 r.<br \/>Rozporz\u0105dzenie Ministra Rozwoju i&nbsp;Finans&oacute;w z&nbsp;dnia 12 wrze\u015bnia 2017 r. w&nbsp;sprawie informacji zawartych w&nbsp;dokumentacji podatkowej w&nbsp;zakresie podatku dochodowego od os&oacute;b prawnych (Dz. U. z&nbsp;2017 r., poz. 1753) &ndash; wejdzie w&nbsp;\u017cycie z&nbsp;dniem 3 pa\u017adziernika 2017 r.<br \/>Rozporz\u0105dzenie Ministra Rozwoju i&nbsp;Finans&oacute;w z&nbsp;dnia 12 wrze\u015bnia 2017 r. w&nbsp;sprawie informacji zawartych w&nbsp;dokumentacji podatkowej w&nbsp;zakresie podatku dochodowego od os&oacute;b fizycznych (Dz. U. z&nbsp;2017 r., poz. 1752) &ndash; wejdzie w&nbsp;\u017cycie z&nbsp;dniem 3 pa\u017adziernika 2017 r.<\/p>\n<p style=\"font-size: 14px; text-align: justify;\"><strong>PRAWO KARNE<\/strong><br \/>Rozporz\u0105dzenie Ministra Sprawiedliwo\u015bci z&nbsp;dnia 9 wrze\u015bnia 2017 r. w&nbsp;sprawie sposobu post\u0119powania z&nbsp;protoko\u0142ami przes\u0142ucha\u0144 i&nbsp;innymi dokumentami lub przedmiotami, na kt&oacute;re rozci\u0105ga si\u0119 obowi\u0105zek zachowania w&nbsp;tajemnicy informacji niejawnych albo zachowania tajemnicy zwi\u0105zanej z&nbsp;wykonywaniem zawodu lub funkcji (Dz. U. z&nbsp;2017 r., poz. 1733) &ndash; wesz\u0142o w&nbsp;\u017cycie z&nbsp;dniem 13 wrze\u015bnia 2017 r.<br \/>Rozporz\u0105dzenie Ministra Sprawiedliwo\u015bci z&nbsp;dnia 13 wrze\u015bnia 2017 r. w&nbsp;sprawie Funduszu Pomocy Pokrzywdzonym oraz Pomocy Postpenitencjarnej &#8211; Funduszu Sprawiedliwo\u015bci (Dz. U. z&nbsp;2017 r., poz. 1760) &ndash; wesz\u0142o w&nbsp;\u017cycie z&nbsp;dniem 20 wrze\u015bnia 2017 r., z&nbsp;wyj\u0105tkiem &sect; 45 pkt 1-3, kt&oacute;re wchodz\u0105 w&nbsp;\u017cycie z&nbsp;dniem 1 stycznia 2018 r.<\/p>\n<p style=\"font-size: 14px; text-align: justify;\"><strong>KRAJOWY ZAS&Oacute;B NIERUCHOMO\u015aCI<\/strong><br \/>Rozporz\u0105dzenie Ministra Infrastruktury i&nbsp;Budownictwa z&nbsp;dnia 15 wrze\u015bnia 2017 r. w&nbsp;sprawie wykazu nieruchomo\u015bci przekazywanego Krajowemu Zasobowi Nieruchomo\u015bci (Dz. U. z&nbsp;2017 r., poz. 1764) &ndash; wesz\u0142o w&nbsp;\u017cycie z&nbsp;dniem 22 wrze\u015bnia 2017 r.<\/p>\n<p style=\"font-size: 14px; text-align: justify;\"><strong>PRAWO UNII EUROPEJSKIEJ<\/strong><br \/>Rozporz\u0105dzenie wykonawcze Komisji (UE) 2017\/1558 z&nbsp;dnia 14 wrze\u015bnia 2017 r. zmieniaj\u0105ce rozporz\u0105dzenie (UE) nr 37\/2010 w&nbsp;celu sklasyfikowania substancji bromelina w&nbsp;odniesieniu do jej maksymalnego limitu pozosta\u0142o\u015bci (Tekst maj\u0105cy znaczenie dla EOG.)<br \/>Rozporz\u0105dzenie wykonawcze Komisji (UE) 2017\/1559 z&nbsp;dnia 14 wrze\u015bnia 2017 r. zmieniaj\u0105ce rozporz\u0105dzenie (UE) nr 37\/2010 w&nbsp;celu sklasyfikowania maksymalnego limitu pozosta\u0142o\u015bci substancji alarelin (Tekst maj\u0105cy znaczenie dla EOG.)<br \/>Rozporz\u0105dzenie delegowane Komisji (UE) 2017\/1576 z&nbsp;dnia 26 czerwca 2017 r. zmieniaj\u0105ce rozporz\u0105dzenie Parlamentu Europejskiego i&nbsp;Rady (UE) nr 540\/2014 w&nbsp;odniesieniu do wymog&oacute;w dotycz\u0105cych d\u017awi\u0119kowego systemu informuj\u0105cego o&nbsp;poje\u017adzie na potrzeby homologacji typu UE pojazdu (Tekst maj\u0105cy znaczenie dla EOG.)<br \/>Rozporz\u0105dzenie Europejskiego Banku Centralnego (UE) 2017\/1539 z&nbsp;dnia 25 sierpnia 2017 r. okre\u015blaj\u0105ce dat\u0119 rozpocz\u0119cia stosowania rozporz\u0105dzenia (UE) 2017\/1538 zmieniaj\u0105cego rozporz\u0105dzenie (UE) 2015\/534 w&nbsp;sprawie sprawozdawczo\u015bci dotycz\u0105cej nadzorczych informacji finansowych (EBC\/2017\/25) do mniej istotnych nadzorowanych podmiot&oacute;w podlegaj\u0105cych krajowym standardom rachunkowo\u015bci (EBC\/2017\/26)<br \/>Rozporz\u0105dzenie Europejskiego Banku Centralnego (UE) nr 2017\/1538 z&nbsp;dnia 25 sierpnia 2017 r. zmieniaj\u0105ce rozporz\u0105dzenie (UE) nr 2015\/534 w&nbsp;sprawie sprawozdawczo\u015bci dotycz\u0105cej nadzorczych informacji finansowych (EBC\/2017\/25)<br \/>Rozporz\u0105dzenie Parlamentu Europejskiego i&nbsp;Rady (UE) 2017\/1563 z&nbsp;dnia 13 wrze\u015bnia 2017 r. w&nbsp;sprawie transgranicznej wymiany mi\u0119dzy Uni\u0105 a&nbsp;pa\u0144stwami trzecimi kopii w&nbsp;dost\u0119pnych formatach okre\u015blonych utwor&oacute;w i&nbsp;innych przedmiot&oacute;w chronionych prawem autorskim i&nbsp;prawami pokrewnymi z&nbsp;korzy\u015bci\u0105 dla os&oacute;b niewidomych, os&oacute;b s\u0142abowidz\u0105cych lub os&oacute;b z&nbsp;niepe\u0142nosprawno\u015bciami uniemo\u017cliwiaj\u0105cymi zapoznawanie si\u0119 z&nbsp;drukiem.<\/p>\n<p style=\"font-size: 14px; text-align: justify;\"><strong>ZARZ\u0104DZENIA PREZESA NARODOWEGO FUNDUSZU ZDROWIA<\/strong><br \/>Zarz\u0105dzenie Nr 86\/2017\/DEF Prezesa Narodowego Funduszu Zdrowia z&nbsp;dnia 15 wrze\u015bnia 2017 r. w&nbsp;sprawie zmiany planu finansowego Narodowego Funduszu Zdrowia na 2017 rok &#8211; wesz\u0142o w&nbsp;\u017cycie z&nbsp;dniem podpisania.<br \/>Zarz\u0105dzenie Nr 87\/2017\/DK Prezesa Narodowego Funduszu Zdrowia z&nbsp;dnia 18 wrze\u015bnia 2017 r. w&nbsp;sprawie udost\u0119pniania na stronach Biuletynu Informacji Publicznej Narodowego Funduszu Zdrowia informacji o&nbsp;wynikach kontroli &ndash; wesz\u0142o w&nbsp;\u017cycie z&nbsp;dniem nast\u0119puj\u0105cym po dniu podpisania.<\/p>\n<p style=\"font-size: 14px; text-align: justify;\"><strong>_____Orzecznictwo<\/strong><br \/><strong>S\u0105d Najwy\u017cszy<\/strong><\/p>\n<p style=\"font-size: 14px; text-align: justify;\"><strong>ZALICZENIE NA POCZET R&Oacute;\u017bNICY MI\u0118DZY OP\u0141AT\u0104 DOTYCHCZASOW\u0104 A&nbsp;OP\u0141AT\u0104 ZAKTUALIZOWAN\u0104 WARTO\u015aCI NAK\u0141AD&Oacute;W PONIESIONYCH PRZEZ U\u017bYTKOWNIKA WIECZYSTEGO NIERUCHOMO\u015aCI<\/strong><br \/>Przewidziane w&nbsp;art. 77 ust. 4 i&nbsp;5 ustawy z&nbsp;dnia 21 sierpnia 1997 r. o&nbsp;gospodarce nieruchomo\u015bciami (jedn. tekst Dz.U. z&nbsp;2016 r., poz. 2147 ze zm.), w&nbsp;brzmieniu obowi\u0105zuj\u0105cym do dnia 22 sierpnia 2017 r., zaliczenie na poczet r&oacute;\u017cnicy mi\u0119dzy op\u0142at\u0105 dotychczasow\u0105 a&nbsp;op\u0142at\u0105 zaktualizowan\u0105 warto\u015bci nak\u0142ad&oacute;w poniesionych przez u\u017cytkownika wieczystego nieruchomo\u015bci na budow\u0119 poszczeg&oacute;lnych urz\u0105dze\u0144 infrastruktury technicznej nie mo\u017ce nast\u0105pi\u0107 przy pierwszej aktualizacji op\u0142aty rocznej z&nbsp;tytu\u0142u u\u017cytkowania wieczystego &ndash;Uchwa\u0142a S\u0105du Najwy\u017cszego z&nbsp;dnia 24 sierpnia 2017 r., sygn. akt III CZP 33\/17.<br \/>NABYCIE W\u0141ASNO\u015aCI NIERUCHOMO\u015aCI ROLNEJ W&nbsp;TOKU EGZEKUCJI S\u0104DOWEJ Z&nbsp;NIERUCHOMO\u015aCI<br \/>Do nabycia w\u0142asno\u015bci nieruchomo\u015bci rolnej w&nbsp;toku egzekucji s\u0105dowej z&nbsp;nieruchomo\u015bci, wszcz\u0119tej przed dniem 30 kwietnia 2016 r. nie stosuje si\u0119 ogranicze\u0144 w&nbsp;nabywaniu nieruchomo\u015bci rolnych wynikaj\u0105cych z&nbsp;art. 2a ustawy z&nbsp;dnia 11 kwietnia 2003 r. o&nbsp;kszta\u0142towaniu ustroju rolnego (jedn. tekst Dz.U. z&nbsp;2012 r., poz. 803) wprowadzonego przez art. 7 pkt 4 ustawy z&nbsp;dnia 14 kwietnia 2016 r. o&nbsp;wstrzymaniu sprzeda\u017cy nieruchomo\u015bci Zasobu W\u0142asno\u015bci Rolnej Skarbu Pa\u0144stwa oraz o&nbsp;zmianie niekt&oacute;rych ustaw (Dz.U. z&nbsp;2016 r., poz. 585). &ndash; Uchwa\u0142a S\u0105du Najwy\u017cszego z&nbsp;dnia 24 sierpnia 2017 r., sygn. akt III CZP 35\/17.<\/p>\n<p style=\"font-size: 14px; text-align: justify;\"><strong>WYDATKI NA NAJEM POJAZDU ZAST\u0118PCZEGO PONIESIONE PRZEZ POSZKODOWANEGO<\/strong><br \/>Wydatki na najem pojazdu zast\u0119pczego poniesione przez poszkodowanego, przekraczaj\u0105ce koszty zaproponowanego przez ubezpieczyciela skorzystania z&nbsp;takiego pojazdu s\u0105 obj\u0119te odpowiedzialno\u015bci\u0105 z&nbsp;tytu\u0142u umowy obowi\u0105zkowego ubezpieczenia odpowiedzialno\u015bci cywilnej posiadaczy pojazd&oacute;w mechanicznych, je\u017celi ich poniesienie by\u0142o celowe i&nbsp;ekonomicznie uzasadnione. &ndash; Uchwa\u0142a S\u0105du Najwy\u017cszego z&nbsp;dnia 24 sierpnia 2017 r., sygn. akt III CZP 20\/17.<\/p>\n<p style=\"font-size: 14px; text-align: justify;\"><strong>UP\u0141YW TERMINU, NA KT&Oacute;RY ZOSTA\u0141O USTANOWIONE PRAWO U\u017bYTKOWANIA WIECZYSTEGO GRUNTU<\/strong><br \/>Up\u0142yw terminu, na kt&oacute;ry zosta\u0142o ustanowione prawo u\u017cytkowania wieczystego gruntu, nie powoduje wyga\u015bni\u0119cia prawa odr\u0119bnej w\u0142asno\u015bci lokalu znajduj\u0105cego si\u0119 w&nbsp;budynku po\u0142o\u017conym na tym gruncie &ndash; Uchwa\u0142a S\u0105du Najwy\u017cszego z&nbsp;dnia 25 sierpnia 2017 r., sygn. akt III CZP 11\/17.<\/p>\n<p style=\"font-size: 14px; text-align: justify;\"><strong>SKARGA NA WYROK S\u0104DU ODWO\u0141AWCZEGO, UCHYLAJ\u0104CY WYROK S\u0104DU PIERWSZEJ INSTANCJI I&nbsp;PRZEKAZUJ\u0104CY SPRAW\u0118 DO PONOWNEGO ROZPOZNANIA<\/strong><br \/>Przepisy rozdzia\u0142u 55a Kodeksu post\u0119powania karnego o&nbsp;skardze na wyrok s\u0105du odwo\u0142awczego, uchylaj\u0105cy wyrok s\u0105du pierwszej instancji i&nbsp;przekazuj\u0105cy spraw\u0119 do ponownego rozpoznania, znajduj\u0105 odpowiednie zastosowanie (art. 741 pkt 1 ustawy z&nbsp;dnia 6 lipca 1982 r. o&nbsp;radcach prawnych &#8211; j.t. Dz.U. z&nbsp;2016 r., poz. 233 ze zm.) w&nbsp;post\u0119powaniu dyscyplinarnym uregulowanym przepisami ustawy o&nbsp;radcach prawnych, a&nbsp;wniesion\u0105 skarg\u0119 rozpoznaje S\u0105d Najwy\u017cszy &ndash; Uchwa\u0142a S\u0105du Najwy\u017cszego z&nbsp;dnia 14 wrze\u015bnia 2017 r., sygn. akt I&nbsp;KZP 9\/17.<\/p>\n<p style=\"font-size: 14px; text-align: justify;\"><strong>ODSZKODOWANIA OD PORTU LOTNICZEGO A&nbsp;KONSEKWENCJE NEGATYWNYCH DZIA\u0141A\u0143 PRACOWNIK&Oacute;W S\u0104D&Oacute;W<\/strong><br \/>Obywatel \u017c\u0105daj\u0105cy odszkodowania od portu lotniczego nie mo\u017ce ponosi\u0107 negatywnych konsekwencji dzia\u0142a\u0144 podejmowanych przez pracownik&oacute;w s\u0105d&oacute;w &ndash; Uchwa\u0142a S\u0105du Najwy\u017cszego z&nbsp;dnia 15 wrze\u015bnia 2017 r., sygn. akt III CZP 37\/17.<\/p>\n<p style=\"font-size: 14px; text-align: justify;\"><strong>POST\u0118POWANIE O&nbsp;USTANOWIENIE S\u0141U\u017bEBNO\u015aCI PRZESY\u0141U<\/strong><br \/>W post\u0119powaniu o&nbsp;ustanowienie s\u0142u\u017cebno\u015bci przesy\u0142u jest dopuszczalne wydanie, na podstawie art. 318 &sect; 1 k.p.c. w&nbsp;zwi\u0105zku z&nbsp;art. 13 &sect; 2 k.p.c., postanowienia wst\u0119pnego o&nbsp;uznaniu \u017c\u0105dania ustanowienia tej s\u0142u\u017cebno\u015bci za usprawiedliwione w&nbsp;zasadzie &ndash; Uchwa\u0142a S\u0105du Najwy\u017cszego z&nbsp;dnia 15 wrze\u015bnia 2017 r., sygn. akt III CZP 34\/17.<\/p>\n<p style=\"margin-bottom: 0px; font-size: 14px; text-align: justify;\"><strong>Trybuna\u0142 Konstytucyjny&nbsp;<\/strong><br \/><strong>OCENA PRAWID\u0141OWO\u015aCI PROCESU WYBORU S\u0118DZIEGO, WICEPREZESA I&nbsp;PREZESA TRYBUNA\u0141U KONSTYTUCYJNEGO<\/strong><br \/>Trybuna\u0142 orzek\u0142, \u017ce przepisy te w&nbsp;zakresie, w&nbsp;jakim umo\u017cliwiaj\u0105 s\u0105dom powszechnym i&nbsp;S\u0105dowi Najwy\u017cszemu ocen\u0119 prawid\u0142owo\u015bci procedury wyboru s\u0119dziego TK lub powo\u0142ywania Prezesa oraz Wiceprezesa TK, s\u0105 niezgodne z&nbsp;Konstytucj\u0105, poniewa\u017c ingeruj\u0105 w&nbsp;realizacj\u0119 konstytucyjnych uprawnie\u0144 Sejmu (wyb&oacute;r s\u0119dzi&oacute;w TK), Prezydenta RP (powo\u0142ywanie Prezesa i&nbsp;Wiceprezesa TK) oraz Zgromadzenia Og&oacute;lnego S\u0119dzi&oacute;w TK (przedstawianie kandydat&oacute;w na Prezesa i&nbsp;Wiceprezesa TK) &ndash; Wyrok Trybuna\u0142u Konstytucyjnego z&nbsp;dnia 11 wrze\u015bnia 2017 r., sygn. akt K 10\/17. &nbsp;&nbsp;<\/p>\n","protected":false},"excerpt":{"rendered":"<p>We would like to present the next issue of legal bulletin of the Law Office of Adam Polowiec.What you will find here is some information about the new provisions of law and the projects of amendments to acts, but also case-laws including the case laws of Supreme Court, Constitutional Tribunal and European Court of Justice.<\/p>\n","protected":false},"author":3,"featured_media":0,"comment_status":"closed","ping_status":"open","sticky":false,"template":"","format":"standard","meta":{"footnotes":""},"categories":[2],"tags":[],"class_list":["post-807","post","type-post","status-publish","format-standard","hentry","category-wpisy"],"featured_image_src":{"landsacpe":false,"list":false,"medium":false,"full":false},"yoast_head":"<!-- This site is optimized with the Yoast SEO plugin v27.2 - https:\/\/yoast.com\/product\/yoast-seo-wordpress\/ -->\n<title>Legal Bulletin Of The Law Office Of Adam Polowiec (11 September 2017 \u2013 24 September 2017) - Polowiec i Wsp\u00f3lnicy - Kancelaria prawna<\/title>\n<meta name=\"robots\" content=\"index, follow, max-snippet:-1, max-image-preview:large, max-video-preview:-1\" \/>\n<link rel=\"canonical\" href=\"https:\/\/polowiec.pl\/en\/legal-bulletin-of-the-law-office-of-adam-polowiec-11-september-2017-24-september-2017\/\" \/>\n<meta property=\"og:locale\" content=\"en_US\" \/>\n<meta property=\"og:type\" content=\"article\" \/>\n<meta property=\"og:title\" content=\"Legal Bulletin Of The Law Office Of Adam Polowiec (11 September 2017 \u2013 24 September 2017) - Polowiec i Wsp\u00f3lnicy - Kancelaria prawna\" \/>\n<meta property=\"og:description\" content=\"We would like to present the next issue of legal bulletin of the Law Office of Adam Polowiec.What you will find here is some information about the new provisions of law and the projects of amendments to acts, but also case-laws including the case laws of Supreme Court, Constitutional Tribunal and European Court of Justice.\" \/>\n<meta property=\"og:url\" content=\"https:\/\/polowiec.pl\/en\/legal-bulletin-of-the-law-office-of-adam-polowiec-11-september-2017-24-september-2017\/\" \/>\n<meta property=\"og:site_name\" content=\"Polowiec i Wsp\u00f3lnicy - Kancelaria prawna\" \/>\n<meta property=\"article:publisher\" content=\"https:\/\/www.facebook.com\/polowieciwspolnicy\/\" \/>\n<meta property=\"article:published_time\" content=\"2017-09-26T07:24:36+00:00\" \/>\n<meta property=\"article:modified_time\" content=\"2019-04-18T16:30:51+00:00\" \/>\n<meta name=\"author\" content=\"Marcin Rusinek\" \/>\n<meta name=\"twitter:card\" content=\"summary_large_image\" \/>\n<meta name=\"twitter:label1\" content=\"Written by\" \/>\n\t<meta name=\"twitter:data1\" content=\"Marcin Rusinek\" \/>\n\t<meta name=\"twitter:label2\" content=\"Est. reading time\" \/>\n\t<meta name=\"twitter:data2\" content=\"12 minutes\" \/>\n<script type=\"application\/ld+json\" class=\"yoast-schema-graph\">{\"@context\":\"https:\/\/schema.org\",\"@graph\":[{\"@type\":\"Article\",\"@id\":\"https:\/\/polowiec.pl\/en\/legal-bulletin-of-the-law-office-of-adam-polowiec-11-september-2017-24-september-2017\/#article\",\"isPartOf\":{\"@id\":\"https:\/\/polowiec.pl\/en\/legal-bulletin-of-the-law-office-of-adam-polowiec-11-september-2017-24-september-2017\/\"},\"author\":{\"name\":\"Marcin Rusinek\",\"@id\":\"https:\/\/polowiec.pl\/en\/#\/schema\/person\/74c7526b6f52be5ae94031504f9ffec4\"},\"headline\":\"Legal Bulletin Of The Law Office Of Adam Polowiec (11 September 2017 \u2013 24 September 2017)\",\"datePublished\":\"2017-09-26T07:24:36+00:00\",\"dateModified\":\"2019-04-18T16:30:51+00:00\",\"mainEntityOfPage\":{\"@id\":\"https:\/\/polowiec.pl\/en\/legal-bulletin-of-the-law-office-of-adam-polowiec-11-september-2017-24-september-2017\/\"},\"wordCount\":2357,\"publisher\":{\"@id\":\"https:\/\/polowiec.pl\/en\/#organization\"},\"articleSection\":[\"Wpisy\"],\"inLanguage\":\"en-US\"},{\"@type\":\"WebPage\",\"@id\":\"https:\/\/polowiec.pl\/en\/legal-bulletin-of-the-law-office-of-adam-polowiec-11-september-2017-24-september-2017\/\",\"url\":\"https:\/\/polowiec.pl\/en\/legal-bulletin-of-the-law-office-of-adam-polowiec-11-september-2017-24-september-2017\/\",\"name\":\"Legal Bulletin Of The Law Office Of Adam Polowiec (11 September 2017 \u2013 24 September 2017) - Polowiec i Wsp\u00f3lnicy - Kancelaria prawna\",\"isPartOf\":{\"@id\":\"https:\/\/polowiec.pl\/en\/#website\"},\"datePublished\":\"2017-09-26T07:24:36+00:00\",\"dateModified\":\"2019-04-18T16:30:51+00:00\",\"breadcrumb\":{\"@id\":\"https:\/\/polowiec.pl\/en\/legal-bulletin-of-the-law-office-of-adam-polowiec-11-september-2017-24-september-2017\/#breadcrumb\"},\"inLanguage\":\"en-US\",\"potentialAction\":[{\"@type\":\"ReadAction\",\"target\":[\"https:\/\/polowiec.pl\/en\/legal-bulletin-of-the-law-office-of-adam-polowiec-11-september-2017-24-september-2017\/\"]}]},{\"@type\":\"BreadcrumbList\",\"@id\":\"https:\/\/polowiec.pl\/en\/legal-bulletin-of-the-law-office-of-adam-polowiec-11-september-2017-24-september-2017\/#breadcrumb\",\"itemListElement\":[{\"@type\":\"ListItem\",\"position\":1,\"name\":\"Strona g\u0142\u00f3wna\",\"item\":\"https:\/\/polowiec.pl\/en\/\"},{\"@type\":\"ListItem\",\"position\":2,\"name\":\"Legal Bulletin Of The Law Office Of Adam Polowiec (11 September 2017 \u2013 24 September 2017)\"}]},{\"@type\":\"WebSite\",\"@id\":\"https:\/\/polowiec.pl\/en\/#website\",\"url\":\"https:\/\/polowiec.pl\/en\/\",\"name\":\"Polowiec i Wsp\u00f3lnicy - Kancelaria prawna\",\"description\":\"Obs\u0142uga prawna\",\"publisher\":{\"@id\":\"https:\/\/polowiec.pl\/en\/#organization\"},\"potentialAction\":[{\"@type\":\"SearchAction\",\"target\":{\"@type\":\"EntryPoint\",\"urlTemplate\":\"https:\/\/polowiec.pl\/en\/?s={search_term_string}\"},\"query-input\":{\"@type\":\"PropertyValueSpecification\",\"valueRequired\":true,\"valueName\":\"search_term_string\"}}],\"inLanguage\":\"en-US\"},{\"@type\":\"Organization\",\"@id\":\"https:\/\/polowiec.pl\/en\/#organization\",\"name\":\"Polowiec i Wsp\u00f3lnicy - Kancelaria prawna\",\"url\":\"https:\/\/polowiec.pl\/en\/\",\"logo\":{\"@type\":\"ImageObject\",\"inLanguage\":\"en-US\",\"@id\":\"https:\/\/polowiec.pl\/en\/#\/schema\/logo\/image\/\",\"url\":\"https:\/\/polowiec.pl\/wp-content\/uploads\/2018\/10\/polowiec_logo2-1.png\",\"contentUrl\":\"https:\/\/polowiec.pl\/wp-content\/uploads\/2018\/10\/polowiec_logo2-1.png\",\"width\":540,\"height\":381,\"caption\":\"Polowiec i Wsp\u00f3lnicy - Kancelaria prawna\"},\"image\":{\"@id\":\"https:\/\/polowiec.pl\/en\/#\/schema\/logo\/image\/\"},\"sameAs\":[\"https:\/\/www.facebook.com\/polowieciwspolnicy\/\",\"https:\/\/www.linkedin.com\/company\/polowiec-i-wsplnicy-sp.j.\/about\/\"]},{\"@type\":\"Person\",\"@id\":\"https:\/\/polowiec.pl\/en\/#\/schema\/person\/74c7526b6f52be5ae94031504f9ffec4\",\"name\":\"Marcin Rusinek\",\"image\":{\"@type\":\"ImageObject\",\"inLanguage\":\"en-US\",\"@id\":\"https:\/\/secure.gravatar.com\/avatar\/b50a0a5c3e71d904f5e57a757d39977d01c43e075c6bf5b4df909ffbbe004790?s=96&d=mm&r=g\",\"url\":\"https:\/\/secure.gravatar.com\/avatar\/b50a0a5c3e71d904f5e57a757d39977d01c43e075c6bf5b4df909ffbbe004790?s=96&d=mm&r=g\",\"contentUrl\":\"https:\/\/secure.gravatar.com\/avatar\/b50a0a5c3e71d904f5e57a757d39977d01c43e075c6bf5b4df909ffbbe004790?s=96&d=mm&r=g\",\"caption\":\"Marcin Rusinek\"}}]}<\/script>\n<!-- \/ Yoast SEO plugin. -->","yoast_head_json":{"title":"Legal Bulletin Of The Law Office Of Adam Polowiec (11 September 2017 \u2013 24 September 2017) - Polowiec i Wsp\u00f3lnicy - Kancelaria prawna","robots":{"index":"index","follow":"follow","max-snippet":"max-snippet:-1","max-image-preview":"max-image-preview:large","max-video-preview":"max-video-preview:-1"},"canonical":"https:\/\/polowiec.pl\/en\/legal-bulletin-of-the-law-office-of-adam-polowiec-11-september-2017-24-september-2017\/","og_locale":"en_US","og_type":"article","og_title":"Legal Bulletin Of The Law Office Of Adam Polowiec (11 September 2017 \u2013 24 September 2017) - Polowiec i Wsp\u00f3lnicy - Kancelaria prawna","og_description":"We would like to present the next issue of legal bulletin of the Law Office of Adam Polowiec.What you will find here is some information about the new provisions of law and the projects of amendments to acts, but also case-laws including the case laws of Supreme Court, Constitutional Tribunal and European Court of Justice.","og_url":"https:\/\/polowiec.pl\/en\/legal-bulletin-of-the-law-office-of-adam-polowiec-11-september-2017-24-september-2017\/","og_site_name":"Polowiec i Wsp\u00f3lnicy - Kancelaria prawna","article_publisher":"https:\/\/www.facebook.com\/polowieciwspolnicy\/","article_published_time":"2017-09-26T07:24:36+00:00","article_modified_time":"2019-04-18T16:30:51+00:00","author":"Marcin Rusinek","twitter_card":"summary_large_image","twitter_misc":{"Written by":"Marcin Rusinek","Est. reading time":"12 minutes"},"schema":{"@context":"https:\/\/schema.org","@graph":[{"@type":"Article","@id":"https:\/\/polowiec.pl\/en\/legal-bulletin-of-the-law-office-of-adam-polowiec-11-september-2017-24-september-2017\/#article","isPartOf":{"@id":"https:\/\/polowiec.pl\/en\/legal-bulletin-of-the-law-office-of-adam-polowiec-11-september-2017-24-september-2017\/"},"author":{"name":"Marcin Rusinek","@id":"https:\/\/polowiec.pl\/en\/#\/schema\/person\/74c7526b6f52be5ae94031504f9ffec4"},"headline":"Legal Bulletin Of The Law Office Of Adam Polowiec (11 September 2017 \u2013 24 September 2017)","datePublished":"2017-09-26T07:24:36+00:00","dateModified":"2019-04-18T16:30:51+00:00","mainEntityOfPage":{"@id":"https:\/\/polowiec.pl\/en\/legal-bulletin-of-the-law-office-of-adam-polowiec-11-september-2017-24-september-2017\/"},"wordCount":2357,"publisher":{"@id":"https:\/\/polowiec.pl\/en\/#organization"},"articleSection":["Wpisy"],"inLanguage":"en-US"},{"@type":"WebPage","@id":"https:\/\/polowiec.pl\/en\/legal-bulletin-of-the-law-office-of-adam-polowiec-11-september-2017-24-september-2017\/","url":"https:\/\/polowiec.pl\/en\/legal-bulletin-of-the-law-office-of-adam-polowiec-11-september-2017-24-september-2017\/","name":"Legal Bulletin Of The Law Office Of Adam Polowiec (11 September 2017 \u2013 24 September 2017) - Polowiec i Wsp\u00f3lnicy - Kancelaria prawna","isPartOf":{"@id":"https:\/\/polowiec.pl\/en\/#website"},"datePublished":"2017-09-26T07:24:36+00:00","dateModified":"2019-04-18T16:30:51+00:00","breadcrumb":{"@id":"https:\/\/polowiec.pl\/en\/legal-bulletin-of-the-law-office-of-adam-polowiec-11-september-2017-24-september-2017\/#breadcrumb"},"inLanguage":"en-US","potentialAction":[{"@type":"ReadAction","target":["https:\/\/polowiec.pl\/en\/legal-bulletin-of-the-law-office-of-adam-polowiec-11-september-2017-24-september-2017\/"]}]},{"@type":"BreadcrumbList","@id":"https:\/\/polowiec.pl\/en\/legal-bulletin-of-the-law-office-of-adam-polowiec-11-september-2017-24-september-2017\/#breadcrumb","itemListElement":[{"@type":"ListItem","position":1,"name":"Strona g\u0142\u00f3wna","item":"https:\/\/polowiec.pl\/en\/"},{"@type":"ListItem","position":2,"name":"Legal Bulletin Of The Law Office Of Adam Polowiec (11 September 2017 \u2013 24 September 2017)"}]},{"@type":"WebSite","@id":"https:\/\/polowiec.pl\/en\/#website","url":"https:\/\/polowiec.pl\/en\/","name":"Polowiec i Wsp\u00f3lnicy - Kancelaria prawna","description":"Obs\u0142uga prawna","publisher":{"@id":"https:\/\/polowiec.pl\/en\/#organization"},"potentialAction":[{"@type":"SearchAction","target":{"@type":"EntryPoint","urlTemplate":"https:\/\/polowiec.pl\/en\/?s={search_term_string}"},"query-input":{"@type":"PropertyValueSpecification","valueRequired":true,"valueName":"search_term_string"}}],"inLanguage":"en-US"},{"@type":"Organization","@id":"https:\/\/polowiec.pl\/en\/#organization","name":"Polowiec i Wsp\u00f3lnicy - Kancelaria prawna","url":"https:\/\/polowiec.pl\/en\/","logo":{"@type":"ImageObject","inLanguage":"en-US","@id":"https:\/\/polowiec.pl\/en\/#\/schema\/logo\/image\/","url":"https:\/\/polowiec.pl\/wp-content\/uploads\/2018\/10\/polowiec_logo2-1.png","contentUrl":"https:\/\/polowiec.pl\/wp-content\/uploads\/2018\/10\/polowiec_logo2-1.png","width":540,"height":381,"caption":"Polowiec i Wsp\u00f3lnicy - Kancelaria prawna"},"image":{"@id":"https:\/\/polowiec.pl\/en\/#\/schema\/logo\/image\/"},"sameAs":["https:\/\/www.facebook.com\/polowieciwspolnicy\/","https:\/\/www.linkedin.com\/company\/polowiec-i-wsplnicy-sp.j.\/about\/"]},{"@type":"Person","@id":"https:\/\/polowiec.pl\/en\/#\/schema\/person\/74c7526b6f52be5ae94031504f9ffec4","name":"Marcin Rusinek","image":{"@type":"ImageObject","inLanguage":"en-US","@id":"https:\/\/secure.gravatar.com\/avatar\/b50a0a5c3e71d904f5e57a757d39977d01c43e075c6bf5b4df909ffbbe004790?s=96&d=mm&r=g","url":"https:\/\/secure.gravatar.com\/avatar\/b50a0a5c3e71d904f5e57a757d39977d01c43e075c6bf5b4df909ffbbe004790?s=96&d=mm&r=g","contentUrl":"https:\/\/secure.gravatar.com\/avatar\/b50a0a5c3e71d904f5e57a757d39977d01c43e075c6bf5b4df909ffbbe004790?s=96&d=mm&r=g","caption":"Marcin Rusinek"}}]}},"_links":{"self":[{"href":"https:\/\/polowiec.pl\/en\/wp-json\/wp\/v2\/posts\/807","targetHints":{"allow":["GET"]}}],"collection":[{"href":"https:\/\/polowiec.pl\/en\/wp-json\/wp\/v2\/posts"}],"about":[{"href":"https:\/\/polowiec.pl\/en\/wp-json\/wp\/v2\/types\/post"}],"author":[{"embeddable":true,"href":"https:\/\/polowiec.pl\/en\/wp-json\/wp\/v2\/users\/3"}],"replies":[{"embeddable":true,"href":"https:\/\/polowiec.pl\/en\/wp-json\/wp\/v2\/comments?post=807"}],"version-history":[{"count":0,"href":"https:\/\/polowiec.pl\/en\/wp-json\/wp\/v2\/posts\/807\/revisions"}],"wp:attachment":[{"href":"https:\/\/polowiec.pl\/en\/wp-json\/wp\/v2\/media?parent=807"}],"wp:term":[{"taxonomy":"category","embeddable":true,"href":"https:\/\/polowiec.pl\/en\/wp-json\/wp\/v2\/categories?post=807"},{"taxonomy":"post_tag","embeddable":true,"href":"https:\/\/polowiec.pl\/en\/wp-json\/wp\/v2\/tags?post=807"}],"curies":[{"name":"wp","href":"https:\/\/api.w.org\/{rel}","templated":true}]}}