{"id":819,"date":"2017-11-13T08:57:59","date_gmt":"2017-11-13T07:57:59","guid":{"rendered":"https:\/\/nowa.polowiec.pl\/legal-bulletin-of-the-law-office-of-adam-polowiec-30-october-2017-12-november-2017\/"},"modified":"2019-04-18T18:28:15","modified_gmt":"2019-04-18T16:28:15","slug":"legal-bulletin-of-the-law-office-of-adam-polowiec-30-october-2017-12-november-2017","status":"publish","type":"post","link":"https:\/\/polowiec.pl\/en\/legal-bulletin-of-the-law-office-of-adam-polowiec-30-october-2017-12-november-2017\/","title":{"rendered":"Legal Bulletin Of The Law Office Of Adam Polowiec (30 October 2017 \u2013 12 November 2017)"},"content":{"rendered":"<p><span style=\"font-size: 14px; text-align: justify;\">We would like to present the next issue of legal bulletin of the Law Office of Adam Polowiec.<\/span><br style=\"font-size: 14px; text-align: justify;\" \/><span style=\"font-size: 14px; text-align: justify;\">What you will find here is some information about the new provisions of law and the projects of amendments to acts, but also case-laws including the case laws of Supreme Court, Constitutional Tribunal and European Court of Justice.<\/span><\/p>\n<p>  <!--more-->  <\/p>\n<p><strong>&nbsp;_____Nowe Prawo<\/strong><\/p>\n<p><strong>PRAWO OCHRONY \u015aRODOWISKA<\/strong><br \/>Ustawa z&nbsp;dnia 15 wrze\u015bnia 2017 r. o&nbsp;zmianie ustawy &#8211; Prawo ochrony \u015brodowiska oraz niekt&oacute;rych innych ustaw (Dz. U. z&nbsp;2017 r., poz. 1999) &ndash; wejdzie w&nbsp;\u017cycie z&nbsp;dniem 27 listopada 2017 r., z&nbsp;wyj\u0105tkiem:<br \/>1) art. 1 pkt 15, kt&oacute;ry wchodzi w&nbsp;\u017cycie z&nbsp;dniem nast\u0119puj\u0105cym po dniu og\u0142oszenia;<br \/>2) art. 1 pkt 10, kt&oacute;ry wchodzi w&nbsp;\u017cycie z&nbsp;dniem 20 grudnia 2018 r.;<br \/>3) art. 1 pkt 18 i&nbsp;art. 4, kt&oacute;re wchodz\u0105 w&nbsp;\u017cycie z&nbsp;dniem 1 stycznia 2019 r.<br \/>W ustawie z&nbsp;dnia 27 kwietnia 2001 r. &#8211; Prawo ochrony \u015brodowiska (Dz. U. z&nbsp;2017 r. poz. 519, z&nbsp;p&oacute;\u017an. zm.) zmianie ulegnie brzmienie art. 145a ust. 1, art. 146c, art. 147, art. 152, art. 154, art. 169 w&nbsp;ust. 1, art. 342 ust. 2, w&nbsp;art. 91 dodaje si\u0119 ust. 9aa i&nbsp;9ab w&nbsp;art. 145 w&nbsp;pkt 3 w&nbsp;lit. b \u015brednik zast\u0119puje si\u0119 przecinkiem i&nbsp;dodaje si\u0119 lit. c, w&nbsp;art. 146a dodaje si\u0119 ust. 5, w&nbsp;art. 146b dodaje si\u0119 ust. 4, w&nbsp;art. 146e dotychczasow\u0105 tre\u015b\u0107 oznacza si\u0119 jako ust. 1 i&nbsp;dodaje si\u0119 ust. 2, w&nbsp;art. 146f dodaje si\u0119 ust. 5-8, dodaje si\u0119 art. 146j i&nbsp;art. 146k, art. 152a, w&nbsp;art. 157a w&nbsp;ust. 2 w&nbsp;pkt 2 kropk\u0119 zast\u0119puje si\u0119 \u015brednikiem i&nbsp;dodaje si\u0119 pkt 3, w&nbsp;art. 184 po ust. 2b dodaje si\u0119 ust. 2c-2g, dodaje si\u0119 art. 188a, w&nbsp;tytule III dodaje si\u0119 dzia\u0142 IVb.<br \/>W ustawie z&nbsp;dnia 3 pa\u017adziernika 2008 r. o&nbsp;udost\u0119pnianiu informacji o&nbsp;\u015brodowisku i&nbsp;jego ochronie, udziale spo\u0142ecze\u0144stwa w&nbsp;ochronie \u015brodowiska oraz o&nbsp;ocenach oddzia\u0142ywania na \u015brodowisko (Dz. U. z&nbsp;2017 r. poz. 1405 i&nbsp;1566) w&nbsp;art. 25 w&nbsp;ust. 1 dodaje si\u0119 pkt 3a.<br \/>W ustawie z&nbsp;dnia 17 lipca 2009 r. o&nbsp;systemie zarz\u0105dzania emisjami gaz&oacute;w cieplarnianych i&nbsp;innych substancji (Dz. U. z&nbsp;2017 r. poz. 286 i&nbsp;1566) w&nbsp;art. 3 w&nbsp;ust. 2 w&nbsp;pkt 10 w&nbsp;lit. q kropk\u0119 zast\u0119puje si\u0119 \u015brednikiem i&nbsp;dodaje si\u0119 pkt 11.<\/p>\n<p><strong>GOSPODARKA OPAKOWANIAMI<\/strong><br \/>Ustawa z&nbsp;dnia 12 pa\u017adziernika 2017 r. o&nbsp;zmianie ustawy o&nbsp;gospodarce opakowaniami i&nbsp;odpadami opakowaniowymi oraz niekt&oacute;rych innych ustaw (Dz. U. z&nbsp;2017 r., poz. 2056) &ndash; wejdzie w&nbsp;\u017cycie z&nbsp;dniem 1 stycznia 2018 r.<br \/>W ustawie z&nbsp;dnia 13 czerwca 2013 r. o&nbsp;gospodarce opakowaniami i&nbsp;odpadami opakowaniowymi (Dz. U. z&nbsp;2016 r. poz. 1863, 1948 i&nbsp;2255) zmianie ulegnie brzmienie art. 1 ust. 1 pkt 4, art. 6 ust. 1, art. 8, art. 17 ust. 5 i&nbsp;6, art. 19, art. 20 ust. 3-5, art. 22 ust. 1, art. 23, art. 24, art. 25, art. 26 ust. 5, art. 31 ust. 1 pkt 1, art. 33, art. 45 ust. 5, art. 48 w&nbsp;ust. 2 wprowadzenie do wyliczenia, art. 53, art. 54, art. 56 ust. 1, art. 57, art. 58, za\u0142\u0105cznika nr 1, za\u0142\u0105cznika nr 2, w&nbsp;art. 7 w&nbsp;ust. 1 w&nbsp;pkt 1 w&nbsp;lit. b wyrazy &#8220;pkt 1&#8221; zast\u0119puje si\u0119 wyrazami &#8220;lit. a&#8221;, dodany zostanie art. 8a, w&nbsp;art. 18 dodaje si\u0119 ust. 4a. w&nbsp;art. 34 dodaje si\u0119 ust. 2a, dodaje si\u0119 rozdzia\u0142 6a, w&nbsp;rozdziale 8 dodaje si\u0119 art. 45a, w&nbsp;art. 46 dodaje si\u0119 ust. 3, w&nbsp;art. 47 dodaje si\u0119 ust. 1a, w&nbsp;art. 52 dodaje si\u0119 ust. 3, dodaje si\u0119 art. 53a.<br \/>W ustawie z&nbsp;dnia 26 lipca 1991 r. o&nbsp;podatku dochodowym od os&oacute;b fizycznych (Dz. U. z&nbsp;2016 r. poz. 2032, z&nbsp;p&oacute;\u017an. zm.) w&nbsp;art. 14 w&nbsp;ust. 2 w&nbsp;pkt 17 w&nbsp;lit. b kropk\u0119 zast\u0119puje si\u0119 \u015brednikiem i&nbsp;dodaje si\u0119 pkt 18, w&nbsp;art. 22 dodaje si\u0119 ust. 1aa.<br \/>W ustawie z&nbsp;dnia 15 lutego 1992 r. o&nbsp;podatku dochodowym od os&oacute;b prawnych (Dz. U. z&nbsp;2016 r. poz. 1888, z&nbsp;p&oacute;\u017an. zm.) w&nbsp;art. 12 w&nbsp;ust. 1 w&nbsp;pkt 10 w&nbsp;lit. b kropk\u0119 zast\u0119puje si\u0119 \u015brednikiem i&nbsp;dodaje si\u0119 pkt 11, w&nbsp;art. 15 dodaje si\u0119 ust. 1aa.<br \/>W ustawie z&nbsp;dnia 13 wrze\u015bnia 1996 r. o&nbsp;utrzymaniu czysto\u015bci i&nbsp;porz\u0105dku w&nbsp;gminach (Dz. U. z&nbsp;2017 r. poz. 1289) dodaje si\u0119 art. 9nb, w&nbsp;art. 9p w&nbsp;ust. 1 dodaje si\u0119 wyrazy &#8220;, art. 9nb ust. 1&#8243;, zmianie ulegnie brzmienie art. 9t, w&nbsp;art. 9ta we wprowadzeniu do wyliczenia &#8221; dodaje si\u0119 wyrazy &#8220;art. 9nb ust. 1,&#8221;, dodaje si\u0119 art. 9xaa, w&nbsp;art. 9zb dodaje si\u0119 ust. 1aa, w&nbsp;art. 9zc w&nbsp;ust. 1 i&nbsp;2 dodaje si\u0119 wyrazy &#8220;art. 9xaa pkt 1,&#8221;, w&nbsp;art. 9zd w&nbsp;ust. dodaje si\u0119 wyrazy &#8220;, art. 9xaa&#8221;.<br \/>W ustawie z&nbsp;dnia 15 grudnia 2000 r. o&nbsp;Inspekcji Handlowej (Dz. U. z&nbsp;2017 r. poz. 1063) w&nbsp;art. 3 w&nbsp;ust. 1 po pkt 2g dodaje si\u0119 pkt 2h.<br \/>W ustawie z&nbsp;dnia 27 kwietnia 2001 r. &#8211; Prawo ochrony \u015brodowiska (Dz. U. z&nbsp;2017 r. poz. 519, z&nbsp;p&oacute;\u017an. zm.) zmianie ulegnie brzmienie art. 401 ust. 7 pkt 8a.<br \/>W ustawie z&nbsp;dnia 11 maja 2001 r. o&nbsp;obowi\u0105zkach przedsi\u0119biorc&oacute;w w&nbsp;zakresie gospodarowania niekt&oacute;rymi odpadami oraz o&nbsp;op\u0142acie produktowej (Dz. U. z&nbsp;2016 r. poz. 1478) zmianie ulegnie brzmienie art. 3, art. 14.<br \/>W ustawie z&nbsp;dnia 14 grudnia 2012 r. o&nbsp;odpadach (Dz. U. z&nbsp;2016 r. poz. 1987 i&nbsp;1954 oraz z&nbsp;2017 r. poz. 785 i&nbsp;1566) zmianie ulegnie brzmienie art. 50, art. 54 ust. 4, art. 73 ust. 2 pkt 2, art. 74 art. 237b, w&nbsp;art. 52 w&nbsp;ust. 1 w&nbsp;pkt 7a w&nbsp;lit. e \u015brednik zast\u0119puje si\u0119 przecinkiem i&nbsp;dodaje si\u0119 lit. f.<br \/>W ustawie z&nbsp;dnia 11 wrze\u015bnia 2015 r. o&nbsp;zu\u017cytym sprz\u0119cie elektrycznym i&nbsp;elektronicznym (Dz. U. poz. 1688) w&nbsp;art. 67 dodaje si\u0119 ust. 1a.<\/p>\n<p><strong>BEZPIECZE\u0143STWO \u017bYWNO\u015aCI I&nbsp;\u017bYWIENIA<\/strong><br \/>Rozporz\u0105dzenie Ministra Zdrowia z&nbsp;dnia 5 pa\u017adziernika 2017 r. w&nbsp;sprawie op\u0142at za czynno\u015bci wykonywane przez organy Pa\u0144stwowej Inspekcji Sanitarnej w&nbsp;ramach urz\u0119dowych kontroli \u017cywno\u015bci (Dz. U. z&nbsp;2017 r., poz. 2012) &ndash; wejdzie w&nbsp;\u017cycie z&nbsp;dniem 14 listopada 2017 r.<\/p>\n<p><strong>ZAPASY ROPY NAFTOWEJ, PRODUKT&Oacute;W NAFTOWYCH I&nbsp;GAZU ZIEMNEGO<\/strong><br \/>Rozporz\u0105dzenie Ministra Energii z&nbsp;dnia 16 pa\u017adziernika 2017 r. w&nbsp;sprawie rejestru systemu zapas&oacute;w interwencyjnych (Dz. U. z&nbsp;2017 r., poz. 2057) &ndash; wejdzie w&nbsp;\u017cycie z&nbsp;dniem 22 listopada 2017 r.<\/p>\n<p><strong>CUDZOZIEMCY<\/strong><br \/>Rozporz\u0105dzenie Ministra Spraw Wewn\u0119trznych i&nbsp;Administracji z&nbsp;dnia 13 pa\u017adziernika 2017 r. zmieniaj\u0105ce rozporz\u0105dzenie w&nbsp;sprawie wiz dla cudzoziemc&oacute;w (Dz. U. z&nbsp;2017 r., poz. 2013) &ndash; wejdzie w&nbsp;\u017cycie z&nbsp;dniem 1 stycznia 2018 r.<br \/>W rozporz\u0105dzeniu Ministra Spraw Wewn\u0119trznych z&nbsp;dnia 5 maja 2014 r. w&nbsp;sprawie wiz dla cudzoziemc&oacute;w (Dz. U. poz. 592) zmianie ulegnie brzmienie &sect; 2.<\/p>\n<p><strong>PRAWO O&nbsp;RUCHU DROGOWYM<\/strong><br \/>Rozporz\u0105dzenie Ministra Infrastruktury i&nbsp;Budownictwa z&nbsp;dnia 11 pa\u017adziernika 2017 r. w&nbsp;sprawie warunk&oacute;w dystrybucji blankiet&oacute;w dowod&oacute;w rejestracyjnych i&nbsp;pozwole\u0144 czasowych oraz nalepek kontrolnych (Dz. U. z&nbsp;2017 r., poz. 2014) &ndash; wejdzie w&nbsp;\u017cycie z&nbsp;dniem 1 stycznia 2018 r.<br \/>Rozporz\u0105dzenie Ministra Cyfryzacji z&nbsp;dnia 20 pa\u017adziernika 2017 r. zmieniaj\u0105ce rozporz\u0105dzenie w&nbsp;sprawie op\u0142aty za udost\u0119pnienie danych z&nbsp;centralnej ewidencji pojazd&oacute;w (Dz. U. z&nbsp;2017 r., poz. 2009) &ndash; wejdzie w&nbsp;\u017cycie z&nbsp;dniem 13 listopada 2017 r.<br \/>W rozporz\u0105dzeniu Ministra Spraw Wewn\u0119trznych z&nbsp;dnia 9 listopada 2015 r. w&nbsp;sprawie op\u0142aty za udost\u0119pnienie danych z&nbsp;centralnej ewidencji pojazd&oacute;w (Dz. U. z&nbsp;2017 r. poz. 478) zmianie ulegnie brzmienie &sect; 5.<br \/>Rozporz\u0105dzenie Ministra Infrastruktury i&nbsp;Budownictwa z&nbsp;dnia 31 pa\u017adziernika 2017 r. w&nbsp;sprawie zmiany rozporz\u0105dzenia zmieniaj\u0105cego rozporz\u0105dzenie w&nbsp;sprawie szczeg&oacute;\u0142owych czynno\u015bci organ&oacute;w w&nbsp;sprawach zwi\u0105zanych z&nbsp;dopuszczeniem pojazdu do ruchu oraz wzor&oacute;w dokument&oacute;w w&nbsp;tych sprawach (Dz. U. z&nbsp;2017 r., poz. 2060) &ndash; wesz\u0142o w&nbsp;\u017cycie z&nbsp;dniem 8 listopada 2017 r.<br \/>W rozporz\u0105dzeniu Ministra Infrastruktury i&nbsp;Budownictwa z&nbsp;dnia 22 marca 2016 r. zmieniaj\u0105cym rozporz\u0105dzenie w&nbsp;sprawie szczeg&oacute;\u0142owych czynno\u015bci organ&oacute;w w&nbsp;sprawach zwi\u0105zanych z&nbsp;dopuszczeniem pojazdu do ruchu oraz wzor&oacute;w dokument&oacute;w w&nbsp;tych sprawach (Dz. U. poz. 488 i&nbsp;2152) zmianie ulegnie brzmienie &sect; 1, &sect; 2, za\u0142\u0105cznika nr 1 do rozporz\u0105dzenia, dodany zostanie &sect; 1a, za\u0142\u0105cznik nr 1.<br \/>Rozporz\u0105dzenie Ministra Cyfryzacji z&nbsp;dnia 31 pa\u017adziernika 2017 r. w&nbsp;sprawie wzoru wniosku o&nbsp;udost\u0119pnienie albo przekazanie danych z&nbsp;centralnej ewidencji pojazd&oacute;w (Dz. U. z&nbsp;2017 r., poz. 2068) &ndash; wejdzie w&nbsp;\u017cycie z&nbsp;dniem 13 listopada 2017 r.<\/p>\n<p><strong>OCHRONA ROSZCZE\u0143 PRACOWNICZYCH W&nbsp;RAZIE NIEWYP\u0141ACALNO\u015aCI PRACODAWCY<\/strong><br \/>Rozporz\u0105dzenie Ministra Rodziny, Pracy i&nbsp;Polityki Spo\u0142ecznej z&nbsp;dnia 19 pa\u017adziernika 2017 r. w&nbsp;sprawie rodzaj&oacute;w dokument&oacute;w i&nbsp;informacji wymaganych do rozpatrzenia wniosku o&nbsp;okre\u015blenie warunk&oacute;w zwrotu, odst\u0105pienie od dochodzenia zwrotu lub umorzenie nale\u017cno\u015bci Funduszu Gwarantowanych \u015awiadcze\u0144 Pracowniczych (Dz. U. z&nbsp;2017 r., poz. 2007) &ndash; wesz\u0142o w&nbsp;\u017cycie z&nbsp;dniem 28 pa\u017adziernika 2017 r.<br \/>Rozporz\u0105dzenie Ministra Rodziny, Pracy i&nbsp;Polityki Spo\u0142ecznej z&nbsp;dnia 24 pa\u017adziernika 2017 r. w&nbsp;sprawie wniosk&oacute;w o&nbsp;wyp\u0142at\u0119 zaliczki z&nbsp;Funduszu Gwarantowanych \u015awiadcze\u0144 Pracowniczych (Dz. U. z&nbsp;2017 r., poz. 2027) &ndash; wesz\u0142o w&nbsp;\u017cycie z&nbsp;dniem 1 listopada 2017 r.<br \/>Rozporz\u0105dzenie Ministra Rodziny, Pracy i&nbsp;Polityki Spo\u0142ecznej z&nbsp;dnia 24 pa\u017adziernika 2017 r. w&nbsp;sprawie wykaz&oacute;w, wniosk&oacute;w i&nbsp;wyp\u0142at \u015bwiadcze\u0144 z&nbsp;Funduszu Gwarantowanych \u015awiadcze\u0144 Pracowniczych (Dz. U. z&nbsp;2017 r., poz. 2041) &ndash; wesz\u0142o w&nbsp;\u017cycie z&nbsp;dniem 4 listopada 2017 r.<\/p>\n<p><strong>PRAWO MEDYCZNE<\/strong><br \/>Rozporz\u0105dzenie Ministra Zdrowia z&nbsp;dnia 27 pa\u017adziernika 2017 r. w&nbsp;sprawie wysoko\u015bci zasadniczego wynagrodzenia miesi\u0119cznego lekarzy i&nbsp;lekarzy dentyst&oacute;w odbywaj\u0105cych specjalizacje w&nbsp;ramach rezydentury (Dz. U. z&nbsp;2017 r., poz. 2017) &ndash; wesz\u0142o w&nbsp;\u017cycie z&nbsp;dniem 31 pa\u017adziernika 2017 r.<br \/>Rozporz\u0105dzenie Ministra Zdrowia z&nbsp;dnia 30 pa\u017adziernika 2017 r. w&nbsp;sprawie sposobu i&nbsp;trybu finansowania z&nbsp;bud\u017cetu pa\u0144stwa \u015bwiadcze\u0144 opieki zdrowotnej (Dz. U. z&nbsp;2017 r., poz. 2028) &ndash; wesz\u0142o w&nbsp;\u017cycie z&nbsp;dniem 2 listopada 2017 r.<br \/>Rozporz\u0105dzenie Ministra Zdrowia z&nbsp;dnia 16 pa\u017adziernika 2017 r. w&nbsp;sprawie leczenia krwi\u0105 i&nbsp;jej sk\u0142adnikami w&nbsp;podmiotach leczniczych wykonuj\u0105cych dzia\u0142alno\u015b\u0107 lecznicz\u0105 w&nbsp;rodzaju stacjonarne i&nbsp;ca\u0142odobowe \u015bwiadczenia zdrowotne (Dz. U. z&nbsp;2017 r., poz. 2051) &ndash; wesz\u0142o w&nbsp;\u017cycie z&nbsp;dniem 7 listopada 2017 r.<\/p>\n<p><strong>PRAWO UNII EUROPEJSKIEJ<\/strong><br \/>&nbsp;Rozporz\u0105dzenie wykonawcze Komisji (UE) 2017\/1966 z&nbsp;dnia 27 pa\u017adziernika 2017 r. zmieniaj\u0105ce rozporz\u0105dzenie wykonawcze (UE) nr 1189\/2011 w&nbsp;odniesieniu do przekazywania wniosk&oacute;w o&nbsp;udzielenie pomocy i&nbsp;dzia\u0142a\u0144 podejmowanych w&nbsp;nast\u0119pstwie tych wniosk&oacute;w<br \/>Rozporz\u0105dzenie Parlamentu Europejskiego i&nbsp;Rady (UE) 2017\/1938 z&nbsp;dnia 25 pa\u017adziernika 2017 r. dotycz\u0105ce \u015brodk&oacute;w zapewniaj\u0105cych bezpiecze\u0144stwo dostaw gazu ziemnego i&nbsp;uchylaj\u0105ce rozporz\u0105dzenie (UE) nr 994\/2010 (Tekst maj\u0105cy znaczenie dla EOG.)<br \/>Sprostowanie do rozporz\u0105dzenia Parlamentu Europejskiego i&nbsp;Rady (UE) nr 528\/2012 z&nbsp;dnia 22 maja 2012 r. w&nbsp;sprawie udost\u0119pniania na rynku i&nbsp;stosowania produkt&oacute;w biob&oacute;jczych (Dz.U. L 167 z&nbsp;27.6.2012)<br \/>Rozporz\u0105dzenie Rady (UE) 2017\/1939 z&nbsp;dnia 12 pa\u017adziernika 2017 r. wdra\u017caj\u0105ce wzmocnion\u0105 wsp&oacute;\u0142prac\u0119 w&nbsp;zakresie ustanowienia Prokuratury Europejskiej<br \/>Sprostowanie do rozporz\u0105dzenia delegowanego Komisji (UE) 2016\/341 z&nbsp;dnia 17 grudnia 2015 r. uzupe\u0142niaj\u0105cego rozporz\u0105dzenie Parlamentu Europejskiego i&nbsp;Rady (UE) nr 952\/2013 w&nbsp;odniesieniu do przepis&oacute;w przej\u015bciowych dotycz\u0105cych niekt&oacute;rych przepis&oacute;w unijnego kodeksu celnego w&nbsp;okresie, gdy nie dzia\u0142aj\u0105 jeszcze odpowiednie systemy teleinformatyczne, i&nbsp;zmieniaj\u0105cego rozporz\u0105dzenie delegowane Komisji (UE) 2015\/2446 (Dz.U. L 69 z&nbsp;15.3.2016)<br \/>Rozporz\u0105dzenie delegowane Komisji (UE) 2017\/1961 z&nbsp;dnia 2 sierpnia 2017 r. zmieniaj\u0105ce rozporz\u0105dzenie (WE) nr 606\/2009 w&nbsp;odniesieniu do niekt&oacute;rych praktyk enologicznych<br \/>Rozporz\u0105dzenie Parlamentu Europejskiego i&nbsp;Rady (UE) 2017\/1952 z&nbsp;dnia 25 pa\u017adziernika 2017 r. uchylaj\u0105ce rozporz\u0105dzenia Parlamentu Europejskiego i&nbsp;Rady (WE) nr 2888\/2000 i&nbsp;(WE) nr 685\/2001 oraz rozporz\u0105dzenie Rady (EWG) nr 1101\/89 (Tekst maj\u0105cy znaczenie dla EOG.)<br \/>Rozporz\u0105dzenie wykonawcze Komisji (UE) 2017\/1925 z&nbsp;dnia 12 pa\u017adziernika 2017 r. zmieniaj\u0105ce za\u0142\u0105cznik I&nbsp;do rozporz\u0105dzenia Rady (EWG) nr 2658\/87 w&nbsp;sprawie nomenklatury taryfowej i&nbsp;statystycznej oraz w&nbsp;sprawie Wsp&oacute;lnej Taryfy Celnej<br \/>Rozporz\u0105dzenie wykonawcze Komisji (UE) 2017\/1971 z&nbsp;dnia 26 pa\u017adziernika 2017 r. dotycz\u0105ce klasyfikacji niekt&oacute;rych towar&oacute;w wed\u0142ug Nomenklatury scalonej<br \/>Rozporz\u0105dzenie Parlamentu Europejskiego i&nbsp;Rady (UE) 2017\/1951 z&nbsp;dnia 25 pa\u017adziernika 2017 r. zmieniaj\u0105ce rozporz\u0105dzenie (UE) nr 99\/2013 w&nbsp;sprawie Europejskiego programu statystycznego 2013&ndash;2017 poprzez przed\u0142u\u017cenie programu do roku 2020 (Tekst maj\u0105cy znaczenie dla EOG i&nbsp;Szwajcarii.)<br \/>Rozporz\u0105dzenie wykonawcze Komisji (UE) 2017\/1977 z&nbsp;dnia 26 pa\u017adziernika 2017 r. uchylaj\u0105ce rozporz\u0105dzenie wykonawcze (UE) nr 876\/2014 dotycz\u0105ce klasyfikacji niekt&oacute;rych towar&oacute;w wed\u0142ug Nomenklatury scalonej<br \/>Rozporz\u0105dzenie Parlamentu Europejskiego i&nbsp;Rady (UE) 2017\/1954 z&nbsp;dnia 25 pa\u017adziernika 2017 r. zmieniaj\u0105ce rozporz\u0105dzenie Rady (WE) nr 1030\/2002 ustanawiaj\u0105ce jednolity wz&oacute;r dokument&oacute;w pobytowych dla obywateli pa\u0144stw trzecich<br \/>Rozporz\u0105dzenie Komisji (UE) 2017\/1980 z&nbsp;dnia 31 pa\u017adziernika 2017 r. zmieniaj\u0105ce za\u0142\u0105cznik III do rozporz\u0105dzenia (WE) nr 2074\/2005 w&nbsp;odniesieniu do metody wykrywania toksyny paralitycznej (PSP) (Tekst maj\u0105cy znaczenie dla EOG.)<br \/>Rozporz\u0105dzenie Parlamentu Europejskiego i&nbsp;Rady (UE) 2017\/1953 z&nbsp;dnia 25 pa\u017adziernika 2017 r. zmieniaj\u0105ce rozporz\u0105dzenia (UE) nr 1316\/2013 i&nbsp;(UE) nr 283\/2014 w&nbsp;odniesieniu do propagowania \u0142\u0105czno\u015bci internetowej w&nbsp;spo\u0142eczno\u015bciach lokalnych (Tekst maj\u0105cy znaczenie dla EOG.)<br \/>Rozporz\u0105dzenie wykonawcze Komisji (UE) 2017\/1983 z&nbsp;dnia 27 pa\u017adziernika 2017 r. dotycz\u0105ce klasyfikacji niekt&oacute;rych towar&oacute;w wed\u0142ug Nomenklatury scalonej<br \/>Rozporz\u0105dzenie wykonawcze Komisji (UE) 2017\/2004 z&nbsp;dnia 8 listopada 2017 r. zatwierdzaj\u0105ce 2-metylo-2H-izotiazol-3-on jako istniej\u0105c\u0105 substancj\u0119 czynn\u0105 przeznaczon\u0105 do stosowania w&nbsp;produktach biob&oacute;jczych nale\u017c\u0105cych do grupy produktowej 12 (Tekst maj\u0105cy znaczenie dla EOG.)<br \/>Rozporz\u0105dzenie wykonawcze Komisji (UE) 2017\/2002 z&nbsp;dnia 8 listopada 2017 r. zatwierdzaj\u0105ce kwas mlekowy L(+) jako istniej\u0105c\u0105 substancj\u0119 czynn\u0105 do stosowania w&nbsp;produktach biob&oacute;jczych nale\u017c\u0105cych do grup produktowych 2, 3 i&nbsp;4 (Tekst maj\u0105cy znaczenie dla EOG.)<br \/>Rozporz\u0105dzenie wykonawcze Komisji (UE) 2017\/2003 z&nbsp;dnia 8 listopada 2017 r. zatwierdzaj\u0105ce fludioksonil jako substancj\u0119 czynn\u0105 do stosowania w&nbsp;produktach biob&oacute;jczych nale\u017c\u0105cych do grup produktowych 7, 9 i&nbsp;10 (Tekst maj\u0105cy znaczenie dla EOG.)<br \/>Rozporz\u0105dzenie Komisji (UE) 2017\/1990 z&nbsp;dnia 6 listopada 2017 r. zmieniaj\u0105ce rozporz\u0105dzenie (WE) nr 1126\/2008 przyjmuj\u0105ce okre\u015blone mi\u0119dzynarodowe standardy rachunkowo\u015bci zgodnie z&nbsp;rozporz\u0105dzeniem (WE) nr 1606\/2002 Parlamentu Europejskiego i&nbsp;Rady w&nbsp;odniesieniu do Mi\u0119dzynarodowego Standardu Rachunkowo\u015bci 7 (Tekst maj\u0105cy znaczenie dla EOG.)<br \/>Rozporz\u0105dzenie Komisji (UE) 2017\/1988 z&nbsp;dnia 3 listopada 2017 r. zmieniaj\u0105ce rozporz\u0105dzenie (WE) nr 1126\/2008 przyjmuj\u0105ce okre\u015blone mi\u0119dzynarodowe standardy rachunkowo\u015bci zgodnie z&nbsp;rozporz\u0105dzeniem (WE) nr 1606\/2002 Parlamentu Europejskiego i&nbsp;Rady w&nbsp;odniesieniu do Mi\u0119dzynarodowego Standardu Sprawozdawczo\u015bci Finansowej 4 (Tekst maj\u0105cy znaczenie dla EOG.)<br \/>Rozporz\u0105dzenie Komisji (UE) 2017\/1987 z&nbsp;dnia 31 pa\u017adziernika 2017 r. zmieniaj\u0105ce rozporz\u0105dzenie (WE) nr 1126\/2008 przyjmuj\u0105ce okre\u015blone mi\u0119dzynarodowe standardy rachunkowo\u015bci zgodnie z&nbsp;rozporz\u0105dzeniem (WE) nr 1606\/2002 Parlamentu Europejskiego i&nbsp;Rady w&nbsp;odniesieniu do Mi\u0119dzynarodowego Standardu Sprawozdawczo\u015bci Finansowej 15 (Tekst maj\u0105cy znaczenie dla EOG.)<br \/>Rozporz\u0105dzenie Komisji (UE) 2017\/1986 z&nbsp;dnia 31 pa\u017adziernika 2017 r. zmieniaj\u0105ce rozporz\u0105dzenie (WE) nr 1126\/2008 przyjmuj\u0105ce okre\u015blone mi\u0119dzynarodowe standardy rachunkowo\u015bci zgodnie z&nbsp;rozporz\u0105dzeniem (WE) nr 1606\/2002 Parlamentu Europejskiego i&nbsp;Rady w&nbsp;odniesieniu do Mi\u0119dzynarodowego Standardu Sprawozdawczo\u015bci Finansowej 16 (Tekst maj\u0105cy znaczenie dla EOG.)<br \/>Rozporz\u0105dzenie Komisji (UE) 2017\/1989 z&nbsp;dnia 6 listopada 2017 r. zmieniaj\u0105ce rozporz\u0105dzenie (WE) nr 1126\/2008 przyjmuj\u0105ce okre\u015blone mi\u0119dzynarodowe standardy rachunkowo\u015bci zgodnie z&nbsp;rozporz\u0105dzeniem (WE) nr 1606\/2002 Parlamentu Europejskiego i&nbsp;Rady w&nbsp;odniesieniu do Mi\u0119dzynarodowego Standardu Rachunkowo\u015bci 12 (Tekst maj\u0105cy znaczenie dla EOG.)<br \/>Rozporz\u0105dzenie Parlamentu Europejskiego i&nbsp;Rady (UE) 2017\/1991 z&nbsp;dnia 25 pa\u017adziernika 2017 r. zmieniaj\u0105ce rozporz\u0105dzenie (UE) nr 345\/2013 w&nbsp;sprawie europejskich funduszy venture capital i&nbsp;rozporz\u0105dzenie (UE) nr 346\/2013 w&nbsp;sprawie europejskich funduszy na rzecz przedsi\u0119biorczo\u015bci spo\u0142ecznej (Tekst maj\u0105cy znaczenie dla EOG)<br \/>Rozporz\u0105dzenie wykonawcze Komisji (UE) 2017\/2001 z&nbsp;dnia 8 listopada 2017 r. w&nbsp;sprawie zatwierdzenia propan-1-olu jako istniej\u0105cej substancji czynnej do stosowania w&nbsp;produktach biob&oacute;jczych nale\u017c\u0105cych do grup produktowych 1, 2 i&nbsp;4 (Tekst maj\u0105cy znaczenie dla EOG.)<br \/>Rozporz\u0105dzenie wykonawcze Komisji (UE) 2017\/2011 z&nbsp;dnia 9 listopada 2017 r. zmieniaj\u0105ce rozporz\u0105dzenie (WE) nr 951\/2007 ustanawiaj\u0105ce zasady stosowania program&oacute;w wsp&oacute;\u0142pracy transgranicznej finansowanych w&nbsp;ramach rozporz\u0105dzenia (WE) nr 1638\/2006 Parlamentu Europejskiego i&nbsp;Rady<br \/>Rozporz\u0105dzenie Komisji (UE) 2017\/2010 z&nbsp;dnia 9 listopada 2017 r. zmieniaj\u0105ce rozporz\u0105dzenie Parlamentu Europejskiego i&nbsp;Rady (WE) nr 1099\/2008 w&nbsp;sprawie statystyki energii w&nbsp;odniesieniu do aktualizacji rocznych i&nbsp;miesi\u0119cznych statystyk dotycz\u0105cych energii (Tekst maj\u0105cy znaczenie dla EOG.)<br \/>Sprostowanie do rozporz\u0105dzenia delegowanego Komisji (UE) 2017\/1018 z&nbsp;dnia 29 czerwca 2016 r. uzupe\u0142niaj\u0105cego dyrektyw\u0119 Parlamentu Europejskiego i&nbsp;Rady 2014\/65\/UE w&nbsp;sprawie rynk&oacute;w instrument&oacute;w finansowych w&nbsp;odniesieniu do regulacyjnych standard&oacute;w technicznych okre\u015blaj\u0105cych informacje zg\u0142aszane przez firmy inwestycyjne, operator&oacute;w rynku i&nbsp;instytucje kredytowe (Dz.U. L 155 z&nbsp;17.6.2017)<\/p>\n<p><strong>_____Orzecznictwo<\/strong><br \/><strong>S\u0105d Najwy\u017cszy<\/strong><\/p>\n<p><strong>STOSUNKI PRAWNE \u0141\u0104CZ\u0104CE UBEZPIECZONEGO Z&nbsp;PRACODAWC\u0104<\/strong><br \/>Istnienie jakichkolwiek stosunk&oacute;w prawnych \u0142\u0105cz\u0105cych ubezpieczonego z&nbsp;pracodawc\u0105, u&nbsp;kt&oacute;rego dzia\u0142a zwi\u0105zek zawodowy, nie ma znaczenia dla skuteczno\u015bci udzielenia pe\u0142nomocnictwa przedstawicielowi tego zwi\u0105zku zawodowego (art. 465 &sect; 1 k.p.c.) &ndash; Uchwa\u0142a S\u0105du Najwy\u017cszego z&nbsp;dnia 8 listopada 2017 r., sygn. akt III UZP 7\/17.<\/p>\n<p><strong>ROSZCZENIE O&nbsp;ZADO\u015a\u0106UCZYNIENIE PIENI\u0118\u017bNE ZA NARUSZENIE D&Oacute;BR OSOBISTYCH<\/strong><br \/>Roszczenie o&nbsp;zado\u015b\u0107uczynienie pieni\u0119\u017cne za naruszenie d&oacute;br osobistych przechodzi na nast\u0119pc\u0119 prawnego pod tytu\u0142em og&oacute;lnym osoby prawnej, gdy pow&oacute;dztwo o&nbsp;jego zas\u0105dzenie zosta\u0142o wytoczone przed jej ustaniem (art. 448 w&nbsp;zw. z&nbsp;art. 445 &sect; 3 i&nbsp;w zw. z&nbsp;art. 43 k.c.) &ndash; Uchwa\u0142a S\u0105du Najwy\u017cszego z&nbsp;dnia 9 listopada 2017 r., sygn. akt III CZP 43\/17.<\/p>\n","protected":false},"excerpt":{"rendered":"<p>We would like to present the next issue of legal bulletin of the Law Office of Adam Polowiec.What you will find here is some information about the new provisions of law and the projects of amendments to acts, but also case-laws including the case laws of Supreme Court, Constitutional Tribunal and European Court of Justice.<\/p>\n","protected":false},"author":4,"featured_media":0,"comment_status":"closed","ping_status":"open","sticky":false,"template":"","format":"standard","meta":{"footnotes":""},"categories":[2],"tags":[],"class_list":["post-819","post","type-post","status-publish","format-standard","hentry","category-wpisy"],"featured_image_src":{"landsacpe":false,"list":false,"medium":false,"full":false},"yoast_head":"<!-- This site is optimized with the Yoast SEO plugin v27.2 - https:\/\/yoast.com\/product\/yoast-seo-wordpress\/ -->\n<title>Legal Bulletin Of The Law Office Of Adam Polowiec (30 October 2017 \u2013 12 November 2017) - Polowiec i Wsp\u00f3lnicy - Kancelaria prawna<\/title>\n<meta name=\"robots\" content=\"index, follow, max-snippet:-1, max-image-preview:large, max-video-preview:-1\" \/>\n<link rel=\"canonical\" href=\"https:\/\/polowiec.pl\/en\/legal-bulletin-of-the-law-office-of-adam-polowiec-30-october-2017-12-november-2017\/\" \/>\n<meta property=\"og:locale\" content=\"en_US\" \/>\n<meta property=\"og:type\" content=\"article\" \/>\n<meta property=\"og:title\" content=\"Legal Bulletin Of The Law Office Of Adam Polowiec (30 October 2017 \u2013 12 November 2017) - Polowiec i Wsp\u00f3lnicy - Kancelaria prawna\" \/>\n<meta property=\"og:description\" content=\"We would like to present the next issue of legal bulletin of the Law Office of Adam Polowiec.What you will find here is some information about the new provisions of law and the projects of amendments to acts, but also case-laws including the case laws of Supreme Court, Constitutional Tribunal and European Court of Justice.\" \/>\n<meta property=\"og:url\" content=\"https:\/\/polowiec.pl\/en\/legal-bulletin-of-the-law-office-of-adam-polowiec-30-october-2017-12-november-2017\/\" \/>\n<meta property=\"og:site_name\" content=\"Polowiec i Wsp\u00f3lnicy - Kancelaria prawna\" \/>\n<meta property=\"article:publisher\" content=\"https:\/\/www.facebook.com\/polowieciwspolnicy\/\" \/>\n<meta property=\"article:published_time\" content=\"2017-11-13T07:57:59+00:00\" \/>\n<meta property=\"article:modified_time\" content=\"2019-04-18T16:28:15+00:00\" \/>\n<meta name=\"author\" content=\"Monika\" \/>\n<meta name=\"twitter:card\" content=\"summary_large_image\" \/>\n<meta name=\"twitter:label1\" content=\"Written by\" \/>\n\t<meta name=\"twitter:data1\" content=\"Monika\" \/>\n\t<meta name=\"twitter:label2\" content=\"Est. reading time\" \/>\n\t<meta name=\"twitter:data2\" content=\"16 minutes\" \/>\n<script type=\"application\/ld+json\" class=\"yoast-schema-graph\">{\"@context\":\"https:\/\/schema.org\",\"@graph\":[{\"@type\":\"Article\",\"@id\":\"https:\/\/polowiec.pl\/en\/legal-bulletin-of-the-law-office-of-adam-polowiec-30-october-2017-12-november-2017\/#article\",\"isPartOf\":{\"@id\":\"https:\/\/polowiec.pl\/en\/legal-bulletin-of-the-law-office-of-adam-polowiec-30-october-2017-12-november-2017\/\"},\"author\":{\"name\":\"Monika\",\"@id\":\"https:\/\/polowiec.pl\/en\/#\/schema\/person\/6178ac96ba1d4d590993734f8a0a6539\"},\"headline\":\"Legal Bulletin Of The Law Office Of Adam Polowiec (30 October 2017 \u2013 12 November 2017)\",\"datePublished\":\"2017-11-13T07:57:59+00:00\",\"dateModified\":\"2019-04-18T16:28:15+00:00\",\"mainEntityOfPage\":{\"@id\":\"https:\/\/polowiec.pl\/en\/legal-bulletin-of-the-law-office-of-adam-polowiec-30-october-2017-12-november-2017\/\"},\"wordCount\":3193,\"publisher\":{\"@id\":\"https:\/\/polowiec.pl\/en\/#organization\"},\"articleSection\":[\"Wpisy\"],\"inLanguage\":\"en-US\"},{\"@type\":\"WebPage\",\"@id\":\"https:\/\/polowiec.pl\/en\/legal-bulletin-of-the-law-office-of-adam-polowiec-30-october-2017-12-november-2017\/\",\"url\":\"https:\/\/polowiec.pl\/en\/legal-bulletin-of-the-law-office-of-adam-polowiec-30-october-2017-12-november-2017\/\",\"name\":\"Legal Bulletin Of The Law Office Of Adam Polowiec (30 October 2017 \u2013 12 November 2017) - Polowiec i Wsp\u00f3lnicy - Kancelaria prawna\",\"isPartOf\":{\"@id\":\"https:\/\/polowiec.pl\/en\/#website\"},\"datePublished\":\"2017-11-13T07:57:59+00:00\",\"dateModified\":\"2019-04-18T16:28:15+00:00\",\"breadcrumb\":{\"@id\":\"https:\/\/polowiec.pl\/en\/legal-bulletin-of-the-law-office-of-adam-polowiec-30-october-2017-12-november-2017\/#breadcrumb\"},\"inLanguage\":\"en-US\",\"potentialAction\":[{\"@type\":\"ReadAction\",\"target\":[\"https:\/\/polowiec.pl\/en\/legal-bulletin-of-the-law-office-of-adam-polowiec-30-october-2017-12-november-2017\/\"]}]},{\"@type\":\"BreadcrumbList\",\"@id\":\"https:\/\/polowiec.pl\/en\/legal-bulletin-of-the-law-office-of-adam-polowiec-30-october-2017-12-november-2017\/#breadcrumb\",\"itemListElement\":[{\"@type\":\"ListItem\",\"position\":1,\"name\":\"Strona g\u0142\u00f3wna\",\"item\":\"https:\/\/polowiec.pl\/en\/\"},{\"@type\":\"ListItem\",\"position\":2,\"name\":\"Legal Bulletin Of The Law Office Of Adam Polowiec (30 October 2017 \u2013 12 November 2017)\"}]},{\"@type\":\"WebSite\",\"@id\":\"https:\/\/polowiec.pl\/en\/#website\",\"url\":\"https:\/\/polowiec.pl\/en\/\",\"name\":\"Polowiec i Wsp\u00f3lnicy - Kancelaria prawna\",\"description\":\"Obs\u0142uga prawna\",\"publisher\":{\"@id\":\"https:\/\/polowiec.pl\/en\/#organization\"},\"potentialAction\":[{\"@type\":\"SearchAction\",\"target\":{\"@type\":\"EntryPoint\",\"urlTemplate\":\"https:\/\/polowiec.pl\/en\/?s={search_term_string}\"},\"query-input\":{\"@type\":\"PropertyValueSpecification\",\"valueRequired\":true,\"valueName\":\"search_term_string\"}}],\"inLanguage\":\"en-US\"},{\"@type\":\"Organization\",\"@id\":\"https:\/\/polowiec.pl\/en\/#organization\",\"name\":\"Polowiec i Wsp\u00f3lnicy - Kancelaria prawna\",\"url\":\"https:\/\/polowiec.pl\/en\/\",\"logo\":{\"@type\":\"ImageObject\",\"inLanguage\":\"en-US\",\"@id\":\"https:\/\/polowiec.pl\/en\/#\/schema\/logo\/image\/\",\"url\":\"https:\/\/polowiec.pl\/wp-content\/uploads\/2018\/10\/polowiec_logo2-1.png\",\"contentUrl\":\"https:\/\/polowiec.pl\/wp-content\/uploads\/2018\/10\/polowiec_logo2-1.png\",\"width\":540,\"height\":381,\"caption\":\"Polowiec i Wsp\u00f3lnicy - Kancelaria prawna\"},\"image\":{\"@id\":\"https:\/\/polowiec.pl\/en\/#\/schema\/logo\/image\/\"},\"sameAs\":[\"https:\/\/www.facebook.com\/polowieciwspolnicy\/\",\"https:\/\/www.linkedin.com\/company\/polowiec-i-wsplnicy-sp.j.\/about\/\"]},{\"@type\":\"Person\",\"@id\":\"https:\/\/polowiec.pl\/en\/#\/schema\/person\/6178ac96ba1d4d590993734f8a0a6539\",\"name\":\"Monika\",\"image\":{\"@type\":\"ImageObject\",\"inLanguage\":\"en-US\",\"@id\":\"https:\/\/secure.gravatar.com\/avatar\/525d12775156493d0259a4384e9f7b0a0e6cc1c583cc1d0ae144bd6ca07140ea?s=96&d=mm&r=g\",\"url\":\"https:\/\/secure.gravatar.com\/avatar\/525d12775156493d0259a4384e9f7b0a0e6cc1c583cc1d0ae144bd6ca07140ea?s=96&d=mm&r=g\",\"contentUrl\":\"https:\/\/secure.gravatar.com\/avatar\/525d12775156493d0259a4384e9f7b0a0e6cc1c583cc1d0ae144bd6ca07140ea?s=96&d=mm&r=g\",\"caption\":\"Monika\"}}]}<\/script>\n<!-- \/ Yoast SEO plugin. -->","yoast_head_json":{"title":"Legal Bulletin Of The Law Office Of Adam Polowiec (30 October 2017 \u2013 12 November 2017) - Polowiec i Wsp\u00f3lnicy - Kancelaria prawna","robots":{"index":"index","follow":"follow","max-snippet":"max-snippet:-1","max-image-preview":"max-image-preview:large","max-video-preview":"max-video-preview:-1"},"canonical":"https:\/\/polowiec.pl\/en\/legal-bulletin-of-the-law-office-of-adam-polowiec-30-october-2017-12-november-2017\/","og_locale":"en_US","og_type":"article","og_title":"Legal Bulletin Of The Law Office Of Adam Polowiec (30 October 2017 \u2013 12 November 2017) - Polowiec i Wsp\u00f3lnicy - Kancelaria prawna","og_description":"We would like to present the next issue of legal bulletin of the Law Office of Adam Polowiec.What you will find here is some information about the new provisions of law and the projects of amendments to acts, but also case-laws including the case laws of Supreme Court, Constitutional Tribunal and European Court of Justice.","og_url":"https:\/\/polowiec.pl\/en\/legal-bulletin-of-the-law-office-of-adam-polowiec-30-october-2017-12-november-2017\/","og_site_name":"Polowiec i Wsp\u00f3lnicy - Kancelaria prawna","article_publisher":"https:\/\/www.facebook.com\/polowieciwspolnicy\/","article_published_time":"2017-11-13T07:57:59+00:00","article_modified_time":"2019-04-18T16:28:15+00:00","author":"Monika","twitter_card":"summary_large_image","twitter_misc":{"Written by":"Monika","Est. reading time":"16 minutes"},"schema":{"@context":"https:\/\/schema.org","@graph":[{"@type":"Article","@id":"https:\/\/polowiec.pl\/en\/legal-bulletin-of-the-law-office-of-adam-polowiec-30-october-2017-12-november-2017\/#article","isPartOf":{"@id":"https:\/\/polowiec.pl\/en\/legal-bulletin-of-the-law-office-of-adam-polowiec-30-october-2017-12-november-2017\/"},"author":{"name":"Monika","@id":"https:\/\/polowiec.pl\/en\/#\/schema\/person\/6178ac96ba1d4d590993734f8a0a6539"},"headline":"Legal Bulletin Of The Law Office Of Adam Polowiec (30 October 2017 \u2013 12 November 2017)","datePublished":"2017-11-13T07:57:59+00:00","dateModified":"2019-04-18T16:28:15+00:00","mainEntityOfPage":{"@id":"https:\/\/polowiec.pl\/en\/legal-bulletin-of-the-law-office-of-adam-polowiec-30-october-2017-12-november-2017\/"},"wordCount":3193,"publisher":{"@id":"https:\/\/polowiec.pl\/en\/#organization"},"articleSection":["Wpisy"],"inLanguage":"en-US"},{"@type":"WebPage","@id":"https:\/\/polowiec.pl\/en\/legal-bulletin-of-the-law-office-of-adam-polowiec-30-october-2017-12-november-2017\/","url":"https:\/\/polowiec.pl\/en\/legal-bulletin-of-the-law-office-of-adam-polowiec-30-october-2017-12-november-2017\/","name":"Legal Bulletin Of The Law Office Of Adam Polowiec (30 October 2017 \u2013 12 November 2017) - Polowiec i Wsp\u00f3lnicy - Kancelaria prawna","isPartOf":{"@id":"https:\/\/polowiec.pl\/en\/#website"},"datePublished":"2017-11-13T07:57:59+00:00","dateModified":"2019-04-18T16:28:15+00:00","breadcrumb":{"@id":"https:\/\/polowiec.pl\/en\/legal-bulletin-of-the-law-office-of-adam-polowiec-30-october-2017-12-november-2017\/#breadcrumb"},"inLanguage":"en-US","potentialAction":[{"@type":"ReadAction","target":["https:\/\/polowiec.pl\/en\/legal-bulletin-of-the-law-office-of-adam-polowiec-30-october-2017-12-november-2017\/"]}]},{"@type":"BreadcrumbList","@id":"https:\/\/polowiec.pl\/en\/legal-bulletin-of-the-law-office-of-adam-polowiec-30-october-2017-12-november-2017\/#breadcrumb","itemListElement":[{"@type":"ListItem","position":1,"name":"Strona g\u0142\u00f3wna","item":"https:\/\/polowiec.pl\/en\/"},{"@type":"ListItem","position":2,"name":"Legal Bulletin Of The Law Office Of Adam Polowiec (30 October 2017 \u2013 12 November 2017)"}]},{"@type":"WebSite","@id":"https:\/\/polowiec.pl\/en\/#website","url":"https:\/\/polowiec.pl\/en\/","name":"Polowiec i Wsp\u00f3lnicy - Kancelaria prawna","description":"Obs\u0142uga prawna","publisher":{"@id":"https:\/\/polowiec.pl\/en\/#organization"},"potentialAction":[{"@type":"SearchAction","target":{"@type":"EntryPoint","urlTemplate":"https:\/\/polowiec.pl\/en\/?s={search_term_string}"},"query-input":{"@type":"PropertyValueSpecification","valueRequired":true,"valueName":"search_term_string"}}],"inLanguage":"en-US"},{"@type":"Organization","@id":"https:\/\/polowiec.pl\/en\/#organization","name":"Polowiec i Wsp\u00f3lnicy - Kancelaria prawna","url":"https:\/\/polowiec.pl\/en\/","logo":{"@type":"ImageObject","inLanguage":"en-US","@id":"https:\/\/polowiec.pl\/en\/#\/schema\/logo\/image\/","url":"https:\/\/polowiec.pl\/wp-content\/uploads\/2018\/10\/polowiec_logo2-1.png","contentUrl":"https:\/\/polowiec.pl\/wp-content\/uploads\/2018\/10\/polowiec_logo2-1.png","width":540,"height":381,"caption":"Polowiec i Wsp\u00f3lnicy - Kancelaria prawna"},"image":{"@id":"https:\/\/polowiec.pl\/en\/#\/schema\/logo\/image\/"},"sameAs":["https:\/\/www.facebook.com\/polowieciwspolnicy\/","https:\/\/www.linkedin.com\/company\/polowiec-i-wsplnicy-sp.j.\/about\/"]},{"@type":"Person","@id":"https:\/\/polowiec.pl\/en\/#\/schema\/person\/6178ac96ba1d4d590993734f8a0a6539","name":"Monika","image":{"@type":"ImageObject","inLanguage":"en-US","@id":"https:\/\/secure.gravatar.com\/avatar\/525d12775156493d0259a4384e9f7b0a0e6cc1c583cc1d0ae144bd6ca07140ea?s=96&d=mm&r=g","url":"https:\/\/secure.gravatar.com\/avatar\/525d12775156493d0259a4384e9f7b0a0e6cc1c583cc1d0ae144bd6ca07140ea?s=96&d=mm&r=g","contentUrl":"https:\/\/secure.gravatar.com\/avatar\/525d12775156493d0259a4384e9f7b0a0e6cc1c583cc1d0ae144bd6ca07140ea?s=96&d=mm&r=g","caption":"Monika"}}]}},"_links":{"self":[{"href":"https:\/\/polowiec.pl\/en\/wp-json\/wp\/v2\/posts\/819","targetHints":{"allow":["GET"]}}],"collection":[{"href":"https:\/\/polowiec.pl\/en\/wp-json\/wp\/v2\/posts"}],"about":[{"href":"https:\/\/polowiec.pl\/en\/wp-json\/wp\/v2\/types\/post"}],"author":[{"embeddable":true,"href":"https:\/\/polowiec.pl\/en\/wp-json\/wp\/v2\/users\/4"}],"replies":[{"embeddable":true,"href":"https:\/\/polowiec.pl\/en\/wp-json\/wp\/v2\/comments?post=819"}],"version-history":[{"count":0,"href":"https:\/\/polowiec.pl\/en\/wp-json\/wp\/v2\/posts\/819\/revisions"}],"wp:attachment":[{"href":"https:\/\/polowiec.pl\/en\/wp-json\/wp\/v2\/media?parent=819"}],"wp:term":[{"taxonomy":"category","embeddable":true,"href":"https:\/\/polowiec.pl\/en\/wp-json\/wp\/v2\/categories?post=819"},{"taxonomy":"post_tag","embeddable":true,"href":"https:\/\/polowiec.pl\/en\/wp-json\/wp\/v2\/tags?post=819"}],"curies":[{"name":"wp","href":"https:\/\/api.w.org\/{rel}","templated":true}]}}