{"id":825,"date":"2018-01-03T15:23:20","date_gmt":"2018-01-03T14:23:20","guid":{"rendered":"https:\/\/nowa.polowiec.pl\/legal-bulletin-of-the-law-office-of-adam-polowiec-13-november-2017-3-december-2017\/"},"modified":"2019-04-18T18:24:52","modified_gmt":"2019-04-18T16:24:52","slug":"legal-bulletin-of-the-law-office-of-adam-polowiec-13-november-2017-3-december-2017","status":"publish","type":"post","link":"https:\/\/polowiec.pl\/en\/legal-bulletin-of-the-law-office-of-adam-polowiec-13-november-2017-3-december-2017\/","title":{"rendered":"Legal Bulletin Of The Law Office Of Adam Polowiec (13 November 2017 &#8211; 3 December 2017)"},"content":{"rendered":"<p><span style=\"font-size: 14px; text-align: justify;\">We would like to present the next issue of legal bulletin of the Law Office of Adam Polowiec.<\/span><br style=\"font-size: 14px; text-align: justify;\" \/><span style=\"font-size: 14px; text-align: justify;\">What you will find here is some information about the new provisions of law and the projects of amendments to acts, but also case-laws including the case laws of Supreme Court, Constitutional Tribunal and European Court of Justice.<\/span><\/p>\n<p>  <!--more-->  <\/p>\n<p>&nbsp;<strong>_____Nowe Prawo<\/strong><br \/><strong>PRAWO MEDYCZNE<\/strong><br \/>Ustawa z&nbsp;dnia 29 wrze\u015bnia 2017 r. o&nbsp;zmianie ustawy o&nbsp;\u015bwiadczeniach opieki zdrowotnej finansowanych ze \u015brodk&oacute;w publicznych oraz niekt&oacute;rych innych ustaw (Dz. U. z&nbsp;2017 r., poz. 2110) &ndash; wesz\u0142o w&nbsp;\u017cycie z&nbsp;dniem 30 listopada 2017 r., z&nbsp;wyj\u0105tkiem art. 1 pkt 11 lit. a&nbsp;i pkt 16, kt&oacute;re wchodz\u0105 w&nbsp;\u017cycie z&nbsp;dniem nast\u0119puj\u0105cym po dniu og\u0142oszenia.<br \/>W ustawie z&nbsp;dnia 27 sierpnia 2004 r. o&nbsp;\u015bwiadczeniach opieki zdrowotnej finansowanych ze \u015brodk&oacute;w publicznych (Dz. U. z&nbsp;2017 r. poz. 1938) zmianie ulegnie brzmienie art. 31o ust. 2, dzia\u0142 II tytu\u0142 rozdzia\u0142u 4, art. 48 ust. 3 pkt 3, art. 48a, art. 48b, art. 48d, art. 57 ust. 2 pkt 11, art. 107 ust. 5 pkt 10, art. 117 ust. 1 pkt 1, art. 188, w&nbsp;art. 5 dodaje si\u0119 pkt 30a, w&nbsp;art. 11 w&nbsp;ust. 1 dodaje si\u0119 pkt 1a i&nbsp;1b, w&nbsp;art. 31s w&nbsp;ust. 6 dodaje si\u0119 pkt 3a, dodany zostanie art. 48aa i&nbsp;art. 48ab, art. 48e i&nbsp;art. 48f, w&nbsp;art. 97 w&nbsp;ust. 3 dodaje si\u0119 pkt 4a i&nbsp;4b, dodany zostanie art. 188e.<br \/>W ustawie z&nbsp;dnia 17 grudnia 2004 r. o&nbsp;odpowiedzialno\u015bci za naruszenie dyscypliny finans&oacute;w publicznych (Dz. U. z&nbsp;2017 r. poz. 1311) dodany zostanie art. 12a.<br \/>W ustawie z&nbsp;dnia 15 kwietnia 2011 r. o&nbsp;dzia\u0142alno\u015bci leczniczej (Dz. U. z&nbsp;2016 r. poz. 1638, 1948 i&nbsp;2260) w&nbsp;art. 207 dodaje si\u0119 ust. 3 i&nbsp;4.<br \/>Rozporz\u0105dzenie Ministra Zdrowia&nbsp; z&nbsp;dnia 9 listopada 2017 r. w&nbsp;sprawie Pa\u0144stwowego Egzaminu Fizjoterapeutycznego (Dz. U. z&nbsp;2017 r., poz. 2155) &ndash; wejdzie w&nbsp;\u017cycie z&nbsp;dniem 7 grudnia 2017 r.<br \/>Rozporz\u0105dzenie Ministra Zdrowia z&nbsp;dnia 24 listopada 2017 r. zmieniaj\u0105ce rozporz\u0105dzenie w&nbsp;sprawie sta\u017cu podyplomowego lekarza i&nbsp;lekarza dentysty (Dz. U. z&nbsp;2017 r., poz. 2194) &ndash; wesz\u0142o w&nbsp;\u017cycie z&nbsp;dniem 29 listopada 2017 r.<br \/>W rozporz\u0105dzeniu Ministra Zdrowia z&nbsp;dnia 26 wrze\u015bnia 2012 r. w&nbsp;sprawie sta\u017cu podyplomowego lekarza i&nbsp;lekarza dentysty (Dz. U. z&nbsp;2014 r. poz. 474) zmianie ulegnie brzmienie &sect; 3 ust. 7, &sect; 6 ust. 5, &sect; 19 ust. 1, w&nbsp;za\u0142\u0105czniku nr 3 do rozporz\u0105dzenia cz\u0119\u015b\u0107 oznaczona &#8220;wz&oacute;r nr 1\/3&#8221; otrzymuje brzmienie okre\u015blone w&nbsp;za\u0142\u0105czniku nr 1 do rozporz\u0105dzenia, w&nbsp;za\u0142\u0105czniku nr 4 do rozporz\u0105dzenia cz\u0119\u015b\u0107 oznaczona &#8220;wz&oacute;r nr 1\/4&#8221; otrzymuje brzmienie okre\u015blone w&nbsp;za\u0142\u0105czniku nr 2 do rozporz\u0105dzenia.<\/p>\n<p><strong>PRAWO PODATKOWE<\/strong><br \/>Ustawa z&nbsp;dnia 12 pa\u017adziernika 2017 r. o&nbsp;zmianie ustawy o&nbsp;podatku od sprzeda\u017cy detalicznej (Dz. U. z&nbsp;2017 r., poz. 2178) &ndash; wejdzie w&nbsp;\u017cycie z&nbsp;dniem 1 stycznia 2018 r.<br \/>W ustawie z&nbsp;dnia 6 lipca 2016 r. o&nbsp;podatku od sprzeda\u017cy detalicznej (Dz. U. z&nbsp;2017 r. poz. 1918) zmianie ulegnie brzmienie art. 11a.<br \/>Ustawa z&nbsp;dnia 27 pa\u017adziernika 2017 r. o&nbsp;zmianie ustawy &#8211; Ordynacja podatkowa (Dz. U. z&nbsp;2017 r., poz. 2169) &ndash; wejdzie w&nbsp;\u017cycie z&nbsp;dniem 25 grudnia 2017 r.<br \/>W ustawie z&nbsp;dnia 29 sierpnia 1997 r. &#8211; Ordynacja podatkowa (Dz. U. z&nbsp;2017 r. poz. 201, 648, 768, 935, 1428 i&nbsp;1537) zmianie ulegnie brzmienie art. 181, art. 306k, w&nbsp;art. 293 dodaje si\u0119 &sect; 3, dodaje si\u0119 art. 306ia. &nbsp;&nbsp; &nbsp;<br \/>Ustawa z&nbsp;dnia 27 pa\u017adziernika 2017 r. o&nbsp;zmianie ustawy o&nbsp;podatkach i&nbsp;op\u0142atach lokalnych (Dz. U. z&nbsp;2017 r., poz. 2141) &ndash; wejdzie w&nbsp;\u017cycie z&nbsp;dniem 6 grudnia 2017 r.<br \/>W ustawie z&nbsp;dnia 12 stycznia 1991 r. o&nbsp;podatkach i&nbsp;op\u0142atach lokalnych (Dz. U. z&nbsp;2017 r. poz. 1785) zmianie ulegnie brzmienie tytu\u0142u rozdzia\u0142u 2a, dodany zostanie art. 7b.<br \/>Rozporz\u0105dzenie Ministra Rozwoju i&nbsp;Finans&oacute;w z&nbsp;dnia 21 listopada 2017 r. w&nbsp;sprawie zaniechania poboru podatku dochodowego od niekt&oacute;rych dochod&oacute;w (przychod&oacute;w) zwi\u0105zanych z&nbsp;kredytem hipotecznym udzielonym na cele mieszkaniowe (Dz. U. z&nbsp;2017 r., poz. 2167) &ndash; wesz\u0142o w&nbsp;\u017cycie z&nbsp;dniem 25 listopada 2017 r.<br \/>Ustawa z&nbsp;dnia 27 pa\u017adziernika 2017 r. o&nbsp;zmianie ustawy o&nbsp;podatku dochodowym od os&oacute;b fizycznych, ustawy o&nbsp;podatku dochodowym od os&oacute;b prawnych oraz ustawy o&nbsp;zrycza\u0142towanym podatku dochodowym od niekt&oacute;rych przychod&oacute;w osi\u0105ganych przez osoby fizyczne (Dz. U. z&nbsp;2017 r., poz. 2175) ) &ndash; wejdzie w&nbsp;\u017cycie z&nbsp;dniem 1 stycznia 2018 r.<br \/>W ustawie z&nbsp;dnia 26 lipca 1991 r. o&nbsp;podatku dochodowym od os&oacute;b fizycznych (Dz. U. z&nbsp;2016 r. poz. 2032, z&nbsp;p&oacute;\u017an. zm.) zmianie ulegnie brzmienie art. 3, art. 9a, art. 21, art. 22, art. 22b ust. 1 wprowadzenie do wyliczenia, art. 23 w&nbsp;ust. 1, art. 24, art. 25, art. 25a ust. 2e, art. 26, art. 27 ust. 1a pkt 1-3, art. 30, art. 30f, art. 30g, za\u0142\u0105cznika nr 1 do ustawy, w&nbsp;art. 5a dodaje si\u0119 pkt 29a, w&nbsp;art. 8 dodaje si\u0119 ust. 7, w&nbsp;art. 10 dodaje si\u0119 ust. 4,&nbsp; w&nbsp;art. 14 w&nbsp;ust. 2 dodaje si\u0119 pkt 7ca, u\u017cyte w&nbsp;art. 22d w&nbsp;ust. 1, w&nbsp;art. 22e w&nbsp;ust. 1 i&nbsp;2, dwukrotnie w&nbsp;art. 22f w&nbsp;ust. 3, dwukrotnie w&nbsp;art. 22g w&nbsp;ust. 17 oraz w&nbsp;art. 22k w&nbsp;ust. 9 wyrazy &#8220;3500 z\u0142&#8221; zast\u0119puje si\u0119 wyrazami &#8220;10 000 z\u0142&#8221;, w&nbsp;art. 24a uchyla si\u0119 ust. 3a-3c, w&nbsp;art. 44 dodaje si\u0119 ust. 15 i&nbsp;16, w&nbsp;art. 45b dodaje si\u0119 przecinek i&nbsp;dodaje si\u0119 pkt 6.<br \/>W ustawie z&nbsp;dnia 15 lutego 1992 r. o&nbsp;podatku dochodowym od os&oacute;b prawnych (Dz. U. z&nbsp;2016 r. poz. 1888, z&nbsp;p&oacute;\u017an. zm.) zmianie ulegnie brzmienie art. 1a, art. 2 ust. 1 pkt 1, art. 3, art. 4a, art. 5, art. 6, art. 7, art. 7a ust. 1 i&nbsp;2, art. 9a, art. 11, art. 12, art. 14, art. 15, art. 15c, art. 16, art. 16b ust. 1 wprowadzenie do wyliczenia, art. 17, art. 18 ust. 1, art. 19 ust. 1 wprowadzenie do wyliczenia, art. 22, art. 24a, art. 25, art. 25a ust. 1, art. 26, art. 27, art. 28 ust. 2, za\u0142\u0105cznika nr 1 do ustawy, tytu\u0142u za\u0142\u0105cznika nr 3, uchyla si\u0119 art. 38b i&nbsp;art. 38c, dodany zostanie art. 7b, art. 15ca, art. 15e, art. 24b i&nbsp;art. 24c, uchyla si\u0119 art. 10, u\u017cyte w&nbsp;art. 16d w&nbsp;ust. 1, w&nbsp;art. 16e w&nbsp;ust. 1 i&nbsp;2, dwukrotnie w&nbsp;art. 16f w&nbsp;ust. 3, dwukrotnie w&nbsp;art. 16g w&nbsp;ust. 13 oraz w&nbsp;art. 16k w&nbsp;ust. 9 wyrazy &#8220;3500 z\u0142&#8221; zast\u0119puje si\u0119 wyrazami &#8220;10 000 z\u0142&#8221;.<br \/>W ustawie z&nbsp;dnia 20 listopada 1998 r. o&nbsp;zrycza\u0142towanym podatku dochodowym od niekt&oacute;rych przychod&oacute;w osi\u0105ganych przez osoby fizyczne (Dz. U. z&nbsp;2017 r. poz. 2157) zmianie ulegnie brzmienie art. 8, art. 12, art. 52 ust. 3, w&nbsp;art. 15 w&nbsp;ust. 4 skre\u015bla si\u0119 zdania drugie i&nbsp;trzecie, w&nbsp;art. 9 dodaje si\u0119 ust. 7.<\/p>\n<p><strong>OG&Oacute;LNOPOLSKA SIE\u0106 EDUKACYJNA<\/strong><br \/>Ustawa z&nbsp;dnia 27 pa\u017adziernika 2017 r. o&nbsp;Og&oacute;lnopolskiej Sieci Edukacyjnej (Dz. U. z&nbsp;2017 r., poz. 2184) &ndash; wejdzie w&nbsp;\u017cycie z&nbsp;dniem 13 grudnia 2017 r., z&nbsp;wyj\u0105tkiem art. 13, kt&oacute;ry wchodzi w&nbsp;\u017cycie z&nbsp;dniem og\u0142oszenia.<\/p>\n<p><strong>PRAWO PRASOWE<\/strong><br \/>Ustawa z&nbsp;dnia 27 pa\u017adziernika 2017 r. o&nbsp;zmianie ustawy &#8211; Prawo prasowe (Dz. U. z&nbsp;2017 r., poz. 2173) &ndash; wejdzie w&nbsp;\u017cycie z&nbsp;dniem 12 grudnia 2017 r.<br \/>W ustawie z&nbsp;dnia 26 stycznia 1984 r. &#8211; Prawo prasowe (Dz. U. poz. 24, z&nbsp;p&oacute;\u017an. zm.) zmianie ulegnie brzmienie art. 10 ust. 2 i&nbsp;3, art. 14, art. 25 ust. 3, art. 54c, w&nbsp;art. 2 i&nbsp;w art. 9 w&nbsp;pkt 1 wyrazy &#8220;Polskiej Rzeczypospolitej Ludowej&#8221; zast\u0119puje si\u0119 wyrazami &#8220;Rzeczypospolitej Polskiej&#8221;, w&nbsp;art. 9 w&nbsp;pkt 2 i&nbsp;w art. 41 wyrazy &#8220;rad narodowych&#8221; zast\u0119puje si\u0119 wyrazami &#8220;organ&oacute;w stanowi\u0105cych jednostek samorz\u0105du terytorialnego&#8221;, dodany zostanie art. 14a, uchyla si\u0119 rozdzia\u0142 3, w&nbsp;art. 20 w&nbsp;ust. 1 w&nbsp;zdaniu pierwszym wyraz &#8220;wojew&oacute;dzkim&#8221; zast\u0119puje si\u0119 wyrazem &#8220;okr\u0119gowym&#8221;, dodaje si\u0119 art. 49b.<\/p>\n<p><strong>ZBIOROWE ZAOPATRZENIE W&nbsp;WOD\u0118<\/strong><br \/>Ustawa z&nbsp;dnia 27 pa\u017adziernika 2017 r. o&nbsp;zmianie ustawy o&nbsp;zbiorowym zaopatrzeniu w&nbsp;wod\u0119 i&nbsp;zbiorowym odprowadzaniu \u015bciek&oacute;w oraz niekt&oacute;rych innych ustaw (Dz. U. z&nbsp;2017 r., poz. 2180) &ndash; wejdzie w&nbsp;\u017cycie z&nbsp;dniem 12 grudnia 2017 r. z&nbsp;wyj\u0105tkiem art. 1 pkt 8 w&nbsp;zakresie art. 24c ust. 1 pkt 1 lit. b, kt&oacute;ry wchodzi w&nbsp;\u017cycie z&nbsp;dniem 1 stycznia 2018 r.<br \/>W ustawie z&nbsp;dnia 7 czerwca 2001 r. o&nbsp;zbiorowym zaopatrzeniu w&nbsp;wod\u0119 i&nbsp;zbiorowym odprowadzaniu \u015bciek&oacute;w (Dz. U. z&nbsp;2017 r. poz. 328 i&nbsp;1566) zmianie ulegnie brzmienie art. 1, art. 18 pkt 5, art. 19, art. 20, art. 25, art. 29, dodany zostanie art. 18da, w&nbsp;art. 24 uchyla si\u0119 ust. 1-5b i&nbsp;7-13, uchyla si\u0119 art. 24a, dodany zostanie art. 24b-24j, dodaje si\u0119 rozdzia\u0142y 5a i&nbsp;5b.<br \/>W ustawie z&nbsp;dnia 17 listopada 1964 r. &#8211; Kodeks post\u0119powania cywilnego (Dz. U. z&nbsp;2016 r. poz. 1822, z&nbsp;p&oacute;\u017an. zm.) w&nbsp;cz\u0119\u015bci pierwszej w&nbsp;ksi\u0119dze pierwszej w&nbsp;tytule VII dodaje si\u0119 dzia\u0142 Ivf.<br \/>W ustawie z&nbsp;dnia 4 wrze\u015bnia 1997 r. o&nbsp;dzia\u0142ach administracji rz\u0105dowej (Dz. U. z&nbsp;2017 r. poz. 888, 1086, 1566 i&nbsp;1909) zmianie ulegnie brzmienie art. 9a ust. 1 pkt 9, w&nbsp;art. 11 w&nbsp;ust. 1 w&nbsp;pkt 6 kropk\u0119 zast\u0119puje si\u0119 \u015brednikiem i&nbsp;dodaje si\u0119 pkt 7.<br \/>W ustawie z&nbsp;dnia 28 lipca 2005 r. o&nbsp;kosztach s\u0105dowych w&nbsp;sprawach cywilnych (Dz. U. z&nbsp;2016 r. poz. 623 oraz z&nbsp;2017 r. poz. 85 i&nbsp;1557) zmianie ulegnie brzmienie art. 3 ust. 2 pkt 9, art. 32 ust. 3 i&nbsp;4.<br \/>W ustawie z&nbsp;dnia 20 lipca 2017 r. &#8211; Prawo wodne (Dz. U. poz. 1566) zmianie ulegnie brzmienie art. 240, art. 490, art. 524 pkt 2 lit. a&nbsp;w tiret drugim art. 286 ust. 6 pkt 1, art. 566 ust. 1.<\/p>\n<p><strong>UBEZPIECZENIA SPO\u0141ECZNE<\/strong><br \/>Ustawa z&nbsp;dnia 27 pa\u017adziernika 2017 r. o&nbsp;zmianie ustawy o&nbsp;ubezpieczeniu spo\u0142ecznym z&nbsp;tytu\u0142u wypadk&oacute;w przy pracy i&nbsp;chor&oacute;b zawodowych (Dz. U. z&nbsp;2017 r., poz. 2179) &ndash; wejdzie w&nbsp;\u017cycie z&nbsp;dniem 1 stycznia 2018 r.<br \/>W ustawie z&nbsp;dnia 30 pa\u017adziernika 2002 r. o&nbsp;ubezpieczeniu spo\u0142ecznym z&nbsp;tytu\u0142u wypadk&oacute;w przy pracy i&nbsp;chor&oacute;b zawodowych (Dz. U. z&nbsp;2017 r. poz. 1773 i&nbsp;2120) zmianie ulegnie brzmienie art. 37, w&nbsp;art. 2 dodaje si\u0119 pkt 4a, dodaje si\u0119 art. 37a-37h.<\/p>\n<p><strong>PRAWO O&nbsp;RUCHU DROGOWYM<\/strong><br \/>Rozporz\u0105dzenie Ministra Infrastruktury i&nbsp;Budownictwa z&nbsp;dnia 8 listopada 2017 r. zmieniaj\u0105ce rozporz\u0105dzenie w&nbsp;sprawie zakresu i&nbsp;sposobu przeprowadzania bada\u0144 technicznych pojazd&oacute;w oraz wzor&oacute;w dokument&oacute;w stosowanych przy tych badaniach (Dz. U. z&nbsp;2017 r., poz. 2089) &ndash; wesz\u0142o w&nbsp;\u017cycie z&nbsp;dniem 13 listopada 2017 r.<br \/>W rozporz\u0105dzeniu Ministra Transportu, Budownictwa i&nbsp;Gospodarki Morskiej z&nbsp;dnia 26 czerwca 2012 r. w&nbsp;sprawie zakresu i&nbsp;sposobu przeprowadzania bada\u0144 technicznych pojazd&oacute;w oraz wzor&oacute;w dokument&oacute;w stosowanych przy tych badaniach (Dz. U. z&nbsp;2015 r. poz. 776 i&nbsp;1076 oraz z&nbsp;2016 r. poz. 1075) zmianie uleg\u0142o brzmienie &sect; 2 ust. 1 pkt 1, &sect; 3 ust. 1 pkt 10, &sect; 4, &sect; 5, &sect; 6, &sect; 9, za\u0142\u0105cznika nr 1, za\u0142\u0105cznika nr 2, za\u0142\u0105cznika nr 3, za\u0142\u0105cznika nr 7, za\u0142\u0105cznika nr 8, dodany zosta\u0142 &sect; 1a.<br \/>Rozporz\u0105dzenie Ministra Cyfryzacji z&nbsp;dnia 8 listopada 2017 r. zmieniaj\u0105ce rozporz\u0105dzenie w&nbsp;sprawie rodzaju i&nbsp;zakresu danych udost\u0119pnianych z&nbsp;centralnej ewidencji pojazd&oacute;w (Dz. U. z&nbsp;2017 r., poz. 2081) &ndash; wesz\u0142o w&nbsp;\u017cycie 13 listopada 2017 r.<br \/>W rozporz\u0105dzeniu Ministra Cyfryzacji z&nbsp;dnia 15 czerwca 2016 r. w&nbsp;sprawie rodzaju i&nbsp;zakresu danych udost\u0119pnianych z&nbsp;centralnej ewidencji pojazd&oacute;w (Dz. U. poz. 1031 i&nbsp;2114) zmianie uleg\u0142o brzmienie &sect; 2, &sect; 4 i&nbsp;5, &sect; 9-11, &sect; 13-15, &sect; 16, dodany zosta\u0142 &sect; 3a, &sect; 15a.<br \/>Rozporz\u0105dzenie Ministra Spraw Wewn\u0119trznych i&nbsp;Administracji z&nbsp;dnia 8 listopada 2017 r.<br \/>zmieniaj\u0105ce rozporz\u0105dzenie w&nbsp;sprawie kontroli ruchu drogowego (Dz. U. z&nbsp;2017 r., poz. 2076) &ndash; wesz\u0142o w&nbsp;\u017cycie z&nbsp;dniem 13 listopada 2017 r.<br \/>W rozporz\u0105dzeniu Ministra Spraw Wewn\u0119trznych i&nbsp;Administracji z&nbsp;dnia 18 lipca 2008 r. w&nbsp;sprawie kontroli ruchu drogowego (Dz. U. poz. 841, z&nbsp;p&oacute;\u017an. zm.) zmianie uleg\u0142o brzmienie &sect; 12, za\u0142\u0105cznika nr 1.<br \/>Rozporz\u0105dzenie Ministra Cyfryzacji z&nbsp;dnia 8 listopada 2017 r. zmieniaj\u0105ce rozporz\u0105dzenie w&nbsp;sprawie centralnej ewidencji kierowc&oacute;w (Dz. U. z&nbsp;2017 r., poz. 2086) &ndash; wesz\u0142o w&nbsp;\u017cycie z&nbsp;dniem 13 listopada 2017 r.<br \/>W rozporz\u0105dzeniu Ministra Spraw Wewn\u0119trznych i&nbsp;Administracji z&nbsp;dnia 3 sierpnia 2001 r. w&nbsp;sprawie centralnej ewidencji kierowc&oacute;w (Dz. U. poz. 1028, z&nbsp;2003 r. poz. 2339 oraz z&nbsp;2017 r. poz. 1235) w&nbsp;&sect; 5 po ust. 1a dodaje si\u0119 ust. 1b<br \/>Rozporz\u0105dzenie Ministra Cyfryzacji z&nbsp;dnia 8 listopada 2017 r. w&nbsp;sprawie zakresu danych udost\u0119pnianych w&nbsp;postaci elektronicznej z&nbsp;centralnej ewidencji pojazd&oacute;w (Dz. U. z&nbsp;2017 r., poz. 2085) &ndash; wesz\u0142o w&nbsp;\u017cycie z&nbsp;dniem 13 listopada 2017 r.<br \/>Rozporz\u0105dzenie Ministra Cyfryzacji z&nbsp;dnia 8 listopada 2017 r. w&nbsp;sprawie zakresu danych udost\u0119pnianych podmiotom obowi\u0105zanym do przekazywania danych do centralnej ewidencji pojazd&oacute;w oraz wymaga\u0144 technicznych i&nbsp;jako\u015bciowych danych wprowadzanych do tej ewidencji (Dz. U. z&nbsp;2017 r., poz. 2083) &ndash; wesz\u0142o w&nbsp;\u017cycie z&nbsp;dniem 13 listopada 2017 r.<br \/>Rozporz\u0105dzenie Ministra Cyfryzacji z&nbsp;dnia 8 listopada 2017 r. w&nbsp;sprawie katalogu danych gromadzonych w&nbsp;centralnej ewidencji pojazd&oacute;w (Dz. U. z&nbsp;2017 r., poz. 2090) &ndash; wesz\u0142o w&nbsp;\u017cycie z&nbsp;dniem 13 listopada 2017 r., z&nbsp;wyj\u0105tkiem &sect; 2 pkt 9 i&nbsp;20, &sect; 5, &sect; 9 oraz &sect; 10, kt&oacute;re wchodz\u0105 w&nbsp;\u017cycie z&nbsp;dniem 4 czerwca 2018 r.<br \/>Rozporz\u0105dzenie Ministra Cyfryzacji z&nbsp;dnia 9 listopada 2017 r. zmieniaj\u0105ce rozporz\u0105dzenie w&nbsp;sprawie przekazywania danych pomi\u0119dzy centraln\u0105 ewidencj\u0105 pojazd&oacute;w a&nbsp;Ubezpieczeniowym Funduszem Gwarancyjnym (Dz. U. z&nbsp;2017 r., poz. 2084) &ndash; wesz\u0142o w&nbsp;\u017cycie z&nbsp;dniem 13 listopada 2017 r.<br \/>W rozporz\u0105dzeniu Ministra Cyfryzacji z&nbsp;dnia 11 sierpnia 2016 r. w&nbsp;sprawie przekazywania danych pomi\u0119dzy centraln\u0105 ewidencj\u0105 pojazd&oacute;w a&nbsp;Ubezpieczeniowym Funduszem Gwarancyjnym (Dz. U. poz. 1320 i&nbsp;2214) zmianie uleg\u0142o brzmienie &sect; 6, &sect; 7 ust. 2, &sect; 8 w&nbsp;ust. 1, &sect; 9, w&nbsp;&sect; 4 wyrazy &#8220;administratora ewidencji&#8221; zast\u0119puje si\u0119 wyrazami &#8220;administratora danych i&nbsp;informacji zgromadzonych w&nbsp;ewidencji&#8221;.<br \/>Rozporz\u0105dzenie Ministra Cyfryzacji z&nbsp;dnia 9 listopada 2017 r. zmieniaj\u0105ce rozporz\u0105dzenie w&nbsp;sprawie prowadzenia katalogu marek i&nbsp;typ&oacute;w pojazd&oacute;w homologowanych oraz dopuszczonych do ruchu na terytorium Rzeczypospolitej Polskiej (Dz. U. z&nbsp;2017 r., poz. 2087) &ndash; wesz\u0142o w&nbsp;\u017cycie z&nbsp;dniem 13 listopada 2017 r.<br \/>W rozporz\u0105dzeniu Ministra Cyfryzacji z&nbsp;dnia 7 kwietnia 2016 r. w&nbsp;sprawie prowadzenia katalogu marek i&nbsp;typ&oacute;w pojazd&oacute;w homologowanych oraz dopuszczonych do ruchu na terytorium Rzeczypospolitej Polskiej (Dz. U. poz. 483 i&nbsp;2211) zmianie uleg\u0142o brzmienie &sect; 2, &sect; 3, &sect; 7.<br \/>Rozporz\u0105dzenie Ministra Cyfryzacji z&nbsp;dnia 6 listopada 2017 r. w&nbsp;sprawie wzoru wniosku o&nbsp;udost\u0119pnienie albo przekazanie danych z&nbsp;centralnej ewidencji kierowc&oacute;w (Dz. U. z&nbsp;2017 r., poz. 2133) &ndash; wejdzie w&nbsp;\u017cycie z&nbsp;dniem 4 czerwca 2018 r.<\/p>\n<p><strong>KODEKS POST\u0118POWANIA KARNEGO<\/strong><br \/>Rozporz\u0105dzenie Ministra Zdrowia&nbsp; z&nbsp;dnia 7 listopada 2017 r. zmieniaj\u0105ce rozporz\u0105dzenie w&nbsp;sprawie wykazu zak\u0142ad&oacute;w psychiatrycznych i&nbsp;zak\u0142ad&oacute;w leczenia odwykowego przeznaczonych do wykonywania obserwacji oraz sposobu finansowania obserwacji, a&nbsp;tak\u017ce warunk&oacute;w zabezpieczenia zak\u0142ad&oacute;w dla os&oacute;b pozbawionych wolno\u015bci (Dz. U. z&nbsp;2017 r., poz. 2154) &ndash; wesz\u0142o w&nbsp;\u017cycie z&nbsp;dniem 23 listopada 2017 r.<br \/>W rozporz\u0105dzeniu Ministra Zdrowia z&nbsp;dnia 2 grudnia 2004 r. w&nbsp;sprawie wykazu zak\u0142ad&oacute;w psychiatrycznych i&nbsp;zak\u0142ad&oacute;w leczenia odwykowego przeznaczonych do wykonywania obserwacji oraz sposobu finansowania obserwacji, a&nbsp;tak\u017ce warunk&oacute;w zabezpieczenia zak\u0142ad&oacute;w dla os&oacute;b pozbawionych wolno\u015bci (Dz. U. poz. 2679, z&nbsp;2005 r. poz. 903, z&nbsp;2007 r. poz. 351, z&nbsp;2009 r. poz. 32 oraz z&nbsp;2010 r. poz. 735) za\u0142\u0105czniki nr 1-3 do rozporz\u0105dzenia.<\/p>\n<p><strong>SUBSTANCJE ZUBO\u017bAJ\u0104CE WARSTW\u0118 OZONOW\u0104 ORAZ O&nbsp;NIEKT&Oacute;RE FLUOROWANE GAZY CIEPLARNIANE<\/strong><br \/>Rozporz\u0105dzenie Ministra Rozwoju I&nbsp;Finans&oacute;w z&nbsp;dnia 7 listopada 2017 r. w&nbsp;sprawie wskazania podmiotu pe\u0142ni\u0105cego funkcj\u0119 jednostki certyfikuj\u0105cej przedsi\u0119biorc&oacute;w oraz jednostki certyfikuj\u0105cej personel (Dz. U. z&nbsp;2017 r., poz. 2123) &ndash; wejdzie w&nbsp;\u017cycie z&nbsp;dniem 2 grudnia 2017 r.<\/p>\n<p><strong>DZIA\u0141ALNO\u015a\u0106 INNOWACYJNA<\/strong><br \/>Ustawa z&nbsp;dnia 9 listopada 2017 r. o&nbsp;zmianie niekt&oacute;rych ustaw w&nbsp;celu poprawy otoczenia prawnego dzia\u0142alno\u015bci innowacyjnej (Dz. U. z&nbsp;2017 r., poz. 2201) &ndash; wejdzie w&nbsp;\u017cycie z&nbsp;dniem 1 stycznia 2018 r.<br \/>W ustawie z&nbsp;dnia 26 lipca 1991 r. o&nbsp;podatku dochodowym od os&oacute;b fizycznych (Dz. U. z&nbsp;2016 r. poz. 2032, z&nbsp;p&oacute;\u017an. zm.) zmianie ulegnie brzmienie art. 26e, art. 26ea, w&nbsp;art. 14 w&nbsp;ust. 2 uchyla si\u0119 pkt 15.<br \/>W ustawie z&nbsp;dnia 15 lutego 1992 r. o&nbsp;podatku dochodowym od os&oacute;b prawnych (Dz. U. z&nbsp;2016 r. poz. 1888, z&nbsp;p&oacute;\u017an. zm.) w&nbsp;art. 12 w&nbsp;ust. 1 uchyla si\u0119 pkt 5c, art. 18da dodaje si\u0119 ust. 5a, zmianie ulegnie brzmienie art. 15, art. 18d.<br \/>W ustawie z&nbsp;dnia 29 wrze\u015bnia 1994 r. o&nbsp;rachunkowo\u015bci (Dz. U. z&nbsp;2016 r. poz. 1047 i&nbsp;2255 oraz z&nbsp;2017 r. poz. 61, 245, 791 i&nbsp;1089) w&nbsp;za\u0142\u0105czniku nr 1 w&nbsp;cz\u0119\u015bci &#8220;Dodatkowe informacje i&nbsp;obja\u015bnienia&#8221; w&nbsp;ust. 2 w&nbsp;pkt 10 kropk\u0119 zast\u0119puje si\u0119 \u015brednikiem i&nbsp;dodaje si\u0119 pkt 11.<br \/>W ustawie z&nbsp;dnia 9 listopada 2000 r. o&nbsp;utworzeniu Polskiej Agencji Rozwoju Przedsi\u0119biorczo\u015bci (Dz. U. z&nbsp;2016 r. poz. 359 i&nbsp;2260 oraz z&nbsp;2017 r. poz. 1089 i&nbsp;1475) w&nbsp;art. 4 w&nbsp;ust. 1b dodaje si\u0119 zdanie drugie, zmianie ulegnie brzmienie art. 6 ust. 1 pkt 11, art. 6aa ust. 5, art. 6b, dodany zostanie art. 6ba.<br \/>W ustawie z&nbsp;dnia 21 grudnia 2000 r. o&nbsp;dozorze technicznym (Dz. U. z&nbsp;2017 r. poz. 1040 i&nbsp;1555) zmianie ulegnie brzmienie art. 2 ust. 1, dodany zostanie art. 37a.<br \/>W ustawie z&nbsp;dnia 11 kwietnia 2001 r. o&nbsp;rzecznikach patentowych (Dz. U. z&nbsp;2017 r. poz. 1314) w&nbsp;art. 23a dodaje si\u0119 ust. 1a, dodany zostanie art. 56a.<br \/>W ustawie z&nbsp;dnia 16 lipca 2004 r. &#8211; Prawo telekomunikacyjne (Dz. U. z&nbsp;2017 r. poz. 1907) zmianie ulegnie brzmienie art. 144b ust. 1, w&nbsp;art. 185 w&nbsp;ust. 7 w&nbsp;pkt 5 kropk\u0119 zast\u0119puje si\u0119 \u015brednikiem i&nbsp;dodaje si\u0119 pkt 6.<br \/>W ustawie z&nbsp;dnia 27 lipca 2005 r. &#8211; Prawo o&nbsp;szkolnictwie wy\u017cszym (Dz. U. z&nbsp;2017 r. poz. 2183) zmianie ulegnie brzmienie art. 2 ust. 1 pkt 36, art. 13b, art. 86a, art. 86ba, dodany zostanie art. 86j, &nbsp;&nbsp; &nbsp;w art. 201 w&nbsp;ust. 1 w&nbsp;pkt 3 po wyrazach &#8220;zaj\u0119\u0107 dydaktycznych&#8221; dodaje si\u0119 wyrazy &#8220;w zakresie dyscyplin, w&nbsp;kt&oacute;rych prowadzone s\u0105 studia doktoranckie,&#8221;.<br \/>W ustawie z&nbsp;dnia 30 maja 2008 r. o&nbsp;niekt&oacute;rych formach wspierania dzia\u0142alno\u015bci innowacyjnej (Dz. U. z&nbsp;2015 r. poz. 1710, z&nbsp;2016 r. poz. 1206 oraz z&nbsp;2017 r. poz. 1089) zmianie ulegnie brzmienie art. 2 w&nbsp;ust. 1, art. 7 ust. 3, art. 9 ust. 2, art. 11 ust. 2 i&nbsp;3, art. 17, art. 19 ust. 1, w&nbsp;art. 1 w&nbsp;pkt 2 kropk\u0119 zast\u0119puje si\u0119 \u015brednikiem i&nbsp;dodaje si\u0119 pkt 3, dodany zostanie art. 11a, w&nbsp;art. 13 dotychczasow\u0105 tre\u015b\u0107 oznacza si\u0119 jako ust. 1 i&nbsp;dodaje si\u0119 ust. 2, uchyla si\u0119 rozdzia\u0142 3, uchyla si\u0119 art. 21, dodany zostanie rozdzia\u0142 4a.<br \/>W ustawie z&nbsp;dnia 30 kwietnia 2010 r. o&nbsp;instytutach badawczych (Dz. U. z&nbsp;2017 r. poz. 1158 i&nbsp;1452) w&nbsp;art. 17 dodaje si\u0119 ust. 5a.<br \/>W ustawie z&nbsp;dnia 30 kwietnia 2010 r. o&nbsp;Narodowym Centrum Bada\u0144 i&nbsp;Rozwoju (Dz. U. z&nbsp;2017 r. poz. 1447 i&nbsp;1556) zmianie ulegnie brzmienie art. 9, art. 14 w&nbsp;ust. 5 zdanie pierwsze, art. 16, art. 30 ust. 3,&nbsp; art. 42 pkt 4, art. 46, w&nbsp;art. 13 w&nbsp;ust. 4 w&nbsp;pkt 4 kropk\u0119 zast\u0119puj\u0119 si\u0119 \u015brednikiem i&nbsp;dodaje si\u0119 pkt 5, dodany zostanie art. 30a.<br \/>W ustawie z&nbsp;dnia 30 kwietnia 2010 r. o&nbsp;Polskiej Akademii Nauk (Dz. U. z&nbsp;2017 r. poz. 1869) zmianie ulegnie brzmienie art. 83, dodany zostanie art. 83a.<br \/>W ustawie z&nbsp;dnia 30 kwietnia 2010 r. o&nbsp;zasadach finansowania nauki (Dz. U. z&nbsp;2016 r. poz. 2045, z&nbsp;p&oacute;\u017an. zm.) zmianie ulegnie brzmienie art. 4a, art. 14, dodany zostanie art. 4ab.<br \/>W ustawie z&nbsp;dnia 25 wrze\u015bnia 2015 r. o&nbsp;zmianie niekt&oacute;rych ustaw w&nbsp;zwi\u0105zku ze wspieraniem innowacyjno\u015bci (Dz. U. poz. 1767 oraz z&nbsp;2016 r. poz. 1311 i&nbsp;1933) zmianie ulegnie brzmienie art. 14 ust. 1 wprowadzenie do wyliczenia.<\/p>\n<p><strong>DZIA\u0141ALNO\u015a\u0106 UBEZPIECZENIOWA I&nbsp;REASEKURACYJNA<\/strong><br \/>Ustawa z&nbsp;dnia 29 wrze\u015bnia 2017 r. o&nbsp;zmianie ustawy o&nbsp;nadzorze nad rynkiem finansowym oraz ustawy o&nbsp;dzia\u0142alno\u015bci ubezpieczeniowej i&nbsp;reasekuracyjnej (Dz. U. z&nbsp;2017 r., poz. 2102) &ndash; wejdzie w&nbsp;\u017cycie z&nbsp;dniem 1 stycznia 2018 r.<br \/>W ustawie z&nbsp;dnia 21 lipca 2006 r. o&nbsp;nadzorze nad rynkiem finansowym (Dz. U. z&nbsp;2017 r. poz. 196, 724, 791, 819 i&nbsp;1089) zmianie ulegnie brzmienie art. 16 ust. 3, dodany zostanie art. 3b, art. 3c.<br \/>W ustawie z&nbsp;dnia 11 wrze\u015bnia 2015 r. o&nbsp;dzia\u0142alno\u015bci ubezpieczeniowej i&nbsp;reasekuracyjnej (Dz. U. z&nbsp;2017 r. poz. 1170, 1089 i&nbsp;1926) zmianie ulegnie brzmienie art. 366.<\/p>\n<p><strong>PRAWO PRACY<\/strong><br \/>Rozporz\u0105dzenie Ministra Rodziny, Pracy i&nbsp;Polityki Spo\u0142ecznej z&nbsp;dnia 26 pa\u017adziernika 2017 r. zmieniaj\u0105ce rozporz\u0105dzenie w&nbsp;sprawie ustalenia wzor&oacute;w deklaracji sk\u0142adanych Zarz\u0105dowi Pa\u0144stwowego Funduszu Rehabilitacji Os&oacute;b Niepe\u0142nosprawnych przez pracodawc&oacute;w zobowi\u0105zanych do wp\u0142at na ten Fundusz (Dz. U. z&nbsp;2017 r., poz. 2091) &ndash; wejdzie w&nbsp;\u017cycie z&nbsp;dniem 1 stycznia 2018 r.<br \/>W rozporz\u0105dzeniu Ministra Rodziny, Pracy i&nbsp;Polityki Spo\u0142ecznej z&nbsp;dnia 22 czerwca 2016 r. w&nbsp;sprawie ustalenia wzor&oacute;w deklaracji sk\u0142adanych Zarz\u0105dowi Pa\u0144stwowego Funduszu Rehabilitacji Os&oacute;b Niepe\u0142nosprawnych przez pracodawc&oacute;w zobowi\u0105zanych do wp\u0142at na ten Fundusz (Dz. U. poz. 956) zmianie ulegnie brzmienie za\u0142\u0105cznik&oacute;w nr 3 i&nbsp;10.<br \/>Rozporz\u0105dzenie Ministra Rodziny, Pracy i&nbsp;Polityki Spo\u0142ecznej z&nbsp;dnia 26 pa\u017adziernika 2017 r. w&nbsp;sprawie okre\u015blenia wzor&oacute;w miesi\u0119cznych i&nbsp;rocznych informacji o&nbsp;zatrudnieniu, kszta\u0142ceniu lub o&nbsp;dzia\u0142alno\u015bci na rzecz os&oacute;b niepe\u0142nosprawnych (Dz. U. z&nbsp;2017 r., poz. 2103) &ndash; wejdzie w&nbsp;\u017cycie z&nbsp;dniem 1 stycznia 2018 r.<\/p>\n<p><strong>CUDZOZIEMCY<\/strong><br \/>Rozporz\u0105dzenie Ministra Spraw Wewn\u0119trznych i&nbsp;Administracji z&nbsp;dnia 3 listopada 2017 r.<br \/>zmieniaj\u0105ce rozporz\u0105dzenie w&nbsp;sprawie strze\u017conych o\u015brodk&oacute;w i&nbsp;areszt&oacute;w dla cudzoziemc&oacute;w (Dz. U. z&nbsp;2017 r., poz. 2113) &ndash; wesz\u0142o w&nbsp;\u017cycie z&nbsp;dniem 30 listopada 2017 r., z&nbsp;wyj\u0105tkiem &sect; 1 pkt 4 lit. b, kt&oacute;ry wchodzi w&nbsp;\u017cycie z&nbsp;dniem 1 stycznia 2020 r.<br \/>W rozporz\u0105dzeniu Ministra Spraw Wewn\u0119trznych z&nbsp;dnia 24 kwietnia 2015 r. w&nbsp;sprawie strze\u017conych o\u015brodk&oacute;w i&nbsp;areszt&oacute;w dla cudzoziemc&oacute;w (Dz. U. poz. 596) zmianie ulegnie brzmienie &sect; 3, &sect; 6 pkt 2, &sect; 7, &sect; 12 ust. 1 pkt 3, &sect; 21 pkt 2 lit. c, za\u0142\u0105cznika do rozporz\u0105dzenia, dodany zostanie &sect; 3a, w&nbsp;&sect; 18 uchyla si\u0119 ust. 2, uchyla si\u0119 &sect; 26.<\/p>\n<p><strong>PRAWO UNII EUROPEJSKIEJ<\/strong><br \/>&nbsp;Rozporz\u0105dzenie wykonawcze Komisji (UE) 2017\/1966 z&nbsp;dnia 27 pa\u017adziernika 2017 r. zmieniaj\u0105ce rozporz\u0105dzenie wykonawcze (UE) nr 1189\/2011 w&nbsp;odniesieniu do przekazywania wniosk&oacute;w o&nbsp;udzielenie pomocy i&nbsp;dzia\u0142a\u0144 podejmowanych w&nbsp;nast\u0119pstwie tych wniosk&oacute;w<br \/>Rozporz\u0105dzenie Parlamentu Europejskiego i&nbsp;Rady (UE) 2017\/1938 z&nbsp;dnia 25 pa\u017adziernika 2017 r. dotycz\u0105ce \u015brodk&oacute;w zapewniaj\u0105cych bezpiecze\u0144stwo dostaw gazu <br \/>Rozporz\u0105dzenie Komisji (UE) 2017\/2158 z&nbsp;dnia 20 listopada 2017 r. ustanawiaj\u0105ce \u015brodki \u0142agodz\u0105ce i&nbsp;poziomy odniesienia s\u0142u\u017c\u0105ce ograniczeniu obecno\u015bci akryloamidu w&nbsp;\u017cywno\u015bci (Tekst maj\u0105cy znaczenie dla EOG.)<br \/>Rozporz\u0105dzenie delegowane Komisji (UE) 2017\/2155 z&nbsp;dnia 22 wrze\u015bnia 2017 r. zmieniaj\u0105ce rozporz\u0105dzenie delegowane (UE) nr 149\/2013 w&nbsp;odniesieniu do regulacyjnych standard&oacute;w technicznych dotycz\u0105cych po\u015brednich uzgodnie\u0144 rozliczeniowych (Tekst maj\u0105cy znaczenie dla EOG.)<br \/>Rozporz\u0105dzenie wykonawcze Komisji (UE) 2017\/2159 z&nbsp;dnia 20 listopada 2017 r. zmieniaj\u0105ce rozporz\u0105dzenie (UE) nr 255\/2010 w&nbsp;zakresie niekt&oacute;rych odniesie\u0144 do przepis&oacute;w ICAO (Tekst maj\u0105cy znaczenie dla EOG.)<br \/>Rozporz\u0105dzenie wykonawcze Komisji (UE) 2017\/2157 z&nbsp;dnia 16 listopada 2017 r. zmieniaj\u0105ce rozporz\u0105dzenie wykonawcze (UE) nr 211\/2012 dotycz\u0105ce klasyfikacji niekt&oacute;rych towar&oacute;w wed\u0142ug Nomenklatury scalonej<br \/>Rozporz\u0105dzenie wykonawcze Komisji (UE) 2017\/2160 z&nbsp;dnia 20 listopada 2017 r. zmieniaj\u0105ce rozporz\u0105dzenie wykonawcze (UE) nr 1079\/2012 w&nbsp;zakresie niekt&oacute;rych odniesie\u0144 do przepis&oacute;w ICAO (Tekst maj\u0105cy znaczenie dla EOG.)<br \/>Rozporz\u0105dzenie delegowane Komisji (UE) 2017\/2154 z&nbsp;dnia 22 wrze\u015bnia 2017 r. uzupe\u0142niaj\u0105ce rozporz\u0105dzenie Parlamentu Europejskiego i&nbsp;Rady (UE) nr 600\/2014 w&nbsp;odniesieniu do regulacyjnych standard&oacute;w technicznych w&nbsp;zakresie ustale\u0144 dotycz\u0105cych rozlicze\u0144 po\u015brednich (Tekst maj\u0105cy znaczenie dla EOG.)<br \/>Rozporz\u0105dzenie Parlamentu Europejskiego i&nbsp;Rady (UE) 2017\/2101 z&nbsp;dnia 15 listopada 2017 r. zmieniaj\u0105ce rozporz\u0105dzenie (WE) nr 1920\/2006 w&nbsp;zakresie wymiany informacji, systemu wczesnego ostrzegania oraz procedury oceny zagro\u017ce\u0144 w&nbsp;odniesieniu do nowych substancji psychoaktywnych<br \/>Rozporz\u0105dzenie wykonawcze Komisji (UE) 2017\/2169 z&nbsp;dnia 21 listopada 2017 r. w&nbsp;sprawie formatu i&nbsp;zasad przekazywania europejskiej statystyki dotycz\u0105cej cen gazu ziemnego i&nbsp;energii elektrycznej na podstawie rozporz\u0105dzenia Parlamentu Europejskiego i&nbsp;Rady (UE) 2016\/1952 (Tekst maj\u0105cy znaczenie dla EOG.)<br \/>Rozporz\u0105dzenie wykonawcze Komisji (UE) 2017\/2177 z&nbsp;dnia 22 listopada 2017 r. w&nbsp;sprawie dost\u0119pu do obiekt&oacute;w infrastruktury us\u0142ugowej i&nbsp;us\u0142ug zwi\u0105zanych z&nbsp;kolej\u0105 (Tekst maj\u0105cy znaczenie dla EOG.)<br \/>Rozporz\u0105dzenie wykonawcze Komisji (UE) 2017\/2190 z&nbsp;dnia 24 listopada 2017 r. w&nbsp;sprawie zmiany i&nbsp;sprostowania rozporz\u0105dzenia wykonawczego (UE) 2015\/2452 ustanawiaj\u0105cego wykonawcze standardy techniczne w&nbsp;odniesieniu do procedur, format&oacute;w i&nbsp;wzor&oacute;w formularzy dotycz\u0105cych sprawozdania na temat wyp\u0142acalno\u015bci i&nbsp;kondycji finansowej zgodnie z&nbsp;dyrektyw\u0105 Parlamentu Europejskiego i&nbsp;Rady 2009\/138\/WE (Tekst maj\u0105cy znaczenie dla EOG.)<br \/>Rozporz\u0105dzenie wykonawcze Komisji (UE) 2017\/2189 z&nbsp;dnia 24 listopada 2017 r. w&nbsp;sprawie zmiany i&nbsp;sprostowania rozporz\u0105dzenia wykonawczego (UE) 2015\/2450 ustanawiaj\u0105cego wykonawcze standardy techniczne w&nbsp;odniesieniu do wzor&oacute;w formularzy na potrzeby przekazywania informacji organom nadzoru zgodnie z&nbsp;dyrektyw\u0105 Parlamentu Europejskiego i&nbsp;Rady 2009\/138\/WE (Tekst maj\u0105cy znaczenie dla EOG.)<br \/>Rozporz\u0105dzenie wykonawcze Komisji (UE) 2017\/2185 z&nbsp;dnia 23 listopada 2017 r. w&nbsp;sprawie wykazu kod&oacute;w i&nbsp;odpowiadaj\u0105cych im rodzaj&oacute;w wyrob&oacute;w w&nbsp;celu sprecyzowania zakresu wyznaczenia jednostek notyfikowanych w&nbsp;dziedzinie wyrob&oacute;w medycznych na mocy rozporz\u0105dzenia Parlamentu Europejskiego i&nbsp;Rady (UE) 2017\/745 oraz wyrob&oacute;w medycznych do diagnostyki in vitro na mocy rozporz\u0105dzenia Parlamentu Europejskiego i&nbsp;Rady (UE) 2017\/746 (Tekst maj\u0105cy znaczenie dla EOG.)<br \/>Rozporz\u0105dzenie delegowane Komisji (UE) 2017\/2194 z&nbsp;dnia 14 sierpnia 2017 r. uzupe\u0142niaj\u0105ce rozporz\u0105dzenie Parlamentu Europejskiego i&nbsp;Rady (UE) nr 600\/2014 w&nbsp;sprawie rynk&oacute;w instrument&oacute;w finansowych w&nbsp;odniesieniu do zlece\u0144 pakietowych (Tekst maj\u0105cy znaczenie dla EOG.)<br \/>Rozporz\u0105dzenie wykonawcze Komisji (UE) 2017\/2197 z&nbsp;dnia 27 listopada 2017 r. w&nbsp;sprawie zwrotu \u015brodk&oacute;w przeniesionych z&nbsp;roku bud\u017cetowego 2017, zgodnie z&nbsp;art. 26 ust. 5 rozporz\u0105dzenia Parlamentu Europejskiego i&nbsp;Rady (UE) nr 1306\/2013<br \/>Rozporz\u0105dzenie delegowane Komisji (UE) 2017\/2188 z&nbsp;dnia 11 sierpnia 2017 r. zmieniaj\u0105ce rozporz\u0105dzenie Parlamentu Europejskiego i&nbsp;Rady (UE) nr 575\/2013 w&nbsp;odniesieniu do odst\u0119pstwa dotycz\u0105cego wymog&oacute;w w&nbsp;zakresie funduszy w\u0142asnych z&nbsp;tytu\u0142u niekt&oacute;rych obligacji zabezpieczonych (Tekst maj\u0105cy znaczenie dla EOG.)<br \/>Rozporz\u0105dzenie Komisji (UE) 2017\/2196 z&nbsp;dnia 24 listopada 2017 r. ustanawiaj\u0105ce kodeks sieci dotycz\u0105cy stanu zagro\u017cenia i&nbsp;stanu odbudowy system&oacute;w elektroenergetycznych (Tekst maj\u0105cy znaczenie dla EOG.)<br \/>Rozporz\u0105dzenie Komisji (UE) 2017\/2195 z&nbsp;dnia 23 listopada 2017 r. ustanawiaj\u0105ce wytyczne dotycz\u0105ce bilansowania (Tekst maj\u0105cy znaczenie dla EOG.)<br \/>Rozporz\u0105dzenie wykonawcze Komisji (UE) 2017\/2205 z&nbsp;dnia 29 listopada 2017 r. w&nbsp;sprawie szczeg&oacute;\u0142owych zasad dotycz\u0105cych procedur zg\u0142aszania pojazd&oacute;w u\u017cytkowych wykazuj\u0105cych powa\u017cne lub niebezpieczne usterki stwierdzone podczas drogowej kontroli technicznej (Tekst maj\u0105cy znaczenie dla EOG.)<\/p>\n<p><strong>ZARZ\u0104DZENIA PREZESA NARODOWEGO FUNDUSZU ZDROWIA<\/strong><br \/>Zarz\u0105dzenie Nr 112\/2017\/DGL Prezesa Narodowego Funduszu Zdrowia z&nbsp;dnia 15 listopada 2017 r. zmieniaj\u0105ce zarz\u0105dzenie w&nbsp;sprawie okre\u015blenia warunk&oacute;w zawierania i&nbsp;realizacji um&oacute;w w&nbsp;rodzaju leczenie szpitalne w&nbsp;zakresie chemioterapia &#8211; wchodzi w&nbsp;\u017cycie z&nbsp;dniem nast\u0119puj\u0105cym po dniu podpisania, z&nbsp;moc\u0105 od dnia 1 listopada 2017 r., z&nbsp;wyj\u0105tkiem &sect; 1 pkt 2 w&nbsp;zakresie:<br \/>1) l.p. 5 cz\u0119\u015bci B za\u0142\u0105cznika nr 1t, kt&oacute;ry wchodzi w&nbsp;\u017cycie z&nbsp;moc\u0105 od dnia 28 wrze\u015bnia 2017 r.;<br \/>2) l.p. 6 cz\u0119\u015bci B za\u0142\u0105cznika nr 1t, kt&oacute;ry wchodzi w&nbsp;\u017cycie z&nbsp;moc\u0105 od dnia 16 pa\u017adziernika 2017 r.<br \/>Zarz\u0105dzenie Nr 113\/2017\/DEF Prezesa Narodowego Funduszu Zdrowia z&nbsp;dnia 15 listopada 2017 r. w&nbsp;sprawie zmiany planu finansowego Narodowego Funduszu Zdrowia na 2017 rok &#8211; wchodzi w&nbsp;\u017cycie z&nbsp;dniem podpisania.<br \/>Zarz\u0105dzenie Nr 114\/2017\/DGL Prezesa Narodowego Funduszu Zdrowia z&nbsp;dnia 20 listopada 2017 r. zmieniaj\u0105ce zarz\u0105dzenie w&nbsp;sprawie okre\u015blenia warunk&oacute;w zawierania i&nbsp;realizacji um&oacute;w w&nbsp;rodzaju leczenie szpitalne w&nbsp;zakresie programy zdrowotne (lekowe) &#8211; wchodzi w&nbsp;\u017cycie z&nbsp;dniem nast\u0119puj\u0105cym po dniu podpisania, z&nbsp;moc\u0105 od dnia 1 listopada 2017 r.<br \/>Zarz\u0105dzenie Nr 117\/2017\/DSOZ Prezesa Narodowego Funduszu Zdrowia z&nbsp;dnia&nbsp; 30 listopada 2017 r. zmieniaj\u0105ce zarz\u0105dzenie w&nbsp;sprawie szczeg&oacute;\u0142owych warunk&oacute;w um&oacute;w w&nbsp;systemie podstawowego szpitalnego zabezpieczenia \u015bwiadcze\u0144 opieki zdrowotnej &#8211; wchodzi w&nbsp;\u017cycie z&nbsp;dniem 1 stycznia 2018 r.<br \/>Zarz\u0105dzenie Nr 118\/2017\/DSOZ Prezesa Narodowego Funduszu Zdrowia z&nbsp;dnia 30 listopada 2017 r. zmieniaj\u0105ce zarz\u0105dzenie w&nbsp;sprawie okre\u015blenia warunk&oacute;w zawierania i&nbsp;realizacji um&oacute;w w&nbsp;rodzajach rehabilitacja lecznicza oraz programy zdrowotne w&nbsp;zakresie \u015bwiadcze\u0144 &#8211; leczenie dzieci i&nbsp;doros\u0142ych ze \u015bpi\u0105czk\u0105 &#8211; wchodzi w&nbsp;\u017cycie z&nbsp;dniem 1 stycznia 2018 r.<br \/>Zarz\u0105dzenie Nr 119\/2017\/DSOZ Prezesa Narodowego Funduszu Zdrowia z&nbsp;dnia 30 listopada 2017 r. w&nbsp;sprawie okre\u015blenia warunk&oacute;w zawierania i&nbsp;realizacji um&oacute;w w&nbsp;rodzaju leczenie szpitalne &#8211; wchodzi w&nbsp;\u017cycie z&nbsp;dniem 1 stycznia 2018 r.<\/p>\n<p><strong>_____Orzecznictwo<\/strong><br \/><strong>Trybuna\u0142 Konstytucyjny<\/strong><br \/><strong>LOKAL S\u0141U\u017bBOWY &#8211; NADANIE TYTU\u0141U PRAWNEGO<\/strong> <br \/>TK stwierdzi\u0142, \u017ce cho\u0107 skar\u017c\u0105cej przys\u0142uguje konstytucyjnie gwarantowana ochrona przed eksmisj\u0105 &bdquo;na bruk&rdquo;, to jednak miejscem w\u0142a\u015bciwym do uregulowania tej ochrony nie s\u0105 kwestionowane przepisy ustawy o&nbsp;Policji, lecz przepisy ustawy o&nbsp;post\u0119powaniu egzekucyjnym w&nbsp;administracji. W&nbsp;wyroku z&nbsp;18 pa\u017adziernika 2017 r. (sygn. K 27\/15) Trybuna\u0142 orzek\u0142 zakresow\u0105 niekonstytucyjno\u015b\u0107 art. 144 ustawy o&nbsp;post\u0119powaniu egzekucyjnym w&nbsp;administracji. Dzi\u0119ki temu wyrokowi w&nbsp;systemie prawa polskiego zosta\u0142 zapewniony minimalny standard ochrony os&oacute;b zajmuj\u0105cych bez tytu\u0142u prawnego mieszkania s\u0142u\u017cbowe, a&nbsp;&ndash; tym samym &ndash; zrealizowany zosta\u0142 postulat zawarty w&nbsp;skardze, tj. zapewnienie ochrony przed eksmisj\u0105 donik\u0105d. Gwarancja ta obejmuje tak\u017ce skar\u017c\u0105c\u0105 &ndash; Wyrok Trybuna\u0142u Konstytucyjnego z&nbsp;dnia 15 listopada 2017 r., sygn. akt SK 29\/16.<\/p>\n<p><strong>S\u0105d Najwy\u017cszy<\/strong><br \/><strong>INTERPRETACJA POJ\u0118CIA &#8220;WYB&Oacute;R NAJKORZYSTNIEJSZEJ OFERTY&#8221;<\/strong><br \/>Zarzuty odwo\u0142ania od wyboru najkorzystniejszej oferty, o&nbsp;kt&oacute;rym mowa w&nbsp;art. 180 ust. 2 pkt 6 ustawy z&nbsp;dnia 29 stycznia 2004 r. &#8211; Prawo zam&oacute;wie\u0144 publicznych (jedn. tekst: Dz.U. z&nbsp;2015 r., poz. 2164 ze zm.) mog\u0105 obejmowa\u0107 tak\u017ce zaniechanie wykluczenia wykonawcy, kt&oacute;ry z\u0142o\u017cy\u0142 ofert\u0119 wybran\u0105 przez zamawiaj\u0105cego lub zaniechanie odrzucenia oferty, kt&oacute;ra powinna podlega\u0107 odrzuceniu. Artyku\u0142 198f ust. 2 zdanie czwarte ustawy z&nbsp;dnia 29 stycznia 2004 r. &#8211; Prawo zam&oacute;wie\u0144 publicznych (jedn. tekst: Dz.U. z&nbsp;2015 r., poz. 2164 ze zm.) wy\u0142\u0105cza mo\u017cliwo\u015b\u0107 uchylenia przez s\u0105d okr\u0119gowy na podstawie art. 386 &sect; 4 k.p.c. postanowienia Krajowej Izby Odwo\u0142awczej o&nbsp;odrzuceniu odwo\u0142ania &ndash; Uchwa\u0142a S\u0105du Najwy\u017cszego z&nbsp;dnia 17 listopada 2017 r., sygn. akt III CZP 58\/17, Uchwa\u0142a S\u0105du Najwy\u017cszego z&nbsp;dnia 17 listopada 2017 r., sygn. akt III CZP 56\/17.<\/p>\n<p><strong>PODSTAWA NADANIA TYTU\u0141OWI EGZEKUCYJNEMU KLAUZULI WYKONALNO\u015aCI NA RZECZ NABYWCY RZECZY WYDZIER\u017bAWIONEJ, KT&Oacute;RY WST\u0104PI\u0141 W&nbsp;STOSUNEK DZIER\u017bAWY W&nbsp;MIEJSCE WIERZYCIELA, NA KORZY\u015a\u0106 KT&Oacute;REGO D\u0141U\u017bNIK Z\u0141O\u017bY\u0141 O\u015aWIADCZENIE O&nbsp;PODDANIU SI\u0118 EGZEKUCJI.<\/strong><br \/>Artyku\u0142 788 &sect; 1 k.p.c. mo\u017ce by\u0107 podstaw\u0105 nadania tytu\u0142owi egzekucyjnemu, o&nbsp;kt&oacute;rym mowa w&nbsp;art. 777 &sect; 1 pkt 5 k.p.c. klauzuli wykonalno\u015bci na rzecz nabywcy rzeczy wydzier\u017cawionej, kt&oacute;ry wst\u0105pi\u0142 w&nbsp;stosunek dzier\u017cawy (art. 678 &sect; 1 k.c. w&nbsp;zwi\u0105zku z&nbsp;art. 694 k.c.) w&nbsp;miejsce wierzyciela, na korzy\u015b\u0107 kt&oacute;rego d\u0142u\u017cnik z\u0142o\u017cy\u0142 o\u015bwiadczenie o&nbsp;poddaniu si\u0119 egzekucji &ndash; Uchwa\u0142a S\u0105du Najwy\u017cszego z&nbsp;dnia 17 listopada 2017 r.<\/p>\n<p><strong>SKUTECZNO\u015a\u0106 UMOCOWANIA PE\u0141NOMOCNIKA DO DOKONANIA CZYNNO\u015aCI PRAWNEJ W&nbsp;POST\u0118POWANIU O&nbsp;PRZEJ\u015aCIE UPRAWNIENIA LUB OBOWI\u0104ZKU<\/strong> <br \/>W post\u0119powaniu prowadzonym na podstawie art. 788 &sect; 1 k.p.c. s\u0105d nie bada skuteczno\u015bci umocowania pe\u0142nomocnika do dokonania czynno\u015bci prawnej stanowi\u0105cej podstaw\u0119 przej\u015bcia uprawnienia &#8211;&nbsp; Uchwa\u0142a S\u0105du Najwy\u017cszego z&nbsp;dnia 17 listopada 2017 r., sygn. akt III CZP 53\/17.<\/p>\n<p><strong>ZASTOSOWANIE ARTYKU\u0141U 577 K.P.C. DO POSTANOWIE\u0143 ZARZ\u0104DZAJ\u0104CYCH WYDANIE DZIECKA NA PODSTAWIE KONWENCJI DOTYCZ\u0104CEJ CYWILNYCH ASPEKT&Oacute;W UPROWADZENIA DZIECKA ZA GRANIC\u0118, SPORZ\u0104DZONEJ W&nbsp;HADZE DNIA 25 PA\u0179DZIERNIKA 1980 R.<\/strong><br \/>Artyku\u0142 577 k.p.c. ma zastosowanie tak\u017ce do postanowie\u0144 zarz\u0105dzaj\u0105cych wydanie dziecka na podstawie Konwencji dotycz\u0105cej cywilnych aspekt&oacute;w uprowadzenia dziecka za granic\u0119, sporz\u0105dzonej w&nbsp;Hadze dnia 25 pa\u017adziernika 1980 r. (Dz. U. z&nbsp;1995 r. Nr 108, poz. 528) &ndash; Uchwa\u0142a S\u0105du Najwy\u017cszego z&nbsp;dnia 22 listopada 2017 r., sygn. akt III CZP 78\/17.<\/p>\n","protected":false},"excerpt":{"rendered":"<p>We would like to present the next issue of legal bulletin of the Law Office of Adam Polowiec.What you will find here is some information about the new provisions of law and the projects of amendments to acts, but also case-laws including the case laws of Supreme Court, Constitutional Tribunal and European Court of Justice.<\/p>\n","protected":false},"author":4,"featured_media":0,"comment_status":"closed","ping_status":"open","sticky":false,"template":"","format":"standard","meta":{"footnotes":""},"categories":[2],"tags":[],"class_list":["post-825","post","type-post","status-publish","format-standard","hentry","category-wpisy"],"featured_image_src":{"landsacpe":false,"list":false,"medium":false,"full":false},"yoast_head":"<!-- This site is optimized with the Yoast SEO plugin v27.2 - https:\/\/yoast.com\/product\/yoast-seo-wordpress\/ -->\n<title>Legal Bulletin Of The Law Office Of Adam Polowiec (13 November 2017 - 3 December 2017) - Polowiec i Wsp\u00f3lnicy - Kancelaria prawna<\/title>\n<meta name=\"robots\" content=\"index, follow, max-snippet:-1, max-image-preview:large, max-video-preview:-1\" \/>\n<link rel=\"canonical\" href=\"https:\/\/polowiec.pl\/en\/legal-bulletin-of-the-law-office-of-adam-polowiec-13-november-2017-3-december-2017\/\" \/>\n<meta property=\"og:locale\" content=\"en_US\" \/>\n<meta property=\"og:type\" content=\"article\" \/>\n<meta property=\"og:title\" content=\"Legal Bulletin Of The Law Office Of Adam Polowiec (13 November 2017 - 3 December 2017) - Polowiec i Wsp\u00f3lnicy - Kancelaria prawna\" \/>\n<meta property=\"og:description\" content=\"We would like to present the next issue of legal bulletin of the Law Office of Adam Polowiec.What you will find here is some information about the new provisions of law and the projects of amendments to acts, but also case-laws including the case laws of Supreme Court, Constitutional Tribunal and European Court of Justice.\" \/>\n<meta property=\"og:url\" content=\"https:\/\/polowiec.pl\/en\/legal-bulletin-of-the-law-office-of-adam-polowiec-13-november-2017-3-december-2017\/\" \/>\n<meta property=\"og:site_name\" content=\"Polowiec i Wsp\u00f3lnicy - Kancelaria prawna\" \/>\n<meta property=\"article:publisher\" content=\"https:\/\/www.facebook.com\/polowieciwspolnicy\/\" \/>\n<meta property=\"article:published_time\" content=\"2018-01-03T14:23:20+00:00\" \/>\n<meta property=\"article:modified_time\" content=\"2019-04-18T16:24:52+00:00\" \/>\n<meta name=\"author\" content=\"Monika\" \/>\n<meta name=\"twitter:card\" content=\"summary_large_image\" \/>\n<meta name=\"twitter:label1\" content=\"Written by\" \/>\n\t<meta name=\"twitter:data1\" content=\"Monika\" \/>\n\t<meta name=\"twitter:label2\" content=\"Est. reading time\" \/>\n\t<meta name=\"twitter:data2\" content=\"29 minutes\" \/>\n<script type=\"application\/ld+json\" class=\"yoast-schema-graph\">{\"@context\":\"https:\/\/schema.org\",\"@graph\":[{\"@type\":\"Article\",\"@id\":\"https:\/\/polowiec.pl\/en\/legal-bulletin-of-the-law-office-of-adam-polowiec-13-november-2017-3-december-2017\/#article\",\"isPartOf\":{\"@id\":\"https:\/\/polowiec.pl\/en\/legal-bulletin-of-the-law-office-of-adam-polowiec-13-november-2017-3-december-2017\/\"},\"author\":{\"name\":\"Monika\",\"@id\":\"https:\/\/polowiec.pl\/en\/#\/schema\/person\/6178ac96ba1d4d590993734f8a0a6539\"},\"headline\":\"Legal Bulletin Of The Law Office Of Adam Polowiec (13 November 2017 &#8211; 3 December 2017)\",\"datePublished\":\"2018-01-03T14:23:20+00:00\",\"dateModified\":\"2019-04-18T16:24:52+00:00\",\"mainEntityOfPage\":{\"@id\":\"https:\/\/polowiec.pl\/en\/legal-bulletin-of-the-law-office-of-adam-polowiec-13-november-2017-3-december-2017\/\"},\"wordCount\":5838,\"publisher\":{\"@id\":\"https:\/\/polowiec.pl\/en\/#organization\"},\"articleSection\":[\"Wpisy\"],\"inLanguage\":\"en-US\"},{\"@type\":\"WebPage\",\"@id\":\"https:\/\/polowiec.pl\/en\/legal-bulletin-of-the-law-office-of-adam-polowiec-13-november-2017-3-december-2017\/\",\"url\":\"https:\/\/polowiec.pl\/en\/legal-bulletin-of-the-law-office-of-adam-polowiec-13-november-2017-3-december-2017\/\",\"name\":\"Legal Bulletin Of The Law Office Of Adam Polowiec (13 November 2017 - 3 December 2017) - Polowiec i Wsp\u00f3lnicy - Kancelaria prawna\",\"isPartOf\":{\"@id\":\"https:\/\/polowiec.pl\/en\/#website\"},\"datePublished\":\"2018-01-03T14:23:20+00:00\",\"dateModified\":\"2019-04-18T16:24:52+00:00\",\"breadcrumb\":{\"@id\":\"https:\/\/polowiec.pl\/en\/legal-bulletin-of-the-law-office-of-adam-polowiec-13-november-2017-3-december-2017\/#breadcrumb\"},\"inLanguage\":\"en-US\",\"potentialAction\":[{\"@type\":\"ReadAction\",\"target\":[\"https:\/\/polowiec.pl\/en\/legal-bulletin-of-the-law-office-of-adam-polowiec-13-november-2017-3-december-2017\/\"]}]},{\"@type\":\"BreadcrumbList\",\"@id\":\"https:\/\/polowiec.pl\/en\/legal-bulletin-of-the-law-office-of-adam-polowiec-13-november-2017-3-december-2017\/#breadcrumb\",\"itemListElement\":[{\"@type\":\"ListItem\",\"position\":1,\"name\":\"Strona g\u0142\u00f3wna\",\"item\":\"https:\/\/polowiec.pl\/en\/\"},{\"@type\":\"ListItem\",\"position\":2,\"name\":\"Legal Bulletin Of The Law Office Of Adam Polowiec (13 November 2017 &#8211; 3 December 2017)\"}]},{\"@type\":\"WebSite\",\"@id\":\"https:\/\/polowiec.pl\/en\/#website\",\"url\":\"https:\/\/polowiec.pl\/en\/\",\"name\":\"Polowiec i Wsp\u00f3lnicy - Kancelaria prawna\",\"description\":\"Obs\u0142uga prawna\",\"publisher\":{\"@id\":\"https:\/\/polowiec.pl\/en\/#organization\"},\"potentialAction\":[{\"@type\":\"SearchAction\",\"target\":{\"@type\":\"EntryPoint\",\"urlTemplate\":\"https:\/\/polowiec.pl\/en\/?s={search_term_string}\"},\"query-input\":{\"@type\":\"PropertyValueSpecification\",\"valueRequired\":true,\"valueName\":\"search_term_string\"}}],\"inLanguage\":\"en-US\"},{\"@type\":\"Organization\",\"@id\":\"https:\/\/polowiec.pl\/en\/#organization\",\"name\":\"Polowiec i Wsp\u00f3lnicy - Kancelaria prawna\",\"url\":\"https:\/\/polowiec.pl\/en\/\",\"logo\":{\"@type\":\"ImageObject\",\"inLanguage\":\"en-US\",\"@id\":\"https:\/\/polowiec.pl\/en\/#\/schema\/logo\/image\/\",\"url\":\"https:\/\/polowiec.pl\/wp-content\/uploads\/2018\/10\/polowiec_logo2-1.png\",\"contentUrl\":\"https:\/\/polowiec.pl\/wp-content\/uploads\/2018\/10\/polowiec_logo2-1.png\",\"width\":540,\"height\":381,\"caption\":\"Polowiec i Wsp\u00f3lnicy - Kancelaria prawna\"},\"image\":{\"@id\":\"https:\/\/polowiec.pl\/en\/#\/schema\/logo\/image\/\"},\"sameAs\":[\"https:\/\/www.facebook.com\/polowieciwspolnicy\/\",\"https:\/\/www.linkedin.com\/company\/polowiec-i-wsplnicy-sp.j.\/about\/\"]},{\"@type\":\"Person\",\"@id\":\"https:\/\/polowiec.pl\/en\/#\/schema\/person\/6178ac96ba1d4d590993734f8a0a6539\",\"name\":\"Monika\",\"image\":{\"@type\":\"ImageObject\",\"inLanguage\":\"en-US\",\"@id\":\"https:\/\/secure.gravatar.com\/avatar\/525d12775156493d0259a4384e9f7b0a0e6cc1c583cc1d0ae144bd6ca07140ea?s=96&d=mm&r=g\",\"url\":\"https:\/\/secure.gravatar.com\/avatar\/525d12775156493d0259a4384e9f7b0a0e6cc1c583cc1d0ae144bd6ca07140ea?s=96&d=mm&r=g\",\"contentUrl\":\"https:\/\/secure.gravatar.com\/avatar\/525d12775156493d0259a4384e9f7b0a0e6cc1c583cc1d0ae144bd6ca07140ea?s=96&d=mm&r=g\",\"caption\":\"Monika\"}}]}<\/script>\n<!-- \/ Yoast SEO plugin. -->","yoast_head_json":{"title":"Legal Bulletin Of The Law Office Of Adam Polowiec (13 November 2017 - 3 December 2017) - Polowiec i Wsp\u00f3lnicy - Kancelaria prawna","robots":{"index":"index","follow":"follow","max-snippet":"max-snippet:-1","max-image-preview":"max-image-preview:large","max-video-preview":"max-video-preview:-1"},"canonical":"https:\/\/polowiec.pl\/en\/legal-bulletin-of-the-law-office-of-adam-polowiec-13-november-2017-3-december-2017\/","og_locale":"en_US","og_type":"article","og_title":"Legal Bulletin Of The Law Office Of Adam Polowiec (13 November 2017 - 3 December 2017) - Polowiec i Wsp\u00f3lnicy - Kancelaria prawna","og_description":"We would like to present the next issue of legal bulletin of the Law Office of Adam Polowiec.What you will find here is some information about the new provisions of law and the projects of amendments to acts, but also case-laws including the case laws of Supreme Court, Constitutional Tribunal and European Court of Justice.","og_url":"https:\/\/polowiec.pl\/en\/legal-bulletin-of-the-law-office-of-adam-polowiec-13-november-2017-3-december-2017\/","og_site_name":"Polowiec i Wsp\u00f3lnicy - Kancelaria prawna","article_publisher":"https:\/\/www.facebook.com\/polowieciwspolnicy\/","article_published_time":"2018-01-03T14:23:20+00:00","article_modified_time":"2019-04-18T16:24:52+00:00","author":"Monika","twitter_card":"summary_large_image","twitter_misc":{"Written by":"Monika","Est. reading time":"29 minutes"},"schema":{"@context":"https:\/\/schema.org","@graph":[{"@type":"Article","@id":"https:\/\/polowiec.pl\/en\/legal-bulletin-of-the-law-office-of-adam-polowiec-13-november-2017-3-december-2017\/#article","isPartOf":{"@id":"https:\/\/polowiec.pl\/en\/legal-bulletin-of-the-law-office-of-adam-polowiec-13-november-2017-3-december-2017\/"},"author":{"name":"Monika","@id":"https:\/\/polowiec.pl\/en\/#\/schema\/person\/6178ac96ba1d4d590993734f8a0a6539"},"headline":"Legal Bulletin Of The Law Office Of Adam Polowiec (13 November 2017 &#8211; 3 December 2017)","datePublished":"2018-01-03T14:23:20+00:00","dateModified":"2019-04-18T16:24:52+00:00","mainEntityOfPage":{"@id":"https:\/\/polowiec.pl\/en\/legal-bulletin-of-the-law-office-of-adam-polowiec-13-november-2017-3-december-2017\/"},"wordCount":5838,"publisher":{"@id":"https:\/\/polowiec.pl\/en\/#organization"},"articleSection":["Wpisy"],"inLanguage":"en-US"},{"@type":"WebPage","@id":"https:\/\/polowiec.pl\/en\/legal-bulletin-of-the-law-office-of-adam-polowiec-13-november-2017-3-december-2017\/","url":"https:\/\/polowiec.pl\/en\/legal-bulletin-of-the-law-office-of-adam-polowiec-13-november-2017-3-december-2017\/","name":"Legal Bulletin Of The Law Office Of Adam Polowiec (13 November 2017 - 3 December 2017) - Polowiec i Wsp\u00f3lnicy - Kancelaria prawna","isPartOf":{"@id":"https:\/\/polowiec.pl\/en\/#website"},"datePublished":"2018-01-03T14:23:20+00:00","dateModified":"2019-04-18T16:24:52+00:00","breadcrumb":{"@id":"https:\/\/polowiec.pl\/en\/legal-bulletin-of-the-law-office-of-adam-polowiec-13-november-2017-3-december-2017\/#breadcrumb"},"inLanguage":"en-US","potentialAction":[{"@type":"ReadAction","target":["https:\/\/polowiec.pl\/en\/legal-bulletin-of-the-law-office-of-adam-polowiec-13-november-2017-3-december-2017\/"]}]},{"@type":"BreadcrumbList","@id":"https:\/\/polowiec.pl\/en\/legal-bulletin-of-the-law-office-of-adam-polowiec-13-november-2017-3-december-2017\/#breadcrumb","itemListElement":[{"@type":"ListItem","position":1,"name":"Strona g\u0142\u00f3wna","item":"https:\/\/polowiec.pl\/en\/"},{"@type":"ListItem","position":2,"name":"Legal Bulletin Of The Law Office Of Adam Polowiec (13 November 2017 &#8211; 3 December 2017)"}]},{"@type":"WebSite","@id":"https:\/\/polowiec.pl\/en\/#website","url":"https:\/\/polowiec.pl\/en\/","name":"Polowiec i Wsp\u00f3lnicy - Kancelaria prawna","description":"Obs\u0142uga prawna","publisher":{"@id":"https:\/\/polowiec.pl\/en\/#organization"},"potentialAction":[{"@type":"SearchAction","target":{"@type":"EntryPoint","urlTemplate":"https:\/\/polowiec.pl\/en\/?s={search_term_string}"},"query-input":{"@type":"PropertyValueSpecification","valueRequired":true,"valueName":"search_term_string"}}],"inLanguage":"en-US"},{"@type":"Organization","@id":"https:\/\/polowiec.pl\/en\/#organization","name":"Polowiec i Wsp\u00f3lnicy - Kancelaria prawna","url":"https:\/\/polowiec.pl\/en\/","logo":{"@type":"ImageObject","inLanguage":"en-US","@id":"https:\/\/polowiec.pl\/en\/#\/schema\/logo\/image\/","url":"https:\/\/polowiec.pl\/wp-content\/uploads\/2018\/10\/polowiec_logo2-1.png","contentUrl":"https:\/\/polowiec.pl\/wp-content\/uploads\/2018\/10\/polowiec_logo2-1.png","width":540,"height":381,"caption":"Polowiec i Wsp\u00f3lnicy - Kancelaria prawna"},"image":{"@id":"https:\/\/polowiec.pl\/en\/#\/schema\/logo\/image\/"},"sameAs":["https:\/\/www.facebook.com\/polowieciwspolnicy\/","https:\/\/www.linkedin.com\/company\/polowiec-i-wsplnicy-sp.j.\/about\/"]},{"@type":"Person","@id":"https:\/\/polowiec.pl\/en\/#\/schema\/person\/6178ac96ba1d4d590993734f8a0a6539","name":"Monika","image":{"@type":"ImageObject","inLanguage":"en-US","@id":"https:\/\/secure.gravatar.com\/avatar\/525d12775156493d0259a4384e9f7b0a0e6cc1c583cc1d0ae144bd6ca07140ea?s=96&d=mm&r=g","url":"https:\/\/secure.gravatar.com\/avatar\/525d12775156493d0259a4384e9f7b0a0e6cc1c583cc1d0ae144bd6ca07140ea?s=96&d=mm&r=g","contentUrl":"https:\/\/secure.gravatar.com\/avatar\/525d12775156493d0259a4384e9f7b0a0e6cc1c583cc1d0ae144bd6ca07140ea?s=96&d=mm&r=g","caption":"Monika"}}]}},"_links":{"self":[{"href":"https:\/\/polowiec.pl\/en\/wp-json\/wp\/v2\/posts\/825","targetHints":{"allow":["GET"]}}],"collection":[{"href":"https:\/\/polowiec.pl\/en\/wp-json\/wp\/v2\/posts"}],"about":[{"href":"https:\/\/polowiec.pl\/en\/wp-json\/wp\/v2\/types\/post"}],"author":[{"embeddable":true,"href":"https:\/\/polowiec.pl\/en\/wp-json\/wp\/v2\/users\/4"}],"replies":[{"embeddable":true,"href":"https:\/\/polowiec.pl\/en\/wp-json\/wp\/v2\/comments?post=825"}],"version-history":[{"count":0,"href":"https:\/\/polowiec.pl\/en\/wp-json\/wp\/v2\/posts\/825\/revisions"}],"wp:attachment":[{"href":"https:\/\/polowiec.pl\/en\/wp-json\/wp\/v2\/media?parent=825"}],"wp:term":[{"taxonomy":"category","embeddable":true,"href":"https:\/\/polowiec.pl\/en\/wp-json\/wp\/v2\/categories?post=825"},{"taxonomy":"post_tag","embeddable":true,"href":"https:\/\/polowiec.pl\/en\/wp-json\/wp\/v2\/tags?post=825"}],"curies":[{"name":"wp","href":"https:\/\/api.w.org\/{rel}","templated":true}]}}