{"id":827,"date":"2018-01-03T15:29:39","date_gmt":"2018-01-03T14:29:39","guid":{"rendered":"https:\/\/nowa.polowiec.pl\/legal-bulletin-of-the-law-office-of-adam-polowiec-11-december-2017-31-december-2017\/"},"modified":"2019-04-18T18:23:16","modified_gmt":"2019-04-18T16:23:16","slug":"legal-bulletin-of-the-law-office-of-adam-polowiec-11-december-2017-31-december-2017","status":"publish","type":"post","link":"https:\/\/polowiec.pl\/en\/legal-bulletin-of-the-law-office-of-adam-polowiec-11-december-2017-31-december-2017\/","title":{"rendered":"Legal Bulletin Of The Law Office Of Adam Polowiec (11 December 2017 &#8211; 31 December 2017)"},"content":{"rendered":"<p><span style=\"font-size: 14px; text-align: justify;\">We would like to present the next issue of legal bulletin of the Law Office of Adam Polowiec.<\/span><br style=\"font-size: 14px; text-align: justify;\" \/><span style=\"font-size: 14px; text-align: justify;\">What you will find here is some information about the new provisions of law and the projects of amendments to acts, but also case-laws including the case laws of Supreme Court, Constitutional Tribunal and European Court of Justice.<\/span><\/p>\n<p>  <!--more-->  <\/p>\n<p>&nbsp;<strong>_____Nowe Prawo<br \/><\/strong><br \/><strong>KODEKS POST\u0118POWANIAW SPRAWACH O&nbsp;WYKROCZENIA<\/strong><br \/>Ustawa z&nbsp;dnia 9 listopada 2017 r. o&nbsp;zmianie ustawy &#8211; Kodeks post\u0119powania w&nbsp;sprawach o&nbsp;wykroczenia oraz niekt&oacute;rych innych ustaw (Dz. U. z&nbsp;2017 r., poz. 2400) &ndash; wejdzie w&nbsp;\u017cycie z&nbsp;dniem 1 stycznia 2018 r.<br \/>W ustawie z&nbsp;dnia 24 sierpnia 2001 r. &#8211; Kodeks post\u0119powania w&nbsp;sprawach o&nbsp;wykroczenia (Dz. U. z&nbsp;2016 r. poz. 1713, z&nbsp;p&oacute;\u017an. zm.) zmianie ulegnie brzmienie dzia\u0142u XIII.<\/p>\n<p><strong>PRAWO PODATKOWE<\/strong><br \/>Ustawa z&nbsp;dnia 24 listopada 2017 r. o&nbsp;zmianie ustawy o&nbsp;podatku dochodowym od os&oacute;b prawnych (Dz. U. z&nbsp;2017 r., poz. 2369) &#8211; wejdzie w&nbsp;\u017cycie z&nbsp;dniem 30 wrze\u015bnia 2018 r.<br \/>W ustawie z&nbsp;dnia 15 lutego 1992 r. o&nbsp;podatku dochodowym od os&oacute;b prawnych (Dz. U. z&nbsp;2017 r. poz. 2343, 2175 i&nbsp;2201) dodany zostanie art. 27b.<br \/>Rozporz\u0105dzenie Ministra Rozwoju i&nbsp;Finans&oacute;w z&nbsp;dnia 7 grudnia 2017 r. w&nbsp;sprawie okre\u015blenia niekt&oacute;rych wzor&oacute;w o\u015bwiadcze\u0144, deklaracji i&nbsp;informacji podatkowych obowi\u0105zuj\u0105cych w&nbsp;zakresie podatku dochodowego od os&oacute;b fizycznych (Dz. U. z&nbsp;2017 r., poz. 2352) &#8211; wejdzie w&nbsp;\u017cycie z&nbsp;dniem 1 stycznia 2018 r.<br \/>Rozporz\u0105dzenie Ministra Rozwoju i&nbsp;Finans&oacute;w z&nbsp;dnia 8 grudnia 2017 r. w&nbsp;sprawie norm szacunkowych dochodu z&nbsp;dzia\u0142&oacute;w specjalnych produkcji rolnej (Dz. U. z&nbsp;2017 r., poz. 2393) &#8211; wejdzie w&nbsp;\u017cycie z&nbsp;dniem 1 stycznia 2018 r.<\/p>\n<p><strong>PRAWO O&nbsp;RUCHU DROGOWYM<\/strong><br \/>Rozporz\u0105dzenie Ministra Cyfryzacji z&nbsp;dnia 10 grudnia 2017 r. zmieniaj\u0105ce rozporz\u0105dzenie w&nbsp;sprawie zakresu danych udost\u0119pnianych w&nbsp;postaci elektronicznej z&nbsp;centralnej ewidencji pojazd&oacute;w (Dz. U. z&nbsp;2017 r., poz. 2366)&nbsp; &#8211; wesz\u0142o w&nbsp;\u017cycie z&nbsp;dniem 20 grudnia 2017 r.<br \/>W rozporz\u0105dzeniu Ministra Cyfryzacji z&nbsp;dnia 8 listopada 2017 r. w&nbsp;sprawie zakresu danych udost\u0119pnianych w&nbsp;postaci elektronicznej z&nbsp;centralnej ewidencji pojazd&oacute;w (Dz. U. poz. 2085) zmianie ulegnie brzmienie &sect; 6 pkt 1.<br \/>Rozporz\u0105dzenie Ministra Infrastruktury i&nbsp;Budownictwa z&nbsp;dnia 11 grudnia 2017 r. zmieniaj\u0105ce rozporz\u0105dzenie w&nbsp;sprawie warunk&oacute;w technicznych pojazd&oacute;w oraz zakresu ich niezb\u0119dnego wyposa\u017cenia (Dz. U. z&nbsp;2017 r., poz. 2338) &#8211; wesz\u0142o w&nbsp;\u017cycie z&nbsp;dniem 29 grudnia 2017 r., z&nbsp;wyj\u0105tkiem &sect; 1 pkt 6, kt&oacute;ry wchodzi w&nbsp;\u017cycie z&nbsp;dniem 1 stycznia 2018 r.<br \/>W rozporz\u0105dzeniu Ministra Infrastruktury z&nbsp;dnia 31 grudnia 2002 r. w&nbsp;sprawie warunk&oacute;w technicznych pojazd&oacute;w oraz zakresu ich niezb\u0119dnego wyposa\u017cenia (Dz. U. z&nbsp;2016 r. poz. 2022) w&nbsp;&sect; 1 w&nbsp;ust. 3 w&nbsp;pkt 12 kropk\u0119 zast\u0119puje si\u0119 \u015brednikiem i&nbsp;dodaje si\u0119 pkt 13-15, zmianie ulegnie brzmienie &sect; 2, &sect; 3 ust. 1, &sect; 32 ust. 1, &sect; 32a, &sect; 34 ust. 1, w&nbsp;&sect; 36 dodaje si\u0119 ust. 4.<br \/>Rozporz\u0105dzenie Ministra Infrastruktury i&nbsp;Budownictwa z&nbsp;dnia 11 grudnia 2017 r. w&nbsp;sprawie rejestracji i&nbsp;oznaczania pojazd&oacute;w oraz wymaga\u0144 dla tablic rejestracyjnych (Dz. U. z&nbsp;2017 r., poz. 2355) &#8211; wejdzie w&nbsp;\u017cycie z&nbsp;dniem 1 stycznia 2018 r., z&nbsp;wyj\u0105tkiem:<br \/>1) &sect; 48, kt&oacute;ry wchodzi w&nbsp;\u017cycie z&nbsp;dniem 4 czerwca 2018 r.;<br \/>2) &sect; 2 ust. 2 pkt 2 i&nbsp;ust. 3, &sect; 9 ust. 1 pkt 2, &sect; 27 ust. 1 pkt 1 lit. b, &sect; 28 ust. 4, &sect; 31 ust. 2 pkt 2 i&nbsp;pkt 3 lit. a&nbsp;tiret trzecie-&oacute;sme, &sect; 33 pkt 2 lit. b, kt&oacute;re wchodz\u0105 w&nbsp;\u017cycie z&nbsp;dniem 1 lipca 2018 r.<\/p>\n<p><strong>ODPADY, GOSPODARKA OPAKOWANIAMI I&nbsp;ODPADAMI OPAKOWANIOWYMI<\/strong><br \/>Ustawa z&nbsp;dnia 24 listopada 2017 r. o&nbsp;zmianie ustawy o&nbsp;odpadach oraz niekt&oacute;rych innych ustaw (Dz. U. z&nbsp;2017 r., poz. 2422) &#8211; wejdzie w&nbsp;\u017cycie z&nbsp;dniem 6 stycznia 2018 r. z&nbsp;wyj\u0105tkiem:<br \/>1) art. 1 pkt 9-12, 14 i&nbsp;15 oraz 20, kt&oacute;re wchodz\u0105 w&nbsp;\u017cycie z&nbsp;dniem 1 stycznia 2020 r.;<br \/>2) art. 3, kt&oacute;ry wchodzi w&nbsp;\u017cycie z&nbsp;dniem 1 stycznia 2018 r.<br \/>W ustawie z&nbsp;dnia 14 grudnia 2012 r. o&nbsp;odpadach (Dz. U. z&nbsp;2016 r. poz. 1987 i&nbsp;1954 oraz z&nbsp;2017 r. poz. 785, 1566 i&nbsp;2056) zmianie ulegnie brzmienie art. 3, art. 4, art. 7, art. 8 ust. 3, art. 24 ust. 2, art. 58 ust. 2, art. 67, art. 68 ust. 1, art. 69, art. 76 ust. 2, art. 158, art. 159 ust. 2, art. 160 ust. 2 pkt 2 lit. b, art. 237b, art. 251, za\u0142\u0105cznika nr 1, uchyla si\u0119 za\u0142\u0105cznik nr 3 do ustawy, w&nbsp;art. 79 dodaje si\u0119 ust. 5, w&nbsp;art. 83 dodaje si\u0119 ust. 2a, w&nbsp;art. 110 w&nbsp;ust. 2 w&nbsp;pkt 1 w&nbsp;lit. g skre\u015bla si\u0119 wyrazy &#8220;, o&nbsp;kt&oacute;rych mowa w&nbsp;za\u0142\u0105czniku nr 3 do ustawy,&#8221;, w&nbsp;art. 180 dotychczasow\u0105 tre\u015b\u0107 oznacza si\u0119 jako ust. 1 i&nbsp;dodaje si\u0119 ust. 2, dodany zostanie art. 237aa i&nbsp;art. 237ab, w&nbsp;art. 50 w&nbsp;ust. 1 w&nbsp;pkt 5 w&nbsp;lit. d \u015brednik zast\u0119puje si\u0119 przecinkiem i&nbsp;dodaje si\u0119 lit. e, w&nbsp;art. 52 w&nbsp;ust. 1 w&nbsp;pkt 8 w&nbsp;lit. e w&nbsp;tiret sz&oacute;ste kropk\u0119 zast\u0119puje si\u0119 przecinkiem i&nbsp;dodaje si\u0119 lit. f, dodany zostanie art. 71a. <br \/>W ustawie z&nbsp;dnia 13 wrze\u015bnia 1996 r. o&nbsp;utrzymaniu czysto\u015bci i&nbsp;porz\u0105dku w&nbsp;gminach (Dz. U. z&nbsp;2017 r. poz. 1289, 2056 i&nbsp;2361) w&nbsp;art. 9n dodaje si\u0119 ust. 7, w&nbsp;art. 9na dodaje si\u0119 ust. 4.<br \/>W ustawie z&nbsp;dnia 12 pa\u017adziernika 2017 r. o&nbsp;zmianie ustawy o&nbsp;gospodarce opakowaniami i&nbsp;odpadami opakowaniowymi oraz niekt&oacute;rych innych ustaw (Dz. U. poz. 2056) zmianie ulegnie brzmienie art. 4 pkt 1.<br \/>Rozporz\u0105dzenie Ministra \u015arodowiska z&nbsp;dnia 8 grudnia 2017 r. w&nbsp;sprawie stawki op\u0142aty recyklingowej (Dz. U. z&nbsp;2017 r., poz. 2389) &#8211; wejdzie w&nbsp;\u017cycie z&nbsp;dniem 1 stycznia 2018 r.<br \/>Rozporz\u0105dzenie Ministra \u015arodowiska z&nbsp;dnia 13 grudnia 2017 r. w&nbsp;sprawie funkcjonowania Bazy danych o&nbsp;produktach i&nbsp;opakowaniach oraz o&nbsp;gospodarce odpadami (Dz. U. z&nbsp;2017 r., poz. 2377) &#8211; wejdzie w&nbsp;\u017cycie z&nbsp;dniem 1 stycznia 2018 r.<br \/>Rozporz\u0105dzenie Ministra \u015arodowiska z&nbsp;dnia 13 grudnia 2017 r. w&nbsp;sprawie odpad&oacute;w, kt&oacute;re podlegaj\u0105 pr&oacute;bie strz\u0119pienia odpad&oacute;w pochodz\u0105cych z&nbsp;pojazd&oacute;w wycofanych z&nbsp;eksploatacji, oraz sposobu jej wykonania (Dz. U. z&nbsp;2017 r., poz. 2381) &#8211; wejdzie w&nbsp;\u017cycie z&nbsp;dniem 1 stycznia 2018 r.<\/p>\n<p><strong>PRAWO O&nbsp;AKTACH STANU CYWILNEGO<\/strong><br \/>Rozporz\u0105dzenie Ministra Cyfryzacji z&nbsp;dnia 14 grudnia 2017 r. zmieniaj\u0105ce rozporz\u0105dzenie w&nbsp;sprawie wzor&oacute;w dokument&oacute;w wydawanych z&nbsp;zakresu rejestracji stanu cywilnego (Dz. U. z&nbsp;2017 r., poz. 2341) &#8211; wesz\u0142o w&nbsp;\u017cycie z&nbsp;dniem 15 grudnia 2017 r.<br \/>W rozporz\u0105dzeniu Ministra Spraw Wewn\u0119trznych z&nbsp;dnia 29 stycznia 2015 r. w&nbsp;sprawie wzor&oacute;w dokument&oacute;w wydawanych z&nbsp;zakresu rejestracji stanu cywilnego (Dz. U. poz. 194 i&nbsp;1751) zmianie uleg\u0142o brzmienie za\u0142\u0105cznika nr 2, 4, 6, 8, 10, 12, 14, 16, 30-32, 34, 35.<\/p>\n<p><strong>KRAJOWA ADMINISTRACJA SKARBOWA<\/strong><br \/>Ustawa z&nbsp;dnia 24 listopada 2017 r. o&nbsp;zmianie ustawy o&nbsp;Krajowej Administracji Skarbowej oraz ustawy &#8211; Przepisy wprowadzaj\u0105ce ustaw\u0119 o&nbsp;Krajowej Administracji Skarbowej (Dz. U. z&nbsp;2017 r., poz. 2409) &#8211; wejdzie w&nbsp;\u017cycie z&nbsp;dniem 1 stycznia 2019 r., z&nbsp;wyj\u0105tkiem art. 1 i&nbsp;art. 2 pkt 1 &#8211; 4 i&nbsp;6, pkt 7 lit. a&nbsp;i pkt 8 lit. a, kt&oacute;re wchodz\u0105 w&nbsp;\u017cycie z&nbsp;dniem 1 stycznia 2018 r.<br \/>W ustawie z&nbsp;dnia 16 listopada 2016 r. o&nbsp;Krajowej Administracji Skarbowej (Dz. U. poz. 1947, z&nbsp;p&oacute;\u017an. zm.) zmianie ulegnie brzmienie art. 14, art. 149, w&nbsp;art. 18 po wyrazach &#8220;dyrektora Szko\u0142y&#8221; skre\u015bla si\u0119 przecinek i&nbsp;wyrazy &#8220;dyrektora Centrum&#8221;, w&nbsp;art. 36 w&nbsp;ust. 1 w&nbsp;pkt 6 \u015brednik zast\u0119puje si\u0119 kropk\u0105 i&nbsp;uchyla si\u0119 pkt 7, w&nbsp;art. 39 wyrazy &#8220;urz\u0119du celno-skarbowego, Szko\u0142y i&nbsp;Centrum&#8221; zast\u0119puje si\u0119 wyrazami &#8220;urz\u0119du celno-skarbowego i&nbsp;Szko\u0142y&#8221;, w&nbsp;dziale III uchyla si\u0119 rozdzia\u0142 3, w&nbsp;art. 145 w&nbsp;ust. 2 po wyrazach &#8220;dyrektora Szko\u0142y&#8221; skre\u015bla si\u0119 przecinek i&nbsp;wyrazy &#8220;dyrektora Centrum&#8221;, w&nbsp;art. 147 w&nbsp;ust. 5 wyrazy &#8220;naczelnik urz\u0119du celno-skarbowego, dyrektor Szko\u0142y i&nbsp;dyrektor Centrum&#8221; zast\u0119puje si\u0119 wyrazami &#8220;naczelnik urz\u0119du celno-skarbowego i&nbsp;dyrektor Szko\u0142y&#8221;. W&nbsp;ustawie z&nbsp;dnia 16 listopada 2016 r. &#8211; Przepisy wprowadzaj\u0105ce ustaw\u0119 o&nbsp;Krajowej Administracji Skarbowej (Dz. U. poz. 1948 i&nbsp;2255 oraz z&nbsp;2017 r. poz. 379, 1537 i&nbsp;1926) zmianie ulegnie brzmienie art. 164, art. 168, art. 192, art. 260, w&nbsp;art. 1 w&nbsp;pkt 1a \u015brednik zast\u0119puje si\u0119 kropk\u0105 i&nbsp;uchyla si\u0119 pkt 2, uchyla si\u0119 art. 2, w&nbsp;art. 163 w&nbsp;pkt 2 \u015brednik zast\u0119puje si\u0119 kropk\u0105 i&nbsp;uchyla si\u0119 pkt 3, w&nbsp;art. 172 w&nbsp;pkt 5 skre\u015bla si\u0119 przecinek i&nbsp;uchyla si\u0119 pkt 6.<\/p>\n<p><strong>PRAWO OCHRONY \u015aRODOWISKA<\/strong><br \/>Rozporz\u0105dzenie Ministra \u015arodowiska z&nbsp;dnia 30 listopada 2017 r. zmieniaj\u0105ce rozporz\u0105dzenie w&nbsp;sprawie rodzaj&oacute;w instalacji, kt&oacute;rych eksploatacja wymaga zg\u0142oszenia (Dz. U. z&nbsp;2017 r., poz. 2390) &#8211; wejdzie w&nbsp;\u017cycie z&nbsp;dniem 20 stycznia 2018 r.<br \/>W rozporz\u0105dzeniu Ministra \u015arodowiska z&nbsp;dnia 2 lipca 2010 r. w&nbsp;sprawie rodzaj&oacute;w instalacji, kt&oacute;rych eksploatacja wymaga zg\u0142oszenia (Dz. U. poz. 880) zmianie ulegnie brzmienie &sect; 2 ust. 4 pkt 1.<br \/>Rozporz\u0105dzenie Ministra \u015arodowiska z&nbsp;dnia 13 grudnia 2017 r. w&nbsp;sprawie trybu dzia\u0142ania organ&oacute;w wojew&oacute;dzkich funduszy ochrony \u015brodowiska i&nbsp;gospodarki wodnej (Dz. U. z&nbsp;2017 r., poz. 2386) &#8211; wesz\u0142o w&nbsp;\u017cycie z&nbsp;dniem 21 grudnia 2017 r.<\/p>\n<p><strong>EWIDENCJA LUDNO\u015aCI<\/strong><br \/>Rozporz\u0105dzenie Ministra Spraw Wewn\u0119trznych i&nbsp;Administracji z&nbsp;dnia 13 grudnia 2017 r. w&nbsp;sprawie okre\u015blenia wzor&oacute;w i&nbsp;sposobu wype\u0142niania formularzy stosowanych przy wykonywaniu obowi\u0105zku meldunkowego (Dz. U. z&nbsp;2017 r., poz. 2411) &#8211; wejdzie w&nbsp;\u017cycie z&nbsp;dniem 1 stycznia 2018 r.<\/p>\n<p><strong>PRAWO MEDYCZNE<\/strong><br \/>Rozporz\u0105dzenie Ministra Zdrowia z&nbsp;dnia 5 grudnia 2017 r. zmieniaj\u0105ce rozporz\u0105dzenie w&nbsp;sprawie szczeg&oacute;\u0142owych kryteri&oacute;w wyboru ofert w&nbsp;post\u0119powaniu w&nbsp;sprawie zawarcia um&oacute;w o&nbsp;udzielanie \u015bwiadcze\u0144 opieki zdrowotnej (Dz. U. z&nbsp;2017 r., poz. 2364) &#8211; wesz\u0142o w&nbsp;\u017cycie z&nbsp;dniem 20 grudnia 2017 r.<br \/>W rozporz\u0105dzeniu Ministra Zdrowia z&nbsp;dnia 5 sierpnia 2016 r. w&nbsp;sprawie szczeg&oacute;\u0142owych kryteri&oacute;w wyboru ofert w&nbsp;post\u0119powaniu w&nbsp;sprawie zawarcia um&oacute;w o&nbsp;udzielanie \u015bwiadcze\u0144 opieki zdrowotnej (Dz. U. poz. 1372 i&nbsp;1555 oraz z&nbsp;2017 r. poz. 498, 852 i&nbsp;1279) zmianie ulegnie brzmienie za\u0142\u0105czna nr 1 do rozporz\u0105dzenia tabeli &#8220;PODSTAWOWA OPIEKA ZDROWOTNA &#8211; NOCNA I&nbsp;\u015aWI\u0104TECZNA OPIEKA ZDROWOTNA&#8221;, za\u0142\u0105cznika nr 2 do rozporz\u0105dzenia tabeli nr 2 &#8220;AMBULATORYJNA OPIEKA SPECJALISTYCZNA (AOS) &#8211; cz\u0119\u015b\u0107 wsp&oacute;lna&#8221;, za\u0142\u0105cznika nr 3 do rozporz\u0105dzenia, za\u0142\u0105cznika nr 4 do rozporz\u0105dzenia tabeli nr 2 &#8220;OPIEKA PSYCHIATRYCZNA I&nbsp;LECZENIE UZALE\u017bNIE\u0143 &#8211; CZ\u0118\u015a\u0106 WSP&Oacute;LNA&#8221;, za\u0142\u0105cznika nr 5 do rozporz\u0105dzenia tabeli nr 2 &#8220;REHABILITACJA LECZNICZA &#8211; CZ\u0118\u015a\u0106 WSP&Oacute;LNA&#8221;, za\u0142\u0105cznika nr 6 do rozporz\u0105dzenia tabeli nr 2 &#8220;\u015aWIADCZENIA PIEL\u0118GNACYJNE I&nbsp;OPIEKU\u0143CZE W&nbsp;RAMACH OPIEKI D\u0141UGOTERMINOWEJ &#8211; CZ\u0118\u015a\u0106 WSP&Oacute;LNA&#8221;, za\u0142\u0105cznika nr 7 do rozporz\u0105dzenia tabeli nr 2 &#8220;LECZENIE STOMATOLOGICZNE &#8211; CZ\u0118\u015a\u0106 WSP&Oacute;LNA&#8221;, za\u0142\u0105cznika nr 8, za\u0142\u0105cznika nr 9, za\u0142\u0105cznika nr 10 do rozporz\u0105dzenia tabeli nr 2 &#8220;RATOWNICTWO MEDYCZNE &#8211; CZ\u0118\u015a\u0106 WSP&Oacute;LNA&#8221; cz\u0119\u015b\u0107 IV, za\u0142\u0105cznika nr 11 do rozporz\u0105dzenia tabeli nr 2 &#8220;OPIEKA PALIATYWNA I&nbsp;HOSPICYJNA &#8211; CZ\u0118\u015a\u0106 WSP&Oacute;LNA&#8221;, za\u0142\u0105cznika nr 12 do rozporz\u0105dzenia, za\u0142\u0105cznika nr 13 do rozporz\u0105dzenia, za\u0142\u0105cznika nr 14 do rozporz\u0105dzenia, za\u0142\u0105cznika nr 15 do rozporz\u0105dzenia tabeli &#8220;LECZENIE SZPITALNE &#8211; CHEMIOTERAPIA&#8221;, za\u0142\u0105cznika nr 16 do rozporz\u0105dzenia tabeli nr 1 &#8220;POMOC DORA\u0179NA I&nbsp;TRANSPORT SANITARNY&#8221; w&nbsp;lp. IV w&nbsp;pkt 1 &#8220;Wsp&oacute;\u0142praca z&nbsp;Agencj\u0105&#8221; ppkt 1.1.<br \/>Rozporz\u0105dzenie Ministra Zdrowia z&nbsp;dnia 8 grudnia 2017 r. zmieniaj\u0105ce rozporz\u0105dzenie w&nbsp;sprawie \u015bwiadcze\u0144 gwarantowanych z&nbsp;zakresu leczenia stomatologicznego (Dz.U.2017.2397) &#8211; wejdzie w&nbsp;\u017cycie z&nbsp;dniem 1 stycznia 2018 r.<br \/>W rozporz\u0105dzeniu Ministra Zdrowia z&nbsp;dnia 6 listopada 2013 r. w&nbsp;sprawie \u015bwiadcze\u0144 gwarantowanych z&nbsp;zakresu leczenia stomatologicznego (Dz. U. z&nbsp;2017 r. poz. 193) zmianie ulegnie brzmienie za\u0142\u0105cznika nr 1 do rozporz\u0105dzenia tabeli nr 1, za\u0142\u0105cznika nr 2 do rozporz\u0105dzenia, za\u0142\u0105cznika nr 3 do rozporz\u0105dzenia tabeli nr 1, za\u0142\u0105cznika nr 4 do rozporz\u0105dzenia tabeli nr 1, w&nbsp;za\u0142\u0105czniku nr 5 do rozporz\u0105dzenia tabeli nr 1 dodaje si\u0119 lp. 45.<br \/>Rozporz\u0105dzenie Ministra Zdrowia z&nbsp;dnia 14 grudnia 2017 r. zmieniaj\u0105ce rozporz\u0105dzenie w&nbsp;sprawie warunk&oacute;w wynagradzania za prac\u0119 pracownik&oacute;w podmiot&oacute;w leczniczych dzia\u0142aj\u0105cych w&nbsp;formie jednostki bud\u017cetowej (Dz. U. z&nbsp;2017 r., poz. 2360) &#8211; wesz\u0142o w&nbsp;\u017cycie z&nbsp;dniem 19 grudnia 2017 r.<br \/>W rozporz\u0105dzeniu Ministra Zdrowia z&nbsp;dnia 17 lipca 2014 r. w&nbsp;sprawie warunk&oacute;w wynagradzania za prac\u0119 pracownik&oacute;w podmiot&oacute;w leczniczych dzia\u0142aj\u0105cych w&nbsp;formie jednostki bud\u017cetowej (Dz. U. z&nbsp;2017 r. poz. 304) zmianie ulegnie brzmienie za\u0142\u0105cznika nr 1 do rozporz\u0105dzenia.<br \/>Rozporz\u0105dzenie Ministra Zdrowia z&nbsp;dnia 15 grudnia 2017 r. zmieniaj\u0105ce rozporz\u0105dzenie zmieniaj\u0105ce rozporz\u0105dzenie w&nbsp;sprawie \u015bwiadcze\u0144 gwarantowanych z&nbsp;zakresu leczenia szpitalnego (Dz. U. z&nbsp;2017 r., poz. 2404) &#8211; wejdzie w&nbsp;\u017cycie z&nbsp;dniem 1 stycznia 2018 r.<br \/>W rozporz\u0105dzeniu Ministra Zdrowia z&nbsp;dnia 3 sierpnia 2017 r. zmieniaj\u0105cym rozporz\u0105dzenie w&nbsp;sprawie \u015bwiadcze\u0144 gwarantowanych z&nbsp;zakresu leczenia szpitalnego (Dz. U. poz. 1565) po &sect; 2 dodaje si\u0119 &sect; 2a.<br \/>Rozporz\u0105dzenie Ministra Zdrowia z&nbsp;dnia 15 grudnia 2017 r. zmieniaj\u0105ce rozporz\u0105dzenie w&nbsp;sprawie \u015bwiadcze\u0144 gwarantowanych z&nbsp;zakresu ambulatoryjnej opieki specjalistycznej (Dz. U. z&nbsp;2017 r., poz. 2423) &#8211; wejdzie w&nbsp;\u017cycie z&nbsp;dniem 1 stycznia 2018 r.<br \/>W rozporz\u0105dzeniu Ministra Zdrowia z&nbsp;dnia 6 listopada 2013 r. w&nbsp;sprawie \u015bwiadcze\u0144 gwarantowanych z&nbsp;zakresu ambulatoryjnej opieki specjalistycznej (Dz. U. z&nbsp;2016 r. poz. 357 i&nbsp;2164 oraz z&nbsp;2017 r. poz. 1244 i&nbsp;1766) w&nbsp;za\u0142\u0105czniku nr 1 do rozporz\u0105dzenia dodaje si\u0119 lp. 66-68, zmianie ulegnie brzmienie za\u0142\u0105cznika nr 4.<br \/>Rozporz\u0105dzenie Ministra Zdrowia z&nbsp;dnia 15 grudnia 2017 r. zmieniaj\u0105ce rozporz\u0105dzenie w&nbsp;sprawie standard&oacute;w jako\u015bci dla medycznych laboratori&oacute;w diagnostycznych i&nbsp;mikrobiologicznych (Dz. U. z&nbsp;2017 r., poz. 2394) &#8211; wejdzie w&nbsp;\u017cycie z&nbsp;dniem 1 stycznia 2018 r.<br \/>W rozporz\u0105dzeniu Ministra Zdrowia z&nbsp;dnia 23 marca 2006 r. w&nbsp;sprawie standard&oacute;w jako\u015bci dla medycznych laboratori&oacute;w diagnostycznych i&nbsp;mikrobiologicznych (Dz. U. z&nbsp;2016 r. poz. 1665) zmianie ulegnie brzmienie za\u0142\u0105cznika nr 1 do rozporz\u0105dzenia pkt 7 ppkt 7.10, za\u0142\u0105cznika nr 2 do rozporz\u0105dzenia pkt 7 ppkt 7.8.<\/p>\n<p><strong>BIEGLI REWIDENCI, FIRMY AUDYTORSKIE ORAZ NADZ&Oacute;R PUBLICZNY<\/strong><br \/>Rozporz\u0105dzenie Ministra Rozwoju i&nbsp;Finans&oacute;w z&nbsp;dnia 15 grudnia 2017 r. w&nbsp;sprawie obligatoryjnego doskonalenia zawodowego bieg\u0142ych rewident&oacute;w (Dz. U. z&nbsp;2017 r., poz. 2391) &#8211; wesz\u0142o w&nbsp;\u017cycie z&nbsp;dniem 22 grudnia 2017 r.<br \/>Rozporz\u0105dzenie Ministra Rozwoju i&nbsp;Finans&oacute;w z&nbsp;dnia 19 grudnia 2017 r. w&nbsp;sprawie post\u0119powania kwalifikacyjnego na bieg\u0142ych rewident&oacute;w (Dz. U. z&nbsp;2017 r., poz. 2396) &#8211; wesz\u0142o w&nbsp;\u017cycie z&nbsp;dniem 22 grudnia 2017 r.<\/p>\n<p><strong>PRAWO LOTNICZE<\/strong><br \/>Rozporz\u0105dzenie Ministra Infrastruktury i&nbsp;Budownictwa z&nbsp;dnia 8 grudnia 2017 r. zmieniaj\u0105ce rozporz\u0105dzenie w&nbsp;sprawie szczeg&oacute;\u0142owych wymaga\u0144 dotycz\u0105cych program&oacute;w ochrony w&nbsp;lotnictwie cywilnym (Dz. U. z&nbsp;2017 r., poz. 2363) &#8211; wejdzie w&nbsp;\u017cycie z&nbsp;dniem 2 stycznia 2018 r.<br \/>W rozporz\u0105dzeniu Ministra Transportu, Budownictwa i&nbsp;Gospodarki Morskiej z&nbsp;dnia 15 marca 2013 r. w&nbsp;sprawie szczeg&oacute;\u0142owych wymaga\u0144 dotycz\u0105cych program&oacute;w ochrony w&nbsp;lotnictwie cywilnym (Dz. U. z&nbsp;2016 r. poz. 1679) w&nbsp;&sect; 3 dodaje si\u0119 pkt 9, dodaje si\u0119 za\u0142\u0105cznik nr 9 do rozporz\u0105dzenia.<\/p>\n<p><strong>SUBSTANCJE ZUBO\u017bAJ\u0104CE WARSTW\u0118 OZONOW\u0104<\/strong><br \/>Rozporz\u0105dzenie Ministra Rozwoju i&nbsp;Finans&oacute;w z&nbsp;dnia 7 grudnia 2017 r. w&nbsp;sprawie wzoru wniosku o&nbsp;wydanie certyfikatu dla przedsi\u0119biorc&oacute;w, wzoru tego certyfikatu i&nbsp;jego opisu oraz wysoko\u015bci jednostkowych stawek op\u0142at pobieranych przez jednostk\u0119 certyfikuj\u0105c\u0105 przedsi\u0119biorc&oacute;w (Dz. U. z&nbsp;2017 r., poz. 2421) &#8211; wesz\u0142o w&nbsp;\u017cycie z&nbsp;dniem 23 grudnia 2017 r.<br \/>Rozporz\u0105dzenie Ministra Rozwoju i&nbsp;Finans&oacute;w z&nbsp;dnia 7 grudnia 2017 r. w&nbsp;sprawie minimalnego wyposa\u017cenia technicznego odpowiedniego dla wykonywania czynno\u015bci obj\u0119tych certyfikatem dla personelu w&nbsp;zakresie fluorowanych gaz&oacute;w cieplarnianych i&nbsp;substancji kontrolowanych (Dz. U. z&nbsp;2017 r., poz. 2410) &#8211; wesz\u0142o w&nbsp;\u017cycie z&nbsp;dniem 23 grudnia 2017 r.<br \/>Rozporz\u0105dzenie Ministra Rozwoju i&nbsp;Finans&oacute;w z&nbsp;dnia 7 grudnia 2017 r. w&nbsp;sprawie minimalnego wyposa\u017cenia technicznego, procedur oraz systemu dokumentowania czynno\u015bci przy prowadzeniu dzia\u0142alno\u015bci, polegaj\u0105cej na instalowaniu, konserwacji lub serwisowaniu, naprawie lub likwidacji urz\u0105dze\u0144, zawieraj\u0105cych fluorowane gazy cieplarniane (Dz. U. z&nbsp;2017 r., poz. 2417) &#8211; wesz\u0142o w&nbsp;\u017cycie z&nbsp;dniem 23 grudnia 2017 r.<br \/>Rozporz\u0105dzenie Ministra Rozwoju i&nbsp;Finans&oacute;w z&nbsp;dnia 7 grudnia 2017 r. w&nbsp;sprawie egzaminowania i&nbsp;certyfikowania personelu w&nbsp;zakresie fluorowanych gaz&oacute;w cieplarnianych i&nbsp;substancji kontrolowanych (Dz. U. z&nbsp;2017 r., poz. 2402) &#8211; wesz\u0142o w&nbsp;\u017cycie z&nbsp;dniem 23 grudnia 2017 r.<br \/>Rozporz\u0105dzenie Ministra Rozwoju i&nbsp;Finans&oacute;w z&nbsp;dnia 12 grudnia 2017 r. w&nbsp;sprawie sposobu przeprowadzania kontroli spe\u0142niania warunk&oacute;w uzyskania certyfikatu dla przedsi\u0119biorc&oacute;w (Dz. U. z&nbsp;2017 r., poz. 2376) &#8211; wesz\u0142o w&nbsp;\u017cycie z&nbsp;dniem 23 grudnia 2017 r.<br \/>Rozporz\u0105dzenie Ministra \u015arodowiska z&nbsp;dnia 21 grudnia 2017 r. w&nbsp;sprawie Centralnego Rejestru Operator&oacute;w (Dz. U. z&nbsp;2017 r., poz. 2419) &#8211; wesz\u0142o w&nbsp;\u017cycie z&nbsp;dniem 23 grudnia 2017 r.<\/p>\n<p><strong>PRAWO PRZEWOZOWE<\/strong><br \/>Rozporz\u0105dzenie Ministra Infrastruktury i&nbsp;Budownictwa oraz Ministra Gospodarki Morskiej i&nbsp;\u017beglugi \u015ar&oacute;dl\u0105dowej z&nbsp;dnia 13 grudnia 2017 r. zmieniaj\u0105ce rozporz\u0105dzenie w&nbsp;sprawie ustalania stanu przesy\u0142ek oraz post\u0119powania reklamacyjnego (Dz. U. z&nbsp;2017 r., poz. 2406) &#8211; wejdzie w&nbsp;\u017cycie z&nbsp;dniem 23 marca 2018 r.<br \/>W rozporz\u0105dzeniu Ministra Transportu i&nbsp;Budownictwa z&nbsp;dnia 24 lutego 2006 r. w&nbsp;sprawie ustalania stanu przesy\u0142ek oraz post\u0119powania reklamacyjnego (Dz. U. poz. 266) w&nbsp;&sect; 1 dotychczasow\u0105 tre\u015b\u0107 oznacza si\u0119 jako ust. 1 oraz dodaje si\u0119 ust. 2, zmianie ulegnie brzmienie &sect; 5, 6, &sect; 7 ust. 2, &sect; 8, &sect; 9, dodany zostanie &sect; 5a-5c, &sect; 6a.<\/p>\n<p><strong>PROMOCJA ZATRUDNIENIA I&nbsp;INSTYTUCJE RYNKU PRACY<\/strong><br \/>Rozporz\u0105dzenie Ministra Rodziny, Pracy i&nbsp;Polityki Spo\u0142ecznej z&nbsp;dnia 7 grudnia 2017 r. w&nbsp;sprawie wydawania zezwolenia na prac\u0119 cudzoziemca oraz wpisu o\u015bwiadczenia o&nbsp;powierzeniu wykonywania pracy cudzoziemcowi do ewidencji o\u015bwiadcze\u0144 (Dz. U. z&nbsp;2017 r., poz. 2345) &#8211; wejdzie w&nbsp;\u017cycie z&nbsp;dniem 1 stycznia 2018 r.<br \/>Rozporz\u0105dzenie Ministra Rodziny, Pracy i&nbsp;Polityki Spo\u0142ecznej z&nbsp;dnia 8 grudnia 2017 r. zmieniaj\u0105ce rozporz\u0105dzenie w&nbsp;sprawie przypadk&oacute;w, w&nbsp;kt&oacute;rych powierzenie wykonywania pracy cudzoziemcowi na terytorium Rzeczypospolitej Polskiej jest dopuszczalne bez konieczno\u015bci uzyskania zezwolenia na prac\u0119 (Dz. U. z&nbsp;2017 r., poz. 2346) &#8211; wejdzie w&nbsp;\u017cycie z&nbsp;dniem 1 stycznia 2018 r.<br \/>W rozporz\u0105dzeniu Ministra Pracy i&nbsp;Polityki Spo\u0142ecznej z&nbsp;dnia 21 kwietnia 2015 r. w&nbsp;sprawie przypadk&oacute;w, w&nbsp;kt&oacute;rych powierzenie wykonywania pracy cudzoziemcowi na terytorium Rzeczypospolitej Polskiej jest dopuszczalne bez konieczno\u015bci uzyskania zezwolenia na prac\u0119 (Dz. U. poz. 588) w&nbsp;&sect; 1 uchyla si\u0119 pkt 20.<br \/>Rozporz\u0105dzenie Ministra Rodziny, Pracy i&nbsp;Polityki Spo\u0142ecznej z&nbsp;dnia 8 grudnia 2017 r. zmieniaj\u0105ce rozporz\u0105dzenie w&nbsp;sprawie okre\u015blenia przypadk&oacute;w, w&nbsp;kt&oacute;rych zezwolenie na prac\u0119 cudzoziemca jest wydawane bez wzgl\u0119du na szczeg&oacute;\u0142owe warunki wydawania zezwole\u0144 na prac\u0119 cudzoziemc&oacute;w (Dz. U. z&nbsp;2017 r., poz. 2347) &#8211; wejdzie w&nbsp;\u017cycie z&nbsp;dniem 1 stycznia 2018 r.<br \/>W rozporz\u0105dzeniu Ministra Pracy i&nbsp;Polityki Spo\u0142ecznej z&nbsp;dnia 29 stycznia 2009 r. w&nbsp;sprawie okre\u015blenia przypadk&oacute;w, w&nbsp;kt&oacute;rych zezwolenie na prac\u0119 cudzoziemca jest wydawane bez wzgl\u0119du na szczeg&oacute;\u0142owe warunki wydawania zezwole\u0144 na prac\u0119 cudzoziemc&oacute;w (Dz. U. z&nbsp;2015 r. poz. 97) zmianie ulegnie brzmienie &sect; 3 pkt 3.<br \/>Rozporz\u0105dzenie Ministra Rodziny, Pracy i&nbsp;Polityki Spo\u0142ecznej z&nbsp;dnia 8 grudnia 2017 r. w&nbsp;sprawie wysoko\u015bci wp\u0142at dokonywanych w&nbsp;zwi\u0105zku ze z\u0142o\u017ceniem wniosku o&nbsp;wydanie zezwolenia na prac\u0119 lub zezwolenia na prac\u0119 sezonow\u0105 oraz z\u0142o\u017ceniem o\u015bwiadczenia o&nbsp;powierzeniu wykonywania pracy cudzoziemcowi (Dz. U. z&nbsp;2017 r., poz. 2350) &#8211; wejdzie w&nbsp;\u017cycie z&nbsp;dniem 1 stycznia 2018 r.<br \/>Rozporz\u0105dzenie Ministra Rodziny, Pracy i&nbsp;Polityki Spo\u0142ecznej z&nbsp;dnia 8 grudnia 2017 r. w&nbsp;sprawie podklas dzia\u0142alno\u015bci wed\u0142ug Polskiej Klasyfikacji Dzia\u0142alno\u015bci (PKD), w&nbsp;kt&oacute;rych wydawane s\u0105 zezwolenia na prac\u0119 sezonow\u0105 cudzoziemca (Dz. U. z&nbsp;2017 r., poz. 2348) &#8211; wejdzie w&nbsp;\u017cycie z&nbsp;dniem 1 stycznia 2018 r.<br \/>Rozporz\u0105dzenie Ministra Rodziny, Pracy i&nbsp;Polityki Spo\u0142ecznej z&nbsp;dnia 8 grudnia 2017 r. w&nbsp;sprawie pa\u0144stw, do kt&oacute;rych obywateli stosuje si\u0119 niekt&oacute;re przepisy dotycz\u0105ce zezwolenia na prac\u0119 sezonow\u0105 oraz przepisy dotycz\u0105ce o\u015bwiadczenia o&nbsp;powierzeniu wykonywania pracy cudzoziemcowi (Dz. U. z&nbsp;2017 r., poz. 2349) &#8211; wejdzie w&nbsp;\u017cycie z&nbsp;dniem 1 stycznia 2018 r.<\/p>\n<p><strong>FUNDUSZE INWESTYCYJNE<\/strong><br \/>Rozporz\u0105dzenie Ministra Rozwoju i&nbsp;Finans&oacute;w z&nbsp;dnia 7 grudnia 2017 r. w&nbsp;sprawie umowy okre\u015blaj\u0105cej zasady wsp&oacute;\u0142pracy mi\u0119dzy firmami audytorskimi funduszu podstawowego i&nbsp;funduszu powi\u0105zanego (Dz. U. z&nbsp;2017 r., poz. 2357) &#8211; wesz\u0142o w&nbsp;\u017cycie z&nbsp;dniem 22 grudnia 2017 r.<\/p>\n<p><strong>OCHRONA INFORMACJI NIEJAWNYCH<\/strong><br \/>Rozporz\u0105dzenie Prezesa Rady Ministr&oacute;w z&nbsp;dnia 7 grudnia 2017 r. w&nbsp;sprawie przekazywania informacji, udost\u0119pniania dokument&oacute;w oraz udzielania pomocy s\u0142u\u017cbom i&nbsp;instytucjom uprawnionym do prowadzenia poszerzonych post\u0119powa\u0144 sprawdzaj\u0105cych, kontrolnych post\u0119powa\u0144 sprawdzaj\u0105cych oraz post\u0119powa\u0144 bezpiecze\u0144stwa przemys\u0142owego (Dz. U. z&nbsp;2017 r., poz. 2334) &ndash; wesz\u0142o w&nbsp;\u017cycie 15 grudnia 2017 r.<\/p>\n<p><strong>PRAWO UNII EUROPEJSKIEJ<\/strong><br \/>Rozporz\u0105dzenie wykonawcze Komisji (UE) 2017\/2313 z&nbsp;dnia 13 grudnia 2017 r. okre\u015blaj\u0105ce specyfikacje dotycz\u0105ce formatu paszportu ro\u015blin s\u0142u\u017c\u0105cego przemieszczaniu na terytorium Unii oraz paszportu ro\u015blin s\u0142u\u017c\u0105cego wprowadzaniu do strefy chronionej i&nbsp;przemieszczaniu w&nbsp;niej<br \/>Rozporz\u0105dzenie wykonawcze Komisji (UE) 2017\/2311 z&nbsp;dnia 13 grudnia 2017 r. ustalaj\u0105ce \u015bredni\u0105 wa\u017con\u0105 maksymalnych stawek za zako\u0144czenie po\u0142\u0105czenia w&nbsp;sieci ruchomej w&nbsp;Unii i&nbsp;uchylaj\u0105ce rozporz\u0105dzenie wykonawcze (UE) 2016\/2292 (Tekst maj\u0105cy znaczenie dla EOG.)<br \/>Rozporz\u0105dzenie wykonawcze Komisji (UE) 2017\/2310 z&nbsp;dnia 13 grudnia 2017 r. otwieraj\u0105ce kontyngent taryfowy na rok 2018 na przyw&oacute;z do Unii niekt&oacute;rych towar&oacute;w pochodz\u0105cych z&nbsp;Norwegii otrzymanych w&nbsp;wyniku przetworzenia produkt&oacute;w rolnych obj\u0119tych rozporz\u0105dzeniem Parlamentu Europejskiego i&nbsp;Rady (UE) nr 510\/2014<br \/>Rozporz\u0105dzenie Parlamentu Europejskiego i&nbsp;Rady (UE) 2017\/2306 z&nbsp;dnia 12 grudnia 2017 r. zmieniaj\u0105ce rozporz\u0105dzenie (UE) nr 230\/2014 ustanawiaj\u0105ce Instrument na rzecz Przyczyniania si\u0119 do Stabilno\u015bci i&nbsp;Pokoju<br \/>Rozporz\u0105dzenie Parlamentu Europejskiego i&nbsp;Rady (UE) 2017\/2305 z&nbsp;dnia 12 grudnia 2017 r. zmieniaj\u0105ce rozporz\u0105dzenie (UE) nr 1303\/2013 w&nbsp;odniesieniu do zmian zasob&oacute;w na rzecz sp&oacute;jno\u015bci gospodarczej, spo\u0142ecznej i&nbsp;terytorialnej oraz zasob&oacute;w na cel &bdquo;Inwestycje na rzecz wzrostu i&nbsp;zatrudnienia&rdquo; i&nbsp;na cel &bdquo;Europejska wsp&oacute;\u0142praca terytorialna&rdquo;<br \/>Rozporz\u0105dzenie wykonawcze Komisji (UE) 2017\/2329 z&nbsp;dnia 14 grudnia 2017 r. w&nbsp;sprawie zmiany i&nbsp;sprostowania rozporz\u0105dzenia (WE) nr 1235\/2008 ustanawiaj\u0105cego szczeg&oacute;\u0142owe zasady wykonania rozporz\u0105dzenia Rady (WE) nr 834\/2007 w&nbsp;odniesieniu do ustale\u0144 dotycz\u0105cych przywozu produkt&oacute;w ekologicznych z&nbsp;kraj&oacute;w trzecich (Tekst maj\u0105cy znaczenie dla EOG.)<br \/>Rozporz\u0105dzenie wykonawcze Komisji (UE) 2017\/2326 z&nbsp;dnia 14 grudnia 2017 r. zatwierdzaj\u0105ce imiprotrin jako istniej\u0105c\u0105 substancj\u0119 czynn\u0105 do stosowania w&nbsp;produktach biob&oacute;jczych nale\u017c\u0105cych do grupy produktowej 18 (Tekst maj\u0105cy znaczenie dla EOG.)<br \/>Rozporz\u0105dzenie delegowane Komisji (UE) 2017\/2268 z&nbsp;dnia 26 wrze\u015bnia 2017 r. zmieniaj\u0105ce rozporz\u0105dzenie Rady (WE) nr 428\/2009 ustanawiaj\u0105ce wsp&oacute;lnotowy system kontroli wywozu, transferu, po\u015brednictwa i&nbsp;tranzytu w&nbsp;odniesieniu do produkt&oacute;w podw&oacute;jnego zastosowania<br \/>Rozporz\u0105dzenie wykonawcze Komisji (UE) 2017\/2324 z&nbsp;dnia 12 grudnia 2017 r. w&nbsp;sprawie odnowienia zatwierdzenia substancji czynnej glifosat, zgodnie z&nbsp;rozporz\u0105dzeniem Parlamentu Europejskiego i&nbsp;Rady (WE) nr 1107\/2009 dotycz\u0105cym wprowadzania do obrotu \u015brodk&oacute;w ochrony ro\u015blin, oraz w&nbsp;sprawie zmiany za\u0142\u0105cznika do rozporz\u0105dzenia wykonawczego Komisji (UE) nr 540\/2011 (Tekst maj\u0105cy znaczenie dla EOG.)<br \/>Rozporz\u0105dzenie wykonawcze Komisji (UE) 2017\/2327 z&nbsp;dnia 14 grudnia 2017 r. w&nbsp;sprawie zatwierdzenia 2-metylo-1,2-benzyloizotiazol-3(2H)-onu jako substancji czynnej przeznaczonej do stosowania w&nbsp;produktach biob&oacute;jczych nale\u017c\u0105cych do grupy produktowej 6 (Tekst maj\u0105cy znaczenie dla EOG.)<br \/>Rozporz\u0105dzenie delegowane Komisji (UE) 2017\/2364 z&nbsp;dnia 18 grudnia 2017 r. zmieniaj\u0105ce dyrektyw\u0119 Parlamentu Europejskiego i&nbsp;Rady 2014\/25\/UE w&nbsp;odniesieniu do prog&oacute;w obowi\u0105zuj\u0105cych w&nbsp;zakresie procedur udzielania zam&oacute;wie\u0144 (Tekst maj\u0105cy znaczenie dla EOG.)<br \/>Rozporz\u0105dzenie delegowane Komisji (UE) 2017\/2365 z&nbsp;dnia 18 grudnia 2017 r. zmieniaj\u0105ce dyrektyw\u0119 Parlamentu Europejskiego i&nbsp;Rady 2014\/24\/UE w&nbsp;odniesieniu do prog&oacute;w obowi\u0105zuj\u0105cych w&nbsp;zakresie procedur udzielania zam&oacute;wie\u0144 (Tekst maj\u0105cy znaczenie dla EOG.)<br \/>Rozporz\u0105dzenie Komisji (UE) 2017\/2367 z&nbsp;dnia 18 grudnia 2017 r. zmieniaj\u0105ce dyrektyw\u0119 Parlamentu Europejskiego i&nbsp;Rady 2009\/81\/WE w&nbsp;odniesieniu do prog&oacute;w obowi\u0105zuj\u0105cych w&nbsp;zakresie procedur udzielania zam&oacute;wie\u0144 (Tekst maj\u0105cy znaczenie dla EOG.)<br \/>Rozporz\u0105dzenie delegowane Komisji (UE) 2017\/2366 z&nbsp;dnia 18 grudnia 2017 r. zmieniaj\u0105ce dyrektyw\u0119 Parlamentu Europejskiego i&nbsp;Rady 2014\/23\/UE w&nbsp;odniesieniu do prog&oacute;w obowi\u0105zuj\u0105cych w&nbsp;zakresie procedur udzielania zam&oacute;wie\u0144 (Tekst maj\u0105cy znaczenie dla EOG.)<br \/>Rozporz\u0105dzenie delegowane Komisji (UE) 2017\/2361 z&nbsp;dnia 14 wrze\u015bnia 2017 r. w&nbsp;sprawie ostatecznego systemu sk\u0142adek na rzecz wydatk&oacute;w administracyjnych Jednolitej Rady ds. Restrukturyzacji i&nbsp;Uporz\u0105dkowanej Likwidacji<br \/>Rozporz\u0105dzenie Parlamentu Europejskiego i&nbsp;Rady (UE) 2017\/2321 z&nbsp;dnia 12 grudnia 2017 r. zmieniaj\u0105ce rozporz\u0105dzenie (UE) 2016\/1036 w&nbsp;sprawie ochrony przed przywozem produkt&oacute;w po cenach dumpingowych z&nbsp;kraj&oacute;w nieb\u0119d\u0105cych cz\u0142onkami Unii Europejskiej oraz rozporz\u0105dzenie (UE) 2016\/1037 w&nbsp;sprawie ochrony przed przywozem towar&oacute;w subsydiowanych z&nbsp;kraj&oacute;w nieb\u0119d\u0105cych cz\u0142onkami Unii Europejskiej<br \/>Rozporz\u0105dzenie delegowane Komisji (UE) 2017\/2359 z&nbsp;dnia 21 wrze\u015bnia 2017 r. uzupe\u0142niaj\u0105ce dyrektyw\u0119 Parlamentu Europejskiego i&nbsp;Rady (UE) 2016\/97 w&nbsp;odniesieniu do wymog&oacute;w informacyjnych i&nbsp;zasad prowadzenia dzia\u0142alno\u015bci maj\u0105cych zastosowanie do dystrybucji ubezpieczeniowych produkt&oacute;w inwestycyjnych (Tekst maj\u0105cy znaczenie dla EOG.)<br \/>Rozporz\u0105dzenie wykonawcze Komisji (UE) 2017\/2384 z&nbsp;dnia 19 grudnia 2017 r. okre\u015blaj\u0105ce cechy techniczne modu\u0142u ad hoc na 2019 r. dotycz\u0105cego sposobu organizacji pracy i&nbsp;czasu pracy w&nbsp;odniesieniu do badania reprezentacyjnego dotycz\u0105cego si\u0142y roboczej przewidzianego w&nbsp;rozporz\u0105dzeniu Rady (WE) nr 577\/98 (Tekst maj\u0105cy znaczenie dla EOG.)<br \/>Rozporz\u0105dzenie delegowane Komisji (UE) 2017\/2358 z&nbsp;dnia 21 wrze\u015bnia 2017 r. uzupe\u0142niaj\u0105ce dyrektyw\u0119 Parlamentu Europejskiego i&nbsp;Rady (UE) 2016\/97 w&nbsp;odniesieniu do wymog&oacute;w w&nbsp;zakresie nadzoru nad produktem i&nbsp;zarz\u0105dzania nim dla zak\u0142ad&oacute;w ubezpiecze\u0144 i&nbsp;dystrybutor&oacute;w ubezpiecze\u0144 (Tekst maj\u0105cy znaczenie dla EOG.)<br \/>Rozporz\u0105dzenie wykonawcze Komisji (UE) 2017\/2382 z&nbsp;dnia 14 grudnia 2017 r. ustanawiaj\u0105ce wykonawcze standardy techniczne w&nbsp;odniesieniu do standardowych formularzy, szablon&oacute;w i&nbsp;procedur na potrzeby przekazywania informacji zgodnie z&nbsp;dyrektyw\u0105 Parlamentu Europejskiego i&nbsp;Rady 2014\/65\/UE (Tekst maj\u0105cy znaczenie dla EOG.)<br \/>Rozporz\u0105dzenie delegowane Komisji (UE) 2017\/2416 z&nbsp;dnia 20 pa\u017adziernika 2017 r. zmieniaj\u0105ce rozporz\u0105dzenie delegowane (UE) 2015\/2195 uzupe\u0142niaj\u0105ce rozporz\u0105dzenie Parlamentu Europejskiego i&nbsp;Rady (UE) nr 1304\/2013 w&nbsp;sprawie Europejskiego Funduszu Spo\u0142ecznego w&nbsp;odniesieniu do definicji standardowych stawek jednostkowych i&nbsp;kwot rycza\u0142towych stosowanych w&nbsp;celu refundacji przez Komisj\u0119 wydatk&oacute;w poniesionych przez pa\u0144stwa cz\u0142onkowskie i&nbsp;poprawiaj\u0105ce to rozporz\u0105dzenie delegowane<br \/>Rozporz\u0105dzenie delegowane Komisji (UE) 2017\/2417 z&nbsp;dnia 17 listopada 2017 r. uzupe\u0142niaj\u0105ce rozporz\u0105dzenie Parlamentu Europejskiego i&nbsp;Rady (UE) nr 600\/2014 w&nbsp;sprawie rynk&oacute;w instrument&oacute;w finansowych w&nbsp;odniesieniu do regulacyjnych standard&oacute;w technicznych dotycz\u0105cych obowi\u0105zku obrotu w&nbsp;stosunku do okre\u015blonych instrument&oacute;w pochodnych (Tekst maj\u0105cy znaczenie dla EOG.)<br \/>Rozporz\u0105dzenie Parlamentu Europejskiego i&nbsp;Rady (UE) 2017\/2401 z&nbsp;dnia 12 grudnia 2017 r. zmieniaj\u0105ce rozporz\u0105dzenie (UE) nr 575\/2013 w&nbsp;sprawie wymog&oacute;w ostro\u017cno\u015bciowych dla instytucji kredytowych i&nbsp;firm inwestycyjnych<br \/>Rozporz\u0105dzenie Parlamentu Europejskiego i&nbsp;Rady (UE) 2017\/2395 z&nbsp;dnia 12 grudnia 2017 r. zmieniaj\u0105ce rozporz\u0105dzenie (UE) nr 575\/2013 w&nbsp;odniesieniu do rozwi\u0105za\u0144 przej\u015bciowych dotycz\u0105cych z\u0142agodzenia wp\u0142ywu wprowadzenia MSSF 9 na fundusze w\u0142asne oraz dotycz\u0105cych traktowania jako du\u017ce ekspozycje niekt&oacute;rych ekspozycji wobec podmiot&oacute;w sektora publicznego denominowanych w&nbsp;walucie krajowej dowolnego pa\u0144stwa cz\u0142onkowskiego (Tekst maj\u0105cy znaczenie dla EOG)<br \/>Rozporz\u0105dzenie Parlamentu Europejskiego i&nbsp;Rady (UE) 2017\/2394 z&nbsp;dnia 12 grudnia 2017 r. w&nbsp;sprawie wsp&oacute;\u0142pracy mi\u0119dzy organami krajowymi odpowiedzialnymi za egzekwowanie przepis&oacute;w prawa w&nbsp;zakresie ochrony konsument&oacute;w i&nbsp;uchylaj\u0105ce rozporz\u0105dzenie (WE) nr 2006\/2004 (Tekst maj\u0105cy znaczenie dla EOG)<br \/>Rozporz\u0105dzenie Parlamentu Europejskiego i&nbsp;Rady (UE) 2017\/2396 z&nbsp;dnia 13 grudnia 2017 r. zmieniaj\u0105ce rozporz\u0105dzenia (UE) nr 1316\/2013 oraz (UE) 2015\/1017 w&nbsp;odniesieniu do przed\u0142u\u017cenia okresu obowi\u0105zywania Europejskiego Funduszu na rzecz Inwestycji Strategicznych oraz wprowadzenia usprawnie\u0144 technicznych dla tego Funduszu i&nbsp;Europejskiego Centrum Doradztwa Inwestycyjnego<br \/>Rozporz\u0105dzenie wykonawcze Komisji (UE) 2017\/2446 z&nbsp;dnia 19 grudnia 2017 r. zmieniaj\u0105ce rozporz\u0105dzenie wykonawcze (UE) 2016\/1368 ustanawiaj\u0105ce wykaz kluczowych wska\u017anik&oacute;w referencyjnych stosowanych na rynkach finansowych na podstawie rozporz\u0105dzenia Parlamentu Europejskiego i&nbsp;Rady (UE) 2016\/1011 (Tekst maj\u0105cy znaczenie dla EOG.)<br \/>Rozporz\u0105dzenie Parlamentu Europejskiego i&nbsp;Rady (UE) 2017\/2402 z&nbsp;dnia 12 grudnia 2017 r. w&nbsp;sprawie ustanowienia og&oacute;lnych ram dla sekurytyzacji oraz utworzenia szczeg&oacute;lnych ram dla prostych, przejrzystych i&nbsp;standardowych sekurytyzacji, a&nbsp;tak\u017ce zmieniaj\u0105ce dyrektywy 2009\/65\/WE, 2009\/138\/WE i&nbsp;2011\/61\/UE oraz rozporz\u0105dzenia (WE) nr 1060\/2009 i&nbsp;(UE) nr 648\/2012<\/p>\n<p><strong>ZARZ\u0104DZENIA PREZESA NARODOWEGO FUNDUSZU ZDROWIA<\/strong><br \/>Zarz\u0105dzenie Nr 122\/2017\/DSOZ Prezesa Narodowego Funduszu Zdrowia z&nbsp;dnia 15 grudnia 2017 r. w&nbsp;sprawie warunk&oacute;w zawarcia i&nbsp;realizacji um&oacute;w o&nbsp;udzielanie \u015bwiadcze\u0144 opieki zdrowotnej w&nbsp;zakresie podstawowej opieki zdrowotnej &#8211; wchodzi w&nbsp;\u017cycie z&nbsp;dniem nast\u0119puj\u0105cym po dniu podpisania z&nbsp;moc\u0105 od dnia 1 grudnia 2017 r.<br \/>Zarz\u0105dzenie NR 123\/2017\/DGL Prezesa Narodowego Funduszu Zdrowia z&nbsp;dnia 15 grudnia 2017 r. zmieniaj\u0105ce zarz\u0105dzenie w&nbsp;sprawie trybu i&nbsp;sposobu post\u0119powania dotycz\u0105cego nadawania osobom uprawnionym unikalnych numer&oacute;w identyfikuj\u0105cych recepty &#8211; wchodzi w&nbsp;\u017cycie z&nbsp;dniem nast\u0119puj\u0105cym po dniu podpisania.<br \/>Zarz\u0105dzenie Nr 125\/2017\/DGL Prezesa Narodowego Funduszu Zdrowia z&nbsp;dnia 19 grudnia 2017 r. w&nbsp;sprawie okre\u015blenia warunk&oacute;w zawierania i&nbsp;realizacji um&oacute;w w&nbsp;rodzaju leczenie szpitalne w&nbsp;zakresie programy lekowe &#8211; wchodzi w&nbsp;\u017cycie z&nbsp;dniem 1 stycznia 2018 r., z&nbsp;wyj\u0105tkiem &sect; 6 ust. 3, kt&oacute;ry wchodzi w&nbsp;\u017cycie z&nbsp;dniem 1 stycznia 2019 r.<br \/>Zarz\u0105dzenie NR 126\/2017\/DGL Prezesa Narodowego Funduszu Zdrowia z&nbsp;dnia 19 grudnia 2017 r. w&nbsp;sprawie zmiany niekt&oacute;rych zarz\u0105dze\u0144 Prezesa Narodowego Funduszu Zdrowia w&nbsp;zwi\u0105zku z&nbsp;wej\u015bciem w&nbsp;\u017cycie zarz\u0105dzenia w&nbsp;sprawie okre\u015blenia warunk&oacute;w zawierania i&nbsp;realizacji um&oacute;w w&nbsp;rodzaju leczenie szpitalne w&nbsp;zakresie programy lekowe &#8211; wchodzi w&nbsp;\u017cycie z&nbsp;dniem 1 stycznia 2018 r.<br \/>Zarz\u0105dzenie Nr 127\/2017\/DSOZ Prezesa Narodowego Funduszu Zdrowia z&nbsp;dnia 19 grudnia 2017 r. w&nbsp;sprawie okre\u015blenia warunk&oacute;w zawierania i&nbsp;realizacji um&oacute;w w&nbsp;rodzaju \u015bwiadczenia zdrowotne kontraktowane odr\u0119bnie &#8211; wchodzi w&nbsp;\u017cycie po up\u0142ywie 30 dni od dnia podpisania.<br \/>Zarz\u0105dzenie NR 128\/2017\/DK Prezesa Narodowego Funduszu Zdrowia z&nbsp;dnia 21 grudnia 2017 r. w&nbsp;sprawie kontroli prowadzonych przez Narodowy Fundusz Zdrowia &#8211; wchodzi w&nbsp;\u017cycie z&nbsp;dniem 1 stycznia 2018 r.<br \/>Zarz\u0105dzenie Nr 129\/2017\/DK Prezesa Narodowego Funduszu Zdrowia z&nbsp;dnia 21 grudnia 2017 r. zmieniaj\u0105ce zarz\u0105dzenie w&nbsp;sprawie udost\u0119pniania na stronach Biuletynu Informacji Publicznej Narodowego Funduszu Zdrowia informacji o&nbsp;wynikach kontroli &#8211; wchodzi w&nbsp;\u017cycie z&nbsp;dniem nast\u0119puj\u0105cym po dniu podpisania.<br \/>Zarz\u0105dzenie Nr 130\/2017\/DSS Prezesa Narodowego Funduszu Zdrowia z&nbsp;dnia 21 grudnia 2017 r. zmieniaj\u0105ce zarz\u0105dzenie w&nbsp;sprawie wzor&oacute;w dokument&oacute;w dotycz\u0105cych dobrowolnego ubezpieczenia zdrowotnego, stosowanych w&nbsp;Narodowym Funduszu Zdrowia &#8211; wchodzi w&nbsp;\u017cycie z&nbsp;dniem 1 stycznia 2018 r.<br \/>Zarz\u0105dzenie Nr 131\/2017\/DSOZ Prezesa Narodowego Funduszu Zdrowia z&nbsp;dnia 22 grudnia 2017 r. zmieniaj\u0105ce zarz\u0105dzenie w&nbsp;sprawie okre\u015blenia warunk&oacute;w zawierania i&nbsp;realizacji um&oacute;w o&nbsp;udzielanie \u015bwiadcze\u0144 opieki zdrowotnej przez podmioty realizuj\u0105ce \u015bwiadczenia koordynowanej opieki nad kobiet\u0105 i&nbsp;dzieckiem oraz zmiany niekt&oacute;rych zarz\u0105dze\u0144 Prezesa Narodowego Funduszu Zdrowia w&nbsp;zwi\u0105zku z&nbsp;przepisami ustawy o&nbsp;wsparciu kobiet w&nbsp;ci\u0105\u017cy i&nbsp;rodzin &bdquo;Za \u017cyciem&rdquo; &#8211; wchodzi w&nbsp;\u017cycie po up\u0142ywie 30 dni od dnia podpisania.<\/p>\n<p><strong>_____Orzecznictwo<\/strong><br \/><strong>Trybuna\u0142 Konstytucyjny<br \/><\/strong><br \/><strong>WYW\u0141ASZCZENIE NIERUCHOMO\u015aCI &#8211; ZASADY JEJ ZWROTU<\/strong><br \/>Pozbawienie by\u0142ych w\u0142a\u015bcicieli lub ich spadkobierc&oacute;w mo\u017cliwo\u015bci dochodzenia zwrotu nieruchomo\u015bci, kt&oacute;ra sta\u0142a si\u0119 zb\u0119dna do realizacji celu publicznego, w&nbsp;przypadkach, gdy nieruchomo\u015b\u0107 ta zosta\u0142a zbyta na rzecz Skarbu Pa\u0144stwa lub jednostki samorz\u0105du terytorialnego w&nbsp;drodze umowy zawartej podczas rokowa\u0144 poprzedzaj\u0105cych wszcz\u0119cie post\u0119powania wyw\u0142aszczeniowego, jest niezgodne z&nbsp;Konstytucj\u0105 &ndash; Wyrok Trybuna\u0142u Konstytucyjnego z&nbsp;dnia 12 grudnia 2017 r., sygn. akt SK 39\/15<\/p>\n<p><strong>OP\u0141ATY I&nbsp;PODATKI LOKALNE. ZASADY USTALANIA PODATKU OD NIERUCHOMO\u015aCI<\/strong><br \/>Zaskar\u017cony przepis rozumiany w&nbsp;ten spos&oacute;b, \u017ce wystarczaj\u0105c\u0105 przes\u0142ank\u0105 zakwalifikowania gruntu podlegaj\u0105cego opodatkowaniu podatkiem od nieruchomo\u015bci do kategorii grunt&oacute;w zwi\u0105zanych z&nbsp;prowadzeniem dzia\u0142alno\u015bci gospodarczej jest prowadzenie dzia\u0142alno\u015bci gospodarczej przez osob\u0119 fizyczn\u0105 b\u0119d\u0105c\u0105 jego wsp&oacute;\u0142posiadaczem, jest niezgodny z&nbsp;Konstytucj\u0105 &ndash; Wyrok Trybuna\u0142u Konstytucyjnego z&nbsp;dnia 12 grudnia 2017 r., sygn. akt SK 13\/15.<\/p>\n<p><strong>ZR&Oacute;\u017bNICOWANIE OCHRONY INTERES&Oacute;W MIESZKANIOWYCH LOKATOR&Oacute;W W&nbsp;PRZYPADKU \u015aMIERCI JEDNEGO ZE WSP&Oacute;\u0141NAJEMC&Oacute;W<\/strong><br \/>Zaskar\u017cony przepis prowadzi w&nbsp;praktyce do r&oacute;\u017cnicowania dzieci jedynego najemcy i&nbsp;dzieci wsp&oacute;\u0142najemc&oacute;w. Polega ono na tym, \u017ce dzieci wsp&oacute;\u0142najemc&oacute;w mog\u0105 wst\u0105pi\u0107 w&nbsp;najem lokalu mieszkalnego dopiero po \u015bmierci obojga rodzic&oacute;w, podczas gdy dzieci jedynego najemcy uzyskuj\u0105 to uprawnienie ju\u017c po \u015bmierci jednego rodzica. Sytuacji tej nie mo\u017cna jednak zakwalifikowa\u0107 jako naruszenia zasady r&oacute;wno\u015bci, wynikaj\u0105cej z&nbsp;art. 32 ust. 1 Konstytucji. Przepis ten zobowi\u0105zuje bowiem do r&oacute;wnego traktowania podmiot&oacute;w podobnych, a&nbsp;dzieci jedynego najemcy i&nbsp;dzieci wsp&oacute;\u0142najemc&oacute;w nie spe\u0142niaj\u0105 tego warunku &ndash; Wyrok Trybuna\u0142u Konstytucyjnego z&nbsp;dnia 12 grudnia 2017 r., sygn. akt P 13\/16.<\/p>\n<p><strong>PODATKI I&nbsp;OP\u0141ATY LOKALNE &#8211; ZASADY USTALANIA PODATKU OD NIERUCHOMO\u015aCI<\/strong><br \/>W \u017cadnym wypadku argumentacja funkcjonalna, w&nbsp;tym celowo\u015bciowa, nie mo\u017ce &ndash; w&nbsp;\u015bwietle wymog&oacute;w wynikaj\u0105cych z&nbsp;art. 84 w&nbsp;zwi\u0105zku z&nbsp;art. 217 Konstytucji &ndash; s\u0142u\u017cy\u0107 zwi\u0119kszeniu powinno\u015bci obarczaj\u0105cych jednostki. W\u0142adztwo daninowe przys\u0142uguj\u0105ce pa\u0144stwu jest bowiem r&oacute;wnowa\u017cone w&nbsp;aspekcie formalnym co najmniej przez na\u0142o\u017cenie na prawodawc\u0119 obowi\u0105zku jasnego formu\u0142owania stanowionych przez niego w&nbsp;tym zakresie regulacji &ndash; Wyrok Trybuna\u0142u Konstytucyjnego z&nbsp;dnia 13 grudnia 2017 r., sygn. akt SK 48\/15.<\/p>\n<p><strong>ZASADY POBIERANIA OP\u0141AT ZA WYDANIE NOWEGO DOKUMENTU PRAWA JAZDY<\/strong><br \/>Pobranie op\u0142at z&nbsp;tytu\u0142u wydania nowego prawa jazdy, zawieraj\u0105cego aktualne dane, i&nbsp;odnotowania tych\u017ce danych w&nbsp;CEPIK, nie budzi w\u0105tpliwo\u015bci, gdy zmiana tych danych jest konsekwencj\u0105 dzia\u0142a\u0144 obywatela. Natomiast obci\u0105\u017cenie go kosztami wymiany dokumentu, gdy jest ona nast\u0119pstwem dzia\u0142a\u0144 organ&oacute;w w\u0142adzy samorz\u0105dowej, nie znajduje uzasadnienia konstytucyjnego. Kierowca nie powinien by\u0107 bowiem obci\u0105\u017cany kosztami materialno-technicznych czynno\u015bci organ&oacute;w administracji, gdy konieczno\u015b\u0107 ich dokonania stanowi konsekwencj\u0119 niezale\u017cnych ode\u0144 dzia\u0142a\u0144 organ&oacute;w w\u0142adz samorz\u0105dowych &ndash; Wyrok Trybuna\u0142u Konstytucyjnego z&nbsp;dnia 14 grudnia 2017 r., sygn. akt K 36\/15.<\/p>\n<p><strong>PRZEPISY REGULUJ\u0104CE PRZESZUKANIE OS&Oacute;B, DOKONYWANIE KONTROLI OSOBISTEJ ORAZ PRZESZUKANIE POJAZD&Oacute;W PRZEZ FUNKCJONARIUSZY PUBLICZNYCH<\/strong><br \/>Brak ustalenia w&nbsp;ustawach poj\u0119\u0107 &bdquo;przeszukanie osoby&rdquo; i&nbsp;&bdquo;kontrola osobista&rdquo; narusza konstytucyjne prawa i&nbsp;wolno\u015bci cz\u0142owieka. Konstytucj\u0119 naruszaj\u0105 tak\u017ce analizowane rozporz\u0105dzenia, kt&oacute;re praktycznie samodzielnie i&nbsp;ca\u0142o\u015bciowo uregulowa\u0142y kwesti\u0119 kontroli osobistej, trac\u0105c w&nbsp;rezultacie przymiot akt&oacute;w prawnych o&nbsp;wykonawczym charakterze &#8211; Wyrok Trybuna\u0142u Konstytucyjnego z&nbsp;dnia 14 grudnia 2017 r., sygn. akt K 17\/14.<\/p>\n<p><strong>ZASADY USTALANIA WYSOKO\u015aCI STAWKI MINIMALNEJ ZA CZYNNO\u015aCI ADWOKACKIE<\/strong><br \/>Uzale\u017cnienie minimalnej stawki za czynno\u015bci adwokat&oacute;w i&nbsp;radc&oacute;w prawnych od warto\u015bci przedmiotu sprawy nie wykracza poza zakres upowa\u017cnie\u0144 zawartych w&nbsp;ustawie &ndash; Prawo o&nbsp;adwokaturze oraz w&nbsp;ustawie o&nbsp;radcach prawnych, a&nbsp;tym samym nie narusza konstytucyjnych zasad wydawania rozporz\u0105dze\u0144 &#8211; Wyrok Trybuna\u0142u Konstytucyjnego z&nbsp;dnia 19 grudnia 2017 r., sygn. akt U&nbsp;1\/14.<\/p>\n<p><strong>UPRAWNIENIE DO UZYSKANIA PACZKI \u017bYWNO\u015aCIOWEJ PRZEZ OSOBY POZBAWIONE WOLNO\u015aCI<\/strong><br \/>Zam&oacute;wienie na paczk\u0119 \u017cywno\u015bciow\u0105 dla skazanego mo\u017ce z\u0142o\u017cy\u0107, opr&oacute;cz samego skazanego, tylko osoba najbli\u017csza &#8211; Wyrok Trybuna\u0142u Konstytucyjnego z&nbsp;dnia 19 grudnia 2017 r., sygn. akt SK 10\/16.<\/p>\n<p><strong>SWOBODA DZIA\u0141ALNO\u015aCI GOSPODARCZEJ<\/strong><br \/>Wy\u0142\u0105czenie kognicji s\u0105d&oacute;w administracyjnych w&nbsp;odniesieniu do postanowie\u0144 wydanych w&nbsp;ramach rozpatrzenia sprzeciwu przedsi\u0119biorcy kontrolowanego w&nbsp;trybie przepis&oacute;w rozdzia\u0142u 5 ustawy o&nbsp;swobodzie dzia\u0142alno\u015bci gospodarczej jest niezgodne z&nbsp;Konstytucj\u0105 &#8211; Wyrok Trybuna\u0142u Konstytucyjnego z&nbsp;dnia 20 grudnia 2017 r., sygn. akt SK 37\/15.<\/p>\n<p><strong>S\u0105d Najwy\u017cszy<br \/><\/strong><br \/><strong>UPRAWNIENIE GMINY DO Z\u0141O\u017bENIA APELACJI OD WYROKU NAKAZUJ\u0104CEGO OPR&Oacute;\u017bNIENIE LOKALU<\/strong><br \/>Gmina, kt&oacute;ra zosta\u0142a zawiadomiona o&nbsp;sprawie o&nbsp;opr&oacute;\u017cnienie lokalu na podstawie art. 15 ust. 2 ustawy z&nbsp;dnia 21 czerwca 2001 r. o&nbsp;ochronie praw lokator&oacute;w, mieszkaniowym zasobie gminy i&nbsp;o zmianie Kodeksu cywilnego (jedn. tekst: Dz. U. z&nbsp;2016 r., poz. 1610 ze zm.), jest uprawniona do z\u0142o\u017cenia apelacji od wyroku nakazuj\u0105cego opr&oacute;\u017cnienie lokalu, w&nbsp;kt&oacute;rym ustalono uprawnienie do otrzymania lokalu socjalnego, tak\u017ce w&nbsp;zakresie nakazu opr&oacute;\u017cnienia lokalu &#8211; Uchwa\u0142a S\u0105du Najwy\u017cszego z&nbsp;dnia 24 listopada 2017 r., sygn. akt III CZP 64\/17.<\/p>\n<p><strong>ODPOWIEDZIALNO\u015a\u0106 GMINY ZA SZKOD\u0118 WYNIKAJ\u0104C\u0104 Z&nbsp;NIEUPRZ\u0104TNI\u0118CIA B\u0141OTA, \u015aNIEGU, LODU I&nbsp;INNYCH ZANIECZYSZCZE\u0143 Z&nbsp;CHODNIK&Oacute;W PO\u0141O\u017bONYCH WZD\u0141U\u017b NIERUCHOMO\u015aCI<\/strong><br \/>Gmina ponosi odpowiedzialno\u015b\u0107 za szkod\u0119 wynikaj\u0105c\u0105 z&nbsp;nieuprz\u0105tni\u0119cia b\u0142ota, \u015bniegu, lodu i&nbsp;innych zanieczyszcze\u0144 z&nbsp;chodnik&oacute;w po\u0142o\u017conych wzd\u0142u\u017c nieruchomo\u015bci w&nbsp;razie nienale\u017cytego sprawowania nadzoru nad wykonaniem przez w\u0142a\u015bciciela obowi\u0105zku wynikaj\u0105cego z&nbsp;art. 5 ust. 1 pkt 4 ustawy z&nbsp;dnia 13 wrze\u015bnia 1996 r. o&nbsp;utrzymaniu czysto\u015bci i&nbsp;porz\u0105dku w&nbsp;gminach (jedn. tekst: Dz. U. z&nbsp;2017 r., poz. 1289) &ndash; Uchwa\u0142a S\u0105du Najwy\u017cszego z&nbsp;dnia 24 listopada 2017 r., sygn. akt III CZP 38\/17.<\/p>\n<p>P<strong>RZEKSZTA\u0141CENIE SP&Oacute;\u0141KI HANDLOWEJ W&nbsp;INN\u0104 SP&Oacute;\u0141K\u0118 HANDLOW\u0104 NA PODSTAWIE ART. 551 &sect; 1 K.S.H. A&nbsp;PRZEJ\u015aCIE UPRAWNIENIA LUB OBOWI\u0104ZKU<\/strong><br \/>Przepis art. 788 &sect; 1 k.p.c. nie ma zastosowania w&nbsp;razie przekszta\u0142cenia sp&oacute;\u0142ki handlowej w&nbsp;inn\u0105 sp&oacute;\u0142k\u0119 handlow\u0105 na podstawie art. 551 &sect; 1 k.s.h. &ndash; Uchwa\u0142a S\u0105du Najwy\u017cszego z&nbsp;dnia 29 listopada 2017 r., sygn. akt III CZP 68\/17.<\/p>\n<p><strong>ODPOWIEDZIALNO\u015a\u0106 CZ\u0141ONKA ZARZ\u0104DU Z&nbsp;ART. 299 K.S.H. W&nbsp;PRZYPADKU ODDALENIA ZG\u0141OSZONEGO PRZEZ NIEGO WNIOSKU O&nbsp;OG\u0141OSZENIE UPAD\u0141O\u015aCI SP&Oacute;\u0141KI<\/strong><br \/>Cz\u0142onek zarz\u0105du sp&oacute;\u0142ki z&nbsp;ograniczon\u0105 odpowiedzialno\u015bci\u0105, kt&oacute;ry obj\u0105\u0142 t\u0119 funkcj\u0119 wtedy, gdy sp&oacute;\u0142ka by\u0142a niewyp\u0142acalna, ponosi odpowiedzialno\u015b\u0107 przewidzian\u0105 w&nbsp;art. 299 k.s.h. za d\u0142ugi sp&oacute;\u0142ki powsta\u0142e po obj\u0119ciu przeze\u0144 funkcji, tak\u017ce wtedy, gdy zg\u0142oszony przez niego wniosek o&nbsp;og\u0142oszenie upad\u0142o\u015bci sp&oacute;\u0142ki zosta\u0142by oddalony na tej podstawie, \u017ce maj\u0105tek sp&oacute;\u0142ki nie wystarczy\u0142by na zaspokojenie koszt&oacute;w post\u0119powania upad\u0142o\u015bciowego lub wystarczy\u0142by jedynie na zaspokojenie tych koszt&oacute;w &ndash; Uchwa\u0142a S\u0105du Najwy\u017cszego z&nbsp;dnia 1 grudnia 2017 r., sygn. akt III CZP 65\/17.<\/p>\n<p><strong>WSP&Oacute;\u0141UCZESTNICTWO KONIECZNE W&nbsp;SPRAWIE Z&nbsp;POW&Oacute;DZTWA W\u0141A\u015aCICIELA O&nbsp;NAKAZANIE OPR&Oacute;\u017bNIENIA LOKALU MIESZKALNEGO<\/strong><br \/>W sprawie z&nbsp;pow&oacute;dztwa w\u0142a\u015bciciela o&nbsp;nakazanie opr&oacute;\u017cnienia lokalu mieszkalnego pomi\u0119dzy by\u0142ym najemc\u0105 oraz osobami, kt&oacute;rych uprawnienie do zamieszkania w&nbsp;tym lokalu mia\u0142o charakter pochodny od najemcy, oznaczonymi przez powoda zgodnie z&nbsp;art. 15 ust. 1 ustawy z&nbsp;dnia 21 czerwca 2001 r. o&nbsp;ochronie praw lokator&oacute;w, mieszkaniowym zasobie gminy i&nbsp;o zmianie Kodeksu cywilnego (Dz.U. z&nbsp;2016 r., poz. 1610 ze zm.) jako pozwani, zachodzi wsp&oacute;\u0142uczestnictwo konieczne po stronie pozwanej &ndash; Uchwa\u0142a S\u0105du Najwy\u017cszego z&nbsp;dnia 8 grudnia 2017 r., sygn. akt III CZP 79\/17.<\/p>\n<p><strong>ZNIESIENIE ODR\u0118BNEJ W\u0141ASNO\u015aCI LOKALU OBCI\u0104\u017bONEGO HIPOTEK\u0104<\/strong><br \/>W razie zniesienia odr\u0119bnej w\u0142asno\u015bci lokalu obci\u0105\u017conego hipotek\u0105, hipoteka obci\u0105\u017ca nieruchomo\u015b\u0107, w&nbsp;kt&oacute;rej sk\u0142ad wchodzi lokal b\u0119d\u0105cy wcze\u015bniej przedmiotem odr\u0119bnej w\u0142asno\u015bci &#8211; Uchwa\u0142a S\u0105du Najwy\u017cszego z&nbsp;dnia 8 grudnia 2017 r., sygn. akt III CZP 77\/17.<\/p>\n<p><strong>POST\u0118POWANIE EGZEKUCYJNE O&nbsp;OPR&Oacute;\u017bNIENIE LOKALU S\u0141U\u017b\u0104CEGO ZASPOKAJANIU POTRZEB MIESZKANIOWYCH<\/strong><br \/>D\u0142u\u017cnik maj\u0105cy status lokatora w&nbsp;rozumieniu art. 2 ust. 1 pkt 1 ustawy z&nbsp;dnia 21 czerwca 2001 r. o&nbsp;ochronie praw lokator&oacute;w, mieszkaniowym zasobie gminy i&nbsp;o zmianie Kodeksu cywilnego (jedn. tekst Dz. U. z&nbsp;2016, poz. 1610), przeciwko kt&oacute;remu zosta\u0142o wszcz\u0119te post\u0119powanie egzekucyjne o&nbsp;opr&oacute;\u017cnienie lokalu s\u0142u\u017c\u0105cego zaspokajaniu potrzeb mieszkaniowych, prowadzone na podstawie tytu\u0142u wykonawczego okre\u015blonego w&nbsp;art. 999 &sect; 1 k.p.c. w&nbsp;brzmieniu obowi\u0105zuj\u0105cym do dnia 3 maja 2012 r., mo\u017ce dochodzi\u0107 ustalenia prawa do lokalu socjalnego na podstawie art. 189 k.p.c. &#8211; Uchwa\u0142a S\u0105du Najwy\u017cszego z&nbsp;dnia 8 grudnia 2017 r., sygn. akt III CZP 75\/17.<\/p>\n<p><strong>TERMIN PRZEDAWNIENIA ROSZCZE\u0143 O&nbsp;OP\u0141AT\u0118 ZA STUDIA WYNIKAJ\u0104CYCH Z&nbsp;UM&Oacute;W O&nbsp;WARUNKACH ODP\u0141ATNO\u015aCI ZA STUDIA<\/strong><br \/>Artyku\u0142 160a ust. 7 ustawy z&nbsp;dnia 27 lipca 2005 r. &#8211; Prawo o&nbsp;szkolnictwie wy\u017cszym (jedn. tekst: Dz.U. z&nbsp;2016 r., poz. 1842 ze zm.), kt&oacute;ry wszed\u0142 w&nbsp;\u017cycie w&nbsp;dniu 1 pa\u017adziernika 2014 r., okre\u015bla trzyletni termin przedawnienia roszcze\u0144 o&nbsp;op\u0142at\u0119 za studia, wynikaj\u0105cych z&nbsp;um&oacute;w o&nbsp;warunkach odp\u0142atno\u015bci za studia, a&nbsp;art. 32 ustawy z&nbsp;dnia 11 lipca 2014 r. o&nbsp;zmianie ustawy &#8211; Prawo o&nbsp;szkolnictwie wy\u017cszym oraz niekt&oacute;rych innych ustaw (Dz. U. poz. 1198 ze zm.), przewiduje, usuwaj\u0105c wyst\u0119puj\u0105ce w&nbsp;tym wzgl\u0119dzie w\u0105tpliwo\u015bci, \u017ce w&nbsp;takim samym terminie roszczenia te przedawnia\u0142y si\u0119 te\u017c przed wej\u015bciem w&nbsp;\u017cycie art. 160a ust. 7 Prawa o&nbsp;szkolnictwie wy\u017cszym; tym samym wy\u0142\u0105czone jest stosowanie w&nbsp;zwi\u0105zku z&nbsp;wej\u015bciem w&nbsp;\u017cycie art. 160a ust. 7 Prawa o&nbsp;szkolnictwie wy\u017cszym normy intertemporalnej wyra\u017conej w&nbsp;art. XXXV pkt 2 p.w.k.c. &#8211; Uchwa\u0142a S\u0105du Najwy\u017cszego z&nbsp;dnia 8 grudnia 2017 r., sygn. akt III CZP 74\/17.<\/p>\n<p><strong>EGZEKUCJA Z&nbsp;LOKALU MIESZKALNEGO A&nbsp;STWIERDZENIE NIEWA\u017bNO\u015aCI UMOWY O&nbsp;USTANOWIENIU ODR\u0118BNEJ W\u0141ASNO\u015aCI TEGO LOKALU<\/strong><br \/>Nie jest dopuszczalne prowadzenie egzekucji z&nbsp;lokalu mieszkalnego, je\u017celi prawomocnym wyrokiem s\u0105du, ze wzgl\u0119du na niespe\u0142nienie wymaga\u0144, o&nbsp;kt&oacute;rych mowa w&nbsp;art. 2 ust. 2 ustawy z&nbsp;dnia 24 czerwca 1994 r. o&nbsp;w\u0142asno\u015bci lokali (jedn. tekst Dz. U. 2015.1892 ze zm.), zosta\u0142a stwierdzona niewa\u017cno\u015b\u0107 umowy o&nbsp;ustanowieniu odr\u0119bnej w\u0142asno\u015bci tego lokalu &#8211; Uchwa\u0142a S\u0105du Najwy\u017cszego z&nbsp;dnia 8 grudnia 2017 r., sygn. akt III CZP 71\/17.<\/p>\n<p><strong>KOMPETENCJE S\u0104DU REJESTROWEGO W&nbsp;RAMACH POST\u0118POWANIA O&nbsp;WYKRE\u015aLENIE WPISU NIEDOPUSZCZALNEGO ZE WZGL\u0118DU NA OBOWI\u0104ZUJ\u0104CE PRZEPISY PRAWA<\/strong><br \/>S\u0105d rejestrowy w&nbsp;ramach post\u0119powania okre\u015blonego w&nbsp;art. 12 ust. 3 ustawy z&nbsp;dnia 20 sierpnia 1997 r. o&nbsp;Krajowym Rejestrze S\u0105dowym (jedn. tekst Dz. U. z&nbsp;2017 r., poz. 700 ze zm.) o&nbsp;wykre\u015blenie wpisu niedopuszczalnego ze wzgl\u0119du na obowi\u0105zuj\u0105ce przepisy prawa nie jest uprawniony do badania zgodno\u015bci z&nbsp;ustaw\u0105 uchwa\u0142y zgromadzenia wsp&oacute;lnik&oacute;w lub walnego zgromadzenia, kt&oacute;ra stanowi materialnoprawn\u0105 podstaw\u0119 dokonanego wpisu &#8211; Uchwa\u0142a S\u0105du Najwy\u017cszego z&nbsp;dnia 8 grudnia 2017 r., sygn. akt III CZP 54\/17.<\/p>\n<p><strong>W\u0141A\u015aCIWO\u015a\u0106 S\u0104DU W&nbsp;SPRAWIE O&nbsp;OCHRON\u0118 DOBRA OSOBISTEGO<\/strong><br \/>Osoba dochodz\u0105ca ochrony dobra osobistego mo\u017ce, na podstawie art. 35 k.p.c., wytoczy\u0107 pow&oacute;dztwo przed s\u0105d, w&nbsp;kt&oacute;rego okr\u0119gu dzia\u0142a\u0142 sprawca, lub przed s\u0105d, w&nbsp;kt&oacute;rego okr\u0119gu to dzia\u0142anie spowodowa\u0142o zagro\u017cenie lub naruszenie dobra osobistego &#8211; Uchwa\u0142a S\u0105du Najwy\u017cszego z&nbsp;dnia 15 grudnia 2017 r., sygn. akt III CZP 91\/17.<\/p>\n<p><strong>OGRANICZENIA OBROTU NIERUCHOMO\u015aCIAMI ROLNYMI<\/strong><br \/>Ograniczenia obrotu nieruchomo\u015bciami rolnymi wprowadzone ustaw\u0105 z&nbsp;dnia 14 kwietnia 2016 r. o&nbsp;wstrzymaniu sprzeda\u017cy nieruchomo\u015bci Zasobu W\u0142asno\u015bci Rolnej Skarbu Pa\u0144stwa oraz o&nbsp;zmianie niekt&oacute;rych ustaw (Dz.U. z&nbsp;2016 r., poz. 585 ze zm.) nie maj\u0105 zastosowania do umowy przenosz\u0105cej w\u0142asno\u015b\u0107 nieruchomo\u015bci, zawieranej w&nbsp;wykonaniu zobowi\u0105zuj\u0105cej umowy sprzeda\u017cy zawartej przed dniem 30 kwietnia 2016 r., je\u017celi Agencja Nieruchomo\u015bci Rolnych nie skorzysta\u0142a z&nbsp;prawa pierwokupu zastrze\u017conego na rzecz Skarbu Pa\u0144stwa w&nbsp;art. 29 ust. 4 ustawy z&nbsp;dnia 19 pa\u017adziernika 1991 r. o&nbsp;gospodarowaniu nieruchomo\u015bciami rolnymi Skarbu Pa\u0144stwa (jedn. tekst: Dz.U. z&nbsp;2016 r., poz. 1491 ze zm.) &#8211; Uchwa\u0142a S\u0105du Najwy\u017cszego z&nbsp;dnia 15 grudnia 2017 r., sygn. akt III CZP 83\/17.<\/p>\n<p><strong>W\u0141A\u015aCIWO\u015a\u0106 MIEJSCOWA S\u0104DU W&nbsp;PRZYPADKU CZYN&Oacute;W NIEUCZCIWEJ KONKURENCJI<\/strong><br \/>Przedsi\u0119biorca, dochodz\u0105cy roszcze\u0144 wynikaj\u0105cych z&nbsp;czynu nieuczciwej konkurencji, polegaj\u0105cego na zamieszczeniu publikacji na stronie internetowej, mo\u017ce, na podstawie art. 35 k.p.c., wytoczy\u0107 pow&oacute;dztwo przed s\u0105d, w&nbsp;kt&oacute;rego okr\u0119gu publikacj\u0119 wprowadzono na stron\u0119 internetow\u0105, lub przed s\u0105d, w&nbsp;kt&oacute;rego okr\u0119gu dost\u0119pno\u015b\u0107 tej strony spowodowa\u0142a zagro\u017cenie lub naruszenie jego interesu &#8211; Uchwa\u0142a S\u0105du Najwy\u017cszego z&nbsp;dnia 15 grudnia 2017 r., sygn. akt III CZP 82\/17.<\/p>\n<p><strong>SP&Oacute;\u0141KA Z&nbsp;OGRANICZON\u0104 ODPOWIEDZIALNO\u015aCI\u0104, POWSTA\u0141A W&nbsp;ZWI\u0104ZKU Z&nbsp;LIKWIDACJ\u0104 ZAK\u0141ADU BUD\u017bETOWEGO<\/strong><br \/>Sp&oacute;\u0142ka z&nbsp;ograniczon\u0105 odpowiedzialno\u015bci\u0105, powsta\u0142a w&nbsp;zwi\u0105zku z&nbsp;likwidacj\u0105 zak\u0142adu bud\u017cetowego, realizuj\u0105cego zadania gminy w&nbsp;zakresie gospodarowania nieruchomo\u015bciami stanowi\u0105cymi jej w\u0142asno\u015b\u0107, nie wst\u0119puje w&nbsp;miejsce gminy w&nbsp;charakterze wynajmuj\u0105cego w&nbsp;stosunki najmu lokali mieszkalnych znajduj\u0105cych si\u0119 na nieruchomo\u015bci, kt&oacute;ra nie zosta\u0142a wniesiona jako wk\u0142ad do sp&oacute;\u0142ki. Taka sp&oacute;\u0142ka nie wst\u0119puje te\u017c w&nbsp;stosunki najmu lokali mieszkalnych w&nbsp;charakterze wynajmuj\u0105cego na podstawie zawartej z&nbsp;gmin\u0105 umowy dzier\u017cawy nieruchomo\u015bci stanowi\u0105cej w\u0142asno\u015b\u0107 gminy &#8211; Uchwa\u0142a S\u0105du Najwy\u017cszego z&nbsp;dnia 15 grudnia 2017 r., sygn. akt III CZP 81\/17.<\/p>\n","protected":false},"excerpt":{"rendered":"<p>We would like to present the next issue of legal bulletin of the Law Office of Adam Polowiec.What you will find here is some information about the new provisions of law and the projects of amendments to acts, but also case-laws including the case laws of Supreme Court, Constitutional Tribunal and European Court of Justice.<\/p>\n","protected":false},"author":4,"featured_media":0,"comment_status":"closed","ping_status":"open","sticky":false,"template":"","format":"standard","meta":{"footnotes":""},"categories":[2],"tags":[],"class_list":["post-827","post","type-post","status-publish","format-standard","hentry","category-wpisy"],"featured_image_src":{"landsacpe":false,"list":false,"medium":false,"full":false},"yoast_head":"<!-- This site is optimized with the Yoast SEO plugin v27.2 - https:\/\/yoast.com\/product\/yoast-seo-wordpress\/ -->\n<title>Legal Bulletin Of The Law Office Of Adam Polowiec (11 December 2017 - 31 December 2017) - Polowiec i Wsp\u00f3lnicy - Kancelaria prawna<\/title>\n<meta name=\"robots\" content=\"index, follow, max-snippet:-1, max-image-preview:large, max-video-preview:-1\" \/>\n<link rel=\"canonical\" href=\"https:\/\/polowiec.pl\/en\/legal-bulletin-of-the-law-office-of-adam-polowiec-11-december-2017-31-december-2017\/\" \/>\n<meta property=\"og:locale\" content=\"en_US\" \/>\n<meta property=\"og:type\" content=\"article\" \/>\n<meta property=\"og:title\" content=\"Legal Bulletin Of The Law Office Of Adam Polowiec (11 December 2017 - 31 December 2017) - Polowiec i Wsp\u00f3lnicy - Kancelaria prawna\" \/>\n<meta property=\"og:description\" content=\"We would like to present the next issue of legal bulletin of the Law Office of Adam Polowiec.What you will find here is some information about the new provisions of law and the projects of amendments to acts, but also case-laws including the case laws of Supreme Court, Constitutional Tribunal and European Court of Justice.\" \/>\n<meta property=\"og:url\" content=\"https:\/\/polowiec.pl\/en\/legal-bulletin-of-the-law-office-of-adam-polowiec-11-december-2017-31-december-2017\/\" \/>\n<meta property=\"og:site_name\" content=\"Polowiec i Wsp\u00f3lnicy - Kancelaria prawna\" \/>\n<meta property=\"article:publisher\" content=\"https:\/\/www.facebook.com\/polowieciwspolnicy\/\" \/>\n<meta property=\"article:published_time\" content=\"2018-01-03T14:29:39+00:00\" \/>\n<meta property=\"article:modified_time\" content=\"2019-04-18T16:23:16+00:00\" \/>\n<meta name=\"author\" content=\"Monika\" \/>\n<meta name=\"twitter:card\" content=\"summary_large_image\" \/>\n<meta name=\"twitter:label1\" content=\"Written by\" \/>\n\t<meta name=\"twitter:data1\" content=\"Monika\" \/>\n\t<meta name=\"twitter:label2\" content=\"Est. reading time\" \/>\n\t<meta name=\"twitter:data2\" content=\"41 minutes\" \/>\n<script type=\"application\/ld+json\" class=\"yoast-schema-graph\">{\"@context\":\"https:\/\/schema.org\",\"@graph\":[{\"@type\":\"Article\",\"@id\":\"https:\/\/polowiec.pl\/en\/legal-bulletin-of-the-law-office-of-adam-polowiec-11-december-2017-31-december-2017\/#article\",\"isPartOf\":{\"@id\":\"https:\/\/polowiec.pl\/en\/legal-bulletin-of-the-law-office-of-adam-polowiec-11-december-2017-31-december-2017\/\"},\"author\":{\"name\":\"Monika\",\"@id\":\"https:\/\/polowiec.pl\/en\/#\/schema\/person\/6178ac96ba1d4d590993734f8a0a6539\"},\"headline\":\"Legal Bulletin Of The Law Office Of Adam Polowiec (11 December 2017 &#8211; 31 December 2017)\",\"datePublished\":\"2018-01-03T14:29:39+00:00\",\"dateModified\":\"2019-04-18T16:23:16+00:00\",\"mainEntityOfPage\":{\"@id\":\"https:\/\/polowiec.pl\/en\/legal-bulletin-of-the-law-office-of-adam-polowiec-11-december-2017-31-december-2017\/\"},\"wordCount\":8255,\"publisher\":{\"@id\":\"https:\/\/polowiec.pl\/en\/#organization\"},\"articleSection\":[\"Wpisy\"],\"inLanguage\":\"en-US\"},{\"@type\":\"WebPage\",\"@id\":\"https:\/\/polowiec.pl\/en\/legal-bulletin-of-the-law-office-of-adam-polowiec-11-december-2017-31-december-2017\/\",\"url\":\"https:\/\/polowiec.pl\/en\/legal-bulletin-of-the-law-office-of-adam-polowiec-11-december-2017-31-december-2017\/\",\"name\":\"Legal Bulletin Of The Law Office Of Adam Polowiec (11 December 2017 - 31 December 2017) - Polowiec i Wsp\u00f3lnicy - Kancelaria prawna\",\"isPartOf\":{\"@id\":\"https:\/\/polowiec.pl\/en\/#website\"},\"datePublished\":\"2018-01-03T14:29:39+00:00\",\"dateModified\":\"2019-04-18T16:23:16+00:00\",\"breadcrumb\":{\"@id\":\"https:\/\/polowiec.pl\/en\/legal-bulletin-of-the-law-office-of-adam-polowiec-11-december-2017-31-december-2017\/#breadcrumb\"},\"inLanguage\":\"en-US\",\"potentialAction\":[{\"@type\":\"ReadAction\",\"target\":[\"https:\/\/polowiec.pl\/en\/legal-bulletin-of-the-law-office-of-adam-polowiec-11-december-2017-31-december-2017\/\"]}]},{\"@type\":\"BreadcrumbList\",\"@id\":\"https:\/\/polowiec.pl\/en\/legal-bulletin-of-the-law-office-of-adam-polowiec-11-december-2017-31-december-2017\/#breadcrumb\",\"itemListElement\":[{\"@type\":\"ListItem\",\"position\":1,\"name\":\"Strona g\u0142\u00f3wna\",\"item\":\"https:\/\/polowiec.pl\/en\/\"},{\"@type\":\"ListItem\",\"position\":2,\"name\":\"Legal Bulletin Of The Law Office Of Adam Polowiec (11 December 2017 &#8211; 31 December 2017)\"}]},{\"@type\":\"WebSite\",\"@id\":\"https:\/\/polowiec.pl\/en\/#website\",\"url\":\"https:\/\/polowiec.pl\/en\/\",\"name\":\"Polowiec i Wsp\u00f3lnicy - Kancelaria prawna\",\"description\":\"Obs\u0142uga prawna\",\"publisher\":{\"@id\":\"https:\/\/polowiec.pl\/en\/#organization\"},\"potentialAction\":[{\"@type\":\"SearchAction\",\"target\":{\"@type\":\"EntryPoint\",\"urlTemplate\":\"https:\/\/polowiec.pl\/en\/?s={search_term_string}\"},\"query-input\":{\"@type\":\"PropertyValueSpecification\",\"valueRequired\":true,\"valueName\":\"search_term_string\"}}],\"inLanguage\":\"en-US\"},{\"@type\":\"Organization\",\"@id\":\"https:\/\/polowiec.pl\/en\/#organization\",\"name\":\"Polowiec i Wsp\u00f3lnicy - Kancelaria prawna\",\"url\":\"https:\/\/polowiec.pl\/en\/\",\"logo\":{\"@type\":\"ImageObject\",\"inLanguage\":\"en-US\",\"@id\":\"https:\/\/polowiec.pl\/en\/#\/schema\/logo\/image\/\",\"url\":\"https:\/\/polowiec.pl\/wp-content\/uploads\/2018\/10\/polowiec_logo2-1.png\",\"contentUrl\":\"https:\/\/polowiec.pl\/wp-content\/uploads\/2018\/10\/polowiec_logo2-1.png\",\"width\":540,\"height\":381,\"caption\":\"Polowiec i Wsp\u00f3lnicy - Kancelaria prawna\"},\"image\":{\"@id\":\"https:\/\/polowiec.pl\/en\/#\/schema\/logo\/image\/\"},\"sameAs\":[\"https:\/\/www.facebook.com\/polowieciwspolnicy\/\",\"https:\/\/www.linkedin.com\/company\/polowiec-i-wsplnicy-sp.j.\/about\/\"]},{\"@type\":\"Person\",\"@id\":\"https:\/\/polowiec.pl\/en\/#\/schema\/person\/6178ac96ba1d4d590993734f8a0a6539\",\"name\":\"Monika\",\"image\":{\"@type\":\"ImageObject\",\"inLanguage\":\"en-US\",\"@id\":\"https:\/\/secure.gravatar.com\/avatar\/525d12775156493d0259a4384e9f7b0a0e6cc1c583cc1d0ae144bd6ca07140ea?s=96&d=mm&r=g\",\"url\":\"https:\/\/secure.gravatar.com\/avatar\/525d12775156493d0259a4384e9f7b0a0e6cc1c583cc1d0ae144bd6ca07140ea?s=96&d=mm&r=g\",\"contentUrl\":\"https:\/\/secure.gravatar.com\/avatar\/525d12775156493d0259a4384e9f7b0a0e6cc1c583cc1d0ae144bd6ca07140ea?s=96&d=mm&r=g\",\"caption\":\"Monika\"}}]}<\/script>\n<!-- \/ Yoast SEO plugin. -->","yoast_head_json":{"title":"Legal Bulletin Of The Law Office Of Adam Polowiec (11 December 2017 - 31 December 2017) - Polowiec i Wsp\u00f3lnicy - Kancelaria prawna","robots":{"index":"index","follow":"follow","max-snippet":"max-snippet:-1","max-image-preview":"max-image-preview:large","max-video-preview":"max-video-preview:-1"},"canonical":"https:\/\/polowiec.pl\/en\/legal-bulletin-of-the-law-office-of-adam-polowiec-11-december-2017-31-december-2017\/","og_locale":"en_US","og_type":"article","og_title":"Legal Bulletin Of The Law Office Of Adam Polowiec (11 December 2017 - 31 December 2017) - Polowiec i Wsp\u00f3lnicy - Kancelaria prawna","og_description":"We would like to present the next issue of legal bulletin of the Law Office of Adam Polowiec.What you will find here is some information about the new provisions of law and the projects of amendments to acts, but also case-laws including the case laws of Supreme Court, Constitutional Tribunal and European Court of Justice.","og_url":"https:\/\/polowiec.pl\/en\/legal-bulletin-of-the-law-office-of-adam-polowiec-11-december-2017-31-december-2017\/","og_site_name":"Polowiec i Wsp\u00f3lnicy - Kancelaria prawna","article_publisher":"https:\/\/www.facebook.com\/polowieciwspolnicy\/","article_published_time":"2018-01-03T14:29:39+00:00","article_modified_time":"2019-04-18T16:23:16+00:00","author":"Monika","twitter_card":"summary_large_image","twitter_misc":{"Written by":"Monika","Est. reading time":"41 minutes"},"schema":{"@context":"https:\/\/schema.org","@graph":[{"@type":"Article","@id":"https:\/\/polowiec.pl\/en\/legal-bulletin-of-the-law-office-of-adam-polowiec-11-december-2017-31-december-2017\/#article","isPartOf":{"@id":"https:\/\/polowiec.pl\/en\/legal-bulletin-of-the-law-office-of-adam-polowiec-11-december-2017-31-december-2017\/"},"author":{"name":"Monika","@id":"https:\/\/polowiec.pl\/en\/#\/schema\/person\/6178ac96ba1d4d590993734f8a0a6539"},"headline":"Legal Bulletin Of The Law Office Of Adam Polowiec (11 December 2017 &#8211; 31 December 2017)","datePublished":"2018-01-03T14:29:39+00:00","dateModified":"2019-04-18T16:23:16+00:00","mainEntityOfPage":{"@id":"https:\/\/polowiec.pl\/en\/legal-bulletin-of-the-law-office-of-adam-polowiec-11-december-2017-31-december-2017\/"},"wordCount":8255,"publisher":{"@id":"https:\/\/polowiec.pl\/en\/#organization"},"articleSection":["Wpisy"],"inLanguage":"en-US"},{"@type":"WebPage","@id":"https:\/\/polowiec.pl\/en\/legal-bulletin-of-the-law-office-of-adam-polowiec-11-december-2017-31-december-2017\/","url":"https:\/\/polowiec.pl\/en\/legal-bulletin-of-the-law-office-of-adam-polowiec-11-december-2017-31-december-2017\/","name":"Legal Bulletin Of The Law Office Of Adam Polowiec (11 December 2017 - 31 December 2017) - Polowiec i Wsp\u00f3lnicy - Kancelaria prawna","isPartOf":{"@id":"https:\/\/polowiec.pl\/en\/#website"},"datePublished":"2018-01-03T14:29:39+00:00","dateModified":"2019-04-18T16:23:16+00:00","breadcrumb":{"@id":"https:\/\/polowiec.pl\/en\/legal-bulletin-of-the-law-office-of-adam-polowiec-11-december-2017-31-december-2017\/#breadcrumb"},"inLanguage":"en-US","potentialAction":[{"@type":"ReadAction","target":["https:\/\/polowiec.pl\/en\/legal-bulletin-of-the-law-office-of-adam-polowiec-11-december-2017-31-december-2017\/"]}]},{"@type":"BreadcrumbList","@id":"https:\/\/polowiec.pl\/en\/legal-bulletin-of-the-law-office-of-adam-polowiec-11-december-2017-31-december-2017\/#breadcrumb","itemListElement":[{"@type":"ListItem","position":1,"name":"Strona g\u0142\u00f3wna","item":"https:\/\/polowiec.pl\/en\/"},{"@type":"ListItem","position":2,"name":"Legal Bulletin Of The Law Office Of Adam Polowiec (11 December 2017 &#8211; 31 December 2017)"}]},{"@type":"WebSite","@id":"https:\/\/polowiec.pl\/en\/#website","url":"https:\/\/polowiec.pl\/en\/","name":"Polowiec i Wsp\u00f3lnicy - Kancelaria prawna","description":"Obs\u0142uga prawna","publisher":{"@id":"https:\/\/polowiec.pl\/en\/#organization"},"potentialAction":[{"@type":"SearchAction","target":{"@type":"EntryPoint","urlTemplate":"https:\/\/polowiec.pl\/en\/?s={search_term_string}"},"query-input":{"@type":"PropertyValueSpecification","valueRequired":true,"valueName":"search_term_string"}}],"inLanguage":"en-US"},{"@type":"Organization","@id":"https:\/\/polowiec.pl\/en\/#organization","name":"Polowiec i Wsp\u00f3lnicy - Kancelaria prawna","url":"https:\/\/polowiec.pl\/en\/","logo":{"@type":"ImageObject","inLanguage":"en-US","@id":"https:\/\/polowiec.pl\/en\/#\/schema\/logo\/image\/","url":"https:\/\/polowiec.pl\/wp-content\/uploads\/2018\/10\/polowiec_logo2-1.png","contentUrl":"https:\/\/polowiec.pl\/wp-content\/uploads\/2018\/10\/polowiec_logo2-1.png","width":540,"height":381,"caption":"Polowiec i Wsp\u00f3lnicy - Kancelaria prawna"},"image":{"@id":"https:\/\/polowiec.pl\/en\/#\/schema\/logo\/image\/"},"sameAs":["https:\/\/www.facebook.com\/polowieciwspolnicy\/","https:\/\/www.linkedin.com\/company\/polowiec-i-wsplnicy-sp.j.\/about\/"]},{"@type":"Person","@id":"https:\/\/polowiec.pl\/en\/#\/schema\/person\/6178ac96ba1d4d590993734f8a0a6539","name":"Monika","image":{"@type":"ImageObject","inLanguage":"en-US","@id":"https:\/\/secure.gravatar.com\/avatar\/525d12775156493d0259a4384e9f7b0a0e6cc1c583cc1d0ae144bd6ca07140ea?s=96&d=mm&r=g","url":"https:\/\/secure.gravatar.com\/avatar\/525d12775156493d0259a4384e9f7b0a0e6cc1c583cc1d0ae144bd6ca07140ea?s=96&d=mm&r=g","contentUrl":"https:\/\/secure.gravatar.com\/avatar\/525d12775156493d0259a4384e9f7b0a0e6cc1c583cc1d0ae144bd6ca07140ea?s=96&d=mm&r=g","caption":"Monika"}}]}},"_links":{"self":[{"href":"https:\/\/polowiec.pl\/en\/wp-json\/wp\/v2\/posts\/827","targetHints":{"allow":["GET"]}}],"collection":[{"href":"https:\/\/polowiec.pl\/en\/wp-json\/wp\/v2\/posts"}],"about":[{"href":"https:\/\/polowiec.pl\/en\/wp-json\/wp\/v2\/types\/post"}],"author":[{"embeddable":true,"href":"https:\/\/polowiec.pl\/en\/wp-json\/wp\/v2\/users\/4"}],"replies":[{"embeddable":true,"href":"https:\/\/polowiec.pl\/en\/wp-json\/wp\/v2\/comments?post=827"}],"version-history":[{"count":0,"href":"https:\/\/polowiec.pl\/en\/wp-json\/wp\/v2\/posts\/827\/revisions"}],"wp:attachment":[{"href":"https:\/\/polowiec.pl\/en\/wp-json\/wp\/v2\/media?parent=827"}],"wp:term":[{"taxonomy":"category","embeddable":true,"href":"https:\/\/polowiec.pl\/en\/wp-json\/wp\/v2\/categories?post=827"},{"taxonomy":"post_tag","embeddable":true,"href":"https:\/\/polowiec.pl\/en\/wp-json\/wp\/v2\/tags?post=827"}],"curies":[{"name":"wp","href":"https:\/\/api.w.org\/{rel}","templated":true}]}}