{"id":830,"date":"2018-01-31T12:46:42","date_gmt":"2018-01-31T11:46:42","guid":{"rendered":"https:\/\/nowa.polowiec.pl\/legal-bulletin-of-the-law-office-of-adam-polowiec-1-january-2018-28-january-2018\/"},"modified":"2019-04-18T18:22:45","modified_gmt":"2019-04-18T16:22:45","slug":"legal-bulletin-of-the-law-office-of-adam-polowiec-1-january-2018-28-january-2018","status":"publish","type":"post","link":"https:\/\/polowiec.pl\/en\/legal-bulletin-of-the-law-office-of-adam-polowiec-1-january-2018-28-january-2018\/","title":{"rendered":"Legal Bulletin Of The Law Office Of Adam Polowiec (1 January 2018 \u2013 28 January 2018)"},"content":{"rendered":"<p><span style=\"font-size: 14px; text-align: justify;\">We would like to present the next issue of legal bulletin of the Law Office of Adam Polowiec.<\/span><br style=\"font-size: 14px; text-align: justify;\" \/><span style=\"font-size: 14px; text-align: justify;\">What you will find here is some information about the new provisions of law and the projects of amendments to acts, but also case-laws including the case laws of Supreme Court, Constitutional Tribunal and European Court of Justice.<\/span><\/p>\n<p>  <!--more-->  <\/p>\n<p>&nbsp;<\/p>\n<p><strong>_____Nowe Prawo<\/strong><\/p>\n<p><strong>POPRAWA SP&Oacute;JNO\u015aCI TERMINOLOGICZNEJ SYSTEMU PRAWNEGO<\/strong><br \/>Ustawa z&nbsp;dnia 9 listopada 2017 r. o&nbsp;zmianie niekt&oacute;rych ustaw w&nbsp;celu poprawy sp&oacute;jno\u015bci terminologicznej systemu prawnego (Dz. U. z&nbsp;2018 r., poz. 4) &ndash; wesz\u0142a w&nbsp;\u017cycie z&nbsp;dniem 17 stycznia 2018 r.<br \/>W ustawie z&nbsp;dnia 26 czerwca 1974 r. &#8211; Kodeks pracy (Dz. U. z&nbsp;2016 r. poz. 1666, 2138 i&nbsp;2255 oraz z&nbsp;2017 r. poz. 60 i&nbsp;962) zmianie uleg\u0142o brzmienie art. 262 &sect; 1.<br \/>W ustawie z&nbsp;dnia 24 czerwca 1999 r. o&nbsp;wykonywaniu inicjatywy ustawodawczej przez obywateli (Dz. U. poz. 688 oraz z&nbsp;2014 r. poz. 498) zmianie uleg\u0142o brzmienie art. 8 ust. 3.<br \/>W ustawie z&nbsp;dnia 5 stycznia 2011 r. &#8211; Kodeks wyborczy (Dz. U. z&nbsp;2017 r. poz. 15 i&nbsp;1089) zmianie uleg\u0142o brzmienie art. 5 pkt 7, w&nbsp;art. 12 w&nbsp;&sect; 4, w&nbsp;art. 33 w&nbsp;pkt 1 w&nbsp;lit. d i&nbsp;w cz\u0119\u015bci wsp&oacute;lnej, w&nbsp;art. 39 w&nbsp;&sect; 5, w&nbsp;art. 44 w&nbsp;&sect; 2 oraz w&nbsp;art. 182 w&nbsp;&sect; 3 we wprowadzeniu do wyliczenia u\u017cyte w&nbsp;r&oacute;\u017cnej liczbie i&nbsp;r&oacute;\u017cnym przypadku wyrazy &#8220;zak\u0142ad opieki zdrowotnej&#8221; zast\u0119puje si\u0119 u\u017cytymi w&nbsp;odpowiedniej liczbie i&nbsp;odpowiednim przypadku wyrazami &#8220;zak\u0142ad leczniczy&#8221;.<\/p>\n<p><strong>PRAWO KONSTYTUCYJNE<\/strong><br \/>Ustawa z&nbsp;dnia 24 listopada 2017 r. o&nbsp;zmianie ustawy o&nbsp;wykonywaniu mandatu pos\u0142a i&nbsp;senatora (Dz. U. z&nbsp;2018 r., poz. 7) &ndash; wesz\u0142a w&nbsp;\u017cycie z&nbsp;dniem 17 stycznia 2018 r.<br \/>W ustawie z&nbsp;dnia 9 maja 1996 r. o&nbsp;wykonywaniu mandatu pos\u0142a i&nbsp;senatora (Dz. U. z&nbsp;2016 r. poz. 1510 i&nbsp;2074 oraz z&nbsp;2017 r. poz. 38) zmianie uleg\u0142o brzmienie art. 25 ust. 5, art. 42 ust. 4.<\/p>\n<p><strong>OCHRONA ZABYTK&Oacute;W I&nbsp;PRZYRODY<\/strong><br \/>Ustawa z&nbsp;dnia 24 listopada 2017 r. o&nbsp;zmianie ustawy o&nbsp;ochronie zabytk&oacute;w i&nbsp;opiece nad zabytkami oraz ustawy o&nbsp;ochronie przyrody (Dz. U. z&nbsp;2018 r., poz. 10) &ndash; wesz\u0142a w&nbsp;\u017cycie z&nbsp;dniem 18 stycznia 2018 r.<br \/>W ustawie z&nbsp;dnia 23 lipca 2003 r. o&nbsp;ochronie zabytk&oacute;w i&nbsp;opiece nad zabytkami (Dz. U. z&nbsp;2017 r. poz. 2187) zmianie uleg\u0142o brzmienie art. 36 ust. 1.<br \/>W ustawie z&nbsp;dnia 16 kwietnia 2004 r. o&nbsp;ochronie przyrody (Dz. U. z&nbsp;2016 r. poz. 2134, z&nbsp;p&oacute;\u017an. zm.) zmianie uleg\u0142o brzmienie art. 83, art. 83f ust. 1,&nbsp; w&nbsp;art. 83a w&nbsp;ust. 1 po wyrazach &#8220;prezydent miasta&#8221; dodaje si\u0119 wyrazy &#8220;, a&nbsp;w przypadku gdy zezwolenie dotyczy usuni\u0119cia drzewa lub krzewu z&nbsp;terenu nieruchomo\u015bci lub jej cz\u0119\u015bci wpisanej do rejestru zabytk&oacute;w &#8211; wojew&oacute;dzki konserwator zabytk&oacute;w&#8221;, w&nbsp;art. 86 w&nbsp;ust. 1 dodaje si\u0119 pkt 1a.<\/p>\n<p><strong>KRAJOWA RADA S\u0104DOWNICTWA<\/strong><br \/>Ustawa z&nbsp;dnia 8 grudnia 2017 r. o&nbsp;zmianie ustawy o&nbsp;Krajowej Radzie S\u0105downictwa oraz niekt&oacute;rych innych ustaw (Dz. U. z&nbsp;2018 r., poz. 3) &ndash; wesz\u0142a w&nbsp;\u017cycie z&nbsp;dniem 17 stycznia 2018 r., z&nbsp;wyj\u0105tkiem art. 1 pkt 3, w&nbsp;zakresie art. 11a i&nbsp;art. 11b, art. 6 oraz art. 7, kt&oacute;re wchodz\u0105 w&nbsp;\u017cycie z&nbsp;dniem nast\u0119puj\u0105cym po dniu og\u0142oszenia.<br \/>W ustawie z&nbsp;dnia 12 maja 2011 r. o&nbsp;Krajowej Radzie S\u0105downictwa (Dz. U. z&nbsp;2016 r. poz. 976 i&nbsp;2261 oraz z&nbsp;2017 r. poz. 1139, 1183 i&nbsp;1452) zmianie uleg\u0142o brzmienie art. 14 ust. 3, art. 24 ust. 4, art. 31, art. 35 ust. 2 pkt 1, art. 44, dodany zostanie art. 9a, art. 11a-11e, art. 44a, w&nbsp;art. 20 w&nbsp;ust. 1 dodaje si\u0119 zdanie drugie i&nbsp;trzecie, w&nbsp;art. 21 po ust. 2 dodaje si\u0119 ust. 2a-2c, w&nbsp;art. 22 dodaje si\u0119 ust. 1a, uchyla si\u0119 art. 11, uchyla si\u0119 art. 12 i&nbsp;art. 13.<br \/>W ustawie z&nbsp;dnia 21 sierpnia 1997 r. &#8211; Prawo o&nbsp;ustroju s\u0105d&oacute;w wojskowych (Dz. U. z&nbsp;2017 r. poz. 2243 i&nbsp;2265) w&nbsp;art. 10 w&nbsp;&sect; 3 uchyla si\u0119 pkt 2.<br \/>W ustawie z&nbsp;dnia 27 lipca 2001 r. &#8211; Prawo o&nbsp;ustroju s\u0105d&oacute;w powszechnych (Dz. U. z&nbsp;2016 r. poz. 2062, z&nbsp;p&oacute;\u017an. zm.) zmianie uleg\u0142o brzmienie art. 106i &sect; 8.<br \/>W ustawie z&nbsp;dnia 25 lipca 2002 r. &#8211; Prawo o&nbsp;ustroju s\u0105d&oacute;w administracyjnych (Dz. U. z&nbsp;2017 r. poz. 2188) w&nbsp;art. 24 w&nbsp;&sect; 4 uchyla si\u0119 pkt 5 i&nbsp;6.<br \/>W ustawie z&nbsp;dnia 23 listopada 2002 r. o&nbsp;S\u0105dzie Najwy\u017cszym (Dz. U. z&nbsp;2016 r. poz. 1254, 2103 i&nbsp;2261 oraz z&nbsp;2017 r. poz. 38 i&nbsp;1452) zmianie uleg\u0142o brzmienie art. 16 w&nbsp;&sect; 1.<\/p>\n<p><strong>PRAWO DROGOWE<\/strong><br \/>Ustawa z&nbsp;dnia 8 grudnia 2017 r. o&nbsp;zmianie ustawy o&nbsp;drogach publicznych oraz niekt&oacute;rych innych ustaw (Dz. U. z&nbsp;2018 r., poz. 12) &#8211; wejdzie w&nbsp;\u017cycie z&nbsp;dniem 3 listopada 2018 r., z&nbsp;wyj\u0105tkiem:<br \/>1) art. 1 pkt 8 i&nbsp;9, art. 2, art. 3 pkt 6 lit. a&nbsp;w zakresie art. 39f ust. 1 pkt 6 lit. a&nbsp;i c ustawy zmienianej w&nbsp;art. 3, w&nbsp;brzmieniu nadanym niniejsz\u0105 ustaw\u0105, lit. b i&nbsp;d oraz pkt 7 lit. a, art. 6, art. 8 ust. 3, art. 9, art. 12-15, kt&oacute;re wchodz\u0105 w&nbsp;\u017cycie z&nbsp;dniem nast\u0119puj\u0105cym po dniu og\u0142oszenia;<br \/>2) art. 3 pkt 3 oraz art. 4 pkt 4, kt&oacute;re wchodz\u0105 w&nbsp;\u017cycie po up\u0142ywie 14 dni od dnia og\u0142oszenia;<br \/>3) art. 1 pkt 3 oraz art. 4 pkt 7-9, kt&oacute;re wchodz\u0105 w&nbsp;\u017cycie po up\u0142ywie 6 miesi\u0119cy od dnia og\u0142oszenia;<br \/>4) art. 4 pkt 6, kt&oacute;ry wchodzi w&nbsp;\u017cycie z&nbsp;dniem 25 maja 2018 r.<br \/>W ustawie z&nbsp;dnia 21 marca 1985 r. o&nbsp;drogach publicznych (Dz. U. z&nbsp;2017 r. poz. 2222) zmianie ulegnie brzmienie art. 13hb, art. 13m ust. 1 zdanie pierwsze, art. 16i ust. 1 pkt 4, art. 18 ust. 2, art. 20g, art. 22 ust. 2 zdania pierwsze i&nbsp;drugie, art. 40a, uchyla si\u0119 art. 13hd, dodaje si\u0119 art. 13o, w&nbsp;art. 16s w&nbsp;ust. 2 dodaje si\u0119 pkt 4a.<br \/>W ustawie z&nbsp;dnia 7 lipca 1994 r. &#8211; Prawo budowlane (Dz. U. z&nbsp;2017 r. poz. 1332 i&nbsp;1529) w&nbsp;art. 29 w&nbsp;ust. 1 dodaje si\u0119 pkt 11c.<br \/>W ustawie z&nbsp;dnia 27 pa\u017adziernika 1994 r. o&nbsp;autostradach p\u0142atnych oraz o&nbsp;Krajowym Funduszu Drogowym (Dz. U. z&nbsp;2017 r. poz. 1057) zmianie ulegnie brzmienie art. 37a ust. 1a pkt 1, art. 37c, art. 39b ust. 1, art. 39f, art. 39k, art. 39l pkt 4, w&nbsp;art. 37g dodaje si\u0119 pkt 1a, dodaje si\u0119 art. 37gb i&nbsp;art. 37gc.<br \/>W ustawie z&nbsp;dnia 6 wrze\u015bnia 2001 r. o&nbsp;transporcie drogowym (Dz. U. z&nbsp;2017 r. poz. 2200) zmianie ulegnie brzmienie art. 51, art. 53 ust. 3, art. 54 ust. 2, w&nbsp;art. 48 dotychczasow\u0105 tre\u015b\u0107 oznacza si\u0119 jako ust. 1 i&nbsp;dodaje si\u0119 ust. 2, w&nbsp;art. 50 dodaje si\u0119 pkt 3a-3c, dodaje si\u0119 art. 55a-55c, art. 56 ust. 3, art. 77 ust. 2, art. 77a.<br \/>W ustawie z&nbsp;dnia 12 stycznia 2007 r. o&nbsp;drogowych sp&oacute;\u0142kach specjalnego przeznaczenia (Dz. U. z&nbsp;2017 r. poz. 2093) w&nbsp;art. 4 w&nbsp;ust. 2 uchyla si\u0119 pkt 8a, w&nbsp;art. 7 uchyla si\u0119 pkt 10a, uchyla si\u0119 art. 9a, zmianie ulegnie brzmienie art. 9b.<br \/>Ustawa z&nbsp;dnia 24 listopada 2017 r. o&nbsp;zmianie ustawy &#8211; Prawo o&nbsp;ruchu drogowym oraz niekt&oacute;rych innych ustaw (Dz. U. z&nbsp;2018 r., poz. 79) &ndash; wejdzie w&nbsp;\u017cycie z&nbsp;dniem 11 lipca 2018 r., z&nbsp;wyj\u0105tkiem art. 1 pkt 17 w&nbsp;zakresie art. 80x, kt&oacute;ry wchodzi w&nbsp;\u017cycie po up\u0142ywie 2 miesi\u0119cy od dnia og\u0142oszenia przez ministra w\u0142a\u015bciwego do spraw informatyzacji informacji, o&nbsp;kt&oacute;rej mowa w&nbsp;art. 7, w&nbsp;Dzienniku Urz\u0119dowym Ministra Cyfryzacji.<br \/>W ustawie z&nbsp;dnia 20 czerwca 1997 r. &#8211; Prawo o&nbsp;ruchu drogowym (Dz. U. z&nbsp;2017 r. poz. 1260 i&nbsp;1926) zmianie ulegnie brzmienie art. 74, art. 75a ust. 1, art. 75b, art. 75d, art. 79b, art. 79c, art. 80, art. 80b, art. 80ba, art. 80d, art. 140n, w&nbsp;art. 67 dodaje si\u0119 ust. 1a, dodaje si\u0119 art. 75ba, art. 75ca, art. 78b, w&nbsp;art. 80bb dodaje si\u0119 ust. 2b, w&nbsp;art. 80bd dodaje si\u0119 ust. 3a, w&nbsp;dziale III dodaje si\u0119 rozdzia\u0142 2d, dodaje si\u0119 art. 132a, w&nbsp;art. 134 po wyrazach &#8220;art. 132 ust. 1-3&#8221; dodaje si\u0119 przecinek i&nbsp;wyrazy &#8220;art. 132a&#8221;, w&nbsp;art. 134a po wyrazach &#8220;art. 132 ust. 1-3, 5 i&nbsp;6&#8221; dodaje si\u0119 przecinek i&nbsp;wyrazy &#8220;art. 132a&#8221;, dodaje si\u0119 art. 140ma.<br \/>W ustawie z&nbsp;dnia 20 maja 1971 r. &#8211; Kodeks wykrocze\u0144 (Dz. U. z&nbsp;2015 r. poz. 1094, z&nbsp;p&oacute;\u017an. zm.) dodaje si\u0119 art. 96c.<br \/>W ustawie z&nbsp;dnia 6 wrze\u015bnia 2001 r. o&nbsp;transporcie drogowym (Dz. U. z&nbsp;2017 r. poz. 2200 oraz z&nbsp;2018 r. poz. 12) dodaje si\u0119 art. 16c, w&nbsp;za\u0142\u0105czniku nr 3 do ustawy, w&nbsp;tabeli, po lp. 1.8 dodaje si\u0119 lp. 1.9.<br \/>W ustawie z&nbsp;dnia 22 maja 2003 r. o&nbsp;ubezpieczeniach obowi\u0105zkowych, Ubezpieczeniowym Funduszu Gwarancyjnym i&nbsp;Polskim Biurze Ubezpieczycieli Komunikacyjnych (Dz. U. z&nbsp;2016 r. poz. 2060 i&nbsp;1948 oraz z&nbsp;2017 r. poz. 1089, 1926 i&nbsp;2361) w&nbsp;art. 2 w&nbsp;ust. 1 dodaje si\u0119 pkt 10a, w&nbsp;art. 23 w&nbsp;ust. 1a w&nbsp;zdaniu pierwszym po wyrazach &#8220;pkt 10 lit. a&#8221; dodaje si\u0119 wyrazy &#8220;i pkt 10a&#8221;, zmianie ulegnie brzmienie art. 27, art. 29 ust. 1, w&nbsp;art. 31 dodaje si\u0119 ust. 7, w&nbsp;art. 32 dodaje si\u0119 ust. 6, w&nbsp;art. 33 w&nbsp;pkt 10 kropk\u0119 zast\u0119puje si\u0119 \u015brednikiem i&nbsp;dodaje si\u0119 pkt 11, dodaje si\u0119 art. 33a, w&nbsp;art. 41 w&nbsp;ust. 1 w&nbsp;pkt 7 kropk\u0119 zast\u0119puje si\u0119 \u015brednikiem i&nbsp;dodaje si\u0119 pkt 8.<br \/>Rozporz\u0105dzenie Ministra Infrastruktury i&nbsp;Budownictwa z&nbsp;dnia 28 grudnia 2017 r. zmieniaj\u0105ce rozporz\u0105dzenie w&nbsp;sprawie warunk&oacute;w produkcji i&nbsp;sposobu dystrybucji tablic rejestracyjnych i&nbsp;znak&oacute;w legalizacyjnych (Dz. U. z&nbsp;2018 r., poz. 112) &ndash; wejdzie w&nbsp;\u017cycie z&nbsp;dniem 1 lipca 2018 r.<br \/>W rozporz\u0105dzeniu Ministra Transportu, Budownictwa i&nbsp;Gospodarki Morskiej z&nbsp;dnia 2 maja 2012 r. w&nbsp;sprawie warunk&oacute;w produkcji i&nbsp;sposobu dystrybucji tablic rejestracyjnych i&nbsp;znak&oacute;w legalizacyjnych (Dz. U. poz. 585) zmianie ulegnie brzmienie za\u0142\u0105cznika nr 1, 2.<br \/>Ustawa z&nbsp;dnia 8 grudnia 2017 r. o&nbsp;zmianie ustawy o&nbsp;drogach publicznych (Dz. U. z&nbsp;2018 r., poz. 159) &ndash; wejdzie w&nbsp;\u017cycie z&nbsp;dniem 3 lutego 2018 r.<br \/>W ustawie z&nbsp;dnia 21 marca 1985 r. o&nbsp;drogach publicznych (Dz. U. z&nbsp;2017 r. poz. 2222 oraz z&nbsp;2018 r. poz. 12 i&nbsp;138) zmianie ulegnie brzmienie art. 4a ust. 2, art. 6 ust. 1, art. 18 w&nbsp;ust. 2, w&nbsp;art. 4 dodaje si\u0119 pkt 11b, w&nbsp;art. 5 w&nbsp;ust. 1 uchyla si\u0119 pkt 7, w&nbsp;art. 10 dodaje si\u0119 ust. 3a, w&nbsp;art. 19 dodaje si\u0119 ust. 9.<\/p>\n<p><strong>ORGANIZOWANIE I&nbsp;PROWADZENIE DZIA\u0141ALNO\u015aCI KULTURALNEJ<\/strong><br \/>Ustawa z&nbsp;dnia 8 grudnia 2017 r. o&nbsp;zmianie ustawy o&nbsp;organizowaniu i&nbsp;prowadzeniu dzia\u0142alno\u015bci kulturalnej (Dz. U. z&nbsp;2018 r., poz. 152) &ndash; wejdzie w&nbsp;\u017cycie z&nbsp;dniem 3 lutego 2018 r.<br \/>W ustawie z&nbsp;dnia 25 pa\u017adziernika 1991 r. o&nbsp;organizowaniu i&nbsp;prowadzeniu dzia\u0142alno\u015bci kulturalnej (Dz. U. z&nbsp;2017 r. poz. 862) dodaje si\u0119 art. 28a.<\/p>\n<p><strong>PRAWO PODATKOWE<\/strong><br \/>Ustawa z&nbsp;dnia 12 grudnia 2017 r. o&nbsp;zmianie ustawy o&nbsp;podatku akcyzowym (Dz. U. z&nbsp;2018 r., poz. 137) &ndash; wejdzie w&nbsp;\u017cycie z&nbsp;dniem 1 lutego 2018 r.<br \/>W ustawie z&nbsp;dnia 6 grudnia 2008 r. o&nbsp;podatku akcyzowym (Dz. U. z&nbsp;2017 r. poz. 43, 60, 937 i&nbsp;2216) zmianie ulegnie brzmienie art. 2 ust. 1, art. 9b ust. 1, art. 10, art. 13, art. 20h ust. 1 pkt 1 lit. a, art. 34, art. 36 ust. 1, art. 48, art. 65 ust. 3b, dzia\u0142 IV tytu\u0142 rozdzia\u0142 3, art. 136 ust. 1 i&nbsp;2, w&nbsp;art. 8 w&nbsp;ust. 1 po pkt 4 dodaje si\u0119 pkt 4a, w&nbsp;art. 99 uchyla si\u0119 ust. 13, dodaje si\u0119 art. 99b-99d, art. 120 dodaje si\u0119 ust. 4, w&nbsp;za\u0142\u0105czniku nr 1 do ustawy dodaje si\u0119 poz. 46 i&nbsp;47.<br \/>Ustawa z&nbsp;dnia 14 grudnia 2017 r. o&nbsp;zmianie ustawy o&nbsp;podatku od towar&oacute;w i&nbsp;us\u0142ug (Dz. U. z&nbsp;2018 r., poz. 86) &ndash; wesz\u0142a w&nbsp;\u017cycie z&nbsp;dniem 19 stycznia 2018 r.<br \/>W ustawie z&nbsp;dnia 11 marca 2004 r. o&nbsp;podatku od towar&oacute;w i&nbsp;us\u0142ug (Dz. U. z&nbsp;2017 r. poz. 1221 i&nbsp;2491 oraz z&nbsp;2018 r. poz. 62) zmianie uleg\u0142o brzmienie za\u0142\u0105cznika nr 3.<br \/>Ustawa z&nbsp;dnia 15 grudnia 2017 r. o&nbsp;zmianie ustawy o&nbsp;podatku od towar&oacute;w i&nbsp;us\u0142ug oraz niekt&oacute;rych innych ustaw (Dz. U. z&nbsp;2018 r., poz. 62) &ndash; wejdzie w&nbsp;\u017cycie z&nbsp;dniem 1 lipca 2018 r., z&nbsp;wyj\u0105tkiem art. 7 i&nbsp;art. 8, kt&oacute;re wchodz\u0105 w&nbsp;\u017cycie po up\u0142ywie 14 dni od dnia og\u0142oszenia.<br \/>W ustawie z&nbsp;dnia 11 marca 2004 r. o&nbsp;podatku od towar&oacute;w i&nbsp;us\u0142ug (Dz. U. z&nbsp;2017 r. poz. 1221 i&nbsp;2491) zmianie ulegnie brzmienie art. 87, w&nbsp;art. 2 w&nbsp;pkt 36 kropk\u0119 zast\u0119puje si\u0119 \u015brednikiem i&nbsp;dodaje si\u0119 pkt 37, dodaje si\u0119 art. 103a.<br \/>W ustawie z&nbsp;dnia 29 wrze\u015bnia 1994 r. o&nbsp;rachunkowo\u015bci (Dz. U. z&nbsp;2017 r. poz. 2342 i&nbsp;2201) w&nbsp;za\u0142\u0105czniku nr 1 do ustawy w&nbsp;cz\u0119\u015bci &#8220;Dodatkowe informacje i&nbsp;obja\u015bnienia&#8221; w&nbsp;ust. 1 w&nbsp;pkt 17 kropk\u0119 zast\u0119puje si\u0119 \u015brednikiem i&nbsp;dodaje si\u0119 pkt 18.<br \/>W ustawie z&nbsp;dnia 29 sierpnia 1997 r. &#8211; Prawo bankowe (Dz. U. z&nbsp;2017 r. poz. 1876, 2361 i&nbsp;2491) zmianie ulegnie brzmienie art. 49 ust. 1 pkt 1, w&nbsp;art. 50 dodaje si\u0119 ust. 1a, dodaje si\u0119 rozdzia\u0142 3a.<br \/>W ustawie z&nbsp;dnia 27 sierpnia 2009 r. o&nbsp;finansach publicznych (Dz. U. z&nbsp;2017 r. poz. 2077) zmianie ulegnie brzmienie art. 196 ust. 1.<br \/>W ustawie z&nbsp;dnia 5 listopada 2009 r. o&nbsp;sp&oacute;\u0142dzielczych kasach oszcz\u0119dno\u015bciowo-kredytowych (Dz. U. z&nbsp;2017 r. poz. 2065, 2486 i&nbsp;2491) dodaje si\u0119 art. 3b.<br \/>W ustawie z&nbsp;dnia 19 sierpnia 2011 r. o&nbsp;us\u0142ugach p\u0142atniczych (Dz. U. z&nbsp;2017 r. poz. 2003) w&nbsp;art. 3 dodaje si\u0119 ust. 2a, dodaje si\u0119 art. 39b.<br \/>Rozporz\u0105dzenie Rady Ministr&oacute;w z&nbsp;dnia 2 stycznia 2018 r. zmieniaj\u0105ce rozporz\u0105dzenie w&nbsp;sprawie warunk&oacute;w udzielania zwolnie\u0144 z&nbsp;podatku od nieruchomo\u015bci oraz podatku od \u015brodk&oacute;w transportowych, stanowi\u0105cych regionaln\u0105 pomoc inwestycyjn\u0105, pomoc na kultur\u0119 i&nbsp;zachowanie dziedzictwa kulturowego, pomoc na infrastruktur\u0119 sportow\u0105 i&nbsp;wielofunkcyjn\u0105 infrastruktur\u0119 rekreacyjn\u0105 oraz pomoc na infrastruktur\u0119 lokaln\u0105 (Dz. U. z&nbsp;2018 r., poz. 45) &ndash; wesz\u0142o w&nbsp;\u017cycie z&nbsp;dniem 9 stycznia 2018 r.<br \/>W rozporz\u0105dzeniu Rady Ministr&oacute;w z&nbsp;dnia 9 stycznia 2015 r. w&nbsp;sprawie warunk&oacute;w udzielania zwolnie\u0144 z&nbsp;podatku od nieruchomo\u015bci oraz podatku od \u015brodk&oacute;w transportowych, stanowi\u0105cych regionaln\u0105 pomoc inwestycyjn\u0105, pomoc na kultur\u0119 i&nbsp;zachowanie dziedzictwa kulturowego, pomoc na infrastruktur\u0119 sportow\u0105 i&nbsp;wielofunkcyjn\u0105 infrastruktur\u0119 rekreacyjn\u0105 oraz pomoc na infrastruktur\u0119 lokaln\u0105 (Dz. U. poz. 174) zmianie ulegnie brzmienie tytu\u0142u rozporz\u0105dzenia, &sect; 1 ust. 2, &sect; 3, &sect; 4, &sect; 6, &sect; 11, &sect; 12, dodaje si\u0119 &sect; 10a i&nbsp;&sect; 10b, dodaje si\u0119 &sect; 12a.<br \/>Rozporz\u0105dzenie Ministra Finans&oacute;w z&nbsp;dnia 16 stycznia 2018 r. zmieniaj\u0105ce rozporz\u0105dzenie w&nbsp;sprawie wykaz&oacute;w towar&oacute;w do cel&oacute;w poboru podatku od towar&oacute;w i&nbsp;us\u0142ug w&nbsp;imporcie (Dz. U. z&nbsp;2018 r., poz. 146) &ndash; wesz\u0142o w&nbsp;\u017cycie z&nbsp;dniem 19 stycznia 2018 r.<br \/>W rozporz\u0105dzeniu Ministra Finans&oacute;w z&nbsp;dnia 22 grudnia 2011 r. w&nbsp;sprawie wykaz&oacute;w towar&oacute;w do cel&oacute;w poboru podatku od towar&oacute;w i&nbsp;us\u0142ug w&nbsp;imporcie (Dz. U. z&nbsp;2017 r. poz. 2333 i&nbsp;2438) zmianie uleg\u0142o brzmienie za\u0142\u0105cznika nr 1.<\/p>\n<p><strong>CUDZOZIEMCY<\/strong><br \/>Ustawa z&nbsp;dnia 24 listopada 2017 r. o&nbsp;zmianie ustawy o&nbsp;cudzoziemcach oraz niekt&oacute;rych innych ustaw (Dz. U. z&nbsp;2018 r., poz. 107) &ndash; wejdzie w&nbsp;\u017cycie z&nbsp;dniem 12 lutego 2018 r., z&nbsp;wyj\u0105tkiem:<br \/>1) art. 1 pkt 28 lit. b i&nbsp;e, pkt 29, 31 lit. b, pkt 35, 38, 40, 44 w&nbsp;zakresie art. 139b i&nbsp;art. 139f ust. 1 pkt 5, pkt 46, 47, 72 lit. a&nbsp;tiret czwarte w&nbsp;zakresie art. 195 ust. 1 pkt 6 lit. c i&nbsp;pkt 72 lit. c, art. 4 pkt 1, 2 lit. a&nbsp;tiret pierwsze i&nbsp;pkt 3 oraz art. 7 pkt 1, kt&oacute;re wchodz\u0105 w&nbsp;\u017cycie z&nbsp;dniem 1 stycznia 2019 r.;<br \/>2) art. 1 pkt 149, kt&oacute;ry wchodzi w&nbsp;\u017cycie z&nbsp;dniem 1 stycznia 2020 r.<br \/>W ustawie z&nbsp;dnia 12 grudnia 2013 r. o&nbsp;cudzoziemcach (Dz. U. z&nbsp;2017 r. poz. 2206 i&nbsp;2282) w&nbsp;odno\u015bniku nr 1 do tytu\u0142u ustawy w&nbsp;pkt 16 kropk\u0119 zast\u0119puje si\u0119 \u015brednikiem i&nbsp;dodaje si\u0119 pkt 17, dodaje si\u0119 art. 9a, w&nbsp;art. 10 wyrazy &#8220;art. 79 &sect; 2&#8221; zast\u0119puje si\u0119 wyrazami &#8220;art. 79&#8221;, w&nbsp;art. 32 w&nbsp;ust. 1 wyrazy &#8220;art. 5 ust. 4 lit. c&#8221; zast\u0119puje si\u0119 wyrazami &#8220;art. 6 ust. 5 lit. c&#8221;, w&nbsp;art. 51 w&nbsp;ust. 2 w&nbsp;pkt 6 kropk\u0119 zast\u0119puje si\u0119 \u015brednikiem i&nbsp;dodaje si\u0119 pkt 7 i&nbsp;8, dodaje si\u0119 art. 55a, w&nbsp;art. 56 po wyrazach &#8220;ustawowych obowi\u0105zk&oacute;w&#8221; dodaje si\u0119 przecinek oraz wyrazy &#8220;z wyj\u0105tkiem koszt&oacute;w wydania i&nbsp;wykonania decyzji o&nbsp;zobowi\u0105zaniu cudzoziemca do powrotu&#8221;, w&nbsp;art. 66 dodaje si\u0119 ust. 3a, w&nbsp;art. 67 w&nbsp;ust. 2 skre\u015bla si\u0119 zdanie drugie, w&nbsp;art. 98 dodaje si\u0119 ust. 1a, dodaje si\u0119 art. 106a, uchyla si\u0119 art. 110 i&nbsp;art. 11, w&nbsp;art. 113 dotychczasow\u0105 tre\u015b\u0107 oznacza si\u0119 jako ust. 1 i&nbsp;dodaje si\u0119 ust. 2, dodaje si\u0119 art. 113a, dodaje si\u0119 art. 114a, w&nbsp;art. 118 dodaje si\u0119 ust. 5, w&nbsp;art. 120 dodaje si\u0119 ust. 4, w&nbsp;art. 123 dodaje si\u0119 ust. 3, dodaje si\u0119 art. 127a, uchyla si\u0119 art. 139, w&nbsp;dziale V po rozdziale 3 dodaje si\u0119 rozdzia\u0142y 3a i&nbsp;3b, dodaje si\u0119 art. 142a, dodaje si\u0119 art. 143a, uchyla si\u0119 art. 146, dodaje si\u0119 art. 148a, w&nbsp;art. 151 dodaje si\u0119 ust. 1a, w&nbsp;art. 156 dodaje si\u0119 ust. 1a, w&nbsp;art. 158 w&nbsp;ust. 1 w&nbsp;pkt 2 po wyrazach &#8220;dla cz\u0142onka rodziny obywatela Rzeczypospolitej Polskiej&#8221; dodaje si\u0119 wyrazy &#8220;lub zezwolenie na pobyt sta\u0142y udzielone w&nbsp;zwi\u0105zku z&nbsp;pozostawaniem w&nbsp;zwi\u0105zku ma\u0142\u017ce\u0144skim z&nbsp;obywatelem polskim&#8221;, dodaje si\u0119 art. 158a, w&nbsp;art. 159 w&nbsp;ust. 1 w&nbsp;pkt 1 dodaje si\u0119 lit. ha i&nbsp;hb, w&nbsp;art. 165 w&nbsp;ust. 1 wyrazy &#8220;niniejszej ustawy&#8221; zast\u0119puje si\u0119 wyrazami &#8220;przepis&oacute;w okre\u015blaj\u0105cych zasady i&nbsp;warunki wjazdu cudzoziemc&oacute;w na terytorium Rzeczypospolitej Polskiej, ich przejazdu przez to terytorium, pobytu na nim i&nbsp;wyjazdu z&nbsp;niego&#8221;, w&nbsp;art. 169 w&nbsp;ust. 1 wyrazy &#8220;niniejszej ustawy&#8221; zast\u0119puje si\u0119 wyrazami &#8220;przepis&oacute;w okre\u015blaj\u0105cych zasady i&nbsp;warunki wjazdu cudzoziemc&oacute;w na terytorium Rzeczypospolitej Polskiej, ich przejazdu przez to terytorium, pobytu na nim i&nbsp;wyjazdu z&nbsp;niego&#8221;, w&nbsp;art. 185a dodaje si\u0119 ust. 5, dodaje si\u0119 art. 207a, uchyla si\u0119 art. 209, w&nbsp;art. 232 w&nbsp;ust. 3 wyrazy &#8220;wydania cudzoziemcowi kolejnego dokumentu&#8221; zast\u0119puje si\u0119 wyrazami &#8220;wymiany dokumentu&#8221;, w&nbsp;art. 233 w&nbsp;ust. 2 wyrazy &#8220;kolejny dokument wydany&#8221; zast\u0119puje si\u0119 wyrazami &#8220;wymieniony dokument&#8221;, w&nbsp;art. 244 w&nbsp;ust. 1 po pkt 11 dodaje si\u0119 pkt 11a i&nbsp;11b, dodaje si\u0119 art. 303a, uchyla si\u0119 art. 311 i&nbsp;art. 313, w&nbsp;art. 321 wyrazy &#8220;art. 318 ust. 1&#8221; zast\u0119puje si\u0119 wyrazami &#8220;art. 318&#8221;, w&nbsp;art. 325 uchyla si\u0119 ust. 6 i&nbsp;7, w&nbsp;art. 326 w&nbsp;ust. 1 i&nbsp;2 wyrazy &#8220;niniejszej ustawy&#8221; zast\u0119puje si\u0119 wyrazami &#8220;przepis&oacute;w okre\u015blaj\u0105cych zasady i&nbsp;warunki wjazdu cudzoziemc&oacute;w na terytorium Rzeczypospolitej Polskiej, ich przejazdu przez to terytorium, pobytu na nim i&nbsp;wyjazdu z&nbsp;niego&#8221;, w&nbsp;art. 337 dodaje si\u0119 ust. 3a, w&nbsp;art. 345 w&nbsp;ust. 1 wyrazy &#8220;art. 398 ust. 3 pkt 2&#8221; zast\u0119puje si\u0119 wyrazami &#8220;art. 398 ust. 2 pkt 2&#8221;, uchyla si\u0119 art. 346, w&nbsp;art. 386 w&nbsp;pkt 5 wyrazy &#8220;niniejszej ustawy&#8221; zast\u0119puje si\u0119 wyrazami &#8220;przepis&oacute;w okre\u015blaj\u0105cych zasady i&nbsp;warunki wjazdu cudzoziemc&oacute;w na terytorium Rzeczypospolitej Polskiej, ich przejazdu przez to terytorium, pobytu na nim i&nbsp;wyjazdu z&nbsp;niego&#8221;, dodaje si\u0119 art. 398a, w&nbsp;art. 399 w&nbsp;ust. 1 wyrazy &#8220;art. 398 ust. 1&#8221; zast\u0119puje si\u0119 wyrazami &#8220;art. 398a&#8221;, dodaje si\u0119 art. 400a-400d,&nbsp;&nbsp; &nbsp;w art. 401 w&nbsp;ust. 5 i&nbsp;6 wyrazy &#8220;art. 398 ust. 3&#8221; zast\u0119puje si\u0119 wyrazami &#8220;art. 398 ust. 2&#8221;, w&nbsp;art. 428 w&nbsp;ust. 1 w&nbsp;pkt 2 w&nbsp;lit. m \u015brednik zast\u0119puje si\u0119 przecinkiem i&nbsp;dodaje si\u0119 lit. n, w&nbsp;art. 429 w&nbsp;ust. 1 w&nbsp;pkt 9 wyrazy &#8220;w przypadku rejestru, o&nbsp;kt&oacute;rym mowa w&nbsp;art. 428 ust. 1 pkt 2 lit. j&#8221; zast\u0119puje si\u0119 wyrazami &#8220;w przypadku rejestr&oacute;w, o&nbsp;kt&oacute;rych mowa w&nbsp;art. 428 ust. 1 pkt 2 lit. j oraz n&#8221;, w&nbsp;art. 435 w&nbsp;ust. 1 w&nbsp;pkt 5 kropk\u0119 zast\u0119puje si\u0119 \u015brednikiem i&nbsp;dodaje si\u0119 pkt 6, w&nbsp;art. 444 w&nbsp;ust. 2 oraz w&nbsp;art. 447 w&nbsp;ust. 2 wyrazy &#8220;na podstawie&#8221; zast\u0119puje si\u0119 wyrazami &#8220;w zwi\u0105zku z&nbsp;okoliczno\u015bciami, o&nbsp;kt&oacute;rych mowa w&#8221;, w&nbsp;art. 449 w&nbsp;ust. 2 w&nbsp;pkt 1 wyrazy &#8220;w art. 428 ust. 1 pkt 1 lit. a, pkt 2 lit. a-k oraz m&#8221; zast\u0119puje si\u0119 wyrazami &#8220;w art. 428 ust. 1 pkt 1 lit. a, pkt 2 lit. a-k oraz m i&nbsp;n&#8221;, dodaje si\u0119 art. 449b, dodaje si\u0119 art. 465a, zmianie ulegnie brzmienie art. 3, art. 22 ust. 1, art. 25, art. 28, art. 52, art. 60 ust. 1, art. 65, art. 99, art. 100, art. 104, art. 105, art. 106, art. 107 ust. 1, art. 114, art. 116, art. 117, art. 121, art. 125 ust. 3, art. 127 pkt 3, art. 131, art. 132, art. 134, art. 136 ust. 3, art. 142, art. 143, art. 144, art. 145, art. 149 ust. 1, art. 150, art. 157, art. 162, w&nbsp;art. 166 wprowadzenie do wyliczenia, art. 168, art. 171 ust. 2, art. 176 pkt 2, art. 188, art. 190 pkt 3, art. 194, art. 195, art. 196, art. 197 w&nbsp;ust. 1 pkt 6, art. 198, art. 201 ust. 3, art. 202, art. 203, art. 205, art. 207 ust. 8, art. 211, art. 212, art. 213, art. 218 ust. 2, art. 219, art. 228 pkt 1 i&nbsp;2, art. 229 w&nbsp;ust. 4, art. 237 ust. 1 pkt 3, art. 246, art. 247, art. 248 ust. 2, art. 249 ust. 3, art. 278, art. 299, art. 302, art. 303, art. 306, art. 310, art. 314 ust. 1, art. 315, art. 317, art. 318, art. 319 wprowadzenie do wyliczenia, art. 320, art. 322, art. 324 pkt 1, art. 330 w&nbsp;ust. 1, art. 336, art. 338, art. 339, art. 341, art. 342, art. 343, art. 344, art. 356, art. 394, art. 398, art. 403, art. 417 ust. 2, art. 425 ust. 1 pkt 2, art. 430, art. 436 ust. 1 pkt 1 lit. a-c, art. 438, art. 453 pkt 1.<br \/>W ustawie z&nbsp;dnia 13 czerwca 2003 r. o&nbsp;udzielaniu cudzoziemcom ochrony na terytorium Rzeczypospolitej Polskiej (Dz. U. z&nbsp;2018 r. poz. 51) dodaje si\u0119 art. 40a, zmianie ulegnie brzmienie art. 61, art. 89cb, w&nbsp;art. 122, art. 123 ust. 1-4 i&nbsp;art. 124 wyrazy &#8220;art. 119 pkt 6&#8221; zast\u0119puje si\u0119 wyrazami &#8220;art. 119 ust. 1 pkt 6&#8221;.<br \/>W ustawie z&nbsp;dnia 28 listopada 2003 r. o&nbsp;\u015bwiadczeniach rodzinnych (Dz. U. z&nbsp;2017 r. poz. 1952) w&nbsp;art. 1 w&nbsp;ust. 2 w&nbsp;pkt 2 w&nbsp;lit. d kropk\u0119 zast\u0119puje si\u0119 przecinkiem i&nbsp;dodaje si\u0119 lit. e.<br \/>W ustawie z&nbsp;dnia 20 kwietnia 2004 r. o&nbsp;promocji zatrudnienia i&nbsp;instytucjach rynku pracy (Dz. U. z&nbsp;2017 r. poz. 1065, z&nbsp;p&oacute;\u017an. zm.) zmianie ulegnie brzmienie art. 1 ust. 3 pkt 2 lit. ha, art. 87 ust. 1, art. 88g ust. 1b, art. 88j ust. 2, w&nbsp;art. 88z w&nbsp;ust. 5 w&nbsp;pkt 1 wyrazy &#8220;art. 120 ust. 11&#8221; zast\u0119puje si\u0119 wyrazami &#8220;art. 120 ust. 10&#8221;.<br \/>W ustawie z&nbsp;dnia 2 lipca 2004 r. o&nbsp;swobodzie dzia\u0142alno\u015bci gospodarczej (Dz. U. z&nbsp;2017 r. poz. 2168, 2290 i&nbsp;2486) zmianie ulegnie brzmienie art. 13 ust. 2 pkt 1, uchyla si\u0119 lit. d.<br \/>W ustawie z&nbsp;dnia 27 sierpnia 2004 r. o&nbsp;\u015bwiadczeniach opieki zdrowotnej finansowanych ze \u015brodk&oacute;w publicznych (Dz. U. z&nbsp;2017 r. poz. 1938, 2110, 2217, 2361 i&nbsp;2434) zmianie ulegnie brzmienie art. 12 pkt 5.<br \/>W ustawie z&nbsp;dnia 16 listopada 2006 r. o&nbsp;op\u0142acie skarbowej (Dz. U. z&nbsp;2016 r. poz. 1827, z&nbsp;p&oacute;\u017an. zm.) zmianie ulegnie brzmienie za\u0142\u0105cznika do ustawy cz\u0119\u015bci III kolumnie 2 w&nbsp;ust. 2b.<br \/>W ustawie z&nbsp;dnia 2 kwietnia 2009 r. o&nbsp;obywatelstwie polskim (Dz. U. z&nbsp;2017 r. poz. 1462) w&nbsp;art. 30 w&nbsp;ust. 2 po wyrazach &#8220;ustawy z&nbsp;dnia 7 pa\u017adziernika 1999 r. o&nbsp;j\u0119zyku polskim (Dz. U. z&nbsp;2011 r. poz. 224 i&nbsp;455, z&nbsp;2015 r. poz. 1132 oraz z&nbsp;2017 r. poz. 60), &#8221; dodaje si\u0119 wyrazy &#8220;na poziomie bieg\u0142o\u015bci j\u0119zykowej co najmniej B1,&#8221;.<br \/>W ustawie z&nbsp;dnia 9 czerwca 2011 r. o&nbsp;wspieraniu rodziny i&nbsp;systemie pieczy zast\u0119pczej (Dz. U. z&nbsp;2017 r. poz. 697, 1292 i&nbsp;2217) w&nbsp;art. 5 w&nbsp;ust. 1 w&nbsp;pkt 4 w&nbsp;lit. b kropk\u0119 zast\u0119puje si\u0119 \u015brednikiem i&nbsp;dodaje si\u0119 pkt 5, zmianie ulegnie brzmienie art. 42 ust. 1 pkt 6.<br \/>W ustawie z&nbsp;dnia 11 lutego 2016 r. o&nbsp;pomocy pa\u0144stwa w&nbsp;wychowywaniu dzieci (Dz. U. z&nbsp;2017 r. poz. 1851) w&nbsp;art. 1 w&nbsp;ust. 2 w&nbsp;pkt 2 w&nbsp;lit. d kropk\u0119 zast\u0119puje si\u0119 przecinkiem i&nbsp;dodaje si\u0119 lit. e.<br \/>W ustawie z&nbsp;dnia 10 czerwca 2016 r. o&nbsp;delegowaniu pracownik&oacute;w w&nbsp;ramach \u015bwiadczenia us\u0142ug (Dz. U. poz. 868) zmianie ulegnie brzmienie art. 26.<\/p>\n<p><strong>KODEKS KARNY<\/strong><br \/>Ustawa z&nbsp;dnia 8 grudnia 2017 r. o&nbsp;zmianie ustawy &#8211; Kodeks karny (Dz. U. z&nbsp;2018 r., poz. 20) &ndash; wesz\u0142a w&nbsp;\u017cycie z&nbsp;dniem 19 stycznia 2018 r.<br \/>W ustawie z&nbsp;dnia 6 czerwca 1997 r. &#8211; Kodeks karny (Dz. U. z&nbsp;2017 r. poz. 2204) w&nbsp;art. 25 dodaje si\u0119 &sect; 2a.<br \/>Rozporz\u0105dzenie Ministra Sprawiedliwo\u015bci z&nbsp;dnia 28 grudnia 2017 r. w&nbsp;sprawie prowadzenia depozytu przedmiot&oacute;w warto\u015bciowych i&nbsp;\u015brodk&oacute;w pieni\u0119\u017cnych os&oacute;b pozbawionych wolno\u015bci (Dz. U. z&nbsp;2018 r., poz. 196) &ndash; wejdzie w&nbsp;\u017cycie z&nbsp;dniem 8 lutego 2018 r.<br \/>Ustawa z&nbsp;dnia 10 stycznia 2018 r. o&nbsp;zmianie ustawy &#8211; Kodeks post\u0119powania karnego oraz niekt&oacute;rych innych ustaw (Dz. U. z&nbsp;2018 r., poz. 201) &ndash; wejdzie w&nbsp;\u017cycie z&nbsp;dniem 8 lutego 2018 r.<br \/>W ustawie z&nbsp;dnia 6 czerwca 1997 r. &#8211; Kodeks post\u0119powania karnego (Dz. U. z&nbsp;2017 r. poz. 1904 i&nbsp;2405 oraz z&nbsp;2018 r. poz. 5, 106 i&nbsp;138) zmianie ulegnie brzmienie art. 17 &sect; 4, art. 291 &sect; 2, do tytu\u0142u ustawy dodaje si\u0119 odno\u015bnik nr 1, w&nbsp;art. 589g uchyla si\u0119 &sect; 4, dodaje si\u0119 art. 589ka, uchyla si\u0119 art. 589t, dodaje si\u0119 art. 589v, dodaje si\u0119 rozdzia\u0142y 62c i&nbsp;62d, w&nbsp;art. 613 w&nbsp;&sect; 1 wyrazy &#8220;w rozdzia\u0142ach 62a, 62b&#8221; zast\u0119puje si\u0119 wyrazami &#8220;w rozdzia\u0142ach 62a-62d.<br \/>W ustawie z&nbsp;dnia 6 czerwca 1997 r. &#8211; Kodeks karny wykonawczy (Dz. U. z&nbsp;2017 r. poz. 665, 666, 768, 1452, 2217 i&nbsp;2400) zmianie ulegnie brzmienie art. 187 &sect; 2.<br \/>W ustawie z&nbsp;dnia 10 wrze\u015bnia 1999 r. &#8211; Kodeks karny skarbowy (Dz. U. z&nbsp;2017 r. poz. 2226) zmianie ulegnie brzmienie art. 33 &sect; 4, art. 43 w&nbsp;&sect; 1, art. 131.<br \/>W ustawie z&nbsp;dnia 24 sierpnia 2001 r. &#8211; Kodeks post\u0119powania w&nbsp;sprawach o&nbsp;wykroczenia (Dz. U. z&nbsp;2016 r. poz. 1713, z&nbsp;p&oacute;\u017an. zm.) w&nbsp;dziale XIIa dodaje si\u0119 rozdzia\u0142 20c.<\/p>\n<p><strong>S\u0104D NAJWY\u017bSZY<\/strong><br \/>Ustawa z&nbsp;dnia 8 grudnia 2017 r. o&nbsp;S\u0105dzie Najwy\u017cszym (Dz. U. z&nbsp;2018 r., poz. 5) &ndash; wejdzie w&nbsp;\u017cycie z&nbsp;dniem 3 kwietnia 2018 r.<\/p>\n<p><strong>RYNEK MOCY<\/strong><br \/>Ustawa z&nbsp;dnia 8 grudnia 2017 r. o&nbsp;rynku mocy (Dz. U. z&nbsp;2018 r., poz. 9) &ndash; wesz\u0142a w&nbsp;\u017cycie z&nbsp;dniem 18 stycznia 2018 r.<\/p>\n<p><strong>POST\u0118POWANIE W&nbsp;SPRAWACH DOTYCZ\u0104CYCH POMOCY PUBLICZNEJ<\/strong><br \/>Rozporz\u0105dzenie Rady Ministr&oacute;w z&nbsp;dnia 12 grudnia 2017 r. zmieniaj\u0105ce rozporz\u0105dzenie w&nbsp;sprawie informacji przekazywanych w&nbsp;celu wydania opinii o&nbsp;planowanej pomocy publicznej (Dz. U. z&nbsp;2018 r., poz. 19) &ndash; wesz\u0142o w&nbsp;\u017cycie z&nbsp;dniem 19 stycznia 2018 r.<br \/>W rozporz\u0105dzeniu Rady Ministr&oacute;w z&nbsp;dnia 26 pa\u017adziernika 2004 r. w&nbsp;sprawie informacji przekazywanych w&nbsp;celu wydania opinii o&nbsp;planowanej pomocy publicznej (Dz. U. poz. 2467, z&nbsp;2007 r. poz. 1034 oraz z&nbsp;2010 r. poz. 1088) zmianie ulegnie brzmienie &sect; 2, &sect; 3, &sect; 4 ust. 1, &sect; 5, za\u0142\u0105cznik&oacute;w nr 1-12 do rozporz\u0105dzenia, uchyla si\u0119 za\u0142\u0105cznik nr 13 do rozporz\u0105dzenia, uchyla si\u0119 za\u0142\u0105cznik nr 16 do rozporz\u0105dzenia.<\/p>\n<p><strong>DZIA\u0141ALNO\u015a\u0106 UBEZPIECZENIOWA I&nbsp;REASEKURACYJNA<\/strong><br \/>Ustawa z&nbsp;dnia 14 grudnia 2017 r. o&nbsp;zmianie ustawy o&nbsp;dzia\u0142alno\u015bci ubezpieczeniowej i&nbsp;reasekuracyjnej oraz niekt&oacute;rych innych ustaw (Dz. U. z&nbsp;2018 r., poz. 8) &ndash; wesz\u0142a w&nbsp;\u017cycie z&nbsp;dniem 11 stycznia 2018 r., z&nbsp;wyj\u0105tkiem art. 1 pkt 10, kt&oacute;ry wchodzi w&nbsp;\u017cycie z&nbsp;dniem nast\u0119puj\u0105cym po dniu og\u0142oszenia.<br \/>W ustawie z&nbsp;dnia 11 wrze\u015bnia 2015 r. o&nbsp;dzia\u0142alno\u015bci ubezpieczeniowej i&nbsp;reasekuracyjnej (Dz. U. z&nbsp;2017 r. poz. 1170, 1089, 1926, 2102 i&nbsp;2486) zmianie ulegnie brzmienie art. 3 ust. 1, art. 4 ust. 11 pkt 1, art. 114 ust. 2, art. 272 ust. 1, art. 490, dodaje si\u0119 art. 174a, dodaje si\u0119 art. 208a, dodaje si\u0119 art. 211a, dodaje si\u0119 art. 313a, w&nbsp;art. 339 w&nbsp;ust. 5 w&nbsp;pkt 10 kropk\u0119 zast\u0119puje si\u0119 \u015brednikiem i&nbsp;dodaje si\u0119 pkt 11, dodaje si\u0119 art. 366a, w&nbsp;art. 366 uchyla si\u0119 ust. 5.<br \/>W ustawie z&nbsp;dnia 7 lipca 1994 r. o&nbsp;gwarantowanych przez Skarb Pa\u0144stwa ubezpieczeniach eksportowych (Dz. U. z&nbsp;2017 r. poz. 826) zmianie ulegnie brzmienie art. 5.<br \/>W ustawie z&nbsp;dnia 15 stycznia 2015 r. o&nbsp;obligacjach (Dz. U. poz. 238 oraz z&nbsp;2017 r. poz. 1089 i&nbsp;1199) w&nbsp;art. 22 dotychczasow\u0105 tre\u015b\u0107 oznacza si\u0119 jako ust. 1 i&nbsp;dodaje si\u0119 ust. 2.<\/p>\n<p><strong>PRAWO PRACY<\/strong><br \/>Rozporz\u0105dzenie Ministra Rodziny, Pracy i&nbsp;Polityki Spo\u0142ecznej z&nbsp;dnia 14 grudnia 2017 r. zmieniaj\u0105ce rozporz\u0105dzenie w&nbsp;sprawie Rady Zatrudnienia Socjalnego (Dz. U. z&nbsp;2018 r., poz. 14) &ndash; wesz\u0142o w&nbsp;\u017cycie z&nbsp;dniem 19 stycznia 2018 r. <br \/>W rozporz\u0105dzeniu Ministra Rodziny, Pracy i&nbsp;Polityki Spo\u0142ecznej z&nbsp;dnia 18 maja 2016 r. w&nbsp;sprawie Rady Zatrudnienia Socjalnego (Dz. U. poz. 733) zmianie ulegnie brzmienie &sect; 5 i&nbsp;6, &sect; 7 ust. 2, w&nbsp;&sect; 3 dodaje si\u0119 ust. 3a.<br \/>Rozporz\u0105dzenie Rady Ministr&oacute;w z&nbsp;dnia 27 grudnia 2017 r. zmieniaj\u0105ce rozporz\u0105dzenie w&nbsp;sprawie zasad wynagradzania pracownik&oacute;w nieb\u0119d\u0105cych cz\u0142onkami korpusu s\u0142u\u017cby cywilnej zatrudnionych w&nbsp;urz\u0119dach administracji rz\u0105dowej i&nbsp;pracownik&oacute;w innych jednostek (Dz. U. z&nbsp;2017 r., poz. 2504) &ndash; wesz\u0142o w&nbsp;\u017cycie z&nbsp;dniem 1 stycznia 2018 r.<br \/>W rozporz\u0105dzeniu Rady Ministr&oacute;w z&nbsp;dnia 2 lutego 2010 r. w&nbsp;sprawie zasad wynagradzania pracownik&oacute;w nieb\u0119d\u0105cych cz\u0142onkami korpusu s\u0142u\u017cby cywilnej zatrudnionych w&nbsp;urz\u0119dach administracji rz\u0105dowej i&nbsp;pracownik&oacute;w innych jednostek (Dz. U. poz. 134, z&nbsp;p&oacute;\u017an. zm.) zmianie ulegnie brzmienie za\u0142\u0105cznika nr 3.<br \/>Rozporz\u0105dzenie Ministra Rozwoju i&nbsp;Finans&oacute;w z&nbsp;dnia 15 grudnia 2017 r. w&nbsp;sprawie bezpiecze\u0144stwa i&nbsp;higieny pracy przy u\u017cytkowaniu w&oacute;zk&oacute;w jezdniowych z&nbsp;nap\u0119dem silnikowym (Dz. U. z&nbsp;2018 r., poz. 47) &ndash; wejdzie w&nbsp;\u017cycie z&nbsp;dniem 10 sierpnia 2018 r.<br \/>Rozporz\u0105dzenie Ministra Rodziny, Pracy i&nbsp;Polityki Spo\u0142ecznej z&nbsp;dnia 12 stycznia 2018 r. zmieniaj\u0105ce rozporz\u0105dzenie w&nbsp;sprawie warunk&oacute;w wynagradzania za prac\u0119 i&nbsp;przyznawania innych \u015bwiadcze\u0144 zwi\u0105zanych z&nbsp;prac\u0105 dla pracownik&oacute;w nieb\u0119d\u0105cych nauczycielami, zatrudnionych w&nbsp;szko\u0142ach i&nbsp;plac&oacute;wkach o\u015bwiatowych prowadzonych przez organy administracji rz\u0105dowej oraz w&nbsp;niekt&oacute;rych innych jednostkach organizacyjnych (Dz. U. z&nbsp;2018 r., poz. 163) &ndash; wesz\u0142o w&nbsp;\u017cycie z&nbsp;dniem 20 stycznia 2018 r.<br \/>W rozporz\u0105dzeniu Ministra Pracy i&nbsp;Polityki Spo\u0142ecznej z&nbsp;dnia 30 kwietnia 2008 r. w&nbsp;sprawie warunk&oacute;w wynagradzania za prac\u0119 i&nbsp;przyznawania innych \u015bwiadcze\u0144 zwi\u0105zanych z&nbsp;prac\u0105 dla pracownik&oacute;w nieb\u0119d\u0105cych nauczycielami, zatrudnionych w&nbsp;szko\u0142ach i&nbsp;plac&oacute;wkach o\u015bwiatowych prowadzonych przez organy administracji rz\u0105dowej oraz w&nbsp;niekt&oacute;rych innych jednostkach organizacyjnych (Dz. U. z&nbsp;2017 r. poz. 770) zmianie uleg\u0142o brzmienie &sect; 1 ust. 1, &sect; 3 pkt 1 lit. d, &sect; 8 ust. 1, za\u0142\u0105cznika nr 1 do rozporz\u0105dzenia, za\u0142\u0105cznika nr 2 do rozporz\u0105dzenia w&nbsp;tabeli II, za\u0142\u0105cznika nr 4 do rozporz\u0105dzenia.<\/p>\n<p><strong>PRAWO O&nbsp;USTROJU S\u0104D&Oacute;W POWSZECHNYCH<\/strong><br \/>Rozporz\u0105dzenie Ministra Sprawiedliwo\u015bci z&nbsp;dnia 28 grudnia 2017 r. zmieniaj\u0105ce rozporz\u0105dzenie w&nbsp;sprawie nadzoru administracyjnego nad dzia\u0142alno\u015bci\u0105 administracyjn\u0105 s\u0105d&oacute;w powszechnych (Dz. U. z&nbsp;2018 r., poz. 22) &ndash; wesz\u0142o w&nbsp;\u017cycie z&nbsp;dniem 5 stycznia 2018 r.<br \/>W rozporz\u0105dzeniu Ministra Sprawiedliwo\u015bci z&nbsp;dnia 20 grudnia 2012 r. w&nbsp;sprawie nadzoru administracyjnego nad dzia\u0142alno\u015bci\u0105 administracyjn\u0105 s\u0105d&oacute;w powszechnych (Dz. U. z&nbsp;2013 r. poz. 69 oraz z&nbsp;2014 r. poz. 674) zmianie ulegnie brzmienie &sect; 1 pkt 3, &sect; 10, &sect; 19, &sect; 20, &sect; 23 ust. 1 i&nbsp;2, &sect; 24 ust. 1, &sect; 25, za\u0142\u0105cznika nr 3, dodaje si\u0119 &sect; 4a, dodaje si\u0119 za\u0142\u0105czniki nr 4 i&nbsp;5.<\/p>\n<p><strong>PRAWO ENERGETYCZNE<\/strong><br \/>Rozporz\u0105dzenie Ministra Energii z&nbsp;dnia 29 grudnia 2017 r. w&nbsp;sprawie szczeg&oacute;\u0142owych zasad kszta\u0142towania i&nbsp;kalkulacji taryf oraz rozlicze\u0144 w&nbsp;obrocie energi\u0105 elektryczn\u0105 (Dz. U. z&nbsp;2017 r., poz. 2500) &ndash; wesz\u0142o w&nbsp;\u017cycie z&nbsp;dniem 30 grudnia 2017 r., z&nbsp;wyj\u0105tkiem &sect; 43 ust. 2 i&nbsp;3, kt&oacute;re wchodz\u0105 w&nbsp;\u017cycie z&nbsp;dniem 1 stycznia 2019 r.<\/p>\n<p><strong>SP&Oacute;\u0141DZIELNIE SOCJALNE<\/strong><br \/>Ustawa z&nbsp;dnia 15 grudnia 2017 r. o&nbsp;zmianie ustawy o&nbsp;sp&oacute;\u0142dzielniach socjalnych oraz niekt&oacute;rych innych ustaw (Dz. U. z&nbsp;2017 r., poz. 2494) &ndash; wejdzie w&nbsp;\u017cycie z&nbsp;dniem 31 marca 2018 r., z&nbsp;wyj\u0105tkiem art. 1 pkt 11, kt&oacute;ry wchodzi w&nbsp;\u017cycie z&nbsp;dniem 1 stycznia 2018 r.<br \/>W ustawie z&nbsp;dnia 27 kwietnia 2006 r. o&nbsp;sp&oacute;\u0142dzielniach socjalnych (Dz. U. poz. 651, z&nbsp;2009 r. poz. 742, z&nbsp;2010 r. poz. 146, z&nbsp;2011 r. poz. 1211 oraz z&nbsp;2015 r. poz. 1567) zmianie ulegnie brzmienie art. 2, art. 4, art. 5, art. 5a, art. 10, art. 12, art. 18, w&nbsp;art. 3 dotychczasow\u0105 tre\u015b\u0107 oznacza si\u0119 jako ust. 1 i&nbsp;dodaje si\u0119 ust. 2, w&nbsp;art. 6 w&nbsp;ust. 1 dodaje si\u0119 pkt 3a i&nbsp;3b, dodaje si\u0119 art. 7a, dodaje si\u0119 art. 15b i&nbsp;art. 15c, dodaje si\u0119 art. 17a.<br \/>W ustawie z&nbsp;dnia 26 lipca 1991 r. o&nbsp;podatku dochodowym od os&oacute;b fizycznych (Dz. U. z&nbsp;2016 r. poz. 2032, z&nbsp;p&oacute;\u017an. zm.) zmianie ulegnie brzmienie art. 21 ust. 1 pkt 121.<br \/>W ustawie z&nbsp;dnia 27 sierpnia 1997 r. o&nbsp;rehabilitacji zawodowej i&nbsp;spo\u0142ecznej oraz zatrudnianiu os&oacute;b niepe\u0142nosprawnych (Dz. U. z&nbsp;2016 r. poz. 2046 i&nbsp;1948 oraz z&nbsp;2017 r. poz. 777, 935 i&nbsp;1428) zmianie ulegnie brzmienie art. 12a ust. 1 i&nbsp;2, art. 35a ust. 1 pkt 9a, art. 46 pkt 7, w&nbsp;art. 10a dodaje si\u0119 ust. 3a i&nbsp;3b, w&nbsp;art. 10b dodaje si\u0119 ust. 5a, dodaje si\u0119 art. 26g.<br \/>W ustawie z&nbsp;dnia 4 wrze\u015bnia 1997 r. o&nbsp;dzia\u0142ach administracji rz\u0105dowej (Dz. U. z&nbsp;2017 r. poz. 888, 1086, 1566, 1909 i&nbsp;2180) w&nbsp;art. 31 w&nbsp;ust. 1 dodaje si\u0119 pkt 6a.<br \/>W ustawie z&nbsp;dnia 20 kwietnia 2004 r. o&nbsp;promocji zatrudnienia i&nbsp;instytucjach rynku pracy (Dz. U. z&nbsp;2017 r. poz. 1065, 1292, 1321, 1428, 1543 i&nbsp;2371) zmianie ulegnie brzmienie art. 33 ust. 4 pkt 2a, art. 46, art. 59b ust. 1, art. 76 ust. 7 pkt 2 i&nbsp;3, art. 108 ust. 1 pkt 13, u\u017cyte trzykrotnie w&nbsp;art. 2 ust. 1 pkt 2 lit. f, art. 74 i&nbsp;art. 75 ust. 1 pkt 8 wyrazy &#8220;ewidencji dzia\u0142alno\u015bci gospodarczej&#8221; zast\u0119puje si\u0119 wyrazami &#8220;Centralnej Ewidencji i&nbsp;Informacji o&nbsp;Dzia\u0142alno\u015bci Gospodarczej&#8221;.<\/p>\n<p><strong>PRAWO WODNE<\/strong><br \/>Rozporz\u0105dzenie Rady Ministr&oacute;w z&nbsp;dnia 22 grudnia 2017 r. w&nbsp;sprawie jednostkowych stawek op\u0142at za us\u0142ugi wodne (Dz.U.2017.2502) &#8211; wesz\u0142o w&nbsp;\u017cycie z&nbsp;dniem 1 stycznia 2018 r., z&nbsp;wyj\u0105tkiem &sect; 2 i&nbsp;&sect; 3, kt&oacute;re wchodz\u0105 w&nbsp;\u017cycie z&nbsp;dniem 1 stycznia 2020 r.<br \/>Rozporz\u0105dzenie Rady Ministr&oacute;w z&nbsp;dnia 27 grudnia 2017 r. w&nbsp;sprawie zlewni (Dz. U. z&nbsp;2017 r., poz. 2509) &#8211; wesz\u0142o w&nbsp;\u017cycie z&nbsp;dniem 1 stycznia 2018 r.<br \/>Rozporz\u0105dzenie Rady Ministr&oacute;w z&nbsp;dnia 27 grudnia 2017 r. w&nbsp;sprawie ustalania op\u0142at podwy\u017cszonych za przekroczenie warunk&oacute;w wprowadzania \u015bciek&oacute;w do w&oacute;d lub do ziem (Dz. U. z&nbsp;2017 r., poz. 2501) &#8211; wesz\u0142o w&nbsp;\u017cycie z&nbsp;dniem 1 stycznia 2018 r.<br \/>Rozporz\u0105dzenie Rady Ministr&oacute;w z&nbsp;dnia 27 grudnia 2017 r. w&nbsp;sprawie szczeg&oacute;\u0142owego sposobu prowadzenia gospodarki finansowej Pa\u0144stwowego Gospodarstwa Wodnego Wody Polskie (Dz. U. z&nbsp;2017 r., poz. 2492) &#8211; wesz\u0142o w&nbsp;\u017cycie z&nbsp;dniem 1 stycznia 2018 r.<br \/>Rozporz\u0105dzenie Rady Ministr&oacute;w z&nbsp;dnia 28 grudnia 2017 r. w&nbsp;sprawie wysoko\u015bci jednostkowych stawek op\u0142aty rocznej za u\u017cytkowanie grunt&oacute;w pokrytych wodami (Dz. U. z&nbsp;2017 r., poz. 2496) &#8211; wesz\u0142o w&nbsp;\u017cycie z&nbsp;dniem 1 stycznia 2018 r.<br \/>Rozporz\u0105dzenie Rady Ministr&oacute;w z&nbsp;dnia 28 grudnia 2017 r. w&nbsp;sprawie sposobu ustalenia i&nbsp;ewidencjonowania przebiegu granic obszar&oacute;w dorzeczy, region&oacute;w wodnych oraz zlewni (Dz. U. z&nbsp;2017 r., poz. 2505) &#8211; wesz\u0142o w&nbsp;\u017cycie z&nbsp;dniem 1 stycznia 2018 r.<br \/>Rozporz\u0105dzenie Ministra \u015arodowiska z&nbsp;dnia 28 grudnia 2017 r. w&nbsp;sprawie nadania statutu Pa\u0144stwowemu Gospodarstwu Wodnemu Wody Polskie (Dz. U. z&nbsp;2017 r., poz. 2506) &#8211; wesz\u0142o w&nbsp;\u017cycie z&nbsp;dniem 1 stycznia 2018 r.<br \/>Rozporz\u0105dzenie Ministra Spraw Wewn\u0119trznych i&nbsp;Administracji z&nbsp;dnia 8 stycznia 2018 r. zmieniaj\u0105ce rozporz\u0105dzenie w&nbsp;sprawie minimalnych wymaga\u0144 dotycz\u0105cych liczby ratownik&oacute;w wodnych zapewniaj\u0105cych sta\u0142\u0105 kontrol\u0119 wyznaczonego obszaru wodnego (Dz. U. z&nbsp;2018 r., poz. 118) &#8211; wesz\u0142o w&nbsp;\u017cycie z&nbsp;dniem 16 stycznia 2018 r.<br \/>W rozporz\u0105dzeniu Ministra Spraw Wewn\u0119trznych z&nbsp;dnia 23 stycznia 2012 r. w&nbsp;sprawie minimalnych wymaga\u0144 dotycz\u0105cych liczby ratownik&oacute;w wodnych zapewniaj\u0105cych sta\u0142\u0105 kontrol\u0119 wyznaczonego obszaru wodnego (Dz. U. poz. 108) zmianie uleg\u0142o brzmienie &sect; 2 pkt 2.<br \/>Rozporz\u0105dzenie Ministra Spraw Wewn\u0119trznych i&nbsp;Administracji z&nbsp;dnia 11 stycznia 2018 r. zmieniaj\u0105ce rozporz\u0105dzenie w&nbsp;sprawie sposobu oznakowania i&nbsp;zabezpieczania obszar&oacute;w wodnych oraz wzor&oacute;w znak&oacute;w zakazu, nakazu oraz znak&oacute;w informacyjnych i&nbsp;flag (Dz. U. z&nbsp;2018 r., poz. 153) &#8211; wesz\u0142o w&nbsp;\u017cycie z&nbsp;dniem 20 stycznia 2018 r.<br \/>W rozporz\u0105dzeniu Ministra Spraw Wewn\u0119trznych z&nbsp;dnia 6 marca 2012 r. w&nbsp;sprawie sposobu oznakowania i&nbsp;zabezpieczania obszar&oacute;w wodnych oraz wzor&oacute;w znak&oacute;w zakazu, nakazu oraz znak&oacute;w informacyjnych i&nbsp;flag (Dz. U. poz. 286) zmianie uleg\u0142o brzmienie &sect; 2.<br \/>Rozporz\u0105dzenie Ministra Spraw Wewn\u0119trznych i&nbsp;Administracji z&nbsp;dnia 18 stycznia 2018 r. zmieniaj\u0105ce rozporz\u0105dzenie w&nbsp;sprawie wymaga\u0144 dotycz\u0105cych wyposa\u017cenia wyznaczonych obszar&oacute;w wodnych w&nbsp;sprz\u0119t ratunkowy i&nbsp;pomocniczy, urz\u0105dzenia sygnalizacyjne i&nbsp;ostrzegawcze oraz sprz\u0119t medyczny, leki i&nbsp;artyku\u0142y sanitarne (Dz. U. z&nbsp;2018 r., poz. 189) &#8211; wesz\u0142o w&nbsp;\u017cycie z&nbsp;dniem 24 stycznia 2018 r.<br \/>W rozporz\u0105dzeniu Ministra Spraw Wewn\u0119trznych z&nbsp;dnia 27 lutego 2012 r. w&nbsp;sprawie wymaga\u0144 dotycz\u0105cych wyposa\u017cenia wyznaczonych obszar&oacute;w wodnych w&nbsp;sprz\u0119t ratunkowy i&nbsp;pomocniczy, urz\u0105dzenia sygnalizacyjne i&nbsp;ostrzegawcze oraz sprz\u0119t medyczny, leki i&nbsp;artyku\u0142y sanitarne (Dz. U. poz. 261) zmianie uleg\u0142o brzmienie &sect; 2 w&nbsp;ust. 2.<\/p>\n<p><strong>ODPADY<\/strong><br \/>Rozporz\u0105dzenie Ministra \u015arodowiska z&nbsp;dnia 19 stycznia 2018 r. w&nbsp;sprawie wysoko\u015bci stawek op\u0142aty rejestrowej oraz op\u0142aty rocznej (Dz. U. z&nbsp;2018 r., poz. 184) &#8211; wesz\u0142o w&nbsp;\u017cycie z&nbsp;dniem 24 stycznia 2018 r.<\/p>\n<p><strong>ZMIANA NIEKT&Oacute;RYCH USTAW<\/strong><br \/>Ustawa z&nbsp;dnia 10 stycznia 2018 r. o&nbsp;zmianie ustawy &#8211; Prawo restrukturyzacyjne, ustawy &#8211; Kodeks post\u0119powania administracyjnego oraz ustawy o&nbsp;zmianie niekt&oacute;rych ustaw w&nbsp;celu u\u0142atwienia dochodzenia wierzytelno\u015bci (Dz. U. z&nbsp;2018 r., poz. 149) &ndash; wejdzie w&nbsp;\u017cycie z&nbsp;dniem 2 lutego 2018 r., z&nbsp;wyj\u0105tkiem art. 1 pkt 6 i&nbsp;art. 3, kt&oacute;re wchodz\u0105 w&nbsp;\u017cycie z&nbsp;dniem 1 lutego 2018 r.<br \/>W ustawie z&nbsp;dnia 15 maja 2015 r. &#8211; Prawo restrukturyzacyjne (Dz. U. z&nbsp;2017 r. poz. 1508) zmianie ulegnie brzmienie art. 141, art. 144, art. 145, art. 456 pkt 1, w&nbsp;tytule I&nbsp;w dziale V dodaje si\u0119 art. 139a, w&nbsp;art. 142 w&nbsp;ust. 1 w&nbsp;pkt 3 kropk\u0119 zast\u0119puje si\u0119 \u015brednikiem i&nbsp;dodaje si\u0119 pkt 4 i&nbsp;5.<br \/>W ustawie z&nbsp;dnia 14 czerwca 1960 r. &#8211; Kodeks post\u0119powania administracyjnego (Dz. U. z&nbsp;2017 r. poz. 1257) zmianie ulegnie brzmienie art. 189k.<br \/>W ustawie z&nbsp;dnia 7 kwietnia 2017 r. o&nbsp;zmianie niekt&oacute;rych ustaw w&nbsp;celu u\u0142atwienia dochodzenia wierzytelno\u015bci (Dz. U. poz. 933) zmianie ulegnie brzmienie art. 21 ust. 2.<br \/>Ustawa z&nbsp;dnia 11 stycznia 2018 r. o&nbsp;zmianie niekt&oacute;rych ustaw w&nbsp;celu zwi\u0119kszenia udzia\u0142u obywateli w&nbsp;procesie wybierania, funkcjonowania i&nbsp;kontrolowania niekt&oacute;rych organ&oacute;w publicznych (Dz. U. z&nbsp;2018 r., poz. 130) &#8211; wejdzie w&nbsp;\u017cycie z&nbsp;dniem 31 stycznia 2018 r., z&nbsp;wyj\u0105tkiem:<br \/>1) art. 5 pkt 5 w&nbsp;zakresie &sect; 2, 4, 9 i&nbsp;11-14, pkt 7, 8, 12, pkt 68 lit. a&nbsp;tiret drugie w&nbsp;zakresie pkt 3b i&nbsp;3d, pkt 99, 109, 110, 129, 130, 134 i&nbsp;135, kt&oacute;re wchodz\u0105 w&nbsp;\u017cycie z&nbsp;dniem 1 stycznia 2019 r.;<br \/>2) art. 5 pkt 59 oraz pkt 60 lit. a, b i&nbsp;d, kt&oacute;re wchodz\u0105 w&nbsp;\u017cycie z&nbsp;pierwszym dniem kadencji Sejmu nast\u0119puj\u0105cej po kadencji, w&nbsp;czasie kt&oacute;rej niniejsza ustawa wesz\u0142a w&nbsp;\u017cycie.<br \/>W ustawie z&nbsp;dnia 8 marca 1990 r. o&nbsp;samorz\u0105dzie gminnym (Dz. U. z&nbsp;2017 r. poz. 1875 i&nbsp;2232) zmianie ulegnie brzmienie art. 5a, art. 20, art. 23, art. 24f ust. 2, art. 28b ust. 1, w&nbsp;art. 14 dotychczasow\u0105 tre\u015b\u0107 oznacza si\u0119 jako ust. 1 i&nbsp;dodaje si\u0119 ust. 2-4, w&nbsp;art. 18 w&nbsp;ust. 2 dodaje si\u0119 pkt 4a, dodaje si\u0119 art. 18b, dodaje si\u0119 art. 21a, w&nbsp;art. 24 dotychczasow\u0105 tre\u015b\u0107 oznacza si\u0119 jako ust. 1 i&nbsp;dodaje si\u0119 ust. 2-7, dodaje si\u0119 art. 28aa, dodaje si\u0119 art. 41a.<br \/>W ustawie z&nbsp;dnia 5 czerwca 1998 r. o&nbsp;samorz\u0105dzie powiatowym (Dz. U. z&nbsp;2017 r. poz. 1868) zmianie ulegnie brzmienie art. 3d, art. 9 ust. 2, art. 15, art. 21, art. 31 ust. 1, w&nbsp;art. 12 dodaje si\u0119 pkt 6a, dodaje si\u0119 art. 16a, w&nbsp;art. 18 dotychczasow\u0105 tre\u015b\u0107 oznacza si\u0119 jako ust. 1 i&nbsp;dodaje si\u0119 ust. 2 i&nbsp;3, dodaje si\u0119 art. 19a, dodaje si\u0119 art. 30a, dodaje si\u0119 art. 42a.<br \/>W ustawie z&nbsp;dnia 5 czerwca 1998 r. o&nbsp;samorz\u0105dzie wojew&oacute;dztwa (Dz. U. z&nbsp;2017 r. poz. 2096) zmianie ulegnie brzmienie art. 10a, art. 16 ust. 2, art. 21, art. 23, art. 29, art. 37 ust. 1, w&nbsp;art. 18 dodaje si\u0119 pkt 10a, w&nbsp;art. 19 dodaje si\u0119 ust. 1a-1c, dodaje si\u0119 art. 21a, w&nbsp;art. 30 dodaje si\u0119 ust. 4, dodaje si\u0119 art. 30a, dodaje si\u0119 art. 34a, dodaje si\u0119 art. 89a.<br \/>W ustawie z&nbsp;dnia 15 marca 2002 r. o&nbsp;ustroju miasta sto\u0142ecznego Warszawy (Dz. U. z&nbsp;2015 r. poz. 1438) zmianie ulegnie brzmienie art. 7 ust. 2 i&nbsp;3.<br \/>W ustawie z&nbsp;dnia 5 stycznia 2011 r.- Kodeks wyborczy (Dz. U. z&nbsp;2017 r. poz. 15 i&nbsp;1089 oraz z&nbsp;2018 r. poz. 4) zmianie ulegnie brzmienie art. 4, art. 12, art. 12a, art. 13, art. 13a, art. 16 &sect; 1, art. 17, art. 37d, art. 38 &sect; 2, art. 39, art. 40, art. 41, art. 42, art. 52, dzia\u0142 I&nbsp;tytu\u0142 rozdzia\u0142u 6a, art. 53a, art. 53b, art. 53c, art. 53d, art. 53e, art. 53g, art. 53h, art. 53i, art. 53j, art. 53k &sect; 1, art. 53l, art. 54 &sect; 4, art. 70, art. 71, art. 72 &sect; 1 i&nbsp;2, art. 75, art. 77-80, art. 105 &sect; 1, art. 106 &sect; 1, art. 108, art. 132 &sect; 5, art. 153, art. 154, art. 156 &sect; 1 zdanie pierwsze, art. 157, art. 158, art. 159, art. 160 &sect; 1, art. 161, art. 162, dzia\u0142 II tytu\u0142 rozdzia\u0142u 3, art. 166, art. 167, art. 178, art. 179, dzia\u0142 II tytu\u0142 rozdzia\u0142u 7, art. 182, art. 184, art. 185, art. 187 &sect; 1, art. 189 &sect; 3, art. 190, art. 204, art. 224 zdanie pierwsze, art. 227 &sect; 1, art. 229, art. 268 &sect; 1, art. 283 &sect; 5, art. 311, art. 321 &sect; 1 zdanie pierwsze, art. 324 &sect; 2, art. 351, art. 383 &sect; 2a zdanie pierwsze, art. 384 w&nbsp;&sect; 1 zdanie pierwsze, art. 385 &sect; 1, art. 387 &sect; 1 i&nbsp;2, art. 390a &sect; 3, art. 392 &sect; 1, art. 400, art. 401, art. 402, art. 403, art. 415, art. 416 &sect; 1, art. 417 &sect; 3, art. 418, art. 419, art. 420, art. 422, art. 425 &sect; 2, art. 427, art. 428 &sect; 1, art. 431, art. 432, art. 435 w&nbsp;&sect; 2 zdanie pierwsze, art. 436 &sect; 2 i&nbsp;2a, art. 437 &sect; 1, art. 438 &sect; 1, art. 439 &sect; 1, art. 440 &sect; 1, art. 442 w&nbsp;&sect; 2 pkt 6 i&nbsp;7, art. 443 &sect; 1, art. 444 w&nbsp;&sect; 1 wprowadzenie do wyliczenia, art. 445 w&nbsp;&sect; 6 zdanie drugie, art. 447 &sect; 3, art. 450, art. 454, art. 455 i&nbsp;art. 456, art. 457 &sect; 1, art. 459 &sect; 1, art. 462 &sect; 6 i&nbsp;7, art. 463 &sect; 1, art. 472, art. 478 &sect; 3, art. 483 &sect; 1, art. 484 i&nbsp;art. 485, art. 486 &sect; 1, art. 488 &sect; 1, art. 492 w&nbsp;&sect; 2a zdanie pierwsze, art. 493 w&nbsp;&sect; 1 zdanie pierwsze, art. 495 &sect; 2 pkt 1, art. 516, w&nbsp;art. 5 w&nbsp;pkt 11 kropk\u0119 zast\u0119puje si\u0119 \u015brednikiem i&nbsp;dodaje si\u0119 pkt 12 i&nbsp;13, w&nbsp;art. 8 dodaje si\u0119 &sect; 1a, w&nbsp;art. 11 dodaje si\u0119 &sect; 4, dodaje si\u0119 art. 13b, w&nbsp;art. 14 w&nbsp;&sect; 2 uchyla si\u0119 zdanie drugie, w&nbsp;art. 26 uchyla si\u0119 &sect; 3, u\u017cyte w&nbsp;art. 26 w&nbsp;&sect; 12, w&nbsp;art. 37c w&nbsp;&sect; 2, w&nbsp;art. 39 w&nbsp;&sect; 1 i&nbsp;w &sect; 4 w&nbsp;zdaniu pierwszym, w&nbsp;art. 40 w&nbsp;&sect; 4, w&nbsp;art. 42 w&nbsp;&sect; 1, w&nbsp;art. 44 w&nbsp;&sect; 1 i&nbsp;3, w&nbsp;art. 47 w&nbsp;&sect; 1, w&nbsp;&sect; 2 we wprowadzeniu do wyliczenia, w&nbsp;&sect; 3 w&nbsp;zdaniu pierwszym, w&nbsp;&sect; 4 i&nbsp;6, w&nbsp;art. 49 w&nbsp;&sect; 1-3, w&nbsp;art. 51 w&nbsp;&sect; 2 we wprowadzeniu do wyliczenia i&nbsp;w &sect; 3, w&nbsp;art. 52 w&nbsp;&sect; 1 i&nbsp;w &sect; 3 w&nbsp;zdaniu pierwszym, w&nbsp;art. 53g w&nbsp;&sect; 1a, w&nbsp;art. 53h w&nbsp;&sect; 6, w&nbsp;art. 58 w&nbsp;&sect; 1 i&nbsp;3, w&nbsp;art. 59 w&nbsp;&sect; 2, 3 i&nbsp;5, w&nbsp;art. 73, w&nbsp;art. 223, w&nbsp;art. 266, w&nbsp;art. 307, w&nbsp;art. 452 w&nbsp;&sect; 1, w&nbsp;art. 461 w&nbsp;&sect; 1 w&nbsp;pkt 1 w&nbsp;r&oacute;\u017cnej liczbie i&nbsp;w r&oacute;\u017cnych przypadkach wyrazy &#8220;obwodowa komisja wyborcza&#8221; zast\u0119puje si\u0119 u\u017cytymi w&nbsp;odpowiedniej liczbie i&nbsp;odpowiednich przypadkach wyrazami &#8220;obwodowa komisja wyborcza ds. przeprowadzenia g\u0142osowania w&nbsp;obwodzie&#8221;, dodaje si\u0119 art. 39a, uchyla si\u0119 art. 43, uchyla si\u0119 art. 53f, w&nbsp;art. 55 w&nbsp;&sect; 4 wyrazy &#8220;komisji obwodowej&#8221; zast\u0119puje si\u0119 wyrazami &#8220;obwodowej komisji wyborczej&#8221;, u\u017cyte w&nbsp;art. 69 w&nbsp;&sect; 1, 3 i&nbsp;3a, w&nbsp;art. 76 w&nbsp;&sect; 2 i&nbsp;3, w&nbsp;art. 228 w&nbsp;&sect; 1 we wprowadzeniu do wyliczenia, w&nbsp;art. 270 w&nbsp;&sect; 1 we wprowadzeniu do wyliczenia, w&nbsp;art. 271, w&nbsp;art. 313, w&nbsp;art. 314 w&nbsp;&sect; 1 w&nbsp;zdaniu drugim, w&nbsp;art. 349 w&nbsp;&sect; 2, w&nbsp;art. 350 w&nbsp;zdaniu drugim, w&nbsp;art. 441, w&nbsp;art. 452 w&nbsp;&sect; 2, w&nbsp;art. 468 w&nbsp;&sect; 1 w&nbsp;r&oacute;\u017cnej liczbie i&nbsp;r&oacute;\u017cnych przypadkach wyrazy &#8220;obwodowa komisja wyborcza&#8221; zast\u0119puje si\u0119 u\u017cytymi w&nbsp;odpowiedniej liczbie i&nbsp;odpowiednich przypadkach wyrazami &#8220;obwodowa komisja wyborcza ds. ustalenia wynik&oacute;w g\u0142osowania w&nbsp;obwodzie&#8221;, w&nbsp;art. 69 uchyla si\u0119 &sect; 2, uchyla si\u0119 art. 103, w&nbsp;dziale I&nbsp;po rozdziale 11 dodaje si\u0119 rozdzia\u0142 11a, dodaje si\u0119 art. 108a, w&nbsp;art. 110 po &sect; 6 dodaje si\u0119 &sect; 6a, w&nbsp;art. 124 w&nbsp;&sect; 1 w&nbsp;pkt 5 kropk\u0119 zast\u0119puje si\u0119 \u015brednikiem i&nbsp;dodaje si\u0119 pkt 6 i&nbsp;7, uchyla si\u0119 art. 155, dodaje si\u0119 art. 161a, w&nbsp;art. 180 w&nbsp;&sect; 1 uchyla si\u0119 pkt 3, uchyla si\u0119 art. 181, w&nbsp;dziale II w&nbsp;rozdziale 7 dodaje si\u0119 art. 181a, w&nbsp;art. 188 w&nbsp;&sect; 5 dodaje si\u0119 zdanie drugie, w&nbsp;dziale II dodaje si\u0119 rozdzia\u0142 9, dodaje si\u0119 art. 383a, dodaje si\u0119 art. 458a, dodaje si\u0119 art. 467a, w&nbsp;art. 479 w&nbsp;&sect; 2 dodaje si\u0119 pkt 2a, dodaje si\u0119 art. 492a, dodaje si\u0119 art. 497a, uchyla si\u0119 art. 499, uchyla si\u0119 art. 504a, art. 507, dodaje si\u0119 art. 513b i&nbsp;art. 513c.<br \/>W ustawie z&nbsp;dnia 11 lipca 2014 r. o&nbsp;petycjach (Dz. U. z&nbsp;2017 r. poz. 1123) zmianie ulegnie brzmienie art. 9 ust. 2<\/p>\n<p><strong>PRAWO OCHRONY \u015aRODOWISKA<\/strong><br \/>Ustawa z&nbsp;dnia 14 grudnia 2017 r. o&nbsp;zmianie ustawy o&nbsp;Inspekcji Ochrony \u015arodowiska oraz ustawy &#8211; Prawo ochrony \u015brodowiska (Dz. U. z&nbsp;2018 r., poz. 88) &ndash; wesz\u0142a w&nbsp;\u017cycie z&nbsp;dniem 26 stycznia 2018 r., z&nbsp;wyj\u0105tkiem art. 1, kt&oacute;ry wchodzi w&nbsp;\u017cycie z&nbsp;dniem nast\u0119puj\u0105cym po dniu og\u0142oszenia.<br \/>W ustawie z&nbsp;dnia 20 lipca 1991 r. o&nbsp;Inspekcji Ochrony \u015arodowiska (Dz. U. z&nbsp;2016 r. poz. 1688 oraz z&nbsp;2017 r. poz. 1566 i&nbsp;1567) zmianie uleg\u0142o brzmienie art. 2 ust. 1 pkt 16, art. 28f ust. 2 pkt 3, art. 28g.<br \/>W ustawie z&nbsp;dnia 27 kwietnia 2001 r. &#8211; Prawo ochrony \u015brodowiska (Dz. U. z&nbsp;2017 r. poz. 519, z&nbsp;p&oacute;\u017an. zm.) w&nbsp;art. 88 dodaje si\u0119 ust. 5-11, w&nbsp;art. 92a dodaje si\u0119 ust. 1a, w&nbsp;art. 93 dodaje si\u0119 ust. 1a, zmianie ulegnie brzmienie art. 90,art. 94.<\/p>\n<p><strong>PRAWO UNII EUROPEJSKIEJ<\/strong><br \/>Rozporz\u0105dzenie wykonawcze Komisji (UE) 2017\/2446 z&nbsp;dnia 19 grudnia 2017 r. zmieniaj\u0105ce rozporz\u0105dzenie wykonawcze (UE) 2016\/1368 ustanawiaj\u0105ce wykaz kluczowych wska\u017anik&oacute;w referencyjnych stosowanych na rynkach finansowych na podstawie rozporz\u0105dzenia Parlamentu Europejskiego i&nbsp;Rady (UE) 2016\/1011 (Tekst maj\u0105cy znaczenie dla EOG.)<br \/>Rozporz\u0105dzenie Parlamentu Europejskiego i&nbsp;Rady (UE) 2017\/2401 z&nbsp;dnia 12 grudnia 2017 r. zmieniaj\u0105ce rozporz\u0105dzenie (UE) nr 575\/2013 w&nbsp;sprawie wymog&oacute;w ostro\u017cno\u015bciowych dla instytucji kredytowych i&nbsp;firm inwestycyjnych<br \/>Rozporz\u0105dzenie Parlamentu Europejskiego i&nbsp;Rady (UE) 2017\/2391 z&nbsp;dnia 12 grudnia 2017 r. zmieniaj\u0105ce rozporz\u0105dzenie (WE) nr 1059\/2003 w&nbsp;odniesieniu do typologii terytorialnych (Tercet)<br \/>Rozporz\u0105dzenie Parlamentu Europejskiego i&nbsp;Rady (UE) 2017\/2402 z&nbsp;dnia 12 grudnia 2017 r. w&nbsp;sprawie ustanowienia og&oacute;lnych ram dla sekurytyzacji oraz utworzenia szczeg&oacute;lnych ram dla prostych, przejrzystych i&nbsp;standardowych sekurytyzacji, a&nbsp;tak\u017ce zmieniaj\u0105ce dyrektywy 2009\/65\/WE, 2009\/138\/WE i&nbsp;2011\/61\/UE oraz rozporz\u0105dzenia (WE) nr 1060\/2009 i&nbsp;(UE) nr 648\/2012<br \/>Rozporz\u0105dzenie wykonawcze Rady (UE) 2017\/2459 z&nbsp;dnia 5 grudnia 2017 r. zmieniaj\u0105ce rozporz\u0105dzenie wykonawcze (UE) nr 282\/2011 ustanawiaj\u0105ce \u015brodki wykonawcze do dyrektywy 2006\/112\/WE w&nbsp;sprawie wsp&oacute;lnego systemu podatku od warto\u015bci dodanej<br \/>Rozporz\u0105dzenie Komisji (UE) 2017\/2400 z&nbsp;dnia 12 grudnia 2017 r. w&nbsp;sprawie wykonania rozporz\u0105dzenia Parlamentu Europejskiego i&nbsp;Rady (WE) nr 595\/2009 w&nbsp;odniesieniu do okre\u015blania emisji CO2 i&nbsp;zu\u017cycia paliwa przez pojazdy ci\u0119\u017ckie i&nbsp;zmieniaj\u0105ce dyrektyw\u0119 Parlamentu Europejskiego i&nbsp;Rady 2007\/46\/WE oraz rozporz\u0105dzenie Komisji (UE) nr 582\/2011 (Tekst maj\u0105cy znaczenie dla EOG.)<br \/>Rozporz\u0105dzenie Rady (UE) 2017\/2454 z&nbsp;dnia 5 grudnia 2017 r. zmieniaj\u0105ce rozporz\u0105dzenie (UE) nr 904\/2010 w&nbsp;sprawie wsp&oacute;\u0142pracy administracyjnej oraz zwalczania oszustw w&nbsp;dziedzinie podatku od warto\u015bci dodanej<br \/>Rozporz\u0105dzenie wykonawcze Komisji (UE) 2017\/2469 z&nbsp;dnia 20 grudnia 2017 r. okre\u015blaj\u0105ce wymogi administracyjne i&nbsp;naukowe dotycz\u0105ce wniosk&oacute;w, o&nbsp;kt&oacute;rych mowa w&nbsp;art. 10 rozporz\u0105dzenia Parlamentu Europejskiego i&nbsp;Rady (UE) 2015\/2283 w&nbsp;sprawie nowej \u017cywno\u015bci (Tekst maj\u0105cy znaczenie dla EOG.)<br \/>Rozporz\u0105dzenie wykonawcze Komisji (UE) 2017\/2470 z&nbsp;dnia 20 grudnia 2017 r. ustanawiaj\u0105ce unijny wykaz nowej \u017cywno\u015bci zgodnie z&nbsp;rozporz\u0105dzeniem Parlamentu Europejskiego i&nbsp;Rady (UE) 2015\/2283 w&nbsp;sprawie nowej \u017cywno\u015bci (Tekst maj\u0105cy znaczenie dla EOG.)<br \/>Rozporz\u0105dzenie Rady (UE) 2017\/2466 z&nbsp;dnia 18 grudnia 2017 r. zmieniaj\u0105ce rozporz\u0105dzenie (UE) nr 1388\/2013 otwieraj\u0105ce i&nbsp;ustalaj\u0105ce spos&oacute;b zarz\u0105dzania autonomicznymi kontyngentami taryfowymi Unii na niekt&oacute;re produkty rolne i&nbsp;przemys\u0142owe<br \/>Rozporz\u0105dzenie wykonawcze Komisji (UE) 2017\/2468 z&nbsp;dnia 20 grudnia 2017 r. okre\u015blaj\u0105ce wymogi administracyjne i&nbsp;naukowe w&nbsp;odniesieniu do tradycyjnej \u017cywno\u015bci z&nbsp;pa\u0144stw trzecich zgodnie z&nbsp;rozporz\u0105dzeniem (UE) 2015\/2283 Parlamentu Europejskiego i&nbsp;Rady w&nbsp;sprawie nowej \u017cywno\u015bci (Tekst maj\u0105cy znaczenie dla EOG.)<br \/>Rozporz\u0105dzenie Rady (UE) 2017\/2467 z&nbsp;dnia 21 grudnia 2017 r. zmieniaj\u0105ce rozporz\u0105dzenie (UE) nr 1387\/2013 zawieszaj\u0105ce c\u0142a autonomiczne wsp&oacute;lnej taryfy celnej na niekt&oacute;re produkty rolne i&nbsp;przemys\u0142owe<br \/>Rozporz\u0105dzenie Parlamentu Europejskiego i&nbsp;Rady (UE) 2017\/2392 z&nbsp;dnia 13 grudnia 2017 r. zmieniaj\u0105ce dyrektyw\u0119 2003\/87\/WE w&nbsp;celu utrzymania obecnych ogranicze\u0144 zakresu zastosowania w&nbsp;odniesieniu do dzia\u0142a\u0144 lotniczych i&nbsp;w celu przygotowania wdro\u017cenia globalnego \u015brodka rynkowego po 2021 r.<br \/>Rozporz\u0105dzenie wykonawcze Komisji (UE) 2018\/34 z&nbsp;dnia 28 wrze\u015bnia 2017 r. ustanawiaj\u0105ce wykonawcze standardy techniczne w&nbsp;odniesieniu do ujednoliconego formatu dokumentu dotycz\u0105cego op\u0142at i&nbsp;jego wsp&oacute;lnego symbolu zgodnie z&nbsp;dyrektyw\u0105 Parlamentu Europejskiego i&nbsp;Rady 2014\/92\/UE (Tekst maj\u0105cy znaczenie dla EOG.)<br \/>Rozporz\u0105dzenie wykonawcze Komisji (UE) 2018\/33 z&nbsp;dnia 28 wrze\u015bnia 2017 r. ustanawiaj\u0105ce wykonawcze standardy techniczne w&nbsp;odniesieniu do ujednoliconego formatu zestawienia op\u0142at i&nbsp;jego wsp&oacute;lnego symbolu zgodnie z&nbsp;dyrektyw\u0105 Parlamentu Europejskiego i&nbsp;Rady 2014\/92\/UE (Tekst maj\u0105cy znaczenie dla EOG.)<br \/>Rozporz\u0105dzenie delegowane Komisji (UE) 2018\/32 z&nbsp;dnia 28 wrze\u015bnia 2017 r. uzupe\u0142niaj\u0105ce dyrektyw\u0119 Parlamentu Europejskiego i&nbsp;Rady 2014\/92\/UE w&nbsp;odniesieniu do regulacyjnych standard&oacute;w technicznych dotycz\u0105cych ujednoliconej terminologii unijnej w&nbsp;zakresie najbardziej reprezentatywnych us\u0142ug powi\u0105zanych z&nbsp;rachunkiem p\u0142atniczym (Tekst maj\u0105cy znaczenie dla EOG.)<br \/>Rozporz\u0105dzenie Komisji (UE) 2018\/35 z&nbsp;dnia 10 stycznia 2018 r. zmieniaj\u0105ce za\u0142\u0105cznik XVII do rozporz\u0105dzenia (WE) nr 1907\/2006 Parlamentu Europejskiego i&nbsp;Rady w&nbsp;sprawie rejestracji, oceny, udzielania zezwole\u0144 i&nbsp;stosowanych ogranicze\u0144 w&nbsp;zakresie chemikali&oacute;w (REACH) w&nbsp;odniesieniu do oktametylocyklotetrasiloksanu (D4) i&nbsp;dekametylocyklopentasiloksanu (D5) (Tekst maj\u0105cy znaczenie dla EOG.)<br \/>Rozporz\u0105dzenie wykonawcze Komisji (UE) 2018\/49 z&nbsp;dnia 11 stycznia 2018 r. zmieniaj\u0105ce rozporz\u0105dzenie wykonawcze Rady (UE) nr 501\/2013 w&nbsp;nast\u0119pstwie przegl\u0105du pod k\u0105tem &bdquo;nowego eksportera&rdquo; na podstawie art. 11 ust. 4 i&nbsp;art. 13 ust. 4 rozporz\u0105dzenia Parlamentu Europejskiego i&nbsp;Rady (UE) 2016\/1036<br \/>Rozporz\u0105dzenie delegowane Komisji (UE) 2018\/67 z&nbsp;dnia 3 pa\u017adziernika 2017 r. uzupe\u0142niaj\u0105ce rozporz\u0105dzenie Parlamentu Europejskiego i&nbsp;Rady (UE) 2016\/1011 w&nbsp;odniesieniu do ustanowienia warunk&oacute;w dotycz\u0105cych oceny skutk&oacute;w wynikaj\u0105cych z&nbsp;zaprzestania opracowywania lub zmiany istniej\u0105cych wska\u017anik&oacute;w referencyjnych (Tekst maj\u0105cy znaczenie dla EOG.)<br \/>Rozporz\u0105dzenie Komisji (UE) 2018\/70 z&nbsp;dnia 16 stycznia 2018 r. zmieniaj\u0105ce za\u0142\u0105czniki II, III i&nbsp;IV do rozporz\u0105dzenia (WE) nr 396\/2005 Parlamentu Europejskiego i&nbsp;Rady w&nbsp;odniesieniu do najwy\u017cszych dopuszczalnych poziom&oacute;w pozosta\u0142o\u015bci ametoktradyny, chloropiryfosu metylowego, cyprokonazolu, difenokonazolu, fluazynamu, flutriafolu, proheksadionu i&nbsp;chlorku sodu w&nbsp;okre\u015blonych produktach lub na ich powierzchni (Tekst maj\u0105cy znaczenie dla EOG.)<br \/>Rozporz\u0105dzenie wykonawcze Komisji (UE) 2018\/56 z&nbsp;dnia 12 stycznia 2018 r. zmieniaj\u0105ce rozporz\u0105dzenie wykonawcze (UE) nr 908\/2014 ustanawiaj\u0105ce zasady dotycz\u0105ce stosowania rozporz\u0105dzenia Parlamentu Europejskiego i&nbsp;Rady (UE) nr 1306\/2013 w&nbsp;odniesieniu do agencji p\u0142atniczych i&nbsp;innych organ&oacute;w, zarz\u0105dzania finansami, rozliczania rachunk&oacute;w, przepis&oacute;w dotycz\u0105cych kontroli, zabezpiecze\u0144 i&nbsp;przejrzysto\u015bci<br \/>Rozporz\u0105dzenie delegowane Komisji (UE) 2018\/66 z&nbsp;dnia 29 wrze\u015bnia 2017 r. uzupe\u0142niaj\u0105ce rozporz\u0105dzenie Parlamentu Europejskiego i&nbsp;Rady (UE) 2016\/1011 poprzez doprecyzowanie sposobu szacowania warto\u015bci nominalnej instrument&oacute;w finansowych innych ni\u017c pochodne, warto\u015bci nominalnej instrument&oacute;w pochodnych i&nbsp;warto\u015bci aktyw&oacute;w netto funduszy inwestycyjnych (Tekst maj\u0105cy znaczenie dla EOG. )<br \/>Rozporz\u0105dzenie delegowane Komisji (UE) 2018\/65 z&nbsp;dnia 29 wrze\u015bnia 2017 r. uzupe\u0142niaj\u0105ce rozporz\u0105dzenie Parlamentu Europejskiego i&nbsp;Rady (UE) 2016\/1011 poprzez doprecyzowanie technicznych element&oacute;w definicji okre\u015blonych w&nbsp;art. 3 ust. 1 tego rozporz\u0105dzenia (Tekst maj\u0105cy znaczenie dla EOG.)<br \/>Rozporz\u0105dzenie delegowane Komisji (UE) 2018\/64 z&nbsp;dnia 29 wrze\u015bnia 2017 r. uzupe\u0142niaj\u0105ce rozporz\u0105dzenie Parlamentu Europejskiego i&nbsp;Rady (UE) 2016\/1011 w&nbsp;odniesieniu do okre\u015blenia, w&nbsp;jaki spos&oacute;b kryteria, o&nbsp;kt&oacute;rych mowa w&nbsp;art. 20 ust. 1 lit. c) ppkt (iii), maj\u0105 by\u0107 stosowane do oceny, czy okre\u015blone wydarzenia mog\u0142yby mie\u0107 znacz\u0105cy i&nbsp;negatywny wp\u0142yw na integralno\u015b\u0107 rynku, stabilno\u015b\u0107 finansow\u0105, konsument&oacute;w, gospodark\u0119 realn\u0105 lub finansowanie gospodarstw domowych i&nbsp;przedsi\u0119biorstw w&nbsp;jednym lub kilku pa\u0144stwach cz\u0142onkowskich (Tekst maj\u0105cy znaczenie dla EOG.)<br \/>Rozporz\u0105dzenie delegowane Komisji (UE) 2018\/63 z&nbsp;dnia 26 wrze\u015bnia 2017 r. zmieniaj\u0105ce rozporz\u0105dzenie delegowane (UE) 2017\/571 uzupe\u0142niaj\u0105ce dyrektyw\u0119 Parlamentu Europejskiego i&nbsp;Rady 2014\/65\/UE w&nbsp;odniesieniu do regulacyjnych standard&oacute;w technicznych dotycz\u0105cych zezwole\u0144, wymog&oacute;w organizacyjnych i&nbsp;publikacji transakcji dla dostawc&oacute;w us\u0142ug w&nbsp;zakresie udost\u0119pniania informacji (Tekst maj\u0105cy znaczenie dla EOG.)<br \/>Rozporz\u0105dzenie wykonawcze Komisji (UE) 2018\/77 z&nbsp;dnia 15 stycznia 2018 r. dotycz\u0105ce klasyfikacji niekt&oacute;rych towar&oacute;w wed\u0142ug Nomenklatury scalonej<br \/>Rozporz\u0105dzenie Komisji (UE) 2018\/73 z&nbsp;dnia 16 stycznia 2018 r. zmieniaj\u0105ce za\u0142\u0105czniki II i&nbsp;III do rozporz\u0105dzenia (WE) nr 396\/2005 Parlamentu Europejskiego i&nbsp;Rady w&nbsp;odniesieniu do najwy\u017cszych dopuszczalnych poziom&oacute;w pozosta\u0142o\u015bci zwi\u0105zk&oacute;w rt\u0119ci w&nbsp;okre\u015blonych produktach oraz na ich powierzchni (Tekst maj\u0105cy znaczenie dla EOG.)<br \/>Rozporz\u0105dzenie Komisji (UE) 2018\/75 z&nbsp;dnia 17 stycznia 2018 r. zmieniaj\u0105ce za\u0142\u0105cznik do rozporz\u0105dzenia (UE) nr 231\/2012 ustanawiaj\u0105cego specyfikacje dla dodatk&oacute;w do \u017cywno\u015bci wymienionych w&nbsp;za\u0142\u0105cznikach II i&nbsp;III do rozporz\u0105dzenia (WE) nr 1333\/2008 Parlamentu Europejskiego i&nbsp;Rady w&nbsp;odniesieniu do specyfikacji dla celulozy mikrokrystalicznej (E 460 (i)) (Tekst maj\u0105cy znaczenie dla EOG.)<br \/>Rozporz\u0105dzenie delegowane Komisji (UE) 2018\/72 z&nbsp;dnia 4 pa\u017adziernika 2017 r. uzupe\u0142niaj\u0105ce rozporz\u0105dzenie Parlamentu Europejskiego i&nbsp;Rady (UE) 2015\/751 w&nbsp;sprawie op\u0142at interchange w&nbsp;odniesieniu do transakcji p\u0142atniczych realizowanych w&nbsp;oparciu o&nbsp;kart\u0119 w&nbsp;odniesieniu do regulacyjnych standard&oacute;w technicznych ustanawiaj\u0105cych wymogi, kt&oacute;re musz\u0105 spe\u0142nia\u0107 systemy kart p\u0142atniczych i&nbsp;podmioty obs\u0142uguj\u0105ce transakcje w&nbsp;celu zapewnienia stosowania wymog&oacute;w niezale\u017cno\u015bci pod wzgl\u0119dem rachunkowo\u015bci, organizacji i&nbsp;procedury podejmowania decyzji (Tekst maj\u0105cy znaczenie dla EOG.)<br \/>Rozporz\u0105dzenie Komisji (UE) 2018\/79 z&nbsp;dnia 18 stycznia 2018 r. zmieniaj\u0105ce rozporz\u0105dzenie (UE) nr 10\/2011 w&nbsp;sprawie materia\u0142&oacute;w i&nbsp;wyrob&oacute;w z&nbsp;tworzyw sztucznych przeznaczonych do kontaktu z&nbsp;\u017cywno\u015bci\u0105 (Tekst maj\u0105cy znaczenie dla EOG.)<br \/>Rozporz\u0105dzenie Komisji (UE) 2018\/78 z&nbsp;dnia 16 stycznia 2018 r. zmieniaj\u0105ce za\u0142\u0105czniki II i&nbsp;III do rozporz\u0105dzenia (WE) nr 396\/2005 Parlamentu Europejskiego i&nbsp;Rady w&nbsp;odniesieniu do najwy\u017cszych dopuszczalnych poziom&oacute;w pozosta\u0142o\u015bci 2-fenylofenolu, bensulfuronu metylowego, dimetachloru i&nbsp;lufenuronu w&nbsp;okre\u015blonych produktach lub na ich powierzchni (Tekst maj\u0105cy znaczenie dla EOG.)<br \/>Rozporz\u0105dzenie wykonawcze Komisji (UE) 2018\/81 z&nbsp;dnia 16 stycznia 2018 r. dotycz\u0105ce klasyfikacji niekt&oacute;rych towar&oacute;w wed\u0142ug Nomenklatury scalonej<br \/>Rozporz\u0105dzenie wykonawcze Komisji (UE) 2018\/84 z&nbsp;dnia 19 stycznia 2018 r. zmieniaj\u0105ce rozporz\u0105dzenie wykonawcze (UE) nr 540\/2011 w&nbsp;odniesieniu do przed\u0142u\u017cenia okres&oacute;w zatwierdzenia substancji czynnych: chloropiryfos, chloropiryfos metylu, chlotianidyna, zwi\u0105zki miedzi, dimoksystrobina, mankozeb, mekoprop-P, metiram, oksamyl, petoksamid, propikonazol, propineb, propyzamid, piraklostrobina i&nbsp;zoksamid (Tekst maj\u0105cy znaczenie dla EOG.)<br \/>Rozporz\u0105dzenie wykonawcze Komisji (UE) 2018\/84 z&nbsp;dnia 19 stycznia 2018 r. zmieniaj\u0105ce rozporz\u0105dzenie wykonawcze (UE) nr 540\/2011 w&nbsp;odniesieniu do przed\u0142u\u017cenia okres&oacute;w zatwierdzenia substancji czynnych: chloropiryfos, chloropiryfos metylu, chlotianidyna, zwi\u0105zki miedzi, dimoksystrobina, mankozeb, mekoprop-P, metiram, oksamyl, petoksamid, propikonazol, propineb, propyzamid, piraklostrobina i&nbsp;zoksamid (Tekst maj\u0105cy znaczenie dla EOG.)<br \/>Rozporz\u0105dzenie delegowane Komisji (UE) 2018\/92 z&nbsp;dnia 18 pa\u017adziernika 2017 r. zmieniaj\u0105ce rozporz\u0105dzenie Parlamentu Europejskiego i&nbsp;Rady (UE) nr 658\/2014 w&nbsp;odniesieniu do dostosowania do stopy inflacji op\u0142at wnoszonych na rzecz Europejskiej Agencji Lek&oacute;w za prowadzenie dzia\u0142a\u0144 z&nbsp;zakresu nadzoru nad bezpiecze\u0144stwem farmakoterapii w&nbsp;odniesieniu do produkt&oacute;w leczniczych stosowanych u&nbsp;ludzi (Tekst maj\u0105cy znaczenie dla EOG.)<br \/>Rozporz\u0105dzenie Komisji (UE) 2018\/98 z&nbsp;dnia 22 stycznia 2018 r. zmieniaj\u0105ce za\u0142\u0105czniki II i&nbsp;III do rozporz\u0105dzenia Parlamentu Europejskiego i&nbsp;Rady (WE) nr 1333\/2008 oraz za\u0142\u0105cznik do rozporz\u0105dzenia Komisji (UE) nr 231\/2012 w&nbsp;odniesieniu do sorbinianu wapnia (E 203) (Tekst maj\u0105cy znaczenie dla EOG.)<br \/>Rozporz\u0105dzenie delegowane Komisji (UE) 2018\/93 z&nbsp;dnia 16 listopada 2017 r. w&nbsp;sprawie zwi\u0119kszenia warto\u015bci procentowej \u015brodk&oacute;w z&nbsp;bud\u017cetu przydzielonych na projekty wspierane poprzez dotacje na dzia\u0142ania w&nbsp;ramach podprogramu dzia\u0142a\u0144 na rzecz \u015brodowiska przeznaczonych na projekty wspieraj\u0105ce ochron\u0119 przyrody i&nbsp;r&oacute;\u017cnorodno\u015b\u0107 biologiczn\u0105 zgodnie z&nbsp;art. 9 ust. 4 rozporz\u0105dzenia Parlamentu Europejskiego i&nbsp;Rady (UE) nr 1293\/2013 w&nbsp;sprawie ustanowienia programu dzia\u0142a\u0144 na rzecz \u015brodowiska i&nbsp;klimatu (LIFE) i&nbsp;uchylaj\u0105cego rozporz\u0105dzenie (WE) nr 614\/2007 (Tekst maj\u0105cy znaczenie dla EOG.)<br \/>Rozporz\u0105dzenie wykonawcze Komisji (UE) 2018\/99 z&nbsp;dnia 22 stycznia 2018 r. zmieniaj\u0105ce rozporz\u0105dzenie wykonawcze (UE) 2015\/2378 w&nbsp;odniesieniu do formatu i&nbsp;warunk&oacute;w przekazywania rocznej oceny skuteczno\u015bci automatycznej wymiany informacji oraz wykazu danych statystycznych przekazywanych przez pa\u0144stwa cz\u0142onkowskie do cel&oacute;w oceny dyrektywy Rady 2011\/16\/UE<br \/>Rozporz\u0105dzenie Komisji (UE) 2018\/62 z&nbsp;dnia 17 stycznia 2018 r. zast\u0119puj\u0105ce za\u0142\u0105cznik I&nbsp;do rozporz\u0105dzenia (WE) nr 396\/2005 Parlamentu Europejskiego i&nbsp;Rady (Tekst maj\u0105cy znaczenie dla EOG.)<br \/>Rozporz\u0105dzenie wykonawcze Komisji (UE) 2018\/113 z&nbsp;dnia 24 stycznia 2018 r. w&nbsp;sprawie odnowienia zatwierdzenia substancji czynnej acetamipryd, zgodnie z&nbsp;rozporz\u0105dzeniem Parlamentu Europejskiego i&nbsp;Rady (WE) nr 1107\/2009 dotycz\u0105cym wprowadzania do obrotu \u015brodk&oacute;w ochrony ro\u015blin, oraz w&nbsp;sprawie zmiany za\u0142\u0105cznika do rozporz\u0105dzenia wykonawczego Komisji (UE) nr 540\/2011 (Tekst maj\u0105cy znaczenie dla EOG.)<br \/>Rozporz\u0105dzenie wykonawcze Komisji (UE) 2018\/112 z&nbsp;dnia 24 stycznia 2018 r. w&nbsp;sprawie odnowienia zatwierdzenia substancji czynnej niskiego ryzyka laminaryna, zgodnie z&nbsp;rozporz\u0105dzeniem Parlamentu Europejskiego i&nbsp;Rady (WE) nr 1107\/2009 dotycz\u0105cym wprowadzania do obrotu \u015brodk&oacute;w ochrony ro\u015blin, oraz w&nbsp;sprawie zmiany za\u0142\u0105cznika do rozporz\u0105dzenia wykonawczego Komisji (UE) nr 540\/2011 (Tekst maj\u0105cy znaczenie dla EOG.)<\/p>\n<p><strong>ZARZ\u0104DZENIA PREZESA NARODOWEGO FUNDUSZU ZDROWIA<\/strong><br \/>Zarz\u0105dzenie Nr 135\/2017\/DSOZ Prezesa Narodowego Funduszu Zdrowia z&nbsp;dnia 29 grudnia 2017 r. zmieniaj\u0105ce zarz\u0105dzenie w&nbsp;sprawie okre\u015blenia warunk&oacute;w zawierania i&nbsp;realizacji um&oacute;w w&nbsp;rodzaju: ambulatoryjna opieka specjalistyczna &#8211; wchodzi w&nbsp;\u017cycie po up\u0142ywie 30 dni od dnia jego podpisania.<br \/>Zarz\u0105dzenie Nr 1\/2018\/GPF Prezesa Narodowego Funduszu Zdrowia z&nbsp;dnia 16 stycznia 2018 r. zmieniaj\u0105ce zarz\u0105dzenie w&nbsp;sprawie regulaminu organizacyjnego Centrali Narodowego Funduszu Zdrowia &#8211; wchodzi w&nbsp;\u017cycie z&nbsp;dniem nast\u0119puj\u0105cym po dniu podpisania.<br \/>Zarz\u0105dzenie Nr 2\/2018\/DGL Prezesa Narodowego Funduszu Zdrowia z&nbsp;dnia 17 stycznia 2018 r. zmieniaj\u0105ce zarz\u0105dzenie w&nbsp;sprawie okre\u015blenia warunk&oacute;w zawierania i&nbsp;realizacji um&oacute;w w&nbsp;rodzaju leczenie szpitalne w&nbsp;zakresie chemioterapia &#8211; wchodzi w&nbsp;\u017cycie z&nbsp;dniem nast\u0119puj\u0105cym po dniu podpisania, z&nbsp;moc\u0105 od dnia 1 stycznia 2018 r.<br \/>Zarz\u0105dzenie Nr 3\/2018\/DGL Prezesa Narodowego Funduszu Zdrowia z&nbsp;dnia 17 stycznia 2018 r. zmieniaj\u0105ce zarz\u0105dzenie w&nbsp;sprawie okre\u015blenia warunk&oacute;w zawierania i&nbsp;realizacji um&oacute;w w&nbsp;rodzaju leczenie szpitalne w&nbsp;zakresie programy lekowe &#8211; wchodzi w&nbsp;\u017cycie z&nbsp;dniem nast\u0119puj\u0105cym po dniu podpisania, z&nbsp;moc\u0105 od dnia 1 stycznia 2018 r.<br \/>Zarz\u0105dzenie Nr 5\/2018\/DSOZ Prezesa Narodowego Funduszu Zdrowia z&nbsp;dnia 24 stycznia 2018 r. zmieniaj\u0105ce zarz\u0105dzenie w&nbsp;sprawie szczeg&oacute;\u0142owych warunk&oacute;w um&oacute;w w&nbsp;systemie podstawowego szpitalnego zabezpieczenia \u015bwiadcze\u0144 opieki zdrowotnej &#8211; wchodzi w&nbsp;\u017cycie z&nbsp;dniem nast\u0119puj\u0105cym po dniu podpisania.<br \/>Zarz\u0105dzenie Nr 6\/2018\/DSOZ Prezesa Narodowego Funduszu Zdrowia z&nbsp;dnia 25 stycznia 2018 r. zmieniaj\u0105ce zarz\u0105dzenie w&nbsp;sprawie okre\u015blenia warunk&oacute;w zawierania i&nbsp;realizacji um&oacute;w o&nbsp;udzielanie \u015bwiadcze\u0144 opieki zdrowotnej w&nbsp;rodzaju leczenie stomatologiczne &#8211; wchodzi w&nbsp;\u017cycie z&nbsp;dniem nast\u0119puj\u0105cym po dniu podpisania.<\/p>\n<p><strong>_____Orzecznictwo<\/strong><br \/><strong>S\u0105d Najwy\u017cszy<\/strong><\/p>\n<p><strong>ODPOWIEDZIALNO\u015a\u0106 POD\u017bEGACZA, POMOCNIKA, KORZYSTAJ\u0104CEGO ZE SZKODY<\/strong><br \/>\u015awiadomie korzysta z&nbsp;wyrz\u0105dzonej drugiemu szkody (art. 422 k.c.) ten, kto wie, \u017ce odnosi korzy\u015b\u0107 z&nbsp;cudzego czynu niedozwolonego &ndash; Uchwa\u0142a S\u0105du Najwy\u017cszego z&nbsp;dnia 21 grudnia 2017 r., sygn. akt III CZP 89\/17.<\/p>\n<p><strong>ZDOLNO\u015a\u0106 PROCESOWA W&nbsp;SPRAWIE O&nbsp;ROZW&Oacute;D<\/strong><br \/>Ma\u0142\u017conek cz\u0119\u015bciowo ubezw\u0142asnowolniony nie ma zdolno\u015bci procesowej w&nbsp;sprawie o&nbsp;rozw&oacute;d (art. 65 k.p.c.) &ndash; Uchwa\u0142a S\u0105du Najwy\u017cszego z&nbsp;dnia 21 grudnia 2017 r., sygn. akt III CZP 66\/17.<\/p>\n<p><strong>KURATOR SPADKU W&nbsp;POST\u0118POWANIU O&nbsp;ZNIESIENIE WSP&Oacute;\u0141W\u0141ASNO\u015aCI NIERUCHOMO\u015aCI<\/strong><br \/>Kurator spadku nie jest uprawniony do udzia\u0142u w&nbsp;post\u0119powaniu o&nbsp;zniesienie wsp&oacute;\u0142w\u0142asno\u015bci nieruchomo\u015bci ze skutkiem dla nieznanych spadkobierc&oacute;w wsp&oacute;\u0142w\u0142a\u015bciciela &ndash; Uchwa\u0142a S\u0105du Najwy\u017cszego z&nbsp;dnia 21 grudnia 2017 r., sygn. akt III CZP 44\/17.<\/p>\n<p><strong>ROSZCZENIA PRACOWNIKA O&nbsp;ODSZKODOWANIE Z&nbsp;TYTU\u0141U ROZWI\u0104ZANIA STOSUNKU PRACY<\/strong><br \/>Rozwi\u0105zanie stosunku pracy na podstawie powo\u0142ania, o&nbsp;kt&oacute;rym mowa w&nbsp;art. 9 ust. 2 ustawy z&nbsp;22 grudnia 2015 r. o&nbsp;zmianie ustawy o&nbsp;ubezpieczeniu spo\u0142ecznym rolnik&oacute;w oraz niekt&oacute;rych innych ustaw (Dz. U. 2016, poz. 50), w&nbsp;wyniku odwo\u0142ania ze stanowiska po wej\u015bciu w&nbsp;\u017cycie tej ustawy a&nbsp;przed up\u0142ywem okresu r&oacute;wnowa\u017cnego okresowi wypowiedzenia z&nbsp;art. 36 &sect; 1 k.p. i&nbsp;bez uzasadnionej (rzeczywistej) przyczyny nie wy\u0142\u0105cza roszczenia pracownika o&nbsp;odszkodowanie &ndash; Uchwa\u0142a S\u0105du Najwy\u017cszego z&nbsp;dnia 9 stycznia 2018 r., sygn. akt III PZP 3\/17.<\/p>\n<p><strong>POSTANOWIENIA UMOWY NIEZGODNE Z&nbsp;NATUR\u0104 STOSUNKU PRAWNEGO<\/strong><br \/>Postanowienia umowy najmu zawartej na czas oznaczony przyznaj\u0105ce wynajmuj\u0105cemu, w&nbsp;razie op&oacute;\u017anienia najemcy z&nbsp;zap\u0142at\u0105 czynszu, prawo do odebrania rzeczy wynaj\u0119tej do czasu uregulowania zaleg\u0142o\u015bci z&nbsp;zachowaniem obowi\u0105zku najemcy zap\u0142aty pe\u0142nego czynszu s\u0105 sprzeczne z&nbsp;w\u0142a\u015bciwo\u015bci\u0105 (natur\u0105) tego stosunku prawnego &ndash; Uchwa\u0142a S\u0105du Najwy\u017cszego z&nbsp;dnia 11 stycznia 2018 r., sygn. akt III CZP 93\/17.<\/p>\n<p><strong>ZADO\u015a\u0106UCZYNIENIE ZA NIES\u0141USZNE UMIESZCZENIE NIELETNIEGO W&nbsp;SCHRONISKU DLA NIELETNICH<\/strong><br \/>Podstaw\u0119 prawn\u0105 zado\u015b\u0107uczynienia za nies\u0142uszne umieszczenie nieletniego w&nbsp;schronisku dla nieletnich stanowi\u0105 przepisy Kodeksu cywilnego o&nbsp;odpowiedzialno\u015bci za szkod\u0119 wyrz\u0105dzon\u0105 wydaniem niezgodnego z&nbsp;prawem prawomocnego orzeczenia, interpretowane w&nbsp;zgodzie z&nbsp;Konstytucj\u0105 i&nbsp;Konwencj\u0105 o&nbsp;ochronie praw cz\u0142owieka i&nbsp;podstawowych wolno\u015bci &ndash; Uchwa\u0142a S\u0105du Najwy\u017cszego z&nbsp;dnia 11 stycznia 2018 r., sygn. akt III CZP 92\/17.<\/p>\n<p><strong>PODSTAWA WSZCZ\u0118CIA POST\u0118POWANIA PRZYMUSZAJ\u0104CEGO NA PODSTAWIE USTAWY O&nbsp;KRAJOWYM REJESTRZE S\u0104DOWYM<\/strong><br \/>Nast\u0119pcze stwierdzenie przez s\u0105d rejestrowy niezgodno\u015bci z&nbsp;przepisami prawa tre\u015bci statutu sp&oacute;\u0142dzielni, stanowi\u0105cego podstaw\u0119 jej wcze\u015bniejszego zarejestrowania, nie uzasadnia wszcz\u0119cia post\u0119powania przymuszaj\u0105cego na podstawie art. 24 ust. 1 ustawy z&nbsp;dnia 20 sierpnia 1997 r. o&nbsp;Krajowym Rejestrze S\u0105dowym (jedn. tekst Dz.U. z&nbsp;2017 r., poz. 700 ze zm.) &ndash; Uchwa\u0142a S\u0105du Najwy\u017cszego z&nbsp;dnia 11 stycznia 2018 r., sygn. akt III CZP 90\/17.<\/p>\n<p><strong>POPE\u0141NIENIE PRZEZ SPRAWC\u0118 PRZEST\u0118PSTWA W&nbsp;OKRESIE PR&Oacute;BY<\/strong><br \/>Pope\u0142nienie przez sprawc\u0119 przest\u0119pstwa w&nbsp;okresie pr&oacute;by wyznaczonym postanowieniem o&nbsp;warunkowym zwolnieniu z&nbsp;odbycia reszty kary pozbawienia wolno\u015bci nie stanowi przewidzianej w&nbsp;art. 85 &sect; 3 k.k. negatywnej przes\u0142anki do orzeczenia kary \u0142\u0105cznej obejmuj\u0105cej kar\u0119 (kary \u0142\u0105czne), z&nbsp;odbycia reszty kt&oacute;rej sprawca zosta\u0142 warunkowo zwolniony oraz kar\u0119 (kary \u0142\u0105czne) za przest\u0119pstwo pope\u0142nione w&nbsp;okresie pr&oacute;by &ndash; Uchwa\u0142a S\u0105du Najwy\u017cszego z&nbsp;dnia 25 stycznia 2018 r., sygn. akt I&nbsp;KZP 11\/17.<\/p>\n<p><strong>ZA\u017bALENIE NA ODMOW\u0118 PRZYJ\u0118CIA WNIOSKU O&nbsp;SPORZ\u0104DZENIE NA PI\u015aMIE I&nbsp;DOR\u0118CZENIE UZASADNIENIA WYROKU S\u0104DU ODWO\u0141AWCZEGO<\/strong><br \/>Na zarz\u0105dzenie o&nbsp;odmowie przyj\u0119cia wniosku o&nbsp;sporz\u0105dzenie na pi\u015bmie i&nbsp;dor\u0119czenie uzasadnienia wyroku s\u0105du odwo\u0142awczego wydane w&nbsp;post\u0119powaniu w&nbsp;sprawach o&nbsp;wykroczenia za\u017calenie nie przys\u0142uguje &ndash; Uchwa\u0142a S\u0105du Najwy\u017cszego z&nbsp;dnia 25 stycznia 2018 r., sygn. akt I&nbsp;KZP 12\/17.<\/p>\n<p><strong>ZAKRES KONTROLI DOKONYWANEJ PRZEZ S\u0104D NAJWY\u017bSZY PO WNIESIENIU SKARGI NA WYROK S\u0104DU ODWO\u0141AWCZEGO<\/strong><br \/>Zakres kontroli dokonywanej przez S\u0105d Najwy\u017cszy po wniesieniu skargi na wyrok s\u0105du odwo\u0142awczego, o&nbsp;kt&oacute;rym mowa w&nbsp;art. 539a &sect; 1 k.p.k., ogranicza si\u0119 do zbadania, czy stwierdzone przez s\u0105d odwo\u0142awczy uchybienie daje podstaw\u0119 do wydania orzeczenia kasatoryjnego &ndash; Uchwa\u0142a S\u0105du Najwy\u017cszego z&nbsp;dnia 25 stycznia 2018 r., sygn. akt I&nbsp;KZP 13\/17.<\/p>\n","protected":false},"excerpt":{"rendered":"<p>We would like to present the next issue of legal bulletin of the Law Office of Adam Polowiec.What you will find here is some information about the new provisions of law and the projects of amendments to acts, but also case-laws including the case laws of Supreme Court, Constitutional Tribunal and European Court of Justice.<\/p>\n","protected":false},"author":4,"featured_media":0,"comment_status":"closed","ping_status":"open","sticky":false,"template":"","format":"standard","meta":{"footnotes":""},"categories":[2],"tags":[],"class_list":["post-830","post","type-post","status-publish","format-standard","hentry","category-wpisy"],"featured_image_src":{"landsacpe":false,"list":false,"medium":false,"full":false},"yoast_head":"<!-- This site is optimized with the Yoast SEO plugin v27.2 - https:\/\/yoast.com\/product\/yoast-seo-wordpress\/ -->\n<title>Legal Bulletin Of The Law Office Of Adam Polowiec (1 January 2018 \u2013 28 January 2018) - Polowiec i Wsp\u00f3lnicy - Kancelaria prawna<\/title>\n<meta name=\"robots\" content=\"index, follow, max-snippet:-1, max-image-preview:large, max-video-preview:-1\" \/>\n<link rel=\"canonical\" href=\"https:\/\/polowiec.pl\/en\/legal-bulletin-of-the-law-office-of-adam-polowiec-1-january-2018-28-january-2018\/\" \/>\n<meta property=\"og:locale\" content=\"en_US\" \/>\n<meta property=\"og:type\" content=\"article\" \/>\n<meta property=\"og:title\" content=\"Legal Bulletin Of The Law Office Of Adam Polowiec (1 January 2018 \u2013 28 January 2018) - Polowiec i Wsp\u00f3lnicy - Kancelaria prawna\" \/>\n<meta property=\"og:description\" content=\"We would like to present the next issue of legal bulletin of the Law Office of Adam Polowiec.What you will find here is some information about the new provisions of law and the projects of amendments to acts, but also case-laws including the case laws of Supreme Court, Constitutional Tribunal and European Court of Justice.\" \/>\n<meta property=\"og:url\" content=\"https:\/\/polowiec.pl\/en\/legal-bulletin-of-the-law-office-of-adam-polowiec-1-january-2018-28-january-2018\/\" \/>\n<meta property=\"og:site_name\" content=\"Polowiec i Wsp\u00f3lnicy - Kancelaria prawna\" \/>\n<meta property=\"article:publisher\" content=\"https:\/\/www.facebook.com\/polowieciwspolnicy\/\" \/>\n<meta property=\"article:published_time\" content=\"2018-01-31T11:46:42+00:00\" \/>\n<meta property=\"article:modified_time\" content=\"2019-04-18T16:22:45+00:00\" \/>\n<meta name=\"author\" content=\"Monika\" \/>\n<meta name=\"twitter:card\" content=\"summary_large_image\" \/>\n<meta name=\"twitter:label1\" content=\"Written by\" \/>\n\t<meta name=\"twitter:data1\" content=\"Monika\" \/>\n\t<meta name=\"twitter:label2\" content=\"Est. reading time\" \/>\n\t<meta name=\"twitter:data2\" content=\"58 minutes\" \/>\n<script type=\"application\/ld+json\" class=\"yoast-schema-graph\">{\"@context\":\"https:\/\/schema.org\",\"@graph\":[{\"@type\":\"Article\",\"@id\":\"https:\/\/polowiec.pl\/en\/legal-bulletin-of-the-law-office-of-adam-polowiec-1-january-2018-28-january-2018\/#article\",\"isPartOf\":{\"@id\":\"https:\/\/polowiec.pl\/en\/legal-bulletin-of-the-law-office-of-adam-polowiec-1-january-2018-28-january-2018\/\"},\"author\":{\"name\":\"Monika\",\"@id\":\"https:\/\/polowiec.pl\/en\/#\/schema\/person\/6178ac96ba1d4d590993734f8a0a6539\"},\"headline\":\"Legal Bulletin Of The Law Office Of Adam Polowiec (1 January 2018 \u2013 28 January 2018)\",\"datePublished\":\"2018-01-31T11:46:42+00:00\",\"dateModified\":\"2019-04-18T16:22:45+00:00\",\"mainEntityOfPage\":{\"@id\":\"https:\/\/polowiec.pl\/en\/legal-bulletin-of-the-law-office-of-adam-polowiec-1-january-2018-28-january-2018\/\"},\"wordCount\":11588,\"publisher\":{\"@id\":\"https:\/\/polowiec.pl\/en\/#organization\"},\"articleSection\":[\"Wpisy\"],\"inLanguage\":\"en-US\"},{\"@type\":\"WebPage\",\"@id\":\"https:\/\/polowiec.pl\/en\/legal-bulletin-of-the-law-office-of-adam-polowiec-1-january-2018-28-january-2018\/\",\"url\":\"https:\/\/polowiec.pl\/en\/legal-bulletin-of-the-law-office-of-adam-polowiec-1-january-2018-28-january-2018\/\",\"name\":\"Legal Bulletin Of The Law Office Of Adam Polowiec (1 January 2018 \u2013 28 January 2018) - Polowiec i Wsp\u00f3lnicy - Kancelaria prawna\",\"isPartOf\":{\"@id\":\"https:\/\/polowiec.pl\/en\/#website\"},\"datePublished\":\"2018-01-31T11:46:42+00:00\",\"dateModified\":\"2019-04-18T16:22:45+00:00\",\"breadcrumb\":{\"@id\":\"https:\/\/polowiec.pl\/en\/legal-bulletin-of-the-law-office-of-adam-polowiec-1-january-2018-28-january-2018\/#breadcrumb\"},\"inLanguage\":\"en-US\",\"potentialAction\":[{\"@type\":\"ReadAction\",\"target\":[\"https:\/\/polowiec.pl\/en\/legal-bulletin-of-the-law-office-of-adam-polowiec-1-january-2018-28-january-2018\/\"]}]},{\"@type\":\"BreadcrumbList\",\"@id\":\"https:\/\/polowiec.pl\/en\/legal-bulletin-of-the-law-office-of-adam-polowiec-1-january-2018-28-january-2018\/#breadcrumb\",\"itemListElement\":[{\"@type\":\"ListItem\",\"position\":1,\"name\":\"Strona g\u0142\u00f3wna\",\"item\":\"https:\/\/polowiec.pl\/en\/\"},{\"@type\":\"ListItem\",\"position\":2,\"name\":\"Legal Bulletin Of The Law Office Of Adam Polowiec (1 January 2018 \u2013 28 January 2018)\"}]},{\"@type\":\"WebSite\",\"@id\":\"https:\/\/polowiec.pl\/en\/#website\",\"url\":\"https:\/\/polowiec.pl\/en\/\",\"name\":\"Polowiec i Wsp\u00f3lnicy - Kancelaria prawna\",\"description\":\"Obs\u0142uga prawna\",\"publisher\":{\"@id\":\"https:\/\/polowiec.pl\/en\/#organization\"},\"potentialAction\":[{\"@type\":\"SearchAction\",\"target\":{\"@type\":\"EntryPoint\",\"urlTemplate\":\"https:\/\/polowiec.pl\/en\/?s={search_term_string}\"},\"query-input\":{\"@type\":\"PropertyValueSpecification\",\"valueRequired\":true,\"valueName\":\"search_term_string\"}}],\"inLanguage\":\"en-US\"},{\"@type\":\"Organization\",\"@id\":\"https:\/\/polowiec.pl\/en\/#organization\",\"name\":\"Polowiec i Wsp\u00f3lnicy - Kancelaria prawna\",\"url\":\"https:\/\/polowiec.pl\/en\/\",\"logo\":{\"@type\":\"ImageObject\",\"inLanguage\":\"en-US\",\"@id\":\"https:\/\/polowiec.pl\/en\/#\/schema\/logo\/image\/\",\"url\":\"https:\/\/polowiec.pl\/wp-content\/uploads\/2018\/10\/polowiec_logo2-1.png\",\"contentUrl\":\"https:\/\/polowiec.pl\/wp-content\/uploads\/2018\/10\/polowiec_logo2-1.png\",\"width\":540,\"height\":381,\"caption\":\"Polowiec i Wsp\u00f3lnicy - Kancelaria prawna\"},\"image\":{\"@id\":\"https:\/\/polowiec.pl\/en\/#\/schema\/logo\/image\/\"},\"sameAs\":[\"https:\/\/www.facebook.com\/polowieciwspolnicy\/\",\"https:\/\/www.linkedin.com\/company\/polowiec-i-wsplnicy-sp.j.\/about\/\"]},{\"@type\":\"Person\",\"@id\":\"https:\/\/polowiec.pl\/en\/#\/schema\/person\/6178ac96ba1d4d590993734f8a0a6539\",\"name\":\"Monika\",\"image\":{\"@type\":\"ImageObject\",\"inLanguage\":\"en-US\",\"@id\":\"https:\/\/secure.gravatar.com\/avatar\/525d12775156493d0259a4384e9f7b0a0e6cc1c583cc1d0ae144bd6ca07140ea?s=96&d=mm&r=g\",\"url\":\"https:\/\/secure.gravatar.com\/avatar\/525d12775156493d0259a4384e9f7b0a0e6cc1c583cc1d0ae144bd6ca07140ea?s=96&d=mm&r=g\",\"contentUrl\":\"https:\/\/secure.gravatar.com\/avatar\/525d12775156493d0259a4384e9f7b0a0e6cc1c583cc1d0ae144bd6ca07140ea?s=96&d=mm&r=g\",\"caption\":\"Monika\"}}]}<\/script>\n<!-- \/ Yoast SEO plugin. -->","yoast_head_json":{"title":"Legal Bulletin Of The Law Office Of Adam Polowiec (1 January 2018 \u2013 28 January 2018) - Polowiec i Wsp\u00f3lnicy - Kancelaria prawna","robots":{"index":"index","follow":"follow","max-snippet":"max-snippet:-1","max-image-preview":"max-image-preview:large","max-video-preview":"max-video-preview:-1"},"canonical":"https:\/\/polowiec.pl\/en\/legal-bulletin-of-the-law-office-of-adam-polowiec-1-january-2018-28-january-2018\/","og_locale":"en_US","og_type":"article","og_title":"Legal Bulletin Of The Law Office Of Adam Polowiec (1 January 2018 \u2013 28 January 2018) - Polowiec i Wsp\u00f3lnicy - Kancelaria prawna","og_description":"We would like to present the next issue of legal bulletin of the Law Office of Adam Polowiec.What you will find here is some information about the new provisions of law and the projects of amendments to acts, but also case-laws including the case laws of Supreme Court, Constitutional Tribunal and European Court of Justice.","og_url":"https:\/\/polowiec.pl\/en\/legal-bulletin-of-the-law-office-of-adam-polowiec-1-january-2018-28-january-2018\/","og_site_name":"Polowiec i Wsp\u00f3lnicy - Kancelaria prawna","article_publisher":"https:\/\/www.facebook.com\/polowieciwspolnicy\/","article_published_time":"2018-01-31T11:46:42+00:00","article_modified_time":"2019-04-18T16:22:45+00:00","author":"Monika","twitter_card":"summary_large_image","twitter_misc":{"Written by":"Monika","Est. reading time":"58 minutes"},"schema":{"@context":"https:\/\/schema.org","@graph":[{"@type":"Article","@id":"https:\/\/polowiec.pl\/en\/legal-bulletin-of-the-law-office-of-adam-polowiec-1-january-2018-28-january-2018\/#article","isPartOf":{"@id":"https:\/\/polowiec.pl\/en\/legal-bulletin-of-the-law-office-of-adam-polowiec-1-january-2018-28-january-2018\/"},"author":{"name":"Monika","@id":"https:\/\/polowiec.pl\/en\/#\/schema\/person\/6178ac96ba1d4d590993734f8a0a6539"},"headline":"Legal Bulletin Of The Law Office Of Adam Polowiec (1 January 2018 \u2013 28 January 2018)","datePublished":"2018-01-31T11:46:42+00:00","dateModified":"2019-04-18T16:22:45+00:00","mainEntityOfPage":{"@id":"https:\/\/polowiec.pl\/en\/legal-bulletin-of-the-law-office-of-adam-polowiec-1-january-2018-28-january-2018\/"},"wordCount":11588,"publisher":{"@id":"https:\/\/polowiec.pl\/en\/#organization"},"articleSection":["Wpisy"],"inLanguage":"en-US"},{"@type":"WebPage","@id":"https:\/\/polowiec.pl\/en\/legal-bulletin-of-the-law-office-of-adam-polowiec-1-january-2018-28-january-2018\/","url":"https:\/\/polowiec.pl\/en\/legal-bulletin-of-the-law-office-of-adam-polowiec-1-january-2018-28-january-2018\/","name":"Legal Bulletin Of The Law Office Of Adam Polowiec (1 January 2018 \u2013 28 January 2018) - Polowiec i Wsp\u00f3lnicy - Kancelaria prawna","isPartOf":{"@id":"https:\/\/polowiec.pl\/en\/#website"},"datePublished":"2018-01-31T11:46:42+00:00","dateModified":"2019-04-18T16:22:45+00:00","breadcrumb":{"@id":"https:\/\/polowiec.pl\/en\/legal-bulletin-of-the-law-office-of-adam-polowiec-1-january-2018-28-january-2018\/#breadcrumb"},"inLanguage":"en-US","potentialAction":[{"@type":"ReadAction","target":["https:\/\/polowiec.pl\/en\/legal-bulletin-of-the-law-office-of-adam-polowiec-1-january-2018-28-january-2018\/"]}]},{"@type":"BreadcrumbList","@id":"https:\/\/polowiec.pl\/en\/legal-bulletin-of-the-law-office-of-adam-polowiec-1-january-2018-28-january-2018\/#breadcrumb","itemListElement":[{"@type":"ListItem","position":1,"name":"Strona g\u0142\u00f3wna","item":"https:\/\/polowiec.pl\/en\/"},{"@type":"ListItem","position":2,"name":"Legal Bulletin Of The Law Office Of Adam Polowiec (1 January 2018 \u2013 28 January 2018)"}]},{"@type":"WebSite","@id":"https:\/\/polowiec.pl\/en\/#website","url":"https:\/\/polowiec.pl\/en\/","name":"Polowiec i Wsp\u00f3lnicy - Kancelaria prawna","description":"Obs\u0142uga prawna","publisher":{"@id":"https:\/\/polowiec.pl\/en\/#organization"},"potentialAction":[{"@type":"SearchAction","target":{"@type":"EntryPoint","urlTemplate":"https:\/\/polowiec.pl\/en\/?s={search_term_string}"},"query-input":{"@type":"PropertyValueSpecification","valueRequired":true,"valueName":"search_term_string"}}],"inLanguage":"en-US"},{"@type":"Organization","@id":"https:\/\/polowiec.pl\/en\/#organization","name":"Polowiec i Wsp\u00f3lnicy - Kancelaria prawna","url":"https:\/\/polowiec.pl\/en\/","logo":{"@type":"ImageObject","inLanguage":"en-US","@id":"https:\/\/polowiec.pl\/en\/#\/schema\/logo\/image\/","url":"https:\/\/polowiec.pl\/wp-content\/uploads\/2018\/10\/polowiec_logo2-1.png","contentUrl":"https:\/\/polowiec.pl\/wp-content\/uploads\/2018\/10\/polowiec_logo2-1.png","width":540,"height":381,"caption":"Polowiec i Wsp\u00f3lnicy - Kancelaria prawna"},"image":{"@id":"https:\/\/polowiec.pl\/en\/#\/schema\/logo\/image\/"},"sameAs":["https:\/\/www.facebook.com\/polowieciwspolnicy\/","https:\/\/www.linkedin.com\/company\/polowiec-i-wsplnicy-sp.j.\/about\/"]},{"@type":"Person","@id":"https:\/\/polowiec.pl\/en\/#\/schema\/person\/6178ac96ba1d4d590993734f8a0a6539","name":"Monika","image":{"@type":"ImageObject","inLanguage":"en-US","@id":"https:\/\/secure.gravatar.com\/avatar\/525d12775156493d0259a4384e9f7b0a0e6cc1c583cc1d0ae144bd6ca07140ea?s=96&d=mm&r=g","url":"https:\/\/secure.gravatar.com\/avatar\/525d12775156493d0259a4384e9f7b0a0e6cc1c583cc1d0ae144bd6ca07140ea?s=96&d=mm&r=g","contentUrl":"https:\/\/secure.gravatar.com\/avatar\/525d12775156493d0259a4384e9f7b0a0e6cc1c583cc1d0ae144bd6ca07140ea?s=96&d=mm&r=g","caption":"Monika"}}]}},"_links":{"self":[{"href":"https:\/\/polowiec.pl\/en\/wp-json\/wp\/v2\/posts\/830","targetHints":{"allow":["GET"]}}],"collection":[{"href":"https:\/\/polowiec.pl\/en\/wp-json\/wp\/v2\/posts"}],"about":[{"href":"https:\/\/polowiec.pl\/en\/wp-json\/wp\/v2\/types\/post"}],"author":[{"embeddable":true,"href":"https:\/\/polowiec.pl\/en\/wp-json\/wp\/v2\/users\/4"}],"replies":[{"embeddable":true,"href":"https:\/\/polowiec.pl\/en\/wp-json\/wp\/v2\/comments?post=830"}],"version-history":[{"count":0,"href":"https:\/\/polowiec.pl\/en\/wp-json\/wp\/v2\/posts\/830\/revisions"}],"wp:attachment":[{"href":"https:\/\/polowiec.pl\/en\/wp-json\/wp\/v2\/media?parent=830"}],"wp:term":[{"taxonomy":"category","embeddable":true,"href":"https:\/\/polowiec.pl\/en\/wp-json\/wp\/v2\/categories?post=830"},{"taxonomy":"post_tag","embeddable":true,"href":"https:\/\/polowiec.pl\/en\/wp-json\/wp\/v2\/tags?post=830"}],"curies":[{"name":"wp","href":"https:\/\/api.w.org\/{rel}","templated":true}]}}