{"id":833,"date":"2018-02-13T08:31:05","date_gmt":"2018-02-13T07:31:05","guid":{"rendered":"https:\/\/nowa.polowiec.pl\/legal-bulletin-of-the-law-office-of-adam-polowiec-29-february-2018-11-february-2018\/"},"modified":"2019-04-18T18:21:51","modified_gmt":"2019-04-18T16:21:51","slug":"legal-bulletin-of-the-law-office-of-adam-polowiec-29-february-2018-11-february-2018","status":"publish","type":"post","link":"https:\/\/polowiec.pl\/en\/legal-bulletin-of-the-law-office-of-adam-polowiec-29-february-2018-11-february-2018\/","title":{"rendered":"Legal Bulletin Of The Law Office Of Adam Polowiec (29 February 2018 \u2013 11 February 2018)"},"content":{"rendered":"<p><span style=\"font-size: 14px; text-align: justify;\">We would like to present the next issue of legal bulletin of the Law Office of Adam Polowiec.<\/span><br style=\"font-size: 14px; text-align: justify;\" \/><span style=\"font-size: 14px; text-align: justify;\">What you will find here is some information about the new provisions of law and the projects of amendments to acts, but also case-laws including the case laws of Supreme Court, Constitutional Tribunal and European Court of Justice.<\/span><\/p>\n<p>  <!--more-->  <\/p>\n<p>&nbsp;<strong>_____Nowe Prawo<\/strong><\/p>\n<p><strong>BEZPIECZE\u0143STWO IMPREZ MASOWYCH I&nbsp;INNE<\/strong><br \/>Ustawa z&nbsp;dnia 10 stycznia 2018 r. o&nbsp;zmianie ustawy o&nbsp;wychowaniu w&nbsp;trze\u017awo\u015bci i&nbsp;przeciwdzia\u0142aniu alkoholizmowi oraz ustawy o&nbsp;bezpiecze\u0144stwie imprez masowych (Dz. U. z&nbsp;2018 r., poz. 310) &ndash; wejdzie w&nbsp;\u017cycie z&nbsp;dniem 9 marca 2018 r.<br \/>W ustawie z&nbsp;dnia 26 pa\u017adziernika 1982 r. o&nbsp;wychowaniu w&nbsp;trze\u017awo\u015bci i&nbsp;przeciwdzia\u0142aniu alkoholizmowi (Dz. U. z&nbsp;2016 r. poz. 487 oraz z&nbsp;2017 r. poz. 2245 i&nbsp;2439) zmianie ulegnie brzmienie art. 12, art. 14, art. 18, w&nbsp;art. 181 w&nbsp;ust. 4 wyrazy &#8220;organizacji przyj\u0119\u0107&#8221; zast\u0119puje si\u0119 wyrazami &#8220;dostarczaniu \u017cywno\u015bci na imprezy zamkni\u0119te organizowane w&nbsp;czasie i&nbsp;miejscu wyznaczonym przez klienta, w&nbsp;oparciu o&nbsp;zawart\u0105 z&nbsp;nim umow\u0119&#8221;.<br \/>W ustawie z&nbsp;dnia 20 marca 2009 r. o&nbsp;bezpiecze\u0144stwie imprez masowych (Dz. U. z&nbsp;2017 r. poz. 1160 oraz z&nbsp;2018 r. poz. 138) zmianie ulegnie brzmienie art. 8a ust. 3.<\/p>\n<p><strong>OGRANICZENIE HANDLU<\/strong><br \/>Ustawa z&nbsp;dnia 10 stycznia 2018 r. o&nbsp;ograniczeniu handlu w&nbsp;niedziele i&nbsp;\u015bwi\u0119ta oraz w&nbsp;niekt&oacute;re inne dni (Dz. U. z&nbsp;2018 r., poz. 305) &ndash; wejdzie w&nbsp;\u017cycie z&nbsp;dniem 1 marca 2018 r.<\/p>\n<p><strong>WYROBY MEDYCZNE<\/strong><br \/>Rozporz\u0105dzenie Ministra Zdrowia z&nbsp;dnia 18 stycznia 2018 r. zmieniaj\u0105ce rozporz\u0105dzenie w&nbsp;sprawie wykazu wyrob&oacute;w medycznych wydawanych na zlecenie (Dz. U. z&nbsp;2018 r., poz. 281) &ndash; wejdzie w&nbsp;\u017cycie z&nbsp;dniem 3 marca 2018 r.<br \/>W rozporz\u0105dzeniu Ministra Zdrowia z&nbsp;dnia 29 maja 2017 r. w&nbsp;sprawie wykazu wyrob&oacute;w medycznych wydawanych na zlecenie (Dz. U. poz. 1061) zmianie ulegnie brzmienie &sect; 3 ust. 2, za\u0142\u0105cznika do rozporz\u0105dzenia w&nbsp;grupie P.<\/p>\n<p><strong>PIEL\u0118GNIARKI I&nbsp;PO\u0141O\u017bNE<\/strong><br \/>Rozporz\u0105dzenie Ministra Zdrowia z&nbsp;dnia 18 stycznia 2018 r. w&nbsp;sprawie wykazu substancji czynnych zawartych w&nbsp;lekach, \u015brodk&oacute;w spo\u017cywczych specjalnego przeznaczenia \u017cywieniowego i&nbsp;wyrob&oacute;w medycznych ordynowanych przez piel\u0119gniarki i&nbsp;po\u0142o\u017cne oraz wykazu bada\u0144 diagnostycznych, na kt&oacute;re maj\u0105 prawo wystawia\u0107 skierowania piel\u0119gniarki i&nbsp;po\u0142o\u017cne (Dz. U. z&nbsp;2018 r., poz. 299) &ndash; wejdzie w&nbsp;\u017cycie z&nbsp;dniem 17 lutego 2018 r.<\/p>\n<p><strong>PRAWO DROGOWE<\/strong><br \/>Rozporz\u0105dzenie Ministra Cyfryzacji z&nbsp;dnia 24 stycznia 2018 r. zmieniaj\u0105ce rozporz\u0105dzenie w&nbsp;sprawie rodzaju i&nbsp;zakresu danych udost\u0119pnianych z&nbsp;centralnej ewidencji pojazd&oacute;w (Dz. U. z&nbsp;2018 r., poz. 233) &ndash; wesz\u0142o w&nbsp;\u017cycie z&nbsp;dniem 27 stycznia 2018 r.<br \/>W rozporz\u0105dzeniu Ministra Cyfryzacji z&nbsp;dnia 15 czerwca 2016 r. w&nbsp;sprawie rodzaju i&nbsp;zakresu danych udost\u0119pnianych z&nbsp;centralnej ewidencji pojazd&oacute;w (Dz. U. poz. 1031 i&nbsp;2114 oraz z&nbsp;2017 r. poz. 2081) zmianie uleg\u0142o brzmienie &sect; 2.<br \/>Rozporz\u0105dzenie Ministra Cyfryzacji z&nbsp;dnia 26 stycznia 2018 r. zmieniaj\u0105ce rozporz\u0105dzenie w&nbsp;sprawie centralnej ewidencji kierowc&oacute;w &ndash; wesz\u0142o w&nbsp;\u017cycie z&nbsp;dniem 29 stycznia 2018 r.<br \/>W rozporz\u0105dzeniu Ministra Spraw Wewn\u0119trznych i&nbsp;Administracji z&nbsp;dnia 3 sierpnia 2001 r. w&nbsp;sprawie centralnej ewidencji kierowc&oacute;w (Dz. U. poz. 1028, z&nbsp;2003 r. poz. 2339 oraz z&nbsp;2017 r. poz. 1235 i&nbsp;2086) zmianie uleg\u0142o brzmienie &sect; 5 ust. 1.<\/p>\n<p><strong>PRAWO PODATKOWE<\/strong><br \/>Rozporz\u0105dzenie Ministra Finans&oacute;w z&nbsp;dnia 19 stycznia 2018 r. zmieniaj\u0105ce rozporz\u0105dzenie w&nbsp;sprawie wzor&oacute;w dokument&oacute;w zwi\u0105zanych z&nbsp;rejestracj\u0105 w&nbsp;zakresie podatku akcyzowego (Dz. U. z&nbsp;2018 r., poz. 234) &ndash; wesz\u0142o w&nbsp;\u017cycie z&nbsp;dniem 1 lutego 2018 r.<br \/>W rozporz\u0105dzeniu Ministra Rozwoju i&nbsp;Finans&oacute;w z&nbsp;dnia 15 lutego 2017 r. w&nbsp;sprawie wzor&oacute;w dokument&oacute;w zwi\u0105zanych z&nbsp;rejestracj\u0105 w&nbsp;zakresie podatku akcyzowego (Dz. U. poz. 324) zmianie uleg\u0142o brzmienie za\u0142\u0105cznika nr 1.<br \/>Rozporz\u0105dzenie Ministra Finans&oacute;w z&nbsp;dnia 24 stycznia 2018 r. w&nbsp;sprawie wzor&oacute;w deklaracji uproszczonej dla podatku akcyzowego od nabycia wewn\u0105trzwsp&oacute;lnotowego (Dz. U. z&nbsp;2018 r., poz. 267) &ndash; wesz\u0142o w&nbsp;\u017cycie z&nbsp;dniem 1 lutego 2018 r.<br \/>Rozporz\u0105dzenie Ministra Finans&oacute;w z&nbsp;dnia 24 stycznia 2018 r. w&nbsp;sprawie wzor&oacute;w deklaracji podatkowych dla podatku akcyzowego oraz deklaracji w&nbsp;sprawie przedp\u0142aty akcyzy (Dz. U. z&nbsp;2018 r., poz. 273) &ndash; wesz\u0142o w&nbsp;\u017cycie z&nbsp;dniem 1 lutego 2018 r.<br \/>Rozporz\u0105dzenie Ministra Finans&oacute;w z&nbsp;dnia 30 stycznia 2018 r. w&nbsp;sprawie op\u0142aty za ustalanie wska\u017anika ryzyka (Dz. U. z&nbsp;2018 r., poz. 282) &ndash; wesz\u0142o w&nbsp;\u017cycie z&nbsp;dniem 1 lutego 2018 r.<br \/>Rozporz\u0105dzenie Ministra Finans&oacute;w z&nbsp;dnia 2 lutego 2018 r. zmieniaj\u0105ce rozporz\u0105dzenie w&nbsp;sprawie sposobu przesy\u0142ania za pomoc\u0105 \u015brodk&oacute;w komunikacji elektronicznej ksi\u0105g podatkowych oraz wymaga\u0144 technicznych dla informatycznych no\u015bnik&oacute;w danych, na kt&oacute;rych te ksi\u0119gi mog\u0105 by\u0107 zapisane i&nbsp;przekazywane (Dz. U. z&nbsp;2018 r., poz. 304) &ndash; wesz\u0142o w&nbsp;\u017cycie z&nbsp;dniem 5 lutego 2018 r.<\/p>\n<p><strong>KRAJOWY REJESTR S\u0104DOWY<\/strong><br \/>Rozporz\u0105dzenie Ministra Sprawiedliwo\u015bci z&nbsp;dnia 29 stycznia 2018 r. zmieniaj\u0105ce rozporz\u0105dzenie w&nbsp;sprawie okre\u015blenia wzor&oacute;w urz\u0119dowych formularzy wniosk&oacute;w o&nbsp;wpis do Krajowego Rejestru S\u0105dowego oraz sposobu i&nbsp;miejsca ich udost\u0119pniania (Dz. U. z&nbsp;2018 r., poz. 302) &ndash; wesz\u0142o w&nbsp;\u017cycie z&nbsp;dniem 3 lutego 2018 r.<br \/>W rozporz\u0105dzeniu Ministra Sprawiedliwo\u015bci z&nbsp;dnia 21 grudnia 2000 r. w&nbsp;sprawie okre\u015blenia wzor&oacute;w urz\u0119dowych formularzy wniosk&oacute;w o&nbsp;wpis do Krajowego Rejestru S\u0105dowego oraz sposobu i&nbsp;miejsca ich udost\u0119pniania (Dz. U. z&nbsp;2015 r. poz. 724 oraz z&nbsp;2017 r. poz. 1288) zmianie uleg\u0142o brzmienie za\u0142\u0105cznik&oacute;w nr 26 i&nbsp;65 do rozporz\u0105dzenia.<\/p>\n<p><strong>ELEKTROMOBILNO\u015a\u0106 I&nbsp;PALIWA ALTERNATYWNE<\/strong><br \/>Ustawa z&nbsp;dnia 11 stycznia 2018 r. o&nbsp;elektromobilno\u015bci i&nbsp;paliwach alternatywnych (Dz. U. z&nbsp;2018 r., poz. 317) &ndash; wejdzie w&nbsp;\u017cycie z&nbsp;dniem 22 lutego 2018 r., z&nbsp;wyj\u0105tkiem:<br \/>1) art. 3 ust. 1 pkt 8, kt&oacute;ry wchodzi w&nbsp;\u017cycie z&nbsp;dniem 1 stycznia 2023 r.;<br \/>2) art. 24, kt&oacute;ry wchodzi w&nbsp;\u017cycie z&nbsp;dniem 1 stycznia 2026 r.;<br \/>3) art. 34 i&nbsp;art. 35, kt&oacute;re wchodz\u0105 w&nbsp;\u017cycie z&nbsp;dniem 1 stycznia 2025 r.;<br \/>4) art. 36, kt&oacute;ry wchodzi w&nbsp;\u017cycie z&nbsp;dniem 1 stycznia 2028 r.;<br \/>5) art. 39 ust. 2, kt&oacute;ry wchodzi w&nbsp;\u017cycie po up\u0142ywie 6 miesi\u0119cy od dnia wej\u015bcia w&nbsp;\u017cycie ustawy;<br \/>6) art. 41 ust. 1, kt&oacute;ry wchodzi w&nbsp;\u017cycie po up\u0142ywie 3 miesi\u0119cy od dnia wej\u015bcia w&nbsp;\u017cycie ustawy;<br \/>7) art. 42 i&nbsp;art. 69, kt&oacute;re wchodz\u0105 w&nbsp;\u017cycie z&nbsp;dniem 1 stycznia 2019 r.;<br \/>8) art. 49 pkt 6, kt&oacute;ry wchodzi w&nbsp;\u017cycie z&nbsp;dniem 3 listopada 2018 r.;<br \/>9) art. 55:<br \/>a) pkt 1 w&nbsp;zakresie dodawanego art. 65l ust. 4 pkt 3, kt&oacute;ry wchodzi w&nbsp;\u017cycie z&nbsp;dniem 1 lipca 2019 r.,<br \/>b) pkt 2, kt&oacute;ry wchodzi w&nbsp;\u017cycie z&nbsp;dniem 1 stycznia 2020 r.<\/p>\n<p><strong>PRAWO UNII EUROPEJSKIEJ<\/strong><br \/>Rozporz\u0105dzenie Rady (UE) 2018\/121 z&nbsp;dnia 23 stycznia 2018 r. zmieniaj\u0105ce rozporz\u0105dzenie (UE) nr 560\/2014 w&nbsp;sprawie ustanowienia Wsp&oacute;lnego Przedsi\u0119wzi\u0119cia na rzecz Bioprzemys\u0142u (Tekst maj\u0105cy znaczenie dla EOG.)<br \/>Rozporz\u0105dzenie delegowane Komisji (UE) 2018\/122 z&nbsp;dnia 20 pa\u017adziernika 2017 r. zmieniaj\u0105ce za\u0142\u0105czniki I, II, VI, VIII i&nbsp;IX do rozporz\u0105dzenia Parlamentu Europejskiego i&nbsp;Rady (UE) nr 1007\/2011 w&nbsp;sprawie nazewnictwa w\u0142&oacute;kien tekstylnych oraz etykietowania i&nbsp;oznakowywania sk\u0142adu surowcowego wyrob&oacute;w w\u0142&oacute;kienniczych (Tekst maj\u0105cy znaczenie dla EOG.)<br \/>Rozporz\u0105dzenie wykonawcze Komisji (UE) 2018\/139 z&nbsp;dnia 29 stycznia 2018 r. zmieniaj\u0105ce rozporz\u0105dzenie (WE) nr 1033\/2006 w&nbsp;zakresie odniesie\u0144 do przepis&oacute;w ICAO (Tekst maj\u0105cy znaczenie dla EOG.)<br \/>Rozporz\u0105dzenie delegowane Komisji (UE) 2018\/148 z&nbsp;dnia 27 wrze\u015bnia 2017 r. zmieniaj\u0105ce za\u0142\u0105czniki II, III i&nbsp;IV do rozporz\u0105dzenia Parlamentu Europejskiego i&nbsp;Rady (UE) nr 978\/2012 wprowadzaj\u0105cego og&oacute;lny system preferencji taryfowych<br \/>Rozporz\u0105dzenie wykonawcze Komisji (UE) 2018\/151 z&nbsp;dnia 30 stycznia 2018 r. ustanawiaj\u0105ce zasady stosowania dyrektywy Parlamentu Europejskiego i&nbsp;Rady (UE) 2016\/1148 w&nbsp;odniesieniu do dalszego doprecyzowania element&oacute;w, jakie maj\u0105 by\u0107 uwzgl\u0119dnione przez dostawc&oacute;w us\u0142ug cyfrowych w&nbsp;zakresie zarz\u0105dzania istniej\u0105cymi ryzykami dla bezpiecze\u0144stwa sieci i&nbsp;system&oacute;w informatycznych, oraz parametr&oacute;w s\u0142u\u017c\u0105cych do okre\u015blenia, czy incydent ma istotny wp\u0142yw<br \/>Rozporz\u0105dzenie wykonawcze Komisji (UE) 2018\/155 z&nbsp;dnia 31 stycznia 2018 r. zmieniaj\u0105ce rozporz\u0105dzenie wykonawcze (UE) nr 686\/2012 przydzielaj\u0105ce pa\u0144stwom cz\u0142onkowskim, do cel&oacute;w procedury odnowienia, zadanie oceny substancji czynnych (Tekst maj\u0105cy znaczenie dla EOG.)<br \/>Rozporz\u0105dzenie delegowane Komisji (UE) 2018\/162 z&nbsp;dnia 23 listopada 2017 r. zmieniaj\u0105ce za\u0142\u0105cznik I&nbsp;do rozporz\u0105dzenia Parlamentu Europejskiego i&nbsp;Rady (UE) nr 1305\/2013 oraz za\u0142\u0105czniki II i&nbsp;III do rozporz\u0105dzenia Parlamentu Europejskiego i&nbsp;Rady (UE) nr 1307\/2013<br \/>Rozporz\u0105dzenie delegowane Komisji (UE) 2018\/173 z&nbsp;dnia 29 listopada 2017 r. zmieniaj\u0105ce rozporz\u0105dzenie Parlamentu Europejskiego i&nbsp;Rady (UE) 2015\/936 w&nbsp;zakresie aktualizacji kod&oacute;w Nomenklatury scalonej wymienionych w&nbsp;za\u0142\u0105czniku I&nbsp;do tego rozporz\u0105dzenia<br \/>Rozporz\u0105dzenie delegowane Komisji (UE) 2018\/172 z&nbsp;dnia 28 listopada 2017 r. zmieniaj\u0105ce za\u0142\u0105czniki I&nbsp;i V do rozporz\u0105dzenia Parlamentu Europejskiego i&nbsp;Rady (UE) nr 649\/2012 dotycz\u0105cego wywozu i&nbsp;przywozu niebezpiecznych chemikali&oacute;w (Tekst maj\u0105cy znaczenie dla EOG.)<br \/>Rozporz\u0105dzenie wykonawcze Komisji (UE) 2018\/165 z&nbsp;dnia 31 stycznia 2018 r. ustalaj\u0105ce informacje techniczne w&nbsp;odniesieniu do obliczania rezerw techniczno-ubezpieczeniowych i&nbsp;podstawowych \u015brodk&oacute;w w\u0142asnych w&nbsp;odniesieniu do sprawozda\u0144 dla dat odniesienia od dnia 31 grudnia 2017 r. do dnia 30 marca 2018 r. zgodnie z&nbsp;dyrektyw\u0105 Parlamentu Europejskiego i&nbsp;Rady 2009\/138\/WE w&nbsp;sprawie podejmowania i&nbsp;prowadzenia dzia\u0142alno\u015bci ubezpieczeniowej i&nbsp;reasekuracyjnej (Tekst maj\u0105cy znaczenie dla EOG.)<br \/>Rozporz\u0105dzenie delegowane Komisji (UE) 2018\/171 z&nbsp;dnia 19 pa\u017adziernika 2017 r. uzupe\u0142niaj\u0105ce rozporz\u0105dzenie Parlamentu Europejskiego i&nbsp;Rady (UE) nr 575\/2013 w&nbsp;odniesieniu do regulacyjnych standard&oacute;w technicznych dotycz\u0105cych wysoko\u015bci progu istotno\u015bci przeterminowanego zobowi\u0105zania kredytowego (Tekst maj\u0105cy znaczenie dla EOG.)<br \/>Rozporz\u0105dzenie Komisji (UE) 2018\/182 z&nbsp;dnia 7 lutego 2018 r. zmieniaj\u0105ce rozporz\u0105dzenie (WE) nr 1126\/2008 przyjmuj\u0105ce okre\u015blone mi\u0119dzynarodowe standardy rachunkowo\u015bci zgodnie z&nbsp;rozporz\u0105dzeniem (WE) nr 1606\/2002 Parlamentu Europejskiego i&nbsp;Rady w&nbsp;odniesieniu do Mi\u0119dzynarodowego Standardu Rachunkowo\u015bci 28 oraz Mi\u0119dzynarodowych Standard&oacute;w Sprawozdawczo\u015bci Finansowej 1 i&nbsp;12 (Tekst maj\u0105cy znaczenie dla EOG.)<br \/>Rozporz\u0105dzenie wykonawcze Komisji (UE) 2018\/184 z&nbsp;dnia 7 lutego 2018 r. zmieniaj\u0105ce rozporz\u0105dzenie wykonawcze (UE) nr 540\/2011 w&nbsp;odniesieniu do przed\u0142u\u017cenia okres&oacute;w zatwierdzenia substancji czynnych: FEN 560 (zwanego tak\u017ce kozieradk\u0105 pospolit\u0105 lub sproszkowanymi nasionami kozieradki pospolitej) i&nbsp;fluorku sulfurylu (Tekst maj\u0105cy znaczenie dla EOG.)<br \/>Rozporz\u0105dzenie wykonawcze Komisji (UE) 2018\/185 z&nbsp;dnia 7 lutego 2018 r. zmieniaj\u0105ce rozporz\u0105dzenie wykonawcze (UE) nr 540\/2011 w&nbsp;odniesieniu do warunk&oacute;w zatwierdzenia substancji czynnej penflufen (Tekst maj\u0105cy znaczenie dla EOG.)<br \/>Rozporz\u0105dzenie delegowane Komisji (UE) 2018\/179 z&nbsp;dnia 25 wrze\u015bnia 2017 r. zmieniaj\u0105ce rozporz\u0105dzenie Parlamentu Europejskiego i&nbsp;Rady (UE) nr 1233\/2011 w&nbsp;sprawie zastosowania niekt&oacute;rych wytycznych w&nbsp;dziedzinie oficjalnie wspieranych kredyt&oacute;w eksportowych<\/p>\n<p><strong>ZARZ\u0104DZENIA PREZESA NARODOWEGO FUNDUSZU ZDROWIA<\/strong><br \/>Zarz\u0105dzenie NR 10\/2018\/DSOZ Prezesa Narodowego Funduszu Zdrowia z&nbsp;dnia 7 lutego 2018 r. zmieniaj\u0105ce zarz\u0105dzenie w&nbsp;sprawie okre\u015blenia warunk&oacute;w zawarcia i&nbsp;realizacji um&oacute;w o&nbsp;udzielanie \u015bwiadcze\u0144 opieki zdrowotnej w&nbsp;zakresie podstawowej opieki zdrowotnej &#8211; wchodzi w&nbsp;\u017cycie z&nbsp;dniem nast\u0119puj\u0105cym po dniu podpisania.<br \/>Zarz\u0105dzenie NR 9\/2018\/DI Prezesa Narodowego Funduszu Zdrowia z&nbsp;dnia 1 lutego 2018 r. w&nbsp;sprawie ustalenia szczeg&oacute;\u0142owego komunikatu sprawozdawczego XML dotycz\u0105cego \u015bwiadcze\u0144 ambulatoryjnych i&nbsp;szpitalnych &#8211; wchodzi w&nbsp;\u017cycie z&nbsp;dniem 1 marca 2018 r.<br \/>Zarz\u0105dzenie NR 8\/2018\/DSOZ Prezesa Narodowego Funduszu Zdrowia z&nbsp;dnia 31 stycznia 2018 r. zmieniaj\u0105ce zarz\u0105dzenie w&nbsp;sprawie okre\u015blenia warunk&oacute;w zawierania i&nbsp;realizacji um&oacute;w o&nbsp;udzielanie \u015bwiadcze\u0144 opieki zdrowotnej w&nbsp;rodzaju leczenie stomatologiczne &#8211; wchodzi w&nbsp;\u017cycie po up\u0142ywie 30 dni od dnia jego podpisania.<\/p>\n<p><strong>_____Orzecznictwo<\/strong><br \/><strong>Trybuna\u0142 Konstytucyjny<\/strong><\/p>\n<p><strong>PRAWO BUDOWLANE &#8211; OGRANICZENIA ZAKRESU UPRAWNIE\u0143 BUDOWLANYCH<\/strong><br \/>Specjalno\u015bci, w&nbsp;kt&oacute;rych udzielane s\u0105 uprawnienia budowlane, zosta\u0142y uregulowane w&nbsp;art. 14 prawa budowlanego. W\u015br&oacute;d nich wymieniona zosta\u0142a specjalno\u015b\u0107 in\u017cynieryjna kolejowa (art. 14 ust. 1 pkt 3 lit. c). Spos&oacute;b redakcji art. 14 ust. 1 prawa budowlanego wskazuje, \u017ce w&nbsp;zakresie okre\u015blonych w&nbsp;nim specjalno\u015bci stanowi katalog zamkni\u0119ty. Jedynie w&nbsp;ramach tych specjalno\u015bci mog\u0105 by\u0107 wyodr\u0119bniane specjalizacje techniczno-budowlane. Trybuna\u0142 stwierdzi\u0142, \u017ce w&nbsp;badanych przepisach rozporz\u0105dzenia normodawca wprowadzi\u0142 zatem nowe, niewskazanych w&nbsp;ustawie rodzaje specjalno\u015bci. Konsekwencj\u0105 ich wprowadzenia by\u0142o tak\u017ce okre\u015blenie w&nbsp;za\u0142\u0105czniku nr 2 pod l.p. 7 i&nbsp;8 wykazu kierunk&oacute;w studi&oacute;w wy\u017cszych odpowiednich i&nbsp;pokrewnych dla danej specjalno\u015bci oraz w&nbsp;za\u0142\u0105czniku nr 3 pod l.p. 5 i&nbsp;6 wykazu zawod&oacute;w zwi\u0105zanych z&nbsp;budownictwem w&nbsp;ramach tych specjalno\u015bci, co zdaniem Trybuna\u0142u, pozostaje w&nbsp;sprzeczno\u015bci z&nbsp;art. 14 ust. 1 pkt 3 lit. c prawa budowlanego. W&nbsp;ocenie Trybuna\u0142u, wykonawczy charakter rozporz\u0105dze\u0144 i&nbsp;ich \u015bcis\u0142y zwi\u0105zek z&nbsp;ustaw\u0105, na podstawie kt&oacute;rej s\u0105 wydawane, wyklucza samoistne regulowanie w&nbsp;akcie rangi podustawowej materii nieunormowanej w&nbsp;ustawie. Rozporz\u0105dzenie, kt&oacute;re samodzielnie kreuje przedmiot regulacji, traci zwi\u0105zek z&nbsp;ustaw\u0105. Upowa\u017cnienia do okre\u015blenia niewskazanych w&nbsp;ustawie specjalno\u015bci nie zawiera i&nbsp;nie mo\u017ce zawiera\u0107 art. 16 prawa budowlanego, stanowi\u0105cy delegacj\u0119 dla wskazanych tam organ&oacute;w wykonawczych do wydania rozporz\u0105dzenia. Tote\u017c rozporz\u0105dzenie w&nbsp;tym zakresie nie jest aktem wykonawczym do ustawy, lecz staje si\u0119 aktem o&nbsp;charakterze samoistnym. Nie s\u0142u\u017cy bowiem wykonaniu ustawy, ale samodzielnie reguluje materie, co do kt&oacute;rych brak jakichkolwiek dyrektyw w&nbsp;ustawie. W&nbsp;zwi\u0105zku z&nbsp;tym Trybuna\u0142 uzna\u0142, \u017ce rozporz\u0105dzenie w&nbsp;badanym zakresie wydane zosta\u0142o z&nbsp;przekroczeniem udzielonych kompetencji, i&nbsp;stwierdzi\u0142 niezgodno\u015b\u0107 zaskar\u017conych przepis&oacute;w rozporz\u0105dzenia z&nbsp;art. 14 ust. 1 pkt 3 lit. c i&nbsp;art. 16 prawa budowlanego &ndash; Wyrok Trybuna\u0142u Konstytucyjnego z&nbsp;dnia 7 lutego 2018 r., sygn. akt K 39\/15.<\/p>\n<p><strong>S\u0105d Najwy\u017cszy<br \/><\/strong><br \/><strong>PIERWSZE\u0143STWO ZASPOKOJENIA WIERZYTELNO\u015aCI PRZEWIDZIANEGO W&nbsp;ART. 1025 &sect; 1 PKT 1 K.P.C.<\/strong><br \/>Koszty egzekucji nale\u017cne komornikowi s\u0105dowemu, ustalone prawomocnym postanowieniem, nie korzystaj\u0105 z&nbsp;pierwsze\u0144stwa zaspokojenia przewidzianego w&nbsp;art. 1025 &sect; 1 pkt 1 k.p.c. w&nbsp;innym post\u0119powaniu egzekucyjnym &ndash; Uchwa\u0142a S\u0105du Najwy\u017cszego z&nbsp;dnia 30 stycznia 2018 r., sygn. akt III CZP 98\/17.<\/p>\n<p><strong>ZDOLNO\u015a\u0106 S\u0104DOWA W&nbsp;POST\u0118POWANIU LIKWIDACYJNYM<\/strong><br \/>Samodzielny publiczny zak\u0142ad opieki zdrowotnej wykre\u015blony z&nbsp;Krajowego Rejestru S\u0105dowego na podstawie art. 35b ust. 9 ustawy z&nbsp;dnia 30 sierpnia 1991 r. o&nbsp;zak\u0142adach opieki zdrowotnej (Dz. U. Nr 91, poz. 408 z&nbsp;p&oacute;\u017an. zm.) zachowuje zdolno\u015b\u0107 s\u0105dow\u0105 w&nbsp;post\u0119powaniu likwidacyjnym &ndash; Uchwa\u0142a S\u0105du Najwy\u017cszego z&nbsp;dnia 30 stycznia 2018 r., sygn. akt III CZP 96\/17.<\/p>\n<p><strong>PRACA W&nbsp;SZCZEG&Oacute;LNYCH WARUNKACH<\/strong><br \/>Praca w&nbsp;transporcie kierowcy samochodu ci\u0119\u017carowego o&nbsp;dopuszczalnym ci\u0119\u017carze ca\u0142kowitym powy\u017cej 3,5 tony, kt&oacute;ry ubocznie wykonywa\u0142 czynno\u015bci konwojenta, \u0142adowacza lub spedytora w&nbsp;odniesieniu do przewo\u017conych towar&oacute;w, jest prac\u0105 w&nbsp;szczeg&oacute;lnych warunkach (art. 32 ust. 1 w&nbsp;zwi\u0105zku z&nbsp;art. 184 ust. 1 ustawy z&nbsp;dnia 17 grudnia 1998 r. o&nbsp;emeryturach i&nbsp;rentach z&nbsp;Funduszu Ubezpiecze\u0144 Spo\u0142ecznych, tekst jedn.: Dz. U. z&nbsp;2017 r. poz. 1383 z&nbsp;p&oacute;\u017an. zm. w&nbsp;zwi\u0105zku z&nbsp;poz. 2 Dzia\u0142u VIII wykazu A&nbsp;stanowi\u0105cego za\u0142\u0105cznik do rozporz\u0105dzenia Rady Ministr&oacute;w z&nbsp;dnia 7 lutego 1983 r. w&nbsp;sprawie wieku emerytalnego pracownik&oacute;w zatrudnionych w&nbsp;szczeg&oacute;lnych warunkach lub w&nbsp;szczeg&oacute;lnym charakterze, Dz. U. Nr 8, poz. 43 z&nbsp;p&oacute;\u017an. zm.) &ndash; Uchwa\u0142a S\u0105du Najwy\u017cszego z&nbsp;dnia 31 stycznia 2018 r., sygn. akt III UZP 8\/17<\/p>\n","protected":false},"excerpt":{"rendered":"<p>We would like to present the next issue of legal bulletin of the Law Office of Adam Polowiec.What you will find here is some information about the new provisions of law and the projects of amendments to acts, but also case-laws including the case laws of Supreme Court, Constitutional Tribunal and European Court of Justice.<\/p>\n","protected":false},"author":4,"featured_media":0,"comment_status":"closed","ping_status":"open","sticky":false,"template":"","format":"standard","meta":{"footnotes":""},"categories":[2],"tags":[],"class_list":["post-833","post","type-post","status-publish","format-standard","hentry","category-wpisy"],"featured_image_src":{"landsacpe":false,"list":false,"medium":false,"full":false},"yoast_head":"<!-- This site is optimized with the Yoast SEO plugin v27.2 - https:\/\/yoast.com\/product\/yoast-seo-wordpress\/ -->\n<title>Legal Bulletin Of The Law Office Of Adam Polowiec (29 February 2018 \u2013 11 February 2018) - Polowiec i Wsp\u00f3lnicy - Kancelaria prawna<\/title>\n<meta name=\"robots\" content=\"index, follow, max-snippet:-1, max-image-preview:large, max-video-preview:-1\" \/>\n<link rel=\"canonical\" href=\"https:\/\/polowiec.pl\/en\/legal-bulletin-of-the-law-office-of-adam-polowiec-29-february-2018-11-february-2018\/\" \/>\n<meta property=\"og:locale\" content=\"en_US\" \/>\n<meta property=\"og:type\" content=\"article\" \/>\n<meta property=\"og:title\" content=\"Legal Bulletin Of The Law Office Of Adam Polowiec (29 February 2018 \u2013 11 February 2018) - Polowiec i Wsp\u00f3lnicy - Kancelaria prawna\" \/>\n<meta property=\"og:description\" content=\"We would like to present the next issue of legal bulletin of the Law Office of Adam Polowiec.What you will find here is some information about the new provisions of law and the projects of amendments to acts, but also case-laws including the case laws of Supreme Court, Constitutional Tribunal and European Court of Justice.\" \/>\n<meta property=\"og:url\" content=\"https:\/\/polowiec.pl\/en\/legal-bulletin-of-the-law-office-of-adam-polowiec-29-february-2018-11-february-2018\/\" \/>\n<meta property=\"og:site_name\" content=\"Polowiec i Wsp\u00f3lnicy - Kancelaria prawna\" \/>\n<meta property=\"article:publisher\" content=\"https:\/\/www.facebook.com\/polowieciwspolnicy\/\" \/>\n<meta property=\"article:published_time\" content=\"2018-02-13T07:31:05+00:00\" \/>\n<meta property=\"article:modified_time\" content=\"2019-04-18T16:21:51+00:00\" \/>\n<meta name=\"author\" content=\"Monika\" \/>\n<meta name=\"twitter:card\" content=\"summary_large_image\" \/>\n<meta name=\"twitter:label1\" content=\"Written by\" \/>\n\t<meta name=\"twitter:data1\" content=\"Monika\" \/>\n\t<meta name=\"twitter:label2\" content=\"Est. reading time\" \/>\n\t<meta name=\"twitter:data2\" content=\"14 minutes\" \/>\n<script type=\"application\/ld+json\" class=\"yoast-schema-graph\">{\"@context\":\"https:\/\/schema.org\",\"@graph\":[{\"@type\":\"Article\",\"@id\":\"https:\/\/polowiec.pl\/en\/legal-bulletin-of-the-law-office-of-adam-polowiec-29-february-2018-11-february-2018\/#article\",\"isPartOf\":{\"@id\":\"https:\/\/polowiec.pl\/en\/legal-bulletin-of-the-law-office-of-adam-polowiec-29-february-2018-11-february-2018\/\"},\"author\":{\"name\":\"Monika\",\"@id\":\"https:\/\/polowiec.pl\/en\/#\/schema\/person\/6178ac96ba1d4d590993734f8a0a6539\"},\"headline\":\"Legal Bulletin Of The Law Office Of Adam Polowiec (29 February 2018 \u2013 11 February 2018)\",\"datePublished\":\"2018-02-13T07:31:05+00:00\",\"dateModified\":\"2019-04-18T16:21:51+00:00\",\"mainEntityOfPage\":{\"@id\":\"https:\/\/polowiec.pl\/en\/legal-bulletin-of-the-law-office-of-adam-polowiec-29-february-2018-11-february-2018\/\"},\"wordCount\":2807,\"publisher\":{\"@id\":\"https:\/\/polowiec.pl\/en\/#organization\"},\"articleSection\":[\"Wpisy\"],\"inLanguage\":\"en-US\"},{\"@type\":\"WebPage\",\"@id\":\"https:\/\/polowiec.pl\/en\/legal-bulletin-of-the-law-office-of-adam-polowiec-29-february-2018-11-february-2018\/\",\"url\":\"https:\/\/polowiec.pl\/en\/legal-bulletin-of-the-law-office-of-adam-polowiec-29-february-2018-11-february-2018\/\",\"name\":\"Legal Bulletin Of The Law Office Of Adam Polowiec (29 February 2018 \u2013 11 February 2018) - Polowiec i Wsp\u00f3lnicy - Kancelaria prawna\",\"isPartOf\":{\"@id\":\"https:\/\/polowiec.pl\/en\/#website\"},\"datePublished\":\"2018-02-13T07:31:05+00:00\",\"dateModified\":\"2019-04-18T16:21:51+00:00\",\"breadcrumb\":{\"@id\":\"https:\/\/polowiec.pl\/en\/legal-bulletin-of-the-law-office-of-adam-polowiec-29-february-2018-11-february-2018\/#breadcrumb\"},\"inLanguage\":\"en-US\",\"potentialAction\":[{\"@type\":\"ReadAction\",\"target\":[\"https:\/\/polowiec.pl\/en\/legal-bulletin-of-the-law-office-of-adam-polowiec-29-february-2018-11-february-2018\/\"]}]},{\"@type\":\"BreadcrumbList\",\"@id\":\"https:\/\/polowiec.pl\/en\/legal-bulletin-of-the-law-office-of-adam-polowiec-29-february-2018-11-february-2018\/#breadcrumb\",\"itemListElement\":[{\"@type\":\"ListItem\",\"position\":1,\"name\":\"Strona g\u0142\u00f3wna\",\"item\":\"https:\/\/polowiec.pl\/en\/\"},{\"@type\":\"ListItem\",\"position\":2,\"name\":\"Legal Bulletin Of The Law Office Of Adam Polowiec (29 February 2018 \u2013 11 February 2018)\"}]},{\"@type\":\"WebSite\",\"@id\":\"https:\/\/polowiec.pl\/en\/#website\",\"url\":\"https:\/\/polowiec.pl\/en\/\",\"name\":\"Polowiec i Wsp\u00f3lnicy - Kancelaria prawna\",\"description\":\"Obs\u0142uga prawna\",\"publisher\":{\"@id\":\"https:\/\/polowiec.pl\/en\/#organization\"},\"potentialAction\":[{\"@type\":\"SearchAction\",\"target\":{\"@type\":\"EntryPoint\",\"urlTemplate\":\"https:\/\/polowiec.pl\/en\/?s={search_term_string}\"},\"query-input\":{\"@type\":\"PropertyValueSpecification\",\"valueRequired\":true,\"valueName\":\"search_term_string\"}}],\"inLanguage\":\"en-US\"},{\"@type\":\"Organization\",\"@id\":\"https:\/\/polowiec.pl\/en\/#organization\",\"name\":\"Polowiec i Wsp\u00f3lnicy - Kancelaria prawna\",\"url\":\"https:\/\/polowiec.pl\/en\/\",\"logo\":{\"@type\":\"ImageObject\",\"inLanguage\":\"en-US\",\"@id\":\"https:\/\/polowiec.pl\/en\/#\/schema\/logo\/image\/\",\"url\":\"https:\/\/polowiec.pl\/wp-content\/uploads\/2018\/10\/polowiec_logo2-1.png\",\"contentUrl\":\"https:\/\/polowiec.pl\/wp-content\/uploads\/2018\/10\/polowiec_logo2-1.png\",\"width\":540,\"height\":381,\"caption\":\"Polowiec i Wsp\u00f3lnicy - Kancelaria prawna\"},\"image\":{\"@id\":\"https:\/\/polowiec.pl\/en\/#\/schema\/logo\/image\/\"},\"sameAs\":[\"https:\/\/www.facebook.com\/polowieciwspolnicy\/\",\"https:\/\/www.linkedin.com\/company\/polowiec-i-wsplnicy-sp.j.\/about\/\"]},{\"@type\":\"Person\",\"@id\":\"https:\/\/polowiec.pl\/en\/#\/schema\/person\/6178ac96ba1d4d590993734f8a0a6539\",\"name\":\"Monika\",\"image\":{\"@type\":\"ImageObject\",\"inLanguage\":\"en-US\",\"@id\":\"https:\/\/secure.gravatar.com\/avatar\/525d12775156493d0259a4384e9f7b0a0e6cc1c583cc1d0ae144bd6ca07140ea?s=96&d=mm&r=g\",\"url\":\"https:\/\/secure.gravatar.com\/avatar\/525d12775156493d0259a4384e9f7b0a0e6cc1c583cc1d0ae144bd6ca07140ea?s=96&d=mm&r=g\",\"contentUrl\":\"https:\/\/secure.gravatar.com\/avatar\/525d12775156493d0259a4384e9f7b0a0e6cc1c583cc1d0ae144bd6ca07140ea?s=96&d=mm&r=g\",\"caption\":\"Monika\"}}]}<\/script>\n<!-- \/ Yoast SEO plugin. -->","yoast_head_json":{"title":"Legal Bulletin Of The Law Office Of Adam Polowiec (29 February 2018 \u2013 11 February 2018) - Polowiec i Wsp\u00f3lnicy - Kancelaria prawna","robots":{"index":"index","follow":"follow","max-snippet":"max-snippet:-1","max-image-preview":"max-image-preview:large","max-video-preview":"max-video-preview:-1"},"canonical":"https:\/\/polowiec.pl\/en\/legal-bulletin-of-the-law-office-of-adam-polowiec-29-february-2018-11-february-2018\/","og_locale":"en_US","og_type":"article","og_title":"Legal Bulletin Of The Law Office Of Adam Polowiec (29 February 2018 \u2013 11 February 2018) - Polowiec i Wsp\u00f3lnicy - Kancelaria prawna","og_description":"We would like to present the next issue of legal bulletin of the Law Office of Adam Polowiec.What you will find here is some information about the new provisions of law and the projects of amendments to acts, but also case-laws including the case laws of Supreme Court, Constitutional Tribunal and European Court of Justice.","og_url":"https:\/\/polowiec.pl\/en\/legal-bulletin-of-the-law-office-of-adam-polowiec-29-february-2018-11-february-2018\/","og_site_name":"Polowiec i Wsp\u00f3lnicy - Kancelaria prawna","article_publisher":"https:\/\/www.facebook.com\/polowieciwspolnicy\/","article_published_time":"2018-02-13T07:31:05+00:00","article_modified_time":"2019-04-18T16:21:51+00:00","author":"Monika","twitter_card":"summary_large_image","twitter_misc":{"Written by":"Monika","Est. reading time":"14 minutes"},"schema":{"@context":"https:\/\/schema.org","@graph":[{"@type":"Article","@id":"https:\/\/polowiec.pl\/en\/legal-bulletin-of-the-law-office-of-adam-polowiec-29-february-2018-11-february-2018\/#article","isPartOf":{"@id":"https:\/\/polowiec.pl\/en\/legal-bulletin-of-the-law-office-of-adam-polowiec-29-february-2018-11-february-2018\/"},"author":{"name":"Monika","@id":"https:\/\/polowiec.pl\/en\/#\/schema\/person\/6178ac96ba1d4d590993734f8a0a6539"},"headline":"Legal Bulletin Of The Law Office Of Adam Polowiec (29 February 2018 \u2013 11 February 2018)","datePublished":"2018-02-13T07:31:05+00:00","dateModified":"2019-04-18T16:21:51+00:00","mainEntityOfPage":{"@id":"https:\/\/polowiec.pl\/en\/legal-bulletin-of-the-law-office-of-adam-polowiec-29-february-2018-11-february-2018\/"},"wordCount":2807,"publisher":{"@id":"https:\/\/polowiec.pl\/en\/#organization"},"articleSection":["Wpisy"],"inLanguage":"en-US"},{"@type":"WebPage","@id":"https:\/\/polowiec.pl\/en\/legal-bulletin-of-the-law-office-of-adam-polowiec-29-february-2018-11-february-2018\/","url":"https:\/\/polowiec.pl\/en\/legal-bulletin-of-the-law-office-of-adam-polowiec-29-february-2018-11-february-2018\/","name":"Legal Bulletin Of The Law Office Of Adam Polowiec (29 February 2018 \u2013 11 February 2018) - Polowiec i Wsp\u00f3lnicy - Kancelaria prawna","isPartOf":{"@id":"https:\/\/polowiec.pl\/en\/#website"},"datePublished":"2018-02-13T07:31:05+00:00","dateModified":"2019-04-18T16:21:51+00:00","breadcrumb":{"@id":"https:\/\/polowiec.pl\/en\/legal-bulletin-of-the-law-office-of-adam-polowiec-29-february-2018-11-february-2018\/#breadcrumb"},"inLanguage":"en-US","potentialAction":[{"@type":"ReadAction","target":["https:\/\/polowiec.pl\/en\/legal-bulletin-of-the-law-office-of-adam-polowiec-29-february-2018-11-february-2018\/"]}]},{"@type":"BreadcrumbList","@id":"https:\/\/polowiec.pl\/en\/legal-bulletin-of-the-law-office-of-adam-polowiec-29-february-2018-11-february-2018\/#breadcrumb","itemListElement":[{"@type":"ListItem","position":1,"name":"Strona g\u0142\u00f3wna","item":"https:\/\/polowiec.pl\/en\/"},{"@type":"ListItem","position":2,"name":"Legal Bulletin Of The Law Office Of Adam Polowiec (29 February 2018 \u2013 11 February 2018)"}]},{"@type":"WebSite","@id":"https:\/\/polowiec.pl\/en\/#website","url":"https:\/\/polowiec.pl\/en\/","name":"Polowiec i Wsp\u00f3lnicy - Kancelaria prawna","description":"Obs\u0142uga prawna","publisher":{"@id":"https:\/\/polowiec.pl\/en\/#organization"},"potentialAction":[{"@type":"SearchAction","target":{"@type":"EntryPoint","urlTemplate":"https:\/\/polowiec.pl\/en\/?s={search_term_string}"},"query-input":{"@type":"PropertyValueSpecification","valueRequired":true,"valueName":"search_term_string"}}],"inLanguage":"en-US"},{"@type":"Organization","@id":"https:\/\/polowiec.pl\/en\/#organization","name":"Polowiec i Wsp\u00f3lnicy - Kancelaria prawna","url":"https:\/\/polowiec.pl\/en\/","logo":{"@type":"ImageObject","inLanguage":"en-US","@id":"https:\/\/polowiec.pl\/en\/#\/schema\/logo\/image\/","url":"https:\/\/polowiec.pl\/wp-content\/uploads\/2018\/10\/polowiec_logo2-1.png","contentUrl":"https:\/\/polowiec.pl\/wp-content\/uploads\/2018\/10\/polowiec_logo2-1.png","width":540,"height":381,"caption":"Polowiec i Wsp\u00f3lnicy - Kancelaria prawna"},"image":{"@id":"https:\/\/polowiec.pl\/en\/#\/schema\/logo\/image\/"},"sameAs":["https:\/\/www.facebook.com\/polowieciwspolnicy\/","https:\/\/www.linkedin.com\/company\/polowiec-i-wsplnicy-sp.j.\/about\/"]},{"@type":"Person","@id":"https:\/\/polowiec.pl\/en\/#\/schema\/person\/6178ac96ba1d4d590993734f8a0a6539","name":"Monika","image":{"@type":"ImageObject","inLanguage":"en-US","@id":"https:\/\/secure.gravatar.com\/avatar\/525d12775156493d0259a4384e9f7b0a0e6cc1c583cc1d0ae144bd6ca07140ea?s=96&d=mm&r=g","url":"https:\/\/secure.gravatar.com\/avatar\/525d12775156493d0259a4384e9f7b0a0e6cc1c583cc1d0ae144bd6ca07140ea?s=96&d=mm&r=g","contentUrl":"https:\/\/secure.gravatar.com\/avatar\/525d12775156493d0259a4384e9f7b0a0e6cc1c583cc1d0ae144bd6ca07140ea?s=96&d=mm&r=g","caption":"Monika"}}]}},"_links":{"self":[{"href":"https:\/\/polowiec.pl\/en\/wp-json\/wp\/v2\/posts\/833","targetHints":{"allow":["GET"]}}],"collection":[{"href":"https:\/\/polowiec.pl\/en\/wp-json\/wp\/v2\/posts"}],"about":[{"href":"https:\/\/polowiec.pl\/en\/wp-json\/wp\/v2\/types\/post"}],"author":[{"embeddable":true,"href":"https:\/\/polowiec.pl\/en\/wp-json\/wp\/v2\/users\/4"}],"replies":[{"embeddable":true,"href":"https:\/\/polowiec.pl\/en\/wp-json\/wp\/v2\/comments?post=833"}],"version-history":[{"count":0,"href":"https:\/\/polowiec.pl\/en\/wp-json\/wp\/v2\/posts\/833\/revisions"}],"wp:attachment":[{"href":"https:\/\/polowiec.pl\/en\/wp-json\/wp\/v2\/media?parent=833"}],"wp:term":[{"taxonomy":"category","embeddable":true,"href":"https:\/\/polowiec.pl\/en\/wp-json\/wp\/v2\/categories?post=833"},{"taxonomy":"post_tag","embeddable":true,"href":"https:\/\/polowiec.pl\/en\/wp-json\/wp\/v2\/tags?post=833"}],"curies":[{"name":"wp","href":"https:\/\/api.w.org\/{rel}","templated":true}]}}