{"id":837,"date":"2018-03-06T10:13:53","date_gmt":"2018-03-06T09:13:53","guid":{"rendered":"https:\/\/nowa.polowiec.pl\/legal-bulletin-of-the-law-office-of-adam-polowiec-12-february-2018-4-march-2018\/"},"modified":"2019-04-18T18:19:39","modified_gmt":"2019-04-18T16:19:39","slug":"legal-bulletin-of-the-law-office-of-adam-polowiec-12-february-2018-4-march-2018","status":"publish","type":"post","link":"https:\/\/polowiec.pl\/en\/legal-bulletin-of-the-law-office-of-adam-polowiec-12-february-2018-4-march-2018\/","title":{"rendered":"Legal Bulletin Of The Law Office Of Adam Polowiec (12 February 2018 \u2013 4 March 2018)"},"content":{"rendered":"<p><span style=\"font-size: 14px; text-align: justify;\">We would like to present the next issue of legal bulletin of the Law Office of Adam Polowiec.<\/span><br style=\"font-size: 14px; text-align: justify;\" \/><span style=\"font-size: 14px; text-align: justify;\">What you will find here is some information about the new provisions of law and the projects of amendments to acts, but also case-laws including the case laws of Supreme Court, Constitutional Tribunal and European Court of Justice.<\/span><\/p>\n<p>  <!--more-->  <\/p>\n<p><strong>_____Nowe Prawo<br \/><\/strong><br \/><strong>BEZPIECZE\u0143STWO IMPREZ MASOWYCH I&nbsp;INNE<\/strong><br \/>Ustawa z&nbsp;dnia 10 stycznia 2018 r. o&nbsp;zmianie niekt&oacute;rych ustaw w&nbsp;zwi\u0105zku ze skr&oacute;ceniem okresu przechowywania akt pracowniczych oraz ich elektronizacj\u0105 (Dz. U. z&nbsp;2018 r., poz. 357) &ndash; wejdzie w&nbsp;\u017cycie z&nbsp;dniem 1 stycznia 2019 r., z&nbsp;wyj\u0105tkiem art. 11 i&nbsp;art. 12, kt&oacute;re wchodz\u0105 w&nbsp;\u017cycie z&nbsp;dniem og\u0142oszenia.<br \/>W ustawie z&nbsp;dnia 26 czerwca 1974 r. &#8211; Kodeks pracy (Dz. U. z&nbsp;2018 r. poz. 108, 4, 138 i&nbsp;305) zmianie ulegnie brzmienie art. 86 &sect; 3, art. 94 pkt 9a i&nbsp;9b, art. 281, art. 2981, w&nbsp;art. 221 w&nbsp;&sect; 2 w&nbsp;pkt 2 kropk\u0119 zast\u0119puje si\u0119 \u015brednikiem i&nbsp;dodaje si\u0119 pkt 3, dodaje si\u0119 art. 944-9412.<br \/>W ustawie z&nbsp;dnia 14 lipca 1983 r. o&nbsp;narodowym zasobie archiwalnym i&nbsp;archiwach (Dz. U. z&nbsp;2018 r. poz. 217) zmianie ulegnie brzmienie art. 51u ust. 1, dodaje si\u0119 art. 51sa i&nbsp;art. 51sb.<br \/>W ustawie z&nbsp;dnia 13 pa\u017adziernika 1998 r. o&nbsp;systemie ubezpiecze\u0144 spo\u0142ecznych (Dz. U. z&nbsp;2017 r. poz. 1778 oraz z&nbsp;2018 r. poz. 106 i&nbsp;138) zmianie ulegnie brzmienie art. 4, art. 40 w&nbsp;ust. 2, art. 43a, w&nbsp;art. 36 dodaje si\u0119 ust. 11a, w&nbsp;art. 41 w&nbsp;ust. 3 w&nbsp;pkt 9 kropk\u0119 zast\u0119puje si\u0119 \u015brednikiem i&nbsp;dodaje si\u0119 pkt 10 i&nbsp;11, dodaje si\u0119 art. 41a-41f, w&nbsp;art. 49 w&nbsp;ust. 2 w&nbsp;pkt 6 dodaje si\u0119 przecinek i&nbsp;pkt 7 i&nbsp;8.<br \/>W ustawie z&nbsp;dnia 17 grudnia 1998 r. o&nbsp;emeryturach i&nbsp;rentach z&nbsp;Funduszu Ubezpiecze\u0144 Spo\u0142ecznych (Dz. U. z&nbsp;2017 r. poz. 1383, 1386 i&nbsp;2120 oraz z&nbsp;2018 r. poz. 138) w&nbsp;art. 116 dodaje si\u0119 ust. 6, zmianie ulegnie brzmienie art. 125a.<\/p>\n<p><strong>PRAWO O&nbsp;RUCHU DROGOWYM<\/strong><br \/>Rozporz\u0105dzenie Ministra Infrastruktury&nbsp; z&nbsp;dnia 25 stycznia 2018 r. w&nbsp;sprawie sposobu przewozu \u0142adunku (Dz. U. z&nbsp;2018 r., poz. 361) &ndash; wesz\u0142o w&nbsp;\u017cycie z&nbsp;dniem 28 lutego 2018 r.<\/p>\n<p><strong>KRAJOWY REJESTR S\u0104DOWY<\/strong><br \/>Ustawa z&nbsp;dnia 26 stycznia 2018 r.<br \/>o zmianie ustawy o&nbsp;Krajowym Rejestrze S\u0105dowym oraz niekt&oacute;rych innych ustaw (Dz. U. z&nbsp;2018 r., poz. 398) &ndash; wejdzie w&nbsp;\u017cycie z&nbsp;dniem 15 marca 2018 r., z&nbsp;wyj\u0105tkiem:<br \/>1) art. 7 pkt 2-4, art. 30, art. 44 oraz art. 54, kt&oacute;re wchodz\u0105 w&nbsp;\u017cycie z&nbsp;dniem 9 kwietnia 2018 r.;<br \/>2) art. 1 pkt 13 w&nbsp;zakresie dodawanego art. 19e ust. 5, art. 1 pkt 14 lit. b w&nbsp;zakresie dodawanego ust. 1g, art. 8, art. 9, art. 10 pkt 1-5, art. 16, art. 17 pkt 2, art. 31, art. 50 oraz art. 51, kt&oacute;re wchodz\u0105 w&nbsp;\u017cycie z&nbsp;dniem 1 pa\u017adziernika 2018 r.;<br \/>3) art. 1 pkt 16, 17, pkt 18 w&nbsp;zakresie dodawanego art. 21c, pkt 23, pkt 30 w&nbsp;zakresie uchylenia art. 55 i&nbsp;art. 57, art. 3 pkt 19, art. 4-6, art. 13, art. 18-20, art. 21 pkt 1, 4 i&nbsp;6, art. 22 pkt 1, art. 24, art. 25, art. 28, art. 29 pkt 1, art. 41 ust. 2 oraz art. 45, kt&oacute;re wchodz\u0105 w&nbsp;\u017cycie z&nbsp;dniem 1 lutego 2019 r.;<br \/>4) art. 1 pkt 2, pkt 5 lit. a&nbsp;w zakresie zmienianego pkt 3, pkt 7, 9, 11 i&nbsp;pkt 13 w&nbsp;zakresie dodawanego art. 19d oraz art. 19e ust. 4, art. 3 pkt 12, pkt 13 lit. c i&nbsp;e, pkt 14 w&nbsp;zakresie dodawanego art. 6943a, pkt 15 lit. c i&nbsp;d, pkt 18, art. 7 pkt 1, art. 17 pkt 7 i&nbsp;8, art. 40 oraz art. 43, kt&oacute;re wchodz\u0105 w&nbsp;\u017cycie z&nbsp;dniem 1 marca 2020 r.<br \/>W ustawie z&nbsp;dnia 20 sierpnia 1997 r. o&nbsp;Krajowym Rejestrze S\u0105dowym (Dz. U. z&nbsp;2017 r. poz. 700, 1089 i&nbsp;1133) zmianie ulegnie brzmienie art. 4, art. 6, art. 8a ust. 1, art. 9, art. 10, art. 19, art. 19a, art. 20, art. 20d, art. 21b, art. 24, art. 38, art. 40 pkt 3, art. 44 ust. 1a, art. 45, art. 46 ust. 2, art. 60 ust. 1, w&nbsp;art. 1 dodaje si\u0119 ust. 3, dodaje si\u0119 art. 3a, dodaje si\u0119 art. 4a, dodaje si\u0119 art. 9a, w&nbsp;art. 12 dodaje si\u0119 ust. 4, dodaje si\u0119 art. 19d i&nbsp;art. 19e, w&nbsp;art. 20c uchyla si\u0119 ust. 1 i&nbsp;2, dodaje si\u0119 art. 21c i&nbsp;art. 21d, uchyla si\u0119 art. 26-33, w&nbsp;art. 41 uchyla si\u0119 pkt 5, dodaje si\u0119 art. 41a, dodaje si\u0119 art. 45a, w&nbsp;art. 49 uchyla si\u0119 ust. 3 i&nbsp;4, uchyla si\u0119 art. 55-57, w&nbsp;art. 59 dodaje si\u0119 ust. 1a.<br \/>W ustawie z&nbsp;dnia 23 kwietnia 1964 r. &#8211; Kodeks cywilny (Dz. U. z&nbsp;2017 r. poz. 459, 933 i&nbsp;1132) zmianie ulegnie brzmienie art. 42, dodaje si\u0119 art. 421, w&nbsp;art. 1097 po &sect; 3 dodaje si\u0119 &sect; 31.<br \/>W ustawie z&nbsp;dnia 17 listopada 1964 r. &#8211; Kodeks post\u0119powania cywilnego (Dz. U. z&nbsp;2018 r. poz. 155, z&nbsp;2017 r. poz. 2491 oraz z&nbsp;2018 r. poz. 5 i&nbsp;138) zmianie ulegnie brzmienie art. 69, art. 139, art. 146, art. 5181 &sect; 3a, art. 603, art. 6941 i&nbsp;art. 6942, art. 6943, art. 6944, art. 6946, w&nbsp;art. 133 dodaje si\u0119 &sect; 2c, w&nbsp;art. 174 w&nbsp;&sect; 1 pkt 2, w&nbsp;art. 180 w&nbsp;&sect; 1 po pkt 3 dodaje si\u0119 pkt 31, w&nbsp;art. 39822 &sect; 2, dodaje si\u0119 art. 6032-6034, dodaje si\u0119 art. 6942a , dodaje si\u0119 art. 6943a i&nbsp;art. 6943b, dodaje si\u0119 art. 6946a, w&nbsp;art. 1086 uchyla si\u0119 &sect; 4.<br \/>W ustawie z&nbsp;dnia 17 czerwca 1966 r. o&nbsp;post\u0119powaniu egzekucyjnym w&nbsp;administracji (Dz. U. z&nbsp;2017 r. poz. 1201, 1475, 1954 i&nbsp;2491 oraz z&nbsp;2018 r. poz. 138) dodaje si\u0119 art. 61a.<br \/>W ustawie z&nbsp;dnia 21 listopada 1967 r. o&nbsp;powszechnym obowi\u0105zku obrony Rzeczypospolitej Polskiej (Dz. U. z&nbsp;2017 r. poz. 1430 i&nbsp;2217 oraz z&nbsp;2018 r. poz. 138) w&nbsp;art. 199a w&nbsp;ust. 6 w&nbsp;pkt 4 kropk\u0119 zast\u0119puje si\u0119 \u015brednikiem i&nbsp;dodaje si\u0119 pkt 5, w&nbsp;art. 199c w&nbsp;ust. 2 pkt 11.<br \/>W ustawie z&nbsp;dnia 14 lipca 1983 r. o&nbsp;narodowym zasobie archiwalnym i&nbsp;archiwach (Dz. U. z&nbsp;2018 r. poz. 217 i&nbsp;357) zmianie ulegnie brzmienie art. 51c ust. 1 pkt 7 lit. c.<br \/>W ustawie z&nbsp;dnia 14 lutego 1991 r. &#8211; Prawo o&nbsp;notariacie (Dz. U. z&nbsp;2017 r. poz. 2291) w&nbsp;art. 92 dodaje si\u0119 &sect; 11, dodaje si\u0119 art. 92a, dodaje si\u0119 art. 110a, w&nbsp;art. 112 dodaje si\u0119 &sect; 3.<br \/>W ustawie z&nbsp;dnia 26 lipca 1991 r. o&nbsp;podatku dochodowym od os&oacute;b fizycznych (Dz. U. z&nbsp;2018 r. poz. 200, z&nbsp;2017 r. poz. 2494 oraz z&nbsp;2018 r. poz. 106, 138 i&nbsp;317) zmianie ulegnie brzmienie art. 45.<br \/>W ustawie z&nbsp;dnia 15 lutego 1992 r. o&nbsp;podatku dochodowym od os&oacute;b prawnych (Dz. U. z&nbsp;2017 r. poz. 2343, 2175, 2201 i&nbsp;2369 oraz z&nbsp;2018 r. poz. 317) zmianie ulegnie brzmienie art. 27 ust. 2.<br \/>W ustawie z&nbsp;dnia 29 wrze\u015bnia 1994 r. o&nbsp;rachunkowo\u015bci (Dz. U. z&nbsp;2018 r. poz. 395) w&nbsp;art. 45 dodaje si\u0119 ust. 1f-1h, w&nbsp;art. 49 dodaje si\u0119 ust. 7, zmianie ulegnie brzmienie art. 55 ust. 2a, w&nbsp;art. 63c dodaje si\u0119 ust. 2a i&nbsp;2b, dodaje si\u0119 art. 63k, zmianie ulegnie brzmienie art. 70a.<br \/>W ustawie z&nbsp;dnia 22 grudnia 1995 r. o&nbsp;wydawaniu Monitora S\u0105dowego i&nbsp;Gospodarczego (Dz. U. z&nbsp;2014 r. poz. 125) zmianie ulegnie brzmienie art. 2 ust. 1.<br \/>W ustawie z&nbsp;dnia 6 grudnia 1996 r. o&nbsp;zastawie rejestrowym i&nbsp;rejestrze zastaw&oacute;w (Dz. U. z&nbsp;2017 r. poz. 1278) zmianie ulegnie brzmienie art. 39 ust. 2a, art. 42, art. 43a.<br \/>W ustawie z&nbsp;dnia 29 sierpnia 1997 r. o&nbsp;komornikach s\u0105dowych i&nbsp;egzekucji (Dz. U. z&nbsp;2017 r. poz. 1277, 1343, 1452 i&nbsp;1910) w&nbsp;art. 94a dodaje si\u0119 ust. 4.<br \/>W ustawie z&nbsp;dnia 29 sierpnia 1997 r. &#8211; Ordynacja podatkowa (Dz. U. z&nbsp;2017 r. poz. 201, z&nbsp;p&oacute;\u017an. zm.) zmianie ulegnie brzmienie art. 274a &sect; 1.<br \/>W ustawie z&nbsp;dnia 13 pa\u017adziernika 1998 r. o&nbsp;systemie ubezpiecze\u0144 spo\u0142ecznych (Dz. U. z&nbsp;2017 r. poz. 1778 oraz z&nbsp;2018 r. poz. 106, 138 i&nbsp;357) w&nbsp;art. 50 dodaje si\u0119 ust. 19.<br \/>W ustawie z&nbsp;dnia 24 maja 2000 r. o&nbsp;Krajowym Rejestrze Karnym (Dz. U. z&nbsp;2017 r. poz. 678 i&nbsp;1475 oraz z&nbsp;2018 r. poz. 106 i&nbsp;138) zmianie ulegnie brzmienie art. 6 ust. 1 pkt 10a, w&nbsp;art. 20a dodaje si\u0119 ust. 6.<br \/>W ustawie z&nbsp;dnia 15 wrze\u015bnia 2000 r. &#8211; Kodeks sp&oacute;\u0142ek handlowych (Dz. U. z&nbsp;2017 r. poz. 1577) dodaje si\u0119 art. 71, art. 18, w&nbsp;art. 231 uchyla si\u0119 &sect; 6, w&nbsp;art. 1061 uchyla si\u0119 &sect; 6, w&nbsp;art. 1571 uchyla si\u0119 &sect; 6, w&nbsp;art. 167 uchyla si\u0119 &sect; 3, zmianie ulegnie brzmienie art. 210 &sect; 2, art. 379 &sect; 2, w&nbsp;art. 51613 uchyla si\u0119 &sect; 4.<br \/>W ustawie z&nbsp;dnia 22 czerwca 2001 r. o&nbsp;wykonywaniu dzia\u0142alno\u015bci gospodarczej w&nbsp;zakresie wytwarzania i&nbsp;obrotu materia\u0142ami wybuchowymi, broni\u0105, amunicj\u0105 oraz wyrobami i&nbsp;technologi\u0105 o&nbsp;przeznaczeniu wojskowym lub policyjnym (Dz. U. z&nbsp;2017 r. poz. 290 oraz z&nbsp;2018 r. poz. 138) zmianie ulegnie brzmienie art. 8 ust. 2 pkt 1, art. 12 ust. 1 pkt 8.<br \/>W ustawie z&nbsp;dnia 6 lipca 2001 r. o&nbsp;us\u0142ugach detektywistycznych (Dz. U. z&nbsp;2017 r. poz. 556 oraz z&nbsp;2018 r. poz. 138) zmianie ulegnie brzmienie art. 15 pkt 2.<br \/>W ustawie z&nbsp;dnia 21 czerwca 2002 r. o&nbsp;materia\u0142ach wybuchowych przeznaczonych do u\u017cytku cywilnego (Dz. U. z&nbsp;2017 r. poz. 283 oraz z&nbsp;2018 r. poz. 138) zmianie ulegnie brzmienie art. 11, art. 14 ust. 2 pkt 5.<br \/>W ustawie z&nbsp;dnia 28 lutego 2003 r. &#8211; Prawo upad\u0142o\u015bciowe (Dz. U. z&nbsp;2017 r. poz. 2344 i&nbsp;2491) w&nbsp;art. 13 dodaje si\u0119 ust. 5, zmianie ulegnie brzmienie art. 20 w&nbsp;ust. 2 pkt 6, art. 261, art. 51 ust. 1 pkt 1, art. 187, w&nbsp;art. 376 uchyla si\u0119 ust. 4.<br \/>W ustawie z&nbsp;dnia 2 lipca 2004 r. o&nbsp;swobodzie dzia\u0142alno\u015bci gospodarczej (Dz. U. z&nbsp;2017 r. poz. 2168, 2290 i&nbsp;2486 oraz z&nbsp;2018 r. poz. 107) zmianie ulegnie brzmienie art. 14a, w&nbsp;art. 91 dodaje si\u0119 ust. 1a.<br \/>W ustawie z&nbsp;dnia 4 marca 2005 r. o&nbsp;europejskim zgrupowaniu interes&oacute;w gospodarczych i&nbsp;sp&oacute;\u0142ce europejskiej (Dz. U. z&nbsp;2015 r. poz. 2142) zmianie ulegnie brzmienie art. 54 ust. 3.<br \/>W ustawie z&nbsp;dnia 27 lipca 2005 r. &#8211; Prawo o&nbsp;szkolnictwie wy\u017cszym (Dz. U. z&nbsp;2017 r. poz. 2183 i&nbsp;2201 oraz z&nbsp;2018 r. poz. 138) zmianie ulegnie brzmienie art. 20.<br \/>W ustawie z&nbsp;dnia 28 lipca 2005 r. o&nbsp;kosztach s\u0105dowych w&nbsp;sprawach cywilnych (Dz. U. z&nbsp;2018 r. poz. 300) w&nbsp;art. 54 uchyla si\u0119 pkt 1.<br \/>W ustawie z&nbsp;dnia 13 lipca 2006 r. o&nbsp;ochronie roszcze\u0144 pracowniczych w&nbsp;razie niewyp\u0142acalno\u015bci pracodawcy (Dz. U. z&nbsp;2016 r. poz. 1256 oraz z&nbsp;2017 r. poz. 1557) zmianie ulegnie brzmienie art. 8.<br \/>W ustawie z&nbsp;dnia 22 lipca 2006 r. o&nbsp;sp&oacute;\u0142dzielni europejskiej (Dz. U. z&nbsp;2016 r. poz. 7) zmianie ulegnie brzmienie art. 30 ust. 3.<br \/>W ustawie z&nbsp;dnia 15 czerwca 2007 r. o&nbsp;licencji doradcy restrukturyzacyjnego (Dz. U. z&nbsp;2016 r. poz. 883) zmianie ulegnie brzmienie art. 3 ust. 1 pkt 9, art. 11a.<br \/>W ustawie z&nbsp;dnia 15 maja 2015 r. &#8211; Prawo restrukturyzacyjne (Dz. U. z&nbsp;2017 r. poz. 1508 oraz z&nbsp;2018 r. poz. 149) w&nbsp;art. 5 dodaje si\u0119 ust. 2a-2h, art. 68 ust. 1, art. 69 ust. 2, art. 75 ust. 1, art. 283 ust. 1.<br \/>W ustawie z&nbsp;dnia 25 czerwca 2015 r. &#8211; Prawo konsularne (Dz. U. z&nbsp;2017 r. poz. 1545 i&nbsp;2361) zmianie ulegnie brzmienie art. 30.<br \/>W ustawie z&nbsp;dnia 11 maja 2017 r. o&nbsp;bieg\u0142ych rewidentach, firmach audytorskich oraz nadzorze publicznym (Dz. U. poz. 1089) zmianie ulegnie brzmienie art. 86 ust. 1.<\/p>\n<p><strong>\u015aWIADCZENIA OPIEKI ZDROWOTNEJ FINANSOWANE ZE \u015aRODK&Oacute;W PUBLICZNYCH<\/strong><br \/>Rozporz\u0105dzenie Ministra Zdrowia z&nbsp;dnia 8 lutego 2018 r. zmieniaj\u0105ce rozporz\u0105dzenie w&nbsp;sprawie szczeg&oacute;\u0142owych kryteri&oacute;w wyboru ofert w&nbsp;post\u0119powaniu w&nbsp;sprawie zawarcia um&oacute;w o&nbsp;udzielanie \u015bwiadcze\u0144 opieki zdrowotnej (Dz. U. z&nbsp;2018 r., poz. 385) &ndash; wesz\u0142o w&nbsp;\u017cycie z&nbsp;dniem 17 lutego 2018 r.<br \/>W rozporz\u0105dzeniu Ministra Zdrowia z&nbsp;dnia 5 sierpnia 2016 r. w&nbsp;sprawie szczeg&oacute;\u0142owych kryteri&oacute;w wyboru ofert w&nbsp;post\u0119powaniu w&nbsp;sprawie zawarcia um&oacute;w o&nbsp;udzielanie \u015bwiadcze\u0144 opieki zdrowotnej (Dz. U. poz. 1372, z&nbsp;p&oacute;\u017an. zm.) w&nbsp;&sect; 2 dodaje si\u0119 pkt 2a, dodaje si\u0119 &sect; 8a, zmianie ulegnie brzmienie za\u0142\u0105cznika nr 2 do rozporz\u0105dzenia, za\u0142\u0105cznika nr 4 do rozporz\u0105dzenia, za\u0142\u0105cznika nr 5 do rozporz\u0105dzenia tabeli nr 1 &#8211; &#8220;REHABILITACJA LECZNICZA&#8221;, za\u0142\u0105cznika nr 6 do rozporz\u0105dzenia.<\/p>\n<p><strong>OCHRONA PRAW LOKATOR&Oacute;W, MIESZKANIOWY ZAS&Oacute;B GMINY<\/strong><br \/>Ustawa z&nbsp;dnia 26 stycznia 2018 r. o&nbsp;zmianie ustawy o&nbsp;ochronie praw lokator&oacute;w, mieszkaniowym zasobie gminy i&nbsp;o zmianie Kodeksu cywilnego (Dz. U. z&nbsp;2018 r., poz. 374) &ndash; wesz\u0142a w&nbsp;\u017cycie z&nbsp;dniem 16 lutego 2018 r.<br \/>W ustawie z&nbsp;dnia 21 czerwca 2001 r. o&nbsp;ochronie praw lokator&oacute;w, mieszkaniowym zasobie gminy i&nbsp;o zmianie Kodeksu cywilnego (Dz. U. z&nbsp;2016 r. poz. 1610 oraz z&nbsp;2017 r. poz. 1442 i&nbsp;1529) zmianie uleg\u0142o brzmienie art. 32.<\/p>\n<p><strong>PRAWO RODZINNE<\/strong><br \/>Ustawa z&nbsp;dnia 26 stycznia 2018 r. o&nbsp;wykonywaniu niekt&oacute;rych czynno\u015bci organu centralnego w&nbsp;sprawach rodzinnych z&nbsp;zakresu obrotu prawnego na podstawie prawa Unii Europejskiej i&nbsp;um&oacute;w mi\u0119dzynarodowych (Dz. U. z&nbsp;2018 r., poz. 416) &ndash; wejdzie w&nbsp;\u017cycie z&nbsp;dniem 27 sierpnia 2018 r.<\/p>\n<p><strong>PRAWO UNII EUROPEJSKIEJ<\/strong><br \/>Rozporz\u0105dzenie Komisji (UE) 2018\/213 z&nbsp;dnia 12 lutego 2018 r. w&nbsp;sprawie stosowania bisfenolu A&nbsp;w lakierach i&nbsp;pow\u0142okach przeznaczonych do kontaktu z&nbsp;\u017cywno\u015bci\u0105 oraz zmieniaj\u0105ce rozporz\u0105dzenie (UE) nr 10\/2011 w&nbsp;odniesieniu do stosowania tej substancji w&nbsp;materia\u0142ach z&nbsp;tworzyw sztucznych przeznaczonych do kontaktu z&nbsp;\u017cywno\u015bci\u0105 (Tekst maj\u0105cy znaczenie dla EOG.)<br \/>Rozporz\u0105dzenie delegowane Komisji (UE) 2018\/216 z&nbsp;dnia 14 grudnia 2017 r. zmieniaj\u0105ce za\u0142\u0105czniki V i&nbsp;IX do rozporz\u0105dzenia Parlamentu Europejskiego i&nbsp;Rady (UE) nr 978\/2012 wprowadzaj\u0105cego og&oacute;lny system preferencji taryfowych<br \/>Sprostowanie do rozporz\u0105dzenia Komisji (WE) nr 1441\/2007 z&nbsp;dnia 5 grudnia 2007 r. zmieniaj\u0105cego rozporz\u0105dzenie (WE) nr 2073\/2005 w&nbsp;sprawie kryteri&oacute;w mikrobiologicznych dotycz\u0105cych \u015brodk&oacute;w spo\u017cywczych (Dz.U. L 322 z&nbsp;7.12.2007)<br \/>Sprostowanie do rozporz\u0105dzenia Komisji (UE) nr 558\/2010 z&nbsp;dnia 24 czerwca 2010 r. zmieniaj\u0105cego za\u0142\u0105cznik III do rozporz\u0105dzenia (WE) nr 853\/2004 Parlamentu Europejskiego i&nbsp;Rady ustanawiaj\u0105cego szczeg&oacute;lne przepisy dotycz\u0105ce higieny w&nbsp;odniesieniu do \u017cywno\u015bci pochodzenia zwierz\u0119cego (Dz.U. L 159 z&nbsp;25.6.2010)<br \/>Rozporz\u0105dzenie Europejskiego Banku Centralnego (UE) 2018\/231 z&nbsp;dnia 26 stycznia 2018 r. w&nbsp;sprawie wymog&oacute;w sprawozdawczo\u015bci statystycznej w&nbsp;odniesieniu do funduszy emerytalno-rentowych (EBC\/2018\/2)<br \/>Rozporz\u0105dzenie wykonawcze Komisji (UE) 2018\/259 z&nbsp;dnia 21 lutego 2018 r. zmieniaj\u0105ce rozporz\u0105dzenie wykonawcze (UE) nr 427\/2014 w&nbsp;celu dostosowania do zmian w&nbsp;regulacyjnej procedurze bada\u0144 i&nbsp;uproszczenia administracyjnych procedur sk\u0142adania wniosk&oacute;w i&nbsp;wydawania \u015bwiadectw (Tekst maj\u0105cy znaczenie dla EOG.)<br \/>Rozporz\u0105dzenie delegowane Komisji (UE) 2018\/236 z&nbsp;dnia 20 grudnia 2017 r. w&nbsp;sprawie sprostowania esto\u0144skiej wersji j\u0119zykowej rozporz\u0105dzenia delegowanego (UE) 2017\/654 uzupe\u0142niaj\u0105cego rozporz\u0105dzenie Parlamentu Europejskiego i&nbsp;Rady (UE) 2016\/1628 odno\u015bnie do wymog&oacute;w technicznych i&nbsp;og&oacute;lnych dotycz\u0105cych warto\u015bci granicznych emisji i&nbsp;homologacji typu w&nbsp;odniesieniu do silnik&oacute;w spalinowych wewn\u0119trznego spalania przeznaczonych do maszyn mobilnych nieporuszaj\u0105cych si\u0119 po drogach<br \/>Rozporz\u0105dzenie wykonawcze Komisji (UE) 2018\/258 z&nbsp;dnia 21 lutego 2018 r. zmieniaj\u0105ce rozporz\u0105dzenie wykonawcze (UE) nr 725\/2011 w&nbsp;celu dostosowania do zmian w&nbsp;regulacyjnej procedurze bada\u0144 i&nbsp;uproszczenia administracyjnych procedur sk\u0142adania wniosk&oacute;w i&nbsp;wydawania \u015bwiadectw (Tekst maj\u0105cy znaczenie dla EOG.)<br \/>Rozporz\u0105dzenie Komisji (UE) 2018\/255 z&nbsp;dnia 19 lutego 2018 r. w&nbsp;sprawie wykonania rozporz\u0105dzenia Parlamentu Europejskiego i&nbsp;Rady (WE) nr 1338\/2008 w&nbsp;odniesieniu do statystyk na podstawie Europejskiego Ankietowego Badania Zdrowia (EHIS) (Tekst maj\u0105cy znaczenie dla EOG.)<br \/>Sprostowanie do rozporz\u0105dzenia delegowanego Komisji (UE) 2016\/522 z&nbsp;dnia 17 grudnia 2015 r. uzupe\u0142niaj\u0105cego rozporz\u0105dzenie Parlamentu Europejskiego i&nbsp;Rady (UE) nr 596\/2014 w&nbsp;kwestiach dotycz\u0105cych wy\u0142\u0105czenia niekt&oacute;rych organ&oacute;w publicznych i&nbsp;bank&oacute;w centralnych pa\u0144stw trzecich, okoliczno\u015bci wskazuj\u0105cych na manipulacj\u0119 na rynku, prog&oacute;w powoduj\u0105cych powstanie obowi\u0105zku podania informacji do wiadomo\u015bci publicznej, w\u0142a\u015bciwych organ&oacute;w do cel&oacute;w powiadomie\u0144 o&nbsp;op&oacute;\u017anieniach, zgody na obr&oacute;t w&nbsp;okresach zamkni\u0119tych oraz rodzaj&oacute;w transakcji wykonywanych przez osoby pe\u0142ni\u0105ce obowi\u0105zki zarz\u0105dcze podlegaj\u0105cych obowi\u0105zkowi powiadomienia (Dz.U. L 88 z&nbsp;5.4.2016)<br \/>Rozporz\u0105dzenie wykonawcze Komisji (UE) 2018\/267 z&nbsp;dnia 19 lutego 2018 r. dotycz\u0105ce klasyfikacji niekt&oacute;rych towar&oacute;w wed\u0142ug Nomenklatury scalonej<br \/>Rozporz\u0105dzenie wykonawcze Komisji (UE) 2018\/278 z&nbsp;dnia 23 lutego 2018 r. zmieniaj\u0105ce za\u0142\u0105cznik do rozporz\u0105dzenia (UE) nr 1305\/2014 w&nbsp;odniesieniu do struktury komunikat&oacute;w, modelu danych i&nbsp;komunikat&oacute;w, operacyjnej bazy danych wagon&oacute;w i&nbsp;jednostek intermodalnych oraz do przyj\u0119cia standardu informatycznego warstwy komunikacji wsp&oacute;lnego interfejsu<br \/>Rozporz\u0105dzenie wykonawcze Komisji (UE) 2018\/277 z&nbsp;dnia 23 lutego 2018 r. zmieniaj\u0105ce rozporz\u0105dzenie wykonawcze (UE) 2015\/207 w&nbsp;odniesieniu do zmian wzor&oacute;w sprawozda\u0144 z&nbsp;wdra\u017cania w&nbsp;ramach cel&oacute;w &bdquo;Inwestycje na rzecz wzrostu i&nbsp;zatrudnienia&rdquo; oraz &bdquo;Europejska wsp&oacute;\u0142praca terytorialna&rdquo;, a&nbsp;tak\u017ce wzor&oacute;w sprawozdania z&nbsp;post\u0119p&oacute;w i&nbsp;rocznych sprawozda\u0144 z&nbsp;kontroli oraz poprawiaj\u0105ce to rozporz\u0105dzenie w&nbsp;odniesieniu do wzoru sprawozdania z&nbsp;wdra\u017cania w&nbsp;ramach celu &bdquo;Inwestycje na rzecz wzrostu i&nbsp;zatrudnienia&rdquo; oraz rocznego sprawozdania z&nbsp;kontroli<br \/>Rozporz\u0105dzenie wykonawcze Komisji (UE) 2018\/276 z&nbsp;dnia 23 lutego 2018 r. zmieniaj\u0105ce rozporz\u0105dzenie wykonawcze (UE) nr 215\/2014 w&nbsp;odniesieniu do zmian sposobu okre\u015blania cel&oacute;w po\u015brednich i&nbsp;ko\u0144cowych dla warto\u015bci wska\u017anik&oacute;w produktu na potrzeby ram wykonania w&nbsp;odniesieniu do europejskich funduszy strukturalnych i&nbsp;inwestycyjnych<br \/>Sprostowanie do rozporz\u0105dzenia Parlamentu Europejskiego i&nbsp;Rady (WE) nr 987\/2009 z&nbsp;dnia 16 wrze\u015bnia 2009 r. dotycz\u0105cego wykonywania rozporz\u0105dzenia (WE) nr 883\/2004 w&nbsp;sprawie koordynacji system&oacute;w zabezpieczenia spo\u0142ecznego (Dz.U. L 284 z&nbsp;30.10.2009)<br \/>Rozporz\u0105dzenie wykonawcze Komisji (UE) 2018\/292 z&nbsp;dnia 26 lutego 2018 r. ustanawiaj\u0105ce wykonawcze standardy techniczne w&nbsp;odniesieniu do procedur i&nbsp;wzor&oacute;w na potrzeby spoczywaj\u0105cego na w\u0142a\u015bciwych organach obowi\u0105zku wymiany informacji i&nbsp;udzielania pomocy zgodnie z&nbsp;rozporz\u0105dzeniem Parlamentu Europejskiego i&nbsp;Rady (UE) nr 596\/2014 w&nbsp;sprawie nadu\u017cy\u0107 na rynku (Tekst maj\u0105cy znaczenie dla EOG.)<br \/>Rozporz\u0105dzenie wykonawcze Komisji (UE) 2018\/288 z&nbsp;dnia 19 lutego 2018 r. zmieniaj\u0105ce rozporz\u0105dzenie wykonawcze (UE) nr 367\/2014 ustanawiaj\u0105ce saldo netto udost\u0119pnione na wydatki EFRG<br \/>Rozporz\u0105dzenie delegowane Komisji (UE) 2018\/273 z&nbsp;dnia 11 grudnia 2017 r. uzupe\u0142niaj\u0105ce rozporz\u0105dzenie Parlamentu Europejskiego i&nbsp;Rady (UE) nr 1308\/2013 w&nbsp;odniesieniu do systemu zezwole\u0144 na nasadzenia winoro\u015bli, rejestru winnic, dokument&oacute;w towarzysz\u0105cych i&nbsp;\u015bwiadectw, rejestru przychod&oacute;w i&nbsp;rozchod&oacute;w, obowi\u0105zkowych deklaracji, powiadomie\u0144 i&nbsp;publikowania zg\u0142oszonych informacji, oraz uzupe\u0142niaj\u0105ce rozporz\u0105dzenie Parlamentu Europejskiego i&nbsp;Rady (UE) nr 1306\/2013 w&nbsp;odniesieniu do odpowiednich kontroli i&nbsp;kar, zmieniaj\u0105ce rozporz\u0105dzenia Komisji (WE) nr 555\/2008, (WE) nr 606\/2009 i&nbsp;(WE) nr 607\/2009 oraz uchylaj\u0105ce rozporz\u0105dzenie Komisji (WE) nr 436\/2009 i&nbsp;rozporz\u0105dzenie delegowane Komisji (UE) 2015\/560<br \/>Rozporz\u0105dzenie wykonawcze Komisji (UE) 2018\/291 z&nbsp;dnia 26 lutego 2018 r. zmieniaj\u0105ce rozporz\u0105dzenie wykonawcze (UE) nr 540\/2011 w&nbsp;odniesieniu do warunk&oacute;w zatwierdzenia substancji czynnej bifentryna (Tekst maj\u0105cy znaczenie dla EOG.)<br \/>Rozporz\u0105dzenie Komisji (UE) 2018\/289 z&nbsp;dnia 26 lutego 2018 r. zmieniaj\u0105ce rozporz\u0105dzenie (WE) nr 1126\/2008 przyjmuj\u0105ce okre\u015blone mi\u0119dzynarodowe standardy rachunkowo\u015bci zgodnie z&nbsp;rozporz\u0105dzeniem (WE) nr 1606\/2002 Parlamentu Europejskiego i&nbsp;Rady w&nbsp;odniesieniu do Mi\u0119dzynarodowego Standardu Sprawozdawczo\u015bci Finansowej (MSSF) 2 P\u0142atno\u015bci w&nbsp;formie akcji (Tekst maj\u0105cy znaczenie dla EOG.)<br \/>Rozporz\u0105dzenie delegowane Komisji (UE) 2018\/295 z&nbsp;dnia 15 grudnia 2017 r. zmieniaj\u0105ce rozporz\u0105dzenie delegowane (UE) nr 44\/2014 w&nbsp;odniesieniu do konstrukcji pojazd&oacute;w i&nbsp;wymog&oacute;w og&oacute;lnych oraz rozporz\u0105dzenie delegowane (UE) nr 134\/2014 w&nbsp;odniesieniu do wymog&oacute;w w&nbsp;zakresie efektywno\u015bci \u015brodowiskowej i&nbsp;osi\u0105g&oacute;w jednostki nap\u0119dowej na potrzeby homologacji pojazd&oacute;w dwu- lub tr&oacute;jko\u0142owych oraz czteroko\u0142owc&oacute;w<br \/>Sprostowanie do rozporz\u0105dzenia Komisji (UE) 2017\/1151 z&nbsp;dnia 1 czerwca 2017 r. uzupe\u0142niaj\u0105cego rozporz\u0105dzenie (WE) nr 715\/2007 Parlamentu Europejskiego i&nbsp;Rady w&nbsp;sprawie homologacji typu pojazd&oacute;w silnikowych w&nbsp;odniesieniu do emisji zanieczyszcze\u0144 pochodz\u0105cych z&nbsp;lekkich pojazd&oacute;w pasa\u017cerskich i&nbsp;u\u017cytkowych (Euro 5 i&nbsp;Euro 6) oraz w&nbsp;sprawie dost\u0119pu do informacji dotycz\u0105cych naprawy i&nbsp;utrzymania pojazd&oacute;w, zmieniaj\u0105cego dyrektyw\u0119 2007\/46\/WE Parlamentu Europejskiego i&nbsp;Rady, rozporz\u0105dzenie Komisji (WE) nr 692\/2008 i&nbsp;rozporz\u0105dzenie Komisji (UE) nr 1230\/2012 oraz uchylaj\u0105cego rozporz\u0105dzenie Komisji (WE) nr 692\/2008 (Dz.U. L 175 z&nbsp;7.7.2017)<br \/>Rozporz\u0105dzenie wykonawcze Komisji (UE) 2018\/274 z&nbsp;dnia 11 grudnia 2017 r. ustanawiaj\u0105ce zasady stosowania rozporz\u0105dzenia Parlamentu Europejskiego i&nbsp;Rady (UE) nr 1308\/2013 w&nbsp;odniesieniu do systemu zezwole\u0144 na nasadzenia winoro\u015bli, certyfikacji, rejestru przychod&oacute;w i&nbsp;rozchod&oacute;w, obowi\u0105zkowych deklaracji i&nbsp;powiadomie\u0144 oraz rozporz\u0105dzenia Parlamentu Europejskiego i&nbsp;Rady (UE) nr 1306\/2013 w&nbsp;odniesieniu do odpowiednich kontroli i&nbsp;uchylaj\u0105ce rozporz\u0105dzenie wykonawcze Komisji (UE) 2015\/561<br \/>Sprostowanie do rozporz\u0105dzenia Komisji (UE) 2017\/1151 z&nbsp;dnia 1 czerwca 2017 r. uzupe\u0142niaj\u0105cego rozporz\u0105dzenie (WE) nr 715\/2007 Parlamentu Europejskiego i&nbsp;Rady w&nbsp;sprawie homologacji typu pojazd&oacute;w silnikowych w&nbsp;odniesieniu do emisji zanieczyszcze\u0144 pochodz\u0105cych z&nbsp;lekkich pojazd&oacute;w pasa\u017cerskich i&nbsp;u\u017cytkowych (Euro 5 i&nbsp;Euro 6) oraz w&nbsp;sprawie dost\u0119pu do informacji dotycz\u0105cych naprawy i&nbsp;utrzymania pojazd&oacute;w, zmieniaj\u0105cego dyrektyw\u0119 2007\/46\/WE Parlamentu Europejskiego i&nbsp;Rady, rozporz\u0105dzenie Komisji (WE) nr 692\/2008 i&nbsp;rozporz\u0105dzenie Komisji (UE) nr 1230\/2012 oraz uchylaj\u0105cego rozporz\u0105dzenie Komisji (WE) nr 692\/2008 (Dz.U. L 175 z&nbsp;7.7.2017)<br \/>Rozporz\u0105dzenie Parlamentu Europejskiego i&nbsp;Rady (UE) 2018\/302 z&nbsp;dnia 28 lutego 2018 r. w&nbsp;sprawie nieuzasadnionego blokowania geograficznego oraz innych form dyskryminacji klient&oacute;w ze wzgl\u0119du na przynale\u017cno\u015b\u0107 pa\u0144stwow\u0105, miejsce zamieszkania lub miejsce prowadzenia dzia\u0142alno\u015bci na rynku wewn\u0119trznym oraz w&nbsp;sprawie zmiany rozporz\u0105dze\u0144 (WE) nr 2006\/2004 oraz (UE) 2017\/2394 i&nbsp;dyrektywy 2009\/22\/WE (Tekst maj\u0105cy znaczenie dla EOG.)<br \/>Rozporz\u0105dzenie wykonawcze Komisji (UE) 2018\/308 z&nbsp;dnia 1 marca 2018 r. ustanawiaj\u0105ce wykonawcze standardy techniczne zgodnie z&nbsp;dyrektyw\u0105 Parlamentu Europejskiego i&nbsp;Rady 2014\/59\/UE w&nbsp;odniesieniu do format&oacute;w, szablon&oacute;w i&nbsp;definicji na potrzeby identyfikowania i&nbsp;przekazywania informacji przez organy ds. restrukturyzacji i&nbsp;uporz\u0105dkowanej likwidacji w&nbsp;celu informowania Europejskiego Urz\u0119du Nadzoru Bankowego o&nbsp;minimalnym wymogu w&nbsp;zakresie funduszy w\u0142asnych i&nbsp;zobowi\u0105za\u0144 kwalifikowalnych (Tekst maj\u0105cy znaczenie dla EOG.)<\/p>\n<p><strong>ZARZ\u0104DZENIA PREZESA NARODOWEGO FUNDUSZU ZDROWIA<\/strong><br \/>Zarz\u0105dzenie NR 11\/2018\/GPF Prezesa Narodowego Funduszu Zdrowia z&nbsp;dnia 13 lutego 2018 r. zmieniaj\u0105ce zarz\u0105dzenie w&nbsp;sprawie regulaminu organizacyjnego Centrali Narodowego Funduszu Zdrowia &#8211; wchodzi w&nbsp;\u017cycie z&nbsp;dniem nast\u0119puj\u0105cym po dniu podpisania.<br \/>Zarz\u0105dzenie Nr 13\/2018\/BP Prezesa Narodowego Funduszu Zdrowia z&nbsp;dnia 22 lutego 2018 r. w&nbsp;sprawie og\u0142oszenia jednolitego tekstu zarz\u0105dzenia Prezesa Narodowego Funduszu Zdrowia w&nbsp;sprawie okre\u015blenia warunk&oacute;w zawierania i&nbsp;realizacji um&oacute;w w&nbsp;rodzaju lecznictwo uzdrowiskowe &#8211; wchodzi w&nbsp;\u017cycie z&nbsp;dniem nast\u0119puj\u0105cym po dniu podpisania.<br \/>Zarz\u0105dzenie Nr 14\/2018\/DSOZ Prezesa Narodowego Funduszu Zdrowia z&nbsp;dnia 22 lutego 2018 r. zmieniaj\u0105ce zarz\u0105dzenie w&nbsp;sprawie okre\u015blenia warunk&oacute;w zawierania i&nbsp;realizacji um&oacute;w w&nbsp;rodzaju leczenie szpitalne &#8211; wchodzi w&nbsp;\u017cycie z&nbsp;dniem nast\u0119puj\u0105cym po dniu podpisania.<br \/>Zarz\u0105dzenie Nr 15\/2018\/DSOZ Prezesa Narodowego Funduszu Zdrowia z&nbsp;dnia 23 lutego 2018 r. zmieniaj\u0105ce zarz\u0105dzenie w&nbsp;sprawie okre\u015blenia warunk&oacute;w zawierania i&nbsp;realizacji um&oacute;w w&nbsp;rodzaju leczenie szpitalne &#8211; \u015bwiadczenia wysokospecjalistyczne &#8211; wchodzi w&nbsp;\u017cycie z&nbsp;dniem nast\u0119puj\u0105cym po dniu podpisania.<br \/>Zarz\u0105dzenie NR 16\/2018\/DSM Prezesa Narodowego Funduszu Zdrowia z&nbsp;dnia 28 lutego 2018 r. w&nbsp;sprawie okre\u015blenia warunk&oacute;w zawierania i&nbsp;realizacji um&oacute;w o&nbsp;udzielanie \u015bwiadcze\u0144 opieki zdrowotnej w&nbsp;rodzaju leczenie szpitalne w&nbsp;zakresie: \u015bwiadczenia w&nbsp;szpitalnym oddziale ratunkowym oraz w&nbsp;zakresie: \u015bwiadczenia w&nbsp;izbie przyj\u0119\u0107 &#8211; wchodzi w&nbsp;\u017cycie po up\u0142ywie 30 dni od dnia podpisania.<\/p>\n<p><strong>_____Orzecznictwo<\/strong><br \/><strong>S\u0105d Najwy\u017cszy<br \/><\/strong><br \/><strong>ZA\u017bALENIE NA POSTANOWIENIE W&nbsp;PRZEDMIOCIE KOSZT&Oacute;W POST\u0118POWANIA<\/strong><br \/>Na postanowienie w&nbsp;przedmiocie koszt&oacute;w post\u0119powania, wydane przez s\u0105d w&nbsp;sk\u0142adzie asesora s\u0105dowego w&nbsp;okresie przed powierzeniem mu pe\u0142nienia obowi\u0105zk&oacute;w s\u0119dziego (art. 106i &sect; 10 ustawy z&nbsp;dnia 27 lipca 2001 r. &#8211; Prawo o&nbsp;ustroju s\u0105d&oacute;w powszechnych, jednolity tekst: Dz. U. z&nbsp;2016 r., poz. 2062 ze zm.), przys\u0142uguje za\u017calenie do s\u0105du drugiej instancji (art. 394 &sect; 1 k.p.c.) &ndash; Uchwa\u0142a S\u0105du Najwy\u017cszego z&nbsp;dnia 6 lutego 2018 r., sygn. akt III PZP 4\/17.<\/p>\n<p><strong>ZWROT Z&nbsp;URZ\u0118DU CA\u0141O\u015aCI UISZCZONEJ OP\u0141ATY<\/strong><br \/>Przepis art. 79 ust. 1 pkt 1 lit. h ustawy z&nbsp;dnia 28 lipca 2005 r. o&nbsp;kosztach s\u0105dowych w&nbsp;sprawach cywilnych (jedn. tekst: Dz.U. z&nbsp;2018 r., poz. 300) dotyczy wy\u0142\u0105cznie ugody s\u0105dowej oraz ugody zawartej przed mediatorem &ndash; Uchwa\u0142a S\u0105du Najwy\u017cszego z&nbsp;dnia 23 lutego 2018 r., sygn. akt III CZP 88\/17.<\/p>\n<p><strong>WYNAGRODZENIE NALE\u017bNE KURATOROWI USTANOWIONEMU NA WNIOSEK ORGANU PODATKOWEGO<\/strong><br \/>O wynagrodzeniu nale\u017cnym kuratorowi ustanowionemu na wniosek organu podatkowego na podstawie art. 42 k.c. w&nbsp;zwi\u0105zku z&nbsp;art. 138 &sect; 3 ustawy z&nbsp;dnia 29 sierpnia 1997 r. &#8211; Ordynacja podatkowa (jedn. tekst: Dz.U. z&nbsp;2017 r., poz. 201 ze zm.) orzeka s\u0105d rejestrowy, kt&oacute;ry go ustanowi\u0142 i&nbsp;okre\u015bli\u0142 jego kompetencje &ndash; Uchwa\u0142a S\u0105du Najwy\u017cszego z&nbsp;dnia 23 lutego 2018 r., sygn. akt III CZP 106\/17.<\/p>\n<p>K<strong>ONSEKWENCJE ZBYCIA PRZEZ PRZYJMUJ\u0104CEGO ZLECENIE, WBREW UMOWIE, OSOBIE TRZECIEJ RZECZY NABYTEJ W&nbsp;IMIENIU DAJ\u0104CEGO ZLECENIE<\/strong><br \/>Zbycie przez przyjmuj\u0105cego zlecenie, wbrew umowie, osobie trzeciej rzeczy nabytej w&nbsp;imieniu daj\u0105cego zlecenie nie powoduje przej\u015bcia na t\u0119 osob\u0119 obowi\u0105zku przeniesienia rzeczy na rzecz daj\u0105cego zlecenie (art. 740 zdanie drugie k.c.). Je\u017celi zbycie takie nast\u0105pi\u0142o w&nbsp;toku sprawy z&nbsp;pow&oacute;dztwa daj\u0105cego zlecenie o&nbsp;zobowi\u0105zanie przyjmuj\u0105cego zlecenie do z\u0142o\u017cenia o\u015bwiadczenia woli o&nbsp;przeniesieniu rzeczy na daj\u0105cego zlecenie, art. 192 pkt 3 k.p.c. nie ma zastosowania &ndash; Uchwa\u0142a S\u0105du Najwy\u017cszego z&nbsp;dnia 23 lutego 2018 r., sygn. akt III CZP 104\/17.<\/p>\n<p><strong>WA\u017bNO\u015a\u0106 UMOWY MA\u0141\u017bONK&Oacute;W O&nbsp;CZ\u0118\u015aCIOWYM PODZIALE MAJ\u0104TKU WSP&Oacute;LNEGO, ZAWARTEJ PRZED USTANOWIENIEM PRZEZ S\u0104D ROZDZIELNO\u015aCI MAJ\u0104TKOWEJ<\/strong><br \/>W sprawie o&nbsp;podzia\u0142 maj\u0105tku wsp&oacute;lnego po ustaniu wsp&oacute;lno\u015bci maj\u0105tkowej mi\u0119dzy ma\u0142\u017conkami sk\u0142ad maj\u0105tku wsp&oacute;lnego ustala si\u0119 wed\u0142ug chwili ustania wsp&oacute;lno\u015bci maj\u0105tkowej, a&nbsp;jego warto\u015b\u0107 wed\u0142ug stanu tego maj\u0105tku oraz cen w&nbsp;chwili dokonywania podzia\u0142u.<br \/>Umowa ma\u0142\u017conk&oacute;w o&nbsp;cz\u0119\u015bciowym podziale maj\u0105tku wsp&oacute;lnego, zawarta przed ustanowieniem przez s\u0105d rozdzielno\u015bci maj\u0105tkowej z&nbsp;dniem poprzedzaj\u0105cym zawarcie tej umowy (art. 52 &sect; 2 k.r.o.), jest wa\u017cna &ndash; Uchwa\u0142a S\u0105du Najwy\u017cszego z&nbsp;dnia 23 lutego 2018 r., sygn. akt III CZP 103\/17.<\/p>\n","protected":false},"excerpt":{"rendered":"<p>We would like to present the next issue of legal bulletin of the Law Office of Adam Polowiec.What you will find here is some information about the new provisions of law and the projects of amendments to acts, but also case-laws including the case laws of Supreme Court, Constitutional Tribunal and European Court of Justice.<\/p>\n","protected":false},"author":4,"featured_media":0,"comment_status":"closed","ping_status":"open","sticky":false,"template":"","format":"standard","meta":{"footnotes":""},"categories":[2],"tags":[],"class_list":["post-837","post","type-post","status-publish","format-standard","hentry","category-wpisy"],"featured_image_src":{"landsacpe":false,"list":false,"medium":false,"full":false},"yoast_head":"<!-- This site is optimized with the Yoast SEO plugin v27.2 - https:\/\/yoast.com\/product\/yoast-seo-wordpress\/ -->\n<title>Legal Bulletin Of The Law Office Of Adam Polowiec (12 February 2018 \u2013 4 March 2018) - Polowiec i Wsp\u00f3lnicy - Kancelaria prawna<\/title>\n<meta name=\"robots\" content=\"index, follow, max-snippet:-1, max-image-preview:large, max-video-preview:-1\" \/>\n<link rel=\"canonical\" href=\"https:\/\/polowiec.pl\/en\/legal-bulletin-of-the-law-office-of-adam-polowiec-12-february-2018-4-march-2018\/\" \/>\n<meta property=\"og:locale\" content=\"en_US\" \/>\n<meta property=\"og:type\" content=\"article\" \/>\n<meta property=\"og:title\" content=\"Legal Bulletin Of The Law Office Of Adam Polowiec (12 February 2018 \u2013 4 March 2018) - Polowiec i Wsp\u00f3lnicy - Kancelaria prawna\" \/>\n<meta property=\"og:description\" content=\"We would like to present the next issue of legal bulletin of the Law Office of Adam Polowiec.What you will find here is some information about the new provisions of law and the projects of amendments to acts, but also case-laws including the case laws of Supreme Court, Constitutional Tribunal and European Court of Justice.\" \/>\n<meta property=\"og:url\" content=\"https:\/\/polowiec.pl\/en\/legal-bulletin-of-the-law-office-of-adam-polowiec-12-february-2018-4-march-2018\/\" \/>\n<meta property=\"og:site_name\" content=\"Polowiec i Wsp\u00f3lnicy - Kancelaria prawna\" \/>\n<meta property=\"article:publisher\" content=\"https:\/\/www.facebook.com\/polowieciwspolnicy\/\" \/>\n<meta property=\"article:published_time\" content=\"2018-03-06T09:13:53+00:00\" \/>\n<meta property=\"article:modified_time\" content=\"2019-04-18T16:19:39+00:00\" \/>\n<meta name=\"author\" content=\"Monika\" \/>\n<meta name=\"twitter:card\" content=\"summary_large_image\" \/>\n<meta name=\"twitter:label1\" content=\"Written by\" \/>\n\t<meta name=\"twitter:data1\" content=\"Monika\" \/>\n\t<meta name=\"twitter:label2\" content=\"Est. reading time\" \/>\n\t<meta name=\"twitter:data2\" content=\"23 minutes\" \/>\n<script type=\"application\/ld+json\" class=\"yoast-schema-graph\">{\"@context\":\"https:\/\/schema.org\",\"@graph\":[{\"@type\":\"Article\",\"@id\":\"https:\/\/polowiec.pl\/en\/legal-bulletin-of-the-law-office-of-adam-polowiec-12-february-2018-4-march-2018\/#article\",\"isPartOf\":{\"@id\":\"https:\/\/polowiec.pl\/en\/legal-bulletin-of-the-law-office-of-adam-polowiec-12-february-2018-4-march-2018\/\"},\"author\":{\"name\":\"Monika\",\"@id\":\"https:\/\/polowiec.pl\/en\/#\/schema\/person\/6178ac96ba1d4d590993734f8a0a6539\"},\"headline\":\"Legal Bulletin Of The Law Office Of Adam Polowiec (12 February 2018 \u2013 4 March 2018)\",\"datePublished\":\"2018-03-06T09:13:53+00:00\",\"dateModified\":\"2019-04-18T16:19:39+00:00\",\"mainEntityOfPage\":{\"@id\":\"https:\/\/polowiec.pl\/en\/legal-bulletin-of-the-law-office-of-adam-polowiec-12-february-2018-4-march-2018\/\"},\"wordCount\":4646,\"publisher\":{\"@id\":\"https:\/\/polowiec.pl\/en\/#organization\"},\"articleSection\":[\"Wpisy\"],\"inLanguage\":\"en-US\"},{\"@type\":\"WebPage\",\"@id\":\"https:\/\/polowiec.pl\/en\/legal-bulletin-of-the-law-office-of-adam-polowiec-12-february-2018-4-march-2018\/\",\"url\":\"https:\/\/polowiec.pl\/en\/legal-bulletin-of-the-law-office-of-adam-polowiec-12-february-2018-4-march-2018\/\",\"name\":\"Legal Bulletin Of The Law Office Of Adam Polowiec (12 February 2018 \u2013 4 March 2018) - Polowiec i Wsp\u00f3lnicy - Kancelaria prawna\",\"isPartOf\":{\"@id\":\"https:\/\/polowiec.pl\/en\/#website\"},\"datePublished\":\"2018-03-06T09:13:53+00:00\",\"dateModified\":\"2019-04-18T16:19:39+00:00\",\"breadcrumb\":{\"@id\":\"https:\/\/polowiec.pl\/en\/legal-bulletin-of-the-law-office-of-adam-polowiec-12-february-2018-4-march-2018\/#breadcrumb\"},\"inLanguage\":\"en-US\",\"potentialAction\":[{\"@type\":\"ReadAction\",\"target\":[\"https:\/\/polowiec.pl\/en\/legal-bulletin-of-the-law-office-of-adam-polowiec-12-february-2018-4-march-2018\/\"]}]},{\"@type\":\"BreadcrumbList\",\"@id\":\"https:\/\/polowiec.pl\/en\/legal-bulletin-of-the-law-office-of-adam-polowiec-12-february-2018-4-march-2018\/#breadcrumb\",\"itemListElement\":[{\"@type\":\"ListItem\",\"position\":1,\"name\":\"Strona g\u0142\u00f3wna\",\"item\":\"https:\/\/polowiec.pl\/en\/\"},{\"@type\":\"ListItem\",\"position\":2,\"name\":\"Legal Bulletin Of The Law Office Of Adam Polowiec (12 February 2018 \u2013 4 March 2018)\"}]},{\"@type\":\"WebSite\",\"@id\":\"https:\/\/polowiec.pl\/en\/#website\",\"url\":\"https:\/\/polowiec.pl\/en\/\",\"name\":\"Polowiec i Wsp\u00f3lnicy - Kancelaria prawna\",\"description\":\"Obs\u0142uga prawna\",\"publisher\":{\"@id\":\"https:\/\/polowiec.pl\/en\/#organization\"},\"potentialAction\":[{\"@type\":\"SearchAction\",\"target\":{\"@type\":\"EntryPoint\",\"urlTemplate\":\"https:\/\/polowiec.pl\/en\/?s={search_term_string}\"},\"query-input\":{\"@type\":\"PropertyValueSpecification\",\"valueRequired\":true,\"valueName\":\"search_term_string\"}}],\"inLanguage\":\"en-US\"},{\"@type\":\"Organization\",\"@id\":\"https:\/\/polowiec.pl\/en\/#organization\",\"name\":\"Polowiec i Wsp\u00f3lnicy - Kancelaria prawna\",\"url\":\"https:\/\/polowiec.pl\/en\/\",\"logo\":{\"@type\":\"ImageObject\",\"inLanguage\":\"en-US\",\"@id\":\"https:\/\/polowiec.pl\/en\/#\/schema\/logo\/image\/\",\"url\":\"https:\/\/polowiec.pl\/wp-content\/uploads\/2018\/10\/polowiec_logo2-1.png\",\"contentUrl\":\"https:\/\/polowiec.pl\/wp-content\/uploads\/2018\/10\/polowiec_logo2-1.png\",\"width\":540,\"height\":381,\"caption\":\"Polowiec i Wsp\u00f3lnicy - Kancelaria prawna\"},\"image\":{\"@id\":\"https:\/\/polowiec.pl\/en\/#\/schema\/logo\/image\/\"},\"sameAs\":[\"https:\/\/www.facebook.com\/polowieciwspolnicy\/\",\"https:\/\/www.linkedin.com\/company\/polowiec-i-wsplnicy-sp.j.\/about\/\"]},{\"@type\":\"Person\",\"@id\":\"https:\/\/polowiec.pl\/en\/#\/schema\/person\/6178ac96ba1d4d590993734f8a0a6539\",\"name\":\"Monika\",\"image\":{\"@type\":\"ImageObject\",\"inLanguage\":\"en-US\",\"@id\":\"https:\/\/secure.gravatar.com\/avatar\/525d12775156493d0259a4384e9f7b0a0e6cc1c583cc1d0ae144bd6ca07140ea?s=96&d=mm&r=g\",\"url\":\"https:\/\/secure.gravatar.com\/avatar\/525d12775156493d0259a4384e9f7b0a0e6cc1c583cc1d0ae144bd6ca07140ea?s=96&d=mm&r=g\",\"contentUrl\":\"https:\/\/secure.gravatar.com\/avatar\/525d12775156493d0259a4384e9f7b0a0e6cc1c583cc1d0ae144bd6ca07140ea?s=96&d=mm&r=g\",\"caption\":\"Monika\"}}]}<\/script>\n<!-- \/ Yoast SEO plugin. -->","yoast_head_json":{"title":"Legal Bulletin Of The Law Office Of Adam Polowiec (12 February 2018 \u2013 4 March 2018) - Polowiec i Wsp\u00f3lnicy - Kancelaria prawna","robots":{"index":"index","follow":"follow","max-snippet":"max-snippet:-1","max-image-preview":"max-image-preview:large","max-video-preview":"max-video-preview:-1"},"canonical":"https:\/\/polowiec.pl\/en\/legal-bulletin-of-the-law-office-of-adam-polowiec-12-february-2018-4-march-2018\/","og_locale":"en_US","og_type":"article","og_title":"Legal Bulletin Of The Law Office Of Adam Polowiec (12 February 2018 \u2013 4 March 2018) - Polowiec i Wsp\u00f3lnicy - Kancelaria prawna","og_description":"We would like to present the next issue of legal bulletin of the Law Office of Adam Polowiec.What you will find here is some information about the new provisions of law and the projects of amendments to acts, but also case-laws including the case laws of Supreme Court, Constitutional Tribunal and European Court of Justice.","og_url":"https:\/\/polowiec.pl\/en\/legal-bulletin-of-the-law-office-of-adam-polowiec-12-february-2018-4-march-2018\/","og_site_name":"Polowiec i Wsp\u00f3lnicy - Kancelaria prawna","article_publisher":"https:\/\/www.facebook.com\/polowieciwspolnicy\/","article_published_time":"2018-03-06T09:13:53+00:00","article_modified_time":"2019-04-18T16:19:39+00:00","author":"Monika","twitter_card":"summary_large_image","twitter_misc":{"Written by":"Monika","Est. reading time":"23 minutes"},"schema":{"@context":"https:\/\/schema.org","@graph":[{"@type":"Article","@id":"https:\/\/polowiec.pl\/en\/legal-bulletin-of-the-law-office-of-adam-polowiec-12-february-2018-4-march-2018\/#article","isPartOf":{"@id":"https:\/\/polowiec.pl\/en\/legal-bulletin-of-the-law-office-of-adam-polowiec-12-february-2018-4-march-2018\/"},"author":{"name":"Monika","@id":"https:\/\/polowiec.pl\/en\/#\/schema\/person\/6178ac96ba1d4d590993734f8a0a6539"},"headline":"Legal Bulletin Of The Law Office Of Adam Polowiec (12 February 2018 \u2013 4 March 2018)","datePublished":"2018-03-06T09:13:53+00:00","dateModified":"2019-04-18T16:19:39+00:00","mainEntityOfPage":{"@id":"https:\/\/polowiec.pl\/en\/legal-bulletin-of-the-law-office-of-adam-polowiec-12-february-2018-4-march-2018\/"},"wordCount":4646,"publisher":{"@id":"https:\/\/polowiec.pl\/en\/#organization"},"articleSection":["Wpisy"],"inLanguage":"en-US"},{"@type":"WebPage","@id":"https:\/\/polowiec.pl\/en\/legal-bulletin-of-the-law-office-of-adam-polowiec-12-february-2018-4-march-2018\/","url":"https:\/\/polowiec.pl\/en\/legal-bulletin-of-the-law-office-of-adam-polowiec-12-february-2018-4-march-2018\/","name":"Legal Bulletin Of The Law Office Of Adam Polowiec (12 February 2018 \u2013 4 March 2018) - Polowiec i Wsp\u00f3lnicy - Kancelaria prawna","isPartOf":{"@id":"https:\/\/polowiec.pl\/en\/#website"},"datePublished":"2018-03-06T09:13:53+00:00","dateModified":"2019-04-18T16:19:39+00:00","breadcrumb":{"@id":"https:\/\/polowiec.pl\/en\/legal-bulletin-of-the-law-office-of-adam-polowiec-12-february-2018-4-march-2018\/#breadcrumb"},"inLanguage":"en-US","potentialAction":[{"@type":"ReadAction","target":["https:\/\/polowiec.pl\/en\/legal-bulletin-of-the-law-office-of-adam-polowiec-12-february-2018-4-march-2018\/"]}]},{"@type":"BreadcrumbList","@id":"https:\/\/polowiec.pl\/en\/legal-bulletin-of-the-law-office-of-adam-polowiec-12-february-2018-4-march-2018\/#breadcrumb","itemListElement":[{"@type":"ListItem","position":1,"name":"Strona g\u0142\u00f3wna","item":"https:\/\/polowiec.pl\/en\/"},{"@type":"ListItem","position":2,"name":"Legal Bulletin Of The Law Office Of Adam Polowiec (12 February 2018 \u2013 4 March 2018)"}]},{"@type":"WebSite","@id":"https:\/\/polowiec.pl\/en\/#website","url":"https:\/\/polowiec.pl\/en\/","name":"Polowiec i Wsp\u00f3lnicy - Kancelaria prawna","description":"Obs\u0142uga prawna","publisher":{"@id":"https:\/\/polowiec.pl\/en\/#organization"},"potentialAction":[{"@type":"SearchAction","target":{"@type":"EntryPoint","urlTemplate":"https:\/\/polowiec.pl\/en\/?s={search_term_string}"},"query-input":{"@type":"PropertyValueSpecification","valueRequired":true,"valueName":"search_term_string"}}],"inLanguage":"en-US"},{"@type":"Organization","@id":"https:\/\/polowiec.pl\/en\/#organization","name":"Polowiec i Wsp\u00f3lnicy - Kancelaria prawna","url":"https:\/\/polowiec.pl\/en\/","logo":{"@type":"ImageObject","inLanguage":"en-US","@id":"https:\/\/polowiec.pl\/en\/#\/schema\/logo\/image\/","url":"https:\/\/polowiec.pl\/wp-content\/uploads\/2018\/10\/polowiec_logo2-1.png","contentUrl":"https:\/\/polowiec.pl\/wp-content\/uploads\/2018\/10\/polowiec_logo2-1.png","width":540,"height":381,"caption":"Polowiec i Wsp\u00f3lnicy - Kancelaria prawna"},"image":{"@id":"https:\/\/polowiec.pl\/en\/#\/schema\/logo\/image\/"},"sameAs":["https:\/\/www.facebook.com\/polowieciwspolnicy\/","https:\/\/www.linkedin.com\/company\/polowiec-i-wsplnicy-sp.j.\/about\/"]},{"@type":"Person","@id":"https:\/\/polowiec.pl\/en\/#\/schema\/person\/6178ac96ba1d4d590993734f8a0a6539","name":"Monika","image":{"@type":"ImageObject","inLanguage":"en-US","@id":"https:\/\/secure.gravatar.com\/avatar\/525d12775156493d0259a4384e9f7b0a0e6cc1c583cc1d0ae144bd6ca07140ea?s=96&d=mm&r=g","url":"https:\/\/secure.gravatar.com\/avatar\/525d12775156493d0259a4384e9f7b0a0e6cc1c583cc1d0ae144bd6ca07140ea?s=96&d=mm&r=g","contentUrl":"https:\/\/secure.gravatar.com\/avatar\/525d12775156493d0259a4384e9f7b0a0e6cc1c583cc1d0ae144bd6ca07140ea?s=96&d=mm&r=g","caption":"Monika"}}]}},"_links":{"self":[{"href":"https:\/\/polowiec.pl\/en\/wp-json\/wp\/v2\/posts\/837","targetHints":{"allow":["GET"]}}],"collection":[{"href":"https:\/\/polowiec.pl\/en\/wp-json\/wp\/v2\/posts"}],"about":[{"href":"https:\/\/polowiec.pl\/en\/wp-json\/wp\/v2\/types\/post"}],"author":[{"embeddable":true,"href":"https:\/\/polowiec.pl\/en\/wp-json\/wp\/v2\/users\/4"}],"replies":[{"embeddable":true,"href":"https:\/\/polowiec.pl\/en\/wp-json\/wp\/v2\/comments?post=837"}],"version-history":[{"count":0,"href":"https:\/\/polowiec.pl\/en\/wp-json\/wp\/v2\/posts\/837\/revisions"}],"wp:attachment":[{"href":"https:\/\/polowiec.pl\/en\/wp-json\/wp\/v2\/media?parent=837"}],"wp:term":[{"taxonomy":"category","embeddable":true,"href":"https:\/\/polowiec.pl\/en\/wp-json\/wp\/v2\/categories?post=837"},{"taxonomy":"post_tag","embeddable":true,"href":"https:\/\/polowiec.pl\/en\/wp-json\/wp\/v2\/tags?post=837"}],"curies":[{"name":"wp","href":"https:\/\/api.w.org\/{rel}","templated":true}]}}