{"id":841,"date":"2018-03-20T10:31:04","date_gmt":"2018-03-20T09:31:04","guid":{"rendered":"https:\/\/nowa.polowiec.pl\/legal-bulletin-of-the-law-office-of-adam-polowiec-5-march-2018-18-march-2018\/"},"modified":"2019-04-18T18:18:56","modified_gmt":"2019-04-18T16:18:56","slug":"legal-bulletin-of-the-law-office-of-adam-polowiec-5-march-2018-18-march-2018","status":"publish","type":"post","link":"https:\/\/polowiec.pl\/en\/legal-bulletin-of-the-law-office-of-adam-polowiec-5-march-2018-18-march-2018\/","title":{"rendered":"Legal Bulletin Of The Law Office Of Adam Polowiec (5 March 2018 \u2013 18 March 2018)"},"content":{"rendered":"<p><span style=\"font-size: 14px; text-align: justify;\">We would like to present the next issue of legal bulletin of the Law Office of Adam Polowiec.<\/span><br style=\"font-size: 14px; text-align: justify;\" \/><span style=\"font-size: 14px; text-align: justify;\">What you will find here is some information about the new provisions of law and the projects of amendments to acts, but also case-laws including the case laws of Supreme Court, Constitutional Tribunal and European Court of Justice<\/span>.<\/p>\n<p>  <!--more-->  <\/p>\n<p><strong>_____Nowe Prawo<\/strong><\/p>\n<p><strong>KODEKS POST\u0118POWANIA CYWILNEGO<\/strong><br \/>Rozporz\u0105dzenie Ministra Sprawiedliwo\u015bci z&nbsp;dnia 9 marca 2018 r. zmieniaj\u0105ce rozporz\u0105dzenie w&nbsp;sprawie trybu zak\u0142adania i&nbsp;udost\u0119pniania konta w&nbsp;systemie teleinformatycznym obs\u0142uguj\u0105cym post\u0119powanie s\u0105dowe (Dz. U. z&nbsp;2018 r., poz. 533) &ndash; wesz\u0142o w&nbsp;\u017cycie z&nbsp;dniem 15 marca 2018 r.<br \/>W rozporz\u0105dzeniu Ministra Sprawiedliwo\u015bci z&nbsp;dnia 26 kwietnia 2016 r. w&nbsp;sprawie trybu zak\u0142adania i&nbsp;udost\u0119pniania konta w&nbsp;systemie teleinformatycznym obs\u0142uguj\u0105cym post\u0119powanie s\u0105dowe (Dz. U. poz. 637 oraz z&nbsp;2017 r. poz. 267 i&nbsp;1699) zmianie uleg\u0142o brzmienie &sect; 1, dodaje si\u0119 &sect; 7a, w&nbsp;&sect; 8 dotychczasow\u0105 tre\u015b\u0107 oznacza si\u0119 jako ust. 1 i&nbsp;dodaje si\u0119 ust. 2.<\/p>\n<p><strong>PRAWO OCHRONY \u015aRODOWISKA<\/strong><br \/>Rozporz\u0105dzenie Ministra \u015arodowiska z&nbsp;dnia 16 lutego 2018 r. zmieniaj\u0105ce rozporz\u0105dzenie w&nbsp;sprawie szczeg&oacute;\u0142owego zakresu danych uj\u0119tych na mapach akustycznych oraz ich uk\u0142adu i&nbsp;sposobu prezentacji (Dz. U. z&nbsp;2018 r., poz. 504) &ndash; wejdzie w&nbsp;\u017cycie z&nbsp;dniem 23 marca 2018 r.<br \/>W rozporz\u0105dzeniu Ministra \u015arodowiska z&nbsp;dnia 1 pa\u017adziernika 2007 r. w&nbsp;sprawie szczeg&oacute;\u0142owego zakresu danych uj\u0119tych na mapach akustycznych oraz ich uk\u0142adu i&nbsp;sposobu prezentacji (Dz. U. poz. 1340) w&nbsp;za\u0142\u0105czniku nr 3 do rozporz\u0105dzenia uchyla si\u0119 pkt 10.<\/p>\n<p><strong>PRAWO FARMACEUTYCZNE<\/strong><br \/>Rozporz\u0105dzenie Ministra Zdrowia z&nbsp;dnia 20 lutego 2018 r. w&nbsp;sprawie ci\u0105g\u0142ych szkole\u0144 farmaceut&oacute;w zatrudnionych w&nbsp;aptekach lub hurtowniach farmaceutycznych (Dz. U. z&nbsp;2018 r., poz. 499) &ndash; wejdzie w&nbsp;\u017cycie z&nbsp;dniem 23 marca 2018 r.<\/p>\n<p><strong>PRAWO PODATKOWE<\/strong><br \/>Rozporz\u0105dzenie Ministra Finans&oacute;w z&nbsp;dnia 22 lutego 2018 r. zmieniaj\u0105ce rozporz\u0105dzenie w&nbsp;sprawie w\u0142a\u015bciwo\u015bci organ&oacute;w podatkowych (Dz. U. z&nbsp;2018 r., poz. 480) &ndash; wejdzie w&nbsp;\u017cycie z&nbsp;dniem 21 marca 2018 r.<br \/>W rozporz\u0105dzeniu Ministra Finans&oacute;w z&nbsp;dnia 22 sierpnia 2005 r. w&nbsp;sprawie w\u0142a\u015bciwo\u015bci organ&oacute;w podatkowych (Dz. U. z&nbsp;2017 r. poz. 122) w&nbsp;&sect; 15 dodaje si\u0119 ust. 1a.<\/p>\n<p><strong>\u015aWIADCZENIA OPIEKI ZDROWOTNEJ FINANSOWANE ZE \u015aRODK&Oacute;W PUBLICZNYCH<\/strong><br \/>Rozporz\u0105dzenie Ministra Zdrowia z&nbsp;dnia 27 lutego 2018 r. w&nbsp;sprawie priorytet&oacute;w zdrowotnych (Dz. U. z&nbsp;2018 r., poz. 469) &ndash; wesz\u0142o w&nbsp;\u017cycie z&nbsp;dniem 3 marca 2018 r.<\/p>\n<p><strong>ZBIOROWE ZAOPATRZENIE W&nbsp;WOD\u0118 I&nbsp;ZBIOROWE ODPROWADZANIE \u015aCIEK&Oacute;W<\/strong><br \/>Rozporz\u0105dzenie Ministra Gospodarki Morskiej i&nbsp;\u017beglugi \u015ar&oacute;dl\u0105dowej z&nbsp;dnia 27 lutego 2018 r. w&nbsp;sprawie okre\u015blania taryf, wzoru wniosku o&nbsp;zatwierdzenie taryfy oraz warunk&oacute;w rozlicze\u0144 za zbiorowe zaopatrzenie w&nbsp;wod\u0119 i&nbsp;zbiorowe odprowadzanie \u015bciek&oacute;w (Dz. U. z&nbsp;2018 r., poz. 472) &ndash; wesz\u0142o w&nbsp;\u017cycie z&nbsp;dniem 3 marca 2018 r.<br \/>Rozporz\u0105dzenie Ministra Gospodarki Morskiej i&nbsp;\u017beglugi \u015ar&oacute;dl\u0105dowej z&nbsp;dnia 9 marca 2018 r. w&nbsp;sprawie w\u0142a\u015bciwo\u015bci miejscowej dyrektor&oacute;w regionalnych zarz\u0105d&oacute;w gospodarki wodnej Pa\u0144stwowego Gospodarstwa Wodnego Wody Polskie w&nbsp;sprawach z&nbsp;zakresu zbiorowego zaopatrzenia w&nbsp;wod\u0119 i&nbsp;zbiorowego odprowadzania \u015bciek&oacute;w (Dz. U. z&nbsp;2018 r., poz. 510) &ndash; wesz\u0142o w&nbsp;\u017cycie z&nbsp;dniem 10 marca 2018 r.<\/p>\n<p><strong>KRAJOWY REJESTR S\u0104DOWY<\/strong><br \/>Rozporz\u0105dzenie Ministra Sprawiedliwo\u015bci z&nbsp;dnia 5 marca 2018 r. zmieniaj\u0105ce rozporz\u0105dzenie w&nbsp;sprawie szczeg&oacute;\u0142owego sposobu prowadzenia rejestr&oacute;w wchodz\u0105cych w&nbsp;sk\u0142ad Krajowego Rejestru S\u0105dowego oraz szczeg&oacute;\u0142owej tre\u015bci wpis&oacute;w w&nbsp;tych rejestrach (Dz. U. z&nbsp;2018 r., poz. 501) &ndash; wesz\u0142o w&nbsp;\u017cycie z&nbsp;dniem 15 marca 2018 r.<br \/>W rozporz\u0105dzeniu Ministra Sprawiedliwo\u015bci z&nbsp;dnia 17 listopada 2014 r. w&nbsp;sprawie szczeg&oacute;\u0142owego sposobu prowadzenia rejestr&oacute;w wchodz\u0105cych w&nbsp;sk\u0142ad Krajowego Rejestru S\u0105dowego oraz szczeg&oacute;\u0142owej tre\u015bci wpis&oacute;w w&nbsp;tych rejestrach (Dz. U. poz. 1667, z&nbsp;2015 r. poz. 67 i&nbsp;2223, z&nbsp;2016 r. poz. 2226 oraz z&nbsp;2017 r. poz. 1522) zmianie ulegnie brzmienie &sect; 2 pkt 5, w&nbsp;&sect; 136 w&nbsp;pkt 1 w&nbsp;lit. i&nbsp;\u015brednik zast\u0119puje si\u0119 przecinkiem i&nbsp;dodaje si\u0119 lit. j, w&nbsp;&sect; 166 uchyla si\u0119 pkt 3.<br \/>Rozporz\u0105dzenie Ministra Sprawiedliwo\u015bci z&nbsp;dnia 9 marca 2018 r. w&nbsp;sprawie ustroju i&nbsp;organizacji Centralnej Informacji Krajowego Rejestru S\u0105dowego oraz trybu i&nbsp;sposobu udzielania informacji z&nbsp;Rejestru, wydawania dokument&oacute;w oraz kopii dokument&oacute;w z&nbsp;katalogu, udost\u0119pniania dokument&oacute;w z&nbsp;repozytorium dokument&oacute;w finansowych, a&nbsp;tak\u017ce struktury udost\u0119pnianych informacji o&nbsp;podmiotach wpisanych do Rejestru (Dz. U. z&nbsp;2018 r., poz. 546) &ndash; wesz\u0142o w&nbsp;\u017cycie z&nbsp;dniem 15 marca 2018 r.<br \/>Rozporz\u0105dzenie Ministra Sprawiedliwo\u015bci z&nbsp;dnia 14 marca 2018 r. w&nbsp;sprawie okre\u015blenia wysoko\u015bci op\u0142at za udzielanie informacji, wydawanie odpis&oacute;w, wyci\u0105g&oacute;w i&nbsp;za\u015bwiadcze\u0144 z&nbsp;Krajowego Rejestru S\u0105dowego oraz za udost\u0119pnianie dokument&oacute;w z\u0142o\u017conych w&nbsp;postaci elektronicznej i&nbsp;kopii dokument&oacute;w z\u0142o\u017conych w&nbsp;postaci papierowej z&nbsp;elektronicznego katalogu dokument&oacute;w sp&oacute;\u0142ek (Dz. U. z&nbsp;2018 r., poz. 547) &ndash; wesz\u0142o w&nbsp;\u017cycie z&nbsp;dniem 15 marca 2018 r.<\/p>\n<p><strong>KOSZTY S\u0104DOWE W&nbsp;SPRAWACH CYWILNYCH<\/strong><br \/>Rozporz\u0105dzenie Ministra Sprawiedliwo\u015bci z&nbsp;dnia 9 marca 2018 r. w&nbsp;sprawie okre\u015blenia wysoko\u015bci wynagrodzenia i&nbsp;zwrotu wydatk&oacute;w poniesionych przez kurator&oacute;w ustanowionych dla strony w&nbsp;sprawie cywilnej (Dz. U. z&nbsp;2018 r., poz. 536) &ndash; wesz\u0142o w&nbsp;\u017cycie z&nbsp;dniem 15 marca 2018 r.<\/p>\n<p><strong>UBEZPIECZENIA SPO\u0141ECZNE<\/strong><br \/>Rozporz\u0105dzenie Ministra Rodziny, Pracy i&nbsp;Polityki Spo\u0142ecznej z&nbsp;dnia 5 marca 2018 r. zmieniaj\u0105ce rozporz\u0105dzenie w&nbsp;sprawie r&oacute;\u017cnicowania stopy procentowej sk\u0142adki na ubezpieczenie spo\u0142eczne z&nbsp;tytu\u0142u wypadk&oacute;w przy pracy i&nbsp;chor&oacute;b zawodowych w&nbsp;zale\u017cno\u015bci od zagro\u017ce\u0144 zawodowych i&nbsp;ich skutk&oacute;w (Dz. U. z&nbsp;2018 r., poz. 502) &ndash; wejdzie w&nbsp;\u017cycie z&nbsp;dniem 1 kwietnia 2018 r.<br \/>W rozporz\u0105dzeniu Ministra Pracy i&nbsp;Polityki Spo\u0142ecznej z&nbsp;dnia 29 listopada 2002 r. w&nbsp;sprawie r&oacute;\u017cnicowania stopy procentowej sk\u0142adki na ubezpieczenie spo\u0142eczne z&nbsp;tytu\u0142u wypadk&oacute;w przy pracy i&nbsp;chor&oacute;b zawodowych w&nbsp;zale\u017cno\u015bci od zagro\u017ce\u0144 zawodowych i&nbsp;ich skutk&oacute;w (Dz. U. z&nbsp;2016 r. poz. 1005) zmianie ulegnie brzmienie za\u0142\u0105cznika nr 2.<\/p>\n<p><strong>PRAWO UNII EUROPEJSKIEJ<\/strong><br \/>Rozporz\u0105dzenie wykonawcze Komisji (UE) 2018\/308 z&nbsp;dnia 1 marca 2018 r. ustanawiaj\u0105ce wykonawcze standardy techniczne zgodnie z&nbsp;dyrektyw\u0105 Parlamentu Europejskiego i&nbsp;Rady 2014\/59\/UE w&nbsp;odniesieniu do format&oacute;w, szablon&oacute;w i&nbsp;definicji na potrzeby identyfikowania i&nbsp;przekazywania informacji przez organy ds. restrukturyzacji i&nbsp;uporz\u0105dkowanej likwidacji w&nbsp;celu informowania Europejskiego Urz\u0119du Nadzoru Bankowego o&nbsp;minimalnym wymogu w&nbsp;zakresie funduszy w\u0142asnych i&nbsp;zobowi\u0105za\u0144 kwalifikowalnych (Tekst maj\u0105cy znaczenie dla EOG.)<br \/>Rozporz\u0105dzenie Parlamentu Europejskiego i&nbsp;Rady (UE) 2018\/302 z&nbsp;dnia 28 lutego 2018 r. w&nbsp;sprawie nieuzasadnionego blokowania geograficznego oraz innych form dyskryminacji klient&oacute;w ze wzgl\u0119du na przynale\u017cno\u015b\u0107 pa\u0144stwow\u0105, miejsce zamieszkania lub miejsce prowadzenia dzia\u0142alno\u015bci na rynku wewn\u0119trznym oraz w&nbsp;sprawie zmiany rozporz\u0105dze\u0144 (WE) nr 2006\/2004 oraz (UE) 2017\/2394 i&nbsp;dyrektywy 2009\/22\/WE (Tekst maj\u0105cy znaczenie dla EOG.)<br \/>Rozporz\u0105dzenie wykonawcze Komisji (UE) 2018\/309 z&nbsp;dnia 1 marca 2018 r. w&nbsp;sprawie nieodnowienia zatwierdzenia substancji czynnej propineb, zgodnie z&nbsp;rozporz\u0105dzeniem Parlamentu Europejskiego i&nbsp;Rady (WE) nr 1107\/2009 dotycz\u0105cym wprowadzania do obrotu \u015brodk&oacute;w ochrony ro\u015blin, oraz w&nbsp;sprawie zmiany za\u0142\u0105cznika do rozporz\u0105dzenia wykonawczego Komisji (UE) nr 540\/2011 (Tekst maj\u0105cy znaczenie dla EOG.)<br \/>Rozporz\u0105dzenie Europejskiego Banku Centralnego (UE) 2018\/318 z&nbsp;dnia 22 lutego 2018 r. zmieniaj\u0105ce rozporz\u0105dzenie (UE) nr 1011\/2012 w&nbsp;sprawie statystyki inwestycji w&nbsp;papiery warto\u015bciowe (EBC\/2018\/7)<br \/>Rozporz\u0105dzenie delegowane Komisji (UE) 2018\/344 z&nbsp;dnia 14 listopada 2017 r. uzupe\u0142niaj\u0105ce dyrektyw\u0119 Parlamentu Europejskiego i&nbsp;Rady 2014\/59\/UE w&nbsp;odniesieniu do regulacyjnych standard&oacute;w technicznych okre\u015blaj\u0105cych kryteria dotycz\u0105ce metody wyceny r&oacute;\u017cnicy w&nbsp;traktowaniu w&nbsp;przypadku restrukturyzacji i&nbsp;uporz\u0105dkowanej likwidacji (Tekst maj\u0105cy znaczenie dla EOG.)<br \/>Rozporz\u0105dzenie delegowane Komisji (UE) 2018\/345 z&nbsp;dnia 14 listopada 2017 r. uzupe\u0142niaj\u0105ce dyrektyw\u0119 Parlamentu Europejskiego i&nbsp;Rady 2014\/59\/UE w&nbsp;odniesieniu do regulacyjnych standard&oacute;w technicznych okre\u015blaj\u0105cych kryteria dotycz\u0105ce metodyki oceny warto\u015bci aktyw&oacute;w i&nbsp;zobowi\u0105za\u0144 instytucji lub podmiot&oacute;w (Tekst maj\u0105cy znaczenie dla EOG.)<br \/>Rozporz\u0105dzenie Komisji (UE) 2018\/336 z&nbsp;dnia 8 marca 2018 r. zmieniaj\u0105ce rozporz\u0105dzenie (WE) nr 748\/2009 w&nbsp;sprawie wykazu operator&oacute;w statk&oacute;w powietrznych, kt&oacute;rzy wykonywali dzia\u0142alno\u015b\u0107 lotnicz\u0105 wymienion\u0105 w&nbsp;za\u0142\u0105czniku I&nbsp;do dyrektywy 2003\/87\/WE, poczynaj\u0105c od dnia 1 stycznia 2006 r., ze wskazaniem administruj\u0105cego pa\u0144stwa cz\u0142onkowskiego dla ka\u017cdego operatora statk&oacute;w powietrznych Tekst maj\u0105cy znaczenie dla EOG.<br \/>Sprostowanie do rozporz\u0105dzenia delegowanego Komisji (UE) 2017\/1259 z&nbsp;dnia 19 czerwca 2017 r. zast\u0119puj\u0105cego za\u0142\u0105czniki I, II, III i&nbsp;IV do rozporz\u0105dzenia (WE) nr 861\/2007 Parlamentu Europejskiego i&nbsp;Rady ustanawiaj\u0105cego europejskie post\u0119powanie w&nbsp;sprawie drobnych roszcze\u0144 (Dz.U. L 182 z&nbsp;13.7.2017)<br \/>Rozporz\u0105dzenie delegowane Komisji (UE) 2018\/389 z&nbsp;dnia 27 listopada 2017 r. uzupe\u0142niaj\u0105ce dyrektyw\u0119 Parlamentu Europejskiego i&nbsp;Rady (UE) 2015\/2366 w&nbsp;odniesieniu do regulacyjnych standard&oacute;w technicznych dotycz\u0105cych silnego uwierzytelniania klienta i&nbsp;wsp&oacute;lnych i&nbsp;bezpiecznych otwartych standard&oacute;w komunikacji (Tekst maj\u0105cy znaczenie dla EOG.)<br \/>Rozporz\u0105dzenie Komisji (UE) 2018\/400 z&nbsp;dnia 14 marca 2018 r. zmieniaj\u0105ce rozporz\u0105dzenie (WE) nr 1126\/2008 przyjmuj\u0105ce okre\u015blone mi\u0119dzynarodowe standardy rachunkowo\u015bci zgodnie z&nbsp;rozporz\u0105dzeniem (WE) nr 1606\/2002 Parlamentu Europejskiego i&nbsp;Rady w&nbsp;odniesieniu do Mi\u0119dzynarodowego Standardu Rachunkowo\u015bci (MSR) 40 (Tekst maj\u0105cy znaczenie dla EOG.)<br \/>Rozporz\u0105dzenie Komisji (UE) 2018\/401 z&nbsp;dnia 14 marca 2018 r. zmieniaj\u0105ce rozporz\u0105dzenie (UE) nr 139\/2014 w&nbsp;odniesieniu do klasyfikacji dr&oacute;g startowych<br \/>Rozporz\u0105dzenie wykonawcze Komisji (UE) 2018\/396 z&nbsp;dnia 13 marca 2018 r. zmieniaj\u0105ce za\u0142\u0105cznik I&nbsp;do rozporz\u0105dzenia Rady (EWG) nr 2658\/87 w&nbsp;sprawie nomenklatury taryfowej i&nbsp;statystycznej oraz w&nbsp;sprawie Wsp&oacute;lnej Taryfy Celnej<br \/>Rozporz\u0105dzenie delegowane Komisji (UE) 2018\/405 z&nbsp;dnia 21 listopada 2017 r. w&nbsp;sprawie sprostowania niekt&oacute;rych wersji j\u0119zykowych rozporz\u0105dzenia Parlamentu Europejskiego i&nbsp;Rady (UE) nr 575\/2013 w&nbsp;sprawie wymog&oacute;w ostro\u017cno\u015bciowych dla instytucji kredytowych i&nbsp;firm inwestycyjnych, zmieniaj\u0105cego rozporz\u0105dzenie (UE) nr 648\/2012 (Tekst maj\u0105cy znaczenie dla EOG.)<br \/>Rozporz\u0105dzenie wykonawcze Komisji (UE) 2018\/408 z&nbsp;dnia 15 marca 2018 r. zmieniaj\u0105ce rozporz\u0105dzenie wykonawcze (UE) 2017\/1758 ustanawiaj\u0105ce form\u0119 i&nbsp;tre\u015b\u0107 informacji rachunkowych, kt&oacute;re nale\u017cy przed\u0142o\u017cy\u0107 Komisji do cel&oacute;w rozliczenia rachunk&oacute;w EFRG i&nbsp;EFRROW, jak r&oacute;wnie\u017c w&nbsp;celu monitorowania i&nbsp;prognozowania<\/p>\n<p><strong>ZARZ\u0104DZENIA PREZESA NARODOWEGO FUNDUSZU ZDROWIA<\/strong><br \/>Zarz\u0105dzenie Nr 17\/2018\/DSS Prezesa Narodowego Funduszu Zdrowia z&nbsp;dnia 1 marca 2018 r. w&nbsp;sprawie przyjmowania i&nbsp;rozpatrywania petycji w&nbsp;Narodowym Funduszu Zdrowia &#8211; wchodzi w&nbsp;\u017cycie z&nbsp;dniem nast\u0119puj\u0105cym po dniu podpisania.<br \/>Zarz\u0105dzenie Nr 21\/2018\/DSOZ Prezesa Narodowego Funduszu Zdrowia z&nbsp;dnia 12 marca 2018 r. zmieniaj\u0105ce zarz\u0105dzenie w&nbsp;sprawie wniosk&oacute;w o&nbsp;indywidualne rozliczenie \u015bwiadcze\u0144 i&nbsp;Bazy Rozlicze\u0144 Indywidualnych &#8211; wchodzi w&nbsp;\u017cycie z&nbsp;dniem 20 marca 2018 r.<br \/>Zarz\u0105dzenie Nr 22\/2018\/DSOZ Prezesa Narodowego Funduszu Zdrowia z&nbsp;dnia 14 marca 2018 r. w&nbsp;sprawie okre\u015blenia warunk&oacute;w zawierania i&nbsp;realizacji um&oacute;w o&nbsp;udzielanie \u015bwiadcze\u0144 opieki zdrowotnej w&nbsp;rodzaju: ambulatoryjna opieka specjalistyczna &#8211; wchodzi w&nbsp;\u017cycie z&nbsp;dniem nast\u0119puj\u0105cym po dniu podpisania.<\/p>\n<p><strong>_____Orzecznictwo<br \/><\/strong><br \/><strong>Trybuna\u0142 Konstytucyjny<\/strong><\/p>\n<p><strong>SPRAWY O&nbsp;\u015aWIADCZENIA PIENI\u0118\u017bNE Z&nbsp;UBEZPIECZENIA SPO\u0141ECZNEGO I&nbsp;ZAOPATRZENIA EMERYTALNEGO &#8211; OP\u0141ATY ZA CZYNNO\u015aCI ADWOKACKIE<\/strong> <br \/>Trybuna\u0142 Konstytucyjny stwierdzi\u0142, \u017ce wyb&oacute;r metody ustalania stawki minimalnej wynagrodzenia dla pe\u0142nomocnika prawnego (tak z&nbsp;wyboru, jak i&nbsp;z urz\u0119du) nale\u017cy do normodawcy, kt&oacute;ry w&nbsp;tym zakresie &ndash; w&nbsp;granicach porz\u0105dku konstytucyjnego &ndash; korzysta ze znacznej swobody regulacyjnej. Przyj\u0119cie &bdquo;sztywnej&rdquo; stawki kwotowej albo stawki proporcjonalnej do warto\u015bci przedmiotu sporu lub zaskar\u017cenia samo w&nbsp;sobie, nie przes\u0105dza jeszcze rezultatu testu konstytucyjno\u015bci, poniewa\u017c decyduj\u0105ce znaczenie ma nie ustalona stawka wynagrodzenia (przek\u0142adaj\u0105ca si\u0119 na kwot\u0119 zas\u0105dzan\u0105 tytu\u0142em zwrotu koszt&oacute;w post\u0119powania), ale wp\u0142yw ca\u0142ego &bdquo;unormowania kosztowego&rdquo; na prawa i&nbsp;wolno\u015bci gwarantowane ustaw\u0105 zasadnicz\u0105 &ndash; Wyrok Trybuna\u0142u Konstytucyjnego z&nbsp;dnia 27 lutego 2018 r., sygn. akt SK 25\/15.<\/p>\n<p><strong>PRAWO OCHRONY \u015aRODOWISKA<\/strong> <br \/>Trybuna\u0142 Konstytucyjny uzna\u0142, \u017ce art. 129 ust. 4 p.o.\u015b. nie stanowi najmniej dolegliwego \u015brodka. Osi\u0105gni\u0119cie celu w&nbsp;postaci przewidywalno\u015bci bud\u017cetowej mog\u0142oby nast\u0105pi\u0107 tak\u017ce przy zakre\u015bleniu w&nbsp;ustawie d\u0142u\u017cszego terminu zawitego, daj\u0105cego uprawnionym realn\u0105 mo\u017cliwo\u015b\u0107 dochodzenia roszcze\u0144. Mo\u017cna by\u0142o tak\u017ce wykorzysta\u0107 inne \u015brodki ograniczenia czasowego dochodzenia przez uprawnionych roszcze\u0144 odszkodowawczych albo roszcze\u0144 o&nbsp;wykup nieruchomo\u015bci. W&nbsp;szczeg&oacute;lno\u015bci w&nbsp;rachub\u0119 wchodzi\u0142a prekluzja, ale o&nbsp;d\u0142u\u017cszym terminie, albo nawet prekluzja o&nbsp;kr&oacute;tkim terminie, ale z&nbsp;jednoczesnym wprowadzeniem obowi\u0105zku informacyjnego co do ogranicze\u0144 w\u0142asno\u015bci lub innych praw maj\u0105tkowych, d\u0142ugo\u015bci i&nbsp;sposobu liczenia terminu zawitego oraz wynikaj\u0105cych z&nbsp;jego up\u0142ywu skutk&oacute;w prawnych. Obowi\u0105zek ten powinien polega\u0107 na realnym i&nbsp;efektywnym dostarczaniu podmiotom zainteresowanym informacji, umo\u017cliwiaj\u0105cych im podj\u0119cie stosownych dzia\u0142a\u0144 w&nbsp;celu ochrony swoich interes&oacute;w. Je\u017celi zatem prawodawca chcia\u0142by w&nbsp;analizowanym wypadku chroni\u0107 warto\u015b\u0107 przewidywalno\u015bci bud\u017cetowej za pomoc\u0105 instytucji dawno\u015bci, bez zasadniczej zmiany rozwi\u0105zania normatywnego, powinien to uczyni\u0107 przyznaj\u0105c d\u0142u\u017cszy termin prekluzji. D\u0142ugo\u015b\u0107 tego terminu powinna by\u0107 okre\u015blona z&nbsp;uwzgl\u0119dnieniem zas\u0142uguj\u0105cego na ochron\u0119 interesu publicznego oraz prywatnego os&oacute;b uprawnionych. Rzecznik trafnie tak\u017ce wskazywa\u0142 na funkcjonuj\u0105ce w&nbsp;systemie prawnym d\u0142u\u017csze terminy zawite w&nbsp;r&oacute;\u017cnych dzia\u0142ach prawa. Ich \u015brednia d\u0142ugo\u015b\u0107 mo\u017ce s\u0142u\u017cy\u0107 za swoisty standard, do kt&oacute;rego m&oacute;g\u0142by odwo\u0142a\u0107 si\u0119 prawodawca, projektuj\u0105c zmian\u0119 art. 129 ust. 4 p.o.\u015b. w&nbsp;analizowanym zakresie &ndash; Wyrok Trybuna\u0142u Konstytucyjnego z&nbsp;dnia 7 marca 2018 r., sygn. akt K 2\/17.<\/p>\n<p><strong>PRAWO BUDOWLANE &#8211; OGRANICZENIA ZAKRESU UPRAWNIE\u0143 BUDOWLANYCH<\/strong> <br \/>Trybuna\u0142 Konstytucyjny podkre\u015bli\u0142, \u017ce brak w&nbsp;ustawie jakichkolwiek przepis&oacute;w reguluj\u0105cych zakres uprawnie\u0144 budowlanych i&nbsp;ewentualnych jego ogranicze\u0144 czyni niedopuszczalnym delegowanie tej materii do unormowania w&nbsp;akcie rangi podustawowej. Narusza zasad\u0119 wy\u0142\u0105czno\u015bci ustawy podczas ustanawiania ogranicze\u0144 w&nbsp;zakresie korzystania z&nbsp;konstytucyjnej wolno\u015bci wykonywania zawodu, przez co czyni art. 16 pkt 3 prawa budowlanego niezgodnym z&nbsp;art. 65 ust. 1 w&nbsp;zwi\u0105zku z&nbsp;art. 31 ust. 3 Konstytucji. Specjalno\u015bci, w&nbsp;kt&oacute;rych udzielane s\u0105 uprawnienia budowlane, zosta\u0142y uregulowane w&nbsp;art. 14 prawa budowlanego. W\u015br&oacute;d nich wymieniona zosta\u0142a specjalno\u015b\u0107 in\u017cynieryjna kolejowa (art. 14 ust. 1 pkt 3 lit. c). Spos&oacute;b redakcji art. 14 ust. 1 prawa budowlanego wskazuje, \u017ce w&nbsp;zakresie okre\u015blonych w&nbsp;nim specjalno\u015bci stanowi katalog zamkni\u0119ty. Jedynie w&nbsp;ramach tych specjalno\u015bci mog\u0105 by\u0107 wyodr\u0119bniane specjalizacje techniczno-budowlane. Trybuna\u0142 stwierdzi\u0142, \u017ce w&nbsp;badanych przepisach rozporz\u0105dzenia normodawca wprowadzi\u0142 zatem nowe, niewskazanych w&nbsp;ustawie rodzaje specjalno\u015bci. Konsekwencj\u0105 ich wprowadzenia by\u0142o tak\u017ce okre\u015blenie w&nbsp;za\u0142\u0105czniku nr 2 pod l.p. 7 i&nbsp;8 wykazu kierunk&oacute;w studi&oacute;w wy\u017cszych odpowiednich i&nbsp;pokrewnych dla danej specjalno\u015bci oraz w&nbsp;za\u0142\u0105czniku nr 3 pod l.p. 5 i&nbsp;6 wykazu zawod&oacute;w zwi\u0105zanych z&nbsp;budownictwem w&nbsp;ramach tych specjalno\u015bci, co zdaniem Trybuna\u0142u, pozostaje w&nbsp;sprzeczno\u015bci z&nbsp;art. 14 ust. 1 pkt 3 lit. c prawa budowlanego. W&nbsp;ocenie Trybuna\u0142u, wykonawczy charakter rozporz\u0105dze\u0144 i&nbsp;ich \u015bcis\u0142y zwi\u0105zek z&nbsp;ustaw\u0105, na podstawie kt&oacute;rej s\u0105 wydawane, wyklucza samoistne regulowanie w&nbsp;akcie rangi podustawowej materii nieunormowanej w&nbsp;ustawie. Rozporz\u0105dzenie, kt&oacute;re samodzielnie kreuje przedmiot regulacji, traci zwi\u0105zek z&nbsp;ustaw\u0105 &ndash; Wyrok Trybuna\u0142u Konstytucyjnego z&nbsp;dnia 17 lutego 2018 r., sygn. akt K 39\/15.<\/p>\n<p><strong>S\u0105d Najwy\u017cszy<br \/><\/strong><br \/><strong>WA\u017bNO\u015a\u0106 UMOWY MA\u0141\u017bONK&Oacute;W O&nbsp;CZ\u0118\u015aCIOWYM PODZIALE MAJ\u0104TKU WSP&Oacute;LNEGO, ZAWARTEJ PRZED USTANOWIENIEM PRZEZ S\u0104D ROZDZIELNO\u015aCI MAJ\u0104TKOWEJ<\/strong><br \/>W sprawie o&nbsp;podzia\u0142 maj\u0105tku wsp&oacute;lnego po ustaniu wsp&oacute;lno\u015bci maj\u0105tkowej mi\u0119dzy ma\u0142\u017conkami sk\u0142ad maj\u0105tku wsp&oacute;lnego ustala si\u0119 wed\u0142ug chwili ustania wsp&oacute;lno\u015bci maj\u0105tkowej, a&nbsp;jego warto\u015b\u0107 wed\u0142ug stanu tego maj\u0105tku oraz cen w&nbsp;chwili dokonywania podzia\u0142u. Umowa ma\u0142\u017conk&oacute;w o&nbsp;cz\u0119\u015bciowym podziale maj\u0105tku wsp&oacute;lnego, zawarta przed ustanowieniem przez s\u0105d rozdzielno\u015bci maj\u0105tkowej z&nbsp;dniem poprzedzaj\u0105cym zawarcie tej umowy (art. 52 &sect; 2 k.r.o.), jest wa\u017cna. &ndash; Uchwa\u0142a S\u0105du Najwy\u017cszego z&nbsp;dnia 23 lutego 2018 r., sygn. akt III CZP 103\/17.<\/p>\n<p><strong>PRZYWR&Oacute;CENIE DO PRACY I&nbsp;\u0141\u0104CZNIE Z&nbsp;NIM DOCHODZONE WYNAGRODZENIE ZA CZAS POZOSTAWANIA BEZ PRACY<\/strong><br \/>W sprawie o&nbsp;przywr&oacute;cenie do pracy i&nbsp;\u0142\u0105cznie z&nbsp;nim dochodzone wynagrodzenie za czas pozostawania bez pracy stronie reprezentowanej w&nbsp;post\u0119powaniu apelacyjnym przez radc\u0119 prawnego ustanowionego z&nbsp;wyboru nale\u017cne s\u0105 koszty zast\u0119pstwa procesowego, kt&oacute;re obejmuj\u0105 zar&oacute;wno stawk\u0119 minimaln\u0105 za prowadzenie sprawy o&nbsp;przywr&oacute;cenie do pracy (&sect; 9 ust. 1 pkt 1 w&nbsp;zwi\u0105zku z&nbsp;&sect; 10 ust. 1 pkt 1 rozporz\u0105dzenia Ministra Sprawiedliwo\u015bci z&nbsp;dnia 22 pa\u017adziernika 2015 r. w&nbsp;sprawie op\u0142at za czynno\u015bci radc&oacute;w prawnych; jednolity tekst: Dz. U. z&nbsp;2018 r., poz. 265), jak i&nbsp;stawk\u0119 minimaln\u0105 za prowadzenie sprawy o&nbsp;wynagrodzenie za prac\u0119 (&sect; 9 ust. 1 pkt 2 w&nbsp;zwi\u0105zku z&nbsp;&sect; 10 ust. 1 pkt 1 tego rozporz\u0105dzenia) &ndash; Uchwa\u0142a S\u0105du Najwy\u017cszego z&nbsp;dnia 7 marca 2018 r., sygn. akt III PZP 5\/17.<\/p>\n","protected":false},"excerpt":{"rendered":"<p>We would like to present the next issue of legal bulletin of the Law Office of Adam Polowiec.What you will find here is some information about the new provisions of law and the projects of amendments to acts, but also case-laws including the case laws of Supreme Court, Constitutional Tribunal and European Court of Justice.<\/p>\n","protected":false},"author":4,"featured_media":0,"comment_status":"closed","ping_status":"open","sticky":false,"template":"","format":"standard","meta":{"footnotes":""},"categories":[2],"tags":[],"class_list":["post-841","post","type-post","status-publish","format-standard","hentry","category-wpisy"],"featured_image_src":{"landsacpe":false,"list":false,"medium":false,"full":false},"yoast_head":"<!-- This site is optimized with the Yoast SEO plugin v27.2 - https:\/\/yoast.com\/product\/yoast-seo-wordpress\/ -->\n<title>Legal Bulletin Of The Law Office Of Adam Polowiec (5 March 2018 \u2013 18 March 2018) - Polowiec i Wsp\u00f3lnicy - Kancelaria prawna<\/title>\n<meta name=\"robots\" content=\"index, follow, max-snippet:-1, max-image-preview:large, max-video-preview:-1\" \/>\n<link rel=\"canonical\" href=\"https:\/\/polowiec.pl\/en\/legal-bulletin-of-the-law-office-of-adam-polowiec-5-march-2018-18-march-2018\/\" \/>\n<meta property=\"og:locale\" content=\"en_US\" \/>\n<meta property=\"og:type\" content=\"article\" \/>\n<meta property=\"og:title\" content=\"Legal Bulletin Of The Law Office Of Adam Polowiec (5 March 2018 \u2013 18 March 2018) - Polowiec i Wsp\u00f3lnicy - Kancelaria prawna\" \/>\n<meta property=\"og:description\" content=\"We would like to present the next issue of legal bulletin of the Law Office of Adam Polowiec.What you will find here is some information about the new provisions of law and the projects of amendments to acts, but also case-laws including the case laws of Supreme Court, Constitutional Tribunal and European Court of Justice.\" \/>\n<meta property=\"og:url\" content=\"https:\/\/polowiec.pl\/en\/legal-bulletin-of-the-law-office-of-adam-polowiec-5-march-2018-18-march-2018\/\" \/>\n<meta property=\"og:site_name\" content=\"Polowiec i Wsp\u00f3lnicy - Kancelaria prawna\" \/>\n<meta property=\"article:publisher\" content=\"https:\/\/www.facebook.com\/polowieciwspolnicy\/\" \/>\n<meta property=\"article:published_time\" content=\"2018-03-20T09:31:04+00:00\" \/>\n<meta property=\"article:modified_time\" content=\"2019-04-18T16:18:56+00:00\" \/>\n<meta name=\"author\" content=\"Monika\" \/>\n<meta name=\"twitter:card\" content=\"summary_large_image\" \/>\n<meta name=\"twitter:label1\" content=\"Written by\" \/>\n\t<meta name=\"twitter:data1\" content=\"Monika\" \/>\n\t<meta name=\"twitter:label2\" content=\"Est. reading time\" \/>\n\t<meta name=\"twitter:data2\" content=\"16 minutes\" \/>\n<script type=\"application\/ld+json\" class=\"yoast-schema-graph\">{\"@context\":\"https:\/\/schema.org\",\"@graph\":[{\"@type\":\"Article\",\"@id\":\"https:\/\/polowiec.pl\/en\/legal-bulletin-of-the-law-office-of-adam-polowiec-5-march-2018-18-march-2018\/#article\",\"isPartOf\":{\"@id\":\"https:\/\/polowiec.pl\/en\/legal-bulletin-of-the-law-office-of-adam-polowiec-5-march-2018-18-march-2018\/\"},\"author\":{\"name\":\"Monika\",\"@id\":\"https:\/\/polowiec.pl\/en\/#\/schema\/person\/6178ac96ba1d4d590993734f8a0a6539\"},\"headline\":\"Legal Bulletin Of The Law Office Of Adam Polowiec (5 March 2018 \u2013 18 March 2018)\",\"datePublished\":\"2018-03-20T09:31:04+00:00\",\"dateModified\":\"2019-04-18T16:18:56+00:00\",\"mainEntityOfPage\":{\"@id\":\"https:\/\/polowiec.pl\/en\/legal-bulletin-of-the-law-office-of-adam-polowiec-5-march-2018-18-march-2018\/\"},\"wordCount\":3175,\"publisher\":{\"@id\":\"https:\/\/polowiec.pl\/en\/#organization\"},\"articleSection\":[\"Wpisy\"],\"inLanguage\":\"en-US\"},{\"@type\":\"WebPage\",\"@id\":\"https:\/\/polowiec.pl\/en\/legal-bulletin-of-the-law-office-of-adam-polowiec-5-march-2018-18-march-2018\/\",\"url\":\"https:\/\/polowiec.pl\/en\/legal-bulletin-of-the-law-office-of-adam-polowiec-5-march-2018-18-march-2018\/\",\"name\":\"Legal Bulletin Of The Law Office Of Adam Polowiec (5 March 2018 \u2013 18 March 2018) - Polowiec i Wsp\u00f3lnicy - Kancelaria prawna\",\"isPartOf\":{\"@id\":\"https:\/\/polowiec.pl\/en\/#website\"},\"datePublished\":\"2018-03-20T09:31:04+00:00\",\"dateModified\":\"2019-04-18T16:18:56+00:00\",\"breadcrumb\":{\"@id\":\"https:\/\/polowiec.pl\/en\/legal-bulletin-of-the-law-office-of-adam-polowiec-5-march-2018-18-march-2018\/#breadcrumb\"},\"inLanguage\":\"en-US\",\"potentialAction\":[{\"@type\":\"ReadAction\",\"target\":[\"https:\/\/polowiec.pl\/en\/legal-bulletin-of-the-law-office-of-adam-polowiec-5-march-2018-18-march-2018\/\"]}]},{\"@type\":\"BreadcrumbList\",\"@id\":\"https:\/\/polowiec.pl\/en\/legal-bulletin-of-the-law-office-of-adam-polowiec-5-march-2018-18-march-2018\/#breadcrumb\",\"itemListElement\":[{\"@type\":\"ListItem\",\"position\":1,\"name\":\"Strona g\u0142\u00f3wna\",\"item\":\"https:\/\/polowiec.pl\/en\/\"},{\"@type\":\"ListItem\",\"position\":2,\"name\":\"Legal Bulletin Of The Law Office Of Adam Polowiec (5 March 2018 \u2013 18 March 2018)\"}]},{\"@type\":\"WebSite\",\"@id\":\"https:\/\/polowiec.pl\/en\/#website\",\"url\":\"https:\/\/polowiec.pl\/en\/\",\"name\":\"Polowiec i Wsp\u00f3lnicy - Kancelaria prawna\",\"description\":\"Obs\u0142uga prawna\",\"publisher\":{\"@id\":\"https:\/\/polowiec.pl\/en\/#organization\"},\"potentialAction\":[{\"@type\":\"SearchAction\",\"target\":{\"@type\":\"EntryPoint\",\"urlTemplate\":\"https:\/\/polowiec.pl\/en\/?s={search_term_string}\"},\"query-input\":{\"@type\":\"PropertyValueSpecification\",\"valueRequired\":true,\"valueName\":\"search_term_string\"}}],\"inLanguage\":\"en-US\"},{\"@type\":\"Organization\",\"@id\":\"https:\/\/polowiec.pl\/en\/#organization\",\"name\":\"Polowiec i Wsp\u00f3lnicy - Kancelaria prawna\",\"url\":\"https:\/\/polowiec.pl\/en\/\",\"logo\":{\"@type\":\"ImageObject\",\"inLanguage\":\"en-US\",\"@id\":\"https:\/\/polowiec.pl\/en\/#\/schema\/logo\/image\/\",\"url\":\"https:\/\/polowiec.pl\/wp-content\/uploads\/2018\/10\/polowiec_logo2-1.png\",\"contentUrl\":\"https:\/\/polowiec.pl\/wp-content\/uploads\/2018\/10\/polowiec_logo2-1.png\",\"width\":540,\"height\":381,\"caption\":\"Polowiec i Wsp\u00f3lnicy - Kancelaria prawna\"},\"image\":{\"@id\":\"https:\/\/polowiec.pl\/en\/#\/schema\/logo\/image\/\"},\"sameAs\":[\"https:\/\/www.facebook.com\/polowieciwspolnicy\/\",\"https:\/\/www.linkedin.com\/company\/polowiec-i-wsplnicy-sp.j.\/about\/\"]},{\"@type\":\"Person\",\"@id\":\"https:\/\/polowiec.pl\/en\/#\/schema\/person\/6178ac96ba1d4d590993734f8a0a6539\",\"name\":\"Monika\",\"image\":{\"@type\":\"ImageObject\",\"inLanguage\":\"en-US\",\"@id\":\"https:\/\/secure.gravatar.com\/avatar\/525d12775156493d0259a4384e9f7b0a0e6cc1c583cc1d0ae144bd6ca07140ea?s=96&d=mm&r=g\",\"url\":\"https:\/\/secure.gravatar.com\/avatar\/525d12775156493d0259a4384e9f7b0a0e6cc1c583cc1d0ae144bd6ca07140ea?s=96&d=mm&r=g\",\"contentUrl\":\"https:\/\/secure.gravatar.com\/avatar\/525d12775156493d0259a4384e9f7b0a0e6cc1c583cc1d0ae144bd6ca07140ea?s=96&d=mm&r=g\",\"caption\":\"Monika\"}}]}<\/script>\n<!-- \/ Yoast SEO plugin. -->","yoast_head_json":{"title":"Legal Bulletin Of The Law Office Of Adam Polowiec (5 March 2018 \u2013 18 March 2018) - Polowiec i Wsp\u00f3lnicy - Kancelaria prawna","robots":{"index":"index","follow":"follow","max-snippet":"max-snippet:-1","max-image-preview":"max-image-preview:large","max-video-preview":"max-video-preview:-1"},"canonical":"https:\/\/polowiec.pl\/en\/legal-bulletin-of-the-law-office-of-adam-polowiec-5-march-2018-18-march-2018\/","og_locale":"en_US","og_type":"article","og_title":"Legal Bulletin Of The Law Office Of Adam Polowiec (5 March 2018 \u2013 18 March 2018) - Polowiec i Wsp\u00f3lnicy - Kancelaria prawna","og_description":"We would like to present the next issue of legal bulletin of the Law Office of Adam Polowiec.What you will find here is some information about the new provisions of law and the projects of amendments to acts, but also case-laws including the case laws of Supreme Court, Constitutional Tribunal and European Court of Justice.","og_url":"https:\/\/polowiec.pl\/en\/legal-bulletin-of-the-law-office-of-adam-polowiec-5-march-2018-18-march-2018\/","og_site_name":"Polowiec i Wsp\u00f3lnicy - Kancelaria prawna","article_publisher":"https:\/\/www.facebook.com\/polowieciwspolnicy\/","article_published_time":"2018-03-20T09:31:04+00:00","article_modified_time":"2019-04-18T16:18:56+00:00","author":"Monika","twitter_card":"summary_large_image","twitter_misc":{"Written by":"Monika","Est. reading time":"16 minutes"},"schema":{"@context":"https:\/\/schema.org","@graph":[{"@type":"Article","@id":"https:\/\/polowiec.pl\/en\/legal-bulletin-of-the-law-office-of-adam-polowiec-5-march-2018-18-march-2018\/#article","isPartOf":{"@id":"https:\/\/polowiec.pl\/en\/legal-bulletin-of-the-law-office-of-adam-polowiec-5-march-2018-18-march-2018\/"},"author":{"name":"Monika","@id":"https:\/\/polowiec.pl\/en\/#\/schema\/person\/6178ac96ba1d4d590993734f8a0a6539"},"headline":"Legal Bulletin Of The Law Office Of Adam Polowiec (5 March 2018 \u2013 18 March 2018)","datePublished":"2018-03-20T09:31:04+00:00","dateModified":"2019-04-18T16:18:56+00:00","mainEntityOfPage":{"@id":"https:\/\/polowiec.pl\/en\/legal-bulletin-of-the-law-office-of-adam-polowiec-5-march-2018-18-march-2018\/"},"wordCount":3175,"publisher":{"@id":"https:\/\/polowiec.pl\/en\/#organization"},"articleSection":["Wpisy"],"inLanguage":"en-US"},{"@type":"WebPage","@id":"https:\/\/polowiec.pl\/en\/legal-bulletin-of-the-law-office-of-adam-polowiec-5-march-2018-18-march-2018\/","url":"https:\/\/polowiec.pl\/en\/legal-bulletin-of-the-law-office-of-adam-polowiec-5-march-2018-18-march-2018\/","name":"Legal Bulletin Of The Law Office Of Adam Polowiec (5 March 2018 \u2013 18 March 2018) - Polowiec i Wsp\u00f3lnicy - Kancelaria prawna","isPartOf":{"@id":"https:\/\/polowiec.pl\/en\/#website"},"datePublished":"2018-03-20T09:31:04+00:00","dateModified":"2019-04-18T16:18:56+00:00","breadcrumb":{"@id":"https:\/\/polowiec.pl\/en\/legal-bulletin-of-the-law-office-of-adam-polowiec-5-march-2018-18-march-2018\/#breadcrumb"},"inLanguage":"en-US","potentialAction":[{"@type":"ReadAction","target":["https:\/\/polowiec.pl\/en\/legal-bulletin-of-the-law-office-of-adam-polowiec-5-march-2018-18-march-2018\/"]}]},{"@type":"BreadcrumbList","@id":"https:\/\/polowiec.pl\/en\/legal-bulletin-of-the-law-office-of-adam-polowiec-5-march-2018-18-march-2018\/#breadcrumb","itemListElement":[{"@type":"ListItem","position":1,"name":"Strona g\u0142\u00f3wna","item":"https:\/\/polowiec.pl\/en\/"},{"@type":"ListItem","position":2,"name":"Legal Bulletin Of The Law Office Of Adam Polowiec (5 March 2018 \u2013 18 March 2018)"}]},{"@type":"WebSite","@id":"https:\/\/polowiec.pl\/en\/#website","url":"https:\/\/polowiec.pl\/en\/","name":"Polowiec i Wsp\u00f3lnicy - Kancelaria prawna","description":"Obs\u0142uga prawna","publisher":{"@id":"https:\/\/polowiec.pl\/en\/#organization"},"potentialAction":[{"@type":"SearchAction","target":{"@type":"EntryPoint","urlTemplate":"https:\/\/polowiec.pl\/en\/?s={search_term_string}"},"query-input":{"@type":"PropertyValueSpecification","valueRequired":true,"valueName":"search_term_string"}}],"inLanguage":"en-US"},{"@type":"Organization","@id":"https:\/\/polowiec.pl\/en\/#organization","name":"Polowiec i Wsp\u00f3lnicy - Kancelaria prawna","url":"https:\/\/polowiec.pl\/en\/","logo":{"@type":"ImageObject","inLanguage":"en-US","@id":"https:\/\/polowiec.pl\/en\/#\/schema\/logo\/image\/","url":"https:\/\/polowiec.pl\/wp-content\/uploads\/2018\/10\/polowiec_logo2-1.png","contentUrl":"https:\/\/polowiec.pl\/wp-content\/uploads\/2018\/10\/polowiec_logo2-1.png","width":540,"height":381,"caption":"Polowiec i Wsp\u00f3lnicy - Kancelaria prawna"},"image":{"@id":"https:\/\/polowiec.pl\/en\/#\/schema\/logo\/image\/"},"sameAs":["https:\/\/www.facebook.com\/polowieciwspolnicy\/","https:\/\/www.linkedin.com\/company\/polowiec-i-wsplnicy-sp.j.\/about\/"]},{"@type":"Person","@id":"https:\/\/polowiec.pl\/en\/#\/schema\/person\/6178ac96ba1d4d590993734f8a0a6539","name":"Monika","image":{"@type":"ImageObject","inLanguage":"en-US","@id":"https:\/\/secure.gravatar.com\/avatar\/525d12775156493d0259a4384e9f7b0a0e6cc1c583cc1d0ae144bd6ca07140ea?s=96&d=mm&r=g","url":"https:\/\/secure.gravatar.com\/avatar\/525d12775156493d0259a4384e9f7b0a0e6cc1c583cc1d0ae144bd6ca07140ea?s=96&d=mm&r=g","contentUrl":"https:\/\/secure.gravatar.com\/avatar\/525d12775156493d0259a4384e9f7b0a0e6cc1c583cc1d0ae144bd6ca07140ea?s=96&d=mm&r=g","caption":"Monika"}}]}},"_links":{"self":[{"href":"https:\/\/polowiec.pl\/en\/wp-json\/wp\/v2\/posts\/841","targetHints":{"allow":["GET"]}}],"collection":[{"href":"https:\/\/polowiec.pl\/en\/wp-json\/wp\/v2\/posts"}],"about":[{"href":"https:\/\/polowiec.pl\/en\/wp-json\/wp\/v2\/types\/post"}],"author":[{"embeddable":true,"href":"https:\/\/polowiec.pl\/en\/wp-json\/wp\/v2\/users\/4"}],"replies":[{"embeddable":true,"href":"https:\/\/polowiec.pl\/en\/wp-json\/wp\/v2\/comments?post=841"}],"version-history":[{"count":0,"href":"https:\/\/polowiec.pl\/en\/wp-json\/wp\/v2\/posts\/841\/revisions"}],"wp:attachment":[{"href":"https:\/\/polowiec.pl\/en\/wp-json\/wp\/v2\/media?parent=841"}],"wp:term":[{"taxonomy":"category","embeddable":true,"href":"https:\/\/polowiec.pl\/en\/wp-json\/wp\/v2\/categories?post=841"},{"taxonomy":"post_tag","embeddable":true,"href":"https:\/\/polowiec.pl\/en\/wp-json\/wp\/v2\/tags?post=841"}],"curies":[{"name":"wp","href":"https:\/\/api.w.org\/{rel}","templated":true}]}}