{"id":845,"date":"2018-04-10T13:14:46","date_gmt":"2018-04-10T11:14:46","guid":{"rendered":"https:\/\/nowa.polowiec.pl\/legal-bulletin-of-the-law-office-of-adam-polowiec-19-march-2018-8-april-2018\/"},"modified":"2019-04-18T15:44:58","modified_gmt":"2019-04-18T13:44:58","slug":"legal-bulletin-of-the-law-office-of-adam-polowiec-19-march-2018-8-april-2018","status":"publish","type":"post","link":"https:\/\/polowiec.pl\/en\/legal-bulletin-of-the-law-office-of-adam-polowiec-19-march-2018-8-april-2018\/","title":{"rendered":"Legal Bulletin Of The Law Office Of Adam Polowiec (19 March 2018 \u2013 8 April 2018)"},"content":{"rendered":"<p><span style=\"font-size: 14px; text-align: justify;\">We would like to present the next issue of legal bulletin of the Law Office of Adam Polowiec.<\/span><br style=\"font-size: 14px; text-align: justify;\" \/><span style=\"font-size: 14px; text-align: justify;\">What you will find here is some information about the new provisions of law and the projects of amendments to acts, but also case-laws including the case laws of Supreme Court, Constitutional Tribunal and European Court of Justice<\/span>.<\/p>\n<p>  <!--more-->  <\/p>\n<p>&nbsp;<strong>_____Nowe Prawo<\/strong><\/p>\n<p><strong>KODEKS KARNY I&nbsp;INNE<\/strong><br \/>Ustawa z&nbsp;dnia 6 marca 2018 r. o&nbsp;zmianie ustawy o&nbsp;ochronie zwierz\u0105t oraz ustawy &#8211; Kodeks karny (Dz. U. z&nbsp;2018 r., poz. 663) &ndash; wejdzie w&nbsp;\u017cycie z&nbsp;dniem 19 kwietnia 2018 r.<br \/>W ustawie z&nbsp;dnia 21 sierpnia 1997 r. o&nbsp;ochronie zwierz\u0105t (Dz. U. z&nbsp;2017 r. poz. 1840 oraz z&nbsp;2018 r. poz. 650) zmianie ulegnie brzmienie art. 6 ust. 2 pkt 18, art. 35, dodaje si\u0119 art. 38a i&nbsp;art. 38b.<br \/>W ustawie z&nbsp;dnia 6 czerwca 1997 r. &#8211; Kodeks karny (Dz. U. z&nbsp;2017 r. poz. 2204 oraz z&nbsp;2018 r. poz. 20 i&nbsp;305) zmianie ulegnie brzmienie art. 244.<\/p>\n<p><strong>PRAWO PRZEDSI\u0118BIORC&Oacute;W<\/strong><br \/>Ustawa z&nbsp;dnia 6 marca 2018 r. o&nbsp;zasadach uczestnictwa przedsi\u0119biorc&oacute;w zagranicznych i&nbsp;innych os&oacute;b zagranicznych w&nbsp;obrocie gospodarczym na terytorium Rzeczypospolitej Polskiej (Dz. U. z&nbsp;2018 r., poz. 649) &#8211; wchodzi w&nbsp;\u017cycie w&nbsp;terminie i&nbsp;na zasadach okre\u015blonych w&nbsp;ustawie z&nbsp;dnia 6 marca 2018 r. &#8211; Przepisy wprowadzaj\u0105ce ustaw\u0119 &#8211; Prawo przedsi\u0119biorc&oacute;w oraz inne ustawy dotycz\u0105ce dzia\u0142alno\u015bci gospodarczej (Dz. U. poz. 650).<br \/>Ustawa z&nbsp;dnia 6 marca 2018 r. o&nbsp;Rzeczniku Ma\u0142ych i&nbsp;\u015arednich Przedsi\u0119biorc&oacute;w (Dz. U. z&nbsp;2018 r., poz. 648) &#8211; wchodzi w&nbsp;\u017cycie w&nbsp;terminie i&nbsp;na zasadach okre\u015blonych w&nbsp;ustawie z&nbsp;dnia 6 marca 2018 r. &#8211; Przepisy wprowadzaj\u0105ce ustaw\u0119 &#8211; Prawo przedsi\u0119biorc&oacute;w oraz inne ustawy dotycz\u0105ce dzia\u0142alno\u015bci gospodarczej (Dz. U. poz. 650).<br \/>Ustawa z&nbsp;dnia 6 marca 2018 r. Prawo przedsi\u0119biorc&oacute;w (Dz. U. z&nbsp;2018 r., poz. 646) &#8211; wchodzi w&nbsp;\u017cycie w&nbsp;terminie i&nbsp;na zasadach okre\u015blonych w&nbsp;ustawie z&nbsp;dnia 6 marca 2018 r. &#8211; Przepisy wprowadzaj\u0105ce ustaw\u0119 &#8211; Prawo przedsi\u0119biorc&oacute;w oraz inne ustawy dotycz\u0105ce dzia\u0142alno\u015bci gospodarczej (Dz. U. poz. 650).<br \/>Ustawa z&nbsp;dnia 6 marca 2018 r. o&nbsp;Centralnej Ewidencji i&nbsp;Informacji o&nbsp;Dzia\u0142alno\u015bci Gospodarczej i&nbsp;Punkcie Informacji dla Przedsi\u0119biorcy (Dz. U. z&nbsp;2018 r., poz. 647) &#8211; wchodzi w&nbsp;\u017cycie w&nbsp;terminie i&nbsp;na zasadach okre\u015blonych w&nbsp;ustawie z&nbsp;dnia 6 marca 2018 r. &#8211; Przepisy wprowadzaj\u0105ce ustaw\u0119 &#8211; Prawo przedsi\u0119biorc&oacute;w oraz inne ustawy dotycz\u0105ce dzia\u0142alno\u015bci gospodarczej (Dz. U. poz. 650).<\/p>\n<p><strong>PRAWO ENERGETYCZNE<\/strong><br \/>Rozporz\u0105dzenie Ministra Energii z&nbsp;dnia 15 marca 2018 r. w&nbsp;sprawie szczeg&oacute;\u0142owych zasad kszta\u0142towania i&nbsp;kalkulacji taryf oraz rozlicze\u0144 w&nbsp;obrocie paliwami gazowymi (Dz. U. z&nbsp;2018 r., poz. 640) &ndash; wesz\u0142o w&nbsp;\u017cycie z&nbsp;dniem 31 marca 2018 r.<\/p>\n<p><strong>BIOKOMPONENTY I&nbsp;BIOPALIWA CIEK\u0141E<\/strong><br \/>Rozporz\u0105dzenie Ministra Energii z&nbsp;dnia 20 marca 2018 r. w&nbsp;sprawie wzoru sprawozdania kwartalnego podmiotu realizuj\u0105cego Narodowy Cel Wska\u017anikowy w&nbsp;zakresie dotycz\u0105cym paliw ciek\u0142ych, biopaliw ciek\u0142ych i&nbsp;innych paliw odnawialnych (Dz. U. z&nbsp;2018 r., poz. 600) &ndash; wesz\u0142o w&nbsp;\u017cycie z&nbsp;dniem 31 marca 2018 r.<br \/>PRAWO WODNE<br \/>Rozporz\u0105dzenie Ministra Gospodarki Morskiej i&nbsp;\u017beglugi \u015ar&oacute;dl\u0105dowej z&nbsp;dnia 22 marca 2018 r. w&nbsp;sprawie nale\u017cno\u015bci za korzystanie ze \u015br&oacute;dl\u0105dowych dr&oacute;g wodnych i&nbsp;ich odcink&oacute;w oraz \u015bluz i&nbsp;pochylni (Dz. U. z&nbsp;2018 r., poz. 654) &ndash; wesz\u0142o w&nbsp;\u017cycie z&nbsp;dniem 31 marca 2018 r.<\/p>\n<p><strong>PRAWO PODATKOWE<\/strong><br \/>Rozporz\u0105dzenie Ministra Finans&oacute;w z&nbsp;dnia 27 marca 2018 r. w&nbsp;sprawie ewidencji i&nbsp;innych dokumentacji dotycz\u0105cych wyrob&oacute;w akcyzowych i&nbsp;znak&oacute;w akcyzy (Dz. U. z&nbsp;2018 r., poz. 643) &ndash; wesz\u0142o w&nbsp;\u017cycie z&nbsp;dniem 1 kwietnia 2018 r.<br \/>Rozporz\u0105dzenie Ministra Finans&oacute;w z&nbsp;dnia 6 marca 2018 r. zmieniaj\u0105ce rozporz\u0105dzenie w&nbsp;sprawie miejsca \u015bwiadczenia us\u0142ug oraz zwrotu kwoty podatku naliczonego jednostce dokonuj\u0105cej nabycia (importu) towar&oacute;w lub us\u0142ug (Dz. U. z&nbsp;2018 r., poz. 579) &ndash; wesz\u0142o w&nbsp;\u017cycie z&nbsp;dniem 4 kwietnia 2018 r.<br \/>W rozporz\u0105dzeniu Ministra Finans&oacute;w z&nbsp;dnia 16 grudnia 2013 r. w&nbsp;sprawie miejsca \u015bwiadczenia us\u0142ug oraz zwrotu kwoty podatku naliczonego jednostce dokonuj\u0105cej nabycia (importu) towar&oacute;w lub us\u0142ug (Dz. U. z&nbsp;2017 r. poz. 1686) zmianie ulegnie brzmienie &sect; 7, w&nbsp;&sect; 2 w&nbsp;pkt 3 kropk\u0119 zast\u0119puje si\u0119 \u015brednikiem i&nbsp;dodaje si\u0119 pkt 4-6, dodaje si\u0119 &sect; 6a, dodaje si\u0119 &sect; 7a.<br \/>Rozporz\u0105dzenie Ministra Finans&oacute;w z&nbsp;dnia 20 marca 2018 r. zmieniaj\u0105ce rozporz\u0105dzenie w&nbsp;sprawie zwolnie\u0144 od podatku akcyzowego (Dz. U. z&nbsp;2018 r., poz. 608) &ndash; wesz\u0142o w&nbsp;\u017cycie z&nbsp;dniem 24 marca 2018 r.<br \/>W rozporz\u0105dzeniu Ministra Rozwoju i&nbsp;Finans&oacute;w z&nbsp;dnia 24 lutego 2017 r. w&nbsp;sprawie zwolnie\u0144 od podatku akcyzowego (Dz. U. poz. 430 i&nbsp;1440) zmianie uleg\u0142o brzmienie &sect; 13.<br \/>Rozporz\u0105dzenie Ministra Finans&oacute;w z&nbsp;dnia 14 marca 2018 r. w&nbsp;sprawie przed\u0142u\u017cenia termin&oacute;w wykonania niekt&oacute;rych obowi\u0105zk&oacute;w z&nbsp;zakresu dokumentacji podatkowej (Dz. U. z&nbsp;2018 r., poz. 555) &ndash; wesz\u0142o w&nbsp;\u017cycie z&nbsp;dniem 15 marca 2018 r.<\/p>\n<p><strong>\u015aWIADCZENIA OPIEKI ZDROWOTNEJ FINANSOWANE ZE \u015aRODK&Oacute;W PUBLICZNYCH<\/strong><br \/>Rozporz\u0105dzenie Ministra Zdrowia z&nbsp;dnia 28 marca 2018 r. zmieniaj\u0105ce rozporz\u0105dzenie w&nbsp;sprawie \u015bwiadcze\u0144 gwarantowanych z&nbsp;zakresu ambulatoryjnej opieki specjalistycznej (Dz. U. z&nbsp;2018 r., poz. 657) &ndash; wesz\u0142o w&nbsp;\u017cycie dniem 1 kwietnia 2018 r.<br \/>W rozporz\u0105dzeniu Ministra Zdrowia z&nbsp;dnia 6 listopada 2013 r. w&nbsp;sprawie \u015bwiadcze\u0144 gwarantowanych z&nbsp;zakresu ambulatoryjnej opieki specjalistycznej (Dz. U. z&nbsp;2016 r. poz. 357 i&nbsp;2164 oraz z&nbsp;2017 r. poz. 1244, 1766 i&nbsp;2423) zmianie uleg\u0142o brzmienie za\u0142\u0105cznika nr 2, za\u0142\u0105cznika nr 5.<\/p>\n<p><strong>S\u0104D NAJWY\u017bSZY<\/strong><br \/>Rozporz\u0105dzenie Prezydenta Rzeczypospolitej Polskiej z&nbsp;dnia 29 marca 2018 r. Regulamin S\u0105du Najwy\u017cszego (Dz. U. z&nbsp;2018 r., poz. 660) &ndash; wesz\u0142o w&nbsp;\u017cycie z&nbsp;dniem 3 kwietnia 2018 r.<\/p>\n<p><strong>PRAWO O&nbsp;USTROJU S\u0104D&Oacute;W POWSZECHNYCH<\/strong><br \/>Rozporz\u0105dzenie Ministra Sprawiedliwo\u015bci z&nbsp;dnia 30 marca 2018 r. w&nbsp;sprawie zmiany rozporz\u0105dzenia zmieniaj\u0105cego rozporz\u0105dzenie &#8211; Regulamin urz\u0119dowania s\u0105d&oacute;w powszechnych (Dz. U. z&nbsp;2018 r., poz. 656) &ndash; wesz\u0142o w&nbsp;\u017cycie z&nbsp;dniem 31 marca 2018 r.<\/p>\n<p><strong>FUNDUSZE INWESTYCYJNE I&nbsp;ZARZ\u0104DZANIE ALTERNATYWNYMI FUNDUSZAMI INWESTYCYJNYMI<\/strong><br \/>Rozporz\u0105dzenie Ministra Finans&oacute;w z&nbsp;dnia 6 marca 2018 r. w&nbsp;sprawie okresowych sprawozda\u0144 i&nbsp;informacji dotycz\u0105cych dzia\u0142alno\u015bci i&nbsp;sytuacji finansowej zarz\u0105dzaj\u0105cych ASI dostarczanych przez te podmioty Komisji Nadzoru Finansowego (Dz. U. z&nbsp;2018 r., poz. 552) &ndash; wesz\u0142o w&nbsp;\u017cycie z&nbsp;dniem 30 marca 2018 r.<\/p>\n<p><strong>PRAWO OCHRONY \u015aRODOWISKA<\/strong><br \/>Rozporz\u0105dzenie Rady Ministr&oacute;w z&nbsp;dnia 7 marca 2018 r. zmieniaj\u0105ce rozporz\u0105dzenie w&nbsp;sprawie gospodarki finansowej Narodowego Funduszu Ochrony \u015arodowiska i&nbsp;Gospodarki Wodnej i&nbsp;wojew&oacute;dzkich funduszy ochrony \u015brodowiska i&nbsp;gospodarki wodnej (Dz. U. z&nbsp;2018 r., poz. 592) &ndash; wesz\u0142o w&nbsp;\u017cycie z&nbsp;dniem 23 marca 2018 r.<br \/>W rozporz\u0105dzeniu Rady Ministr&oacute;w z&nbsp;dnia 16 listopada 2010 r. w&nbsp;sprawie gospodarki finansowej Narodowego Funduszu Ochrony \u015arodowiska i&nbsp;Gospodarki Wodnej i&nbsp;wojew&oacute;dzkich funduszy ochrony \u015brodowiska i&nbsp;gospodarki wodnej (Dz. U. poz. 1479) w&nbsp;&sect; 9 wyrazy &#8220;podmiot uprawniony do badania sprawozdania finansowego&#8221; zast\u0119puje si\u0119 wyrazami &#8220;firm\u0119 audytorsk\u0105&#8221;.<br \/>Rozporz\u0105dzenie Ministra \u015arodowiska z&nbsp;dnia 12 marca 2018 r. w&nbsp;sprawie szczeg&oacute;\u0142owych warunk&oacute;w udzielania pomocy publicznej na cele z&nbsp;zakresu ochrony \u015brodowiska wynikaj\u0105ce z&nbsp;zamkni\u0119cia jednostek produkcyjnych w\u0119gla (Dz. U. z&nbsp;2018 r., poz. 585) &ndash; wesz\u0142o w&nbsp;\u017cycie z&nbsp;dniem 21 marca 2018 r.<\/p>\n<p><strong>KRAJOWY REJESTR S\u0104DOWY<\/strong><br \/>Rozporz\u0105dzenie Ministra Sprawiedliwo\u015bci z&nbsp;dnia 19 marca 2018 r. w&nbsp;sprawie sposobu sk\u0142adania zg\u0142osze\u0144, sposobu i&nbsp;trybu komunikacji ze zg\u0142aszaj\u0105cym oraz sposobu i&nbsp;trybu weryfikacji do\u0142\u0105czonych do zg\u0142oszenia dokument&oacute;w (Dz. U. z&nbsp;2018 r., poz. 596) &ndash; wesz\u0142o w&nbsp;\u017cycie z&nbsp;dniem 23 marca 2018 r. z&nbsp;wyj\u0105tkiem &sect; 5 ust. 2, kt&oacute;ry wchodzi w&nbsp;\u017cycie z&nbsp;dniem 1 pa\u017adziernika 2018 r.<\/p>\n<p><strong>PRAWO UNII EUROPEJSKIEJ<\/strong><br \/>Rozporz\u0105dzenie wykonawcze Komisji (UE) 2018\/507 z&nbsp;dnia 26 marca 2018 r. zmieniaj\u0105ce za\u0142\u0105cznik I&nbsp;do rozporz\u0105dzenia Rady (EWG) nr 2658\/87 w&nbsp;sprawie nomenklatury taryfowej i&nbsp;statystycznej oraz w&nbsp;sprawie Wsp&oacute;lnej Taryfy Celnej<br \/>Rozporz\u0105dzenie Komisji (UE) 2018\/498 z&nbsp;dnia 22 marca 2018 r. zmieniaj\u0105ce rozporz\u0105dzenie (WE) nr 1126\/2008 przyjmuj\u0105ce okre\u015blone mi\u0119dzynarodowe standardy rachunkowo\u015bci zgodnie z&nbsp;rozporz\u0105dzeniem (WE) nr 1606\/2002 Parlamentu Europejskiego i&nbsp;Rady w&nbsp;odniesieniu do Mi\u0119dzynarodowego Standardu Sprawozdawczo\u015bci Finansowej 9 (Tekst maj\u0105cy znaczenie dla EOG. )<br \/>Rozporz\u0105dzenie wykonawcze Komisji (UE) 2018\/502 z&nbsp;dnia 28 lutego 2018 r. zmieniaj\u0105ce rozporz\u0105dzenie wykonawcze Komisji (UE) 2016\/799 ustanawiaj\u0105ce wymogi dotycz\u0105ce budowy, sprawdzania, instalacji, u\u017cytkowania i&nbsp;naprawy tachograf&oacute;w oraz ich element&oacute;w sk\u0142adowych (Tekst maj\u0105cy znaczenie dla EOG)<br \/>Rozporz\u0105dzenie wykonawcze Komisji (UE) 2018\/505 z&nbsp;dnia 7 marca 2018 r. zmieniaj\u0105ce rozporz\u0105dzenie wykonawcze (UE) 2016\/323 ustanawiaj\u0105ce szczeg&oacute;\u0142owe zasady wsp&oacute;\u0142pracy i&nbsp;wymiany informacji mi\u0119dzy pa\u0144stwami cz\u0142onkowskimi dotycz\u0105ce wyrob&oacute;w w&nbsp;procedurze zawieszenia poboru akcyzy zgodnie z&nbsp;rozporz\u0105dzeniem Rady (UE) nr 389\/2012<br \/>Rozporz\u0105dzenie wykonawcze Komisji (UE) 2018\/504 z&nbsp;dnia 7 marca 2018 r. zmieniaj\u0105ce rozporz\u0105dzenie wykonawcze (UE) nr 612\/2013 dotycz\u0105ce funkcjonowania rejestru podmiot&oacute;w gospodarczych i&nbsp;sk\u0142ad&oacute;w podatkowych, powi\u0105zanych danych statystycznych i&nbsp;sprawozdawczo\u015bci zgodnie z&nbsp;rozporz\u0105dzeniem Rady (UE) nr 389\/2012 w&nbsp;sprawie wsp&oacute;\u0142pracy administracyjnej w&nbsp;dziedzinie podatk&oacute;w akcyzowych<br \/>Rozporz\u0105dzenie wykonawcze Komisji (UE) 2018\/503 z&nbsp;dnia 7 marca 2018 r. zmieniaj\u0105ce rozporz\u0105dzenie (WE) nr 684\/2009 w&nbsp;sprawie wykonania dyrektywy Rady 2008\/118\/WE w&nbsp;odniesieniu do skomputeryzowanych procedur przemieszczania wyrob&oacute;w akcyzowych w&nbsp;procedurze zawieszenia poboru akcyzy<br \/>Rozporz\u0105dzenie wykonawcze Komisji (UE) 2018\/502 z&nbsp;dnia 28 lutego 2018 r. zmieniaj\u0105ce rozporz\u0105dzenie wykonawcze Komisji (UE) 2016\/799 ustanawiaj\u0105ce wymogi dotycz\u0105ce budowy, sprawdzania, instalacji, u\u017cytkowania i&nbsp;naprawy tachograf&oacute;w oraz ich element&oacute;w sk\u0142adowych (Tekst maj\u0105cy znaczenie dla EOG)<br \/>Rozporz\u0105dzenie Komisji (UE) 2018\/519 z&nbsp;dnia 28 marca 2018 r. zmieniaj\u0105ce rozporz\u0105dzenie (WE) nr 1126\/2008 przyjmuj\u0105ce okre\u015blone mi\u0119dzynarodowe standardy rachunkowo\u015bci zgodnie z&nbsp;rozporz\u0105dzeniem (WE) nr 1606\/2002 Parlamentu Europejskiego i&nbsp;Rady w&nbsp;odniesieniu do Interpretacji 22 Komitetu ds. Interpretacji Mi\u0119dzynarodowej Sprawozdawczo\u015bci Finansowej (Tekst maj\u0105cy znaczenie dla EOG.)<br \/>Rozporz\u0105dzenie wykonawcze Komisji (UE) 2018\/520 z&nbsp;dnia 28 marca 2018 r. zmieniaj\u0105ce rozporz\u0105dzenie (UE) nr 37\/2010 w&nbsp;celu sklasyfikowania substancji solwent nafta, w\u0119glowodory lekkie aromatyczne, w&nbsp;odniesieniu do jej maksymalnego limitu pozosta\u0142o\u015bci (Tekst maj\u0105cy znaczenie dla EOG.)<br \/>Rozporz\u0105dzenie wykonawcze Komisji (UE) 2018\/524 z&nbsp;dnia 28 marca 2018 r. zmieniaj\u0105ce rozporz\u0105dzenie wykonawcze (UE) nr 540\/2011 w&nbsp;odniesieniu do przed\u0142u\u017cenia okres&oacute;w zatwierdzenia substancji czynnych: Bacillus subtilis (Cohn 1872) szczep QST 713, identyczny ze szczepem AQ 713, klodinafop, klopyralid, cyprodynil, dichlorprop-P, fosetyl, mepanipirym, metkonazol, metrafenon, pirymikarb, Pseudomonas chlororaphis szczep: MA 342, pirymetanil, chinoksyfen, rimsulfuron, spinosad, tiaklopryd, tiametoksam, tiuram, tolchlofos metylu, trichlopyr, trineksapak, tritikonazol oraz ziram (Tekst maj\u0105cy znaczenie dla EOG. )<br \/>Rozporz\u0105dzenie wykonawcze Komisji (UE) 2018\/523 z&nbsp;dnia 28 marca 2018 r. zmieniaj\u0105ce rozporz\u0105dzenie (UE) nr 37\/2010 w&nbsp;celu sklasyfikowania substancji fluazuron w&nbsp;odniesieniu do jej maksymalnego limitu pozosta\u0142o\u015bci (Tekst maj\u0105cy znaczenie dla EOG.)<br \/>Sprostowanie do rozporz\u0105dzenia wykonawczego Komisji (UE) 2018\/483 z&nbsp;dnia 22 marca 2018 r. w&nbsp;sprawie minimalnej ceny sprzeda\u017cy odt\u0142uszczonego mleka w&nbsp;proszku w&nbsp;osiemnastym cz\u0119\u015bciowym zaproszeniu do sk\u0142adania ofert w&nbsp;ramach procedury przetargowej otwartej rozporz\u0105dzeniem wykonawczym (UE) 2016\/2080 (Dz.U. L 81 z&nbsp;23.3.2018)<br \/>Sprostowanie do rozporz\u0105dzenia wykonawczego Komisji (UE) 2015\/1386 z&nbsp;dnia 12 sierpnia 2015 r. ustanawiaj\u0105cego szczeg&oacute;\u0142owe przepisy wykonawcze do rozporz\u0105dzenia Parlamentu Europejskiego i&nbsp;Rady (UE) nr 223\/2014 w&nbsp;odniesieniu do wzor&oacute;w deklaracji zarz\u0105dczej, strategii audytu, opinii audytowej i&nbsp;rocznego sprawozdania z&nbsp;kontroli (Dz.U. L 214 z&nbsp;13.8.2015)<br \/>Rozporz\u0105dzenie wykonawcze Komisji (UE) 2018\/545 z&nbsp;dnia 4 kwietnia 2018 r. ustanawiaj\u0105ce uzgodnienia praktyczne na potrzeby procesu udzielania zezwole\u0144 dla pojazd&oacute;w kolejowych i&nbsp;zezwole\u0144 dla typu pojazdu kolejowego zgodnie z&nbsp;dyrektyw\u0105 Parlamentu Europejskiego i&nbsp;Rady (UE) 2016\/797 (Tekst maj\u0105cy znaczenie dla EOG.)<br \/>Rozporz\u0105dzenie delegowane Komisji (UE) 2018\/540 z&nbsp;dnia 23 listopada 2017 r. zmieniaj\u0105ce rozporz\u0105dzenie Parlamentu Europejskiego i&nbsp;Rady (UE) nr 347\/2013 w&nbsp;odniesieniu do unijnej listy projekt&oacute;w b\u0119d\u0105cych przedmiotem wsp&oacute;lnego zainteresowania<br \/>Rozporz\u0105dzenie delegowane Komisji (UE) 2018\/541 z&nbsp;dnia 20 grudnia 2017 r. zmieniaj\u0105ce rozporz\u0105dzenie delegowane (UE) 2017\/2358 i&nbsp;rozporz\u0105dzenie delegowane (UE) 2017\/2359 w&nbsp;odniesieniu do ich dat rozpocz\u0119cia stosowania (Tekst maj\u0105cy znaczenie dla EOG.)<br \/>Rozporz\u0105dzenie delegowane Komisji (UE) 2018\/543 z&nbsp;dnia 23 stycznia 2018 r. w&nbsp;sprawie sprostowania hiszpa\u0144skiej wersji j\u0119zykowej rozporz\u0105dzenia delegowanego Komisji (UE) nr 812\/2013 uzupe\u0142niaj\u0105cego dyrektyw\u0119 Parlamentu Europejskiego i&nbsp;Rady 2010\/30\/UE w&nbsp;odniesieniu do etykiet efektywno\u015bci energetycznej dla podgrzewaczy wody, zasobnik&oacute;w ciep\u0142ej wody u\u017cytkowej i&nbsp;zestaw&oacute;w zawieraj\u0105cych podgrzewacz wody i&nbsp;urz\u0105dzenie s\u0142oneczne (Tekst maj\u0105cy znaczenie dla EOG.)<\/p>\n<p><strong>ZARZ\u0104DZENIA PREZESA NARODOWEGO FUNDUSZU ZDROWIA<\/strong><br \/>Zarz\u0105dzenie Nr 23\/2018\/DAiS Prezesa Narodowego Funduszu Zdrowia z&nbsp;dnia 16 marca 2018 r. w&nbsp;sprawie programu pilota\u017cowego opieki koordynowanej w&nbsp;podstawowej opiece zdrowotnej &bdquo;POZ PLUS&rdquo; &#8211; wchodzi w&nbsp;\u017cycie z&nbsp;dniem podpisania.<br \/>Zarz\u0105dzenie Nr 24\/2018\/DAiS Prezesa Narodowego Funduszu Zdrowia z&nbsp;dnia 21 marca 2018 r. zmieniaj\u0105ce zarz\u0105dzenie w&nbsp;sprawie programu pilota\u017cowego opieki koordynowanej w&nbsp;podstawowej opiece zdrowotnej &bdquo;POZ PLUS&rdquo; &#8211; wchodzi w&nbsp;\u017cycie z&nbsp;dniem nast\u0119puj\u0105cym po dniu podpisania.<br \/>Zarz\u0105dzenie Nr 25\/2018\/DGL Prezesa Narodowego Funduszu Zdrowia z&nbsp;dnia 21 marca 2018 r. zmieniaj\u0105ce zarz\u0105dzenie w&nbsp;sprawie okre\u015blenia warunk&oacute;w zawierania i&nbsp;realizacji um&oacute;w w&nbsp;rodzaju leczenie szpitalne w&nbsp;zakresie programy lekowe &#8211; wchodzi w&nbsp;\u017cycie z&nbsp;dniem nast\u0119puj\u0105cym po dniu podpisania, z&nbsp;moc\u0105 od dnia 1 marca 2018 r., z&nbsp;wyj\u0105tkiem &sect; 1:<br \/>1) pkt 7, w&nbsp;zakresie kolumny 67, Lp. 1 i&nbsp;3 za\u0142\u0105cznika nr 1 do niniejszego zarz\u0105dzenia, kt&oacute;ry wchodzi w&nbsp;\u017cycie z&nbsp;dniem 1 kwietnia 2018 r.;<br \/>2) pkt 5, kt&oacute;ry wchodzi w&nbsp;\u017cycie z&nbsp;dniem 1 maja 2018 r.;<br \/>3) pkt 6, kt&oacute;ry wchodzi w&nbsp;\u017cycie z&nbsp;dniem 1 lipca 2018 r.<br \/>Zarz\u0105dzenie Nr 26\/2018\/DGL Prezesa Narodowego Funduszu Zdrowia z&nbsp;dnia 21 marca 2018 r. zmieniaj\u0105ce zarz\u0105dzenie w&nbsp;sprawie okre\u015blenia warunk&oacute;w zawierania i&nbsp;realizacji um&oacute;w w&nbsp;rodzaju leczenie szpitalne w&nbsp;zakresie chemioterapia &#8211;&nbsp; wchodzi w&nbsp;\u017cycie z&nbsp;dniem nast\u0119puj\u0105cym po dniu podpisania, z&nbsp;moc\u0105 od dnia 1 marca 2018 r., z&nbsp;wyj\u0105tkiem &sect; 1 pkt 3, kt&oacute;ry wchodzi w&nbsp;\u017cycie z&nbsp;dniem 1 lipca 2018 r.<br \/>Zarz\u0105dzenie Nr 27\/2018\/GPF Prezesa Narodowego Funduszu Zdrowia z&nbsp;dnia 21 marca 2018 r. zmieniaj\u0105ce zarz\u0105dzenie w&nbsp;sprawie regulaminu organizacyjnego Centrali Narodowego Funduszu Zdrowia &#8211; wchodzi w&nbsp;\u017cycie z&nbsp;dniem podpisania.<br \/>Zarz\u0105dzenie Nr 29\/2018\/DSOZ Prezesa Narodowego Funduszu Zdrowia z&nbsp;dnia 30 marca 2018 r. zmieniaj\u0105ce zarz\u0105dzenie w&nbsp;sprawie okre\u015blenia warunk&oacute;w zawierania i&nbsp;realizacji um&oacute;w w&nbsp;rodzaju \u015bwiadczenia zdrowotne kontraktowane odr\u0119bnie &#8211; wchodzi w&nbsp;\u017cycie po up\u0142ywie 30 dni od dnia podpisania.<br \/>Zarz\u0105dzenie Nr 30\/2018\/DSOZ Prezesa Narodowego Funduszu Zdrowia z&nbsp;dnia 30 marca 2018 r. w&nbsp;sprawie warunk&oacute;w zawierania i&nbsp;realizacji um&oacute;w o&nbsp;udzielanie \u015bwiadcze\u0144 opieki zdrowotnej przez podmioty realizuj\u0105ce \u015bwiadczenia koordynowanej opieki nad kobiet\u0105 i&nbsp;dzieckiem w&nbsp;zwi\u0105zku z&nbsp;przepisami ustawy o&nbsp;wsparciu kobiet w&nbsp;ci\u0105\u017cy i&nbsp;rodzin &bdquo;Za \u017cyciem&rdquo; &#8211; wchodzi w&nbsp;\u017cycie po up\u0142ywie 30 dni od dnia podpisania.<\/p>\n<p><strong>_____Orzecznictwo<\/strong><br \/><strong>S\u0105d Najwy\u017cszy<\/strong><\/p>\n<p><strong>PODSTAWA DOWODOWA UCHYLENIA IMMUNITETU S\u0118DZIOWSKIEGO<\/strong><br \/>Uwzgl\u0119dnienie wniosku o&nbsp;uchylenie immunitetu mo\u017ce nast\u0105pi\u0107 tak\u017ce w&oacute;wczas, gdy zostanie wykazane ponad wszelk\u0105 w\u0105tpliwo\u015b\u0107, \u017ce nie zachodz\u0105 okoliczno\u015bci skutkuj\u0105ce prawn\u0105 niedopuszczalno\u015bci\u0105 prowadzenia dalszego post\u0119powania, poniewa\u017c zebrane dowody dostatecznie uprawdopodabniaj\u0105 pope\u0142nienie przest\u0119pstwa o&nbsp;wy\u017cszym ni\u017c znikomy \u0142adunku spo\u0142ecznej szkodliwo\u015bci. To prowadz\u0105cy post\u0119powania przygotowawcze, a&nbsp;ewentualnie tak\u017ce s\u0105d karny, powinny szczeg&oacute;lnie skrupulatnie gromadzi\u0107 materia\u0142 dowodowy, tak\u017ce oczywi\u015bcie w&nbsp;zakresie pozwalaj\u0105cym na ocen\u0119 strony podmiotowej czynu, gdy\u017c s\u0105d dyscyplinarny nie ma obowi\u0105zku gromadzenia dodatkowych dowod&oacute;w, a&nbsp;jedynie powinien oceni\u0107 dowody przedstawione wraz z&nbsp;wnioskiem o&nbsp;zezwolenie na poci\u0105gni\u0119cie s\u0119dziego do odpowiedzialno\u015bci karnej &ndash; Uchwa\u0142a S\u0105du Najwy\u017cszego z&nbsp;dnia 26 lutego 2018 r., sygn. akt SNO 55\/17.<\/p>\n<p><strong>ZACHOWANIE TERMINU ZAWITEGO DO UCHYLENIA SI\u0118 OD SKUTK&Oacute;W PRAWNYCH NIEZ\u0141O\u017bENIA W&nbsp;TERMINIE O\u015aWIADCZENIA O&nbsp;ODRZUCENIU SPADKU.<\/strong><br \/>Termin zawity do uchylenia si\u0119 od skutk&oacute;w prawnych niez\u0142o\u017cenia w&nbsp;terminie o\u015bwiadczenia o&nbsp;odrzuceniu spadku jest zachowany, gdy przed jego up\u0142ywem s\u0105d odbierze to o\u015bwiadczenie i&nbsp;o\u015bwiadczenie o&nbsp;odrzuceniu spadku (art. 1019 &sect; 2 k.c.). W&nbsp;wypadkach wyj\u0105tkowych, w&nbsp;szczeg&oacute;lno\u015bci, gdy za nieodebranie o\u015bwiadczenia w&nbsp;terminie spadkobierca nie ponosi winy, s\u0105d mo\u017ce nie uwzgl\u0119dni\u0107 up\u0142ywu tego terminu przez wzgl\u0105d na zasady wsp&oacute;\u0142\u017cycia spo\u0142ecznego (art. 5 k.c.) &ndash; Uchwa\u0142a S\u0105du Najwy\u017cszego z&nbsp;dnia 15 marca 2018 r., sygn. akt III CZP 110\/17.<\/p>\n<p><strong>WYNAGRODZENIE ZA KORZYSTANIE Z&nbsp;UTWOR&Oacute;W AUDIOWIZUALNYCH<\/strong><br \/>Tw&oacute;rca danego rodzaju utworu audiowizualnego mo\u017ce dochodzi\u0107 od w\u0142a\u015bciwej organizacji zbiorowego zarz\u0105dzania zap\u0142aty wynagrodzenia przewidzianego w&nbsp;art. 70 ust. 21 pkt 3 ustawy z&nbsp;dnia 4 lutego 1994 r. o&nbsp;prawie autorskim i&nbsp;prawach pokrewnych (tekst jedn. Dz.U. 2017 r. poz. 880) tak\u017ce wtedy, gdy przyj\u0119te uchwa\u0142\u0105 tej organizacji zasady repartycji nie przewiduj\u0105 wynagrodzenia za ten rodzaj utwor&oacute;w audiowizualnych &ndash; Uchwa\u0142a S\u0105du Najwy\u017cszego z&nbsp;dnia 15 marca 2018 r., sygn. akt III CZP 105\/17.<\/p>\n<p><strong>KONSEKWENCJE WYDANIA WYROKU POZBAWIAJ\u0104CEGO WYKONALNO\u015aCI TYTU\u0141 WYKONAWCZY<\/strong><br \/>Wyrok pozbawiaj\u0105cy wykonalno\u015bci tytu\u0142 wykonawczy (tytu\u0142 egzekucyjny) posesoryjny wydany przeciwko Skarbowi Pa\u0144stwa z&nbsp;powodu p&oacute;\u017aniejszego uwzgl\u0119dnienia pow&oacute;dztwa petytoryjnego stanowi podstaw\u0119 do umorzenia &#8211; na wniosek d\u0142u\u017cnika &#8211; post\u0119powania egzekucyjnego o&nbsp;\u015bwiadczenie niepieni\u0119\u017cne prowadzonego zgodnie z&nbsp;art. 1060 &sect; 3 k.p.c. (art. 825 pkt 2 k.p.c.) &#8211; Uchwa\u0142a S\u0105du Najwy\u017cszego z&nbsp;dnia 15 marca 2018 r., sygn. akt III CZP 101\/17.<\/p>\n<p><strong>SZKODY MAJ\u0104TKOWE WYNIKAJ\u0104CE ZE \u015aMIERCI<\/strong><br \/>S\u0105d mo\u017ce przyzna\u0107 zado\u015b\u0107uczynienie za krzywd\u0119 osobom najbli\u017cszym poszkodowanego, kt&oacute;ry na skutek czynu niedozwolonego dozna\u0142 ci\u0119\u017ckiego i&nbsp;trwa\u0142ego uszczerbku na zdrowiu &#8211; Uchwa\u0142a S\u0105du Najwy\u017cszego z&nbsp;dnia 27 marca 2018 r., sygn. akt III CZP 69\/17, Uchwa\u0142a S\u0105du Najwy\u017cszego z&nbsp;dnia 27 marca 2018 r., sygn. akt III CZP 60\/17, Uchwa\u0142a S\u0105du Najwy\u017cszego z&nbsp;dnia 27 marca 2018 r., sygn. akt III CZP 36\/17.<\/p>\n<p><strong>UPRAWNIENIE ORGANU DO WNIESIENIA ODWO\u0141ANIA OD ZARZ\u0104DZENIA ZAST\u0118PCZEGO WOJEWODY O&nbsp;ZAKAZIE ZGROMADZENIA<\/strong><br \/>Organ gminy jest uprawniony do wniesienia odwo\u0142ania od zarz\u0105dzenia zast\u0119pczego wojewody o&nbsp;zakazie zgromadzenia wydanego w&nbsp;trybie art. 26b ust. 4 ustawy z&nbsp;dnia 24 lipca 2015 r. Prawo o&nbsp;zgromadzeniach (tekst jedn.: Dz. U. z&nbsp;2018 r. poz. 408), a&nbsp;tak\u017ce jest stron\u0105 w&nbsp;post\u0119powaniu tocz\u0105cym si\u0119 na skutek odwo\u0142ania organizatora zgromadzenia od takiego zarz\u0105dzenia; po up\u0142ywie terminu zgromadzenia nie staje si\u0119 zb\u0119dne rozpoznanie odwo\u0142ania od zarz\u0105dzenia zast\u0119pczego wojewody o&nbsp;zakazie zgromadzenia wydanego w&nbsp;trybie art. 26b ust. 4 ustawy Prawa o&nbsp;zgromadzeniach &ndash; Uchwa\u0142a S\u0105du Najwy\u017cszego z&nbsp;dnia 28 marca 2018 r., sygn. akt III SZP 1\/18.<\/p>\n<p><strong>\u0179R&Oacute;D\u0141O SZKODY PONIESIONEJ PRZEZ BY\u0141EGO W\u0141A\u015aCICIELA (JEGO NAST\u0118PC&Oacute;W PRAWNYCH) W&nbsp;RAZIE STWIERDZENIA NIEWA\u017bNO\u015aCI DECYZJI ADMINISTRACYJNEJ UTRZYMUJ\u0104CEJ W&nbsp;MOCY DECYZJ\u0118 ODMAWIAJ\u0104C\u0104 USTANOWIENIA NA RZECZ BY\u0141EGO W\u0141A\u015aCICIELA NIERUCHOMO\u015aCI PRAWA U\u017bYTKOWANIA WIECZYSTEGO NA TEJ NIERUCHOMO\u015aCI<\/strong><br \/>W razie stwierdzenia niewa\u017cno\u015bci decyzji administracyjnej utrzymuj\u0105cej w&nbsp;mocy decyzj\u0119 odmawiaj\u0105c\u0105 ustanowienia na rzecz by\u0142ego w\u0142a\u015bciciela nieruchomo\u015bci prawa u\u017cytkowania wieczystego na tej nieruchomo\u015bci na podstawie przepis&oacute;w dekretu z&nbsp;dnia 26 pa\u017adziernika 1945 r. o&nbsp;w\u0142asno\u015bci i&nbsp;u\u017cytkowaniu grunt&oacute;w na obszarze m.st. Warszawy (Dz. U. Nr 50, poz. 279 z&nbsp;p&oacute;\u017an. zm.), \u017ar&oacute;d\u0142em poniesionej przez niego (nast\u0119pc&oacute;w prawnych) szkody nie jest decyzja wydana z&nbsp;naruszeniem prawa, zezwalaj\u0105ca na sprzeda\u017c lokali w&nbsp;budynku po\u0142o\u017conym na tej nieruchomo\u015bci &ndash; Uchwa\u0142a S\u0105du Najwy\u017cszego z&nbsp;dnia 28 marca 2018 r., sygn. akt III CZP 46\/17.<\/p>\n","protected":false},"excerpt":{"rendered":"<p>We would like to present the next issue of legal bulletin of the Law Office of Adam Polowiec.What you will find here is some information about the new provisions of law and the projects of amendments to acts, but also case-laws including the case laws of Supreme Court, Constitutional Tribunal and European Court of Justice.<\/p>\n","protected":false},"author":4,"featured_media":0,"comment_status":"closed","ping_status":"open","sticky":false,"template":"","format":"standard","meta":{"footnotes":""},"categories":[2],"tags":[],"class_list":["post-845","post","type-post","status-publish","format-standard","hentry","category-wpisy"],"featured_image_src":{"landsacpe":false,"list":false,"medium":false,"full":false},"yoast_head":"<!-- This site is optimized with the Yoast SEO plugin v27.2 - https:\/\/yoast.com\/product\/yoast-seo-wordpress\/ -->\n<title>Legal Bulletin Of The Law Office Of Adam Polowiec (19 March 2018 \u2013 8 April 2018) - Polowiec i Wsp\u00f3lnicy - Kancelaria prawna<\/title>\n<meta name=\"robots\" content=\"index, follow, max-snippet:-1, max-image-preview:large, max-video-preview:-1\" \/>\n<link rel=\"canonical\" href=\"https:\/\/polowiec.pl\/en\/legal-bulletin-of-the-law-office-of-adam-polowiec-19-march-2018-8-april-2018\/\" \/>\n<meta property=\"og:locale\" content=\"en_US\" \/>\n<meta property=\"og:type\" content=\"article\" \/>\n<meta property=\"og:title\" content=\"Legal Bulletin Of The Law Office Of Adam Polowiec (19 March 2018 \u2013 8 April 2018) - Polowiec i Wsp\u00f3lnicy - Kancelaria prawna\" \/>\n<meta property=\"og:description\" content=\"We would like to present the next issue of legal bulletin of the Law Office of Adam Polowiec.What you will find here is some information about the new provisions of law and the projects of amendments to acts, but also case-laws including the case laws of Supreme Court, Constitutional Tribunal and European Court of Justice.\" \/>\n<meta property=\"og:url\" content=\"https:\/\/polowiec.pl\/en\/legal-bulletin-of-the-law-office-of-adam-polowiec-19-march-2018-8-april-2018\/\" \/>\n<meta property=\"og:site_name\" content=\"Polowiec i Wsp\u00f3lnicy - Kancelaria prawna\" \/>\n<meta property=\"article:publisher\" content=\"https:\/\/www.facebook.com\/polowieciwspolnicy\/\" \/>\n<meta property=\"article:published_time\" content=\"2018-04-10T11:14:46+00:00\" \/>\n<meta property=\"article:modified_time\" content=\"2019-04-18T13:44:58+00:00\" \/>\n<meta name=\"author\" content=\"Monika\" \/>\n<meta name=\"twitter:card\" content=\"summary_large_image\" \/>\n<meta name=\"twitter:label1\" content=\"Written by\" \/>\n\t<meta name=\"twitter:data1\" content=\"Monika\" \/>\n\t<meta name=\"twitter:label2\" content=\"Est. reading time\" \/>\n\t<meta name=\"twitter:data2\" content=\"18 minutes\" \/>\n<script type=\"application\/ld+json\" class=\"yoast-schema-graph\">{\"@context\":\"https:\/\/schema.org\",\"@graph\":[{\"@type\":\"Article\",\"@id\":\"https:\/\/polowiec.pl\/en\/legal-bulletin-of-the-law-office-of-adam-polowiec-19-march-2018-8-april-2018\/#article\",\"isPartOf\":{\"@id\":\"https:\/\/polowiec.pl\/en\/legal-bulletin-of-the-law-office-of-adam-polowiec-19-march-2018-8-april-2018\/\"},\"author\":{\"name\":\"Monika\",\"@id\":\"https:\/\/polowiec.pl\/en\/#\/schema\/person\/6178ac96ba1d4d590993734f8a0a6539\"},\"headline\":\"Legal Bulletin Of The Law Office Of Adam Polowiec (19 March 2018 \u2013 8 April 2018)\",\"datePublished\":\"2018-04-10T11:14:46+00:00\",\"dateModified\":\"2019-04-18T13:44:58+00:00\",\"mainEntityOfPage\":{\"@id\":\"https:\/\/polowiec.pl\/en\/legal-bulletin-of-the-law-office-of-adam-polowiec-19-march-2018-8-april-2018\/\"},\"wordCount\":3610,\"publisher\":{\"@id\":\"https:\/\/polowiec.pl\/en\/#organization\"},\"articleSection\":[\"Wpisy\"],\"inLanguage\":\"en-US\"},{\"@type\":\"WebPage\",\"@id\":\"https:\/\/polowiec.pl\/en\/legal-bulletin-of-the-law-office-of-adam-polowiec-19-march-2018-8-april-2018\/\",\"url\":\"https:\/\/polowiec.pl\/en\/legal-bulletin-of-the-law-office-of-adam-polowiec-19-march-2018-8-april-2018\/\",\"name\":\"Legal Bulletin Of The Law Office Of Adam Polowiec (19 March 2018 \u2013 8 April 2018) - Polowiec i Wsp\u00f3lnicy - Kancelaria prawna\",\"isPartOf\":{\"@id\":\"https:\/\/polowiec.pl\/en\/#website\"},\"datePublished\":\"2018-04-10T11:14:46+00:00\",\"dateModified\":\"2019-04-18T13:44:58+00:00\",\"breadcrumb\":{\"@id\":\"https:\/\/polowiec.pl\/en\/legal-bulletin-of-the-law-office-of-adam-polowiec-19-march-2018-8-april-2018\/#breadcrumb\"},\"inLanguage\":\"en-US\",\"potentialAction\":[{\"@type\":\"ReadAction\",\"target\":[\"https:\/\/polowiec.pl\/en\/legal-bulletin-of-the-law-office-of-adam-polowiec-19-march-2018-8-april-2018\/\"]}]},{\"@type\":\"BreadcrumbList\",\"@id\":\"https:\/\/polowiec.pl\/en\/legal-bulletin-of-the-law-office-of-adam-polowiec-19-march-2018-8-april-2018\/#breadcrumb\",\"itemListElement\":[{\"@type\":\"ListItem\",\"position\":1,\"name\":\"Strona g\u0142\u00f3wna\",\"item\":\"https:\/\/polowiec.pl\/en\/\"},{\"@type\":\"ListItem\",\"position\":2,\"name\":\"Legal Bulletin Of The Law Office Of Adam Polowiec (19 March 2018 \u2013 8 April 2018)\"}]},{\"@type\":\"WebSite\",\"@id\":\"https:\/\/polowiec.pl\/en\/#website\",\"url\":\"https:\/\/polowiec.pl\/en\/\",\"name\":\"Polowiec i Wsp\u00f3lnicy - Kancelaria prawna\",\"description\":\"Obs\u0142uga prawna\",\"publisher\":{\"@id\":\"https:\/\/polowiec.pl\/en\/#organization\"},\"potentialAction\":[{\"@type\":\"SearchAction\",\"target\":{\"@type\":\"EntryPoint\",\"urlTemplate\":\"https:\/\/polowiec.pl\/en\/?s={search_term_string}\"},\"query-input\":{\"@type\":\"PropertyValueSpecification\",\"valueRequired\":true,\"valueName\":\"search_term_string\"}}],\"inLanguage\":\"en-US\"},{\"@type\":\"Organization\",\"@id\":\"https:\/\/polowiec.pl\/en\/#organization\",\"name\":\"Polowiec i Wsp\u00f3lnicy - Kancelaria prawna\",\"url\":\"https:\/\/polowiec.pl\/en\/\",\"logo\":{\"@type\":\"ImageObject\",\"inLanguage\":\"en-US\",\"@id\":\"https:\/\/polowiec.pl\/en\/#\/schema\/logo\/image\/\",\"url\":\"https:\/\/polowiec.pl\/wp-content\/uploads\/2018\/10\/polowiec_logo2-1.png\",\"contentUrl\":\"https:\/\/polowiec.pl\/wp-content\/uploads\/2018\/10\/polowiec_logo2-1.png\",\"width\":540,\"height\":381,\"caption\":\"Polowiec i Wsp\u00f3lnicy - Kancelaria prawna\"},\"image\":{\"@id\":\"https:\/\/polowiec.pl\/en\/#\/schema\/logo\/image\/\"},\"sameAs\":[\"https:\/\/www.facebook.com\/polowieciwspolnicy\/\",\"https:\/\/www.linkedin.com\/company\/polowiec-i-wsplnicy-sp.j.\/about\/\"]},{\"@type\":\"Person\",\"@id\":\"https:\/\/polowiec.pl\/en\/#\/schema\/person\/6178ac96ba1d4d590993734f8a0a6539\",\"name\":\"Monika\",\"image\":{\"@type\":\"ImageObject\",\"inLanguage\":\"en-US\",\"@id\":\"https:\/\/secure.gravatar.com\/avatar\/525d12775156493d0259a4384e9f7b0a0e6cc1c583cc1d0ae144bd6ca07140ea?s=96&d=mm&r=g\",\"url\":\"https:\/\/secure.gravatar.com\/avatar\/525d12775156493d0259a4384e9f7b0a0e6cc1c583cc1d0ae144bd6ca07140ea?s=96&d=mm&r=g\",\"contentUrl\":\"https:\/\/secure.gravatar.com\/avatar\/525d12775156493d0259a4384e9f7b0a0e6cc1c583cc1d0ae144bd6ca07140ea?s=96&d=mm&r=g\",\"caption\":\"Monika\"}}]}<\/script>\n<!-- \/ Yoast SEO plugin. -->","yoast_head_json":{"title":"Legal Bulletin Of The Law Office Of Adam Polowiec (19 March 2018 \u2013 8 April 2018) - Polowiec i Wsp\u00f3lnicy - Kancelaria prawna","robots":{"index":"index","follow":"follow","max-snippet":"max-snippet:-1","max-image-preview":"max-image-preview:large","max-video-preview":"max-video-preview:-1"},"canonical":"https:\/\/polowiec.pl\/en\/legal-bulletin-of-the-law-office-of-adam-polowiec-19-march-2018-8-april-2018\/","og_locale":"en_US","og_type":"article","og_title":"Legal Bulletin Of The Law Office Of Adam Polowiec (19 March 2018 \u2013 8 April 2018) - Polowiec i Wsp\u00f3lnicy - Kancelaria prawna","og_description":"We would like to present the next issue of legal bulletin of the Law Office of Adam Polowiec.What you will find here is some information about the new provisions of law and the projects of amendments to acts, but also case-laws including the case laws of Supreme Court, Constitutional Tribunal and European Court of Justice.","og_url":"https:\/\/polowiec.pl\/en\/legal-bulletin-of-the-law-office-of-adam-polowiec-19-march-2018-8-april-2018\/","og_site_name":"Polowiec i Wsp\u00f3lnicy - Kancelaria prawna","article_publisher":"https:\/\/www.facebook.com\/polowieciwspolnicy\/","article_published_time":"2018-04-10T11:14:46+00:00","article_modified_time":"2019-04-18T13:44:58+00:00","author":"Monika","twitter_card":"summary_large_image","twitter_misc":{"Written by":"Monika","Est. reading time":"18 minutes"},"schema":{"@context":"https:\/\/schema.org","@graph":[{"@type":"Article","@id":"https:\/\/polowiec.pl\/en\/legal-bulletin-of-the-law-office-of-adam-polowiec-19-march-2018-8-april-2018\/#article","isPartOf":{"@id":"https:\/\/polowiec.pl\/en\/legal-bulletin-of-the-law-office-of-adam-polowiec-19-march-2018-8-april-2018\/"},"author":{"name":"Monika","@id":"https:\/\/polowiec.pl\/en\/#\/schema\/person\/6178ac96ba1d4d590993734f8a0a6539"},"headline":"Legal Bulletin Of The Law Office Of Adam Polowiec (19 March 2018 \u2013 8 April 2018)","datePublished":"2018-04-10T11:14:46+00:00","dateModified":"2019-04-18T13:44:58+00:00","mainEntityOfPage":{"@id":"https:\/\/polowiec.pl\/en\/legal-bulletin-of-the-law-office-of-adam-polowiec-19-march-2018-8-april-2018\/"},"wordCount":3610,"publisher":{"@id":"https:\/\/polowiec.pl\/en\/#organization"},"articleSection":["Wpisy"],"inLanguage":"en-US"},{"@type":"WebPage","@id":"https:\/\/polowiec.pl\/en\/legal-bulletin-of-the-law-office-of-adam-polowiec-19-march-2018-8-april-2018\/","url":"https:\/\/polowiec.pl\/en\/legal-bulletin-of-the-law-office-of-adam-polowiec-19-march-2018-8-april-2018\/","name":"Legal Bulletin Of The Law Office Of Adam Polowiec (19 March 2018 \u2013 8 April 2018) - Polowiec i Wsp\u00f3lnicy - Kancelaria prawna","isPartOf":{"@id":"https:\/\/polowiec.pl\/en\/#website"},"datePublished":"2018-04-10T11:14:46+00:00","dateModified":"2019-04-18T13:44:58+00:00","breadcrumb":{"@id":"https:\/\/polowiec.pl\/en\/legal-bulletin-of-the-law-office-of-adam-polowiec-19-march-2018-8-april-2018\/#breadcrumb"},"inLanguage":"en-US","potentialAction":[{"@type":"ReadAction","target":["https:\/\/polowiec.pl\/en\/legal-bulletin-of-the-law-office-of-adam-polowiec-19-march-2018-8-april-2018\/"]}]},{"@type":"BreadcrumbList","@id":"https:\/\/polowiec.pl\/en\/legal-bulletin-of-the-law-office-of-adam-polowiec-19-march-2018-8-april-2018\/#breadcrumb","itemListElement":[{"@type":"ListItem","position":1,"name":"Strona g\u0142\u00f3wna","item":"https:\/\/polowiec.pl\/en\/"},{"@type":"ListItem","position":2,"name":"Legal Bulletin Of The Law Office Of Adam Polowiec (19 March 2018 \u2013 8 April 2018)"}]},{"@type":"WebSite","@id":"https:\/\/polowiec.pl\/en\/#website","url":"https:\/\/polowiec.pl\/en\/","name":"Polowiec i Wsp\u00f3lnicy - Kancelaria prawna","description":"Obs\u0142uga prawna","publisher":{"@id":"https:\/\/polowiec.pl\/en\/#organization"},"potentialAction":[{"@type":"SearchAction","target":{"@type":"EntryPoint","urlTemplate":"https:\/\/polowiec.pl\/en\/?s={search_term_string}"},"query-input":{"@type":"PropertyValueSpecification","valueRequired":true,"valueName":"search_term_string"}}],"inLanguage":"en-US"},{"@type":"Organization","@id":"https:\/\/polowiec.pl\/en\/#organization","name":"Polowiec i Wsp\u00f3lnicy - Kancelaria prawna","url":"https:\/\/polowiec.pl\/en\/","logo":{"@type":"ImageObject","inLanguage":"en-US","@id":"https:\/\/polowiec.pl\/en\/#\/schema\/logo\/image\/","url":"https:\/\/polowiec.pl\/wp-content\/uploads\/2018\/10\/polowiec_logo2-1.png","contentUrl":"https:\/\/polowiec.pl\/wp-content\/uploads\/2018\/10\/polowiec_logo2-1.png","width":540,"height":381,"caption":"Polowiec i Wsp\u00f3lnicy - Kancelaria prawna"},"image":{"@id":"https:\/\/polowiec.pl\/en\/#\/schema\/logo\/image\/"},"sameAs":["https:\/\/www.facebook.com\/polowieciwspolnicy\/","https:\/\/www.linkedin.com\/company\/polowiec-i-wsplnicy-sp.j.\/about\/"]},{"@type":"Person","@id":"https:\/\/polowiec.pl\/en\/#\/schema\/person\/6178ac96ba1d4d590993734f8a0a6539","name":"Monika","image":{"@type":"ImageObject","inLanguage":"en-US","@id":"https:\/\/secure.gravatar.com\/avatar\/525d12775156493d0259a4384e9f7b0a0e6cc1c583cc1d0ae144bd6ca07140ea?s=96&d=mm&r=g","url":"https:\/\/secure.gravatar.com\/avatar\/525d12775156493d0259a4384e9f7b0a0e6cc1c583cc1d0ae144bd6ca07140ea?s=96&d=mm&r=g","contentUrl":"https:\/\/secure.gravatar.com\/avatar\/525d12775156493d0259a4384e9f7b0a0e6cc1c583cc1d0ae144bd6ca07140ea?s=96&d=mm&r=g","caption":"Monika"}}]}},"_links":{"self":[{"href":"https:\/\/polowiec.pl\/en\/wp-json\/wp\/v2\/posts\/845","targetHints":{"allow":["GET"]}}],"collection":[{"href":"https:\/\/polowiec.pl\/en\/wp-json\/wp\/v2\/posts"}],"about":[{"href":"https:\/\/polowiec.pl\/en\/wp-json\/wp\/v2\/types\/post"}],"author":[{"embeddable":true,"href":"https:\/\/polowiec.pl\/en\/wp-json\/wp\/v2\/users\/4"}],"replies":[{"embeddable":true,"href":"https:\/\/polowiec.pl\/en\/wp-json\/wp\/v2\/comments?post=845"}],"version-history":[{"count":0,"href":"https:\/\/polowiec.pl\/en\/wp-json\/wp\/v2\/posts\/845\/revisions"}],"wp:attachment":[{"href":"https:\/\/polowiec.pl\/en\/wp-json\/wp\/v2\/media?parent=845"}],"wp:term":[{"taxonomy":"category","embeddable":true,"href":"https:\/\/polowiec.pl\/en\/wp-json\/wp\/v2\/categories?post=845"},{"taxonomy":"post_tag","embeddable":true,"href":"https:\/\/polowiec.pl\/en\/wp-json\/wp\/v2\/tags?post=845"}],"curies":[{"name":"wp","href":"https:\/\/api.w.org\/{rel}","templated":true}]}}