{"id":854,"date":"2018-05-30T08:36:25","date_gmt":"2018-05-30T06:36:25","guid":{"rendered":"https:\/\/nowa.polowiec.pl\/legal-bulletin-of-the-law-office-of-adam-polowiec-23-april-2018-27-may-2018\/"},"modified":"2019-04-18T18:15:10","modified_gmt":"2019-04-18T16:15:10","slug":"legal-bulletin-of-the-law-office-of-adam-polowiec-23-april-2018-27-may-2018","status":"publish","type":"post","link":"https:\/\/polowiec.pl\/en\/legal-bulletin-of-the-law-office-of-adam-polowiec-23-april-2018-27-may-2018\/","title":{"rendered":"Legal Bulletin Of The Law Office Of Adam Polowiec (23 April 2018 \u2013 27 May 2018)"},"content":{"rendered":"<p><span style=\"font-size: 14px; text-align: justify;\">We would like to present the next issue of legal bulletin of the Law Office of Adam Polowiec.<\/span><br style=\"font-size: 14px; text-align: justify;\" \/><span style=\"font-size: 14px; text-align: justify;\">What you will find here is some information about the new provisions of law and the projects of amendments to acts, but also case-laws including the case laws of Supreme Court, Constitutional Tribunal and European Court of Justice<\/span>.<\/p>\n<p>  <!--more-->  <\/p>\n<p>&nbsp;<strong> _____Nowe Prawo<\/strong><\/p>\n<p><strong>TRYBUNA\u0141 KONSTYTUCYJNY<\/strong><br \/>Ustawa z&nbsp;dnia 12 kwietnia 2018 r. o&nbsp;zmianie ustawy &#8211; Przepisy wprowadzaj\u0105ce ustaw\u0119 o&nbsp;organizacji i&nbsp;trybie post\u0119powania przed Trybuna\u0142em Konstytucyjnym oraz ustaw\u0119 o&nbsp;statusie s\u0119dzi&oacute;w Trybuna\u0142u Konstytucyjnego (Dz. U. z&nbsp;2018 r., poz. 849) &ndash; wesz\u0142a w&nbsp;\u017cycie z&nbsp;dniem 23 maja 2018 r.<br \/>W ustawie z&nbsp;dnia 13 grudnia 2016 r. &#8211; Przepisy wprowadzaj\u0105ce ustaw\u0119 o&nbsp;organizacji i&nbsp;trybie post\u0119powania przed Trybuna\u0142em Konstytucyjnym oraz ustaw\u0119 o&nbsp;statusie s\u0119dzi&oacute;w Trybuna\u0142u Konstytucyjnego (Dz. U. poz. 2074) zmianie uleg\u0142o brzmienie art. 19.<\/p>\n<p><strong>US\u0141UGI P\u0141ATNICZE<\/strong><br \/>Ustawa z&nbsp;dnia 22 marca 2018 r. o&nbsp;zmianie ustawy o&nbsp;us\u0142ugach p\u0142atniczych oraz niekt&oacute;rych innych ustaw (Dz. U. z&nbsp;2018 r., poz. 864) &ndash; wejdzie w&nbsp;\u017cycie z&nbsp;dniem 11 sierpnia 2018 r.<br \/>W ustawie z&nbsp;dnia 19 sierpnia 2011 r. o&nbsp;us\u0142ugach p\u0142atniczych (Dz. U. z&nbsp;2017 r. poz. 2003 oraz z&nbsp;2018 r. poz. 62, 650 i&nbsp;723) w&nbsp;art. 2 dodaje si\u0119 pkt 25a, w&nbsp;art. 12 w&nbsp;ust. 1 dodaje si\u0119 pkt 3a i&nbsp;3b, dodaje si\u0119 art. 143a-143c, dodaje si\u0119 art. 153d, zmianie ulegnie brzmienie art. 143.<br \/>W ustawie z&nbsp;dnia 29 sierpnia 1997 r. &#8211; Prawo bankowe (Dz. U. z&nbsp;2017 r. poz. 1876, z&nbsp;p&oacute;\u017an. zm.) zmianie ulegnie brzmienie art. 105 ust. 1.<br \/>W ustawie z&nbsp;dnia 5 listopada 2009 r. o&nbsp;sp&oacute;\u0142dzielczych kasach oszcz\u0119dno\u015bciowo-kredytowych (Dz. U. z&nbsp;2017 r. poz. 2065, z&nbsp;p&oacute;\u017an. zm.) w&nbsp;art. 9f w&nbsp;ust. 1 dodaje si\u0119 pkt 5d i&nbsp;5e.<\/p>\n<p><strong>S\u0104DY POWSZECHNE<\/strong><br \/>Ustawa z&nbsp;dnia 12 kwietnia 2018 r. o&nbsp;zmianie ustawy &#8211; Prawo o&nbsp;ustroju s\u0105d&oacute;w powszechnych, ustawy o&nbsp;Krajowej Radzie S\u0105downictwa oraz ustawy o&nbsp;S\u0105dzie Najwy\u017cszym (Dz. U. z&nbsp;2018 r., poz. 848) &ndash; wesz\u0142a w&nbsp;\u017cycie z&nbsp;dniem 23 maja 2018 r.<br \/>W ustawie z&nbsp;dnia 27 lipca 2001 r. &#8211; Prawo o&nbsp;ustroju s\u0105d&oacute;w powszechnych (Dz. U. z&nbsp;2018 r. poz. 23, 3, 5, 106, 138 i&nbsp;771) zmianie uleg\u0142o brzmienie art. 27, art. 30 &sect; 1, art. 69, w&nbsp;art. 28 dodaje si\u0119 &sect; 1a.<br \/>W ustawie z&nbsp;dnia 12 maja 2011 r. o&nbsp;Krajowej Radzie S\u0105downictwa (Dz. U. z&nbsp;2018 r. poz. 389) w&nbsp;art. 14 w&nbsp;ust. 1 uchyla si\u0119 pkt 4, zmianie uleg\u0142o brzmienie art. 20.<br \/>W ustawie z&nbsp;dnia 8 grudnia 2017 r. o&nbsp;S\u0105dzie Najwy\u017cszym (Dz. U. z&nbsp;2018 r. poz. 5, 650, 771 i&nbsp;847) zmianie ulegnie brzmienie art. 37<br \/>Ustawa z&nbsp;dnia 12 kwietnia 2018 r. o&nbsp;zmianie ustawy o&nbsp;S\u0105dzie Najwy\u017cszym (Dz. U. z&nbsp;2018 r., poz. 847) &ndash; wesz\u0142a w&nbsp;\u017cycie z&nbsp;dniem 9 maja 2018 r.<br \/>W ustawie z&nbsp;dnia 8 grudnia 2017 r. o&nbsp;S\u0105dzie Najwy\u017cszym (Dz. U. z&nbsp;2018 r. poz. 5, 650 i&nbsp;771) w&nbsp;art. 7 dodaje si\u0119 &sect; 5 i&nbsp;6, zmianie ulegnie brzmienie art. 13 &sect; 5, w&nbsp;art. 14 w&nbsp;&sect; 1 w&nbsp;pkt 3 wyraz &#8220;przedstawia&#8221; zast\u0119puje si\u0119 wyrazami &#8220;opiniuje i&nbsp;przedstawia&#8221;, w&nbsp;art. 15 w&nbsp;&sect; 2 wyraz &#8220;przedstawionych&#8221; zast\u0119puje si\u0119 wyrazem &#8220;wybranych&#8221;, zmianie ulegnie brzmienie art. 61 &sect; 2, w&nbsp;art. 73 uchyla si\u0119 &sect; 2, w&nbsp;art. 91 w&nbsp;&sect; 1 wyraz &#8220;rozprawy&#8221; zast\u0119puje si\u0119 wyrazem &#8220;post\u0119powania&#8221;, dodaje si\u0119 art. 111a, zmianie ulegnie brzmienie art. 111, art. 112, dodaje si\u0119 art. 112a, w&nbsp;art. 113 po wyrazach &#8220;wniosek o&nbsp;powo\u0142anie&#8221; skre\u015bla si\u0119 wyraz &#8220;s\u0119dziego&#8221;, zmianie ulegnie brzmienie art. 127, art. 131.<\/p>\n<p><strong>KOSZTY S\u0104DOWE W&nbsp;SPRAWACH CYWILNYCH<\/strong><br \/>Ustawa z&nbsp;dnia 22 marca 2018 r. o&nbsp;zmianie ustawy o&nbsp;kosztach s\u0105dowych w&nbsp;sprawach cywilnych (Dz. U. z&nbsp;2018 r., poz. 914) &ndash; wejdzie w&nbsp;\u017cycie z&nbsp;dniem 31 maja 2018 r.<br \/>W ustawie z&nbsp;dnia 28 lipca 2005 r. o&nbsp;kosztach s\u0105dowych w&nbsp;sprawach cywilnych (Dz. U. z&nbsp;2018 r. poz. 300, 398 i&nbsp;770) w&nbsp;art. 95 dodaje si\u0119 ust. 1b-1d.<\/p>\n<p><strong>KRAJOWA ADMINISTRACJA SKARBOWA<\/strong><br \/>Rozporz\u0105dzenie Rady Ministr&oacute;w z&nbsp;dnia 20 kwietnia 2018 r. w&nbsp;sprawie cel&oacute;w specjalnych przeznaczenia wyrob&oacute;w akcyzowych oraz kontroli wyrob&oacute;w akcyzowych, kt&oacute;re zosta\u0142y przeznaczone na cele specjalne (Dz. U. z&nbsp;2018 r., poz. 880) &ndash; wesz\u0142o w&nbsp;\u017cycie z&nbsp;dniem 12 maja 2018 r.<\/p>\n<p><strong>PRAWO FARMACEUTYCZNE<\/strong><br \/>Rozporz\u0105dzenie Ministra Zdrowia z&nbsp;dnia 25 kwietnia 2018 r. zmieniaj\u0105ce rozporz\u0105dzenie w&nbsp;sprawie wykazu produkt&oacute;w leczniczych, kt&oacute;re mog\u0105 by\u0107 dora\u017anie dostarczane w&nbsp;zwi\u0105zku z&nbsp;udzielanym \u015bwiadczeniem zdrowotnym, oraz wykazu produkt&oacute;w leczniczych wchodz\u0105cych w&nbsp;sk\u0142ad zestaw&oacute;w przeciwwstrz\u0105sowych, ratuj\u0105cych \u017cycie (Dz. U. z&nbsp;2018 r., poz. 909) &ndash; wejdzie w&nbsp;\u017cycie z&nbsp;dniem 30 maja 2018 r.<br \/>W rozporz\u0105dzeniu Ministra Zdrowia z&nbsp;dnia 12 stycznia 2011 r. w&nbsp;sprawie wykazu produkt&oacute;w leczniczych, kt&oacute;re mog\u0105 by\u0107 dora\u017anie dostarczane w&nbsp;zwi\u0105zku z&nbsp;udzielanym \u015bwiadczeniem zdrowotnym, oraz wykazu produkt&oacute;w leczniczych wchodz\u0105cych w&nbsp;sk\u0142ad zestaw&oacute;w przeciwwstrz\u0105sowych, ratuj\u0105cych \u017cycie (Dz. U. poz. 94) zmianie ulegnie brzmienie za\u0142\u0105cznika nr 1 do rozporz\u0105dzenia, za\u0142\u0105cznika nr 2 do rozporz\u0105dzenia, za\u0142\u0105cznika nr 3 do rozporz\u0105dzenia.<\/p>\n<p><strong>POST\u0118POWANIE CYWILNE<\/strong><br \/>Rozporz\u0105dzenie Ministra Sprawiedliwo\u015bci z&nbsp;dnia 30 kwietnia 2018 r. zmieniaj\u0105ce rozporz\u0105dzenie w&nbsp;sprawie okre\u015blenia wzor&oacute;w i&nbsp;sposobu udost\u0119pniania urz\u0119dowych formularzy pism procesowych w&nbsp;post\u0119powaniu cywilnym (Dz. U. z&nbsp;2018 r., poz. 898) &ndash; wejdzie w&nbsp;\u017cycie z&nbsp;dniem 30 maja 2018 r.<br \/>W rozporz\u0105dzeniu Ministra Sprawiedliwo\u015bci z&nbsp;dnia 5 kwietnia 2012 r. w&nbsp;sprawie okre\u015blenia wzor&oacute;w i&nbsp;sposobu udost\u0119pniania urz\u0119dowych formularzy pism procesowych w&nbsp;post\u0119powaniu cywilnym (Dz. U. z&nbsp;2015 r. poz. 723 oraz z&nbsp;2016 r. poz. 269 i&nbsp;1213) zmianie ulegnie brzmienie za\u0142\u0105cznik&oacute;w nr 1 i&nbsp;3-6.<\/p>\n<p><strong>KODEKS WYKROCZE\u0143<\/strong><br \/>Ustawa z&nbsp;dnia 22 marca 2018 r. o&nbsp;zmianie ustawy &#8211; Kodeks wykrocze\u0144 (Dz. U. z&nbsp;2018 r., poz. 911) &ndash; wejdzie w&nbsp;\u017cycie z&nbsp;dniem 30 maja 2018 r.<\/p>\n<p><strong>PRAWO O&nbsp;RUCHU DROGOWYM, KIERUJ\u0104CY POJAZDAMI<\/strong><br \/>Rozporz\u0105dzenie Ministra Infrastruktury z&nbsp;dnia 18 kwietnia 2018 r. zmieniaj\u0105ce rozporz\u0105dzenie w&nbsp;sprawie warunk&oacute;w technicznych pojazd&oacute;w oraz zakresu ich niezb\u0119dnego wyposa\u017cenia (Dz. U. z&nbsp;2018 r., poz. 855) &ndash; wesz\u0142o w&nbsp;\u017cycie z&nbsp;dniem 20 maja 2018 r., z&nbsp;wyj\u0105tkiem &sect; 1 pkt 1 lit. a, kt&oacute;ry wchodzi w&nbsp;\u017cycie z&nbsp;dniem nast\u0119puj\u0105cym po dniu og\u0142oszenia.<br \/>W rozporz\u0105dzeniu Ministra Infrastruktury z&nbsp;dnia 31 grudnia 2002 r. w&nbsp;sprawie warunk&oacute;w technicznych pojazd&oacute;w oraz zakresu ich niezb\u0119dnego wyposa\u017cenia (Dz. U. z&nbsp;2016 r. poz. 2022 oraz z&nbsp;2017 r. poz. 2338) zmianie uleg\u0142o brzmienie &sect; 7, w&nbsp;&sect; 9 dodaje si\u0119 ust. 6-9, w&nbsp;&sect; 59 dodaje si\u0119 ust. 20.<br \/>Rozporz\u0105dzenie Ministra Infrastruktury z&nbsp;dnia 19 kwietnia 2018 r. zmieniaj\u0105ce rozporz\u0105dzenie w&nbsp;sprawie okresowych ogranicze\u0144 oraz zakazu ruchu niekt&oacute;rych rodzaj&oacute;w pojazd&oacute;w na drogach (Dz. U. z&nbsp;2018 r., poz. 844) &ndash; wesz\u0142o w&nbsp;\u017cycie z&nbsp;dniem 9 maja 2018 r.<br \/>W rozporz\u0105dzeniu Ministra Transportu z&nbsp;dnia 31 lipca 2007 r. w&nbsp;sprawie okresowych ogranicze\u0144 oraz zakazu ruchu niekt&oacute;rych rodzaj&oacute;w pojazd&oacute;w na drogach (Dz. U. z&nbsp;2013 r. poz. 839) zmianie uleg\u0142o brzmienie &sect; 3 ust. 1 pkt 1.<br \/>Rozporz\u0105dzenie Ministra Infrastruktury z&nbsp;dnia 7 maja 2018 r. zmieniaj\u0105ce rozporz\u0105dzenie w&nbsp;sprawie rejestracji i&nbsp;oznaczania pojazd&oacute;w oraz wymaga\u0144 dla tablic rejestracyjnych (Dz. U. z&nbsp;2018 r., poz. 893) &#8211; wejdzie w&nbsp;\u017cycie z&nbsp;dniem 1 lipca 2018 r., z&nbsp;wyj\u0105tkiem:<br \/>1) &sect; 1 pkt 1, pkt 2 w&nbsp;zakresie &sect; 48a ust. 2, pkt 4 i&nbsp;pkt 5 lit. a, kt&oacute;re wchodz\u0105 w&nbsp;\u017cycie z&nbsp;dniem nast\u0119puj\u0105cym po dniu og\u0142oszenia;<br \/>2) &sect; 1 pkt 2 w&nbsp;zakresie &sect; 48a ust. 1, kt&oacute;ry wchodzi w&nbsp;\u017cycie z&nbsp;dniem 23 sierpnia 2018 r.<br \/>W rozporz\u0105dzeniu Ministra Infrastruktury i&nbsp;Budownictwa z&nbsp;dnia 11 grudnia 2017 r. w&nbsp;sprawie rejestracji i&nbsp;oznaczania pojazd&oacute;w oraz wymaga\u0144 dla tablic rejestracyjnych (Dz. U. poz. 2355) w&nbsp;&sect; 42 w&nbsp;ust. 2 wyrazy &#8221; &#8220;LPG&#8221; lub &#8220;CNG&#8221; &#8221; zast\u0119puje si\u0119 wyrazami &#8221; &#8220;LPG&#8221;, &#8220;CNG&#8221; albo &#8220;LNG&#8221; &#8220;, dodaje si\u0119 &sect; 48a, w&nbsp;&sect; 49 wyrazy &#8220;&sect; 42-48&#8221; zast\u0119puje si\u0119 wyrazami &#8220;&sect; 42-48a&#8221;, w&nbsp;za\u0142\u0105czniku nr 12 do rozporz\u0105dzenia w&nbsp;tabeli &#8220;Wyr&oacute;\u017cniki wojew&oacute;dztw i&nbsp;powiat&oacute;w dla tablic rejestracyjnych&#8221; w&nbsp;kolumnie 5 w&nbsp;lp. 7 w&nbsp;rubryce dotycz\u0105cej powiatu &#8220;Piaseczy\u0144skiego&#8221; po literach &#8220;PI&#8221; dodaje si\u0119 przecinek i&nbsp;litery &#8220;PA&#8221;, zmianie ulegnie brzmienie za\u0142\u0105cznika nr 15.<br \/>Rozporz\u0105dzenie Ministra Spraw Wewn\u0119trznych i&nbsp;Administracji z&nbsp;dnia 11 maja 2018 r. zmieniaj\u0105ce rozporz\u0105dzenie w&nbsp;sprawie kontroli ruchu drogowego (Dz. U. z&nbsp;2018 r., poz. 948) &ndash; wesz\u0142o w&nbsp;\u017cycie z&nbsp;dniem 20 maja 2018 r.<br \/>W rozporz\u0105dzeniu Ministra Spraw Wewn\u0119trznych i&nbsp;Administracji z&nbsp;dnia 18 lipca 2008 r. w&nbsp;sprawie kontroli ruchu drogowego (Dz. U. poz. 841, z&nbsp;p&oacute;\u017an. zm.) zmianie uleg\u0142o brzmienie odno\u015bnika nr 2, &sect; 6, dodaje si\u0119 &sect; 6a i&nbsp;6b, uchyla si\u0119 &sect; 7, po za\u0142\u0105czniku nr 1 do rozporz\u0105dzenia dodaje si\u0119 za\u0142\u0105czniki nr 1a-1c, uchyla si\u0119 za\u0142\u0105czniki nr 2 i&nbsp;3.<br \/>Rozporz\u0105dzenie Ministra Zdrowia z&nbsp;dnia 16 maja 2018 r. zmieniaj\u0105ce rozporz\u0105dzenie w&nbsp;sprawie bada\u0144 lekarskich os&oacute;b ubiegaj\u0105cych si\u0119 o&nbsp;uprawnienia do kierowania pojazdami i&nbsp;kierowc&oacute;w (Dz. U. z&nbsp;2018 r., poz. 970) &ndash; wejdzie w&nbsp;\u017cycie z&nbsp;dniem 6 czerwca 2018 r.<br \/>W rozporz\u0105dzeniu Ministra Zdrowia z&nbsp;dnia 17 lipca 2014 r. w&nbsp;sprawie bada\u0144 lekarskich os&oacute;b ubiegaj\u0105cych si\u0119 o&nbsp;uprawnienia do kierowania pojazdami i&nbsp;kierowc&oacute;w (Dz. U. z&nbsp;2017 r. poz. 250 i&nbsp;293) w&nbsp;&sect; 4 w&nbsp;ust. 1 w&nbsp;pkt 2 skre\u015bla si\u0119 wyrazy &#8220;i r&oacute;wnowagi&#8221;, zmianie ulegnie brzmienie &sect; 5, &sect; 6, za\u0142\u0105cznika nr 2 -4, 5-6, dodaje si\u0119 za\u0142\u0105cznik nr 4a.<\/p>\n<p><strong>PRZECIWDZIA\u0141ANIE PRANIU PIENI\u0118DZY ORAZ FINANSOWANIU TERRORYZMU<\/strong><br \/>Rozporz\u0105dzenie Ministra Finans&oacute;w z&nbsp;dnia 16 maja 2018 r. w&nbsp;sprawie zg\u0142aszania informacji o&nbsp;beneficjentach rzeczywistych (Dz. U. z&nbsp;2018 r., poz. 968) &ndash; wejdzie w&nbsp;\u017cycie z&nbsp;dniem 13 pa\u017adziernika 2019 r.<br \/>Rozporz\u0105dzenie Ministra Finans&oacute;w z&nbsp;dnia 16 maja 2018 r. w&nbsp;sprawie wniosk&oacute;w o&nbsp;udost\u0119pnienie informacji o&nbsp;beneficjentach rzeczywistych oraz udost\u0119pniania tych informacji (Dz. U. z&nbsp;2018 r., poz. 965) &ndash; wejdzie w&nbsp;\u017cycie z&nbsp;dniem 13 pa\u017adziernika 2019 r.<br \/>Rozporz\u0105dzenie Ministra Finans&oacute;w z&nbsp;dnia 16 maja 2018 r. w&nbsp;sprawie odbierania zg\u0142osze\u0144 narusze\u0144 przepis&oacute;w z&nbsp;zakresu przeciwdzia\u0142ania praniu pieni\u0119dzy oraz finansowaniu terroryzmu (Dz. U. z&nbsp;2018 r., poz. 959) &ndash; wejdzie w&nbsp;\u017cycie z&nbsp;dniem 13 lipca 2018 r.<\/p>\n<p><strong>PRAWO PODATKOWE<\/strong><br \/>Rozporz\u0105dzenie Ministra Finans&oacute;w z&nbsp;dnia 18 kwietnia 2018 r. w&nbsp;sprawie wzor&oacute;w deklaracji dla podatku od towar&oacute;w i&nbsp;us\u0142ug (Dz. U. z&nbsp;2018 r., poz. 856) &ndash; wejdzie w&nbsp;\u017cycie z&nbsp;dniem 1 lipca 2018 r.<br \/>Rozporz\u0105dzenie Ministra Finans&oacute;w z&nbsp;dnia 20 kwietnia 2018 r. zmieniaj\u0105ce rozporz\u0105dzenie w&nbsp;sprawie zwolnienia z&nbsp;obowi\u0105zku z\u0142o\u017cenia zabezpieczenia akcyzowego (Dz. U. z&nbsp;2018 r., poz. 809) &ndash; wesz\u0142o w&nbsp;\u017cycie z&nbsp;dniem 30 kwietnia 2018 r.<br \/>W rozporz\u0105dzeniu Ministra Finans&oacute;w z&nbsp;dnia 15 grudnia 2014 r. w&nbsp;sprawie zwolnienia z&nbsp;obowi\u0105zku z\u0142o\u017cenia zabezpieczenia akcyzowego (Dz. U. z&nbsp;2018 r. poz. 559) w&nbsp;&sect; 2 w&nbsp;ust. 1 w&nbsp;pkt 1 skre\u015bla si\u0119 wyrazy &#8220;oraz o&nbsp;nadanym statystycznym numerze identyfikacyjnym REGON&#8221;, zmianie uleg\u0142o brzmienie za\u0142\u0105cznika do rozporz\u0105dzenia.<br \/>Rozporz\u0105dzenie Ministra Finans&oacute;w z&nbsp;dnia 24 kwietnia 2018 r. w&nbsp;sprawie przed\u0142u\u017cenia terminu do z\u0142o\u017cenia zeznania o&nbsp;wysoko\u015bci dochodu osi\u0105gni\u0119tego (straty poniesionej) w&nbsp;roku podatkowym i&nbsp;wp\u0142aty nale\u017cnego podatku dochodowego od os&oacute;b prawnych (Dz. U. z&nbsp;2018 r., poz. 803) &ndash; wesz\u0142o w&nbsp;\u017cycie z&nbsp;dniem 28 kwietnia 2018 r.<br \/>Rozporz\u0105dzenie Ministra Finans&oacute;w z&nbsp;dnia 25 kwietnia 2018 r. zmieniaj\u0105ce rozporz\u0105dzenie w&nbsp;sprawie wzoru dokument&oacute;w potwierdzaj\u0105cych zap\u0142at\u0119 akcyzy na terytorium kraju od samochodu osobowego nabytego wewn\u0105trzwsp&oacute;lnotowo lub brak obowi\u0105zku zap\u0142aty tej akcyzy (Dz. U. z&nbsp;2018 r., poz. 832) &ndash; wesz\u0142o w&nbsp;\u017cycie z&nbsp;dniem 8 maja 2018 r.<br \/>W rozporz\u0105dzeniu Ministra Finans&oacute;w z&nbsp;dnia 24 lutego 2009 r. w&nbsp;sprawie wzoru dokument&oacute;w potwierdzaj\u0105cych zap\u0142at\u0119 akcyzy na terytorium kraju od samochodu osobowego nabytego wewn\u0105trzwsp&oacute;lnotowo lub brak obowi\u0105zku zap\u0142aty tej akcyzy (Dz. U. z&nbsp;2018 r. poz. 347) zmianie uleg\u0142o brzmienie za\u0142\u0105cznika nr 2.<br \/>Rozporz\u0105dzenie Ministra Finans&oacute;w z&nbsp;dnia 27 kwietnia 2018 r. w&nbsp;sprawie wzoru skr&oacute;conej deklaracji dla podatku od towar&oacute;w i&nbsp;us\u0142ug w&nbsp;zakresie us\u0142ug taks&oacute;wek osobowych opodatkowanych w&nbsp;formie rycza\u0142tu (Dz. U. z&nbsp;2018 r., poz. 837) &ndash; wejdzie w&nbsp;\u017cycie z&nbsp;dniem 1 lipca 2018 r.<br \/>Rozporz\u0105dzenie Ministra Finans&oacute;w z&nbsp;dnia 11 maja 2018 r. zmieniaj\u0105ce rozporz\u0105dzenie w&nbsp;sprawie ewidencji i&nbsp;innych dokumentacji dotycz\u0105cych wyrob&oacute;w akcyzowych i&nbsp;znak&oacute;w akcyzy (Dz. U. z&nbsp;2018 r., poz. 955) &ndash; wesz\u0142o w&nbsp;\u017cycie z&nbsp;dniem 22 maja 2018 r.<br \/>W rozporz\u0105dzeniu Ministra Finans&oacute;w z&nbsp;dnia 27 marca 2018 r. w&nbsp;sprawie ewidencji i&nbsp;innych dokumentacji dotycz\u0105cych wyrob&oacute;w akcyzowych i&nbsp;znak&oacute;w akcyzy (Dz. U. poz. 643) u\u017cyte w&nbsp;&sect; 23 w&nbsp;pkt 1 w&nbsp;lit. d, w&nbsp;pkt 2 w&nbsp;lit. e, w&nbsp;pkt 3 w&nbsp;lit. d, w&nbsp;pkt 4 w&nbsp;lit. d, w&nbsp;pkt 5 w&nbsp;lit. c, w&nbsp;pkt 6 w&nbsp;lit. e, w&nbsp;&sect; 24 w&nbsp;pkt 2 w&nbsp;lit. d, w&nbsp;pkt 3 w&nbsp;lit. d, w&nbsp;&sect; 25 w&nbsp;pkt 2 w&nbsp;lit. d, w&nbsp;&sect; 27 w&nbsp;pkt 1 w&nbsp;lit. d, w&nbsp;pkt 2 w&nbsp;lit. d, w&nbsp;&sect; 28 w&nbsp;pkt 4 w&nbsp;lit. e, w&nbsp;&sect; 29 w&nbsp;pkt 1 w&nbsp;lit. e, w&nbsp;pkt 3 w&nbsp;lit. g, w&nbsp;&sect; 30 w&nbsp;pkt 1 w&nbsp;lit. d, w&nbsp;pkt 4 w&nbsp;lit. d, w&nbsp;&sect; 33 w&nbsp;pkt 3 i&nbsp;7 oraz w&nbsp;&sect; 43 w&nbsp;pkt 2 wyrazy &#8220;numer identyfikacyjny, w&nbsp;szczeg&oacute;lno\u015bci NIP lub REGON&#8221; zast\u0119puje si\u0119 wyrazami &#8220;numer identyfikacyjny, w&nbsp;szczeg&oacute;lno\u015bci numer identyfikacji podatkowej (NIP)&#8221;, zmianie uleg\u0142o brzmienie &sect; 31 w&nbsp;pkt 1 lit. a&nbsp;i b, &sect; 34 ust. 2, &sect; 35 ust. 2, &sect; 44 w&nbsp;ust. 1 pkt 1, za\u0142\u0105cznika nr 12 do rozporz\u0105dzenia.<br \/>Rozporz\u0105dzenie Ministra Finans&oacute;w z&nbsp;dnia 17 maja 2018 r. w&nbsp;sprawie wzoru imiennego upowa\u017cnienia do przeprowadzenia kontroli podatkowej (Dz. U. z&nbsp;2018 r., poz. 951) &ndash; wesz\u0142o w&nbsp;\u017cycie z&nbsp;dniem 20 maja 2018 r.<\/p>\n<p><strong>OCHRONA ZDROWIA<\/strong><br \/>Rozporz\u0105dzenie Ministra Zdrowia z&nbsp;dnia 8 maja 2018 r. w&nbsp;sprawie rodzaj&oacute;w elektronicznej dokumentacji medycznej (Dz. U. z&nbsp;2018 r., poz. 941) &ndash; wejdzie w&nbsp;\u017cycie z&nbsp;dniem 2 czerwca 2018 r.<\/p>\n<p><strong>PRACOWNICY SAMORZ\u0104DOWI<\/strong><br \/>Rozporz\u0105dzenie Rady Ministr&oacute;w z&nbsp;dnia 15 maja 2018 r. w&nbsp;sprawie wynagradzania pracownik&oacute;w samorz\u0105dowych (Dz. U. z&nbsp;2018 r. poz. 936) &ndash; wesz\u0142o w&nbsp;\u017cycie z&nbsp;dniem 19 maja 2018 r.<\/p>\n<p><strong>GOSPODARKA NIERUCHOMO\u015aCIAMI<\/strong><br \/>Rozporz\u0105dzenie Ministra Inwestycji i&nbsp;Rozwoju z&nbsp;dnia 25 kwietnia 2018 r. w&nbsp;sprawie sta\u0142ego doskonalenia kwalifikacji zawodowych przez rzeczoznawc&oacute;w maj\u0105tkowych (Dz. U. z&nbsp;2018 r., poz. 811) &ndash; wesz\u0142o w&nbsp;\u017cycie z&nbsp;dniem 28 kwietnia 2018 r.<\/p>\n<p><strong>PRAWO O&nbsp;NOTARIACIE<\/strong><br \/>Rozporz\u0105dzenie Ministra Sprawiedliwo\u015bci z&nbsp;dnia 25 kwietnia 2018 r. w&nbsp;sprawie sposobu sporz\u0105dzenia elektronicznego wypisu i&nbsp;wyci\u0105gu z&nbsp;aktu notarialnego (Dz. U. z&nbsp;2018 r., poz. 833) &ndash; wesz\u0142o w&nbsp;\u017cycie z&nbsp;dniem 8 maja 2018 r.<\/p>\n<p><strong>POMOC SPO\u0141ECZNA<\/strong><br \/>Rozporz\u0105dzenie Ministra Rodziny, Pracy i&nbsp;Polityki Spo\u0142ecznej z&nbsp;dnia 26 kwietnia 2018 r. w&nbsp;sprawie mieszka\u0144 chronionych (Dz. U. z&nbsp;2018 r., poz. 822) &ndash; wesz\u0142o w&nbsp;\u017cycie z&nbsp;dniem 1 maja 2018 r.<br \/>Ustawa z&nbsp;dnia 9 maja 2018 r. o&nbsp;zmianie ustawy o&nbsp;rencie socjalnej (Dz. U. z&nbsp;2018 r., poz. 933) &ndash; wejdzie w&nbsp;\u017cycie z&nbsp;dniem 1 wrze\u015bnia 2018 r., z&nbsp;moc\u0105 od dnia 1 czerwca 2018 r.<br \/>W ustawie z&nbsp;dnia 27 czerwca 2003 r. o&nbsp;rencie socjalnej (Dz. U. z&nbsp;2013 r. poz. 982 i&nbsp;1650, z&nbsp;2014 r. poz. 1175 i&nbsp;1682 oraz z&nbsp;2017 r. poz. 1543) w&nbsp;art. 6 w&nbsp;ust. 1 wyrazy &#8220;84%&#8221; zast\u0119puje si\u0119 wyrazami &#8220;100%&#8221;.<br \/>Ustawa z&nbsp;dnia 9 maja 2018 r. o&nbsp;szczeg&oacute;lnych rozwi\u0105zaniach wspieraj\u0105cych osoby o&nbsp;znacznym stopniu niepe\u0142nosprawno\u015bci (Dz. U. z&nbsp;2018 r., poz. 932) &ndash; wejdzie w&nbsp;\u017cycie z&nbsp;dniem 1 lipca 2018 r.<\/p>\n<p><strong>PRAWO LOTNICZE<\/strong><br \/>Ustawa z&nbsp;dnia 9 maja 2018 r. o&nbsp;przetwarzaniu danych dotycz\u0105cych przelotu pasa\u017cera (Dz. U. z&nbsp;2018 r., poz. 894) &ndash; wejdzie w&nbsp;\u017cycie z&nbsp;dniem 29 maja 2018 r.<\/p>\n<p><strong>\u015aWIADCZENIA OPIEKI ZDROWOTNEJ FINANSOWANE ZE \u015aRODK&Oacute;W PUBLICZNYCH<\/strong><br \/>Rozporz\u0105dzenie Ministra Zdrowia z&nbsp;dnia 27 kwietnia 2018 r. w&nbsp;sprawie programu pilota\u017cowego w&nbsp;centrach zdrowia psychicznego (Dz. U. z&nbsp;2018 r., poz. 852) &ndash; wesz\u0142o w&nbsp;\u017cycie z&nbsp;dniem 10 maja 2018 r.<\/p>\n<p><strong>PRAWO UNII EUROPEJSKIEJ<\/strong><br \/>Rozporz\u0105dzenie Parlamentu Europejskiego i&nbsp;Rady (UE) 2018\/643 z&nbsp;dnia 18 kwietnia 2018 r. w&nbsp;sprawie statystyki transportu kolejowego<br \/>Rozporz\u0105dzenie Parlamentu Europejskiego i&nbsp;Rady (UE) 2018\/644 z&nbsp;dnia 18 kwietnia 2018 r. w&nbsp;sprawie transgranicznych us\u0142ug dor\u0119czania paczek (Tekst maj\u0105cy znaczenie dla EOG.)<br \/>Rozporz\u0105dzenie Komisji (UE) 2018\/669 z&nbsp;dnia 16 kwietnia 2018 r. zmieniaj\u0105ce, w&nbsp;celu dostosowania do post\u0119pu naukowo-technicznego, rozporz\u0105dzenie Parlamentu Europejskiego i&nbsp;Rady (WE) nr 1272\/2008 w&nbsp;sprawie klasyfikacji, oznakowania i&nbsp;pakowania substancji i&nbsp;mieszaninTekst maj\u0105cy znaczenie dla EOG.<br \/>Rozporz\u0105dzenie Parlamentu Europejskiego i&nbsp;Rady (UE, Euratom) 2018\/673 z&nbsp;dnia 3 maja 2018 r. zmieniaj\u0105ce rozporz\u0105dzenie (UE, Euratom) nr 1141\/2014 w&nbsp;sprawie statusu i&nbsp;finansowania europejskich partii politycznych i&nbsp;europejskich fundacji politycznych<br \/>Rozporz\u0105dzenie wykonawcze Komisji (UE) 2018\/670 z&nbsp;dnia 30 kwietnia 2018 r. zmieniaj\u0105ce rozporz\u0105dzenie wykonawcze (UE) nr 540\/2011 w&nbsp;odniesieniu do przed\u0142u\u017cenia okres&oacute;w zatwierdzenia substancji czynnych bromukonazol, buprofezyna, haloksyfop-P i&nbsp;napropamid (Tekst maj\u0105cy znaczenie dla EOG.)<br \/>Rozporz\u0105dzenie Komisji (UE) 2018\/675 z&nbsp;dnia 2 maja 2018 r. zmieniaj\u0105ce dodatki do za\u0142\u0105cznika XVII do rozporz\u0105dzenia (WE) nr 1907\/2006 Parlamentu Europejskiego i&nbsp;Rady w&nbsp;sprawie rejestracji, oceny, udzielania zezwole\u0144 i&nbsp;stosowanych ogranicze\u0144 w&nbsp;zakresie chemikali&oacute;w (REACH) w&nbsp;odniesieniu do substancji CMR (Tekst maj\u0105cy znaczenie dla EOG.)<br \/>Rozporz\u0105dzenie Komisji (UE) 2018\/678 z&nbsp;dnia 3 maja 2018 r. w&nbsp;sprawie zmiany i&nbsp;sprostowania za\u0142\u0105cznika I&nbsp;do rozporz\u0105dzenia Parlamentu Europejskiego i&nbsp;Rady (WE) nr 1334\/2008 w&nbsp;odniesieniu do niekt&oacute;rych substancji aromatycznych (Tekst maj\u0105cy znaczenie dla EOG.)<br \/>Rozporz\u0105dzenie Komisji (UE) 2018\/677 z&nbsp;dnia 3 maja 2018 r. zmieniaj\u0105ce za\u0142\u0105cznik II do rozporz\u0105dzenia Parlamentu Europejskiego i&nbsp;Rady (WE) nr 1333\/2008 w&nbsp;odniesieniu do stosowania taumatyny (E 957) jako wzmacniacza smaku w&nbsp;niekt&oacute;rych kategoriach \u017cywno\u015bci (Tekst maj\u0105cy znaczenie dla EOG.)<br \/>Sprostowanie do rozporz\u0105dzenia Parlamentu Europejskiego i&nbsp;Rady (WE) nr 810\/2009 z&nbsp;dnia 13 lipca 2009 r. ustanawiaj\u0105cego Wsp&oacute;lnotowy Kodeks Wizowy (kodeks wizowy) (Dz.U. L 243 z&nbsp;15.9.2009)<br \/>Rozporz\u0105dzenie wykonawcze Komisji (UE) 2018\/690 z&nbsp;dnia 7 maja 2018 r. zmieniaj\u0105ce rozporz\u0105dzenie wykonawcze (UE) nr 540\/2011 w&nbsp;odniesieniu do warunk&oacute;w zatwierdzenia substancji czynnej fenazachina (Tekst maj\u0105cy znaczenie dla EOG.)<br \/>Rozporz\u0105dzenie wykonawcze Komisji (UE) 2018\/701 z&nbsp;dnia 8 maja 2018 r. wprowadzaj\u0105ce odst\u0119pstwo od rozporz\u0105dzenia wykonawczego (UE) nr 809\/2014 w&nbsp;odniesieniu do ostatecznego terminu sk\u0142adania pojedynczego wniosku, wniosk&oacute;w o&nbsp;przyznanie pomocy lub wniosk&oacute;w o&nbsp;p\u0142atno\u015b\u0107, ostatecznego terminu zg\u0142aszania zmian w&nbsp;pojedynczym wniosku lub wniosku o&nbsp;p\u0142atno\u015b\u0107 oraz ostatecznego terminu sk\u0142adania wniosk&oacute;w o&nbsp;przydzia\u0142 uprawnie\u0144 do p\u0142atno\u015bci lub zwi\u0119kszenie warto\u015bci uprawnie\u0144 do p\u0142atno\u015bci w&nbsp;ramach systemu p\u0142atno\u015bci podstawowej w&nbsp;2018 r.<br \/>Rozporz\u0105dzenie wykonawcze Komisji (UE) 2018\/708 z&nbsp;dnia 17 kwietnia 2018 r. ustanawiaj\u0105ce wykonawcze standardy techniczne w&nbsp;odniesieniu do formatu stosowanego przez zarz\u0105dzaj\u0105cych funduszami rynku pieni\u0119\u017cnego przy przekazywaniu w\u0142a\u015bciwym organom informacji zgodnie z&nbsp;art. 37 rozporz\u0105dzenia Parlamentu Europejskiego i&nbsp;Rady (UE) 2017\/1131 (Tekst maj\u0105cy znaczenie dla EOG.)<br \/>Sprostowanie do rozporz\u0105dzenia delegowanego Komisji (UE) 2017\/390 z&nbsp;dnia 11 listopada 2016 r. uzupe\u0142niaj\u0105cego rozporz\u0105dzenie Parlamentu Europejskiego i&nbsp;Rady (UE) nr 909\/2014 w&nbsp;odniesieniu do regulacyjnych standard&oacute;w technicznych dotycz\u0105cych pewnych wymog&oacute;w ostro\u017cno\u015bciowych dla centralnych depozyt&oacute;w papier&oacute;w warto\u015bciowych i&nbsp;wyznaczonych instytucji kredytowych oferuj\u0105cych bankowe us\u0142ugi pomocnicze (Dz.U. L 65 z&nbsp;10.3.2017)<br \/>Rozporz\u0105dzenie wykonawcze Komisji (UE) 2018\/734 z&nbsp;dnia 17 maja 2018 r. w&nbsp;sprawie minimalnej ceny sprzeda\u017cy odt\u0142uszczonego mleka w&nbsp;proszku w&nbsp;dwudziestym cz\u0119\u015bciowym zaproszeniu do sk\u0142adania ofert w&nbsp;ramach procedury przetargowej otwartej rozporz\u0105dzeniem wykonawczym (UE) 2016\/2080<br \/>Rozporz\u0105dzenie wykonawcze Komisji (UE) 2018\/688 z&nbsp;dnia 23 marca 2018 r. w&nbsp;sprawie zmiany rozporz\u0105dzenia wykonawczego (UE) 2016\/2070 w&nbsp;odniesieniu do portfeli odniesienia, wzor&oacute;w do cel&oacute;w sprawozdawczych i&nbsp;instrukcji dotycz\u0105cych przekazywania informacji (Tekst maj\u0105cy znaczenie dla EOG.)<br \/>Rozporz\u0105dzenie wykonawcze Komisji (UE) 2018\/732 z&nbsp;dnia 17 maja 2018 r. w&nbsp;sprawie wsp&oacute;lnej metodyki por&oacute;wnywania ceny jednostkowej paliw alternatywnych zgodnie z&nbsp;dyrektyw\u0105 Parlamentu Europejskiego i&nbsp;Rady 2014\/94\/UE (Tekst maj\u0105cy znaczenie dla EOG.)<br \/>Rozporz\u0105dzenie wykonawcze Komisji (UE) 2018\/730 z&nbsp;dnia 4 maja 2018 r. ustalaj\u0105ce informacje techniczne w&nbsp;odniesieniu do obliczania rezerw techniczno-ubezpieczeniowych i&nbsp;podstawowych \u015brodk&oacute;w w\u0142asnych w&nbsp;odniesieniu do sprawozda\u0144 dla dat odniesienia od dnia 31 marca 2018 r. do dnia 29 czerwca 2018 r. zgodnie z&nbsp;dyrektyw\u0105 Parlamentu Europejskiego i&nbsp;Rady 2009\/138\/WE w&nbsp;sprawie podejmowania i&nbsp;prowadzenia dzia\u0142alno\u015bci ubezpieczeniowej i&nbsp;reasekuracyjnej (Tekst maj\u0105cy znaczenie dla EOG.)<br \/>Rozporz\u0105dzenie wykonawcze Komisji (UE) 2018\/746 z&nbsp;dnia 18 maja 2018 r. zmieniaj\u0105ce rozporz\u0105dzenie wykonawcze (UE) nr 809\/2014 w&nbsp;odniesieniu do zmiany pojedynczych wniosk&oacute;w i&nbsp;wniosk&oacute;w o&nbsp;p\u0142atno\u015b\u0107 i&nbsp;kontroli<br \/>Rozporz\u0105dzenie delegowane Komisji (UE) 2018\/728 z&nbsp;dnia 24 stycznia 2018 r. uzupe\u0142niaj\u0105ce rozporz\u0105dzenie Parlamentu Europejskiego i&nbsp;Rady (UE) nr 575\/2013 w&nbsp;odniesieniu do regulacyjnych standard&oacute;w technicznych dotycz\u0105cych procedur wykluczania transakcji z&nbsp;kontrahentami niefinansowymi z&nbsp;siedzib\u0105 w&nbsp;pa\u0144stwie trzecim z&nbsp;wymogu w&nbsp;zakresie funduszy w\u0142asnych z&nbsp;tytu\u0142u ryzyka zwi\u0105zanego z&nbsp;korekt\u0105 wyceny kredytowej (Tekst maj\u0105cy znaczenie dla EOG.)<br \/>Rozporz\u0105dzenie Komisji (UE) 2018\/750 z&nbsp;dnia 22 maja 2018 r. w&nbsp;sprawie sprostowania polskiej wersji j\u0119zykowej rozporz\u0105dzenia (UE) nr 1321\/2014 w&nbsp;sprawie ci\u0105g\u0142ej zdatno\u015bci do lotu statk&oacute;w powietrznych oraz wyrob&oacute;w lotniczych, cz\u0119\u015bci i&nbsp;wyposa\u017cenia, a&nbsp;tak\u017ce w&nbsp;sprawie zatwierdze\u0144 udzielanych organizacjom i&nbsp;personelowi zaanga\u017cowanym w&nbsp;takie zadania (Tekst maj\u0105cy znaczenie dla EOG.)<br \/>Sprostowanie do rozporz\u0105dzenia Rady (UE) 2017\/2454 z&nbsp;dnia 5 grudnia 2017 r. zmieniaj\u0105cego rozporz\u0105dzenie (UE) nr 904\/2010 w&nbsp;sprawie wsp&oacute;\u0142pracy administracyjnej oraz zwalczania oszustw w&nbsp;dziedzinie podatku od warto\u015bci dodanej (Dz.U. L 348 z&nbsp;29.12.2017)<br \/>Sprostowanie do rozporz\u0105dzenia Parlamentu Europejskiego i&nbsp;Rady (UE) 2017\/2396 z&nbsp;dnia 13 grudnia 2017 r. zmieniaj\u0105cego rozporz\u0105dzenia (UE) nr 1316\/2013 oraz (UE) 2015\/1017 w&nbsp;odniesieniu do przed\u0142u\u017cenia okresu obowi\u0105zywania Europejskiego Funduszu na rzecz Inwestycji Strategicznych oraz wprowadzenia usprawnie\u0144 technicznych dla tego Funduszu i&nbsp;Europejskiego Centrum Doradztwa Inwestycyjnego (Dz.U. L 345 z&nbsp;27.12.2017)<br \/>Sprostowanie do rozporz\u0105dzenia Parlamentu Europejskiego i&nbsp;Rady (UE) 2016\/679 z&nbsp;dnia 27 kwietnia 2016 r. w&nbsp;sprawie ochrony os&oacute;b fizycznych w&nbsp;zwi\u0105zku z&nbsp;przetwarzaniem danych osobowych i&nbsp;w sprawie swobodnego przep\u0142ywu takich danych oraz uchylenia dyrektywy 95\/46\/WE (og&oacute;lne rozporz\u0105dzenie o&nbsp;ochronie danych) (Dz.U. L 119 z&nbsp;4.5.2016)<br \/>Sprostowanie do rozporz\u0105dzenia Parlamentu Europejskiego i&nbsp;Rady (UE, Euratom) 2018\/673 z&nbsp;dnia 3 maja 2018 r. zmieniaj\u0105cego rozporz\u0105dzenie (UE, Euratom) nr 1141\/2014 w&nbsp;sprawie statusu i&nbsp;finansowania europejskich partii politycznych i&nbsp;europejskich fundacji politycznych (Dz.U. L 114 I&nbsp;z 4.5.2018)<\/p>\n<p><strong>ZARZ\u0104DZENIA PREZESA NARODOWEGO FUNDUSZU ZDROWIA<\/strong><br \/>Zarz\u0105dzenie Nr 36\/2018\/DI Prezesa Narodowego Funduszu Zdrowia z&nbsp;dnia 30 kwietnia 2018 r. w&nbsp;sprawie okre\u015blenia szczeg&oacute;\u0142owego komunikatu sprawozdawczego XML dotycz\u0105cego zaopatrzenia w&nbsp;wyroby medyczne &#8211; wchodzi w&nbsp;\u017cycie z&nbsp;dniem 1 czerwca 2018 r.<br \/>Zarz\u0105dzenie Nr 37\/2018\/DEF Prezesa Narodowego Funduszu Zdrowia z&nbsp;dnia 11 maja 2018 r. uchylaj\u0105ce zarz\u0105dzenie Prezesa Narodowego Funduszu Zdrowia&nbsp; w&nbsp;sprawie Instrukcji przeprowadzania oceny przedstawianych przez jednostki samorz\u0105du terytorialnego analiz przychod&oacute;w z&nbsp;udzielania \u015bwiadcze\u0144 zdrowotnych w&nbsp;zwi\u0105zku z&nbsp;realizacj\u0105 Programu wieloletniego &bdquo;Wsparcie jednostek samorz\u0105du terytorialnego w&nbsp;dzia\u0142aniach stabilizuj\u0105cych system ochrony zdrowia&rdquo; &#8211; wchodzi w&nbsp;\u017cycie z&nbsp;dniem podpisania.<br \/>Zarz\u0105dzenie Nr 38\/2018\/DSOZ Prezesa Narodowego Funduszu Zdrowia z&nbsp;dnia 15 maja 2018 r. zmieniaj\u0105ce zarz\u0105dzenie w&nbsp;sprawie szczeg&oacute;\u0142owych warunk&oacute;w um&oacute;w w&nbsp;systemie podstawowego szpitalnego zabezpieczenia \u015bwiadcze\u0144 opieki zdrowotnej &#8211; wchodzi w&nbsp;\u017cycie z&nbsp;dniem nast\u0119puj\u0105cym po dniu podpisania.<\/p>\n<p><strong>_____Orzecznictwo<\/strong><br \/><strong>Trybuna\u0142 Konstytucyjny<br \/><\/strong><br \/><strong>OSKAR\u017bYCIEL POSI\u0141KOWY &#8211; UPRAWNIENIA<\/strong> <br \/>Trybuna\u0142 Konstytucyjny orzek\u0142, \u017ce artyku\u0142 56 &sect; 3 ustawy z&nbsp;dnia 6 czerwca 1997 r. &ndash; Kodeks post\u0119powania karnego (Dz. U. z&nbsp;2017 r., poz. 1904, ze zm.) w&nbsp;zakresie, w&nbsp;jakim wy\u0142\u0105cza dopuszczalno\u015b\u0107 zaskar\u017cenia za\u017caleniem postanowienia wydanego na podstawie art. 56 &sect; 2 Kodeksu post\u0119powania karnego odnosz\u0105cego si\u0119 do oskar\u017cyciela posi\u0142kowego jest niezgodny z&nbsp;art. 78 w&nbsp;zwi\u0105zku z&nbsp;art. 31 ust. 3 Konstytucji Rzeczypospolitej Polskiej&nbsp; &#8211; Wyrok Trybuna\u0142u Konstytucyjnego z&nbsp;dnia 16 maja 2018 r., sygn. akt K 12\/15.<\/p>\n<p><strong>TERMIN DO WYTOCZENIA POW&Oacute;DZTWA O&nbsp;ZAPRZECZENIE OJCOSTWA<\/strong> <br \/>Okre\u015blenie pocz\u0105tku biegu terminu do wytoczenia przez pe\u0142noletnie dziecko pow&oacute;dztwa o&nbsp;zaprzeczenie ojcostwa m\u0119\u017ca swojej matki niezale\u017cnie od daty powzi\u0119cia przez to dziecko wiadomo\u015bci o&nbsp;tym, \u017ce nie pochodzi od m\u0119\u017ca matki, narusza jego konstytucyjne prawo do poznania w\u0142asnych korzeni i&nbsp;prawnego ustalenia pochodzenia zgodnego z&nbsp;prawd\u0105 biologiczn\u0105 &#8211; Wyrok Trybuna\u0142u Konstytucyjnego z&nbsp;dnia 16 maja 2018 r., sygn. akt SK 18\/17.<\/p>\n<p><strong>S\u0105d Najwy\u017cszy<br \/><\/strong><br \/><strong>O\u015aWIADCZENIE O&nbsp;ODRZUCENIU SPADKU<\/strong><br \/>Z\u0142o\u017cenie przez rodzic&oacute;w w&nbsp;imieniu ma\u0142oletniego dziecka o\u015bwiadczenia o&nbsp;odrzuceniu spadku jest czynno\u015bci\u0105 przekraczaj\u0105c\u0105 zakres zwyk\u0142ego zarz\u0105du maj\u0105tkiem dziecka. Termin przewidziany w&nbsp;art. 1015 &sect; 1 k.c. nie mo\u017ce si\u0119 sko\u0144czy\u0107 przed prawomocnym zako\u0144czeniem post\u0119powania o&nbsp;zezwolenie na z\u0142o\u017cenie przez ma\u0142oletniego spadkobierc\u0119 o\u015bwiadczenia o&nbsp;odrzuceniu spadku. Po prawomocnym zako\u0144czeniu tego post\u0119powania o\u015bwiadczenie ma\u0142oletniego powinno by\u0107 z\u0142o\u017cone niezw\u0142ocznie, chyba \u017ce termin ten jeszcze nie up\u0142yn\u0105\u0142 &ndash; Uchwa\u0142a S\u0105du Najwy\u017cszego z&nbsp;dnia 22 maja 2018 r., sygn. akt III CZP 102\/17.<\/p>\n","protected":false},"excerpt":{"rendered":"<p>We would like to present the next issue of legal bulletin of the Law Office of Adam Polowiec.What you will find here is some information about the new provisions of law and the projects of amendments to acts, but also case-laws including the case laws of Supreme Court, Constitutional Tribunal and European Court of Justice.<\/p>\n","protected":false},"author":4,"featured_media":0,"comment_status":"closed","ping_status":"open","sticky":false,"template":"","format":"standard","meta":{"footnotes":""},"categories":[2],"tags":[],"class_list":["post-854","post","type-post","status-publish","format-standard","hentry","category-wpisy"],"featured_image_src":{"landsacpe":false,"list":false,"medium":false,"full":false},"yoast_head":"<!-- This site is optimized with the Yoast SEO plugin v27.2 - https:\/\/yoast.com\/product\/yoast-seo-wordpress\/ -->\n<title>Legal Bulletin Of The Law Office Of Adam Polowiec (23 April 2018 \u2013 27 May 2018) - Polowiec i Wsp\u00f3lnicy - Kancelaria prawna<\/title>\n<meta name=\"robots\" content=\"index, follow, max-snippet:-1, max-image-preview:large, max-video-preview:-1\" \/>\n<link rel=\"canonical\" href=\"https:\/\/polowiec.pl\/en\/legal-bulletin-of-the-law-office-of-adam-polowiec-23-april-2018-27-may-2018\/\" \/>\n<meta property=\"og:locale\" content=\"en_US\" \/>\n<meta property=\"og:type\" content=\"article\" \/>\n<meta property=\"og:title\" content=\"Legal Bulletin Of The Law Office Of Adam Polowiec (23 April 2018 \u2013 27 May 2018) - Polowiec i Wsp\u00f3lnicy - Kancelaria prawna\" \/>\n<meta property=\"og:description\" content=\"We would like to present the next issue of legal bulletin of the Law Office of Adam Polowiec.What you will find here is some information about the new provisions of law and the projects of amendments to acts, but also case-laws including the case laws of Supreme Court, Constitutional Tribunal and European Court of Justice.\" \/>\n<meta property=\"og:url\" content=\"https:\/\/polowiec.pl\/en\/legal-bulletin-of-the-law-office-of-adam-polowiec-23-april-2018-27-may-2018\/\" \/>\n<meta property=\"og:site_name\" content=\"Polowiec i Wsp\u00f3lnicy - Kancelaria prawna\" \/>\n<meta property=\"article:publisher\" content=\"https:\/\/www.facebook.com\/polowieciwspolnicy\/\" \/>\n<meta property=\"article:published_time\" content=\"2018-05-30T06:36:25+00:00\" \/>\n<meta property=\"article:modified_time\" content=\"2019-04-18T16:15:10+00:00\" \/>\n<meta name=\"author\" content=\"Monika\" \/>\n<meta name=\"twitter:card\" content=\"summary_large_image\" \/>\n<meta name=\"twitter:label1\" content=\"Written by\" \/>\n\t<meta name=\"twitter:data1\" content=\"Monika\" \/>\n\t<meta name=\"twitter:label2\" content=\"Est. reading time\" \/>\n\t<meta name=\"twitter:data2\" content=\"23 minutes\" \/>\n<script type=\"application\/ld+json\" class=\"yoast-schema-graph\">{\"@context\":\"https:\/\/schema.org\",\"@graph\":[{\"@type\":\"Article\",\"@id\":\"https:\/\/polowiec.pl\/en\/legal-bulletin-of-the-law-office-of-adam-polowiec-23-april-2018-27-may-2018\/#article\",\"isPartOf\":{\"@id\":\"https:\/\/polowiec.pl\/en\/legal-bulletin-of-the-law-office-of-adam-polowiec-23-april-2018-27-may-2018\/\"},\"author\":{\"name\":\"Monika\",\"@id\":\"https:\/\/polowiec.pl\/en\/#\/schema\/person\/6178ac96ba1d4d590993734f8a0a6539\"},\"headline\":\"Legal Bulletin Of The Law Office Of Adam Polowiec (23 April 2018 \u2013 27 May 2018)\",\"datePublished\":\"2018-05-30T06:36:25+00:00\",\"dateModified\":\"2019-04-18T16:15:10+00:00\",\"mainEntityOfPage\":{\"@id\":\"https:\/\/polowiec.pl\/en\/legal-bulletin-of-the-law-office-of-adam-polowiec-23-april-2018-27-may-2018\/\"},\"wordCount\":4712,\"publisher\":{\"@id\":\"https:\/\/polowiec.pl\/en\/#organization\"},\"articleSection\":[\"Wpisy\"],\"inLanguage\":\"en-US\"},{\"@type\":\"WebPage\",\"@id\":\"https:\/\/polowiec.pl\/en\/legal-bulletin-of-the-law-office-of-adam-polowiec-23-april-2018-27-may-2018\/\",\"url\":\"https:\/\/polowiec.pl\/en\/legal-bulletin-of-the-law-office-of-adam-polowiec-23-april-2018-27-may-2018\/\",\"name\":\"Legal Bulletin Of The Law Office Of Adam Polowiec (23 April 2018 \u2013 27 May 2018) - Polowiec i Wsp\u00f3lnicy - Kancelaria prawna\",\"isPartOf\":{\"@id\":\"https:\/\/polowiec.pl\/en\/#website\"},\"datePublished\":\"2018-05-30T06:36:25+00:00\",\"dateModified\":\"2019-04-18T16:15:10+00:00\",\"breadcrumb\":{\"@id\":\"https:\/\/polowiec.pl\/en\/legal-bulletin-of-the-law-office-of-adam-polowiec-23-april-2018-27-may-2018\/#breadcrumb\"},\"inLanguage\":\"en-US\",\"potentialAction\":[{\"@type\":\"ReadAction\",\"target\":[\"https:\/\/polowiec.pl\/en\/legal-bulletin-of-the-law-office-of-adam-polowiec-23-april-2018-27-may-2018\/\"]}]},{\"@type\":\"BreadcrumbList\",\"@id\":\"https:\/\/polowiec.pl\/en\/legal-bulletin-of-the-law-office-of-adam-polowiec-23-april-2018-27-may-2018\/#breadcrumb\",\"itemListElement\":[{\"@type\":\"ListItem\",\"position\":1,\"name\":\"Strona g\u0142\u00f3wna\",\"item\":\"https:\/\/polowiec.pl\/en\/\"},{\"@type\":\"ListItem\",\"position\":2,\"name\":\"Legal Bulletin Of The Law Office Of Adam Polowiec (23 April 2018 \u2013 27 May 2018)\"}]},{\"@type\":\"WebSite\",\"@id\":\"https:\/\/polowiec.pl\/en\/#website\",\"url\":\"https:\/\/polowiec.pl\/en\/\",\"name\":\"Polowiec i Wsp\u00f3lnicy - Kancelaria prawna\",\"description\":\"Obs\u0142uga prawna\",\"publisher\":{\"@id\":\"https:\/\/polowiec.pl\/en\/#organization\"},\"potentialAction\":[{\"@type\":\"SearchAction\",\"target\":{\"@type\":\"EntryPoint\",\"urlTemplate\":\"https:\/\/polowiec.pl\/en\/?s={search_term_string}\"},\"query-input\":{\"@type\":\"PropertyValueSpecification\",\"valueRequired\":true,\"valueName\":\"search_term_string\"}}],\"inLanguage\":\"en-US\"},{\"@type\":\"Organization\",\"@id\":\"https:\/\/polowiec.pl\/en\/#organization\",\"name\":\"Polowiec i Wsp\u00f3lnicy - Kancelaria prawna\",\"url\":\"https:\/\/polowiec.pl\/en\/\",\"logo\":{\"@type\":\"ImageObject\",\"inLanguage\":\"en-US\",\"@id\":\"https:\/\/polowiec.pl\/en\/#\/schema\/logo\/image\/\",\"url\":\"https:\/\/polowiec.pl\/wp-content\/uploads\/2018\/10\/polowiec_logo2-1.png\",\"contentUrl\":\"https:\/\/polowiec.pl\/wp-content\/uploads\/2018\/10\/polowiec_logo2-1.png\",\"width\":540,\"height\":381,\"caption\":\"Polowiec i Wsp\u00f3lnicy - Kancelaria prawna\"},\"image\":{\"@id\":\"https:\/\/polowiec.pl\/en\/#\/schema\/logo\/image\/\"},\"sameAs\":[\"https:\/\/www.facebook.com\/polowieciwspolnicy\/\",\"https:\/\/www.linkedin.com\/company\/polowiec-i-wsplnicy-sp.j.\/about\/\"]},{\"@type\":\"Person\",\"@id\":\"https:\/\/polowiec.pl\/en\/#\/schema\/person\/6178ac96ba1d4d590993734f8a0a6539\",\"name\":\"Monika\",\"image\":{\"@type\":\"ImageObject\",\"inLanguage\":\"en-US\",\"@id\":\"https:\/\/secure.gravatar.com\/avatar\/525d12775156493d0259a4384e9f7b0a0e6cc1c583cc1d0ae144bd6ca07140ea?s=96&d=mm&r=g\",\"url\":\"https:\/\/secure.gravatar.com\/avatar\/525d12775156493d0259a4384e9f7b0a0e6cc1c583cc1d0ae144bd6ca07140ea?s=96&d=mm&r=g\",\"contentUrl\":\"https:\/\/secure.gravatar.com\/avatar\/525d12775156493d0259a4384e9f7b0a0e6cc1c583cc1d0ae144bd6ca07140ea?s=96&d=mm&r=g\",\"caption\":\"Monika\"}}]}<\/script>\n<!-- \/ Yoast SEO plugin. -->","yoast_head_json":{"title":"Legal Bulletin Of The Law Office Of Adam Polowiec (23 April 2018 \u2013 27 May 2018) - Polowiec i Wsp\u00f3lnicy - Kancelaria prawna","robots":{"index":"index","follow":"follow","max-snippet":"max-snippet:-1","max-image-preview":"max-image-preview:large","max-video-preview":"max-video-preview:-1"},"canonical":"https:\/\/polowiec.pl\/en\/legal-bulletin-of-the-law-office-of-adam-polowiec-23-april-2018-27-may-2018\/","og_locale":"en_US","og_type":"article","og_title":"Legal Bulletin Of The Law Office Of Adam Polowiec (23 April 2018 \u2013 27 May 2018) - Polowiec i Wsp\u00f3lnicy - Kancelaria prawna","og_description":"We would like to present the next issue of legal bulletin of the Law Office of Adam Polowiec.What you will find here is some information about the new provisions of law and the projects of amendments to acts, but also case-laws including the case laws of Supreme Court, Constitutional Tribunal and European Court of Justice.","og_url":"https:\/\/polowiec.pl\/en\/legal-bulletin-of-the-law-office-of-adam-polowiec-23-april-2018-27-may-2018\/","og_site_name":"Polowiec i Wsp\u00f3lnicy - Kancelaria prawna","article_publisher":"https:\/\/www.facebook.com\/polowieciwspolnicy\/","article_published_time":"2018-05-30T06:36:25+00:00","article_modified_time":"2019-04-18T16:15:10+00:00","author":"Monika","twitter_card":"summary_large_image","twitter_misc":{"Written by":"Monika","Est. reading time":"23 minutes"},"schema":{"@context":"https:\/\/schema.org","@graph":[{"@type":"Article","@id":"https:\/\/polowiec.pl\/en\/legal-bulletin-of-the-law-office-of-adam-polowiec-23-april-2018-27-may-2018\/#article","isPartOf":{"@id":"https:\/\/polowiec.pl\/en\/legal-bulletin-of-the-law-office-of-adam-polowiec-23-april-2018-27-may-2018\/"},"author":{"name":"Monika","@id":"https:\/\/polowiec.pl\/en\/#\/schema\/person\/6178ac96ba1d4d590993734f8a0a6539"},"headline":"Legal Bulletin Of The Law Office Of Adam Polowiec (23 April 2018 \u2013 27 May 2018)","datePublished":"2018-05-30T06:36:25+00:00","dateModified":"2019-04-18T16:15:10+00:00","mainEntityOfPage":{"@id":"https:\/\/polowiec.pl\/en\/legal-bulletin-of-the-law-office-of-adam-polowiec-23-april-2018-27-may-2018\/"},"wordCount":4712,"publisher":{"@id":"https:\/\/polowiec.pl\/en\/#organization"},"articleSection":["Wpisy"],"inLanguage":"en-US"},{"@type":"WebPage","@id":"https:\/\/polowiec.pl\/en\/legal-bulletin-of-the-law-office-of-adam-polowiec-23-april-2018-27-may-2018\/","url":"https:\/\/polowiec.pl\/en\/legal-bulletin-of-the-law-office-of-adam-polowiec-23-april-2018-27-may-2018\/","name":"Legal Bulletin Of The Law Office Of Adam Polowiec (23 April 2018 \u2013 27 May 2018) - Polowiec i Wsp\u00f3lnicy - Kancelaria prawna","isPartOf":{"@id":"https:\/\/polowiec.pl\/en\/#website"},"datePublished":"2018-05-30T06:36:25+00:00","dateModified":"2019-04-18T16:15:10+00:00","breadcrumb":{"@id":"https:\/\/polowiec.pl\/en\/legal-bulletin-of-the-law-office-of-adam-polowiec-23-april-2018-27-may-2018\/#breadcrumb"},"inLanguage":"en-US","potentialAction":[{"@type":"ReadAction","target":["https:\/\/polowiec.pl\/en\/legal-bulletin-of-the-law-office-of-adam-polowiec-23-april-2018-27-may-2018\/"]}]},{"@type":"BreadcrumbList","@id":"https:\/\/polowiec.pl\/en\/legal-bulletin-of-the-law-office-of-adam-polowiec-23-april-2018-27-may-2018\/#breadcrumb","itemListElement":[{"@type":"ListItem","position":1,"name":"Strona g\u0142\u00f3wna","item":"https:\/\/polowiec.pl\/en\/"},{"@type":"ListItem","position":2,"name":"Legal Bulletin Of The Law Office Of Adam Polowiec (23 April 2018 \u2013 27 May 2018)"}]},{"@type":"WebSite","@id":"https:\/\/polowiec.pl\/en\/#website","url":"https:\/\/polowiec.pl\/en\/","name":"Polowiec i Wsp\u00f3lnicy - Kancelaria prawna","description":"Obs\u0142uga prawna","publisher":{"@id":"https:\/\/polowiec.pl\/en\/#organization"},"potentialAction":[{"@type":"SearchAction","target":{"@type":"EntryPoint","urlTemplate":"https:\/\/polowiec.pl\/en\/?s={search_term_string}"},"query-input":{"@type":"PropertyValueSpecification","valueRequired":true,"valueName":"search_term_string"}}],"inLanguage":"en-US"},{"@type":"Organization","@id":"https:\/\/polowiec.pl\/en\/#organization","name":"Polowiec i Wsp\u00f3lnicy - Kancelaria prawna","url":"https:\/\/polowiec.pl\/en\/","logo":{"@type":"ImageObject","inLanguage":"en-US","@id":"https:\/\/polowiec.pl\/en\/#\/schema\/logo\/image\/","url":"https:\/\/polowiec.pl\/wp-content\/uploads\/2018\/10\/polowiec_logo2-1.png","contentUrl":"https:\/\/polowiec.pl\/wp-content\/uploads\/2018\/10\/polowiec_logo2-1.png","width":540,"height":381,"caption":"Polowiec i Wsp\u00f3lnicy - Kancelaria prawna"},"image":{"@id":"https:\/\/polowiec.pl\/en\/#\/schema\/logo\/image\/"},"sameAs":["https:\/\/www.facebook.com\/polowieciwspolnicy\/","https:\/\/www.linkedin.com\/company\/polowiec-i-wsplnicy-sp.j.\/about\/"]},{"@type":"Person","@id":"https:\/\/polowiec.pl\/en\/#\/schema\/person\/6178ac96ba1d4d590993734f8a0a6539","name":"Monika","image":{"@type":"ImageObject","inLanguage":"en-US","@id":"https:\/\/secure.gravatar.com\/avatar\/525d12775156493d0259a4384e9f7b0a0e6cc1c583cc1d0ae144bd6ca07140ea?s=96&d=mm&r=g","url":"https:\/\/secure.gravatar.com\/avatar\/525d12775156493d0259a4384e9f7b0a0e6cc1c583cc1d0ae144bd6ca07140ea?s=96&d=mm&r=g","contentUrl":"https:\/\/secure.gravatar.com\/avatar\/525d12775156493d0259a4384e9f7b0a0e6cc1c583cc1d0ae144bd6ca07140ea?s=96&d=mm&r=g","caption":"Monika"}}]}},"_links":{"self":[{"href":"https:\/\/polowiec.pl\/en\/wp-json\/wp\/v2\/posts\/854","targetHints":{"allow":["GET"]}}],"collection":[{"href":"https:\/\/polowiec.pl\/en\/wp-json\/wp\/v2\/posts"}],"about":[{"href":"https:\/\/polowiec.pl\/en\/wp-json\/wp\/v2\/types\/post"}],"author":[{"embeddable":true,"href":"https:\/\/polowiec.pl\/en\/wp-json\/wp\/v2\/users\/4"}],"replies":[{"embeddable":true,"href":"https:\/\/polowiec.pl\/en\/wp-json\/wp\/v2\/comments?post=854"}],"version-history":[{"count":0,"href":"https:\/\/polowiec.pl\/en\/wp-json\/wp\/v2\/posts\/854\/revisions"}],"wp:attachment":[{"href":"https:\/\/polowiec.pl\/en\/wp-json\/wp\/v2\/media?parent=854"}],"wp:term":[{"taxonomy":"category","embeddable":true,"href":"https:\/\/polowiec.pl\/en\/wp-json\/wp\/v2\/categories?post=854"},{"taxonomy":"post_tag","embeddable":true,"href":"https:\/\/polowiec.pl\/en\/wp-json\/wp\/v2\/tags?post=854"}],"curies":[{"name":"wp","href":"https:\/\/api.w.org\/{rel}","templated":true}]}}