{"id":873,"date":"2018-07-13T14:06:08","date_gmt":"2018-07-13T12:06:08","guid":{"rendered":"https:\/\/nowa.polowiec.pl\/legal-bulletin-of-the-law-office-of-adam-polowiec-2-july-2018-8-july-2018\/"},"modified":"2019-04-18T18:12:53","modified_gmt":"2019-04-18T16:12:53","slug":"legal-bulletin-of-the-law-office-of-adam-polowiec-2-july-2018-8-july-2018","status":"publish","type":"post","link":"https:\/\/polowiec.pl\/en\/legal-bulletin-of-the-law-office-of-adam-polowiec-2-july-2018-8-july-2018\/","title":{"rendered":"Legal Bulletin Of The Law Office Of Adam Polowiec (2 July 2018 \u2013 8 July 2018)"},"content":{"rendered":"<p><span style=\"background: none; text-align: justify; color: #000000; text-transform: none; text-indent: 0px; letter-spacing: normal; font-size: 14px; font-style: normal; font-variant: normal; font-weight: 400; text-decoration: none; word-spacing: 0px; white-space: normal; orphans: 2; text-shadow: none;\">We would like to present the next issue of legal bulletin of the Law Office of Adam Polowiec.<\/span><br style=\"background: none; text-align: justify; color: #000000; text-transform: none; text-indent: 0px; letter-spacing: normal; font-size: 14px; font-style: normal; font-variant: normal; font-weight: 400; text-decoration: none; word-spacing: 0px; white-space: normal; orphans: 2; text-shadow: none;\" \/><span style=\"background: none; text-align: justify; color: #000000; text-transform: none; text-indent: 0px; letter-spacing: normal; font-size: 14px; font-style: normal; font-variant: normal; font-weight: 400; text-decoration: none; word-spacing: 0px; white-space: normal; orphans: 2; text-shadow: none;\">What you will find here is some information about the new provisions of law and the projects of amendments to acts, but also case-laws including the case laws of Supreme Court, Constitutional Tribunal and European Court of Justice<\/span><span style=\"text-align: justify; color: #000000; text-transform: none; text-indent: 0px; letter-spacing: normal; font-family: 'Helvetica Neue',Helvetica,Arial,sans-serif; font-size: 14px; font-style: normal; font-variant: normal; font-weight: 400; text-decoration: none; word-spacing: 0px; white-space: normal; orphans: 2; float: none; text-shadow: none; background-color: transparent;\">.<\/span><\/p>\n<p>  <!--more-->  <\/p>\n<p>&nbsp;<b><span style=\"font-size: small;\">&nbsp;_____Nowe Prawo<br style=\"background: none; text-align: justify; color: #000000; text-transform: none; text-indent: 0px; letter-spacing: normal; font-style: normal; font-variant: normal; text-decoration: none; word-spacing: 0px; white-space: normal; orphans: 2; text-shadow: none;\" \/><br style=\"background: none; text-align: justify; color: #000000; text-transform: none; text-indent: 0px; letter-spacing: normal; font-style: normal; font-variant: normal; text-decoration: none; word-spacing: 0px; white-space: normal; orphans: 2; text-shadow: none;\" \/><\/span><\/b><strong style=\"background: none; text-align: justify; color: #000000; text-transform: none; text-indent: 0px; letter-spacing: normal; font-size: 14px; font-style: normal; font-variant: normal; font-weight: bold; text-decoration: none; word-spacing: 0px; white-space: normal; orphans: 2; text-shadow: none;\">KODEKS PRACY<\/strong><br style=\"background: none; text-align: justify; color: #000000; text-transform: none; text-indent: 0px; letter-spacing: normal; font-size: 14px; font-style: normal; font-variant: normal; font-weight: 400; text-decoration: none; word-spacing: 0px; white-space: normal; orphans: 2; text-shadow: none;\" \/><span style=\"text-align: justify; color: #000000; text-transform: none; text-indent: 0px; letter-spacing: normal; font-family: 'Helvetica Neue',Helvetica,Arial,sans-serif; font-size: 14px; font-style: normal; font-variant: normal; font-weight: 400; text-decoration: none; word-spacing: 0px; white-space: normal; orphans: 2; float: none; text-shadow: none; background-color: transparent;\">Rozporz\u0105dzenie Ministra Rodziny, Pracy i&nbsp;Polityki Spo\u0142ecznej z&nbsp;dnia 12 czerwca 2018 r. w&nbsp;sprawie najwy\u017cszych dopuszczalnych st\u0119\u017ce\u0144 i&nbsp;nat\u0119\u017ce\u0144 czynnik&oacute;w szkodliwych dla zdrowia w&nbsp;\u015brodowisku pracy (Dz. U. z&nbsp;2018 r., poz. 1286) &ndash; wejdzie w&nbsp;\u017cycie z&nbsp;dniem 21 sierpnia 2018 r.<\/span><br style=\"background: none; text-align: justify; color: #000000; text-transform: none; text-indent: 0px; letter-spacing: normal; font-size: 14px; font-style: normal; font-variant: normal; font-weight: 400; text-decoration: none; word-spacing: 0px; white-space: normal; orphans: 2; text-shadow: none;\" \/><br style=\"background: none; text-align: justify; color: #000000; text-transform: none; text-indent: 0px; letter-spacing: normal; font-size: 14px; font-style: normal; font-variant: normal; font-weight: 400; text-decoration: none; word-spacing: 0px; white-space: normal; orphans: 2; text-shadow: none;\" \/><strong style=\"background: none; text-align: justify; color: #000000; text-transform: none; text-indent: 0px; letter-spacing: normal; font-size: 14px; font-style: normal; font-variant: normal; font-weight: bold; text-decoration: none; word-spacing: 0px; white-space: normal; orphans: 2; text-shadow: none;\">PRAWO PODATKOWE<\/strong><br style=\"background: none; text-align: justify; color: #000000; text-transform: none; text-indent: 0px; letter-spacing: normal; font-size: 14px; font-style: normal; font-variant: normal; font-weight: 400; text-decoration: none; word-spacing: 0px; white-space: normal; orphans: 2; text-shadow: none;\" \/><span style=\"text-align: justify; color: #000000; text-transform: none; text-indent: 0px; letter-spacing: normal; font-family: 'Helvetica Neue',Helvetica,Arial,sans-serif; font-size: 14px; font-style: normal; font-variant: normal; font-weight: 400; text-decoration: none; word-spacing: 0px; white-space: normal; orphans: 2; float: none; text-shadow: none; background-color: transparent;\">Ustawa z&nbsp;dnia 15 czerwca 2018 r. o&nbsp;zmianie ustawy o&nbsp;podatku dochodowym od os&oacute;b fizycznych, ustawy o&nbsp;podatku dochodowym od os&oacute;b prawnych oraz ustawy o&nbsp;zrycza\u0142towanym podatku dochodowym od niekt&oacute;rych przychod&oacute;w osi\u0105ganych przez osoby fizyczne (Dz. U. z&nbsp;2018 r., poz. 1291) &ndash; wejdzie w&nbsp;\u017cycie z&nbsp;dniem 19 lipca 2018 r., z&nbsp;wyj\u0105tkiem art. 1 pkt 7 i&nbsp;8 oraz art. 2 pkt 2 i&nbsp;3, kt&oacute;re wchodz\u0105 w&nbsp;\u017cycie z&nbsp;dniem 1 stycznia 2019 r.<\/span><br style=\"background: none; text-align: justify; color: #000000; text-transform: none; text-indent: 0px; letter-spacing: normal; font-size: 14px; font-style: normal; font-variant: normal; font-weight: 400; text-decoration: none; word-spacing: 0px; white-space: normal; orphans: 2; text-shadow: none;\" \/><span style=\"text-align: justify; color: #000000; text-transform: none; text-indent: 0px; letter-spacing: normal; font-family: 'Helvetica Neue',Helvetica,Arial,sans-serif; font-size: 14px; font-style: normal; font-variant: normal; font-weight: 400; text-decoration: none; word-spacing: 0px; white-space: normal; orphans: 2; float: none; text-shadow: none; background-color: transparent;\">W ustawie z&nbsp;dnia 26 lipca 1991 r. o&nbsp;podatku dochodowym od os&oacute;b fizycznych (Dz. U. z&nbsp;2018 r. poz. 200, z&nbsp;p&oacute;\u017an. zm.) zmianie ulegnie brzmienie art. 21, art. 22 ust. 9b, art. 23, art. 24 ust. 12a, art. 30g, w&nbsp;art. 8 uchyla si\u0119 ust. 7, w&nbsp;art. 9a uchyla si\u0119 ust. 9, w&nbsp;art. 45 dodaje si\u0119 ust. 3d, w&nbsp;art. 45b w&nbsp;pkt 5 na ko\u0144cu skre\u015bla si\u0119 przecinek i&nbsp;uchyla si\u0119 pkt 6, dodaje si\u0119 art. 52i.<\/span><br style=\"background: none; text-align: justify; color: #000000; text-transform: none; text-indent: 0px; letter-spacing: normal; font-size: 14px; font-style: normal; font-variant: normal; font-weight: 400; text-decoration: none; word-spacing: 0px; white-space: normal; orphans: 2; text-shadow: none;\" \/><span style=\"text-align: justify; color: #000000; text-transform: none; text-indent: 0px; letter-spacing: normal; font-family: 'Helvetica Neue',Helvetica,Arial,sans-serif; font-size: 14px; font-style: normal; font-variant: normal; font-weight: 400; text-decoration: none; word-spacing: 0px; white-space: normal; orphans: 2; float: none; text-shadow: none; background-color: transparent;\">W ustawie z&nbsp;dnia 15 lutego 1992 r. o&nbsp;podatku dochodowym od os&oacute;b prawnych (Dz. U. z&nbsp;2018 r. poz. 1036 i&nbsp;1162) zmianie ulegnie brzmienie art. 12 ust. 1 pkt 7, art. 24b, art. 24c, art. 27 ust. 1d, dodaje si\u0119 art. 38d.<\/span><br style=\"background: none; text-align: justify; color: #000000; text-transform: none; text-indent: 0px; letter-spacing: normal; font-size: 14px; font-style: normal; font-variant: normal; font-weight: 400; text-decoration: none; word-spacing: 0px; white-space: normal; orphans: 2; text-shadow: none;\" \/><span style=\"text-align: justify; color: #000000; text-transform: none; text-indent: 0px; letter-spacing: normal; font-family: 'Helvetica Neue',Helvetica,Arial,sans-serif; font-size: 14px; font-style: normal; font-variant: normal; font-weight: 400; text-decoration: none; word-spacing: 0px; white-space: normal; orphans: 2; float: none; text-shadow: none; background-color: transparent;\">W ustawie z&nbsp;dnia 20 listopada 1998 r. o&nbsp;zrycza\u0142towanym podatku dochodowym od niekt&oacute;rych przychod&oacute;w osi\u0105ganych przez osoby fizyczne (Dz. U. z&nbsp;2017 r. poz. 2157 i&nbsp;2175 oraz z&nbsp;2018 r. poz. 650) w&nbsp;art. 9 uchyla si\u0119 ust. 7, w&nbsp;art. 12 uchyla si\u0119 ust. 8b, zmianie ulegnie brzmienie art. 52 ust. 3.<\/span><br style=\"background: none; text-align: justify; color: #000000; text-transform: none; text-indent: 0px; letter-spacing: normal; font-size: 14px; font-style: normal; font-variant: normal; font-weight: 400; text-decoration: none; word-spacing: 0px; white-space: normal; orphans: 2; text-shadow: none;\" \/><span style=\"text-align: justify; color: #000000; text-transform: none; text-indent: 0px; letter-spacing: normal; font-family: 'Helvetica Neue',Helvetica,Arial,sans-serif; font-size: 14px; font-style: normal; font-variant: normal; font-weight: 400; text-decoration: none; word-spacing: 0px; white-space: normal; orphans: 2; float: none; text-shadow: none; background-color: transparent;\">Rozporz\u0105dzenie Ministra Finans&oacute;w z&nbsp;dnia 25 czerwca 2018 r. w&nbsp;sprawie okre\u015blenia wzor&oacute;w deklaracji, zeznania, o\u015bwiadczenia oraz informacji podatkowych obowi\u0105zuj\u0105cych w&nbsp;zakresie podatku dochodowego od os&oacute;b prawnych (Dz. U. z&nbsp;2018 r., poz. 1268) &ndash; wesz\u0142o w&nbsp;\u017cycie z&nbsp;dniem 30 czerwca 2018 r.<\/span><br style=\"background: none; text-align: justify; color: #000000; text-transform: none; text-indent: 0px; letter-spacing: normal; font-size: 14px; font-style: normal; font-variant: normal; font-weight: 400; text-decoration: none; word-spacing: 0px; white-space: normal; orphans: 2; text-shadow: none;\" \/><span style=\"text-align: justify; color: #000000; text-transform: none; text-indent: 0px; letter-spacing: normal; font-family: 'Helvetica Neue',Helvetica,Arial,sans-serif; font-size: 14px; font-style: normal; font-variant: normal; font-weight: 400; text-decoration: none; word-spacing: 0px; white-space: normal; orphans: 2; float: none; text-shadow: none; background-color: transparent;\">Rozporz\u0105dzenie Ministra Finans&oacute;w z&nbsp;dnia 27 czerwca 2018 r. zmieniaj\u0105ce rozporz\u0105dzenie w&nbsp;sprawie zwolnie\u0144 od podatku akcyzowego (Dz. U. z&nbsp;2018 r., poz. 1273) &ndash; wesz\u0142o w&nbsp;\u017cycie z&nbsp;dniem 1 lipca 2018 r.<\/span><br style=\"background: none; text-align: justify; color: #000000; text-transform: none; text-indent: 0px; letter-spacing: normal; font-size: 14px; font-style: normal; font-variant: normal; font-weight: 400; text-decoration: none; word-spacing: 0px; white-space: normal; orphans: 2; text-shadow: none;\" \/><span style=\"text-align: justify; color: #000000; text-transform: none; text-indent: 0px; letter-spacing: normal; font-family: 'Helvetica Neue',Helvetica,Arial,sans-serif; font-size: 14px; font-style: normal; font-variant: normal; font-weight: 400; text-decoration: none; word-spacing: 0px; white-space: normal; orphans: 2; float: none; text-shadow: none; background-color: transparent;\">W rozporz\u0105dzeniu Ministra Rozwoju i&nbsp;Finans&oacute;w z&nbsp;dnia 24 lutego 2017 r. w&nbsp;sprawie zwolnie\u0144 od podatku akcyzowego (Dz. U. poz. 430 i&nbsp;1440 oraz z&nbsp;2018 r. poz. 608) zmianie uleg\u0142o brzmienie &sect; 2, &sect; 19 ust. 1 pkt 2, &sect; 20, &sect; 21 ust. 1-3, &sect; 29, &sect; 30 ust. 6-8, &sect; 31 ust. 1, &sect; 32 ust. 1, &sect; 37, &sect; 38, &sect; 40, &sect; 41 ust. 1, za\u0142\u0105cznika do rozporz\u0105dzenia tytu\u0142 tabeli, dodaje si\u0119 &sect; 19a, dodaje si\u0119 &sect; 24a, w&nbsp;&sect; 26 dodaje si\u0119 ust. 6, dodaje si\u0119 &sect; 26a, dodaje si\u0119 &sect; 29a, uchyla si\u0119 &sect; 39.<\/span><br style=\"background: none; text-align: justify; color: #000000; text-transform: none; text-indent: 0px; letter-spacing: normal; font-size: 14px; font-style: normal; font-variant: normal; font-weight: 400; text-decoration: none; word-spacing: 0px; white-space: normal; orphans: 2; text-shadow: none;\" \/><span style=\"text-align: justify; color: #000000; text-transform: none; text-indent: 0px; letter-spacing: normal; font-family: 'Helvetica Neue',Helvetica,Arial,sans-serif; font-size: 14px; font-style: normal; font-variant: normal; font-weight: 400; text-decoration: none; word-spacing: 0px; white-space: normal; orphans: 2; float: none; text-shadow: none; background-color: transparent;\">Rozporz\u0105dzenie Ministra Finans&oacute;w z&nbsp;dnia 2 lipca 2018 r. w&nbsp;sprawie okre\u015blenia wzoru uproszczonego sprawozdania w&nbsp;zakresie podatku dochodowego od os&oacute;b prawnych (Dz. U. z&nbsp;2018 r., poz. 1300) &ndash; wesz\u0142o w&nbsp;\u017cycie z&nbsp;dniem 6 lipca 2018 r.<\/span><br style=\"background: none; text-align: justify; color: #000000; text-transform: none; text-indent: 0px; letter-spacing: normal; font-size: 14px; font-style: normal; font-variant: normal; font-weight: 400; text-decoration: none; word-spacing: 0px; white-space: normal; orphans: 2; text-shadow: none;\" \/><span style=\"text-align: justify; color: #000000; text-transform: none; text-indent: 0px; letter-spacing: normal; font-family: 'Helvetica Neue',Helvetica,Arial,sans-serif; font-size: 14px; font-style: normal; font-variant: normal; font-weight: 400; text-decoration: none; word-spacing: 0px; white-space: normal; orphans: 2; float: none; text-shadow: none; background-color: transparent;\">Rozporz\u0105dzenie Ministra Finans&oacute;w z&nbsp;dnia 2 lipca 2018 r. w&nbsp;sprawie okre\u015blenia wzoru uproszczonego sprawozdania w&nbsp;zakresie podatku dochodowego od os&oacute;b fizycznych (Dz. U. z&nbsp;2018 r., poz. 1301) &ndash; wesz\u0142o w&nbsp;\u017cycie z&nbsp;dniem 6 lipca 2018 r.<\/span><br style=\"background: none; text-align: justify; color: #000000; text-transform: none; text-indent: 0px; letter-spacing: normal; font-size: 14px; font-style: normal; font-variant: normal; font-weight: 400; text-decoration: none; word-spacing: 0px; white-space: normal; orphans: 2; text-shadow: none;\" \/><br style=\"background: none; text-align: justify; color: #000000; text-transform: none; text-indent: 0px; letter-spacing: normal; font-size: 14px; font-style: normal; font-variant: normal; font-weight: 400; text-decoration: none; word-spacing: 0px; white-space: normal; orphans: 2; text-shadow: none;\" \/><strong style=\"background: none; text-align: justify; color: #000000; text-transform: none; text-indent: 0px; letter-spacing: normal; font-size: 14px; font-style: normal; font-variant: normal; font-weight: bold; text-decoration: none; word-spacing: 0px; white-space: normal; orphans: 2; text-shadow: none;\">REHABILITACJA ZAWODOWA I&nbsp;SPO\u0141ECZNA ORAZ ZATRUDNIANIE OS&Oacute;B NIEPE\u0141NOSPRAWNYCH<\/strong><br style=\"background: none; text-align: justify; color: #000000; text-transform: none; text-indent: 0px; letter-spacing: normal; font-size: 14px; font-style: normal; font-variant: normal; font-weight: 400; text-decoration: none; word-spacing: 0px; white-space: normal; orphans: 2; text-shadow: none;\" \/><span style=\"text-align: justify; color: #000000; text-transform: none; text-indent: 0px; letter-spacing: normal; font-family: 'Helvetica Neue',Helvetica,Arial,sans-serif; font-size: 14px; font-style: normal; font-variant: normal; font-weight: 400; text-decoration: none; word-spacing: 0px; white-space: normal; orphans: 2; float: none; text-shadow: none; background-color: transparent;\">Rozporz\u0105dzenie Rady Ministr&oacute;w z&nbsp;dnia 26 czerwca 2018 r. zmieniaj\u0105ce rozporz\u0105dzenie w&nbsp;sprawie algorytmu przekazywania \u015brodk&oacute;w Pa\u0144stwowego Funduszu Rehabilitacji Os&oacute;b Niepe\u0142nosprawnych samorz\u0105dom wojew&oacute;dzkim i&nbsp;powiatowym (Dz. U. z&nbsp;2018 r., poz. 1266) &ndash; wesz\u0142o w&nbsp;\u017cycie z&nbsp;dniem 1 lipca 2018 r., z&nbsp;wyj\u0105tkiem &sect; 1 pkt 1 w&nbsp;zakresie zmienianego &sect; 3 i&nbsp;&sect; 5 ust. 2, kt&oacute;ry wchodzi w&nbsp;\u017cycie z&nbsp;dniem 1 stycznia 2019 r.<\/span><br style=\"background: none; text-align: justify; color: #000000; text-transform: none; text-indent: 0px; letter-spacing: normal; font-size: 14px; font-style: normal; font-variant: normal; font-weight: 400; text-decoration: none; word-spacing: 0px; white-space: normal; orphans: 2; text-shadow: none;\" \/><span style=\"text-align: justify; color: #000000; text-transform: none; text-indent: 0px; letter-spacing: normal; font-family: 'Helvetica Neue',Helvetica,Arial,sans-serif; font-size: 14px; font-style: normal; font-variant: normal; font-weight: 400; text-decoration: none; word-spacing: 0px; white-space: normal; orphans: 2; float: none; text-shadow: none; background-color: transparent;\">W rozporz\u0105dzeniu Rady Ministr&oacute;w z&nbsp;dnia 13 maja 2003 r. w&nbsp;sprawie algorytmu przekazywania \u015brodk&oacute;w Pa\u0144stwowego Funduszu Rehabilitacji Os&oacute;b Niepe\u0142nosprawnych samorz\u0105dom wojew&oacute;dzkim i&nbsp;powiatowym (Dz. U. z&nbsp;2017 r. poz. 538) zmianie uleg\u0142o brzmienie &sect; 2-5, &sect; 6 ust. 2 zdanie pierwsze.<\/span><br style=\"background: none; text-align: justify; color: #000000; text-transform: none; text-indent: 0px; letter-spacing: normal; font-size: 14px; font-style: normal; font-variant: normal; font-weight: 400; text-decoration: none; word-spacing: 0px; white-space: normal; orphans: 2; text-shadow: none;\" \/><br style=\"background: none; text-align: justify; color: #000000; text-transform: none; text-indent: 0px; letter-spacing: normal; font-size: 14px; font-style: normal; font-variant: normal; font-weight: 400; text-decoration: none; word-spacing: 0px; white-space: normal; orphans: 2; text-shadow: none;\" \/><strong style=\"background: none; text-align: justify; color: #000000; text-transform: none; text-indent: 0px; letter-spacing: normal; font-size: 14px; font-style: normal; font-variant: normal; font-weight: bold; text-decoration: none; word-spacing: 0px; white-space: normal; orphans: 2; text-shadow: none;\">PROMOCJA ZATRUDNIENIA I&nbsp;INSTYTUCJE RYNKU PRACY<\/strong><br style=\"background: none; text-align: justify; color: #000000; text-transform: none; text-indent: 0px; letter-spacing: normal; font-size: 14px; font-style: normal; font-variant: normal; font-weight: 400; text-decoration: none; word-spacing: 0px; white-space: normal; orphans: 2; text-shadow: none;\" \/><span style=\"text-align: justify; color: #000000; text-transform: none; text-indent: 0px; letter-spacing: normal; font-family: 'Helvetica Neue',Helvetica,Arial,sans-serif; font-size: 14px; font-style: normal; font-variant: normal; font-weight: 400; text-decoration: none; word-spacing: 0px; white-space: normal; orphans: 2; float: none; text-shadow: none; background-color: transparent;\">Rozporz\u0105dzenie Ministra Rodziny, Pracy i&nbsp;Polityki Spo\u0142ecznej z&nbsp;dnia 28 czerwca 2018 r. zmieniaj\u0105ce rozporz\u0105dzenie w&nbsp;sprawie okre\u015blenia przypadk&oacute;w, w&nbsp;kt&oacute;rych zezwolenie na prac\u0119 cudzoziemca jest wydawane bez wzgl\u0119du na szczeg&oacute;\u0142owe warunki wydawania zezwole\u0144 na prac\u0119 cudzoziemc&oacute;w (Dz. U. z&nbsp;2018 r., poz. 1264) &ndash; wesz\u0142o w&nbsp;\u017cycie z&nbsp;dniem 1 lipca 2018 r.<\/span><br style=\"background: none; text-align: justify; color: #000000; text-transform: none; text-indent: 0px; letter-spacing: normal; font-size: 14px; font-style: normal; font-variant: normal; font-weight: 400; text-decoration: none; word-spacing: 0px; white-space: normal; orphans: 2; text-shadow: none;\" \/><span style=\"text-align: justify; color: #000000; text-transform: none; text-indent: 0px; letter-spacing: normal; font-family: 'Helvetica Neue',Helvetica,Arial,sans-serif; font-size: 14px; font-style: normal; font-variant: normal; font-weight: 400; text-decoration: none; word-spacing: 0px; white-space: normal; orphans: 2; float: none; text-shadow: none; background-color: transparent;\">W rozporz\u0105dzeniu Ministra Pracy i&nbsp;Polityki Spo\u0142ecznej z&nbsp;dnia 29 stycznia 2009 r. w&nbsp;sprawie okre\u015blenia przypadk&oacute;w, w&nbsp;kt&oacute;rych zezwolenie na prac\u0119 cudzoziemca jest wydawane bez wzgl\u0119du na szczeg&oacute;\u0142owe warunki wydawania zezwole\u0144 na prac\u0119 cudzoziemc&oacute;w (Dz. U. z&nbsp;2015 r. poz. 97 oraz z&nbsp;2017 r. poz. 2347) w&nbsp;&sect; 3 dodaje si\u0119 pkt 6, dodaje si\u0119 za\u0142\u0105cznik do rozporz\u0105dzenia.<\/span><br style=\"background: none; text-align: justify; color: #000000; text-transform: none; text-indent: 0px; letter-spacing: normal; font-size: 14px; font-style: normal; font-variant: normal; font-weight: 400; text-decoration: none; word-spacing: 0px; white-space: normal; orphans: 2; text-shadow: none;\" \/><br style=\"background: none; text-align: justify; color: #000000; text-transform: none; text-indent: 0px; letter-spacing: normal; font-size: 14px; font-style: normal; font-variant: normal; font-weight: 400; text-decoration: none; word-spacing: 0px; white-space: normal; orphans: 2; text-shadow: none;\" \/><strong style=\"background: none; text-align: justify; color: #000000; text-transform: none; text-indent: 0px; letter-spacing: normal; font-size: 14px; font-style: normal; font-variant: normal; font-weight: bold; text-decoration: none; word-spacing: 0px; white-space: normal; orphans: 2; text-shadow: none;\">PRAWA AUTORSKIE I&nbsp;POKREWNE<\/strong><br style=\"background: none; text-align: justify; color: #000000; text-transform: none; text-indent: 0px; letter-spacing: normal; font-size: 14px; font-style: normal; font-variant: normal; font-weight: 400; text-decoration: none; word-spacing: 0px; white-space: normal; orphans: 2; text-shadow: none;\" \/><span style=\"text-align: justify; color: #000000; text-transform: none; text-indent: 0px; letter-spacing: normal; font-family: 'Helvetica Neue',Helvetica,Arial,sans-serif; font-size: 14px; font-style: normal; font-variant: normal; font-weight: 400; text-decoration: none; word-spacing: 0px; white-space: normal; orphans: 2; float: none; text-shadow: none; background-color: transparent;\">Ustawa z&nbsp;dnia 15 czerwca 2018 r. o&nbsp;zbiorowym zarz\u0105dzaniu prawami autorskimi i&nbsp;prawami pokrewnymi (Dz. U. z&nbsp;2018 r., poz. 1293) &ndash; wejdzie w&nbsp;\u017cycie z&nbsp;dniem 19 lipca 2018 r.<\/span><br style=\"background: none; text-align: justify; color: #000000; text-transform: none; text-indent: 0px; letter-spacing: normal; font-size: 14px; font-style: normal; font-variant: normal; font-weight: 400; text-decoration: none; word-spacing: 0px; white-space: normal; orphans: 2; text-shadow: none;\" \/><br style=\"background: none; text-align: justify; color: #000000; text-transform: none; text-indent: 0px; letter-spacing: normal; font-size: 14px; font-style: normal; font-variant: normal; font-weight: 400; text-decoration: none; word-spacing: 0px; white-space: normal; orphans: 2; text-shadow: none;\" \/><strong style=\"background: none; text-align: justify; color: #000000; text-transform: none; text-indent: 0px; letter-spacing: normal; font-size: 14px; font-style: normal; font-variant: normal; font-weight: bold; text-decoration: none; word-spacing: 0px; white-space: normal; orphans: 2; text-shadow: none;\">KIERUJ\u0104CY POJAZDAMI<\/strong><br style=\"background: none; text-align: justify; color: #000000; text-transform: none; text-indent: 0px; letter-spacing: normal; font-size: 14px; font-style: normal; font-variant: normal; font-weight: 400; text-decoration: none; word-spacing: 0px; white-space: normal; orphans: 2; text-shadow: none;\" \/><span style=\"text-align: justify; color: #000000; text-transform: none; text-indent: 0px; letter-spacing: normal; font-family: 'Helvetica Neue',Helvetica,Arial,sans-serif; font-size: 14px; font-style: normal; font-variant: normal; font-weight: 400; text-decoration: none; word-spacing: 0px; white-space: normal; orphans: 2; float: none; text-shadow: none; background-color: transparent;\">Ustawa z&nbsp;dnia 10 maja 2018 r. o&nbsp;zmianie ustawy o&nbsp;kieruj\u0105cych pojazdami (Dz. U. z&nbsp;2018 r., poz. 1284) &#8211; wejdzie w&nbsp;\u017cycie z&nbsp;dniem 18 lipca 2018 r.<\/span><br style=\"background: none; text-align: justify; color: #000000; text-transform: none; text-indent: 0px; letter-spacing: normal; font-size: 14px; font-style: normal; font-variant: normal; font-weight: 400; text-decoration: none; word-spacing: 0px; white-space: normal; orphans: 2; text-shadow: none;\" \/><span style=\"text-align: justify; color: #000000; text-transform: none; text-indent: 0px; letter-spacing: normal; font-family: 'Helvetica Neue',Helvetica,Arial,sans-serif; font-size: 14px; font-style: normal; font-variant: normal; font-weight: 400; text-decoration: none; word-spacing: 0px; white-space: normal; orphans: 2; float: none; text-shadow: none; background-color: transparent;\">W ustawie z&nbsp;dnia 5 stycznia 2011 r. o&nbsp;kieruj\u0105cych pojazdami (Dz. U. z&nbsp;2017 r. poz. 978, z&nbsp;p&oacute;\u017an. zm.) w&nbsp;art. 11 w&nbsp;ust. 1 w&nbsp;pkt 5 w&nbsp;lit. d kropk\u0119 zast\u0119puje si\u0119 \u015brednikiem i&nbsp;dodaje si\u0119 pkt 6, w&nbsp;art. 16 w&nbsp;ust. 2 w&nbsp;pkt 4 kropk\u0119 zast\u0119puje si\u0119 \u015brednikiem i&nbsp;dodaje si\u0119 pkt 5.<\/span><br style=\"background: none; text-align: justify; color: #000000; text-transform: none; text-indent: 0px; letter-spacing: normal; font-size: 14px; font-style: normal; font-variant: normal; font-weight: 400; text-decoration: none; word-spacing: 0px; white-space: normal; orphans: 2; text-shadow: none;\" \/><br style=\"background: none; text-align: justify; color: #000000; text-transform: none; text-indent: 0px; letter-spacing: normal; font-size: 14px; font-style: normal; font-variant: normal; font-weight: 400; text-decoration: none; word-spacing: 0px; white-space: normal; orphans: 2; text-shadow: none;\" \/><strong style=\"background: none; text-align: justify; color: #000000; text-transform: none; text-indent: 0px; letter-spacing: normal; font-size: 14px; font-style: normal; font-variant: normal; font-weight: bold; text-decoration: none; word-spacing: 0px; white-space: normal; orphans: 2; text-shadow: none;\">ODNAWIALNE \u0179R&Oacute;D\u0141A ENERGII<\/strong><br style=\"background: none; text-align: justify; color: #000000; text-transform: none; text-indent: 0px; letter-spacing: normal; font-size: 14px; font-style: normal; font-variant: normal; font-weight: 400; text-decoration: none; word-spacing: 0px; white-space: normal; orphans: 2; text-shadow: none;\" \/><span style=\"text-align: justify; color: #000000; text-transform: none; text-indent: 0px; letter-spacing: normal; font-family: 'Helvetica Neue',Helvetica,Arial,sans-serif; font-size: 14px; font-style: normal; font-variant: normal; font-weight: 400; text-decoration: none; word-spacing: 0px; white-space: normal; orphans: 2; float: none; text-shadow: none; background-color: transparent;\">Ustawa z&nbsp;dnia 7 czerwca 2018 r. o&nbsp;zmianie ustawy o&nbsp;odnawialnych \u017ar&oacute;d\u0142ach energii oraz niekt&oacute;rych innych ustaw (Dz. U. z&nbsp;2018 r., poz. 1276) &#8211; wejdzie w&nbsp;\u017cycie z&nbsp;dniem 14 lipca 2018 r., z&nbsp;wyj\u0105tkiem:<\/span><br style=\"background: none; text-align: justify; color: #000000; text-transform: none; text-indent: 0px; letter-spacing: normal; font-size: 14px; font-style: normal; font-variant: normal; font-weight: 400; text-decoration: none; word-spacing: 0px; white-space: normal; orphans: 2; text-shadow: none;\" \/><span style=\"text-align: justify; color: #000000; text-transform: none; text-indent: 0px; letter-spacing: normal; font-family: 'Helvetica Neue',Helvetica,Arial,sans-serif; font-size: 14px; font-style: normal; font-variant: normal; font-weight: 400; text-decoration: none; word-spacing: 0px; white-space: normal; orphans: 2; float: none; text-shadow: none; background-color: transparent;\">1) art. 1 pkt 1 lit. c, pkt 15 lit. b, pkt 16, 25, 26, pkt 29 lit. d tiret drugie, pkt 33 lit. e w&nbsp;zakresie dodawanego art. 74 ust. 9, pkt 34 lit. b, pkt 50 i&nbsp;51, kt&oacute;re wchodz\u0105 w&nbsp;\u017cycie z&nbsp;dniem 1 lipca 2018 r.;<\/span><br style=\"background: none; text-align: justify; color: #000000; text-transform: none; text-indent: 0px; letter-spacing: normal; font-size: 14px; font-style: normal; font-variant: normal; font-weight: 400; text-decoration: none; word-spacing: 0px; white-space: normal; orphans: 2; text-shadow: none;\" \/><span style=\"text-align: justify; color: #000000; text-transform: none; text-indent: 0px; letter-spacing: normal; font-family: 'Helvetica Neue',Helvetica,Arial,sans-serif; font-size: 14px; font-style: normal; font-variant: normal; font-weight: 400; text-decoration: none; word-spacing: 0px; white-space: normal; orphans: 2; float: none; text-shadow: none; background-color: transparent;\">2) art. 2 pkt 1 i&nbsp;6 oraz art. 3 pkt 1, kt&oacute;re wchodz\u0105 w&nbsp;\u017cycie z&nbsp;dniem nast\u0119puj\u0105cym po dniu og\u0142oszenia, z&nbsp;moc\u0105 od dnia 1 stycznia 2018 r.<\/span><br style=\"background: none; text-align: justify; color: #000000; text-transform: none; text-indent: 0px; letter-spacing: normal; font-size: 14px; font-style: normal; font-variant: normal; font-weight: 400; text-decoration: none; word-spacing: 0px; white-space: normal; orphans: 2; text-shadow: none;\" \/><span style=\"text-align: justify; color: #000000; text-transform: none; text-indent: 0px; letter-spacing: normal; font-family: 'Helvetica Neue',Helvetica,Arial,sans-serif; font-size: 14px; font-style: normal; font-variant: normal; font-weight: 400; text-decoration: none; word-spacing: 0px; white-space: normal; orphans: 2; float: none; text-shadow: none; background-color: transparent;\">W ustawie z&nbsp;dnia 20 lutego 2015 r. o&nbsp;odnawialnych \u017ar&oacute;d\u0142ach energii (Dz. U. z&nbsp;2018 r. poz. 1269) zmianie ulegnie brzmienie art. 2, art. 8 ust. 1, art. 17 ust. 2 pkt 1 i&nbsp;2, art. 19 ust. 1 wprowadzenie do wyliczenia, art. 25 pkt 4, art. 39, art. 40, art. 43 ust. 2, art. 44, art. 45, art. 46, art. 47a ust. 1, art. 48 ust. 3, art. 51 ust. 1 pkt 1, art. 53 ust. 2 i&nbsp;3, art. 55, art. 61, art. 71, art. 72, art. 73, art. 74,art. 75, art. 76, art. 77, art. 78, art. 79, art. 80, art. 81, art. 82 ust. 1, art. 83, art. 84, art. 85, art. 87, art. 88, art. 92, art. 93, art. 94, art. 98, art. 100, art. 119a, art. 136 ust. 4, art. 168, art. 169 ust. 1 pkt 1, art. 170, w&nbsp;art. 4 uchyla si\u0119 ust. 9, dodaje si\u0119 art. 6a, w&nbsp;art. 38a uchyla si\u0119 ust. 1 i&nbsp;2, uchyla si\u0119 art. 38b, dodaje si\u0119 art. 38c-38e, dodaje si\u0119 art. 39a, w&nbsp;art. 52 w&nbsp;ust. 2 w&nbsp;pkt 3 wyrazy &#8220;ustawy o&nbsp;gie\u0142dach towarowych&#8221; zast\u0119puje si\u0119 wyrazami &#8220;ustawy z&nbsp;dnia 26 pa\u017adziernika 2000 r. o&nbsp;gie\u0142dach towarowych (Dz. U. z&nbsp;2018 r. poz. 622, 685 i&nbsp;771), zwanej dalej &#8220;ustaw\u0105 o&nbsp;gie\u0142dach towarowych&#8221;,&#8221;, dodaje si\u0119 art. 55a, dodaje si\u0119 art. 60a, dodaje si\u0119 art. 69a, dodaje si\u0119 art. 70a-70f, dodaje si\u0119 art. 72a, dodaje si\u0119 art. 83a, w&nbsp;art. 90 w&nbsp;ust. 2, w&nbsp;art. 92 w&nbsp;ust. 9, w&nbsp;art. 93 w&nbsp;ust. 1 w&nbsp;pkt 5 i&nbsp;w ust. 2 w&nbsp;pkt 4 wyrazy &#8220;art. 88&#8221; zast\u0119puje si\u0119 wyrazami &#8220;art. 88 ust. 1&#8221;; uchyla si\u0119 art. 119, w&nbsp;art. 121 w&nbsp;ust. 3 w&nbsp;pkt 5 kropk\u0119 zast\u0119puj\u0119 si\u0119 \u015brednikiem i&nbsp;dodaje si\u0119 pkt 6, w&nbsp;art. 129 uchyla si\u0119 ust. 3, w&nbsp;art. 188 w&nbsp;ust. 5 wyrazy &#8220;Biuletynie Informacji Publicznej Urz\u0119du Regulacji Energetyki&#8221; zast\u0119puje si\u0119 wyrazami &#8220;Biuletynie Informacji Publicznej URE&#8221;.<\/span><br style=\"background: none; text-align: justify; color: #000000; text-transform: none; text-indent: 0px; letter-spacing: normal; font-size: 14px; font-style: normal; font-variant: normal; font-weight: 400; text-decoration: none; word-spacing: 0px; white-space: normal; orphans: 2; text-shadow: none;\" \/><span style=\"text-align: justify; color: #000000; text-transform: none; text-indent: 0px; letter-spacing: normal; font-family: 'Helvetica Neue',Helvetica,Arial,sans-serif; font-size: 14px; font-style: normal; font-variant: normal; font-weight: 400; text-decoration: none; word-spacing: 0px; white-space: normal; orphans: 2; float: none; text-shadow: none; background-color: transparent;\">W ustawie z&nbsp;dnia 7 lipca 1994 r. &#8211; Prawo budowlane (Dz. U. z&nbsp;2018 r. poz. 1202) zmianie ulegnie brzmienie art. 3 pkt 3, art. 29 ust. 2 pkt 16, art. 83 ust. 3, w&nbsp;art. 67 dodaje si\u0119 ust. 1a, w&nbsp;art. 81 w&nbsp;ust. 1 dodaje si\u0119 pkt 2b.<\/span><br style=\"background: none; text-align: justify; color: #000000; text-transform: none; text-indent: 0px; letter-spacing: normal; font-size: 14px; font-style: normal; font-variant: normal; font-weight: 400; text-decoration: none; word-spacing: 0px; white-space: normal; orphans: 2; text-shadow: none;\" \/><span style=\"text-align: justify; color: #000000; text-transform: none; text-indent: 0px; letter-spacing: normal; font-family: 'Helvetica Neue',Helvetica,Arial,sans-serif; font-size: 14px; font-style: normal; font-variant: normal; font-weight: 400; text-decoration: none; word-spacing: 0px; white-space: normal; orphans: 2; float: none; text-shadow: none; background-color: transparent;\">W ustawie z&nbsp;dnia 20 maja 2016 r. o&nbsp;inwestycjach w&nbsp;zakresie elektrowni wiatrowych (Dz. U. poz. 961) zmianie ulegnie brzmienie art. 2 pkt 1, art. 8, art. 12, art. 13, art. 15, dodaje si\u0119 art. 7a-7c.<\/span><br style=\"background: none; text-align: justify; color: #000000; text-transform: none; text-indent: 0px; letter-spacing: normal; font-size: 14px; font-style: normal; font-variant: normal; font-weight: 400; text-decoration: none; word-spacing: 0px; white-space: normal; orphans: 2; text-shadow: none;\" \/><br style=\"background: none; text-align: justify; color: #000000; text-transform: none; text-indent: 0px; letter-spacing: normal; font-size: 14px; font-style: normal; font-variant: normal; font-weight: 400; text-decoration: none; word-spacing: 0px; white-space: normal; orphans: 2; text-shadow: none;\" \/><strong style=\"background: none; text-align: justify; color: #000000; text-transform: none; text-indent: 0px; letter-spacing: normal; font-size: 14px; font-style: normal; font-variant: normal; font-weight: bold; text-decoration: none; word-spacing: 0px; white-space: normal; orphans: 2; text-shadow: none;\">PODSTAWOWA OPIEKA ZDROWOTNA<\/strong><br style=\"background: none; text-align: justify; color: #000000; text-transform: none; text-indent: 0px; letter-spacing: normal; font-size: 14px; font-style: normal; font-variant: normal; font-weight: 400; text-decoration: none; word-spacing: 0px; white-space: normal; orphans: 2; text-shadow: none;\" \/><span style=\"text-align: justify; color: #000000; text-transform: none; text-indent: 0px; letter-spacing: normal; font-family: 'Helvetica Neue',Helvetica,Arial,sans-serif; font-size: 14px; font-style: normal; font-variant: normal; font-weight: 400; text-decoration: none; word-spacing: 0px; white-space: normal; orphans: 2; float: none; text-shadow: none; background-color: transparent;\">Rozporz\u0105dzenie Ministra Zdrowia z&nbsp;dnia 12 czerwca 2018 r. w&nbsp;sprawie wzor&oacute;w deklaracji wyboru \u015bwiadczeniodawcy udzielaj\u0105cego \u015bwiadcze\u0144 z&nbsp;zakresu podstawowej opieki zdrowotnej (Dz. U. z&nbsp;2018 r., poz. 1295) &ndash; wejdzie w&nbsp;\u017cycie z&nbsp;dniem 1 pa\u017adziernika 2018 r.<\/span><br style=\"background: none; text-align: justify; color: #000000; text-transform: none; text-indent: 0px; letter-spacing: normal; font-size: 14px; font-style: normal; font-variant: normal; font-weight: 400; text-decoration: none; word-spacing: 0px; white-space: normal; orphans: 2; text-shadow: none;\" \/><br style=\"background: none; text-align: justify; color: #000000; text-transform: none; text-indent: 0px; letter-spacing: normal; font-size: 14px; font-style: normal; font-variant: normal; font-weight: 400; text-decoration: none; word-spacing: 0px; white-space: normal; orphans: 2; text-shadow: none;\" \/><strong style=\"background: none; text-align: justify; color: #000000; text-transform: none; text-indent: 0px; letter-spacing: normal; font-size: 14px; font-style: normal; font-variant: normal; font-weight: bold; text-decoration: none; word-spacing: 0px; white-space: normal; orphans: 2; text-shadow: none;\">PRAWO UNII EUROPEJSKIEJ<\/strong><br style=\"background: none; text-align: justify; color: #000000; text-transform: none; text-indent: 0px; letter-spacing: normal; font-size: 14px; font-style: normal; font-variant: normal; font-weight: 400; text-decoration: none; word-spacing: 0px; white-space: normal; orphans: 2; text-shadow: none;\" \/><span style=\"text-align: justify; color: #000000; text-transform: none; text-indent: 0px; letter-spacing: normal; font-family: 'Helvetica Neue',Helvetica,Arial,sans-serif; font-size: 14px; font-style: normal; font-variant: normal; font-weight: 400; text-decoration: none; word-spacing: 0px; white-space: normal; orphans: 2; float: none; text-shadow: none; background-color: transparent;\">Rozporz\u0105dzenie Komisji (UE) 2018\/932 z&nbsp;dnia 29 czerwca 2018 r. zmieniaj\u0105ce rozporz\u0105dzenie (UE) nr 582\/2011 w&nbsp;zakresie przepis&oacute;w dotycz\u0105cych bada\u0144 przy u\u017cyciu przeno\u015bnych system&oacute;w pomiaru emisji (PEMS) oraz wymaga\u0144 dotycz\u0105cych homologacji typu dla uniwersalnego zestawu paliw (Tekst maj\u0105cy znaczenie dla EOG.)<\/span><br style=\"background: none; text-align: justify; color: #000000; text-transform: none; text-indent: 0px; letter-spacing: normal; font-size: 14px; font-style: normal; font-variant: normal; font-weight: 400; text-decoration: none; word-spacing: 0px; white-space: normal; orphans: 2; text-shadow: none;\" \/><span style=\"text-align: justify; color: #000000; text-transform: none; text-indent: 0px; letter-spacing: normal; font-family: 'Helvetica Neue',Helvetica,Arial,sans-serif; font-size: 14px; font-style: normal; font-variant: normal; font-weight: 400; text-decoration: none; word-spacing: 0px; white-space: normal; orphans: 2; float: none; text-shadow: none; background-color: transparent;\">Rozporz\u0105dzenie wykonawcze Komisji (UE) 2018\/949 z&nbsp;dnia 3 lipca 2018 r. zmieniaj\u0105ce rozporz\u0105dzenie (WE) nr 1235\/2008 ustanawiaj\u0105ce szczeg&oacute;\u0142owe zasady wykonania rozporz\u0105dzenia Rady (WE) nr 834\/2007 w&nbsp;odniesieniu do ustale\u0144 dotycz\u0105cych przywozu produkt&oacute;w ekologicznych z&nbsp;kraj&oacute;w trzecich (Tekst maj\u0105cy znaczenie dla EOG.)<\/span><br style=\"background: none; text-align: justify; color: #000000; text-transform: none; text-indent: 0px; letter-spacing: normal; font-size: 14px; font-style: normal; font-variant: normal; font-weight: 400; text-decoration: none; word-spacing: 0px; white-space: normal; orphans: 2; text-shadow: none;\" \/><span style=\"text-align: justify; color: #000000; text-transform: none; text-indent: 0px; letter-spacing: normal; font-family: 'Helvetica Neue',Helvetica,Arial,sans-serif; font-size: 14px; font-style: normal; font-variant: normal; font-weight: 400; text-decoration: none; word-spacing: 0px; white-space: normal; orphans: 2; float: none; text-shadow: none; background-color: transparent;\">Sprostowanie do rozporz\u0105dzenia Rady (UE) 2016\/1103 z&nbsp;dnia 24 czerwca 2016 r. wdra\u017caj\u0105cego wzmocnion\u0105 wsp&oacute;\u0142prac\u0119 w&nbsp;dziedzinie jurysdykcji, prawa w\u0142a\u015bciwego oraz uznawania i&nbsp;wykonywania orzecze\u0144 w&nbsp;sprawach dotycz\u0105cych ma\u0142\u017ce\u0144skich ustroj&oacute;w maj\u0105tkowych (Dz.U. L 183 z&nbsp;8.7.2016)<\/span><br style=\"background: none; text-align: justify; color: #000000; text-transform: none; text-indent: 0px; letter-spacing: normal; font-size: 14px; font-style: normal; font-variant: normal; font-weight: 400; text-decoration: none; word-spacing: 0px; white-space: normal; orphans: 2; text-shadow: none;\" \/><span style=\"text-align: justify; color: #000000; text-transform: none; text-indent: 0px; letter-spacing: normal; font-family: 'Helvetica Neue',Helvetica,Arial,sans-serif; font-size: 14px; font-style: normal; font-variant: normal; font-weight: 400; text-decoration: none; word-spacing: 0px; white-space: normal; orphans: 2; float: none; text-shadow: none; background-color: transparent;\">Rozporz\u0105dzenie delegowane Komisji (UE) 2018\/959 z&nbsp;dnia 14 marca 2018 r. uzupe\u0142niaj\u0105ce rozporz\u0105dzenie Parlamentu Europejskiego i&nbsp;Rady (UE) nr 575\/2013 w&nbsp;odniesieniu do regulacyjnych standard&oacute;w technicznych okre\u015blaj\u0105cych metod\u0119 oceny, w&nbsp;ramach kt&oacute;rej w\u0142a\u015bciwe organy zezwalaj\u0105 instytucjom na stosowanie metod zaawansowanego pomiaru na potrzeby obliczania ryzyka operacyjnego (Tekst maj\u0105cy znaczenie dla EOG.)<\/span><br style=\"background: none; text-align: justify; color: #000000; text-transform: none; text-indent: 0px; letter-spacing: normal; font-size: 14px; font-style: normal; font-variant: normal; font-weight: 400; text-decoration: none; word-spacing: 0px; white-space: normal; orphans: 2; text-shadow: none;\" \/><span style=\"text-align: justify; color: #000000; text-transform: none; text-indent: 0px; letter-spacing: normal; font-family: 'Helvetica Neue',Helvetica,Arial,sans-serif; font-size: 14px; font-style: normal; font-variant: normal; font-weight: 400; text-decoration: none; word-spacing: 0px; white-space: normal; orphans: 2; float: none; text-shadow: none; background-color: transparent;\">Rozporz\u0105dzenie Parlamentu Europejskiego i&nbsp;Rady (UE) 2018\/946 z&nbsp;dnia 4 lipca 2018 r. zast\u0119puj\u0105ce za\u0142\u0105czniki A&nbsp;i B do rozporz\u0105dzenia (UE) 2015\/848 w&nbsp;sprawie post\u0119powania upad\u0142o\u015bciowego<\/span><br style=\"background: none; text-align: justify; color: #000000; text-transform: none; text-indent: 0px; letter-spacing: normal; font-size: 14px; font-style: normal; font-variant: normal; font-weight: 400; text-decoration: none; word-spacing: 0px; white-space: normal; orphans: 2; text-shadow: none;\" \/><span style=\"text-align: justify; color: #000000; text-transform: none; text-indent: 0px; letter-spacing: normal; font-family: 'Helvetica Neue',Helvetica,Arial,sans-serif; font-size: 14px; font-style: normal; font-variant: normal; font-weight: 400; text-decoration: none; word-spacing: 0px; white-space: normal; orphans: 2; float: none; text-shadow: none; background-color: transparent;\">Rozporz\u0105dzenie Komisji (UE) 2018\/960 z&nbsp;dnia 5 lipca 2018 r. zmieniaj\u0105ce za\u0142\u0105czniki II i&nbsp;III do rozporz\u0105dzenia (WE) nr 396\/2005 Parlamentu Europejskiego i&nbsp;Rady w&nbsp;odniesieniu do najwy\u017cszych dopuszczalnych poziom&oacute;w pozosta\u0142o\u015bci lambda-cyhalotryny w&nbsp;okre\u015blonych produktach oraz na ich powierzchni (Tekst maj\u0105cy znaczenie dla EOG.)<\/span><br style=\"background: none; text-align: justify; color: #000000; text-transform: none; text-indent: 0px; letter-spacing: normal; font-size: 14px; font-style: normal; font-variant: normal; font-weight: 400; text-decoration: none; word-spacing: 0px; white-space: normal; orphans: 2; text-shadow: none;\" \/><span style=\"text-align: justify; color: #000000; text-transform: none; text-indent: 0px; letter-spacing: normal; font-family: 'Helvetica Neue',Helvetica,Arial,sans-serif; font-size: 14px; font-style: normal; font-variant: normal; font-weight: 400; text-decoration: none; word-spacing: 0px; white-space: normal; orphans: 2; float: none; text-shadow: none; background-color: transparent;\">Rozporz\u0105dzenie Parlamentu Europejskiego i&nbsp;Rady (UE) 2018\/956 z&nbsp;dnia 28 czerwca 2018 r. w&nbsp;sprawie monitorowania i&nbsp;sprawozdawczo\u015bci w&nbsp;odniesieniu do emisji CO2 z&nbsp;nowych pojazd&oacute;w ci\u0119\u017ckich i&nbsp;zu\u017cycia paliwa przez takie pojazdy (Tekst maj\u0105cy znaczenie dla EOG).<\/span><br style=\"background: none; text-align: justify; color: #000000; text-transform: none; text-indent: 0px; letter-spacing: normal; font-size: 14px; font-style: normal; font-variant: normal; font-weight: 400; text-decoration: none; word-spacing: 0px; white-space: normal; orphans: 2; text-shadow: none;\" \/><br style=\"background: none; text-align: justify; color: #000000; text-transform: none; text-indent: 0px; letter-spacing: normal; font-size: 14px; font-style: normal; font-variant: normal; font-weight: 400; text-decoration: none; word-spacing: 0px; white-space: normal; orphans: 2; text-shadow: none;\" \/><strong style=\"background: none; text-align: justify; color: #000000; text-transform: none; text-indent: 0px; letter-spacing: normal; font-size: 14px; font-style: normal; font-variant: normal; font-weight: bold; text-decoration: none; word-spacing: 0px; white-space: normal; orphans: 2; text-shadow: none;\">ZARZ\u0104DZENIA PREZESA NARODOWEGO FUNDUSZU ZDROWIA<\/strong><br style=\"background: none; text-align: justify; color: #000000; text-transform: none; text-indent: 0px; letter-spacing: normal; font-size: 14px; font-style: normal; font-variant: normal; font-weight: 400; text-decoration: none; word-spacing: 0px; white-space: normal; orphans: 2; text-shadow: none;\" \/><span style=\"text-align: justify; color: #000000; text-transform: none; text-indent: 0px; letter-spacing: normal; font-family: 'Helvetica Neue',Helvetica,Arial,sans-serif; font-size: 14px; font-style: normal; font-variant: normal; font-weight: 400; text-decoration: none; word-spacing: 0px; white-space: normal; orphans: 2; float: none; text-shadow: none; background-color: transparent;\">Zarz\u0105dzenie Nr 67\/2018\/DGL Prezesa Narodowego Funduszu Zdrowia z&nbsp;dnia 3 lipca 2018 r. zmieniaj\u0105ce zarz\u0105dzenie w&nbsp;sprawie okre\u015blenia warunk&oacute;w zawierania i&nbsp;realizacji um&oacute;w w&nbsp;rodzaju leczenie szpitalne w&nbsp;zakresie chemioterapia &#8211; wchodzi w&nbsp;\u017cycie z&nbsp;dniem nast\u0119puj\u0105cym po dniu podpisania, z&nbsp;moc\u0105 od dnia 1 lipca 2018 r.<\/span><br style=\"background: none; text-align: justify; color: #000000; text-transform: none; text-indent: 0px; letter-spacing: normal; font-size: 14px; font-style: normal; font-variant: normal; font-weight: 400; text-decoration: none; word-spacing: 0px; white-space: normal; orphans: 2; text-shadow: none;\" \/><span style=\"text-align: justify; color: #000000; text-transform: none; text-indent: 0px; letter-spacing: normal; font-family: 'Helvetica Neue',Helvetica,Arial,sans-serif; font-size: 14px; font-style: normal; font-variant: normal; font-weight: 400; text-decoration: none; word-spacing: 0px; white-space: normal; orphans: 2; float: none; text-shadow: none; background-color: transparent;\">Zarz\u0105dzenie Nr 68\/2018\/DGL Prezesa Narodowego Funduszu Zdrowia z&nbsp;dnia 3 lipca 2018 r. zmieniaj\u0105ce zarz\u0105dzenie w&nbsp;sprawie okre\u015blenia warunk&oacute;w zawierania i&nbsp;realizacji um&oacute;w w&nbsp;rodzaju leczenie szpitalne w&nbsp;zakresie programy lekowe &#8211; wchodzi w&nbsp;\u017cycie z&nbsp;dniem nast\u0119puj\u0105cym po dniu podpisania, z&nbsp;moc\u0105 od dnia 1 lipca 2018 r.<\/span><br style=\"background: none; text-align: justify; color: #000000; text-transform: none; text-indent: 0px; letter-spacing: normal; font-size: 14px; font-style: normal; font-variant: normal; font-weight: 400; text-decoration: none; word-spacing: 0px; white-space: normal; orphans: 2; text-shadow: none;\" \/><br style=\"background: none; text-align: justify; color: #000000; text-transform: none; text-indent: 0px; letter-spacing: normal; font-size: 14px; font-style: normal; font-variant: normal; font-weight: 400; text-decoration: none; word-spacing: 0px; white-space: normal; orphans: 2; text-shadow: none;\" \/><strong style=\"background: none; text-align: justify; color: #000000; text-transform: none; text-indent: 0px; letter-spacing: normal; font-size: 14px; font-style: normal; font-variant: normal; font-weight: bold; text-decoration: none; word-spacing: 0px; white-space: normal; orphans: 2; text-shadow: none;\">_____Orzecznictwo<\/strong><br style=\"background: none; text-align: justify; color: #000000; text-transform: none; text-indent: 0px; letter-spacing: normal; font-size: 14px; font-style: normal; font-variant: normal; font-weight: 400; text-decoration: none; word-spacing: 0px; white-space: normal; orphans: 2; text-shadow: none;\" \/><strong style=\"background: none; text-align: justify; color: #000000; text-transform: none; text-indent: 0px; letter-spacing: normal; font-size: 14px; font-style: normal; font-variant: normal; font-weight: bold; text-decoration: none; word-spacing: 0px; white-space: normal; orphans: 2; text-shadow: none;\">Trybuna\u0142 Konstytucyjny<\/strong><br style=\"background: none; text-align: justify; color: #000000; text-transform: none; text-indent: 0px; letter-spacing: normal; font-size: 14px; font-style: normal; font-variant: normal; font-weight: 400; text-decoration: none; word-spacing: 0px; white-space: normal; orphans: 2; text-shadow: none;\" \/><br style=\"background: none; text-align: justify; color: #000000; text-transform: none; text-indent: 0px; letter-spacing: normal; font-size: 14px; font-style: normal; font-variant: normal; font-weight: 400; text-decoration: none; word-spacing: 0px; white-space: normal; orphans: 2; text-shadow: none;\" \/><strong style=\"background: none; text-align: justify; color: #000000; text-transform: none; text-indent: 0px; letter-spacing: normal; font-size: 14px; font-style: normal; font-variant: normal; font-weight: bold; text-decoration: none; word-spacing: 0px; white-space: normal; orphans: 2; text-shadow: none;\">STAWKI WYNAGRODZENIA BIEG\u0141YCH, TARYF ZRYCZA\u0141TOWANYCH ORAZ SPOS&Oacute;B DOKUMENTOWANIA WYDATK&Oacute;W NIEZB\u0118DNYCH DLA WYDANIA OPINII W&nbsp;POST\u0118POWANIU KARNYM<\/strong><span style=\"text-align: justify; color: #000000; text-transform: none; text-indent: 0px; letter-spacing: normal; font-family: 'Helvetica Neue',Helvetica,Arial,sans-serif; font-size: 14px; font-style: normal; font-variant: normal; font-weight: 400; text-decoration: none; word-spacing: 0px; white-space: normal; orphans: 2; float: none; text-shadow: none; background-color: transparent;\"> <\/span><br style=\"background: none; text-align: justify; color: #000000; text-transform: none; text-indent: 0px; letter-spacing: normal; font-size: 14px; font-style: normal; font-variant: normal; font-weight: 400; text-decoration: none; word-spacing: 0px; white-space: normal; orphans: 2; text-shadow: none;\" \/><span style=\"text-align: justify; color: #000000; text-transform: none; text-indent: 0px; letter-spacing: normal; font-family: 'Helvetica Neue',Helvetica,Arial,sans-serif; font-size: 14px; font-style: normal; font-variant: normal; font-weight: 400; text-decoration: none; word-spacing: 0px; white-space: normal; orphans: 2; float: none; text-shadow: none; background-color: transparent;\">Trybuna\u0142 Konstytucyjny orzek\u0142, \u017ce &sect; 2 rozporz\u0105dzenia Ministra Sprawiedliwo\u015bci z&nbsp;dnia 24 kwietnia 2013 r. w&nbsp;sprawie okre\u015blenia stawek wynagrodzenia bieg\u0142ych, taryf zrycza\u0142towanych oraz sposobu dokumentowania wydatk&oacute;w niezb\u0119dnych dla wydania opinii w&nbsp;post\u0119powaniu karnym jest niezgodny z&nbsp;art. 64 ust. 2 w&nbsp;zwi\u0105zku z&nbsp;art. 92 ust. 1 zdanie pierwsze Konstytucji. W&nbsp;ocenie Trybuna\u0142u &sect; 2 rozporz\u0105dzenia jest sprzeczny z&nbsp;konstytucyjn\u0105 zasad\u0105 ochrony praw maj\u0105tkowych, gdy\u017c w&nbsp;spos&oacute;b ewidentny zaw\u0119\u017ca kryteria ustawowe warunkuj\u0105ce uzyskanie wynagrodzenia przez bieg\u0142ego (narusza upowa\u017cnienie ustawowe &ndash; wbrew wytycznym ustawodawcy ca\u0142kowicie pomija przes\u0142ank\u0119 nak\u0142adu pracy bieg\u0142ego wyst\u0119puj\u0105c\u0105 w&nbsp;&sect; 5 i&nbsp;&sect; 2 art. 618f k.p.k.). Ponadto, Trybuna\u0142 Konstytucyjny orzek\u0142, i\u017c &sect; 4 powo\u0142anego rozporz\u0105dzenia, w&nbsp;cz\u0119\u015bci obejmuj\u0105cej zwrot: &bdquo;funkcj\u0119 bieg\u0142ego s\u0105dowego nie kr&oacute;cej ni\u017c jedn\u0105 kadencj\u0119 lub&rdquo;, jest niezgodny z&nbsp;art. 64 ust. 2 w&nbsp;zwi\u0105zku z&nbsp;art. 32 ust. 1 i&nbsp;2 w&nbsp;zwi\u0105zku z&nbsp;art. 92 ust. 1 zdanie pierwsze Konstytucji. W&nbsp;ocenie Trybuna\u0142u analiza statusu bieg\u0142ych i&nbsp;ich roli w&nbsp;post\u0119powaniu, w&nbsp;kt&oacute;rym wyst\u0119puj\u0105 jako podmioty powo\u0142ane i&nbsp;zobowi\u0105zane do wydania opinii na wezwanie organu procesowego, prowadzi do uznania, \u017ce r&oacute;\u017cnicowanie ich wynagrodzenia (tj. dopuszczalno\u015b\u0107 jego podwy\u017cszenia wy\u0142\u0105cznie wobec bieg\u0142ych wpisanych na list\u0119 bieg\u0142ych s\u0105dowych) nie ma konstytucyjnego uzasadnienia. Odst\u0119pstwo od zasady r&oacute;wno\u015bci, w&nbsp;tym r&oacute;wnie\u017c r&oacute;wnej ochrony praw maj\u0105tkowych, jest wi\u0119c niedopuszczalne. Trybuna\u0142 postanowi\u0142 tak\u017ce o&nbsp;odroczeniu utraty mocy obowi\u0105zuj\u0105cej &sect; 2 rozporz\u0105dzenia &#8211; Wyrok Trybuna\u0142u Konstytucyjnego z&nbsp;dnia 28 czerwca 2018 r., sygn. akt SK 4\/17.<\/span><br style=\"background: none; text-align: justify; color: #000000; text-transform: none; text-indent: 0px; letter-spacing: normal; font-size: 14px; font-style: normal; font-variant: normal; font-weight: 400; text-decoration: none; word-spacing: 0px; white-space: normal; orphans: 2; text-shadow: none;\" \/><br style=\"background: none; text-align: justify; color: #000000; text-transform: none; text-indent: 0px; letter-spacing: normal; font-size: 14px; font-style: normal; font-variant: normal; font-weight: 400; text-decoration: none; word-spacing: 0px; white-space: normal; orphans: 2; text-shadow: none;\" \/><strong style=\"background: none; text-align: justify; color: #000000; text-transform: none; text-indent: 0px; letter-spacing: normal; font-size: 14px; font-style: normal; font-variant: normal; font-weight: bold; text-decoration: none; word-spacing: 0px; white-space: normal; orphans: 2; text-shadow: none;\">ZR&Oacute;\u017bNICOWANIE PRAWA DO ORZECZENIA KARY \u0141\u0104CZNEJ ZE WZGL\u0118DU NA MOMENT UPRAWOMOCNIENIA SI\u0118 POSZCZEG&Oacute;LNYCH KAR JEDNOSTKOWYCH LUB \u0141\u0104CZNYCH<\/strong><br style=\"background: none; text-align: justify; color: #000000; text-transform: none; text-indent: 0px; letter-spacing: normal; font-size: 14px; font-style: normal; font-variant: normal; font-weight: 400; text-decoration: none; word-spacing: 0px; white-space: normal; orphans: 2; text-shadow: none;\" \/><span style=\"text-align: justify; color: #000000; text-transform: none; text-indent: 0px; letter-spacing: normal; font-family: 'Helvetica Neue',Helvetica,Arial,sans-serif; font-size: 14px; font-style: normal; font-variant: normal; font-weight: 400; text-decoration: none; word-spacing: 0px; white-space: normal; orphans: 2; float: none; text-shadow: none; background-color: transparent;\">Trybuna\u0142 Konstytucyjny orzek\u0142, \u017ce art. 19 ust. 1 ustawy z&nbsp;dnia 20 lutego 2015 r. o&nbsp;zmianie ustawy &ndash; Kodeks karny oraz niekt&oacute;rych innych ustaw (Dz. U. poz. 396) jest zgodny z&nbsp;art. 32 ust. 1 Konstytucji. Trybuna\u0142 Konstytucyjny uzna\u0142, \u017ce sprawcy przest\u0119pstw pope\u0142nionych w&nbsp;tym samym czasie s\u0105 podmiotami podobnymi z&nbsp;punktu widzenia zaskar\u017conego przepisu. Nie ulega w\u0105tpliwo\u015bci, \u017ce podmioty te s\u0105 przez art. 19 ust. 1 ustawy nowelizuj\u0105cej r&oacute;\u017cnie traktowane, bo zaskar\u017cony przepis przewiduje w&nbsp;pewnym zakresie odmienne zasady orzekania kary \u0142\u0105cznej w&nbsp;stosunku do sprawc&oacute;w przest\u0119pstw pope\u0142nionych w&nbsp;tym samym czasie. Podstaw\u0105 wyroku \u0142\u0105cznego wydawanego na podstawie kar uprawomocnionych przed wej\u015bciem w&nbsp;\u017cycie ustawy nowelizuj\u0105cej mog\u0105 by\u0107 tylko przepisy dotychczasowe. Je\u017celi przynajmniej jedna z&nbsp;kar uprawomocni\u0142a si\u0119 po wej\u015bciu w&nbsp;\u017cycie nowelizacji, stosuje si\u0119 albo przepisy nowe, albo przepisy dotychczasowe &ndash; w&nbsp;zale\u017cno\u015bci od tego, kt&oacute;re w&nbsp;danej sprawie s\u0105 wzgl\u0119dniejsze. Kryterium r&oacute;\u017cnicowania jest wi\u0119c data prawomocno\u015bci wyrok&oacute;w podlegaj\u0105cych \u0142\u0105czeniu. Trybuna\u0142 Konstytucyjny uzna\u0142, \u017ce takie kryterium nie jest przypadkowe i&nbsp;arbitralne, a&nbsp;przeciwnie &ndash; harmonizuje z&nbsp;za\u0142o\u017ceniami przyj\u0119tymi przez ustawodawc\u0119 i&nbsp;przyczynia si\u0119 do ich realizacji. Jest ono w&nbsp;szczeg&oacute;lno\u015bci\u0105 konsekwencj\u0105 przyj\u0119cia zasady, \u017ce po nowelizacji substratami kary \u0142\u0105cznej mog\u0105 by\u0107 wy\u0142\u0105cznie kary &bdquo;podlegaj\u0105ce wykonaniu&rdquo;, a&nbsp;wi\u0119c kary prawomocne. W&nbsp;opinii Trybuna\u0142u Konstytucyjnego, dokonane na jego podstawie zr&oacute;\u017cnicowanie spe\u0142nia tak\u017ce warunek proporcjonalno\u015bci &#8211; Wyrok Trybuna\u0142u Konstytucyjnego z&nbsp;dnia 4 lipca 2018 r., sygn. akt K 16\/16.<\/span><br style=\"background: none; text-align: justify; color: #000000; text-transform: none; text-indent: 0px; letter-spacing: normal; font-size: 14px; font-style: normal; font-variant: normal; font-weight: 400; text-decoration: none; word-spacing: 0px; white-space: normal; orphans: 2; text-shadow: none;\" \/><br style=\"background: none; text-align: justify; color: #000000; text-transform: none; text-indent: 0px; letter-spacing: normal; font-size: 14px; font-style: normal; font-variant: normal; font-weight: 400; text-decoration: none; word-spacing: 0px; white-space: normal; orphans: 2; text-shadow: none;\" \/><strong style=\"background: none; text-align: justify; color: #000000; text-transform: none; text-indent: 0px; letter-spacing: normal; font-size: 14px; font-style: normal; font-variant: normal; font-weight: bold; text-decoration: none; word-spacing: 0px; white-space: normal; orphans: 2; text-shadow: none;\">S\u0105d Najwy\u017cszy<\/strong><br style=\"background: none; text-align: justify; color: #000000; text-transform: none; text-indent: 0px; letter-spacing: normal; font-size: 14px; font-style: normal; font-variant: normal; font-weight: 400; text-decoration: none; word-spacing: 0px; white-space: normal; orphans: 2; text-shadow: none;\" \/><strong style=\"background: none; text-align: justify; color: #000000; text-transform: none; text-indent: 0px; letter-spacing: normal; font-size: 14px; font-style: normal; font-variant: normal; font-weight: bold; text-decoration: none; word-spacing: 0px; white-space: normal; orphans: 2; text-shadow: none;\">INNE PRZEST\u0118PSTWO \u015aCIGANE Z&nbsp;URZ\u0118DU LUB PRZEST\u0118PSTWO SKARBOWE INNE NI\u017b PRZEST\u0118PSTWO OBJ\u0118TE ZARZ\u0104DZENIEM KONTROLI OPERACYJNEJ<\/strong><br style=\"background: none; text-align: justify; color: #000000; text-transform: none; text-indent: 0px; letter-spacing: normal; font-size: 14px; font-style: normal; font-variant: normal; font-weight: 400; text-decoration: none; word-spacing: 0px; white-space: normal; orphans: 2; text-shadow: none;\" \/><span style=\"text-align: justify; color: #000000; text-transform: none; text-indent: 0px; letter-spacing: normal; font-family: 'Helvetica Neue',Helvetica,Arial,sans-serif; font-size: 14px; font-style: normal; font-variant: normal; font-weight: 400; text-decoration: none; word-spacing: 0px; white-space: normal; orphans: 2; float: none; text-shadow: none; background-color: transparent;\">U\u017cyte w&nbsp;art. 168b k.p.k. sformu\u0142owanie &#8220;innego przest\u0119pstwa \u015bciganego z&nbsp;urz\u0119du lub przest\u0119pstwa skarbowego innego ni\u017c przest\u0119pstwo obj\u0119te zarz\u0105dzeniem kontroli operacyjnej&#8221; obejmuje swoim zakresem wy\u0142\u0105cznie te przest\u0119pstwa, co do kt&oacute;rych s\u0105d mo\u017ce wyrazi\u0107 zgod\u0119 na zarz\u0105dzenie kontroli operacyjnej, w&nbsp;tym te, o&nbsp;kt&oacute;rych mowa w&nbsp;art. 19 ust. 1 ustawy z&nbsp;dnia 6 kwietnia 1990 r. o&nbsp;Policji (Dz. U. z&nbsp;2017 r. poz. 2067 t.j. z&nbsp;p&oacute;\u017an. zm.) &#8211; Uchwa\u0142a S\u0105du Najwy\u017cszego z&nbsp;dnia 28 czerwca 2018 r., sygn. akt I&nbsp;KZP 4\/18.<\/span><br style=\"background: none; text-align: justify; color: #000000; text-transform: none; text-indent: 0px; letter-spacing: normal; font-size: 14px; font-style: normal; font-variant: normal; font-weight: 400; text-decoration: none; word-spacing: 0px; white-space: normal; orphans: 2; text-shadow: none;\" \/><br style=\"background: none; text-align: justify; color: #000000; text-transform: none; text-indent: 0px; letter-spacing: normal; font-size: 14px; font-style: normal; font-variant: normal; font-weight: 400; text-decoration: none; word-spacing: 0px; white-space: normal; orphans: 2; text-shadow: none;\" \/><strong style=\"background: none; text-align: justify; color: #000000; text-transform: none; text-indent: 0px; letter-spacing: normal; font-size: 14px; font-style: normal; font-variant: normal; font-weight: bold; text-decoration: none; word-spacing: 0px; white-space: normal; orphans: 2; text-shadow: none;\">SPRAWA O&nbsp;WYDANIE WYROKU \u0141\u0104CZNEGO<\/strong><br style=\"background: none; text-align: justify; color: #000000; text-transform: none; text-indent: 0px; letter-spacing: normal; font-size: 14px; font-style: normal; font-variant: normal; font-weight: 400; text-decoration: none; word-spacing: 0px; white-space: normal; orphans: 2; text-shadow: none;\" \/><span style=\"text-align: justify; color: #000000; text-transform: none; text-indent: 0px; letter-spacing: normal; font-family: 'Helvetica Neue',Helvetica,Arial,sans-serif; font-size: 14px; font-style: normal; font-variant: normal; font-weight: 400; text-decoration: none; word-spacing: 0px; white-space: normal; orphans: 2; float: none; text-shadow: none; background-color: transparent;\">W sprawie o&nbsp;wydanie wyroku \u0142\u0105cznego s\u0105d odwo\u0142awczy mo\u017ce orzec po raz pierwszy kar\u0119 \u0142\u0105czn\u0105, gdy w&nbsp;pierwszej instancji zosta\u0142 wydany zaskar\u017cony apelacj\u0105 wyrok \u0142\u0105czny, orzekaj\u0105cy kar\u0119 na bazie okre\u015blonych skaza\u0144 oraz umarzaj\u0105cy post\u0119powanie na podstawie art. 572 k.p.k. w&nbsp;pozosta\u0142ym zakresie. Nie jest tak\u017ce wykluczone orzeczenie przez s\u0105d odwo\u0142awczy kary \u0142\u0105cznej w&nbsp;oparciu o&nbsp;skazania, kt&oacute;re nie by\u0142y podstaw\u0105 orzeczenia kary \u0142\u0105cznej przez s\u0105d pierwszej instancji &ndash; Uchwa\u0142a S\u0105du Najwy\u017cszego z&nbsp;dnia 28 czerwca 2018 r., sygn. akt I&nbsp;KZP 3\/18.<\/span><br style=\"background: none; text-align: justify; color: #000000; text-transform: none; text-indent: 0px; letter-spacing: normal; font-size: 14px; font-style: normal; font-variant: normal; font-weight: 400; text-decoration: none; word-spacing: 0px; white-space: normal; orphans: 2; text-shadow: none;\" \/><br style=\"background: none; text-align: justify; color: #000000; text-transform: none; text-indent: 0px; letter-spacing: normal; font-size: 14px; font-style: normal; font-variant: normal; font-weight: 400; text-decoration: none; word-spacing: 0px; white-space: normal; orphans: 2; text-shadow: none;\" \/><strong style=\"background: none; text-align: justify; color: #000000; text-transform: none; text-indent: 0px; letter-spacing: normal; font-size: 14px; font-style: normal; font-variant: normal; font-weight: bold; text-decoration: none; word-spacing: 0px; white-space: normal; orphans: 2; text-shadow: none;\">TRYB SPROSTOWANIA OCZYWISTEJ OMY\u0141KI PISARSKIEJ<\/strong><br style=\"background: none; text-align: justify; color: #000000; text-transform: none; text-indent: 0px; letter-spacing: normal; font-size: 14px; font-style: normal; font-variant: normal; font-weight: 400; text-decoration: none; word-spacing: 0px; white-space: normal; orphans: 2; text-shadow: none;\" \/><span style=\"text-align: justify; color: #000000; text-transform: none; text-indent: 0px; letter-spacing: normal; font-family: 'Helvetica Neue',Helvetica,Arial,sans-serif; font-size: 14px; font-style: normal; font-variant: normal; font-weight: 400; text-decoration: none; word-spacing: 0px; white-space: normal; orphans: 2; float: none; text-shadow: none; background-color: transparent;\">W trybie sprostowania oczywistej omy\u0142ki pisarskiej (art. 105 &sect; 1 k.p.k.) mo\u017ce zosta\u0107 usuni\u0119te uchybienie w&nbsp;wyroku, kt&oacute;re polega na rozbie\u017cnym &#8211; w&nbsp;zapisie cyfrowym i&nbsp;s\u0142ownym &#8211; rozstrzygni\u0119ciu o&nbsp;karze (innym \u015brodku reakcji prawnokarnej). Omy\u0142ka pisarska mo\u017ce by\u0107 uznana za oczywist\u0105, je\u017celi po dokonaniu przez s\u0105d analizy tre\u015bci wyroku, przy uwzgl\u0119dnieniu kwalifikacji prawnej przypisanego przest\u0119pstwa, podstaw skazania i&nbsp;wymiaru kary, zostanie ustalone, \u017ce tylko jeden z&nbsp;rozbie\u017cnych sposob&oacute;w wyra\u017cenia kary (innego \u015brodka reakcji prawnokarnej) odzwierciedla wymiar kary (innego \u015brodka reakcji prawnokarnej), kt&oacute;ry by\u0142 mo\u017cliwy do orzeczenia na podstawie wskazanych przepis&oacute;w prawa &#8211; Uchwa\u0142a S\u0105du Najwy\u017cszego z&nbsp;dnia 28 czerwca 2018 r., sygn. akt I&nbsp;KZP 2\/18.<\/span><\/p>\n","protected":false},"excerpt":{"rendered":"<p>We would like to present the next issue of legal bulletin of the Law Office of Adam Polowiec.What you will find here is some information about the new provisions of law and the projects of amendments to acts, but also case-laws including the case laws of Supreme Court, Constitutional Tribunal and European Court of Justice.<\/p>\n","protected":false},"author":4,"featured_media":0,"comment_status":"closed","ping_status":"open","sticky":false,"template":"","format":"standard","meta":{"footnotes":""},"categories":[2],"tags":[],"class_list":["post-873","post","type-post","status-publish","format-standard","hentry","category-wpisy"],"featured_image_src":{"landsacpe":false,"list":false,"medium":false,"full":false},"yoast_head":"<!-- This site is optimized with the Yoast SEO plugin v27.2 - https:\/\/yoast.com\/product\/yoast-seo-wordpress\/ -->\n<title>Legal Bulletin Of The Law Office Of Adam Polowiec (2 July 2018 \u2013 8 July 2018) - Polowiec i Wsp\u00f3lnicy - Kancelaria prawna<\/title>\n<meta name=\"robots\" content=\"index, follow, max-snippet:-1, max-image-preview:large, max-video-preview:-1\" \/>\n<link rel=\"canonical\" href=\"https:\/\/polowiec.pl\/en\/legal-bulletin-of-the-law-office-of-adam-polowiec-2-july-2018-8-july-2018\/\" \/>\n<meta property=\"og:locale\" content=\"en_US\" \/>\n<meta property=\"og:type\" content=\"article\" \/>\n<meta property=\"og:title\" content=\"Legal Bulletin Of The Law Office Of Adam Polowiec (2 July 2018 \u2013 8 July 2018) - Polowiec i Wsp\u00f3lnicy - Kancelaria prawna\" \/>\n<meta property=\"og:description\" content=\"We would like to present the next issue of legal bulletin of the Law Office of Adam Polowiec.What you will find here is some information about the new provisions of law and the projects of amendments to acts, but also case-laws including the case laws of Supreme Court, Constitutional Tribunal and European Court of Justice.\" \/>\n<meta property=\"og:url\" content=\"https:\/\/polowiec.pl\/en\/legal-bulletin-of-the-law-office-of-adam-polowiec-2-july-2018-8-july-2018\/\" \/>\n<meta property=\"og:site_name\" content=\"Polowiec i Wsp\u00f3lnicy - Kancelaria prawna\" \/>\n<meta property=\"article:publisher\" content=\"https:\/\/www.facebook.com\/polowieciwspolnicy\/\" \/>\n<meta property=\"article:published_time\" content=\"2018-07-13T12:06:08+00:00\" \/>\n<meta property=\"article:modified_time\" content=\"2019-04-18T16:12:53+00:00\" \/>\n<meta name=\"author\" content=\"Monika\" \/>\n<meta name=\"twitter:card\" content=\"summary_large_image\" \/>\n<meta name=\"twitter:label1\" content=\"Written by\" \/>\n\t<meta name=\"twitter:data1\" content=\"Monika\" \/>\n\t<meta name=\"twitter:label2\" content=\"Est. reading time\" \/>\n\t<meta name=\"twitter:data2\" content=\"16 minutes\" \/>\n<script type=\"application\/ld+json\" class=\"yoast-schema-graph\">{\"@context\":\"https:\/\/schema.org\",\"@graph\":[{\"@type\":\"Article\",\"@id\":\"https:\/\/polowiec.pl\/en\/legal-bulletin-of-the-law-office-of-adam-polowiec-2-july-2018-8-july-2018\/#article\",\"isPartOf\":{\"@id\":\"https:\/\/polowiec.pl\/en\/legal-bulletin-of-the-law-office-of-adam-polowiec-2-july-2018-8-july-2018\/\"},\"author\":{\"name\":\"Monika\",\"@id\":\"https:\/\/polowiec.pl\/en\/#\/schema\/person\/6178ac96ba1d4d590993734f8a0a6539\"},\"headline\":\"Legal Bulletin Of The Law Office Of Adam Polowiec (2 July 2018 \u2013 8 July 2018)\",\"datePublished\":\"2018-07-13T12:06:08+00:00\",\"dateModified\":\"2019-04-18T16:12:53+00:00\",\"mainEntityOfPage\":{\"@id\":\"https:\/\/polowiec.pl\/en\/legal-bulletin-of-the-law-office-of-adam-polowiec-2-july-2018-8-july-2018\/\"},\"wordCount\":3171,\"publisher\":{\"@id\":\"https:\/\/polowiec.pl\/en\/#organization\"},\"articleSection\":[\"Wpisy\"],\"inLanguage\":\"en-US\"},{\"@type\":\"WebPage\",\"@id\":\"https:\/\/polowiec.pl\/en\/legal-bulletin-of-the-law-office-of-adam-polowiec-2-july-2018-8-july-2018\/\",\"url\":\"https:\/\/polowiec.pl\/en\/legal-bulletin-of-the-law-office-of-adam-polowiec-2-july-2018-8-july-2018\/\",\"name\":\"Legal Bulletin Of The Law Office Of Adam Polowiec (2 July 2018 \u2013 8 July 2018) - Polowiec i Wsp\u00f3lnicy - Kancelaria prawna\",\"isPartOf\":{\"@id\":\"https:\/\/polowiec.pl\/en\/#website\"},\"datePublished\":\"2018-07-13T12:06:08+00:00\",\"dateModified\":\"2019-04-18T16:12:53+00:00\",\"breadcrumb\":{\"@id\":\"https:\/\/polowiec.pl\/en\/legal-bulletin-of-the-law-office-of-adam-polowiec-2-july-2018-8-july-2018\/#breadcrumb\"},\"inLanguage\":\"en-US\",\"potentialAction\":[{\"@type\":\"ReadAction\",\"target\":[\"https:\/\/polowiec.pl\/en\/legal-bulletin-of-the-law-office-of-adam-polowiec-2-july-2018-8-july-2018\/\"]}]},{\"@type\":\"BreadcrumbList\",\"@id\":\"https:\/\/polowiec.pl\/en\/legal-bulletin-of-the-law-office-of-adam-polowiec-2-july-2018-8-july-2018\/#breadcrumb\",\"itemListElement\":[{\"@type\":\"ListItem\",\"position\":1,\"name\":\"Strona g\u0142\u00f3wna\",\"item\":\"https:\/\/polowiec.pl\/en\/\"},{\"@type\":\"ListItem\",\"position\":2,\"name\":\"Legal Bulletin Of The Law Office Of Adam Polowiec (2 July 2018 \u2013 8 July 2018)\"}]},{\"@type\":\"WebSite\",\"@id\":\"https:\/\/polowiec.pl\/en\/#website\",\"url\":\"https:\/\/polowiec.pl\/en\/\",\"name\":\"Polowiec i Wsp\u00f3lnicy - Kancelaria prawna\",\"description\":\"Obs\u0142uga prawna\",\"publisher\":{\"@id\":\"https:\/\/polowiec.pl\/en\/#organization\"},\"potentialAction\":[{\"@type\":\"SearchAction\",\"target\":{\"@type\":\"EntryPoint\",\"urlTemplate\":\"https:\/\/polowiec.pl\/en\/?s={search_term_string}\"},\"query-input\":{\"@type\":\"PropertyValueSpecification\",\"valueRequired\":true,\"valueName\":\"search_term_string\"}}],\"inLanguage\":\"en-US\"},{\"@type\":\"Organization\",\"@id\":\"https:\/\/polowiec.pl\/en\/#organization\",\"name\":\"Polowiec i Wsp\u00f3lnicy - Kancelaria prawna\",\"url\":\"https:\/\/polowiec.pl\/en\/\",\"logo\":{\"@type\":\"ImageObject\",\"inLanguage\":\"en-US\",\"@id\":\"https:\/\/polowiec.pl\/en\/#\/schema\/logo\/image\/\",\"url\":\"https:\/\/polowiec.pl\/wp-content\/uploads\/2018\/10\/polowiec_logo2-1.png\",\"contentUrl\":\"https:\/\/polowiec.pl\/wp-content\/uploads\/2018\/10\/polowiec_logo2-1.png\",\"width\":540,\"height\":381,\"caption\":\"Polowiec i Wsp\u00f3lnicy - Kancelaria prawna\"},\"image\":{\"@id\":\"https:\/\/polowiec.pl\/en\/#\/schema\/logo\/image\/\"},\"sameAs\":[\"https:\/\/www.facebook.com\/polowieciwspolnicy\/\",\"https:\/\/www.linkedin.com\/company\/polowiec-i-wsplnicy-sp.j.\/about\/\"]},{\"@type\":\"Person\",\"@id\":\"https:\/\/polowiec.pl\/en\/#\/schema\/person\/6178ac96ba1d4d590993734f8a0a6539\",\"name\":\"Monika\",\"image\":{\"@type\":\"ImageObject\",\"inLanguage\":\"en-US\",\"@id\":\"https:\/\/secure.gravatar.com\/avatar\/525d12775156493d0259a4384e9f7b0a0e6cc1c583cc1d0ae144bd6ca07140ea?s=96&d=mm&r=g\",\"url\":\"https:\/\/secure.gravatar.com\/avatar\/525d12775156493d0259a4384e9f7b0a0e6cc1c583cc1d0ae144bd6ca07140ea?s=96&d=mm&r=g\",\"contentUrl\":\"https:\/\/secure.gravatar.com\/avatar\/525d12775156493d0259a4384e9f7b0a0e6cc1c583cc1d0ae144bd6ca07140ea?s=96&d=mm&r=g\",\"caption\":\"Monika\"}}]}<\/script>\n<!-- \/ Yoast SEO plugin. -->","yoast_head_json":{"title":"Legal Bulletin Of The Law Office Of Adam Polowiec (2 July 2018 \u2013 8 July 2018) - Polowiec i Wsp\u00f3lnicy - Kancelaria prawna","robots":{"index":"index","follow":"follow","max-snippet":"max-snippet:-1","max-image-preview":"max-image-preview:large","max-video-preview":"max-video-preview:-1"},"canonical":"https:\/\/polowiec.pl\/en\/legal-bulletin-of-the-law-office-of-adam-polowiec-2-july-2018-8-july-2018\/","og_locale":"en_US","og_type":"article","og_title":"Legal Bulletin Of The Law Office Of Adam Polowiec (2 July 2018 \u2013 8 July 2018) - Polowiec i Wsp\u00f3lnicy - Kancelaria prawna","og_description":"We would like to present the next issue of legal bulletin of the Law Office of Adam Polowiec.What you will find here is some information about the new provisions of law and the projects of amendments to acts, but also case-laws including the case laws of Supreme Court, Constitutional Tribunal and European Court of Justice.","og_url":"https:\/\/polowiec.pl\/en\/legal-bulletin-of-the-law-office-of-adam-polowiec-2-july-2018-8-july-2018\/","og_site_name":"Polowiec i Wsp\u00f3lnicy - Kancelaria prawna","article_publisher":"https:\/\/www.facebook.com\/polowieciwspolnicy\/","article_published_time":"2018-07-13T12:06:08+00:00","article_modified_time":"2019-04-18T16:12:53+00:00","author":"Monika","twitter_card":"summary_large_image","twitter_misc":{"Written by":"Monika","Est. reading time":"16 minutes"},"schema":{"@context":"https:\/\/schema.org","@graph":[{"@type":"Article","@id":"https:\/\/polowiec.pl\/en\/legal-bulletin-of-the-law-office-of-adam-polowiec-2-july-2018-8-july-2018\/#article","isPartOf":{"@id":"https:\/\/polowiec.pl\/en\/legal-bulletin-of-the-law-office-of-adam-polowiec-2-july-2018-8-july-2018\/"},"author":{"name":"Monika","@id":"https:\/\/polowiec.pl\/en\/#\/schema\/person\/6178ac96ba1d4d590993734f8a0a6539"},"headline":"Legal Bulletin Of The Law Office Of Adam Polowiec (2 July 2018 \u2013 8 July 2018)","datePublished":"2018-07-13T12:06:08+00:00","dateModified":"2019-04-18T16:12:53+00:00","mainEntityOfPage":{"@id":"https:\/\/polowiec.pl\/en\/legal-bulletin-of-the-law-office-of-adam-polowiec-2-july-2018-8-july-2018\/"},"wordCount":3171,"publisher":{"@id":"https:\/\/polowiec.pl\/en\/#organization"},"articleSection":["Wpisy"],"inLanguage":"en-US"},{"@type":"WebPage","@id":"https:\/\/polowiec.pl\/en\/legal-bulletin-of-the-law-office-of-adam-polowiec-2-july-2018-8-july-2018\/","url":"https:\/\/polowiec.pl\/en\/legal-bulletin-of-the-law-office-of-adam-polowiec-2-july-2018-8-july-2018\/","name":"Legal Bulletin Of The Law Office Of Adam Polowiec (2 July 2018 \u2013 8 July 2018) - Polowiec i Wsp\u00f3lnicy - Kancelaria prawna","isPartOf":{"@id":"https:\/\/polowiec.pl\/en\/#website"},"datePublished":"2018-07-13T12:06:08+00:00","dateModified":"2019-04-18T16:12:53+00:00","breadcrumb":{"@id":"https:\/\/polowiec.pl\/en\/legal-bulletin-of-the-law-office-of-adam-polowiec-2-july-2018-8-july-2018\/#breadcrumb"},"inLanguage":"en-US","potentialAction":[{"@type":"ReadAction","target":["https:\/\/polowiec.pl\/en\/legal-bulletin-of-the-law-office-of-adam-polowiec-2-july-2018-8-july-2018\/"]}]},{"@type":"BreadcrumbList","@id":"https:\/\/polowiec.pl\/en\/legal-bulletin-of-the-law-office-of-adam-polowiec-2-july-2018-8-july-2018\/#breadcrumb","itemListElement":[{"@type":"ListItem","position":1,"name":"Strona g\u0142\u00f3wna","item":"https:\/\/polowiec.pl\/en\/"},{"@type":"ListItem","position":2,"name":"Legal Bulletin Of The Law Office Of Adam Polowiec (2 July 2018 \u2013 8 July 2018)"}]},{"@type":"WebSite","@id":"https:\/\/polowiec.pl\/en\/#website","url":"https:\/\/polowiec.pl\/en\/","name":"Polowiec i Wsp\u00f3lnicy - Kancelaria prawna","description":"Obs\u0142uga prawna","publisher":{"@id":"https:\/\/polowiec.pl\/en\/#organization"},"potentialAction":[{"@type":"SearchAction","target":{"@type":"EntryPoint","urlTemplate":"https:\/\/polowiec.pl\/en\/?s={search_term_string}"},"query-input":{"@type":"PropertyValueSpecification","valueRequired":true,"valueName":"search_term_string"}}],"inLanguage":"en-US"},{"@type":"Organization","@id":"https:\/\/polowiec.pl\/en\/#organization","name":"Polowiec i Wsp\u00f3lnicy - Kancelaria prawna","url":"https:\/\/polowiec.pl\/en\/","logo":{"@type":"ImageObject","inLanguage":"en-US","@id":"https:\/\/polowiec.pl\/en\/#\/schema\/logo\/image\/","url":"https:\/\/polowiec.pl\/wp-content\/uploads\/2018\/10\/polowiec_logo2-1.png","contentUrl":"https:\/\/polowiec.pl\/wp-content\/uploads\/2018\/10\/polowiec_logo2-1.png","width":540,"height":381,"caption":"Polowiec i Wsp\u00f3lnicy - Kancelaria prawna"},"image":{"@id":"https:\/\/polowiec.pl\/en\/#\/schema\/logo\/image\/"},"sameAs":["https:\/\/www.facebook.com\/polowieciwspolnicy\/","https:\/\/www.linkedin.com\/company\/polowiec-i-wsplnicy-sp.j.\/about\/"]},{"@type":"Person","@id":"https:\/\/polowiec.pl\/en\/#\/schema\/person\/6178ac96ba1d4d590993734f8a0a6539","name":"Monika","image":{"@type":"ImageObject","inLanguage":"en-US","@id":"https:\/\/secure.gravatar.com\/avatar\/525d12775156493d0259a4384e9f7b0a0e6cc1c583cc1d0ae144bd6ca07140ea?s=96&d=mm&r=g","url":"https:\/\/secure.gravatar.com\/avatar\/525d12775156493d0259a4384e9f7b0a0e6cc1c583cc1d0ae144bd6ca07140ea?s=96&d=mm&r=g","contentUrl":"https:\/\/secure.gravatar.com\/avatar\/525d12775156493d0259a4384e9f7b0a0e6cc1c583cc1d0ae144bd6ca07140ea?s=96&d=mm&r=g","caption":"Monika"}}]}},"_links":{"self":[{"href":"https:\/\/polowiec.pl\/en\/wp-json\/wp\/v2\/posts\/873","targetHints":{"allow":["GET"]}}],"collection":[{"href":"https:\/\/polowiec.pl\/en\/wp-json\/wp\/v2\/posts"}],"about":[{"href":"https:\/\/polowiec.pl\/en\/wp-json\/wp\/v2\/types\/post"}],"author":[{"embeddable":true,"href":"https:\/\/polowiec.pl\/en\/wp-json\/wp\/v2\/users\/4"}],"replies":[{"embeddable":true,"href":"https:\/\/polowiec.pl\/en\/wp-json\/wp\/v2\/comments?post=873"}],"version-history":[{"count":0,"href":"https:\/\/polowiec.pl\/en\/wp-json\/wp\/v2\/posts\/873\/revisions"}],"wp:attachment":[{"href":"https:\/\/polowiec.pl\/en\/wp-json\/wp\/v2\/media?parent=873"}],"wp:term":[{"taxonomy":"category","embeddable":true,"href":"https:\/\/polowiec.pl\/en\/wp-json\/wp\/v2\/categories?post=873"},{"taxonomy":"post_tag","embeddable":true,"href":"https:\/\/polowiec.pl\/en\/wp-json\/wp\/v2\/tags?post=873"}],"curies":[{"name":"wp","href":"https:\/\/api.w.org\/{rel}","templated":true}]}}