{"id":875,"date":"2018-08-02T09:38:42","date_gmt":"2018-08-02T07:38:42","guid":{"rendered":"https:\/\/nowa.polowiec.pl\/legal-bulletin-of-the-law-office-of-adam-polowiec-9-july-2018-22-july-2018\/"},"modified":"2019-04-18T18:12:15","modified_gmt":"2019-04-18T16:12:15","slug":"legal-bulletin-of-the-law-office-of-adam-polowiec-9-july-2018-22-july-2018","status":"publish","type":"post","link":"https:\/\/polowiec.pl\/en\/legal-bulletin-of-the-law-office-of-adam-polowiec-9-july-2018-22-july-2018\/","title":{"rendered":"Legal Bulletin Of The Law Office Of Adam Polowiec (9 July 2018 \u2013 22 July 2018)"},"content":{"rendered":"<p><span style=\"background: none; text-align: justify; color: #000000; text-transform: none; text-indent: 0px; letter-spacing: normal; font-size: 14px; font-style: normal; font-variant: normal; font-weight: 400; text-decoration: none; word-spacing: 0px; white-space: normal; orphans: 2; text-shadow: none;\">We would like to present the next issue of legal bulletin of the Law Office of Adam Polowiec.<\/span><br style=\"background: none; text-align: justify; color: #000000; text-transform: none; text-indent: 0px; letter-spacing: normal; font-size: 14px; font-style: normal; font-variant: normal; font-weight: 400; text-decoration: none; word-spacing: 0px; white-space: normal; orphans: 2; text-shadow: none;\" \/><span style=\"background: none; text-align: justify; color: #000000; text-transform: none; text-indent: 0px; letter-spacing: normal; font-size: 14px; font-style: normal; font-variant: normal; font-weight: 400; text-decoration: none; word-spacing: 0px; white-space: normal; orphans: 2; text-shadow: none;\">What you will find here is some information about the new provisions of law and the projects of amendments to acts, but also case-laws including the case laws of Supreme Court, Constitutional Tribunal and European Court of Justice<\/span><span style=\"background: none; text-align: justify; color: #000000; text-transform: none; text-indent: 0px; letter-spacing: normal; font-size: 14px; font-style: normal; font-variant: normal; font-weight: 400; text-decoration: none; word-spacing: 0px; white-space: normal; orphans: 2; float: none; text-shadow: none;\">.<\/span><\/p>\n<p>  <!--more-->  <\/p>\n<p>&nbsp;<b><span style=\"font-size: small;\">_____Nowe Prawo<br style=\"background: none; text-align: justify; color: #000000; text-transform: none; text-indent: 0px; letter-spacing: normal; font-style: normal; font-variant: normal; text-decoration: none; word-spacing: 0px; white-space: normal; orphans: 2; text-shadow: none;\" \/><br style=\"background: none; text-align: justify; color: #000000; text-transform: none; text-indent: 0px; letter-spacing: normal; font-style: normal; font-variant: normal; text-decoration: none; word-spacing: 0px; white-space: normal; orphans: 2; text-shadow: none;\" \/><\/span><\/b><strong style=\"background: none; text-align: justify; color: #000000; text-transform: none; text-indent: 0px; letter-spacing: normal; font-size: 14px; font-style: normal; font-variant: normal; font-weight: bold; text-decoration: none; word-spacing: 0px; white-space: normal; orphans: 2; text-shadow: none;\">PRAWO FARMACEUTYCZNE<\/strong><br style=\"background: none; text-align: justify; color: #000000; text-transform: none; text-indent: 0px; letter-spacing: normal; font-size: 14px; font-style: normal; font-variant: normal; font-weight: 400; text-decoration: none; word-spacing: 0px; white-space: normal; orphans: 2; text-shadow: none;\" \/><span style=\"text-align: justify; color: #000000; text-transform: none; text-indent: 0px; letter-spacing: normal; font-family: 'Helvetica Neue',Helvetica,Arial,sans-serif; font-size: 14px; font-style: normal; font-variant: normal; font-weight: 400; text-decoration: none; word-spacing: 0px; white-space: normal; orphans: 2; float: none; text-shadow: none; background-color: transparent;\">Ustawa z&nbsp;dnia 7 czerwca 2018 r. o&nbsp;zmianie ustawy &#8211; Prawo farmaceutyczne oraz niekt&oacute;rych innych ustaw (Dz. U. z&nbsp;2018 r., poz. 1375) &ndash; wejdzie w&nbsp;\u017cycie z&nbsp;dniem 1 sierpnia 2018 r., z&nbsp;wyj\u0105tkiem:<\/span><br style=\"background: none; text-align: justify; color: #000000; text-transform: none; text-indent: 0px; letter-spacing: normal; font-size: 14px; font-style: normal; font-variant: normal; font-weight: 400; text-decoration: none; word-spacing: 0px; white-space: normal; orphans: 2; text-shadow: none;\" \/><span style=\"text-align: justify; color: #000000; text-transform: none; text-indent: 0px; letter-spacing: normal; font-family: 'Helvetica Neue',Helvetica,Arial,sans-serif; font-size: 14px; font-style: normal; font-variant: normal; font-weight: 400; text-decoration: none; word-spacing: 0px; white-space: normal; orphans: 2; float: none; text-shadow: none; background-color: transparent;\">1) art. 14-17, kt&oacute;re wchodz\u0105 w&nbsp;\u017cycie z&nbsp;dniem og\u0142oszenia, z&nbsp;moc\u0105 od dnia 1 stycznia 2017 r.;<\/span><br style=\"background: none; text-align: justify; color: #000000; text-transform: none; text-indent: 0px; letter-spacing: normal; font-size: 14px; font-style: normal; font-variant: normal; font-weight: 400; text-decoration: none; word-spacing: 0px; white-space: normal; orphans: 2; text-shadow: none;\" \/><span style=\"text-align: justify; color: #000000; text-transform: none; text-indent: 0px; letter-spacing: normal; font-family: 'Helvetica Neue',Helvetica,Arial,sans-serif; font-size: 14px; font-style: normal; font-variant: normal; font-weight: 400; text-decoration: none; word-spacing: 0px; white-space: normal; orphans: 2; float: none; text-shadow: none; background-color: transparent;\">2) art. 1 pkt 3 i&nbsp;4, kt&oacute;re wchodz\u0105 w&nbsp;\u017cycie po up\u0142ywie 3 miesi\u0119cy od dnia og\u0142oszenia;<\/span><br style=\"background: none; text-align: justify; color: #000000; text-transform: none; text-indent: 0px; letter-spacing: normal; font-size: 14px; font-style: normal; font-variant: normal; font-weight: 400; text-decoration: none; word-spacing: 0px; white-space: normal; orphans: 2; text-shadow: none;\" \/><span style=\"text-align: justify; color: #000000; text-transform: none; text-indent: 0px; letter-spacing: normal; font-family: 'Helvetica Neue',Helvetica,Arial,sans-serif; font-size: 14px; font-style: normal; font-variant: normal; font-weight: 400; text-decoration: none; word-spacing: 0px; white-space: normal; orphans: 2; float: none; text-shadow: none; background-color: transparent;\">3) art. 1 pkt 13 w&nbsp;zakresie art. 48 ust. 5, pkt 14 oraz art. 5, kt&oacute;re wchodz\u0105 w&nbsp;\u017cycie z&nbsp;dniem 9 lutego 2019 r.<\/span><br style=\"background: none; text-align: justify; color: #000000; text-transform: none; text-indent: 0px; letter-spacing: normal; font-size: 14px; font-style: normal; font-variant: normal; font-weight: 400; text-decoration: none; word-spacing: 0px; white-space: normal; orphans: 2; text-shadow: none;\" \/><span style=\"text-align: justify; color: #000000; text-transform: none; text-indent: 0px; letter-spacing: normal; font-family: 'Helvetica Neue',Helvetica,Arial,sans-serif; font-size: 14px; font-style: normal; font-variant: normal; font-weight: 400; text-decoration: none; word-spacing: 0px; white-space: normal; orphans: 2; float: none; text-shadow: none; background-color: transparent;\">W ustawie z&nbsp;dnia 6 wrze\u015bnia 2001 r. &#8211; Prawo farmaceutyczne (Dz. U. z&nbsp;2017 r. poz. 2211 oraz z&nbsp;2018 r. poz. 650, 697 i&nbsp;1039) zmianie ulegnie brzmienie art. 2, art. 3 ust. 4 pkt 7, art. 37m ust. 2, art. 37r ust. 2, art. 38 ust. 2, art. 38a, art. 42, art. 48, art. 51a, art. 72a ust. 2 pkt 3, art. 73b ust. 1 pkt 7, art. 73d pkt 2, art. 75, art. 76 ust. 4, art. 80 ust. 1 pkt 3, art. 87, art. 88 ust. 5 pkt 4, art. 96a, art. 100, art. 101 pkt 3, art. 103, art. 108 ust. 4, art. 114, art. 125, dodaje si\u0119 art. 38aa i&nbsp;art. 38ab, w&nbsp;art. 39 w&nbsp;ust. 5 uchyla si\u0119 pkt 2, dodaje si\u0119 art. 43a, w&nbsp;art. 46 dodaje si\u0119 ust. 3a, dodaje si\u0119 art. 47d, dodaje si\u0119 art. 51ja, w&nbsp;art. 73f w&nbsp;ust. 1 w&nbsp;pkt 4 kropk\u0119 zast\u0119puje si\u0119 \u015brednikiem i&nbsp;dodaje si\u0119 pkt 5, w&nbsp;art. 76a w&nbsp;ust. 3 w&nbsp;pkt 2 \u015brednik zast\u0119puje si\u0119 kropk\u0105 i&nbsp;uchyla si\u0119 pkt 3, w&nbsp;art. 81 w&nbsp;ust. 1 w&nbsp;pkt 2 w&nbsp;lit. c kropk\u0119 zast\u0119puje si\u0119 \u015brednikiem i&nbsp;dodaje si\u0119 pkt 3, w&nbsp;art. 111 w&nbsp;ust. 3 w&nbsp;pkt 7 kropk\u0119 zast\u0119puje si\u0119 \u015brednikiem i&nbsp;dodaje si\u0119 pkt 8, dodaje si\u0119 art. 114a.<\/span><br style=\"background: none; text-align: justify; color: #000000; text-transform: none; text-indent: 0px; letter-spacing: normal; font-size: 14px; font-style: normal; font-variant: normal; font-weight: 400; text-decoration: none; word-spacing: 0px; white-space: normal; orphans: 2; text-shadow: none;\" \/><span style=\"text-align: justify; color: #000000; text-transform: none; text-indent: 0px; letter-spacing: normal; font-family: 'Helvetica Neue',Helvetica,Arial,sans-serif; font-size: 14px; font-style: normal; font-variant: normal; font-weight: 400; text-decoration: none; word-spacing: 0px; white-space: normal; orphans: 2; float: none; text-shadow: none; background-color: transparent;\">W ustawie z&nbsp;dnia 22 sierpnia 1997 r. o&nbsp;publicznej s\u0142u\u017cbie krwi (Dz. U. z&nbsp;2017 r. poz. 1371) do tytu\u0142u ustawy dodaje si\u0119 odno\u015bnik nr 1.<\/span><br style=\"background: none; text-align: justify; color: #000000; text-transform: none; text-indent: 0px; letter-spacing: normal; font-size: 14px; font-style: normal; font-variant: normal; font-weight: 400; text-decoration: none; word-spacing: 0px; white-space: normal; orphans: 2; text-shadow: none;\" \/><span style=\"text-align: justify; color: #000000; text-transform: none; text-indent: 0px; letter-spacing: normal; font-family: 'Helvetica Neue',Helvetica,Arial,sans-serif; font-size: 14px; font-style: normal; font-variant: normal; font-weight: 400; text-decoration: none; word-spacing: 0px; white-space: normal; orphans: 2; float: none; text-shadow: none; background-color: transparent;\">W ustawie z&nbsp;dnia 18 marca 2011 r. o&nbsp;Urz\u0119dzie Rejestracji Produkt&oacute;w Leczniczych, Wyrob&oacute;w Medycznych i&nbsp;Produkt&oacute;w Biob&oacute;jczych (Dz. U. z&nbsp;2016 r. poz. 1718) w&nbsp;odno\u015bniku nr 1 do tytu\u0142u ustawy w&nbsp;pkt 6 kropk\u0119 zast\u0119puje si\u0119 \u015brednikiem i&nbsp;dodaje si\u0119 pkt 7 i&nbsp;8, zmianie ulegnie brzmienie art. 2, w&nbsp;art. 4 w&nbsp;ust. 1 dodaje si\u0119 pkt 3a.<\/span><br style=\"background: none; text-align: justify; color: #000000; text-transform: none; text-indent: 0px; letter-spacing: normal; font-size: 14px; font-style: normal; font-variant: normal; font-weight: 400; text-decoration: none; word-spacing: 0px; white-space: normal; orphans: 2; text-shadow: none;\" \/><span style=\"text-align: justify; color: #000000; text-transform: none; text-indent: 0px; letter-spacing: normal; font-family: 'Helvetica Neue',Helvetica,Arial,sans-serif; font-size: 14px; font-style: normal; font-variant: normal; font-weight: 400; text-decoration: none; word-spacing: 0px; white-space: normal; orphans: 2; float: none; text-shadow: none; background-color: transparent;\">W ustawie z&nbsp;dnia 15 kwietnia 2011 r. o&nbsp;dzia\u0142alno\u015bci leczniczej (Dz. U. z&nbsp;2018 r. poz. 160, 138, 650 i&nbsp;1128) zmianie ulegnie brzmienie art. 100 ust. 2, w&nbsp;art. 108 w&nbsp;ust. 1 w&nbsp;pkt 3 kropk\u0119 zast\u0119puje si\u0119 \u015brednikiem i&nbsp;dodaje si\u0119 pkt 4, w&nbsp;art. 111a w&nbsp;ust. 1 skre\u015bla si\u0119 wyrazy &#8220;(Dz. U. z&nbsp;2017 r. poz. 2211)&#8221;.<\/span><br style=\"background: none; text-align: justify; color: #000000; text-transform: none; text-indent: 0px; letter-spacing: normal; font-size: 14px; font-style: normal; font-variant: normal; font-weight: 400; text-decoration: none; word-spacing: 0px; white-space: normal; orphans: 2; text-shadow: none;\" \/><span style=\"text-align: justify; color: #000000; text-transform: none; text-indent: 0px; letter-spacing: normal; font-family: 'Helvetica Neue',Helvetica,Arial,sans-serif; font-size: 14px; font-style: normal; font-variant: normal; font-weight: 400; text-decoration: none; word-spacing: 0px; white-space: normal; orphans: 2; float: none; text-shadow: none; background-color: transparent;\">W ustawie z&nbsp;dnia 19 grudnia 2014 r. o&nbsp;zmianie ustawy &#8211; Prawo farmaceutyczne oraz niekt&oacute;rych innych ustaw (Dz. U. z&nbsp;2015 r. poz. 28) w&nbsp;art. 1 w&nbsp;pkt 17 uchyla si\u0119 lit. c; w&nbsp;art. 8 w&nbsp;pkt 1 skre\u015bla si\u0119 wyrazy &#8220;art. 1 pkt 17 lit. c,&#8221;.<\/span><br style=\"background: none; text-align: justify; color: #000000; text-transform: none; text-indent: 0px; letter-spacing: normal; font-size: 14px; font-style: normal; font-variant: normal; font-weight: 400; text-decoration: none; word-spacing: 0px; white-space: normal; orphans: 2; text-shadow: none;\" \/><br style=\"background: none; text-align: justify; color: #000000; text-transform: none; text-indent: 0px; letter-spacing: normal; font-size: 14px; font-style: normal; font-variant: normal; font-weight: 400; text-decoration: none; word-spacing: 0px; white-space: normal; orphans: 2; text-shadow: none;\" \/><strong style=\"background: none; text-align: justify; color: #000000; text-transform: none; text-indent: 0px; letter-spacing: normal; font-size: 14px; font-style: normal; font-variant: normal; font-weight: bold; text-decoration: none; word-spacing: 0px; white-space: normal; orphans: 2; text-shadow: none;\">PRAWO ZAM&Oacute;WIE\u0143 PUBLICZNYCH<\/strong><br style=\"background: none; text-align: justify; color: #000000; text-transform: none; text-indent: 0px; letter-spacing: normal; font-size: 14px; font-style: normal; font-variant: normal; font-weight: 400; text-decoration: none; word-spacing: 0px; white-space: normal; orphans: 2; text-shadow: none;\" \/><span style=\"text-align: justify; color: #000000; text-transform: none; text-indent: 0px; letter-spacing: normal; font-family: 'Helvetica Neue',Helvetica,Arial,sans-serif; font-size: 14px; font-style: normal; font-variant: normal; font-weight: 400; text-decoration: none; word-spacing: 0px; white-space: normal; orphans: 2; float: none; text-shadow: none; background-color: transparent;\">Rozporz\u0105dzenie Ministra Inwestycji i&nbsp;Rozwoju z&nbsp;dnia 11 lipca 2018 r. w&nbsp;sprawie metody kalkulacji koszt&oacute;w cyklu \u017cycia budynk&oacute;w oraz sposobu przedstawiania informacji o&nbsp;tych kosztach (Dz. U. z&nbsp;2018 r., poz. 1357) &ndash; wesz\u0142o w&nbsp;\u017cycie z&nbsp;dniem 14 lipca 2018 r.<\/span><br style=\"background: none; text-align: justify; color: #000000; text-transform: none; text-indent: 0px; letter-spacing: normal; font-size: 14px; font-style: normal; font-variant: normal; font-weight: 400; text-decoration: none; word-spacing: 0px; white-space: normal; orphans: 2; text-shadow: none;\" \/><br style=\"background: none; text-align: justify; color: #000000; text-transform: none; text-indent: 0px; letter-spacing: normal; font-size: 14px; font-style: normal; font-variant: normal; font-weight: 400; text-decoration: none; word-spacing: 0px; white-space: normal; orphans: 2; text-shadow: none;\" \/><strong style=\"background: none; text-align: justify; color: #000000; text-transform: none; text-indent: 0px; letter-spacing: normal; font-size: 14px; font-style: normal; font-variant: normal; font-weight: bold; text-decoration: none; word-spacing: 0px; white-space: normal; orphans: 2; text-shadow: none;\">\u015aWIADCZENIA OPIEKI ZDROWOTNEJ FINANSOWANE ZE \u015aRODK&Oacute;W PUBLICZNYCH<\/strong><br style=\"background: none; text-align: justify; color: #000000; text-transform: none; text-indent: 0px; letter-spacing: normal; font-size: 14px; font-style: normal; font-variant: normal; font-weight: 400; text-decoration: none; word-spacing: 0px; white-space: normal; orphans: 2; text-shadow: none;\" \/><span style=\"text-align: justify; color: #000000; text-transform: none; text-indent: 0px; letter-spacing: normal; font-family: 'Helvetica Neue',Helvetica,Arial,sans-serif; font-size: 14px; font-style: normal; font-variant: normal; font-weight: 400; text-decoration: none; word-spacing: 0px; white-space: normal; orphans: 2; float: none; text-shadow: none; background-color: transparent;\">Rozporz\u0105dzenie Ministra Zdrowia z&nbsp;dnia 12 lipca 2018 r. zmieniaj\u0105ce rozporz\u0105dzenie w&nbsp;sprawie szczeg&oacute;\u0142owych kryteri&oacute;w wyboru ofert w&nbsp;post\u0119powaniu w&nbsp;sprawie zawarcia um&oacute;w o&nbsp;udzielanie \u015bwiadcze\u0144 opieki zdrowotnej (Dz. U. z&nbsp;2018 r., poz. 1383) &ndash; wesz\u0142o w&nbsp;\u017cycie z&nbsp;dniem 19 lipca 2018 r.<\/span><br style=\"background: none; text-align: justify; color: #000000; text-transform: none; text-indent: 0px; letter-spacing: normal; font-size: 14px; font-style: normal; font-variant: normal; font-weight: 400; text-decoration: none; word-spacing: 0px; white-space: normal; orphans: 2; text-shadow: none;\" \/><span style=\"text-align: justify; color: #000000; text-transform: none; text-indent: 0px; letter-spacing: normal; font-family: 'Helvetica Neue',Helvetica,Arial,sans-serif; font-size: 14px; font-style: normal; font-variant: normal; font-weight: 400; text-decoration: none; word-spacing: 0px; white-space: normal; orphans: 2; float: none; text-shadow: none; background-color: transparent;\">W rozporz\u0105dzeniu Ministra Zdrowia z&nbsp;dnia 5 sierpnia 2016 r. w&nbsp;sprawie szczeg&oacute;\u0142owych kryteri&oacute;w wyboru ofert w&nbsp;post\u0119powaniu w&nbsp;sprawie zawarcia um&oacute;w o&nbsp;udzielanie \u015bwiadcze\u0144 opieki zdrowotnej (Dz. U. poz. 1372, z&nbsp;p&oacute;\u017an. zm.) zmianie uleg\u0142o brzmienie za\u0142\u0105cznika nr 5 do rozporz\u0105dzenia, za\u0142\u0105cznika nr 7 do rozporz\u0105dzenia tabeli nr 1 &#8211; &#8220;LECZENIE STOMATOLOGICZNE&#8221; cz\u0119\u015b\u0107 2 &#8220;Przedmiot post\u0119powania: \u015awiadczenia og&oacute;lnostomatologiczne dla dzieci i&nbsp;m\u0142odzie\u017cy&#8221;.<\/span><br style=\"background: none; text-align: justify; color: #000000; text-transform: none; text-indent: 0px; letter-spacing: normal; font-size: 14px; font-style: normal; font-variant: normal; font-weight: 400; text-decoration: none; word-spacing: 0px; white-space: normal; orphans: 2; text-shadow: none;\" \/><span style=\"text-align: justify; color: #000000; text-transform: none; text-indent: 0px; letter-spacing: normal; font-family: 'Helvetica Neue',Helvetica,Arial,sans-serif; font-size: 14px; font-style: normal; font-variant: normal; font-weight: 400; text-decoration: none; word-spacing: 0px; white-space: normal; orphans: 2; float: none; text-shadow: none; background-color: transparent;\">Rozporz\u0105dzenie Ministra Zdrowia z&nbsp;dnia 12 lipca 2018 r. zmieniaj\u0105ce rozporz\u0105dzenie w&nbsp;sprawie og&oacute;lnych warunk&oacute;w um&oacute;w o&nbsp;udzielanie \u015bwiadcze\u0144 opieki zdrowotnej (Dz. U. z&nbsp;2018 r., poz. 1373) &ndash; wejdzie w&nbsp;\u017cycie z&nbsp;dniem 1 sierpnia 2018 r.<\/span><br style=\"background: none; text-align: justify; color: #000000; text-transform: none; text-indent: 0px; letter-spacing: normal; font-size: 14px; font-style: normal; font-variant: normal; font-weight: 400; text-decoration: none; word-spacing: 0px; white-space: normal; orphans: 2; text-shadow: none;\" \/><span style=\"text-align: justify; color: #000000; text-transform: none; text-indent: 0px; letter-spacing: normal; font-family: 'Helvetica Neue',Helvetica,Arial,sans-serif; font-size: 14px; font-style: normal; font-variant: normal; font-weight: 400; text-decoration: none; word-spacing: 0px; white-space: normal; orphans: 2; float: none; text-shadow: none; background-color: transparent;\">W rozporz\u0105dzeniu Ministra Zdrowia z&nbsp;dnia 8 wrze\u015bnia 2015 r. w&nbsp;sprawie og&oacute;lnych warunk&oacute;w um&oacute;w o&nbsp;udzielanie \u015bwiadcze\u0144 opieki zdrowotnej (Dz. U. z&nbsp;2016 r. poz. 1146 oraz z&nbsp;2017 r. poz. 1809) w&nbsp;&sect; 3 w&nbsp;ust. 1 wyrazy &#8220;&sect; 16 ust. 1a, 3-5 i&nbsp;&sect; 30 ust. 1a&#8221; zast\u0119puje si\u0119 wyrazami &#8220;&sect; 16 ust. 1a, 3, 4 i&nbsp;5 oraz &sect; 30 ust. 1a&#8221;; w&nbsp;za\u0142\u0105czniku w&nbsp;&sect; 16 dodaje si\u0119 ust. 4a.<\/span><br style=\"background: none; text-align: justify; color: #000000; text-transform: none; text-indent: 0px; letter-spacing: normal; font-size: 14px; font-style: normal; font-variant: normal; font-weight: 400; text-decoration: none; word-spacing: 0px; white-space: normal; orphans: 2; text-shadow: none;\" \/><span style=\"text-align: justify; color: #000000; text-transform: none; text-indent: 0px; letter-spacing: normal; font-family: 'Helvetica Neue',Helvetica,Arial,sans-serif; font-size: 14px; font-style: normal; font-variant: normal; font-weight: 400; text-decoration: none; word-spacing: 0px; white-space: normal; orphans: 2; float: none; text-shadow: none; background-color: transparent;\">Rozporz\u0105dzenie Ministra Zdrowia z&nbsp;dnia 11 lipca 2018 r. w&nbsp;sprawie formularza Instrumentu Oceny Wniosk&oacute;w Inwestycyjnych w&nbsp;Sektorze Zdrowia dla inwestycji skutkuj\u0105cych zmian\u0105 zakresu udzielanych \u015bwiadcze\u0144 opieki zdrowotnej (Dz. U. z&nbsp;2018 r., poz. 1347) &ndash; wesz\u0142o w&nbsp;\u017cycie z&nbsp;dniem 13 lipca 2018 r.<\/span><br style=\"background: none; text-align: justify; color: #000000; text-transform: none; text-indent: 0px; letter-spacing: normal; font-size: 14px; font-style: normal; font-variant: normal; font-weight: 400; text-decoration: none; word-spacing: 0px; white-space: normal; orphans: 2; text-shadow: none;\" \/><span style=\"text-align: justify; color: #000000; text-transform: none; text-indent: 0px; letter-spacing: normal; font-family: 'Helvetica Neue',Helvetica,Arial,sans-serif; font-size: 14px; font-style: normal; font-variant: normal; font-weight: 400; text-decoration: none; word-spacing: 0px; white-space: normal; orphans: 2; float: none; text-shadow: none; background-color: transparent;\">Rozporz\u0105dzenie Ministra Zdrowia z&nbsp;dnia 11 lipca 2018 r. w&nbsp;sprawie formularza Instrumentu Oceny Wniosk&oacute;w Inwestycyjnych w&nbsp;Sektorze Zdrowia dla inwestycji pozostaj\u0105cych bez wp\u0142ywu na zakres udzielanych \u015bwiadcze\u0144 opieki zdrowotnej (Dz. U. z&nbsp;2018 r., poz. 1348) &ndash; wesz\u0142o w&nbsp;\u017cycie z&nbsp;dniem 13 lipca 2018 r.<\/span><br style=\"background: none; text-align: justify; color: #000000; text-transform: none; text-indent: 0px; letter-spacing: normal; font-size: 14px; font-style: normal; font-variant: normal; font-weight: 400; text-decoration: none; word-spacing: 0px; white-space: normal; orphans: 2; text-shadow: none;\" \/><br style=\"background: none; text-align: justify; color: #000000; text-transform: none; text-indent: 0px; letter-spacing: normal; font-size: 14px; font-style: normal; font-variant: normal; font-weight: 400; text-decoration: none; word-spacing: 0px; white-space: normal; orphans: 2; text-shadow: none;\" \/><strong style=\"background: none; text-align: justify; color: #000000; text-transform: none; text-indent: 0px; letter-spacing: normal; font-size: 14px; font-style: normal; font-variant: normal; font-weight: bold; text-decoration: none; word-spacing: 0px; white-space: normal; orphans: 2; text-shadow: none;\">PRAWO PODATKOWE<\/strong><br style=\"background: none; text-align: justify; color: #000000; text-transform: none; text-indent: 0px; letter-spacing: normal; font-size: 14px; font-style: normal; font-variant: normal; font-weight: 400; text-decoration: none; word-spacing: 0px; white-space: normal; orphans: 2; text-shadow: none;\" \/><span style=\"text-align: justify; color: #000000; text-transform: none; text-indent: 0px; letter-spacing: normal; font-family: 'Helvetica Neue',Helvetica,Arial,sans-serif; font-size: 14px; font-style: normal; font-variant: normal; font-weight: 400; text-decoration: none; word-spacing: 0px; white-space: normal; orphans: 2; float: none; text-shadow: none; background-color: transparent;\">Rozporz\u0105dzenie Ministra Finans&oacute;w z&nbsp;dnia 11 lipca 2018 r. w&nbsp;sprawie zaniechania poboru podatku od czynno\u015bci cywilnoprawnych od umowy sprzeda\u017cy lub zamiany waluty wirtualnej (Dz. U. z&nbsp;2018 r., poz. 1346) &ndash; wesz\u0142o w&nbsp;\u017cycie z&nbsp;dniem 13 lipca 2018 r.<\/span><br style=\"background: none; text-align: justify; color: #000000; text-transform: none; text-indent: 0px; letter-spacing: normal; font-size: 14px; font-style: normal; font-variant: normal; font-weight: 400; text-decoration: none; word-spacing: 0px; white-space: normal; orphans: 2; text-shadow: none;\" \/><br style=\"background: none; text-align: justify; color: #000000; text-transform: none; text-indent: 0px; letter-spacing: normal; font-size: 14px; font-style: normal; font-variant: normal; font-weight: 400; text-decoration: none; word-spacing: 0px; white-space: normal; orphans: 2; text-shadow: none;\" \/><strong style=\"background: none; text-align: justify; color: #000000; text-transform: none; text-indent: 0px; letter-spacing: normal; font-size: 14px; font-style: normal; font-variant: normal; font-weight: bold; text-decoration: none; word-spacing: 0px; white-space: normal; orphans: 2; text-shadow: none;\">KODEKS WYBORCZY<\/strong><br style=\"background: none; text-align: justify; color: #000000; text-transform: none; text-indent: 0px; letter-spacing: normal; font-size: 14px; font-style: normal; font-variant: normal; font-weight: 400; text-decoration: none; word-spacing: 0px; white-space: normal; orphans: 2; text-shadow: none;\" \/><span style=\"text-align: justify; color: #000000; text-transform: none; text-indent: 0px; letter-spacing: normal; font-family: 'Helvetica Neue',Helvetica,Arial,sans-serif; font-size: 14px; font-style: normal; font-variant: normal; font-weight: 400; text-decoration: none; word-spacing: 0px; white-space: normal; orphans: 2; float: none; text-shadow: none; background-color: transparent;\">Ustawa z&nbsp;dnia 15 czerwca 2018 r. o&nbsp;zmianie ustawy &#8211; Kodeks wyborczy oraz niekt&oacute;rych innych ustaw (Dz. U. z&nbsp;2018 r., poz. 1349) &ndash; wesz\u0142o w&nbsp;\u017cycie z&nbsp;dniem 20 lipca 2018 r. <\/span><br style=\"background: none; text-align: justify; color: #000000; text-transform: none; text-indent: 0px; letter-spacing: normal; font-size: 14px; font-style: normal; font-variant: normal; font-weight: 400; text-decoration: none; word-spacing: 0px; white-space: normal; orphans: 2; text-shadow: none;\" \/><span style=\"text-align: justify; color: #000000; text-transform: none; text-indent: 0px; letter-spacing: normal; font-family: 'Helvetica Neue',Helvetica,Arial,sans-serif; font-size: 14px; font-style: normal; font-variant: normal; font-weight: 400; text-decoration: none; word-spacing: 0px; white-space: normal; orphans: 2; float: none; text-shadow: none; background-color: transparent;\">W ustawie z&nbsp;dnia 5 stycznia 2011 r. &#8211; Kodeks wyborczy (Dz. U. z&nbsp;2018 r. poz. 754 i&nbsp;1000) uchyla si\u0119 art. 12a, w&nbsp;art. 52 uchyla si\u0119 &sect; 7-8 i&nbsp;10, w&nbsp;art. 53d uchyla si\u0119 &sect; 1, w&nbsp;art. 72 uchyla si\u0119 &sect; 1, w&nbsp;art. 160 w&nbsp;&sect; 1 dodaje si\u0119 pkt 2a, zmianie uleg\u0142o brzmienie art. 191c &sect; 1, art. 191e w&nbsp;&sect; 1 pkt 5, art. 191g, dodaje si\u0119 art. 191ca.<\/span><br style=\"background: none; text-align: justify; color: #000000; text-transform: none; text-indent: 0px; letter-spacing: normal; font-size: 14px; font-style: normal; font-variant: normal; font-weight: 400; text-decoration: none; word-spacing: 0px; white-space: normal; orphans: 2; text-shadow: none;\" \/><span style=\"text-align: justify; color: #000000; text-transform: none; text-indent: 0px; letter-spacing: normal; font-family: 'Helvetica Neue',Helvetica,Arial,sans-serif; font-size: 14px; font-style: normal; font-variant: normal; font-weight: 400; text-decoration: none; word-spacing: 0px; white-space: normal; orphans: 2; float: none; text-shadow: none; background-color: transparent;\">W ustawie z&nbsp;dnia 8 marca 1990 r. o&nbsp;samorz\u0105dzie gminnym (Dz. U. z&nbsp;2018 r. poz. 994 i&nbsp;1000) w&nbsp;art. 20 uchyla si\u0119 ust. 1c, dodaje si\u0119 art. 35a.<\/span><br style=\"background: none; text-align: justify; color: #000000; text-transform: none; text-indent: 0px; letter-spacing: normal; font-size: 14px; font-style: normal; font-variant: normal; font-weight: 400; text-decoration: none; word-spacing: 0px; white-space: normal; orphans: 2; text-shadow: none;\" \/><span style=\"text-align: justify; color: #000000; text-transform: none; text-indent: 0px; letter-spacing: normal; font-family: 'Helvetica Neue',Helvetica,Arial,sans-serif; font-size: 14px; font-style: normal; font-variant: normal; font-weight: 400; text-decoration: none; word-spacing: 0px; white-space: normal; orphans: 2; float: none; text-shadow: none; background-color: transparent;\">W ustawie z&nbsp;dnia 5 czerwca 1998 r. o&nbsp;samorz\u0105dzie powiatowym (Dz. U. z&nbsp;2018 r. poz. 995 i&nbsp;1000) w&nbsp;art. 15 uchyla si\u0119 ust. 1b.<\/span><br style=\"background: none; text-align: justify; color: #000000; text-transform: none; text-indent: 0px; letter-spacing: normal; font-size: 14px; font-style: normal; font-variant: normal; font-weight: 400; text-decoration: none; word-spacing: 0px; white-space: normal; orphans: 2; text-shadow: none;\" \/><span style=\"text-align: justify; color: #000000; text-transform: none; text-indent: 0px; letter-spacing: normal; font-family: 'Helvetica Neue',Helvetica,Arial,sans-serif; font-size: 14px; font-style: normal; font-variant: normal; font-weight: 400; text-decoration: none; word-spacing: 0px; white-space: normal; orphans: 2; float: none; text-shadow: none; background-color: transparent;\">W ustawie z&nbsp;dnia 15 wrze\u015bnia 2000 r. o&nbsp;referendum lokalnym (Dz.U. z&nbsp;2016 r. poz. 400 oraz z&nbsp;2017 r. poz. 850) dodaje si\u0119 art. 8a.<\/span><br style=\"background: none; text-align: justify; color: #000000; text-transform: none; text-indent: 0px; letter-spacing: normal; font-size: 14px; font-style: normal; font-variant: normal; font-weight: 400; text-decoration: none; word-spacing: 0px; white-space: normal; orphans: 2; text-shadow: none;\" \/><span style=\"text-align: justify; color: #000000; text-transform: none; text-indent: 0px; letter-spacing: normal; font-family: 'Helvetica Neue',Helvetica,Arial,sans-serif; font-size: 14px; font-style: normal; font-variant: normal; font-weight: 400; text-decoration: none; word-spacing: 0px; white-space: normal; orphans: 2; float: none; text-shadow: none; background-color: transparent;\">W ustawie z&nbsp;dnia 18 pa\u017adziernika 2006 r. o&nbsp;ujawnianiu informacji o&nbsp;dokumentach organ&oacute;w bezpiecze\u0144stwa pa\u0144stwa z&nbsp;lat 1944-1990 oraz tre\u015bci tych dokument&oacute;w (Dz. U. z&nbsp;2017 r. poz. 2186 oraz z&nbsp;2018 r. poz. 538, 650, 651, 730 i&nbsp;1000) dodaje si\u0119 art. 21i.<\/span><br style=\"background: none; text-align: justify; color: #000000; text-transform: none; text-indent: 0px; letter-spacing: normal; font-size: 14px; font-style: normal; font-variant: normal; font-weight: 400; text-decoration: none; word-spacing: 0px; white-space: normal; orphans: 2; text-shadow: none;\" \/><span style=\"text-align: justify; color: #000000; text-transform: none; text-indent: 0px; letter-spacing: normal; font-family: 'Helvetica Neue',Helvetica,Arial,sans-serif; font-size: 14px; font-style: normal; font-variant: normal; font-weight: 400; text-decoration: none; word-spacing: 0px; white-space: normal; orphans: 2; float: none; text-shadow: none; background-color: transparent;\">W ustawie z&nbsp;dnia 11 stycznia 2018 r. o&nbsp;zmianie niekt&oacute;rych ustaw w&nbsp;celu zwi\u0119kszenia udzia\u0142u obywateli w&nbsp;procesie wybierania, funkcjonowania i&nbsp;kontrolowania niekt&oacute;rych organ&oacute;w publicznych (Dz. U. poz. 130) zmianie uleg\u0142o brzmienie art. 5, art. 12.<\/span><br style=\"background: none; text-align: justify; color: #000000; text-transform: none; text-indent: 0px; letter-spacing: normal; font-size: 14px; font-style: normal; font-variant: normal; font-weight: 400; text-decoration: none; word-spacing: 0px; white-space: normal; orphans: 2; text-shadow: none;\" \/><br style=\"background: none; text-align: justify; color: #000000; text-transform: none; text-indent: 0px; letter-spacing: normal; font-size: 14px; font-style: normal; font-variant: normal; font-weight: 400; text-decoration: none; word-spacing: 0px; white-space: normal; orphans: 2; text-shadow: none;\" \/><strong style=\"background: none; text-align: justify; color: #000000; text-transform: none; text-indent: 0px; letter-spacing: normal; font-size: 14px; font-style: normal; font-variant: normal; font-weight: bold; text-decoration: none; word-spacing: 0px; white-space: normal; orphans: 2; text-shadow: none;\">ZU\u017bYTY SPRZ\u0118T ELEKTRYCZNY I&nbsp;ELEKTRONICZNY<\/strong><br style=\"background: none; text-align: justify; color: #000000; text-transform: none; text-indent: 0px; letter-spacing: normal; font-size: 14px; font-style: normal; font-variant: normal; font-weight: 400; text-decoration: none; word-spacing: 0px; white-space: normal; orphans: 2; text-shadow: none;\" \/><span style=\"text-align: justify; color: #000000; text-transform: none; text-indent: 0px; letter-spacing: normal; font-family: 'Helvetica Neue',Helvetica,Arial,sans-serif; font-size: 14px; font-style: normal; font-variant: normal; font-weight: 400; text-decoration: none; word-spacing: 0px; white-space: normal; orphans: 2; float: none; text-shadow: none; background-color: transparent;\">Rozporz\u0105dzenie Ministra \u015arodowiska z&nbsp;dnia 10 lipca 2018 r. zmieniaj\u0105ce rozporz\u0105dzenie w&nbsp;sprawie zakresu i&nbsp;wzoru rocznego raportu o&nbsp;funkcjonowaniu systemu gospodarki zu\u017cytym sprz\u0119tem (Dz. U. z&nbsp;2018 r., poz. 1361) &ndash; wejdzie w&nbsp;\u017cycie z&nbsp;dniem 31 lipca 2018 r.<\/span><br style=\"background: none; text-align: justify; color: #000000; text-transform: none; text-indent: 0px; letter-spacing: normal; font-size: 14px; font-style: normal; font-variant: normal; font-weight: 400; text-decoration: none; word-spacing: 0px; white-space: normal; orphans: 2; text-shadow: none;\" \/><span style=\"text-align: justify; color: #000000; text-transform: none; text-indent: 0px; letter-spacing: normal; font-family: 'Helvetica Neue',Helvetica,Arial,sans-serif; font-size: 14px; font-style: normal; font-variant: normal; font-weight: 400; text-decoration: none; word-spacing: 0px; white-space: normal; orphans: 2; float: none; text-shadow: none; background-color: transparent;\">W rozporz\u0105dzeniu Ministra \u015arodowiska z&nbsp;dnia 15 grudnia 2016 r. w&nbsp;sprawie zakresu i&nbsp;wzoru rocznego raportu o&nbsp;funkcjonowaniu systemu gospodarki zu\u017cytym sprz\u0119tem (Dz. U. poz. 2184) zmianie ulegnie brzmienie &sect; 1 ust. 1, &sect; 3, za\u0142\u0105cznika nr 1 do rozporz\u0105dzenia, w&nbsp;&sect; 2 skre\u015bla si\u0119 wyrazy &#8220;i 2017 r.&#8221;, dodaje si\u0119 &sect; 2a, w&nbsp;za\u0142\u0105czniku nr 2 do rozporz\u0105dzenia w&nbsp;tytule skre\u015bla si\u0119 wyrazy &#8220;I 2017 R.&#8221;, dodaje si\u0119 za\u0142\u0105cznik nr 3 do rozporz\u0105dzenia w&nbsp;brzmieniu okre\u015blonym w&nbsp;za\u0142\u0105czniku nr 3.<\/span><br style=\"background: none; text-align: justify; color: #000000; text-transform: none; text-indent: 0px; letter-spacing: normal; font-size: 14px; font-style: normal; font-variant: normal; font-weight: 400; text-decoration: none; word-spacing: 0px; white-space: normal; orphans: 2; text-shadow: none;\" \/><br style=\"background: none; text-align: justify; color: #000000; text-transform: none; text-indent: 0px; letter-spacing: normal; font-size: 14px; font-style: normal; font-variant: normal; font-weight: 400; text-decoration: none; word-spacing: 0px; white-space: normal; orphans: 2; text-shadow: none;\" \/><strong style=\"background: none; text-align: justify; color: #000000; text-transform: none; text-indent: 0px; letter-spacing: normal; font-size: 14px; font-style: normal; font-variant: normal; font-weight: bold; text-decoration: none; word-spacing: 0px; white-space: normal; orphans: 2; text-shadow: none;\">POMOC SPO\u0141ECZNA<\/strong><br style=\"background: none; text-align: justify; color: #000000; text-transform: none; text-indent: 0px; letter-spacing: normal; font-size: 14px; font-style: normal; font-variant: normal; font-weight: 400; text-decoration: none; word-spacing: 0px; white-space: normal; orphans: 2; text-shadow: none;\" \/><span style=\"text-align: justify; color: #000000; text-transform: none; text-indent: 0px; letter-spacing: normal; font-family: 'Helvetica Neue',Helvetica,Arial,sans-serif; font-size: 14px; font-style: normal; font-variant: normal; font-weight: 400; text-decoration: none; word-spacing: 0px; white-space: normal; orphans: 2; float: none; text-shadow: none; background-color: transparent;\">Rozporz\u0105dzenie Rady Ministr&oacute;w z&nbsp;dnia 11 lipca 2018 r. w&nbsp;sprawie zweryfikowanych kryteri&oacute;w dochodowych oraz kwot \u015bwiadcze\u0144 pieni\u0119\u017cnych z&nbsp;pomocy spo\u0142ecznej (Dz. U. z&nbsp;2018 r., poz. 1358) &ndash; wejdzie w&nbsp;\u017cycie z&nbsp;dniem 1 pa\u017adziernika 2018 r.<\/span><br style=\"background: none; text-align: justify; color: #000000; text-transform: none; text-indent: 0px; letter-spacing: normal; font-size: 14px; font-style: normal; font-variant: normal; font-weight: 400; text-decoration: none; word-spacing: 0px; white-space: normal; orphans: 2; text-shadow: none;\" \/><br style=\"background: none; text-align: justify; color: #000000; text-transform: none; text-indent: 0px; letter-spacing: normal; font-size: 14px; font-style: normal; font-variant: normal; font-weight: 400; text-decoration: none; word-spacing: 0px; white-space: normal; orphans: 2; text-shadow: none;\" \/><strong style=\"background: none; text-align: justify; color: #000000; text-transform: none; text-indent: 0px; letter-spacing: normal; font-size: 14px; font-style: normal; font-variant: normal; font-weight: bold; text-decoration: none; word-spacing: 0px; white-space: normal; orphans: 2; text-shadow: none;\">KRAJOWA ADMINISTRACJA SKARBOWA<\/strong><br style=\"background: none; text-align: justify; color: #000000; text-transform: none; text-indent: 0px; letter-spacing: normal; font-size: 14px; font-style: normal; font-variant: normal; font-weight: 400; text-decoration: none; word-spacing: 0px; white-space: normal; orphans: 2; text-shadow: none;\" \/><span style=\"text-align: justify; color: #000000; text-transform: none; text-indent: 0px; letter-spacing: normal; font-family: 'Helvetica Neue',Helvetica,Arial,sans-serif; font-size: 14px; font-style: normal; font-variant: normal; font-weight: 400; text-decoration: none; word-spacing: 0px; white-space: normal; orphans: 2; float: none; text-shadow: none; background-color: transparent;\">Rozporz\u0105dzenie Ministra Finans&oacute;w z&nbsp;dnia 5 lipca 2018 r. w&nbsp;sprawie dodatku kontrolerskiego dla os&oacute;b zatrudnionych w&nbsp;jednostkach organizacyjnych Krajowej Administracji Skarbowej oraz funkcjonariuszy S\u0142u\u017cby Celno-Skarbowej (Dz. U. z&nbsp;2018 r., poz. 1336) &ndash; wesz\u0142o w&nbsp;\u017cycie z&nbsp;dniem 13 lipca 2018 r.<\/span><br style=\"background: none; text-align: justify; color: #000000; text-transform: none; text-indent: 0px; letter-spacing: normal; font-size: 14px; font-style: normal; font-variant: normal; font-weight: 400; text-decoration: none; word-spacing: 0px; white-space: normal; orphans: 2; text-shadow: none;\" \/><br style=\"background: none; text-align: justify; color: #000000; text-transform: none; text-indent: 0px; letter-spacing: normal; font-size: 14px; font-style: normal; font-variant: normal; font-weight: 400; text-decoration: none; word-spacing: 0px; white-space: normal; orphans: 2; text-shadow: none;\" \/><strong style=\"background: none; text-align: justify; color: #000000; text-transform: none; text-indent: 0px; letter-spacing: normal; font-size: 14px; font-style: normal; font-variant: normal; font-weight: bold; text-decoration: none; word-spacing: 0px; white-space: normal; orphans: 2; text-shadow: none;\">SYSTEMY OCENY ZGODNO\u015aCI<\/strong><br style=\"background: none; text-align: justify; color: #000000; text-transform: none; text-indent: 0px; letter-spacing: normal; font-size: 14px; font-style: normal; font-variant: normal; font-weight: 400; text-decoration: none; word-spacing: 0px; white-space: normal; orphans: 2; text-shadow: none;\" \/><span style=\"text-align: justify; color: #000000; text-transform: none; text-indent: 0px; letter-spacing: normal; font-family: 'Helvetica Neue',Helvetica,Arial,sans-serif; font-size: 14px; font-style: normal; font-variant: normal; font-weight: 400; text-decoration: none; word-spacing: 0px; white-space: normal; orphans: 2; float: none; text-shadow: none; background-color: transparent;\">Ustawa z&nbsp;dnia 15 czerwca 2018 r. o&nbsp;zmianie ustawy o&nbsp;systemach oceny zgodno\u015bci i&nbsp;nadzoru rynku oraz niekt&oacute;rych innych ustaw (Dz. U. z&nbsp;2018 r., poz. 1338) &ndash; wesz\u0142a w&nbsp;\u017cycie z&nbsp;dniem 19 lipca 2018 r., z&nbsp;wyj\u0105tkiem art. 1 pkt 6 lit. a, kt&oacute;ry wchodzi w&nbsp;\u017cycie po up\u0142ywie 12 miesi\u0119cy od dnia og\u0142oszenia.<\/span><br style=\"background: none; text-align: justify; color: #000000; text-transform: none; text-indent: 0px; letter-spacing: normal; font-size: 14px; font-style: normal; font-variant: normal; font-weight: 400; text-decoration: none; word-spacing: 0px; white-space: normal; orphans: 2; text-shadow: none;\" \/><span style=\"text-align: justify; color: #000000; text-transform: none; text-indent: 0px; letter-spacing: normal; font-family: 'Helvetica Neue',Helvetica,Arial,sans-serif; font-size: 14px; font-style: normal; font-variant: normal; font-weight: 400; text-decoration: none; word-spacing: 0px; white-space: normal; orphans: 2; float: none; text-shadow: none; background-color: transparent;\">W ustawie z&nbsp;dnia 13 kwietnia 2016 r. o&nbsp;systemach oceny zgodno\u015bci i&nbsp;nadzoru rynku (Dz. U. z&nbsp;2017 r. poz. 1398 oraz z&nbsp;2018 r. poz. 650) zmianie uleg\u0142o brzmienie art. 3 ust. 2 pkt 1 i&nbsp;2, art. 4, art. 24, art. 27, art. 29 ust. 2-5, art. 30 ust. 1 i&nbsp;2, art. 32 ust. 2 i&nbsp;3, art. 33, art. 34, art. 35, art. 36, art. 58, art. 59, art. 60 ust. 2, art. 61, art. 62 ust. 1, art. 63 ust. 2, art. 64 ust. 1, art. 66, art. 68, art. 69 ust. 1 pkt 1, art. 70, art. 75, art. 76, art. 80 ust. 1, art. 82 ust. 1 i&nbsp;2, art. 84, art. 85, tytu\u0142u rozdzia\u0142u 8, art. 90, art. 91, art. 92-94, art. 97, w&nbsp;odno\u015bniku nr 1 dodaje si\u0119 zdanie drugie, w&nbsp;art. 1 dodaje si\u0119 ust. 8-10, dodaje si\u0119 art. 4a-4d, w&nbsp;art. 88 dotychczasow\u0105 tre\u015b\u0107 oznacza si\u0119 jako ust. 1 i&nbsp;dodaje si\u0119 ust. 2 i&nbsp;3, w&nbsp;art. 89 dotychczasow\u0105 tre\u015b\u0107 oznacza si\u0119 jako ust. 1 i&nbsp;dodaje si\u0119 ust. 2-4, dodaje si\u0119 art. 89a, w&nbsp;art. 98 uchyla si\u0119 ust. 6.<\/span><br style=\"background: none; text-align: justify; color: #000000; text-transform: none; text-indent: 0px; letter-spacing: normal; font-size: 14px; font-style: normal; font-variant: normal; font-weight: 400; text-decoration: none; word-spacing: 0px; white-space: normal; orphans: 2; text-shadow: none;\" \/><span style=\"text-align: justify; color: #000000; text-transform: none; text-indent: 0px; letter-spacing: normal; font-family: 'Helvetica Neue',Helvetica,Arial,sans-serif; font-size: 14px; font-style: normal; font-variant: normal; font-weight: 400; text-decoration: none; word-spacing: 0px; white-space: normal; orphans: 2; float: none; text-shadow: none; background-color: transparent;\">W ustawie z&nbsp;dnia 21 marca 1991 r. o&nbsp;obszarach morskich Rzeczypospolitej Polskiej i&nbsp;administracji morskiej (Dz. U. z&nbsp;2017 r. poz. 2205 oraz z&nbsp;2018 r. poz. 317) zmianie uleg\u0142o brzmienie art. 42 ust. 2 pkt 17.<\/span><br style=\"background: none; text-align: justify; color: #000000; text-transform: none; text-indent: 0px; letter-spacing: normal; font-size: 14px; font-style: normal; font-variant: normal; font-weight: 400; text-decoration: none; word-spacing: 0px; white-space: normal; orphans: 2; text-shadow: none;\" \/><span style=\"text-align: justify; color: #000000; text-transform: none; text-indent: 0px; letter-spacing: normal; font-family: 'Helvetica Neue',Helvetica,Arial,sans-serif; font-size: 14px; font-style: normal; font-variant: normal; font-weight: 400; text-decoration: none; word-spacing: 0px; white-space: normal; orphans: 2; float: none; text-shadow: none; background-color: transparent;\">W ustawie z&nbsp;dnia 15 grudnia 2000 r. o&nbsp;Inspekcji Handlowej (Dz. U. z&nbsp;2017 r. poz. 1063 i&nbsp;2056 oraz z&nbsp;2018 r. poz. 650) zmianie uleg\u0142o brzmienie art. 3 ust. 1 pkt 1aa.<\/span><br style=\"background: none; text-align: justify; color: #000000; text-transform: none; text-indent: 0px; letter-spacing: normal; font-size: 14px; font-style: normal; font-variant: normal; font-weight: 400; text-decoration: none; word-spacing: 0px; white-space: normal; orphans: 2; text-shadow: none;\" \/><span style=\"text-align: justify; color: #000000; text-transform: none; text-indent: 0px; letter-spacing: normal; font-family: 'Helvetica Neue',Helvetica,Arial,sans-serif; font-size: 14px; font-style: normal; font-variant: normal; font-weight: 400; text-decoration: none; word-spacing: 0px; white-space: normal; orphans: 2; float: none; text-shadow: none; background-color: transparent;\">W ustawie z&nbsp;dnia 11 maja 2001 r. &#8211; Prawo o&nbsp;miarach (Dz. U. z&nbsp;2018 r. poz. 376 i&nbsp;650) zmianie uleg\u0142o brzmienie art. 16 ust. 1 pkt 6 lit. d, art. 20 ust. 1a.<\/span><br style=\"background: none; text-align: justify; color: #000000; text-transform: none; text-indent: 0px; letter-spacing: normal; font-size: 14px; font-style: normal; font-variant: normal; font-weight: 400; text-decoration: none; word-spacing: 0px; white-space: normal; orphans: 2; text-shadow: none;\" \/><span style=\"text-align: justify; color: #000000; text-transform: none; text-indent: 0px; letter-spacing: normal; font-family: 'Helvetica Neue',Helvetica,Arial,sans-serif; font-size: 14px; font-style: normal; font-variant: normal; font-weight: 400; text-decoration: none; word-spacing: 0px; white-space: normal; orphans: 2; float: none; text-shadow: none; background-color: transparent;\">W ustawie z&nbsp;dnia 21 czerwca 2002 r. o&nbsp;materia\u0142ach wybuchowych przeznaczonych do u\u017cytku cywilnego (Dz. U. z&nbsp;2017 r. poz. 283 oraz z&nbsp;2018 r. poz. 138, 398 i&nbsp;650) zmianie uleg\u0142o brzmienie art. 62zc, art. 62zl.<\/span><br style=\"background: none; text-align: justify; color: #000000; text-transform: none; text-indent: 0px; letter-spacing: normal; font-size: 14px; font-style: normal; font-variant: normal; font-weight: 400; text-decoration: none; word-spacing: 0px; white-space: normal; orphans: 2; text-shadow: none;\" \/><span style=\"text-align: justify; color: #000000; text-transform: none; text-indent: 0px; letter-spacing: normal; font-family: 'Helvetica Neue',Helvetica,Arial,sans-serif; font-size: 14px; font-style: normal; font-variant: normal; font-weight: 400; text-decoration: none; word-spacing: 0px; white-space: normal; orphans: 2; float: none; text-shadow: none; background-color: transparent;\">W ustawie z&nbsp;dnia 30 sierpnia 2002 r. o&nbsp;systemie oceny zgodno\u015bci (Dz. U. z&nbsp;2017 r. poz. 1226 oraz z&nbsp;2018 r. poz. 650) zmianie uleg\u0142o brzmienie odno\u015bnika nr 1, art. 1 ust. 1a, art. 38, art. 40e, art. 41a ust. 4.<\/span><br style=\"background: none; text-align: justify; color: #000000; text-transform: none; text-indent: 0px; letter-spacing: normal; font-size: 14px; font-style: normal; font-variant: normal; font-weight: 400; text-decoration: none; word-spacing: 0px; white-space: normal; orphans: 2; text-shadow: none;\" \/><span style=\"text-align: justify; color: #000000; text-transform: none; text-indent: 0px; letter-spacing: normal; font-family: 'Helvetica Neue',Helvetica,Arial,sans-serif; font-size: 14px; font-style: normal; font-variant: normal; font-weight: 400; text-decoration: none; word-spacing: 0px; white-space: normal; orphans: 2; float: none; text-shadow: none; background-color: transparent;\">W ustawie z&nbsp;dnia 28 marca 2003 r. o&nbsp;transporcie kolejowym (Dz. U. z&nbsp;2017 r. poz. 2117 i&nbsp;2361 oraz z&nbsp;2018 r. poz. 650 i&nbsp;927) zmianie uleg\u0142o brzmienie art. 3 ust. 1 pkt 3, art. 10, w&nbsp;art. 15 ust. 1 w&nbsp;pkt 3 uchyla si\u0119 lit. b.<\/span><br style=\"background: none; text-align: justify; color: #000000; text-transform: none; text-indent: 0px; letter-spacing: normal; font-size: 14px; font-style: normal; font-variant: normal; font-weight: 400; text-decoration: none; word-spacing: 0px; white-space: normal; orphans: 2; text-shadow: none;\" \/><span style=\"text-align: justify; color: #000000; text-transform: none; text-indent: 0px; letter-spacing: normal; font-family: 'Helvetica Neue',Helvetica,Arial,sans-serif; font-size: 14px; font-style: normal; font-variant: normal; font-weight: 400; text-decoration: none; word-spacing: 0px; white-space: normal; orphans: 2; float: none; text-shadow: none; background-color: transparent;\">W ustawie z&nbsp;dnia 13 kwietnia 2007 r. o&nbsp;Pa\u0144stwowej Inspekcji Pracy (Dz. U. z&nbsp;2018 r. poz. 623) zmianie uleg\u0142o brzmienie art. 10 ust. 1 pkt 5a <\/span><br style=\"background: none; text-align: justify; color: #000000; text-transform: none; text-indent: 0px; letter-spacing: normal; font-size: 14px; font-style: normal; font-variant: normal; font-weight: 400; text-decoration: none; word-spacing: 0px; white-space: normal; orphans: 2; text-shadow: none;\" \/><span style=\"text-align: justify; color: #000000; text-transform: none; text-indent: 0px; letter-spacing: normal; font-family: 'Helvetica Neue',Helvetica,Arial,sans-serif; font-size: 14px; font-style: normal; font-variant: normal; font-weight: 400; text-decoration: none; word-spacing: 0px; white-space: normal; orphans: 2; float: none; text-shadow: none; background-color: transparent;\">W ustawie z&nbsp;dnia 2 grudnia 2016 r. o&nbsp;wyposa\u017ceniu morskim (Dz. U. z&nbsp;2017 r. poz. 32) zmianie uleg\u0142o brzmienie art. 4, art. 26.<\/span><br style=\"background: none; text-align: justify; color: #000000; text-transform: none; text-indent: 0px; letter-spacing: normal; font-size: 14px; font-style: normal; font-variant: normal; font-weight: 400; text-decoration: none; word-spacing: 0px; white-space: normal; orphans: 2; text-shadow: none;\" \/><br style=\"background: none; text-align: justify; color: #000000; text-transform: none; text-indent: 0px; letter-spacing: normal; font-size: 14px; font-style: normal; font-variant: normal; font-weight: 400; text-decoration: none; word-spacing: 0px; white-space: normal; orphans: 2; text-shadow: none;\" \/><strong style=\"background: none; text-align: justify; color: #000000; text-transform: none; text-indent: 0px; letter-spacing: normal; font-size: 14px; font-style: normal; font-variant: normal; font-weight: bold; text-decoration: none; word-spacing: 0px; white-space: normal; orphans: 2; text-shadow: none;\">BIOKOMPONENTY I&nbsp;BIOPALIWA CIEK\u0141E<\/strong><br style=\"background: none; text-align: justify; color: #000000; text-transform: none; text-indent: 0px; letter-spacing: normal; font-size: 14px; font-style: normal; font-variant: normal; font-weight: 400; text-decoration: none; word-spacing: 0px; white-space: normal; orphans: 2; text-shadow: none;\" \/><span style=\"text-align: justify; color: #000000; text-transform: none; text-indent: 0px; letter-spacing: normal; font-family: 'Helvetica Neue',Helvetica,Arial,sans-serif; font-size: 14px; font-style: normal; font-variant: normal; font-weight: 400; text-decoration: none; word-spacing: 0px; white-space: normal; orphans: 2; float: none; text-shadow: none; background-color: transparent;\">Rozporz\u0105dzenie Ministra Energii z&nbsp;dnia 26 czerwca 2018 r. w&nbsp;sprawie wzoru \u015bwiadectwa (Dz. U. z&nbsp;2018 r., poz. 1320) &ndash; wejdzie w&nbsp;\u017cycie z&nbsp;dniem 24 lipca 2018 r.<\/span><br style=\"background: none; text-align: justify; color: #000000; text-transform: none; text-indent: 0px; letter-spacing: normal; font-size: 14px; font-style: normal; font-variant: normal; font-weight: 400; text-decoration: none; word-spacing: 0px; white-space: normal; orphans: 2; text-shadow: none;\" \/><span style=\"text-align: justify; color: #000000; text-transform: none; text-indent: 0px; letter-spacing: normal; font-family: 'Helvetica Neue',Helvetica,Arial,sans-serif; font-size: 14px; font-style: normal; font-variant: normal; font-weight: 400; text-decoration: none; word-spacing: 0px; white-space: normal; orphans: 2; float: none; text-shadow: none; background-color: transparent;\">Ustawa z&nbsp;dnia 6 czerwca 2018 r. o&nbsp;zmianie ustawy o&nbsp;biokomponentach i&nbsp;biopaliwach ciek\u0142ych oraz niekt&oacute;rych innych ustaw (Dz. U. z&nbsp;2018 r., poz. 1356) &ndash; wejdzie w&nbsp;\u017cycie z&nbsp;dniem 28 lipca 2018 r., z&nbsp;wyj\u0105tkiem:<\/span><br style=\"background: none; text-align: justify; color: #000000; text-transform: none; text-indent: 0px; letter-spacing: normal; font-size: 14px; font-style: normal; font-variant: normal; font-weight: 400; text-decoration: none; word-spacing: 0px; white-space: normal; orphans: 2; text-shadow: none;\" \/><span style=\"text-align: justify; color: #000000; text-transform: none; text-indent: 0px; letter-spacing: normal; font-family: 'Helvetica Neue',Helvetica,Arial,sans-serif; font-size: 14px; font-style: normal; font-variant: normal; font-weight: 400; text-decoration: none; word-spacing: 0px; white-space: normal; orphans: 2; float: none; text-shadow: none; background-color: transparent;\">1) art. 1 pkt 2, pkt 3 lit. a-d, pkt 4-6 i&nbsp;8-11, art. 16 i&nbsp;art. 17, kt&oacute;re wchodz\u0105 w&nbsp;\u017cycie z&nbsp;dniem 1 pa\u017adziernika 2018 r.;<\/span><br style=\"background: none; text-align: justify; color: #000000; text-transform: none; text-indent: 0px; letter-spacing: normal; font-size: 14px; font-style: normal; font-variant: normal; font-weight: 400; text-decoration: none; word-spacing: 0px; white-space: normal; orphans: 2; text-shadow: none;\" \/><span style=\"text-align: justify; color: #000000; text-transform: none; text-indent: 0px; letter-spacing: normal; font-family: 'Helvetica Neue',Helvetica,Arial,sans-serif; font-size: 14px; font-style: normal; font-variant: normal; font-weight: 400; text-decoration: none; word-spacing: 0px; white-space: normal; orphans: 2; float: none; text-shadow: none; background-color: transparent;\">2) art. 4 pkt 6 i&nbsp;art. 19, kt&oacute;re wchodz\u0105 w&nbsp;\u017cycie z&nbsp;dniem nast\u0119puj\u0105cym po dniu og\u0142oszenia ustawy;<\/span><br style=\"background: none; text-align: justify; color: #000000; text-transform: none; text-indent: 0px; letter-spacing: normal; font-size: 14px; font-style: normal; font-variant: normal; font-weight: 400; text-decoration: none; word-spacing: 0px; white-space: normal; orphans: 2; text-shadow: none;\" \/><span style=\"text-align: justify; color: #000000; text-transform: none; text-indent: 0px; letter-spacing: normal; font-family: 'Helvetica Neue',Helvetica,Arial,sans-serif; font-size: 14px; font-style: normal; font-variant: normal; font-weight: 400; text-decoration: none; word-spacing: 0px; white-space: normal; orphans: 2; float: none; text-shadow: none; background-color: transparent;\">3) art. 7 pkt 1 i&nbsp;2, pkt 4 lit. b i&nbsp;pkt 5 lit. c oraz d, kt&oacute;re wchodz\u0105 w&nbsp;\u017cycie z&nbsp;dniem 1 stycznia 2019 r.<\/span><br style=\"background: none; text-align: justify; color: #000000; text-transform: none; text-indent: 0px; letter-spacing: normal; font-size: 14px; font-style: normal; font-variant: normal; font-weight: 400; text-decoration: none; word-spacing: 0px; white-space: normal; orphans: 2; text-shadow: none;\" \/><span style=\"text-align: justify; color: #000000; text-transform: none; text-indent: 0px; letter-spacing: normal; font-family: 'Helvetica Neue',Helvetica,Arial,sans-serif; font-size: 14px; font-style: normal; font-variant: normal; font-weight: 400; text-decoration: none; word-spacing: 0px; white-space: normal; orphans: 2; float: none; text-shadow: none; background-color: transparent;\">W ustawie z&nbsp;dnia 25 sierpnia 2006 r. o&nbsp;biokomponentach i&nbsp;biopaliwach ciek\u0142ych (Dz. U. z&nbsp;2018 r. poz. 1344) zmianie ulegnie brzmienie art. 1, art. 2 ust. 1, art. 23, art. 26a w&nbsp;ust. 5, art. 30 ust. 3, art. 30b, art. 33, art. 35a, w&nbsp;art. 23b w&nbsp;ust. 1 po wyrazie &#8220;faktycznej&#8221; dodaje si\u0119 wyrazy &#8220;skutkuj\u0105cej trwa\u0142ym wyzbyciem si\u0119 paliw ciek\u0142ych lub biopaliw ciek\u0142ych&#8221;, w&nbsp;art. 28g po wyrazie &#8220;faktycznej&#8221; dodaje si\u0119 wyrazy &#8220;skutkuj\u0105cej trwa\u0142ym wyzbyciem si\u0119 paliw ciek\u0142ych lub biopaliw ciek\u0142ych&#8221;, dodaje si\u0119 rozdzia\u0142 4c.<\/span><br style=\"background: none; text-align: justify; color: #000000; text-transform: none; text-indent: 0px; letter-spacing: normal; font-size: 14px; font-style: normal; font-variant: normal; font-weight: 400; text-decoration: none; word-spacing: 0px; white-space: normal; orphans: 2; text-shadow: none;\" \/><span style=\"text-align: justify; color: #000000; text-transform: none; text-indent: 0px; letter-spacing: normal; font-family: 'Helvetica Neue',Helvetica,Arial,sans-serif; font-size: 14px; font-style: normal; font-variant: normal; font-weight: 400; text-decoration: none; word-spacing: 0px; white-space: normal; orphans: 2; float: none; text-shadow: none; background-color: transparent;\">W ustawie z&nbsp;dnia 17 czerwca 1966 r. o&nbsp;post\u0119powaniu egzekucyjnym w&nbsp;administracji (Dz. U. 2018 r. poz. 1314) zmianie ulegnie brzmienie art. 3a.<\/span><br style=\"background: none; text-align: justify; color: #000000; text-transform: none; text-indent: 0px; letter-spacing: normal; font-size: 14px; font-style: normal; font-variant: normal; font-weight: 400; text-decoration: none; word-spacing: 0px; white-space: normal; orphans: 2; text-shadow: none;\" \/><span style=\"text-align: justify; color: #000000; text-transform: none; text-indent: 0px; letter-spacing: normal; font-family: 'Helvetica Neue',Helvetica,Arial,sans-serif; font-size: 14px; font-style: normal; font-variant: normal; font-weight: 400; text-decoration: none; word-spacing: 0px; white-space: normal; orphans: 2; float: none; text-shadow: none; background-color: transparent;\">W ustawie z&nbsp;dnia 21 marca 1985 r. o&nbsp;drogach publicznych (Dz. U. z&nbsp;2017 r. poz. 2222 oraz z&nbsp;2018 r. poz. 12, 138, 159 i&nbsp;317) zmianie ulegnie brzmienie art. 12b.<\/span><br style=\"background: none; text-align: justify; color: #000000; text-transform: none; text-indent: 0px; letter-spacing: normal; font-size: 14px; font-style: normal; font-variant: normal; font-weight: 400; text-decoration: none; word-spacing: 0px; white-space: normal; orphans: 2; text-shadow: none;\" \/><span style=\"text-align: justify; color: #000000; text-transform: none; text-indent: 0px; letter-spacing: normal; font-family: 'Helvetica Neue',Helvetica,Arial,sans-serif; font-size: 14px; font-style: normal; font-variant: normal; font-weight: 400; text-decoration: none; word-spacing: 0px; white-space: normal; orphans: 2; float: none; text-shadow: none; background-color: transparent;\">W ustawie z&nbsp;dnia 10 kwietnia 1997 r. &#8211; Prawo energetyczne (Dz. U. z&nbsp;2018 r. poz. 755, 650, 685, 771 i&nbsp;1000) zmianie ulegnie brzmienie art. 3 pkt 5 cz\u0119\u015b\u0107 wsp&oacute;lna, art. 9g w&nbsp;ust. 4 pkt 2a, art. 45, art. 47, uchyla si\u0119 art. 4e2, art. 16b dodaje si\u0119 ust. 3.<\/span><br style=\"background: none; text-align: justify; color: #000000; text-transform: none; text-indent: 0px; letter-spacing: normal; font-size: 14px; font-style: normal; font-variant: normal; font-weight: 400; text-decoration: none; word-spacing: 0px; white-space: normal; orphans: 2; text-shadow: none;\" \/><span style=\"text-align: justify; color: #000000; text-transform: none; text-indent: 0px; letter-spacing: normal; font-family: 'Helvetica Neue',Helvetica,Arial,sans-serif; font-size: 14px; font-style: normal; font-variant: normal; font-weight: 400; text-decoration: none; word-spacing: 0px; white-space: normal; orphans: 2; float: none; text-shadow: none; background-color: transparent;\">W ustawie z&nbsp;dnia 20 czerwca 1997 r. &#8211; Prawo o&nbsp;ruchu drogowym (Dz. U. z&nbsp;2017 r. poz. 1260, z&nbsp;p&oacute;\u017an. zm.) zmianie ulegnie brzmienie art. 72 ust. 1b.<\/span><br style=\"background: none; text-align: justify; color: #000000; text-transform: none; text-indent: 0px; letter-spacing: normal; font-size: 14px; font-style: normal; font-variant: normal; font-weight: 400; text-decoration: none; word-spacing: 0px; white-space: normal; orphans: 2; text-shadow: none;\" \/><span style=\"text-align: justify; color: #000000; text-transform: none; text-indent: 0px; letter-spacing: normal; font-family: 'Helvetica Neue',Helvetica,Arial,sans-serif; font-size: 14px; font-style: normal; font-variant: normal; font-weight: 400; text-decoration: none; word-spacing: 0px; white-space: normal; orphans: 2; float: none; text-shadow: none; background-color: transparent;\">W ustawie z&nbsp;dnia 21 grudnia 2000 r. o&nbsp;dozorze technicznym (Dz. U. z&nbsp;2018 r. poz. 1351) w&nbsp;art. 44 w&nbsp;ust. 1 w&nbsp;pkt 9 kropk\u0119 zast\u0119puje si\u0119 \u015brednikiem i&nbsp;dodaje si\u0119 pkt 10.<\/span><br style=\"background: none; text-align: justify; color: #000000; text-transform: none; text-indent: 0px; letter-spacing: normal; font-size: 14px; font-style: normal; font-variant: normal; font-weight: 400; text-decoration: none; word-spacing: 0px; white-space: normal; orphans: 2; text-shadow: none;\" \/><span style=\"text-align: justify; color: #000000; text-transform: none; text-indent: 0px; letter-spacing: normal; font-family: 'Helvetica Neue',Helvetica,Arial,sans-serif; font-size: 14px; font-style: normal; font-variant: normal; font-weight: 400; text-decoration: none; word-spacing: 0px; white-space: normal; orphans: 2; float: none; text-shadow: none; background-color: transparent;\">W ustawie z&nbsp;dnia 27 kwietnia 2001 r. &#8211; Prawo ochrony \u015brodowiska (Dz. U. z&nbsp;2018 r. poz. 799) zmianie ulegnie brzmienie art. 401 w&nbsp;ust. 7, art. 401c, art. 272 w&nbsp;pkt 3 kropk\u0119 zast\u0119puje si\u0119 \u015brednikiem i&nbsp;dodaje si\u0119 pkt 4, w&nbsp;tytule V dodaje si\u0119 dzia\u0142 V, w&nbsp;art. 400b dodaje si\u0119 ust. 5a.<\/span><br style=\"background: none; text-align: justify; color: #000000; text-transform: none; text-indent: 0px; letter-spacing: normal; font-size: 14px; font-style: normal; font-variant: normal; font-weight: 400; text-decoration: none; word-spacing: 0px; white-space: normal; orphans: 2; text-shadow: none;\" \/><span style=\"text-align: justify; color: #000000; text-transform: none; text-indent: 0px; letter-spacing: normal; font-family: 'Helvetica Neue',Helvetica,Arial,sans-serif; font-size: 14px; font-style: normal; font-variant: normal; font-weight: 400; text-decoration: none; word-spacing: 0px; white-space: normal; orphans: 2; float: none; text-shadow: none; background-color: transparent;\">W ustawie z&nbsp;dnia 6 grudnia 2008 r. o&nbsp;podatku akcyzowym (Dz. U. z&nbsp;2018 r. poz. 1114 i&nbsp;1039) w&nbsp;art. 109a dodaje si\u0119 ust. 3-9, zmianie ulegnie brzmienie art. 163a.<\/span><br style=\"background: none; text-align: justify; color: #000000; text-transform: none; text-indent: 0px; letter-spacing: normal; font-size: 14px; font-style: normal; font-variant: normal; font-weight: 400; text-decoration: none; word-spacing: 0px; white-space: normal; orphans: 2; text-shadow: none;\" \/><span style=\"text-align: justify; color: #000000; text-transform: none; text-indent: 0px; letter-spacing: normal; font-family: 'Helvetica Neue',Helvetica,Arial,sans-serif; font-size: 14px; font-style: normal; font-variant: normal; font-weight: 400; text-decoration: none; word-spacing: 0px; white-space: normal; orphans: 2; float: none; text-shadow: none; background-color: transparent;\">W ustawie z&nbsp;dnia 11 stycznia 2018 r. o&nbsp;elektromobilno\u015bci i&nbsp;paliwach alternatywnych (Dz. U. poz. 317) zmianie ulegnie brzmienie art. 2, art. 3 w&nbsp;ust. 1, art. 12 ust. 2, art. 13, art. 34 ust. 1, art. 35 ust. 1, art. 39, art. 45, art. 46, art. 65 ust. 1 i&nbsp;2, art. 68, art. 86 pkt 1, dodaje si\u0119 art. 18a, dodaje si\u0119 art. 28a, w&nbsp;art. 74 dotychczasow\u0105 tre\u015b\u0107 oznacza si\u0119 jako ust. 1 i&nbsp;dodaje si\u0119 ust. 2, dodaje si\u0119 art. 85a.<\/span><br style=\"background: none; text-align: justify; color: #000000; text-transform: none; text-indent: 0px; letter-spacing: normal; font-size: 14px; font-style: normal; font-variant: normal; font-weight: 400; text-decoration: none; word-spacing: 0px; white-space: normal; orphans: 2; text-shadow: none;\" \/><br style=\"background: none; text-align: justify; color: #000000; text-transform: none; text-indent: 0px; letter-spacing: normal; font-size: 14px; font-style: normal; font-variant: normal; font-weight: 400; text-decoration: none; word-spacing: 0px; white-space: normal; orphans: 2; text-shadow: none;\" \/><strong style=\"background: none; text-align: justify; color: #000000; text-transform: none; text-indent: 0px; letter-spacing: normal; font-size: 14px; font-style: normal; font-variant: normal; font-weight: bold; text-decoration: none; word-spacing: 0px; white-space: normal; orphans: 2; text-shadow: none;\">KODEKS POST\u0118POWANIA KARNEGO<\/strong><br style=\"background: none; text-align: justify; color: #000000; text-transform: none; text-indent: 0px; letter-spacing: normal; font-size: 14px; font-style: normal; font-variant: normal; font-weight: 400; text-decoration: none; word-spacing: 0px; white-space: normal; orphans: 2; text-shadow: none;\" \/><span style=\"text-align: justify; color: #000000; text-transform: none; text-indent: 0px; letter-spacing: normal; font-family: 'Helvetica Neue',Helvetica,Arial,sans-serif; font-size: 14px; font-style: normal; font-variant: normal; font-weight: 400; text-decoration: none; word-spacing: 0px; white-space: normal; orphans: 2; float: none; text-shadow: none; background-color: transparent;\">Rozporz\u0105dzenie Ministra Sprawiedliwo\u015bci z&nbsp;dnia 27 czerwca 2018 r. zmieniaj\u0105ce rozporz\u0105dzenie w&nbsp;sprawie wykazu zak\u0142ad&oacute;w leczniczych, w&nbsp;tym psychiatrycznych, przeznaczonych do wykonywania tymczasowego aresztowania oraz warunk&oacute;w zabezpieczenia tych zak\u0142ad&oacute;w (Dz. U. z&nbsp;2018 r., poz. 1317) &ndash; wesz\u0142o w&nbsp;\u017cycie z&nbsp;dniem 10 lipca 2018 r.<\/span><br style=\"background: none; text-align: justify; color: #000000; text-transform: none; text-indent: 0px; letter-spacing: normal; font-size: 14px; font-style: normal; font-variant: normal; font-weight: 400; text-decoration: none; word-spacing: 0px; white-space: normal; orphans: 2; text-shadow: none;\" \/><span style=\"text-align: justify; color: #000000; text-transform: none; text-indent: 0px; letter-spacing: normal; font-family: 'Helvetica Neue',Helvetica,Arial,sans-serif; font-size: 14px; font-style: normal; font-variant: normal; font-weight: 400; text-decoration: none; word-spacing: 0px; white-space: normal; orphans: 2; float: none; text-shadow: none; background-color: transparent;\">W rozporz\u0105dzeniu Ministra Sprawiedliwo\u015bci z&nbsp;dnia 16 czerwca 2015 r. w&nbsp;sprawie wykazu zak\u0142ad&oacute;w leczniczych, w&nbsp;tym psychiatrycznych, przeznaczonych do wykonywania tymczasowego aresztowania oraz warunk&oacute;w zabezpieczenia tych zak\u0142ad&oacute;w (Dz. U. z&nbsp;2016 r. poz. 1733 oraz z&nbsp;2017 r. poz. 1585) w&nbsp;za\u0142\u0105czniku uchyla si\u0119 pkt 2, 7, 8, 19, 23, 30, 38, 40, 44, 62, 64, 70, 80, 82, 85, 94, 95, 98, 99, 101, 108, 117 i&nbsp;119.<\/span><br style=\"background: none; text-align: justify; color: #000000; text-transform: none; text-indent: 0px; letter-spacing: normal; font-size: 14px; font-style: normal; font-variant: normal; font-weight: 400; text-decoration: none; word-spacing: 0px; white-space: normal; orphans: 2; text-shadow: none;\" \/><br style=\"background: none; text-align: justify; color: #000000; text-transform: none; text-indent: 0px; letter-spacing: normal; font-size: 14px; font-style: normal; font-variant: normal; font-weight: 400; text-decoration: none; word-spacing: 0px; white-space: normal; orphans: 2; text-shadow: none;\" \/><strong style=\"background: none; text-align: justify; color: #000000; text-transform: none; text-indent: 0px; letter-spacing: normal; font-size: 14px; font-style: normal; font-variant: normal; font-weight: bold; text-decoration: none; word-spacing: 0px; white-space: normal; orphans: 2; text-shadow: none;\">PRZECIWDZIA\u0141ANIE PRANIU PIENI\u0118DZY I&nbsp;FINANSOWANIU TERRORYZMU<\/strong><br style=\"background: none; text-align: justify; color: #000000; text-transform: none; text-indent: 0px; letter-spacing: normal; font-size: 14px; font-style: normal; font-variant: normal; font-weight: 400; text-decoration: none; word-spacing: 0px; white-space: normal; orphans: 2; text-shadow: none;\" \/><span style=\"text-align: justify; color: #000000; text-transform: none; text-indent: 0px; letter-spacing: normal; font-family: 'Helvetica Neue',Helvetica,Arial,sans-serif; font-size: 14px; font-style: normal; font-variant: normal; font-weight: 400; text-decoration: none; word-spacing: 0px; white-space: normal; orphans: 2; float: none; text-shadow: none; background-color: transparent;\">Rozporz\u0105dzenie Ministra Finans&oacute;w z&nbsp;dnia 27 czerwca 2018 r. w&nbsp;sprawie legitymacji s\u0142u\u017cbowej kontrolera przeprowadzaj\u0105cego kontrol\u0119 w&nbsp;zakresie przeciwdzia\u0142ania praniu pieni\u0119dzy oraz finansowaniu terroryzmu (Dz. U. z&nbsp;2018 r., poz. 1331) &ndash; wesz\u0142o w&nbsp;\u017cycie z&nbsp;dniem 13 lipca 2018 r.<\/span><br style=\"background: none; text-align: justify; color: #000000; text-transform: none; text-indent: 0px; letter-spacing: normal; font-size: 14px; font-style: normal; font-variant: normal; font-weight: 400; text-decoration: none; word-spacing: 0px; white-space: normal; orphans: 2; text-shadow: none;\" \/><br style=\"background: none; text-align: justify; color: #000000; text-transform: none; text-indent: 0px; letter-spacing: normal; font-size: 14px; font-style: normal; font-variant: normal; font-weight: 400; text-decoration: none; word-spacing: 0px; white-space: normal; orphans: 2; text-shadow: none;\" \/><strong style=\"background: none; text-align: justify; color: #000000; text-transform: none; text-indent: 0px; letter-spacing: normal; font-size: 14px; font-style: normal; font-variant: normal; font-weight: bold; text-decoration: none; word-spacing: 0px; white-space: normal; orphans: 2; text-shadow: none;\">PRAWO OCHRONY \u015aRODOWISKA<\/strong><br style=\"background: none; text-align: justify; color: #000000; text-transform: none; text-indent: 0px; letter-spacing: normal; font-size: 14px; font-style: normal; font-variant: normal; font-weight: 400; text-decoration: none; word-spacing: 0px; white-space: normal; orphans: 2; text-shadow: none;\" \/><span style=\"text-align: justify; color: #000000; text-transform: none; text-indent: 0px; letter-spacing: normal; font-family: 'Helvetica Neue',Helvetica,Arial,sans-serif; font-size: 14px; font-style: normal; font-variant: normal; font-weight: 400; text-decoration: none; word-spacing: 0px; white-space: normal; orphans: 2; float: none; text-shadow: none; background-color: transparent;\">Rozporz\u0105dzenie Ministra Obrony Narodowej z&nbsp;dnia 28 czerwca 2018 r. zmieniaj\u0105ce rozporz\u0105dzenie w&nbsp;sprawie przestrzegania przepis&oacute;w o&nbsp;ochronie \u015brodowiska w&nbsp;kom&oacute;rkach i&nbsp;jednostkach organizacyjnych podleg\u0142ych Ministrowi Obrony Narodowej albo przez niego nadzorowanych (Dz. U. z&nbsp;2018 r., poz. 1322) &ndash; wejdzie w&nbsp;\u017cycie z&nbsp;dniem 24 lipca 2018 r.<\/span><br style=\"background: none; text-align: justify; color: #000000; text-transform: none; text-indent: 0px; letter-spacing: normal; font-size: 14px; font-style: normal; font-variant: normal; font-weight: 400; text-decoration: none; word-spacing: 0px; white-space: normal; orphans: 2; text-shadow: none;\" \/><span style=\"text-align: justify; color: #000000; text-transform: none; text-indent: 0px; letter-spacing: normal; font-family: 'Helvetica Neue',Helvetica,Arial,sans-serif; font-size: 14px; font-style: normal; font-variant: normal; font-weight: 400; text-decoration: none; word-spacing: 0px; white-space: normal; orphans: 2; float: none; text-shadow: none; background-color: transparent;\">W rozporz\u0105dzeniu Ministra Obrony Narodowej z&nbsp;dnia 24 marca 2016 r. w&nbsp;sprawie przestrzegania przepis&oacute;w o&nbsp;ochronie \u015brodowiska w&nbsp;kom&oacute;rkach i&nbsp;jednostkach organizacyjnych podleg\u0142ych Ministrowi Obrony Narodowej albo przez niego nadzorowanych (Dz. U. poz. 473) zmianie ulegnie brzmienie &sect; 3, &sect; 7.<\/span><br style=\"background: none; text-align: justify; color: #000000; text-transform: none; text-indent: 0px; letter-spacing: normal; font-size: 14px; font-style: normal; font-variant: normal; font-weight: 400; text-decoration: none; word-spacing: 0px; white-space: normal; orphans: 2; text-shadow: none;\" \/><br style=\"background: none; text-align: justify; color: #000000; text-transform: none; text-indent: 0px; letter-spacing: normal; font-size: 14px; font-style: normal; font-variant: normal; font-weight: 400; text-decoration: none; word-spacing: 0px; white-space: normal; orphans: 2; text-shadow: none;\" \/><strong style=\"background: none; text-align: justify; color: #000000; text-transform: none; text-indent: 0px; letter-spacing: normal; font-size: 14px; font-style: normal; font-variant: normal; font-weight: bold; text-decoration: none; word-spacing: 0px; white-space: normal; orphans: 2; text-shadow: none;\">FINANSE PUBLICZNE<\/strong><br style=\"background: none; text-align: justify; color: #000000; text-transform: none; text-indent: 0px; letter-spacing: normal; font-size: 14px; font-style: normal; font-variant: normal; font-weight: 400; text-decoration: none; word-spacing: 0px; white-space: normal; orphans: 2; text-shadow: none;\" \/><span style=\"text-align: justify; color: #000000; text-transform: none; text-indent: 0px; letter-spacing: normal; font-family: 'Helvetica Neue',Helvetica,Arial,sans-serif; font-size: 14px; font-style: normal; font-variant: normal; font-weight: 400; text-decoration: none; word-spacing: 0px; white-space: normal; orphans: 2; float: none; text-shadow: none; background-color: transparent;\">Ustawa z&nbsp;dnia 6 czerwca 2018 r. o&nbsp;zmianie ustawy o&nbsp;finansach publicznych (Dz. U. z&nbsp;2018 r., poz. 1366) &ndash; wejdzie w&nbsp;\u017cycie z&nbsp;dniem 31 lipca 2018 r.<\/span><br style=\"background: none; text-align: justify; color: #000000; text-transform: none; text-indent: 0px; letter-spacing: normal; font-size: 14px; font-style: normal; font-variant: normal; font-weight: 400; text-decoration: none; word-spacing: 0px; white-space: normal; orphans: 2; text-shadow: none;\" \/><span style=\"text-align: justify; color: #000000; text-transform: none; text-indent: 0px; letter-spacing: normal; font-family: 'Helvetica Neue',Helvetica,Arial,sans-serif; font-size: 14px; font-style: normal; font-variant: normal; font-weight: 400; text-decoration: none; word-spacing: 0px; white-space: normal; orphans: 2; float: none; text-shadow: none; background-color: transparent;\">W ustawie z&nbsp;dnia 27 sierpnia 2009 r. o&nbsp;finansach publicznych (Dz. U. z&nbsp;2017 r. poz. 2077 oraz z&nbsp;2018 r. poz. 62 i&nbsp;1000) zmianie ulegnie brzmienie art. 142, art. 182 ust. 2 pkt 3, w&nbsp;art. 2 w&nbsp;pkt 8 kropk\u0119 zast\u0119puje si\u0119 \u015brednikiem i&nbsp;dodaje si\u0119 pkt 9, w&nbsp;art. 38b w&nbsp;pkt 1 skre\u015bla si\u0119 wyrazy &#8220;(Dz. Urz. UE L 145 z&nbsp;10.06.2009, s. 1, z&nbsp;p&oacute;\u017an. zm.)&#8221;.<\/span><br style=\"background: none; text-align: justify; color: #000000; text-transform: none; text-indent: 0px; letter-spacing: normal; font-size: 14px; font-style: normal; font-variant: normal; font-weight: 400; text-decoration: none; word-spacing: 0px; white-space: normal; orphans: 2; text-shadow: none;\" \/><br style=\"background: none; text-align: justify; color: #000000; text-transform: none; text-indent: 0px; letter-spacing: normal; font-size: 14px; font-style: normal; font-variant: normal; font-weight: 400; text-decoration: none; word-spacing: 0px; white-space: normal; orphans: 2; text-shadow: none;\" \/><strong style=\"background: none; text-align: justify; color: #000000; text-transform: none; text-indent: 0px; letter-spacing: normal; font-size: 14px; font-style: normal; font-variant: normal; font-weight: bold; text-decoration: none; word-spacing: 0px; white-space: normal; orphans: 2; text-shadow: none;\">DZIA\u0141ALNO\u015a\u0106 PO\u017bYTKU PUBLICZNEGO I&nbsp;WOLONTARIAT<\/strong><br style=\"background: none; text-align: justify; color: #000000; text-transform: none; text-indent: 0px; letter-spacing: normal; font-size: 14px; font-style: normal; font-variant: normal; font-weight: 400; text-decoration: none; word-spacing: 0px; white-space: normal; orphans: 2; text-shadow: none;\" \/><span style=\"text-align: justify; color: #000000; text-transform: none; text-indent: 0px; letter-spacing: normal; font-family: 'Helvetica Neue',Helvetica,Arial,sans-serif; font-size: 14px; font-style: normal; font-variant: normal; font-weight: 400; text-decoration: none; word-spacing: 0px; white-space: normal; orphans: 2; float: none; text-shadow: none; background-color: transparent;\">Ustawa z&nbsp;dnia 6 czerwca 2018 r. o&nbsp;zmianie ustawy o&nbsp;dzia\u0142alno\u015bci po\u017cytku publicznego i&nbsp;o wolontariacie (Dz. U. z&nbsp;2018 r., poz. 1365) &ndash; wejdzie w&nbsp;\u017cycie z&nbsp;dniem 31 lipca 2018 r.<\/span><br style=\"background: none; text-align: justify; color: #000000; text-transform: none; text-indent: 0px; letter-spacing: normal; font-size: 14px; font-style: normal; font-variant: normal; font-weight: 400; text-decoration: none; word-spacing: 0px; white-space: normal; orphans: 2; text-shadow: none;\" \/><span style=\"text-align: justify; color: #000000; text-transform: none; text-indent: 0px; letter-spacing: normal; font-family: 'Helvetica Neue',Helvetica,Arial,sans-serif; font-size: 14px; font-style: normal; font-variant: normal; font-weight: 400; text-decoration: none; word-spacing: 0px; white-space: normal; orphans: 2; float: none; text-shadow: none; background-color: transparent;\">W ustawie z&nbsp;dnia 24 kwietnia 2003 r. o&nbsp;dzia\u0142alno\u015bci po\u017cytku publicznego i&nbsp;o wolontariacie (Dz. U. z&nbsp;2018 r. poz. 450, 650 i&nbsp;723) w&nbsp;art. 11b dotychczasow\u0105 tre\u015b\u0107 oznacza si\u0119 jako ust. 1 i&nbsp;dodaje si\u0119 ust. 2.<\/span><br style=\"background: none; text-align: justify; color: #000000; text-transform: none; text-indent: 0px; letter-spacing: normal; font-size: 14px; font-style: normal; font-variant: normal; font-weight: 400; text-decoration: none; word-spacing: 0px; white-space: normal; orphans: 2; text-shadow: none;\" \/><br style=\"background: none; text-align: justify; color: #000000; text-transform: none; text-indent: 0px; letter-spacing: normal; font-size: 14px; font-style: normal; font-variant: normal; font-weight: 400; text-decoration: none; word-spacing: 0px; white-space: normal; orphans: 2; text-shadow: none;\" \/><strong style=\"background: none; text-align: justify; color: #000000; text-transform: none; text-indent: 0px; letter-spacing: normal; font-size: 14px; font-style: normal; font-variant: normal; font-weight: bold; text-decoration: none; word-spacing: 0px; white-space: normal; orphans: 2; text-shadow: none;\">PRAWO UNII EUROPEJSKIEJ<\/strong><br style=\"background: none; text-align: justify; color: #000000; text-transform: none; text-indent: 0px; letter-spacing: normal; font-size: 14px; font-style: normal; font-variant: normal; font-weight: 400; text-decoration: none; word-spacing: 0px; white-space: normal; orphans: 2; text-shadow: none;\" \/><span style=\"text-align: justify; color: #000000; text-transform: none; text-indent: 0px; letter-spacing: normal; font-family: 'Helvetica Neue',Helvetica,Arial,sans-serif; font-size: 14px; font-style: normal; font-variant: normal; font-weight: 400; text-decoration: none; word-spacing: 0px; white-space: normal; orphans: 2; float: none; text-shadow: none; background-color: transparent;\">Rozporz\u0105dzenie Komisji (UE) 2018\/969 z&nbsp;dnia 9 lipca 2018 r. zmieniaj\u0105ce za\u0142\u0105cznik V do rozporz\u0105dzenia Parlamentu Europejskiego i&nbsp;Rady (WE) nr 999\/2001 w&nbsp;odniesieniu do wymog&oacute;w dotycz\u0105cych usuwania materia\u0142u szczeg&oacute;lnego ryzyka pochodz\u0105cego z&nbsp;ma\u0142ych prze\u017cuwaczy (Tekst maj\u0105cy znaczenie dla EOG.)<\/span><br style=\"background: none; text-align: justify; color: #000000; text-transform: none; text-indent: 0px; letter-spacing: normal; font-size: 14px; font-style: normal; font-variant: normal; font-weight: 400; text-decoration: none; word-spacing: 0px; white-space: normal; orphans: 2; text-shadow: none;\" \/><span style=\"text-align: justify; color: #000000; text-transform: none; text-indent: 0px; letter-spacing: normal; font-family: 'Helvetica Neue',Helvetica,Arial,sans-serif; font-size: 14px; font-style: normal; font-variant: normal; font-weight: 400; text-decoration: none; word-spacing: 0px; white-space: normal; orphans: 2; float: none; text-shadow: none; background-color: transparent;\">Rozporz\u0105dzenie delegowane Komisji (UE) 2018\/968 z&nbsp;dnia 30 kwietnia 2018 r. uzupe\u0142niaj\u0105ce rozporz\u0105dzenie Parlamentu Europejskiego i&nbsp;Rady (UE) nr 1143\/2014 w&nbsp;odniesieniu do ocen ryzyka zwi\u0105zanych z&nbsp;inwazyjnymi gatunkami obcymi<\/span><br style=\"background: none; text-align: justify; color: #000000; text-transform: none; text-indent: 0px; letter-spacing: normal; font-size: 14px; font-style: normal; font-variant: normal; font-weight: 400; text-decoration: none; word-spacing: 0px; white-space: normal; orphans: 2; text-shadow: none;\" \/><span style=\"text-align: justify; color: #000000; text-transform: none; text-indent: 0px; letter-spacing: normal; font-family: 'Helvetica Neue',Helvetica,Arial,sans-serif; font-size: 14px; font-style: normal; font-variant: normal; font-weight: 400; text-decoration: none; word-spacing: 0px; white-space: normal; orphans: 2; float: none; text-shadow: none; background-color: transparent;\">Rozporz\u0105dzenie delegowane Komisji (UE) 2018\/967 z&nbsp;dnia 26 kwietnia 2018 r. zmieniaj\u0105ce rozporz\u0105dzenie delegowane (UE) nr 907\/2014 w&nbsp;odniesieniu do nieprzestrzegania termin&oacute;w p\u0142atno\u015bci oraz w&nbsp;odniesieniu do kursu walutowego maj\u0105cego zastosowanie przy sporz\u0105dzaniu deklaracji wydatk&oacute;w<\/span><br style=\"background: none; text-align: justify; color: #000000; text-transform: none; text-indent: 0px; letter-spacing: normal; font-size: 14px; font-style: normal; font-variant: normal; font-weight: 400; text-decoration: none; word-spacing: 0px; white-space: normal; orphans: 2; text-shadow: none;\" \/><span style=\"text-align: justify; color: #000000; text-transform: none; text-indent: 0px; letter-spacing: normal; font-family: 'Helvetica Neue',Helvetica,Arial,sans-serif; font-size: 14px; font-style: normal; font-variant: normal; font-weight: 400; text-decoration: none; word-spacing: 0px; white-space: normal; orphans: 2; float: none; text-shadow: none; background-color: transparent;\">Rozporz\u0105dzenie Komisji (UE) 2018\/978 z&nbsp;dnia 9 lipca 2018 r. zmieniaj\u0105ce za\u0142\u0105czniki II i&nbsp;III do rozporz\u0105dzenia Parlamentu Europejskiego i&nbsp;Rady (WE) nr 1223\/2009 dotycz\u0105cego produkt&oacute;w kosmetycznych (Tekst maj\u0105cy znaczenie dla EOG.)<\/span><br style=\"background: none; text-align: justify; color: #000000; text-transform: none; text-indent: 0px; letter-spacing: normal; font-size: 14px; font-style: normal; font-variant: normal; font-weight: 400; text-decoration: none; word-spacing: 0px; white-space: normal; orphans: 2; text-shadow: none;\" \/><span style=\"text-align: justify; color: #000000; text-transform: none; text-indent: 0px; letter-spacing: normal; font-family: 'Helvetica Neue',Helvetica,Arial,sans-serif; font-size: 14px; font-style: normal; font-variant: normal; font-weight: 400; text-decoration: none; word-spacing: 0px; white-space: normal; orphans: 2; float: none; text-shadow: none; background-color: transparent;\">Rozporz\u0105dzenie wykonawcze Komisji (UE) 2018\/980 z&nbsp;dnia 11 lipca 2018 r. zmieniaj\u0105ce rozporz\u0105dzenie wykonawcze (UE) nr 815\/2012 w&nbsp;odniesieniu do informacji, kt&oacute;re maj\u0105 by\u0107 wymieniane mi\u0119dzy pa\u0144stwami cz\u0142onkowskimi w&nbsp;celu identyfikacji podatnik&oacute;w stosuj\u0105cych procedur\u0119 nieunijn\u0105<\/span><br style=\"background: none; text-align: justify; color: #000000; text-transform: none; text-indent: 0px; letter-spacing: normal; font-size: 14px; font-style: normal; font-variant: normal; font-weight: 400; text-decoration: none; word-spacing: 0px; white-space: normal; orphans: 2; text-shadow: none;\" \/><span style=\"text-align: justify; color: #000000; text-transform: none; text-indent: 0px; letter-spacing: normal; font-family: 'Helvetica Neue',Helvetica,Arial,sans-serif; font-size: 14px; font-style: normal; font-variant: normal; font-weight: 400; text-decoration: none; word-spacing: 0px; white-space: normal; orphans: 2; float: none; text-shadow: none; background-color: transparent;\">Rozporz\u0105dzenie delegowane Komisji (UE) 2018\/990 z&nbsp;dnia 10 kwietnia 2018 r. zmieniaj\u0105ce i&nbsp;uzupe\u0142niaj\u0105ce rozporz\u0105dzenie Parlamentu Europejskiego i&nbsp;Rady (UE) 2017\/1131 w&nbsp;odniesieniu do prostych, przejrzystych i&nbsp;standardowych (STS) sekurytyzacji oraz papier&oacute;w d\u0142u\u017cnych przedsi\u0119biorstw zabezpieczonych aktywami (ABCP), wymog&oacute;w dotycz\u0105cych aktyw&oacute;w otrzymanych w&nbsp;ramach um&oacute;w z&nbsp;otrzymanym przyrzeczeniem odkupu oraz metod oceny jako\u015bci kredytowej (Tekst maj\u0105cy znaczenie dla EOG.)<\/span><br style=\"background: none; text-align: justify; color: #000000; text-transform: none; text-indent: 0px; letter-spacing: normal; font-size: 14px; font-style: normal; font-variant: normal; font-weight: 400; text-decoration: none; word-spacing: 0px; white-space: normal; orphans: 2; text-shadow: none;\" \/><span style=\"text-align: justify; color: #000000; text-transform: none; text-indent: 0px; letter-spacing: normal; font-family: 'Helvetica Neue',Helvetica,Arial,sans-serif; font-size: 14px; font-style: normal; font-variant: normal; font-weight: 400; text-decoration: none; word-spacing: 0px; white-space: normal; orphans: 2; float: none; text-shadow: none; background-color: transparent;\">Rozporz\u0105dzenie wykonawcze Komisji (UE) 2018\/991 z&nbsp;dnia 12 lipca 2018 r. zezwalaj\u0105ce na wprowadzenie do obrotu hydrolizatu lizozymu z&nbsp;bia\u0142ka jaja kurzego jako nowej \u017cywno\u015bci zgodnie z&nbsp;rozporz\u0105dzeniem Parlamentu Europejskiego i&nbsp;Rady (UE) 2015\/2283 oraz zmieniaj\u0105ce rozporz\u0105dzenie wykonawcze Komisji (UE) 2017\/2470 (Tekst maj\u0105cy znaczenie dla EOG.)<\/span><br style=\"background: none; text-align: justify; color: #000000; text-transform: none; text-indent: 0px; letter-spacing: normal; font-size: 14px; font-style: normal; font-variant: normal; font-weight: 400; text-decoration: none; word-spacing: 0px; white-space: normal; orphans: 2; text-shadow: none;\" \/><span style=\"text-align: justify; color: #000000; text-transform: none; text-indent: 0px; letter-spacing: normal; font-family: 'Helvetica Neue',Helvetica,Arial,sans-serif; font-size: 14px; font-style: normal; font-variant: normal; font-weight: 400; text-decoration: none; word-spacing: 0px; white-space: normal; orphans: 2; float: none; text-shadow: none; background-color: transparent;\">Rozporz\u0105dzenie wykonawcze Komisji (UE) 2018\/995 z&nbsp;dnia 12 lipca 2018 r. zmieniaj\u0105ce rozporz\u0105dzenie wykonawcze (UE) 2016\/2080 w&nbsp;odniesieniu do okres&oacute;w sk\u0142adania ofert<\/span><br style=\"background: none; text-align: justify; color: #000000; text-transform: none; text-indent: 0px; letter-spacing: normal; font-size: 14px; font-style: normal; font-variant: normal; font-weight: 400; text-decoration: none; word-spacing: 0px; white-space: normal; orphans: 2; text-shadow: none;\" \/><span style=\"text-align: justify; color: #000000; text-transform: none; text-indent: 0px; letter-spacing: normal; font-family: 'Helvetica Neue',Helvetica,Arial,sans-serif; font-size: 14px; font-style: normal; font-variant: normal; font-weight: 400; text-decoration: none; word-spacing: 0px; white-space: normal; orphans: 2; float: none; text-shadow: none; background-color: transparent;\">Rozporz\u0105dzenie wykonawcze Komisji (UE) 2018\/1002 z&nbsp;dnia 16 lipca 2018 r. zmieniaj\u0105ce rozporz\u0105dzenie wykonawcze (UE) 2017\/1153 w&nbsp;celu wyja\u015bnienia i&nbsp;uproszczenia procedury korelacji oraz dostosowania jej do zmian w&nbsp;rozporz\u0105dzeniu (UE) 2017\/1151 (Tekst maj\u0105cy znaczenie dla EOG.)<\/span><br style=\"background: none; text-align: justify; color: #000000; text-transform: none; text-indent: 0px; letter-spacing: normal; font-size: 14px; font-style: normal; font-variant: normal; font-weight: 400; text-decoration: none; word-spacing: 0px; white-space: normal; orphans: 2; text-shadow: none;\" \/><span style=\"text-align: justify; color: #000000; text-transform: none; text-indent: 0px; letter-spacing: normal; font-family: 'Helvetica Neue',Helvetica,Arial,sans-serif; font-size: 14px; font-style: normal; font-variant: normal; font-weight: 400; text-decoration: none; word-spacing: 0px; white-space: normal; orphans: 2; float: none; text-shadow: none; background-color: transparent;\">Rozporz\u0105dzenie delegowane Komisji (UE) 2018\/985 z&nbsp;dnia 12 lutego 2018 r. uzupe\u0142niaj\u0105ce rozporz\u0105dzenie Parlamentu Europejskiego i&nbsp;Rady (UE) nr 167\/2013 w&nbsp;odniesieniu do wymog&oacute;w dotycz\u0105cych efektywno\u015bci \u015brodowiskowej i&nbsp;osi\u0105g&oacute;w jednostki nap\u0119dowej pojazd&oacute;w rolniczych i&nbsp;le\u015bnych oraz ich silnik&oacute;w, a&nbsp;tak\u017ce uchylaj\u0105ce rozporz\u0105dzenie delegowane Komisji (UE) 2015\/96 (Tekst maj\u0105cy znaczenie dla EOG.)<\/span><br style=\"background: none; text-align: justify; color: #000000; text-transform: none; text-indent: 0px; letter-spacing: normal; font-size: 14px; font-style: normal; font-variant: normal; font-weight: 400; text-decoration: none; word-spacing: 0px; white-space: normal; orphans: 2; text-shadow: none;\" \/><span style=\"text-align: justify; color: #000000; text-transform: none; text-indent: 0px; letter-spacing: normal; font-family: 'Helvetica Neue',Helvetica,Arial,sans-serif; font-size: 14px; font-style: normal; font-variant: normal; font-weight: 400; text-decoration: none; word-spacing: 0px; white-space: normal; orphans: 2; float: none; text-shadow: none; background-color: transparent;\">Rozporz\u0105dzenie delegowane Komisji (UE) 2018\/989 z&nbsp;dnia 18 maja 2018 r. w&nbsp;sprawie zmiany i&nbsp;sprostowania rozporz\u0105dzenia delegowanego Komisji (UE) 2017\/654 uzupe\u0142niaj\u0105cego rozporz\u0105dzenie Parlamentu Europejskiego i&nbsp;Rady (UE) 2016\/1628 odno\u015bnie do wymog&oacute;w technicznych i&nbsp;og&oacute;lnych dotycz\u0105cych warto\u015bci granicznych emisji i&nbsp;homologacji typu w&nbsp;odniesieniu do silnik&oacute;w spalinowych wewn\u0119trznego spalania przeznaczonych do maszyn mobilnych nieporuszaj\u0105cych si\u0119 po drogach (Tekst maj\u0105cy znaczenie dla EOG.)<\/span><br style=\"background: none; text-align: justify; color: #000000; text-transform: none; text-indent: 0px; letter-spacing: normal; font-size: 14px; font-style: normal; font-variant: normal; font-weight: 400; text-decoration: none; word-spacing: 0px; white-space: normal; orphans: 2; text-shadow: none;\" \/><span style=\"text-align: justify; color: #000000; text-transform: none; text-indent: 0px; letter-spacing: normal; font-family: 'Helvetica Neue',Helvetica,Arial,sans-serif; font-size: 14px; font-style: normal; font-variant: normal; font-weight: 400; text-decoration: none; word-spacing: 0px; white-space: normal; orphans: 2; float: none; text-shadow: none; background-color: transparent;\">Rozporz\u0105dzenie wykonawcze Komisji (UE) 2018\/988 z&nbsp;dnia 27 kwietnia 2018 r. w&nbsp;sprawie zmiany i&nbsp;sprostowania rozporz\u0105dzenia wykonawczego Komisji (UE) 2017\/656 okre\u015blaj\u0105cego wymogi administracyjne dotycz\u0105ce warto\u015bci granicznych emisji i&nbsp;homologacji typu w&nbsp;odniesieniu do silnik&oacute;w spalinowych wewn\u0119trznego spalania przeznaczonych do maszyn mobilnych nieporuszaj\u0105cych si\u0119 po drogach zgodnie z&nbsp;rozporz\u0105dzeniem Parlamentu Europejskiego i&nbsp;Rady (UE) 2016\/1628 (Tekst maj\u0105cy znaczenie dla EOG.)<\/span><br style=\"background: none; text-align: justify; color: #000000; text-transform: none; text-indent: 0px; letter-spacing: normal; font-size: 14px; font-style: normal; font-variant: normal; font-weight: 400; text-decoration: none; word-spacing: 0px; white-space: normal; orphans: 2; text-shadow: none;\" \/><span style=\"text-align: justify; color: #000000; text-transform: none; text-indent: 0px; letter-spacing: normal; font-family: 'Helvetica Neue',Helvetica,Arial,sans-serif; font-size: 14px; font-style: normal; font-variant: normal; font-weight: 400; text-decoration: none; word-spacing: 0px; white-space: normal; orphans: 2; float: none; text-shadow: none; background-color: transparent;\">Rozporz\u0105dzenie delegowane Komisji (UE) 2018\/987 z&nbsp;dnia 27 kwietnia 2018 r. w&nbsp;sprawie zmiany i&nbsp;sprostowania rozporz\u0105dzenia delegowanego (UE) 2017\/655 uzupe\u0142niaj\u0105cego rozporz\u0105dzenie Parlamentu Europejskiego i&nbsp;Rady (UE) 2016\/1628 odno\u015bnie do monitorowania emisji zanieczyszcze\u0144 gazowych z&nbsp;silnik&oacute;w spalinowych wewn\u0119trznego spalania w&nbsp;trakcie eksploatacji zamontowanych w&nbsp;maszynach mobilnych nieporuszaj\u0105cych si\u0119 po drogach (Tekst maj\u0105cy znaczenie dla EOG.)<\/span><br style=\"background: none; text-align: justify; color: #000000; text-transform: none; text-indent: 0px; letter-spacing: normal; font-size: 14px; font-style: normal; font-variant: normal; font-weight: 400; text-decoration: none; word-spacing: 0px; white-space: normal; orphans: 2; text-shadow: none;\" \/><span style=\"text-align: justify; color: #000000; text-transform: none; text-indent: 0px; letter-spacing: normal; font-family: 'Helvetica Neue',Helvetica,Arial,sans-serif; font-size: 14px; font-style: normal; font-variant: normal; font-weight: 400; text-decoration: none; word-spacing: 0px; white-space: normal; orphans: 2; float: none; text-shadow: none; background-color: transparent;\">Rozporz\u0105dzenie wykonawcze Komisji (UE) 2018\/986 z&nbsp;dnia 3 kwietnia 2018 r. zmieniaj\u0105ce rozporz\u0105dzenie wykonawcze (UE) 2015\/504 w&nbsp;odniesieniu do dostosowania przepis&oacute;w administracyjnych dotycz\u0105cych homologacji i&nbsp;nadzoru rynku pojazd&oacute;w rolniczych i&nbsp;le\u015bnych do warto\u015bci granicznych emisji dla etapu V (Tekst maj\u0105cy znaczenie dla EOG.)<\/span><br style=\"background: none; text-align: justify; color: #000000; text-transform: none; text-indent: 0px; letter-spacing: normal; font-size: 14px; font-style: normal; font-variant: normal; font-weight: 400; text-decoration: none; word-spacing: 0px; white-space: normal; orphans: 2; text-shadow: none;\" \/><span style=\"text-align: justify; color: #000000; text-transform: none; text-indent: 0px; letter-spacing: normal; font-family: 'Helvetica Neue',Helvetica,Arial,sans-serif; font-size: 14px; font-style: normal; font-variant: normal; font-weight: 400; text-decoration: none; word-spacing: 0px; white-space: normal; orphans: 2; float: none; text-shadow: none; background-color: transparent;\">Rozporz\u0105dzenie wykonawcze Komisji (UE) 2018\/1003 z&nbsp;dnia 16 lipca 2018 r. zmieniaj\u0105ce rozporz\u0105dzenie wykonawcze (UE) 2017\/1152 w&nbsp;celu wyja\u015bnienia i&nbsp;uproszczenia procedury korelacji oraz dostosowania jej do zmian w&nbsp;rozporz\u0105dzeniu (UE) 2017\/1151 (Tekst maj\u0105cy znaczenie dla EOG.)<\/span><br style=\"background: none; text-align: justify; color: #000000; text-transform: none; text-indent: 0px; letter-spacing: normal; font-size: 14px; font-style: normal; font-variant: normal; font-weight: 400; text-decoration: none; word-spacing: 0px; white-space: normal; orphans: 2; text-shadow: none;\" \/><span style=\"text-align: justify; color: #000000; text-transform: none; text-indent: 0px; letter-spacing: normal; font-family: 'Helvetica Neue',Helvetica,Arial,sans-serif; font-size: 14px; font-style: normal; font-variant: normal; font-weight: 400; text-decoration: none; word-spacing: 0px; white-space: normal; orphans: 2; float: none; text-shadow: none; background-color: transparent;\">Rozporz\u0105dzenie wykonawcze Komisji (UE) 2018\/1011 z&nbsp;dnia 17 lipca 2018 r. zezwalaj\u0105ce na rozszerzenie poziom&oacute;w stosowania pieczarek poddanych dzia\u0142aniu promieniowania UV jako nowej \u017cywno\u015bci zgodnie z&nbsp;rozporz\u0105dzeniem Parlamentu Europejskiego i&nbsp;Rady (UE) 2015\/2283 oraz zmieniaj\u0105ce rozporz\u0105dzenie wykonawcze Komisji (UE) 2017\/2470 (Tekst maj\u0105cy znaczenie dla EOG.)<\/span><br style=\"background: none; text-align: justify; color: #000000; text-transform: none; text-indent: 0px; letter-spacing: normal; font-size: 14px; font-style: normal; font-variant: normal; font-weight: 400; text-decoration: none; word-spacing: 0px; white-space: normal; orphans: 2; text-shadow: none;\" \/><span style=\"text-align: justify; color: #000000; text-transform: none; text-indent: 0px; letter-spacing: normal; font-family: 'Helvetica Neue',Helvetica,Arial,sans-serif; font-size: 14px; font-style: normal; font-variant: normal; font-weight: 400; text-decoration: none; word-spacing: 0px; white-space: normal; orphans: 2; float: none; text-shadow: none; background-color: transparent;\">Sprostowanie do rozporz\u0105dzenia Komisji (UE) 2018\/978 z&nbsp;dnia 9 lipca 2018 r. zmieniaj\u0105cego za\u0142\u0105czniki II i&nbsp;III do rozporz\u0105dzenia Parlamentu Europejskiego i&nbsp;Rady (WE) nr 1223\/2009 dotycz\u0105cego produkt&oacute;w kosmetycznych (Dz.U. L 176 z&nbsp;12.7.2018)<\/span><br style=\"background: none; text-align: justify; color: #000000; text-transform: none; text-indent: 0px; letter-spacing: normal; font-size: 14px; font-style: normal; font-variant: normal; font-weight: 400; text-decoration: none; word-spacing: 0px; white-space: normal; orphans: 2; text-shadow: none;\" \/><span style=\"text-align: justify; color: #000000; text-transform: none; text-indent: 0px; letter-spacing: normal; font-family: 'Helvetica Neue',Helvetica,Arial,sans-serif; font-size: 14px; font-style: normal; font-variant: normal; font-weight: 400; text-decoration: none; word-spacing: 0px; white-space: normal; orphans: 2; float: none; text-shadow: none; background-color: transparent;\">Rozporz\u0105dzenie wykonawcze Komisji (UE) 2018\/1018 z&nbsp;dnia 18 lipca 2018 r. zezwalaj\u0105ce na rozszerzenie zastosowania dro\u017cd\u017cy piekarskich poddanych promieniowaniu UV (Saccharomyces cerevisiae) jako nowej \u017cywno\u015bci zgodnie z&nbsp;rozporz\u0105dzeniem Parlamentu Europejskiego i&nbsp;Rady (UE) 2015\/2283 oraz zmieniaj\u0105ce rozporz\u0105dzenie wykonawcze Komisji (UE) 2017\/2470 (Tekst maj\u0105cy znaczenie dla EOG.)<\/span><br style=\"background: none; text-align: justify; color: #000000; text-transform: none; text-indent: 0px; letter-spacing: normal; font-size: 14px; font-style: normal; font-variant: normal; font-weight: 400; text-decoration: none; word-spacing: 0px; white-space: normal; orphans: 2; text-shadow: none;\" \/><span style=\"text-align: justify; color: #000000; text-transform: none; text-indent: 0px; letter-spacing: normal; font-family: 'Helvetica Neue',Helvetica,Arial,sans-serif; font-size: 14px; font-style: normal; font-variant: normal; font-weight: 400; text-decoration: none; word-spacing: 0px; white-space: normal; orphans: 2; float: none; text-shadow: none; background-color: transparent;\">Rozporz\u0105dzenie wykonawcze Komisji (UE) 2018\/1019 z&nbsp;dnia 18 lipca 2018 r. w&nbsp;sprawie nieodnawiania zatwierdzenia substancji czynnej oksasulfuron zgodnie z&nbsp;rozporz\u0105dzeniem Parlamentu Europejskiego i&nbsp;Rady (WE) nr 1107\/2009 dotycz\u0105cym wprowadzania do obrotu \u015brodk&oacute;w ochrony ro\u015blin, oraz w&nbsp;sprawie zmiany rozporz\u0105dzenia wykonawczego Komisji (UE) nr 540\/2011 (Tekst maj\u0105cy znaczenie dla EOG.)<\/span><br style=\"background: none; text-align: justify; color: #000000; text-transform: none; text-indent: 0px; letter-spacing: normal; font-size: 14px; font-style: normal; font-variant: normal; font-weight: 400; text-decoration: none; word-spacing: 0px; white-space: normal; orphans: 2; text-shadow: none;\" \/><span style=\"text-align: justify; color: #000000; text-transform: none; text-indent: 0px; letter-spacing: normal; font-family: 'Helvetica Neue',Helvetica,Arial,sans-serif; font-size: 14px; font-style: normal; font-variant: normal; font-weight: 400; text-decoration: none; word-spacing: 0px; white-space: normal; orphans: 2; float: none; text-shadow: none; background-color: transparent;\">Rozporz\u0105dzenie wykonawcze Komisji (UE) 2018\/1013 z&nbsp;dnia 17 lipca 2018 r. nak\u0142adaj\u0105ce tymczasowe \u015brodki ochronne w&nbsp;odniesieniu do przywozu niekt&oacute;rych wyrob&oacute;w ze stali.<\/span><br style=\"background: none; text-align: justify; color: #000000; text-transform: none; text-indent: 0px; letter-spacing: normal; font-size: 14px; font-style: normal; font-variant: normal; font-weight: 400; text-decoration: none; word-spacing: 0px; white-space: normal; orphans: 2; text-shadow: none;\" \/><br style=\"background: none; text-align: justify; color: #000000; text-transform: none; text-indent: 0px; letter-spacing: normal; font-size: 14px; font-style: normal; font-variant: normal; font-weight: 400; text-decoration: none; word-spacing: 0px; white-space: normal; orphans: 2; text-shadow: none;\" \/><strong style=\"background: none; text-align: justify; color: #000000; text-transform: none; text-indent: 0px; letter-spacing: normal; font-size: 14px; font-style: normal; font-variant: normal; font-weight: bold; text-decoration: none; word-spacing: 0px; white-space: normal; orphans: 2; text-shadow: none;\">ZARZ\u0104DZENIA PREZESA NARODOWEGO FUNDUSZU ZDROWIA<\/strong><br style=\"background: none; text-align: justify; color: #000000; text-transform: none; text-indent: 0px; letter-spacing: normal; font-size: 14px; font-style: normal; font-variant: normal; font-weight: 400; text-decoration: none; word-spacing: 0px; white-space: normal; orphans: 2; text-shadow: none;\" \/><span style=\"text-align: justify; color: #000000; text-transform: none; text-indent: 0px; letter-spacing: normal; font-family: 'Helvetica Neue',Helvetica,Arial,sans-serif; font-size: 14px; font-style: normal; font-variant: normal; font-weight: 400; text-decoration: none; word-spacing: 0px; white-space: normal; orphans: 2; float: none; text-shadow: none; background-color: transparent;\">Zarz\u0105dzenie Nr 71\/2018\/GPF Prezesa Narodowego Funduszu Zdrowia z&nbsp;dnia 19 lipca 2018 r. zmieniaj\u0105ce zarz\u0105dzenie w&nbsp;sprawie regulaminu organizacyjnego Centrali Narodowego Funduszu Zdrowia &#8211; wchodzi w&nbsp;\u017cycie z&nbsp;dniem podpisania.<\/span><br style=\"background: none; text-align: justify; color: #000000; text-transform: none; text-indent: 0px; letter-spacing: normal; font-size: 14px; font-style: normal; font-variant: normal; font-weight: 400; text-decoration: none; word-spacing: 0px; white-space: normal; orphans: 2; text-shadow: none;\" \/><br style=\"background: none; text-align: justify; color: #000000; text-transform: none; text-indent: 0px; letter-spacing: normal; font-size: 14px; font-style: normal; font-variant: normal; font-weight: 400; text-decoration: none; word-spacing: 0px; white-space: normal; orphans: 2; text-shadow: none;\" \/><strong style=\"background: none; text-align: justify; color: #000000; text-transform: none; text-indent: 0px; letter-spacing: normal; font-size: 14px; font-style: normal; font-variant: normal; font-weight: bold; text-decoration: none; word-spacing: 0px; white-space: normal; orphans: 2; text-shadow: none;\">_____Orzecznictwo<\/strong><br style=\"background: none; text-align: justify; color: #000000; text-transform: none; text-indent: 0px; letter-spacing: normal; font-size: 14px; font-style: normal; font-variant: normal; font-weight: 400; text-decoration: none; word-spacing: 0px; white-space: normal; orphans: 2; text-shadow: none;\" \/><strong style=\"background: none; text-align: justify; color: #000000; text-transform: none; text-indent: 0px; letter-spacing: normal; font-size: 14px; font-style: normal; font-variant: normal; font-weight: bold; text-decoration: none; word-spacing: 0px; white-space: normal; orphans: 2; text-shadow: none;\">Trybuna\u0142 Konstytucyjny<\/strong><br style=\"background: none; text-align: justify; color: #000000; text-transform: none; text-indent: 0px; letter-spacing: normal; font-size: 14px; font-style: normal; font-variant: normal; font-weight: 400; text-decoration: none; word-spacing: 0px; white-space: normal; orphans: 2; text-shadow: none;\" \/><br style=\"background: none; text-align: justify; color: #000000; text-transform: none; text-indent: 0px; letter-spacing: normal; font-size: 14px; font-style: normal; font-variant: normal; font-weight: 400; text-decoration: none; word-spacing: 0px; white-space: normal; orphans: 2; text-shadow: none;\" \/><strong style=\"background: none; text-align: justify; color: #000000; text-transform: none; text-indent: 0px; letter-spacing: normal; font-size: 14px; font-style: normal; font-variant: normal; font-weight: bold; text-decoration: none; word-spacing: 0px; white-space: normal; orphans: 2; text-shadow: none;\">KODEKS POST\u0118POWANIA CYWILNEGO<\/strong><br style=\"background: none; text-align: justify; color: #000000; text-transform: none; text-indent: 0px; letter-spacing: normal; font-size: 14px; font-style: normal; font-variant: normal; font-weight: 400; text-decoration: none; word-spacing: 0px; white-space: normal; orphans: 2; text-shadow: none;\" \/><span style=\"text-align: justify; color: #000000; text-transform: none; text-indent: 0px; letter-spacing: normal; font-family: 'Helvetica Neue',Helvetica,Arial,sans-serif; font-size: 14px; font-style: normal; font-variant: normal; font-weight: 400; text-decoration: none; word-spacing: 0px; white-space: normal; orphans: 2; float: none; text-shadow: none; background-color: transparent;\">Trybuna\u0142 Konstytucyjny stwierdzi\u0142, \u017ce wszystkie podmioty obrotu prawnego, kt&oacute;rych sytuacja prawna i&nbsp;faktyczna zosta\u0142a ukszta\u0142towana orzeczeniem prawomocnym powinny dzia\u0142a\u0107 w&nbsp;zaufaniu do sta\u0142o\u015bci i&nbsp;niewzruszalno\u015bci tych rozstrzygni\u0119\u0107. W&nbsp;wypadku wniesienia skargi kasacyjnej przez stron\u0119 przeciwn\u0105 powinny mie\u0107 te\u017c mo\u017cliwo\u015b\u0107 przewidzenia, czy istniej\u0105 realne szanse wzruszenia takiego orzeczenia. Brak sformalizowanych wymaga\u0144, co do tre\u015bci i&nbsp;formy skargi kasacyjnej wraz z&nbsp;zaostrzonymi skutkami ich niezachowania stanowi\u0142by daleko posuni\u0119t\u0105 ingerencj\u0119 w&nbsp;zasad\u0119 ochrony obroty prawnego. Pot\u0119gowa\u0142by brak poczucia pewno\u015bci sytuacji ukszta\u0142towanej orzeczeniem prawomocnym. Konieczno\u015b\u0107 zapewnienia pewno\u015bci i&nbsp;bezpiecze\u0144stwa obrotu prawnego w&nbsp;demokratycznym pa\u0144stwie stanowi dostateczne uzasadnienie wprowadzania ogranicze\u0144 prawa do s\u0105du w&nbsp;zakresie ukszta\u0142towania procedury po\u0142\u0105czonej z&nbsp;zaostrzonymi skutkami niedochowania wymaga\u0144 skargi kasacyjnej. Trybuna\u0142 zaznaczy\u0142, \u017ce inne ukszta\u0142towanie skutk&oacute;w niezawarcia w&nbsp;skardze element&oacute;w konstrukcyjnych i&nbsp;potraktowanie ich jako brak&oacute;w formalnych podlegaj\u0105cych uzupe\u0142nieniu w&nbsp;post\u0119powaniu naprawczym, prowadzi\u0142oby w&nbsp;istocie do ca\u0142kowitej zmiany ich charakteru &ndash; Wyrok Trybuna\u0142u Konstytucyjnego z&nbsp;dnia 11 lipca 2018 r., sygn. akt SK 3\/17.<\/span><\/p>\n","protected":false},"excerpt":{"rendered":"<p>We would like to present the next issue of legal bulletin of the Law Office of Adam Polowiec.What you will find here is some information about the new provisions of law and the projects of amendments to acts, but also case-laws including the case laws of Supreme Court, Constitutional Tribunal and European Court of Justice.<\/p>\n","protected":false},"author":4,"featured_media":0,"comment_status":"closed","ping_status":"open","sticky":false,"template":"","format":"standard","meta":{"footnotes":""},"categories":[2],"tags":[],"class_list":["post-875","post","type-post","status-publish","format-standard","hentry","category-wpisy"],"featured_image_src":{"landsacpe":false,"list":false,"medium":false,"full":false},"yoast_head":"<!-- This site is optimized with the Yoast SEO plugin v27.2 - https:\/\/yoast.com\/product\/yoast-seo-wordpress\/ -->\n<title>Legal Bulletin Of The Law Office Of Adam Polowiec (9 July 2018 \u2013 22 July 2018) - Polowiec i Wsp\u00f3lnicy - Kancelaria prawna<\/title>\n<meta name=\"robots\" content=\"index, follow, max-snippet:-1, max-image-preview:large, max-video-preview:-1\" \/>\n<link rel=\"canonical\" href=\"https:\/\/polowiec.pl\/en\/legal-bulletin-of-the-law-office-of-adam-polowiec-9-july-2018-22-july-2018\/\" \/>\n<meta property=\"og:locale\" content=\"en_US\" \/>\n<meta property=\"og:type\" content=\"article\" \/>\n<meta property=\"og:title\" content=\"Legal Bulletin Of The Law Office Of Adam Polowiec (9 July 2018 \u2013 22 July 2018) - Polowiec i Wsp\u00f3lnicy - Kancelaria prawna\" \/>\n<meta property=\"og:description\" content=\"We would like to present the next issue of legal bulletin of the Law Office of Adam Polowiec.What you will find here is some information about the new provisions of law and the projects of amendments to acts, but also case-laws including the case laws of Supreme Court, Constitutional Tribunal and European Court of Justice.\" \/>\n<meta property=\"og:url\" content=\"https:\/\/polowiec.pl\/en\/legal-bulletin-of-the-law-office-of-adam-polowiec-9-july-2018-22-july-2018\/\" \/>\n<meta property=\"og:site_name\" content=\"Polowiec i Wsp\u00f3lnicy - Kancelaria prawna\" \/>\n<meta property=\"article:publisher\" content=\"https:\/\/www.facebook.com\/polowieciwspolnicy\/\" \/>\n<meta property=\"article:published_time\" content=\"2018-08-02T07:38:42+00:00\" \/>\n<meta property=\"article:modified_time\" content=\"2019-04-18T16:12:15+00:00\" \/>\n<meta name=\"author\" content=\"Monika\" \/>\n<meta name=\"twitter:card\" content=\"summary_large_image\" \/>\n<meta name=\"twitter:label1\" content=\"Written by\" \/>\n\t<meta name=\"twitter:data1\" content=\"Monika\" \/>\n\t<meta name=\"twitter:label2\" content=\"Est. reading time\" \/>\n\t<meta name=\"twitter:data2\" content=\"22 minutes\" \/>\n<script type=\"application\/ld+json\" class=\"yoast-schema-graph\">{\"@context\":\"https:\/\/schema.org\",\"@graph\":[{\"@type\":\"Article\",\"@id\":\"https:\/\/polowiec.pl\/en\/legal-bulletin-of-the-law-office-of-adam-polowiec-9-july-2018-22-july-2018\/#article\",\"isPartOf\":{\"@id\":\"https:\/\/polowiec.pl\/en\/legal-bulletin-of-the-law-office-of-adam-polowiec-9-july-2018-22-july-2018\/\"},\"author\":{\"name\":\"Monika\",\"@id\":\"https:\/\/polowiec.pl\/en\/#\/schema\/person\/6178ac96ba1d4d590993734f8a0a6539\"},\"headline\":\"Legal Bulletin Of The Law Office Of Adam Polowiec (9 July 2018 \u2013 22 July 2018)\",\"datePublished\":\"2018-08-02T07:38:42+00:00\",\"dateModified\":\"2019-04-18T16:12:15+00:00\",\"mainEntityOfPage\":{\"@id\":\"https:\/\/polowiec.pl\/en\/legal-bulletin-of-the-law-office-of-adam-polowiec-9-july-2018-22-july-2018\/\"},\"wordCount\":4456,\"publisher\":{\"@id\":\"https:\/\/polowiec.pl\/en\/#organization\"},\"articleSection\":[\"Wpisy\"],\"inLanguage\":\"en-US\"},{\"@type\":\"WebPage\",\"@id\":\"https:\/\/polowiec.pl\/en\/legal-bulletin-of-the-law-office-of-adam-polowiec-9-july-2018-22-july-2018\/\",\"url\":\"https:\/\/polowiec.pl\/en\/legal-bulletin-of-the-law-office-of-adam-polowiec-9-july-2018-22-july-2018\/\",\"name\":\"Legal Bulletin Of The Law Office Of Adam Polowiec (9 July 2018 \u2013 22 July 2018) - Polowiec i Wsp\u00f3lnicy - Kancelaria prawna\",\"isPartOf\":{\"@id\":\"https:\/\/polowiec.pl\/en\/#website\"},\"datePublished\":\"2018-08-02T07:38:42+00:00\",\"dateModified\":\"2019-04-18T16:12:15+00:00\",\"breadcrumb\":{\"@id\":\"https:\/\/polowiec.pl\/en\/legal-bulletin-of-the-law-office-of-adam-polowiec-9-july-2018-22-july-2018\/#breadcrumb\"},\"inLanguage\":\"en-US\",\"potentialAction\":[{\"@type\":\"ReadAction\",\"target\":[\"https:\/\/polowiec.pl\/en\/legal-bulletin-of-the-law-office-of-adam-polowiec-9-july-2018-22-july-2018\/\"]}]},{\"@type\":\"BreadcrumbList\",\"@id\":\"https:\/\/polowiec.pl\/en\/legal-bulletin-of-the-law-office-of-adam-polowiec-9-july-2018-22-july-2018\/#breadcrumb\",\"itemListElement\":[{\"@type\":\"ListItem\",\"position\":1,\"name\":\"Strona g\u0142\u00f3wna\",\"item\":\"https:\/\/polowiec.pl\/en\/\"},{\"@type\":\"ListItem\",\"position\":2,\"name\":\"Legal Bulletin Of The Law Office Of Adam Polowiec (9 July 2018 \u2013 22 July 2018)\"}]},{\"@type\":\"WebSite\",\"@id\":\"https:\/\/polowiec.pl\/en\/#website\",\"url\":\"https:\/\/polowiec.pl\/en\/\",\"name\":\"Polowiec i Wsp\u00f3lnicy - Kancelaria prawna\",\"description\":\"Obs\u0142uga prawna\",\"publisher\":{\"@id\":\"https:\/\/polowiec.pl\/en\/#organization\"},\"potentialAction\":[{\"@type\":\"SearchAction\",\"target\":{\"@type\":\"EntryPoint\",\"urlTemplate\":\"https:\/\/polowiec.pl\/en\/?s={search_term_string}\"},\"query-input\":{\"@type\":\"PropertyValueSpecification\",\"valueRequired\":true,\"valueName\":\"search_term_string\"}}],\"inLanguage\":\"en-US\"},{\"@type\":\"Organization\",\"@id\":\"https:\/\/polowiec.pl\/en\/#organization\",\"name\":\"Polowiec i Wsp\u00f3lnicy - Kancelaria prawna\",\"url\":\"https:\/\/polowiec.pl\/en\/\",\"logo\":{\"@type\":\"ImageObject\",\"inLanguage\":\"en-US\",\"@id\":\"https:\/\/polowiec.pl\/en\/#\/schema\/logo\/image\/\",\"url\":\"https:\/\/polowiec.pl\/wp-content\/uploads\/2018\/10\/polowiec_logo2-1.png\",\"contentUrl\":\"https:\/\/polowiec.pl\/wp-content\/uploads\/2018\/10\/polowiec_logo2-1.png\",\"width\":540,\"height\":381,\"caption\":\"Polowiec i Wsp\u00f3lnicy - Kancelaria prawna\"},\"image\":{\"@id\":\"https:\/\/polowiec.pl\/en\/#\/schema\/logo\/image\/\"},\"sameAs\":[\"https:\/\/www.facebook.com\/polowieciwspolnicy\/\",\"https:\/\/www.linkedin.com\/company\/polowiec-i-wsplnicy-sp.j.\/about\/\"]},{\"@type\":\"Person\",\"@id\":\"https:\/\/polowiec.pl\/en\/#\/schema\/person\/6178ac96ba1d4d590993734f8a0a6539\",\"name\":\"Monika\",\"image\":{\"@type\":\"ImageObject\",\"inLanguage\":\"en-US\",\"@id\":\"https:\/\/secure.gravatar.com\/avatar\/525d12775156493d0259a4384e9f7b0a0e6cc1c583cc1d0ae144bd6ca07140ea?s=96&d=mm&r=g\",\"url\":\"https:\/\/secure.gravatar.com\/avatar\/525d12775156493d0259a4384e9f7b0a0e6cc1c583cc1d0ae144bd6ca07140ea?s=96&d=mm&r=g\",\"contentUrl\":\"https:\/\/secure.gravatar.com\/avatar\/525d12775156493d0259a4384e9f7b0a0e6cc1c583cc1d0ae144bd6ca07140ea?s=96&d=mm&r=g\",\"caption\":\"Monika\"}}]}<\/script>\n<!-- \/ Yoast SEO plugin. -->","yoast_head_json":{"title":"Legal Bulletin Of The Law Office Of Adam Polowiec (9 July 2018 \u2013 22 July 2018) - Polowiec i Wsp\u00f3lnicy - Kancelaria prawna","robots":{"index":"index","follow":"follow","max-snippet":"max-snippet:-1","max-image-preview":"max-image-preview:large","max-video-preview":"max-video-preview:-1"},"canonical":"https:\/\/polowiec.pl\/en\/legal-bulletin-of-the-law-office-of-adam-polowiec-9-july-2018-22-july-2018\/","og_locale":"en_US","og_type":"article","og_title":"Legal Bulletin Of The Law Office Of Adam Polowiec (9 July 2018 \u2013 22 July 2018) - Polowiec i Wsp\u00f3lnicy - Kancelaria prawna","og_description":"We would like to present the next issue of legal bulletin of the Law Office of Adam Polowiec.What you will find here is some information about the new provisions of law and the projects of amendments to acts, but also case-laws including the case laws of Supreme Court, Constitutional Tribunal and European Court of Justice.","og_url":"https:\/\/polowiec.pl\/en\/legal-bulletin-of-the-law-office-of-adam-polowiec-9-july-2018-22-july-2018\/","og_site_name":"Polowiec i Wsp\u00f3lnicy - Kancelaria prawna","article_publisher":"https:\/\/www.facebook.com\/polowieciwspolnicy\/","article_published_time":"2018-08-02T07:38:42+00:00","article_modified_time":"2019-04-18T16:12:15+00:00","author":"Monika","twitter_card":"summary_large_image","twitter_misc":{"Written by":"Monika","Est. reading time":"22 minutes"},"schema":{"@context":"https:\/\/schema.org","@graph":[{"@type":"Article","@id":"https:\/\/polowiec.pl\/en\/legal-bulletin-of-the-law-office-of-adam-polowiec-9-july-2018-22-july-2018\/#article","isPartOf":{"@id":"https:\/\/polowiec.pl\/en\/legal-bulletin-of-the-law-office-of-adam-polowiec-9-july-2018-22-july-2018\/"},"author":{"name":"Monika","@id":"https:\/\/polowiec.pl\/en\/#\/schema\/person\/6178ac96ba1d4d590993734f8a0a6539"},"headline":"Legal Bulletin Of The Law Office Of Adam Polowiec (9 July 2018 \u2013 22 July 2018)","datePublished":"2018-08-02T07:38:42+00:00","dateModified":"2019-04-18T16:12:15+00:00","mainEntityOfPage":{"@id":"https:\/\/polowiec.pl\/en\/legal-bulletin-of-the-law-office-of-adam-polowiec-9-july-2018-22-july-2018\/"},"wordCount":4456,"publisher":{"@id":"https:\/\/polowiec.pl\/en\/#organization"},"articleSection":["Wpisy"],"inLanguage":"en-US"},{"@type":"WebPage","@id":"https:\/\/polowiec.pl\/en\/legal-bulletin-of-the-law-office-of-adam-polowiec-9-july-2018-22-july-2018\/","url":"https:\/\/polowiec.pl\/en\/legal-bulletin-of-the-law-office-of-adam-polowiec-9-july-2018-22-july-2018\/","name":"Legal Bulletin Of The Law Office Of Adam Polowiec (9 July 2018 \u2013 22 July 2018) - Polowiec i Wsp\u00f3lnicy - Kancelaria prawna","isPartOf":{"@id":"https:\/\/polowiec.pl\/en\/#website"},"datePublished":"2018-08-02T07:38:42+00:00","dateModified":"2019-04-18T16:12:15+00:00","breadcrumb":{"@id":"https:\/\/polowiec.pl\/en\/legal-bulletin-of-the-law-office-of-adam-polowiec-9-july-2018-22-july-2018\/#breadcrumb"},"inLanguage":"en-US","potentialAction":[{"@type":"ReadAction","target":["https:\/\/polowiec.pl\/en\/legal-bulletin-of-the-law-office-of-adam-polowiec-9-july-2018-22-july-2018\/"]}]},{"@type":"BreadcrumbList","@id":"https:\/\/polowiec.pl\/en\/legal-bulletin-of-the-law-office-of-adam-polowiec-9-july-2018-22-july-2018\/#breadcrumb","itemListElement":[{"@type":"ListItem","position":1,"name":"Strona g\u0142\u00f3wna","item":"https:\/\/polowiec.pl\/en\/"},{"@type":"ListItem","position":2,"name":"Legal Bulletin Of The Law Office Of Adam Polowiec (9 July 2018 \u2013 22 July 2018)"}]},{"@type":"WebSite","@id":"https:\/\/polowiec.pl\/en\/#website","url":"https:\/\/polowiec.pl\/en\/","name":"Polowiec i Wsp\u00f3lnicy - Kancelaria prawna","description":"Obs\u0142uga prawna","publisher":{"@id":"https:\/\/polowiec.pl\/en\/#organization"},"potentialAction":[{"@type":"SearchAction","target":{"@type":"EntryPoint","urlTemplate":"https:\/\/polowiec.pl\/en\/?s={search_term_string}"},"query-input":{"@type":"PropertyValueSpecification","valueRequired":true,"valueName":"search_term_string"}}],"inLanguage":"en-US"},{"@type":"Organization","@id":"https:\/\/polowiec.pl\/en\/#organization","name":"Polowiec i Wsp\u00f3lnicy - Kancelaria prawna","url":"https:\/\/polowiec.pl\/en\/","logo":{"@type":"ImageObject","inLanguage":"en-US","@id":"https:\/\/polowiec.pl\/en\/#\/schema\/logo\/image\/","url":"https:\/\/polowiec.pl\/wp-content\/uploads\/2018\/10\/polowiec_logo2-1.png","contentUrl":"https:\/\/polowiec.pl\/wp-content\/uploads\/2018\/10\/polowiec_logo2-1.png","width":540,"height":381,"caption":"Polowiec i Wsp\u00f3lnicy - Kancelaria prawna"},"image":{"@id":"https:\/\/polowiec.pl\/en\/#\/schema\/logo\/image\/"},"sameAs":["https:\/\/www.facebook.com\/polowieciwspolnicy\/","https:\/\/www.linkedin.com\/company\/polowiec-i-wsplnicy-sp.j.\/about\/"]},{"@type":"Person","@id":"https:\/\/polowiec.pl\/en\/#\/schema\/person\/6178ac96ba1d4d590993734f8a0a6539","name":"Monika","image":{"@type":"ImageObject","inLanguage":"en-US","@id":"https:\/\/secure.gravatar.com\/avatar\/525d12775156493d0259a4384e9f7b0a0e6cc1c583cc1d0ae144bd6ca07140ea?s=96&d=mm&r=g","url":"https:\/\/secure.gravatar.com\/avatar\/525d12775156493d0259a4384e9f7b0a0e6cc1c583cc1d0ae144bd6ca07140ea?s=96&d=mm&r=g","contentUrl":"https:\/\/secure.gravatar.com\/avatar\/525d12775156493d0259a4384e9f7b0a0e6cc1c583cc1d0ae144bd6ca07140ea?s=96&d=mm&r=g","caption":"Monika"}}]}},"_links":{"self":[{"href":"https:\/\/polowiec.pl\/en\/wp-json\/wp\/v2\/posts\/875","targetHints":{"allow":["GET"]}}],"collection":[{"href":"https:\/\/polowiec.pl\/en\/wp-json\/wp\/v2\/posts"}],"about":[{"href":"https:\/\/polowiec.pl\/en\/wp-json\/wp\/v2\/types\/post"}],"author":[{"embeddable":true,"href":"https:\/\/polowiec.pl\/en\/wp-json\/wp\/v2\/users\/4"}],"replies":[{"embeddable":true,"href":"https:\/\/polowiec.pl\/en\/wp-json\/wp\/v2\/comments?post=875"}],"version-history":[{"count":0,"href":"https:\/\/polowiec.pl\/en\/wp-json\/wp\/v2\/posts\/875\/revisions"}],"wp:attachment":[{"href":"https:\/\/polowiec.pl\/en\/wp-json\/wp\/v2\/media?parent=875"}],"wp:term":[{"taxonomy":"category","embeddable":true,"href":"https:\/\/polowiec.pl\/en\/wp-json\/wp\/v2\/categories?post=875"},{"taxonomy":"post_tag","embeddable":true,"href":"https:\/\/polowiec.pl\/en\/wp-json\/wp\/v2\/tags?post=875"}],"curies":[{"name":"wp","href":"https:\/\/api.w.org\/{rel}","templated":true}]}}